{"id":156485,"date":"2021-06-30T20:39:04","date_gmt":"2021-06-30T20:39:04","guid":{"rendered":"http:\/\/candas365.es\/noticias\/?p=156485"},"modified":"2021-06-30T20:39:04","modified_gmt":"2021-06-30T20:39:04","slug":"xx-colonia-musical-en-candas","status":"publish","type":"post","link":"https:\/\/candas365.es\/noticias\/xx-colonia-musical-en-candas\/","title":{"rendered":"XX Colonia Musical en Cand\u00e1s"},"content":{"rendered":"<p><img fetchpriority=\"high\" decoding=\"async\" class=\"alignleft size-medium wp-image-148867\" src=\"https:\/\/candas365.es\/noticias\/wp-content\/uploads\/2020\/11\/music-sheet-5117328_640-360x242.jpg\" alt=\"\" width=\"360\" height=\"242\" srcset=\"https:\/\/candas365.es\/noticias\/wp-content\/uploads\/2020\/11\/music-sheet-5117328_640-360x242.jpg 360w, https:\/\/candas365.es\/noticias\/wp-content\/uploads\/2020\/11\/music-sheet-5117328_640.jpg 640w\" sizes=\"(max-width: 360px) 100vw, 360px\" \/>Del 1 al 9 de julio, <a href=\"https:\/\/candas365.es\/noticias\/category\/noticias-carreno\/\" target=\"_blank\" rel=\"noopener\"><span style=\"color: #ff6600;\"><strong>Cand\u00e1s<\/strong><\/span><\/a> volver\u00e1 a convertirse en el epicentro de la m\u00fasica Infantil y Juvenil de Asturias a trav\u00e9s de la celebraci\u00f3n de la <strong>XX Colonia Musical que organiza la Escuela Municipal de M\u00fasica \u201cMiguel Barrosa\u201d<\/strong>.<\/p>\n<p>\u201cDe la mano del director de la Escuela, David Colado, y a su vez, tambi\u00e9n director de la Banda Sinf\u00f3nica Infantil y Juvenil del Principado de <span style=\"color: #ff6600;\"><a style=\"color: #ff6600;\" href=\"https:\/\/www.eldigitaldeasturias.com\/noticias\/\" target=\"_blank\" rel=\"noopener\"><strong>Asturias<\/strong> <\/a><\/span>(BSIJPA), esos d\u00edas, tras la suspensi\u00f3n de su actividad el verano pasado, se pondr\u00e1 en marcha el nuevo proyecto musical de la Banda para el cuso 2021-2022. Un proyecto educativo que, a trav\u00e9s de la pr\u00e1ctica instrumental grupal, sentar\u00e1 las bases para el desarrollo de un repertorio que se desarrollar\u00e1 y tendr\u00e1 continuidad en el pr\u00f3ximo curso escolar\u201d coment\u00f3 Beatriz Fern\u00e1ndez -Concejala de Educaci\u00f3n.<\/p>\n<p>\u201cEl objetivo de la Colonia es ofrecer al alumnado joven de estudios musicales la pr\u00e1ctica colectiva musical, partiendo de obras con una dificultad adecuada a su nivel ampliar el desarrollo de sus capacidades y conocimientos. Adem\u00e1s de darles a conocer distintos repertorios y compositores\/as que les permita ganar conocimiento y experiencia en distintas situaciones. Como novedad, en esta edici\u00f3n, queremos dar cabida, tambi\u00e9n, a un perfil de m\u00fasico\/a m\u00e1s adulto\/a, que en los \u00faltimos a\u00f1os est\u00e1 demandando su espacio en las agrupaciones de las escuelas\u201d se\u00f1al\u00f3 Bego\u00f1a V\u00e1zquez- coordinadora de la Colonia Musical y jefa de Estudios de la Escuela de M\u00fasica Municipal.<\/p>\n<p>\u201cLos centros musicales en general est\u00e1n experimentando un aumento del alumnado mayor de 30 a\u00f1os que empieza o retoma su andadura musical, disfrutando as\u00ed de una experiencia creativa que, en muchos casos se queda en el aula instrumental al estar las agrupaciones actuales m\u00e1s pensadas para el alumnado m\u00e1s joven. Por lo que nos gustar\u00eda iniciar el proyecto \u201cBanda Senior\u201d orientado a este alumnado creciente que necesita un espacio propio donde compartir su actividad musical con iguales y como colaboradores puntuales en la actividad de la BSIJPA\u201d prosigui\u00f3 la Coordinadora de la Actividad<\/p>\n<p>Esta nueva agrupaci\u00f3n se inicia en la BSIJPA pero con la pretensi\u00f3n de que se forme como grupo independiente y puntualmente como grupo colaborador de la Banda Juvenil en algunas programaciones.<\/p>\n<p>Los instrumentos que estar\u00e1n presentes en la XX Colonia Musical ser\u00e1n instrumentos de viento-madera y viento-metal (flauta, clarinete saxof\u00f3n, oboe, fagot, trompeta, trompa, tromb\u00f3n-tuba), violoncello, contrabajo y percusi\u00f3n. Para el desarrollo de las actividades se contar\u00e1 con el profesorado de la Escuela de M\u00fasica \u201cMiguel Barrosa\u201d.<\/p>\n<p>\u201cDesde hace 20 a\u00f1os la Escuela de M\u00fasica Municipal \u201cMiguel Barrosa\u201d viene desarrollando la \u201cColonia Musical\u201d, adapt\u00e1ndose a las diferentes circunstancias sociales y a las demandas del alumnado que asiste. Se pretende no s\u00f3lo la creaci\u00f3n de una escuela de verano dedicada a la m\u00fasica, si no la creaci\u00f3n de un proyecto pedag\u00f3gico y metodol\u00f3gico que se adapta a las edades del alumnado\u201d reflej\u00f3 la Edil.<\/p>\n<p>La XX edici\u00f3n de la Colonia Musical tendr\u00e1 lugar del 1 al 9 de julio, excepto el s\u00e1bado 3 y domingo 4. Podr\u00e1n participar alumnado de todas las edades y niveles a partir del primer curso de instrumento<\/p>\n<p>&nbsp;<\/p>\n","protected":false},"excerpt":{"rendered":"<p>Del 1 al 9 de julio, Cand\u00e1s volver\u00e1 a convertirse en el epicentro de la m\u00fasica Infantil y Juvenil de Asturias a trav\u00e9s de la celebraci\u00f3n de la XX Colonia Musical que organiza la Escuela Municipal de M\u00fasica \u201cMiguel Barrosa\u201d. \u201cDe la mano del director de la Escuela, David Colado, y a su vez, tambi\u00e9n<\/p>\n","protected":false},"author":1,"featured_media":148867,"comment_status":"closed","ping_status":"closed","sticky":false,"template":"","format":"standard","meta":{"footnotes":""},"categories":[2],"tags":[],"class_list":{"0":"post-156485","1":"post","2":"type-post","3":"status-publish","4":"format-standard","5":"has-post-thumbnail","7":"category-noticias-carreno"},"aioseo_notices":[],"aioseo_head":"\n\t\t<!-- All in One SEO Pro 4.9.6.2 - aioseo.com -->\n\t<meta name=\"description\" content=\"Del 1 al 9 de julio, Cand\u00e1s volver\u00e1 a convertirse en el epicentro de la m\u00fasica Infantil y Juvenil de Asturias a trav\u00e9s de la celebraci\u00f3n de la XX Colonia Musical\" \/>\n\t<meta name=\"robots\" content=\"max-image-preview:large\" \/>\n\t<meta name=\"author\" content=\"Cand\u00e1s 365\"\/>\n\t<meta name=\"google-site-verification\" content=\"UA-32230408-1\" \/>\n\t<meta name=\"msvalidate.01\" content=\"354F3CDFB2DA171B47FBE9ABF1F88D5\" \/>\n\t<meta name=\"keywords\" content=\"noticias carre\u00f1o\" \/>\n\t<link rel=\"canonical\" href=\"https:\/\/candas365.es\/noticias\/xx-colonia-musical-en-candas\/\" \/>\n\t<meta name=\"generator\" content=\"All in One SEO Pro (AIOSEO) 4.9.6.2\" \/>\n\t\t<meta property=\"og:locale\" content=\"es_ES\" \/>\n\t\t<meta property=\"og:site_name\" content=\"Cand\u00e1s 365\" \/>\n\t\t<meta property=\"og:type\" content=\"article\" \/>\n\t\t<meta property=\"og:title\" content=\"XX Colonia Musical en Cand\u00e1s | Cand\u00e1s 365\" \/>\n\t\t<meta property=\"og:description\" content=\"Del 1 al 9 de julio, Cand\u00e1s volver\u00e1 a convertirse en el epicentro de la m\u00fasica Infantil y Juvenil de Asturias a trav\u00e9s de la celebraci\u00f3n de la XX Colonia Musical\" \/>\n\t\t<meta property=\"og:url\" content=\"https:\/\/candas365.es\/noticias\/xx-colonia-musical-en-candas\/\" \/>\n\t\t<meta property=\"og:image\" content=\"https:\/\/candas365.es\/noticias\/wp-content\/uploads\/2020\/11\/music-sheet-5117328_640.jpg\" \/>\n\t\t<meta property=\"og:image:secure_url\" content=\"https:\/\/candas365.es\/noticias\/wp-content\/uploads\/2020\/11\/music-sheet-5117328_640.jpg\" \/>\n\t\t<meta property=\"og:image:width\" content=\"640\" \/>\n\t\t<meta property=\"og:image:height\" content=\"430\" \/>\n\t\t<meta property=\"article:published_time\" content=\"2021-06-30T20:39:04+00:00\" \/>\n\t\t<meta property=\"article:modified_time\" content=\"2021-06-30T20:39:04+00:00\" \/>\n\t\t<meta property=\"article:publisher\" content=\"https:\/\/www.facebook.com\/Nachofdezber\" \/>\n\t\t<meta property=\"article:author\" content=\"https:\/\/www.facebook.com\/carrenoactualidad\" \/>\n\t\t<meta name=\"twitter:card\" content=\"summary_large_image\" \/>\n\t\t<meta name=\"twitter:site\" content=\"@NabercoDigital\" \/>\n\t\t<meta name=\"twitter:title\" content=\"XX Colonia Musical en Cand\u00e1s | Cand\u00e1s 365\" \/>\n\t\t<meta name=\"twitter:description\" content=\"Del 1 al 9 de julio, Cand\u00e1s volver\u00e1 a convertirse en el epicentro de la m\u00fasica Infantil y Juvenil de Asturias a trav\u00e9s de la celebraci\u00f3n de la XX Colonia Musical\" \/>\n\t\t<meta name=\"twitter:creator\" content=\"@nbasturias\" \/>\n\t\t<meta name=\"twitter:image\" content=\"https:\/\/candas365.es\/noticias\/wp-content\/uploads\/2020\/11\/music-sheet-5117328_640.jpg\" \/>\n\t\t<meta name=\"twitter:label1\" content=\"Escrito por\" \/>\n\t\t<meta name=\"twitter:data1\" content=\"Cand\u00e1s 365\" \/>\n\t\t<meta name=\"twitter:label2\" content=\"Tiempo de lectura estimado\" \/>\n\t\t<meta name=\"twitter:data2\" content=\"3 minutos\" \/>\n\t\t<script type=\"application\/ld+json\" class=\"aioseo-schema\">\n\t\t\t{\"@context\":\"https:\\\/\\\/schema.org\",\"@graph\":[{\"@type\":\"BreadcrumbList\",\"@id\":\"https:\\\/\\\/candas365.es\\\/noticias\\\/xx-colonia-musical-en-candas\\\/#breadcrumblist\",\"itemListElement\":[{\"@type\":\"ListItem\",\"@id\":\"https:\\\/\\\/candas365.es\\\/noticias#listItem\",\"position\":1,\"name\":\"Home\",\"item\":\"https:\\\/\\\/candas365.es\\\/noticias\",\"nextItem\":{\"@type\":\"ListItem\",\"@id\":\"https:\\\/\\\/candas365.es\\\/noticias\\\/category\\\/noticias-carreno\\\/#listItem\",\"name\":\"Noticias Carre\\u00f1o\"}},{\"@type\":\"ListItem\",\"@id\":\"https:\\\/\\\/candas365.es\\\/noticias\\\/category\\\/noticias-carreno\\\/#listItem\",\"position\":2,\"name\":\"Noticias Carre\\u00f1o\",\"item\":\"https:\\\/\\\/candas365.es\\\/noticias\\\/category\\\/noticias-carreno\\\/\",\"nextItem\":{\"@type\":\"ListItem\",\"@id\":\"https:\\\/\\\/candas365.es\\\/noticias\\\/xx-colonia-musical-en-candas\\\/#listItem\",\"name\":\"XX Colonia Musical en Cand\\u00e1s\"},\"previousItem\":{\"@type\":\"ListItem\",\"@id\":\"https:\\\/\\\/candas365.es\\\/noticias#listItem\",\"name\":\"Home\"}},{\"@type\":\"ListItem\",\"@id\":\"https:\\\/\\\/candas365.es\\\/noticias\\\/xx-colonia-musical-en-candas\\\/#listItem\",\"position\":3,\"name\":\"XX Colonia Musical en Cand\\u00e1s\",\"previousItem\":{\"@type\":\"ListItem\",\"@id\":\"https:\\\/\\\/candas365.es\\\/noticias\\\/category\\\/noticias-carreno\\\/#listItem\",\"name\":\"Noticias Carre\\u00f1o\"}}]},{\"@type\":\"NewsArticle\",\"@id\":\"https:\\\/\\\/candas365.es\\\/noticias\\\/xx-colonia-musical-en-candas\\\/#newsarticle\",\"name\":\"XX Colonia Musical en Cand\\u00e1s | Cand\\u00e1s 365\",\"headline\":\"XX Colonia Musical en Cand\\u00e1s\",\"author\":{\"@id\":\"https:\\\/\\\/candas365.es\\\/noticias\\\/author\\\/admin\\\/#author\"},\"publisher\":{\"@id\":\"https:\\\/\\\/candas365.es\\\/noticias\\\/#organization\"},\"image\":{\"@type\":\"ImageObject\",\"url\":\"https:\\\/\\\/candas365.es\\\/noticias\\\/wp-content\\\/uploads\\\/2020\\\/11\\\/music-sheet-5117328_640.jpg\",\"width\":640,\"height\":430},\"datePublished\":\"2021-06-30T20:39:04+02:00\",\"dateModified\":\"2021-06-30T20:39:04+02:00\",\"inLanguage\":\"es-ES\",\"mainEntityOfPage\":{\"@id\":\"https:\\\/\\\/candas365.es\\\/noticias\\\/xx-colonia-musical-en-candas\\\/#webpage\"},\"isPartOf\":{\"@id\":\"https:\\\/\\\/candas365.es\\\/noticias\\\/xx-colonia-musical-en-candas\\\/#webpage\"},\"articleSection\":\"Noticias Carre\\u00f1o\",\"dateline\":\"Publicado el junio 30, 2021.\"},{\"@type\":\"Organization\",\"@id\":\"https:\\\/\\\/candas365.es\\\/noticias\\\/#organization\",\"name\":\"Cand\\u00e1s 365\",\"description\":\"Cand\\u00e1s 365 es un diario digital independiente, fundado en 2012, con base en Asturias. Informamos con rigor sobre actualidad, sociedad, cultura y ocio, con una mirada local y global.\",\"url\":\"https:\\\/\\\/candas365.es\\\/noticias\\\/\",\"email\":\"info@candas365.es\",\"telephone\":\"+34652131393\",\"foundingDate\":\"2012-06-10\",\"logo\":{\"@type\":\"ImageObject\",\"url\":\"https:\\\/\\\/candas365.es\\\/noticias\\\/wp-content\\\/uploads\\\/2024\\\/09\\\/Candas-365-Redes.jpg\",\"@id\":\"https:\\\/\\\/candas365.es\\\/noticias\\\/xx-colonia-musical-en-candas\\\/#organizationLogo\",\"width\":1152,\"height\":864,\"caption\":\"Cand\\u00e1s 365 Redes\"},\"image\":{\"@id\":\"https:\\\/\\\/candas365.es\\\/noticias\\\/xx-colonia-musical-en-candas\\\/#organizationLogo\"},\"sameAs\":[\"https:\\\/\\\/www.facebook.com\\\/Nachofdezber\",\"https:\\\/\\\/x.com\\\/NabercoDigital\",\"https:\\\/\\\/www.instagram.com\\\/nachofdezber\\\/\",\"https:\\\/\\\/www.youtube.com\\\/channel\\\/UCZP-2wLEB9Rv6erhFmqVnvg\"],\"address\":{\"@id\":\"https:\\\/\\\/candas365.es\\\/noticias\\\/#postaladdress\",\"@type\":\"PostalAddress\",\"streetAddress\":\"san antonio 4, san antonio 4\",\"postalCode\":\"33430\",\"addressLocality\":\"Cand\\u00e1s\",\"addressRegion\":\"Asturias\",\"addressCountry\":\"ES\"}},{\"@type\":\"Person\",\"@id\":\"https:\\\/\\\/candas365.es\\\/noticias\\\/author\\\/admin\\\/#author\",\"url\":\"https:\\\/\\\/candas365.es\\\/noticias\\\/author\\\/admin\\\/\",\"name\":\"Cand\\u00e1s 365\",\"image\":{\"@type\":\"ImageObject\",\"@id\":\"https:\\\/\\\/candas365.es\\\/noticias\\\/xx-colonia-musical-en-candas\\\/#authorImage\",\"url\":\"https:\\\/\\\/secure.gravatar.com\\\/avatar\\\/496a8e03d0c493ede1718b7934145dbdf8d89be1036b0eec9544e1094c9de390?s=96&d=mm&r=g\",\"width\":96,\"height\":96,\"caption\":\"Cand\\u00e1s 365\"},\"sameAs\":[\"https:\\\/\\\/www.facebook.com\\\/carrenoactualidad\",\"https:\\\/\\\/twitter.com\\\/nbasturias\",\"https:\\\/\\\/www.instagram.com\\\/nachofdezber\\\/\",\"https:\\\/\\\/www.youtube.com\\\/channel\\\/UCZP-2wLEB9Rv6erhFmqVnvg\"]},{\"@type\":\"WebPage\",\"@id\":\"https:\\\/\\\/candas365.es\\\/noticias\\\/xx-colonia-musical-en-candas\\\/#webpage\",\"url\":\"https:\\\/\\\/candas365.es\\\/noticias\\\/xx-colonia-musical-en-candas\\\/\",\"name\":\"XX Colonia Musical en Cand\\u00e1s | Cand\\u00e1s 365\",\"description\":\"Del 1 al 9 de julio, Cand\\u00e1s volver\\u00e1 a convertirse en el epicentro de la m\\u00fasica Infantil y Juvenil de Asturias a trav\\u00e9s de la celebraci\\u00f3n de la XX Colonia Musical\",\"inLanguage\":\"es-ES\",\"isPartOf\":{\"@id\":\"https:\\\/\\\/candas365.es\\\/noticias\\\/#website\"},\"breadcrumb\":{\"@id\":\"https:\\\/\\\/candas365.es\\\/noticias\\\/xx-colonia-musical-en-candas\\\/#breadcrumblist\"},\"author\":{\"@id\":\"https:\\\/\\\/candas365.es\\\/noticias\\\/author\\\/admin\\\/#author\"},\"creator\":{\"@id\":\"https:\\\/\\\/candas365.es\\\/noticias\\\/author\\\/admin\\\/#author\"},\"image\":{\"@type\":\"ImageObject\",\"url\":\"https:\\\/\\\/candas365.es\\\/noticias\\\/wp-content\\\/uploads\\\/2020\\\/11\\\/music-sheet-5117328_640.jpg\",\"@id\":\"https:\\\/\\\/candas365.es\\\/noticias\\\/xx-colonia-musical-en-candas\\\/#mainImage\",\"width\":640,\"height\":430},\"primaryImageOfPage\":{\"@id\":\"https:\\\/\\\/candas365.es\\\/noticias\\\/xx-colonia-musical-en-candas\\\/#mainImage\"},\"datePublished\":\"2021-06-30T20:39:04+02:00\",\"dateModified\":\"2021-06-30T20:39:04+02:00\"},{\"@type\":\"WebSite\",\"@id\":\"https:\\\/\\\/candas365.es\\\/noticias\\\/#website\",\"url\":\"https:\\\/\\\/candas365.es\\\/noticias\\\/\",\"name\":\"Cand\\u00e1s 365\",\"alternateName\":\"Cand\\u00e1s 365 Noticias\",\"description\":\"Actualidad desde Carre\\u00f1o para el mundo\",\"inLanguage\":\"es-ES\",\"publisher\":{\"@id\":\"https:\\\/\\\/candas365.es\\\/noticias\\\/#organization\"}}]}\n\t\t<\/script>\n\t\t<!-- All in One SEO Pro -->\r\n\t\t<title>XX Colonia Musical en Cand\u00e1s | Cand\u00e1s 365<\/title>\n\n","aioseo_head_json":{"title":"XX Colonia Musical en Cand\u00e1s | Cand\u00e1s 365","description":"Del 1 al 9 de julio, Cand\u00e1s volver\u00e1 a convertirse en el epicentro de la m\u00fasica Infantil y Juvenil de Asturias a trav\u00e9s de la celebraci\u00f3n de la XX Colonia Musical","canonical_url":"https:\/\/candas365.es\/noticias\/xx-colonia-musical-en-candas\/","robots":"max-image-preview:large","keywords":"noticias carre\u00f1o","webmasterTools":{"google-site-verification":"UA-32230408-1","msvalidate.01":"354F3CDFB2DA171B47FBE9ABF1F88D5","miscellaneous":""},"schema":{"@context":"https:\/\/schema.org","@graph":[{"@type":"BreadcrumbList","@id":"https:\/\/candas365.es\/noticias\/xx-colonia-musical-en-candas\/#breadcrumblist","itemListElement":[{"@type":"ListItem","@id":"https:\/\/candas365.es\/noticias#listItem","position":1,"name":"Home","item":"https:\/\/candas365.es\/noticias","nextItem":{"@type":"ListItem","@id":"https:\/\/candas365.es\/noticias\/category\/noticias-carreno\/#listItem","name":"Noticias Carre\u00f1o"}},{"@type":"ListItem","@id":"https:\/\/candas365.es\/noticias\/category\/noticias-carreno\/#listItem","position":2,"name":"Noticias Carre\u00f1o","item":"https:\/\/candas365.es\/noticias\/category\/noticias-carreno\/","nextItem":{"@type":"ListItem","@id":"https:\/\/candas365.es\/noticias\/xx-colonia-musical-en-candas\/#listItem","name":"XX Colonia Musical en Cand\u00e1s"},"previousItem":{"@type":"ListItem","@id":"https:\/\/candas365.es\/noticias#listItem","name":"Home"}},{"@type":"ListItem","@id":"https:\/\/candas365.es\/noticias\/xx-colonia-musical-en-candas\/#listItem","position":3,"name":"XX Colonia Musical en Cand\u00e1s","previousItem":{"@type":"ListItem","@id":"https:\/\/candas365.es\/noticias\/category\/noticias-carreno\/#listItem","name":"Noticias Carre\u00f1o"}}]},{"@type":"NewsArticle","@id":"https:\/\/candas365.es\/noticias\/xx-colonia-musical-en-candas\/#newsarticle","name":"XX Colonia Musical en Cand\u00e1s | Cand\u00e1s 365","headline":"XX Colonia Musical en Cand\u00e1s","author":{"@id":"https:\/\/candas365.es\/noticias\/author\/admin\/#author"},"publisher":{"@id":"https:\/\/candas365.es\/noticias\/#organization"},"image":{"@type":"ImageObject","url":"https:\/\/candas365.es\/noticias\/wp-content\/uploads\/2020\/11\/music-sheet-5117328_640.jpg","width":640,"height":430},"datePublished":"2021-06-30T20:39:04+02:00","dateModified":"2021-06-30T20:39:04+02:00","inLanguage":"es-ES","mainEntityOfPage":{"@id":"https:\/\/candas365.es\/noticias\/xx-colonia-musical-en-candas\/#webpage"},"isPartOf":{"@id":"https:\/\/candas365.es\/noticias\/xx-colonia-musical-en-candas\/#webpage"},"articleSection":"Noticias Carre\u00f1o","dateline":"Publicado el junio 30, 2021."},{"@type":"Organization","@id":"https:\/\/candas365.es\/noticias\/#organization","name":"Cand\u00e1s 365","description":"Cand\u00e1s 365 es un diario digital independiente, fundado en 2012, con base en Asturias. Informamos con rigor sobre actualidad, sociedad, cultura y ocio, con una mirada local y global.","url":"https:\/\/candas365.es\/noticias\/","email":"info@candas365.es","telephone":"+34652131393","foundingDate":"2012-06-10","logo":{"@type":"ImageObject","url":"https:\/\/candas365.es\/noticias\/wp-content\/uploads\/2024\/09\/Candas-365-Redes.jpg","@id":"https:\/\/candas365.es\/noticias\/xx-colonia-musical-en-candas\/#organizationLogo","width":1152,"height":864,"caption":"Cand\u00e1s 365 Redes"},"image":{"@id":"https:\/\/candas365.es\/noticias\/xx-colonia-musical-en-candas\/#organizationLogo"},"sameAs":["https:\/\/www.facebook.com\/Nachofdezber","https:\/\/x.com\/NabercoDigital","https:\/\/www.instagram.com\/nachofdezber\/","https:\/\/www.youtube.com\/channel\/UCZP-2wLEB9Rv6erhFmqVnvg"],"address":{"@id":"https:\/\/candas365.es\/noticias\/#postaladdress","@type":"PostalAddress","streetAddress":"san antonio 4, san antonio 4","postalCode":"33430","addressLocality":"Cand\u00e1s","addressRegion":"Asturias","addressCountry":"ES"}},{"@type":"Person","@id":"https:\/\/candas365.es\/noticias\/author\/admin\/#author","url":"https:\/\/candas365.es\/noticias\/author\/admin\/","name":"Cand\u00e1s 365","image":{"@type":"ImageObject","@id":"https:\/\/candas365.es\/noticias\/xx-colonia-musical-en-candas\/#authorImage","url":"https:\/\/secure.gravatar.com\/avatar\/496a8e03d0c493ede1718b7934145dbdf8d89be1036b0eec9544e1094c9de390?s=96&d=mm&r=g","width":96,"height":96,"caption":"Cand\u00e1s 365"},"sameAs":["https:\/\/www.facebook.com\/carrenoactualidad","https:\/\/twitter.com\/nbasturias","https:\/\/www.instagram.com\/nachofdezber\/","https:\/\/www.youtube.com\/channel\/UCZP-2wLEB9Rv6erhFmqVnvg"]},{"@type":"WebPage","@id":"https:\/\/candas365.es\/noticias\/xx-colonia-musical-en-candas\/#webpage","url":"https:\/\/candas365.es\/noticias\/xx-colonia-musical-en-candas\/","name":"XX Colonia Musical en Cand\u00e1s | Cand\u00e1s 365","description":"Del 1 al 9 de julio, Cand\u00e1s volver\u00e1 a convertirse en el epicentro de la m\u00fasica Infantil y Juvenil de Asturias a trav\u00e9s de la celebraci\u00f3n de la XX Colonia Musical","inLanguage":"es-ES","isPartOf":{"@id":"https:\/\/candas365.es\/noticias\/#website"},"breadcrumb":{"@id":"https:\/\/candas365.es\/noticias\/xx-colonia-musical-en-candas\/#breadcrumblist"},"author":{"@id":"https:\/\/candas365.es\/noticias\/author\/admin\/#author"},"creator":{"@id":"https:\/\/candas365.es\/noticias\/author\/admin\/#author"},"image":{"@type":"ImageObject","url":"https:\/\/candas365.es\/noticias\/wp-content\/uploads\/2020\/11\/music-sheet-5117328_640.jpg","@id":"https:\/\/candas365.es\/noticias\/xx-colonia-musical-en-candas\/#mainImage","width":640,"height":430},"primaryImageOfPage":{"@id":"https:\/\/candas365.es\/noticias\/xx-colonia-musical-en-candas\/#mainImage"},"datePublished":"2021-06-30T20:39:04+02:00","dateModified":"2021-06-30T20:39:04+02:00"},{"@type":"WebSite","@id":"https:\/\/candas365.es\/noticias\/#website","url":"https:\/\/candas365.es\/noticias\/","name":"Cand\u00e1s 365","alternateName":"Cand\u00e1s 365 Noticias","description":"Actualidad desde Carre\u00f1o para el mundo","inLanguage":"es-ES","publisher":{"@id":"https:\/\/candas365.es\/noticias\/#organization"}}]},"og:locale":"es_ES","og:site_name":"Cand\u00e1s 365","og:type":"article","og:title":"XX Colonia Musical en Cand\u00e1s | Cand\u00e1s 365","og:description":"Del 1 al 9 de julio, Cand\u00e1s volver\u00e1 a convertirse en el epicentro de la m\u00fasica Infantil y Juvenil de Asturias a trav\u00e9s de la celebraci\u00f3n de la XX Colonia Musical","og:url":"https:\/\/candas365.es\/noticias\/xx-colonia-musical-en-candas\/","og:image":"https:\/\/candas365.es\/noticias\/wp-content\/uploads\/2020\/11\/music-sheet-5117328_640.jpg","og:image:secure_url":"https:\/\/candas365.es\/noticias\/wp-content\/uploads\/2020\/11\/music-sheet-5117328_640.jpg","og:image:width":640,"og:image:height":430,"article:published_time":"2021-06-30T20:39:04+00:00","article:modified_time":"2021-06-30T20:39:04+00:00","article:publisher":"https:\/\/www.facebook.com\/Nachofdezber","article:author":"https:\/\/www.facebook.com\/carrenoactualidad","twitter:card":"summary_large_image","twitter:site":"@NabercoDigital","twitter:title":"XX Colonia Musical en Cand\u00e1s | Cand\u00e1s 365","twitter:description":"Del 1 al 9 de julio, Cand\u00e1s volver\u00e1 a convertirse en el epicentro de la m\u00fasica Infantil y Juvenil de Asturias a trav\u00e9s de la celebraci\u00f3n de la XX Colonia Musical","twitter:creator":"@nbasturias","twitter:image":"https:\/\/candas365.es\/noticias\/wp-content\/uploads\/2020\/11\/music-sheet-5117328_640.jpg","twitter:label1":"Escrito por","twitter:data1":"Cand\u00e1s 365","twitter:label2":"Tiempo de lectura estimado","twitter:data2":"3 minutos"},"aioseo_meta_data":{"post_id":"156485","title":null,"description":"Del 1 al 9 de julio, Cand\u00e1s volver\u00e1 a convertirse en el epicentro de la m\u00fasica Infantil y Juvenil de Asturias a trav\u00e9s de la celebraci\u00f3n de la XX Colonia Musical","keywords":[],"keyphrases":{"focus":{"keyphrase":"Cand\u00e1s","score":80,"analysis":{"keyphraseInTitle":{"title":"Frase clave objetivo en el t\u00edtulo SEO","description":"Frase clave objetivo encontrada en el t\u00edtulo SEO.","score":9,"maxScore":9,"error":0},"keyphraseInDescription":{"title":"Frase clave objetivo en la meta descripci\u00f3n","description":"Frase clave objetivo encontrada en la meta descripci\u00f3n.","score":9,"maxScore":9,"error":0},"keyphraseInURL":{"title":"Frase clave objetivo en la URL","description":"Frase clave objetivo no encontrada en la URL.","score":1,"maxScore":5,"error":1},"keyphraseLength":{"title":"Longitud de la Frase clave objetivo","description":"\u00a1Buen trabajo!","score":9,"maxScore":9,"error":0,"length":1},"keyphraseInIntroduction":{"title":"Frase clave objetivo en la introducci\u00f3n","description":"Su Frase clave objetivo aparece en el primer p\u00e1rrafo. \u00a1Bien hecho!","score":9,"maxScore":9,"error":0},"keyphraseInSubHeadings":[],"keyphraseInImageAlt":{"title":"Frase clave objetivo en los atributos alt de la imagen.","description":"Frase clave objetivo no se encuentra en los atributos alt de la imagen. A\u00f1ada una imagen con su Frase clave objetivo como texto alternativo.","score":3,"maxScore":9,"error":1}}},"additional":[{"keyphrase":"m\u00fasica Infantil ","score":83,"analysis":{"keyphraseInDescription":{"title":"Frase clave en la meta descripci\u00f3n","description":"Frase clave encontrada en la meta descripci\u00f3n.","score":9,"maxScore":9,"error":0},"keyphraseLength":{"title":"Longitud de la Frase clave","description":"\u00a1Buen trabajo!","score":9,"maxScore":9,"error":0,"length":2},"keyphraseInIntroduction":{"title":"Frase clave en la introducci\u00f3n","description":"Su Frase clave aparece en el primer p\u00e1rrafo. \u00a1Bien hecho!","score":9,"maxScore":9,"error":0},"keyphraseInImageAlt":{"title":"Frase clave en los atributos alt de la imagen.","description":"Frase clave no se encuentra en los atributos alt de la imagen. A\u00f1ada una imagen con su Frase clave como texto alternativo.","score":3,"maxScore":9,"error":1}}},{"keyphrase":"Colonia Musical","score":83,"analysis":{"keyphraseInDescription":{"title":"Frase clave en la meta descripci\u00f3n","description":"Frase clave encontrada en la meta descripci\u00f3n.","score":9,"maxScore":9,"error":0},"keyphraseLength":{"title":"Longitud de la Frase clave","description":"\u00a1Buen trabajo!","score":9,"maxScore":9,"error":0,"length":2},"keyphraseInIntroduction":{"title":"Frase clave en la introducci\u00f3n","description":"Su Frase clave aparece en el primer p\u00e1rrafo. \u00a1Bien hecho!","score":9,"maxScore":9,"error":0},"keyphraseInImageAlt":{"title":"Frase clave en los atributos alt de la imagen.","description":"Frase clave no se encuentra en los atributos alt de la imagen. A\u00f1ada una imagen con su Frase clave como texto alternativo.","score":3,"maxScore":9,"error":1}}}]},"primary_term":null,"canonical_url":null,"og_title":null,"og_description":null,"og_object_type":"default","og_image_type":"default","og_image_url":null,"og_image_width":null,"og_image_height":null,"og_image_custom_url":null,"og_image_custom_fields":null,"og_video":"","og_custom_url":null,"og_article_section":null,"og_article_tags":[],"twitter_use_og":false,"twitter_card":"default","twitter_image_type":"default","twitter_image_url":null,"twitter_image_custom_url":null,"twitter_image_custom_fields":null,"twitter_title":null,"twitter_description":null,"schema":{"blockGraphs":[],"customGraphs":[],"default":{"data":{"Article":[],"Course":[],"Dataset":[],"FAQPage":[],"Movie":[],"Person":[],"Product":[],"ProductReview":[],"Car":[],"Recipe":[],"Service":[],"SoftwareApplication":[],"WebPage":[]},"graphName":"","isEnabled":true},"graphs":[]},"schema_type":"default","schema_type_options":"{\"article\":{\"articleType\":\"BlogPosting\"},\"course\":{\"name\":\"\",\"description\":\"\",\"provider\":\"\"},\"faq\":{\"pages\":[]},\"product\":{\"reviews\":[]},\"recipe\":{\"ingredients\":[],\"instructions\":[],\"keywords\":[]},\"software\":{\"reviews\":[],\"operatingSystems\":[]},\"webPage\":{\"webPageType\":\"WebPage\"}}","pillar_content":false,"robots_default":true,"robots_noindex":false,"robots_noarchive":false,"robots_nosnippet":false,"robots_nofollow":false,"robots_noimageindex":false,"robots_noodp":false,"robots_notranslate":false,"robots_max_snippet":"-1","robots_max_videopreview":"-1","robots_max_imagepreview":"large","priority":null,"frequency":"default","location":null,"local_seo":{"locations":{"business":{"name":"","businessType":"","image":"","areaServed":"","urls":{"website":"","aboutPage":"","contactPage":""},"address":{"streetLine1":"","streetLine2":"","zipCode":"","city":"","state":"","country":"","addressFormat":"#streetLineOne\n#streetLineTwo\n#city, #state #zipCode"},"contact":{"email":"","phone":"","phoneFormatted":"","fax":"","faxFormatted":""},"ids":{"vat":"","tax":"","chamberOfCommerce":""},"payment":{"priceRange":"","currenciesAccepted":"","methods":""}}},"openingHours":{"useDefaults":true,"show":true,"alwaysOpen":false,"use24hFormat":false,"timezone":"","labels":{"closed":"","alwaysOpen":""},"days":{"monday":{"open24h":false,"closed":false,"openTime":"09:00","closeTime":"17:00"},"tuesday":{"open24h":false,"closed":false,"openTime":"09:00","closeTime":"17:00"},"wednesday":{"open24h":false,"closed":false,"openTime":"09:00","closeTime":"17:00"},"thursday":{"open24h":false,"closed":false,"openTime":"09:00","closeTime":"17:00"},"friday":{"open24h":false,"closed":false,"openTime":"09:00","closeTime":"17:00"},"saturday":{"open24h":false,"closed":false,"openTime":"09:00","closeTime":"17:00"},"sunday":{"open24h":false,"closed":false,"openTime":"09:00","closeTime":"17:00"}}}},"seo_analyzer_scan_date":"2025-08-31 23:54:51","breadcrumb_settings":null,"limit_modified_date":false,"reviewed_by":null,"open_ai":null,"ai":null,"created":"2021-06-30 20:34:38","updated":"2025-08-31 23:54:51"},"aioseo_breadcrumb":"<div class=\"aioseo-breadcrumbs\"><span class=\"aioseo-breadcrumb\">\n\t<a href=\"https:\/\/candas365.es\/noticias\" title=\"Home\">Home<\/a>\n<\/span><span class=\"aioseo-breadcrumb-separator\">&ndash;<\/span><span class=\"aioseo-breadcrumb\">\n\t<a href=\"https:\/\/candas365.es\/noticias\/category\/noticias-carreno\/\" title=\"Noticias Carre\u00f1o\">Noticias Carre\u00f1o<\/a>\n<\/span><span class=\"aioseo-breadcrumb-separator\">&ndash;<\/span><span class=\"aioseo-breadcrumb\">\n\tXX Colonia Musical en Cand\u00e1s\n<\/span><\/div>","aioseo_breadcrumb_json":[{"label":"Home","link":"https:\/\/candas365.es\/noticias"},{"label":"Noticias Carre\u00f1o","link":"https:\/\/candas365.es\/noticias\/category\/noticias-carreno\/"},{"label":"XX Colonia Musical en Cand\u00e1s","link":"https:\/\/candas365.es\/noticias\/xx-colonia-musical-en-candas\/"}],"_links":{"self":[{"href":"https:\/\/candas365.es\/noticias\/wp-json\/wp\/v2\/posts\/156485","targetHints":{"allow":["GET"]}}],"collection":[{"href":"https:\/\/candas365.es\/noticias\/wp-json\/wp\/v2\/posts"}],"about":[{"href":"https:\/\/candas365.es\/noticias\/wp-json\/wp\/v2\/types\/post"}],"author":[{"embeddable":true,"href":"https:\/\/candas365.es\/noticias\/wp-json\/wp\/v2\/users\/1"}],"replies":[{"embeddable":true,"href":"https:\/\/candas365.es\/noticias\/wp-json\/wp\/v2\/comments?post=156485"}],"version-history":[{"count":0,"href":"https:\/\/candas365.es\/noticias\/wp-json\/wp\/v2\/posts\/156485\/revisions"}],"wp:featuredmedia":[{"embeddable":true,"href":"https:\/\/candas365.es\/noticias\/wp-json\/wp\/v2\/media\/148867"}],"wp:attachment":[{"href":"https:\/\/candas365.es\/noticias\/wp-json\/wp\/v2\/media?parent=156485"}],"wp:term":[{"taxonomy":"category","embeddable":true,"href":"https:\/\/candas365.es\/noticias\/wp-json\/wp\/v2\/categories?post=156485"},{"taxonomy":"post_tag","embeddable":true,"href":"https:\/\/candas365.es\/noticias\/wp-json\/wp\/v2\/tags?post=156485"}],"curies":[{"name":"wp","href":"https:\/\/api.w.org\/{rel}","templated":true}]}}