{"id":156340,"date":"2021-06-29T13:07:03","date_gmt":"2021-06-29T13:07:03","guid":{"rendered":"http:\/\/candas365.es\/noticias\/?p=156340"},"modified":"2021-06-29T13:07:03","modified_gmt":"2021-06-29T13:07:03","slug":"concierto-de-la-banda-de-musica-de-candas-el-4-de-julio","status":"publish","type":"post","link":"https:\/\/candas365.es\/noticias\/concierto-de-la-banda-de-musica-de-candas-el-4-de-julio\/","title":{"rendered":"Concierto de la Banda de M\u00fasica de Cand\u00e1s el 4 de julio"},"content":{"rendered":"<p>La <strong>Banda de M\u00fasica de Cand\u00e1s<\/strong> ofrecer\u00e1 el 4 de julio un concierto, dentro del convenio anual de colaboraci\u00f3n entre la entidad y el<strong> Ayuntamiento de Carre\u00f1o<\/strong> por el que se fijan una serie de conciertos gratuitos para el disfrute de la vecindad<\/p>\n<p><img fetchpriority=\"high\" decoding=\"async\" class=\"aligncenter wp-image-156341 size-full\" src=\"https:\/\/candas365.es\/noticias\/wp-content\/uploads\/2021\/06\/music.jpg\" alt=\"m\u00fasica\" width=\"640\" height=\"427\" srcset=\"https:\/\/candas365.es\/noticias\/wp-content\/uploads\/2021\/06\/music.jpg 640w, https:\/\/candas365.es\/noticias\/wp-content\/uploads\/2021\/06\/music-360x240.jpg 360w\" sizes=\"(max-width: 640px) 100vw, 640px\" \/><\/p>\n<p>Bajo la direcci\u00f3n de David Moen la \u201cBanda\u201d interpretar\u00e1 una selecci\u00f3n de obras entre las que se encuentran:<\/p>\n<ul>\n<li>\u00a0\u201cCaballer\u00eda Ligera\u201d de F. von Supp\u00e9.<\/li>\n<li>\u00a0\u201dUna Noche en Granada\u201d de Emilio Cebri\u00e1n Ruiz.<\/li>\n<li>\u00a0\u201cMusica I Poble\u201d, pasadoble de concierto de Ferrer Ferr\u00e1n.<\/li>\n<li>\u00a0\u201cDon Pajarita\u201d, un pasacalle espa\u00f1ol de Ferrer Ferr\u00e1n.<\/li>\n<li>\u00a0\u201cConcerto for Clarinet\u201d de Artie Shaw.<\/li>\n<\/ul>\n<p>Este \u00faltimo concierto, antes de las vacaciones estivales de la \u201cBanda\u201d, contar\u00e1 con la participaci\u00f3n de unos m\u00fasicos muy especiales, el alumnado de clarinete de la entidad. Paralelamente a su actividad como conjunto instrumental la agrupaci\u00f3n cuenta con su propia escuela de m\u00fasica, \u201cEducando, \u00d3liver D\u00edaz Su\u00e1rez\u201d. <strong>La cual act\u00faa, no solo como centro de formaci\u00f3n, sino como vivero con el que nutrirse y garantizar su futuro<\/strong>.<\/p>\n<p>Se trata de poner en escena aquello que durante el curso escolar los y las estudiantes han adquirido, de brindarles su primera experiencia con p\u00fablico, porque en esta disciplina profesional casi tan importe es la formaci\u00f3n te\u00f3rica como la formaci\u00f3n pr\u00e1ctica.<\/p>\n<p><strong>Este nuevo concierto de la Banda de M\u00fasica de Cand\u00e1s tendr\u00e1 lugar el domingo 4 de julio a las 12:30 horas en La Antigua F\u00e1brica de Ortiz<\/strong>.<\/p>\n<p>La entrada ser\u00e1 libre y gratuita hasta completar el aforo, el cual debido a las normas sanitarias actuales es limitado. Ser\u00e1 obligatorio el uso de la mascarilla.<\/p>\n<p>&nbsp;<\/p>\n","protected":false},"excerpt":{"rendered":"<p>La Banda de M\u00fasica de Cand\u00e1s ofrecer\u00e1 el 4 de julio un concierto, dentro del convenio anual de colaboraci\u00f3n entre la entidad y el Ayuntamiento de Carre\u00f1o por el que se fijan una serie de conciertos gratuitos para el disfrute de la vecindad Bajo la direcci\u00f3n de David Moen la \u201cBanda\u201d interpretar\u00e1 una selecci\u00f3n de<\/p>\n","protected":false},"author":1,"featured_media":156341,"comment_status":"closed","ping_status":"closed","sticky":false,"template":"","format":"standard","meta":{"footnotes":""},"categories":[2],"tags":[],"class_list":{"0":"post-156340","1":"post","2":"type-post","3":"status-publish","4":"format-standard","5":"has-post-thumbnail","7":"category-noticias-carreno"},"aioseo_notices":[],"aioseo_head":"\n\t\t<!-- All in One SEO Pro 4.9.6.2 - aioseo.com -->\n\t<meta name=\"description\" content=\"La Banda de M\u00fasica de Cand\u00e1s ofrecer\u00e1 el 4 de julio un concierto, dentro del convenio anual de colaboraci\u00f3n entre la entidad y el Ayuntamiento de Carre\u00f1o\" \/>\n\t<meta name=\"robots\" content=\"max-image-preview:large\" \/>\n\t<meta name=\"author\" content=\"Cand\u00e1s 365\"\/>\n\t<meta name=\"google-site-verification\" content=\"UA-32230408-1\" \/>\n\t<meta name=\"msvalidate.01\" content=\"354F3CDFB2DA171B47FBE9ABF1F88D5\" \/>\n\t<meta name=\"keywords\" content=\"noticias carre\u00f1o\" \/>\n\t<link rel=\"canonical\" href=\"https:\/\/candas365.es\/noticias\/concierto-de-la-banda-de-musica-de-candas-el-4-de-julio\/\" \/>\n\t<meta name=\"generator\" content=\"All in One SEO Pro (AIOSEO) 4.9.6.2\" \/>\n\t\t<meta property=\"og:locale\" content=\"es_ES\" \/>\n\t\t<meta property=\"og:site_name\" content=\"Cand\u00e1s 365\" \/>\n\t\t<meta property=\"og:type\" content=\"article\" \/>\n\t\t<meta property=\"og:title\" content=\"Concierto de la Banda de M\u00fasica de Cand\u00e1s el 4 de julio | Cand\u00e1s 365\" \/>\n\t\t<meta property=\"og:description\" content=\"La Banda de M\u00fasica de Cand\u00e1s ofrecer\u00e1 el 4 de julio un concierto, dentro del convenio anual de colaboraci\u00f3n entre la entidad y el Ayuntamiento de Carre\u00f1o\" \/>\n\t\t<meta property=\"og:url\" content=\"https:\/\/candas365.es\/noticias\/concierto-de-la-banda-de-musica-de-candas-el-4-de-julio\/\" \/>\n\t\t<meta property=\"og:image\" content=\"https:\/\/candas365.es\/noticias\/wp-content\/uploads\/2021\/06\/music.jpg\" \/>\n\t\t<meta property=\"og:image:secure_url\" content=\"https:\/\/candas365.es\/noticias\/wp-content\/uploads\/2021\/06\/music.jpg\" \/>\n\t\t<meta property=\"og:image:width\" content=\"640\" \/>\n\t\t<meta property=\"og:image:height\" content=\"427\" \/>\n\t\t<meta property=\"article:published_time\" content=\"2021-06-29T13:07:03+00:00\" \/>\n\t\t<meta property=\"article:modified_time\" content=\"2021-06-29T13:07:03+00:00\" \/>\n\t\t<meta property=\"article:publisher\" content=\"https:\/\/www.facebook.com\/Nachofdezber\" \/>\n\t\t<meta property=\"article:author\" content=\"https:\/\/www.facebook.com\/carrenoactualidad\" \/>\n\t\t<meta name=\"twitter:card\" content=\"summary_large_image\" \/>\n\t\t<meta name=\"twitter:site\" content=\"@NabercoDigital\" \/>\n\t\t<meta name=\"twitter:title\" content=\"Concierto de la Banda de M\u00fasica de Cand\u00e1s el 4 de julio | Cand\u00e1s 365\" \/>\n\t\t<meta name=\"twitter:description\" content=\"La Banda de M\u00fasica de Cand\u00e1s ofrecer\u00e1 el 4 de julio un concierto, dentro del convenio anual de colaboraci\u00f3n entre la entidad y el Ayuntamiento de Carre\u00f1o\" \/>\n\t\t<meta name=\"twitter:creator\" content=\"@nbasturias\" \/>\n\t\t<meta name=\"twitter:image\" content=\"https:\/\/candas365.es\/noticias\/wp-content\/uploads\/2021\/06\/music.jpg\" \/>\n\t\t<meta name=\"twitter:label1\" content=\"Escrito por\" \/>\n\t\t<meta name=\"twitter:data1\" content=\"Cand\u00e1s 365\" \/>\n\t\t<meta name=\"twitter:label2\" content=\"Tiempo de lectura estimado\" \/>\n\t\t<meta name=\"twitter:data2\" content=\"1 minuto\" \/>\n\t\t<script type=\"application\/ld+json\" class=\"aioseo-schema\">\n\t\t\t{\"@context\":\"https:\\\/\\\/schema.org\",\"@graph\":[{\"@type\":\"BreadcrumbList\",\"@id\":\"https:\\\/\\\/candas365.es\\\/noticias\\\/concierto-de-la-banda-de-musica-de-candas-el-4-de-julio\\\/#breadcrumblist\",\"itemListElement\":[{\"@type\":\"ListItem\",\"@id\":\"https:\\\/\\\/candas365.es\\\/noticias#listItem\",\"position\":1,\"name\":\"Home\",\"item\":\"https:\\\/\\\/candas365.es\\\/noticias\",\"nextItem\":{\"@type\":\"ListItem\",\"@id\":\"https:\\\/\\\/candas365.es\\\/noticias\\\/category\\\/noticias-carreno\\\/#listItem\",\"name\":\"Noticias Carre\\u00f1o\"}},{\"@type\":\"ListItem\",\"@id\":\"https:\\\/\\\/candas365.es\\\/noticias\\\/category\\\/noticias-carreno\\\/#listItem\",\"position\":2,\"name\":\"Noticias Carre\\u00f1o\",\"item\":\"https:\\\/\\\/candas365.es\\\/noticias\\\/category\\\/noticias-carreno\\\/\",\"nextItem\":{\"@type\":\"ListItem\",\"@id\":\"https:\\\/\\\/candas365.es\\\/noticias\\\/concierto-de-la-banda-de-musica-de-candas-el-4-de-julio\\\/#listItem\",\"name\":\"Concierto de la Banda de M\\u00fasica de Cand\\u00e1s el 4 de julio\"},\"previousItem\":{\"@type\":\"ListItem\",\"@id\":\"https:\\\/\\\/candas365.es\\\/noticias#listItem\",\"name\":\"Home\"}},{\"@type\":\"ListItem\",\"@id\":\"https:\\\/\\\/candas365.es\\\/noticias\\\/concierto-de-la-banda-de-musica-de-candas-el-4-de-julio\\\/#listItem\",\"position\":3,\"name\":\"Concierto de la Banda de M\\u00fasica de Cand\\u00e1s el 4 de julio\",\"previousItem\":{\"@type\":\"ListItem\",\"@id\":\"https:\\\/\\\/candas365.es\\\/noticias\\\/category\\\/noticias-carreno\\\/#listItem\",\"name\":\"Noticias Carre\\u00f1o\"}}]},{\"@type\":\"NewsArticle\",\"@id\":\"https:\\\/\\\/candas365.es\\\/noticias\\\/concierto-de-la-banda-de-musica-de-candas-el-4-de-julio\\\/#newsarticle\",\"name\":\"Concierto de la Banda de M\\u00fasica de Cand\\u00e1s el 4 de julio | Cand\\u00e1s 365\",\"headline\":\"Concierto de la Banda de M\\u00fasica de Cand\\u00e1s el 4 de julio\",\"author\":{\"@id\":\"https:\\\/\\\/candas365.es\\\/noticias\\\/author\\\/admin\\\/#author\"},\"publisher\":{\"@id\":\"https:\\\/\\\/candas365.es\\\/noticias\\\/#organization\"},\"image\":{\"@type\":\"ImageObject\",\"url\":\"https:\\\/\\\/candas365.es\\\/noticias\\\/wp-content\\\/uploads\\\/2021\\\/06\\\/music.jpg\",\"width\":640,\"height\":427,\"caption\":\"m\\u00fasica\"},\"datePublished\":\"2021-06-29T13:07:03+02:00\",\"dateModified\":\"2021-06-29T13:07:03+02:00\",\"inLanguage\":\"es-ES\",\"mainEntityOfPage\":{\"@id\":\"https:\\\/\\\/candas365.es\\\/noticias\\\/concierto-de-la-banda-de-musica-de-candas-el-4-de-julio\\\/#webpage\"},\"isPartOf\":{\"@id\":\"https:\\\/\\\/candas365.es\\\/noticias\\\/concierto-de-la-banda-de-musica-de-candas-el-4-de-julio\\\/#webpage\"},\"articleSection\":\"Noticias Carre\\u00f1o\",\"dateline\":\"Publicado el junio 29, 2021.\"},{\"@type\":\"Organization\",\"@id\":\"https:\\\/\\\/candas365.es\\\/noticias\\\/#organization\",\"name\":\"Cand\\u00e1s 365\",\"description\":\"Cand\\u00e1s 365 es un diario digital independiente, fundado en 2012, con base en Asturias. Informamos con rigor sobre actualidad, sociedad, cultura y ocio, con una mirada local y global.\",\"url\":\"https:\\\/\\\/candas365.es\\\/noticias\\\/\",\"email\":\"info@candas365.es\",\"telephone\":\"+34652131393\",\"foundingDate\":\"2012-06-10\",\"logo\":{\"@type\":\"ImageObject\",\"url\":\"https:\\\/\\\/candas365.es\\\/noticias\\\/wp-content\\\/uploads\\\/2024\\\/09\\\/Candas-365-Redes.jpg\",\"@id\":\"https:\\\/\\\/candas365.es\\\/noticias\\\/concierto-de-la-banda-de-musica-de-candas-el-4-de-julio\\\/#organizationLogo\",\"width\":1152,\"height\":864,\"caption\":\"Cand\\u00e1s 365 Redes\"},\"image\":{\"@id\":\"https:\\\/\\\/candas365.es\\\/noticias\\\/concierto-de-la-banda-de-musica-de-candas-el-4-de-julio\\\/#organizationLogo\"},\"sameAs\":[\"https:\\\/\\\/www.facebook.com\\\/Nachofdezber\",\"https:\\\/\\\/x.com\\\/NabercoDigital\",\"https:\\\/\\\/www.instagram.com\\\/nachofdezber\\\/\",\"https:\\\/\\\/www.youtube.com\\\/channel\\\/UCZP-2wLEB9Rv6erhFmqVnvg\"],\"address\":{\"@id\":\"https:\\\/\\\/candas365.es\\\/noticias\\\/#postaladdress\",\"@type\":\"PostalAddress\",\"streetAddress\":\"san antonio 4, san antonio 4\",\"postalCode\":\"33430\",\"addressLocality\":\"Cand\\u00e1s\",\"addressRegion\":\"Asturias\",\"addressCountry\":\"ES\"}},{\"@type\":\"Person\",\"@id\":\"https:\\\/\\\/candas365.es\\\/noticias\\\/author\\\/admin\\\/#author\",\"url\":\"https:\\\/\\\/candas365.es\\\/noticias\\\/author\\\/admin\\\/\",\"name\":\"Cand\\u00e1s 365\",\"image\":{\"@type\":\"ImageObject\",\"@id\":\"https:\\\/\\\/candas365.es\\\/noticias\\\/concierto-de-la-banda-de-musica-de-candas-el-4-de-julio\\\/#authorImage\",\"url\":\"https:\\\/\\\/secure.gravatar.com\\\/avatar\\\/496a8e03d0c493ede1718b7934145dbdf8d89be1036b0eec9544e1094c9de390?s=96&d=mm&r=g\",\"width\":96,\"height\":96,\"caption\":\"Cand\\u00e1s 365\"},\"sameAs\":[\"https:\\\/\\\/www.facebook.com\\\/carrenoactualidad\",\"https:\\\/\\\/twitter.com\\\/nbasturias\",\"https:\\\/\\\/www.instagram.com\\\/nachofdezber\\\/\",\"https:\\\/\\\/www.youtube.com\\\/channel\\\/UCZP-2wLEB9Rv6erhFmqVnvg\"]},{\"@type\":\"WebPage\",\"@id\":\"https:\\\/\\\/candas365.es\\\/noticias\\\/concierto-de-la-banda-de-musica-de-candas-el-4-de-julio\\\/#webpage\",\"url\":\"https:\\\/\\\/candas365.es\\\/noticias\\\/concierto-de-la-banda-de-musica-de-candas-el-4-de-julio\\\/\",\"name\":\"Concierto de la Banda de M\\u00fasica de Cand\\u00e1s el 4 de julio | Cand\\u00e1s 365\",\"description\":\"La Banda de M\\u00fasica de Cand\\u00e1s ofrecer\\u00e1 el 4 de julio un concierto, dentro del convenio anual de colaboraci\\u00f3n entre la entidad y el Ayuntamiento de Carre\\u00f1o\",\"inLanguage\":\"es-ES\",\"isPartOf\":{\"@id\":\"https:\\\/\\\/candas365.es\\\/noticias\\\/#website\"},\"breadcrumb\":{\"@id\":\"https:\\\/\\\/candas365.es\\\/noticias\\\/concierto-de-la-banda-de-musica-de-candas-el-4-de-julio\\\/#breadcrumblist\"},\"author\":{\"@id\":\"https:\\\/\\\/candas365.es\\\/noticias\\\/author\\\/admin\\\/#author\"},\"creator\":{\"@id\":\"https:\\\/\\\/candas365.es\\\/noticias\\\/author\\\/admin\\\/#author\"},\"image\":{\"@type\":\"ImageObject\",\"url\":\"https:\\\/\\\/candas365.es\\\/noticias\\\/wp-content\\\/uploads\\\/2021\\\/06\\\/music.jpg\",\"@id\":\"https:\\\/\\\/candas365.es\\\/noticias\\\/concierto-de-la-banda-de-musica-de-candas-el-4-de-julio\\\/#mainImage\",\"width\":640,\"height\":427,\"caption\":\"m\\u00fasica\"},\"primaryImageOfPage\":{\"@id\":\"https:\\\/\\\/candas365.es\\\/noticias\\\/concierto-de-la-banda-de-musica-de-candas-el-4-de-julio\\\/#mainImage\"},\"datePublished\":\"2021-06-29T13:07:03+02:00\",\"dateModified\":\"2021-06-29T13:07:03+02:00\"},{\"@type\":\"WebSite\",\"@id\":\"https:\\\/\\\/candas365.es\\\/noticias\\\/#website\",\"url\":\"https:\\\/\\\/candas365.es\\\/noticias\\\/\",\"name\":\"Cand\\u00e1s 365\",\"alternateName\":\"Cand\\u00e1s 365 Noticias\",\"description\":\"Actualidad desde Carre\\u00f1o para el mundo\",\"inLanguage\":\"es-ES\",\"publisher\":{\"@id\":\"https:\\\/\\\/candas365.es\\\/noticias\\\/#organization\"}}]}\n\t\t<\/script>\n\t\t<!-- All in One SEO Pro -->\r\n\t\t<title>Concierto de la Banda de M\u00fasica de Cand\u00e1s el 4 de julio | Cand\u00e1s 365<\/title>\n\n","aioseo_head_json":{"title":"Concierto de la Banda de M\u00fasica de Cand\u00e1s el 4 de julio | Cand\u00e1s 365","description":"La Banda de M\u00fasica de Cand\u00e1s ofrecer\u00e1 el 4 de julio un concierto, dentro del convenio anual de colaboraci\u00f3n entre la entidad y el Ayuntamiento de Carre\u00f1o","canonical_url":"https:\/\/candas365.es\/noticias\/concierto-de-la-banda-de-musica-de-candas-el-4-de-julio\/","robots":"max-image-preview:large","keywords":"noticias carre\u00f1o","webmasterTools":{"google-site-verification":"UA-32230408-1","msvalidate.01":"354F3CDFB2DA171B47FBE9ABF1F88D5","miscellaneous":""},"schema":{"@context":"https:\/\/schema.org","@graph":[{"@type":"BreadcrumbList","@id":"https:\/\/candas365.es\/noticias\/concierto-de-la-banda-de-musica-de-candas-el-4-de-julio\/#breadcrumblist","itemListElement":[{"@type":"ListItem","@id":"https:\/\/candas365.es\/noticias#listItem","position":1,"name":"Home","item":"https:\/\/candas365.es\/noticias","nextItem":{"@type":"ListItem","@id":"https:\/\/candas365.es\/noticias\/category\/noticias-carreno\/#listItem","name":"Noticias Carre\u00f1o"}},{"@type":"ListItem","@id":"https:\/\/candas365.es\/noticias\/category\/noticias-carreno\/#listItem","position":2,"name":"Noticias Carre\u00f1o","item":"https:\/\/candas365.es\/noticias\/category\/noticias-carreno\/","nextItem":{"@type":"ListItem","@id":"https:\/\/candas365.es\/noticias\/concierto-de-la-banda-de-musica-de-candas-el-4-de-julio\/#listItem","name":"Concierto de la Banda de M\u00fasica de Cand\u00e1s el 4 de julio"},"previousItem":{"@type":"ListItem","@id":"https:\/\/candas365.es\/noticias#listItem","name":"Home"}},{"@type":"ListItem","@id":"https:\/\/candas365.es\/noticias\/concierto-de-la-banda-de-musica-de-candas-el-4-de-julio\/#listItem","position":3,"name":"Concierto de la Banda de M\u00fasica de Cand\u00e1s el 4 de julio","previousItem":{"@type":"ListItem","@id":"https:\/\/candas365.es\/noticias\/category\/noticias-carreno\/#listItem","name":"Noticias Carre\u00f1o"}}]},{"@type":"NewsArticle","@id":"https:\/\/candas365.es\/noticias\/concierto-de-la-banda-de-musica-de-candas-el-4-de-julio\/#newsarticle","name":"Concierto de la Banda de M\u00fasica de Cand\u00e1s el 4 de julio | Cand\u00e1s 365","headline":"Concierto de la Banda de M\u00fasica de Cand\u00e1s el 4 de julio","author":{"@id":"https:\/\/candas365.es\/noticias\/author\/admin\/#author"},"publisher":{"@id":"https:\/\/candas365.es\/noticias\/#organization"},"image":{"@type":"ImageObject","url":"https:\/\/candas365.es\/noticias\/wp-content\/uploads\/2021\/06\/music.jpg","width":640,"height":427,"caption":"m\u00fasica"},"datePublished":"2021-06-29T13:07:03+02:00","dateModified":"2021-06-29T13:07:03+02:00","inLanguage":"es-ES","mainEntityOfPage":{"@id":"https:\/\/candas365.es\/noticias\/concierto-de-la-banda-de-musica-de-candas-el-4-de-julio\/#webpage"},"isPartOf":{"@id":"https:\/\/candas365.es\/noticias\/concierto-de-la-banda-de-musica-de-candas-el-4-de-julio\/#webpage"},"articleSection":"Noticias Carre\u00f1o","dateline":"Publicado el junio 29, 2021."},{"@type":"Organization","@id":"https:\/\/candas365.es\/noticias\/#organization","name":"Cand\u00e1s 365","description":"Cand\u00e1s 365 es un diario digital independiente, fundado en 2012, con base en Asturias. Informamos con rigor sobre actualidad, sociedad, cultura y ocio, con una mirada local y global.","url":"https:\/\/candas365.es\/noticias\/","email":"info@candas365.es","telephone":"+34652131393","foundingDate":"2012-06-10","logo":{"@type":"ImageObject","url":"https:\/\/candas365.es\/noticias\/wp-content\/uploads\/2024\/09\/Candas-365-Redes.jpg","@id":"https:\/\/candas365.es\/noticias\/concierto-de-la-banda-de-musica-de-candas-el-4-de-julio\/#organizationLogo","width":1152,"height":864,"caption":"Cand\u00e1s 365 Redes"},"image":{"@id":"https:\/\/candas365.es\/noticias\/concierto-de-la-banda-de-musica-de-candas-el-4-de-julio\/#organizationLogo"},"sameAs":["https:\/\/www.facebook.com\/Nachofdezber","https:\/\/x.com\/NabercoDigital","https:\/\/www.instagram.com\/nachofdezber\/","https:\/\/www.youtube.com\/channel\/UCZP-2wLEB9Rv6erhFmqVnvg"],"address":{"@id":"https:\/\/candas365.es\/noticias\/#postaladdress","@type":"PostalAddress","streetAddress":"san antonio 4, san antonio 4","postalCode":"33430","addressLocality":"Cand\u00e1s","addressRegion":"Asturias","addressCountry":"ES"}},{"@type":"Person","@id":"https:\/\/candas365.es\/noticias\/author\/admin\/#author","url":"https:\/\/candas365.es\/noticias\/author\/admin\/","name":"Cand\u00e1s 365","image":{"@type":"ImageObject","@id":"https:\/\/candas365.es\/noticias\/concierto-de-la-banda-de-musica-de-candas-el-4-de-julio\/#authorImage","url":"https:\/\/secure.gravatar.com\/avatar\/496a8e03d0c493ede1718b7934145dbdf8d89be1036b0eec9544e1094c9de390?s=96&d=mm&r=g","width":96,"height":96,"caption":"Cand\u00e1s 365"},"sameAs":["https:\/\/www.facebook.com\/carrenoactualidad","https:\/\/twitter.com\/nbasturias","https:\/\/www.instagram.com\/nachofdezber\/","https:\/\/www.youtube.com\/channel\/UCZP-2wLEB9Rv6erhFmqVnvg"]},{"@type":"WebPage","@id":"https:\/\/candas365.es\/noticias\/concierto-de-la-banda-de-musica-de-candas-el-4-de-julio\/#webpage","url":"https:\/\/candas365.es\/noticias\/concierto-de-la-banda-de-musica-de-candas-el-4-de-julio\/","name":"Concierto de la Banda de M\u00fasica de Cand\u00e1s el 4 de julio | Cand\u00e1s 365","description":"La Banda de M\u00fasica de Cand\u00e1s ofrecer\u00e1 el 4 de julio un concierto, dentro del convenio anual de colaboraci\u00f3n entre la entidad y el Ayuntamiento de Carre\u00f1o","inLanguage":"es-ES","isPartOf":{"@id":"https:\/\/candas365.es\/noticias\/#website"},"breadcrumb":{"@id":"https:\/\/candas365.es\/noticias\/concierto-de-la-banda-de-musica-de-candas-el-4-de-julio\/#breadcrumblist"},"author":{"@id":"https:\/\/candas365.es\/noticias\/author\/admin\/#author"},"creator":{"@id":"https:\/\/candas365.es\/noticias\/author\/admin\/#author"},"image":{"@type":"ImageObject","url":"https:\/\/candas365.es\/noticias\/wp-content\/uploads\/2021\/06\/music.jpg","@id":"https:\/\/candas365.es\/noticias\/concierto-de-la-banda-de-musica-de-candas-el-4-de-julio\/#mainImage","width":640,"height":427,"caption":"m\u00fasica"},"primaryImageOfPage":{"@id":"https:\/\/candas365.es\/noticias\/concierto-de-la-banda-de-musica-de-candas-el-4-de-julio\/#mainImage"},"datePublished":"2021-06-29T13:07:03+02:00","dateModified":"2021-06-29T13:07:03+02:00"},{"@type":"WebSite","@id":"https:\/\/candas365.es\/noticias\/#website","url":"https:\/\/candas365.es\/noticias\/","name":"Cand\u00e1s 365","alternateName":"Cand\u00e1s 365 Noticias","description":"Actualidad desde Carre\u00f1o para el mundo","inLanguage":"es-ES","publisher":{"@id":"https:\/\/candas365.es\/noticias\/#organization"}}]},"og:locale":"es_ES","og:site_name":"Cand\u00e1s 365","og:type":"article","og:title":"Concierto de la Banda de M\u00fasica de Cand\u00e1s el 4 de julio | Cand\u00e1s 365","og:description":"La Banda de M\u00fasica de Cand\u00e1s ofrecer\u00e1 el 4 de julio un concierto, dentro del convenio anual de colaboraci\u00f3n entre la entidad y el Ayuntamiento de Carre\u00f1o","og:url":"https:\/\/candas365.es\/noticias\/concierto-de-la-banda-de-musica-de-candas-el-4-de-julio\/","og:image":"https:\/\/candas365.es\/noticias\/wp-content\/uploads\/2021\/06\/music.jpg","og:image:secure_url":"https:\/\/candas365.es\/noticias\/wp-content\/uploads\/2021\/06\/music.jpg","og:image:width":640,"og:image:height":427,"article:published_time":"2021-06-29T13:07:03+00:00","article:modified_time":"2021-06-29T13:07:03+00:00","article:publisher":"https:\/\/www.facebook.com\/Nachofdezber","article:author":"https:\/\/www.facebook.com\/carrenoactualidad","twitter:card":"summary_large_image","twitter:site":"@NabercoDigital","twitter:title":"Concierto de la Banda de M\u00fasica de Cand\u00e1s el 4 de julio | Cand\u00e1s 365","twitter:description":"La Banda de M\u00fasica de Cand\u00e1s ofrecer\u00e1 el 4 de julio un concierto, dentro del convenio anual de colaboraci\u00f3n entre la entidad y el Ayuntamiento de Carre\u00f1o","twitter:creator":"@nbasturias","twitter:image":"https:\/\/candas365.es\/noticias\/wp-content\/uploads\/2021\/06\/music.jpg","twitter:label1":"Escrito por","twitter:data1":"Cand\u00e1s 365","twitter:label2":"Tiempo de lectura estimado","twitter:data2":"1 minuto"},"aioseo_meta_data":{"post_id":"156340","title":null,"description":"La Banda de M\u00fasica de Cand\u00e1s ofrecer\u00e1 el 4 de julio un concierto, dentro del convenio anual de colaboraci\u00f3n entre la entidad y el Ayuntamiento de Carre\u00f1o","keywords":[],"keyphrases":{"focus":{"keyphrase":"Cand\u00e1s","score":80,"analysis":{"keyphraseInTitle":{"title":"Frase clave objetivo en el t\u00edtulo SEO","description":"Frase clave objetivo encontrada en el t\u00edtulo SEO.","score":9,"maxScore":9,"error":0},"keyphraseInDescription":{"title":"Frase clave objetivo en la meta descripci\u00f3n","description":"Frase clave objetivo encontrada en la meta descripci\u00f3n.","score":9,"maxScore":9,"error":0},"keyphraseInURL":{"title":"Frase clave objetivo en la URL","description":"Frase clave objetivo no encontrada en la URL.","score":1,"maxScore":5,"error":1},"keyphraseLength":{"title":"Longitud de la Frase clave objetivo","description":"\u00a1Buen trabajo!","score":9,"maxScore":9,"error":0,"length":1},"keyphraseInIntroduction":{"title":"Frase clave objetivo en la introducci\u00f3n","description":"Su Frase clave objetivo aparece en el primer p\u00e1rrafo. \u00a1Bien hecho!","score":9,"maxScore":9,"error":0},"keyphraseInSubHeadings":[],"keyphraseInImageAlt":{"title":"Frase clave objetivo en los atributos alt de la imagen.","description":"Frase clave objetivo no se encuentra en los atributos alt de la imagen. A\u00f1ada una imagen con su Frase clave objetivo como texto alternativo.","score":3,"maxScore":9,"error":1}}},"additional":[{"keyphrase":"Banda de M\u00fasica","score":83,"analysis":{"keyphraseInDescription":{"title":"Frase clave en la meta descripci\u00f3n","description":"Frase clave encontrada en la meta descripci\u00f3n.","score":9,"maxScore":9,"error":0},"keyphraseLength":{"title":"Longitud de la Frase clave","description":"\u00a1Buen trabajo!","score":9,"maxScore":9,"error":0,"length":3},"keyphraseInIntroduction":{"title":"Frase clave en la introducci\u00f3n","description":"Su Frase clave aparece en el primer p\u00e1rrafo. \u00a1Bien hecho!","score":9,"maxScore":9,"error":0},"keyphraseInImageAlt":{"title":"Frase clave en los atributos alt de la imagen.","description":"Frase clave no se encuentra en los atributos alt de la imagen. A\u00f1ada una imagen con su Frase clave como texto alternativo.","score":3,"maxScore":9,"error":1}}},{"keyphrase":"M\u00fasica","score":100,"analysis":{"keyphraseInDescription":{"title":"Frase clave en la meta descripci\u00f3n","description":"Frase clave encontrada en la meta descripci\u00f3n.","score":9,"maxScore":9,"error":0},"keyphraseLength":{"title":"Longitud de la Frase clave","description":"\u00a1Buen trabajo!","score":9,"maxScore":9,"error":0,"length":1},"keyphraseInIntroduction":{"title":"Frase clave en la introducci\u00f3n","description":"Su Frase clave aparece en el primer p\u00e1rrafo. \u00a1Bien hecho!","score":9,"maxScore":9,"error":0},"keyphraseInImageAlt":{"title":"Frase clave en los atributos alt de la imagen.","description":"Frase clave encontrada en los atributos alt de la(s) imagen(es).","score":9,"maxScore":9,"error":0}}},{"keyphrase":"4 de julio ","score":83,"analysis":{"keyphraseInDescription":{"title":"Frase clave en la meta descripci\u00f3n","description":"Frase clave encontrada en la meta descripci\u00f3n.","score":9,"maxScore":9,"error":0},"keyphraseLength":{"title":"Longitud de la Frase clave","description":"\u00a1Buen trabajo!","score":9,"maxScore":9,"error":0,"length":2},"keyphraseInIntroduction":{"title":"Frase clave en la introducci\u00f3n","description":"Su Frase clave aparece en el primer p\u00e1rrafo. \u00a1Bien hecho!","score":9,"maxScore":9,"error":0},"keyphraseInImageAlt":{"title":"Frase clave en los atributos alt de la imagen.","description":"Frase clave no se encuentra en los atributos alt de la imagen. A\u00f1ada una imagen con su Frase clave como texto alternativo.","score":3,"maxScore":9,"error":1}}}]},"primary_term":null,"canonical_url":null,"og_title":null,"og_description":null,"og_object_type":"default","og_image_type":"default","og_image_url":null,"og_image_width":null,"og_image_height":null,"og_image_custom_url":null,"og_image_custom_fields":null,"og_video":"","og_custom_url":null,"og_article_section":null,"og_article_tags":[],"twitter_use_og":false,"twitter_card":"default","twitter_image_type":"default","twitter_image_url":null,"twitter_image_custom_url":null,"twitter_image_custom_fields":null,"twitter_title":null,"twitter_description":null,"schema":{"blockGraphs":[],"customGraphs":[],"default":{"data":{"Article":[],"Course":[],"Dataset":[],"FAQPage":[],"Movie":[],"Person":[],"Product":[],"ProductReview":[],"Car":[],"Recipe":[],"Service":[],"SoftwareApplication":[],"WebPage":[]},"graphName":"","isEnabled":true},"graphs":[],"defaultGraph":"Article","defaultPostTypeGraph":""},"schema_type":"default","schema_type_options":"{\"article\":{\"articleType\":\"BlogPosting\"},\"course\":{\"name\":\"\",\"description\":\"\",\"provider\":\"\"},\"faq\":{\"pages\":[]},\"product\":{\"reviews\":[]},\"recipe\":{\"ingredients\":[],\"instructions\":[],\"keywords\":[]},\"software\":{\"reviews\":[],\"operatingSystems\":[]},\"webPage\":{\"webPageType\":\"WebPage\"}}","pillar_content":false,"robots_default":true,"robots_noindex":false,"robots_noarchive":false,"robots_nosnippet":false,"robots_nofollow":false,"robots_noimageindex":false,"robots_noodp":false,"robots_notranslate":false,"robots_max_snippet":"-1","robots_max_videopreview":"-1","robots_max_imagepreview":"large","priority":null,"frequency":"default","location":null,"local_seo":{"locations":{"business":{"name":"","businessType":"","image":"","areaServed":"","urls":{"website":"","aboutPage":"","contactPage":""},"address":{"streetLine1":"","streetLine2":"","zipCode":"","city":"","state":"","country":"","addressFormat":"#streetLineOne\n#streetLineTwo\n#city, #state #zipCode"},"contact":{"email":"","phone":"","phoneFormatted":"","fax":"","faxFormatted":""},"ids":{"vat":"","tax":"","chamberOfCommerce":""},"payment":{"priceRange":"","currenciesAccepted":"","methods":""}}},"openingHours":{"useDefaults":true,"show":true,"alwaysOpen":false,"use24hFormat":false,"timezone":"","labels":{"closed":"","alwaysOpen":""},"days":{"monday":{"open24h":false,"closed":false,"openTime":"09:00","closeTime":"17:00"},"tuesday":{"open24h":false,"closed":false,"openTime":"09:00","closeTime":"17:00"},"wednesday":{"open24h":false,"closed":false,"openTime":"09:00","closeTime":"17:00"},"thursday":{"open24h":false,"closed":false,"openTime":"09:00","closeTime":"17:00"},"friday":{"open24h":false,"closed":false,"openTime":"09:00","closeTime":"17:00"},"saturday":{"open24h":false,"closed":false,"openTime":"09:00","closeTime":"17:00"},"sunday":{"open24h":false,"closed":false,"openTime":"09:00","closeTime":"17:00"}}}},"seo_analyzer_scan_date":"2025-08-31 23:45:22","breadcrumb_settings":null,"limit_modified_date":false,"reviewed_by":null,"open_ai":null,"ai":null,"created":"2021-06-29 13:01:58","updated":"2025-08-31 23:45:22"},"aioseo_breadcrumb":"<div class=\"aioseo-breadcrumbs\"><span class=\"aioseo-breadcrumb\">\n\t<a href=\"https:\/\/candas365.es\/noticias\" title=\"Home\">Home<\/a>\n<\/span><span class=\"aioseo-breadcrumb-separator\">&ndash;<\/span><span class=\"aioseo-breadcrumb\">\n\t<a href=\"https:\/\/candas365.es\/noticias\/category\/noticias-carreno\/\" title=\"Noticias Carre\u00f1o\">Noticias Carre\u00f1o<\/a>\n<\/span><span class=\"aioseo-breadcrumb-separator\">&ndash;<\/span><span class=\"aioseo-breadcrumb\">\n\tConcierto de la Banda de M\u00fasica de Cand\u00e1s el 4 de julio\n<\/span><\/div>","aioseo_breadcrumb_json":[{"label":"Home","link":"https:\/\/candas365.es\/noticias"},{"label":"Noticias Carre\u00f1o","link":"https:\/\/candas365.es\/noticias\/category\/noticias-carreno\/"},{"label":"Concierto de la Banda de M\u00fasica de Cand\u00e1s el 4 de julio","link":"https:\/\/candas365.es\/noticias\/concierto-de-la-banda-de-musica-de-candas-el-4-de-julio\/"}],"_links":{"self":[{"href":"https:\/\/candas365.es\/noticias\/wp-json\/wp\/v2\/posts\/156340","targetHints":{"allow":["GET"]}}],"collection":[{"href":"https:\/\/candas365.es\/noticias\/wp-json\/wp\/v2\/posts"}],"about":[{"href":"https:\/\/candas365.es\/noticias\/wp-json\/wp\/v2\/types\/post"}],"author":[{"embeddable":true,"href":"https:\/\/candas365.es\/noticias\/wp-json\/wp\/v2\/users\/1"}],"replies":[{"embeddable":true,"href":"https:\/\/candas365.es\/noticias\/wp-json\/wp\/v2\/comments?post=156340"}],"version-history":[{"count":0,"href":"https:\/\/candas365.es\/noticias\/wp-json\/wp\/v2\/posts\/156340\/revisions"}],"wp:featuredmedia":[{"embeddable":true,"href":"https:\/\/candas365.es\/noticias\/wp-json\/wp\/v2\/media\/156341"}],"wp:attachment":[{"href":"https:\/\/candas365.es\/noticias\/wp-json\/wp\/v2\/media?parent=156340"}],"wp:term":[{"taxonomy":"category","embeddable":true,"href":"https:\/\/candas365.es\/noticias\/wp-json\/wp\/v2\/categories?post=156340"},{"taxonomy":"post_tag","embeddable":true,"href":"https:\/\/candas365.es\/noticias\/wp-json\/wp\/v2\/tags?post=156340"}],"curies":[{"name":"wp","href":"https:\/\/api.w.org\/{rel}","templated":true}]}}