{"id":156128,"date":"2021-06-23T11:29:11","date_gmt":"2021-06-23T11:29:11","guid":{"rendered":"http:\/\/candas365.es\/noticias\/?p=156128"},"modified":"2021-06-23T11:29:11","modified_gmt":"2021-06-23T11:29:11","slug":"copa-america-2021-analisis-de-las-principales-selecciones-de-futbol","status":"publish","type":"post","link":"https:\/\/candas365.es\/noticias\/copa-america-2021-analisis-de-las-principales-selecciones-de-futbol\/","title":{"rendered":"Copa Am\u00e9rica 2021: an\u00e1lisis de las principales selecciones de f\u00fatbol"},"content":{"rendered":"<p><i><span style=\"font-weight: 400;\">Argentina disputa una Copa Am\u00e9rica, en la que Brasil es anfitriona y favorita<\/span><\/i><\/p>\n<p><img fetchpriority=\"high\" decoding=\"async\" class=\"aligncenter wp-image-92011 size-large\" src=\"https:\/\/candas365.es\/noticias\/wp-content\/uploads\/2018\/03\/woman-638384_1280-655x435.jpg\" alt=\"\" width=\"650\" height=\"432\" srcset=\"https:\/\/candas365.es\/noticias\/wp-content\/uploads\/2018\/03\/woman-638384_1280-655x435.jpg 655w, https:\/\/candas365.es\/noticias\/wp-content\/uploads\/2018\/03\/woman-638384_1280-696x462.jpg 696w, https:\/\/candas365.es\/noticias\/wp-content\/uploads\/2018\/03\/woman-638384_1280-1068x709.jpg 1068w, https:\/\/candas365.es\/noticias\/wp-content\/uploads\/2018\/03\/woman-638384_1280-632x420.jpg 632w, https:\/\/candas365.es\/noticias\/wp-content\/uploads\/2018\/03\/woman-638384_1280-360x239.jpg 360w, https:\/\/candas365.es\/noticias\/wp-content\/uploads\/2018\/03\/woman-638384_1280-768x510.jpg 768w, https:\/\/candas365.es\/noticias\/wp-content\/uploads\/2018\/03\/woman-638384_1280.jpg 1280w\" sizes=\"(max-width: 650px) 100vw, 650px\" \/><\/p>\n<p><b>VENEZUELA <\/b><span style=\"font-weight: 400;\">&#8211; El informe, redactado, por el periodista <\/span><span style=\"color: #ff6600;\"><strong><a style=\"color: #ff6600;\" href=\"https:\/\/tomaseliasgonzalezbenitezvenezuela.com\/\" target=\"_blank\" rel=\"nofollow noopener\">Tom\u00e1s El\u00edas Gonz\u00e1lez Ben\u00edtez<\/a><\/strong><\/span><i><span style=\"font-weight: 400;\">, <\/span><\/i><span style=\"font-weight: 400;\">analiza, en profundidad, a las principales selecciones de la Copa Am\u00e9rica 2021. Un a\u00f1o despu\u00e9s de la primera cita, los pa\u00edses de Am\u00e9rica Latina vuelven a disputar la competici\u00f3n de la CONMEBOL. Brasil se ha vestido de gala para organizar una Copa Am\u00e9rica, de la que parte como favorita.<\/span><\/p>\n<h2><b>Argentina<\/b><\/h2>\n<p><span style=\"font-weight: 400;\">La selecci\u00f3n argentina vuelve a ilusionar, iniciando la Copa Am\u00e9rica, como invicta. Comenz\u00f3 con un empate, frente a Chile (1-1). Pero se redimi\u00f3, con una victoria, ante Uruguay (1-0). El equipo, de Lionel Scaloni, buscar\u00e1 un nuevo t\u00edtulo internacional. Argentina quiere aferrarse al liderato del grupo A, contra Paraguay, como pr\u00f3ximo rival. El conjunto albiceleste cuenta en sus filas con Lionel Messi, cuyo objetivo personal, es conseguir un t\u00edtulo importante con su selecci\u00f3n.<\/span><\/p>\n<h2><b>Brasil<\/b><\/h2>\n<p><span style=\"font-weight: 400;\">La selecci\u00f3n brasilena: anfitriona y favorita. La <\/span><i><span style=\"font-weight: 400;\">canarinha, <\/span><\/i><span style=\"font-weight: 400;\">une la experiencia y juventud, para conseguir, de nuevo, el t\u00edtulo de la CONMEBOL. e El equipo de Tite ha iniciado la Copa Am\u00e9rica, del mejor modo: dos victorias, por 3-0 y 4-0, frente a Venezuela y Per\u00fa. Goleadas y porter\u00eda a cero: la ficha de presentaci\u00f3n, de Brasil. Colombia ser\u00e1 su pr\u00f3ximo rival, el jueves 24, en el Estadio Nilton Santos.<\/span><\/p>\n<h2><b>Colombia<\/b><\/h2>\n<p><span style=\"font-weight: 400;\">La selecci\u00f3n de Colombia inici\u00f3 el campeonato, con una victoria, frente a Ecuador, por 1-0. El empate ante Venezuela (0-0), y la derrota contra Per\u00fa (1-2) la posicionan, como segunda del grupo B. Despu\u00e9s de los partidos clasificatorios, Colombia se presentaba como una selecci\u00f3n, que pod\u00eda disputar, en su grupo, con la poderosa Brasil. No obstante, los dos \u00faltimos resultados del equipo de Reinaldo Rueda han generado dudas. 20 a\u00f1os despu\u00e9s de conquistar la Copa Am\u00e9rica, el conjunto cafetero intentar\u00e1 vencer, con grandes ausencias, como James o Falcao.<\/span><\/p>\n<h2><b>Chile<\/b><\/h2>\n<p><span style=\"font-weight: 400;\">La selecci\u00f3n de Chile es otra de las selecciones invictas, en este inicio de Copa Am\u00e9rica. El empate, frente a Argentina (1-1) y la victoria ante Bolivia (1-0) supone un arranque excepcional, en su grupo A. El equipo de Mart\u00edn Lasarte cuenta en sus filas con grandes jugadores, como Gary Medel o Arturo Vidal. Chile, frente a Uruguay, tiene una buena oportunidad para certificar su juego y candidatura a la Copa Am\u00e9rica.<\/span><\/p>\n<h2><b>Venezuela<\/b><\/h2>\n<p><span style=\"font-weight: 400;\">Aunque el inicio de la selecci\u00f3n de Venezuela no ha sido el m\u00e1s \u00f3ptimo, puede clasificarse a la fase final, como cuarta de grupo. El arranque de la Vinotinto se ha compuesto por dos empates y una derrota, frente a Argentina.<\/span><\/p>\n<h2><b>Conclusiones<\/b><\/h2>\n<p><span style=\"font-weight: 400;\">El formato de la Copa Am\u00e9rica posibilita la clasificaci\u00f3n final a cuatro de los cinco equipos que forman ambos grupos. Salvo sorpresa, Brasil ser\u00e1 primera de su grupo; mientras que Argentina y Chile, disputan el primer puesto del grupo A. Por otro lado, la clasificaci\u00f3n de Uruguay y Bolivia, con 0 puntos; y Ecuador y Venezuela es la que m\u00e1s peligra.<\/span><\/p>\n<p>&nbsp;<\/p>\n","protected":false},"excerpt":{"rendered":"<p>Argentina disputa una Copa Am\u00e9rica, en la que Brasil es anfitriona y favorita VENEZUELA &#8211; El informe, redactado, por el periodista Tom\u00e1s El\u00edas Gonz\u00e1lez Ben\u00edtez, analiza, en profundidad, a las principales selecciones de la Copa Am\u00e9rica 2021. Un a\u00f1o despu\u00e9s de la primera cita, los pa\u00edses de Am\u00e9rica Latina vuelven a disputar la competici\u00f3n de<\/p>\n","protected":false},"author":1,"featured_media":92011,"comment_status":"closed","ping_status":"closed","sticky":false,"template":"","format":"standard","meta":{"footnotes":""},"categories":[319],"tags":[],"class_list":{"0":"post-156128","1":"post","2":"type-post","3":"status-publish","4":"format-standard","5":"has-post-thumbnail","7":"category-deporte"},"aioseo_notices":[],"aioseo_head":"\n\t\t<!-- All in One SEO Pro 4.9.6.2 - aioseo.com -->\n\t<meta name=\"description\" content=\"El informe, redactado, por el periodista Tom\u00e1s El\u00edas Gonz\u00e1lez Ben\u00edtez, analiza, en profundidad, a las principales selecciones de la Copa Am\u00e9rica\" \/>\n\t<meta name=\"robots\" content=\"max-image-preview:large\" \/>\n\t<meta name=\"author\" content=\"Cand\u00e1s 365\"\/>\n\t<meta name=\"google-site-verification\" content=\"UA-32230408-1\" \/>\n\t<meta name=\"msvalidate.01\" content=\"354F3CDFB2DA171B47FBE9ABF1F88D5\" \/>\n\t<meta name=\"keywords\" content=\"deporte\" \/>\n\t<link rel=\"canonical\" href=\"https:\/\/candas365.es\/noticias\/copa-america-2021-analisis-de-las-principales-selecciones-de-futbol\/\" \/>\n\t<meta name=\"generator\" content=\"All in One SEO Pro (AIOSEO) 4.9.6.2\" \/>\n\t\t<meta property=\"og:locale\" content=\"es_ES\" \/>\n\t\t<meta property=\"og:site_name\" content=\"Cand\u00e1s 365\" \/>\n\t\t<meta property=\"og:type\" content=\"article\" \/>\n\t\t<meta property=\"og:title\" content=\"Copa Am\u00e9rica 2021: an\u00e1lisis de las principales selecciones de f\u00fatbol | Cand\u00e1s 365\" \/>\n\t\t<meta property=\"og:description\" content=\"El informe, redactado, por el periodista Tom\u00e1s El\u00edas Gonz\u00e1lez Ben\u00edtez, analiza, en profundidad, a las principales selecciones de la Copa Am\u00e9rica\" \/>\n\t\t<meta property=\"og:url\" content=\"https:\/\/candas365.es\/noticias\/copa-america-2021-analisis-de-las-principales-selecciones-de-futbol\/\" \/>\n\t\t<meta property=\"og:image\" content=\"https:\/\/candas365.es\/noticias\/wp-content\/uploads\/2018\/03\/woman-638384_1280.jpg\" \/>\n\t\t<meta property=\"og:image:secure_url\" content=\"https:\/\/candas365.es\/noticias\/wp-content\/uploads\/2018\/03\/woman-638384_1280.jpg\" \/>\n\t\t<meta property=\"og:image:width\" content=\"1280\" \/>\n\t\t<meta property=\"og:image:height\" content=\"850\" \/>\n\t\t<meta property=\"article:published_time\" content=\"2021-06-23T11:29:11+00:00\" \/>\n\t\t<meta property=\"article:modified_time\" content=\"2021-06-23T11:29:11+00:00\" \/>\n\t\t<meta property=\"article:publisher\" content=\"https:\/\/www.facebook.com\/Nachofdezber\" \/>\n\t\t<meta property=\"article:author\" content=\"https:\/\/www.facebook.com\/carrenoactualidad\" \/>\n\t\t<meta name=\"twitter:card\" content=\"summary_large_image\" \/>\n\t\t<meta name=\"twitter:site\" content=\"@NabercoDigital\" \/>\n\t\t<meta name=\"twitter:title\" content=\"Copa Am\u00e9rica 2021: an\u00e1lisis de las principales selecciones de f\u00fatbol | Cand\u00e1s 365\" \/>\n\t\t<meta name=\"twitter:description\" content=\"El informe, redactado, por el periodista Tom\u00e1s El\u00edas Gonz\u00e1lez Ben\u00edtez, analiza, en profundidad, a las principales selecciones de la Copa Am\u00e9rica\" \/>\n\t\t<meta name=\"twitter:creator\" content=\"@nbasturias\" \/>\n\t\t<meta name=\"twitter:image\" content=\"https:\/\/candas365.es\/noticias\/wp-content\/uploads\/2018\/03\/woman-638384_1280.jpg\" \/>\n\t\t<meta name=\"twitter:label1\" content=\"Escrito por\" \/>\n\t\t<meta name=\"twitter:data1\" content=\"Cand\u00e1s 365\" \/>\n\t\t<meta name=\"twitter:label2\" content=\"Tiempo de lectura estimado\" \/>\n\t\t<meta name=\"twitter:data2\" content=\"3 minutos\" \/>\n\t\t<script type=\"application\/ld+json\" class=\"aioseo-schema\">\n\t\t\t{\"@context\":\"https:\\\/\\\/schema.org\",\"@graph\":[{\"@type\":\"BreadcrumbList\",\"@id\":\"https:\\\/\\\/candas365.es\\\/noticias\\\/copa-america-2021-analisis-de-las-principales-selecciones-de-futbol\\\/#breadcrumblist\",\"itemListElement\":[{\"@type\":\"ListItem\",\"@id\":\"https:\\\/\\\/candas365.es\\\/noticias#listItem\",\"position\":1,\"name\":\"Home\",\"item\":\"https:\\\/\\\/candas365.es\\\/noticias\",\"nextItem\":{\"@type\":\"ListItem\",\"@id\":\"https:\\\/\\\/candas365.es\\\/noticias\\\/category\\\/deporte\\\/#listItem\",\"name\":\"Deporte\"}},{\"@type\":\"ListItem\",\"@id\":\"https:\\\/\\\/candas365.es\\\/noticias\\\/category\\\/deporte\\\/#listItem\",\"position\":2,\"name\":\"Deporte\",\"item\":\"https:\\\/\\\/candas365.es\\\/noticias\\\/category\\\/deporte\\\/\",\"nextItem\":{\"@type\":\"ListItem\",\"@id\":\"https:\\\/\\\/candas365.es\\\/noticias\\\/copa-america-2021-analisis-de-las-principales-selecciones-de-futbol\\\/#listItem\",\"name\":\"Copa Am\\u00e9rica 2021: an\\u00e1lisis de las principales selecciones de f\\u00fatbol\"},\"previousItem\":{\"@type\":\"ListItem\",\"@id\":\"https:\\\/\\\/candas365.es\\\/noticias#listItem\",\"name\":\"Home\"}},{\"@type\":\"ListItem\",\"@id\":\"https:\\\/\\\/candas365.es\\\/noticias\\\/copa-america-2021-analisis-de-las-principales-selecciones-de-futbol\\\/#listItem\",\"position\":3,\"name\":\"Copa Am\\u00e9rica 2021: an\\u00e1lisis de las principales selecciones de f\\u00fatbol\",\"previousItem\":{\"@type\":\"ListItem\",\"@id\":\"https:\\\/\\\/candas365.es\\\/noticias\\\/category\\\/deporte\\\/#listItem\",\"name\":\"Deporte\"}}]},{\"@type\":\"NewsArticle\",\"@id\":\"https:\\\/\\\/candas365.es\\\/noticias\\\/copa-america-2021-analisis-de-las-principales-selecciones-de-futbol\\\/#newsarticle\",\"name\":\"Copa Am\\u00e9rica 2021: an\\u00e1lisis de las principales selecciones de f\\u00fatbol | Cand\\u00e1s 365\",\"headline\":\"Copa Am\\u00e9rica 2021: an\\u00e1lisis de las principales selecciones de f\\u00fatbol\",\"author\":{\"@id\":\"https:\\\/\\\/candas365.es\\\/noticias\\\/author\\\/admin\\\/#author\"},\"publisher\":{\"@id\":\"https:\\\/\\\/candas365.es\\\/noticias\\\/#organization\"},\"image\":{\"@type\":\"ImageObject\",\"url\":\"https:\\\/\\\/candas365.es\\\/noticias\\\/wp-content\\\/uploads\\\/2018\\\/03\\\/woman-638384_1280.jpg\",\"width\":1280,\"height\":850},\"datePublished\":\"2021-06-23T11:29:11+02:00\",\"dateModified\":\"2021-06-23T11:29:11+02:00\",\"inLanguage\":\"es-ES\",\"mainEntityOfPage\":{\"@id\":\"https:\\\/\\\/candas365.es\\\/noticias\\\/copa-america-2021-analisis-de-las-principales-selecciones-de-futbol\\\/#webpage\"},\"isPartOf\":{\"@id\":\"https:\\\/\\\/candas365.es\\\/noticias\\\/copa-america-2021-analisis-de-las-principales-selecciones-de-futbol\\\/#webpage\"},\"articleSection\":\"Deporte\",\"dateline\":\"Publicado el junio 23, 2021.\"},{\"@type\":\"Organization\",\"@id\":\"https:\\\/\\\/candas365.es\\\/noticias\\\/#organization\",\"name\":\"Cand\\u00e1s 365\",\"description\":\"Cand\\u00e1s 365 es un diario digital independiente, fundado en 2012, con base en Asturias. Informamos con rigor sobre actualidad, sociedad, cultura y ocio, con una mirada local y global.\",\"url\":\"https:\\\/\\\/candas365.es\\\/noticias\\\/\",\"email\":\"info@candas365.es\",\"telephone\":\"+34652131393\",\"foundingDate\":\"2012-06-10\",\"logo\":{\"@type\":\"ImageObject\",\"url\":\"https:\\\/\\\/candas365.es\\\/noticias\\\/wp-content\\\/uploads\\\/2024\\\/09\\\/Candas-365-Redes.jpg\",\"@id\":\"https:\\\/\\\/candas365.es\\\/noticias\\\/copa-america-2021-analisis-de-las-principales-selecciones-de-futbol\\\/#organizationLogo\",\"width\":1152,\"height\":864,\"caption\":\"Cand\\u00e1s 365 Redes\"},\"image\":{\"@id\":\"https:\\\/\\\/candas365.es\\\/noticias\\\/copa-america-2021-analisis-de-las-principales-selecciones-de-futbol\\\/#organizationLogo\"},\"sameAs\":[\"https:\\\/\\\/www.facebook.com\\\/Nachofdezber\",\"https:\\\/\\\/x.com\\\/NabercoDigital\",\"https:\\\/\\\/www.instagram.com\\\/nachofdezber\\\/\",\"https:\\\/\\\/www.youtube.com\\\/channel\\\/UCZP-2wLEB9Rv6erhFmqVnvg\"],\"address\":{\"@id\":\"https:\\\/\\\/candas365.es\\\/noticias\\\/#postaladdress\",\"@type\":\"PostalAddress\",\"streetAddress\":\"san antonio 4, san antonio 4\",\"postalCode\":\"33430\",\"addressLocality\":\"Cand\\u00e1s\",\"addressRegion\":\"Asturias\",\"addressCountry\":\"ES\"}},{\"@type\":\"Person\",\"@id\":\"https:\\\/\\\/candas365.es\\\/noticias\\\/author\\\/admin\\\/#author\",\"url\":\"https:\\\/\\\/candas365.es\\\/noticias\\\/author\\\/admin\\\/\",\"name\":\"Cand\\u00e1s 365\",\"image\":{\"@type\":\"ImageObject\",\"@id\":\"https:\\\/\\\/candas365.es\\\/noticias\\\/copa-america-2021-analisis-de-las-principales-selecciones-de-futbol\\\/#authorImage\",\"url\":\"https:\\\/\\\/secure.gravatar.com\\\/avatar\\\/496a8e03d0c493ede1718b7934145dbdf8d89be1036b0eec9544e1094c9de390?s=96&d=mm&r=g\",\"width\":96,\"height\":96,\"caption\":\"Cand\\u00e1s 365\"},\"sameAs\":[\"https:\\\/\\\/www.facebook.com\\\/carrenoactualidad\",\"https:\\\/\\\/twitter.com\\\/nbasturias\",\"https:\\\/\\\/www.instagram.com\\\/nachofdezber\\\/\",\"https:\\\/\\\/www.youtube.com\\\/channel\\\/UCZP-2wLEB9Rv6erhFmqVnvg\"]},{\"@type\":\"WebPage\",\"@id\":\"https:\\\/\\\/candas365.es\\\/noticias\\\/copa-america-2021-analisis-de-las-principales-selecciones-de-futbol\\\/#webpage\",\"url\":\"https:\\\/\\\/candas365.es\\\/noticias\\\/copa-america-2021-analisis-de-las-principales-selecciones-de-futbol\\\/\",\"name\":\"Copa Am\\u00e9rica 2021: an\\u00e1lisis de las principales selecciones de f\\u00fatbol | Cand\\u00e1s 365\",\"description\":\"El informe, redactado, por el periodista Tom\\u00e1s El\\u00edas Gonz\\u00e1lez Ben\\u00edtez, analiza, en profundidad, a las principales selecciones de la Copa Am\\u00e9rica\",\"inLanguage\":\"es-ES\",\"isPartOf\":{\"@id\":\"https:\\\/\\\/candas365.es\\\/noticias\\\/#website\"},\"breadcrumb\":{\"@id\":\"https:\\\/\\\/candas365.es\\\/noticias\\\/copa-america-2021-analisis-de-las-principales-selecciones-de-futbol\\\/#breadcrumblist\"},\"author\":{\"@id\":\"https:\\\/\\\/candas365.es\\\/noticias\\\/author\\\/admin\\\/#author\"},\"creator\":{\"@id\":\"https:\\\/\\\/candas365.es\\\/noticias\\\/author\\\/admin\\\/#author\"},\"image\":{\"@type\":\"ImageObject\",\"url\":\"https:\\\/\\\/candas365.es\\\/noticias\\\/wp-content\\\/uploads\\\/2018\\\/03\\\/woman-638384_1280.jpg\",\"@id\":\"https:\\\/\\\/candas365.es\\\/noticias\\\/copa-america-2021-analisis-de-las-principales-selecciones-de-futbol\\\/#mainImage\",\"width\":1280,\"height\":850},\"primaryImageOfPage\":{\"@id\":\"https:\\\/\\\/candas365.es\\\/noticias\\\/copa-america-2021-analisis-de-las-principales-selecciones-de-futbol\\\/#mainImage\"},\"datePublished\":\"2021-06-23T11:29:11+02:00\",\"dateModified\":\"2021-06-23T11:29:11+02:00\"},{\"@type\":\"WebSite\",\"@id\":\"https:\\\/\\\/candas365.es\\\/noticias\\\/#website\",\"url\":\"https:\\\/\\\/candas365.es\\\/noticias\\\/\",\"name\":\"Cand\\u00e1s 365\",\"alternateName\":\"Cand\\u00e1s 365 Noticias\",\"description\":\"Actualidad desde Carre\\u00f1o para el mundo\",\"inLanguage\":\"es-ES\",\"publisher\":{\"@id\":\"https:\\\/\\\/candas365.es\\\/noticias\\\/#organization\"}}]}\n\t\t<\/script>\n\t\t<!-- All in One SEO Pro -->\r\n\t\t<title>Copa Am\u00e9rica 2021: an\u00e1lisis de las principales selecciones de f\u00fatbol | Cand\u00e1s 365<\/title>\n\n","aioseo_head_json":{"title":"Copa Am\u00e9rica 2021: an\u00e1lisis de las principales selecciones de f\u00fatbol | Cand\u00e1s 365","description":"El informe, redactado, por el periodista Tom\u00e1s El\u00edas Gonz\u00e1lez Ben\u00edtez, analiza, en profundidad, a las principales selecciones de la Copa Am\u00e9rica","canonical_url":"https:\/\/candas365.es\/noticias\/copa-america-2021-analisis-de-las-principales-selecciones-de-futbol\/","robots":"max-image-preview:large","keywords":"deporte","webmasterTools":{"google-site-verification":"UA-32230408-1","msvalidate.01":"354F3CDFB2DA171B47FBE9ABF1F88D5","miscellaneous":""},"schema":{"@context":"https:\/\/schema.org","@graph":[{"@type":"BreadcrumbList","@id":"https:\/\/candas365.es\/noticias\/copa-america-2021-analisis-de-las-principales-selecciones-de-futbol\/#breadcrumblist","itemListElement":[{"@type":"ListItem","@id":"https:\/\/candas365.es\/noticias#listItem","position":1,"name":"Home","item":"https:\/\/candas365.es\/noticias","nextItem":{"@type":"ListItem","@id":"https:\/\/candas365.es\/noticias\/category\/deporte\/#listItem","name":"Deporte"}},{"@type":"ListItem","@id":"https:\/\/candas365.es\/noticias\/category\/deporte\/#listItem","position":2,"name":"Deporte","item":"https:\/\/candas365.es\/noticias\/category\/deporte\/","nextItem":{"@type":"ListItem","@id":"https:\/\/candas365.es\/noticias\/copa-america-2021-analisis-de-las-principales-selecciones-de-futbol\/#listItem","name":"Copa Am\u00e9rica 2021: an\u00e1lisis de las principales selecciones de f\u00fatbol"},"previousItem":{"@type":"ListItem","@id":"https:\/\/candas365.es\/noticias#listItem","name":"Home"}},{"@type":"ListItem","@id":"https:\/\/candas365.es\/noticias\/copa-america-2021-analisis-de-las-principales-selecciones-de-futbol\/#listItem","position":3,"name":"Copa Am\u00e9rica 2021: an\u00e1lisis de las principales selecciones de f\u00fatbol","previousItem":{"@type":"ListItem","@id":"https:\/\/candas365.es\/noticias\/category\/deporte\/#listItem","name":"Deporte"}}]},{"@type":"NewsArticle","@id":"https:\/\/candas365.es\/noticias\/copa-america-2021-analisis-de-las-principales-selecciones-de-futbol\/#newsarticle","name":"Copa Am\u00e9rica 2021: an\u00e1lisis de las principales selecciones de f\u00fatbol | Cand\u00e1s 365","headline":"Copa Am\u00e9rica 2021: an\u00e1lisis de las principales selecciones de f\u00fatbol","author":{"@id":"https:\/\/candas365.es\/noticias\/author\/admin\/#author"},"publisher":{"@id":"https:\/\/candas365.es\/noticias\/#organization"},"image":{"@type":"ImageObject","url":"https:\/\/candas365.es\/noticias\/wp-content\/uploads\/2018\/03\/woman-638384_1280.jpg","width":1280,"height":850},"datePublished":"2021-06-23T11:29:11+02:00","dateModified":"2021-06-23T11:29:11+02:00","inLanguage":"es-ES","mainEntityOfPage":{"@id":"https:\/\/candas365.es\/noticias\/copa-america-2021-analisis-de-las-principales-selecciones-de-futbol\/#webpage"},"isPartOf":{"@id":"https:\/\/candas365.es\/noticias\/copa-america-2021-analisis-de-las-principales-selecciones-de-futbol\/#webpage"},"articleSection":"Deporte","dateline":"Publicado el junio 23, 2021."},{"@type":"Organization","@id":"https:\/\/candas365.es\/noticias\/#organization","name":"Cand\u00e1s 365","description":"Cand\u00e1s 365 es un diario digital independiente, fundado en 2012, con base en Asturias. Informamos con rigor sobre actualidad, sociedad, cultura y ocio, con una mirada local y global.","url":"https:\/\/candas365.es\/noticias\/","email":"info@candas365.es","telephone":"+34652131393","foundingDate":"2012-06-10","logo":{"@type":"ImageObject","url":"https:\/\/candas365.es\/noticias\/wp-content\/uploads\/2024\/09\/Candas-365-Redes.jpg","@id":"https:\/\/candas365.es\/noticias\/copa-america-2021-analisis-de-las-principales-selecciones-de-futbol\/#organizationLogo","width":1152,"height":864,"caption":"Cand\u00e1s 365 Redes"},"image":{"@id":"https:\/\/candas365.es\/noticias\/copa-america-2021-analisis-de-las-principales-selecciones-de-futbol\/#organizationLogo"},"sameAs":["https:\/\/www.facebook.com\/Nachofdezber","https:\/\/x.com\/NabercoDigital","https:\/\/www.instagram.com\/nachofdezber\/","https:\/\/www.youtube.com\/channel\/UCZP-2wLEB9Rv6erhFmqVnvg"],"address":{"@id":"https:\/\/candas365.es\/noticias\/#postaladdress","@type":"PostalAddress","streetAddress":"san antonio 4, san antonio 4","postalCode":"33430","addressLocality":"Cand\u00e1s","addressRegion":"Asturias","addressCountry":"ES"}},{"@type":"Person","@id":"https:\/\/candas365.es\/noticias\/author\/admin\/#author","url":"https:\/\/candas365.es\/noticias\/author\/admin\/","name":"Cand\u00e1s 365","image":{"@type":"ImageObject","@id":"https:\/\/candas365.es\/noticias\/copa-america-2021-analisis-de-las-principales-selecciones-de-futbol\/#authorImage","url":"https:\/\/secure.gravatar.com\/avatar\/496a8e03d0c493ede1718b7934145dbdf8d89be1036b0eec9544e1094c9de390?s=96&d=mm&r=g","width":96,"height":96,"caption":"Cand\u00e1s 365"},"sameAs":["https:\/\/www.facebook.com\/carrenoactualidad","https:\/\/twitter.com\/nbasturias","https:\/\/www.instagram.com\/nachofdezber\/","https:\/\/www.youtube.com\/channel\/UCZP-2wLEB9Rv6erhFmqVnvg"]},{"@type":"WebPage","@id":"https:\/\/candas365.es\/noticias\/copa-america-2021-analisis-de-las-principales-selecciones-de-futbol\/#webpage","url":"https:\/\/candas365.es\/noticias\/copa-america-2021-analisis-de-las-principales-selecciones-de-futbol\/","name":"Copa Am\u00e9rica 2021: an\u00e1lisis de las principales selecciones de f\u00fatbol | Cand\u00e1s 365","description":"El informe, redactado, por el periodista Tom\u00e1s El\u00edas Gonz\u00e1lez Ben\u00edtez, analiza, en profundidad, a las principales selecciones de la Copa Am\u00e9rica","inLanguage":"es-ES","isPartOf":{"@id":"https:\/\/candas365.es\/noticias\/#website"},"breadcrumb":{"@id":"https:\/\/candas365.es\/noticias\/copa-america-2021-analisis-de-las-principales-selecciones-de-futbol\/#breadcrumblist"},"author":{"@id":"https:\/\/candas365.es\/noticias\/author\/admin\/#author"},"creator":{"@id":"https:\/\/candas365.es\/noticias\/author\/admin\/#author"},"image":{"@type":"ImageObject","url":"https:\/\/candas365.es\/noticias\/wp-content\/uploads\/2018\/03\/woman-638384_1280.jpg","@id":"https:\/\/candas365.es\/noticias\/copa-america-2021-analisis-de-las-principales-selecciones-de-futbol\/#mainImage","width":1280,"height":850},"primaryImageOfPage":{"@id":"https:\/\/candas365.es\/noticias\/copa-america-2021-analisis-de-las-principales-selecciones-de-futbol\/#mainImage"},"datePublished":"2021-06-23T11:29:11+02:00","dateModified":"2021-06-23T11:29:11+02:00"},{"@type":"WebSite","@id":"https:\/\/candas365.es\/noticias\/#website","url":"https:\/\/candas365.es\/noticias\/","name":"Cand\u00e1s 365","alternateName":"Cand\u00e1s 365 Noticias","description":"Actualidad desde Carre\u00f1o para el mundo","inLanguage":"es-ES","publisher":{"@id":"https:\/\/candas365.es\/noticias\/#organization"}}]},"og:locale":"es_ES","og:site_name":"Cand\u00e1s 365","og:type":"article","og:title":"Copa Am\u00e9rica 2021: an\u00e1lisis de las principales selecciones de f\u00fatbol | Cand\u00e1s 365","og:description":"El informe, redactado, por el periodista Tom\u00e1s El\u00edas Gonz\u00e1lez Ben\u00edtez, analiza, en profundidad, a las principales selecciones de la Copa Am\u00e9rica","og:url":"https:\/\/candas365.es\/noticias\/copa-america-2021-analisis-de-las-principales-selecciones-de-futbol\/","og:image":"https:\/\/candas365.es\/noticias\/wp-content\/uploads\/2018\/03\/woman-638384_1280.jpg","og:image:secure_url":"https:\/\/candas365.es\/noticias\/wp-content\/uploads\/2018\/03\/woman-638384_1280.jpg","og:image:width":1280,"og:image:height":850,"article:published_time":"2021-06-23T11:29:11+00:00","article:modified_time":"2021-06-23T11:29:11+00:00","article:publisher":"https:\/\/www.facebook.com\/Nachofdezber","article:author":"https:\/\/www.facebook.com\/carrenoactualidad","twitter:card":"summary_large_image","twitter:site":"@NabercoDigital","twitter:title":"Copa Am\u00e9rica 2021: an\u00e1lisis de las principales selecciones de f\u00fatbol | Cand\u00e1s 365","twitter:description":"El informe, redactado, por el periodista Tom\u00e1s El\u00edas Gonz\u00e1lez Ben\u00edtez, analiza, en profundidad, a las principales selecciones de la Copa Am\u00e9rica","twitter:creator":"@nbasturias","twitter:image":"https:\/\/candas365.es\/noticias\/wp-content\/uploads\/2018\/03\/woman-638384_1280.jpg","twitter:label1":"Escrito por","twitter:data1":"Cand\u00e1s 365","twitter:label2":"Tiempo de lectura estimado","twitter:data2":"3 minutos"},"aioseo_meta_data":{"post_id":"156128","title":null,"description":"El informe, redactado, por el periodista Tom\u00e1s El\u00edas Gonz\u00e1lez Ben\u00edtez, analiza, en profundidad, a las principales selecciones de la Copa Am\u00e9rica","keywords":[],"keyphrases":{"focus":{"keyphrase":"Copa Am\u00e9rica","score":73,"analysis":{"keyphraseInTitle":{"title":"Frase clave objetivo en el t\u00edtulo SEO","description":"Frase clave objetivo encontrada en el t\u00edtulo SEO.","score":9,"maxScore":9,"error":0},"keyphraseInDescription":{"title":"Frase clave objetivo en la meta descripci\u00f3n","description":"Frase clave objetivo encontrada en la meta descripci\u00f3n.","score":9,"maxScore":9,"error":0},"keyphraseInURL":{"title":"Frase clave objetivo en la URL","description":"Frase clave objetivo no encontrada en la URL.","score":1,"maxScore":5,"error":1},"keyphraseLength":{"title":"Longitud de la Frase clave objetivo","description":"\u00a1Buen trabajo!","score":9,"maxScore":9,"error":0,"length":2},"keyphraseInIntroduction":{"title":"Frase clave objetivo en la introducci\u00f3n","description":"Su Frase clave objetivo aparece en el primer p\u00e1rrafo. \u00a1Bien hecho!","score":9,"maxScore":9,"error":0},"keyphraseInSubHeadings":{"title":"Frase clave objetivo sus subt\u00edtulos","description":"Use your focus keyphrase more in your H2 and H3 subheadings.","score":3,"maxScore":9,"error":1},"keyphraseInImageAlt":{"title":"Frase clave objetivo en los atributos alt de la imagen.","description":"Frase clave objetivo no se encuentra en los atributos alt de la imagen. A\u00f1ada una imagen con su Frase clave objetivo como texto alternativo.","score":3,"maxScore":9,"error":1}}},"additional":[{"keyphrase":"Tom\u00e1s El\u00edas Gonz\u00e1lez Ben\u00edtez","score":67,"analysis":{"keyphraseInDescription":{"title":"Frase clave en la meta descripci\u00f3n","description":"Frase clave encontrada en la meta descripci\u00f3n.","score":9,"maxScore":9,"error":0},"keyphraseLength":{"title":"Longitud de la Frase clave","description":"\u00a1Buen trabajo!","score":9,"maxScore":9,"error":0,"length":4},"keyphraseInIntroduction":{"title":"Frase clave en la introducci\u00f3n","description":"Su Frase clave no aparece en el primer p\u00e1rrafo. Aseg\u00farese de que el tema est\u00e9 claro de inmediato.","score":3,"maxScore":9,"error":1},"keyphraseInImageAlt":{"title":"Frase clave en los atributos alt de la imagen.","description":"Frase clave no se encuentra en los atributos alt de la imagen. A\u00f1ada una imagen con su Frase clave como texto alternativo.","score":3,"maxScore":9,"error":1}}}]},"primary_term":null,"canonical_url":null,"og_title":null,"og_description":null,"og_object_type":"default","og_image_type":"default","og_image_url":null,"og_image_width":null,"og_image_height":null,"og_image_custom_url":null,"og_image_custom_fields":null,"og_video":"","og_custom_url":null,"og_article_section":null,"og_article_tags":[],"twitter_use_og":false,"twitter_card":"default","twitter_image_type":"default","twitter_image_url":null,"twitter_image_custom_url":null,"twitter_image_custom_fields":null,"twitter_title":null,"twitter_description":null,"schema":{"blockGraphs":[],"customGraphs":[],"default":{"data":{"Article":[],"Course":[],"Dataset":[],"FAQPage":[],"Movie":[],"Person":[],"Product":[],"ProductReview":[],"Car":[],"Recipe":[],"Service":[],"SoftwareApplication":[],"WebPage":[]},"graphName":"","isEnabled":true},"graphs":[],"defaultGraph":"Article","defaultPostTypeGraph":""},"schema_type":"default","schema_type_options":"{\"article\":{\"articleType\":\"BlogPosting\"},\"course\":{\"name\":\"\",\"description\":\"\",\"provider\":\"\"},\"faq\":{\"pages\":[]},\"product\":{\"reviews\":[]},\"recipe\":{\"ingredients\":[],\"instructions\":[],\"keywords\":[]},\"software\":{\"reviews\":[],\"operatingSystems\":[]},\"webPage\":{\"webPageType\":\"WebPage\"}}","pillar_content":false,"robots_default":true,"robots_noindex":false,"robots_noarchive":false,"robots_nosnippet":false,"robots_nofollow":false,"robots_noimageindex":false,"robots_noodp":false,"robots_notranslate":false,"robots_max_snippet":"-1","robots_max_videopreview":"-1","robots_max_imagepreview":"large","priority":null,"frequency":"default","location":null,"local_seo":{"locations":{"business":{"name":"","businessType":"","image":"","areaServed":"","urls":{"website":"","aboutPage":"","contactPage":""},"address":{"streetLine1":"","streetLine2":"","zipCode":"","city":"","state":"","country":"","addressFormat":"#streetLineOne\n#streetLineTwo\n#city, #state #zipCode"},"contact":{"email":"","phone":"","phoneFormatted":"","fax":"","faxFormatted":""},"ids":{"vat":"","tax":"","chamberOfCommerce":""},"payment":{"priceRange":"","currenciesAccepted":"","methods":""}}},"openingHours":{"useDefaults":true,"show":true,"alwaysOpen":false,"use24hFormat":false,"timezone":"","labels":{"closed":"","alwaysOpen":""},"days":{"monday":{"open24h":false,"closed":false,"openTime":"09:00","closeTime":"17:00"},"tuesday":{"open24h":false,"closed":false,"openTime":"09:00","closeTime":"17:00"},"wednesday":{"open24h":false,"closed":false,"openTime":"09:00","closeTime":"17:00"},"thursday":{"open24h":false,"closed":false,"openTime":"09:00","closeTime":"17:00"},"friday":{"open24h":false,"closed":false,"openTime":"09:00","closeTime":"17:00"},"saturday":{"open24h":false,"closed":false,"openTime":"09:00","closeTime":"17:00"},"sunday":{"open24h":false,"closed":false,"openTime":"09:00","closeTime":"17:00"}}}},"seo_analyzer_scan_date":"2025-08-31 23:30:14","breadcrumb_settings":null,"limit_modified_date":false,"reviewed_by":null,"open_ai":null,"ai":null,"created":"2021-06-23 11:26:47","updated":"2025-08-31 23:30:14"},"aioseo_breadcrumb":"<div class=\"aioseo-breadcrumbs\"><span class=\"aioseo-breadcrumb\">\n\t<a href=\"https:\/\/candas365.es\/noticias\" title=\"Home\">Home<\/a>\n<\/span><span class=\"aioseo-breadcrumb-separator\">&ndash;<\/span><span class=\"aioseo-breadcrumb\">\n\t<a href=\"https:\/\/candas365.es\/noticias\/category\/deporte\/\" title=\"Deporte\">Deporte<\/a>\n<\/span><span class=\"aioseo-breadcrumb-separator\">&ndash;<\/span><span class=\"aioseo-breadcrumb\">\n\tCopa Am\u00e9rica 2021: an\u00e1lisis de las principales selecciones de f\u00fatbol\n<\/span><\/div>","aioseo_breadcrumb_json":[{"label":"Home","link":"https:\/\/candas365.es\/noticias"},{"label":"Deporte","link":"https:\/\/candas365.es\/noticias\/category\/deporte\/"},{"label":"Copa Am\u00e9rica 2021: an\u00e1lisis de las principales selecciones de f\u00fatbol","link":"https:\/\/candas365.es\/noticias\/copa-america-2021-analisis-de-las-principales-selecciones-de-futbol\/"}],"_links":{"self":[{"href":"https:\/\/candas365.es\/noticias\/wp-json\/wp\/v2\/posts\/156128","targetHints":{"allow":["GET"]}}],"collection":[{"href":"https:\/\/candas365.es\/noticias\/wp-json\/wp\/v2\/posts"}],"about":[{"href":"https:\/\/candas365.es\/noticias\/wp-json\/wp\/v2\/types\/post"}],"author":[{"embeddable":true,"href":"https:\/\/candas365.es\/noticias\/wp-json\/wp\/v2\/users\/1"}],"replies":[{"embeddable":true,"href":"https:\/\/candas365.es\/noticias\/wp-json\/wp\/v2\/comments?post=156128"}],"version-history":[{"count":0,"href":"https:\/\/candas365.es\/noticias\/wp-json\/wp\/v2\/posts\/156128\/revisions"}],"wp:featuredmedia":[{"embeddable":true,"href":"https:\/\/candas365.es\/noticias\/wp-json\/wp\/v2\/media\/92011"}],"wp:attachment":[{"href":"https:\/\/candas365.es\/noticias\/wp-json\/wp\/v2\/media?parent=156128"}],"wp:term":[{"taxonomy":"category","embeddable":true,"href":"https:\/\/candas365.es\/noticias\/wp-json\/wp\/v2\/categories?post=156128"},{"taxonomy":"post_tag","embeddable":true,"href":"https:\/\/candas365.es\/noticias\/wp-json\/wp\/v2\/tags?post=156128"}],"curies":[{"name":"wp","href":"https:\/\/api.w.org\/{rel}","templated":true}]}}