{"id":156081,"date":"2021-06-20T12:02:18","date_gmt":"2021-06-20T12:02:18","guid":{"rendered":"http:\/\/candas365.es\/noticias\/?p=156081"},"modified":"2021-06-20T12:02:18","modified_gmt":"2021-06-20T12:02:18","slug":"acuerdo-entre-el-rct-barcelona-1899-y-la-academia-de-rafa-nadal","status":"publish","type":"post","link":"https:\/\/candas365.es\/noticias\/acuerdo-entre-el-rct-barcelona-1899-y-la-academia-de-rafa-nadal\/","title":{"rendered":"Acuerdo entre el RCT Barcelona-1899 y la academia de Rafa Nadal"},"content":{"rendered":"<figure id=\"attachment_156082\" aria-describedby=\"caption-attachment-156082\" style=\"width: 360px\" class=\"wp-caption alignleft\"><img fetchpriority=\"high\" decoding=\"async\" class=\"size-medium wp-image-156082\" src=\"https:\/\/candas365.es\/noticias\/wp-content\/uploads\/2021\/06\/RCT-BARCELONA-1899-360x262.jpg\" alt=\"RCT BARCELONA-1899\" width=\"360\" height=\"262\" srcset=\"https:\/\/candas365.es\/noticias\/wp-content\/uploads\/2021\/06\/RCT-BARCELONA-1899-360x262.jpg 360w, https:\/\/candas365.es\/noticias\/wp-content\/uploads\/2021\/06\/RCT-BARCELONA-1899-650x473.jpg 650w, https:\/\/candas365.es\/noticias\/wp-content\/uploads\/2021\/06\/RCT-BARCELONA-1899.jpg 752w\" sizes=\"(max-width: 360px) 100vw, 360px\" \/><figcaption id=\"caption-attachment-156082\" class=\"wp-caption-text\">FOTO: RCT BARCELONA-1899 \/ Europa Press<\/figcaption><\/figure>\n<p>(EP) &#8211; El RCT Barcelona-1899 y la Rafa Nadal Academy by Movistar han llegado a un acuerdo estrat\u00e9gico en virtud del cual los socios del RCTB-1899 podr\u00e1n realizar estancias de formaci\u00f3n, tanto de tenis como de p\u00e1del, en las instalaciones del tenista balear en Manacor bajo la direcci\u00f3n de algunos de sus mejores entrenadores, inform\u00f3 el club barcelon\u00e9s.<\/p>\n<p>\u00abSe trata de un convenio de colaboraci\u00f3n a largo plazo que se inicia ya este mismo verano, con la estancia de varios alumnos de la Escuela de Competici\u00f3n del Club en la Rafa Nadal Academy by Movistar, con el objetivo de perfeccionar tanto su t\u00e9cnica como la t\u00e1ctica y de poder entrenarse con algunos de los mejores jugadores de sus categor\u00edas\u00bb, indica.<\/p>\n<p>\u00abEn pr\u00f3ximas convocatorias se ir\u00e1 ampliando el abanico de jugadores en todas las edades y categor\u00edas, as\u00ed como ni\u00f1os y ni\u00f1as de la escuela social del club\u00bb, a\u00f1ade el RCT Barcelona-1899, que rubric\u00f3 el acuerdo con la firma de su presidente, Jordi Cambra, acompa\u00f1ado por varios miembros de la Junta Directiva del club y de Sebasti\u00e0 Nadal, padre de Rafa, acompa\u00f1ado por Carlos Costa, m\u00e1nager de Nadal y miembro de la Junta Directiva de la Academia.<\/p>\n<p>\u00abEstamos muy contentos de poder ofrecer nuevas f\u00f3rmulas de formaci\u00f3n a nuestros jugadores, tanto juniors como seniors, y de hacerlo de la mano de uno de los jugadores m\u00e1s importantes que ha tenido nuestro Club como es Rafa Nadal\u00bb, apunt\u00f3 el presidente del RCT Barcelona, Jordi Cambra.<\/p>\n<p>Por su parte, el director de tenis de la Rafa Nadal Academy by Movistar, Toni Nadal, tambi\u00e9n puso en valor la importancia del acuerdo: \u00abEl RCT Barcelona-1899 es, sin duda, uno de los clubs m\u00e1s prestigiosos de Espa\u00f1a y uno de los m\u00e1s reconocidos a nivel mundial\u00bb, subray\u00f3.<\/p>\n<p>\u00abNos unen much\u00edsimas cosas con ellos y, por eso, ser\u00e1 una alegr\u00eda que sus jugadores puedan venir a disfrutar de nuestras instalaciones y de nuestra metodolog\u00eda de entrenamiento. Estoy convencido de que esta alianza ser\u00e1 todo un \u00e9xito\u00bb, sentenci\u00f3 Toni Nadal.<\/p>\n<p>&nbsp;<\/p>\n","protected":false},"excerpt":{"rendered":"<p>(EP) &#8211; El RCT Barcelona-1899 y la Rafa Nadal Academy by Movistar han llegado a un acuerdo estrat\u00e9gico en virtud del cual los socios del RCTB-1899 podr\u00e1n realizar estancias de formaci\u00f3n, tanto de tenis como de p\u00e1del, en las instalaciones del tenista balear en Manacor bajo la direcci\u00f3n de algunos de sus mejores entrenadores, inform\u00f3<\/p>\n","protected":false},"author":1,"featured_media":156082,"comment_status":"closed","ping_status":"closed","sticky":false,"template":"","format":"standard","meta":{"footnotes":""},"categories":[319],"tags":[],"class_list":{"0":"post-156081","1":"post","2":"type-post","3":"status-publish","4":"format-standard","5":"has-post-thumbnail","7":"category-deporte"},"aioseo_notices":[],"aioseo_head":"\n\t\t<!-- All in One SEO Pro 4.9.6.2 - aioseo.com -->\n\t<meta name=\"description\" content=\"El RCT Barcelona-1899 y la Rafa Nadal Academy by Movistar han llegado a un acuerdo estrat\u00e9gico en virtud del cual los socios del RCTB-1899 podr\u00e1n realizar ..\" \/>\n\t<meta name=\"robots\" content=\"max-image-preview:large\" \/>\n\t<meta name=\"author\" content=\"Cand\u00e1s 365\"\/>\n\t<meta name=\"google-site-verification\" content=\"UA-32230408-1\" \/>\n\t<meta name=\"msvalidate.01\" content=\"354F3CDFB2DA171B47FBE9ABF1F88D5\" \/>\n\t<meta name=\"keywords\" content=\"deporte\" \/>\n\t<link rel=\"canonical\" href=\"https:\/\/candas365.es\/noticias\/acuerdo-entre-el-rct-barcelona-1899-y-la-academia-de-rafa-nadal\/\" \/>\n\t<meta name=\"generator\" content=\"All in One SEO Pro (AIOSEO) 4.9.6.2\" \/>\n\t\t<meta property=\"og:locale\" content=\"es_ES\" \/>\n\t\t<meta property=\"og:site_name\" content=\"Cand\u00e1s 365\" \/>\n\t\t<meta property=\"og:type\" content=\"article\" \/>\n\t\t<meta property=\"og:title\" content=\"Acuerdo entre el RCT Barcelona-1899 y la academia de Rafa Nadal | Cand\u00e1s 365\" \/>\n\t\t<meta property=\"og:description\" content=\"El RCT Barcelona-1899 y la Rafa Nadal Academy by Movistar han llegado a un acuerdo estrat\u00e9gico en virtud del cual los socios del RCTB-1899 podr\u00e1n realizar ..\" \/>\n\t\t<meta property=\"og:url\" content=\"https:\/\/candas365.es\/noticias\/acuerdo-entre-el-rct-barcelona-1899-y-la-academia-de-rafa-nadal\/\" \/>\n\t\t<meta property=\"og:image\" content=\"https:\/\/candas365.es\/noticias\/wp-content\/uploads\/2021\/06\/RCT-BARCELONA-1899.jpg\" \/>\n\t\t<meta property=\"og:image:secure_url\" content=\"https:\/\/candas365.es\/noticias\/wp-content\/uploads\/2021\/06\/RCT-BARCELONA-1899.jpg\" \/>\n\t\t<meta property=\"og:image:width\" content=\"752\" \/>\n\t\t<meta property=\"og:image:height\" content=\"547\" \/>\n\t\t<meta property=\"article:published_time\" content=\"2021-06-20T12:02:18+00:00\" \/>\n\t\t<meta property=\"article:modified_time\" content=\"2021-06-20T12:02:18+00:00\" \/>\n\t\t<meta property=\"article:publisher\" content=\"https:\/\/www.facebook.com\/Nachofdezber\" \/>\n\t\t<meta property=\"article:author\" content=\"https:\/\/www.facebook.com\/carrenoactualidad\" \/>\n\t\t<meta name=\"twitter:card\" content=\"summary_large_image\" \/>\n\t\t<meta name=\"twitter:site\" content=\"@NabercoDigital\" \/>\n\t\t<meta name=\"twitter:title\" content=\"Acuerdo entre el RCT Barcelona-1899 y la academia de Rafa Nadal | Cand\u00e1s 365\" \/>\n\t\t<meta name=\"twitter:description\" content=\"El RCT Barcelona-1899 y la Rafa Nadal Academy by Movistar han llegado a un acuerdo estrat\u00e9gico en virtud del cual los socios del RCTB-1899 podr\u00e1n realizar ..\" \/>\n\t\t<meta name=\"twitter:creator\" content=\"@nbasturias\" \/>\n\t\t<meta name=\"twitter:image\" content=\"https:\/\/candas365.es\/noticias\/wp-content\/uploads\/2021\/06\/RCT-BARCELONA-1899.jpg\" \/>\n\t\t<meta name=\"twitter:label1\" content=\"Escrito por\" \/>\n\t\t<meta name=\"twitter:data1\" content=\"Cand\u00e1s 365\" \/>\n\t\t<meta name=\"twitter:label2\" content=\"Tiempo de lectura estimado\" \/>\n\t\t<meta name=\"twitter:data2\" content=\"2 minutos\" \/>\n\t\t<script type=\"application\/ld+json\" class=\"aioseo-schema\">\n\t\t\t{\"@context\":\"https:\\\/\\\/schema.org\",\"@graph\":[{\"@type\":\"BreadcrumbList\",\"@id\":\"https:\\\/\\\/candas365.es\\\/noticias\\\/acuerdo-entre-el-rct-barcelona-1899-y-la-academia-de-rafa-nadal\\\/#breadcrumblist\",\"itemListElement\":[{\"@type\":\"ListItem\",\"@id\":\"https:\\\/\\\/candas365.es\\\/noticias#listItem\",\"position\":1,\"name\":\"Home\",\"item\":\"https:\\\/\\\/candas365.es\\\/noticias\",\"nextItem\":{\"@type\":\"ListItem\",\"@id\":\"https:\\\/\\\/candas365.es\\\/noticias\\\/category\\\/deporte\\\/#listItem\",\"name\":\"Deporte\"}},{\"@type\":\"ListItem\",\"@id\":\"https:\\\/\\\/candas365.es\\\/noticias\\\/category\\\/deporte\\\/#listItem\",\"position\":2,\"name\":\"Deporte\",\"item\":\"https:\\\/\\\/candas365.es\\\/noticias\\\/category\\\/deporte\\\/\",\"nextItem\":{\"@type\":\"ListItem\",\"@id\":\"https:\\\/\\\/candas365.es\\\/noticias\\\/acuerdo-entre-el-rct-barcelona-1899-y-la-academia-de-rafa-nadal\\\/#listItem\",\"name\":\"Acuerdo entre el RCT Barcelona-1899 y la academia de Rafa Nadal\"},\"previousItem\":{\"@type\":\"ListItem\",\"@id\":\"https:\\\/\\\/candas365.es\\\/noticias#listItem\",\"name\":\"Home\"}},{\"@type\":\"ListItem\",\"@id\":\"https:\\\/\\\/candas365.es\\\/noticias\\\/acuerdo-entre-el-rct-barcelona-1899-y-la-academia-de-rafa-nadal\\\/#listItem\",\"position\":3,\"name\":\"Acuerdo entre el RCT Barcelona-1899 y la academia de Rafa Nadal\",\"previousItem\":{\"@type\":\"ListItem\",\"@id\":\"https:\\\/\\\/candas365.es\\\/noticias\\\/category\\\/deporte\\\/#listItem\",\"name\":\"Deporte\"}}]},{\"@type\":\"NewsArticle\",\"@id\":\"https:\\\/\\\/candas365.es\\\/noticias\\\/acuerdo-entre-el-rct-barcelona-1899-y-la-academia-de-rafa-nadal\\\/#newsarticle\",\"name\":\"Acuerdo entre el RCT Barcelona-1899 y la academia de Rafa Nadal | Cand\\u00e1s 365\",\"headline\":\"Acuerdo entre el RCT Barcelona-1899 y la academia de Rafa Nadal\",\"author\":{\"@id\":\"https:\\\/\\\/candas365.es\\\/noticias\\\/author\\\/admin\\\/#author\"},\"publisher\":{\"@id\":\"https:\\\/\\\/candas365.es\\\/noticias\\\/#organization\"},\"image\":{\"@type\":\"ImageObject\",\"url\":\"https:\\\/\\\/candas365.es\\\/noticias\\\/wp-content\\\/uploads\\\/2021\\\/06\\\/RCT-BARCELONA-1899.jpg\",\"width\":752,\"height\":547,\"caption\":\"FOTO: RCT BARCELONA-1899 \\\/ Europa Press\"},\"datePublished\":\"2021-06-20T12:02:18+02:00\",\"dateModified\":\"2021-06-20T12:02:18+02:00\",\"inLanguage\":\"es-ES\",\"mainEntityOfPage\":{\"@id\":\"https:\\\/\\\/candas365.es\\\/noticias\\\/acuerdo-entre-el-rct-barcelona-1899-y-la-academia-de-rafa-nadal\\\/#webpage\"},\"isPartOf\":{\"@id\":\"https:\\\/\\\/candas365.es\\\/noticias\\\/acuerdo-entre-el-rct-barcelona-1899-y-la-academia-de-rafa-nadal\\\/#webpage\"},\"articleSection\":\"Deporte\",\"dateline\":\"Publicado el junio 20, 2021.\"},{\"@type\":\"Organization\",\"@id\":\"https:\\\/\\\/candas365.es\\\/noticias\\\/#organization\",\"name\":\"Cand\\u00e1s 365\",\"description\":\"Cand\\u00e1s 365 es un diario digital independiente, fundado en 2012, con base en Asturias. Informamos con rigor sobre actualidad, sociedad, cultura y ocio, con una mirada local y global.\",\"url\":\"https:\\\/\\\/candas365.es\\\/noticias\\\/\",\"email\":\"info@candas365.es\",\"telephone\":\"+34652131393\",\"foundingDate\":\"2012-06-10\",\"logo\":{\"@type\":\"ImageObject\",\"url\":\"https:\\\/\\\/candas365.es\\\/noticias\\\/wp-content\\\/uploads\\\/2024\\\/09\\\/Candas-365-Redes.jpg\",\"@id\":\"https:\\\/\\\/candas365.es\\\/noticias\\\/acuerdo-entre-el-rct-barcelona-1899-y-la-academia-de-rafa-nadal\\\/#organizationLogo\",\"width\":1152,\"height\":864,\"caption\":\"Cand\\u00e1s 365 Redes\"},\"image\":{\"@id\":\"https:\\\/\\\/candas365.es\\\/noticias\\\/acuerdo-entre-el-rct-barcelona-1899-y-la-academia-de-rafa-nadal\\\/#organizationLogo\"},\"sameAs\":[\"https:\\\/\\\/www.facebook.com\\\/Nachofdezber\",\"https:\\\/\\\/x.com\\\/NabercoDigital\",\"https:\\\/\\\/www.instagram.com\\\/nachofdezber\\\/\",\"https:\\\/\\\/www.youtube.com\\\/channel\\\/UCZP-2wLEB9Rv6erhFmqVnvg\"],\"address\":{\"@id\":\"https:\\\/\\\/candas365.es\\\/noticias\\\/#postaladdress\",\"@type\":\"PostalAddress\",\"streetAddress\":\"san antonio 4, san antonio 4\",\"postalCode\":\"33430\",\"addressLocality\":\"Cand\\u00e1s\",\"addressRegion\":\"Asturias\",\"addressCountry\":\"ES\"}},{\"@type\":\"Person\",\"@id\":\"https:\\\/\\\/candas365.es\\\/noticias\\\/author\\\/admin\\\/#author\",\"url\":\"https:\\\/\\\/candas365.es\\\/noticias\\\/author\\\/admin\\\/\",\"name\":\"Cand\\u00e1s 365\",\"image\":{\"@type\":\"ImageObject\",\"@id\":\"https:\\\/\\\/candas365.es\\\/noticias\\\/acuerdo-entre-el-rct-barcelona-1899-y-la-academia-de-rafa-nadal\\\/#authorImage\",\"url\":\"https:\\\/\\\/secure.gravatar.com\\\/avatar\\\/496a8e03d0c493ede1718b7934145dbdf8d89be1036b0eec9544e1094c9de390?s=96&d=mm&r=g\",\"width\":96,\"height\":96,\"caption\":\"Cand\\u00e1s 365\"},\"sameAs\":[\"https:\\\/\\\/www.facebook.com\\\/carrenoactualidad\",\"https:\\\/\\\/twitter.com\\\/nbasturias\",\"https:\\\/\\\/www.instagram.com\\\/nachofdezber\\\/\",\"https:\\\/\\\/www.youtube.com\\\/channel\\\/UCZP-2wLEB9Rv6erhFmqVnvg\"]},{\"@type\":\"WebPage\",\"@id\":\"https:\\\/\\\/candas365.es\\\/noticias\\\/acuerdo-entre-el-rct-barcelona-1899-y-la-academia-de-rafa-nadal\\\/#webpage\",\"url\":\"https:\\\/\\\/candas365.es\\\/noticias\\\/acuerdo-entre-el-rct-barcelona-1899-y-la-academia-de-rafa-nadal\\\/\",\"name\":\"Acuerdo entre el RCT Barcelona-1899 y la academia de Rafa Nadal | Cand\\u00e1s 365\",\"description\":\"El RCT Barcelona-1899 y la Rafa Nadal Academy by Movistar han llegado a un acuerdo estrat\\u00e9gico en virtud del cual los socios del RCTB-1899 podr\\u00e1n realizar ..\",\"inLanguage\":\"es-ES\",\"isPartOf\":{\"@id\":\"https:\\\/\\\/candas365.es\\\/noticias\\\/#website\"},\"breadcrumb\":{\"@id\":\"https:\\\/\\\/candas365.es\\\/noticias\\\/acuerdo-entre-el-rct-barcelona-1899-y-la-academia-de-rafa-nadal\\\/#breadcrumblist\"},\"author\":{\"@id\":\"https:\\\/\\\/candas365.es\\\/noticias\\\/author\\\/admin\\\/#author\"},\"creator\":{\"@id\":\"https:\\\/\\\/candas365.es\\\/noticias\\\/author\\\/admin\\\/#author\"},\"image\":{\"@type\":\"ImageObject\",\"url\":\"https:\\\/\\\/candas365.es\\\/noticias\\\/wp-content\\\/uploads\\\/2021\\\/06\\\/RCT-BARCELONA-1899.jpg\",\"@id\":\"https:\\\/\\\/candas365.es\\\/noticias\\\/acuerdo-entre-el-rct-barcelona-1899-y-la-academia-de-rafa-nadal\\\/#mainImage\",\"width\":752,\"height\":547,\"caption\":\"FOTO: RCT BARCELONA-1899 \\\/ Europa Press\"},\"primaryImageOfPage\":{\"@id\":\"https:\\\/\\\/candas365.es\\\/noticias\\\/acuerdo-entre-el-rct-barcelona-1899-y-la-academia-de-rafa-nadal\\\/#mainImage\"},\"datePublished\":\"2021-06-20T12:02:18+02:00\",\"dateModified\":\"2021-06-20T12:02:18+02:00\"},{\"@type\":\"WebSite\",\"@id\":\"https:\\\/\\\/candas365.es\\\/noticias\\\/#website\",\"url\":\"https:\\\/\\\/candas365.es\\\/noticias\\\/\",\"name\":\"Cand\\u00e1s 365\",\"alternateName\":\"Cand\\u00e1s 365 Noticias\",\"description\":\"Actualidad desde Carre\\u00f1o para el mundo\",\"inLanguage\":\"es-ES\",\"publisher\":{\"@id\":\"https:\\\/\\\/candas365.es\\\/noticias\\\/#organization\"}}]}\n\t\t<\/script>\n\t\t<!-- All in One SEO Pro -->\r\n\t\t<title>Acuerdo entre el RCT Barcelona-1899 y la academia de Rafa Nadal | Cand\u00e1s 365<\/title>\n\n","aioseo_head_json":{"title":"Acuerdo entre el RCT Barcelona-1899 y la academia de Rafa Nadal | Cand\u00e1s 365","description":"El RCT Barcelona-1899 y la Rafa Nadal Academy by Movistar han llegado a un acuerdo estrat\u00e9gico en virtud del cual los socios del RCTB-1899 podr\u00e1n realizar ..","canonical_url":"https:\/\/candas365.es\/noticias\/acuerdo-entre-el-rct-barcelona-1899-y-la-academia-de-rafa-nadal\/","robots":"max-image-preview:large","keywords":"deporte","webmasterTools":{"google-site-verification":"UA-32230408-1","msvalidate.01":"354F3CDFB2DA171B47FBE9ABF1F88D5","miscellaneous":""},"schema":{"@context":"https:\/\/schema.org","@graph":[{"@type":"BreadcrumbList","@id":"https:\/\/candas365.es\/noticias\/acuerdo-entre-el-rct-barcelona-1899-y-la-academia-de-rafa-nadal\/#breadcrumblist","itemListElement":[{"@type":"ListItem","@id":"https:\/\/candas365.es\/noticias#listItem","position":1,"name":"Home","item":"https:\/\/candas365.es\/noticias","nextItem":{"@type":"ListItem","@id":"https:\/\/candas365.es\/noticias\/category\/deporte\/#listItem","name":"Deporte"}},{"@type":"ListItem","@id":"https:\/\/candas365.es\/noticias\/category\/deporte\/#listItem","position":2,"name":"Deporte","item":"https:\/\/candas365.es\/noticias\/category\/deporte\/","nextItem":{"@type":"ListItem","@id":"https:\/\/candas365.es\/noticias\/acuerdo-entre-el-rct-barcelona-1899-y-la-academia-de-rafa-nadal\/#listItem","name":"Acuerdo entre el RCT Barcelona-1899 y la academia de Rafa Nadal"},"previousItem":{"@type":"ListItem","@id":"https:\/\/candas365.es\/noticias#listItem","name":"Home"}},{"@type":"ListItem","@id":"https:\/\/candas365.es\/noticias\/acuerdo-entre-el-rct-barcelona-1899-y-la-academia-de-rafa-nadal\/#listItem","position":3,"name":"Acuerdo entre el RCT Barcelona-1899 y la academia de Rafa Nadal","previousItem":{"@type":"ListItem","@id":"https:\/\/candas365.es\/noticias\/category\/deporte\/#listItem","name":"Deporte"}}]},{"@type":"NewsArticle","@id":"https:\/\/candas365.es\/noticias\/acuerdo-entre-el-rct-barcelona-1899-y-la-academia-de-rafa-nadal\/#newsarticle","name":"Acuerdo entre el RCT Barcelona-1899 y la academia de Rafa Nadal | Cand\u00e1s 365","headline":"Acuerdo entre el RCT Barcelona-1899 y la academia de Rafa Nadal","author":{"@id":"https:\/\/candas365.es\/noticias\/author\/admin\/#author"},"publisher":{"@id":"https:\/\/candas365.es\/noticias\/#organization"},"image":{"@type":"ImageObject","url":"https:\/\/candas365.es\/noticias\/wp-content\/uploads\/2021\/06\/RCT-BARCELONA-1899.jpg","width":752,"height":547,"caption":"FOTO: RCT BARCELONA-1899 \/ Europa Press"},"datePublished":"2021-06-20T12:02:18+02:00","dateModified":"2021-06-20T12:02:18+02:00","inLanguage":"es-ES","mainEntityOfPage":{"@id":"https:\/\/candas365.es\/noticias\/acuerdo-entre-el-rct-barcelona-1899-y-la-academia-de-rafa-nadal\/#webpage"},"isPartOf":{"@id":"https:\/\/candas365.es\/noticias\/acuerdo-entre-el-rct-barcelona-1899-y-la-academia-de-rafa-nadal\/#webpage"},"articleSection":"Deporte","dateline":"Publicado el junio 20, 2021."},{"@type":"Organization","@id":"https:\/\/candas365.es\/noticias\/#organization","name":"Cand\u00e1s 365","description":"Cand\u00e1s 365 es un diario digital independiente, fundado en 2012, con base en Asturias. Informamos con rigor sobre actualidad, sociedad, cultura y ocio, con una mirada local y global.","url":"https:\/\/candas365.es\/noticias\/","email":"info@candas365.es","telephone":"+34652131393","foundingDate":"2012-06-10","logo":{"@type":"ImageObject","url":"https:\/\/candas365.es\/noticias\/wp-content\/uploads\/2024\/09\/Candas-365-Redes.jpg","@id":"https:\/\/candas365.es\/noticias\/acuerdo-entre-el-rct-barcelona-1899-y-la-academia-de-rafa-nadal\/#organizationLogo","width":1152,"height":864,"caption":"Cand\u00e1s 365 Redes"},"image":{"@id":"https:\/\/candas365.es\/noticias\/acuerdo-entre-el-rct-barcelona-1899-y-la-academia-de-rafa-nadal\/#organizationLogo"},"sameAs":["https:\/\/www.facebook.com\/Nachofdezber","https:\/\/x.com\/NabercoDigital","https:\/\/www.instagram.com\/nachofdezber\/","https:\/\/www.youtube.com\/channel\/UCZP-2wLEB9Rv6erhFmqVnvg"],"address":{"@id":"https:\/\/candas365.es\/noticias\/#postaladdress","@type":"PostalAddress","streetAddress":"san antonio 4, san antonio 4","postalCode":"33430","addressLocality":"Cand\u00e1s","addressRegion":"Asturias","addressCountry":"ES"}},{"@type":"Person","@id":"https:\/\/candas365.es\/noticias\/author\/admin\/#author","url":"https:\/\/candas365.es\/noticias\/author\/admin\/","name":"Cand\u00e1s 365","image":{"@type":"ImageObject","@id":"https:\/\/candas365.es\/noticias\/acuerdo-entre-el-rct-barcelona-1899-y-la-academia-de-rafa-nadal\/#authorImage","url":"https:\/\/secure.gravatar.com\/avatar\/496a8e03d0c493ede1718b7934145dbdf8d89be1036b0eec9544e1094c9de390?s=96&d=mm&r=g","width":96,"height":96,"caption":"Cand\u00e1s 365"},"sameAs":["https:\/\/www.facebook.com\/carrenoactualidad","https:\/\/twitter.com\/nbasturias","https:\/\/www.instagram.com\/nachofdezber\/","https:\/\/www.youtube.com\/channel\/UCZP-2wLEB9Rv6erhFmqVnvg"]},{"@type":"WebPage","@id":"https:\/\/candas365.es\/noticias\/acuerdo-entre-el-rct-barcelona-1899-y-la-academia-de-rafa-nadal\/#webpage","url":"https:\/\/candas365.es\/noticias\/acuerdo-entre-el-rct-barcelona-1899-y-la-academia-de-rafa-nadal\/","name":"Acuerdo entre el RCT Barcelona-1899 y la academia de Rafa Nadal | Cand\u00e1s 365","description":"El RCT Barcelona-1899 y la Rafa Nadal Academy by Movistar han llegado a un acuerdo estrat\u00e9gico en virtud del cual los socios del RCTB-1899 podr\u00e1n realizar ..","inLanguage":"es-ES","isPartOf":{"@id":"https:\/\/candas365.es\/noticias\/#website"},"breadcrumb":{"@id":"https:\/\/candas365.es\/noticias\/acuerdo-entre-el-rct-barcelona-1899-y-la-academia-de-rafa-nadal\/#breadcrumblist"},"author":{"@id":"https:\/\/candas365.es\/noticias\/author\/admin\/#author"},"creator":{"@id":"https:\/\/candas365.es\/noticias\/author\/admin\/#author"},"image":{"@type":"ImageObject","url":"https:\/\/candas365.es\/noticias\/wp-content\/uploads\/2021\/06\/RCT-BARCELONA-1899.jpg","@id":"https:\/\/candas365.es\/noticias\/acuerdo-entre-el-rct-barcelona-1899-y-la-academia-de-rafa-nadal\/#mainImage","width":752,"height":547,"caption":"FOTO: RCT BARCELONA-1899 \/ Europa Press"},"primaryImageOfPage":{"@id":"https:\/\/candas365.es\/noticias\/acuerdo-entre-el-rct-barcelona-1899-y-la-academia-de-rafa-nadal\/#mainImage"},"datePublished":"2021-06-20T12:02:18+02:00","dateModified":"2021-06-20T12:02:18+02:00"},{"@type":"WebSite","@id":"https:\/\/candas365.es\/noticias\/#website","url":"https:\/\/candas365.es\/noticias\/","name":"Cand\u00e1s 365","alternateName":"Cand\u00e1s 365 Noticias","description":"Actualidad desde Carre\u00f1o para el mundo","inLanguage":"es-ES","publisher":{"@id":"https:\/\/candas365.es\/noticias\/#organization"}}]},"og:locale":"es_ES","og:site_name":"Cand\u00e1s 365","og:type":"article","og:title":"Acuerdo entre el RCT Barcelona-1899 y la academia de Rafa Nadal | Cand\u00e1s 365","og:description":"El RCT Barcelona-1899 y la Rafa Nadal Academy by Movistar han llegado a un acuerdo estrat\u00e9gico en virtud del cual los socios del RCTB-1899 podr\u00e1n realizar ..","og:url":"https:\/\/candas365.es\/noticias\/acuerdo-entre-el-rct-barcelona-1899-y-la-academia-de-rafa-nadal\/","og:image":"https:\/\/candas365.es\/noticias\/wp-content\/uploads\/2021\/06\/RCT-BARCELONA-1899.jpg","og:image:secure_url":"https:\/\/candas365.es\/noticias\/wp-content\/uploads\/2021\/06\/RCT-BARCELONA-1899.jpg","og:image:width":752,"og:image:height":547,"article:published_time":"2021-06-20T12:02:18+00:00","article:modified_time":"2021-06-20T12:02:18+00:00","article:publisher":"https:\/\/www.facebook.com\/Nachofdezber","article:author":"https:\/\/www.facebook.com\/carrenoactualidad","twitter:card":"summary_large_image","twitter:site":"@NabercoDigital","twitter:title":"Acuerdo entre el RCT Barcelona-1899 y la academia de Rafa Nadal | Cand\u00e1s 365","twitter:description":"El RCT Barcelona-1899 y la Rafa Nadal Academy by Movistar han llegado a un acuerdo estrat\u00e9gico en virtud del cual los socios del RCTB-1899 podr\u00e1n realizar ..","twitter:creator":"@nbasturias","twitter:image":"https:\/\/candas365.es\/noticias\/wp-content\/uploads\/2021\/06\/RCT-BARCELONA-1899.jpg","twitter:label1":"Escrito por","twitter:data1":"Cand\u00e1s 365","twitter:label2":"Tiempo de lectura estimado","twitter:data2":"2 minutos"},"aioseo_meta_data":{"post_id":"156081","title":null,"description":"El RCT Barcelona-1899 y la Rafa Nadal Academy by Movistar han llegado a un acuerdo estrat\u00e9gico en virtud del cual los socios del RCTB-1899 podr\u00e1n realizar ..","keywords":[],"keyphrases":{"focus":{"keyphrase":"RCT Barcelona-1899","score":92,"analysis":{"keyphraseInTitle":{"title":"Frase clave objetivo en el t\u00edtulo SEO","description":"Frase clave objetivo encontrada en el t\u00edtulo SEO.","score":9,"maxScore":9,"error":0},"keyphraseInDescription":{"title":"Frase clave objetivo en la meta descripci\u00f3n","description":"Frase clave objetivo encontrada en la meta descripci\u00f3n.","score":9,"maxScore":9,"error":0},"keyphraseInURL":{"title":"Frase clave objetivo en la URL","description":"Frase clave objetivo no encontrada en la URL.","score":1,"maxScore":5,"error":1},"keyphraseInIntroduction":{"title":"Frase clave objetivo en la introducci\u00f3n","description":"Su Frase clave objetivo aparece en el primer p\u00e1rrafo. \u00a1Bien hecho!","score":9,"maxScore":9,"error":0},"keyphraseInSubHeadings":[],"keyphraseLength":{"title":"Longitud de la Frase clave objetivo","description":"\u00a1Buen trabajo!","score":9,"maxScore":9,"error":0,"length":2},"keyphraseInImageAlt":{"title":"Frase clave objetivo en los atributos alt de la imagen.","description":"Frase clave objetivo encontrada en los atributos alt de la(s) imagen(es).","score":9,"maxScore":9,"error":0}}},"additional":[{"keyphrase":"Rafa Nadal Academy","score":83,"analysis":{"keyphraseInDescription":{"title":"Frase clave en la meta descripci\u00f3n","description":"Frase clave encontrada en la meta descripci\u00f3n.","score":9,"maxScore":9,"error":0},"keyphraseInIntroduction":{"title":"Frase clave en la introducci\u00f3n","description":"Su Frase clave aparece en el primer p\u00e1rrafo. \u00a1Bien hecho!","score":9,"maxScore":9,"error":0},"keyphraseInImageAlt":{"title":"Frase clave en los atributos alt de la imagen.","description":"Frase clave no se encuentra en los atributos alt de la imagen. A\u00f1ada una imagen con su Frase clave como texto alternativo.","score":3,"maxScore":9,"error":1},"keyphraseLength":{"title":"Longitud de la Frase clave","description":"\u00a1Buen trabajo!","score":9,"maxScore":9,"error":0,"length":3}}}]},"primary_term":null,"canonical_url":null,"og_title":null,"og_description":null,"og_object_type":"default","og_image_type":"default","og_image_url":null,"og_image_width":null,"og_image_height":null,"og_image_custom_url":null,"og_image_custom_fields":null,"og_video":"","og_custom_url":null,"og_article_section":null,"og_article_tags":[],"twitter_use_og":false,"twitter_card":"default","twitter_image_type":"default","twitter_image_url":null,"twitter_image_custom_url":null,"twitter_image_custom_fields":null,"twitter_title":null,"twitter_description":null,"schema":{"blockGraphs":[],"customGraphs":[],"default":{"data":{"Article":[],"Course":[],"Dataset":[],"FAQPage":[],"Movie":[],"Person":[],"Product":[],"ProductReview":[],"Car":[],"Recipe":[],"Service":[],"SoftwareApplication":[],"WebPage":[]},"graphName":"","isEnabled":true},"graphs":[],"defaultGraph":"Article","defaultPostTypeGraph":""},"schema_type":"default","schema_type_options":"{\"article\":{\"articleType\":\"BlogPosting\"},\"course\":{\"name\":\"\",\"description\":\"\",\"provider\":\"\"},\"faq\":{\"pages\":[]},\"product\":{\"reviews\":[]},\"recipe\":{\"ingredients\":[],\"instructions\":[],\"keywords\":[]},\"software\":{\"reviews\":[],\"operatingSystems\":[]},\"webPage\":{\"webPageType\":\"WebPage\"}}","pillar_content":false,"robots_default":true,"robots_noindex":false,"robots_noarchive":false,"robots_nosnippet":false,"robots_nofollow":false,"robots_noimageindex":false,"robots_noodp":false,"robots_notranslate":false,"robots_max_snippet":"-1","robots_max_videopreview":"-1","robots_max_imagepreview":"large","priority":null,"frequency":"default","location":null,"local_seo":{"locations":{"business":{"name":"","businessType":"","image":"","areaServed":"","urls":{"website":"","aboutPage":"","contactPage":""},"address":{"streetLine1":"","streetLine2":"","zipCode":"","city":"","state":"","country":"","addressFormat":"#streetLineOne\n#streetLineTwo\n#city, #state #zipCode"},"contact":{"email":"","phone":"","phoneFormatted":"","fax":"","faxFormatted":""},"ids":{"vat":"","tax":"","chamberOfCommerce":""},"payment":{"priceRange":"","currenciesAccepted":"","methods":""}}},"openingHours":{"useDefaults":true,"show":true,"alwaysOpen":false,"use24hFormat":false,"timezone":"","labels":{"closed":"","alwaysOpen":""},"days":{"monday":{"open24h":false,"closed":false,"openTime":"09:00","closeTime":"17:00"},"tuesday":{"open24h":false,"closed":false,"openTime":"09:00","closeTime":"17:00"},"wednesday":{"open24h":false,"closed":false,"openTime":"09:00","closeTime":"17:00"},"thursday":{"open24h":false,"closed":false,"openTime":"09:00","closeTime":"17:00"},"friday":{"open24h":false,"closed":false,"openTime":"09:00","closeTime":"17:00"},"saturday":{"open24h":false,"closed":false,"openTime":"09:00","closeTime":"17:00"},"sunday":{"open24h":false,"closed":false,"openTime":"09:00","closeTime":"17:00"}}}},"seo_analyzer_scan_date":"2025-08-31 23:25:17","breadcrumb_settings":null,"limit_modified_date":false,"reviewed_by":null,"open_ai":null,"ai":null,"created":"2021-06-20 11:27:17","updated":"2025-08-31 23:25:17"},"aioseo_breadcrumb":"<div class=\"aioseo-breadcrumbs\"><span class=\"aioseo-breadcrumb\">\n\t<a href=\"https:\/\/candas365.es\/noticias\" title=\"Home\">Home<\/a>\n<\/span><span class=\"aioseo-breadcrumb-separator\">&ndash;<\/span><span class=\"aioseo-breadcrumb\">\n\t<a href=\"https:\/\/candas365.es\/noticias\/category\/deporte\/\" title=\"Deporte\">Deporte<\/a>\n<\/span><span class=\"aioseo-breadcrumb-separator\">&ndash;<\/span><span class=\"aioseo-breadcrumb\">\n\tAcuerdo entre el RCT Barcelona-1899 y la academia de Rafa Nadal\n<\/span><\/div>","aioseo_breadcrumb_json":[{"label":"Home","link":"https:\/\/candas365.es\/noticias"},{"label":"Deporte","link":"https:\/\/candas365.es\/noticias\/category\/deporte\/"},{"label":"Acuerdo entre el RCT Barcelona-1899 y la academia de Rafa Nadal","link":"https:\/\/candas365.es\/noticias\/acuerdo-entre-el-rct-barcelona-1899-y-la-academia-de-rafa-nadal\/"}],"_links":{"self":[{"href":"https:\/\/candas365.es\/noticias\/wp-json\/wp\/v2\/posts\/156081","targetHints":{"allow":["GET"]}}],"collection":[{"href":"https:\/\/candas365.es\/noticias\/wp-json\/wp\/v2\/posts"}],"about":[{"href":"https:\/\/candas365.es\/noticias\/wp-json\/wp\/v2\/types\/post"}],"author":[{"embeddable":true,"href":"https:\/\/candas365.es\/noticias\/wp-json\/wp\/v2\/users\/1"}],"replies":[{"embeddable":true,"href":"https:\/\/candas365.es\/noticias\/wp-json\/wp\/v2\/comments?post=156081"}],"version-history":[{"count":0,"href":"https:\/\/candas365.es\/noticias\/wp-json\/wp\/v2\/posts\/156081\/revisions"}],"wp:featuredmedia":[{"embeddable":true,"href":"https:\/\/candas365.es\/noticias\/wp-json\/wp\/v2\/media\/156082"}],"wp:attachment":[{"href":"https:\/\/candas365.es\/noticias\/wp-json\/wp\/v2\/media?parent=156081"}],"wp:term":[{"taxonomy":"category","embeddable":true,"href":"https:\/\/candas365.es\/noticias\/wp-json\/wp\/v2\/categories?post=156081"},{"taxonomy":"post_tag","embeddable":true,"href":"https:\/\/candas365.es\/noticias\/wp-json\/wp\/v2\/tags?post=156081"}],"curies":[{"name":"wp","href":"https:\/\/api.w.org\/{rel}","templated":true}]}}