{"id":155720,"date":"2021-06-10T16:12:04","date_gmt":"2021-06-10T16:12:04","guid":{"rendered":"http:\/\/candas365.es\/noticias\/?p=155720"},"modified":"2021-06-10T16:12:04","modified_gmt":"2021-06-10T16:12:04","slug":"eurocopa-2021-analisis-de-las-principales-selecciones-de-futbol","status":"publish","type":"post","link":"https:\/\/candas365.es\/noticias\/eurocopa-2021-analisis-de-las-principales-selecciones-de-futbol\/","title":{"rendered":"Eurocopa 2021: an\u00e1lisis de las principales selecciones de f\u00fatbol"},"content":{"rendered":"<p><i><span style=\"font-weight: 400;\">Inglaterra, Francia y B\u00e9lgica son las tres favoritas para alzarse con la competici\u00f3n europea<\/span><\/i><\/p>\n<p><img fetchpriority=\"high\" decoding=\"async\" class=\"aligncenter wp-image-155721 size-large\" src=\"https:\/\/candas365.es\/noticias\/wp-content\/uploads\/2021\/06\/futbol-650x364.jpg\" alt=\"\" width=\"650\" height=\"364\" srcset=\"https:\/\/candas365.es\/noticias\/wp-content\/uploads\/2021\/06\/futbol-650x364.jpg 650w, https:\/\/candas365.es\/noticias\/wp-content\/uploads\/2021\/06\/futbol-360x202.jpg 360w, https:\/\/candas365.es\/noticias\/wp-content\/uploads\/2021\/06\/futbol.jpg 691w\" sizes=\"(max-width: 650px) 100vw, 650px\" \/><\/p>\n<p><b>VENEZUELA <\/b><span style=\"font-weight: 400;\">&#8211; El informe, redactado, por el periodista <\/span><strong><a href=\"https:\/\/tomaseliasgonzalezbenitezvenezuela.com\/\" target=\"_blank\" rel=\"nofollow noopener\"><span style=\"color: #ff6600;\">Tom\u00e1s El\u00edas Gonz\u00e1lez Ben\u00edtez<\/span><\/a><\/strong><i><span style=\"font-weight: 400;\">, <\/span><\/i><span style=\"font-weight: 400;\">analiza las principales selecciones, que disputar\u00e1n, a partir del 11 de junio, la Eurocopa. Un a\u00f1o despu\u00e9s de la primera cita, los jugadores europeos m\u00e1s importantes disputar\u00e1n un campeonato \u00fanico, marcado por la pandemia y la limitada afici\u00f3n. Francia, Inglaterra y B\u00e9lgica son las favoritas para vencer.<\/span><\/p>\n<h2><b>Eurocopa: Italia<\/b><\/h2>\n<p><span style=\"font-weight: 400;\">El atractivo juego y joven equipo, que forma la selecci\u00f3n italiana, ilusiona en Europa.<\/span><\/p>\n<p><span style=\"font-weight: 400;\">El conjunto de Roberto Mancini est\u00e1 formado por veteranos como Bonucci o Chiellini.<\/span><\/p>\n<p><span style=\"font-weight: 400;\">Estos dos se unen a Chiesa o Insigne, que aportan la chispa que Italia necesitaba.<\/span><\/p>\n<p><span style=\"font-weight: 400;\">Su nuevo juego, m\u00e1s ofensivo, permitir\u00e1 a Italia deshacerse de la etiqueta de equipo defensivo, encerrado en su \u00e1rea.<\/span><\/p>\n<p><span style=\"font-weight: 400;\">El pleno de victorias, en la fase clasificatoria, es el primer paso de un equipo que quiere resarcirse de la ausencia en el \u00faltimo Mundial.<\/span><\/p>\n<h2><b>Eurocopa: Francia<\/b><\/h2>\n<p><span style=\"font-weight: 400;\">Las malas sensaciones de Francia en la fase clasificatoria y el encuadre en el \u2018grupo de la muerte\u2019 provocan dudas, a d\u00edas de la Eurocopa.\u00a0<\/span><\/p>\n<p><span style=\"font-weight: 400;\">El lado positivo del equipo de Deschamps es la etiqueta de favorito, por ser la vigente campeona del mundo.<\/span><\/p>\n<p><span style=\"font-weight: 400;\">A ello, se a\u00f1ade la incorporaci\u00f3n, a su plantilla, de un viejo conocido: Karim Benzema.<\/span><\/p>\n<p><span style=\"font-weight: 400;\">Junto al delantero del Real Madrid, se re\u00fanen nombres como Mbapp\u00e9, o Griezmann.<\/span><\/p>\n<h2><b>Eurocopa: B\u00e9lgica<\/b><\/h2>\n<p><span style=\"font-weight: 400;\">B\u00e9lgica es uno de los pa\u00edses que mejor preparado llega a la cita. Las victorias y goles de la clasificaci\u00f3n, a la Eurocopa y Mundial, avalan su candidatura.<\/span><\/p>\n<p><span style=\"font-weight: 400;\">El equipo de Roberto Mart\u00ednez consigui\u00f3 el tercer puesto en el \u00faltimo Mundial 2018 e intentar\u00e1 que no se considere un hito aislado.<\/span><\/p>\n<p><span style=\"font-weight: 400;\">Desde la llegada del espa\u00f1ol al banquillo de la selecci\u00f3n, este equipo ha ido creciendo hasta conseguir la madurez.<\/span><\/p>\n<p><span style=\"font-weight: 400;\">La duda es el rendimiento de su gran estrella, Eden Hazard. Su temporada irregular, en el Real Madrid, ha estado plagada de lesiones.<\/span><\/p>\n<p><span style=\"font-weight: 400;\">No obstante, la plantilla est\u00e1 formada por otros jugadores, protagonistas en Europa, como son Courtois, Lukaku o De Bruyne.<\/span><\/p>\n<h2><b>Eurocopa: Alemania<\/b><\/h2>\n<p><span style=\"font-weight: 400;\">El fracaso de Alemania, en el pasado Mundial, ha supuesto un nuevo ciclo para el equipo de Joachim L\u00f6w.<\/span><\/p>\n<p><span style=\"font-weight: 400;\">La nueva generaci\u00f3n deja atr\u00e1s a Hummels, M\u00fcller y Boateng, dando paso a Kroos, como l\u00edder.<\/span><\/p>\n<p><span style=\"font-weight: 400;\">Por su parte, Werner, San\u00e9 o Kimmich, con su talento y juventud, aportar\u00e1n un nuevo estilo, muy diferente a la Alemania de la \u00faltima d\u00e9cada.<\/span><\/p>\n<p><span style=\"font-weight: 400;\">La nueva selecci\u00f3n ha firmado una buena fase de clasificaci\u00f3n, a la espera de volver a convertirse en un rival fuerte.<\/span><\/p>\n<h2><b>Eurocopa: Portugal<\/b><\/h2>\n<p><span style=\"font-weight: 400;\">Portugal es favorita, por ser la vigente campeona. No obstante, los \u00faltimos resultados y juego no acompa\u00f1an al equipo de Fernando Santos.<\/span><\/p>\n<p><span style=\"font-weight: 400;\">La selecci\u00f3n de Portugal tuvo que sufrir, hasta el \u00faltimo momento, para certificar su presencia en la actual Eurocopa.<\/span><\/p>\n<p><span style=\"font-weight: 400;\">La dependencia sobre Cristiano Ronaldo es un inconveniente, ya que el jugador no est\u00e1 a su nivel m\u00e1s fuerte. Y, el resto del equipo no brilla, en su conjunto.<\/span><\/p>\n<h2><b>Eurocopa: Inglaterra<\/b><\/h2>\n<p><span style=\"font-weight: 400;\">Inglaterraes una selecci\u00f3n, que lleva a\u00f1os sufriendo en los campeonatos internacionales. A d\u00eda de hoy se ha reforzado y es una candidata, a vencer la Eurocopa.<\/span><\/p>\n<p><span style=\"font-weight: 400;\">Kane es el l\u00edder de un equipo, cuyo juego se basa en las bandas. Pero, se caracteriza por la ausencia de estrellas.<\/span><\/p>\n<p><span style=\"font-weight: 400;\">La competici\u00f3n de Inglaterra llevar\u00e1 a su entrenador, Gareth Southgate, al \u00e9xito total o a una nueva decepci\u00f3n.<\/span><\/p>\n<h2><b>Eurocopa: Espa\u00f1a<\/b><\/h2>\n<p><span style=\"font-weight: 400;\">Espa\u00f1a es otra de las selecciones que ha necesitado una renovaci\u00f3n. Y la ausencia de Sergio Ramos es el mayor ejemplo.<\/span><\/p>\n<p><span style=\"font-weight: 400;\">Luis Enrique ha apostado por una plantilla m\u00e1s joven, de la que est\u00e1 intentando hacer una campeona, como la Espa\u00f1a de 2010.<\/span><\/p>\n<p><span style=\"font-weight: 400;\">Pero, los jugadores no acaban de formar un equipo brillante y consolidado.<\/span><\/p>\n<p><span style=\"font-weight: 400;\">A ello se ha unido el positivo, en Covid-19, de Sergio Busquets, con el que Luis Enrique ha tenido que remodelar la preparaci\u00f3n al campeonato.<\/span><\/p>\n<h2><b>Conclusiones<\/b><\/h2>\n<p><span style=\"font-weight: 400;\">Turqu\u00eda-Italia es el partido inaugural de la Eurocopa 2021, el pr\u00f3ximo 11 de junio.<\/span><\/p>\n<p><span style=\"font-weight: 400;\">Las selecciones anteriores son favoritas por su historia o juego. No obstante, estos campeonatos presentan sorpresas.<\/span><\/p>\n<p><span style=\"font-weight: 400;\">A d\u00edas de que comience la Eurocopa, Francia es la gran favorita, seguida de Inglaterra y B\u00e9lgica.<\/span><\/p>\n","protected":false},"excerpt":{"rendered":"<p>Inglaterra, Francia y B\u00e9lgica son las tres favoritas para alzarse con la competici\u00f3n europea VENEZUELA &#8211; El informe, redactado, por el periodista Tom\u00e1s El\u00edas Gonz\u00e1lez Ben\u00edtez, analiza las principales selecciones, que disputar\u00e1n, a partir del 11 de junio, la Eurocopa. Un a\u00f1o despu\u00e9s de la primera cita, los jugadores europeos m\u00e1s importantes disputar\u00e1n un campeonato<\/p>\n","protected":false},"author":1,"featured_media":155721,"comment_status":"closed","ping_status":"closed","sticky":false,"template":"","format":"standard","meta":{"footnotes":""},"categories":[319],"tags":[],"class_list":{"0":"post-155720","1":"post","2":"type-post","3":"status-publish","4":"format-standard","5":"has-post-thumbnail","7":"category-deporte"},"aioseo_notices":[],"aioseo_head":"\n\t\t<!-- All in One SEO Pro 4.9.6.2 - aioseo.com -->\n\t<meta name=\"description\" content=\"El informe redactado, por el periodista Tom\u00e1s El\u00edas Gonz\u00e1lez Ben\u00edtez, analiza las principales selecciones, que disputar\u00e1n, a partir del 11 de junio, la Eurocopa\" \/>\n\t<meta name=\"robots\" content=\"max-image-preview:large\" \/>\n\t<meta name=\"author\" content=\"Cand\u00e1s 365\"\/>\n\t<meta name=\"google-site-verification\" content=\"UA-32230408-1\" \/>\n\t<meta name=\"msvalidate.01\" content=\"354F3CDFB2DA171B47FBE9ABF1F88D5\" \/>\n\t<meta name=\"keywords\" content=\"deporte\" \/>\n\t<link rel=\"canonical\" href=\"https:\/\/candas365.es\/noticias\/eurocopa-2021-analisis-de-las-principales-selecciones-de-futbol\/\" \/>\n\t<meta name=\"generator\" content=\"All in One SEO Pro (AIOSEO) 4.9.6.2\" \/>\n\t\t<meta property=\"og:locale\" content=\"es_ES\" \/>\n\t\t<meta property=\"og:site_name\" content=\"Cand\u00e1s 365\" \/>\n\t\t<meta property=\"og:type\" content=\"article\" \/>\n\t\t<meta property=\"og:title\" content=\"Eurocopa 2021: an\u00e1lisis de las principales selecciones de f\u00fatbol | Cand\u00e1s 365\" \/>\n\t\t<meta property=\"og:description\" content=\"El informe redactado, por el periodista Tom\u00e1s El\u00edas Gonz\u00e1lez Ben\u00edtez, analiza las principales selecciones, que disputar\u00e1n, a partir del 11 de junio, la Eurocopa\" \/>\n\t\t<meta property=\"og:url\" content=\"https:\/\/candas365.es\/noticias\/eurocopa-2021-analisis-de-las-principales-selecciones-de-futbol\/\" \/>\n\t\t<meta property=\"og:image\" content=\"https:\/\/candas365.es\/noticias\/wp-content\/uploads\/2021\/06\/futbol.jpg\" \/>\n\t\t<meta property=\"og:image:secure_url\" content=\"https:\/\/candas365.es\/noticias\/wp-content\/uploads\/2021\/06\/futbol.jpg\" \/>\n\t\t<meta property=\"og:image:width\" content=\"691\" \/>\n\t\t<meta property=\"og:image:height\" content=\"387\" \/>\n\t\t<meta property=\"article:published_time\" content=\"2021-06-10T16:12:04+00:00\" \/>\n\t\t<meta property=\"article:modified_time\" content=\"2021-06-10T16:12:04+00:00\" \/>\n\t\t<meta property=\"article:publisher\" content=\"https:\/\/www.facebook.com\/Nachofdezber\" \/>\n\t\t<meta property=\"article:author\" content=\"https:\/\/www.facebook.com\/carrenoactualidad\" \/>\n\t\t<meta name=\"twitter:card\" content=\"summary_large_image\" \/>\n\t\t<meta name=\"twitter:site\" content=\"@NabercoDigital\" \/>\n\t\t<meta name=\"twitter:title\" content=\"Eurocopa 2021: an\u00e1lisis de las principales selecciones de f\u00fatbol | Cand\u00e1s 365\" \/>\n\t\t<meta name=\"twitter:description\" content=\"El informe redactado, por el periodista Tom\u00e1s El\u00edas Gonz\u00e1lez Ben\u00edtez, analiza las principales selecciones, que disputar\u00e1n, a partir del 11 de junio, la Eurocopa\" \/>\n\t\t<meta name=\"twitter:creator\" content=\"@nbasturias\" \/>\n\t\t<meta name=\"twitter:image\" content=\"https:\/\/candas365.es\/noticias\/wp-content\/uploads\/2021\/06\/futbol.jpg\" \/>\n\t\t<meta name=\"twitter:label1\" content=\"Escrito por\" \/>\n\t\t<meta name=\"twitter:data1\" content=\"Cand\u00e1s 365\" \/>\n\t\t<meta name=\"twitter:label2\" content=\"Tiempo de lectura estimado\" \/>\n\t\t<meta name=\"twitter:data2\" content=\"4 minutos\" \/>\n\t\t<script type=\"application\/ld+json\" class=\"aioseo-schema\">\n\t\t\t{\"@context\":\"https:\\\/\\\/schema.org\",\"@graph\":[{\"@type\":\"BreadcrumbList\",\"@id\":\"https:\\\/\\\/candas365.es\\\/noticias\\\/eurocopa-2021-analisis-de-las-principales-selecciones-de-futbol\\\/#breadcrumblist\",\"itemListElement\":[{\"@type\":\"ListItem\",\"@id\":\"https:\\\/\\\/candas365.es\\\/noticias#listItem\",\"position\":1,\"name\":\"Home\",\"item\":\"https:\\\/\\\/candas365.es\\\/noticias\",\"nextItem\":{\"@type\":\"ListItem\",\"@id\":\"https:\\\/\\\/candas365.es\\\/noticias\\\/category\\\/deporte\\\/#listItem\",\"name\":\"Deporte\"}},{\"@type\":\"ListItem\",\"@id\":\"https:\\\/\\\/candas365.es\\\/noticias\\\/category\\\/deporte\\\/#listItem\",\"position\":2,\"name\":\"Deporte\",\"item\":\"https:\\\/\\\/candas365.es\\\/noticias\\\/category\\\/deporte\\\/\",\"nextItem\":{\"@type\":\"ListItem\",\"@id\":\"https:\\\/\\\/candas365.es\\\/noticias\\\/eurocopa-2021-analisis-de-las-principales-selecciones-de-futbol\\\/#listItem\",\"name\":\"Eurocopa 2021: an\\u00e1lisis de las principales selecciones de f\\u00fatbol\"},\"previousItem\":{\"@type\":\"ListItem\",\"@id\":\"https:\\\/\\\/candas365.es\\\/noticias#listItem\",\"name\":\"Home\"}},{\"@type\":\"ListItem\",\"@id\":\"https:\\\/\\\/candas365.es\\\/noticias\\\/eurocopa-2021-analisis-de-las-principales-selecciones-de-futbol\\\/#listItem\",\"position\":3,\"name\":\"Eurocopa 2021: an\\u00e1lisis de las principales selecciones de f\\u00fatbol\",\"previousItem\":{\"@type\":\"ListItem\",\"@id\":\"https:\\\/\\\/candas365.es\\\/noticias\\\/category\\\/deporte\\\/#listItem\",\"name\":\"Deporte\"}}]},{\"@type\":\"NewsArticle\",\"@id\":\"https:\\\/\\\/candas365.es\\\/noticias\\\/eurocopa-2021-analisis-de-las-principales-selecciones-de-futbol\\\/#newsarticle\",\"name\":\"Eurocopa 2021: an\\u00e1lisis de las principales selecciones de f\\u00fatbol | Cand\\u00e1s 365\",\"headline\":\"Eurocopa 2021: an\\u00e1lisis de las principales selecciones de f\\u00fatbol\",\"author\":{\"@id\":\"https:\\\/\\\/candas365.es\\\/noticias\\\/author\\\/admin\\\/#author\"},\"publisher\":{\"@id\":\"https:\\\/\\\/candas365.es\\\/noticias\\\/#organization\"},\"image\":{\"@type\":\"ImageObject\",\"url\":\"https:\\\/\\\/candas365.es\\\/noticias\\\/wp-content\\\/uploads\\\/2021\\\/06\\\/futbol.jpg\",\"width\":691,\"height\":387},\"datePublished\":\"2021-06-10T16:12:04+02:00\",\"dateModified\":\"2021-06-10T16:12:04+02:00\",\"inLanguage\":\"es-ES\",\"mainEntityOfPage\":{\"@id\":\"https:\\\/\\\/candas365.es\\\/noticias\\\/eurocopa-2021-analisis-de-las-principales-selecciones-de-futbol\\\/#webpage\"},\"isPartOf\":{\"@id\":\"https:\\\/\\\/candas365.es\\\/noticias\\\/eurocopa-2021-analisis-de-las-principales-selecciones-de-futbol\\\/#webpage\"},\"articleSection\":\"Deporte\",\"dateline\":\"Publicado el junio 10, 2021.\"},{\"@type\":\"Organization\",\"@id\":\"https:\\\/\\\/candas365.es\\\/noticias\\\/#organization\",\"name\":\"Cand\\u00e1s 365\",\"description\":\"Cand\\u00e1s 365 es un diario digital independiente, fundado en 2012, con base en Asturias. Informamos con rigor sobre actualidad, sociedad, cultura y ocio, con una mirada local y global.\",\"url\":\"https:\\\/\\\/candas365.es\\\/noticias\\\/\",\"email\":\"info@candas365.es\",\"telephone\":\"+34652131393\",\"foundingDate\":\"2012-06-10\",\"logo\":{\"@type\":\"ImageObject\",\"url\":\"https:\\\/\\\/candas365.es\\\/noticias\\\/wp-content\\\/uploads\\\/2024\\\/09\\\/Candas-365-Redes.jpg\",\"@id\":\"https:\\\/\\\/candas365.es\\\/noticias\\\/eurocopa-2021-analisis-de-las-principales-selecciones-de-futbol\\\/#organizationLogo\",\"width\":1152,\"height\":864,\"caption\":\"Cand\\u00e1s 365 Redes\"},\"image\":{\"@id\":\"https:\\\/\\\/candas365.es\\\/noticias\\\/eurocopa-2021-analisis-de-las-principales-selecciones-de-futbol\\\/#organizationLogo\"},\"sameAs\":[\"https:\\\/\\\/www.facebook.com\\\/Nachofdezber\",\"https:\\\/\\\/x.com\\\/NabercoDigital\",\"https:\\\/\\\/www.instagram.com\\\/nachofdezber\\\/\",\"https:\\\/\\\/www.youtube.com\\\/channel\\\/UCZP-2wLEB9Rv6erhFmqVnvg\"],\"address\":{\"@id\":\"https:\\\/\\\/candas365.es\\\/noticias\\\/#postaladdress\",\"@type\":\"PostalAddress\",\"streetAddress\":\"san antonio 4, san antonio 4\",\"postalCode\":\"33430\",\"addressLocality\":\"Cand\\u00e1s\",\"addressRegion\":\"Asturias\",\"addressCountry\":\"ES\"}},{\"@type\":\"Person\",\"@id\":\"https:\\\/\\\/candas365.es\\\/noticias\\\/author\\\/admin\\\/#author\",\"url\":\"https:\\\/\\\/candas365.es\\\/noticias\\\/author\\\/admin\\\/\",\"name\":\"Cand\\u00e1s 365\",\"image\":{\"@type\":\"ImageObject\",\"@id\":\"https:\\\/\\\/candas365.es\\\/noticias\\\/eurocopa-2021-analisis-de-las-principales-selecciones-de-futbol\\\/#authorImage\",\"url\":\"https:\\\/\\\/secure.gravatar.com\\\/avatar\\\/496a8e03d0c493ede1718b7934145dbdf8d89be1036b0eec9544e1094c9de390?s=96&d=mm&r=g\",\"width\":96,\"height\":96,\"caption\":\"Cand\\u00e1s 365\"},\"sameAs\":[\"https:\\\/\\\/www.facebook.com\\\/carrenoactualidad\",\"https:\\\/\\\/twitter.com\\\/nbasturias\",\"https:\\\/\\\/www.instagram.com\\\/nachofdezber\\\/\",\"https:\\\/\\\/www.youtube.com\\\/channel\\\/UCZP-2wLEB9Rv6erhFmqVnvg\"]},{\"@type\":\"WebPage\",\"@id\":\"https:\\\/\\\/candas365.es\\\/noticias\\\/eurocopa-2021-analisis-de-las-principales-selecciones-de-futbol\\\/#webpage\",\"url\":\"https:\\\/\\\/candas365.es\\\/noticias\\\/eurocopa-2021-analisis-de-las-principales-selecciones-de-futbol\\\/\",\"name\":\"Eurocopa 2021: an\\u00e1lisis de las principales selecciones de f\\u00fatbol | Cand\\u00e1s 365\",\"description\":\"El informe redactado, por el periodista Tom\\u00e1s El\\u00edas Gonz\\u00e1lez Ben\\u00edtez, analiza las principales selecciones, que disputar\\u00e1n, a partir del 11 de junio, la Eurocopa\",\"inLanguage\":\"es-ES\",\"isPartOf\":{\"@id\":\"https:\\\/\\\/candas365.es\\\/noticias\\\/#website\"},\"breadcrumb\":{\"@id\":\"https:\\\/\\\/candas365.es\\\/noticias\\\/eurocopa-2021-analisis-de-las-principales-selecciones-de-futbol\\\/#breadcrumblist\"},\"author\":{\"@id\":\"https:\\\/\\\/candas365.es\\\/noticias\\\/author\\\/admin\\\/#author\"},\"creator\":{\"@id\":\"https:\\\/\\\/candas365.es\\\/noticias\\\/author\\\/admin\\\/#author\"},\"image\":{\"@type\":\"ImageObject\",\"url\":\"https:\\\/\\\/candas365.es\\\/noticias\\\/wp-content\\\/uploads\\\/2021\\\/06\\\/futbol.jpg\",\"@id\":\"https:\\\/\\\/candas365.es\\\/noticias\\\/eurocopa-2021-analisis-de-las-principales-selecciones-de-futbol\\\/#mainImage\",\"width\":691,\"height\":387},\"primaryImageOfPage\":{\"@id\":\"https:\\\/\\\/candas365.es\\\/noticias\\\/eurocopa-2021-analisis-de-las-principales-selecciones-de-futbol\\\/#mainImage\"},\"datePublished\":\"2021-06-10T16:12:04+02:00\",\"dateModified\":\"2021-06-10T16:12:04+02:00\"},{\"@type\":\"WebSite\",\"@id\":\"https:\\\/\\\/candas365.es\\\/noticias\\\/#website\",\"url\":\"https:\\\/\\\/candas365.es\\\/noticias\\\/\",\"name\":\"Cand\\u00e1s 365\",\"alternateName\":\"Cand\\u00e1s 365 Noticias\",\"description\":\"Actualidad desde Carre\\u00f1o para el mundo\",\"inLanguage\":\"es-ES\",\"publisher\":{\"@id\":\"https:\\\/\\\/candas365.es\\\/noticias\\\/#organization\"}}]}\n\t\t<\/script>\n\t\t<!-- All in One SEO Pro -->\r\n\t\t<title>Eurocopa 2021: an\u00e1lisis de las principales selecciones de f\u00fatbol | Cand\u00e1s 365<\/title>\n\n","aioseo_head_json":{"title":"Eurocopa 2021: an\u00e1lisis de las principales selecciones de f\u00fatbol | Cand\u00e1s 365","description":"El informe redactado, por el periodista Tom\u00e1s El\u00edas Gonz\u00e1lez Ben\u00edtez, analiza las principales selecciones, que disputar\u00e1n, a partir del 11 de junio, la Eurocopa","canonical_url":"https:\/\/candas365.es\/noticias\/eurocopa-2021-analisis-de-las-principales-selecciones-de-futbol\/","robots":"max-image-preview:large","keywords":"deporte","webmasterTools":{"google-site-verification":"UA-32230408-1","msvalidate.01":"354F3CDFB2DA171B47FBE9ABF1F88D5","miscellaneous":""},"schema":{"@context":"https:\/\/schema.org","@graph":[{"@type":"BreadcrumbList","@id":"https:\/\/candas365.es\/noticias\/eurocopa-2021-analisis-de-las-principales-selecciones-de-futbol\/#breadcrumblist","itemListElement":[{"@type":"ListItem","@id":"https:\/\/candas365.es\/noticias#listItem","position":1,"name":"Home","item":"https:\/\/candas365.es\/noticias","nextItem":{"@type":"ListItem","@id":"https:\/\/candas365.es\/noticias\/category\/deporte\/#listItem","name":"Deporte"}},{"@type":"ListItem","@id":"https:\/\/candas365.es\/noticias\/category\/deporte\/#listItem","position":2,"name":"Deporte","item":"https:\/\/candas365.es\/noticias\/category\/deporte\/","nextItem":{"@type":"ListItem","@id":"https:\/\/candas365.es\/noticias\/eurocopa-2021-analisis-de-las-principales-selecciones-de-futbol\/#listItem","name":"Eurocopa 2021: an\u00e1lisis de las principales selecciones de f\u00fatbol"},"previousItem":{"@type":"ListItem","@id":"https:\/\/candas365.es\/noticias#listItem","name":"Home"}},{"@type":"ListItem","@id":"https:\/\/candas365.es\/noticias\/eurocopa-2021-analisis-de-las-principales-selecciones-de-futbol\/#listItem","position":3,"name":"Eurocopa 2021: an\u00e1lisis de las principales selecciones de f\u00fatbol","previousItem":{"@type":"ListItem","@id":"https:\/\/candas365.es\/noticias\/category\/deporte\/#listItem","name":"Deporte"}}]},{"@type":"NewsArticle","@id":"https:\/\/candas365.es\/noticias\/eurocopa-2021-analisis-de-las-principales-selecciones-de-futbol\/#newsarticle","name":"Eurocopa 2021: an\u00e1lisis de las principales selecciones de f\u00fatbol | Cand\u00e1s 365","headline":"Eurocopa 2021: an\u00e1lisis de las principales selecciones de f\u00fatbol","author":{"@id":"https:\/\/candas365.es\/noticias\/author\/admin\/#author"},"publisher":{"@id":"https:\/\/candas365.es\/noticias\/#organization"},"image":{"@type":"ImageObject","url":"https:\/\/candas365.es\/noticias\/wp-content\/uploads\/2021\/06\/futbol.jpg","width":691,"height":387},"datePublished":"2021-06-10T16:12:04+02:00","dateModified":"2021-06-10T16:12:04+02:00","inLanguage":"es-ES","mainEntityOfPage":{"@id":"https:\/\/candas365.es\/noticias\/eurocopa-2021-analisis-de-las-principales-selecciones-de-futbol\/#webpage"},"isPartOf":{"@id":"https:\/\/candas365.es\/noticias\/eurocopa-2021-analisis-de-las-principales-selecciones-de-futbol\/#webpage"},"articleSection":"Deporte","dateline":"Publicado el junio 10, 2021."},{"@type":"Organization","@id":"https:\/\/candas365.es\/noticias\/#organization","name":"Cand\u00e1s 365","description":"Cand\u00e1s 365 es un diario digital independiente, fundado en 2012, con base en Asturias. Informamos con rigor sobre actualidad, sociedad, cultura y ocio, con una mirada local y global.","url":"https:\/\/candas365.es\/noticias\/","email":"info@candas365.es","telephone":"+34652131393","foundingDate":"2012-06-10","logo":{"@type":"ImageObject","url":"https:\/\/candas365.es\/noticias\/wp-content\/uploads\/2024\/09\/Candas-365-Redes.jpg","@id":"https:\/\/candas365.es\/noticias\/eurocopa-2021-analisis-de-las-principales-selecciones-de-futbol\/#organizationLogo","width":1152,"height":864,"caption":"Cand\u00e1s 365 Redes"},"image":{"@id":"https:\/\/candas365.es\/noticias\/eurocopa-2021-analisis-de-las-principales-selecciones-de-futbol\/#organizationLogo"},"sameAs":["https:\/\/www.facebook.com\/Nachofdezber","https:\/\/x.com\/NabercoDigital","https:\/\/www.instagram.com\/nachofdezber\/","https:\/\/www.youtube.com\/channel\/UCZP-2wLEB9Rv6erhFmqVnvg"],"address":{"@id":"https:\/\/candas365.es\/noticias\/#postaladdress","@type":"PostalAddress","streetAddress":"san antonio 4, san antonio 4","postalCode":"33430","addressLocality":"Cand\u00e1s","addressRegion":"Asturias","addressCountry":"ES"}},{"@type":"Person","@id":"https:\/\/candas365.es\/noticias\/author\/admin\/#author","url":"https:\/\/candas365.es\/noticias\/author\/admin\/","name":"Cand\u00e1s 365","image":{"@type":"ImageObject","@id":"https:\/\/candas365.es\/noticias\/eurocopa-2021-analisis-de-las-principales-selecciones-de-futbol\/#authorImage","url":"https:\/\/secure.gravatar.com\/avatar\/496a8e03d0c493ede1718b7934145dbdf8d89be1036b0eec9544e1094c9de390?s=96&d=mm&r=g","width":96,"height":96,"caption":"Cand\u00e1s 365"},"sameAs":["https:\/\/www.facebook.com\/carrenoactualidad","https:\/\/twitter.com\/nbasturias","https:\/\/www.instagram.com\/nachofdezber\/","https:\/\/www.youtube.com\/channel\/UCZP-2wLEB9Rv6erhFmqVnvg"]},{"@type":"WebPage","@id":"https:\/\/candas365.es\/noticias\/eurocopa-2021-analisis-de-las-principales-selecciones-de-futbol\/#webpage","url":"https:\/\/candas365.es\/noticias\/eurocopa-2021-analisis-de-las-principales-selecciones-de-futbol\/","name":"Eurocopa 2021: an\u00e1lisis de las principales selecciones de f\u00fatbol | Cand\u00e1s 365","description":"El informe redactado, por el periodista Tom\u00e1s El\u00edas Gonz\u00e1lez Ben\u00edtez, analiza las principales selecciones, que disputar\u00e1n, a partir del 11 de junio, la Eurocopa","inLanguage":"es-ES","isPartOf":{"@id":"https:\/\/candas365.es\/noticias\/#website"},"breadcrumb":{"@id":"https:\/\/candas365.es\/noticias\/eurocopa-2021-analisis-de-las-principales-selecciones-de-futbol\/#breadcrumblist"},"author":{"@id":"https:\/\/candas365.es\/noticias\/author\/admin\/#author"},"creator":{"@id":"https:\/\/candas365.es\/noticias\/author\/admin\/#author"},"image":{"@type":"ImageObject","url":"https:\/\/candas365.es\/noticias\/wp-content\/uploads\/2021\/06\/futbol.jpg","@id":"https:\/\/candas365.es\/noticias\/eurocopa-2021-analisis-de-las-principales-selecciones-de-futbol\/#mainImage","width":691,"height":387},"primaryImageOfPage":{"@id":"https:\/\/candas365.es\/noticias\/eurocopa-2021-analisis-de-las-principales-selecciones-de-futbol\/#mainImage"},"datePublished":"2021-06-10T16:12:04+02:00","dateModified":"2021-06-10T16:12:04+02:00"},{"@type":"WebSite","@id":"https:\/\/candas365.es\/noticias\/#website","url":"https:\/\/candas365.es\/noticias\/","name":"Cand\u00e1s 365","alternateName":"Cand\u00e1s 365 Noticias","description":"Actualidad desde Carre\u00f1o para el mundo","inLanguage":"es-ES","publisher":{"@id":"https:\/\/candas365.es\/noticias\/#organization"}}]},"og:locale":"es_ES","og:site_name":"Cand\u00e1s 365","og:type":"article","og:title":"Eurocopa 2021: an\u00e1lisis de las principales selecciones de f\u00fatbol | Cand\u00e1s 365","og:description":"El informe redactado, por el periodista Tom\u00e1s El\u00edas Gonz\u00e1lez Ben\u00edtez, analiza las principales selecciones, que disputar\u00e1n, a partir del 11 de junio, la Eurocopa","og:url":"https:\/\/candas365.es\/noticias\/eurocopa-2021-analisis-de-las-principales-selecciones-de-futbol\/","og:image":"https:\/\/candas365.es\/noticias\/wp-content\/uploads\/2021\/06\/futbol.jpg","og:image:secure_url":"https:\/\/candas365.es\/noticias\/wp-content\/uploads\/2021\/06\/futbol.jpg","og:image:width":691,"og:image:height":387,"article:published_time":"2021-06-10T16:12:04+00:00","article:modified_time":"2021-06-10T16:12:04+00:00","article:publisher":"https:\/\/www.facebook.com\/Nachofdezber","article:author":"https:\/\/www.facebook.com\/carrenoactualidad","twitter:card":"summary_large_image","twitter:site":"@NabercoDigital","twitter:title":"Eurocopa 2021: an\u00e1lisis de las principales selecciones de f\u00fatbol | Cand\u00e1s 365","twitter:description":"El informe redactado, por el periodista Tom\u00e1s El\u00edas Gonz\u00e1lez Ben\u00edtez, analiza las principales selecciones, que disputar\u00e1n, a partir del 11 de junio, la Eurocopa","twitter:creator":"@nbasturias","twitter:image":"https:\/\/candas365.es\/noticias\/wp-content\/uploads\/2021\/06\/futbol.jpg","twitter:label1":"Escrito por","twitter:data1":"Cand\u00e1s 365","twitter:label2":"Tiempo de lectura estimado","twitter:data2":"4 minutos"},"aioseo_meta_data":{"post_id":"155720","title":null,"description":"El informe redactado, por el periodista Tom\u00e1s El\u00edas Gonz\u00e1lez Ben\u00edtez, analiza las principales selecciones, que disputar\u00e1n, a partir del 11 de junio, la Eurocopa","keywords":[],"keyphrases":{"focus":{"keyphrase":"Eurocopa","score":63,"analysis":{"keyphraseInTitle":{"title":"Frase clave objetivo en el t\u00edtulo SEO","description":"Frase clave objetivo encontrada en el t\u00edtulo SEO.","score":9,"maxScore":9,"error":0},"keyphraseInDescription":{"title":"Frase clave objetivo en la meta descripci\u00f3n","description":"Frase clave objetivo encontrada en la meta descripci\u00f3n.","score":9,"maxScore":9,"error":0},"keyphraseInURL":{"title":"Frase clave objetivo en la URL","description":"Frase clave objetivo no encontrada en la URL.","score":1,"maxScore":5,"error":1},"keyphraseInIntroduction":{"title":"Frase clave objetivo en la introducci\u00f3n","description":"Su Frase clave objetivo no aparece en el primer p\u00e1rrafo. Aseg\u00farese de que el tema est\u00e9 claro de inmediato.","score":3,"maxScore":9,"error":1},"keyphraseInSubHeadings":{"title":"Frase clave objetivo sus subt\u00edtulos","description":"M\u00e1s del 75% de sus subt\u00edtulos H2 y H3 reflejan el tema de su texto. Eso es demasiado. \u00a1No optimice demasiado!","score":3,"maxScore":9,"error":1},"keyphraseLength":{"title":"Longitud de la Frase clave objetivo","description":"\u00a1Buen trabajo!","score":9,"maxScore":9,"error":0,"length":1},"keyphraseInImageAlt":{"title":"Frase clave objetivo en los atributos alt de la imagen.","description":"Frase clave objetivo no se encuentra en los atributos alt de la imagen. A\u00f1ada una imagen con su Frase clave objetivo como texto alternativo.","score":3,"maxScore":9,"error":1}}},"additional":[{"keyphrase":"Tom\u00e1s El\u00edas Gonz\u00e1lez Ben\u00edtez","score":67,"analysis":{"keyphraseInDescription":{"title":"Frase clave en la meta descripci\u00f3n","description":"Frase clave encontrada en la meta descripci\u00f3n.","score":9,"maxScore":9,"error":0},"keyphraseInIntroduction":{"title":"Frase clave en la introducci\u00f3n","description":"Su Frase clave no aparece en el primer p\u00e1rrafo. Aseg\u00farese de que el tema est\u00e9 claro de inmediato.","score":3,"maxScore":9,"error":1},"keyphraseInImageAlt":{"title":"Frase clave en los atributos alt de la imagen.","description":"Frase clave no se encuentra en los atributos alt de la imagen. A\u00f1ada una imagen con su Frase clave como texto alternativo.","score":3,"maxScore":9,"error":1},"keyphraseLength":{"title":"Longitud de la Frase clave","description":"\u00a1Buen trabajo!","score":9,"maxScore":9,"error":0,"length":4}}},{"keyphrase":"la Eurocopa","score":67,"analysis":{"keyphraseInDescription":{"title":"Frase clave en la meta descripci\u00f3n","description":"Frase clave encontrada en la meta descripci\u00f3n.","score":9,"maxScore":9,"error":0},"keyphraseInIntroduction":{"title":"Frase clave en la introducci\u00f3n","description":"Su Frase clave no aparece en el primer p\u00e1rrafo. Aseg\u00farese de que el tema est\u00e9 claro de inmediato.","score":3,"maxScore":9,"error":1},"keyphraseInImageAlt":{"title":"Frase clave en los atributos alt de la imagen.","description":"Frase clave no se encuentra en los atributos alt de la imagen. A\u00f1ada una imagen con su Frase clave como texto alternativo.","score":3,"maxScore":9,"error":1},"keyphraseLength":{"title":"Longitud de la Frase clave","description":"\u00a1Buen trabajo!","score":9,"maxScore":9,"error":0,"length":2}}}]},"primary_term":null,"canonical_url":null,"og_title":null,"og_description":null,"og_object_type":"default","og_image_type":"default","og_image_url":null,"og_image_width":null,"og_image_height":null,"og_image_custom_url":null,"og_image_custom_fields":null,"og_video":"","og_custom_url":null,"og_article_section":null,"og_article_tags":[],"twitter_use_og":false,"twitter_card":"default","twitter_image_type":"default","twitter_image_url":null,"twitter_image_custom_url":null,"twitter_image_custom_fields":null,"twitter_title":null,"twitter_description":null,"schema":{"blockGraphs":[],"customGraphs":[],"default":{"data":{"Article":[],"Course":[],"Dataset":[],"FAQPage":[],"Movie":[],"Person":[],"Product":[],"ProductReview":[],"Car":[],"Recipe":[],"Service":[],"SoftwareApplication":[],"WebPage":[]},"graphName":"","isEnabled":true},"graphs":[]},"schema_type":"default","schema_type_options":"{\"article\":{\"articleType\":\"BlogPosting\"},\"course\":{\"name\":\"\",\"description\":\"\",\"provider\":\"\"},\"faq\":{\"pages\":[]},\"product\":{\"reviews\":[]},\"recipe\":{\"ingredients\":[],\"instructions\":[],\"keywords\":[]},\"software\":{\"reviews\":[],\"operatingSystems\":[]},\"webPage\":{\"webPageType\":\"WebPage\"}}","pillar_content":false,"robots_default":true,"robots_noindex":false,"robots_noarchive":false,"robots_nosnippet":false,"robots_nofollow":false,"robots_noimageindex":false,"robots_noodp":false,"robots_notranslate":false,"robots_max_snippet":"-1","robots_max_videopreview":"-1","robots_max_imagepreview":"large","priority":null,"frequency":"default","location":null,"local_seo":{"locations":{"business":{"name":"","businessType":"","image":"","areaServed":"","urls":{"website":"","aboutPage":"","contactPage":""},"address":{"streetLine1":"","streetLine2":"","zipCode":"","city":"","state":"","country":"","addressFormat":"#streetLineOne\n#streetLineTwo\n#city, #state #zipCode"},"contact":{"email":"","phone":"","phoneFormatted":"","fax":"","faxFormatted":""},"ids":{"vat":"","tax":"","chamberOfCommerce":""},"payment":{"priceRange":"","currenciesAccepted":"","methods":""}}},"openingHours":{"useDefaults":true,"show":true,"alwaysOpen":false,"use24hFormat":false,"timezone":"","labels":{"closed":"","alwaysOpen":""},"days":{"monday":{"open24h":false,"closed":false,"openTime":"09:00","closeTime":"17:00"},"tuesday":{"open24h":false,"closed":false,"openTime":"09:00","closeTime":"17:00"},"wednesday":{"open24h":false,"closed":false,"openTime":"09:00","closeTime":"17:00"},"thursday":{"open24h":false,"closed":false,"openTime":"09:00","closeTime":"17:00"},"friday":{"open24h":false,"closed":false,"openTime":"09:00","closeTime":"17:00"},"saturday":{"open24h":false,"closed":false,"openTime":"09:00","closeTime":"17:00"},"sunday":{"open24h":false,"closed":false,"openTime":"09:00","closeTime":"17:00"}}}},"seo_analyzer_scan_date":"2025-08-31 22:55:14","breadcrumb_settings":null,"limit_modified_date":false,"reviewed_by":null,"open_ai":null,"ai":null,"created":"2021-06-10 16:08:37","updated":"2025-08-31 22:55:14"},"aioseo_breadcrumb":"<div class=\"aioseo-breadcrumbs\"><span class=\"aioseo-breadcrumb\">\n\t<a href=\"https:\/\/candas365.es\/noticias\" title=\"Home\">Home<\/a>\n<\/span><span class=\"aioseo-breadcrumb-separator\">&ndash;<\/span><span class=\"aioseo-breadcrumb\">\n\t<a href=\"https:\/\/candas365.es\/noticias\/category\/deporte\/\" title=\"Deporte\">Deporte<\/a>\n<\/span><span class=\"aioseo-breadcrumb-separator\">&ndash;<\/span><span class=\"aioseo-breadcrumb\">\n\tEurocopa 2021: an\u00e1lisis de las principales selecciones de f\u00fatbol\n<\/span><\/div>","aioseo_breadcrumb_json":[{"label":"Home","link":"https:\/\/candas365.es\/noticias"},{"label":"Deporte","link":"https:\/\/candas365.es\/noticias\/category\/deporte\/"},{"label":"Eurocopa 2021: an\u00e1lisis de las principales selecciones de f\u00fatbol","link":"https:\/\/candas365.es\/noticias\/eurocopa-2021-analisis-de-las-principales-selecciones-de-futbol\/"}],"_links":{"self":[{"href":"https:\/\/candas365.es\/noticias\/wp-json\/wp\/v2\/posts\/155720","targetHints":{"allow":["GET"]}}],"collection":[{"href":"https:\/\/candas365.es\/noticias\/wp-json\/wp\/v2\/posts"}],"about":[{"href":"https:\/\/candas365.es\/noticias\/wp-json\/wp\/v2\/types\/post"}],"author":[{"embeddable":true,"href":"https:\/\/candas365.es\/noticias\/wp-json\/wp\/v2\/users\/1"}],"replies":[{"embeddable":true,"href":"https:\/\/candas365.es\/noticias\/wp-json\/wp\/v2\/comments?post=155720"}],"version-history":[{"count":0,"href":"https:\/\/candas365.es\/noticias\/wp-json\/wp\/v2\/posts\/155720\/revisions"}],"wp:featuredmedia":[{"embeddable":true,"href":"https:\/\/candas365.es\/noticias\/wp-json\/wp\/v2\/media\/155721"}],"wp:attachment":[{"href":"https:\/\/candas365.es\/noticias\/wp-json\/wp\/v2\/media?parent=155720"}],"wp:term":[{"taxonomy":"category","embeddable":true,"href":"https:\/\/candas365.es\/noticias\/wp-json\/wp\/v2\/categories?post=155720"},{"taxonomy":"post_tag","embeddable":true,"href":"https:\/\/candas365.es\/noticias\/wp-json\/wp\/v2\/tags?post=155720"}],"curies":[{"name":"wp","href":"https:\/\/api.w.org\/{rel}","templated":true}]}}