{"id":155622,"date":"2021-06-06T18:00:25","date_gmt":"2021-06-06T18:00:25","guid":{"rendered":"http:\/\/candas365.es\/noticias\/?p=155622"},"modified":"2021-06-06T18:00:25","modified_gmt":"2021-06-06T18:00:25","slug":"gp-de-azerbaiyan-sergio-perez-gana","status":"publish","type":"post","link":"https:\/\/candas365.es\/noticias\/gp-de-azerbaiyan-sergio-perez-gana\/","title":{"rendered":"GP de Azerbaiy\u00e1n: Sergio P\u00e9rez gana"},"content":{"rendered":"<figure id=\"attachment_155623\" aria-describedby=\"caption-attachment-155623\" style=\"width: 360px\" class=\"wp-caption alignleft\"><img fetchpriority=\"high\" decoding=\"async\" class=\"size-medium wp-image-155623\" src=\"https:\/\/candas365.es\/noticias\/wp-content\/uploads\/2021\/06\/Vettel-360x268.jpg\" alt=\"Vettel\" width=\"360\" height=\"268\" srcset=\"https:\/\/candas365.es\/noticias\/wp-content\/uploads\/2021\/06\/Vettel-360x268.jpg 360w, https:\/\/candas365.es\/noticias\/wp-content\/uploads\/2021\/06\/Vettel-644x480.jpg 644w, https:\/\/candas365.es\/noticias\/wp-content\/uploads\/2021\/06\/Vettel-768x572.jpg 768w, https:\/\/candas365.es\/noticias\/wp-content\/uploads\/2021\/06\/Vettel.jpg 876w\" sizes=\"(max-width: 360px) 100vw, 360px\" \/><figcaption id=\"caption-attachment-155623\" class=\"wp-caption-text\">Foto: Hasan Bratic\/dpa<\/figcaption><\/figure>\n<p>Bak\u00fa, 6 jun (dpa) &#8211; El mexicano <strong>Sergio P\u00e9rez se adjudic\u00f3 hoy el primer puesto en el Gran Premio de Azerbaiy\u00e1n de la F\u00f3rmula 1<\/strong>, en una carrera accidentada en la que el alem\u00e1n Sebastian Vettel lleg\u00f3 segundo con su Aston Martin.<\/p>\n<p>Tanto el piloto de Red Bull como Vettel consiguieron aprovechar la situaci\u00f3n generada por el accidente protagonizado por Max Verstappen, que fue claramente l\u00edder hasta poco antes del final.<\/p>\n<p><strong>Vettel salt\u00f3 espectacularmente desde la und\u00e9cima posici\u00f3n de la parrilla hasta la segunda en el circuito urbano del Mar Caspio<\/strong>. \u00abUn gran d\u00eda. Ahora s\u00ed que estoy en las nubes. No esper\u00e1bamos un podio, as\u00ed que eso lo hace a\u00fan mejor\u00bb, dijo el tetracampe\u00f3n del mundo tras su esperado regreso a los primeros puestos en la F\u00f3rmula 1.<\/p>\n<p>El piloto de 33 a\u00f1os super\u00f3 claramente su mejor resultado de la temporada hasta el momento, el quinto lugar de M\u00f3naco de hace dos semanas, porque al final tambi\u00e9n se sali\u00f3 de la pista con su Mercedes el defensor del t\u00edtulo, Lewis Hamilton, que acab\u00f3 sin puntos.<\/p>\n<p>Verstappen parec\u00eda un ganador seguro con su Red Bull antes de quedarse a las puertas de su tercera victoria en la sexta carrera de la temporada.<\/p>\n<p>En la vuelta 47 del total de 51, su neum\u00e1tico trasero izquierdo estall\u00f3 repentinamente a gran velocidad. <strong>Su compa\u00f1ero mexicano se asegur\u00f3 la victoria por delante de Vettel y del franc\u00e9s Pierre Gasly en Alfa Tauri<\/strong>.<\/p>\n<p>Se frustr\u00f3 as\u00ed la primera doble victoria de Red Bull desde octubre de 2016 en Malasia. Al menos, un decepcionado Verstappen sali\u00f3 ileso y sin problemas de su coche tras un fuerte impacto con la barrera de la pista. A continuaci\u00f3n, dio una patada al neum\u00e1tico y se agarr\u00f3 la cabeza.<\/p>\n<p>El aspirante al t\u00edtulo al menos conserv\u00f3 su ventaja en la clasificaci\u00f3n del campeonato. En la reanudaci\u00f3n de la carrera, tras una larga interrupci\u00f3n, el siete veces campe\u00f3n Hamilton arriesg\u00f3 demasiado, fall\u00f3 en la primera curva y termin\u00f3 d\u00e9cimo sexto.<\/p>\n<p>Por su parte, el principiante M<strong>ick Schumacher condujo su Haas hasta la d\u00e9cimo cuarta posici\u00f3n, tras ocupar la n\u00famero 17 en la parrilla de salida<\/strong>.<\/p>\n<p>Vettel sum\u00f3 puntos por segunda vez consecutiva. No es la primera vez que el alem\u00e1n lo hace bien en Bak\u00fa, ya que nunca ha terminado con menos que un cuarto puesto en Azerbaiy\u00e1n. En la \u00faltima cita de 2019 qued\u00f3 segundo con Ferrari, y un a\u00f1o antes hab\u00eda logrado la victoria.<\/p>\n<p>Un d\u00eda despu\u00e9s de la ca\u00f3tica sesi\u00f3n de clasificaci\u00f3n, Charles Leclerc, que hab\u00eda obtenido la pole, tambi\u00e9n sali\u00f3 airoso al principio de la carrera. El monegasco se hab\u00eda beneficiado de una parada temprana y dej\u00f3 atr\u00e1s a Hamilton y Verstappen.<\/p>\n<p>Sin embargo, ya en la tercera vuelta, Hamilton aprovech\u00f3 la larga recta y super\u00f3 f\u00e1cilmente a Leclerc. Las Flechas de Plata tuvieron grandes problemas en los d\u00edas anteriores y no pudieron seguir el ritmo de Red Bull y Ferrari en las persecuciones.<\/p>\n<p>Poco despu\u00e9s fue Verstappen quien dej\u00f3 atr\u00e1s a Leclerc y comenz\u00f3 la persecusi\u00f3n de Hamilton, a quien tambi\u00e9n acab\u00f3 rebasando.<\/p>\n<p>&nbsp;<\/p>\n","protected":false},"excerpt":{"rendered":"<p>Bak\u00fa, 6 jun (dpa) &#8211; El mexicano Sergio P\u00e9rez se adjudic\u00f3 hoy el primer puesto en el Gran Premio de Azerbaiy\u00e1n de la F\u00f3rmula 1, en una carrera accidentada en la que el alem\u00e1n Sebastian Vettel lleg\u00f3 segundo con su Aston Martin. Tanto el piloto de Red Bull como Vettel consiguieron aprovechar la situaci\u00f3n generada<\/p>\n","protected":false},"author":1,"featured_media":155623,"comment_status":"closed","ping_status":"closed","sticky":false,"template":"","format":"standard","meta":{"footnotes":""},"categories":[319],"tags":[],"class_list":{"0":"post-155622","1":"post","2":"type-post","3":"status-publish","4":"format-standard","5":"has-post-thumbnail","7":"category-deporte"},"aioseo_notices":[],"aioseo_head":"\n\t\t<!-- All in One SEO Pro 4.9.6.2 - aioseo.com -->\n\t<meta name=\"description\" content=\"El mexicano Sergio P\u00e9rez se adjudic\u00f3 hoy el primer puesto en el Gran Premio de Azerbaiy\u00e1n de la F\u00f3rmula 1\" \/>\n\t<meta name=\"robots\" content=\"max-image-preview:large\" \/>\n\t<meta name=\"author\" content=\"Cand\u00e1s 365\"\/>\n\t<meta name=\"google-site-verification\" content=\"UA-32230408-1\" \/>\n\t<meta name=\"msvalidate.01\" content=\"354F3CDFB2DA171B47FBE9ABF1F88D5\" \/>\n\t<meta name=\"keywords\" content=\"deporte\" \/>\n\t<link rel=\"canonical\" href=\"https:\/\/candas365.es\/noticias\/gp-de-azerbaiyan-sergio-perez-gana\/\" \/>\n\t<meta name=\"generator\" content=\"All in One SEO Pro (AIOSEO) 4.9.6.2\" \/>\n\t\t<meta property=\"og:locale\" content=\"es_ES\" \/>\n\t\t<meta property=\"og:site_name\" content=\"Cand\u00e1s 365\" \/>\n\t\t<meta property=\"og:type\" content=\"article\" \/>\n\t\t<meta property=\"og:title\" content=\"GP de Azerbaiy\u00e1n: Sergio P\u00e9rez gana | Cand\u00e1s 365\" \/>\n\t\t<meta property=\"og:description\" content=\"El mexicano Sergio P\u00e9rez se adjudic\u00f3 hoy el primer puesto en el Gran Premio de Azerbaiy\u00e1n de la F\u00f3rmula 1\" \/>\n\t\t<meta property=\"og:url\" content=\"https:\/\/candas365.es\/noticias\/gp-de-azerbaiyan-sergio-perez-gana\/\" \/>\n\t\t<meta property=\"og:image\" content=\"https:\/\/candas365.es\/noticias\/wp-content\/uploads\/2021\/06\/Vettel.jpg\" \/>\n\t\t<meta property=\"og:image:secure_url\" content=\"https:\/\/candas365.es\/noticias\/wp-content\/uploads\/2021\/06\/Vettel.jpg\" \/>\n\t\t<meta property=\"og:image:width\" content=\"876\" \/>\n\t\t<meta property=\"og:image:height\" content=\"653\" \/>\n\t\t<meta property=\"article:published_time\" content=\"2021-06-06T18:00:25+00:00\" \/>\n\t\t<meta property=\"article:modified_time\" content=\"2021-06-06T18:00:25+00:00\" \/>\n\t\t<meta property=\"article:publisher\" content=\"https:\/\/www.facebook.com\/Nachofdezber\" \/>\n\t\t<meta property=\"article:author\" content=\"https:\/\/www.facebook.com\/carrenoactualidad\" \/>\n\t\t<meta name=\"twitter:card\" content=\"summary_large_image\" \/>\n\t\t<meta name=\"twitter:site\" content=\"@NabercoDigital\" \/>\n\t\t<meta name=\"twitter:title\" content=\"GP de Azerbaiy\u00e1n: Sergio P\u00e9rez gana | Cand\u00e1s 365\" \/>\n\t\t<meta name=\"twitter:description\" content=\"El mexicano Sergio P\u00e9rez se adjudic\u00f3 hoy el primer puesto en el Gran Premio de Azerbaiy\u00e1n de la F\u00f3rmula 1\" \/>\n\t\t<meta name=\"twitter:creator\" content=\"@nbasturias\" \/>\n\t\t<meta name=\"twitter:image\" content=\"https:\/\/candas365.es\/noticias\/wp-content\/uploads\/2021\/06\/Vettel.jpg\" \/>\n\t\t<meta name=\"twitter:label1\" content=\"Escrito por\" \/>\n\t\t<meta name=\"twitter:data1\" content=\"Cand\u00e1s 365\" \/>\n\t\t<meta name=\"twitter:label2\" content=\"Tiempo de lectura estimado\" \/>\n\t\t<meta name=\"twitter:data2\" content=\"3 minutos\" \/>\n\t\t<script type=\"application\/ld+json\" class=\"aioseo-schema\">\n\t\t\t{\"@context\":\"https:\\\/\\\/schema.org\",\"@graph\":[{\"@type\":\"BreadcrumbList\",\"@id\":\"https:\\\/\\\/candas365.es\\\/noticias\\\/gp-de-azerbaiyan-sergio-perez-gana\\\/#breadcrumblist\",\"itemListElement\":[{\"@type\":\"ListItem\",\"@id\":\"https:\\\/\\\/candas365.es\\\/noticias#listItem\",\"position\":1,\"name\":\"Home\",\"item\":\"https:\\\/\\\/candas365.es\\\/noticias\",\"nextItem\":{\"@type\":\"ListItem\",\"@id\":\"https:\\\/\\\/candas365.es\\\/noticias\\\/category\\\/deporte\\\/#listItem\",\"name\":\"Deporte\"}},{\"@type\":\"ListItem\",\"@id\":\"https:\\\/\\\/candas365.es\\\/noticias\\\/category\\\/deporte\\\/#listItem\",\"position\":2,\"name\":\"Deporte\",\"item\":\"https:\\\/\\\/candas365.es\\\/noticias\\\/category\\\/deporte\\\/\",\"nextItem\":{\"@type\":\"ListItem\",\"@id\":\"https:\\\/\\\/candas365.es\\\/noticias\\\/gp-de-azerbaiyan-sergio-perez-gana\\\/#listItem\",\"name\":\"GP de Azerbaiy\\u00e1n: Sergio P\\u00e9rez gana\"},\"previousItem\":{\"@type\":\"ListItem\",\"@id\":\"https:\\\/\\\/candas365.es\\\/noticias#listItem\",\"name\":\"Home\"}},{\"@type\":\"ListItem\",\"@id\":\"https:\\\/\\\/candas365.es\\\/noticias\\\/gp-de-azerbaiyan-sergio-perez-gana\\\/#listItem\",\"position\":3,\"name\":\"GP de Azerbaiy\\u00e1n: Sergio P\\u00e9rez gana\",\"previousItem\":{\"@type\":\"ListItem\",\"@id\":\"https:\\\/\\\/candas365.es\\\/noticias\\\/category\\\/deporte\\\/#listItem\",\"name\":\"Deporte\"}}]},{\"@type\":\"NewsArticle\",\"@id\":\"https:\\\/\\\/candas365.es\\\/noticias\\\/gp-de-azerbaiyan-sergio-perez-gana\\\/#newsarticle\",\"name\":\"GP de Azerbaiy\\u00e1n: Sergio P\\u00e9rez gana | Cand\\u00e1s 365\",\"headline\":\"GP de Azerbaiy\\u00e1n: Sergio P\\u00e9rez gana\",\"author\":{\"@id\":\"https:\\\/\\\/candas365.es\\\/noticias\\\/author\\\/admin\\\/#author\"},\"publisher\":{\"@id\":\"https:\\\/\\\/candas365.es\\\/noticias\\\/#organization\"},\"image\":{\"@type\":\"ImageObject\",\"url\":\"https:\\\/\\\/candas365.es\\\/noticias\\\/wp-content\\\/uploads\\\/2021\\\/06\\\/Vettel.jpg\",\"width\":876,\"height\":653,\"caption\":\"Foto: Hasan Bratic\\\/dpa\"},\"datePublished\":\"2021-06-06T18:00:25+02:00\",\"dateModified\":\"2021-06-06T18:00:25+02:00\",\"inLanguage\":\"es-ES\",\"mainEntityOfPage\":{\"@id\":\"https:\\\/\\\/candas365.es\\\/noticias\\\/gp-de-azerbaiyan-sergio-perez-gana\\\/#webpage\"},\"isPartOf\":{\"@id\":\"https:\\\/\\\/candas365.es\\\/noticias\\\/gp-de-azerbaiyan-sergio-perez-gana\\\/#webpage\"},\"articleSection\":\"Deporte\",\"dateline\":\"Publicado el junio 6, 2021.\"},{\"@type\":\"Organization\",\"@id\":\"https:\\\/\\\/candas365.es\\\/noticias\\\/#organization\",\"name\":\"Cand\\u00e1s 365\",\"description\":\"Cand\\u00e1s 365 es un diario digital independiente, fundado en 2012, con base en Asturias. Informamos con rigor sobre actualidad, sociedad, cultura y ocio, con una mirada local y global.\",\"url\":\"https:\\\/\\\/candas365.es\\\/noticias\\\/\",\"email\":\"info@candas365.es\",\"telephone\":\"+34652131393\",\"foundingDate\":\"2012-06-10\",\"logo\":{\"@type\":\"ImageObject\",\"url\":\"https:\\\/\\\/candas365.es\\\/noticias\\\/wp-content\\\/uploads\\\/2024\\\/09\\\/Candas-365-Redes.jpg\",\"@id\":\"https:\\\/\\\/candas365.es\\\/noticias\\\/gp-de-azerbaiyan-sergio-perez-gana\\\/#organizationLogo\",\"width\":1152,\"height\":864,\"caption\":\"Cand\\u00e1s 365 Redes\"},\"image\":{\"@id\":\"https:\\\/\\\/candas365.es\\\/noticias\\\/gp-de-azerbaiyan-sergio-perez-gana\\\/#organizationLogo\"},\"sameAs\":[\"https:\\\/\\\/www.facebook.com\\\/Nachofdezber\",\"https:\\\/\\\/x.com\\\/NabercoDigital\",\"https:\\\/\\\/www.instagram.com\\\/nachofdezber\\\/\",\"https:\\\/\\\/www.youtube.com\\\/channel\\\/UCZP-2wLEB9Rv6erhFmqVnvg\"],\"address\":{\"@id\":\"https:\\\/\\\/candas365.es\\\/noticias\\\/#postaladdress\",\"@type\":\"PostalAddress\",\"streetAddress\":\"san antonio 4, san antonio 4\",\"postalCode\":\"33430\",\"addressLocality\":\"Cand\\u00e1s\",\"addressRegion\":\"Asturias\",\"addressCountry\":\"ES\"}},{\"@type\":\"Person\",\"@id\":\"https:\\\/\\\/candas365.es\\\/noticias\\\/author\\\/admin\\\/#author\",\"url\":\"https:\\\/\\\/candas365.es\\\/noticias\\\/author\\\/admin\\\/\",\"name\":\"Cand\\u00e1s 365\",\"image\":{\"@type\":\"ImageObject\",\"@id\":\"https:\\\/\\\/candas365.es\\\/noticias\\\/gp-de-azerbaiyan-sergio-perez-gana\\\/#authorImage\",\"url\":\"https:\\\/\\\/secure.gravatar.com\\\/avatar\\\/496a8e03d0c493ede1718b7934145dbdf8d89be1036b0eec9544e1094c9de390?s=96&d=mm&r=g\",\"width\":96,\"height\":96,\"caption\":\"Cand\\u00e1s 365\"},\"sameAs\":[\"https:\\\/\\\/www.facebook.com\\\/carrenoactualidad\",\"https:\\\/\\\/twitter.com\\\/nbasturias\",\"https:\\\/\\\/www.instagram.com\\\/nachofdezber\\\/\",\"https:\\\/\\\/www.youtube.com\\\/channel\\\/UCZP-2wLEB9Rv6erhFmqVnvg\"]},{\"@type\":\"WebPage\",\"@id\":\"https:\\\/\\\/candas365.es\\\/noticias\\\/gp-de-azerbaiyan-sergio-perez-gana\\\/#webpage\",\"url\":\"https:\\\/\\\/candas365.es\\\/noticias\\\/gp-de-azerbaiyan-sergio-perez-gana\\\/\",\"name\":\"GP de Azerbaiy\\u00e1n: Sergio P\\u00e9rez gana | Cand\\u00e1s 365\",\"description\":\"El mexicano Sergio P\\u00e9rez se adjudic\\u00f3 hoy el primer puesto en el Gran Premio de Azerbaiy\\u00e1n de la F\\u00f3rmula 1\",\"inLanguage\":\"es-ES\",\"isPartOf\":{\"@id\":\"https:\\\/\\\/candas365.es\\\/noticias\\\/#website\"},\"breadcrumb\":{\"@id\":\"https:\\\/\\\/candas365.es\\\/noticias\\\/gp-de-azerbaiyan-sergio-perez-gana\\\/#breadcrumblist\"},\"author\":{\"@id\":\"https:\\\/\\\/candas365.es\\\/noticias\\\/author\\\/admin\\\/#author\"},\"creator\":{\"@id\":\"https:\\\/\\\/candas365.es\\\/noticias\\\/author\\\/admin\\\/#author\"},\"image\":{\"@type\":\"ImageObject\",\"url\":\"https:\\\/\\\/candas365.es\\\/noticias\\\/wp-content\\\/uploads\\\/2021\\\/06\\\/Vettel.jpg\",\"@id\":\"https:\\\/\\\/candas365.es\\\/noticias\\\/gp-de-azerbaiyan-sergio-perez-gana\\\/#mainImage\",\"width\":876,\"height\":653,\"caption\":\"Foto: Hasan Bratic\\\/dpa\"},\"primaryImageOfPage\":{\"@id\":\"https:\\\/\\\/candas365.es\\\/noticias\\\/gp-de-azerbaiyan-sergio-perez-gana\\\/#mainImage\"},\"datePublished\":\"2021-06-06T18:00:25+02:00\",\"dateModified\":\"2021-06-06T18:00:25+02:00\"},{\"@type\":\"WebSite\",\"@id\":\"https:\\\/\\\/candas365.es\\\/noticias\\\/#website\",\"url\":\"https:\\\/\\\/candas365.es\\\/noticias\\\/\",\"name\":\"Cand\\u00e1s 365\",\"alternateName\":\"Cand\\u00e1s 365 Noticias\",\"description\":\"Actualidad desde Carre\\u00f1o para el mundo\",\"inLanguage\":\"es-ES\",\"publisher\":{\"@id\":\"https:\\\/\\\/candas365.es\\\/noticias\\\/#organization\"}}]}\n\t\t<\/script>\n\t\t<!-- All in One SEO Pro -->\r\n\t\t<title>GP de Azerbaiy\u00e1n: Sergio P\u00e9rez gana | Cand\u00e1s 365<\/title>\n\n","aioseo_head_json":{"title":"GP de Azerbaiy\u00e1n: Sergio P\u00e9rez gana | Cand\u00e1s 365","description":"El mexicano Sergio P\u00e9rez se adjudic\u00f3 hoy el primer puesto en el Gran Premio de Azerbaiy\u00e1n de la F\u00f3rmula 1","canonical_url":"https:\/\/candas365.es\/noticias\/gp-de-azerbaiyan-sergio-perez-gana\/","robots":"max-image-preview:large","keywords":"deporte","webmasterTools":{"google-site-verification":"UA-32230408-1","msvalidate.01":"354F3CDFB2DA171B47FBE9ABF1F88D5","miscellaneous":""},"schema":{"@context":"https:\/\/schema.org","@graph":[{"@type":"BreadcrumbList","@id":"https:\/\/candas365.es\/noticias\/gp-de-azerbaiyan-sergio-perez-gana\/#breadcrumblist","itemListElement":[{"@type":"ListItem","@id":"https:\/\/candas365.es\/noticias#listItem","position":1,"name":"Home","item":"https:\/\/candas365.es\/noticias","nextItem":{"@type":"ListItem","@id":"https:\/\/candas365.es\/noticias\/category\/deporte\/#listItem","name":"Deporte"}},{"@type":"ListItem","@id":"https:\/\/candas365.es\/noticias\/category\/deporte\/#listItem","position":2,"name":"Deporte","item":"https:\/\/candas365.es\/noticias\/category\/deporte\/","nextItem":{"@type":"ListItem","@id":"https:\/\/candas365.es\/noticias\/gp-de-azerbaiyan-sergio-perez-gana\/#listItem","name":"GP de Azerbaiy\u00e1n: Sergio P\u00e9rez gana"},"previousItem":{"@type":"ListItem","@id":"https:\/\/candas365.es\/noticias#listItem","name":"Home"}},{"@type":"ListItem","@id":"https:\/\/candas365.es\/noticias\/gp-de-azerbaiyan-sergio-perez-gana\/#listItem","position":3,"name":"GP de Azerbaiy\u00e1n: Sergio P\u00e9rez gana","previousItem":{"@type":"ListItem","@id":"https:\/\/candas365.es\/noticias\/category\/deporte\/#listItem","name":"Deporte"}}]},{"@type":"NewsArticle","@id":"https:\/\/candas365.es\/noticias\/gp-de-azerbaiyan-sergio-perez-gana\/#newsarticle","name":"GP de Azerbaiy\u00e1n: Sergio P\u00e9rez gana | Cand\u00e1s 365","headline":"GP de Azerbaiy\u00e1n: Sergio P\u00e9rez gana","author":{"@id":"https:\/\/candas365.es\/noticias\/author\/admin\/#author"},"publisher":{"@id":"https:\/\/candas365.es\/noticias\/#organization"},"image":{"@type":"ImageObject","url":"https:\/\/candas365.es\/noticias\/wp-content\/uploads\/2021\/06\/Vettel.jpg","width":876,"height":653,"caption":"Foto: Hasan Bratic\/dpa"},"datePublished":"2021-06-06T18:00:25+02:00","dateModified":"2021-06-06T18:00:25+02:00","inLanguage":"es-ES","mainEntityOfPage":{"@id":"https:\/\/candas365.es\/noticias\/gp-de-azerbaiyan-sergio-perez-gana\/#webpage"},"isPartOf":{"@id":"https:\/\/candas365.es\/noticias\/gp-de-azerbaiyan-sergio-perez-gana\/#webpage"},"articleSection":"Deporte","dateline":"Publicado el junio 6, 2021."},{"@type":"Organization","@id":"https:\/\/candas365.es\/noticias\/#organization","name":"Cand\u00e1s 365","description":"Cand\u00e1s 365 es un diario digital independiente, fundado en 2012, con base en Asturias. Informamos con rigor sobre actualidad, sociedad, cultura y ocio, con una mirada local y global.","url":"https:\/\/candas365.es\/noticias\/","email":"info@candas365.es","telephone":"+34652131393","foundingDate":"2012-06-10","logo":{"@type":"ImageObject","url":"https:\/\/candas365.es\/noticias\/wp-content\/uploads\/2024\/09\/Candas-365-Redes.jpg","@id":"https:\/\/candas365.es\/noticias\/gp-de-azerbaiyan-sergio-perez-gana\/#organizationLogo","width":1152,"height":864,"caption":"Cand\u00e1s 365 Redes"},"image":{"@id":"https:\/\/candas365.es\/noticias\/gp-de-azerbaiyan-sergio-perez-gana\/#organizationLogo"},"sameAs":["https:\/\/www.facebook.com\/Nachofdezber","https:\/\/x.com\/NabercoDigital","https:\/\/www.instagram.com\/nachofdezber\/","https:\/\/www.youtube.com\/channel\/UCZP-2wLEB9Rv6erhFmqVnvg"],"address":{"@id":"https:\/\/candas365.es\/noticias\/#postaladdress","@type":"PostalAddress","streetAddress":"san antonio 4, san antonio 4","postalCode":"33430","addressLocality":"Cand\u00e1s","addressRegion":"Asturias","addressCountry":"ES"}},{"@type":"Person","@id":"https:\/\/candas365.es\/noticias\/author\/admin\/#author","url":"https:\/\/candas365.es\/noticias\/author\/admin\/","name":"Cand\u00e1s 365","image":{"@type":"ImageObject","@id":"https:\/\/candas365.es\/noticias\/gp-de-azerbaiyan-sergio-perez-gana\/#authorImage","url":"https:\/\/secure.gravatar.com\/avatar\/496a8e03d0c493ede1718b7934145dbdf8d89be1036b0eec9544e1094c9de390?s=96&d=mm&r=g","width":96,"height":96,"caption":"Cand\u00e1s 365"},"sameAs":["https:\/\/www.facebook.com\/carrenoactualidad","https:\/\/twitter.com\/nbasturias","https:\/\/www.instagram.com\/nachofdezber\/","https:\/\/www.youtube.com\/channel\/UCZP-2wLEB9Rv6erhFmqVnvg"]},{"@type":"WebPage","@id":"https:\/\/candas365.es\/noticias\/gp-de-azerbaiyan-sergio-perez-gana\/#webpage","url":"https:\/\/candas365.es\/noticias\/gp-de-azerbaiyan-sergio-perez-gana\/","name":"GP de Azerbaiy\u00e1n: Sergio P\u00e9rez gana | Cand\u00e1s 365","description":"El mexicano Sergio P\u00e9rez se adjudic\u00f3 hoy el primer puesto en el Gran Premio de Azerbaiy\u00e1n de la F\u00f3rmula 1","inLanguage":"es-ES","isPartOf":{"@id":"https:\/\/candas365.es\/noticias\/#website"},"breadcrumb":{"@id":"https:\/\/candas365.es\/noticias\/gp-de-azerbaiyan-sergio-perez-gana\/#breadcrumblist"},"author":{"@id":"https:\/\/candas365.es\/noticias\/author\/admin\/#author"},"creator":{"@id":"https:\/\/candas365.es\/noticias\/author\/admin\/#author"},"image":{"@type":"ImageObject","url":"https:\/\/candas365.es\/noticias\/wp-content\/uploads\/2021\/06\/Vettel.jpg","@id":"https:\/\/candas365.es\/noticias\/gp-de-azerbaiyan-sergio-perez-gana\/#mainImage","width":876,"height":653,"caption":"Foto: Hasan Bratic\/dpa"},"primaryImageOfPage":{"@id":"https:\/\/candas365.es\/noticias\/gp-de-azerbaiyan-sergio-perez-gana\/#mainImage"},"datePublished":"2021-06-06T18:00:25+02:00","dateModified":"2021-06-06T18:00:25+02:00"},{"@type":"WebSite","@id":"https:\/\/candas365.es\/noticias\/#website","url":"https:\/\/candas365.es\/noticias\/","name":"Cand\u00e1s 365","alternateName":"Cand\u00e1s 365 Noticias","description":"Actualidad desde Carre\u00f1o para el mundo","inLanguage":"es-ES","publisher":{"@id":"https:\/\/candas365.es\/noticias\/#organization"}}]},"og:locale":"es_ES","og:site_name":"Cand\u00e1s 365","og:type":"article","og:title":"GP de Azerbaiy\u00e1n: Sergio P\u00e9rez gana | Cand\u00e1s 365","og:description":"El mexicano Sergio P\u00e9rez se adjudic\u00f3 hoy el primer puesto en el Gran Premio de Azerbaiy\u00e1n de la F\u00f3rmula 1","og:url":"https:\/\/candas365.es\/noticias\/gp-de-azerbaiyan-sergio-perez-gana\/","og:image":"https:\/\/candas365.es\/noticias\/wp-content\/uploads\/2021\/06\/Vettel.jpg","og:image:secure_url":"https:\/\/candas365.es\/noticias\/wp-content\/uploads\/2021\/06\/Vettel.jpg","og:image:width":876,"og:image:height":653,"article:published_time":"2021-06-06T18:00:25+00:00","article:modified_time":"2021-06-06T18:00:25+00:00","article:publisher":"https:\/\/www.facebook.com\/Nachofdezber","article:author":"https:\/\/www.facebook.com\/carrenoactualidad","twitter:card":"summary_large_image","twitter:site":"@NabercoDigital","twitter:title":"GP de Azerbaiy\u00e1n: Sergio P\u00e9rez gana | Cand\u00e1s 365","twitter:description":"El mexicano Sergio P\u00e9rez se adjudic\u00f3 hoy el primer puesto en el Gran Premio de Azerbaiy\u00e1n de la F\u00f3rmula 1","twitter:creator":"@nbasturias","twitter:image":"https:\/\/candas365.es\/noticias\/wp-content\/uploads\/2021\/06\/Vettel.jpg","twitter:label1":"Escrito por","twitter:data1":"Cand\u00e1s 365","twitter:label2":"Tiempo de lectura estimado","twitter:data2":"3 minutos"},"aioseo_meta_data":{"post_id":"155622","title":null,"description":"El mexicano Sergio P\u00e9rez se adjudic\u00f3 hoy el primer puesto en el Gran Premio de Azerbaiy\u00e1n de la F\u00f3rmula 1","keywords":[],"keyphrases":{"focus":{"keyphrase":"Azerbaiy\u00e1n","score":80,"analysis":{"keyphraseInTitle":{"title":"Frase clave objetivo en el t\u00edtulo SEO","description":"Frase clave objetivo encontrada en el t\u00edtulo SEO.","score":9,"maxScore":9,"error":0},"keyphraseInDescription":{"title":"Frase clave objetivo en la meta descripci\u00f3n","description":"Frase clave objetivo encontrada en la meta descripci\u00f3n.","score":9,"maxScore":9,"error":0},"keyphraseInURL":{"title":"Frase clave objetivo en la URL","description":"Frase clave objetivo no encontrada en la URL.","score":1,"maxScore":5,"error":1},"keyphraseInIntroduction":{"title":"Frase clave objetivo en la introducci\u00f3n","description":"Su Frase clave objetivo aparece en el primer p\u00e1rrafo. \u00a1Bien hecho!","score":9,"maxScore":9,"error":0},"keyphraseInSubHeadings":[],"keyphraseLength":{"title":"Longitud de la Frase clave objetivo","description":"\u00a1Buen trabajo!","score":9,"maxScore":9,"error":0,"length":1},"keyphraseInImageAlt":{"title":"Frase clave objetivo en los atributos alt de la imagen.","description":"Frase clave objetivo no se encuentra en los atributos alt de la imagen. A\u00f1ada una imagen con su Frase clave objetivo como texto alternativo.","score":3,"maxScore":9,"error":1}}},"additional":[{"keyphrase":"Sergio P\u00e9rez","score":83,"analysis":{"keyphraseInDescription":{"title":"Frase clave en la meta descripci\u00f3n","description":"Frase clave encontrada en la meta descripci\u00f3n.","score":9,"maxScore":9,"error":0},"keyphraseInIntroduction":{"title":"Frase clave en la introducci\u00f3n","description":"Su Frase clave aparece en el primer p\u00e1rrafo. \u00a1Bien hecho!","score":9,"maxScore":9,"error":0},"keyphraseInImageAlt":{"title":"Frase clave en los atributos alt de la imagen.","description":"Frase clave no se encuentra en los atributos alt de la imagen. A\u00f1ada una imagen con su Frase clave como texto alternativo.","score":3,"maxScore":9,"error":1},"keyphraseLength":{"title":"Longitud de la Frase clave","description":"\u00a1Buen trabajo!","score":9,"maxScore":9,"error":0,"length":2}}}]},"primary_term":null,"canonical_url":null,"og_title":null,"og_description":null,"og_object_type":"default","og_image_type":"default","og_image_url":null,"og_image_width":null,"og_image_height":null,"og_image_custom_url":null,"og_image_custom_fields":null,"og_video":"","og_custom_url":null,"og_article_section":null,"og_article_tags":[],"twitter_use_og":false,"twitter_card":"default","twitter_image_type":"default","twitter_image_url":null,"twitter_image_custom_url":null,"twitter_image_custom_fields":null,"twitter_title":null,"twitter_description":null,"schema":{"blockGraphs":[],"customGraphs":[],"default":{"data":{"Article":[],"Course":[],"Dataset":[],"FAQPage":[],"Movie":[],"Person":[],"Product":[],"ProductReview":[],"Car":[],"Recipe":[],"Service":[],"SoftwareApplication":[],"WebPage":[]},"graphName":"","isEnabled":true},"graphs":[],"defaultGraph":"Article","defaultPostTypeGraph":""},"schema_type":"default","schema_type_options":"{\"article\":{\"articleType\":\"BlogPosting\"},\"course\":{\"name\":\"\",\"description\":\"\",\"provider\":\"\"},\"faq\":{\"pages\":[]},\"product\":{\"reviews\":[]},\"recipe\":{\"ingredients\":[],\"instructions\":[],\"keywords\":[]},\"software\":{\"reviews\":[],\"operatingSystems\":[]},\"webPage\":{\"webPageType\":\"WebPage\"}}","pillar_content":false,"robots_default":true,"robots_noindex":false,"robots_noarchive":false,"robots_nosnippet":false,"robots_nofollow":false,"robots_noimageindex":false,"robots_noodp":false,"robots_notranslate":false,"robots_max_snippet":"-1","robots_max_videopreview":"-1","robots_max_imagepreview":"large","priority":null,"frequency":"default","location":null,"local_seo":{"locations":{"business":{"name":"","businessType":"","image":"","areaServed":"","urls":{"website":"","aboutPage":"","contactPage":""},"address":{"streetLine1":"","streetLine2":"","zipCode":"","city":"","state":"","country":"","addressFormat":"#streetLineOne\n#streetLineTwo\n#city, #state #zipCode"},"contact":{"email":"","phone":"","phoneFormatted":"","fax":"","faxFormatted":""},"ids":{"vat":"","tax":"","chamberOfCommerce":""},"payment":{"priceRange":"","currenciesAccepted":"","methods":""}}},"openingHours":{"useDefaults":true,"show":true,"alwaysOpen":false,"use24hFormat":false,"timezone":"","labels":{"closed":"","alwaysOpen":""},"days":{"monday":{"open24h":false,"closed":false,"openTime":"09:00","closeTime":"17:00"},"tuesday":{"open24h":false,"closed":false,"openTime":"09:00","closeTime":"17:00"},"wednesday":{"open24h":false,"closed":false,"openTime":"09:00","closeTime":"17:00"},"thursday":{"open24h":false,"closed":false,"openTime":"09:00","closeTime":"17:00"},"friday":{"open24h":false,"closed":false,"openTime":"09:00","closeTime":"17:00"},"saturday":{"open24h":false,"closed":false,"openTime":"09:00","closeTime":"17:00"},"sunday":{"open24h":false,"closed":false,"openTime":"09:00","closeTime":"17:00"}}}},"seo_analyzer_scan_date":"2025-08-31 22:47:13","breadcrumb_settings":null,"limit_modified_date":false,"reviewed_by":null,"open_ai":null,"ai":null,"created":"2021-06-06 17:57:18","updated":"2025-08-31 22:47:13"},"aioseo_breadcrumb":"<div class=\"aioseo-breadcrumbs\"><span class=\"aioseo-breadcrumb\">\n\t<a href=\"https:\/\/candas365.es\/noticias\" title=\"Home\">Home<\/a>\n<\/span><span class=\"aioseo-breadcrumb-separator\">&ndash;<\/span><span class=\"aioseo-breadcrumb\">\n\t<a href=\"https:\/\/candas365.es\/noticias\/category\/deporte\/\" title=\"Deporte\">Deporte<\/a>\n<\/span><span class=\"aioseo-breadcrumb-separator\">&ndash;<\/span><span class=\"aioseo-breadcrumb\">\n\tGP de Azerbaiy\u00e1n: Sergio P\u00e9rez gana\n<\/span><\/div>","aioseo_breadcrumb_json":[{"label":"Home","link":"https:\/\/candas365.es\/noticias"},{"label":"Deporte","link":"https:\/\/candas365.es\/noticias\/category\/deporte\/"},{"label":"GP de Azerbaiy\u00e1n: Sergio P\u00e9rez gana","link":"https:\/\/candas365.es\/noticias\/gp-de-azerbaiyan-sergio-perez-gana\/"}],"_links":{"self":[{"href":"https:\/\/candas365.es\/noticias\/wp-json\/wp\/v2\/posts\/155622","targetHints":{"allow":["GET"]}}],"collection":[{"href":"https:\/\/candas365.es\/noticias\/wp-json\/wp\/v2\/posts"}],"about":[{"href":"https:\/\/candas365.es\/noticias\/wp-json\/wp\/v2\/types\/post"}],"author":[{"embeddable":true,"href":"https:\/\/candas365.es\/noticias\/wp-json\/wp\/v2\/users\/1"}],"replies":[{"embeddable":true,"href":"https:\/\/candas365.es\/noticias\/wp-json\/wp\/v2\/comments?post=155622"}],"version-history":[{"count":0,"href":"https:\/\/candas365.es\/noticias\/wp-json\/wp\/v2\/posts\/155622\/revisions"}],"wp:featuredmedia":[{"embeddable":true,"href":"https:\/\/candas365.es\/noticias\/wp-json\/wp\/v2\/media\/155623"}],"wp:attachment":[{"href":"https:\/\/candas365.es\/noticias\/wp-json\/wp\/v2\/media?parent=155622"}],"wp:term":[{"taxonomy":"category","embeddable":true,"href":"https:\/\/candas365.es\/noticias\/wp-json\/wp\/v2\/categories?post=155622"},{"taxonomy":"post_tag","embeddable":true,"href":"https:\/\/candas365.es\/noticias\/wp-json\/wp\/v2\/tags?post=155622"}],"curies":[{"name":"wp","href":"https:\/\/api.w.org\/{rel}","templated":true}]}}