{"id":155617,"date":"2021-06-06T17:53:18","date_gmt":"2021-06-06T17:53:18","guid":{"rendered":"http:\/\/candas365.es\/noticias\/?p=155617"},"modified":"2021-06-06T17:53:18","modified_gmt":"2021-06-06T17:53:18","slug":"zverev-ansioso-por-debutar-en-partido-en-paris","status":"publish","type":"post","link":"https:\/\/candas365.es\/noticias\/zverev-ansioso-por-debutar-en-partido-en-paris\/","title":{"rendered":"Zverev ansioso por debutar en partido en Par\u00eds"},"content":{"rendered":"<figure id=\"attachment_155618\" aria-describedby=\"caption-attachment-155618\" style=\"width: 360px\" class=\"wp-caption alignleft\"><img fetchpriority=\"high\" decoding=\"async\" class=\"size-medium wp-image-155618\" src=\"https:\/\/candas365.es\/noticias\/wp-content\/uploads\/2021\/06\/Alexander-Zverev-360x267.jpg\" alt=\"Alexander Zverev\" width=\"360\" height=\"267\" srcset=\"https:\/\/candas365.es\/noticias\/wp-content\/uploads\/2021\/06\/Alexander-Zverev-360x267.jpg 360w, https:\/\/candas365.es\/noticias\/wp-content\/uploads\/2021\/06\/Alexander-Zverev-648x480.jpg 648w, https:\/\/candas365.es\/noticias\/wp-content\/uploads\/2021\/06\/Alexander-Zverev-768x569.jpg 768w, https:\/\/candas365.es\/noticias\/wp-content\/uploads\/2021\/06\/Alexander-Zverev.jpg 872w\" sizes=\"(max-width: 360px) 100vw, 360px\" \/><figcaption id=\"caption-attachment-155618\" class=\"wp-caption-text\">Foto: Frank Molter\/dpa<\/figcaption><\/figure>\n<p>Par\u00eds, 6 jun (dpa) &#8211; Alexander Zverev, n\u00famero uno del tenis alem\u00e1n, se enfrentar\u00e1 hoy a las 19:00 GMT al japon\u00e9s Kei Nishikori en los octavos de final del Abierto de Francia, en su debut en la flamante sesi\u00f3n nocturna del torneo.<\/p>\n<p>\u00abEstos son los partidos por los que jugamos al tenis\u00bb, declar\u00f3 el alem\u00e1n sobre su duelo de esta noche con Nishikori, a quien ya derrot\u00f3 dos veces este a\u00f1o sobre tierra batida.<\/p>\n<p>Zverev se impuso al japon\u00e9s en Madrid, donde se alz\u00f3 con el t\u00edtulo, y tambi\u00e9n en Roma, cuando logr\u00f3 dejar fuera al finalista del Abierto de Estados Unidos de 2014.<\/p>\n<p>Zverev no es tan cr\u00edtico como algunos de sus colegas sobre la introducci\u00f3n de la serie de partidos nocturnos en Par\u00eds. \u00abAl fin y al cabo, ha sido pensada a largo plazo\u00bb, se\u00f1al\u00f3.<\/p>\n<p>El estadio de la capital francesa no contar\u00e1 con la presencia de p\u00fablico debido al toque de queda que rige para frenar los contagios con el coronavirus.<\/p>\n<p>Los partidos nocturnos son muy populares desde hace a\u00f1os en el Abierto de Australia y en el de Estados Unidos, por ejemplo, y los organizadores del torneo parisino tambi\u00e9n esperan captar la atenci\u00f3n con esta novedad.<\/p>\n<p>En cuanto a lo deportivo, Zverev tiene en la mira mantenerse rumbo hacia su primer t\u00edtulo en un torneo de Grand Slam. El jugador de 24 a\u00f1os ha mejorado constantemente su rendimiento en Par\u00eds este a\u00f1o y tambi\u00e9n llega al partido contra Nishikori con una buena predisposici\u00f3n.<\/p>\n<p>\u00abAun as\u00ed, ser\u00e1 un partido re\u00f1ido, Kei tambi\u00e9n est\u00e1 en buena forma\u00bb, pronostic\u00f3 Zverev.<\/p>\n","protected":false},"excerpt":{"rendered":"<p>Par\u00eds, 6 jun (dpa) &#8211; Alexander Zverev, n\u00famero uno del tenis alem\u00e1n, se enfrentar\u00e1 hoy a las 19:00 GMT al japon\u00e9s Kei Nishikori en los octavos de final del Abierto de Francia, en su debut en la flamante sesi\u00f3n nocturna del torneo. \u00abEstos son los partidos por los que jugamos al tenis\u00bb, declar\u00f3 el alem\u00e1n<\/p>\n","protected":false},"author":1,"featured_media":155618,"comment_status":"closed","ping_status":"closed","sticky":false,"template":"","format":"standard","meta":{"footnotes":""},"categories":[319],"tags":[],"class_list":{"0":"post-155617","1":"post","2":"type-post","3":"status-publish","4":"format-standard","5":"has-post-thumbnail","7":"category-deporte"},"aioseo_notices":[],"aioseo_head":"\n\t\t<!-- All in One SEO Pro 4.9.6.2 - aioseo.com -->\n\t<meta name=\"description\" content=\"Alexander Zverev, n\u00famero uno del tenis alem\u00e1n, se enfrentar\u00e1 hoy a las 19:00 GMT al japon\u00e9s Kei Nishikori en los octavos de final del Abierto de Francia\" \/>\n\t<meta name=\"robots\" content=\"max-image-preview:large\" \/>\n\t<meta name=\"author\" content=\"Cand\u00e1s 365\"\/>\n\t<meta name=\"google-site-verification\" content=\"UA-32230408-1\" \/>\n\t<meta name=\"msvalidate.01\" content=\"354F3CDFB2DA171B47FBE9ABF1F88D5\" \/>\n\t<meta name=\"keywords\" content=\"deporte\" \/>\n\t<link rel=\"canonical\" href=\"https:\/\/candas365.es\/noticias\/zverev-ansioso-por-debutar-en-partido-en-paris\/\" \/>\n\t<meta name=\"generator\" content=\"All in One SEO Pro (AIOSEO) 4.9.6.2\" \/>\n\t\t<meta property=\"og:locale\" content=\"es_ES\" \/>\n\t\t<meta property=\"og:site_name\" content=\"Cand\u00e1s 365\" \/>\n\t\t<meta property=\"og:type\" content=\"article\" \/>\n\t\t<meta property=\"og:title\" content=\"Zverev ansioso por debutar en partido en Par\u00eds | Cand\u00e1s 365\" \/>\n\t\t<meta property=\"og:description\" content=\"Alexander Zverev, n\u00famero uno del tenis alem\u00e1n, se enfrentar\u00e1 hoy a las 19:00 GMT al japon\u00e9s Kei Nishikori en los octavos de final del Abierto de Francia\" \/>\n\t\t<meta property=\"og:url\" content=\"https:\/\/candas365.es\/noticias\/zverev-ansioso-por-debutar-en-partido-en-paris\/\" \/>\n\t\t<meta property=\"og:image\" content=\"https:\/\/candas365.es\/noticias\/wp-content\/uploads\/2021\/06\/Alexander-Zverev.jpg\" \/>\n\t\t<meta property=\"og:image:secure_url\" content=\"https:\/\/candas365.es\/noticias\/wp-content\/uploads\/2021\/06\/Alexander-Zverev.jpg\" \/>\n\t\t<meta property=\"og:image:width\" content=\"872\" \/>\n\t\t<meta property=\"og:image:height\" content=\"646\" \/>\n\t\t<meta property=\"article:published_time\" content=\"2021-06-06T17:53:18+00:00\" \/>\n\t\t<meta property=\"article:modified_time\" content=\"2021-06-06T17:53:18+00:00\" \/>\n\t\t<meta property=\"article:publisher\" content=\"https:\/\/www.facebook.com\/Nachofdezber\" \/>\n\t\t<meta property=\"article:author\" content=\"https:\/\/www.facebook.com\/carrenoactualidad\" \/>\n\t\t<meta name=\"twitter:card\" content=\"summary_large_image\" \/>\n\t\t<meta name=\"twitter:site\" content=\"@NabercoDigital\" \/>\n\t\t<meta name=\"twitter:title\" content=\"Zverev ansioso por debutar en partido en Par\u00eds | Cand\u00e1s 365\" \/>\n\t\t<meta name=\"twitter:description\" content=\"Alexander Zverev, n\u00famero uno del tenis alem\u00e1n, se enfrentar\u00e1 hoy a las 19:00 GMT al japon\u00e9s Kei Nishikori en los octavos de final del Abierto de Francia\" \/>\n\t\t<meta name=\"twitter:creator\" content=\"@nbasturias\" \/>\n\t\t<meta name=\"twitter:image\" content=\"https:\/\/candas365.es\/noticias\/wp-content\/uploads\/2021\/06\/Alexander-Zverev.jpg\" \/>\n\t\t<meta name=\"twitter:label1\" content=\"Escrito por\" \/>\n\t\t<meta name=\"twitter:data1\" content=\"Cand\u00e1s 365\" \/>\n\t\t<meta name=\"twitter:label2\" content=\"Tiempo de lectura estimado\" \/>\n\t\t<meta name=\"twitter:data2\" content=\"1 minuto\" \/>\n\t\t<script type=\"application\/ld+json\" class=\"aioseo-schema\">\n\t\t\t{\"@context\":\"https:\\\/\\\/schema.org\",\"@graph\":[{\"@type\":\"BreadcrumbList\",\"@id\":\"https:\\\/\\\/candas365.es\\\/noticias\\\/zverev-ansioso-por-debutar-en-partido-en-paris\\\/#breadcrumblist\",\"itemListElement\":[{\"@type\":\"ListItem\",\"@id\":\"https:\\\/\\\/candas365.es\\\/noticias#listItem\",\"position\":1,\"name\":\"Home\",\"item\":\"https:\\\/\\\/candas365.es\\\/noticias\",\"nextItem\":{\"@type\":\"ListItem\",\"@id\":\"https:\\\/\\\/candas365.es\\\/noticias\\\/category\\\/deporte\\\/#listItem\",\"name\":\"Deporte\"}},{\"@type\":\"ListItem\",\"@id\":\"https:\\\/\\\/candas365.es\\\/noticias\\\/category\\\/deporte\\\/#listItem\",\"position\":2,\"name\":\"Deporte\",\"item\":\"https:\\\/\\\/candas365.es\\\/noticias\\\/category\\\/deporte\\\/\",\"nextItem\":{\"@type\":\"ListItem\",\"@id\":\"https:\\\/\\\/candas365.es\\\/noticias\\\/zverev-ansioso-por-debutar-en-partido-en-paris\\\/#listItem\",\"name\":\"Zverev ansioso por debutar en partido en Par\\u00eds\"},\"previousItem\":{\"@type\":\"ListItem\",\"@id\":\"https:\\\/\\\/candas365.es\\\/noticias#listItem\",\"name\":\"Home\"}},{\"@type\":\"ListItem\",\"@id\":\"https:\\\/\\\/candas365.es\\\/noticias\\\/zverev-ansioso-por-debutar-en-partido-en-paris\\\/#listItem\",\"position\":3,\"name\":\"Zverev ansioso por debutar en partido en Par\\u00eds\",\"previousItem\":{\"@type\":\"ListItem\",\"@id\":\"https:\\\/\\\/candas365.es\\\/noticias\\\/category\\\/deporte\\\/#listItem\",\"name\":\"Deporte\"}}]},{\"@type\":\"NewsArticle\",\"@id\":\"https:\\\/\\\/candas365.es\\\/noticias\\\/zverev-ansioso-por-debutar-en-partido-en-paris\\\/#newsarticle\",\"name\":\"Zverev ansioso por debutar en partido en Par\\u00eds | Cand\\u00e1s 365\",\"headline\":\"Zverev ansioso por debutar en partido en Par\\u00eds\",\"author\":{\"@id\":\"https:\\\/\\\/candas365.es\\\/noticias\\\/author\\\/admin\\\/#author\"},\"publisher\":{\"@id\":\"https:\\\/\\\/candas365.es\\\/noticias\\\/#organization\"},\"image\":{\"@type\":\"ImageObject\",\"url\":\"https:\\\/\\\/candas365.es\\\/noticias\\\/wp-content\\\/uploads\\\/2021\\\/06\\\/Alexander-Zverev.jpg\",\"width\":872,\"height\":646,\"caption\":\"Foto: Frank Molter\\\/dpa\"},\"datePublished\":\"2021-06-06T17:53:18+02:00\",\"dateModified\":\"2021-06-06T17:53:18+02:00\",\"inLanguage\":\"es-ES\",\"mainEntityOfPage\":{\"@id\":\"https:\\\/\\\/candas365.es\\\/noticias\\\/zverev-ansioso-por-debutar-en-partido-en-paris\\\/#webpage\"},\"isPartOf\":{\"@id\":\"https:\\\/\\\/candas365.es\\\/noticias\\\/zverev-ansioso-por-debutar-en-partido-en-paris\\\/#webpage\"},\"articleSection\":\"Deporte\",\"dateline\":\"Publicado el junio 6, 2021.\"},{\"@type\":\"Organization\",\"@id\":\"https:\\\/\\\/candas365.es\\\/noticias\\\/#organization\",\"name\":\"Cand\\u00e1s 365\",\"description\":\"Cand\\u00e1s 365 es un diario digital independiente, fundado en 2012, con base en Asturias. Informamos con rigor sobre actualidad, sociedad, cultura y ocio, con una mirada local y global.\",\"url\":\"https:\\\/\\\/candas365.es\\\/noticias\\\/\",\"email\":\"info@candas365.es\",\"telephone\":\"+34652131393\",\"foundingDate\":\"2012-06-10\",\"logo\":{\"@type\":\"ImageObject\",\"url\":\"https:\\\/\\\/candas365.es\\\/noticias\\\/wp-content\\\/uploads\\\/2024\\\/09\\\/Candas-365-Redes.jpg\",\"@id\":\"https:\\\/\\\/candas365.es\\\/noticias\\\/zverev-ansioso-por-debutar-en-partido-en-paris\\\/#organizationLogo\",\"width\":1152,\"height\":864,\"caption\":\"Cand\\u00e1s 365 Redes\"},\"image\":{\"@id\":\"https:\\\/\\\/candas365.es\\\/noticias\\\/zverev-ansioso-por-debutar-en-partido-en-paris\\\/#organizationLogo\"},\"sameAs\":[\"https:\\\/\\\/www.facebook.com\\\/Nachofdezber\",\"https:\\\/\\\/x.com\\\/NabercoDigital\",\"https:\\\/\\\/www.instagram.com\\\/nachofdezber\\\/\",\"https:\\\/\\\/www.youtube.com\\\/channel\\\/UCZP-2wLEB9Rv6erhFmqVnvg\"],\"address\":{\"@id\":\"https:\\\/\\\/candas365.es\\\/noticias\\\/#postaladdress\",\"@type\":\"PostalAddress\",\"streetAddress\":\"san antonio 4, san antonio 4\",\"postalCode\":\"33430\",\"addressLocality\":\"Cand\\u00e1s\",\"addressRegion\":\"Asturias\",\"addressCountry\":\"ES\"}},{\"@type\":\"Person\",\"@id\":\"https:\\\/\\\/candas365.es\\\/noticias\\\/author\\\/admin\\\/#author\",\"url\":\"https:\\\/\\\/candas365.es\\\/noticias\\\/author\\\/admin\\\/\",\"name\":\"Cand\\u00e1s 365\",\"image\":{\"@type\":\"ImageObject\",\"@id\":\"https:\\\/\\\/candas365.es\\\/noticias\\\/zverev-ansioso-por-debutar-en-partido-en-paris\\\/#authorImage\",\"url\":\"https:\\\/\\\/secure.gravatar.com\\\/avatar\\\/496a8e03d0c493ede1718b7934145dbdf8d89be1036b0eec9544e1094c9de390?s=96&d=mm&r=g\",\"width\":96,\"height\":96,\"caption\":\"Cand\\u00e1s 365\"},\"sameAs\":[\"https:\\\/\\\/www.facebook.com\\\/carrenoactualidad\",\"https:\\\/\\\/twitter.com\\\/nbasturias\",\"https:\\\/\\\/www.instagram.com\\\/nachofdezber\\\/\",\"https:\\\/\\\/www.youtube.com\\\/channel\\\/UCZP-2wLEB9Rv6erhFmqVnvg\"]},{\"@type\":\"WebPage\",\"@id\":\"https:\\\/\\\/candas365.es\\\/noticias\\\/zverev-ansioso-por-debutar-en-partido-en-paris\\\/#webpage\",\"url\":\"https:\\\/\\\/candas365.es\\\/noticias\\\/zverev-ansioso-por-debutar-en-partido-en-paris\\\/\",\"name\":\"Zverev ansioso por debutar en partido en Par\\u00eds | Cand\\u00e1s 365\",\"description\":\"Alexander Zverev, n\\u00famero uno del tenis alem\\u00e1n, se enfrentar\\u00e1 hoy a las 19:00 GMT al japon\\u00e9s Kei Nishikori en los octavos de final del Abierto de Francia\",\"inLanguage\":\"es-ES\",\"isPartOf\":{\"@id\":\"https:\\\/\\\/candas365.es\\\/noticias\\\/#website\"},\"breadcrumb\":{\"@id\":\"https:\\\/\\\/candas365.es\\\/noticias\\\/zverev-ansioso-por-debutar-en-partido-en-paris\\\/#breadcrumblist\"},\"author\":{\"@id\":\"https:\\\/\\\/candas365.es\\\/noticias\\\/author\\\/admin\\\/#author\"},\"creator\":{\"@id\":\"https:\\\/\\\/candas365.es\\\/noticias\\\/author\\\/admin\\\/#author\"},\"image\":{\"@type\":\"ImageObject\",\"url\":\"https:\\\/\\\/candas365.es\\\/noticias\\\/wp-content\\\/uploads\\\/2021\\\/06\\\/Alexander-Zverev.jpg\",\"@id\":\"https:\\\/\\\/candas365.es\\\/noticias\\\/zverev-ansioso-por-debutar-en-partido-en-paris\\\/#mainImage\",\"width\":872,\"height\":646,\"caption\":\"Foto: Frank Molter\\\/dpa\"},\"primaryImageOfPage\":{\"@id\":\"https:\\\/\\\/candas365.es\\\/noticias\\\/zverev-ansioso-por-debutar-en-partido-en-paris\\\/#mainImage\"},\"datePublished\":\"2021-06-06T17:53:18+02:00\",\"dateModified\":\"2021-06-06T17:53:18+02:00\"},{\"@type\":\"WebSite\",\"@id\":\"https:\\\/\\\/candas365.es\\\/noticias\\\/#website\",\"url\":\"https:\\\/\\\/candas365.es\\\/noticias\\\/\",\"name\":\"Cand\\u00e1s 365\",\"alternateName\":\"Cand\\u00e1s 365 Noticias\",\"description\":\"Actualidad desde Carre\\u00f1o para el mundo\",\"inLanguage\":\"es-ES\",\"publisher\":{\"@id\":\"https:\\\/\\\/candas365.es\\\/noticias\\\/#organization\"}}]}\n\t\t<\/script>\n\t\t<!-- All in One SEO Pro -->\r\n\t\t<title>Zverev ansioso por debutar en partido en Par\u00eds | Cand\u00e1s 365<\/title>\n\n","aioseo_head_json":{"title":"Zverev ansioso por debutar en partido en Par\u00eds | Cand\u00e1s 365","description":"Alexander Zverev, n\u00famero uno del tenis alem\u00e1n, se enfrentar\u00e1 hoy a las 19:00 GMT al japon\u00e9s Kei Nishikori en los octavos de final del Abierto de Francia","canonical_url":"https:\/\/candas365.es\/noticias\/zverev-ansioso-por-debutar-en-partido-en-paris\/","robots":"max-image-preview:large","keywords":"deporte","webmasterTools":{"google-site-verification":"UA-32230408-1","msvalidate.01":"354F3CDFB2DA171B47FBE9ABF1F88D5","miscellaneous":""},"schema":{"@context":"https:\/\/schema.org","@graph":[{"@type":"BreadcrumbList","@id":"https:\/\/candas365.es\/noticias\/zverev-ansioso-por-debutar-en-partido-en-paris\/#breadcrumblist","itemListElement":[{"@type":"ListItem","@id":"https:\/\/candas365.es\/noticias#listItem","position":1,"name":"Home","item":"https:\/\/candas365.es\/noticias","nextItem":{"@type":"ListItem","@id":"https:\/\/candas365.es\/noticias\/category\/deporte\/#listItem","name":"Deporte"}},{"@type":"ListItem","@id":"https:\/\/candas365.es\/noticias\/category\/deporte\/#listItem","position":2,"name":"Deporte","item":"https:\/\/candas365.es\/noticias\/category\/deporte\/","nextItem":{"@type":"ListItem","@id":"https:\/\/candas365.es\/noticias\/zverev-ansioso-por-debutar-en-partido-en-paris\/#listItem","name":"Zverev ansioso por debutar en partido en Par\u00eds"},"previousItem":{"@type":"ListItem","@id":"https:\/\/candas365.es\/noticias#listItem","name":"Home"}},{"@type":"ListItem","@id":"https:\/\/candas365.es\/noticias\/zverev-ansioso-por-debutar-en-partido-en-paris\/#listItem","position":3,"name":"Zverev ansioso por debutar en partido en Par\u00eds","previousItem":{"@type":"ListItem","@id":"https:\/\/candas365.es\/noticias\/category\/deporte\/#listItem","name":"Deporte"}}]},{"@type":"NewsArticle","@id":"https:\/\/candas365.es\/noticias\/zverev-ansioso-por-debutar-en-partido-en-paris\/#newsarticle","name":"Zverev ansioso por debutar en partido en Par\u00eds | Cand\u00e1s 365","headline":"Zverev ansioso por debutar en partido en Par\u00eds","author":{"@id":"https:\/\/candas365.es\/noticias\/author\/admin\/#author"},"publisher":{"@id":"https:\/\/candas365.es\/noticias\/#organization"},"image":{"@type":"ImageObject","url":"https:\/\/candas365.es\/noticias\/wp-content\/uploads\/2021\/06\/Alexander-Zverev.jpg","width":872,"height":646,"caption":"Foto: Frank Molter\/dpa"},"datePublished":"2021-06-06T17:53:18+02:00","dateModified":"2021-06-06T17:53:18+02:00","inLanguage":"es-ES","mainEntityOfPage":{"@id":"https:\/\/candas365.es\/noticias\/zverev-ansioso-por-debutar-en-partido-en-paris\/#webpage"},"isPartOf":{"@id":"https:\/\/candas365.es\/noticias\/zverev-ansioso-por-debutar-en-partido-en-paris\/#webpage"},"articleSection":"Deporte","dateline":"Publicado el junio 6, 2021."},{"@type":"Organization","@id":"https:\/\/candas365.es\/noticias\/#organization","name":"Cand\u00e1s 365","description":"Cand\u00e1s 365 es un diario digital independiente, fundado en 2012, con base en Asturias. Informamos con rigor sobre actualidad, sociedad, cultura y ocio, con una mirada local y global.","url":"https:\/\/candas365.es\/noticias\/","email":"info@candas365.es","telephone":"+34652131393","foundingDate":"2012-06-10","logo":{"@type":"ImageObject","url":"https:\/\/candas365.es\/noticias\/wp-content\/uploads\/2024\/09\/Candas-365-Redes.jpg","@id":"https:\/\/candas365.es\/noticias\/zverev-ansioso-por-debutar-en-partido-en-paris\/#organizationLogo","width":1152,"height":864,"caption":"Cand\u00e1s 365 Redes"},"image":{"@id":"https:\/\/candas365.es\/noticias\/zverev-ansioso-por-debutar-en-partido-en-paris\/#organizationLogo"},"sameAs":["https:\/\/www.facebook.com\/Nachofdezber","https:\/\/x.com\/NabercoDigital","https:\/\/www.instagram.com\/nachofdezber\/","https:\/\/www.youtube.com\/channel\/UCZP-2wLEB9Rv6erhFmqVnvg"],"address":{"@id":"https:\/\/candas365.es\/noticias\/#postaladdress","@type":"PostalAddress","streetAddress":"san antonio 4, san antonio 4","postalCode":"33430","addressLocality":"Cand\u00e1s","addressRegion":"Asturias","addressCountry":"ES"}},{"@type":"Person","@id":"https:\/\/candas365.es\/noticias\/author\/admin\/#author","url":"https:\/\/candas365.es\/noticias\/author\/admin\/","name":"Cand\u00e1s 365","image":{"@type":"ImageObject","@id":"https:\/\/candas365.es\/noticias\/zverev-ansioso-por-debutar-en-partido-en-paris\/#authorImage","url":"https:\/\/secure.gravatar.com\/avatar\/496a8e03d0c493ede1718b7934145dbdf8d89be1036b0eec9544e1094c9de390?s=96&d=mm&r=g","width":96,"height":96,"caption":"Cand\u00e1s 365"},"sameAs":["https:\/\/www.facebook.com\/carrenoactualidad","https:\/\/twitter.com\/nbasturias","https:\/\/www.instagram.com\/nachofdezber\/","https:\/\/www.youtube.com\/channel\/UCZP-2wLEB9Rv6erhFmqVnvg"]},{"@type":"WebPage","@id":"https:\/\/candas365.es\/noticias\/zverev-ansioso-por-debutar-en-partido-en-paris\/#webpage","url":"https:\/\/candas365.es\/noticias\/zverev-ansioso-por-debutar-en-partido-en-paris\/","name":"Zverev ansioso por debutar en partido en Par\u00eds | Cand\u00e1s 365","description":"Alexander Zverev, n\u00famero uno del tenis alem\u00e1n, se enfrentar\u00e1 hoy a las 19:00 GMT al japon\u00e9s Kei Nishikori en los octavos de final del Abierto de Francia","inLanguage":"es-ES","isPartOf":{"@id":"https:\/\/candas365.es\/noticias\/#website"},"breadcrumb":{"@id":"https:\/\/candas365.es\/noticias\/zverev-ansioso-por-debutar-en-partido-en-paris\/#breadcrumblist"},"author":{"@id":"https:\/\/candas365.es\/noticias\/author\/admin\/#author"},"creator":{"@id":"https:\/\/candas365.es\/noticias\/author\/admin\/#author"},"image":{"@type":"ImageObject","url":"https:\/\/candas365.es\/noticias\/wp-content\/uploads\/2021\/06\/Alexander-Zverev.jpg","@id":"https:\/\/candas365.es\/noticias\/zverev-ansioso-por-debutar-en-partido-en-paris\/#mainImage","width":872,"height":646,"caption":"Foto: Frank Molter\/dpa"},"primaryImageOfPage":{"@id":"https:\/\/candas365.es\/noticias\/zverev-ansioso-por-debutar-en-partido-en-paris\/#mainImage"},"datePublished":"2021-06-06T17:53:18+02:00","dateModified":"2021-06-06T17:53:18+02:00"},{"@type":"WebSite","@id":"https:\/\/candas365.es\/noticias\/#website","url":"https:\/\/candas365.es\/noticias\/","name":"Cand\u00e1s 365","alternateName":"Cand\u00e1s 365 Noticias","description":"Actualidad desde Carre\u00f1o para el mundo","inLanguage":"es-ES","publisher":{"@id":"https:\/\/candas365.es\/noticias\/#organization"}}]},"og:locale":"es_ES","og:site_name":"Cand\u00e1s 365","og:type":"article","og:title":"Zverev ansioso por debutar en partido en Par\u00eds | Cand\u00e1s 365","og:description":"Alexander Zverev, n\u00famero uno del tenis alem\u00e1n, se enfrentar\u00e1 hoy a las 19:00 GMT al japon\u00e9s Kei Nishikori en los octavos de final del Abierto de Francia","og:url":"https:\/\/candas365.es\/noticias\/zverev-ansioso-por-debutar-en-partido-en-paris\/","og:image":"https:\/\/candas365.es\/noticias\/wp-content\/uploads\/2021\/06\/Alexander-Zverev.jpg","og:image:secure_url":"https:\/\/candas365.es\/noticias\/wp-content\/uploads\/2021\/06\/Alexander-Zverev.jpg","og:image:width":872,"og:image:height":646,"article:published_time":"2021-06-06T17:53:18+00:00","article:modified_time":"2021-06-06T17:53:18+00:00","article:publisher":"https:\/\/www.facebook.com\/Nachofdezber","article:author":"https:\/\/www.facebook.com\/carrenoactualidad","twitter:card":"summary_large_image","twitter:site":"@NabercoDigital","twitter:title":"Zverev ansioso por debutar en partido en Par\u00eds | Cand\u00e1s 365","twitter:description":"Alexander Zverev, n\u00famero uno del tenis alem\u00e1n, se enfrentar\u00e1 hoy a las 19:00 GMT al japon\u00e9s Kei Nishikori en los octavos de final del Abierto de Francia","twitter:creator":"@nbasturias","twitter:image":"https:\/\/candas365.es\/noticias\/wp-content\/uploads\/2021\/06\/Alexander-Zverev.jpg","twitter:label1":"Escrito por","twitter:data1":"Cand\u00e1s 365","twitter:label2":"Tiempo de lectura estimado","twitter:data2":"1 minuto"},"aioseo_meta_data":{"post_id":"155617","title":null,"description":"Alexander Zverev, n\u00famero uno del tenis alem\u00e1n, se enfrentar\u00e1 hoy a las 19:00 GMT al japon\u00e9s Kei Nishikori en los octavos de final del Abierto de Francia","keywords":[],"keyphrases":{"focus":{"keyphrase":"Zverev","score":92,"analysis":{"keyphraseInTitle":{"title":"Frase clave objetivo en el t\u00edtulo SEO","description":"Frase clave objetivo encontrada en el t\u00edtulo SEO.","score":9,"maxScore":9,"error":0},"keyphraseInDescription":{"title":"Frase clave objetivo en la meta descripci\u00f3n","description":"Frase clave objetivo encontrada en la meta descripci\u00f3n.","score":9,"maxScore":9,"error":0},"keyphraseInURL":{"title":"Frase clave objetivo en la URL","description":"Frase clave objetivo no encontrada en la URL.","score":1,"maxScore":5,"error":1},"keyphraseInIntroduction":{"title":"Frase clave objetivo en la introducci\u00f3n","description":"Su Frase clave objetivo aparece en el primer p\u00e1rrafo. \u00a1Bien hecho!","score":9,"maxScore":9,"error":0},"keyphraseInSubHeadings":[],"keyphraseLength":{"title":"Longitud de la Frase clave objetivo","description":"\u00a1Buen trabajo!","score":9,"maxScore":9,"error":0,"length":1},"keyphraseInImageAlt":{"title":"Frase clave objetivo en los atributos alt de la imagen.","description":"Frase clave objetivo encontrada en los atributos alt de la(s) imagen(es).","score":9,"maxScore":9,"error":0}}},"additional":[]},"primary_term":null,"canonical_url":null,"og_title":null,"og_description":null,"og_object_type":"default","og_image_type":"default","og_image_url":null,"og_image_width":null,"og_image_height":null,"og_image_custom_url":null,"og_image_custom_fields":null,"og_video":"","og_custom_url":null,"og_article_section":null,"og_article_tags":[],"twitter_use_og":false,"twitter_card":"default","twitter_image_type":"default","twitter_image_url":null,"twitter_image_custom_url":null,"twitter_image_custom_fields":null,"twitter_title":null,"twitter_description":null,"schema":{"blockGraphs":[],"customGraphs":[],"default":{"data":{"Article":[],"Course":[],"Dataset":[],"FAQPage":[],"Movie":[],"Person":[],"Product":[],"ProductReview":[],"Car":[],"Recipe":[],"Service":[],"SoftwareApplication":[],"WebPage":[]},"graphName":"","isEnabled":true},"graphs":[]},"schema_type":"default","schema_type_options":"{\"article\":{\"articleType\":\"BlogPosting\"},\"course\":{\"name\":\"\",\"description\":\"\",\"provider\":\"\"},\"faq\":{\"pages\":[]},\"product\":{\"reviews\":[]},\"recipe\":{\"ingredients\":[],\"instructions\":[],\"keywords\":[]},\"software\":{\"reviews\":[],\"operatingSystems\":[]},\"webPage\":{\"webPageType\":\"WebPage\"}}","pillar_content":false,"robots_default":true,"robots_noindex":false,"robots_noarchive":false,"robots_nosnippet":false,"robots_nofollow":false,"robots_noimageindex":false,"robots_noodp":false,"robots_notranslate":false,"robots_max_snippet":"-1","robots_max_videopreview":"-1","robots_max_imagepreview":"large","priority":null,"frequency":"default","location":null,"local_seo":{"locations":{"business":{"name":"","businessType":"","image":"","areaServed":"","urls":{"website":"","aboutPage":"","contactPage":""},"address":{"streetLine1":"","streetLine2":"","zipCode":"","city":"","state":"","country":"","addressFormat":"#streetLineOne\n#streetLineTwo\n#city, #state #zipCode"},"contact":{"email":"","phone":"","phoneFormatted":"","fax":"","faxFormatted":""},"ids":{"vat":"","tax":"","chamberOfCommerce":""},"payment":{"priceRange":"","currenciesAccepted":"","methods":""}}},"openingHours":{"useDefaults":true,"show":true,"alwaysOpen":false,"use24hFormat":false,"timezone":"","labels":{"closed":"","alwaysOpen":""},"days":{"monday":{"open24h":false,"closed":false,"openTime":"09:00","closeTime":"17:00"},"tuesday":{"open24h":false,"closed":false,"openTime":"09:00","closeTime":"17:00"},"wednesday":{"open24h":false,"closed":false,"openTime":"09:00","closeTime":"17:00"},"thursday":{"open24h":false,"closed":false,"openTime":"09:00","closeTime":"17:00"},"friday":{"open24h":false,"closed":false,"openTime":"09:00","closeTime":"17:00"},"saturday":{"open24h":false,"closed":false,"openTime":"09:00","closeTime":"17:00"},"sunday":{"open24h":false,"closed":false,"openTime":"09:00","closeTime":"17:00"}}}},"seo_analyzer_scan_date":"2025-08-31 22:47:11","breadcrumb_settings":null,"limit_modified_date":false,"reviewed_by":null,"open_ai":null,"ai":null,"created":"2021-06-06 17:49:28","updated":"2025-08-31 22:47:11"},"aioseo_breadcrumb":"<div class=\"aioseo-breadcrumbs\"><span class=\"aioseo-breadcrumb\">\n\t<a href=\"https:\/\/candas365.es\/noticias\" title=\"Home\">Home<\/a>\n<\/span><span class=\"aioseo-breadcrumb-separator\">&ndash;<\/span><span class=\"aioseo-breadcrumb\">\n\t<a href=\"https:\/\/candas365.es\/noticias\/category\/deporte\/\" title=\"Deporte\">Deporte<\/a>\n<\/span><span class=\"aioseo-breadcrumb-separator\">&ndash;<\/span><span class=\"aioseo-breadcrumb\">\n\tZverev ansioso por debutar en partido en Par\u00eds\n<\/span><\/div>","aioseo_breadcrumb_json":[{"label":"Home","link":"https:\/\/candas365.es\/noticias"},{"label":"Deporte","link":"https:\/\/candas365.es\/noticias\/category\/deporte\/"},{"label":"Zverev ansioso por debutar en partido en Par\u00eds","link":"https:\/\/candas365.es\/noticias\/zverev-ansioso-por-debutar-en-partido-en-paris\/"}],"_links":{"self":[{"href":"https:\/\/candas365.es\/noticias\/wp-json\/wp\/v2\/posts\/155617","targetHints":{"allow":["GET"]}}],"collection":[{"href":"https:\/\/candas365.es\/noticias\/wp-json\/wp\/v2\/posts"}],"about":[{"href":"https:\/\/candas365.es\/noticias\/wp-json\/wp\/v2\/types\/post"}],"author":[{"embeddable":true,"href":"https:\/\/candas365.es\/noticias\/wp-json\/wp\/v2\/users\/1"}],"replies":[{"embeddable":true,"href":"https:\/\/candas365.es\/noticias\/wp-json\/wp\/v2\/comments?post=155617"}],"version-history":[{"count":0,"href":"https:\/\/candas365.es\/noticias\/wp-json\/wp\/v2\/posts\/155617\/revisions"}],"wp:featuredmedia":[{"embeddable":true,"href":"https:\/\/candas365.es\/noticias\/wp-json\/wp\/v2\/media\/155618"}],"wp:attachment":[{"href":"https:\/\/candas365.es\/noticias\/wp-json\/wp\/v2\/media?parent=155617"}],"wp:term":[{"taxonomy":"category","embeddable":true,"href":"https:\/\/candas365.es\/noticias\/wp-json\/wp\/v2\/categories?post=155617"},{"taxonomy":"post_tag","embeddable":true,"href":"https:\/\/candas365.es\/noticias\/wp-json\/wp\/v2\/tags?post=155617"}],"curies":[{"name":"wp","href":"https:\/\/api.w.org\/{rel}","templated":true}]}}