{"id":155163,"date":"2021-05-29T11:19:27","date_gmt":"2021-05-29T11:19:27","guid":{"rendered":"http:\/\/candas365.es\/noticias\/?p=155163"},"modified":"2021-05-29T11:19:57","modified_gmt":"2021-05-29T11:19:57","slug":"el-tiempo-en-candas-sabado-29-de-mayo-de-2021","status":"publish","type":"post","link":"https:\/\/candas365.es\/noticias\/el-tiempo-en-candas-sabado-29-de-mayo-de-2021\/","title":{"rendered":"El tiempo en Cand\u00e1s, s\u00e1bado 29 de mayo de 2021"},"content":{"rendered":"<figure id=\"attachment_149330\" aria-describedby=\"caption-attachment-149330\" style=\"width: 360px\" class=\"wp-caption alignleft\"><img fetchpriority=\"high\" decoding=\"async\" class=\"size-medium wp-image-149330\" src=\"https:\/\/candas365.es\/noticias\/wp-content\/uploads\/2020\/12\/San-Antonio-360x279.jpg\" alt=\"Cand\u00e1s\" width=\"360\" height=\"279\" srcset=\"https:\/\/candas365.es\/noticias\/wp-content\/uploads\/2020\/12\/San-Antonio-360x279.jpg 360w, https:\/\/candas365.es\/noticias\/wp-content\/uploads\/2020\/12\/San-Antonio-618x480.jpg 618w, https:\/\/candas365.es\/noticias\/wp-content\/uploads\/2020\/12\/San-Antonio-768x596.jpg 768w, https:\/\/candas365.es\/noticias\/wp-content\/uploads\/2020\/12\/San-Antonio.jpg 853w\" sizes=\"(max-width: 360px) 100vw, 360px\" \/><figcaption id=\"caption-attachment-149330\" class=\"wp-caption-text\">Cand\u00e1s, San Antonio : Foto Cand\u00e1s 365<\/figcaption><\/figure>\n<p>Hoy s\u00e1bado en <strong>Cand\u00e1s<\/strong> tendremos unas temperaturas que oscilar\u00e1n entre los 14 y 18 grados, <strong>en <a href=\"https:\/\/candas365.es\/noticias\/category\/noticias-carreno\/\" target=\"_blank\" rel=\"noopener\"><span style=\"color: #ff6600;\">Carre\u00f1o<\/span><\/a> tendremos intervalos nubosos durante la primera mitad del d\u00eda, y en la tarde cielos muy nubosos<\/strong>, hoy no se descarta la posibilidad de alguna lluvia puntual.<\/p>\n<p>Tendremos viento de componente norte en la ma\u00f1ana y primeras horas de la tarde, que ir\u00e1n dando paso a viento en calma, seg\u00fan informa AEMET<\/p>\n<p>En el resto de <a href=\"https:\/\/www.eldigitaldeasturias.com\/noticias\/el-tiempo-en-asturias-sabado-29-de-mayo-de-2021\/\" target=\"_blank\" rel=\"noopener\"><span style=\"color: #ff6600;\"><strong>Asturias<\/strong><\/span><\/a>, nuboso con predominio de nubes bajas tendiendo a abrirse claros por la tarde en el litoral; en la Cordillera aumentar\u00e1 la nubosidad de evoluci\u00f3n con probables chubascos dispersos ocasionalmente acompa\u00f1ados de tormentas por la tarde.<\/p>\n<p>Brumas y bancos de niebla matinales en el interior. Temperaturas m\u00ednimas con pocos cambios; m\u00e1ximas sin cambios o en ligero descenso, m\u00e1s acusado en La Cordillera.<\/p>\n<p>En el litoral, viento flojo del oeste y noroeste rolando a partir del mediod\u00eda a norte y noreste, con intervalos m\u00e1s intensos la mitad occidental. En el interior, viento flojo variable tendiendo a componente norte, m\u00e1s intenso en el tercio oeste.<\/p>\n<p>&nbsp;<\/p>\n<p>&nbsp;<\/p>\n","protected":false},"excerpt":{"rendered":"<p>Hoy s\u00e1bado en Cand\u00e1s tendremos unas temperaturas que oscilar\u00e1n entre los 14 y 18 grados, en Carre\u00f1o tendremos intervalos nubosos durante la primera mitad del d\u00eda, y en la tarde cielos muy nubosos, hoy no se descarta la posibilidad de alguna lluvia puntual. Tendremos viento de componente norte en la ma\u00f1ana y primeras horas de<\/p>\n","protected":false},"author":1,"featured_media":149330,"comment_status":"closed","ping_status":"closed","sticky":false,"template":"","format":"standard","meta":{"footnotes":""},"categories":[358],"tags":[],"class_list":{"0":"post-155163","1":"post","2":"type-post","3":"status-publish","4":"format-standard","5":"has-post-thumbnail","7":"category-el-tiempo"},"aioseo_notices":[],"aioseo_head":"\n\t\t<!-- All in One SEO Pro 4.9.6.2 - aioseo.com -->\n\t<meta name=\"description\" content=\"Hoy s\u00e1bado en Cand\u00e1s tendremos unas temperaturas que oscilar\u00e1n entre los 14 y 18 grados, en Carre\u00f1o tendremos intervalos nubosos durante la primera mitad del d\u00eda, y en la tarde cielos muy nubosos, hoy no se descarta la posibilidad de alguna lluvia puntual. Tendremos viento de componente norte en la ma\u00f1ana y primeras horas de\" \/>\n\t<meta name=\"robots\" content=\"max-image-preview:large\" \/>\n\t<meta name=\"author\" content=\"Cand\u00e1s 365\"\/>\n\t<meta name=\"google-site-verification\" content=\"UA-32230408-1\" \/>\n\t<meta name=\"msvalidate.01\" content=\"354F3CDFB2DA171B47FBE9ABF1F88D5\" \/>\n\t<meta name=\"keywords\" content=\"cand\u00e1s tiempo,el tiempo cand\u00e1s,el tiempo\" \/>\n\t<link rel=\"canonical\" href=\"https:\/\/candas365.es\/noticias\/el-tiempo-en-candas-sabado-29-de-mayo-de-2021\/\" \/>\n\t<meta name=\"generator\" content=\"All in One SEO Pro (AIOSEO) 4.9.6.2\" \/>\n\t\t<meta property=\"og:locale\" content=\"es_ES\" \/>\n\t\t<meta property=\"og:site_name\" content=\"Cand\u00e1s 365\" \/>\n\t\t<meta property=\"og:type\" content=\"article\" \/>\n\t\t<meta property=\"og:title\" content=\"El tiempo en Cand\u00e1s, s\u00e1bado 29 de mayo de 2021 | Cand\u00e1s 365\" \/>\n\t\t<meta property=\"og:description\" content=\"Hoy s\u00e1bado en Cand\u00e1s tendremos unas temperaturas que oscilar\u00e1n entre los 14 y 18 grados, en Carre\u00f1o tendremos intervalos nubosos durante la primera mitad del d\u00eda, y en la tarde cielos muy nubosos, hoy no se descarta la posibilidad de alguna lluvia puntual. Tendremos viento de componente norte en la ma\u00f1ana y primeras horas de\" \/>\n\t\t<meta property=\"og:url\" content=\"https:\/\/candas365.es\/noticias\/el-tiempo-en-candas-sabado-29-de-mayo-de-2021\/\" \/>\n\t\t<meta property=\"og:image\" content=\"https:\/\/candas365.es\/noticias\/wp-content\/uploads\/2020\/12\/San-Antonio.jpg\" \/>\n\t\t<meta property=\"og:image:secure_url\" content=\"https:\/\/candas365.es\/noticias\/wp-content\/uploads\/2020\/12\/San-Antonio.jpg\" \/>\n\t\t<meta property=\"og:image:width\" content=\"853\" \/>\n\t\t<meta property=\"og:image:height\" content=\"662\" \/>\n\t\t<meta property=\"article:published_time\" content=\"2021-05-29T11:19:27+00:00\" \/>\n\t\t<meta property=\"article:modified_time\" content=\"2021-05-29T11:19:57+00:00\" \/>\n\t\t<meta property=\"article:publisher\" content=\"https:\/\/www.facebook.com\/Nachofdezber\" \/>\n\t\t<meta property=\"article:author\" content=\"https:\/\/www.facebook.com\/carrenoactualidad\" \/>\n\t\t<meta name=\"twitter:card\" content=\"summary_large_image\" \/>\n\t\t<meta name=\"twitter:site\" content=\"@NabercoDigital\" \/>\n\t\t<meta name=\"twitter:title\" content=\"El tiempo en Cand\u00e1s, s\u00e1bado 29 de mayo de 2021 | Cand\u00e1s 365\" \/>\n\t\t<meta name=\"twitter:description\" content=\"Hoy s\u00e1bado en Cand\u00e1s tendremos unas temperaturas que oscilar\u00e1n entre los 14 y 18 grados, en Carre\u00f1o tendremos intervalos nubosos durante la primera mitad del d\u00eda, y en la tarde cielos muy nubosos, hoy no se descarta la posibilidad de alguna lluvia puntual. Tendremos viento de componente norte en la ma\u00f1ana y primeras horas de\" \/>\n\t\t<meta name=\"twitter:creator\" content=\"@nbasturias\" \/>\n\t\t<meta name=\"twitter:image\" content=\"https:\/\/candas365.es\/noticias\/wp-content\/uploads\/2020\/12\/San-Antonio.jpg\" \/>\n\t\t<meta name=\"twitter:label1\" content=\"Escrito por\" \/>\n\t\t<meta name=\"twitter:data1\" content=\"Cand\u00e1s 365\" \/>\n\t\t<meta name=\"twitter:label2\" content=\"Tiempo de lectura estimado\" \/>\n\t\t<meta name=\"twitter:data2\" content=\"1 minuto\" \/>\n\t\t<script type=\"application\/ld+json\" class=\"aioseo-schema\">\n\t\t\t{\"@context\":\"https:\\\/\\\/schema.org\",\"@graph\":[{\"@type\":\"BreadcrumbList\",\"@id\":\"https:\\\/\\\/candas365.es\\\/noticias\\\/el-tiempo-en-candas-sabado-29-de-mayo-de-2021\\\/#breadcrumblist\",\"itemListElement\":[{\"@type\":\"ListItem\",\"@id\":\"https:\\\/\\\/candas365.es\\\/noticias#listItem\",\"position\":1,\"name\":\"Home\",\"item\":\"https:\\\/\\\/candas365.es\\\/noticias\",\"nextItem\":{\"@type\":\"ListItem\",\"@id\":\"https:\\\/\\\/candas365.es\\\/noticias\\\/category\\\/el-tiempo\\\/#listItem\",\"name\":\"El tiempo\"}},{\"@type\":\"ListItem\",\"@id\":\"https:\\\/\\\/candas365.es\\\/noticias\\\/category\\\/el-tiempo\\\/#listItem\",\"position\":2,\"name\":\"El tiempo\",\"item\":\"https:\\\/\\\/candas365.es\\\/noticias\\\/category\\\/el-tiempo\\\/\",\"nextItem\":{\"@type\":\"ListItem\",\"@id\":\"https:\\\/\\\/candas365.es\\\/noticias\\\/el-tiempo-en-candas-sabado-29-de-mayo-de-2021\\\/#listItem\",\"name\":\"El tiempo en Cand\\u00e1s, s\\u00e1bado 29 de mayo de 2021\"},\"previousItem\":{\"@type\":\"ListItem\",\"@id\":\"https:\\\/\\\/candas365.es\\\/noticias#listItem\",\"name\":\"Home\"}},{\"@type\":\"ListItem\",\"@id\":\"https:\\\/\\\/candas365.es\\\/noticias\\\/el-tiempo-en-candas-sabado-29-de-mayo-de-2021\\\/#listItem\",\"position\":3,\"name\":\"El tiempo en Cand\\u00e1s, s\\u00e1bado 29 de mayo de 2021\",\"previousItem\":{\"@type\":\"ListItem\",\"@id\":\"https:\\\/\\\/candas365.es\\\/noticias\\\/category\\\/el-tiempo\\\/#listItem\",\"name\":\"El tiempo\"}}]},{\"@type\":\"NewsArticle\",\"@id\":\"https:\\\/\\\/candas365.es\\\/noticias\\\/el-tiempo-en-candas-sabado-29-de-mayo-de-2021\\\/#newsarticle\",\"name\":\"El tiempo en Cand\\u00e1s, s\\u00e1bado 29 de mayo de 2021 | Cand\\u00e1s 365\",\"headline\":\"El tiempo en Cand\\u00e1s, s\\u00e1bado 29 de mayo de 2021\",\"author\":{\"@id\":\"https:\\\/\\\/candas365.es\\\/noticias\\\/author\\\/admin\\\/#author\"},\"publisher\":{\"@id\":\"https:\\\/\\\/candas365.es\\\/noticias\\\/#organization\"},\"image\":{\"@type\":\"ImageObject\",\"url\":\"https:\\\/\\\/candas365.es\\\/noticias\\\/wp-content\\\/uploads\\\/2020\\\/12\\\/San-Antonio.jpg\",\"width\":853,\"height\":662,\"caption\":\"Cand\\u00e1s, San Antonio : Foto Cand\\u00e1s 365\"},\"datePublished\":\"2021-05-29T11:19:27+02:00\",\"dateModified\":\"2021-05-29T11:19:57+02:00\",\"inLanguage\":\"es-ES\",\"mainEntityOfPage\":{\"@id\":\"https:\\\/\\\/candas365.es\\\/noticias\\\/el-tiempo-en-candas-sabado-29-de-mayo-de-2021\\\/#webpage\"},\"isPartOf\":{\"@id\":\"https:\\\/\\\/candas365.es\\\/noticias\\\/el-tiempo-en-candas-sabado-29-de-mayo-de-2021\\\/#webpage\"},\"articleSection\":\"El tiempo\",\"dateline\":\"Publicado el mayo 29, 2021.\"},{\"@type\":\"Organization\",\"@id\":\"https:\\\/\\\/candas365.es\\\/noticias\\\/#organization\",\"name\":\"Cand\\u00e1s 365\",\"description\":\"Cand\\u00e1s 365 es un diario digital independiente, fundado en 2012, con base en Asturias. Informamos con rigor sobre actualidad, sociedad, cultura y ocio, con una mirada local y global.\",\"url\":\"https:\\\/\\\/candas365.es\\\/noticias\\\/\",\"email\":\"info@candas365.es\",\"telephone\":\"+34652131393\",\"foundingDate\":\"2012-06-10\",\"logo\":{\"@type\":\"ImageObject\",\"url\":\"https:\\\/\\\/candas365.es\\\/noticias\\\/wp-content\\\/uploads\\\/2024\\\/09\\\/Candas-365-Redes.jpg\",\"@id\":\"https:\\\/\\\/candas365.es\\\/noticias\\\/el-tiempo-en-candas-sabado-29-de-mayo-de-2021\\\/#organizationLogo\",\"width\":1152,\"height\":864,\"caption\":\"Cand\\u00e1s 365 Redes\"},\"image\":{\"@id\":\"https:\\\/\\\/candas365.es\\\/noticias\\\/el-tiempo-en-candas-sabado-29-de-mayo-de-2021\\\/#organizationLogo\"},\"sameAs\":[\"https:\\\/\\\/www.facebook.com\\\/Nachofdezber\",\"https:\\\/\\\/x.com\\\/NabercoDigital\",\"https:\\\/\\\/www.instagram.com\\\/nachofdezber\\\/\",\"https:\\\/\\\/www.youtube.com\\\/channel\\\/UCZP-2wLEB9Rv6erhFmqVnvg\"],\"address\":{\"@id\":\"https:\\\/\\\/candas365.es\\\/noticias\\\/#postaladdress\",\"@type\":\"PostalAddress\",\"streetAddress\":\"san antonio 4, san antonio 4\",\"postalCode\":\"33430\",\"addressLocality\":\"Cand\\u00e1s\",\"addressRegion\":\"Asturias\",\"addressCountry\":\"ES\"}},{\"@type\":\"Person\",\"@id\":\"https:\\\/\\\/candas365.es\\\/noticias\\\/author\\\/admin\\\/#author\",\"url\":\"https:\\\/\\\/candas365.es\\\/noticias\\\/author\\\/admin\\\/\",\"name\":\"Cand\\u00e1s 365\",\"image\":{\"@type\":\"ImageObject\",\"@id\":\"https:\\\/\\\/candas365.es\\\/noticias\\\/el-tiempo-en-candas-sabado-29-de-mayo-de-2021\\\/#authorImage\",\"url\":\"https:\\\/\\\/secure.gravatar.com\\\/avatar\\\/496a8e03d0c493ede1718b7934145dbdf8d89be1036b0eec9544e1094c9de390?s=96&d=mm&r=g\",\"width\":96,\"height\":96,\"caption\":\"Cand\\u00e1s 365\"},\"sameAs\":[\"https:\\\/\\\/www.facebook.com\\\/carrenoactualidad\",\"https:\\\/\\\/twitter.com\\\/nbasturias\",\"https:\\\/\\\/www.instagram.com\\\/nachofdezber\\\/\",\"https:\\\/\\\/www.youtube.com\\\/channel\\\/UCZP-2wLEB9Rv6erhFmqVnvg\"]},{\"@type\":\"WebPage\",\"@id\":\"https:\\\/\\\/candas365.es\\\/noticias\\\/el-tiempo-en-candas-sabado-29-de-mayo-de-2021\\\/#webpage\",\"url\":\"https:\\\/\\\/candas365.es\\\/noticias\\\/el-tiempo-en-candas-sabado-29-de-mayo-de-2021\\\/\",\"name\":\"El tiempo en Cand\\u00e1s, s\\u00e1bado 29 de mayo de 2021 | Cand\\u00e1s 365\",\"description\":\"Hoy s\\u00e1bado en Cand\\u00e1s tendremos unas temperaturas que oscilar\\u00e1n entre los 14 y 18 grados, en Carre\\u00f1o tendremos intervalos nubosos durante la primera mitad del d\\u00eda, y en la tarde cielos muy nubosos, hoy no se descarta la posibilidad de alguna lluvia puntual. Tendremos viento de componente norte en la ma\\u00f1ana y primeras horas de\",\"inLanguage\":\"es-ES\",\"isPartOf\":{\"@id\":\"https:\\\/\\\/candas365.es\\\/noticias\\\/#website\"},\"breadcrumb\":{\"@id\":\"https:\\\/\\\/candas365.es\\\/noticias\\\/el-tiempo-en-candas-sabado-29-de-mayo-de-2021\\\/#breadcrumblist\"},\"author\":{\"@id\":\"https:\\\/\\\/candas365.es\\\/noticias\\\/author\\\/admin\\\/#author\"},\"creator\":{\"@id\":\"https:\\\/\\\/candas365.es\\\/noticias\\\/author\\\/admin\\\/#author\"},\"image\":{\"@type\":\"ImageObject\",\"url\":\"https:\\\/\\\/candas365.es\\\/noticias\\\/wp-content\\\/uploads\\\/2020\\\/12\\\/San-Antonio.jpg\",\"@id\":\"https:\\\/\\\/candas365.es\\\/noticias\\\/el-tiempo-en-candas-sabado-29-de-mayo-de-2021\\\/#mainImage\",\"width\":853,\"height\":662,\"caption\":\"Cand\\u00e1s, San Antonio : Foto Cand\\u00e1s 365\"},\"primaryImageOfPage\":{\"@id\":\"https:\\\/\\\/candas365.es\\\/noticias\\\/el-tiempo-en-candas-sabado-29-de-mayo-de-2021\\\/#mainImage\"},\"datePublished\":\"2021-05-29T11:19:27+02:00\",\"dateModified\":\"2021-05-29T11:19:57+02:00\"},{\"@type\":\"WebSite\",\"@id\":\"https:\\\/\\\/candas365.es\\\/noticias\\\/#website\",\"url\":\"https:\\\/\\\/candas365.es\\\/noticias\\\/\",\"name\":\"Cand\\u00e1s 365\",\"alternateName\":\"Cand\\u00e1s 365 Noticias\",\"description\":\"Actualidad desde Carre\\u00f1o para el mundo\",\"inLanguage\":\"es-ES\",\"publisher\":{\"@id\":\"https:\\\/\\\/candas365.es\\\/noticias\\\/#organization\"}}]}\n\t\t<\/script>\n\t\t<!-- All in One SEO Pro -->\r\n\t\t<title>El tiempo en Cand\u00e1s, s\u00e1bado 29 de mayo de 2021 | Cand\u00e1s 365<\/title>\n\n","aioseo_head_json":{"title":"El tiempo en Cand\u00e1s, s\u00e1bado 29 de mayo de 2021 | Cand\u00e1s 365","description":"Hoy s\u00e1bado en Cand\u00e1s tendremos unas temperaturas que oscilar\u00e1n entre los 14 y 18 grados, en Carre\u00f1o tendremos intervalos nubosos durante la primera mitad del d\u00eda, y en la tarde cielos muy nubosos, hoy no se descarta la posibilidad de alguna lluvia puntual. Tendremos viento de componente norte en la ma\u00f1ana y primeras horas de","canonical_url":"https:\/\/candas365.es\/noticias\/el-tiempo-en-candas-sabado-29-de-mayo-de-2021\/","robots":"max-image-preview:large","keywords":"cand\u00e1s tiempo,el tiempo cand\u00e1s,el tiempo","webmasterTools":{"google-site-verification":"UA-32230408-1","msvalidate.01":"354F3CDFB2DA171B47FBE9ABF1F88D5","miscellaneous":""},"schema":{"@context":"https:\/\/schema.org","@graph":[{"@type":"BreadcrumbList","@id":"https:\/\/candas365.es\/noticias\/el-tiempo-en-candas-sabado-29-de-mayo-de-2021\/#breadcrumblist","itemListElement":[{"@type":"ListItem","@id":"https:\/\/candas365.es\/noticias#listItem","position":1,"name":"Home","item":"https:\/\/candas365.es\/noticias","nextItem":{"@type":"ListItem","@id":"https:\/\/candas365.es\/noticias\/category\/el-tiempo\/#listItem","name":"El tiempo"}},{"@type":"ListItem","@id":"https:\/\/candas365.es\/noticias\/category\/el-tiempo\/#listItem","position":2,"name":"El tiempo","item":"https:\/\/candas365.es\/noticias\/category\/el-tiempo\/","nextItem":{"@type":"ListItem","@id":"https:\/\/candas365.es\/noticias\/el-tiempo-en-candas-sabado-29-de-mayo-de-2021\/#listItem","name":"El tiempo en Cand\u00e1s, s\u00e1bado 29 de mayo de 2021"},"previousItem":{"@type":"ListItem","@id":"https:\/\/candas365.es\/noticias#listItem","name":"Home"}},{"@type":"ListItem","@id":"https:\/\/candas365.es\/noticias\/el-tiempo-en-candas-sabado-29-de-mayo-de-2021\/#listItem","position":3,"name":"El tiempo en Cand\u00e1s, s\u00e1bado 29 de mayo de 2021","previousItem":{"@type":"ListItem","@id":"https:\/\/candas365.es\/noticias\/category\/el-tiempo\/#listItem","name":"El tiempo"}}]},{"@type":"NewsArticle","@id":"https:\/\/candas365.es\/noticias\/el-tiempo-en-candas-sabado-29-de-mayo-de-2021\/#newsarticle","name":"El tiempo en Cand\u00e1s, s\u00e1bado 29 de mayo de 2021 | Cand\u00e1s 365","headline":"El tiempo en Cand\u00e1s, s\u00e1bado 29 de mayo de 2021","author":{"@id":"https:\/\/candas365.es\/noticias\/author\/admin\/#author"},"publisher":{"@id":"https:\/\/candas365.es\/noticias\/#organization"},"image":{"@type":"ImageObject","url":"https:\/\/candas365.es\/noticias\/wp-content\/uploads\/2020\/12\/San-Antonio.jpg","width":853,"height":662,"caption":"Cand\u00e1s, San Antonio : Foto Cand\u00e1s 365"},"datePublished":"2021-05-29T11:19:27+02:00","dateModified":"2021-05-29T11:19:57+02:00","inLanguage":"es-ES","mainEntityOfPage":{"@id":"https:\/\/candas365.es\/noticias\/el-tiempo-en-candas-sabado-29-de-mayo-de-2021\/#webpage"},"isPartOf":{"@id":"https:\/\/candas365.es\/noticias\/el-tiempo-en-candas-sabado-29-de-mayo-de-2021\/#webpage"},"articleSection":"El tiempo","dateline":"Publicado el mayo 29, 2021."},{"@type":"Organization","@id":"https:\/\/candas365.es\/noticias\/#organization","name":"Cand\u00e1s 365","description":"Cand\u00e1s 365 es un diario digital independiente, fundado en 2012, con base en Asturias. Informamos con rigor sobre actualidad, sociedad, cultura y ocio, con una mirada local y global.","url":"https:\/\/candas365.es\/noticias\/","email":"info@candas365.es","telephone":"+34652131393","foundingDate":"2012-06-10","logo":{"@type":"ImageObject","url":"https:\/\/candas365.es\/noticias\/wp-content\/uploads\/2024\/09\/Candas-365-Redes.jpg","@id":"https:\/\/candas365.es\/noticias\/el-tiempo-en-candas-sabado-29-de-mayo-de-2021\/#organizationLogo","width":1152,"height":864,"caption":"Cand\u00e1s 365 Redes"},"image":{"@id":"https:\/\/candas365.es\/noticias\/el-tiempo-en-candas-sabado-29-de-mayo-de-2021\/#organizationLogo"},"sameAs":["https:\/\/www.facebook.com\/Nachofdezber","https:\/\/x.com\/NabercoDigital","https:\/\/www.instagram.com\/nachofdezber\/","https:\/\/www.youtube.com\/channel\/UCZP-2wLEB9Rv6erhFmqVnvg"],"address":{"@id":"https:\/\/candas365.es\/noticias\/#postaladdress","@type":"PostalAddress","streetAddress":"san antonio 4, san antonio 4","postalCode":"33430","addressLocality":"Cand\u00e1s","addressRegion":"Asturias","addressCountry":"ES"}},{"@type":"Person","@id":"https:\/\/candas365.es\/noticias\/author\/admin\/#author","url":"https:\/\/candas365.es\/noticias\/author\/admin\/","name":"Cand\u00e1s 365","image":{"@type":"ImageObject","@id":"https:\/\/candas365.es\/noticias\/el-tiempo-en-candas-sabado-29-de-mayo-de-2021\/#authorImage","url":"https:\/\/secure.gravatar.com\/avatar\/496a8e03d0c493ede1718b7934145dbdf8d89be1036b0eec9544e1094c9de390?s=96&d=mm&r=g","width":96,"height":96,"caption":"Cand\u00e1s 365"},"sameAs":["https:\/\/www.facebook.com\/carrenoactualidad","https:\/\/twitter.com\/nbasturias","https:\/\/www.instagram.com\/nachofdezber\/","https:\/\/www.youtube.com\/channel\/UCZP-2wLEB9Rv6erhFmqVnvg"]},{"@type":"WebPage","@id":"https:\/\/candas365.es\/noticias\/el-tiempo-en-candas-sabado-29-de-mayo-de-2021\/#webpage","url":"https:\/\/candas365.es\/noticias\/el-tiempo-en-candas-sabado-29-de-mayo-de-2021\/","name":"El tiempo en Cand\u00e1s, s\u00e1bado 29 de mayo de 2021 | Cand\u00e1s 365","description":"Hoy s\u00e1bado en Cand\u00e1s tendremos unas temperaturas que oscilar\u00e1n entre los 14 y 18 grados, en Carre\u00f1o tendremos intervalos nubosos durante la primera mitad del d\u00eda, y en la tarde cielos muy nubosos, hoy no se descarta la posibilidad de alguna lluvia puntual. Tendremos viento de componente norte en la ma\u00f1ana y primeras horas de","inLanguage":"es-ES","isPartOf":{"@id":"https:\/\/candas365.es\/noticias\/#website"},"breadcrumb":{"@id":"https:\/\/candas365.es\/noticias\/el-tiempo-en-candas-sabado-29-de-mayo-de-2021\/#breadcrumblist"},"author":{"@id":"https:\/\/candas365.es\/noticias\/author\/admin\/#author"},"creator":{"@id":"https:\/\/candas365.es\/noticias\/author\/admin\/#author"},"image":{"@type":"ImageObject","url":"https:\/\/candas365.es\/noticias\/wp-content\/uploads\/2020\/12\/San-Antonio.jpg","@id":"https:\/\/candas365.es\/noticias\/el-tiempo-en-candas-sabado-29-de-mayo-de-2021\/#mainImage","width":853,"height":662,"caption":"Cand\u00e1s, San Antonio : Foto Cand\u00e1s 365"},"primaryImageOfPage":{"@id":"https:\/\/candas365.es\/noticias\/el-tiempo-en-candas-sabado-29-de-mayo-de-2021\/#mainImage"},"datePublished":"2021-05-29T11:19:27+02:00","dateModified":"2021-05-29T11:19:57+02:00"},{"@type":"WebSite","@id":"https:\/\/candas365.es\/noticias\/#website","url":"https:\/\/candas365.es\/noticias\/","name":"Cand\u00e1s 365","alternateName":"Cand\u00e1s 365 Noticias","description":"Actualidad desde Carre\u00f1o para el mundo","inLanguage":"es-ES","publisher":{"@id":"https:\/\/candas365.es\/noticias\/#organization"}}]},"og:locale":"es_ES","og:site_name":"Cand\u00e1s 365","og:type":"article","og:title":"El tiempo en Cand\u00e1s, s\u00e1bado 29 de mayo de 2021 | Cand\u00e1s 365","og:description":"Hoy s\u00e1bado en Cand\u00e1s tendremos unas temperaturas que oscilar\u00e1n entre los 14 y 18 grados, en Carre\u00f1o tendremos intervalos nubosos durante la primera mitad del d\u00eda, y en la tarde cielos muy nubosos, hoy no se descarta la posibilidad de alguna lluvia puntual. Tendremos viento de componente norte en la ma\u00f1ana y primeras horas de","og:url":"https:\/\/candas365.es\/noticias\/el-tiempo-en-candas-sabado-29-de-mayo-de-2021\/","og:image":"https:\/\/candas365.es\/noticias\/wp-content\/uploads\/2020\/12\/San-Antonio.jpg","og:image:secure_url":"https:\/\/candas365.es\/noticias\/wp-content\/uploads\/2020\/12\/San-Antonio.jpg","og:image:width":853,"og:image:height":662,"article:published_time":"2021-05-29T11:19:27+00:00","article:modified_time":"2021-05-29T11:19:57+00:00","article:publisher":"https:\/\/www.facebook.com\/Nachofdezber","article:author":"https:\/\/www.facebook.com\/carrenoactualidad","twitter:card":"summary_large_image","twitter:site":"@NabercoDigital","twitter:title":"El tiempo en Cand\u00e1s, s\u00e1bado 29 de mayo de 2021 | Cand\u00e1s 365","twitter:description":"Hoy s\u00e1bado en Cand\u00e1s tendremos unas temperaturas que oscilar\u00e1n entre los 14 y 18 grados, en Carre\u00f1o tendremos intervalos nubosos durante la primera mitad del d\u00eda, y en la tarde cielos muy nubosos, hoy no se descarta la posibilidad de alguna lluvia puntual. Tendremos viento de componente norte en la ma\u00f1ana y primeras horas de","twitter:creator":"@nbasturias","twitter:image":"https:\/\/candas365.es\/noticias\/wp-content\/uploads\/2020\/12\/San-Antonio.jpg","twitter:label1":"Escrito por","twitter:data1":"Cand\u00e1s 365","twitter:label2":"Tiempo de lectura estimado","twitter:data2":"1 minuto"},"aioseo_meta_data":{"post_id":"155163","title":null,"description":null,"keywords":[{"label":"Cand\u00e1s tiempo","value":"Cand\u00e1s tiempo"},{"label":" el tiempo Cand\u00e1s","value":" el tiempo Cand\u00e1s"},{"label":" El tiempo","value":" El tiempo"}],"keyphrases":{"focus":[],"additional":[]},"primary_term":null,"canonical_url":null,"og_title":null,"og_description":null,"og_object_type":"default","og_image_type":"default","og_image_url":null,"og_image_width":null,"og_image_height":null,"og_image_custom_url":null,"og_image_custom_fields":null,"og_video":"","og_custom_url":null,"og_article_section":null,"og_article_tags":[],"twitter_use_og":false,"twitter_card":"default","twitter_image_type":"default","twitter_image_url":null,"twitter_image_custom_url":null,"twitter_image_custom_fields":null,"twitter_title":null,"twitter_description":null,"schema":{"blockGraphs":[],"customGraphs":[],"default":{"data":{"Article":[],"Course":[],"Dataset":[],"FAQPage":[],"Movie":[],"Person":[],"Product":[],"ProductReview":[],"Car":[],"Recipe":[],"Service":[],"SoftwareApplication":[],"WebPage":[]},"graphName":"","isEnabled":true},"graphs":[],"defaultGraph":"Article","defaultPostTypeGraph":""},"schema_type":"default","schema_type_options":"{\"article\":{\"articleType\":\"BlogPosting\"},\"course\":{\"name\":\"\",\"description\":\"\",\"provider\":\"\"},\"faq\":{\"pages\":[]},\"product\":{\"reviews\":[]},\"recipe\":{\"ingredients\":[],\"instructions\":[],\"keywords\":[]},\"software\":{\"reviews\":[],\"operatingSystems\":[]},\"webPage\":{\"webPageType\":\"WebPage\"}}","pillar_content":false,"robots_default":true,"robots_noindex":false,"robots_noarchive":false,"robots_nosnippet":false,"robots_nofollow":false,"robots_noimageindex":false,"robots_noodp":false,"robots_notranslate":false,"robots_max_snippet":"-1","robots_max_videopreview":"-1","robots_max_imagepreview":"large","priority":null,"frequency":"default","location":null,"local_seo":{"locations":{"business":{"name":"","businessType":"","image":"","areaServed":"","urls":{"website":"","aboutPage":"","contactPage":""},"address":{"streetLine1":"","streetLine2":"","zipCode":"","city":"","state":"","country":"","addressFormat":"#streetLineOne\n#streetLineTwo\n#city, #state #zipCode"},"contact":{"email":"","phone":"","phoneFormatted":"","fax":"","faxFormatted":""},"ids":{"vat":"","tax":"","chamberOfCommerce":""},"payment":{"priceRange":"","currenciesAccepted":"","methods":""}}},"openingHours":{"useDefaults":true,"show":true,"alwaysOpen":false,"use24hFormat":false,"timezone":"","labels":{"closed":"","alwaysOpen":""},"days":{"monday":{"open24h":false,"closed":false,"openTime":"09:00","closeTime":"17:00"},"tuesday":{"open24h":false,"closed":false,"openTime":"09:00","closeTime":"17:00"},"wednesday":{"open24h":false,"closed":false,"openTime":"09:00","closeTime":"17:00"},"thursday":{"open24h":false,"closed":false,"openTime":"09:00","closeTime":"17:00"},"friday":{"open24h":false,"closed":false,"openTime":"09:00","closeTime":"17:00"},"saturday":{"open24h":false,"closed":false,"openTime":"09:00","closeTime":"17:00"},"sunday":{"open24h":false,"closed":false,"openTime":"09:00","closeTime":"17:00"}}}},"seo_analyzer_scan_date":"2025-08-31 22:12:14","breadcrumb_settings":null,"limit_modified_date":false,"reviewed_by":null,"open_ai":null,"ai":null,"created":"2021-05-29 11:13:43","updated":"2025-08-31 22:12:14"},"aioseo_breadcrumb":"<div class=\"aioseo-breadcrumbs\"><span class=\"aioseo-breadcrumb\">\n\t<a href=\"https:\/\/candas365.es\/noticias\" title=\"Home\">Home<\/a>\n<\/span><span class=\"aioseo-breadcrumb-separator\">&ndash;<\/span><span class=\"aioseo-breadcrumb\">\n\t<a href=\"https:\/\/candas365.es\/noticias\/category\/el-tiempo\/\" title=\"El tiempo\">El tiempo<\/a>\n<\/span><span class=\"aioseo-breadcrumb-separator\">&ndash;<\/span><span class=\"aioseo-breadcrumb\">\n\tEl tiempo en Cand\u00e1s, s\u00e1bado 29 de mayo de 2021\n<\/span><\/div>","aioseo_breadcrumb_json":[{"label":"Home","link":"https:\/\/candas365.es\/noticias"},{"label":"El tiempo","link":"https:\/\/candas365.es\/noticias\/category\/el-tiempo\/"},{"label":"El tiempo en Cand\u00e1s, s\u00e1bado 29 de mayo de 2021","link":"https:\/\/candas365.es\/noticias\/el-tiempo-en-candas-sabado-29-de-mayo-de-2021\/"}],"_links":{"self":[{"href":"https:\/\/candas365.es\/noticias\/wp-json\/wp\/v2\/posts\/155163","targetHints":{"allow":["GET"]}}],"collection":[{"href":"https:\/\/candas365.es\/noticias\/wp-json\/wp\/v2\/posts"}],"about":[{"href":"https:\/\/candas365.es\/noticias\/wp-json\/wp\/v2\/types\/post"}],"author":[{"embeddable":true,"href":"https:\/\/candas365.es\/noticias\/wp-json\/wp\/v2\/users\/1"}],"replies":[{"embeddable":true,"href":"https:\/\/candas365.es\/noticias\/wp-json\/wp\/v2\/comments?post=155163"}],"version-history":[{"count":0,"href":"https:\/\/candas365.es\/noticias\/wp-json\/wp\/v2\/posts\/155163\/revisions"}],"wp:featuredmedia":[{"embeddable":true,"href":"https:\/\/candas365.es\/noticias\/wp-json\/wp\/v2\/media\/149330"}],"wp:attachment":[{"href":"https:\/\/candas365.es\/noticias\/wp-json\/wp\/v2\/media?parent=155163"}],"wp:term":[{"taxonomy":"category","embeddable":true,"href":"https:\/\/candas365.es\/noticias\/wp-json\/wp\/v2\/categories?post=155163"},{"taxonomy":"post_tag","embeddable":true,"href":"https:\/\/candas365.es\/noticias\/wp-json\/wp\/v2\/tags?post=155163"}],"curies":[{"name":"wp","href":"https:\/\/api.w.org\/{rel}","templated":true}]}}