{"id":155078,"date":"2021-05-27T11:46:28","date_gmt":"2021-05-27T11:46:28","guid":{"rendered":"http:\/\/candas365.es\/noticias\/?p=155078"},"modified":"2021-05-27T11:46:28","modified_gmt":"2021-05-27T11:46:28","slug":"los-jugadores-de-austria-no-tendran-que-pasar-la-cuarentena-al-volver-de-gran-bretana","status":"publish","type":"post","link":"https:\/\/candas365.es\/noticias\/los-jugadores-de-austria-no-tendran-que-pasar-la-cuarentena-al-volver-de-gran-bretana\/","title":{"rendered":"Los jugadores de Austria no tendr\u00e1n que pasar la cuarentena al volver de Gran Breta\u00f1a"},"content":{"rendered":"<p><img fetchpriority=\"high\" decoding=\"async\" class=\"alignleft size-medium wp-image-98026\" src=\"https:\/\/candas365.es\/noticias\/wp-content\/uploads\/2018\/06\/football-1406106_960_720-1-360x241.jpg\" alt=\"\" width=\"360\" height=\"241\" srcset=\"https:\/\/candas365.es\/noticias\/wp-content\/uploads\/2018\/06\/football-1406106_960_720-1-360x241.jpg 360w, https:\/\/candas365.es\/noticias\/wp-content\/uploads\/2018\/06\/football-1406106_960_720-1-768x514.jpg 768w, https:\/\/candas365.es\/noticias\/wp-content\/uploads\/2018\/06\/football-1406106_960_720-1-655x439.jpg 655w, https:\/\/candas365.es\/noticias\/wp-content\/uploads\/2018\/06\/football-1406106_960_720-1-696x466.jpg 696w, https:\/\/candas365.es\/noticias\/wp-content\/uploads\/2018\/06\/football-1406106_960_720-1-627x420.jpg 627w, https:\/\/candas365.es\/noticias\/wp-content\/uploads\/2018\/06\/football-1406106_960_720-1.jpg 960w\" sizes=\"(max-width: 360px) 100vw, 360px\" \/>Berl\u00edn (dpa) &#8211; Los jugadores de la selecci\u00f3n nacional de Austria tendr\u00e1n un permiso especial y no tendr\u00e1n que entrar en cuarentena por el coronavirus tras su partido amistoso previo a la Eurocopa 2020 contra Inglaterra en Middlesbrough el 2 de junio, dijo el jueves la federaci\u00f3n austriaca de f\u00fatbol (OeFB).<\/p>\n<p>\u00abLos jugadores de la OeFB tendr\u00e1n un permiso especial del gobierno federal y no se impondr\u00e1 una cuarentena\u00bb, dijo la OeFB.<\/p>\n<p>Las normas especiales podr\u00edan aplicarse tambi\u00e9n a los jugadores de Alemania que se encuentran en Gran Breta\u00f1a, ya que el equipo realizar\u00e1 su preparaci\u00f3n de cara a la postergada Eurocopa en Seefeld, Austria, desde el viernes hasta el 6 de junio.<\/p>\n<p>Seg\u00fan el Ministerio de Sanidad de Viena, la Federaci\u00f3n Alemana de F\u00fatbol (DFB) tambi\u00e9n puede solicitar una exenci\u00f3n.<\/p>\n<p>El portero Bernd Leno, del Arsenal, y el defensa Robin Koch, del Leeds United, necesitar\u00edan una exenci\u00f3n para entrar en Austria, despu\u00e9s de que el pa\u00eds clasificara a Gran Breta\u00f1a como zona con variantes del virus y decidiera prohibir los vuelos desde all\u00ed a partir de junio.<\/p>\n<p>Esto significa que las personas que entren en Austria desde Gran Breta\u00f1a deber\u00e1n pasar la cuarentena.<\/p>\n<p>Otros jugadores afincados en Gran Breta\u00f1a, como Ilkay Guendogan, del Manchester City, y Antonio R\u00fcdiger, Kai Havertz y Timo Werner, del Chelsea, no viajar\u00e1n a Seefeld hasta despu\u00e9s de la final de la Liga de Campeones, el s\u00e1bado en Oporto.<\/p>\n<p>\u00abEl viaje de la selecci\u00f3n a un partido internacional en el marco de la preparaci\u00f3n para la Eurocopa se ha clasificado como inter\u00e9s nacional\u00bb, declar\u00f3 el presidente de la OeFB, Leo Windtner.<\/p>\n<p>Adem\u00e1s, el equipo nacional estar\u00eda en una burbuja sin contacto directo con personas ajenas a la selecci\u00f3n y ya en la cuarentena del hotel.<\/p>\n<p>&nbsp;<\/p>\n","protected":false},"excerpt":{"rendered":"<p>Berl\u00edn (dpa) &#8211; Los jugadores de la selecci\u00f3n nacional de Austria tendr\u00e1n un permiso especial y no tendr\u00e1n que entrar en cuarentena por el coronavirus tras su partido amistoso previo a la Eurocopa 2020 contra Inglaterra en Middlesbrough el 2 de junio, dijo el jueves la federaci\u00f3n austriaca de f\u00fatbol (OeFB). \u00abLos jugadores de la<\/p>\n","protected":false},"author":1,"featured_media":98026,"comment_status":"closed","ping_status":"closed","sticky":false,"template":"","format":"standard","meta":{"footnotes":""},"categories":[319],"tags":[],"class_list":{"0":"post-155078","1":"post","2":"type-post","3":"status-publish","4":"format-standard","5":"has-post-thumbnail","7":"category-deporte"},"aioseo_notices":[],"aioseo_head":"\n\t\t<!-- All in One SEO Pro 4.9.6.2 - aioseo.com -->\n\t<meta name=\"description\" content=\"Berl\u00edn (dpa) - Los jugadores de la selecci\u00f3n nacional de Austria tendr\u00e1n un permiso especial y no tendr\u00e1n que entrar en cuarentena por el coronavirus tras su partido amistoso previo a la Eurocopa 2020 contra Inglaterra en Middlesbrough el 2 de junio, dijo el jueves la federaci\u00f3n austriaca de f\u00fatbol (OeFB). &quot;Los jugadores de la\" \/>\n\t<meta name=\"robots\" content=\"max-image-preview:large\" \/>\n\t<meta name=\"author\" content=\"Cand\u00e1s 365\"\/>\n\t<meta name=\"google-site-verification\" content=\"UA-32230408-1\" \/>\n\t<meta name=\"msvalidate.01\" content=\"354F3CDFB2DA171B47FBE9ABF1F88D5\" \/>\n\t<meta name=\"keywords\" content=\"deporte\" \/>\n\t<link rel=\"canonical\" href=\"https:\/\/candas365.es\/noticias\/los-jugadores-de-austria-no-tendran-que-pasar-la-cuarentena-al-volver-de-gran-bretana\/\" \/>\n\t<meta name=\"generator\" content=\"All in One SEO Pro (AIOSEO) 4.9.6.2\" \/>\n\t\t<meta property=\"og:locale\" content=\"es_ES\" \/>\n\t\t<meta property=\"og:site_name\" content=\"Cand\u00e1s 365\" \/>\n\t\t<meta property=\"og:type\" content=\"article\" \/>\n\t\t<meta property=\"og:title\" content=\"Los jugadores de Austria no tendr\u00e1n que pasar la cuarentena al volver de Gran Breta\u00f1a | Cand\u00e1s 365\" \/>\n\t\t<meta property=\"og:description\" content=\"Berl\u00edn (dpa) - Los jugadores de la selecci\u00f3n nacional de Austria tendr\u00e1n un permiso especial y no tendr\u00e1n que entrar en cuarentena por el coronavirus tras su partido amistoso previo a la Eurocopa 2020 contra Inglaterra en Middlesbrough el 2 de junio, dijo el jueves la federaci\u00f3n austriaca de f\u00fatbol (OeFB). &quot;Los jugadores de la\" \/>\n\t\t<meta property=\"og:url\" content=\"https:\/\/candas365.es\/noticias\/los-jugadores-de-austria-no-tendran-que-pasar-la-cuarentena-al-volver-de-gran-bretana\/\" \/>\n\t\t<meta property=\"og:image\" content=\"https:\/\/candas365.es\/noticias\/wp-content\/uploads\/2018\/06\/football-1406106_960_720-1.jpg\" \/>\n\t\t<meta property=\"og:image:secure_url\" content=\"https:\/\/candas365.es\/noticias\/wp-content\/uploads\/2018\/06\/football-1406106_960_720-1.jpg\" \/>\n\t\t<meta property=\"og:image:width\" content=\"960\" \/>\n\t\t<meta property=\"og:image:height\" content=\"643\" \/>\n\t\t<meta property=\"article:published_time\" content=\"2021-05-27T11:46:28+00:00\" \/>\n\t\t<meta property=\"article:modified_time\" content=\"2021-05-27T11:46:28+00:00\" \/>\n\t\t<meta property=\"article:publisher\" content=\"https:\/\/www.facebook.com\/Nachofdezber\" \/>\n\t\t<meta property=\"article:author\" content=\"https:\/\/www.facebook.com\/carrenoactualidad\" \/>\n\t\t<meta name=\"twitter:card\" content=\"summary_large_image\" \/>\n\t\t<meta name=\"twitter:site\" content=\"@NabercoDigital\" \/>\n\t\t<meta name=\"twitter:title\" content=\"Los jugadores de Austria no tendr\u00e1n que pasar la cuarentena al volver de Gran Breta\u00f1a | Cand\u00e1s 365\" \/>\n\t\t<meta name=\"twitter:description\" content=\"Berl\u00edn (dpa) - Los jugadores de la selecci\u00f3n nacional de Austria tendr\u00e1n un permiso especial y no tendr\u00e1n que entrar en cuarentena por el coronavirus tras su partido amistoso previo a la Eurocopa 2020 contra Inglaterra en Middlesbrough el 2 de junio, dijo el jueves la federaci\u00f3n austriaca de f\u00fatbol (OeFB). &quot;Los jugadores de la\" \/>\n\t\t<meta name=\"twitter:creator\" content=\"@nbasturias\" \/>\n\t\t<meta name=\"twitter:image\" content=\"https:\/\/candas365.es\/noticias\/wp-content\/uploads\/2018\/06\/football-1406106_960_720-1.jpg\" \/>\n\t\t<meta name=\"twitter:label1\" content=\"Escrito por\" \/>\n\t\t<meta name=\"twitter:data1\" content=\"Cand\u00e1s 365\" \/>\n\t\t<meta name=\"twitter:label2\" content=\"Tiempo de lectura estimado\" \/>\n\t\t<meta name=\"twitter:data2\" content=\"2 minutos\" \/>\n\t\t<script type=\"application\/ld+json\" class=\"aioseo-schema\">\n\t\t\t{\"@context\":\"https:\\\/\\\/schema.org\",\"@graph\":[{\"@type\":\"BreadcrumbList\",\"@id\":\"https:\\\/\\\/candas365.es\\\/noticias\\\/los-jugadores-de-austria-no-tendran-que-pasar-la-cuarentena-al-volver-de-gran-bretana\\\/#breadcrumblist\",\"itemListElement\":[{\"@type\":\"ListItem\",\"@id\":\"https:\\\/\\\/candas365.es\\\/noticias#listItem\",\"position\":1,\"name\":\"Home\",\"item\":\"https:\\\/\\\/candas365.es\\\/noticias\",\"nextItem\":{\"@type\":\"ListItem\",\"@id\":\"https:\\\/\\\/candas365.es\\\/noticias\\\/category\\\/deporte\\\/#listItem\",\"name\":\"Deporte\"}},{\"@type\":\"ListItem\",\"@id\":\"https:\\\/\\\/candas365.es\\\/noticias\\\/category\\\/deporte\\\/#listItem\",\"position\":2,\"name\":\"Deporte\",\"item\":\"https:\\\/\\\/candas365.es\\\/noticias\\\/category\\\/deporte\\\/\",\"nextItem\":{\"@type\":\"ListItem\",\"@id\":\"https:\\\/\\\/candas365.es\\\/noticias\\\/los-jugadores-de-austria-no-tendran-que-pasar-la-cuarentena-al-volver-de-gran-bretana\\\/#listItem\",\"name\":\"Los jugadores de Austria no tendr\\u00e1n que pasar la cuarentena al volver de Gran Breta\\u00f1a\"},\"previousItem\":{\"@type\":\"ListItem\",\"@id\":\"https:\\\/\\\/candas365.es\\\/noticias#listItem\",\"name\":\"Home\"}},{\"@type\":\"ListItem\",\"@id\":\"https:\\\/\\\/candas365.es\\\/noticias\\\/los-jugadores-de-austria-no-tendran-que-pasar-la-cuarentena-al-volver-de-gran-bretana\\\/#listItem\",\"position\":3,\"name\":\"Los jugadores de Austria no tendr\\u00e1n que pasar la cuarentena al volver de Gran Breta\\u00f1a\",\"previousItem\":{\"@type\":\"ListItem\",\"@id\":\"https:\\\/\\\/candas365.es\\\/noticias\\\/category\\\/deporte\\\/#listItem\",\"name\":\"Deporte\"}}]},{\"@type\":\"NewsArticle\",\"@id\":\"https:\\\/\\\/candas365.es\\\/noticias\\\/los-jugadores-de-austria-no-tendran-que-pasar-la-cuarentena-al-volver-de-gran-bretana\\\/#newsarticle\",\"name\":\"Los jugadores de Austria no tendr\\u00e1n que pasar la cuarentena al volver de Gran Breta\\u00f1a | Cand\\u00e1s 365\",\"headline\":\"Los jugadores de Austria no tendr\\u00e1n que pasar la cuarentena al volver de Gran Breta\\u00f1a\",\"author\":{\"@id\":\"https:\\\/\\\/candas365.es\\\/noticias\\\/author\\\/admin\\\/#author\"},\"publisher\":{\"@id\":\"https:\\\/\\\/candas365.es\\\/noticias\\\/#organization\"},\"image\":{\"@type\":\"ImageObject\",\"url\":\"https:\\\/\\\/candas365.es\\\/noticias\\\/wp-content\\\/uploads\\\/2018\\\/06\\\/football-1406106_960_720-1.jpg\",\"width\":960,\"height\":643},\"datePublished\":\"2021-05-27T11:46:28+02:00\",\"dateModified\":\"2021-05-27T11:46:28+02:00\",\"inLanguage\":\"es-ES\",\"mainEntityOfPage\":{\"@id\":\"https:\\\/\\\/candas365.es\\\/noticias\\\/los-jugadores-de-austria-no-tendran-que-pasar-la-cuarentena-al-volver-de-gran-bretana\\\/#webpage\"},\"isPartOf\":{\"@id\":\"https:\\\/\\\/candas365.es\\\/noticias\\\/los-jugadores-de-austria-no-tendran-que-pasar-la-cuarentena-al-volver-de-gran-bretana\\\/#webpage\"},\"articleSection\":\"Deporte\",\"dateline\":\"Publicado el mayo 27, 2021.\"},{\"@type\":\"Organization\",\"@id\":\"https:\\\/\\\/candas365.es\\\/noticias\\\/#organization\",\"name\":\"Cand\\u00e1s 365\",\"description\":\"Cand\\u00e1s 365 es un diario digital independiente, fundado en 2012, con base en Asturias. Informamos con rigor sobre actualidad, sociedad, cultura y ocio, con una mirada local y global.\",\"url\":\"https:\\\/\\\/candas365.es\\\/noticias\\\/\",\"email\":\"info@candas365.es\",\"telephone\":\"+34652131393\",\"foundingDate\":\"2012-06-10\",\"logo\":{\"@type\":\"ImageObject\",\"url\":\"https:\\\/\\\/candas365.es\\\/noticias\\\/wp-content\\\/uploads\\\/2024\\\/09\\\/Candas-365-Redes.jpg\",\"@id\":\"https:\\\/\\\/candas365.es\\\/noticias\\\/los-jugadores-de-austria-no-tendran-que-pasar-la-cuarentena-al-volver-de-gran-bretana\\\/#organizationLogo\",\"width\":1152,\"height\":864,\"caption\":\"Cand\\u00e1s 365 Redes\"},\"image\":{\"@id\":\"https:\\\/\\\/candas365.es\\\/noticias\\\/los-jugadores-de-austria-no-tendran-que-pasar-la-cuarentena-al-volver-de-gran-bretana\\\/#organizationLogo\"},\"sameAs\":[\"https:\\\/\\\/www.facebook.com\\\/Nachofdezber\",\"https:\\\/\\\/x.com\\\/NabercoDigital\",\"https:\\\/\\\/www.instagram.com\\\/nachofdezber\\\/\",\"https:\\\/\\\/www.youtube.com\\\/channel\\\/UCZP-2wLEB9Rv6erhFmqVnvg\"],\"address\":{\"@id\":\"https:\\\/\\\/candas365.es\\\/noticias\\\/#postaladdress\",\"@type\":\"PostalAddress\",\"streetAddress\":\"san antonio 4, san antonio 4\",\"postalCode\":\"33430\",\"addressLocality\":\"Cand\\u00e1s\",\"addressRegion\":\"Asturias\",\"addressCountry\":\"ES\"}},{\"@type\":\"Person\",\"@id\":\"https:\\\/\\\/candas365.es\\\/noticias\\\/author\\\/admin\\\/#author\",\"url\":\"https:\\\/\\\/candas365.es\\\/noticias\\\/author\\\/admin\\\/\",\"name\":\"Cand\\u00e1s 365\",\"image\":{\"@type\":\"ImageObject\",\"@id\":\"https:\\\/\\\/candas365.es\\\/noticias\\\/los-jugadores-de-austria-no-tendran-que-pasar-la-cuarentena-al-volver-de-gran-bretana\\\/#authorImage\",\"url\":\"https:\\\/\\\/secure.gravatar.com\\\/avatar\\\/496a8e03d0c493ede1718b7934145dbdf8d89be1036b0eec9544e1094c9de390?s=96&d=mm&r=g\",\"width\":96,\"height\":96,\"caption\":\"Cand\\u00e1s 365\"},\"sameAs\":[\"https:\\\/\\\/www.facebook.com\\\/carrenoactualidad\",\"https:\\\/\\\/twitter.com\\\/nbasturias\",\"https:\\\/\\\/www.instagram.com\\\/nachofdezber\\\/\",\"https:\\\/\\\/www.youtube.com\\\/channel\\\/UCZP-2wLEB9Rv6erhFmqVnvg\"]},{\"@type\":\"WebPage\",\"@id\":\"https:\\\/\\\/candas365.es\\\/noticias\\\/los-jugadores-de-austria-no-tendran-que-pasar-la-cuarentena-al-volver-de-gran-bretana\\\/#webpage\",\"url\":\"https:\\\/\\\/candas365.es\\\/noticias\\\/los-jugadores-de-austria-no-tendran-que-pasar-la-cuarentena-al-volver-de-gran-bretana\\\/\",\"name\":\"Los jugadores de Austria no tendr\\u00e1n que pasar la cuarentena al volver de Gran Breta\\u00f1a | Cand\\u00e1s 365\",\"description\":\"Berl\\u00edn (dpa) - Los jugadores de la selecci\\u00f3n nacional de Austria tendr\\u00e1n un permiso especial y no tendr\\u00e1n que entrar en cuarentena por el coronavirus tras su partido amistoso previo a la Eurocopa 2020 contra Inglaterra en Middlesbrough el 2 de junio, dijo el jueves la federaci\\u00f3n austriaca de f\\u00fatbol (OeFB). \\\"Los jugadores de la\",\"inLanguage\":\"es-ES\",\"isPartOf\":{\"@id\":\"https:\\\/\\\/candas365.es\\\/noticias\\\/#website\"},\"breadcrumb\":{\"@id\":\"https:\\\/\\\/candas365.es\\\/noticias\\\/los-jugadores-de-austria-no-tendran-que-pasar-la-cuarentena-al-volver-de-gran-bretana\\\/#breadcrumblist\"},\"author\":{\"@id\":\"https:\\\/\\\/candas365.es\\\/noticias\\\/author\\\/admin\\\/#author\"},\"creator\":{\"@id\":\"https:\\\/\\\/candas365.es\\\/noticias\\\/author\\\/admin\\\/#author\"},\"image\":{\"@type\":\"ImageObject\",\"url\":\"https:\\\/\\\/candas365.es\\\/noticias\\\/wp-content\\\/uploads\\\/2018\\\/06\\\/football-1406106_960_720-1.jpg\",\"@id\":\"https:\\\/\\\/candas365.es\\\/noticias\\\/los-jugadores-de-austria-no-tendran-que-pasar-la-cuarentena-al-volver-de-gran-bretana\\\/#mainImage\",\"width\":960,\"height\":643},\"primaryImageOfPage\":{\"@id\":\"https:\\\/\\\/candas365.es\\\/noticias\\\/los-jugadores-de-austria-no-tendran-que-pasar-la-cuarentena-al-volver-de-gran-bretana\\\/#mainImage\"},\"datePublished\":\"2021-05-27T11:46:28+02:00\",\"dateModified\":\"2021-05-27T11:46:28+02:00\"},{\"@type\":\"WebSite\",\"@id\":\"https:\\\/\\\/candas365.es\\\/noticias\\\/#website\",\"url\":\"https:\\\/\\\/candas365.es\\\/noticias\\\/\",\"name\":\"Cand\\u00e1s 365\",\"alternateName\":\"Cand\\u00e1s 365 Noticias\",\"description\":\"Actualidad desde Carre\\u00f1o para el mundo\",\"inLanguage\":\"es-ES\",\"publisher\":{\"@id\":\"https:\\\/\\\/candas365.es\\\/noticias\\\/#organization\"}}]}\n\t\t<\/script>\n\t\t<!-- All in One SEO Pro -->\r\n\t\t<title>Los jugadores de Austria no tendr\u00e1n que pasar la cuarentena al volver de Gran Breta\u00f1a | Cand\u00e1s 365<\/title>\n\n","aioseo_head_json":{"title":"Los jugadores de Austria no tendr\u00e1n que pasar la cuarentena al volver de Gran Breta\u00f1a | Cand\u00e1s 365","description":"Berl\u00edn (dpa) - Los jugadores de la selecci\u00f3n nacional de Austria tendr\u00e1n un permiso especial y no tendr\u00e1n que entrar en cuarentena por el coronavirus tras su partido amistoso previo a la Eurocopa 2020 contra Inglaterra en Middlesbrough el 2 de junio, dijo el jueves la federaci\u00f3n austriaca de f\u00fatbol (OeFB). \"Los jugadores de la","canonical_url":"https:\/\/candas365.es\/noticias\/los-jugadores-de-austria-no-tendran-que-pasar-la-cuarentena-al-volver-de-gran-bretana\/","robots":"max-image-preview:large","keywords":"deporte","webmasterTools":{"google-site-verification":"UA-32230408-1","msvalidate.01":"354F3CDFB2DA171B47FBE9ABF1F88D5","miscellaneous":""},"schema":{"@context":"https:\/\/schema.org","@graph":[{"@type":"BreadcrumbList","@id":"https:\/\/candas365.es\/noticias\/los-jugadores-de-austria-no-tendran-que-pasar-la-cuarentena-al-volver-de-gran-bretana\/#breadcrumblist","itemListElement":[{"@type":"ListItem","@id":"https:\/\/candas365.es\/noticias#listItem","position":1,"name":"Home","item":"https:\/\/candas365.es\/noticias","nextItem":{"@type":"ListItem","@id":"https:\/\/candas365.es\/noticias\/category\/deporte\/#listItem","name":"Deporte"}},{"@type":"ListItem","@id":"https:\/\/candas365.es\/noticias\/category\/deporte\/#listItem","position":2,"name":"Deporte","item":"https:\/\/candas365.es\/noticias\/category\/deporte\/","nextItem":{"@type":"ListItem","@id":"https:\/\/candas365.es\/noticias\/los-jugadores-de-austria-no-tendran-que-pasar-la-cuarentena-al-volver-de-gran-bretana\/#listItem","name":"Los jugadores de Austria no tendr\u00e1n que pasar la cuarentena al volver de Gran Breta\u00f1a"},"previousItem":{"@type":"ListItem","@id":"https:\/\/candas365.es\/noticias#listItem","name":"Home"}},{"@type":"ListItem","@id":"https:\/\/candas365.es\/noticias\/los-jugadores-de-austria-no-tendran-que-pasar-la-cuarentena-al-volver-de-gran-bretana\/#listItem","position":3,"name":"Los jugadores de Austria no tendr\u00e1n que pasar la cuarentena al volver de Gran Breta\u00f1a","previousItem":{"@type":"ListItem","@id":"https:\/\/candas365.es\/noticias\/category\/deporte\/#listItem","name":"Deporte"}}]},{"@type":"NewsArticle","@id":"https:\/\/candas365.es\/noticias\/los-jugadores-de-austria-no-tendran-que-pasar-la-cuarentena-al-volver-de-gran-bretana\/#newsarticle","name":"Los jugadores de Austria no tendr\u00e1n que pasar la cuarentena al volver de Gran Breta\u00f1a | Cand\u00e1s 365","headline":"Los jugadores de Austria no tendr\u00e1n que pasar la cuarentena al volver de Gran Breta\u00f1a","author":{"@id":"https:\/\/candas365.es\/noticias\/author\/admin\/#author"},"publisher":{"@id":"https:\/\/candas365.es\/noticias\/#organization"},"image":{"@type":"ImageObject","url":"https:\/\/candas365.es\/noticias\/wp-content\/uploads\/2018\/06\/football-1406106_960_720-1.jpg","width":960,"height":643},"datePublished":"2021-05-27T11:46:28+02:00","dateModified":"2021-05-27T11:46:28+02:00","inLanguage":"es-ES","mainEntityOfPage":{"@id":"https:\/\/candas365.es\/noticias\/los-jugadores-de-austria-no-tendran-que-pasar-la-cuarentena-al-volver-de-gran-bretana\/#webpage"},"isPartOf":{"@id":"https:\/\/candas365.es\/noticias\/los-jugadores-de-austria-no-tendran-que-pasar-la-cuarentena-al-volver-de-gran-bretana\/#webpage"},"articleSection":"Deporte","dateline":"Publicado el mayo 27, 2021."},{"@type":"Organization","@id":"https:\/\/candas365.es\/noticias\/#organization","name":"Cand\u00e1s 365","description":"Cand\u00e1s 365 es un diario digital independiente, fundado en 2012, con base en Asturias. Informamos con rigor sobre actualidad, sociedad, cultura y ocio, con una mirada local y global.","url":"https:\/\/candas365.es\/noticias\/","email":"info@candas365.es","telephone":"+34652131393","foundingDate":"2012-06-10","logo":{"@type":"ImageObject","url":"https:\/\/candas365.es\/noticias\/wp-content\/uploads\/2024\/09\/Candas-365-Redes.jpg","@id":"https:\/\/candas365.es\/noticias\/los-jugadores-de-austria-no-tendran-que-pasar-la-cuarentena-al-volver-de-gran-bretana\/#organizationLogo","width":1152,"height":864,"caption":"Cand\u00e1s 365 Redes"},"image":{"@id":"https:\/\/candas365.es\/noticias\/los-jugadores-de-austria-no-tendran-que-pasar-la-cuarentena-al-volver-de-gran-bretana\/#organizationLogo"},"sameAs":["https:\/\/www.facebook.com\/Nachofdezber","https:\/\/x.com\/NabercoDigital","https:\/\/www.instagram.com\/nachofdezber\/","https:\/\/www.youtube.com\/channel\/UCZP-2wLEB9Rv6erhFmqVnvg"],"address":{"@id":"https:\/\/candas365.es\/noticias\/#postaladdress","@type":"PostalAddress","streetAddress":"san antonio 4, san antonio 4","postalCode":"33430","addressLocality":"Cand\u00e1s","addressRegion":"Asturias","addressCountry":"ES"}},{"@type":"Person","@id":"https:\/\/candas365.es\/noticias\/author\/admin\/#author","url":"https:\/\/candas365.es\/noticias\/author\/admin\/","name":"Cand\u00e1s 365","image":{"@type":"ImageObject","@id":"https:\/\/candas365.es\/noticias\/los-jugadores-de-austria-no-tendran-que-pasar-la-cuarentena-al-volver-de-gran-bretana\/#authorImage","url":"https:\/\/secure.gravatar.com\/avatar\/496a8e03d0c493ede1718b7934145dbdf8d89be1036b0eec9544e1094c9de390?s=96&d=mm&r=g","width":96,"height":96,"caption":"Cand\u00e1s 365"},"sameAs":["https:\/\/www.facebook.com\/carrenoactualidad","https:\/\/twitter.com\/nbasturias","https:\/\/www.instagram.com\/nachofdezber\/","https:\/\/www.youtube.com\/channel\/UCZP-2wLEB9Rv6erhFmqVnvg"]},{"@type":"WebPage","@id":"https:\/\/candas365.es\/noticias\/los-jugadores-de-austria-no-tendran-que-pasar-la-cuarentena-al-volver-de-gran-bretana\/#webpage","url":"https:\/\/candas365.es\/noticias\/los-jugadores-de-austria-no-tendran-que-pasar-la-cuarentena-al-volver-de-gran-bretana\/","name":"Los jugadores de Austria no tendr\u00e1n que pasar la cuarentena al volver de Gran Breta\u00f1a | Cand\u00e1s 365","description":"Berl\u00edn (dpa) - Los jugadores de la selecci\u00f3n nacional de Austria tendr\u00e1n un permiso especial y no tendr\u00e1n que entrar en cuarentena por el coronavirus tras su partido amistoso previo a la Eurocopa 2020 contra Inglaterra en Middlesbrough el 2 de junio, dijo el jueves la federaci\u00f3n austriaca de f\u00fatbol (OeFB). \"Los jugadores de la","inLanguage":"es-ES","isPartOf":{"@id":"https:\/\/candas365.es\/noticias\/#website"},"breadcrumb":{"@id":"https:\/\/candas365.es\/noticias\/los-jugadores-de-austria-no-tendran-que-pasar-la-cuarentena-al-volver-de-gran-bretana\/#breadcrumblist"},"author":{"@id":"https:\/\/candas365.es\/noticias\/author\/admin\/#author"},"creator":{"@id":"https:\/\/candas365.es\/noticias\/author\/admin\/#author"},"image":{"@type":"ImageObject","url":"https:\/\/candas365.es\/noticias\/wp-content\/uploads\/2018\/06\/football-1406106_960_720-1.jpg","@id":"https:\/\/candas365.es\/noticias\/los-jugadores-de-austria-no-tendran-que-pasar-la-cuarentena-al-volver-de-gran-bretana\/#mainImage","width":960,"height":643},"primaryImageOfPage":{"@id":"https:\/\/candas365.es\/noticias\/los-jugadores-de-austria-no-tendran-que-pasar-la-cuarentena-al-volver-de-gran-bretana\/#mainImage"},"datePublished":"2021-05-27T11:46:28+02:00","dateModified":"2021-05-27T11:46:28+02:00"},{"@type":"WebSite","@id":"https:\/\/candas365.es\/noticias\/#website","url":"https:\/\/candas365.es\/noticias\/","name":"Cand\u00e1s 365","alternateName":"Cand\u00e1s 365 Noticias","description":"Actualidad desde Carre\u00f1o para el mundo","inLanguage":"es-ES","publisher":{"@id":"https:\/\/candas365.es\/noticias\/#organization"}}]},"og:locale":"es_ES","og:site_name":"Cand\u00e1s 365","og:type":"article","og:title":"Los jugadores de Austria no tendr\u00e1n que pasar la cuarentena al volver de Gran Breta\u00f1a | Cand\u00e1s 365","og:description":"Berl\u00edn (dpa) - Los jugadores de la selecci\u00f3n nacional de Austria tendr\u00e1n un permiso especial y no tendr\u00e1n que entrar en cuarentena por el coronavirus tras su partido amistoso previo a la Eurocopa 2020 contra Inglaterra en Middlesbrough el 2 de junio, dijo el jueves la federaci\u00f3n austriaca de f\u00fatbol (OeFB). &quot;Los jugadores de la","og:url":"https:\/\/candas365.es\/noticias\/los-jugadores-de-austria-no-tendran-que-pasar-la-cuarentena-al-volver-de-gran-bretana\/","og:image":"https:\/\/candas365.es\/noticias\/wp-content\/uploads\/2018\/06\/football-1406106_960_720-1.jpg","og:image:secure_url":"https:\/\/candas365.es\/noticias\/wp-content\/uploads\/2018\/06\/football-1406106_960_720-1.jpg","og:image:width":960,"og:image:height":643,"article:published_time":"2021-05-27T11:46:28+00:00","article:modified_time":"2021-05-27T11:46:28+00:00","article:publisher":"https:\/\/www.facebook.com\/Nachofdezber","article:author":"https:\/\/www.facebook.com\/carrenoactualidad","twitter:card":"summary_large_image","twitter:site":"@NabercoDigital","twitter:title":"Los jugadores de Austria no tendr\u00e1n que pasar la cuarentena al volver de Gran Breta\u00f1a | Cand\u00e1s 365","twitter:description":"Berl\u00edn (dpa) - Los jugadores de la selecci\u00f3n nacional de Austria tendr\u00e1n un permiso especial y no tendr\u00e1n que entrar en cuarentena por el coronavirus tras su partido amistoso previo a la Eurocopa 2020 contra Inglaterra en Middlesbrough el 2 de junio, dijo el jueves la federaci\u00f3n austriaca de f\u00fatbol (OeFB). &quot;Los jugadores de la","twitter:creator":"@nbasturias","twitter:image":"https:\/\/candas365.es\/noticias\/wp-content\/uploads\/2018\/06\/football-1406106_960_720-1.jpg","twitter:label1":"Escrito por","twitter:data1":"Cand\u00e1s 365","twitter:label2":"Tiempo de lectura estimado","twitter:data2":"2 minutos"},"aioseo_meta_data":{"post_id":"155078","title":null,"description":null,"keywords":[],"keyphrases":{"focus":[],"additional":[]},"primary_term":null,"canonical_url":null,"og_title":null,"og_description":null,"og_object_type":"default","og_image_type":"default","og_image_url":null,"og_image_width":null,"og_image_height":null,"og_image_custom_url":null,"og_image_custom_fields":null,"og_video":"","og_custom_url":null,"og_article_section":null,"og_article_tags":[],"twitter_use_og":false,"twitter_card":"default","twitter_image_type":"default","twitter_image_url":null,"twitter_image_custom_url":null,"twitter_image_custom_fields":null,"twitter_title":null,"twitter_description":null,"schema":{"blockGraphs":[],"customGraphs":[],"default":{"data":{"Article":[],"Course":[],"Dataset":[],"FAQPage":[],"Movie":[],"Person":[],"Product":[],"ProductReview":[],"Car":[],"Recipe":[],"Service":[],"SoftwareApplication":[],"WebPage":[]},"graphName":"","isEnabled":true},"graphs":[],"defaultGraph":"Article","defaultPostTypeGraph":""},"schema_type":"default","schema_type_options":"{\"article\":{\"articleType\":\"BlogPosting\"},\"course\":{\"name\":\"\",\"description\":\"\",\"provider\":\"\"},\"faq\":{\"pages\":[]},\"product\":{\"reviews\":[]},\"recipe\":{\"ingredients\":[],\"instructions\":[],\"keywords\":[]},\"software\":{\"reviews\":[],\"operatingSystems\":[]},\"webPage\":{\"webPageType\":\"WebPage\"}}","pillar_content":false,"robots_default":true,"robots_noindex":false,"robots_noarchive":false,"robots_nosnippet":false,"robots_nofollow":false,"robots_noimageindex":false,"robots_noodp":false,"robots_notranslate":false,"robots_max_snippet":"-1","robots_max_videopreview":"-1","robots_max_imagepreview":"large","priority":null,"frequency":"default","location":null,"local_seo":{"locations":{"business":{"name":"","businessType":"","image":"","areaServed":"","urls":{"website":"","aboutPage":"","contactPage":""},"address":{"streetLine1":"","streetLine2":"","zipCode":"","city":"","state":"","country":"","addressFormat":"#streetLineOne\n#streetLineTwo\n#city, #state #zipCode"},"contact":{"email":"","phone":"","phoneFormatted":"","fax":"","faxFormatted":""},"ids":{"vat":"","tax":"","chamberOfCommerce":""},"payment":{"priceRange":"","currenciesAccepted":"","methods":""}}},"openingHours":{"useDefaults":true,"show":true,"alwaysOpen":false,"use24hFormat":false,"timezone":"","labels":{"closed":"","alwaysOpen":""},"days":{"monday":{"open24h":false,"closed":false,"openTime":"09:00","closeTime":"17:00"},"tuesday":{"open24h":false,"closed":false,"openTime":"09:00","closeTime":"17:00"},"wednesday":{"open24h":false,"closed":false,"openTime":"09:00","closeTime":"17:00"},"thursday":{"open24h":false,"closed":false,"openTime":"09:00","closeTime":"17:00"},"friday":{"open24h":false,"closed":false,"openTime":"09:00","closeTime":"17:00"},"saturday":{"open24h":false,"closed":false,"openTime":"09:00","closeTime":"17:00"},"sunday":{"open24h":false,"closed":false,"openTime":"09:00","closeTime":"17:00"}}}},"seo_analyzer_scan_date":"2025-08-31 22:07:20","breadcrumb_settings":null,"limit_modified_date":false,"reviewed_by":null,"open_ai":null,"ai":null,"created":"2021-05-27 11:44:02","updated":"2025-08-31 22:07:20"},"aioseo_breadcrumb":"<div class=\"aioseo-breadcrumbs\"><span class=\"aioseo-breadcrumb\">\n\t<a href=\"https:\/\/candas365.es\/noticias\" title=\"Home\">Home<\/a>\n<\/span><span class=\"aioseo-breadcrumb-separator\">&ndash;<\/span><span class=\"aioseo-breadcrumb\">\n\t<a href=\"https:\/\/candas365.es\/noticias\/category\/deporte\/\" title=\"Deporte\">Deporte<\/a>\n<\/span><span class=\"aioseo-breadcrumb-separator\">&ndash;<\/span><span class=\"aioseo-breadcrumb\">\n\tLos jugadores de Austria no tendr\u00e1n que pasar la cuarentena al volver de Gran Breta\u00f1a\n<\/span><\/div>","aioseo_breadcrumb_json":[{"label":"Home","link":"https:\/\/candas365.es\/noticias"},{"label":"Deporte","link":"https:\/\/candas365.es\/noticias\/category\/deporte\/"},{"label":"Los jugadores de Austria no tendr\u00e1n que pasar la cuarentena al volver de Gran Breta\u00f1a","link":"https:\/\/candas365.es\/noticias\/los-jugadores-de-austria-no-tendran-que-pasar-la-cuarentena-al-volver-de-gran-bretana\/"}],"_links":{"self":[{"href":"https:\/\/candas365.es\/noticias\/wp-json\/wp\/v2\/posts\/155078","targetHints":{"allow":["GET"]}}],"collection":[{"href":"https:\/\/candas365.es\/noticias\/wp-json\/wp\/v2\/posts"}],"about":[{"href":"https:\/\/candas365.es\/noticias\/wp-json\/wp\/v2\/types\/post"}],"author":[{"embeddable":true,"href":"https:\/\/candas365.es\/noticias\/wp-json\/wp\/v2\/users\/1"}],"replies":[{"embeddable":true,"href":"https:\/\/candas365.es\/noticias\/wp-json\/wp\/v2\/comments?post=155078"}],"version-history":[{"count":0,"href":"https:\/\/candas365.es\/noticias\/wp-json\/wp\/v2\/posts\/155078\/revisions"}],"wp:featuredmedia":[{"embeddable":true,"href":"https:\/\/candas365.es\/noticias\/wp-json\/wp\/v2\/media\/98026"}],"wp:attachment":[{"href":"https:\/\/candas365.es\/noticias\/wp-json\/wp\/v2\/media?parent=155078"}],"wp:term":[{"taxonomy":"category","embeddable":true,"href":"https:\/\/candas365.es\/noticias\/wp-json\/wp\/v2\/categories?post=155078"},{"taxonomy":"post_tag","embeddable":true,"href":"https:\/\/candas365.es\/noticias\/wp-json\/wp\/v2\/tags?post=155078"}],"curies":[{"name":"wp","href":"https:\/\/api.w.org\/{rel}","templated":true}]}}