{"id":154944,"date":"2021-05-23T12:41:20","date_gmt":"2021-05-23T12:41:20","guid":{"rendered":"http:\/\/candas365.es\/noticias\/?p=154944"},"modified":"2021-05-23T12:41:20","modified_gmt":"2021-05-23T12:41:20","slug":"zidane-voy-a-hablar-con-el-club-tranquilamente","status":"publish","type":"post","link":"https:\/\/candas365.es\/noticias\/zidane-voy-a-hablar-con-el-club-tranquilamente\/","title":{"rendered":"Zidane: \u00abVoy a hablar con el club tranquilamente\u00bb"},"content":{"rendered":"<p><img fetchpriority=\"high\" decoding=\"async\" class=\"alignleft size-medium wp-image-92853\" src=\"https:\/\/candas365.es\/noticias\/wp-content\/uploads\/2018\/03\/stadium-300608_1280-360x203.jpg\" alt=\"\" width=\"360\" height=\"203\" srcset=\"https:\/\/candas365.es\/noticias\/wp-content\/uploads\/2018\/03\/stadium-300608_1280-360x203.jpg 360w, https:\/\/candas365.es\/noticias\/wp-content\/uploads\/2018\/03\/stadium-300608_1280-696x392.jpg 696w, https:\/\/candas365.es\/noticias\/wp-content\/uploads\/2018\/03\/stadium-300608_1280-1068x602.jpg 1068w, https:\/\/candas365.es\/noticias\/wp-content\/uploads\/2018\/03\/stadium-300608_1280-746x420.jpg 746w, https:\/\/candas365.es\/noticias\/wp-content\/uploads\/2018\/03\/stadium-300608_1280-768x433.jpg 768w, https:\/\/candas365.es\/noticias\/wp-content\/uploads\/2018\/03\/stadium-300608_1280-655x369.jpg 655w, https:\/\/candas365.es\/noticias\/wp-content\/uploads\/2018\/03\/stadium-300608_1280-499x280.jpg 499w, https:\/\/candas365.es\/noticias\/wp-content\/uploads\/2018\/03\/stadium-300608_1280.jpg 1280w\" sizes=\"(max-width: 360px) 100vw, 360px\" \/>Berl\u00edn (STATS Perform\/dpa) &#8211; Zinedine Zidane iniciar\u00e1 \u00aben los pr\u00f3ximos d\u00edas\u00bb las conversaciones con el Real Madrid despu\u00e9s de que su equipo haya terminado la temporada con las manos vac\u00edas.<\/p>\n<p>La victoria por 2-1 ante el Villarreal el s\u00e1bado fue un \u00e9xito vac\u00edo, ya que su rival, el Atl\u00e9tico de Madrid, tambi\u00e9n gan\u00f3 para conseguir el t\u00edtulo de Liga, y Zidane resumi\u00f3 sus emociones despu\u00e9s diciendo: \u00abMi estado de \u00e1nimo est\u00e1 fastidiado\u00bb.<\/p>\n<p>Los goles tard\u00edos de Karim Benzema y Luka Modric permitieron al Madrid dar la vuelta al partido en casa, despu\u00e9s de que Yeremi Pino adelantara al Villarreal.<\/p>\n<p>El Villarreal tiene por delante una final de la Europa League contra el Manchester United en Gdansk el mi\u00e9rcoles, pero la temporada del Madrid est\u00e1 acabada.<\/p>\n<p>Se espera que Zidane se marche, pero no quiso confirmar sus planes tras el partido del Villarreal.<\/p>\n<p>\u00abTenemos que estar tranquilos. Voy a hablar con el club tranquilamente, pero m\u00e1s adelante. Ahora no\u00bb, dijo Zidane.<\/p>\n<p>\u00abEn los pr\u00f3ximos d\u00edas lo hablaremos. Pronto veremos lo que va a pasar, no s\u00f3lo conmigo sino tambi\u00e9n con el club para la pr\u00f3xima temporada.\u00bb<\/p>\n<p>Zidane elogi\u00f3 al equipo de Diego Simeone por aguantar el ritmo en la carrera por el t\u00edtulo, que finalmente acab\u00f3 con dos puntos de ventaja sobre los blancos y siete sobre el tercer clasificado, el Barcelona.<\/p>\n<p>\u00abHay que felicitar al Atl\u00e9tico que se lo merece, porque el equipo que est\u00e1 arriba se lo merece\u00bb, dijo Zidane en la rueda de prensa posterior al partido.<\/p>\n<p>El Madrid termin\u00f3 su campa\u00f1a de Liga con una racha de 18 partidos sin perder, con 13 victorias y cinco empates, para presionar al Atl\u00e9tico, otrora l\u00edder.<\/p>\n<p>Se trata de la mejor racha sin perder en una sola temporada de liga desde que el Madrid de Carlo Ancelotti tambi\u00e9n encaden\u00f3 18 partidos sin perder en la campa\u00f1a 2013-14, con 15 victorias.<\/p>\n<p>Sin embargo, el Madrid termina la temporada sin un bote, tras una temprana eliminaci\u00f3n en la Copa del Rey ante el Alcoyano, una derrota en semifinales de la Liga de Campeones ante el Chelsea y una derrota en semifinales de la Supercopa de Espa\u00f1a ante el Athletic de Bilbao.<\/p>\n<p>\u00abNo hemos ganado nada. Sabemos lo que tenemos que conseguir\u00bb, dijo Zidane. \u00abLa afici\u00f3n es lo m\u00e1s importante aqu\u00ed. Tienen que estar muy orgullosos de lo que han hecho los jugadores. Lo hemos dado todo\u00bb.<\/p>\n","protected":false},"excerpt":{"rendered":"<p>Berl\u00edn (STATS Perform\/dpa) &#8211; Zinedine Zidane iniciar\u00e1 \u00aben los pr\u00f3ximos d\u00edas\u00bb las conversaciones con el Real Madrid despu\u00e9s de que su equipo haya terminado la temporada con las manos vac\u00edas. La victoria por 2-1 ante el Villarreal el s\u00e1bado fue un \u00e9xito vac\u00edo, ya que su rival, el Atl\u00e9tico de Madrid, tambi\u00e9n gan\u00f3 para conseguir<\/p>\n","protected":false},"author":1,"featured_media":92853,"comment_status":"closed","ping_status":"closed","sticky":false,"template":"","format":"standard","meta":{"footnotes":""},"categories":[319],"tags":[],"class_list":{"0":"post-154944","1":"post","2":"type-post","3":"status-publish","4":"format-standard","5":"has-post-thumbnail","7":"category-deporte"},"aioseo_notices":[],"aioseo_head":"\n\t\t<!-- All in One SEO Pro 4.9.6.2 - aioseo.com -->\n\t<meta name=\"description\" content=\"Zinedine Zidane iniciar\u00e1 &quot;en los pr\u00f3ximos d\u00edas&quot; las conversaciones con el Real Madrid despu\u00e9s de que su equipo haya terminado la temporada\" \/>\n\t<meta name=\"robots\" content=\"max-image-preview:large\" \/>\n\t<meta name=\"author\" content=\"Cand\u00e1s 365\"\/>\n\t<meta name=\"google-site-verification\" content=\"UA-32230408-1\" \/>\n\t<meta name=\"msvalidate.01\" content=\"354F3CDFB2DA171B47FBE9ABF1F88D5\" \/>\n\t<meta name=\"keywords\" content=\"deporte\" \/>\n\t<link rel=\"canonical\" href=\"https:\/\/candas365.es\/noticias\/zidane-voy-a-hablar-con-el-club-tranquilamente\/\" \/>\n\t<meta name=\"generator\" content=\"All in One SEO Pro (AIOSEO) 4.9.6.2\" \/>\n\t\t<meta property=\"og:locale\" content=\"es_ES\" \/>\n\t\t<meta property=\"og:site_name\" content=\"Cand\u00e1s 365\" \/>\n\t\t<meta property=\"og:type\" content=\"article\" \/>\n\t\t<meta property=\"og:title\" content=\"Zidane: \u00abVoy a hablar con el club tranquilamente\u00bb | Cand\u00e1s 365\" \/>\n\t\t<meta property=\"og:description\" content=\"Zinedine Zidane iniciar\u00e1 &quot;en los pr\u00f3ximos d\u00edas&quot; las conversaciones con el Real Madrid despu\u00e9s de que su equipo haya terminado la temporada\" \/>\n\t\t<meta property=\"og:url\" content=\"https:\/\/candas365.es\/noticias\/zidane-voy-a-hablar-con-el-club-tranquilamente\/\" \/>\n\t\t<meta property=\"og:image\" content=\"https:\/\/candas365.es\/noticias\/wp-content\/uploads\/2018\/03\/stadium-300608_1280.jpg\" \/>\n\t\t<meta property=\"og:image:secure_url\" content=\"https:\/\/candas365.es\/noticias\/wp-content\/uploads\/2018\/03\/stadium-300608_1280.jpg\" \/>\n\t\t<meta property=\"og:image:width\" content=\"1280\" \/>\n\t\t<meta property=\"og:image:height\" content=\"721\" \/>\n\t\t<meta property=\"article:published_time\" content=\"2021-05-23T12:41:20+00:00\" \/>\n\t\t<meta property=\"article:modified_time\" content=\"2021-05-23T12:41:20+00:00\" \/>\n\t\t<meta property=\"article:publisher\" content=\"https:\/\/www.facebook.com\/Nachofdezber\" \/>\n\t\t<meta property=\"article:author\" content=\"https:\/\/www.facebook.com\/carrenoactualidad\" \/>\n\t\t<meta name=\"twitter:card\" content=\"summary_large_image\" \/>\n\t\t<meta name=\"twitter:site\" content=\"@NabercoDigital\" \/>\n\t\t<meta name=\"twitter:title\" content=\"Zidane: \u00abVoy a hablar con el club tranquilamente\u00bb | Cand\u00e1s 365\" \/>\n\t\t<meta name=\"twitter:description\" content=\"Zinedine Zidane iniciar\u00e1 &quot;en los pr\u00f3ximos d\u00edas&quot; las conversaciones con el Real Madrid despu\u00e9s de que su equipo haya terminado la temporada\" \/>\n\t\t<meta name=\"twitter:creator\" content=\"@nbasturias\" \/>\n\t\t<meta name=\"twitter:image\" content=\"https:\/\/candas365.es\/noticias\/wp-content\/uploads\/2018\/03\/stadium-300608_1280.jpg\" \/>\n\t\t<meta name=\"twitter:label1\" content=\"Escrito por\" \/>\n\t\t<meta name=\"twitter:data1\" content=\"Cand\u00e1s 365\" \/>\n\t\t<meta name=\"twitter:label2\" content=\"Tiempo de lectura estimado\" \/>\n\t\t<meta name=\"twitter:data2\" content=\"2 minutos\" \/>\n\t\t<script type=\"application\/ld+json\" class=\"aioseo-schema\">\n\t\t\t{\"@context\":\"https:\\\/\\\/schema.org\",\"@graph\":[{\"@type\":\"BreadcrumbList\",\"@id\":\"https:\\\/\\\/candas365.es\\\/noticias\\\/zidane-voy-a-hablar-con-el-club-tranquilamente\\\/#breadcrumblist\",\"itemListElement\":[{\"@type\":\"ListItem\",\"@id\":\"https:\\\/\\\/candas365.es\\\/noticias#listItem\",\"position\":1,\"name\":\"Home\",\"item\":\"https:\\\/\\\/candas365.es\\\/noticias\",\"nextItem\":{\"@type\":\"ListItem\",\"@id\":\"https:\\\/\\\/candas365.es\\\/noticias\\\/category\\\/deporte\\\/#listItem\",\"name\":\"Deporte\"}},{\"@type\":\"ListItem\",\"@id\":\"https:\\\/\\\/candas365.es\\\/noticias\\\/category\\\/deporte\\\/#listItem\",\"position\":2,\"name\":\"Deporte\",\"item\":\"https:\\\/\\\/candas365.es\\\/noticias\\\/category\\\/deporte\\\/\",\"nextItem\":{\"@type\":\"ListItem\",\"@id\":\"https:\\\/\\\/candas365.es\\\/noticias\\\/zidane-voy-a-hablar-con-el-club-tranquilamente\\\/#listItem\",\"name\":\"Zidane: \\u00abVoy a hablar con el club tranquilamente\\u00bb\"},\"previousItem\":{\"@type\":\"ListItem\",\"@id\":\"https:\\\/\\\/candas365.es\\\/noticias#listItem\",\"name\":\"Home\"}},{\"@type\":\"ListItem\",\"@id\":\"https:\\\/\\\/candas365.es\\\/noticias\\\/zidane-voy-a-hablar-con-el-club-tranquilamente\\\/#listItem\",\"position\":3,\"name\":\"Zidane: \\u00abVoy a hablar con el club tranquilamente\\u00bb\",\"previousItem\":{\"@type\":\"ListItem\",\"@id\":\"https:\\\/\\\/candas365.es\\\/noticias\\\/category\\\/deporte\\\/#listItem\",\"name\":\"Deporte\"}}]},{\"@type\":\"NewsArticle\",\"@id\":\"https:\\\/\\\/candas365.es\\\/noticias\\\/zidane-voy-a-hablar-con-el-club-tranquilamente\\\/#newsarticle\",\"name\":\"Zidane: \\u00abVoy a hablar con el club tranquilamente\\u00bb | Cand\\u00e1s 365\",\"headline\":\"Zidane: \\u00abVoy a hablar con el club tranquilamente\\u00bb\",\"author\":{\"@id\":\"https:\\\/\\\/candas365.es\\\/noticias\\\/author\\\/admin\\\/#author\"},\"publisher\":{\"@id\":\"https:\\\/\\\/candas365.es\\\/noticias\\\/#organization\"},\"image\":{\"@type\":\"ImageObject\",\"url\":\"https:\\\/\\\/candas365.es\\\/noticias\\\/wp-content\\\/uploads\\\/2018\\\/03\\\/stadium-300608_1280.jpg\",\"width\":1280,\"height\":721},\"datePublished\":\"2021-05-23T12:41:20+02:00\",\"dateModified\":\"2021-05-23T12:41:20+02:00\",\"inLanguage\":\"es-ES\",\"mainEntityOfPage\":{\"@id\":\"https:\\\/\\\/candas365.es\\\/noticias\\\/zidane-voy-a-hablar-con-el-club-tranquilamente\\\/#webpage\"},\"isPartOf\":{\"@id\":\"https:\\\/\\\/candas365.es\\\/noticias\\\/zidane-voy-a-hablar-con-el-club-tranquilamente\\\/#webpage\"},\"articleSection\":\"Deporte\",\"dateline\":\"Publicado el mayo 23, 2021.\"},{\"@type\":\"Organization\",\"@id\":\"https:\\\/\\\/candas365.es\\\/noticias\\\/#organization\",\"name\":\"Cand\\u00e1s 365\",\"description\":\"Cand\\u00e1s 365 es un diario digital independiente, fundado en 2012, con base en Asturias. Informamos con rigor sobre actualidad, sociedad, cultura y ocio, con una mirada local y global.\",\"url\":\"https:\\\/\\\/candas365.es\\\/noticias\\\/\",\"email\":\"info@candas365.es\",\"telephone\":\"+34652131393\",\"foundingDate\":\"2012-06-10\",\"logo\":{\"@type\":\"ImageObject\",\"url\":\"https:\\\/\\\/candas365.es\\\/noticias\\\/wp-content\\\/uploads\\\/2024\\\/09\\\/Candas-365-Redes.jpg\",\"@id\":\"https:\\\/\\\/candas365.es\\\/noticias\\\/zidane-voy-a-hablar-con-el-club-tranquilamente\\\/#organizationLogo\",\"width\":1152,\"height\":864,\"caption\":\"Cand\\u00e1s 365 Redes\"},\"image\":{\"@id\":\"https:\\\/\\\/candas365.es\\\/noticias\\\/zidane-voy-a-hablar-con-el-club-tranquilamente\\\/#organizationLogo\"},\"sameAs\":[\"https:\\\/\\\/www.facebook.com\\\/Nachofdezber\",\"https:\\\/\\\/x.com\\\/NabercoDigital\",\"https:\\\/\\\/www.instagram.com\\\/nachofdezber\\\/\",\"https:\\\/\\\/www.youtube.com\\\/channel\\\/UCZP-2wLEB9Rv6erhFmqVnvg\"],\"address\":{\"@id\":\"https:\\\/\\\/candas365.es\\\/noticias\\\/#postaladdress\",\"@type\":\"PostalAddress\",\"streetAddress\":\"san antonio 4, san antonio 4\",\"postalCode\":\"33430\",\"addressLocality\":\"Cand\\u00e1s\",\"addressRegion\":\"Asturias\",\"addressCountry\":\"ES\"}},{\"@type\":\"Person\",\"@id\":\"https:\\\/\\\/candas365.es\\\/noticias\\\/author\\\/admin\\\/#author\",\"url\":\"https:\\\/\\\/candas365.es\\\/noticias\\\/author\\\/admin\\\/\",\"name\":\"Cand\\u00e1s 365\",\"image\":{\"@type\":\"ImageObject\",\"@id\":\"https:\\\/\\\/candas365.es\\\/noticias\\\/zidane-voy-a-hablar-con-el-club-tranquilamente\\\/#authorImage\",\"url\":\"https:\\\/\\\/secure.gravatar.com\\\/avatar\\\/496a8e03d0c493ede1718b7934145dbdf8d89be1036b0eec9544e1094c9de390?s=96&d=mm&r=g\",\"width\":96,\"height\":96,\"caption\":\"Cand\\u00e1s 365\"},\"sameAs\":[\"https:\\\/\\\/www.facebook.com\\\/carrenoactualidad\",\"https:\\\/\\\/twitter.com\\\/nbasturias\",\"https:\\\/\\\/www.instagram.com\\\/nachofdezber\\\/\",\"https:\\\/\\\/www.youtube.com\\\/channel\\\/UCZP-2wLEB9Rv6erhFmqVnvg\"]},{\"@type\":\"WebPage\",\"@id\":\"https:\\\/\\\/candas365.es\\\/noticias\\\/zidane-voy-a-hablar-con-el-club-tranquilamente\\\/#webpage\",\"url\":\"https:\\\/\\\/candas365.es\\\/noticias\\\/zidane-voy-a-hablar-con-el-club-tranquilamente\\\/\",\"name\":\"Zidane: \\u00abVoy a hablar con el club tranquilamente\\u00bb | Cand\\u00e1s 365\",\"description\":\"Zinedine Zidane iniciar\\u00e1 \\\"en los pr\\u00f3ximos d\\u00edas\\\" las conversaciones con el Real Madrid despu\\u00e9s de que su equipo haya terminado la temporada\",\"inLanguage\":\"es-ES\",\"isPartOf\":{\"@id\":\"https:\\\/\\\/candas365.es\\\/noticias\\\/#website\"},\"breadcrumb\":{\"@id\":\"https:\\\/\\\/candas365.es\\\/noticias\\\/zidane-voy-a-hablar-con-el-club-tranquilamente\\\/#breadcrumblist\"},\"author\":{\"@id\":\"https:\\\/\\\/candas365.es\\\/noticias\\\/author\\\/admin\\\/#author\"},\"creator\":{\"@id\":\"https:\\\/\\\/candas365.es\\\/noticias\\\/author\\\/admin\\\/#author\"},\"image\":{\"@type\":\"ImageObject\",\"url\":\"https:\\\/\\\/candas365.es\\\/noticias\\\/wp-content\\\/uploads\\\/2018\\\/03\\\/stadium-300608_1280.jpg\",\"@id\":\"https:\\\/\\\/candas365.es\\\/noticias\\\/zidane-voy-a-hablar-con-el-club-tranquilamente\\\/#mainImage\",\"width\":1280,\"height\":721},\"primaryImageOfPage\":{\"@id\":\"https:\\\/\\\/candas365.es\\\/noticias\\\/zidane-voy-a-hablar-con-el-club-tranquilamente\\\/#mainImage\"},\"datePublished\":\"2021-05-23T12:41:20+02:00\",\"dateModified\":\"2021-05-23T12:41:20+02:00\"},{\"@type\":\"WebSite\",\"@id\":\"https:\\\/\\\/candas365.es\\\/noticias\\\/#website\",\"url\":\"https:\\\/\\\/candas365.es\\\/noticias\\\/\",\"name\":\"Cand\\u00e1s 365\",\"alternateName\":\"Cand\\u00e1s 365 Noticias\",\"description\":\"Actualidad desde Carre\\u00f1o para el mundo\",\"inLanguage\":\"es-ES\",\"publisher\":{\"@id\":\"https:\\\/\\\/candas365.es\\\/noticias\\\/#organization\"}}]}\n\t\t<\/script>\n\t\t<!-- All in One SEO Pro -->\r\n\t\t<title>Zidane: \u00abVoy a hablar con el club tranquilamente\u00bb | Cand\u00e1s 365<\/title>\n\n","aioseo_head_json":{"title":"Zidane: \u00abVoy a hablar con el club tranquilamente\u00bb | Cand\u00e1s 365","description":"Zinedine Zidane iniciar\u00e1 \"en los pr\u00f3ximos d\u00edas\" las conversaciones con el Real Madrid despu\u00e9s de que su equipo haya terminado la temporada","canonical_url":"https:\/\/candas365.es\/noticias\/zidane-voy-a-hablar-con-el-club-tranquilamente\/","robots":"max-image-preview:large","keywords":"deporte","webmasterTools":{"google-site-verification":"UA-32230408-1","msvalidate.01":"354F3CDFB2DA171B47FBE9ABF1F88D5","miscellaneous":""},"schema":{"@context":"https:\/\/schema.org","@graph":[{"@type":"BreadcrumbList","@id":"https:\/\/candas365.es\/noticias\/zidane-voy-a-hablar-con-el-club-tranquilamente\/#breadcrumblist","itemListElement":[{"@type":"ListItem","@id":"https:\/\/candas365.es\/noticias#listItem","position":1,"name":"Home","item":"https:\/\/candas365.es\/noticias","nextItem":{"@type":"ListItem","@id":"https:\/\/candas365.es\/noticias\/category\/deporte\/#listItem","name":"Deporte"}},{"@type":"ListItem","@id":"https:\/\/candas365.es\/noticias\/category\/deporte\/#listItem","position":2,"name":"Deporte","item":"https:\/\/candas365.es\/noticias\/category\/deporte\/","nextItem":{"@type":"ListItem","@id":"https:\/\/candas365.es\/noticias\/zidane-voy-a-hablar-con-el-club-tranquilamente\/#listItem","name":"Zidane: \u00abVoy a hablar con el club tranquilamente\u00bb"},"previousItem":{"@type":"ListItem","@id":"https:\/\/candas365.es\/noticias#listItem","name":"Home"}},{"@type":"ListItem","@id":"https:\/\/candas365.es\/noticias\/zidane-voy-a-hablar-con-el-club-tranquilamente\/#listItem","position":3,"name":"Zidane: \u00abVoy a hablar con el club tranquilamente\u00bb","previousItem":{"@type":"ListItem","@id":"https:\/\/candas365.es\/noticias\/category\/deporte\/#listItem","name":"Deporte"}}]},{"@type":"NewsArticle","@id":"https:\/\/candas365.es\/noticias\/zidane-voy-a-hablar-con-el-club-tranquilamente\/#newsarticle","name":"Zidane: \u00abVoy a hablar con el club tranquilamente\u00bb | Cand\u00e1s 365","headline":"Zidane: \u00abVoy a hablar con el club tranquilamente\u00bb","author":{"@id":"https:\/\/candas365.es\/noticias\/author\/admin\/#author"},"publisher":{"@id":"https:\/\/candas365.es\/noticias\/#organization"},"image":{"@type":"ImageObject","url":"https:\/\/candas365.es\/noticias\/wp-content\/uploads\/2018\/03\/stadium-300608_1280.jpg","width":1280,"height":721},"datePublished":"2021-05-23T12:41:20+02:00","dateModified":"2021-05-23T12:41:20+02:00","inLanguage":"es-ES","mainEntityOfPage":{"@id":"https:\/\/candas365.es\/noticias\/zidane-voy-a-hablar-con-el-club-tranquilamente\/#webpage"},"isPartOf":{"@id":"https:\/\/candas365.es\/noticias\/zidane-voy-a-hablar-con-el-club-tranquilamente\/#webpage"},"articleSection":"Deporte","dateline":"Publicado el mayo 23, 2021."},{"@type":"Organization","@id":"https:\/\/candas365.es\/noticias\/#organization","name":"Cand\u00e1s 365","description":"Cand\u00e1s 365 es un diario digital independiente, fundado en 2012, con base en Asturias. Informamos con rigor sobre actualidad, sociedad, cultura y ocio, con una mirada local y global.","url":"https:\/\/candas365.es\/noticias\/","email":"info@candas365.es","telephone":"+34652131393","foundingDate":"2012-06-10","logo":{"@type":"ImageObject","url":"https:\/\/candas365.es\/noticias\/wp-content\/uploads\/2024\/09\/Candas-365-Redes.jpg","@id":"https:\/\/candas365.es\/noticias\/zidane-voy-a-hablar-con-el-club-tranquilamente\/#organizationLogo","width":1152,"height":864,"caption":"Cand\u00e1s 365 Redes"},"image":{"@id":"https:\/\/candas365.es\/noticias\/zidane-voy-a-hablar-con-el-club-tranquilamente\/#organizationLogo"},"sameAs":["https:\/\/www.facebook.com\/Nachofdezber","https:\/\/x.com\/NabercoDigital","https:\/\/www.instagram.com\/nachofdezber\/","https:\/\/www.youtube.com\/channel\/UCZP-2wLEB9Rv6erhFmqVnvg"],"address":{"@id":"https:\/\/candas365.es\/noticias\/#postaladdress","@type":"PostalAddress","streetAddress":"san antonio 4, san antonio 4","postalCode":"33430","addressLocality":"Cand\u00e1s","addressRegion":"Asturias","addressCountry":"ES"}},{"@type":"Person","@id":"https:\/\/candas365.es\/noticias\/author\/admin\/#author","url":"https:\/\/candas365.es\/noticias\/author\/admin\/","name":"Cand\u00e1s 365","image":{"@type":"ImageObject","@id":"https:\/\/candas365.es\/noticias\/zidane-voy-a-hablar-con-el-club-tranquilamente\/#authorImage","url":"https:\/\/secure.gravatar.com\/avatar\/496a8e03d0c493ede1718b7934145dbdf8d89be1036b0eec9544e1094c9de390?s=96&d=mm&r=g","width":96,"height":96,"caption":"Cand\u00e1s 365"},"sameAs":["https:\/\/www.facebook.com\/carrenoactualidad","https:\/\/twitter.com\/nbasturias","https:\/\/www.instagram.com\/nachofdezber\/","https:\/\/www.youtube.com\/channel\/UCZP-2wLEB9Rv6erhFmqVnvg"]},{"@type":"WebPage","@id":"https:\/\/candas365.es\/noticias\/zidane-voy-a-hablar-con-el-club-tranquilamente\/#webpage","url":"https:\/\/candas365.es\/noticias\/zidane-voy-a-hablar-con-el-club-tranquilamente\/","name":"Zidane: \u00abVoy a hablar con el club tranquilamente\u00bb | Cand\u00e1s 365","description":"Zinedine Zidane iniciar\u00e1 \"en los pr\u00f3ximos d\u00edas\" las conversaciones con el Real Madrid despu\u00e9s de que su equipo haya terminado la temporada","inLanguage":"es-ES","isPartOf":{"@id":"https:\/\/candas365.es\/noticias\/#website"},"breadcrumb":{"@id":"https:\/\/candas365.es\/noticias\/zidane-voy-a-hablar-con-el-club-tranquilamente\/#breadcrumblist"},"author":{"@id":"https:\/\/candas365.es\/noticias\/author\/admin\/#author"},"creator":{"@id":"https:\/\/candas365.es\/noticias\/author\/admin\/#author"},"image":{"@type":"ImageObject","url":"https:\/\/candas365.es\/noticias\/wp-content\/uploads\/2018\/03\/stadium-300608_1280.jpg","@id":"https:\/\/candas365.es\/noticias\/zidane-voy-a-hablar-con-el-club-tranquilamente\/#mainImage","width":1280,"height":721},"primaryImageOfPage":{"@id":"https:\/\/candas365.es\/noticias\/zidane-voy-a-hablar-con-el-club-tranquilamente\/#mainImage"},"datePublished":"2021-05-23T12:41:20+02:00","dateModified":"2021-05-23T12:41:20+02:00"},{"@type":"WebSite","@id":"https:\/\/candas365.es\/noticias\/#website","url":"https:\/\/candas365.es\/noticias\/","name":"Cand\u00e1s 365","alternateName":"Cand\u00e1s 365 Noticias","description":"Actualidad desde Carre\u00f1o para el mundo","inLanguage":"es-ES","publisher":{"@id":"https:\/\/candas365.es\/noticias\/#organization"}}]},"og:locale":"es_ES","og:site_name":"Cand\u00e1s 365","og:type":"article","og:title":"Zidane: \u00abVoy a hablar con el club tranquilamente\u00bb | Cand\u00e1s 365","og:description":"Zinedine Zidane iniciar\u00e1 &quot;en los pr\u00f3ximos d\u00edas&quot; las conversaciones con el Real Madrid despu\u00e9s de que su equipo haya terminado la temporada","og:url":"https:\/\/candas365.es\/noticias\/zidane-voy-a-hablar-con-el-club-tranquilamente\/","og:image":"https:\/\/candas365.es\/noticias\/wp-content\/uploads\/2018\/03\/stadium-300608_1280.jpg","og:image:secure_url":"https:\/\/candas365.es\/noticias\/wp-content\/uploads\/2018\/03\/stadium-300608_1280.jpg","og:image:width":1280,"og:image:height":721,"article:published_time":"2021-05-23T12:41:20+00:00","article:modified_time":"2021-05-23T12:41:20+00:00","article:publisher":"https:\/\/www.facebook.com\/Nachofdezber","article:author":"https:\/\/www.facebook.com\/carrenoactualidad","twitter:card":"summary_large_image","twitter:site":"@NabercoDigital","twitter:title":"Zidane: \u00abVoy a hablar con el club tranquilamente\u00bb | Cand\u00e1s 365","twitter:description":"Zinedine Zidane iniciar\u00e1 &quot;en los pr\u00f3ximos d\u00edas&quot; las conversaciones con el Real Madrid despu\u00e9s de que su equipo haya terminado la temporada","twitter:creator":"@nbasturias","twitter:image":"https:\/\/candas365.es\/noticias\/wp-content\/uploads\/2018\/03\/stadium-300608_1280.jpg","twitter:label1":"Escrito por","twitter:data1":"Cand\u00e1s 365","twitter:label2":"Tiempo de lectura estimado","twitter:data2":"2 minutos"},"aioseo_meta_data":{"post_id":"154944","title":null,"description":"Zinedine Zidane iniciar\u00e1 \"en los pr\u00f3ximos d\u00edas\" las conversaciones con el Real Madrid despu\u00e9s de que su equipo haya terminado la temporada","keywords":[],"keyphrases":{"focus":[],"additional":[]},"primary_term":null,"canonical_url":null,"og_title":null,"og_description":null,"og_object_type":"default","og_image_type":"default","og_image_url":null,"og_image_width":null,"og_image_height":null,"og_image_custom_url":null,"og_image_custom_fields":null,"og_video":"","og_custom_url":null,"og_article_section":null,"og_article_tags":[],"twitter_use_og":false,"twitter_card":"default","twitter_image_type":"default","twitter_image_url":null,"twitter_image_custom_url":null,"twitter_image_custom_fields":null,"twitter_title":null,"twitter_description":null,"schema":{"blockGraphs":[],"customGraphs":[],"default":{"data":{"Article":[],"Course":[],"Dataset":[],"FAQPage":[],"Movie":[],"Person":[],"Product":[],"ProductReview":[],"Car":[],"Recipe":[],"Service":[],"SoftwareApplication":[],"WebPage":[]},"graphName":"","isEnabled":true},"graphs":[],"defaultGraph":"Article","defaultPostTypeGraph":""},"schema_type":"default","schema_type_options":"{\"article\":{\"articleType\":\"BlogPosting\"},\"course\":{\"name\":\"\",\"description\":\"\",\"provider\":\"\"},\"faq\":{\"pages\":[]},\"product\":{\"reviews\":[]},\"recipe\":{\"ingredients\":[],\"instructions\":[],\"keywords\":[]},\"software\":{\"reviews\":[],\"operatingSystems\":[]},\"webPage\":{\"webPageType\":\"WebPage\"}}","pillar_content":false,"robots_default":true,"robots_noindex":false,"robots_noarchive":false,"robots_nosnippet":false,"robots_nofollow":false,"robots_noimageindex":false,"robots_noodp":false,"robots_notranslate":false,"robots_max_snippet":"-1","robots_max_videopreview":"-1","robots_max_imagepreview":"large","priority":null,"frequency":"default","location":null,"local_seo":{"locations":{"business":{"name":"","businessType":"","image":"","areaServed":"","urls":{"website":"","aboutPage":"","contactPage":""},"address":{"streetLine1":"","streetLine2":"","zipCode":"","city":"","state":"","country":"","addressFormat":"#streetLineOne\n#streetLineTwo\n#city, #state #zipCode"},"contact":{"email":"","phone":"","phoneFormatted":"","fax":"","faxFormatted":""},"ids":{"vat":"","tax":"","chamberOfCommerce":""},"payment":{"priceRange":"","currenciesAccepted":"","methods":""}}},"openingHours":{"useDefaults":true,"show":true,"alwaysOpen":false,"use24hFormat":false,"timezone":"","labels":{"closed":"","alwaysOpen":""},"days":{"monday":{"open24h":false,"closed":false,"openTime":"09:00","closeTime":"17:00"},"tuesday":{"open24h":false,"closed":false,"openTime":"09:00","closeTime":"17:00"},"wednesday":{"open24h":false,"closed":false,"openTime":"09:00","closeTime":"17:00"},"thursday":{"open24h":false,"closed":false,"openTime":"09:00","closeTime":"17:00"},"friday":{"open24h":false,"closed":false,"openTime":"09:00","closeTime":"17:00"},"saturday":{"open24h":false,"closed":false,"openTime":"09:00","closeTime":"17:00"},"sunday":{"open24h":false,"closed":false,"openTime":"09:00","closeTime":"17:00"}}}},"seo_analyzer_scan_date":"2025-08-31 21:55:20","breadcrumb_settings":null,"limit_modified_date":false,"reviewed_by":null,"open_ai":null,"ai":null,"created":"2021-05-23 12:39:21","updated":"2025-08-31 21:55:20"},"aioseo_breadcrumb":"<div class=\"aioseo-breadcrumbs\"><span class=\"aioseo-breadcrumb\">\n\t<a href=\"https:\/\/candas365.es\/noticias\" title=\"Home\">Home<\/a>\n<\/span><span class=\"aioseo-breadcrumb-separator\">&ndash;<\/span><span class=\"aioseo-breadcrumb\">\n\t<a href=\"https:\/\/candas365.es\/noticias\/category\/deporte\/\" title=\"Deporte\">Deporte<\/a>\n<\/span><span class=\"aioseo-breadcrumb-separator\">&ndash;<\/span><span class=\"aioseo-breadcrumb\">\n\tZidane: \u00abVoy a hablar con el club tranquilamente\u00bb\n<\/span><\/div>","aioseo_breadcrumb_json":[{"label":"Home","link":"https:\/\/candas365.es\/noticias"},{"label":"Deporte","link":"https:\/\/candas365.es\/noticias\/category\/deporte\/"},{"label":"Zidane: \u00abVoy a hablar con el club tranquilamente\u00bb","link":"https:\/\/candas365.es\/noticias\/zidane-voy-a-hablar-con-el-club-tranquilamente\/"}],"_links":{"self":[{"href":"https:\/\/candas365.es\/noticias\/wp-json\/wp\/v2\/posts\/154944","targetHints":{"allow":["GET"]}}],"collection":[{"href":"https:\/\/candas365.es\/noticias\/wp-json\/wp\/v2\/posts"}],"about":[{"href":"https:\/\/candas365.es\/noticias\/wp-json\/wp\/v2\/types\/post"}],"author":[{"embeddable":true,"href":"https:\/\/candas365.es\/noticias\/wp-json\/wp\/v2\/users\/1"}],"replies":[{"embeddable":true,"href":"https:\/\/candas365.es\/noticias\/wp-json\/wp\/v2\/comments?post=154944"}],"version-history":[{"count":0,"href":"https:\/\/candas365.es\/noticias\/wp-json\/wp\/v2\/posts\/154944\/revisions"}],"wp:featuredmedia":[{"embeddable":true,"href":"https:\/\/candas365.es\/noticias\/wp-json\/wp\/v2\/media\/92853"}],"wp:attachment":[{"href":"https:\/\/candas365.es\/noticias\/wp-json\/wp\/v2\/media?parent=154944"}],"wp:term":[{"taxonomy":"category","embeddable":true,"href":"https:\/\/candas365.es\/noticias\/wp-json\/wp\/v2\/categories?post=154944"},{"taxonomy":"post_tag","embeddable":true,"href":"https:\/\/candas365.es\/noticias\/wp-json\/wp\/v2\/tags?post=154944"}],"curies":[{"name":"wp","href":"https:\/\/api.w.org\/{rel}","templated":true}]}}