{"id":154898,"date":"2021-05-22T12:51:39","date_gmt":"2021-05-22T12:51:39","guid":{"rendered":"http:\/\/candas365.es\/noticias\/?p=154898"},"modified":"2021-05-22T12:51:39","modified_gmt":"2021-05-22T12:51:39","slug":"pdm-acuerdo-entre-gobierno-local-de-carreno-y-sindicatos","status":"publish","type":"post","link":"https:\/\/candas365.es\/noticias\/pdm-acuerdo-entre-gobierno-local-de-carreno-y-sindicatos\/","title":{"rendered":"PDM: Acuerdo entre gobierno local de Carre\u00f1o y sindicatos"},"content":{"rendered":"<p><img fetchpriority=\"high\" decoding=\"async\" class=\"alignleft size-medium wp-image-6453\" src=\"https:\/\/candas365.es\/noticias\/wp-content\/uploads\/2015\/01\/ayuntamiento-360x270.jpg\" alt=\"\" width=\"360\" height=\"270\" srcset=\"https:\/\/candas365.es\/noticias\/wp-content\/uploads\/2015\/01\/ayuntamiento-360x270.jpg 360w, https:\/\/candas365.es\/noticias\/wp-content\/uploads\/2015\/01\/ayuntamiento-640x480.jpg 640w, https:\/\/candas365.es\/noticias\/wp-content\/uploads\/2015\/01\/ayuntamiento-768x576.jpg 768w, https:\/\/candas365.es\/noticias\/wp-content\/uploads\/2015\/01\/ayuntamiento-150x113.jpg 150w, https:\/\/candas365.es\/noticias\/wp-content\/uploads\/2015\/01\/ayuntamiento-450x338.jpg 450w, https:\/\/candas365.es\/noticias\/wp-content\/uploads\/2015\/01\/ayuntamiento-80x60.jpg 80w, https:\/\/candas365.es\/noticias\/wp-content\/uploads\/2015\/01\/ayuntamiento-265x198.jpg 265w, https:\/\/candas365.es\/noticias\/wp-content\/uploads\/2015\/01\/ayuntamiento-696x522.jpg 696w, https:\/\/candas365.es\/noticias\/wp-content\/uploads\/2015\/01\/ayuntamiento-560x420.jpg 560w, https:\/\/candas365.es\/noticias\/wp-content\/uploads\/2015\/01\/ayuntamiento-90x67.jpg 90w, https:\/\/candas365.es\/noticias\/wp-content\/uploads\/2015\/01\/ayuntamiento.jpg 800w\" sizes=\"(max-width: 360px) 100vw, 360px\" \/>Seg\u00fan informa el Ayuntamiento de Carre\u00f1o, el gobierno local y las organizaciones sindicales con representaci\u00f3n en el Ayuntamiento llegan a un acuerdo para aprobar la Relaci\u00f3n de Puestos de Trabajo(RPT) del Patronato Deportivo Municipal (PDM).<\/p>\n<p>En la mesa de negociaci\u00f3n celebrada en la jornada del mi\u00e9rcoles 19 de mayo, las tres organizaciones sindicales con representaci\u00f3n ene le Ayuntamiento de Carre\u00f1o (UGT, CCOO y CSIF) mostraron su acuerdo por unanimidad para la aprobaci\u00f3n de la RPT del \u201cPatronato\u201d. Este acuerdo es la propuesta que la Concejala de Recursos Humanos, Cecilia Tasc\u00f3n traslad\u00f3 para su aprobaci\u00f3n, a la Comisi\u00f3n de Recursos Humanos, que se celebr\u00f3 el 21 de mayo.<\/p>\n<p>Tras su estudio y debate, la Comisi\u00f3n Informativa de Recursos Humanos aprob\u00f3 el documento por unanimidad de los cuatro grupos pol\u00edticos que integran la Corporaci\u00f3n carre\u00f1ense . Tras pasar este tr\u00e1mite administrativo, se dar\u00e1 traslado del acuerdo al Pleno del Ayuntamiento, \u00f3rgano competente para la aprobaci\u00f3n definitiva de la Relaci\u00f3n de Puestos de Trabajo del Patronato Deportivo Municipal, para que en su sesi\u00f3n ordinaria del mes de mayo haga lo propio.<\/p>\n<p>La RPT es un instrumento t\u00e9cnico de ordenaci\u00f3n del personal de acuerdo con las necesidades de los servicios, mediante la que se determinan las necesidades de personal y, se clasifican y definen los requisitos exigidos para el desempe\u00f1o de cada puesto.<\/p>\n<p>\u201cDesde la puesta en servicio, en 1988 hasta la actualidad, el \u201cPatronato\u201d ha tenido una profunda transformaci\u00f3n no s\u00f3lo en lo que, a dotaciones, servicios, o programas se refiere, sino que la constante evoluci\u00f3n de la administraci\u00f3n a lo largo de estos a\u00f1os ha supuesto el esfuerzo de tener que adaptar los procedimientos administrativos a los sistemas y herramientas inform\u00e1ticas actuales, repercutiendo esto, directamente sobre las funciones y tareas que el personal de la instituci\u00f3n desarrolla. Por lo que se vi\u00f3 la necesidad de dotar a la entidad de este instrumento t\u00e9cnico querecogiese y valorase los cometidos de cada uno de los puestos\u201d se\u00f1al\u00f3 la Concejala.<\/p>\n<p>En la actualidad la plantilla del Patronato DeportivoMunicipal la forman 6 puestos de trabajo:<\/p>\n<ul>\n<li>1 plaza de Director\/a Gerente<\/li>\n<li>1 plaza de Administrativo\/a-Tesorero\/a<\/li>\n<li>3 plazas de Oficial Conserje<\/li>\n<li>1 plaza de Operario\/a de Limpieza<\/li>\n<\/ul>\n<p>\u201cEn la elaboraci\u00f3n de esta RPT se parti\u00f3 de los principios, fundamentos, criterios, requerimientos, requisitos y contenidos sobre los que se elabor\u00f3, y aprob\u00f3, la RPT para el personal al servicio del Ayuntamiento. Para de estar forma cumplir con el objetivo fundamental de, mantener una identidad lo m\u00e1s homog\u00e9nea posible y en concordancia con la del entre matriz, para que no existiesen diferencias, por ejemplo, de criterio, a la hora de valorar el mismo puesto dentro de la plantilla del Ayuntamiento o del Patronato\u201d explic\u00f3 Tasc\u00f3n.<\/p>\n<p>\u201cEl importe global de la puesta en marcha de la RPT, es decir, la adecuaci\u00f3n retributiva a los puestos de trabajo, les supondr\u00e1 a las arcas del Patronato hacer frente a una subida en los gastos de personal de 16.000\u20ac anuales. Esta cantidad ya fue incluida en el Presupuesto en vigor de la entidad, por lo que una vez se apruebe y dicho acuerdo sea publicado en el BOPA, pueda aplicarse con car\u00e1cter retroactivo a fecha del 1 enero de 2021\u201d finaliz\u00f3 la Concejala.<\/p>\n<p>&nbsp;<\/p>\n","protected":false},"excerpt":{"rendered":"<p>Seg\u00fan informa el Ayuntamiento de Carre\u00f1o, el gobierno local y las organizaciones sindicales con representaci\u00f3n en el Ayuntamiento llegan a un acuerdo para aprobar la Relaci\u00f3n de Puestos de Trabajo(RPT) del Patronato Deportivo Municipal (PDM). En la mesa de negociaci\u00f3n celebrada en la jornada del mi\u00e9rcoles 19 de mayo, las tres organizaciones sindicales con representaci\u00f3n<\/p>\n","protected":false},"author":1,"featured_media":6453,"comment_status":"closed","ping_status":"closed","sticky":false,"template":"","format":"standard","meta":{"footnotes":""},"categories":[2],"tags":[],"class_list":{"0":"post-154898","1":"post","2":"type-post","3":"status-publish","4":"format-standard","5":"has-post-thumbnail","7":"category-noticias-carreno"},"aioseo_notices":[],"aioseo_head":"\n\t\t<!-- All in One SEO Pro 4.9.6.2 - aioseo.com -->\n\t<meta name=\"description\" content=\"Seg\u00fan informa el Ayuntamiento de Carre\u00f1o, el gobierno local y las organizaciones sindicales con representaci\u00f3n en el Ayuntamiento llegan a un acuerdo ..\" \/>\n\t<meta name=\"robots\" content=\"max-image-preview:large\" \/>\n\t<meta name=\"author\" content=\"Cand\u00e1s 365\"\/>\n\t<meta name=\"google-site-verification\" content=\"UA-32230408-1\" \/>\n\t<meta name=\"msvalidate.01\" content=\"354F3CDFB2DA171B47FBE9ABF1F88D5\" \/>\n\t<meta name=\"keywords\" content=\"noticias carre\u00f1o\" \/>\n\t<link rel=\"canonical\" href=\"https:\/\/candas365.es\/noticias\/pdm-acuerdo-entre-gobierno-local-de-carreno-y-sindicatos\/\" \/>\n\t<meta name=\"generator\" content=\"All in One SEO Pro (AIOSEO) 4.9.6.2\" \/>\n\t\t<meta property=\"og:locale\" content=\"es_ES\" \/>\n\t\t<meta property=\"og:site_name\" content=\"Cand\u00e1s 365\" \/>\n\t\t<meta property=\"og:type\" content=\"article\" \/>\n\t\t<meta property=\"og:title\" content=\"PDM: Acuerdo entre gobierno local de Carre\u00f1o y sindicatos | Cand\u00e1s 365\" \/>\n\t\t<meta property=\"og:description\" content=\"Seg\u00fan informa el Ayuntamiento de Carre\u00f1o, el gobierno local y las organizaciones sindicales con representaci\u00f3n en el Ayuntamiento llegan a un acuerdo ..\" \/>\n\t\t<meta property=\"og:url\" content=\"https:\/\/candas365.es\/noticias\/pdm-acuerdo-entre-gobierno-local-de-carreno-y-sindicatos\/\" \/>\n\t\t<meta property=\"og:image\" content=\"https:\/\/candas365.es\/noticias\/wp-content\/uploads\/2015\/01\/ayuntamiento.jpg\" \/>\n\t\t<meta property=\"og:image:secure_url\" content=\"https:\/\/candas365.es\/noticias\/wp-content\/uploads\/2015\/01\/ayuntamiento.jpg\" \/>\n\t\t<meta property=\"og:image:width\" content=\"800\" \/>\n\t\t<meta property=\"og:image:height\" content=\"600\" \/>\n\t\t<meta property=\"article:published_time\" content=\"2021-05-22T12:51:39+00:00\" \/>\n\t\t<meta property=\"article:modified_time\" content=\"2021-05-22T12:51:39+00:00\" \/>\n\t\t<meta property=\"article:publisher\" content=\"https:\/\/www.facebook.com\/Nachofdezber\" \/>\n\t\t<meta property=\"article:author\" content=\"https:\/\/www.facebook.com\/carrenoactualidad\" \/>\n\t\t<meta name=\"twitter:card\" content=\"summary_large_image\" \/>\n\t\t<meta name=\"twitter:site\" content=\"@NabercoDigital\" \/>\n\t\t<meta name=\"twitter:title\" content=\"PDM: Acuerdo entre gobierno local de Carre\u00f1o y sindicatos | Cand\u00e1s 365\" \/>\n\t\t<meta name=\"twitter:description\" content=\"Seg\u00fan informa el Ayuntamiento de Carre\u00f1o, el gobierno local y las organizaciones sindicales con representaci\u00f3n en el Ayuntamiento llegan a un acuerdo ..\" \/>\n\t\t<meta name=\"twitter:creator\" content=\"@nbasturias\" \/>\n\t\t<meta name=\"twitter:image\" content=\"https:\/\/candas365.es\/noticias\/wp-content\/uploads\/2015\/01\/ayuntamiento.jpg\" \/>\n\t\t<meta name=\"twitter:label1\" content=\"Escrito por\" \/>\n\t\t<meta name=\"twitter:data1\" content=\"Cand\u00e1s 365\" \/>\n\t\t<meta name=\"twitter:label2\" content=\"Tiempo de lectura estimado\" \/>\n\t\t<meta name=\"twitter:data2\" content=\"3 minutos\" \/>\n\t\t<script type=\"application\/ld+json\" class=\"aioseo-schema\">\n\t\t\t{\"@context\":\"https:\\\/\\\/schema.org\",\"@graph\":[{\"@type\":\"BreadcrumbList\",\"@id\":\"https:\\\/\\\/candas365.es\\\/noticias\\\/pdm-acuerdo-entre-gobierno-local-de-carreno-y-sindicatos\\\/#breadcrumblist\",\"itemListElement\":[{\"@type\":\"ListItem\",\"@id\":\"https:\\\/\\\/candas365.es\\\/noticias#listItem\",\"position\":1,\"name\":\"Home\",\"item\":\"https:\\\/\\\/candas365.es\\\/noticias\",\"nextItem\":{\"@type\":\"ListItem\",\"@id\":\"https:\\\/\\\/candas365.es\\\/noticias\\\/category\\\/noticias-carreno\\\/#listItem\",\"name\":\"Noticias Carre\\u00f1o\"}},{\"@type\":\"ListItem\",\"@id\":\"https:\\\/\\\/candas365.es\\\/noticias\\\/category\\\/noticias-carreno\\\/#listItem\",\"position\":2,\"name\":\"Noticias Carre\\u00f1o\",\"item\":\"https:\\\/\\\/candas365.es\\\/noticias\\\/category\\\/noticias-carreno\\\/\",\"nextItem\":{\"@type\":\"ListItem\",\"@id\":\"https:\\\/\\\/candas365.es\\\/noticias\\\/pdm-acuerdo-entre-gobierno-local-de-carreno-y-sindicatos\\\/#listItem\",\"name\":\"PDM: Acuerdo entre gobierno local de Carre\\u00f1o y sindicatos\"},\"previousItem\":{\"@type\":\"ListItem\",\"@id\":\"https:\\\/\\\/candas365.es\\\/noticias#listItem\",\"name\":\"Home\"}},{\"@type\":\"ListItem\",\"@id\":\"https:\\\/\\\/candas365.es\\\/noticias\\\/pdm-acuerdo-entre-gobierno-local-de-carreno-y-sindicatos\\\/#listItem\",\"position\":3,\"name\":\"PDM: Acuerdo entre gobierno local de Carre\\u00f1o y sindicatos\",\"previousItem\":{\"@type\":\"ListItem\",\"@id\":\"https:\\\/\\\/candas365.es\\\/noticias\\\/category\\\/noticias-carreno\\\/#listItem\",\"name\":\"Noticias Carre\\u00f1o\"}}]},{\"@type\":\"NewsArticle\",\"@id\":\"https:\\\/\\\/candas365.es\\\/noticias\\\/pdm-acuerdo-entre-gobierno-local-de-carreno-y-sindicatos\\\/#newsarticle\",\"name\":\"PDM: Acuerdo entre gobierno local de Carre\\u00f1o y sindicatos | Cand\\u00e1s 365\",\"headline\":\"PDM: Acuerdo entre gobierno local de Carre\\u00f1o y sindicatos\",\"author\":{\"@id\":\"https:\\\/\\\/candas365.es\\\/noticias\\\/author\\\/admin\\\/#author\"},\"publisher\":{\"@id\":\"https:\\\/\\\/candas365.es\\\/noticias\\\/#organization\"},\"image\":{\"@type\":\"ImageObject\",\"url\":\"https:\\\/\\\/candas365.es\\\/noticias\\\/wp-content\\\/uploads\\\/2015\\\/01\\\/ayuntamiento.jpg\",\"width\":800,\"height\":600,\"caption\":\"Carre\\u00f1o\"},\"datePublished\":\"2021-05-22T12:51:39+02:00\",\"dateModified\":\"2021-05-22T12:51:39+02:00\",\"inLanguage\":\"es-ES\",\"mainEntityOfPage\":{\"@id\":\"https:\\\/\\\/candas365.es\\\/noticias\\\/pdm-acuerdo-entre-gobierno-local-de-carreno-y-sindicatos\\\/#webpage\"},\"isPartOf\":{\"@id\":\"https:\\\/\\\/candas365.es\\\/noticias\\\/pdm-acuerdo-entre-gobierno-local-de-carreno-y-sindicatos\\\/#webpage\"},\"articleSection\":\"Noticias Carre\\u00f1o\",\"dateline\":\"Publicado el mayo 22, 2021.\"},{\"@type\":\"Organization\",\"@id\":\"https:\\\/\\\/candas365.es\\\/noticias\\\/#organization\",\"name\":\"Cand\\u00e1s 365\",\"description\":\"Cand\\u00e1s 365 es un diario digital independiente, fundado en 2012, con base en Asturias. Informamos con rigor sobre actualidad, sociedad, cultura y ocio, con una mirada local y global.\",\"url\":\"https:\\\/\\\/candas365.es\\\/noticias\\\/\",\"email\":\"info@candas365.es\",\"telephone\":\"+34652131393\",\"foundingDate\":\"2012-06-10\",\"logo\":{\"@type\":\"ImageObject\",\"url\":\"https:\\\/\\\/candas365.es\\\/noticias\\\/wp-content\\\/uploads\\\/2024\\\/09\\\/Candas-365-Redes.jpg\",\"@id\":\"https:\\\/\\\/candas365.es\\\/noticias\\\/pdm-acuerdo-entre-gobierno-local-de-carreno-y-sindicatos\\\/#organizationLogo\",\"width\":1152,\"height\":864,\"caption\":\"Cand\\u00e1s 365 Redes\"},\"image\":{\"@id\":\"https:\\\/\\\/candas365.es\\\/noticias\\\/pdm-acuerdo-entre-gobierno-local-de-carreno-y-sindicatos\\\/#organizationLogo\"},\"sameAs\":[\"https:\\\/\\\/www.facebook.com\\\/Nachofdezber\",\"https:\\\/\\\/x.com\\\/NabercoDigital\",\"https:\\\/\\\/www.instagram.com\\\/nachofdezber\\\/\",\"https:\\\/\\\/www.youtube.com\\\/channel\\\/UCZP-2wLEB9Rv6erhFmqVnvg\"],\"address\":{\"@id\":\"https:\\\/\\\/candas365.es\\\/noticias\\\/#postaladdress\",\"@type\":\"PostalAddress\",\"streetAddress\":\"san antonio 4, san antonio 4\",\"postalCode\":\"33430\",\"addressLocality\":\"Cand\\u00e1s\",\"addressRegion\":\"Asturias\",\"addressCountry\":\"ES\"}},{\"@type\":\"Person\",\"@id\":\"https:\\\/\\\/candas365.es\\\/noticias\\\/author\\\/admin\\\/#author\",\"url\":\"https:\\\/\\\/candas365.es\\\/noticias\\\/author\\\/admin\\\/\",\"name\":\"Cand\\u00e1s 365\",\"image\":{\"@type\":\"ImageObject\",\"@id\":\"https:\\\/\\\/candas365.es\\\/noticias\\\/pdm-acuerdo-entre-gobierno-local-de-carreno-y-sindicatos\\\/#authorImage\",\"url\":\"https:\\\/\\\/secure.gravatar.com\\\/avatar\\\/496a8e03d0c493ede1718b7934145dbdf8d89be1036b0eec9544e1094c9de390?s=96&d=mm&r=g\",\"width\":96,\"height\":96,\"caption\":\"Cand\\u00e1s 365\"},\"sameAs\":[\"https:\\\/\\\/www.facebook.com\\\/carrenoactualidad\",\"https:\\\/\\\/twitter.com\\\/nbasturias\",\"https:\\\/\\\/www.instagram.com\\\/nachofdezber\\\/\",\"https:\\\/\\\/www.youtube.com\\\/channel\\\/UCZP-2wLEB9Rv6erhFmqVnvg\"]},{\"@type\":\"WebPage\",\"@id\":\"https:\\\/\\\/candas365.es\\\/noticias\\\/pdm-acuerdo-entre-gobierno-local-de-carreno-y-sindicatos\\\/#webpage\",\"url\":\"https:\\\/\\\/candas365.es\\\/noticias\\\/pdm-acuerdo-entre-gobierno-local-de-carreno-y-sindicatos\\\/\",\"name\":\"PDM: Acuerdo entre gobierno local de Carre\\u00f1o y sindicatos | Cand\\u00e1s 365\",\"description\":\"Seg\\u00fan informa el Ayuntamiento de Carre\\u00f1o, el gobierno local y las organizaciones sindicales con representaci\\u00f3n en el Ayuntamiento llegan a un acuerdo ..\",\"inLanguage\":\"es-ES\",\"isPartOf\":{\"@id\":\"https:\\\/\\\/candas365.es\\\/noticias\\\/#website\"},\"breadcrumb\":{\"@id\":\"https:\\\/\\\/candas365.es\\\/noticias\\\/pdm-acuerdo-entre-gobierno-local-de-carreno-y-sindicatos\\\/#breadcrumblist\"},\"author\":{\"@id\":\"https:\\\/\\\/candas365.es\\\/noticias\\\/author\\\/admin\\\/#author\"},\"creator\":{\"@id\":\"https:\\\/\\\/candas365.es\\\/noticias\\\/author\\\/admin\\\/#author\"},\"image\":{\"@type\":\"ImageObject\",\"url\":\"https:\\\/\\\/candas365.es\\\/noticias\\\/wp-content\\\/uploads\\\/2015\\\/01\\\/ayuntamiento.jpg\",\"@id\":\"https:\\\/\\\/candas365.es\\\/noticias\\\/pdm-acuerdo-entre-gobierno-local-de-carreno-y-sindicatos\\\/#mainImage\",\"width\":800,\"height\":600,\"caption\":\"Carre\\u00f1o\"},\"primaryImageOfPage\":{\"@id\":\"https:\\\/\\\/candas365.es\\\/noticias\\\/pdm-acuerdo-entre-gobierno-local-de-carreno-y-sindicatos\\\/#mainImage\"},\"datePublished\":\"2021-05-22T12:51:39+02:00\",\"dateModified\":\"2021-05-22T12:51:39+02:00\"},{\"@type\":\"WebSite\",\"@id\":\"https:\\\/\\\/candas365.es\\\/noticias\\\/#website\",\"url\":\"https:\\\/\\\/candas365.es\\\/noticias\\\/\",\"name\":\"Cand\\u00e1s 365\",\"alternateName\":\"Cand\\u00e1s 365 Noticias\",\"description\":\"Actualidad desde Carre\\u00f1o para el mundo\",\"inLanguage\":\"es-ES\",\"publisher\":{\"@id\":\"https:\\\/\\\/candas365.es\\\/noticias\\\/#organization\"}}]}\n\t\t<\/script>\n\t\t<!-- All in One SEO Pro -->\r\n\t\t<title>PDM: Acuerdo entre gobierno local de Carre\u00f1o y sindicatos | Cand\u00e1s 365<\/title>\n\n","aioseo_head_json":{"title":"PDM: Acuerdo entre gobierno local de Carre\u00f1o y sindicatos | Cand\u00e1s 365","description":"Seg\u00fan informa el Ayuntamiento de Carre\u00f1o, el gobierno local y las organizaciones sindicales con representaci\u00f3n en el Ayuntamiento llegan a un acuerdo ..","canonical_url":"https:\/\/candas365.es\/noticias\/pdm-acuerdo-entre-gobierno-local-de-carreno-y-sindicatos\/","robots":"max-image-preview:large","keywords":"noticias carre\u00f1o","webmasterTools":{"google-site-verification":"UA-32230408-1","msvalidate.01":"354F3CDFB2DA171B47FBE9ABF1F88D5","miscellaneous":""},"schema":{"@context":"https:\/\/schema.org","@graph":[{"@type":"BreadcrumbList","@id":"https:\/\/candas365.es\/noticias\/pdm-acuerdo-entre-gobierno-local-de-carreno-y-sindicatos\/#breadcrumblist","itemListElement":[{"@type":"ListItem","@id":"https:\/\/candas365.es\/noticias#listItem","position":1,"name":"Home","item":"https:\/\/candas365.es\/noticias","nextItem":{"@type":"ListItem","@id":"https:\/\/candas365.es\/noticias\/category\/noticias-carreno\/#listItem","name":"Noticias Carre\u00f1o"}},{"@type":"ListItem","@id":"https:\/\/candas365.es\/noticias\/category\/noticias-carreno\/#listItem","position":2,"name":"Noticias Carre\u00f1o","item":"https:\/\/candas365.es\/noticias\/category\/noticias-carreno\/","nextItem":{"@type":"ListItem","@id":"https:\/\/candas365.es\/noticias\/pdm-acuerdo-entre-gobierno-local-de-carreno-y-sindicatos\/#listItem","name":"PDM: Acuerdo entre gobierno local de Carre\u00f1o y sindicatos"},"previousItem":{"@type":"ListItem","@id":"https:\/\/candas365.es\/noticias#listItem","name":"Home"}},{"@type":"ListItem","@id":"https:\/\/candas365.es\/noticias\/pdm-acuerdo-entre-gobierno-local-de-carreno-y-sindicatos\/#listItem","position":3,"name":"PDM: Acuerdo entre gobierno local de Carre\u00f1o y sindicatos","previousItem":{"@type":"ListItem","@id":"https:\/\/candas365.es\/noticias\/category\/noticias-carreno\/#listItem","name":"Noticias Carre\u00f1o"}}]},{"@type":"NewsArticle","@id":"https:\/\/candas365.es\/noticias\/pdm-acuerdo-entre-gobierno-local-de-carreno-y-sindicatos\/#newsarticle","name":"PDM: Acuerdo entre gobierno local de Carre\u00f1o y sindicatos | Cand\u00e1s 365","headline":"PDM: Acuerdo entre gobierno local de Carre\u00f1o y sindicatos","author":{"@id":"https:\/\/candas365.es\/noticias\/author\/admin\/#author"},"publisher":{"@id":"https:\/\/candas365.es\/noticias\/#organization"},"image":{"@type":"ImageObject","url":"https:\/\/candas365.es\/noticias\/wp-content\/uploads\/2015\/01\/ayuntamiento.jpg","width":800,"height":600,"caption":"Carre\u00f1o"},"datePublished":"2021-05-22T12:51:39+02:00","dateModified":"2021-05-22T12:51:39+02:00","inLanguage":"es-ES","mainEntityOfPage":{"@id":"https:\/\/candas365.es\/noticias\/pdm-acuerdo-entre-gobierno-local-de-carreno-y-sindicatos\/#webpage"},"isPartOf":{"@id":"https:\/\/candas365.es\/noticias\/pdm-acuerdo-entre-gobierno-local-de-carreno-y-sindicatos\/#webpage"},"articleSection":"Noticias Carre\u00f1o","dateline":"Publicado el mayo 22, 2021."},{"@type":"Organization","@id":"https:\/\/candas365.es\/noticias\/#organization","name":"Cand\u00e1s 365","description":"Cand\u00e1s 365 es un diario digital independiente, fundado en 2012, con base en Asturias. Informamos con rigor sobre actualidad, sociedad, cultura y ocio, con una mirada local y global.","url":"https:\/\/candas365.es\/noticias\/","email":"info@candas365.es","telephone":"+34652131393","foundingDate":"2012-06-10","logo":{"@type":"ImageObject","url":"https:\/\/candas365.es\/noticias\/wp-content\/uploads\/2024\/09\/Candas-365-Redes.jpg","@id":"https:\/\/candas365.es\/noticias\/pdm-acuerdo-entre-gobierno-local-de-carreno-y-sindicatos\/#organizationLogo","width":1152,"height":864,"caption":"Cand\u00e1s 365 Redes"},"image":{"@id":"https:\/\/candas365.es\/noticias\/pdm-acuerdo-entre-gobierno-local-de-carreno-y-sindicatos\/#organizationLogo"},"sameAs":["https:\/\/www.facebook.com\/Nachofdezber","https:\/\/x.com\/NabercoDigital","https:\/\/www.instagram.com\/nachofdezber\/","https:\/\/www.youtube.com\/channel\/UCZP-2wLEB9Rv6erhFmqVnvg"],"address":{"@id":"https:\/\/candas365.es\/noticias\/#postaladdress","@type":"PostalAddress","streetAddress":"san antonio 4, san antonio 4","postalCode":"33430","addressLocality":"Cand\u00e1s","addressRegion":"Asturias","addressCountry":"ES"}},{"@type":"Person","@id":"https:\/\/candas365.es\/noticias\/author\/admin\/#author","url":"https:\/\/candas365.es\/noticias\/author\/admin\/","name":"Cand\u00e1s 365","image":{"@type":"ImageObject","@id":"https:\/\/candas365.es\/noticias\/pdm-acuerdo-entre-gobierno-local-de-carreno-y-sindicatos\/#authorImage","url":"https:\/\/secure.gravatar.com\/avatar\/496a8e03d0c493ede1718b7934145dbdf8d89be1036b0eec9544e1094c9de390?s=96&d=mm&r=g","width":96,"height":96,"caption":"Cand\u00e1s 365"},"sameAs":["https:\/\/www.facebook.com\/carrenoactualidad","https:\/\/twitter.com\/nbasturias","https:\/\/www.instagram.com\/nachofdezber\/","https:\/\/www.youtube.com\/channel\/UCZP-2wLEB9Rv6erhFmqVnvg"]},{"@type":"WebPage","@id":"https:\/\/candas365.es\/noticias\/pdm-acuerdo-entre-gobierno-local-de-carreno-y-sindicatos\/#webpage","url":"https:\/\/candas365.es\/noticias\/pdm-acuerdo-entre-gobierno-local-de-carreno-y-sindicatos\/","name":"PDM: Acuerdo entre gobierno local de Carre\u00f1o y sindicatos | Cand\u00e1s 365","description":"Seg\u00fan informa el Ayuntamiento de Carre\u00f1o, el gobierno local y las organizaciones sindicales con representaci\u00f3n en el Ayuntamiento llegan a un acuerdo ..","inLanguage":"es-ES","isPartOf":{"@id":"https:\/\/candas365.es\/noticias\/#website"},"breadcrumb":{"@id":"https:\/\/candas365.es\/noticias\/pdm-acuerdo-entre-gobierno-local-de-carreno-y-sindicatos\/#breadcrumblist"},"author":{"@id":"https:\/\/candas365.es\/noticias\/author\/admin\/#author"},"creator":{"@id":"https:\/\/candas365.es\/noticias\/author\/admin\/#author"},"image":{"@type":"ImageObject","url":"https:\/\/candas365.es\/noticias\/wp-content\/uploads\/2015\/01\/ayuntamiento.jpg","@id":"https:\/\/candas365.es\/noticias\/pdm-acuerdo-entre-gobierno-local-de-carreno-y-sindicatos\/#mainImage","width":800,"height":600,"caption":"Carre\u00f1o"},"primaryImageOfPage":{"@id":"https:\/\/candas365.es\/noticias\/pdm-acuerdo-entre-gobierno-local-de-carreno-y-sindicatos\/#mainImage"},"datePublished":"2021-05-22T12:51:39+02:00","dateModified":"2021-05-22T12:51:39+02:00"},{"@type":"WebSite","@id":"https:\/\/candas365.es\/noticias\/#website","url":"https:\/\/candas365.es\/noticias\/","name":"Cand\u00e1s 365","alternateName":"Cand\u00e1s 365 Noticias","description":"Actualidad desde Carre\u00f1o para el mundo","inLanguage":"es-ES","publisher":{"@id":"https:\/\/candas365.es\/noticias\/#organization"}}]},"og:locale":"es_ES","og:site_name":"Cand\u00e1s 365","og:type":"article","og:title":"PDM: Acuerdo entre gobierno local de Carre\u00f1o y sindicatos | Cand\u00e1s 365","og:description":"Seg\u00fan informa el Ayuntamiento de Carre\u00f1o, el gobierno local y las organizaciones sindicales con representaci\u00f3n en el Ayuntamiento llegan a un acuerdo ..","og:url":"https:\/\/candas365.es\/noticias\/pdm-acuerdo-entre-gobierno-local-de-carreno-y-sindicatos\/","og:image":"https:\/\/candas365.es\/noticias\/wp-content\/uploads\/2015\/01\/ayuntamiento.jpg","og:image:secure_url":"https:\/\/candas365.es\/noticias\/wp-content\/uploads\/2015\/01\/ayuntamiento.jpg","og:image:width":800,"og:image:height":600,"article:published_time":"2021-05-22T12:51:39+00:00","article:modified_time":"2021-05-22T12:51:39+00:00","article:publisher":"https:\/\/www.facebook.com\/Nachofdezber","article:author":"https:\/\/www.facebook.com\/carrenoactualidad","twitter:card":"summary_large_image","twitter:site":"@NabercoDigital","twitter:title":"PDM: Acuerdo entre gobierno local de Carre\u00f1o y sindicatos | Cand\u00e1s 365","twitter:description":"Seg\u00fan informa el Ayuntamiento de Carre\u00f1o, el gobierno local y las organizaciones sindicales con representaci\u00f3n en el Ayuntamiento llegan a un acuerdo ..","twitter:creator":"@nbasturias","twitter:image":"https:\/\/candas365.es\/noticias\/wp-content\/uploads\/2015\/01\/ayuntamiento.jpg","twitter:label1":"Escrito por","twitter:data1":"Cand\u00e1s 365","twitter:label2":"Tiempo de lectura estimado","twitter:data2":"3 minutos"},"aioseo_meta_data":{"post_id":"154898","title":null,"description":"Seg\u00fan informa el Ayuntamiento de Carre\u00f1o, el gobierno local y las organizaciones sindicales con representaci\u00f3n en el Ayuntamiento llegan a un acuerdo ..","keywords":[],"keyphrases":{"focus":[],"additional":[]},"primary_term":null,"canonical_url":null,"og_title":null,"og_description":null,"og_object_type":"default","og_image_type":"default","og_image_url":null,"og_image_width":null,"og_image_height":null,"og_image_custom_url":null,"og_image_custom_fields":null,"og_video":"","og_custom_url":null,"og_article_section":null,"og_article_tags":[],"twitter_use_og":false,"twitter_card":"default","twitter_image_type":"default","twitter_image_url":null,"twitter_image_custom_url":null,"twitter_image_custom_fields":null,"twitter_title":null,"twitter_description":null,"schema":{"blockGraphs":[],"customGraphs":[],"default":{"data":{"Article":[],"Course":[],"Dataset":[],"FAQPage":[],"Movie":[],"Person":[],"Product":[],"ProductReview":[],"Car":[],"Recipe":[],"Service":[],"SoftwareApplication":[],"WebPage":[]},"graphName":"","isEnabled":true},"graphs":[],"defaultGraph":"Article","defaultPostTypeGraph":""},"schema_type":"default","schema_type_options":"{\"article\":{\"articleType\":\"BlogPosting\"},\"course\":{\"name\":\"\",\"description\":\"\",\"provider\":\"\"},\"faq\":{\"pages\":[]},\"product\":{\"reviews\":[]},\"recipe\":{\"ingredients\":[],\"instructions\":[],\"keywords\":[]},\"software\":{\"reviews\":[],\"operatingSystems\":[]},\"webPage\":{\"webPageType\":\"WebPage\"}}","pillar_content":false,"robots_default":true,"robots_noindex":false,"robots_noarchive":false,"robots_nosnippet":false,"robots_nofollow":false,"robots_noimageindex":false,"robots_noodp":false,"robots_notranslate":false,"robots_max_snippet":"-1","robots_max_videopreview":"-1","robots_max_imagepreview":"large","priority":null,"frequency":"default","location":null,"local_seo":{"locations":{"business":{"name":"","businessType":"","image":"","areaServed":"","urls":{"website":"","aboutPage":"","contactPage":""},"address":{"streetLine1":"","streetLine2":"","zipCode":"","city":"","state":"","country":"","addressFormat":"#streetLineOne\n#streetLineTwo\n#city, #state #zipCode"},"contact":{"email":"","phone":"","phoneFormatted":"","fax":"","faxFormatted":""},"ids":{"vat":"","tax":"","chamberOfCommerce":""},"payment":{"priceRange":"","currenciesAccepted":"","methods":""}}},"openingHours":{"useDefaults":true,"show":true,"alwaysOpen":false,"use24hFormat":false,"timezone":"","labels":{"closed":"","alwaysOpen":""},"days":{"monday":{"open24h":false,"closed":false,"openTime":"09:00","closeTime":"17:00"},"tuesday":{"open24h":false,"closed":false,"openTime":"09:00","closeTime":"17:00"},"wednesday":{"open24h":false,"closed":false,"openTime":"09:00","closeTime":"17:00"},"thursday":{"open24h":false,"closed":false,"openTime":"09:00","closeTime":"17:00"},"friday":{"open24h":false,"closed":false,"openTime":"09:00","closeTime":"17:00"},"saturday":{"open24h":false,"closed":false,"openTime":"09:00","closeTime":"17:00"},"sunday":{"open24h":false,"closed":false,"openTime":"09:00","closeTime":"17:00"}}}},"seo_analyzer_scan_date":"2025-08-31 21:51:34","breadcrumb_settings":null,"limit_modified_date":false,"reviewed_by":null,"open_ai":null,"ai":null,"created":"2021-05-22 12:48:43","updated":"2025-08-31 21:51:34"},"aioseo_breadcrumb":"<div class=\"aioseo-breadcrumbs\"><span class=\"aioseo-breadcrumb\">\n\t<a href=\"https:\/\/candas365.es\/noticias\" title=\"Home\">Home<\/a>\n<\/span><span class=\"aioseo-breadcrumb-separator\">&ndash;<\/span><span class=\"aioseo-breadcrumb\">\n\t<a href=\"https:\/\/candas365.es\/noticias\/category\/noticias-carreno\/\" title=\"Noticias Carre\u00f1o\">Noticias Carre\u00f1o<\/a>\n<\/span><span class=\"aioseo-breadcrumb-separator\">&ndash;<\/span><span class=\"aioseo-breadcrumb\">\n\tPDM: Acuerdo entre gobierno local de Carre\u00f1o y sindicatos\n<\/span><\/div>","aioseo_breadcrumb_json":[{"label":"Home","link":"https:\/\/candas365.es\/noticias"},{"label":"Noticias Carre\u00f1o","link":"https:\/\/candas365.es\/noticias\/category\/noticias-carreno\/"},{"label":"PDM: Acuerdo entre gobierno local de Carre\u00f1o y sindicatos","link":"https:\/\/candas365.es\/noticias\/pdm-acuerdo-entre-gobierno-local-de-carreno-y-sindicatos\/"}],"_links":{"self":[{"href":"https:\/\/candas365.es\/noticias\/wp-json\/wp\/v2\/posts\/154898","targetHints":{"allow":["GET"]}}],"collection":[{"href":"https:\/\/candas365.es\/noticias\/wp-json\/wp\/v2\/posts"}],"about":[{"href":"https:\/\/candas365.es\/noticias\/wp-json\/wp\/v2\/types\/post"}],"author":[{"embeddable":true,"href":"https:\/\/candas365.es\/noticias\/wp-json\/wp\/v2\/users\/1"}],"replies":[{"embeddable":true,"href":"https:\/\/candas365.es\/noticias\/wp-json\/wp\/v2\/comments?post=154898"}],"version-history":[{"count":0,"href":"https:\/\/candas365.es\/noticias\/wp-json\/wp\/v2\/posts\/154898\/revisions"}],"wp:featuredmedia":[{"embeddable":true,"href":"https:\/\/candas365.es\/noticias\/wp-json\/wp\/v2\/media\/6453"}],"wp:attachment":[{"href":"https:\/\/candas365.es\/noticias\/wp-json\/wp\/v2\/media?parent=154898"}],"wp:term":[{"taxonomy":"category","embeddable":true,"href":"https:\/\/candas365.es\/noticias\/wp-json\/wp\/v2\/categories?post=154898"},{"taxonomy":"post_tag","embeddable":true,"href":"https:\/\/candas365.es\/noticias\/wp-json\/wp\/v2\/tags?post=154898"}],"curies":[{"name":"wp","href":"https:\/\/api.w.org\/{rel}","templated":true}]}}