{"id":154532,"date":"2021-05-11T22:58:21","date_gmt":"2021-05-11T22:58:21","guid":{"rendered":"http:\/\/candas365.es\/noticias\/?p=154532"},"modified":"2021-05-11T22:58:21","modified_gmt":"2021-05-11T22:58:21","slug":"actividades-en-asturias-para-celebrar-el-dia-de-los-museos","status":"publish","type":"post","link":"https:\/\/candas365.es\/noticias\/actividades-en-asturias-para-celebrar-el-dia-de-los-museos\/","title":{"rendered":"Actividades en Asturias para celebrar el D\u00eda de los Museos"},"content":{"rendered":"<p><img fetchpriority=\"high\" decoding=\"async\" class=\"alignleft size-medium wp-image-92505\" src=\"https:\/\/candas365.es\/noticias\/wp-content\/uploads\/2018\/03\/Centro-Tito-Bustillo-360x254.jpg\" alt=\"\" width=\"360\" height=\"254\" srcset=\"https:\/\/candas365.es\/noticias\/wp-content\/uploads\/2018\/03\/Centro-Tito-Bustillo-360x254.jpg 360w, https:\/\/candas365.es\/noticias\/wp-content\/uploads\/2018\/03\/Centro-Tito-Bustillo-100x70.jpg 100w, https:\/\/candas365.es\/noticias\/wp-content\/uploads\/2018\/03\/Centro-Tito-Bustillo-696x492.jpg 696w, https:\/\/candas365.es\/noticias\/wp-content\/uploads\/2018\/03\/Centro-Tito-Bustillo-1068x754.jpg 1068w, https:\/\/candas365.es\/noticias\/wp-content\/uploads\/2018\/03\/Centro-Tito-Bustillo-595x420.jpg 595w, https:\/\/candas365.es\/noticias\/wp-content\/uploads\/2018\/03\/Centro-Tito-Bustillo-768x542.jpg 768w, https:\/\/candas365.es\/noticias\/wp-content\/uploads\/2018\/03\/Centro-Tito-Bustillo-655x463.jpg 655w, https:\/\/candas365.es\/noticias\/wp-content\/uploads\/2018\/03\/Centro-Tito-Bustillo.jpg 1280w\" sizes=\"(max-width: 360px) 100vw, 360px\" \/>El Centro de Arte Rupestre de Tito Bustillo, el Centro de Recepci\u00f3n e Interpretaci\u00f3n del Prerrom\u00e1nico Asturiano, el Museo Etnogr\u00e1fico de Grandas de Salime \u201cPepe el Ferreiro\u201d, el Museo del Jur\u00e1sico de Asturias (MUJA) y el Parque de la Prehistoria de Teverga se suman al D\u00eda Internacional de los Museos con actividades para todos los p\u00fablicos. Estos equipamientos, dependientes de la Consejer\u00eda de Cultura, Pol\u00edtica Lling\u00fc\u00edstica y Turismo, est\u00e1n gestionados por la Sociedad P\u00fablica de Gesti\u00f3n Tur\u00edstica y Cultural del Principado de Asturias.<\/p>\n<p>Se puede consultar el detalle de la programaci\u00f3n en las webs respectivas, donde se comunicar\u00e1 puntualmente cualquier novedad.<\/p>\n<h3>Centro de Arte Rupestre Tito Bustillo<\/h3>\n<p>El 16 de mayo las entradas al Centro de Arte Rupestre, a la exposici\u00f3n temporal El arte que sali\u00f3 de las cavernas, a la Cueva de Tito Bustillo y a la Cuevona de Ardines y las actividades especiales ser\u00e1n gratuitas.<\/p>\n<p>La sala 6 del Centro se vuelve a abrir al p\u00fablico ampliando su oferta de actividades y juegos interactivos y los visitantes podr\u00e1n visitar el interior de las cuevas de Llon\u00edn, Loja, Pindal y el Buxu con las gafas de realidad virtual disponibles en el equipamiento riosellano. Adem\u00e1s, el domingo se realizar\u00e1n dos talleres: Peque\u00f1os artistas de la Prehistoria para el p\u00fablico infantil a las 12:00 horas y Brama, brama, \u00a1bramadera! para p\u00fablico familiar a las 16:00 horas.<\/p>\n<p>El d\u00eda 18 se ofrecer\u00e1 una visita guiada por la exposici\u00f3n permanente del Centro de Arte Rupestre a trav\u00e9s de Youtube, que se suma a la amplia variedad de recursos y actividades para acercarse a la Prehistoria disponibles en su web.<\/p>\n<h3>Centro de Recepci\u00f3n e Interpretaci\u00f3n del Prerrom\u00e1nico Asturiano<\/h3>\n<p>El Centro del Prerrom\u00e1nico Asturiano se sumar\u00e1 al D\u00eda de los Museos con distintas propuestas. El 15 de mayo, a las 12:00 horas, Hanna Stefaniak presentar\u00e1 su libro Aventuras en el Camino de las Estrellas, en el que relata las peripecias de cinco ni\u00f1os y adolescentes que, acompa\u00f1ados de sus familiares, realizan el Camino de Santiago.<\/p>\n<p>El 16 de mayo, a las 12:00 horas, se celebrar\u00e1 el taller infantil Construimos Santa Mar\u00eda de Naranco, con las plazas ya agotadas, y el d\u00eda 18 se realizar\u00e1 una presentaci\u00f3n virtual para adentrarse en los Monumentos del Naranco, que estar\u00e1 disponible en la web del Centro.<\/p>\n<h3>Museo Etnogr\u00e1fico de Grandas de Salime \u201cPepe el Ferreiro\u201d<\/h3>\n<p>Demostraciones de torner\u00eda y juegos tradicionales son las actividades singulares con las que el Museo Etnogr\u00e1fico de Grandas de Salime \u201cPepe el Ferreiro\u201d celebra la efem\u00e9ride. Adem\u00e1s, los d\u00edas 16 y 18 de mayo la entrada al Museo ser\u00e1 gratuita.<\/p>\n<p>Arturo Iglesias, el \u201ctorneiro\u201d del Museo, mostrar\u00e1 al p\u00fablico un oficio tradicional ya extinguido y recuperado en el centro muse\u00edstico, realizando en directo piezas para que el p\u00fablico pueda conocer el funcionamiento del torno de media vuelta y los recipientes que en \u00e9l se fabricaban. Para ello habr\u00e1 demostraciones los d\u00edas 15 de mayo, de 11:00 a 17:45 horas; el d\u00eda 16, de 11:00 a 14:45; y el 18 de mayo, de 10:30 a 16:45 horas.<\/p>\n<p>De la mano de la Asociaci\u00f3n de Amigos del Museo, el p\u00fablico adulto e infantil podr\u00e1 conocer los elementos y reglas del juego de la rana, la llave y la herradura y participar activamente en los mismos los d\u00edas 15 de mayo, de 12:00 a 14:00 y de 16:00 a 18:00 horas, y 16 de mayo, de 13:00 a 15:00 horas.<\/p>\n<h3>Museo del Jur\u00e1sico de Asturias<\/h3>\n<p>El 16 de mayo el MUJA celebra el D\u00eda de los Museos con entrada y actividades gratuitas que permiten conocer una de las muestras m\u00e1s completas y did\u00e1cticas del mundo sobre los dinosaurios y el Jur\u00e1sico Asturiano.<\/p>\n<p>El p\u00fablico familiar podr\u00e1 descifrar el mensaje de John Ostrom a las 11:00 y 15:30 horas a trav\u00e9s de un juego de pistas y a las 12:30 horas habr\u00e1 una visita a los laboratorios y litotecas del Museo con el equipo cient\u00edfico, actividades que ya han completado sus plazas. Adem\u00e1s el MUJA propone completar la visita a la exposici\u00f3n permanente con la ayuda del m\u00f3vil, ya sea con una audiogu\u00eda o con una autovisita guiada para todos los p\u00fablicos por el equipamiento, dos opciones gratuitas durante el 16 de mayo.<\/p>\n<p>Adem\u00e1s, el 18 de mayo el Museo ofrecer\u00e1 una visita a su interior a trav\u00e9s de su canal de Youtube, un recorrido para conocer los espacios m\u00e1s destacados de este edificio con forma de huella trid\u00e1ctila a trav\u00e9s de un v\u00eddeo.<\/p>\n<h3>Parque de la Prehistoria de Teverga<\/h3>\n<p>La entrada y actividades ser\u00e1n gratuitas en el Parque de la Prehistoria de Teverga el d\u00eda 16 de mayo. A las 12:00 horas se mostrar\u00e1 c\u00f3mo se iluminaban las paredes de las cuevas de la Prehistoria, a las 13:00 horas se har\u00e1 un repaso por las t\u00e9cnicas de caza y las herramientas que utilizaban nuestros antepasados y a las 16:00 horas se realizar\u00e1 una prehistovisita a los cercados de animales.<\/p>\n<p>Tambi\u00e9n se podr\u00e1 visitar de forma libre y gratuita la Galer\u00eda, la Cueva de Cuevas o la exposici\u00f3n temporal El primer Arte. La Dordo\u00f1a de Asturias.<\/p>\n<p>&nbsp;<\/p>\n","protected":false},"excerpt":{"rendered":"<p>El Centro de Arte Rupestre de Tito Bustillo, el Centro de Recepci\u00f3n e Interpretaci\u00f3n del Prerrom\u00e1nico Asturiano, el Museo Etnogr\u00e1fico de Grandas de Salime \u201cPepe el Ferreiro\u201d, el Museo del Jur\u00e1sico de Asturias (MUJA) y el Parque de la Prehistoria de Teverga se suman al D\u00eda Internacional de los Museos con actividades para todos los<\/p>\n","protected":false},"author":1,"featured_media":92505,"comment_status":"closed","ping_status":"closed","sticky":false,"template":"","format":"standard","meta":{"footnotes":""},"categories":[1],"tags":[],"class_list":{"0":"post-154532","1":"post","2":"type-post","3":"status-publish","4":"format-standard","5":"has-post-thumbnail","7":"category-agenda"},"aioseo_notices":[],"aioseo_head":"\n\t\t<!-- All in One SEO Pro 4.9.6.2 - aioseo.com -->\n\t<meta name=\"description\" content=\"El 16 de mayo el MUJA celebra el D\u00eda de los Museos con entrada y actividades gratuitas que permiten conocer una de las muestras m\u00e1s completas ..\" \/>\n\t<meta name=\"robots\" content=\"max-image-preview:large\" \/>\n\t<meta name=\"author\" content=\"Cand\u00e1s 365\"\/>\n\t<meta name=\"google-site-verification\" content=\"UA-32230408-1\" \/>\n\t<meta name=\"msvalidate.01\" content=\"354F3CDFB2DA171B47FBE9ABF1F88D5\" \/>\n\t<meta name=\"keywords\" content=\"agenda\" \/>\n\t<link rel=\"canonical\" href=\"https:\/\/candas365.es\/noticias\/actividades-en-asturias-para-celebrar-el-dia-de-los-museos\/\" \/>\n\t<meta name=\"generator\" content=\"All in One SEO Pro (AIOSEO) 4.9.6.2\" \/>\n\t\t<meta property=\"og:locale\" content=\"es_ES\" \/>\n\t\t<meta property=\"og:site_name\" content=\"Cand\u00e1s 365\" \/>\n\t\t<meta property=\"og:type\" content=\"article\" \/>\n\t\t<meta property=\"og:title\" content=\"Actividades en Asturias para celebrar el D\u00eda de los Museos | Cand\u00e1s 365\" \/>\n\t\t<meta property=\"og:description\" content=\"El 16 de mayo el MUJA celebra el D\u00eda de los Museos con entrada y actividades gratuitas que permiten conocer una de las muestras m\u00e1s completas ..\" \/>\n\t\t<meta property=\"og:url\" content=\"https:\/\/candas365.es\/noticias\/actividades-en-asturias-para-celebrar-el-dia-de-los-museos\/\" \/>\n\t\t<meta property=\"og:image\" content=\"https:\/\/candas365.es\/noticias\/wp-content\/uploads\/2018\/03\/Centro-Tito-Bustillo.jpg\" \/>\n\t\t<meta property=\"og:image:secure_url\" content=\"https:\/\/candas365.es\/noticias\/wp-content\/uploads\/2018\/03\/Centro-Tito-Bustillo.jpg\" \/>\n\t\t<meta property=\"og:image:width\" content=\"1280\" \/>\n\t\t<meta property=\"og:image:height\" content=\"904\" \/>\n\t\t<meta property=\"article:published_time\" content=\"2021-05-11T22:58:21+00:00\" \/>\n\t\t<meta property=\"article:modified_time\" content=\"2021-05-11T22:58:21+00:00\" \/>\n\t\t<meta property=\"article:publisher\" content=\"https:\/\/www.facebook.com\/Nachofdezber\" \/>\n\t\t<meta property=\"article:author\" content=\"https:\/\/www.facebook.com\/carrenoactualidad\" \/>\n\t\t<meta name=\"twitter:card\" content=\"summary_large_image\" \/>\n\t\t<meta name=\"twitter:site\" content=\"@NabercoDigital\" \/>\n\t\t<meta name=\"twitter:title\" content=\"Actividades en Asturias para celebrar el D\u00eda de los Museos | Cand\u00e1s 365\" \/>\n\t\t<meta name=\"twitter:description\" content=\"El 16 de mayo el MUJA celebra el D\u00eda de los Museos con entrada y actividades gratuitas que permiten conocer una de las muestras m\u00e1s completas ..\" \/>\n\t\t<meta name=\"twitter:creator\" content=\"@nbasturias\" \/>\n\t\t<meta name=\"twitter:image\" content=\"https:\/\/candas365.es\/noticias\/wp-content\/uploads\/2018\/03\/Centro-Tito-Bustillo.jpg\" \/>\n\t\t<meta name=\"twitter:label1\" content=\"Escrito por\" \/>\n\t\t<meta name=\"twitter:data1\" content=\"Cand\u00e1s 365\" \/>\n\t\t<meta name=\"twitter:label2\" content=\"Tiempo de lectura estimado\" \/>\n\t\t<meta name=\"twitter:data2\" content=\"4 minutos\" \/>\n\t\t<script type=\"application\/ld+json\" class=\"aioseo-schema\">\n\t\t\t{\"@context\":\"https:\\\/\\\/schema.org\",\"@graph\":[{\"@type\":\"BreadcrumbList\",\"@id\":\"https:\\\/\\\/candas365.es\\\/noticias\\\/actividades-en-asturias-para-celebrar-el-dia-de-los-museos\\\/#breadcrumblist\",\"itemListElement\":[{\"@type\":\"ListItem\",\"@id\":\"https:\\\/\\\/candas365.es\\\/noticias#listItem\",\"position\":1,\"name\":\"Home\",\"item\":\"https:\\\/\\\/candas365.es\\\/noticias\",\"nextItem\":{\"@type\":\"ListItem\",\"@id\":\"https:\\\/\\\/candas365.es\\\/noticias\\\/category\\\/agenda\\\/#listItem\",\"name\":\"Agenda\"}},{\"@type\":\"ListItem\",\"@id\":\"https:\\\/\\\/candas365.es\\\/noticias\\\/category\\\/agenda\\\/#listItem\",\"position\":2,\"name\":\"Agenda\",\"item\":\"https:\\\/\\\/candas365.es\\\/noticias\\\/category\\\/agenda\\\/\",\"nextItem\":{\"@type\":\"ListItem\",\"@id\":\"https:\\\/\\\/candas365.es\\\/noticias\\\/actividades-en-asturias-para-celebrar-el-dia-de-los-museos\\\/#listItem\",\"name\":\"Actividades en Asturias para celebrar el D\\u00eda de los Museos\"},\"previousItem\":{\"@type\":\"ListItem\",\"@id\":\"https:\\\/\\\/candas365.es\\\/noticias#listItem\",\"name\":\"Home\"}},{\"@type\":\"ListItem\",\"@id\":\"https:\\\/\\\/candas365.es\\\/noticias\\\/actividades-en-asturias-para-celebrar-el-dia-de-los-museos\\\/#listItem\",\"position\":3,\"name\":\"Actividades en Asturias para celebrar el D\\u00eda de los Museos\",\"previousItem\":{\"@type\":\"ListItem\",\"@id\":\"https:\\\/\\\/candas365.es\\\/noticias\\\/category\\\/agenda\\\/#listItem\",\"name\":\"Agenda\"}}]},{\"@type\":\"NewsArticle\",\"@id\":\"https:\\\/\\\/candas365.es\\\/noticias\\\/actividades-en-asturias-para-celebrar-el-dia-de-los-museos\\\/#newsarticle\",\"name\":\"Actividades en Asturias para celebrar el D\\u00eda de los Museos | Cand\\u00e1s 365\",\"headline\":\"Actividades en Asturias para celebrar el D\\u00eda de los Museos\",\"author\":{\"@id\":\"https:\\\/\\\/candas365.es\\\/noticias\\\/author\\\/admin\\\/#author\"},\"publisher\":{\"@id\":\"https:\\\/\\\/candas365.es\\\/noticias\\\/#organization\"},\"image\":{\"@type\":\"ImageObject\",\"url\":\"https:\\\/\\\/candas365.es\\\/noticias\\\/wp-content\\\/uploads\\\/2018\\\/03\\\/Centro-Tito-Bustillo.jpg\",\"width\":1280,\"height\":904},\"datePublished\":\"2021-05-11T22:58:21+02:00\",\"dateModified\":\"2021-05-11T22:58:21+02:00\",\"inLanguage\":\"es-ES\",\"mainEntityOfPage\":{\"@id\":\"https:\\\/\\\/candas365.es\\\/noticias\\\/actividades-en-asturias-para-celebrar-el-dia-de-los-museos\\\/#webpage\"},\"isPartOf\":{\"@id\":\"https:\\\/\\\/candas365.es\\\/noticias\\\/actividades-en-asturias-para-celebrar-el-dia-de-los-museos\\\/#webpage\"},\"articleSection\":\"Agenda\",\"dateline\":\"Publicado el mayo 11, 2021.\"},{\"@type\":\"Organization\",\"@id\":\"https:\\\/\\\/candas365.es\\\/noticias\\\/#organization\",\"name\":\"Cand\\u00e1s 365\",\"description\":\"Cand\\u00e1s 365 es un diario digital independiente, fundado en 2012, con base en Asturias. Informamos con rigor sobre actualidad, sociedad, cultura y ocio, con una mirada local y global.\",\"url\":\"https:\\\/\\\/candas365.es\\\/noticias\\\/\",\"email\":\"info@candas365.es\",\"telephone\":\"+34652131393\",\"foundingDate\":\"2012-06-10\",\"logo\":{\"@type\":\"ImageObject\",\"url\":\"https:\\\/\\\/candas365.es\\\/noticias\\\/wp-content\\\/uploads\\\/2024\\\/09\\\/Candas-365-Redes.jpg\",\"@id\":\"https:\\\/\\\/candas365.es\\\/noticias\\\/actividades-en-asturias-para-celebrar-el-dia-de-los-museos\\\/#organizationLogo\",\"width\":1152,\"height\":864,\"caption\":\"Cand\\u00e1s 365 Redes\"},\"image\":{\"@id\":\"https:\\\/\\\/candas365.es\\\/noticias\\\/actividades-en-asturias-para-celebrar-el-dia-de-los-museos\\\/#organizationLogo\"},\"sameAs\":[\"https:\\\/\\\/www.facebook.com\\\/Nachofdezber\",\"https:\\\/\\\/x.com\\\/NabercoDigital\",\"https:\\\/\\\/www.instagram.com\\\/nachofdezber\\\/\",\"https:\\\/\\\/www.youtube.com\\\/channel\\\/UCZP-2wLEB9Rv6erhFmqVnvg\"],\"address\":{\"@id\":\"https:\\\/\\\/candas365.es\\\/noticias\\\/#postaladdress\",\"@type\":\"PostalAddress\",\"streetAddress\":\"san antonio 4, san antonio 4\",\"postalCode\":\"33430\",\"addressLocality\":\"Cand\\u00e1s\",\"addressRegion\":\"Asturias\",\"addressCountry\":\"ES\"}},{\"@type\":\"Person\",\"@id\":\"https:\\\/\\\/candas365.es\\\/noticias\\\/author\\\/admin\\\/#author\",\"url\":\"https:\\\/\\\/candas365.es\\\/noticias\\\/author\\\/admin\\\/\",\"name\":\"Cand\\u00e1s 365\",\"image\":{\"@type\":\"ImageObject\",\"@id\":\"https:\\\/\\\/candas365.es\\\/noticias\\\/actividades-en-asturias-para-celebrar-el-dia-de-los-museos\\\/#authorImage\",\"url\":\"https:\\\/\\\/secure.gravatar.com\\\/avatar\\\/496a8e03d0c493ede1718b7934145dbdf8d89be1036b0eec9544e1094c9de390?s=96&d=mm&r=g\",\"width\":96,\"height\":96,\"caption\":\"Cand\\u00e1s 365\"},\"sameAs\":[\"https:\\\/\\\/www.facebook.com\\\/carrenoactualidad\",\"https:\\\/\\\/twitter.com\\\/nbasturias\",\"https:\\\/\\\/www.instagram.com\\\/nachofdezber\\\/\",\"https:\\\/\\\/www.youtube.com\\\/channel\\\/UCZP-2wLEB9Rv6erhFmqVnvg\"]},{\"@type\":\"WebPage\",\"@id\":\"https:\\\/\\\/candas365.es\\\/noticias\\\/actividades-en-asturias-para-celebrar-el-dia-de-los-museos\\\/#webpage\",\"url\":\"https:\\\/\\\/candas365.es\\\/noticias\\\/actividades-en-asturias-para-celebrar-el-dia-de-los-museos\\\/\",\"name\":\"Actividades en Asturias para celebrar el D\\u00eda de los Museos | Cand\\u00e1s 365\",\"description\":\"El 16 de mayo el MUJA celebra el D\\u00eda de los Museos con entrada y actividades gratuitas que permiten conocer una de las muestras m\\u00e1s completas ..\",\"inLanguage\":\"es-ES\",\"isPartOf\":{\"@id\":\"https:\\\/\\\/candas365.es\\\/noticias\\\/#website\"},\"breadcrumb\":{\"@id\":\"https:\\\/\\\/candas365.es\\\/noticias\\\/actividades-en-asturias-para-celebrar-el-dia-de-los-museos\\\/#breadcrumblist\"},\"author\":{\"@id\":\"https:\\\/\\\/candas365.es\\\/noticias\\\/author\\\/admin\\\/#author\"},\"creator\":{\"@id\":\"https:\\\/\\\/candas365.es\\\/noticias\\\/author\\\/admin\\\/#author\"},\"image\":{\"@type\":\"ImageObject\",\"url\":\"https:\\\/\\\/candas365.es\\\/noticias\\\/wp-content\\\/uploads\\\/2018\\\/03\\\/Centro-Tito-Bustillo.jpg\",\"@id\":\"https:\\\/\\\/candas365.es\\\/noticias\\\/actividades-en-asturias-para-celebrar-el-dia-de-los-museos\\\/#mainImage\",\"width\":1280,\"height\":904},\"primaryImageOfPage\":{\"@id\":\"https:\\\/\\\/candas365.es\\\/noticias\\\/actividades-en-asturias-para-celebrar-el-dia-de-los-museos\\\/#mainImage\"},\"datePublished\":\"2021-05-11T22:58:21+02:00\",\"dateModified\":\"2021-05-11T22:58:21+02:00\"},{\"@type\":\"WebSite\",\"@id\":\"https:\\\/\\\/candas365.es\\\/noticias\\\/#website\",\"url\":\"https:\\\/\\\/candas365.es\\\/noticias\\\/\",\"name\":\"Cand\\u00e1s 365\",\"alternateName\":\"Cand\\u00e1s 365 Noticias\",\"description\":\"Actualidad desde Carre\\u00f1o para el mundo\",\"inLanguage\":\"es-ES\",\"publisher\":{\"@id\":\"https:\\\/\\\/candas365.es\\\/noticias\\\/#organization\"}}]}\n\t\t<\/script>\n\t\t<!-- All in One SEO Pro -->\r\n\t\t<title>Actividades en Asturias para celebrar el D\u00eda de los Museos | Cand\u00e1s 365<\/title>\n\n","aioseo_head_json":{"title":"Actividades en Asturias para celebrar el D\u00eda de los Museos | Cand\u00e1s 365","description":"El 16 de mayo el MUJA celebra el D\u00eda de los Museos con entrada y actividades gratuitas que permiten conocer una de las muestras m\u00e1s completas ..","canonical_url":"https:\/\/candas365.es\/noticias\/actividades-en-asturias-para-celebrar-el-dia-de-los-museos\/","robots":"max-image-preview:large","keywords":"agenda","webmasterTools":{"google-site-verification":"UA-32230408-1","msvalidate.01":"354F3CDFB2DA171B47FBE9ABF1F88D5","miscellaneous":""},"schema":{"@context":"https:\/\/schema.org","@graph":[{"@type":"BreadcrumbList","@id":"https:\/\/candas365.es\/noticias\/actividades-en-asturias-para-celebrar-el-dia-de-los-museos\/#breadcrumblist","itemListElement":[{"@type":"ListItem","@id":"https:\/\/candas365.es\/noticias#listItem","position":1,"name":"Home","item":"https:\/\/candas365.es\/noticias","nextItem":{"@type":"ListItem","@id":"https:\/\/candas365.es\/noticias\/category\/agenda\/#listItem","name":"Agenda"}},{"@type":"ListItem","@id":"https:\/\/candas365.es\/noticias\/category\/agenda\/#listItem","position":2,"name":"Agenda","item":"https:\/\/candas365.es\/noticias\/category\/agenda\/","nextItem":{"@type":"ListItem","@id":"https:\/\/candas365.es\/noticias\/actividades-en-asturias-para-celebrar-el-dia-de-los-museos\/#listItem","name":"Actividades en Asturias para celebrar el D\u00eda de los Museos"},"previousItem":{"@type":"ListItem","@id":"https:\/\/candas365.es\/noticias#listItem","name":"Home"}},{"@type":"ListItem","@id":"https:\/\/candas365.es\/noticias\/actividades-en-asturias-para-celebrar-el-dia-de-los-museos\/#listItem","position":3,"name":"Actividades en Asturias para celebrar el D\u00eda de los Museos","previousItem":{"@type":"ListItem","@id":"https:\/\/candas365.es\/noticias\/category\/agenda\/#listItem","name":"Agenda"}}]},{"@type":"NewsArticle","@id":"https:\/\/candas365.es\/noticias\/actividades-en-asturias-para-celebrar-el-dia-de-los-museos\/#newsarticle","name":"Actividades en Asturias para celebrar el D\u00eda de los Museos | Cand\u00e1s 365","headline":"Actividades en Asturias para celebrar el D\u00eda de los Museos","author":{"@id":"https:\/\/candas365.es\/noticias\/author\/admin\/#author"},"publisher":{"@id":"https:\/\/candas365.es\/noticias\/#organization"},"image":{"@type":"ImageObject","url":"https:\/\/candas365.es\/noticias\/wp-content\/uploads\/2018\/03\/Centro-Tito-Bustillo.jpg","width":1280,"height":904},"datePublished":"2021-05-11T22:58:21+02:00","dateModified":"2021-05-11T22:58:21+02:00","inLanguage":"es-ES","mainEntityOfPage":{"@id":"https:\/\/candas365.es\/noticias\/actividades-en-asturias-para-celebrar-el-dia-de-los-museos\/#webpage"},"isPartOf":{"@id":"https:\/\/candas365.es\/noticias\/actividades-en-asturias-para-celebrar-el-dia-de-los-museos\/#webpage"},"articleSection":"Agenda","dateline":"Publicado el mayo 11, 2021."},{"@type":"Organization","@id":"https:\/\/candas365.es\/noticias\/#organization","name":"Cand\u00e1s 365","description":"Cand\u00e1s 365 es un diario digital independiente, fundado en 2012, con base en Asturias. Informamos con rigor sobre actualidad, sociedad, cultura y ocio, con una mirada local y global.","url":"https:\/\/candas365.es\/noticias\/","email":"info@candas365.es","telephone":"+34652131393","foundingDate":"2012-06-10","logo":{"@type":"ImageObject","url":"https:\/\/candas365.es\/noticias\/wp-content\/uploads\/2024\/09\/Candas-365-Redes.jpg","@id":"https:\/\/candas365.es\/noticias\/actividades-en-asturias-para-celebrar-el-dia-de-los-museos\/#organizationLogo","width":1152,"height":864,"caption":"Cand\u00e1s 365 Redes"},"image":{"@id":"https:\/\/candas365.es\/noticias\/actividades-en-asturias-para-celebrar-el-dia-de-los-museos\/#organizationLogo"},"sameAs":["https:\/\/www.facebook.com\/Nachofdezber","https:\/\/x.com\/NabercoDigital","https:\/\/www.instagram.com\/nachofdezber\/","https:\/\/www.youtube.com\/channel\/UCZP-2wLEB9Rv6erhFmqVnvg"],"address":{"@id":"https:\/\/candas365.es\/noticias\/#postaladdress","@type":"PostalAddress","streetAddress":"san antonio 4, san antonio 4","postalCode":"33430","addressLocality":"Cand\u00e1s","addressRegion":"Asturias","addressCountry":"ES"}},{"@type":"Person","@id":"https:\/\/candas365.es\/noticias\/author\/admin\/#author","url":"https:\/\/candas365.es\/noticias\/author\/admin\/","name":"Cand\u00e1s 365","image":{"@type":"ImageObject","@id":"https:\/\/candas365.es\/noticias\/actividades-en-asturias-para-celebrar-el-dia-de-los-museos\/#authorImage","url":"https:\/\/secure.gravatar.com\/avatar\/496a8e03d0c493ede1718b7934145dbdf8d89be1036b0eec9544e1094c9de390?s=96&d=mm&r=g","width":96,"height":96,"caption":"Cand\u00e1s 365"},"sameAs":["https:\/\/www.facebook.com\/carrenoactualidad","https:\/\/twitter.com\/nbasturias","https:\/\/www.instagram.com\/nachofdezber\/","https:\/\/www.youtube.com\/channel\/UCZP-2wLEB9Rv6erhFmqVnvg"]},{"@type":"WebPage","@id":"https:\/\/candas365.es\/noticias\/actividades-en-asturias-para-celebrar-el-dia-de-los-museos\/#webpage","url":"https:\/\/candas365.es\/noticias\/actividades-en-asturias-para-celebrar-el-dia-de-los-museos\/","name":"Actividades en Asturias para celebrar el D\u00eda de los Museos | Cand\u00e1s 365","description":"El 16 de mayo el MUJA celebra el D\u00eda de los Museos con entrada y actividades gratuitas que permiten conocer una de las muestras m\u00e1s completas ..","inLanguage":"es-ES","isPartOf":{"@id":"https:\/\/candas365.es\/noticias\/#website"},"breadcrumb":{"@id":"https:\/\/candas365.es\/noticias\/actividades-en-asturias-para-celebrar-el-dia-de-los-museos\/#breadcrumblist"},"author":{"@id":"https:\/\/candas365.es\/noticias\/author\/admin\/#author"},"creator":{"@id":"https:\/\/candas365.es\/noticias\/author\/admin\/#author"},"image":{"@type":"ImageObject","url":"https:\/\/candas365.es\/noticias\/wp-content\/uploads\/2018\/03\/Centro-Tito-Bustillo.jpg","@id":"https:\/\/candas365.es\/noticias\/actividades-en-asturias-para-celebrar-el-dia-de-los-museos\/#mainImage","width":1280,"height":904},"primaryImageOfPage":{"@id":"https:\/\/candas365.es\/noticias\/actividades-en-asturias-para-celebrar-el-dia-de-los-museos\/#mainImage"},"datePublished":"2021-05-11T22:58:21+02:00","dateModified":"2021-05-11T22:58:21+02:00"},{"@type":"WebSite","@id":"https:\/\/candas365.es\/noticias\/#website","url":"https:\/\/candas365.es\/noticias\/","name":"Cand\u00e1s 365","alternateName":"Cand\u00e1s 365 Noticias","description":"Actualidad desde Carre\u00f1o para el mundo","inLanguage":"es-ES","publisher":{"@id":"https:\/\/candas365.es\/noticias\/#organization"}}]},"og:locale":"es_ES","og:site_name":"Cand\u00e1s 365","og:type":"article","og:title":"Actividades en Asturias para celebrar el D\u00eda de los Museos | Cand\u00e1s 365","og:description":"El 16 de mayo el MUJA celebra el D\u00eda de los Museos con entrada y actividades gratuitas que permiten conocer una de las muestras m\u00e1s completas ..","og:url":"https:\/\/candas365.es\/noticias\/actividades-en-asturias-para-celebrar-el-dia-de-los-museos\/","og:image":"https:\/\/candas365.es\/noticias\/wp-content\/uploads\/2018\/03\/Centro-Tito-Bustillo.jpg","og:image:secure_url":"https:\/\/candas365.es\/noticias\/wp-content\/uploads\/2018\/03\/Centro-Tito-Bustillo.jpg","og:image:width":1280,"og:image:height":904,"article:published_time":"2021-05-11T22:58:21+00:00","article:modified_time":"2021-05-11T22:58:21+00:00","article:publisher":"https:\/\/www.facebook.com\/Nachofdezber","article:author":"https:\/\/www.facebook.com\/carrenoactualidad","twitter:card":"summary_large_image","twitter:site":"@NabercoDigital","twitter:title":"Actividades en Asturias para celebrar el D\u00eda de los Museos | Cand\u00e1s 365","twitter:description":"El 16 de mayo el MUJA celebra el D\u00eda de los Museos con entrada y actividades gratuitas que permiten conocer una de las muestras m\u00e1s completas ..","twitter:creator":"@nbasturias","twitter:image":"https:\/\/candas365.es\/noticias\/wp-content\/uploads\/2018\/03\/Centro-Tito-Bustillo.jpg","twitter:label1":"Escrito por","twitter:data1":"Cand\u00e1s 365","twitter:label2":"Tiempo de lectura estimado","twitter:data2":"4 minutos"},"aioseo_meta_data":{"post_id":"154532","title":null,"description":"El 16 de mayo el MUJA celebra el D\u00eda de los Museos con entrada y actividades gratuitas que permiten conocer una de las muestras m\u00e1s completas&nbsp;..","keywords":[],"keyphrases":{"focus":[],"additional":[]},"primary_term":null,"canonical_url":null,"og_title":null,"og_description":null,"og_object_type":"default","og_image_type":"default","og_image_url":null,"og_image_width":null,"og_image_height":null,"og_image_custom_url":null,"og_image_custom_fields":null,"og_video":"","og_custom_url":null,"og_article_section":null,"og_article_tags":[],"twitter_use_og":false,"twitter_card":"default","twitter_image_type":"default","twitter_image_url":null,"twitter_image_custom_url":null,"twitter_image_custom_fields":null,"twitter_title":null,"twitter_description":null,"schema":{"blockGraphs":[],"customGraphs":[],"default":{"data":{"Article":[],"Course":[],"Dataset":[],"FAQPage":[],"Movie":[],"Person":[],"Product":[],"ProductReview":[],"Car":[],"Recipe":[],"Service":[],"SoftwareApplication":[],"WebPage":[]},"graphName":"","isEnabled":true},"graphs":[],"defaultGraph":"Article","defaultPostTypeGraph":""},"schema_type":"default","schema_type_options":"{\"article\":{\"articleType\":\"BlogPosting\"},\"course\":{\"name\":\"\",\"description\":\"\",\"provider\":\"\"},\"faq\":{\"pages\":[]},\"product\":{\"reviews\":[]},\"recipe\":{\"ingredients\":[],\"instructions\":[],\"keywords\":[]},\"software\":{\"reviews\":[],\"operatingSystems\":[]},\"webPage\":{\"webPageType\":\"WebPage\"}}","pillar_content":false,"robots_default":true,"robots_noindex":false,"robots_noarchive":false,"robots_nosnippet":false,"robots_nofollow":false,"robots_noimageindex":false,"robots_noodp":false,"robots_notranslate":false,"robots_max_snippet":"-1","robots_max_videopreview":"-1","robots_max_imagepreview":"large","priority":null,"frequency":"default","location":null,"local_seo":{"locations":{"business":{"name":"","businessType":"","image":"","areaServed":"","urls":{"website":"","aboutPage":"","contactPage":""},"address":{"streetLine1":"","streetLine2":"","zipCode":"","city":"","state":"","country":"","addressFormat":"#streetLineOne\n#streetLineTwo\n#city, #state #zipCode"},"contact":{"phone":"","email":"","fax":""},"ids":{"vat":"","tax":"","chamberOfCommerce":""},"payment":{"priceRange":"","currenciesAccepted":"","methods":""}}},"openingHours":{"useDefaults":true,"show":true,"alwaysOpen":false,"use24hFormat":false,"timezone":"","labels":{"closed":"","alwaysOpen":""},"days":{"monday":{"open24h":false,"closed":false,"openTime":"09:00","closeTime":"17:00"},"tuesday":{"open24h":false,"closed":false,"openTime":"09:00","closeTime":"17:00"},"wednesday":{"open24h":false,"closed":false,"openTime":"09:00","closeTime":"17:00"},"thursday":{"open24h":false,"closed":false,"openTime":"09:00","closeTime":"17:00"},"friday":{"open24h":false,"closed":false,"openTime":"09:00","closeTime":"17:00"},"saturday":{"open24h":false,"closed":false,"openTime":"09:00","closeTime":"17:00"},"sunday":{"open24h":false,"closed":false,"openTime":"09:00","closeTime":"17:00"}}}},"seo_analyzer_scan_date":"2025-08-31 21:24:16","breadcrumb_settings":null,"limit_modified_date":false,"reviewed_by":null,"open_ai":null,"ai":null,"created":"2021-05-11 17:39:35","updated":"2025-08-31 21:24:16"},"aioseo_breadcrumb":"<div class=\"aioseo-breadcrumbs\"><span class=\"aioseo-breadcrumb\">\n\t<a href=\"https:\/\/candas365.es\/noticias\" title=\"Home\">Home<\/a>\n<\/span><span class=\"aioseo-breadcrumb-separator\">&ndash;<\/span><span class=\"aioseo-breadcrumb\">\n\t<a href=\"https:\/\/candas365.es\/noticias\/category\/agenda\/\" title=\"Agenda\">Agenda<\/a>\n<\/span><span class=\"aioseo-breadcrumb-separator\">&ndash;<\/span><span class=\"aioseo-breadcrumb\">\n\tActividades en Asturias para celebrar el D\u00eda de los Museos\n<\/span><\/div>","aioseo_breadcrumb_json":[{"label":"Home","link":"https:\/\/candas365.es\/noticias"},{"label":"Agenda","link":"https:\/\/candas365.es\/noticias\/category\/agenda\/"},{"label":"Actividades en Asturias para celebrar el D\u00eda de los Museos","link":"https:\/\/candas365.es\/noticias\/actividades-en-asturias-para-celebrar-el-dia-de-los-museos\/"}],"_links":{"self":[{"href":"https:\/\/candas365.es\/noticias\/wp-json\/wp\/v2\/posts\/154532","targetHints":{"allow":["GET"]}}],"collection":[{"href":"https:\/\/candas365.es\/noticias\/wp-json\/wp\/v2\/posts"}],"about":[{"href":"https:\/\/candas365.es\/noticias\/wp-json\/wp\/v2\/types\/post"}],"author":[{"embeddable":true,"href":"https:\/\/candas365.es\/noticias\/wp-json\/wp\/v2\/users\/1"}],"replies":[{"embeddable":true,"href":"https:\/\/candas365.es\/noticias\/wp-json\/wp\/v2\/comments?post=154532"}],"version-history":[{"count":0,"href":"https:\/\/candas365.es\/noticias\/wp-json\/wp\/v2\/posts\/154532\/revisions"}],"wp:featuredmedia":[{"embeddable":true,"href":"https:\/\/candas365.es\/noticias\/wp-json\/wp\/v2\/media\/92505"}],"wp:attachment":[{"href":"https:\/\/candas365.es\/noticias\/wp-json\/wp\/v2\/media?parent=154532"}],"wp:term":[{"taxonomy":"category","embeddable":true,"href":"https:\/\/candas365.es\/noticias\/wp-json\/wp\/v2\/categories?post=154532"},{"taxonomy":"post_tag","embeddable":true,"href":"https:\/\/candas365.es\/noticias\/wp-json\/wp\/v2\/tags?post=154532"}],"curies":[{"name":"wp","href":"https:\/\/api.w.org\/{rel}","templated":true}]}}