{"id":154460,"date":"2021-05-09T12:00:13","date_gmt":"2021-05-09T12:00:13","guid":{"rendered":"http:\/\/candas365.es\/noticias\/?p=154460"},"modified":"2021-05-09T12:00:13","modified_gmt":"2021-05-09T12:00:13","slug":"amelia-fernandez-la-universidad-de-oviedo-es-un-socio-importante-para-carreno","status":"publish","type":"post","link":"https:\/\/candas365.es\/noticias\/amelia-fernandez-la-universidad-de-oviedo-es-un-socio-importante-para-carreno\/","title":{"rendered":"Amelia Fern\u00e1ndez: \u00abLa Universidad de Oviedo es un socio importante para Carre\u00f1o\u201d"},"content":{"rendered":"<figure id=\"attachment_154461\" aria-describedby=\"caption-attachment-154461\" style=\"width: 360px\" class=\"wp-caption alignleft\"><img fetchpriority=\"high\" decoding=\"async\" class=\"size-medium wp-image-154461\" src=\"https:\/\/candas365.es\/noticias\/wp-content\/uploads\/2021\/05\/Reunion-Carreno-UniOvi-360x221.jpg\" alt=\"Reuni\u00f3n Carre\u00f1o UniOvi\" width=\"360\" height=\"221\" srcset=\"https:\/\/candas365.es\/noticias\/wp-content\/uploads\/2021\/05\/Reunion-Carreno-UniOvi-360x221.jpg 360w, https:\/\/candas365.es\/noticias\/wp-content\/uploads\/2021\/05\/Reunion-Carreno-UniOvi-650x400.jpg 650w, https:\/\/candas365.es\/noticias\/wp-content\/uploads\/2021\/05\/Reunion-Carreno-UniOvi-768x472.jpg 768w, https:\/\/candas365.es\/noticias\/wp-content\/uploads\/2021\/05\/Reunion-Carreno-UniOvi.jpg 979w\" sizes=\"(max-width: 360px) 100vw, 360px\" \/><figcaption id=\"caption-attachment-154461\" class=\"wp-caption-text\">Foto: Ayuntamiento de Carre\u00f1o<\/figcaption><\/figure>\n<p>Carmen Adams Fern\u00e1ndez, Vicerrectora de Extensi\u00f3n Universitaria y Cultura de la Universidad de Oviedo, Jos\u00e9 Antonio G\u00f3mez Rodr\u00edguez, Director del \u00c1rea de Cultura de la Universidad de Oviedo y Zulima Fern\u00e1ndez Mu\u00f1iz, Directora del \u00c1rea de Extensi\u00f3n Universitaria de la Universidad de Oviedo se desplazaron a Cand\u00e1s para mantener en el Ayuntamiento una primera reuni\u00f3n de trabajo con Amelia Fern\u00e1ndez L\u00f3pez, Alcaldesa de Carre\u00f1o.<\/p>\n<p>El nuevo equipo rector traslad\u00f3 el inter\u00e9s y disposici\u00f3n que tienen para la uni\u00f3n y la coordinaci\u00f3n de las dos instituciones a fin de sumar esfuerzos para establecer caminos de actuaci\u00f3n que favorezcan e incrementen el beneficio mutuo. Ambas instituciones tienen objetivos comunes y\/o complementarios en \u00e1reas, como las de formaci\u00f3n, patrimonio industrial ( ferroviario y conservero) y etnogr\u00e1fico, empleo, diversidad e inclusi\u00f3n socioeducativa y laboral, desarrollo tecnol\u00f3gico y gesti\u00f3n inteligente de servicios p\u00fablicos, memoria democr\u00e1tica, habilitabilidad y envejecimiento activo, y que, por tanto, la colaboraci\u00f3n permitir\u00e1 aprovechar al m\u00e1ximo sus potenciales.<\/p>\n<p>\u201cSobre la base de todo lo que trabajamos en este primer encuentro, se abre un amplio espectro de posibilidades de colaboraci\u00f3n, por lo cual, vemos oportuno seguir profundizando en las l\u00edneas de cooperaci\u00f3n iniciadas y suscribir, si es preciso, un protocolo que permita un aprovechamiento de los recursos m\u00e1s \u00f3ptimo y una cooperaci\u00f3n continuada y activa en el desarrollo de todos estos temas de inter\u00e9s com\u00fan\u201d \u2013 se\u00f1al\u00f3 Amelia Fern\u00e1ndez.<\/p>\n<p>\u201cEl apoyo en el conocimiento es clave para la gesti\u00f3n de Carre\u00f1o. Avanzar en el impulso de la relaci\u00f3n universidad-concejo y aprovechar los conocimientos y experiencias existentes en favor de la sociedad en su conjunto es nuestro objetivo\u201d \u2013 detall\u00f3 Fern\u00e1ndez.<\/p>\n<p>\u201cQueremos lograr que en Cand\u00e1s este verano ya se desarrollen actividades culturales en nuestros equipamientos o acad\u00e9micas como son los Cursos de Verano y de extensi\u00f3n universitaria\u201d &#8211; avanz\u00f3 la Alcaldesa.<\/p>\n<p>\u00abLa Universidad de Oviedo es un socio importante para Carre\u00f1o. Esperamos que estas primeras iniciativas sean el punto de partida para establecer nuevas colaboraciones y apoyos mutuos en el desarrollo y la innovaci\u00f3n empresarial del concejo\u00bb \u2013 prosigui\u00f3 la regidora.<\/p>\n<p>\u201cBarajamos redefinir para 2022 el programa de becas que el Ayuntamiento tiene en marcha para facilitar las pr\u00e1cticas en empresas a estudiantes del \u00faltimo curso para llegar a m\u00e1s universitarios y mejorar los resultados actuales. La retenci\u00f3n e incorporaci\u00f3n de talento universitario en empresas del municipio carre\u00f1ense a trav\u00e9s de un posible programa de pr\u00e1cticas remuneradas para estudiantes de Carre\u00f1o en esta universidad que ser\u00e1n espec\u00edficamente seleccionados seg\u00fan la demanda de las empresas y a los que se les impartir\u00e1 previamente un taller de orientaci\u00f3n laboral y actitud en el trabajo\u201d \u2013 detall\u00f3 Fern\u00e1ndez.<\/p>\n<p>Otras \u00e1reas de colaboraci\u00f3n para las que la alcaldesa pidi\u00f3 contar con el apoyo y conocimiento de Uniovi fueron: una futura gesti\u00f3n inteligente de las \u00e1reas empresariales; alojar en instalaciones carre\u00f1enses proyectos emprendedores de la comunidad universitaria, desarrollar en Carre\u00f1o un piloto de prevenci\u00f3n de la soledad de las personas mayores, el fomentar una movilidad sostenible, desarrollar acciones de econom\u00eda social y circular y colaborar en la protecci\u00f3n y conservaci\u00f3n de acervo cultural marinero y costumbrista.<\/p>\n<p>Todos estos detalles han sido abordados por ambas instituciones durante la reuni\u00f3n celebrada en el sal\u00f3n de Plenos Municipal en \u00e9l han acordado desarrollar y concretar en los pr\u00f3ximos meses algunas de las l\u00edneas de actuaci\u00f3n conjuntas.<\/p>\n<p>Durante el encuentro, Carmen Adams Fern\u00e1ndez, Vicerrectora de Extensi\u00f3n Universitaria y Cultura de la Universidad de Oviedo, resalt\u00f3 la importancia de aunar sinergias y apostar por las pol\u00edticas activas para la empleabilidad y el emprendimiento, as\u00ed como por la transferencia del conocimiento de la Universidad al municipio y subray\u00f3 como estrat\u00e9gica la colaboraci\u00f3n con el Ayuntamiento de Carre\u00f1o.<\/p>\n<p>&nbsp;<\/p>\n<p>&nbsp;<\/p>\n","protected":false},"excerpt":{"rendered":"<p>Carmen Adams Fern\u00e1ndez, Vicerrectora de Extensi\u00f3n Universitaria y Cultura de la Universidad de Oviedo, Jos\u00e9 Antonio G\u00f3mez Rodr\u00edguez, Director del \u00c1rea de Cultura de la Universidad de Oviedo y Zulima Fern\u00e1ndez Mu\u00f1iz, Directora del \u00c1rea de Extensi\u00f3n Universitaria de la Universidad de Oviedo se desplazaron a Cand\u00e1s para mantener en el Ayuntamiento una primera reuni\u00f3n<\/p>\n","protected":false},"author":1,"featured_media":154461,"comment_status":"closed","ping_status":"closed","sticky":false,"template":"","format":"standard","meta":{"footnotes":""},"categories":[2],"tags":[],"class_list":{"0":"post-154460","1":"post","2":"type-post","3":"status-publish","4":"format-standard","5":"has-post-thumbnail","7":"category-noticias-carreno"},"aioseo_notices":[],"aioseo_head":"\n\t\t<!-- All in One SEO Pro 4.9.6.2 - aioseo.com -->\n\t<meta name=\"description\" content=\"El nuevo equipo rector traslad\u00f3 en Cand\u00e1s el inter\u00e9s y disposici\u00f3n que tienen para la uni\u00f3n y la coordinaci\u00f3n de las dos instituciones a fin de sumar esfuerzos\" \/>\n\t<meta name=\"robots\" content=\"max-image-preview:large\" \/>\n\t<meta name=\"author\" content=\"Cand\u00e1s 365\"\/>\n\t<meta name=\"google-site-verification\" content=\"UA-32230408-1\" \/>\n\t<meta name=\"msvalidate.01\" content=\"354F3CDFB2DA171B47FBE9ABF1F88D5\" \/>\n\t<meta name=\"keywords\" content=\"noticias carre\u00f1o\" \/>\n\t<link rel=\"canonical\" href=\"https:\/\/candas365.es\/noticias\/amelia-fernandez-la-universidad-de-oviedo-es-un-socio-importante-para-carreno\/\" \/>\n\t<meta name=\"generator\" content=\"All in One SEO Pro (AIOSEO) 4.9.6.2\" \/>\n\t\t<meta property=\"og:locale\" content=\"es_ES\" \/>\n\t\t<meta property=\"og:site_name\" content=\"Cand\u00e1s 365\" \/>\n\t\t<meta property=\"og:type\" content=\"article\" \/>\n\t\t<meta property=\"og:title\" content=\"Amelia Fern\u00e1ndez: \u00abLa Universidad de Oviedo es un socio importante para Carre\u00f1o\u201d | Cand\u00e1s 365\" \/>\n\t\t<meta property=\"og:description\" content=\"El nuevo equipo rector traslad\u00f3 en Cand\u00e1s el inter\u00e9s y disposici\u00f3n que tienen para la uni\u00f3n y la coordinaci\u00f3n de las dos instituciones a fin de sumar esfuerzos\" \/>\n\t\t<meta property=\"og:url\" content=\"https:\/\/candas365.es\/noticias\/amelia-fernandez-la-universidad-de-oviedo-es-un-socio-importante-para-carreno\/\" \/>\n\t\t<meta property=\"og:image\" content=\"https:\/\/candas365.es\/noticias\/wp-content\/uploads\/2021\/05\/Reunion-Carreno-UniOvi.jpg\" \/>\n\t\t<meta property=\"og:image:secure_url\" content=\"https:\/\/candas365.es\/noticias\/wp-content\/uploads\/2021\/05\/Reunion-Carreno-UniOvi.jpg\" \/>\n\t\t<meta property=\"og:image:width\" content=\"979\" \/>\n\t\t<meta property=\"og:image:height\" content=\"602\" \/>\n\t\t<meta property=\"article:published_time\" content=\"2021-05-09T12:00:13+00:00\" \/>\n\t\t<meta property=\"article:modified_time\" content=\"2021-05-09T12:00:13+00:00\" \/>\n\t\t<meta property=\"article:publisher\" content=\"https:\/\/www.facebook.com\/Nachofdezber\" \/>\n\t\t<meta property=\"article:author\" content=\"https:\/\/www.facebook.com\/carrenoactualidad\" \/>\n\t\t<meta name=\"twitter:card\" content=\"summary_large_image\" \/>\n\t\t<meta name=\"twitter:site\" content=\"@NabercoDigital\" \/>\n\t\t<meta name=\"twitter:title\" content=\"Amelia Fern\u00e1ndez: \u00abLa Universidad de Oviedo es un socio importante para Carre\u00f1o\u201d | Cand\u00e1s 365\" \/>\n\t\t<meta name=\"twitter:description\" content=\"El nuevo equipo rector traslad\u00f3 en Cand\u00e1s el inter\u00e9s y disposici\u00f3n que tienen para la uni\u00f3n y la coordinaci\u00f3n de las dos instituciones a fin de sumar esfuerzos\" \/>\n\t\t<meta name=\"twitter:creator\" content=\"@nbasturias\" \/>\n\t\t<meta name=\"twitter:image\" content=\"https:\/\/candas365.es\/noticias\/wp-content\/uploads\/2021\/05\/Reunion-Carreno-UniOvi.jpg\" \/>\n\t\t<meta name=\"twitter:label1\" content=\"Escrito por\" \/>\n\t\t<meta name=\"twitter:data1\" content=\"Cand\u00e1s 365\" \/>\n\t\t<meta name=\"twitter:label2\" content=\"Tiempo de lectura estimado\" \/>\n\t\t<meta name=\"twitter:data2\" content=\"3 minutos\" \/>\n\t\t<script type=\"application\/ld+json\" class=\"aioseo-schema\">\n\t\t\t{\"@context\":\"https:\\\/\\\/schema.org\",\"@graph\":[{\"@type\":\"BreadcrumbList\",\"@id\":\"https:\\\/\\\/candas365.es\\\/noticias\\\/amelia-fernandez-la-universidad-de-oviedo-es-un-socio-importante-para-carreno\\\/#breadcrumblist\",\"itemListElement\":[{\"@type\":\"ListItem\",\"@id\":\"https:\\\/\\\/candas365.es\\\/noticias#listItem\",\"position\":1,\"name\":\"Home\",\"item\":\"https:\\\/\\\/candas365.es\\\/noticias\",\"nextItem\":{\"@type\":\"ListItem\",\"@id\":\"https:\\\/\\\/candas365.es\\\/noticias\\\/category\\\/noticias-carreno\\\/#listItem\",\"name\":\"Noticias Carre\\u00f1o\"}},{\"@type\":\"ListItem\",\"@id\":\"https:\\\/\\\/candas365.es\\\/noticias\\\/category\\\/noticias-carreno\\\/#listItem\",\"position\":2,\"name\":\"Noticias Carre\\u00f1o\",\"item\":\"https:\\\/\\\/candas365.es\\\/noticias\\\/category\\\/noticias-carreno\\\/\",\"nextItem\":{\"@type\":\"ListItem\",\"@id\":\"https:\\\/\\\/candas365.es\\\/noticias\\\/amelia-fernandez-la-universidad-de-oviedo-es-un-socio-importante-para-carreno\\\/#listItem\",\"name\":\"Amelia Fern\\u00e1ndez: \\u00abLa Universidad de Oviedo es un socio importante para Carre\\u00f1o\\u201d\"},\"previousItem\":{\"@type\":\"ListItem\",\"@id\":\"https:\\\/\\\/candas365.es\\\/noticias#listItem\",\"name\":\"Home\"}},{\"@type\":\"ListItem\",\"@id\":\"https:\\\/\\\/candas365.es\\\/noticias\\\/amelia-fernandez-la-universidad-de-oviedo-es-un-socio-importante-para-carreno\\\/#listItem\",\"position\":3,\"name\":\"Amelia Fern\\u00e1ndez: \\u00abLa Universidad de Oviedo es un socio importante para Carre\\u00f1o\\u201d\",\"previousItem\":{\"@type\":\"ListItem\",\"@id\":\"https:\\\/\\\/candas365.es\\\/noticias\\\/category\\\/noticias-carreno\\\/#listItem\",\"name\":\"Noticias Carre\\u00f1o\"}}]},{\"@type\":\"NewsArticle\",\"@id\":\"https:\\\/\\\/candas365.es\\\/noticias\\\/amelia-fernandez-la-universidad-de-oviedo-es-un-socio-importante-para-carreno\\\/#newsarticle\",\"name\":\"Amelia Fern\\u00e1ndez: \\u00abLa Universidad de Oviedo es un socio importante para Carre\\u00f1o\\u201d | Cand\\u00e1s 365\",\"headline\":\"Amelia Fern\\u00e1ndez: \\u00abLa Universidad de Oviedo es un socio importante para Carre\\u00f1o\\u201d\",\"author\":{\"@id\":\"https:\\\/\\\/candas365.es\\\/noticias\\\/author\\\/admin\\\/#author\"},\"publisher\":{\"@id\":\"https:\\\/\\\/candas365.es\\\/noticias\\\/#organization\"},\"image\":{\"@type\":\"ImageObject\",\"url\":\"https:\\\/\\\/candas365.es\\\/noticias\\\/wp-content\\\/uploads\\\/2021\\\/05\\\/Reunion-Carreno-UniOvi.jpg\",\"width\":979,\"height\":602,\"caption\":\"Foto: Ayuntamiento de Carre\\u00f1o\"},\"datePublished\":\"2021-05-09T12:00:13+02:00\",\"dateModified\":\"2021-05-09T12:00:13+02:00\",\"inLanguage\":\"es-ES\",\"mainEntityOfPage\":{\"@id\":\"https:\\\/\\\/candas365.es\\\/noticias\\\/amelia-fernandez-la-universidad-de-oviedo-es-un-socio-importante-para-carreno\\\/#webpage\"},\"isPartOf\":{\"@id\":\"https:\\\/\\\/candas365.es\\\/noticias\\\/amelia-fernandez-la-universidad-de-oviedo-es-un-socio-importante-para-carreno\\\/#webpage\"},\"articleSection\":\"Noticias Carre\\u00f1o\",\"dateline\":\"Publicado el mayo 9, 2021.\"},{\"@type\":\"Organization\",\"@id\":\"https:\\\/\\\/candas365.es\\\/noticias\\\/#organization\",\"name\":\"Cand\\u00e1s 365\",\"description\":\"Cand\\u00e1s 365 es un diario digital independiente, fundado en 2012, con base en Asturias. Informamos con rigor sobre actualidad, sociedad, cultura y ocio, con una mirada local y global.\",\"url\":\"https:\\\/\\\/candas365.es\\\/noticias\\\/\",\"email\":\"info@candas365.es\",\"telephone\":\"+34652131393\",\"foundingDate\":\"2012-06-10\",\"logo\":{\"@type\":\"ImageObject\",\"url\":\"https:\\\/\\\/candas365.es\\\/noticias\\\/wp-content\\\/uploads\\\/2024\\\/09\\\/Candas-365-Redes.jpg\",\"@id\":\"https:\\\/\\\/candas365.es\\\/noticias\\\/amelia-fernandez-la-universidad-de-oviedo-es-un-socio-importante-para-carreno\\\/#organizationLogo\",\"width\":1152,\"height\":864,\"caption\":\"Cand\\u00e1s 365 Redes\"},\"image\":{\"@id\":\"https:\\\/\\\/candas365.es\\\/noticias\\\/amelia-fernandez-la-universidad-de-oviedo-es-un-socio-importante-para-carreno\\\/#organizationLogo\"},\"sameAs\":[\"https:\\\/\\\/www.facebook.com\\\/Nachofdezber\",\"https:\\\/\\\/x.com\\\/NabercoDigital\",\"https:\\\/\\\/www.instagram.com\\\/nachofdezber\\\/\",\"https:\\\/\\\/www.youtube.com\\\/channel\\\/UCZP-2wLEB9Rv6erhFmqVnvg\"],\"address\":{\"@id\":\"https:\\\/\\\/candas365.es\\\/noticias\\\/#postaladdress\",\"@type\":\"PostalAddress\",\"streetAddress\":\"san antonio 4, san antonio 4\",\"postalCode\":\"33430\",\"addressLocality\":\"Cand\\u00e1s\",\"addressRegion\":\"Asturias\",\"addressCountry\":\"ES\"}},{\"@type\":\"Person\",\"@id\":\"https:\\\/\\\/candas365.es\\\/noticias\\\/author\\\/admin\\\/#author\",\"url\":\"https:\\\/\\\/candas365.es\\\/noticias\\\/author\\\/admin\\\/\",\"name\":\"Cand\\u00e1s 365\",\"image\":{\"@type\":\"ImageObject\",\"@id\":\"https:\\\/\\\/candas365.es\\\/noticias\\\/amelia-fernandez-la-universidad-de-oviedo-es-un-socio-importante-para-carreno\\\/#authorImage\",\"url\":\"https:\\\/\\\/secure.gravatar.com\\\/avatar\\\/496a8e03d0c493ede1718b7934145dbdf8d89be1036b0eec9544e1094c9de390?s=96&d=mm&r=g\",\"width\":96,\"height\":96,\"caption\":\"Cand\\u00e1s 365\"},\"sameAs\":[\"https:\\\/\\\/www.facebook.com\\\/carrenoactualidad\",\"https:\\\/\\\/twitter.com\\\/nbasturias\",\"https:\\\/\\\/www.instagram.com\\\/nachofdezber\\\/\",\"https:\\\/\\\/www.youtube.com\\\/channel\\\/UCZP-2wLEB9Rv6erhFmqVnvg\"]},{\"@type\":\"WebPage\",\"@id\":\"https:\\\/\\\/candas365.es\\\/noticias\\\/amelia-fernandez-la-universidad-de-oviedo-es-un-socio-importante-para-carreno\\\/#webpage\",\"url\":\"https:\\\/\\\/candas365.es\\\/noticias\\\/amelia-fernandez-la-universidad-de-oviedo-es-un-socio-importante-para-carreno\\\/\",\"name\":\"Amelia Fern\\u00e1ndez: \\u00abLa Universidad de Oviedo es un socio importante para Carre\\u00f1o\\u201d | Cand\\u00e1s 365\",\"description\":\"El nuevo equipo rector traslad\\u00f3 en Cand\\u00e1s el inter\\u00e9s y disposici\\u00f3n que tienen para la uni\\u00f3n y la coordinaci\\u00f3n de las dos instituciones a fin de sumar esfuerzos\",\"inLanguage\":\"es-ES\",\"isPartOf\":{\"@id\":\"https:\\\/\\\/candas365.es\\\/noticias\\\/#website\"},\"breadcrumb\":{\"@id\":\"https:\\\/\\\/candas365.es\\\/noticias\\\/amelia-fernandez-la-universidad-de-oviedo-es-un-socio-importante-para-carreno\\\/#breadcrumblist\"},\"author\":{\"@id\":\"https:\\\/\\\/candas365.es\\\/noticias\\\/author\\\/admin\\\/#author\"},\"creator\":{\"@id\":\"https:\\\/\\\/candas365.es\\\/noticias\\\/author\\\/admin\\\/#author\"},\"image\":{\"@type\":\"ImageObject\",\"url\":\"https:\\\/\\\/candas365.es\\\/noticias\\\/wp-content\\\/uploads\\\/2021\\\/05\\\/Reunion-Carreno-UniOvi.jpg\",\"@id\":\"https:\\\/\\\/candas365.es\\\/noticias\\\/amelia-fernandez-la-universidad-de-oviedo-es-un-socio-importante-para-carreno\\\/#mainImage\",\"width\":979,\"height\":602,\"caption\":\"Foto: Ayuntamiento de Carre\\u00f1o\"},\"primaryImageOfPage\":{\"@id\":\"https:\\\/\\\/candas365.es\\\/noticias\\\/amelia-fernandez-la-universidad-de-oviedo-es-un-socio-importante-para-carreno\\\/#mainImage\"},\"datePublished\":\"2021-05-09T12:00:13+02:00\",\"dateModified\":\"2021-05-09T12:00:13+02:00\"},{\"@type\":\"WebSite\",\"@id\":\"https:\\\/\\\/candas365.es\\\/noticias\\\/#website\",\"url\":\"https:\\\/\\\/candas365.es\\\/noticias\\\/\",\"name\":\"Cand\\u00e1s 365\",\"alternateName\":\"Cand\\u00e1s 365 Noticias\",\"description\":\"Actualidad desde Carre\\u00f1o para el mundo\",\"inLanguage\":\"es-ES\",\"publisher\":{\"@id\":\"https:\\\/\\\/candas365.es\\\/noticias\\\/#organization\"}}]}\n\t\t<\/script>\n\t\t<!-- All in One SEO Pro -->\r\n\t\t<title>Amelia Fern\u00e1ndez: \u00abLa Universidad de Oviedo es un socio importante para Carre\u00f1o\u201d | Cand\u00e1s 365<\/title>\n\n","aioseo_head_json":{"title":"Amelia Fern\u00e1ndez: \u00abLa Universidad de Oviedo es un socio importante para Carre\u00f1o\u201d | Cand\u00e1s 365","description":"El nuevo equipo rector traslad\u00f3 en Cand\u00e1s el inter\u00e9s y disposici\u00f3n que tienen para la uni\u00f3n y la coordinaci\u00f3n de las dos instituciones a fin de sumar esfuerzos","canonical_url":"https:\/\/candas365.es\/noticias\/amelia-fernandez-la-universidad-de-oviedo-es-un-socio-importante-para-carreno\/","robots":"max-image-preview:large","keywords":"noticias carre\u00f1o","webmasterTools":{"google-site-verification":"UA-32230408-1","msvalidate.01":"354F3CDFB2DA171B47FBE9ABF1F88D5","miscellaneous":""},"schema":{"@context":"https:\/\/schema.org","@graph":[{"@type":"BreadcrumbList","@id":"https:\/\/candas365.es\/noticias\/amelia-fernandez-la-universidad-de-oviedo-es-un-socio-importante-para-carreno\/#breadcrumblist","itemListElement":[{"@type":"ListItem","@id":"https:\/\/candas365.es\/noticias#listItem","position":1,"name":"Home","item":"https:\/\/candas365.es\/noticias","nextItem":{"@type":"ListItem","@id":"https:\/\/candas365.es\/noticias\/category\/noticias-carreno\/#listItem","name":"Noticias Carre\u00f1o"}},{"@type":"ListItem","@id":"https:\/\/candas365.es\/noticias\/category\/noticias-carreno\/#listItem","position":2,"name":"Noticias Carre\u00f1o","item":"https:\/\/candas365.es\/noticias\/category\/noticias-carreno\/","nextItem":{"@type":"ListItem","@id":"https:\/\/candas365.es\/noticias\/amelia-fernandez-la-universidad-de-oviedo-es-un-socio-importante-para-carreno\/#listItem","name":"Amelia Fern\u00e1ndez: \u00abLa Universidad de Oviedo es un socio importante para Carre\u00f1o\u201d"},"previousItem":{"@type":"ListItem","@id":"https:\/\/candas365.es\/noticias#listItem","name":"Home"}},{"@type":"ListItem","@id":"https:\/\/candas365.es\/noticias\/amelia-fernandez-la-universidad-de-oviedo-es-un-socio-importante-para-carreno\/#listItem","position":3,"name":"Amelia Fern\u00e1ndez: \u00abLa Universidad de Oviedo es un socio importante para Carre\u00f1o\u201d","previousItem":{"@type":"ListItem","@id":"https:\/\/candas365.es\/noticias\/category\/noticias-carreno\/#listItem","name":"Noticias Carre\u00f1o"}}]},{"@type":"NewsArticle","@id":"https:\/\/candas365.es\/noticias\/amelia-fernandez-la-universidad-de-oviedo-es-un-socio-importante-para-carreno\/#newsarticle","name":"Amelia Fern\u00e1ndez: \u00abLa Universidad de Oviedo es un socio importante para Carre\u00f1o\u201d | Cand\u00e1s 365","headline":"Amelia Fern\u00e1ndez: \u00abLa Universidad de Oviedo es un socio importante para Carre\u00f1o\u201d","author":{"@id":"https:\/\/candas365.es\/noticias\/author\/admin\/#author"},"publisher":{"@id":"https:\/\/candas365.es\/noticias\/#organization"},"image":{"@type":"ImageObject","url":"https:\/\/candas365.es\/noticias\/wp-content\/uploads\/2021\/05\/Reunion-Carreno-UniOvi.jpg","width":979,"height":602,"caption":"Foto: Ayuntamiento de Carre\u00f1o"},"datePublished":"2021-05-09T12:00:13+02:00","dateModified":"2021-05-09T12:00:13+02:00","inLanguage":"es-ES","mainEntityOfPage":{"@id":"https:\/\/candas365.es\/noticias\/amelia-fernandez-la-universidad-de-oviedo-es-un-socio-importante-para-carreno\/#webpage"},"isPartOf":{"@id":"https:\/\/candas365.es\/noticias\/amelia-fernandez-la-universidad-de-oviedo-es-un-socio-importante-para-carreno\/#webpage"},"articleSection":"Noticias Carre\u00f1o","dateline":"Publicado el mayo 9, 2021."},{"@type":"Organization","@id":"https:\/\/candas365.es\/noticias\/#organization","name":"Cand\u00e1s 365","description":"Cand\u00e1s 365 es un diario digital independiente, fundado en 2012, con base en Asturias. Informamos con rigor sobre actualidad, sociedad, cultura y ocio, con una mirada local y global.","url":"https:\/\/candas365.es\/noticias\/","email":"info@candas365.es","telephone":"+34652131393","foundingDate":"2012-06-10","logo":{"@type":"ImageObject","url":"https:\/\/candas365.es\/noticias\/wp-content\/uploads\/2024\/09\/Candas-365-Redes.jpg","@id":"https:\/\/candas365.es\/noticias\/amelia-fernandez-la-universidad-de-oviedo-es-un-socio-importante-para-carreno\/#organizationLogo","width":1152,"height":864,"caption":"Cand\u00e1s 365 Redes"},"image":{"@id":"https:\/\/candas365.es\/noticias\/amelia-fernandez-la-universidad-de-oviedo-es-un-socio-importante-para-carreno\/#organizationLogo"},"sameAs":["https:\/\/www.facebook.com\/Nachofdezber","https:\/\/x.com\/NabercoDigital","https:\/\/www.instagram.com\/nachofdezber\/","https:\/\/www.youtube.com\/channel\/UCZP-2wLEB9Rv6erhFmqVnvg"],"address":{"@id":"https:\/\/candas365.es\/noticias\/#postaladdress","@type":"PostalAddress","streetAddress":"san antonio 4, san antonio 4","postalCode":"33430","addressLocality":"Cand\u00e1s","addressRegion":"Asturias","addressCountry":"ES"}},{"@type":"Person","@id":"https:\/\/candas365.es\/noticias\/author\/admin\/#author","url":"https:\/\/candas365.es\/noticias\/author\/admin\/","name":"Cand\u00e1s 365","image":{"@type":"ImageObject","@id":"https:\/\/candas365.es\/noticias\/amelia-fernandez-la-universidad-de-oviedo-es-un-socio-importante-para-carreno\/#authorImage","url":"https:\/\/secure.gravatar.com\/avatar\/496a8e03d0c493ede1718b7934145dbdf8d89be1036b0eec9544e1094c9de390?s=96&d=mm&r=g","width":96,"height":96,"caption":"Cand\u00e1s 365"},"sameAs":["https:\/\/www.facebook.com\/carrenoactualidad","https:\/\/twitter.com\/nbasturias","https:\/\/www.instagram.com\/nachofdezber\/","https:\/\/www.youtube.com\/channel\/UCZP-2wLEB9Rv6erhFmqVnvg"]},{"@type":"WebPage","@id":"https:\/\/candas365.es\/noticias\/amelia-fernandez-la-universidad-de-oviedo-es-un-socio-importante-para-carreno\/#webpage","url":"https:\/\/candas365.es\/noticias\/amelia-fernandez-la-universidad-de-oviedo-es-un-socio-importante-para-carreno\/","name":"Amelia Fern\u00e1ndez: \u00abLa Universidad de Oviedo es un socio importante para Carre\u00f1o\u201d | Cand\u00e1s 365","description":"El nuevo equipo rector traslad\u00f3 en Cand\u00e1s el inter\u00e9s y disposici\u00f3n que tienen para la uni\u00f3n y la coordinaci\u00f3n de las dos instituciones a fin de sumar esfuerzos","inLanguage":"es-ES","isPartOf":{"@id":"https:\/\/candas365.es\/noticias\/#website"},"breadcrumb":{"@id":"https:\/\/candas365.es\/noticias\/amelia-fernandez-la-universidad-de-oviedo-es-un-socio-importante-para-carreno\/#breadcrumblist"},"author":{"@id":"https:\/\/candas365.es\/noticias\/author\/admin\/#author"},"creator":{"@id":"https:\/\/candas365.es\/noticias\/author\/admin\/#author"},"image":{"@type":"ImageObject","url":"https:\/\/candas365.es\/noticias\/wp-content\/uploads\/2021\/05\/Reunion-Carreno-UniOvi.jpg","@id":"https:\/\/candas365.es\/noticias\/amelia-fernandez-la-universidad-de-oviedo-es-un-socio-importante-para-carreno\/#mainImage","width":979,"height":602,"caption":"Foto: Ayuntamiento de Carre\u00f1o"},"primaryImageOfPage":{"@id":"https:\/\/candas365.es\/noticias\/amelia-fernandez-la-universidad-de-oviedo-es-un-socio-importante-para-carreno\/#mainImage"},"datePublished":"2021-05-09T12:00:13+02:00","dateModified":"2021-05-09T12:00:13+02:00"},{"@type":"WebSite","@id":"https:\/\/candas365.es\/noticias\/#website","url":"https:\/\/candas365.es\/noticias\/","name":"Cand\u00e1s 365","alternateName":"Cand\u00e1s 365 Noticias","description":"Actualidad desde Carre\u00f1o para el mundo","inLanguage":"es-ES","publisher":{"@id":"https:\/\/candas365.es\/noticias\/#organization"}}]},"og:locale":"es_ES","og:site_name":"Cand\u00e1s 365","og:type":"article","og:title":"Amelia Fern\u00e1ndez: \u00abLa Universidad de Oviedo es un socio importante para Carre\u00f1o\u201d | Cand\u00e1s 365","og:description":"El nuevo equipo rector traslad\u00f3 en Cand\u00e1s el inter\u00e9s y disposici\u00f3n que tienen para la uni\u00f3n y la coordinaci\u00f3n de las dos instituciones a fin de sumar esfuerzos","og:url":"https:\/\/candas365.es\/noticias\/amelia-fernandez-la-universidad-de-oviedo-es-un-socio-importante-para-carreno\/","og:image":"https:\/\/candas365.es\/noticias\/wp-content\/uploads\/2021\/05\/Reunion-Carreno-UniOvi.jpg","og:image:secure_url":"https:\/\/candas365.es\/noticias\/wp-content\/uploads\/2021\/05\/Reunion-Carreno-UniOvi.jpg","og:image:width":979,"og:image:height":602,"article:published_time":"2021-05-09T12:00:13+00:00","article:modified_time":"2021-05-09T12:00:13+00:00","article:publisher":"https:\/\/www.facebook.com\/Nachofdezber","article:author":"https:\/\/www.facebook.com\/carrenoactualidad","twitter:card":"summary_large_image","twitter:site":"@NabercoDigital","twitter:title":"Amelia Fern\u00e1ndez: \u00abLa Universidad de Oviedo es un socio importante para Carre\u00f1o\u201d | Cand\u00e1s 365","twitter:description":"El nuevo equipo rector traslad\u00f3 en Cand\u00e1s el inter\u00e9s y disposici\u00f3n que tienen para la uni\u00f3n y la coordinaci\u00f3n de las dos instituciones a fin de sumar esfuerzos","twitter:creator":"@nbasturias","twitter:image":"https:\/\/candas365.es\/noticias\/wp-content\/uploads\/2021\/05\/Reunion-Carreno-UniOvi.jpg","twitter:label1":"Escrito por","twitter:data1":"Cand\u00e1s 365","twitter:label2":"Tiempo de lectura estimado","twitter:data2":"3 minutos"},"aioseo_meta_data":{"post_id":"154460","title":null,"description":"El nuevo equipo rector traslad\u00f3 en Cand\u00e1s el inter\u00e9s y disposici\u00f3n que tienen para la uni\u00f3n y la coordinaci\u00f3n de las dos instituciones a fin de sumar esfuerzos","keywords":[],"keyphrases":{"focus":[],"additional":[]},"primary_term":null,"canonical_url":null,"og_title":null,"og_description":null,"og_object_type":"default","og_image_type":"default","og_image_url":null,"og_image_width":null,"og_image_height":null,"og_image_custom_url":null,"og_image_custom_fields":null,"og_video":"","og_custom_url":null,"og_article_section":null,"og_article_tags":[],"twitter_use_og":false,"twitter_card":"default","twitter_image_type":"default","twitter_image_url":null,"twitter_image_custom_url":null,"twitter_image_custom_fields":null,"twitter_title":null,"twitter_description":null,"schema":{"blockGraphs":[],"customGraphs":[],"default":{"data":{"Article":[],"Course":[],"Dataset":[],"FAQPage":[],"Movie":[],"Person":[],"Product":[],"ProductReview":[],"Car":[],"Recipe":[],"Service":[],"SoftwareApplication":[],"WebPage":[]},"graphName":"","isEnabled":true},"graphs":[]},"schema_type":"default","schema_type_options":"{\"article\":{\"articleType\":\"BlogPosting\"},\"course\":{\"name\":\"\",\"description\":\"\",\"provider\":\"\"},\"faq\":{\"pages\":[]},\"product\":{\"reviews\":[]},\"recipe\":{\"ingredients\":[],\"instructions\":[],\"keywords\":[]},\"software\":{\"reviews\":[],\"operatingSystems\":[]},\"webPage\":{\"webPageType\":\"WebPage\"}}","pillar_content":false,"robots_default":true,"robots_noindex":false,"robots_noarchive":false,"robots_nosnippet":false,"robots_nofollow":false,"robots_noimageindex":false,"robots_noodp":false,"robots_notranslate":false,"robots_max_snippet":"-1","robots_max_videopreview":"-1","robots_max_imagepreview":"large","priority":null,"frequency":"default","location":null,"local_seo":{"locations":{"business":{"name":"","businessType":"","image":"","areaServed":"","urls":{"website":"","aboutPage":"","contactPage":""},"address":{"streetLine1":"","streetLine2":"","zipCode":"","city":"","state":"","country":"","addressFormat":"#streetLineOne\n#streetLineTwo\n#city, #state #zipCode"},"contact":{"phone":"","email":"","fax":""},"ids":{"vat":"","tax":"","chamberOfCommerce":""},"payment":{"priceRange":"","currenciesAccepted":"","methods":""}}},"openingHours":{"useDefaults":true,"show":true,"alwaysOpen":false,"use24hFormat":false,"timezone":"","labels":{"closed":"","alwaysOpen":""},"days":{"monday":{"open24h":false,"closed":false,"openTime":"09:00","closeTime":"17:00"},"tuesday":{"open24h":false,"closed":false,"openTime":"09:00","closeTime":"17:00"},"wednesday":{"open24h":false,"closed":false,"openTime":"09:00","closeTime":"17:00"},"thursday":{"open24h":false,"closed":false,"openTime":"09:00","closeTime":"17:00"},"friday":{"open24h":false,"closed":false,"openTime":"09:00","closeTime":"17:00"},"saturday":{"open24h":false,"closed":false,"openTime":"09:00","closeTime":"17:00"},"sunday":{"open24h":false,"closed":false,"openTime":"09:00","closeTime":"17:00"}}}},"seo_analyzer_scan_date":"2025-08-31 21:18:27","breadcrumb_settings":null,"limit_modified_date":false,"reviewed_by":null,"open_ai":null,"ai":null,"created":"2021-05-09 11:56:30","updated":"2025-08-31 21:18:27"},"aioseo_breadcrumb":"<div class=\"aioseo-breadcrumbs\"><span class=\"aioseo-breadcrumb\">\n\t<a href=\"https:\/\/candas365.es\/noticias\" title=\"Home\">Home<\/a>\n<\/span><span class=\"aioseo-breadcrumb-separator\">&ndash;<\/span><span class=\"aioseo-breadcrumb\">\n\t<a href=\"https:\/\/candas365.es\/noticias\/category\/noticias-carreno\/\" title=\"Noticias Carre\u00f1o\">Noticias Carre\u00f1o<\/a>\n<\/span><span class=\"aioseo-breadcrumb-separator\">&ndash;<\/span><span class=\"aioseo-breadcrumb\">\n\tAmelia Fern\u00e1ndez: \u00abLa Universidad de Oviedo es un socio importante para Carre\u00f1o\u201d\n<\/span><\/div>","aioseo_breadcrumb_json":[{"label":"Home","link":"https:\/\/candas365.es\/noticias"},{"label":"Noticias Carre\u00f1o","link":"https:\/\/candas365.es\/noticias\/category\/noticias-carreno\/"},{"label":"Amelia Fern\u00e1ndez: \u00abLa Universidad de Oviedo es un socio importante para Carre\u00f1o\u201d","link":"https:\/\/candas365.es\/noticias\/amelia-fernandez-la-universidad-de-oviedo-es-un-socio-importante-para-carreno\/"}],"_links":{"self":[{"href":"https:\/\/candas365.es\/noticias\/wp-json\/wp\/v2\/posts\/154460","targetHints":{"allow":["GET"]}}],"collection":[{"href":"https:\/\/candas365.es\/noticias\/wp-json\/wp\/v2\/posts"}],"about":[{"href":"https:\/\/candas365.es\/noticias\/wp-json\/wp\/v2\/types\/post"}],"author":[{"embeddable":true,"href":"https:\/\/candas365.es\/noticias\/wp-json\/wp\/v2\/users\/1"}],"replies":[{"embeddable":true,"href":"https:\/\/candas365.es\/noticias\/wp-json\/wp\/v2\/comments?post=154460"}],"version-history":[{"count":0,"href":"https:\/\/candas365.es\/noticias\/wp-json\/wp\/v2\/posts\/154460\/revisions"}],"wp:featuredmedia":[{"embeddable":true,"href":"https:\/\/candas365.es\/noticias\/wp-json\/wp\/v2\/media\/154461"}],"wp:attachment":[{"href":"https:\/\/candas365.es\/noticias\/wp-json\/wp\/v2\/media?parent=154460"}],"wp:term":[{"taxonomy":"category","embeddable":true,"href":"https:\/\/candas365.es\/noticias\/wp-json\/wp\/v2\/categories?post=154460"},{"taxonomy":"post_tag","embeddable":true,"href":"https:\/\/candas365.es\/noticias\/wp-json\/wp\/v2\/tags?post=154460"}],"curies":[{"name":"wp","href":"https:\/\/api.w.org\/{rel}","templated":true}]}}