{"id":154426,"date":"2021-05-07T14:42:49","date_gmt":"2021-05-07T14:42:49","guid":{"rendered":"http:\/\/candas365.es\/noticias\/?p=154426"},"modified":"2021-05-07T14:42:49","modified_gmt":"2021-05-07T14:42:49","slug":"la-seleccion-femenina-de-futbol-arrancara-la-clasificacion-para-el-mundial-con-tres-salidas-seguidas","status":"publish","type":"post","link":"https:\/\/candas365.es\/noticias\/la-seleccion-femenina-de-futbol-arrancara-la-clasificacion-para-el-mundial-con-tres-salidas-seguidas\/","title":{"rendered":"La selecci\u00f3n femenina de f\u00fatbol arrancar\u00e1 la clasificaci\u00f3n para el Mundial con tres salidas seguidas"},"content":{"rendered":"<p><img fetchpriority=\"high\" decoding=\"async\" class=\"alignleft size-medium wp-image-98026\" src=\"https:\/\/candas365.es\/noticias\/wp-content\/uploads\/2018\/06\/football-1406106_960_720-1-360x241.jpg\" alt=\"\" width=\"360\" height=\"241\" srcset=\"https:\/\/candas365.es\/noticias\/wp-content\/uploads\/2018\/06\/football-1406106_960_720-1-360x241.jpg 360w, https:\/\/candas365.es\/noticias\/wp-content\/uploads\/2018\/06\/football-1406106_960_720-1-768x514.jpg 768w, https:\/\/candas365.es\/noticias\/wp-content\/uploads\/2018\/06\/football-1406106_960_720-1-655x439.jpg 655w, https:\/\/candas365.es\/noticias\/wp-content\/uploads\/2018\/06\/football-1406106_960_720-1-696x466.jpg 696w, https:\/\/candas365.es\/noticias\/wp-content\/uploads\/2018\/06\/football-1406106_960_720-1-627x420.jpg 627w, https:\/\/candas365.es\/noticias\/wp-content\/uploads\/2018\/06\/football-1406106_960_720-1.jpg 960w\" sizes=\"(max-width: 360px) 100vw, 360px\" \/>(EP) &#8211; La selecci\u00f3n espa\u00f1ola femenina de f\u00fatbol arrancar\u00e1 a mediados de septiembre la fase de clasificaci\u00f3n para el Mundial de 2023 que se disputar\u00e1 en Australia y Nueva Zelanda con tres salidas consecutivas.<\/p>\n<p>Seg\u00fan inform\u00f3 el portal &#8216;sefutbol.com&#8217;, Espa\u00f1a comenzar\u00e1 este recorrido el 16 de septiembre visitando a las Islas Feroe y cinco d\u00edas despu\u00e9s se medir\u00e1 a domicilio tambi\u00e9n a Hungr\u00eda, cerrando este periplo como visitante ya en octubre, el 26, en Ucrania.<\/p>\n<p>Los duelos de noviembre en casa ante Islas Feroe (25) y Escocia (30) cerrar\u00e1n la actividad clasificatoria de 2021, que se retomar\u00e1 en 2022 en abril con la visita al combinado brit\u00e1nico (12). En septiembre, el equipo que dirige Jorge Vilda cerrar\u00e1 esta fase de clasificaci\u00f3n con dos encuentros como local ante Hungr\u00eda (2) y Ucrania (6).<\/p>\n<p>&nbsp;<\/p>\n","protected":false},"excerpt":{"rendered":"<p>(EP) &#8211; La selecci\u00f3n espa\u00f1ola femenina de f\u00fatbol arrancar\u00e1 a mediados de septiembre la fase de clasificaci\u00f3n para el Mundial de 2023 que se disputar\u00e1 en Australia y Nueva Zelanda con tres salidas consecutivas. Seg\u00fan inform\u00f3 el portal &#8216;sefutbol.com&#8217;, Espa\u00f1a comenzar\u00e1 este recorrido el 16 de septiembre visitando a las Islas Feroe y cinco d\u00edas<\/p>\n","protected":false},"author":1,"featured_media":98026,"comment_status":"closed","ping_status":"closed","sticky":false,"template":"","format":"standard","meta":{"footnotes":""},"categories":[319],"tags":[],"class_list":{"0":"post-154426","1":"post","2":"type-post","3":"status-publish","4":"format-standard","5":"has-post-thumbnail","7":"category-deporte"},"aioseo_notices":[],"aioseo_head":"\n\t\t<!-- All in One SEO Pro 4.9.6.2 - aioseo.com -->\n\t<meta name=\"description\" content=\"(EP) - La selecci\u00f3n espa\u00f1ola femenina de f\u00fatbol arrancar\u00e1 a mediados de septiembre la fase de clasificaci\u00f3n para el Mundial de 2023 que se disputar\u00e1 en Australia y Nueva Zelanda con tres salidas consecutivas. Seg\u00fan inform\u00f3 el portal &#039;sefutbol.com&#039;, Espa\u00f1a comenzar\u00e1 este recorrido el 16 de septiembre visitando a las Islas Feroe y cinco d\u00edas\" \/>\n\t<meta name=\"robots\" content=\"max-image-preview:large\" \/>\n\t<meta name=\"author\" content=\"Cand\u00e1s 365\"\/>\n\t<meta name=\"google-site-verification\" content=\"UA-32230408-1\" \/>\n\t<meta name=\"msvalidate.01\" content=\"354F3CDFB2DA171B47FBE9ABF1F88D5\" \/>\n\t<meta name=\"keywords\" content=\"deporte\" \/>\n\t<link rel=\"canonical\" href=\"https:\/\/candas365.es\/noticias\/la-seleccion-femenina-de-futbol-arrancara-la-clasificacion-para-el-mundial-con-tres-salidas-seguidas\/\" \/>\n\t<meta name=\"generator\" content=\"All in One SEO Pro (AIOSEO) 4.9.6.2\" \/>\n\t\t<meta property=\"og:locale\" content=\"es_ES\" \/>\n\t\t<meta property=\"og:site_name\" content=\"Cand\u00e1s 365\" \/>\n\t\t<meta property=\"og:type\" content=\"article\" \/>\n\t\t<meta property=\"og:title\" content=\"La selecci\u00f3n femenina de f\u00fatbol arrancar\u00e1 la clasificaci\u00f3n para el Mundial con tres salidas seguidas | Cand\u00e1s 365\" \/>\n\t\t<meta property=\"og:description\" content=\"(EP) - La selecci\u00f3n espa\u00f1ola femenina de f\u00fatbol arrancar\u00e1 a mediados de septiembre la fase de clasificaci\u00f3n para el Mundial de 2023 que se disputar\u00e1 en Australia y Nueva Zelanda con tres salidas consecutivas. Seg\u00fan inform\u00f3 el portal &#039;sefutbol.com&#039;, Espa\u00f1a comenzar\u00e1 este recorrido el 16 de septiembre visitando a las Islas Feroe y cinco d\u00edas\" \/>\n\t\t<meta property=\"og:url\" content=\"https:\/\/candas365.es\/noticias\/la-seleccion-femenina-de-futbol-arrancara-la-clasificacion-para-el-mundial-con-tres-salidas-seguidas\/\" \/>\n\t\t<meta property=\"og:image\" content=\"https:\/\/candas365.es\/noticias\/wp-content\/uploads\/2018\/06\/football-1406106_960_720-1.jpg\" \/>\n\t\t<meta property=\"og:image:secure_url\" content=\"https:\/\/candas365.es\/noticias\/wp-content\/uploads\/2018\/06\/football-1406106_960_720-1.jpg\" \/>\n\t\t<meta property=\"og:image:width\" content=\"960\" \/>\n\t\t<meta property=\"og:image:height\" content=\"643\" \/>\n\t\t<meta property=\"article:published_time\" content=\"2021-05-07T14:42:49+00:00\" \/>\n\t\t<meta property=\"article:modified_time\" content=\"2021-05-07T14:42:49+00:00\" \/>\n\t\t<meta property=\"article:publisher\" content=\"https:\/\/www.facebook.com\/Nachofdezber\" \/>\n\t\t<meta property=\"article:author\" content=\"https:\/\/www.facebook.com\/carrenoactualidad\" \/>\n\t\t<meta name=\"twitter:card\" content=\"summary_large_image\" \/>\n\t\t<meta name=\"twitter:site\" content=\"@NabercoDigital\" \/>\n\t\t<meta name=\"twitter:title\" content=\"La selecci\u00f3n femenina de f\u00fatbol arrancar\u00e1 la clasificaci\u00f3n para el Mundial con tres salidas seguidas | Cand\u00e1s 365\" \/>\n\t\t<meta name=\"twitter:description\" content=\"(EP) - La selecci\u00f3n espa\u00f1ola femenina de f\u00fatbol arrancar\u00e1 a mediados de septiembre la fase de clasificaci\u00f3n para el Mundial de 2023 que se disputar\u00e1 en Australia y Nueva Zelanda con tres salidas consecutivas. Seg\u00fan inform\u00f3 el portal &#039;sefutbol.com&#039;, Espa\u00f1a comenzar\u00e1 este recorrido el 16 de septiembre visitando a las Islas Feroe y cinco d\u00edas\" \/>\n\t\t<meta name=\"twitter:creator\" content=\"@nbasturias\" \/>\n\t\t<meta name=\"twitter:image\" content=\"https:\/\/candas365.es\/noticias\/wp-content\/uploads\/2018\/06\/football-1406106_960_720-1.jpg\" \/>\n\t\t<meta name=\"twitter:label1\" content=\"Escrito por\" \/>\n\t\t<meta name=\"twitter:data1\" content=\"Cand\u00e1s 365\" \/>\n\t\t<meta name=\"twitter:label2\" content=\"Tiempo de lectura estimado\" \/>\n\t\t<meta name=\"twitter:data2\" content=\"1 minuto\" \/>\n\t\t<script type=\"application\/ld+json\" class=\"aioseo-schema\">\n\t\t\t{\"@context\":\"https:\\\/\\\/schema.org\",\"@graph\":[{\"@type\":\"BreadcrumbList\",\"@id\":\"https:\\\/\\\/candas365.es\\\/noticias\\\/la-seleccion-femenina-de-futbol-arrancara-la-clasificacion-para-el-mundial-con-tres-salidas-seguidas\\\/#breadcrumblist\",\"itemListElement\":[{\"@type\":\"ListItem\",\"@id\":\"https:\\\/\\\/candas365.es\\\/noticias#listItem\",\"position\":1,\"name\":\"Home\",\"item\":\"https:\\\/\\\/candas365.es\\\/noticias\",\"nextItem\":{\"@type\":\"ListItem\",\"@id\":\"https:\\\/\\\/candas365.es\\\/noticias\\\/category\\\/deporte\\\/#listItem\",\"name\":\"Deporte\"}},{\"@type\":\"ListItem\",\"@id\":\"https:\\\/\\\/candas365.es\\\/noticias\\\/category\\\/deporte\\\/#listItem\",\"position\":2,\"name\":\"Deporte\",\"item\":\"https:\\\/\\\/candas365.es\\\/noticias\\\/category\\\/deporte\\\/\",\"nextItem\":{\"@type\":\"ListItem\",\"@id\":\"https:\\\/\\\/candas365.es\\\/noticias\\\/la-seleccion-femenina-de-futbol-arrancara-la-clasificacion-para-el-mundial-con-tres-salidas-seguidas\\\/#listItem\",\"name\":\"La selecci\\u00f3n femenina de f\\u00fatbol arrancar\\u00e1 la clasificaci\\u00f3n para el Mundial con tres salidas seguidas\"},\"previousItem\":{\"@type\":\"ListItem\",\"@id\":\"https:\\\/\\\/candas365.es\\\/noticias#listItem\",\"name\":\"Home\"}},{\"@type\":\"ListItem\",\"@id\":\"https:\\\/\\\/candas365.es\\\/noticias\\\/la-seleccion-femenina-de-futbol-arrancara-la-clasificacion-para-el-mundial-con-tres-salidas-seguidas\\\/#listItem\",\"position\":3,\"name\":\"La selecci\\u00f3n femenina de f\\u00fatbol arrancar\\u00e1 la clasificaci\\u00f3n para el Mundial con tres salidas seguidas\",\"previousItem\":{\"@type\":\"ListItem\",\"@id\":\"https:\\\/\\\/candas365.es\\\/noticias\\\/category\\\/deporte\\\/#listItem\",\"name\":\"Deporte\"}}]},{\"@type\":\"NewsArticle\",\"@id\":\"https:\\\/\\\/candas365.es\\\/noticias\\\/la-seleccion-femenina-de-futbol-arrancara-la-clasificacion-para-el-mundial-con-tres-salidas-seguidas\\\/#newsarticle\",\"name\":\"La selecci\\u00f3n femenina de f\\u00fatbol arrancar\\u00e1 la clasificaci\\u00f3n para el Mundial con tres salidas seguidas | Cand\\u00e1s 365\",\"headline\":\"La selecci\\u00f3n femenina de f\\u00fatbol arrancar\\u00e1 la clasificaci\\u00f3n para el Mundial con tres salidas seguidas\",\"author\":{\"@id\":\"https:\\\/\\\/candas365.es\\\/noticias\\\/author\\\/admin\\\/#author\"},\"publisher\":{\"@id\":\"https:\\\/\\\/candas365.es\\\/noticias\\\/#organization\"},\"image\":{\"@type\":\"ImageObject\",\"url\":\"https:\\\/\\\/candas365.es\\\/noticias\\\/wp-content\\\/uploads\\\/2018\\\/06\\\/football-1406106_960_720-1.jpg\",\"width\":960,\"height\":643},\"datePublished\":\"2021-05-07T14:42:49+02:00\",\"dateModified\":\"2021-05-07T14:42:49+02:00\",\"inLanguage\":\"es-ES\",\"mainEntityOfPage\":{\"@id\":\"https:\\\/\\\/candas365.es\\\/noticias\\\/la-seleccion-femenina-de-futbol-arrancara-la-clasificacion-para-el-mundial-con-tres-salidas-seguidas\\\/#webpage\"},\"isPartOf\":{\"@id\":\"https:\\\/\\\/candas365.es\\\/noticias\\\/la-seleccion-femenina-de-futbol-arrancara-la-clasificacion-para-el-mundial-con-tres-salidas-seguidas\\\/#webpage\"},\"articleSection\":\"Deporte\",\"dateline\":\"Publicado el mayo 7, 2021.\"},{\"@type\":\"Organization\",\"@id\":\"https:\\\/\\\/candas365.es\\\/noticias\\\/#organization\",\"name\":\"Cand\\u00e1s 365\",\"description\":\"Cand\\u00e1s 365 es un diario digital independiente, fundado en 2012, con base en Asturias. Informamos con rigor sobre actualidad, sociedad, cultura y ocio, con una mirada local y global.\",\"url\":\"https:\\\/\\\/candas365.es\\\/noticias\\\/\",\"email\":\"info@candas365.es\",\"telephone\":\"+34652131393\",\"foundingDate\":\"2012-06-10\",\"logo\":{\"@type\":\"ImageObject\",\"url\":\"https:\\\/\\\/candas365.es\\\/noticias\\\/wp-content\\\/uploads\\\/2024\\\/09\\\/Candas-365-Redes.jpg\",\"@id\":\"https:\\\/\\\/candas365.es\\\/noticias\\\/la-seleccion-femenina-de-futbol-arrancara-la-clasificacion-para-el-mundial-con-tres-salidas-seguidas\\\/#organizationLogo\",\"width\":1152,\"height\":864,\"caption\":\"Cand\\u00e1s 365 Redes\"},\"image\":{\"@id\":\"https:\\\/\\\/candas365.es\\\/noticias\\\/la-seleccion-femenina-de-futbol-arrancara-la-clasificacion-para-el-mundial-con-tres-salidas-seguidas\\\/#organizationLogo\"},\"sameAs\":[\"https:\\\/\\\/www.facebook.com\\\/Nachofdezber\",\"https:\\\/\\\/x.com\\\/NabercoDigital\",\"https:\\\/\\\/www.instagram.com\\\/nachofdezber\\\/\",\"https:\\\/\\\/www.youtube.com\\\/channel\\\/UCZP-2wLEB9Rv6erhFmqVnvg\"],\"address\":{\"@id\":\"https:\\\/\\\/candas365.es\\\/noticias\\\/#postaladdress\",\"@type\":\"PostalAddress\",\"streetAddress\":\"san antonio 4, san antonio 4\",\"postalCode\":\"33430\",\"addressLocality\":\"Cand\\u00e1s\",\"addressRegion\":\"Asturias\",\"addressCountry\":\"ES\"}},{\"@type\":\"Person\",\"@id\":\"https:\\\/\\\/candas365.es\\\/noticias\\\/author\\\/admin\\\/#author\",\"url\":\"https:\\\/\\\/candas365.es\\\/noticias\\\/author\\\/admin\\\/\",\"name\":\"Cand\\u00e1s 365\",\"image\":{\"@type\":\"ImageObject\",\"@id\":\"https:\\\/\\\/candas365.es\\\/noticias\\\/la-seleccion-femenina-de-futbol-arrancara-la-clasificacion-para-el-mundial-con-tres-salidas-seguidas\\\/#authorImage\",\"url\":\"https:\\\/\\\/secure.gravatar.com\\\/avatar\\\/496a8e03d0c493ede1718b7934145dbdf8d89be1036b0eec9544e1094c9de390?s=96&d=mm&r=g\",\"width\":96,\"height\":96,\"caption\":\"Cand\\u00e1s 365\"},\"sameAs\":[\"https:\\\/\\\/www.facebook.com\\\/carrenoactualidad\",\"https:\\\/\\\/twitter.com\\\/nbasturias\",\"https:\\\/\\\/www.instagram.com\\\/nachofdezber\\\/\",\"https:\\\/\\\/www.youtube.com\\\/channel\\\/UCZP-2wLEB9Rv6erhFmqVnvg\"]},{\"@type\":\"WebPage\",\"@id\":\"https:\\\/\\\/candas365.es\\\/noticias\\\/la-seleccion-femenina-de-futbol-arrancara-la-clasificacion-para-el-mundial-con-tres-salidas-seguidas\\\/#webpage\",\"url\":\"https:\\\/\\\/candas365.es\\\/noticias\\\/la-seleccion-femenina-de-futbol-arrancara-la-clasificacion-para-el-mundial-con-tres-salidas-seguidas\\\/\",\"name\":\"La selecci\\u00f3n femenina de f\\u00fatbol arrancar\\u00e1 la clasificaci\\u00f3n para el Mundial con tres salidas seguidas | Cand\\u00e1s 365\",\"description\":\"(EP) - La selecci\\u00f3n espa\\u00f1ola femenina de f\\u00fatbol arrancar\\u00e1 a mediados de septiembre la fase de clasificaci\\u00f3n para el Mundial de 2023 que se disputar\\u00e1 en Australia y Nueva Zelanda con tres salidas consecutivas. Seg\\u00fan inform\\u00f3 el portal 'sefutbol.com', Espa\\u00f1a comenzar\\u00e1 este recorrido el 16 de septiembre visitando a las Islas Feroe y cinco d\\u00edas\",\"inLanguage\":\"es-ES\",\"isPartOf\":{\"@id\":\"https:\\\/\\\/candas365.es\\\/noticias\\\/#website\"},\"breadcrumb\":{\"@id\":\"https:\\\/\\\/candas365.es\\\/noticias\\\/la-seleccion-femenina-de-futbol-arrancara-la-clasificacion-para-el-mundial-con-tres-salidas-seguidas\\\/#breadcrumblist\"},\"author\":{\"@id\":\"https:\\\/\\\/candas365.es\\\/noticias\\\/author\\\/admin\\\/#author\"},\"creator\":{\"@id\":\"https:\\\/\\\/candas365.es\\\/noticias\\\/author\\\/admin\\\/#author\"},\"image\":{\"@type\":\"ImageObject\",\"url\":\"https:\\\/\\\/candas365.es\\\/noticias\\\/wp-content\\\/uploads\\\/2018\\\/06\\\/football-1406106_960_720-1.jpg\",\"@id\":\"https:\\\/\\\/candas365.es\\\/noticias\\\/la-seleccion-femenina-de-futbol-arrancara-la-clasificacion-para-el-mundial-con-tres-salidas-seguidas\\\/#mainImage\",\"width\":960,\"height\":643},\"primaryImageOfPage\":{\"@id\":\"https:\\\/\\\/candas365.es\\\/noticias\\\/la-seleccion-femenina-de-futbol-arrancara-la-clasificacion-para-el-mundial-con-tres-salidas-seguidas\\\/#mainImage\"},\"datePublished\":\"2021-05-07T14:42:49+02:00\",\"dateModified\":\"2021-05-07T14:42:49+02:00\"},{\"@type\":\"WebSite\",\"@id\":\"https:\\\/\\\/candas365.es\\\/noticias\\\/#website\",\"url\":\"https:\\\/\\\/candas365.es\\\/noticias\\\/\",\"name\":\"Cand\\u00e1s 365\",\"alternateName\":\"Cand\\u00e1s 365 Noticias\",\"description\":\"Actualidad desde Carre\\u00f1o para el mundo\",\"inLanguage\":\"es-ES\",\"publisher\":{\"@id\":\"https:\\\/\\\/candas365.es\\\/noticias\\\/#organization\"}}]}\n\t\t<\/script>\n\t\t<!-- All in One SEO Pro -->\r\n\t\t<title>La selecci\u00f3n femenina de f\u00fatbol arrancar\u00e1 la clasificaci\u00f3n para el Mundial con tres salidas seguidas | Cand\u00e1s 365<\/title>\n\n","aioseo_head_json":{"title":"La selecci\u00f3n femenina de f\u00fatbol arrancar\u00e1 la clasificaci\u00f3n para el Mundial con tres salidas seguidas | Cand\u00e1s 365","description":"(EP) - La selecci\u00f3n espa\u00f1ola femenina de f\u00fatbol arrancar\u00e1 a mediados de septiembre la fase de clasificaci\u00f3n para el Mundial de 2023 que se disputar\u00e1 en Australia y Nueva Zelanda con tres salidas consecutivas. Seg\u00fan inform\u00f3 el portal 'sefutbol.com', Espa\u00f1a comenzar\u00e1 este recorrido el 16 de septiembre visitando a las Islas Feroe y cinco d\u00edas","canonical_url":"https:\/\/candas365.es\/noticias\/la-seleccion-femenina-de-futbol-arrancara-la-clasificacion-para-el-mundial-con-tres-salidas-seguidas\/","robots":"max-image-preview:large","keywords":"deporte","webmasterTools":{"google-site-verification":"UA-32230408-1","msvalidate.01":"354F3CDFB2DA171B47FBE9ABF1F88D5","miscellaneous":""},"schema":{"@context":"https:\/\/schema.org","@graph":[{"@type":"BreadcrumbList","@id":"https:\/\/candas365.es\/noticias\/la-seleccion-femenina-de-futbol-arrancara-la-clasificacion-para-el-mundial-con-tres-salidas-seguidas\/#breadcrumblist","itemListElement":[{"@type":"ListItem","@id":"https:\/\/candas365.es\/noticias#listItem","position":1,"name":"Home","item":"https:\/\/candas365.es\/noticias","nextItem":{"@type":"ListItem","@id":"https:\/\/candas365.es\/noticias\/category\/deporte\/#listItem","name":"Deporte"}},{"@type":"ListItem","@id":"https:\/\/candas365.es\/noticias\/category\/deporte\/#listItem","position":2,"name":"Deporte","item":"https:\/\/candas365.es\/noticias\/category\/deporte\/","nextItem":{"@type":"ListItem","@id":"https:\/\/candas365.es\/noticias\/la-seleccion-femenina-de-futbol-arrancara-la-clasificacion-para-el-mundial-con-tres-salidas-seguidas\/#listItem","name":"La selecci\u00f3n femenina de f\u00fatbol arrancar\u00e1 la clasificaci\u00f3n para el Mundial con tres salidas seguidas"},"previousItem":{"@type":"ListItem","@id":"https:\/\/candas365.es\/noticias#listItem","name":"Home"}},{"@type":"ListItem","@id":"https:\/\/candas365.es\/noticias\/la-seleccion-femenina-de-futbol-arrancara-la-clasificacion-para-el-mundial-con-tres-salidas-seguidas\/#listItem","position":3,"name":"La selecci\u00f3n femenina de f\u00fatbol arrancar\u00e1 la clasificaci\u00f3n para el Mundial con tres salidas seguidas","previousItem":{"@type":"ListItem","@id":"https:\/\/candas365.es\/noticias\/category\/deporte\/#listItem","name":"Deporte"}}]},{"@type":"NewsArticle","@id":"https:\/\/candas365.es\/noticias\/la-seleccion-femenina-de-futbol-arrancara-la-clasificacion-para-el-mundial-con-tres-salidas-seguidas\/#newsarticle","name":"La selecci\u00f3n femenina de f\u00fatbol arrancar\u00e1 la clasificaci\u00f3n para el Mundial con tres salidas seguidas | Cand\u00e1s 365","headline":"La selecci\u00f3n femenina de f\u00fatbol arrancar\u00e1 la clasificaci\u00f3n para el Mundial con tres salidas seguidas","author":{"@id":"https:\/\/candas365.es\/noticias\/author\/admin\/#author"},"publisher":{"@id":"https:\/\/candas365.es\/noticias\/#organization"},"image":{"@type":"ImageObject","url":"https:\/\/candas365.es\/noticias\/wp-content\/uploads\/2018\/06\/football-1406106_960_720-1.jpg","width":960,"height":643},"datePublished":"2021-05-07T14:42:49+02:00","dateModified":"2021-05-07T14:42:49+02:00","inLanguage":"es-ES","mainEntityOfPage":{"@id":"https:\/\/candas365.es\/noticias\/la-seleccion-femenina-de-futbol-arrancara-la-clasificacion-para-el-mundial-con-tres-salidas-seguidas\/#webpage"},"isPartOf":{"@id":"https:\/\/candas365.es\/noticias\/la-seleccion-femenina-de-futbol-arrancara-la-clasificacion-para-el-mundial-con-tres-salidas-seguidas\/#webpage"},"articleSection":"Deporte","dateline":"Publicado el mayo 7, 2021."},{"@type":"Organization","@id":"https:\/\/candas365.es\/noticias\/#organization","name":"Cand\u00e1s 365","description":"Cand\u00e1s 365 es un diario digital independiente, fundado en 2012, con base en Asturias. Informamos con rigor sobre actualidad, sociedad, cultura y ocio, con una mirada local y global.","url":"https:\/\/candas365.es\/noticias\/","email":"info@candas365.es","telephone":"+34652131393","foundingDate":"2012-06-10","logo":{"@type":"ImageObject","url":"https:\/\/candas365.es\/noticias\/wp-content\/uploads\/2024\/09\/Candas-365-Redes.jpg","@id":"https:\/\/candas365.es\/noticias\/la-seleccion-femenina-de-futbol-arrancara-la-clasificacion-para-el-mundial-con-tres-salidas-seguidas\/#organizationLogo","width":1152,"height":864,"caption":"Cand\u00e1s 365 Redes"},"image":{"@id":"https:\/\/candas365.es\/noticias\/la-seleccion-femenina-de-futbol-arrancara-la-clasificacion-para-el-mundial-con-tres-salidas-seguidas\/#organizationLogo"},"sameAs":["https:\/\/www.facebook.com\/Nachofdezber","https:\/\/x.com\/NabercoDigital","https:\/\/www.instagram.com\/nachofdezber\/","https:\/\/www.youtube.com\/channel\/UCZP-2wLEB9Rv6erhFmqVnvg"],"address":{"@id":"https:\/\/candas365.es\/noticias\/#postaladdress","@type":"PostalAddress","streetAddress":"san antonio 4, san antonio 4","postalCode":"33430","addressLocality":"Cand\u00e1s","addressRegion":"Asturias","addressCountry":"ES"}},{"@type":"Person","@id":"https:\/\/candas365.es\/noticias\/author\/admin\/#author","url":"https:\/\/candas365.es\/noticias\/author\/admin\/","name":"Cand\u00e1s 365","image":{"@type":"ImageObject","@id":"https:\/\/candas365.es\/noticias\/la-seleccion-femenina-de-futbol-arrancara-la-clasificacion-para-el-mundial-con-tres-salidas-seguidas\/#authorImage","url":"https:\/\/secure.gravatar.com\/avatar\/496a8e03d0c493ede1718b7934145dbdf8d89be1036b0eec9544e1094c9de390?s=96&d=mm&r=g","width":96,"height":96,"caption":"Cand\u00e1s 365"},"sameAs":["https:\/\/www.facebook.com\/carrenoactualidad","https:\/\/twitter.com\/nbasturias","https:\/\/www.instagram.com\/nachofdezber\/","https:\/\/www.youtube.com\/channel\/UCZP-2wLEB9Rv6erhFmqVnvg"]},{"@type":"WebPage","@id":"https:\/\/candas365.es\/noticias\/la-seleccion-femenina-de-futbol-arrancara-la-clasificacion-para-el-mundial-con-tres-salidas-seguidas\/#webpage","url":"https:\/\/candas365.es\/noticias\/la-seleccion-femenina-de-futbol-arrancara-la-clasificacion-para-el-mundial-con-tres-salidas-seguidas\/","name":"La selecci\u00f3n femenina de f\u00fatbol arrancar\u00e1 la clasificaci\u00f3n para el Mundial con tres salidas seguidas | Cand\u00e1s 365","description":"(EP) - La selecci\u00f3n espa\u00f1ola femenina de f\u00fatbol arrancar\u00e1 a mediados de septiembre la fase de clasificaci\u00f3n para el Mundial de 2023 que se disputar\u00e1 en Australia y Nueva Zelanda con tres salidas consecutivas. Seg\u00fan inform\u00f3 el portal 'sefutbol.com', Espa\u00f1a comenzar\u00e1 este recorrido el 16 de septiembre visitando a las Islas Feroe y cinco d\u00edas","inLanguage":"es-ES","isPartOf":{"@id":"https:\/\/candas365.es\/noticias\/#website"},"breadcrumb":{"@id":"https:\/\/candas365.es\/noticias\/la-seleccion-femenina-de-futbol-arrancara-la-clasificacion-para-el-mundial-con-tres-salidas-seguidas\/#breadcrumblist"},"author":{"@id":"https:\/\/candas365.es\/noticias\/author\/admin\/#author"},"creator":{"@id":"https:\/\/candas365.es\/noticias\/author\/admin\/#author"},"image":{"@type":"ImageObject","url":"https:\/\/candas365.es\/noticias\/wp-content\/uploads\/2018\/06\/football-1406106_960_720-1.jpg","@id":"https:\/\/candas365.es\/noticias\/la-seleccion-femenina-de-futbol-arrancara-la-clasificacion-para-el-mundial-con-tres-salidas-seguidas\/#mainImage","width":960,"height":643},"primaryImageOfPage":{"@id":"https:\/\/candas365.es\/noticias\/la-seleccion-femenina-de-futbol-arrancara-la-clasificacion-para-el-mundial-con-tres-salidas-seguidas\/#mainImage"},"datePublished":"2021-05-07T14:42:49+02:00","dateModified":"2021-05-07T14:42:49+02:00"},{"@type":"WebSite","@id":"https:\/\/candas365.es\/noticias\/#website","url":"https:\/\/candas365.es\/noticias\/","name":"Cand\u00e1s 365","alternateName":"Cand\u00e1s 365 Noticias","description":"Actualidad desde Carre\u00f1o para el mundo","inLanguage":"es-ES","publisher":{"@id":"https:\/\/candas365.es\/noticias\/#organization"}}]},"og:locale":"es_ES","og:site_name":"Cand\u00e1s 365","og:type":"article","og:title":"La selecci\u00f3n femenina de f\u00fatbol arrancar\u00e1 la clasificaci\u00f3n para el Mundial con tres salidas seguidas | Cand\u00e1s 365","og:description":"(EP) - La selecci\u00f3n espa\u00f1ola femenina de f\u00fatbol arrancar\u00e1 a mediados de septiembre la fase de clasificaci\u00f3n para el Mundial de 2023 que se disputar\u00e1 en Australia y Nueva Zelanda con tres salidas consecutivas. Seg\u00fan inform\u00f3 el portal 'sefutbol.com', Espa\u00f1a comenzar\u00e1 este recorrido el 16 de septiembre visitando a las Islas Feroe y cinco d\u00edas","og:url":"https:\/\/candas365.es\/noticias\/la-seleccion-femenina-de-futbol-arrancara-la-clasificacion-para-el-mundial-con-tres-salidas-seguidas\/","og:image":"https:\/\/candas365.es\/noticias\/wp-content\/uploads\/2018\/06\/football-1406106_960_720-1.jpg","og:image:secure_url":"https:\/\/candas365.es\/noticias\/wp-content\/uploads\/2018\/06\/football-1406106_960_720-1.jpg","og:image:width":960,"og:image:height":643,"article:published_time":"2021-05-07T14:42:49+00:00","article:modified_time":"2021-05-07T14:42:49+00:00","article:publisher":"https:\/\/www.facebook.com\/Nachofdezber","article:author":"https:\/\/www.facebook.com\/carrenoactualidad","twitter:card":"summary_large_image","twitter:site":"@NabercoDigital","twitter:title":"La selecci\u00f3n femenina de f\u00fatbol arrancar\u00e1 la clasificaci\u00f3n para el Mundial con tres salidas seguidas | Cand\u00e1s 365","twitter:description":"(EP) - La selecci\u00f3n espa\u00f1ola femenina de f\u00fatbol arrancar\u00e1 a mediados de septiembre la fase de clasificaci\u00f3n para el Mundial de 2023 que se disputar\u00e1 en Australia y Nueva Zelanda con tres salidas consecutivas. Seg\u00fan inform\u00f3 el portal 'sefutbol.com', Espa\u00f1a comenzar\u00e1 este recorrido el 16 de septiembre visitando a las Islas Feroe y cinco d\u00edas","twitter:creator":"@nbasturias","twitter:image":"https:\/\/candas365.es\/noticias\/wp-content\/uploads\/2018\/06\/football-1406106_960_720-1.jpg","twitter:label1":"Escrito por","twitter:data1":"Cand\u00e1s 365","twitter:label2":"Tiempo de lectura estimado","twitter:data2":"1 minuto"},"aioseo_meta_data":{"post_id":"154426","title":null,"description":null,"keywords":[],"keyphrases":{"focus":[],"additional":[]},"primary_term":null,"canonical_url":null,"og_title":null,"og_description":null,"og_object_type":"default","og_image_type":"default","og_image_url":null,"og_image_width":null,"og_image_height":null,"og_image_custom_url":null,"og_image_custom_fields":null,"og_video":"","og_custom_url":null,"og_article_section":null,"og_article_tags":[],"twitter_use_og":false,"twitter_card":"default","twitter_image_type":"default","twitter_image_url":null,"twitter_image_custom_url":null,"twitter_image_custom_fields":null,"twitter_title":null,"twitter_description":null,"schema":{"blockGraphs":[],"customGraphs":[],"default":{"data":{"Article":[],"Course":[],"Dataset":[],"FAQPage":[],"Movie":[],"Person":[],"Product":[],"ProductReview":[],"Car":[],"Recipe":[],"Service":[],"SoftwareApplication":[],"WebPage":[]},"graphName":"","isEnabled":true},"graphs":[],"defaultGraph":"Article","defaultPostTypeGraph":""},"schema_type":"default","schema_type_options":"{\"article\":{\"articleType\":\"BlogPosting\"},\"course\":{\"name\":\"\",\"description\":\"\",\"provider\":\"\"},\"faq\":{\"pages\":[]},\"product\":{\"reviews\":[]},\"recipe\":{\"ingredients\":[],\"instructions\":[],\"keywords\":[]},\"software\":{\"reviews\":[],\"operatingSystems\":[]},\"webPage\":{\"webPageType\":\"WebPage\"}}","pillar_content":false,"robots_default":true,"robots_noindex":false,"robots_noarchive":false,"robots_nosnippet":false,"robots_nofollow":false,"robots_noimageindex":false,"robots_noodp":false,"robots_notranslate":false,"robots_max_snippet":"-1","robots_max_videopreview":"-1","robots_max_imagepreview":"large","priority":null,"frequency":"default","location":null,"local_seo":{"locations":{"business":{"name":"","businessType":"","image":"","areaServed":"","urls":{"website":"","aboutPage":"","contactPage":""},"address":{"streetLine1":"","streetLine2":"","zipCode":"","city":"","state":"","country":"","addressFormat":"#streetLineOne\n#streetLineTwo\n#city, #state #zipCode"},"contact":{"phone":"","email":"","fax":""},"ids":{"vat":"","tax":"","chamberOfCommerce":""},"payment":{"priceRange":"","currenciesAccepted":"","methods":""}}},"openingHours":{"useDefaults":true,"show":true,"alwaysOpen":false,"use24hFormat":false,"timezone":"","labels":{"closed":"","alwaysOpen":""},"days":{"monday":{"open24h":false,"closed":false,"openTime":"09:00","closeTime":"17:00"},"tuesday":{"open24h":false,"closed":false,"openTime":"09:00","closeTime":"17:00"},"wednesday":{"open24h":false,"closed":false,"openTime":"09:00","closeTime":"17:00"},"thursday":{"open24h":false,"closed":false,"openTime":"09:00","closeTime":"17:00"},"friday":{"open24h":false,"closed":false,"openTime":"09:00","closeTime":"17:00"},"saturday":{"open24h":false,"closed":false,"openTime":"09:00","closeTime":"17:00"},"sunday":{"open24h":false,"closed":false,"openTime":"09:00","closeTime":"17:00"}}}},"seo_analyzer_scan_date":"2025-08-31 21:16:16","breadcrumb_settings":null,"limit_modified_date":false,"reviewed_by":null,"open_ai":null,"ai":null,"created":"2021-05-07 14:41:28","updated":"2025-08-31 21:16:16"},"aioseo_breadcrumb":"<div class=\"aioseo-breadcrumbs\"><span class=\"aioseo-breadcrumb\">\n\t<a href=\"https:\/\/candas365.es\/noticias\" title=\"Home\">Home<\/a>\n<\/span><span class=\"aioseo-breadcrumb-separator\">&ndash;<\/span><span class=\"aioseo-breadcrumb\">\n\t<a href=\"https:\/\/candas365.es\/noticias\/category\/deporte\/\" title=\"Deporte\">Deporte<\/a>\n<\/span><span class=\"aioseo-breadcrumb-separator\">&ndash;<\/span><span class=\"aioseo-breadcrumb\">\n\tLa selecci\u00f3n femenina de f\u00fatbol arrancar\u00e1 la clasificaci\u00f3n para el Mundial con tres salidas seguidas\n<\/span><\/div>","aioseo_breadcrumb_json":[{"label":"Home","link":"https:\/\/candas365.es\/noticias"},{"label":"Deporte","link":"https:\/\/candas365.es\/noticias\/category\/deporte\/"},{"label":"La selecci\u00f3n femenina de f\u00fatbol arrancar\u00e1 la clasificaci\u00f3n para el Mundial con tres salidas seguidas","link":"https:\/\/candas365.es\/noticias\/la-seleccion-femenina-de-futbol-arrancara-la-clasificacion-para-el-mundial-con-tres-salidas-seguidas\/"}],"_links":{"self":[{"href":"https:\/\/candas365.es\/noticias\/wp-json\/wp\/v2\/posts\/154426","targetHints":{"allow":["GET"]}}],"collection":[{"href":"https:\/\/candas365.es\/noticias\/wp-json\/wp\/v2\/posts"}],"about":[{"href":"https:\/\/candas365.es\/noticias\/wp-json\/wp\/v2\/types\/post"}],"author":[{"embeddable":true,"href":"https:\/\/candas365.es\/noticias\/wp-json\/wp\/v2\/users\/1"}],"replies":[{"embeddable":true,"href":"https:\/\/candas365.es\/noticias\/wp-json\/wp\/v2\/comments?post=154426"}],"version-history":[{"count":0,"href":"https:\/\/candas365.es\/noticias\/wp-json\/wp\/v2\/posts\/154426\/revisions"}],"wp:featuredmedia":[{"embeddable":true,"href":"https:\/\/candas365.es\/noticias\/wp-json\/wp\/v2\/media\/98026"}],"wp:attachment":[{"href":"https:\/\/candas365.es\/noticias\/wp-json\/wp\/v2\/media?parent=154426"}],"wp:term":[{"taxonomy":"category","embeddable":true,"href":"https:\/\/candas365.es\/noticias\/wp-json\/wp\/v2\/categories?post=154426"},{"taxonomy":"post_tag","embeddable":true,"href":"https:\/\/candas365.es\/noticias\/wp-json\/wp\/v2\/tags?post=154426"}],"curies":[{"name":"wp","href":"https:\/\/api.w.org\/{rel}","templated":true}]}}