{"id":154378,"date":"2021-05-06T12:26:29","date_gmt":"2021-05-06T12:26:29","guid":{"rendered":"http:\/\/candas365.es\/noticias\/?p=154378"},"modified":"2021-05-06T12:26:29","modified_gmt":"2021-05-06T12:26:29","slug":"la-superliga-europea-las-consecuencias-de-un-proyecto-fallido-en-tres-dias","status":"publish","type":"post","link":"https:\/\/candas365.es\/noticias\/la-superliga-europea-las-consecuencias-de-un-proyecto-fallido-en-tres-dias\/","title":{"rendered":"La Superliga Europea: las consecuencias de un proyecto fallido, en tres d\u00edas"},"content":{"rendered":"<p><i><span style=\"font-weight: 400;\">An\u00e1lisis de los principales errores y los efectos para clubes y otros protagonistas de la nueva competici\u00f3n<\/span><\/i><\/p>\n<p><img fetchpriority=\"high\" decoding=\"async\" class=\"aligncenter wp-image-154379 size-large\" src=\"https:\/\/candas365.es\/noticias\/wp-content\/uploads\/2021\/05\/SuperLiga-650x404.jpg\" alt=\"\" width=\"640\" height=\"398\" srcset=\"https:\/\/candas365.es\/noticias\/wp-content\/uploads\/2021\/05\/SuperLiga-650x404.jpg 650w, https:\/\/candas365.es\/noticias\/wp-content\/uploads\/2021\/05\/SuperLiga-360x224.jpg 360w, https:\/\/candas365.es\/noticias\/wp-content\/uploads\/2021\/05\/SuperLiga-400x250.jpg 400w, https:\/\/candas365.es\/noticias\/wp-content\/uploads\/2021\/05\/SuperLiga.jpg 698w\" sizes=\"(max-width: 640px) 100vw, 640px\" \/><\/p>\n<p><b>VENEZUELA <\/b><span style=\"font-weight: 400;\">&#8211; El informe, redactado, por el periodista <\/span><span style=\"color: #ff6600;\"><strong><a style=\"color: #ff6600;\" href=\"https:\/\/tomaseliasgonzalezbenitezvenezuela.com\/\" target=\"_blank\" rel=\"nofollow noopener\">Tom\u00e1s El\u00edas Gonz\u00e1lez Ben\u00edtez<\/a><\/strong><\/span><span style=\"font-weight: 400;\"> estudia las consecuencias de la debacle de la Superliga Europea para clubes y dirigentes. La UEFA venci\u00f3, en 72 horas, a los doce equipos fundadores. Los efectos de la crisis europea comienzan a manifestarse.<\/span><\/p>\n<h2><b>Los errores que condenan la Superliga Europea<\/b><\/h2>\n<p><span style=\"font-weight: 400;\">El fracaso de la Superliga Europea se ha producido en un tiempo r\u00e9cord. Varios errores de los doce equipos fundadores han marcado la ruptura total del proyecto. La falta de uni\u00f3n y organizaci\u00f3n &#8216;ha goleado&#8217; a los grandes de Europa.\u00a0<\/span><\/p>\n<p><span style=\"font-weight: 400;\">Como primer error, se puede se\u00f1alar la ausencia comunicativa y de transparencia. El proyecto se expuso con un comunicado de prensa, como el del FC Barcelona.<\/span><\/p>\n<p><span style=\"font-weight: 400;\">La Superliga Europea, con los mejores clubes del continente, demandaba una presentaci\u00f3n \u00fanica, con la exposici\u00f3n de todos los representantes.<\/span><\/p>\n<p><span style=\"font-weight: 400;\">Por otro lado, la UEFA siempre ha ido un paso por delante de los equipos participantes en la competici\u00f3n europea.<\/span><\/p>\n<p><span style=\"font-weight: 400;\">El organismo estaba preparado para todos los movimientos de los fundadores del proyecto.<\/span><\/p>\n<h2><b>La imagen de Florentino P\u00e9rez<\/b><\/h2>\n<p><span style=\"font-weight: 400;\">El presidente del Real Madrid y la Superliga Europea, Florentino P\u00e9rez, ha sido el m\u00e1s da\u00f1ado.<\/span><\/p>\n<p><span style=\"font-weight: 400;\">Su imagen y reputaci\u00f3n se ha visto muy afectada con el rechazo y abandono de la nueva competici\u00f3n europea.<\/span><\/p>\n<p><span style=\"font-weight: 400;\">De hecho, se ha quedado solo en la defensa y continuidad de la Superliga Europea. Pese a que el FC Barcelona no se ha retirado completamente, el club cul\u00e9 s\u00ed ha reconocido la necesidad de cambios.<\/span><\/p>\n<p><span style=\"font-weight: 400;\">La presencia de Florentino P\u00e9rez, en un medio de comunicaci\u00f3n con poca audiencia, para explicar el proyecto no ha sido su mejor decisi\u00f3n.<\/span><\/p>\n<p><span style=\"font-weight: 400;\">Adem\u00e1s, el presidente del Real Madrid afirm\u00f3 que los j\u00f3venes, de hoy en d\u00eda, no son consumidores del f\u00fatbol actual.<\/span><\/p>\n<p><span style=\"font-weight: 400;\">Unas declaraciones que provocaron el enfrentamiento con un sector, que horas despu\u00e9s, se ha manifestado en los aleda\u00f1os de los estadios.<\/span><\/p>\n<p><i><span style=\"font-weight: 400;\">\u201cEl f\u00fatbol es de los aficionados\u201d, <\/span><\/i><span style=\"font-weight: 400;\">han repetido los seguidores de todos los equipos implicados.<\/span><\/p>\n<h2><b>Dimisiones en los clubes ingleses<\/b><\/h2>\n<p><span style=\"font-weight: 400;\">Los clubes ingleses fueron los primeros en dar el paso hacia la retirada del proyecto. Y, son los primeros en recibir las consecuencias. La BBC publicaba, en un art\u00edculo, que los dirigentes de los equipos fundadores est\u00e1n siendo obligados a abandonar sus cargos.<\/span><\/p>\n<p><span style=\"font-weight: 400;\">A trav\u00e9s de un comunicado de prensa, el Manchester United anunci\u00f3 la renuncia de Ed Woodward, vicepresidente ejecutivo del club.<\/span><\/p>\n<p><span style=\"font-weight: 400;\">Lo mismo ha ocurrido con Tom Werner, que deja el grupo asesor para las retransmisiones televisivas del Liverpool. Y, el director general del Manchester City, Ferran Soriano; y Vinai Venkatesham, del Arsenal, dimiten del grupo asesor de estrategia de la Premier League.<\/span><\/p>\n<h2><b>El abandono del proyecto<\/b><\/h2>\n<p><span style=\"font-weight: 400;\">La marcha de los diferentes equipos traer\u00e1 consecuencias, seg\u00fan Florentino P\u00e9rez. Las cl\u00e1usulas del contrato se\u00f1alan las repercusiones de no cumplimiento.<\/span><\/p>\n<p><span style=\"font-weight: 400;\">Menos FC Barcelona y Real Madrid, todos los dem\u00e1s deber\u00e1n enfrentarse a una posible multa econ\u00f3mica.<\/span><\/p>\n<p><span style=\"font-weight: 400;\">Desde el primer momento en el que sali\u00f3 a la luz el plan europeo, los jugadores de los equipos han rechazado el proyecto.<\/span><\/p>\n<p><span style=\"font-weight: 400;\">Muchos conocieron el comienzo de la Superliga Europea, en el mismo instante en el que se public\u00f3 la nota de prensa. Incluso, jugadores de los equipos fundadores.<\/span><\/p>\n<h2><b>Consecuencias para la UEFA<\/b><\/h2>\n<p><span style=\"font-weight: 400;\">Pese a la victoria de la UEFA, frente a los equipos de la Superliga Europea, el organismo tambi\u00e9n se ha visto afectado por la crisis.<\/span><\/p>\n<p><span style=\"font-weight: 400;\">Los doce clubes m\u00e1s importantes de Europa han demandado un cambio, y la UEFA debe responder, al menos, escuchando sus condiciones.<\/span><\/p>\n<p><span style=\"font-weight: 400;\">De hecho, la UEFA present\u00f3 el nuevo formato de Champions, en medio del temporal de la Superliga para combatir el argumento de los equipos.<\/span><\/p>\n<h2><b>Bayern de M\u00fanich y Manchester City<\/b><\/h2>\n<p><span style=\"font-weight: 400;\">Los equipos que, verdaderamente, salen reforzados de la crisis de la Superliga Europea son Bayern de M\u00fanich y Manchester City.<\/span><\/p>\n<p><span style=\"font-weight: 400;\">Dos grandes de Europa, que rechazaron de primera, la Superliga Europea, y se quedaron al lado de la UEFA.<\/span><\/p>\n<h2><b>Conclusiones<\/b><\/h2>\n<p><span style=\"font-weight: 400;\">En solo tres d\u00edas, la Superliga Europea se despidi\u00f3. La competici\u00f3n, pese a no disputarse, tiene consecuencias para todos los implicados.<\/span><\/p>\n<p><span style=\"font-weight: 400;\">El proyecto supon\u00eda una ruptura del modelo tradicional de f\u00fatbol para incorporar unas nuevas normas, que beneficiaba a los equipos m\u00e1s importantes de Europa.<\/span><\/p>\n<p>&nbsp;<\/p>\n","protected":false},"excerpt":{"rendered":"<p>An\u00e1lisis de los principales errores y los efectos para clubes y otros protagonistas de la nueva competici\u00f3n VENEZUELA &#8211; El informe, redactado, por el periodista Tom\u00e1s El\u00edas Gonz\u00e1lez Ben\u00edtez estudia las consecuencias de la debacle de la Superliga Europea para clubes y dirigentes. La UEFA venci\u00f3, en 72 horas, a los doce equipos fundadores. Los<\/p>\n","protected":false},"author":1,"featured_media":154379,"comment_status":"closed","ping_status":"closed","sticky":false,"template":"","format":"standard","meta":{"footnotes":""},"categories":[319],"tags":[],"class_list":{"0":"post-154378","1":"post","2":"type-post","3":"status-publish","4":"format-standard","5":"has-post-thumbnail","7":"category-deporte"},"aioseo_notices":[],"aioseo_head":"\n\t\t<!-- All in One SEO Pro 4.9.6.2 - aioseo.com -->\n\t<meta name=\"description\" content=\"El informe, redactado, por el periodista Tom\u00e1s El\u00edas Gonz\u00e1lez Ben\u00edtez estudia las consecuencias de la debacle de la Superliga Europea para clubes y dirigentes\" \/>\n\t<meta name=\"robots\" content=\"max-image-preview:large\" \/>\n\t<meta name=\"author\" content=\"Cand\u00e1s 365\"\/>\n\t<meta name=\"google-site-verification\" content=\"UA-32230408-1\" \/>\n\t<meta name=\"msvalidate.01\" content=\"354F3CDFB2DA171B47FBE9ABF1F88D5\" \/>\n\t<meta name=\"keywords\" content=\"deporte\" \/>\n\t<link rel=\"canonical\" href=\"https:\/\/candas365.es\/noticias\/la-superliga-europea-las-consecuencias-de-un-proyecto-fallido-en-tres-dias\/\" \/>\n\t<meta name=\"generator\" content=\"All in One SEO Pro (AIOSEO) 4.9.6.2\" \/>\n\t\t<meta property=\"og:locale\" content=\"es_ES\" \/>\n\t\t<meta property=\"og:site_name\" content=\"Cand\u00e1s 365\" \/>\n\t\t<meta property=\"og:type\" content=\"article\" \/>\n\t\t<meta property=\"og:title\" content=\"La Superliga Europea: las consecuencias de un proyecto fallido, en tres d\u00edas | Cand\u00e1s 365\" \/>\n\t\t<meta property=\"og:description\" content=\"El informe, redactado, por el periodista Tom\u00e1s El\u00edas Gonz\u00e1lez Ben\u00edtez estudia las consecuencias de la debacle de la Superliga Europea para clubes y dirigentes\" \/>\n\t\t<meta property=\"og:url\" content=\"https:\/\/candas365.es\/noticias\/la-superliga-europea-las-consecuencias-de-un-proyecto-fallido-en-tres-dias\/\" \/>\n\t\t<meta property=\"og:image\" content=\"https:\/\/candas365.es\/noticias\/wp-content\/uploads\/2021\/05\/SuperLiga.jpg\" \/>\n\t\t<meta property=\"og:image:secure_url\" content=\"https:\/\/candas365.es\/noticias\/wp-content\/uploads\/2021\/05\/SuperLiga.jpg\" \/>\n\t\t<meta property=\"og:image:width\" content=\"698\" \/>\n\t\t<meta property=\"og:image:height\" content=\"434\" \/>\n\t\t<meta property=\"article:published_time\" content=\"2021-05-06T12:26:29+00:00\" \/>\n\t\t<meta property=\"article:modified_time\" content=\"2021-05-06T12:26:29+00:00\" \/>\n\t\t<meta property=\"article:publisher\" content=\"https:\/\/www.facebook.com\/Nachofdezber\" \/>\n\t\t<meta property=\"article:author\" content=\"https:\/\/www.facebook.com\/carrenoactualidad\" \/>\n\t\t<meta name=\"twitter:card\" content=\"summary_large_image\" \/>\n\t\t<meta name=\"twitter:site\" content=\"@NabercoDigital\" \/>\n\t\t<meta name=\"twitter:title\" content=\"La Superliga Europea: las consecuencias de un proyecto fallido, en tres d\u00edas | Cand\u00e1s 365\" \/>\n\t\t<meta name=\"twitter:description\" content=\"El informe, redactado, por el periodista Tom\u00e1s El\u00edas Gonz\u00e1lez Ben\u00edtez estudia las consecuencias de la debacle de la Superliga Europea para clubes y dirigentes\" \/>\n\t\t<meta name=\"twitter:creator\" content=\"@nbasturias\" \/>\n\t\t<meta name=\"twitter:image\" content=\"https:\/\/candas365.es\/noticias\/wp-content\/uploads\/2021\/05\/SuperLiga.jpg\" \/>\n\t\t<meta name=\"twitter:label1\" content=\"Escrito por\" \/>\n\t\t<meta name=\"twitter:data1\" content=\"Cand\u00e1s 365\" \/>\n\t\t<meta name=\"twitter:label2\" content=\"Tiempo de lectura estimado\" \/>\n\t\t<meta name=\"twitter:data2\" content=\"4 minutos\" \/>\n\t\t<script type=\"application\/ld+json\" class=\"aioseo-schema\">\n\t\t\t{\"@context\":\"https:\\\/\\\/schema.org\",\"@graph\":[{\"@type\":\"BreadcrumbList\",\"@id\":\"https:\\\/\\\/candas365.es\\\/noticias\\\/la-superliga-europea-las-consecuencias-de-un-proyecto-fallido-en-tres-dias\\\/#breadcrumblist\",\"itemListElement\":[{\"@type\":\"ListItem\",\"@id\":\"https:\\\/\\\/candas365.es\\\/noticias#listItem\",\"position\":1,\"name\":\"Home\",\"item\":\"https:\\\/\\\/candas365.es\\\/noticias\",\"nextItem\":{\"@type\":\"ListItem\",\"@id\":\"https:\\\/\\\/candas365.es\\\/noticias\\\/category\\\/deporte\\\/#listItem\",\"name\":\"Deporte\"}},{\"@type\":\"ListItem\",\"@id\":\"https:\\\/\\\/candas365.es\\\/noticias\\\/category\\\/deporte\\\/#listItem\",\"position\":2,\"name\":\"Deporte\",\"item\":\"https:\\\/\\\/candas365.es\\\/noticias\\\/category\\\/deporte\\\/\",\"nextItem\":{\"@type\":\"ListItem\",\"@id\":\"https:\\\/\\\/candas365.es\\\/noticias\\\/la-superliga-europea-las-consecuencias-de-un-proyecto-fallido-en-tres-dias\\\/#listItem\",\"name\":\"La Superliga Europea: las consecuencias de un proyecto fallido, en tres d\\u00edas\"},\"previousItem\":{\"@type\":\"ListItem\",\"@id\":\"https:\\\/\\\/candas365.es\\\/noticias#listItem\",\"name\":\"Home\"}},{\"@type\":\"ListItem\",\"@id\":\"https:\\\/\\\/candas365.es\\\/noticias\\\/la-superliga-europea-las-consecuencias-de-un-proyecto-fallido-en-tres-dias\\\/#listItem\",\"position\":3,\"name\":\"La Superliga Europea: las consecuencias de un proyecto fallido, en tres d\\u00edas\",\"previousItem\":{\"@type\":\"ListItem\",\"@id\":\"https:\\\/\\\/candas365.es\\\/noticias\\\/category\\\/deporte\\\/#listItem\",\"name\":\"Deporte\"}}]},{\"@type\":\"NewsArticle\",\"@id\":\"https:\\\/\\\/candas365.es\\\/noticias\\\/la-superliga-europea-las-consecuencias-de-un-proyecto-fallido-en-tres-dias\\\/#newsarticle\",\"name\":\"La Superliga Europea: las consecuencias de un proyecto fallido, en tres d\\u00edas | Cand\\u00e1s 365\",\"headline\":\"La Superliga Europea: las consecuencias de un proyecto fallido, en tres d\\u00edas\",\"author\":{\"@id\":\"https:\\\/\\\/candas365.es\\\/noticias\\\/author\\\/admin\\\/#author\"},\"publisher\":{\"@id\":\"https:\\\/\\\/candas365.es\\\/noticias\\\/#organization\"},\"image\":{\"@type\":\"ImageObject\",\"url\":\"https:\\\/\\\/candas365.es\\\/noticias\\\/wp-content\\\/uploads\\\/2021\\\/05\\\/SuperLiga.jpg\",\"width\":698,\"height\":434},\"datePublished\":\"2021-05-06T12:26:29+02:00\",\"dateModified\":\"2021-05-06T12:26:29+02:00\",\"inLanguage\":\"es-ES\",\"mainEntityOfPage\":{\"@id\":\"https:\\\/\\\/candas365.es\\\/noticias\\\/la-superliga-europea-las-consecuencias-de-un-proyecto-fallido-en-tres-dias\\\/#webpage\"},\"isPartOf\":{\"@id\":\"https:\\\/\\\/candas365.es\\\/noticias\\\/la-superliga-europea-las-consecuencias-de-un-proyecto-fallido-en-tres-dias\\\/#webpage\"},\"articleSection\":\"Deporte\",\"dateline\":\"Publicado el mayo 6, 2021.\"},{\"@type\":\"Organization\",\"@id\":\"https:\\\/\\\/candas365.es\\\/noticias\\\/#organization\",\"name\":\"Cand\\u00e1s 365\",\"description\":\"Cand\\u00e1s 365 es un diario digital independiente, fundado en 2012, con base en Asturias. Informamos con rigor sobre actualidad, sociedad, cultura y ocio, con una mirada local y global.\",\"url\":\"https:\\\/\\\/candas365.es\\\/noticias\\\/\",\"email\":\"info@candas365.es\",\"telephone\":\"+34652131393\",\"foundingDate\":\"2012-06-10\",\"logo\":{\"@type\":\"ImageObject\",\"url\":\"https:\\\/\\\/candas365.es\\\/noticias\\\/wp-content\\\/uploads\\\/2024\\\/09\\\/Candas-365-Redes.jpg\",\"@id\":\"https:\\\/\\\/candas365.es\\\/noticias\\\/la-superliga-europea-las-consecuencias-de-un-proyecto-fallido-en-tres-dias\\\/#organizationLogo\",\"width\":1152,\"height\":864,\"caption\":\"Cand\\u00e1s 365 Redes\"},\"image\":{\"@id\":\"https:\\\/\\\/candas365.es\\\/noticias\\\/la-superliga-europea-las-consecuencias-de-un-proyecto-fallido-en-tres-dias\\\/#organizationLogo\"},\"sameAs\":[\"https:\\\/\\\/www.facebook.com\\\/Nachofdezber\",\"https:\\\/\\\/x.com\\\/NabercoDigital\",\"https:\\\/\\\/www.instagram.com\\\/nachofdezber\\\/\",\"https:\\\/\\\/www.youtube.com\\\/channel\\\/UCZP-2wLEB9Rv6erhFmqVnvg\"],\"address\":{\"@id\":\"https:\\\/\\\/candas365.es\\\/noticias\\\/#postaladdress\",\"@type\":\"PostalAddress\",\"streetAddress\":\"san antonio 4, san antonio 4\",\"postalCode\":\"33430\",\"addressLocality\":\"Cand\\u00e1s\",\"addressRegion\":\"Asturias\",\"addressCountry\":\"ES\"}},{\"@type\":\"Person\",\"@id\":\"https:\\\/\\\/candas365.es\\\/noticias\\\/author\\\/admin\\\/#author\",\"url\":\"https:\\\/\\\/candas365.es\\\/noticias\\\/author\\\/admin\\\/\",\"name\":\"Cand\\u00e1s 365\",\"image\":{\"@type\":\"ImageObject\",\"@id\":\"https:\\\/\\\/candas365.es\\\/noticias\\\/la-superliga-europea-las-consecuencias-de-un-proyecto-fallido-en-tres-dias\\\/#authorImage\",\"url\":\"https:\\\/\\\/secure.gravatar.com\\\/avatar\\\/496a8e03d0c493ede1718b7934145dbdf8d89be1036b0eec9544e1094c9de390?s=96&d=mm&r=g\",\"width\":96,\"height\":96,\"caption\":\"Cand\\u00e1s 365\"},\"sameAs\":[\"https:\\\/\\\/www.facebook.com\\\/carrenoactualidad\",\"https:\\\/\\\/twitter.com\\\/nbasturias\",\"https:\\\/\\\/www.instagram.com\\\/nachofdezber\\\/\",\"https:\\\/\\\/www.youtube.com\\\/channel\\\/UCZP-2wLEB9Rv6erhFmqVnvg\"]},{\"@type\":\"WebPage\",\"@id\":\"https:\\\/\\\/candas365.es\\\/noticias\\\/la-superliga-europea-las-consecuencias-de-un-proyecto-fallido-en-tres-dias\\\/#webpage\",\"url\":\"https:\\\/\\\/candas365.es\\\/noticias\\\/la-superliga-europea-las-consecuencias-de-un-proyecto-fallido-en-tres-dias\\\/\",\"name\":\"La Superliga Europea: las consecuencias de un proyecto fallido, en tres d\\u00edas | Cand\\u00e1s 365\",\"description\":\"El informe, redactado, por el periodista Tom\\u00e1s El\\u00edas Gonz\\u00e1lez Ben\\u00edtez estudia las consecuencias de la debacle de la Superliga Europea para clubes y dirigentes\",\"inLanguage\":\"es-ES\",\"isPartOf\":{\"@id\":\"https:\\\/\\\/candas365.es\\\/noticias\\\/#website\"},\"breadcrumb\":{\"@id\":\"https:\\\/\\\/candas365.es\\\/noticias\\\/la-superliga-europea-las-consecuencias-de-un-proyecto-fallido-en-tres-dias\\\/#breadcrumblist\"},\"author\":{\"@id\":\"https:\\\/\\\/candas365.es\\\/noticias\\\/author\\\/admin\\\/#author\"},\"creator\":{\"@id\":\"https:\\\/\\\/candas365.es\\\/noticias\\\/author\\\/admin\\\/#author\"},\"image\":{\"@type\":\"ImageObject\",\"url\":\"https:\\\/\\\/candas365.es\\\/noticias\\\/wp-content\\\/uploads\\\/2021\\\/05\\\/SuperLiga.jpg\",\"@id\":\"https:\\\/\\\/candas365.es\\\/noticias\\\/la-superliga-europea-las-consecuencias-de-un-proyecto-fallido-en-tres-dias\\\/#mainImage\",\"width\":698,\"height\":434},\"primaryImageOfPage\":{\"@id\":\"https:\\\/\\\/candas365.es\\\/noticias\\\/la-superliga-europea-las-consecuencias-de-un-proyecto-fallido-en-tres-dias\\\/#mainImage\"},\"datePublished\":\"2021-05-06T12:26:29+02:00\",\"dateModified\":\"2021-05-06T12:26:29+02:00\"},{\"@type\":\"WebSite\",\"@id\":\"https:\\\/\\\/candas365.es\\\/noticias\\\/#website\",\"url\":\"https:\\\/\\\/candas365.es\\\/noticias\\\/\",\"name\":\"Cand\\u00e1s 365\",\"alternateName\":\"Cand\\u00e1s 365 Noticias\",\"description\":\"Actualidad desde Carre\\u00f1o para el mundo\",\"inLanguage\":\"es-ES\",\"publisher\":{\"@id\":\"https:\\\/\\\/candas365.es\\\/noticias\\\/#organization\"}}]}\n\t\t<\/script>\n\t\t<!-- All in One SEO Pro -->\r\n\t\t<title>La Superliga Europea: las consecuencias de un proyecto fallido, en tres d\u00edas | Cand\u00e1s 365<\/title>\n\n","aioseo_head_json":{"title":"La Superliga Europea: las consecuencias de un proyecto fallido, en tres d\u00edas | Cand\u00e1s 365","description":"El informe, redactado, por el periodista Tom\u00e1s El\u00edas Gonz\u00e1lez Ben\u00edtez estudia las consecuencias de la debacle de la Superliga Europea para clubes y dirigentes","canonical_url":"https:\/\/candas365.es\/noticias\/la-superliga-europea-las-consecuencias-de-un-proyecto-fallido-en-tres-dias\/","robots":"max-image-preview:large","keywords":"deporte","webmasterTools":{"google-site-verification":"UA-32230408-1","msvalidate.01":"354F3CDFB2DA171B47FBE9ABF1F88D5","miscellaneous":""},"schema":{"@context":"https:\/\/schema.org","@graph":[{"@type":"BreadcrumbList","@id":"https:\/\/candas365.es\/noticias\/la-superliga-europea-las-consecuencias-de-un-proyecto-fallido-en-tres-dias\/#breadcrumblist","itemListElement":[{"@type":"ListItem","@id":"https:\/\/candas365.es\/noticias#listItem","position":1,"name":"Home","item":"https:\/\/candas365.es\/noticias","nextItem":{"@type":"ListItem","@id":"https:\/\/candas365.es\/noticias\/category\/deporte\/#listItem","name":"Deporte"}},{"@type":"ListItem","@id":"https:\/\/candas365.es\/noticias\/category\/deporte\/#listItem","position":2,"name":"Deporte","item":"https:\/\/candas365.es\/noticias\/category\/deporte\/","nextItem":{"@type":"ListItem","@id":"https:\/\/candas365.es\/noticias\/la-superliga-europea-las-consecuencias-de-un-proyecto-fallido-en-tres-dias\/#listItem","name":"La Superliga Europea: las consecuencias de un proyecto fallido, en tres d\u00edas"},"previousItem":{"@type":"ListItem","@id":"https:\/\/candas365.es\/noticias#listItem","name":"Home"}},{"@type":"ListItem","@id":"https:\/\/candas365.es\/noticias\/la-superliga-europea-las-consecuencias-de-un-proyecto-fallido-en-tres-dias\/#listItem","position":3,"name":"La Superliga Europea: las consecuencias de un proyecto fallido, en tres d\u00edas","previousItem":{"@type":"ListItem","@id":"https:\/\/candas365.es\/noticias\/category\/deporte\/#listItem","name":"Deporte"}}]},{"@type":"NewsArticle","@id":"https:\/\/candas365.es\/noticias\/la-superliga-europea-las-consecuencias-de-un-proyecto-fallido-en-tres-dias\/#newsarticle","name":"La Superliga Europea: las consecuencias de un proyecto fallido, en tres d\u00edas | Cand\u00e1s 365","headline":"La Superliga Europea: las consecuencias de un proyecto fallido, en tres d\u00edas","author":{"@id":"https:\/\/candas365.es\/noticias\/author\/admin\/#author"},"publisher":{"@id":"https:\/\/candas365.es\/noticias\/#organization"},"image":{"@type":"ImageObject","url":"https:\/\/candas365.es\/noticias\/wp-content\/uploads\/2021\/05\/SuperLiga.jpg","width":698,"height":434},"datePublished":"2021-05-06T12:26:29+02:00","dateModified":"2021-05-06T12:26:29+02:00","inLanguage":"es-ES","mainEntityOfPage":{"@id":"https:\/\/candas365.es\/noticias\/la-superliga-europea-las-consecuencias-de-un-proyecto-fallido-en-tres-dias\/#webpage"},"isPartOf":{"@id":"https:\/\/candas365.es\/noticias\/la-superliga-europea-las-consecuencias-de-un-proyecto-fallido-en-tres-dias\/#webpage"},"articleSection":"Deporte","dateline":"Publicado el mayo 6, 2021."},{"@type":"Organization","@id":"https:\/\/candas365.es\/noticias\/#organization","name":"Cand\u00e1s 365","description":"Cand\u00e1s 365 es un diario digital independiente, fundado en 2012, con base en Asturias. Informamos con rigor sobre actualidad, sociedad, cultura y ocio, con una mirada local y global.","url":"https:\/\/candas365.es\/noticias\/","email":"info@candas365.es","telephone":"+34652131393","foundingDate":"2012-06-10","logo":{"@type":"ImageObject","url":"https:\/\/candas365.es\/noticias\/wp-content\/uploads\/2024\/09\/Candas-365-Redes.jpg","@id":"https:\/\/candas365.es\/noticias\/la-superliga-europea-las-consecuencias-de-un-proyecto-fallido-en-tres-dias\/#organizationLogo","width":1152,"height":864,"caption":"Cand\u00e1s 365 Redes"},"image":{"@id":"https:\/\/candas365.es\/noticias\/la-superliga-europea-las-consecuencias-de-un-proyecto-fallido-en-tres-dias\/#organizationLogo"},"sameAs":["https:\/\/www.facebook.com\/Nachofdezber","https:\/\/x.com\/NabercoDigital","https:\/\/www.instagram.com\/nachofdezber\/","https:\/\/www.youtube.com\/channel\/UCZP-2wLEB9Rv6erhFmqVnvg"],"address":{"@id":"https:\/\/candas365.es\/noticias\/#postaladdress","@type":"PostalAddress","streetAddress":"san antonio 4, san antonio 4","postalCode":"33430","addressLocality":"Cand\u00e1s","addressRegion":"Asturias","addressCountry":"ES"}},{"@type":"Person","@id":"https:\/\/candas365.es\/noticias\/author\/admin\/#author","url":"https:\/\/candas365.es\/noticias\/author\/admin\/","name":"Cand\u00e1s 365","image":{"@type":"ImageObject","@id":"https:\/\/candas365.es\/noticias\/la-superliga-europea-las-consecuencias-de-un-proyecto-fallido-en-tres-dias\/#authorImage","url":"https:\/\/secure.gravatar.com\/avatar\/496a8e03d0c493ede1718b7934145dbdf8d89be1036b0eec9544e1094c9de390?s=96&d=mm&r=g","width":96,"height":96,"caption":"Cand\u00e1s 365"},"sameAs":["https:\/\/www.facebook.com\/carrenoactualidad","https:\/\/twitter.com\/nbasturias","https:\/\/www.instagram.com\/nachofdezber\/","https:\/\/www.youtube.com\/channel\/UCZP-2wLEB9Rv6erhFmqVnvg"]},{"@type":"WebPage","@id":"https:\/\/candas365.es\/noticias\/la-superliga-europea-las-consecuencias-de-un-proyecto-fallido-en-tres-dias\/#webpage","url":"https:\/\/candas365.es\/noticias\/la-superliga-europea-las-consecuencias-de-un-proyecto-fallido-en-tres-dias\/","name":"La Superliga Europea: las consecuencias de un proyecto fallido, en tres d\u00edas | Cand\u00e1s 365","description":"El informe, redactado, por el periodista Tom\u00e1s El\u00edas Gonz\u00e1lez Ben\u00edtez estudia las consecuencias de la debacle de la Superliga Europea para clubes y dirigentes","inLanguage":"es-ES","isPartOf":{"@id":"https:\/\/candas365.es\/noticias\/#website"},"breadcrumb":{"@id":"https:\/\/candas365.es\/noticias\/la-superliga-europea-las-consecuencias-de-un-proyecto-fallido-en-tres-dias\/#breadcrumblist"},"author":{"@id":"https:\/\/candas365.es\/noticias\/author\/admin\/#author"},"creator":{"@id":"https:\/\/candas365.es\/noticias\/author\/admin\/#author"},"image":{"@type":"ImageObject","url":"https:\/\/candas365.es\/noticias\/wp-content\/uploads\/2021\/05\/SuperLiga.jpg","@id":"https:\/\/candas365.es\/noticias\/la-superliga-europea-las-consecuencias-de-un-proyecto-fallido-en-tres-dias\/#mainImage","width":698,"height":434},"primaryImageOfPage":{"@id":"https:\/\/candas365.es\/noticias\/la-superliga-europea-las-consecuencias-de-un-proyecto-fallido-en-tres-dias\/#mainImage"},"datePublished":"2021-05-06T12:26:29+02:00","dateModified":"2021-05-06T12:26:29+02:00"},{"@type":"WebSite","@id":"https:\/\/candas365.es\/noticias\/#website","url":"https:\/\/candas365.es\/noticias\/","name":"Cand\u00e1s 365","alternateName":"Cand\u00e1s 365 Noticias","description":"Actualidad desde Carre\u00f1o para el mundo","inLanguage":"es-ES","publisher":{"@id":"https:\/\/candas365.es\/noticias\/#organization"}}]},"og:locale":"es_ES","og:site_name":"Cand\u00e1s 365","og:type":"article","og:title":"La Superliga Europea: las consecuencias de un proyecto fallido, en tres d\u00edas | Cand\u00e1s 365","og:description":"El informe, redactado, por el periodista Tom\u00e1s El\u00edas Gonz\u00e1lez Ben\u00edtez estudia las consecuencias de la debacle de la Superliga Europea para clubes y dirigentes","og:url":"https:\/\/candas365.es\/noticias\/la-superliga-europea-las-consecuencias-de-un-proyecto-fallido-en-tres-dias\/","og:image":"https:\/\/candas365.es\/noticias\/wp-content\/uploads\/2021\/05\/SuperLiga.jpg","og:image:secure_url":"https:\/\/candas365.es\/noticias\/wp-content\/uploads\/2021\/05\/SuperLiga.jpg","og:image:width":698,"og:image:height":434,"article:published_time":"2021-05-06T12:26:29+00:00","article:modified_time":"2021-05-06T12:26:29+00:00","article:publisher":"https:\/\/www.facebook.com\/Nachofdezber","article:author":"https:\/\/www.facebook.com\/carrenoactualidad","twitter:card":"summary_large_image","twitter:site":"@NabercoDigital","twitter:title":"La Superliga Europea: las consecuencias de un proyecto fallido, en tres d\u00edas | Cand\u00e1s 365","twitter:description":"El informe, redactado, por el periodista Tom\u00e1s El\u00edas Gonz\u00e1lez Ben\u00edtez estudia las consecuencias de la debacle de la Superliga Europea para clubes y dirigentes","twitter:creator":"@nbasturias","twitter:image":"https:\/\/candas365.es\/noticias\/wp-content\/uploads\/2021\/05\/SuperLiga.jpg","twitter:label1":"Escrito por","twitter:data1":"Cand\u00e1s 365","twitter:label2":"Tiempo de lectura estimado","twitter:data2":"4 minutos"},"aioseo_meta_data":{"post_id":"154378","title":null,"description":"El informe, redactado, por el periodista Tom\u00e1s El\u00edas Gonz\u00e1lez Ben\u00edtez estudia las consecuencias de la debacle de la Superliga Europea para clubes y dirigentes","keywords":[],"keyphrases":{"focus":[],"additional":[]},"primary_term":null,"canonical_url":null,"og_title":null,"og_description":null,"og_object_type":"default","og_image_type":"default","og_image_url":null,"og_image_width":null,"og_image_height":null,"og_image_custom_url":null,"og_image_custom_fields":null,"og_video":"","og_custom_url":null,"og_article_section":null,"og_article_tags":[],"twitter_use_og":false,"twitter_card":"default","twitter_image_type":"default","twitter_image_url":null,"twitter_image_custom_url":null,"twitter_image_custom_fields":null,"twitter_title":null,"twitter_description":null,"schema":{"blockGraphs":[],"customGraphs":[],"default":{"data":{"Article":[],"Course":[],"Dataset":[],"FAQPage":[],"Movie":[],"Person":[],"Product":[],"ProductReview":[],"Car":[],"Recipe":[],"Service":[],"SoftwareApplication":[],"WebPage":[]},"graphName":"","isEnabled":true},"graphs":[],"defaultGraph":"Article","defaultPostTypeGraph":""},"schema_type":"default","schema_type_options":"{\"article\":{\"articleType\":\"BlogPosting\"},\"course\":{\"name\":\"\",\"description\":\"\",\"provider\":\"\"},\"faq\":{\"pages\":[]},\"product\":{\"reviews\":[]},\"recipe\":{\"ingredients\":[],\"instructions\":[],\"keywords\":[]},\"software\":{\"reviews\":[],\"operatingSystems\":[]},\"webPage\":{\"webPageType\":\"WebPage\"}}","pillar_content":false,"robots_default":true,"robots_noindex":false,"robots_noarchive":false,"robots_nosnippet":false,"robots_nofollow":false,"robots_noimageindex":false,"robots_noodp":false,"robots_notranslate":false,"robots_max_snippet":"-1","robots_max_videopreview":"-1","robots_max_imagepreview":"large","priority":null,"frequency":"default","location":null,"local_seo":{"locations":{"business":{"name":"","businessType":"","image":"","areaServed":"","urls":{"website":"","aboutPage":"","contactPage":""},"address":{"streetLine1":"","streetLine2":"","zipCode":"","city":"","state":"","country":"","addressFormat":"#streetLineOne\n#streetLineTwo\n#city, #state #zipCode"},"contact":{"phone":"","email":"","fax":""},"ids":{"vat":"","tax":"","chamberOfCommerce":""},"payment":{"priceRange":"","currenciesAccepted":"","methods":""}}},"openingHours":{"useDefaults":true,"show":true,"alwaysOpen":false,"use24hFormat":false,"timezone":"","labels":{"closed":"","alwaysOpen":""},"days":{"monday":{"open24h":false,"closed":false,"openTime":"09:00","closeTime":"17:00"},"tuesday":{"open24h":false,"closed":false,"openTime":"09:00","closeTime":"17:00"},"wednesday":{"open24h":false,"closed":false,"openTime":"09:00","closeTime":"17:00"},"thursday":{"open24h":false,"closed":false,"openTime":"09:00","closeTime":"17:00"},"friday":{"open24h":false,"closed":false,"openTime":"09:00","closeTime":"17:00"},"saturday":{"open24h":false,"closed":false,"openTime":"09:00","closeTime":"17:00"},"sunday":{"open24h":false,"closed":false,"openTime":"09:00","closeTime":"17:00"}}}},"seo_analyzer_scan_date":"2025-08-31 21:14:09","breadcrumb_settings":null,"limit_modified_date":false,"reviewed_by":null,"open_ai":null,"ai":null,"created":"2021-05-06 11:10:26","updated":"2025-08-31 21:14:09"},"aioseo_breadcrumb":"<div class=\"aioseo-breadcrumbs\"><span class=\"aioseo-breadcrumb\">\n\t<a href=\"https:\/\/candas365.es\/noticias\" title=\"Home\">Home<\/a>\n<\/span><span class=\"aioseo-breadcrumb-separator\">&ndash;<\/span><span class=\"aioseo-breadcrumb\">\n\t<a href=\"https:\/\/candas365.es\/noticias\/category\/deporte\/\" title=\"Deporte\">Deporte<\/a>\n<\/span><span class=\"aioseo-breadcrumb-separator\">&ndash;<\/span><span class=\"aioseo-breadcrumb\">\n\tLa Superliga Europea: las consecuencias de un proyecto fallido, en tres d\u00edas\n<\/span><\/div>","aioseo_breadcrumb_json":[{"label":"Home","link":"https:\/\/candas365.es\/noticias"},{"label":"Deporte","link":"https:\/\/candas365.es\/noticias\/category\/deporte\/"},{"label":"La Superliga Europea: las consecuencias de un proyecto fallido, en tres d\u00edas","link":"https:\/\/candas365.es\/noticias\/la-superliga-europea-las-consecuencias-de-un-proyecto-fallido-en-tres-dias\/"}],"_links":{"self":[{"href":"https:\/\/candas365.es\/noticias\/wp-json\/wp\/v2\/posts\/154378","targetHints":{"allow":["GET"]}}],"collection":[{"href":"https:\/\/candas365.es\/noticias\/wp-json\/wp\/v2\/posts"}],"about":[{"href":"https:\/\/candas365.es\/noticias\/wp-json\/wp\/v2\/types\/post"}],"author":[{"embeddable":true,"href":"https:\/\/candas365.es\/noticias\/wp-json\/wp\/v2\/users\/1"}],"replies":[{"embeddable":true,"href":"https:\/\/candas365.es\/noticias\/wp-json\/wp\/v2\/comments?post=154378"}],"version-history":[{"count":0,"href":"https:\/\/candas365.es\/noticias\/wp-json\/wp\/v2\/posts\/154378\/revisions"}],"wp:featuredmedia":[{"embeddable":true,"href":"https:\/\/candas365.es\/noticias\/wp-json\/wp\/v2\/media\/154379"}],"wp:attachment":[{"href":"https:\/\/candas365.es\/noticias\/wp-json\/wp\/v2\/media?parent=154378"}],"wp:term":[{"taxonomy":"category","embeddable":true,"href":"https:\/\/candas365.es\/noticias\/wp-json\/wp\/v2\/categories?post=154378"},{"taxonomy":"post_tag","embeddable":true,"href":"https:\/\/candas365.es\/noticias\/wp-json\/wp\/v2\/tags?post=154378"}],"curies":[{"name":"wp","href":"https:\/\/api.w.org\/{rel}","templated":true}]}}