{"id":154344,"date":"2021-05-05T10:12:15","date_gmt":"2021-05-05T10:12:15","guid":{"rendered":"http:\/\/candas365.es\/noticias\/?p=154344"},"modified":"2021-05-05T10:12:15","modified_gmt":"2021-05-05T10:12:15","slug":"programacion-de-mayo-y-junio-en-laboral-ciudad-de-la-cultura","status":"publish","type":"post","link":"https:\/\/candas365.es\/noticias\/programacion-de-mayo-y-junio-en-laboral-ciudad-de-la-cultura\/","title":{"rendered":"Programaci\u00f3n de mayo y junio en Laboral Ciudad de la Cultura"},"content":{"rendered":"<p><img fetchpriority=\"high\" decoding=\"async\" class=\"alignleft size-medium wp-image-130032\" src=\"https:\/\/candas365.es\/noticias\/wp-content\/uploads\/2019\/09\/Laboral-Gijon-360x247.jpg\" alt=\"\" width=\"360\" height=\"247\" srcset=\"https:\/\/candas365.es\/noticias\/wp-content\/uploads\/2019\/09\/Laboral-Gijon-360x247.jpg 360w, https:\/\/candas365.es\/noticias\/wp-content\/uploads\/2019\/09\/Laboral-Gijon-768x528.jpg 768w, https:\/\/candas365.es\/noticias\/wp-content\/uploads\/2019\/09\/Laboral-Gijon-655x450.jpg 655w, https:\/\/candas365.es\/noticias\/wp-content\/uploads\/2019\/09\/Laboral-Gijon-100x70.jpg 100w, https:\/\/candas365.es\/noticias\/wp-content\/uploads\/2019\/09\/Laboral-Gijon-218x150.jpg 218w, https:\/\/candas365.es\/noticias\/wp-content\/uploads\/2019\/09\/Laboral-Gijon-696x478.jpg 696w, https:\/\/candas365.es\/noticias\/wp-content\/uploads\/2019\/09\/Laboral-Gijon-611x420.jpg 611w, https:\/\/candas365.es\/noticias\/wp-content\/uploads\/2019\/09\/Laboral-Gijon.jpg 1049w\" sizes=\"(max-width: 360px) 100vw, 360px\" \/>La programaci\u00f3n de mayo y junio en Laboral Ciudad de la Cultura viene cargada de m\u00fasica, humor, teatro, cine y talleres. Laboral Ciudad de la Cultura es un equipamiento dependiente de la Consejer\u00eda de Cultura, Pol\u00edtica Lling\u00fc\u00edstica y Turismo y gestionado por la Sociedad P\u00fablica de Gesti\u00f3n Tur\u00edstica y Cultural del Principado de Asturias.<\/p>\n<p>Fran Juesas actuar\u00e1 en el Teatro de la Laboral el 7 de mayo, en un concierto en que presentar\u00e1 las canciones de su disco Tiempo, que incluye su \u00e9xito A\u00f1os 80, y donde no faltar\u00e1 alguna versi\u00f3n cl\u00e1sica de temas de los a\u00f1os 80 y 90 que tanto gustan a su p\u00fablico. El 15 de mayo M Clan repasar\u00e1 las canciones de su repertorio en formato ac\u00fastico, en una gira en la que Carlos Tarque y Ricardo Ruip\u00e9rez act\u00faan sin la compa\u00f1\u00eda de su habitual banda.<\/p>\n<p>Los conciertos en el Teatro continuar\u00e1n en junio con Juancho Marqu\u00e9s, un referente del panorama urbano nacional con m\u00e1s de 10 a\u00f1os de carrera y un estilo inimitable, que actuar\u00e1 el d\u00eda 4; con el d\u00fao catal\u00e1n Mar\u00eda Arnal &amp; Marcel Bag\u00e9s, que tras su laureado \u00e1lbum 45 cerebros y un coraz\u00f3n, traen el d\u00eda 5 a la Laboral su nuevo \u00e1lbum Clamor; con Monochrome el d\u00eda 12, una experiencia audiovisual creada espec\u00edficamente para el \u00e1lbum Perfect Peace de Oscar Mulero, que estar\u00e1 acompa\u00f1ado en el escenario por Javier Bejarano que la ejecutar\u00e1 y manipular\u00e1 en el directo a tiempo real; y con Mar\u00eda Jos\u00e9 Llergo, con cante y flamenco aderezado con todo tipo de sonidos, el 18 de junio.<\/p>\n<p>Tambi\u00e9n habr\u00e1 m\u00fasica en el Paraninfo de la Laboral, con dos conciertos con las entradas ya agotadas: Delagua, el grupo liderado por las hermanas Sil y Gema Fern\u00e1ndez, presentar\u00e1 el 23 de mayo Animal\u00edas, el proyecto musical con el que reivindican la originalidad, la belleza de lo diferente y la vuelta al origen y a la esencia; y la banda asturiana Body &amp; the Soulers, formada por seis m\u00fasicos con una amplia trayectoria en el panorama musical, tocar\u00e1 el 6 de junio versiones de temas muy conocidos y las canciones de su nuevo disco, From side to side.<\/p>\n<p>Tampoco faltar\u00e1 el humor de Yllana el 21 de mayo en el Teatro con Gag, la historia de cuatro personajes atrapados en el tiempo y en los confines de un solo fotograma, un divertido viaje con el p\u00fablico por algunos de los momentos m\u00e1s iconogr\u00e1ficos del s\u00e9ptimo arte; y de Berto Romero con su espect\u00e1culo Mucha Tonter\u00eda, con nuevas canciones e historias, el 25, 26 y 27 de junio.<\/p>\n<p>El p\u00fablico familiar podr\u00e1 disfrutar en el Teatro de Las piripiripiratas con parches y a lo loco\u2026 y con faldas que no es poco de Factor\u00eda Norte una loca aventura con bailes, canciones, situaciones hilarantes y sobre todo mucha comicidad para el 16 de mayo; y de El monstruo de colores de Tutatis y Transeduca, la adaptaci\u00f3n teatral la obra de Anna Llenas con una puesta en escena llena de poes\u00eda visual y m\u00fasica, el 30 de mayo.<\/p>\n<p>A esto se suma la programaci\u00f3n de Laboral Cinemateca, con comedia, thriller y documental para los meses de mayo y junio. El Paraninfo de la Laboral acoger\u00e1 las pr\u00f3ximas semanas la proyecci\u00f3n de diez pel\u00edculas de gran acogida en festivales como Bacurau de los brasile\u00f1os Kleber Mendon\u00e7a Filho y Juliano Dornelles, Premio del Jurado en Cannes; Sole del italiano Carlo Sironi, mejor \u00f3pera prima en los European Film Awards, o Naci\u00f3n de Margarita Ledo, Mejor Direcci\u00f3n de Pel\u00edcula Espa\u00f1ola en el Festival de Cine Europeo de Sevilla. Destaca la presencia de dos directores, Juan Cavestany y Juan Luis Ruiz, que visitar\u00e1n la Laboral para presentar sus \u00faltimos largometrajes Un efecto \u00f3ptico y Obertura de un milagro respectivamente, adem\u00e1s de tres sesiones especiales dedicadas al cine en formato corto: Animaci\u00f3n Internacional Vol.1, Gimnasia f\u00edlmica y Peque\u00f1os de cine.<\/p>\n<h2>Talleres y visitas guiadas<\/h2>\n<p>Para el p\u00fablico infantil y juvenil se han programado tres talleres para el mes de mayo: Los Reyes Asturianos con Higi\u00e9nico Papel Teatro el d\u00eda 8, una entretenida actividad sobre el Reino de Asturias con las plazas ya agotadas; un taller literario de ciencia ficci\u00f3n, fantas\u00eda y terror en llingua asturiana con Ediciones Radagast el d\u00eda 15; y Descubre tu danzar\u00edn\/a de Despleg\u00e1ndose, un taller de movimiento y creatividad para participantes con trastorno del desarrollo, discapacidad intelectual, f\u00edsica y sensorial auditiva y visual, acompa\u00f1ados de un adulto, con doble sesi\u00f3n el 22 de mayo.<\/p>\n<p>Adem\u00e1s, las visitas guiadas por espacios como la Plaza, Jardines o Sala de Pinturas contin\u00faan desarroll\u00e1ndose los viernes, a las 17:30 horas, y los s\u00e1bados y domingos, a las 12:00 y 17:30 horas.<\/p>\n<p>&nbsp;<\/p>\n","protected":false},"excerpt":{"rendered":"<p>La programaci\u00f3n de mayo y junio en Laboral Ciudad de la Cultura viene cargada de m\u00fasica, humor, teatro, cine y talleres. Laboral Ciudad de la Cultura es un equipamiento dependiente de la Consejer\u00eda de Cultura, Pol\u00edtica Lling\u00fc\u00edstica y Turismo y gestionado por la Sociedad P\u00fablica de Gesti\u00f3n Tur\u00edstica y Cultural del Principado de Asturias. Fran<\/p>\n","protected":false},"author":1,"featured_media":80268,"comment_status":"closed","ping_status":"closed","sticky":false,"template":"","format":"standard","meta":{"footnotes":""},"categories":[1],"tags":[],"class_list":{"0":"post-154344","1":"post","2":"type-post","3":"status-publish","4":"format-standard","5":"has-post-thumbnail","7":"category-agenda"},"aioseo_notices":[],"aioseo_head":"\n\t\t<!-- All in One SEO Pro 4.9.6.2 - aioseo.com -->\n\t<meta name=\"description\" content=\"Adem\u00e1s, las visitas guiadas por espacios como la Plaza, Jardines o Sala de Pinturas contin\u00faan desarroll\u00e1ndose los viernes, a las 17:30 horas ..\" \/>\n\t<meta name=\"robots\" content=\"max-image-preview:large\" \/>\n\t<meta name=\"author\" content=\"Cand\u00e1s 365\"\/>\n\t<meta name=\"google-site-verification\" content=\"UA-32230408-1\" \/>\n\t<meta name=\"msvalidate.01\" content=\"354F3CDFB2DA171B47FBE9ABF1F88D5\" \/>\n\t<meta name=\"keywords\" content=\"agenda\" \/>\n\t<link rel=\"canonical\" href=\"https:\/\/candas365.es\/noticias\/programacion-de-mayo-y-junio-en-laboral-ciudad-de-la-cultura\/\" \/>\n\t<meta name=\"generator\" content=\"All in One SEO Pro (AIOSEO) 4.9.6.2\" \/>\n\t\t<meta property=\"og:locale\" content=\"es_ES\" \/>\n\t\t<meta property=\"og:site_name\" content=\"Cand\u00e1s 365\" \/>\n\t\t<meta property=\"og:type\" content=\"article\" \/>\n\t\t<meta property=\"og:title\" content=\"Programaci\u00f3n de mayo y junio en Laboral Ciudad de la Cultura | Cand\u00e1s 365\" \/>\n\t\t<meta property=\"og:description\" content=\"Adem\u00e1s, las visitas guiadas por espacios como la Plaza, Jardines o Sala de Pinturas contin\u00faan desarroll\u00e1ndose los viernes, a las 17:30 horas ..\" \/>\n\t\t<meta property=\"og:url\" content=\"https:\/\/candas365.es\/noticias\/programacion-de-mayo-y-junio-en-laboral-ciudad-de-la-cultura\/\" \/>\n\t\t<meta property=\"og:image\" content=\"https:\/\/candas365.es\/noticias\/wp-content\/uploads\/2017\/09\/Laboral.jpg\" \/>\n\t\t<meta property=\"og:image:secure_url\" content=\"https:\/\/candas365.es\/noticias\/wp-content\/uploads\/2017\/09\/Laboral.jpg\" \/>\n\t\t<meta property=\"og:image:width\" content=\"1280\" \/>\n\t\t<meta property=\"og:image:height\" content=\"851\" \/>\n\t\t<meta property=\"article:published_time\" content=\"2021-05-05T10:12:15+00:00\" \/>\n\t\t<meta property=\"article:modified_time\" content=\"2021-05-05T10:12:15+00:00\" \/>\n\t\t<meta property=\"article:publisher\" content=\"https:\/\/www.facebook.com\/Nachofdezber\" \/>\n\t\t<meta property=\"article:author\" content=\"https:\/\/www.facebook.com\/carrenoactualidad\" \/>\n\t\t<meta name=\"twitter:card\" content=\"summary_large_image\" \/>\n\t\t<meta name=\"twitter:site\" content=\"@NabercoDigital\" \/>\n\t\t<meta name=\"twitter:title\" content=\"Programaci\u00f3n de mayo y junio en Laboral Ciudad de la Cultura | Cand\u00e1s 365\" \/>\n\t\t<meta name=\"twitter:description\" content=\"Adem\u00e1s, las visitas guiadas por espacios como la Plaza, Jardines o Sala de Pinturas contin\u00faan desarroll\u00e1ndose los viernes, a las 17:30 horas ..\" \/>\n\t\t<meta name=\"twitter:creator\" content=\"@nbasturias\" \/>\n\t\t<meta name=\"twitter:image\" content=\"https:\/\/candas365.es\/noticias\/wp-content\/uploads\/2017\/09\/Laboral.jpg\" \/>\n\t\t<meta name=\"twitter:label1\" content=\"Escrito por\" \/>\n\t\t<meta name=\"twitter:data1\" content=\"Cand\u00e1s 365\" \/>\n\t\t<meta name=\"twitter:label2\" content=\"Tiempo de lectura estimado\" \/>\n\t\t<meta name=\"twitter:data2\" content=\"4 minutos\" \/>\n\t\t<script type=\"application\/ld+json\" class=\"aioseo-schema\">\n\t\t\t{\"@context\":\"https:\\\/\\\/schema.org\",\"@graph\":[{\"@type\":\"BreadcrumbList\",\"@id\":\"https:\\\/\\\/candas365.es\\\/noticias\\\/programacion-de-mayo-y-junio-en-laboral-ciudad-de-la-cultura\\\/#breadcrumblist\",\"itemListElement\":[{\"@type\":\"ListItem\",\"@id\":\"https:\\\/\\\/candas365.es\\\/noticias#listItem\",\"position\":1,\"name\":\"Home\",\"item\":\"https:\\\/\\\/candas365.es\\\/noticias\",\"nextItem\":{\"@type\":\"ListItem\",\"@id\":\"https:\\\/\\\/candas365.es\\\/noticias\\\/category\\\/agenda\\\/#listItem\",\"name\":\"Agenda\"}},{\"@type\":\"ListItem\",\"@id\":\"https:\\\/\\\/candas365.es\\\/noticias\\\/category\\\/agenda\\\/#listItem\",\"position\":2,\"name\":\"Agenda\",\"item\":\"https:\\\/\\\/candas365.es\\\/noticias\\\/category\\\/agenda\\\/\",\"nextItem\":{\"@type\":\"ListItem\",\"@id\":\"https:\\\/\\\/candas365.es\\\/noticias\\\/programacion-de-mayo-y-junio-en-laboral-ciudad-de-la-cultura\\\/#listItem\",\"name\":\"Programaci\\u00f3n de mayo y junio en Laboral Ciudad de la Cultura\"},\"previousItem\":{\"@type\":\"ListItem\",\"@id\":\"https:\\\/\\\/candas365.es\\\/noticias#listItem\",\"name\":\"Home\"}},{\"@type\":\"ListItem\",\"@id\":\"https:\\\/\\\/candas365.es\\\/noticias\\\/programacion-de-mayo-y-junio-en-laboral-ciudad-de-la-cultura\\\/#listItem\",\"position\":3,\"name\":\"Programaci\\u00f3n de mayo y junio en Laboral Ciudad de la Cultura\",\"previousItem\":{\"@type\":\"ListItem\",\"@id\":\"https:\\\/\\\/candas365.es\\\/noticias\\\/category\\\/agenda\\\/#listItem\",\"name\":\"Agenda\"}}]},{\"@type\":\"NewsArticle\",\"@id\":\"https:\\\/\\\/candas365.es\\\/noticias\\\/programacion-de-mayo-y-junio-en-laboral-ciudad-de-la-cultura\\\/#newsarticle\",\"name\":\"Programaci\\u00f3n de mayo y junio en Laboral Ciudad de la Cultura | Cand\\u00e1s 365\",\"headline\":\"Programaci\\u00f3n de mayo y junio en Laboral Ciudad de la Cultura\",\"author\":{\"@id\":\"https:\\\/\\\/candas365.es\\\/noticias\\\/author\\\/admin\\\/#author\"},\"publisher\":{\"@id\":\"https:\\\/\\\/candas365.es\\\/noticias\\\/#organization\"},\"image\":{\"@type\":\"ImageObject\",\"url\":\"https:\\\/\\\/candas365.es\\\/noticias\\\/wp-content\\\/uploads\\\/2017\\\/09\\\/Laboral.jpg\",\"width\":1280,\"height\":851},\"datePublished\":\"2021-05-05T10:12:15+02:00\",\"dateModified\":\"2021-05-05T10:12:15+02:00\",\"inLanguage\":\"es-ES\",\"mainEntityOfPage\":{\"@id\":\"https:\\\/\\\/candas365.es\\\/noticias\\\/programacion-de-mayo-y-junio-en-laboral-ciudad-de-la-cultura\\\/#webpage\"},\"isPartOf\":{\"@id\":\"https:\\\/\\\/candas365.es\\\/noticias\\\/programacion-de-mayo-y-junio-en-laboral-ciudad-de-la-cultura\\\/#webpage\"},\"articleSection\":\"Agenda\",\"dateline\":\"Publicado el mayo 5, 2021.\"},{\"@type\":\"Organization\",\"@id\":\"https:\\\/\\\/candas365.es\\\/noticias\\\/#organization\",\"name\":\"Cand\\u00e1s 365\",\"description\":\"Cand\\u00e1s 365 es un diario digital independiente, fundado en 2012, con base en Asturias. Informamos con rigor sobre actualidad, sociedad, cultura y ocio, con una mirada local y global.\",\"url\":\"https:\\\/\\\/candas365.es\\\/noticias\\\/\",\"email\":\"info@candas365.es\",\"telephone\":\"+34652131393\",\"foundingDate\":\"2012-06-10\",\"logo\":{\"@type\":\"ImageObject\",\"url\":\"https:\\\/\\\/candas365.es\\\/noticias\\\/wp-content\\\/uploads\\\/2024\\\/09\\\/Candas-365-Redes.jpg\",\"@id\":\"https:\\\/\\\/candas365.es\\\/noticias\\\/programacion-de-mayo-y-junio-en-laboral-ciudad-de-la-cultura\\\/#organizationLogo\",\"width\":1152,\"height\":864,\"caption\":\"Cand\\u00e1s 365 Redes\"},\"image\":{\"@id\":\"https:\\\/\\\/candas365.es\\\/noticias\\\/programacion-de-mayo-y-junio-en-laboral-ciudad-de-la-cultura\\\/#organizationLogo\"},\"sameAs\":[\"https:\\\/\\\/www.facebook.com\\\/Nachofdezber\",\"https:\\\/\\\/x.com\\\/NabercoDigital\",\"https:\\\/\\\/www.instagram.com\\\/nachofdezber\\\/\",\"https:\\\/\\\/www.youtube.com\\\/channel\\\/UCZP-2wLEB9Rv6erhFmqVnvg\"],\"address\":{\"@id\":\"https:\\\/\\\/candas365.es\\\/noticias\\\/#postaladdress\",\"@type\":\"PostalAddress\",\"streetAddress\":\"san antonio 4, san antonio 4\",\"postalCode\":\"33430\",\"addressLocality\":\"Cand\\u00e1s\",\"addressRegion\":\"Asturias\",\"addressCountry\":\"ES\"}},{\"@type\":\"Person\",\"@id\":\"https:\\\/\\\/candas365.es\\\/noticias\\\/author\\\/admin\\\/#author\",\"url\":\"https:\\\/\\\/candas365.es\\\/noticias\\\/author\\\/admin\\\/\",\"name\":\"Cand\\u00e1s 365\",\"image\":{\"@type\":\"ImageObject\",\"@id\":\"https:\\\/\\\/candas365.es\\\/noticias\\\/programacion-de-mayo-y-junio-en-laboral-ciudad-de-la-cultura\\\/#authorImage\",\"url\":\"https:\\\/\\\/secure.gravatar.com\\\/avatar\\\/496a8e03d0c493ede1718b7934145dbdf8d89be1036b0eec9544e1094c9de390?s=96&d=mm&r=g\",\"width\":96,\"height\":96,\"caption\":\"Cand\\u00e1s 365\"},\"sameAs\":[\"https:\\\/\\\/www.facebook.com\\\/carrenoactualidad\",\"https:\\\/\\\/twitter.com\\\/nbasturias\",\"https:\\\/\\\/www.instagram.com\\\/nachofdezber\\\/\",\"https:\\\/\\\/www.youtube.com\\\/channel\\\/UCZP-2wLEB9Rv6erhFmqVnvg\"]},{\"@type\":\"WebPage\",\"@id\":\"https:\\\/\\\/candas365.es\\\/noticias\\\/programacion-de-mayo-y-junio-en-laboral-ciudad-de-la-cultura\\\/#webpage\",\"url\":\"https:\\\/\\\/candas365.es\\\/noticias\\\/programacion-de-mayo-y-junio-en-laboral-ciudad-de-la-cultura\\\/\",\"name\":\"Programaci\\u00f3n de mayo y junio en Laboral Ciudad de la Cultura | Cand\\u00e1s 365\",\"description\":\"Adem\\u00e1s, las visitas guiadas por espacios como la Plaza, Jardines o Sala de Pinturas contin\\u00faan desarroll\\u00e1ndose los viernes, a las 17:30 horas ..\",\"inLanguage\":\"es-ES\",\"isPartOf\":{\"@id\":\"https:\\\/\\\/candas365.es\\\/noticias\\\/#website\"},\"breadcrumb\":{\"@id\":\"https:\\\/\\\/candas365.es\\\/noticias\\\/programacion-de-mayo-y-junio-en-laboral-ciudad-de-la-cultura\\\/#breadcrumblist\"},\"author\":{\"@id\":\"https:\\\/\\\/candas365.es\\\/noticias\\\/author\\\/admin\\\/#author\"},\"creator\":{\"@id\":\"https:\\\/\\\/candas365.es\\\/noticias\\\/author\\\/admin\\\/#author\"},\"image\":{\"@type\":\"ImageObject\",\"url\":\"https:\\\/\\\/candas365.es\\\/noticias\\\/wp-content\\\/uploads\\\/2017\\\/09\\\/Laboral.jpg\",\"@id\":\"https:\\\/\\\/candas365.es\\\/noticias\\\/programacion-de-mayo-y-junio-en-laboral-ciudad-de-la-cultura\\\/#mainImage\",\"width\":1280,\"height\":851},\"primaryImageOfPage\":{\"@id\":\"https:\\\/\\\/candas365.es\\\/noticias\\\/programacion-de-mayo-y-junio-en-laboral-ciudad-de-la-cultura\\\/#mainImage\"},\"datePublished\":\"2021-05-05T10:12:15+02:00\",\"dateModified\":\"2021-05-05T10:12:15+02:00\"},{\"@type\":\"WebSite\",\"@id\":\"https:\\\/\\\/candas365.es\\\/noticias\\\/#website\",\"url\":\"https:\\\/\\\/candas365.es\\\/noticias\\\/\",\"name\":\"Cand\\u00e1s 365\",\"alternateName\":\"Cand\\u00e1s 365 Noticias\",\"description\":\"Actualidad desde Carre\\u00f1o para el mundo\",\"inLanguage\":\"es-ES\",\"publisher\":{\"@id\":\"https:\\\/\\\/candas365.es\\\/noticias\\\/#organization\"}}]}\n\t\t<\/script>\n\t\t<!-- All in One SEO Pro -->\r\n\t\t<title>Programaci\u00f3n de mayo y junio en Laboral Ciudad de la Cultura | Cand\u00e1s 365<\/title>\n\n","aioseo_head_json":{"title":"Programaci\u00f3n de mayo y junio en Laboral Ciudad de la Cultura | Cand\u00e1s 365","description":"Adem\u00e1s, las visitas guiadas por espacios como la Plaza, Jardines o Sala de Pinturas contin\u00faan desarroll\u00e1ndose los viernes, a las 17:30 horas ..","canonical_url":"https:\/\/candas365.es\/noticias\/programacion-de-mayo-y-junio-en-laboral-ciudad-de-la-cultura\/","robots":"max-image-preview:large","keywords":"agenda","webmasterTools":{"google-site-verification":"UA-32230408-1","msvalidate.01":"354F3CDFB2DA171B47FBE9ABF1F88D5","miscellaneous":""},"schema":{"@context":"https:\/\/schema.org","@graph":[{"@type":"BreadcrumbList","@id":"https:\/\/candas365.es\/noticias\/programacion-de-mayo-y-junio-en-laboral-ciudad-de-la-cultura\/#breadcrumblist","itemListElement":[{"@type":"ListItem","@id":"https:\/\/candas365.es\/noticias#listItem","position":1,"name":"Home","item":"https:\/\/candas365.es\/noticias","nextItem":{"@type":"ListItem","@id":"https:\/\/candas365.es\/noticias\/category\/agenda\/#listItem","name":"Agenda"}},{"@type":"ListItem","@id":"https:\/\/candas365.es\/noticias\/category\/agenda\/#listItem","position":2,"name":"Agenda","item":"https:\/\/candas365.es\/noticias\/category\/agenda\/","nextItem":{"@type":"ListItem","@id":"https:\/\/candas365.es\/noticias\/programacion-de-mayo-y-junio-en-laboral-ciudad-de-la-cultura\/#listItem","name":"Programaci\u00f3n de mayo y junio en Laboral Ciudad de la Cultura"},"previousItem":{"@type":"ListItem","@id":"https:\/\/candas365.es\/noticias#listItem","name":"Home"}},{"@type":"ListItem","@id":"https:\/\/candas365.es\/noticias\/programacion-de-mayo-y-junio-en-laboral-ciudad-de-la-cultura\/#listItem","position":3,"name":"Programaci\u00f3n de mayo y junio en Laboral Ciudad de la Cultura","previousItem":{"@type":"ListItem","@id":"https:\/\/candas365.es\/noticias\/category\/agenda\/#listItem","name":"Agenda"}}]},{"@type":"NewsArticle","@id":"https:\/\/candas365.es\/noticias\/programacion-de-mayo-y-junio-en-laboral-ciudad-de-la-cultura\/#newsarticle","name":"Programaci\u00f3n de mayo y junio en Laboral Ciudad de la Cultura | Cand\u00e1s 365","headline":"Programaci\u00f3n de mayo y junio en Laboral Ciudad de la Cultura","author":{"@id":"https:\/\/candas365.es\/noticias\/author\/admin\/#author"},"publisher":{"@id":"https:\/\/candas365.es\/noticias\/#organization"},"image":{"@type":"ImageObject","url":"https:\/\/candas365.es\/noticias\/wp-content\/uploads\/2017\/09\/Laboral.jpg","width":1280,"height":851},"datePublished":"2021-05-05T10:12:15+02:00","dateModified":"2021-05-05T10:12:15+02:00","inLanguage":"es-ES","mainEntityOfPage":{"@id":"https:\/\/candas365.es\/noticias\/programacion-de-mayo-y-junio-en-laboral-ciudad-de-la-cultura\/#webpage"},"isPartOf":{"@id":"https:\/\/candas365.es\/noticias\/programacion-de-mayo-y-junio-en-laboral-ciudad-de-la-cultura\/#webpage"},"articleSection":"Agenda","dateline":"Publicado el mayo 5, 2021."},{"@type":"Organization","@id":"https:\/\/candas365.es\/noticias\/#organization","name":"Cand\u00e1s 365","description":"Cand\u00e1s 365 es un diario digital independiente, fundado en 2012, con base en Asturias. Informamos con rigor sobre actualidad, sociedad, cultura y ocio, con una mirada local y global.","url":"https:\/\/candas365.es\/noticias\/","email":"info@candas365.es","telephone":"+34652131393","foundingDate":"2012-06-10","logo":{"@type":"ImageObject","url":"https:\/\/candas365.es\/noticias\/wp-content\/uploads\/2024\/09\/Candas-365-Redes.jpg","@id":"https:\/\/candas365.es\/noticias\/programacion-de-mayo-y-junio-en-laboral-ciudad-de-la-cultura\/#organizationLogo","width":1152,"height":864,"caption":"Cand\u00e1s 365 Redes"},"image":{"@id":"https:\/\/candas365.es\/noticias\/programacion-de-mayo-y-junio-en-laboral-ciudad-de-la-cultura\/#organizationLogo"},"sameAs":["https:\/\/www.facebook.com\/Nachofdezber","https:\/\/x.com\/NabercoDigital","https:\/\/www.instagram.com\/nachofdezber\/","https:\/\/www.youtube.com\/channel\/UCZP-2wLEB9Rv6erhFmqVnvg"],"address":{"@id":"https:\/\/candas365.es\/noticias\/#postaladdress","@type":"PostalAddress","streetAddress":"san antonio 4, san antonio 4","postalCode":"33430","addressLocality":"Cand\u00e1s","addressRegion":"Asturias","addressCountry":"ES"}},{"@type":"Person","@id":"https:\/\/candas365.es\/noticias\/author\/admin\/#author","url":"https:\/\/candas365.es\/noticias\/author\/admin\/","name":"Cand\u00e1s 365","image":{"@type":"ImageObject","@id":"https:\/\/candas365.es\/noticias\/programacion-de-mayo-y-junio-en-laboral-ciudad-de-la-cultura\/#authorImage","url":"https:\/\/secure.gravatar.com\/avatar\/496a8e03d0c493ede1718b7934145dbdf8d89be1036b0eec9544e1094c9de390?s=96&d=mm&r=g","width":96,"height":96,"caption":"Cand\u00e1s 365"},"sameAs":["https:\/\/www.facebook.com\/carrenoactualidad","https:\/\/twitter.com\/nbasturias","https:\/\/www.instagram.com\/nachofdezber\/","https:\/\/www.youtube.com\/channel\/UCZP-2wLEB9Rv6erhFmqVnvg"]},{"@type":"WebPage","@id":"https:\/\/candas365.es\/noticias\/programacion-de-mayo-y-junio-en-laboral-ciudad-de-la-cultura\/#webpage","url":"https:\/\/candas365.es\/noticias\/programacion-de-mayo-y-junio-en-laboral-ciudad-de-la-cultura\/","name":"Programaci\u00f3n de mayo y junio en Laboral Ciudad de la Cultura | Cand\u00e1s 365","description":"Adem\u00e1s, las visitas guiadas por espacios como la Plaza, Jardines o Sala de Pinturas contin\u00faan desarroll\u00e1ndose los viernes, a las 17:30 horas ..","inLanguage":"es-ES","isPartOf":{"@id":"https:\/\/candas365.es\/noticias\/#website"},"breadcrumb":{"@id":"https:\/\/candas365.es\/noticias\/programacion-de-mayo-y-junio-en-laboral-ciudad-de-la-cultura\/#breadcrumblist"},"author":{"@id":"https:\/\/candas365.es\/noticias\/author\/admin\/#author"},"creator":{"@id":"https:\/\/candas365.es\/noticias\/author\/admin\/#author"},"image":{"@type":"ImageObject","url":"https:\/\/candas365.es\/noticias\/wp-content\/uploads\/2017\/09\/Laboral.jpg","@id":"https:\/\/candas365.es\/noticias\/programacion-de-mayo-y-junio-en-laboral-ciudad-de-la-cultura\/#mainImage","width":1280,"height":851},"primaryImageOfPage":{"@id":"https:\/\/candas365.es\/noticias\/programacion-de-mayo-y-junio-en-laboral-ciudad-de-la-cultura\/#mainImage"},"datePublished":"2021-05-05T10:12:15+02:00","dateModified":"2021-05-05T10:12:15+02:00"},{"@type":"WebSite","@id":"https:\/\/candas365.es\/noticias\/#website","url":"https:\/\/candas365.es\/noticias\/","name":"Cand\u00e1s 365","alternateName":"Cand\u00e1s 365 Noticias","description":"Actualidad desde Carre\u00f1o para el mundo","inLanguage":"es-ES","publisher":{"@id":"https:\/\/candas365.es\/noticias\/#organization"}}]},"og:locale":"es_ES","og:site_name":"Cand\u00e1s 365","og:type":"article","og:title":"Programaci\u00f3n de mayo y junio en Laboral Ciudad de la Cultura | Cand\u00e1s 365","og:description":"Adem\u00e1s, las visitas guiadas por espacios como la Plaza, Jardines o Sala de Pinturas contin\u00faan desarroll\u00e1ndose los viernes, a las 17:30 horas ..","og:url":"https:\/\/candas365.es\/noticias\/programacion-de-mayo-y-junio-en-laboral-ciudad-de-la-cultura\/","og:image":"https:\/\/candas365.es\/noticias\/wp-content\/uploads\/2017\/09\/Laboral.jpg","og:image:secure_url":"https:\/\/candas365.es\/noticias\/wp-content\/uploads\/2017\/09\/Laboral.jpg","og:image:width":1280,"og:image:height":851,"article:published_time":"2021-05-05T10:12:15+00:00","article:modified_time":"2021-05-05T10:12:15+00:00","article:publisher":"https:\/\/www.facebook.com\/Nachofdezber","article:author":"https:\/\/www.facebook.com\/carrenoactualidad","twitter:card":"summary_large_image","twitter:site":"@NabercoDigital","twitter:title":"Programaci\u00f3n de mayo y junio en Laboral Ciudad de la Cultura | Cand\u00e1s 365","twitter:description":"Adem\u00e1s, las visitas guiadas por espacios como la Plaza, Jardines o Sala de Pinturas contin\u00faan desarroll\u00e1ndose los viernes, a las 17:30 horas ..","twitter:creator":"@nbasturias","twitter:image":"https:\/\/candas365.es\/noticias\/wp-content\/uploads\/2017\/09\/Laboral.jpg","twitter:label1":"Escrito por","twitter:data1":"Cand\u00e1s 365","twitter:label2":"Tiempo de lectura estimado","twitter:data2":"4 minutos"},"aioseo_meta_data":{"post_id":"154344","title":null,"description":"Adem\u00e1s, las visitas guiadas por espacios como la Plaza, Jardines o Sala de Pinturas contin\u00faan desarroll\u00e1ndose los viernes, a las 17:30 horas ..","keywords":[],"keyphrases":{"focus":[],"additional":[]},"primary_term":null,"canonical_url":null,"og_title":null,"og_description":null,"og_object_type":"default","og_image_type":"default","og_image_url":null,"og_image_width":null,"og_image_height":null,"og_image_custom_url":null,"og_image_custom_fields":null,"og_video":"","og_custom_url":null,"og_article_section":null,"og_article_tags":[],"twitter_use_og":false,"twitter_card":"default","twitter_image_type":"default","twitter_image_url":null,"twitter_image_custom_url":null,"twitter_image_custom_fields":null,"twitter_title":null,"twitter_description":null,"schema":{"blockGraphs":[],"customGraphs":[],"default":{"data":{"Article":[],"Course":[],"Dataset":[],"FAQPage":[],"Movie":[],"Person":[],"Product":[],"ProductReview":[],"Car":[],"Recipe":[],"Service":[],"SoftwareApplication":[],"WebPage":[]},"graphName":"","isEnabled":true},"graphs":[],"defaultGraph":"Article","defaultPostTypeGraph":""},"schema_type":"default","schema_type_options":"{\"article\":{\"articleType\":\"BlogPosting\"},\"course\":{\"name\":\"\",\"description\":\"\",\"provider\":\"\"},\"faq\":{\"pages\":[]},\"product\":{\"reviews\":[]},\"recipe\":{\"ingredients\":[],\"instructions\":[],\"keywords\":[]},\"software\":{\"reviews\":[],\"operatingSystems\":[]},\"webPage\":{\"webPageType\":\"WebPage\"}}","pillar_content":false,"robots_default":true,"robots_noindex":false,"robots_noarchive":false,"robots_nosnippet":false,"robots_nofollow":false,"robots_noimageindex":false,"robots_noodp":false,"robots_notranslate":false,"robots_max_snippet":"-1","robots_max_videopreview":"-1","robots_max_imagepreview":"large","priority":null,"frequency":"default","location":null,"local_seo":{"locations":{"business":{"name":"","businessType":"","image":"","areaServed":"","urls":{"website":"","aboutPage":"","contactPage":""},"address":{"streetLine1":"","streetLine2":"","zipCode":"","city":"","state":"","country":"","addressFormat":"#streetLineOne\n#streetLineTwo\n#city, #state #zipCode"},"contact":{"phone":"","email":"","fax":""},"ids":{"vat":"","tax":"","chamberOfCommerce":""},"payment":{"priceRange":"","currenciesAccepted":"","methods":""}}},"openingHours":{"useDefaults":true,"show":true,"alwaysOpen":false,"use24hFormat":false,"timezone":"","labels":{"closed":"","alwaysOpen":""},"days":{"monday":{"open24h":false,"closed":false,"openTime":"09:00","closeTime":"17:00"},"tuesday":{"open24h":false,"closed":false,"openTime":"09:00","closeTime":"17:00"},"wednesday":{"open24h":false,"closed":false,"openTime":"09:00","closeTime":"17:00"},"thursday":{"open24h":false,"closed":false,"openTime":"09:00","closeTime":"17:00"},"friday":{"open24h":false,"closed":false,"openTime":"09:00","closeTime":"17:00"},"saturday":{"open24h":false,"closed":false,"openTime":"09:00","closeTime":"17:00"},"sunday":{"open24h":false,"closed":false,"openTime":"09:00","closeTime":"17:00"}}}},"seo_analyzer_scan_date":"2025-08-31 21:10:20","breadcrumb_settings":null,"limit_modified_date":false,"reviewed_by":null,"open_ai":null,"ai":null,"created":"2021-05-05 10:10:01","updated":"2025-08-31 21:10:20"},"aioseo_breadcrumb":"<div class=\"aioseo-breadcrumbs\"><span class=\"aioseo-breadcrumb\">\n\t<a href=\"https:\/\/candas365.es\/noticias\" title=\"Home\">Home<\/a>\n<\/span><span class=\"aioseo-breadcrumb-separator\">&ndash;<\/span><span class=\"aioseo-breadcrumb\">\n\t<a href=\"https:\/\/candas365.es\/noticias\/category\/agenda\/\" title=\"Agenda\">Agenda<\/a>\n<\/span><span class=\"aioseo-breadcrumb-separator\">&ndash;<\/span><span class=\"aioseo-breadcrumb\">\n\tProgramaci\u00f3n de mayo y junio en Laboral Ciudad de la Cultura\n<\/span><\/div>","aioseo_breadcrumb_json":[{"label":"Home","link":"https:\/\/candas365.es\/noticias"},{"label":"Agenda","link":"https:\/\/candas365.es\/noticias\/category\/agenda\/"},{"label":"Programaci\u00f3n de mayo y junio en Laboral Ciudad de la Cultura","link":"https:\/\/candas365.es\/noticias\/programacion-de-mayo-y-junio-en-laboral-ciudad-de-la-cultura\/"}],"_links":{"self":[{"href":"https:\/\/candas365.es\/noticias\/wp-json\/wp\/v2\/posts\/154344","targetHints":{"allow":["GET"]}}],"collection":[{"href":"https:\/\/candas365.es\/noticias\/wp-json\/wp\/v2\/posts"}],"about":[{"href":"https:\/\/candas365.es\/noticias\/wp-json\/wp\/v2\/types\/post"}],"author":[{"embeddable":true,"href":"https:\/\/candas365.es\/noticias\/wp-json\/wp\/v2\/users\/1"}],"replies":[{"embeddable":true,"href":"https:\/\/candas365.es\/noticias\/wp-json\/wp\/v2\/comments?post=154344"}],"version-history":[{"count":0,"href":"https:\/\/candas365.es\/noticias\/wp-json\/wp\/v2\/posts\/154344\/revisions"}],"wp:featuredmedia":[{"embeddable":true,"href":"https:\/\/candas365.es\/noticias\/wp-json\/wp\/v2\/media\/80268"}],"wp:attachment":[{"href":"https:\/\/candas365.es\/noticias\/wp-json\/wp\/v2\/media?parent=154344"}],"wp:term":[{"taxonomy":"category","embeddable":true,"href":"https:\/\/candas365.es\/noticias\/wp-json\/wp\/v2\/categories?post=154344"},{"taxonomy":"post_tag","embeddable":true,"href":"https:\/\/candas365.es\/noticias\/wp-json\/wp\/v2\/tags?post=154344"}],"curies":[{"name":"wp","href":"https:\/\/api.w.org\/{rel}","templated":true}]}}