{"id":154166,"date":"2021-05-01T00:57:51","date_gmt":"2021-05-01T00:57:51","guid":{"rendered":"http:\/\/candas365.es\/noticias\/?p=154166"},"modified":"2021-05-01T00:57:51","modified_gmt":"2021-05-01T00:57:51","slug":"carreno-se-beneficiara-de-las-ayudas-leader-del-grupo-adicap","status":"publish","type":"post","link":"https:\/\/candas365.es\/noticias\/carreno-se-beneficiara-de-las-ayudas-leader-del-grupo-adicap\/","title":{"rendered":"Carre\u00f1o se beneficiar\u00e1  de las ayudas Leader del grupo Adicap"},"content":{"rendered":"<p class=\"x_MsoNormal\"><img fetchpriority=\"high\" decoding=\"async\" class=\"alignleft size-medium wp-image-6453\" src=\"https:\/\/candas365.es\/noticias\/wp-content\/uploads\/2015\/01\/ayuntamiento-360x270.jpg\" alt=\"\" width=\"360\" height=\"270\" srcset=\"https:\/\/candas365.es\/noticias\/wp-content\/uploads\/2015\/01\/ayuntamiento-360x270.jpg 360w, https:\/\/candas365.es\/noticias\/wp-content\/uploads\/2015\/01\/ayuntamiento-640x480.jpg 640w, https:\/\/candas365.es\/noticias\/wp-content\/uploads\/2015\/01\/ayuntamiento-768x576.jpg 768w, https:\/\/candas365.es\/noticias\/wp-content\/uploads\/2015\/01\/ayuntamiento-150x113.jpg 150w, https:\/\/candas365.es\/noticias\/wp-content\/uploads\/2015\/01\/ayuntamiento-450x338.jpg 450w, https:\/\/candas365.es\/noticias\/wp-content\/uploads\/2015\/01\/ayuntamiento-80x60.jpg 80w, https:\/\/candas365.es\/noticias\/wp-content\/uploads\/2015\/01\/ayuntamiento-265x198.jpg 265w, https:\/\/candas365.es\/noticias\/wp-content\/uploads\/2015\/01\/ayuntamiento-696x522.jpg 696w, https:\/\/candas365.es\/noticias\/wp-content\/uploads\/2015\/01\/ayuntamiento-560x420.jpg 560w, https:\/\/candas365.es\/noticias\/wp-content\/uploads\/2015\/01\/ayuntamiento-90x67.jpg 90w, https:\/\/candas365.es\/noticias\/wp-content\/uploads\/2015\/01\/ayuntamiento.jpg 800w\" sizes=\"(max-width: 360px) 100vw, 360px\" \/>El Bolet\u00edn Oficial del Principado (Bopa) ha publicado la resoluci\u00f3n de la convocatoria de ayudas del programa Leader para la Asociaci\u00f3n para el Desarrollo Integrado del Centro de Asturias Periurbano (Adicap), <strong>que incluye los concejos de Carre\u00f1o, Corvera, Goz\u00f3n y Llanera<\/strong>.<\/p>\n<p class=\"x_MsoNormal\">A trav\u00e9s de esta convocatoria, se apoyan con\u00a01.008.527\u00a0euros 31 proyectos de entidades privadas, locales y sin \u00e1nimo de lucro, que suponen una inversi\u00f3n total de 2.118.244 euros.<\/p>\n<p class=\"x_MsoNormal\">La distribuci\u00f3n de las ayudas por anualidades es la siguiente:<\/p>\n<table class=\"x_MsoNormalTable\" border=\"1\" width=\"484\" cellspacing=\"0\" cellpadding=\"0\">\n<tbody>\n<tr>\n<td valign=\"top\" width=\"208\">\n<p class=\"x_MsoNormal\" align=\"center\"><b>Ayudas Leader<\/b><b><\/b><\/p>\n<\/td>\n<td valign=\"top\" width=\"88\">\n<p class=\"x_MsoNormal\" align=\"center\"><b>2021<\/b><\/p>\n<\/td>\n<td valign=\"top\" width=\"88\">\n<p class=\"x_MsoNormal\" align=\"center\"><b>2022<\/b><\/p>\n<\/td>\n<td valign=\"top\" width=\"100\">\n<p class=\"x_MsoNormal\" align=\"center\"><b>Total entidad<\/b><\/p>\n<\/td>\n<\/tr>\n<tr>\n<td valign=\"top\" width=\"208\">\n<p class=\"x_MsoNormal\">Empresas privadas total<\/p>\n<\/td>\n<td width=\"88\">\n<p class=\"x_MsoNormal\" align=\"right\">436.540,80<\/p>\n<\/td>\n<td width=\"88\">\n<p class=\"x_MsoNormal\" align=\"right\">285.633,94<\/p>\n<\/td>\n<td width=\"100\">\n<p class=\"x_MsoNormal\" align=\"right\">722.174,74<\/p>\n<\/td>\n<\/tr>\n<tr>\n<td valign=\"top\" width=\"208\">\n<p class=\"x_MsoNormal\">Entidades Locales<\/p>\n<\/td>\n<td width=\"88\">\n<p class=\"x_MsoNormal\" align=\"right\">103.190,99<\/p>\n<\/td>\n<td width=\"88\">\n<p class=\"x_MsoNormal\" align=\"right\">134.052,43<\/p>\n<\/td>\n<td valign=\"bottom\" width=\"100\">\n<p class=\"x_MsoNormal\" align=\"right\">237.243,42<\/p>\n<\/td>\n<\/tr>\n<tr>\n<td valign=\"top\" width=\"208\">\n<p class=\"x_MsoNormal\">Entidades sin \u00e1nimo de lucro<\/p>\n<\/td>\n<td width=\"88\">\n<p class=\"x_MsoNormal\" align=\"right\">27.203,23<\/p>\n<\/td>\n<td width=\"88\">\n<p class=\"x_MsoNormal\" align=\"right\">21.906,43<\/p>\n<\/td>\n<td valign=\"bottom\" width=\"100\">\n<p class=\"x_MsoNormal\" align=\"right\">49.109,66<\/p>\n<\/td>\n<\/tr>\n<tr>\n<td valign=\"top\" width=\"208\">\n<p class=\"x_MsoNormal\">Total anualidad<\/p>\n<\/td>\n<td valign=\"bottom\" width=\"88\">\n<p class=\"x_MsoNormal\" align=\"right\">566.935,02<\/p>\n<\/td>\n<td valign=\"bottom\" width=\"88\">\n<p class=\"x_MsoNormal\" align=\"right\">441.592,80<\/p>\n<\/td>\n<td valign=\"bottom\" width=\"100\">\n<p class=\"x_MsoNormal\" align=\"right\">1.008.527,82<\/p>\n<\/td>\n<\/tr>\n<\/tbody>\n<\/table>\n<p class=\"x_MsoNormal\">Estas subvenciones, cofinanciadas por el Fondo Europeo Agrario de Desarrollo Rural (Feader), contribuyen a dar soporte al tejido productivo y social del medio rural y garantizan la continuidad de la actividad en un sector esencial para el abastecimiento de alimentos a la poblaci\u00f3n<strong>. Las ayudas se conceden a trav\u00e9s de los once grupos de desarrollo rural que abarcan la pr\u00e1ctica totalidad del territorio asturiano<\/strong>.<\/p>\n<p class=\"x_MsoNormal\">La convocatoria de fondos Leader de desarrollo rural 2020 es la de mayor dotaci\u00f3n econ\u00f3mica de la historia de la comunidad. El presupuesto inicial se ampli\u00f3 en 10 millones hasta alcanzar los 26,4, con los que se financiar\u00e1n m\u00e1s de 600 proyectos. En el caso de Adicap, la ampliaci\u00f3n de cr\u00e9dito fue de 453.859 euros.<\/p>\n<p>&nbsp;<\/p>\n","protected":false},"excerpt":{"rendered":"<p>El Bolet\u00edn Oficial del Principado (Bopa) ha publicado la resoluci\u00f3n de la convocatoria de ayudas del programa Leader para la Asociaci\u00f3n para el Desarrollo Integrado del Centro de Asturias Periurbano (Adicap), que incluye los concejos de Carre\u00f1o, Corvera, Goz\u00f3n y Llanera. A trav\u00e9s de esta convocatoria, se apoyan con\u00a01.008.527\u00a0euros 31 proyectos de entidades privadas, locales<\/p>\n","protected":false},"author":1,"featured_media":6453,"comment_status":"closed","ping_status":"closed","sticky":false,"template":"","format":"standard","meta":{"footnotes":""},"categories":[2],"tags":[],"class_list":{"0":"post-154166","1":"post","2":"type-post","3":"status-publish","4":"format-standard","5":"has-post-thumbnail","7":"category-noticias-carreno"},"aioseo_notices":[],"aioseo_head":"\n\t\t<!-- All in One SEO Pro 4.9.6.2 - aioseo.com -->\n\t<meta name=\"description\" content=\"A trav\u00e9s de esta convocatoria, se apoyan con 1.008.527 euros 31 proyectos de entidades privadas, locales y sin \u00e1nimo de lucro, entre ellas las de Carre\u00f1o.\" \/>\n\t<meta name=\"robots\" content=\"max-image-preview:large\" \/>\n\t<meta name=\"author\" content=\"Cand\u00e1s 365\"\/>\n\t<meta name=\"google-site-verification\" content=\"UA-32230408-1\" \/>\n\t<meta name=\"msvalidate.01\" content=\"354F3CDFB2DA171B47FBE9ABF1F88D5\" \/>\n\t<meta name=\"keywords\" content=\"noticias carre\u00f1o\" \/>\n\t<link rel=\"canonical\" href=\"https:\/\/candas365.es\/noticias\/carreno-se-beneficiara-de-las-ayudas-leader-del-grupo-adicap\/\" \/>\n\t<meta name=\"generator\" content=\"All in One SEO Pro (AIOSEO) 4.9.6.2\" \/>\n\t\t<meta property=\"og:locale\" content=\"es_ES\" \/>\n\t\t<meta property=\"og:site_name\" content=\"Cand\u00e1s 365\" \/>\n\t\t<meta property=\"og:type\" content=\"article\" \/>\n\t\t<meta property=\"og:title\" content=\"Carre\u00f1o se beneficiar\u00e1 de las ayudas Leader del grupo Adicap | Cand\u00e1s 365\" \/>\n\t\t<meta property=\"og:description\" content=\"A trav\u00e9s de esta convocatoria, se apoyan con 1.008.527 euros 31 proyectos de entidades privadas, locales y sin \u00e1nimo de lucro, entre ellas las de Carre\u00f1o.\" \/>\n\t\t<meta property=\"og:url\" content=\"https:\/\/candas365.es\/noticias\/carreno-se-beneficiara-de-las-ayudas-leader-del-grupo-adicap\/\" \/>\n\t\t<meta property=\"og:image\" content=\"https:\/\/candas365.es\/noticias\/wp-content\/uploads\/2015\/01\/ayuntamiento.jpg\" \/>\n\t\t<meta property=\"og:image:secure_url\" content=\"https:\/\/candas365.es\/noticias\/wp-content\/uploads\/2015\/01\/ayuntamiento.jpg\" \/>\n\t\t<meta property=\"og:image:width\" content=\"800\" \/>\n\t\t<meta property=\"og:image:height\" content=\"600\" \/>\n\t\t<meta property=\"article:published_time\" content=\"2021-05-01T00:57:51+00:00\" \/>\n\t\t<meta property=\"article:modified_time\" content=\"2021-05-01T00:57:51+00:00\" \/>\n\t\t<meta property=\"article:publisher\" content=\"https:\/\/www.facebook.com\/Nachofdezber\" \/>\n\t\t<meta property=\"article:author\" content=\"https:\/\/www.facebook.com\/carrenoactualidad\" \/>\n\t\t<meta name=\"twitter:card\" content=\"summary_large_image\" \/>\n\t\t<meta name=\"twitter:site\" content=\"@NabercoDigital\" \/>\n\t\t<meta name=\"twitter:title\" content=\"Carre\u00f1o se beneficiar\u00e1 de las ayudas Leader del grupo Adicap | Cand\u00e1s 365\" \/>\n\t\t<meta name=\"twitter:description\" content=\"A trav\u00e9s de esta convocatoria, se apoyan con 1.008.527 euros 31 proyectos de entidades privadas, locales y sin \u00e1nimo de lucro, entre ellas las de Carre\u00f1o.\" \/>\n\t\t<meta name=\"twitter:creator\" content=\"@nbasturias\" \/>\n\t\t<meta name=\"twitter:image\" content=\"https:\/\/candas365.es\/noticias\/wp-content\/uploads\/2015\/01\/ayuntamiento.jpg\" \/>\n\t\t<meta name=\"twitter:label1\" content=\"Escrito por\" \/>\n\t\t<meta name=\"twitter:data1\" content=\"Cand\u00e1s 365\" \/>\n\t\t<meta name=\"twitter:label2\" content=\"Tiempo de lectura estimado\" \/>\n\t\t<meta name=\"twitter:data2\" content=\"1 minuto\" \/>\n\t\t<script type=\"application\/ld+json\" class=\"aioseo-schema\">\n\t\t\t{\"@context\":\"https:\\\/\\\/schema.org\",\"@graph\":[{\"@type\":\"BreadcrumbList\",\"@id\":\"https:\\\/\\\/candas365.es\\\/noticias\\\/carreno-se-beneficiara-de-las-ayudas-leader-del-grupo-adicap\\\/#breadcrumblist\",\"itemListElement\":[{\"@type\":\"ListItem\",\"@id\":\"https:\\\/\\\/candas365.es\\\/noticias#listItem\",\"position\":1,\"name\":\"Home\",\"item\":\"https:\\\/\\\/candas365.es\\\/noticias\",\"nextItem\":{\"@type\":\"ListItem\",\"@id\":\"https:\\\/\\\/candas365.es\\\/noticias\\\/category\\\/noticias-carreno\\\/#listItem\",\"name\":\"Noticias Carre\\u00f1o\"}},{\"@type\":\"ListItem\",\"@id\":\"https:\\\/\\\/candas365.es\\\/noticias\\\/category\\\/noticias-carreno\\\/#listItem\",\"position\":2,\"name\":\"Noticias Carre\\u00f1o\",\"item\":\"https:\\\/\\\/candas365.es\\\/noticias\\\/category\\\/noticias-carreno\\\/\",\"nextItem\":{\"@type\":\"ListItem\",\"@id\":\"https:\\\/\\\/candas365.es\\\/noticias\\\/carreno-se-beneficiara-de-las-ayudas-leader-del-grupo-adicap\\\/#listItem\",\"name\":\"Carre\\u00f1o se beneficiar\\u00e1  de las ayudas Leader del grupo Adicap\"},\"previousItem\":{\"@type\":\"ListItem\",\"@id\":\"https:\\\/\\\/candas365.es\\\/noticias#listItem\",\"name\":\"Home\"}},{\"@type\":\"ListItem\",\"@id\":\"https:\\\/\\\/candas365.es\\\/noticias\\\/carreno-se-beneficiara-de-las-ayudas-leader-del-grupo-adicap\\\/#listItem\",\"position\":3,\"name\":\"Carre\\u00f1o se beneficiar\\u00e1  de las ayudas Leader del grupo Adicap\",\"previousItem\":{\"@type\":\"ListItem\",\"@id\":\"https:\\\/\\\/candas365.es\\\/noticias\\\/category\\\/noticias-carreno\\\/#listItem\",\"name\":\"Noticias Carre\\u00f1o\"}}]},{\"@type\":\"NewsArticle\",\"@id\":\"https:\\\/\\\/candas365.es\\\/noticias\\\/carreno-se-beneficiara-de-las-ayudas-leader-del-grupo-adicap\\\/#newsarticle\",\"name\":\"Carre\\u00f1o se beneficiar\\u00e1 de las ayudas Leader del grupo Adicap | Cand\\u00e1s 365\",\"headline\":\"Carre\\u00f1o se beneficiar\\u00e1  de las ayudas Leader del grupo Adicap\",\"author\":{\"@id\":\"https:\\\/\\\/candas365.es\\\/noticias\\\/author\\\/admin\\\/#author\"},\"publisher\":{\"@id\":\"https:\\\/\\\/candas365.es\\\/noticias\\\/#organization\"},\"image\":{\"@type\":\"ImageObject\",\"url\":\"https:\\\/\\\/candas365.es\\\/noticias\\\/wp-content\\\/uploads\\\/2015\\\/01\\\/ayuntamiento.jpg\",\"width\":800,\"height\":600,\"caption\":\"Carre\\u00f1o\"},\"datePublished\":\"2021-05-01T00:57:51+02:00\",\"dateModified\":\"2021-05-01T00:57:51+02:00\",\"inLanguage\":\"es-ES\",\"mainEntityOfPage\":{\"@id\":\"https:\\\/\\\/candas365.es\\\/noticias\\\/carreno-se-beneficiara-de-las-ayudas-leader-del-grupo-adicap\\\/#webpage\"},\"isPartOf\":{\"@id\":\"https:\\\/\\\/candas365.es\\\/noticias\\\/carreno-se-beneficiara-de-las-ayudas-leader-del-grupo-adicap\\\/#webpage\"},\"articleSection\":\"Noticias Carre\\u00f1o\",\"dateline\":\"Publicado el mayo 1, 2021.\"},{\"@type\":\"Organization\",\"@id\":\"https:\\\/\\\/candas365.es\\\/noticias\\\/#organization\",\"name\":\"Cand\\u00e1s 365\",\"description\":\"Cand\\u00e1s 365 es un diario digital independiente, fundado en 2012, con base en Asturias. Informamos con rigor sobre actualidad, sociedad, cultura y ocio, con una mirada local y global.\",\"url\":\"https:\\\/\\\/candas365.es\\\/noticias\\\/\",\"email\":\"info@candas365.es\",\"telephone\":\"+34652131393\",\"foundingDate\":\"2012-06-10\",\"logo\":{\"@type\":\"ImageObject\",\"url\":\"https:\\\/\\\/candas365.es\\\/noticias\\\/wp-content\\\/uploads\\\/2024\\\/09\\\/Candas-365-Redes.jpg\",\"@id\":\"https:\\\/\\\/candas365.es\\\/noticias\\\/carreno-se-beneficiara-de-las-ayudas-leader-del-grupo-adicap\\\/#organizationLogo\",\"width\":1152,\"height\":864,\"caption\":\"Cand\\u00e1s 365 Redes\"},\"image\":{\"@id\":\"https:\\\/\\\/candas365.es\\\/noticias\\\/carreno-se-beneficiara-de-las-ayudas-leader-del-grupo-adicap\\\/#organizationLogo\"},\"sameAs\":[\"https:\\\/\\\/www.facebook.com\\\/Nachofdezber\",\"https:\\\/\\\/x.com\\\/NabercoDigital\",\"https:\\\/\\\/www.instagram.com\\\/nachofdezber\\\/\",\"https:\\\/\\\/www.youtube.com\\\/channel\\\/UCZP-2wLEB9Rv6erhFmqVnvg\"],\"address\":{\"@id\":\"https:\\\/\\\/candas365.es\\\/noticias\\\/#postaladdress\",\"@type\":\"PostalAddress\",\"streetAddress\":\"san antonio 4, san antonio 4\",\"postalCode\":\"33430\",\"addressLocality\":\"Cand\\u00e1s\",\"addressRegion\":\"Asturias\",\"addressCountry\":\"ES\"}},{\"@type\":\"Person\",\"@id\":\"https:\\\/\\\/candas365.es\\\/noticias\\\/author\\\/admin\\\/#author\",\"url\":\"https:\\\/\\\/candas365.es\\\/noticias\\\/author\\\/admin\\\/\",\"name\":\"Cand\\u00e1s 365\",\"image\":{\"@type\":\"ImageObject\",\"@id\":\"https:\\\/\\\/candas365.es\\\/noticias\\\/carreno-se-beneficiara-de-las-ayudas-leader-del-grupo-adicap\\\/#authorImage\",\"url\":\"https:\\\/\\\/secure.gravatar.com\\\/avatar\\\/496a8e03d0c493ede1718b7934145dbdf8d89be1036b0eec9544e1094c9de390?s=96&d=mm&r=g\",\"width\":96,\"height\":96,\"caption\":\"Cand\\u00e1s 365\"},\"sameAs\":[\"https:\\\/\\\/www.facebook.com\\\/carrenoactualidad\",\"https:\\\/\\\/twitter.com\\\/nbasturias\",\"https:\\\/\\\/www.instagram.com\\\/nachofdezber\\\/\",\"https:\\\/\\\/www.youtube.com\\\/channel\\\/UCZP-2wLEB9Rv6erhFmqVnvg\"]},{\"@type\":\"WebPage\",\"@id\":\"https:\\\/\\\/candas365.es\\\/noticias\\\/carreno-se-beneficiara-de-las-ayudas-leader-del-grupo-adicap\\\/#webpage\",\"url\":\"https:\\\/\\\/candas365.es\\\/noticias\\\/carreno-se-beneficiara-de-las-ayudas-leader-del-grupo-adicap\\\/\",\"name\":\"Carre\\u00f1o se beneficiar\\u00e1 de las ayudas Leader del grupo Adicap | Cand\\u00e1s 365\",\"description\":\"A trav\\u00e9s de esta convocatoria, se apoyan con 1.008.527 euros 31 proyectos de entidades privadas, locales y sin \\u00e1nimo de lucro, entre ellas las de Carre\\u00f1o.\",\"inLanguage\":\"es-ES\",\"isPartOf\":{\"@id\":\"https:\\\/\\\/candas365.es\\\/noticias\\\/#website\"},\"breadcrumb\":{\"@id\":\"https:\\\/\\\/candas365.es\\\/noticias\\\/carreno-se-beneficiara-de-las-ayudas-leader-del-grupo-adicap\\\/#breadcrumblist\"},\"author\":{\"@id\":\"https:\\\/\\\/candas365.es\\\/noticias\\\/author\\\/admin\\\/#author\"},\"creator\":{\"@id\":\"https:\\\/\\\/candas365.es\\\/noticias\\\/author\\\/admin\\\/#author\"},\"image\":{\"@type\":\"ImageObject\",\"url\":\"https:\\\/\\\/candas365.es\\\/noticias\\\/wp-content\\\/uploads\\\/2015\\\/01\\\/ayuntamiento.jpg\",\"@id\":\"https:\\\/\\\/candas365.es\\\/noticias\\\/carreno-se-beneficiara-de-las-ayudas-leader-del-grupo-adicap\\\/#mainImage\",\"width\":800,\"height\":600,\"caption\":\"Carre\\u00f1o\"},\"primaryImageOfPage\":{\"@id\":\"https:\\\/\\\/candas365.es\\\/noticias\\\/carreno-se-beneficiara-de-las-ayudas-leader-del-grupo-adicap\\\/#mainImage\"},\"datePublished\":\"2021-05-01T00:57:51+02:00\",\"dateModified\":\"2021-05-01T00:57:51+02:00\"},{\"@type\":\"WebSite\",\"@id\":\"https:\\\/\\\/candas365.es\\\/noticias\\\/#website\",\"url\":\"https:\\\/\\\/candas365.es\\\/noticias\\\/\",\"name\":\"Cand\\u00e1s 365\",\"alternateName\":\"Cand\\u00e1s 365 Noticias\",\"description\":\"Actualidad desde Carre\\u00f1o para el mundo\",\"inLanguage\":\"es-ES\",\"publisher\":{\"@id\":\"https:\\\/\\\/candas365.es\\\/noticias\\\/#organization\"}}]}\n\t\t<\/script>\n\t\t<!-- All in One SEO Pro -->\r\n\t\t<title>Carre\u00f1o se beneficiar\u00e1 de las ayudas Leader del grupo Adicap | Cand\u00e1s 365<\/title>\n\n","aioseo_head_json":{"title":"Carre\u00f1o se beneficiar\u00e1 de las ayudas Leader del grupo Adicap | Cand\u00e1s 365","description":"A trav\u00e9s de esta convocatoria, se apoyan con 1.008.527 euros 31 proyectos de entidades privadas, locales y sin \u00e1nimo de lucro, entre ellas las de Carre\u00f1o.","canonical_url":"https:\/\/candas365.es\/noticias\/carreno-se-beneficiara-de-las-ayudas-leader-del-grupo-adicap\/","robots":"max-image-preview:large","keywords":"noticias carre\u00f1o","webmasterTools":{"google-site-verification":"UA-32230408-1","msvalidate.01":"354F3CDFB2DA171B47FBE9ABF1F88D5","miscellaneous":""},"schema":{"@context":"https:\/\/schema.org","@graph":[{"@type":"BreadcrumbList","@id":"https:\/\/candas365.es\/noticias\/carreno-se-beneficiara-de-las-ayudas-leader-del-grupo-adicap\/#breadcrumblist","itemListElement":[{"@type":"ListItem","@id":"https:\/\/candas365.es\/noticias#listItem","position":1,"name":"Home","item":"https:\/\/candas365.es\/noticias","nextItem":{"@type":"ListItem","@id":"https:\/\/candas365.es\/noticias\/category\/noticias-carreno\/#listItem","name":"Noticias Carre\u00f1o"}},{"@type":"ListItem","@id":"https:\/\/candas365.es\/noticias\/category\/noticias-carreno\/#listItem","position":2,"name":"Noticias Carre\u00f1o","item":"https:\/\/candas365.es\/noticias\/category\/noticias-carreno\/","nextItem":{"@type":"ListItem","@id":"https:\/\/candas365.es\/noticias\/carreno-se-beneficiara-de-las-ayudas-leader-del-grupo-adicap\/#listItem","name":"Carre\u00f1o se beneficiar\u00e1  de las ayudas Leader del grupo Adicap"},"previousItem":{"@type":"ListItem","@id":"https:\/\/candas365.es\/noticias#listItem","name":"Home"}},{"@type":"ListItem","@id":"https:\/\/candas365.es\/noticias\/carreno-se-beneficiara-de-las-ayudas-leader-del-grupo-adicap\/#listItem","position":3,"name":"Carre\u00f1o se beneficiar\u00e1  de las ayudas Leader del grupo Adicap","previousItem":{"@type":"ListItem","@id":"https:\/\/candas365.es\/noticias\/category\/noticias-carreno\/#listItem","name":"Noticias Carre\u00f1o"}}]},{"@type":"NewsArticle","@id":"https:\/\/candas365.es\/noticias\/carreno-se-beneficiara-de-las-ayudas-leader-del-grupo-adicap\/#newsarticle","name":"Carre\u00f1o se beneficiar\u00e1 de las ayudas Leader del grupo Adicap | Cand\u00e1s 365","headline":"Carre\u00f1o se beneficiar\u00e1  de las ayudas Leader del grupo Adicap","author":{"@id":"https:\/\/candas365.es\/noticias\/author\/admin\/#author"},"publisher":{"@id":"https:\/\/candas365.es\/noticias\/#organization"},"image":{"@type":"ImageObject","url":"https:\/\/candas365.es\/noticias\/wp-content\/uploads\/2015\/01\/ayuntamiento.jpg","width":800,"height":600,"caption":"Carre\u00f1o"},"datePublished":"2021-05-01T00:57:51+02:00","dateModified":"2021-05-01T00:57:51+02:00","inLanguage":"es-ES","mainEntityOfPage":{"@id":"https:\/\/candas365.es\/noticias\/carreno-se-beneficiara-de-las-ayudas-leader-del-grupo-adicap\/#webpage"},"isPartOf":{"@id":"https:\/\/candas365.es\/noticias\/carreno-se-beneficiara-de-las-ayudas-leader-del-grupo-adicap\/#webpage"},"articleSection":"Noticias Carre\u00f1o","dateline":"Publicado el mayo 1, 2021."},{"@type":"Organization","@id":"https:\/\/candas365.es\/noticias\/#organization","name":"Cand\u00e1s 365","description":"Cand\u00e1s 365 es un diario digital independiente, fundado en 2012, con base en Asturias. Informamos con rigor sobre actualidad, sociedad, cultura y ocio, con una mirada local y global.","url":"https:\/\/candas365.es\/noticias\/","email":"info@candas365.es","telephone":"+34652131393","foundingDate":"2012-06-10","logo":{"@type":"ImageObject","url":"https:\/\/candas365.es\/noticias\/wp-content\/uploads\/2024\/09\/Candas-365-Redes.jpg","@id":"https:\/\/candas365.es\/noticias\/carreno-se-beneficiara-de-las-ayudas-leader-del-grupo-adicap\/#organizationLogo","width":1152,"height":864,"caption":"Cand\u00e1s 365 Redes"},"image":{"@id":"https:\/\/candas365.es\/noticias\/carreno-se-beneficiara-de-las-ayudas-leader-del-grupo-adicap\/#organizationLogo"},"sameAs":["https:\/\/www.facebook.com\/Nachofdezber","https:\/\/x.com\/NabercoDigital","https:\/\/www.instagram.com\/nachofdezber\/","https:\/\/www.youtube.com\/channel\/UCZP-2wLEB9Rv6erhFmqVnvg"],"address":{"@id":"https:\/\/candas365.es\/noticias\/#postaladdress","@type":"PostalAddress","streetAddress":"san antonio 4, san antonio 4","postalCode":"33430","addressLocality":"Cand\u00e1s","addressRegion":"Asturias","addressCountry":"ES"}},{"@type":"Person","@id":"https:\/\/candas365.es\/noticias\/author\/admin\/#author","url":"https:\/\/candas365.es\/noticias\/author\/admin\/","name":"Cand\u00e1s 365","image":{"@type":"ImageObject","@id":"https:\/\/candas365.es\/noticias\/carreno-se-beneficiara-de-las-ayudas-leader-del-grupo-adicap\/#authorImage","url":"https:\/\/secure.gravatar.com\/avatar\/496a8e03d0c493ede1718b7934145dbdf8d89be1036b0eec9544e1094c9de390?s=96&d=mm&r=g","width":96,"height":96,"caption":"Cand\u00e1s 365"},"sameAs":["https:\/\/www.facebook.com\/carrenoactualidad","https:\/\/twitter.com\/nbasturias","https:\/\/www.instagram.com\/nachofdezber\/","https:\/\/www.youtube.com\/channel\/UCZP-2wLEB9Rv6erhFmqVnvg"]},{"@type":"WebPage","@id":"https:\/\/candas365.es\/noticias\/carreno-se-beneficiara-de-las-ayudas-leader-del-grupo-adicap\/#webpage","url":"https:\/\/candas365.es\/noticias\/carreno-se-beneficiara-de-las-ayudas-leader-del-grupo-adicap\/","name":"Carre\u00f1o se beneficiar\u00e1 de las ayudas Leader del grupo Adicap | Cand\u00e1s 365","description":"A trav\u00e9s de esta convocatoria, se apoyan con 1.008.527 euros 31 proyectos de entidades privadas, locales y sin \u00e1nimo de lucro, entre ellas las de Carre\u00f1o.","inLanguage":"es-ES","isPartOf":{"@id":"https:\/\/candas365.es\/noticias\/#website"},"breadcrumb":{"@id":"https:\/\/candas365.es\/noticias\/carreno-se-beneficiara-de-las-ayudas-leader-del-grupo-adicap\/#breadcrumblist"},"author":{"@id":"https:\/\/candas365.es\/noticias\/author\/admin\/#author"},"creator":{"@id":"https:\/\/candas365.es\/noticias\/author\/admin\/#author"},"image":{"@type":"ImageObject","url":"https:\/\/candas365.es\/noticias\/wp-content\/uploads\/2015\/01\/ayuntamiento.jpg","@id":"https:\/\/candas365.es\/noticias\/carreno-se-beneficiara-de-las-ayudas-leader-del-grupo-adicap\/#mainImage","width":800,"height":600,"caption":"Carre\u00f1o"},"primaryImageOfPage":{"@id":"https:\/\/candas365.es\/noticias\/carreno-se-beneficiara-de-las-ayudas-leader-del-grupo-adicap\/#mainImage"},"datePublished":"2021-05-01T00:57:51+02:00","dateModified":"2021-05-01T00:57:51+02:00"},{"@type":"WebSite","@id":"https:\/\/candas365.es\/noticias\/#website","url":"https:\/\/candas365.es\/noticias\/","name":"Cand\u00e1s 365","alternateName":"Cand\u00e1s 365 Noticias","description":"Actualidad desde Carre\u00f1o para el mundo","inLanguage":"es-ES","publisher":{"@id":"https:\/\/candas365.es\/noticias\/#organization"}}]},"og:locale":"es_ES","og:site_name":"Cand\u00e1s 365","og:type":"article","og:title":"Carre\u00f1o se beneficiar\u00e1 de las ayudas Leader del grupo Adicap | Cand\u00e1s 365","og:description":"A trav\u00e9s de esta convocatoria, se apoyan con 1.008.527 euros 31 proyectos de entidades privadas, locales y sin \u00e1nimo de lucro, entre ellas las de Carre\u00f1o.","og:url":"https:\/\/candas365.es\/noticias\/carreno-se-beneficiara-de-las-ayudas-leader-del-grupo-adicap\/","og:image":"https:\/\/candas365.es\/noticias\/wp-content\/uploads\/2015\/01\/ayuntamiento.jpg","og:image:secure_url":"https:\/\/candas365.es\/noticias\/wp-content\/uploads\/2015\/01\/ayuntamiento.jpg","og:image:width":800,"og:image:height":600,"article:published_time":"2021-05-01T00:57:51+00:00","article:modified_time":"2021-05-01T00:57:51+00:00","article:publisher":"https:\/\/www.facebook.com\/Nachofdezber","article:author":"https:\/\/www.facebook.com\/carrenoactualidad","twitter:card":"summary_large_image","twitter:site":"@NabercoDigital","twitter:title":"Carre\u00f1o se beneficiar\u00e1 de las ayudas Leader del grupo Adicap | Cand\u00e1s 365","twitter:description":"A trav\u00e9s de esta convocatoria, se apoyan con 1.008.527 euros 31 proyectos de entidades privadas, locales y sin \u00e1nimo de lucro, entre ellas las de Carre\u00f1o.","twitter:creator":"@nbasturias","twitter:image":"https:\/\/candas365.es\/noticias\/wp-content\/uploads\/2015\/01\/ayuntamiento.jpg","twitter:label1":"Escrito por","twitter:data1":"Cand\u00e1s 365","twitter:label2":"Tiempo de lectura estimado","twitter:data2":"1 minuto"},"aioseo_meta_data":{"post_id":"154166","title":null,"description":"A trav\u00e9s de esta convocatoria, se apoyan con&nbsp;1.008.527&nbsp;euros 31 proyectos de entidades privadas, locales y sin \u00e1nimo de lucro, entre ellas las de Carre\u00f1o.","keywords":[],"keyphrases":{"focus":[],"additional":[]},"primary_term":null,"canonical_url":null,"og_title":null,"og_description":null,"og_object_type":"default","og_image_type":"default","og_image_url":null,"og_image_width":null,"og_image_height":null,"og_image_custom_url":null,"og_image_custom_fields":null,"og_video":"","og_custom_url":null,"og_article_section":null,"og_article_tags":[],"twitter_use_og":false,"twitter_card":"default","twitter_image_type":"default","twitter_image_url":null,"twitter_image_custom_url":null,"twitter_image_custom_fields":null,"twitter_title":null,"twitter_description":null,"schema":{"blockGraphs":[],"customGraphs":[],"default":{"data":{"Article":[],"Course":[],"Dataset":[],"FAQPage":[],"Movie":[],"Person":[],"Product":[],"ProductReview":[],"Car":[],"Recipe":[],"Service":[],"SoftwareApplication":[],"WebPage":[]},"graphName":"","isEnabled":true},"graphs":[],"defaultGraph":"Article","defaultPostTypeGraph":""},"schema_type":"default","schema_type_options":"{\"article\":{\"articleType\":\"BlogPosting\"},\"course\":{\"name\":\"\",\"description\":\"\",\"provider\":\"\"},\"faq\":{\"pages\":[]},\"product\":{\"reviews\":[]},\"recipe\":{\"ingredients\":[],\"instructions\":[],\"keywords\":[]},\"software\":{\"reviews\":[],\"operatingSystems\":[]},\"webPage\":{\"webPageType\":\"WebPage\"}}","pillar_content":false,"robots_default":true,"robots_noindex":false,"robots_noarchive":false,"robots_nosnippet":false,"robots_nofollow":false,"robots_noimageindex":false,"robots_noodp":false,"robots_notranslate":false,"robots_max_snippet":"-1","robots_max_videopreview":"-1","robots_max_imagepreview":"large","priority":null,"frequency":"default","location":null,"local_seo":{"locations":{"business":{"name":"","businessType":"","image":"","areaServed":"","urls":{"website":"","aboutPage":"","contactPage":""},"address":{"streetLine1":"","streetLine2":"","zipCode":"","city":"","state":"","country":"","addressFormat":"#streetLineOne\n#streetLineTwo\n#city, #state #zipCode"},"contact":{"phone":"","email":"","fax":""},"ids":{"vat":"","tax":"","chamberOfCommerce":""},"payment":{"priceRange":"","currenciesAccepted":"","methods":""}}},"openingHours":{"useDefaults":true,"show":true,"alwaysOpen":false,"use24hFormat":false,"timezone":"","labels":{"closed":"","alwaysOpen":""},"days":{"monday":{"open24h":false,"closed":false,"openTime":"09:00","closeTime":"17:00"},"tuesday":{"open24h":false,"closed":false,"openTime":"09:00","closeTime":"17:00"},"wednesday":{"open24h":false,"closed":false,"openTime":"09:00","closeTime":"17:00"},"thursday":{"open24h":false,"closed":false,"openTime":"09:00","closeTime":"17:00"},"friday":{"open24h":false,"closed":false,"openTime":"09:00","closeTime":"17:00"},"saturday":{"open24h":false,"closed":false,"openTime":"09:00","closeTime":"17:00"},"sunday":{"open24h":false,"closed":false,"openTime":"09:00","closeTime":"17:00"}}}},"seo_analyzer_scan_date":"2025-08-31 20:57:23","breadcrumb_settings":null,"limit_modified_date":false,"reviewed_by":null,"open_ai":null,"ai":null,"created":"2021-05-01 00:53:15","updated":"2025-08-31 20:57:23"},"aioseo_breadcrumb":"<div class=\"aioseo-breadcrumbs\"><span class=\"aioseo-breadcrumb\">\n\t<a href=\"https:\/\/candas365.es\/noticias\" title=\"Home\">Home<\/a>\n<\/span><span class=\"aioseo-breadcrumb-separator\">&ndash;<\/span><span class=\"aioseo-breadcrumb\">\n\t<a href=\"https:\/\/candas365.es\/noticias\/category\/noticias-carreno\/\" title=\"Noticias Carre\u00f1o\">Noticias Carre\u00f1o<\/a>\n<\/span><span class=\"aioseo-breadcrumb-separator\">&ndash;<\/span><span class=\"aioseo-breadcrumb\">\n\tCarre\u00f1o se beneficiar\u00e1  de las ayudas Leader del grupo Adicap\n<\/span><\/div>","aioseo_breadcrumb_json":[{"label":"Home","link":"https:\/\/candas365.es\/noticias"},{"label":"Noticias Carre\u00f1o","link":"https:\/\/candas365.es\/noticias\/category\/noticias-carreno\/"},{"label":"Carre\u00f1o se beneficiar\u00e1  de las ayudas Leader del grupo Adicap","link":"https:\/\/candas365.es\/noticias\/carreno-se-beneficiara-de-las-ayudas-leader-del-grupo-adicap\/"}],"_links":{"self":[{"href":"https:\/\/candas365.es\/noticias\/wp-json\/wp\/v2\/posts\/154166","targetHints":{"allow":["GET"]}}],"collection":[{"href":"https:\/\/candas365.es\/noticias\/wp-json\/wp\/v2\/posts"}],"about":[{"href":"https:\/\/candas365.es\/noticias\/wp-json\/wp\/v2\/types\/post"}],"author":[{"embeddable":true,"href":"https:\/\/candas365.es\/noticias\/wp-json\/wp\/v2\/users\/1"}],"replies":[{"embeddable":true,"href":"https:\/\/candas365.es\/noticias\/wp-json\/wp\/v2\/comments?post=154166"}],"version-history":[{"count":0,"href":"https:\/\/candas365.es\/noticias\/wp-json\/wp\/v2\/posts\/154166\/revisions"}],"wp:featuredmedia":[{"embeddable":true,"href":"https:\/\/candas365.es\/noticias\/wp-json\/wp\/v2\/media\/6453"}],"wp:attachment":[{"href":"https:\/\/candas365.es\/noticias\/wp-json\/wp\/v2\/media?parent=154166"}],"wp:term":[{"taxonomy":"category","embeddable":true,"href":"https:\/\/candas365.es\/noticias\/wp-json\/wp\/v2\/categories?post=154166"},{"taxonomy":"post_tag","embeddable":true,"href":"https:\/\/candas365.es\/noticias\/wp-json\/wp\/v2\/tags?post=154166"}],"curies":[{"name":"wp","href":"https:\/\/api.w.org\/{rel}","templated":true}]}}