{"id":154038,"date":"2021-04-28T10:39:25","date_gmt":"2021-04-28T10:39:25","guid":{"rendered":"http:\/\/candas365.es\/noticias\/?p=154038"},"modified":"2021-04-28T10:39:25","modified_gmt":"2021-04-28T10:39:25","slug":"neymar-sobre-mbappe-quiero-que-rompa-todos-los-records-posibles","status":"publish","type":"post","link":"https:\/\/candas365.es\/noticias\/neymar-sobre-mbappe-quiero-que-rompa-todos-los-records-posibles\/","title":{"rendered":"Neymar sobre Mbappe: Quiero que rompa todos los r\u00e9cords posibles"},"content":{"rendered":"<p><img fetchpriority=\"high\" decoding=\"async\" class=\"alignleft size-medium wp-image-98026\" src=\"https:\/\/candas365.es\/noticias\/wp-content\/uploads\/2018\/06\/football-1406106_960_720-1-360x241.jpg\" alt=\"\" width=\"360\" height=\"241\" srcset=\"https:\/\/candas365.es\/noticias\/wp-content\/uploads\/2018\/06\/football-1406106_960_720-1-360x241.jpg 360w, https:\/\/candas365.es\/noticias\/wp-content\/uploads\/2018\/06\/football-1406106_960_720-1-768x514.jpg 768w, https:\/\/candas365.es\/noticias\/wp-content\/uploads\/2018\/06\/football-1406106_960_720-1-655x439.jpg 655w, https:\/\/candas365.es\/noticias\/wp-content\/uploads\/2018\/06\/football-1406106_960_720-1-696x466.jpg 696w, https:\/\/candas365.es\/noticias\/wp-content\/uploads\/2018\/06\/football-1406106_960_720-1-627x420.jpg 627w, https:\/\/candas365.es\/noticias\/wp-content\/uploads\/2018\/06\/football-1406106_960_720-1.jpg 960w\" sizes=\"(max-width: 360px) 100vw, 360px\" \/>Berl\u00edn (STATS Perform\/dpa) &#8211; El jugador del Par\u00eds Saint-Germain Neymar quiere que Kylian Mbappe \u00abrompa todos los r\u00e9cords posibles\u00bb, y elogi\u00f3 a su compa\u00f1ero estrella antes de la semifinal de la Liga de Campeones contra el Manchester City.<\/p>\n<p>Neymar y Mbappe son fundamentales para las esperanzas del PSG en la Liga de Campeones esta temporada, en la que el subcampe\u00f3n del a\u00f1o pasado se prepara para enfrentarse al City de Pep Guardiola en las semifinales el mi\u00e9rcoles.<\/p>\n<p>Mbappe -que ha sido vinculado con el gigante de LaLiga, el Real Madrid- ha sido una estrella desde que se uni\u00f3 al PSG desde el M\u00f3naco en 2018, y este \u00faltimo espera que sigan llegando.<\/p>\n<p>Neymar habl\u00f3 de su admiraci\u00f3n por el delantero franc\u00e9s Mbappe en la v\u00edspera del partido inaugural contra el l\u00edder de la Premier League, el City, en Par\u00eds.<\/p>\n<p>\u00abTenemos una gran amistad. Es un gran jugador y lo viene demostrando a\u00f1o tras a\u00f1o\u00bb, dijo Neymar.<\/p>\n<p>\u00abEspero que siga marcando goles y jugando bien porque as\u00ed nos ayuda en el campo. Por supuesto, siempre estoy detr\u00e1s de \u00e9l\u00bb.<\/p>\n<p>\u00abQuiero que rompa todos los r\u00e9cords posibles. Es una persona fant\u00e1stica. Espero que pueda volver a jugar bien y que el PSG salga victorioso\u00bb.<\/p>\n<p>Neymar, que se traslad\u00f3 al PSG desde el Barcelona por una cifra r\u00e9cord mundial de 222 millones de euros (268 millones de d\u00f3lares) en 2017, tiene contrato hasta el pr\u00f3ximo a\u00f1o, pero le gustar\u00eda seguir jugando junto a Mbappe en el Parque de los Pr\u00edncipes en el futuro.<\/p>\n<p>De forma m\u00e1s inmediata, la pareja se centrar\u00e1 en volver a la final de la Liga de Campeones, donde cay\u00f3 por 1-0 ante el Bayern de M\u00fanich en 2020.<\/p>\n<p>Mbappe hab\u00eda regresado de una lesi\u00f3n en el tobillo menos de dos semanas antes de la final, y tambi\u00e9n ha sido objeto de preocupaci\u00f3n por lesi\u00f3n esta semana.<\/p>\n<p>Pero el entrenador del PSG, Mauricio Pochettino, dijo el martes que Mbappe se ha recuperado de la lesi\u00f3n en el muslo que le oblig\u00f3 a abandonar la victoria del s\u00e1bado en la Ligue 1 contra el Metz.<\/p>\n<p>Neymar, la estrella del PSG, ha marcado (tres) o asistido (uno) en cada una de sus tres apariciones anteriores en las semifinales de la Liga de Campeones, mientras que ha tenido una participaci\u00f3n directa en nueve goles en sus 12 partidos contra equipos ingleses en la competici\u00f3n (cinco goles y asistencias).<\/p>\n<p>&nbsp;<\/p>\n","protected":false},"excerpt":{"rendered":"<p>Berl\u00edn (STATS Perform\/dpa) &#8211; El jugador del Par\u00eds Saint-Germain Neymar quiere que Kylian Mbappe \u00abrompa todos los r\u00e9cords posibles\u00bb, y elogi\u00f3 a su compa\u00f1ero estrella antes de la semifinal de la Liga de Campeones contra el Manchester City. Neymar y Mbappe son fundamentales para las esperanzas del PSG en la Liga de Campeones esta temporada,<\/p>\n","protected":false},"author":1,"featured_media":98026,"comment_status":"closed","ping_status":"closed","sticky":false,"template":"","format":"standard","meta":{"footnotes":""},"categories":[319],"tags":[],"class_list":{"0":"post-154038","1":"post","2":"type-post","3":"status-publish","4":"format-standard","5":"has-post-thumbnail","7":"category-deporte"},"aioseo_notices":[],"aioseo_head":"\n\t\t<!-- All in One SEO Pro 4.9.6.2 - aioseo.com -->\n\t<meta name=\"description\" content=\"El jugador del Par\u00eds Saint-Germain Neymar quiere que Kylian Mbappe &quot;rompa todos los r\u00e9cords posibles&quot;, y elogi\u00f3 a su compa\u00f1ero ..\" \/>\n\t<meta name=\"robots\" content=\"max-image-preview:large\" \/>\n\t<meta name=\"author\" content=\"Cand\u00e1s 365\"\/>\n\t<meta name=\"google-site-verification\" content=\"UA-32230408-1\" \/>\n\t<meta name=\"msvalidate.01\" content=\"354F3CDFB2DA171B47FBE9ABF1F88D5\" \/>\n\t<meta name=\"keywords\" content=\"deporte\" \/>\n\t<link rel=\"canonical\" href=\"https:\/\/candas365.es\/noticias\/neymar-sobre-mbappe-quiero-que-rompa-todos-los-records-posibles\/\" \/>\n\t<meta name=\"generator\" content=\"All in One SEO Pro (AIOSEO) 4.9.6.2\" \/>\n\t\t<meta property=\"og:locale\" content=\"es_ES\" \/>\n\t\t<meta property=\"og:site_name\" content=\"Cand\u00e1s 365\" \/>\n\t\t<meta property=\"og:type\" content=\"article\" \/>\n\t\t<meta property=\"og:title\" content=\"Neymar sobre Mbappe: Quiero que rompa todos los r\u00e9cords posibles | Cand\u00e1s 365\" \/>\n\t\t<meta property=\"og:description\" content=\"El jugador del Par\u00eds Saint-Germain Neymar quiere que Kylian Mbappe &quot;rompa todos los r\u00e9cords posibles&quot;, y elogi\u00f3 a su compa\u00f1ero ..\" \/>\n\t\t<meta property=\"og:url\" content=\"https:\/\/candas365.es\/noticias\/neymar-sobre-mbappe-quiero-que-rompa-todos-los-records-posibles\/\" \/>\n\t\t<meta property=\"og:image\" content=\"https:\/\/candas365.es\/noticias\/wp-content\/uploads\/2018\/06\/football-1406106_960_720-1.jpg\" \/>\n\t\t<meta property=\"og:image:secure_url\" content=\"https:\/\/candas365.es\/noticias\/wp-content\/uploads\/2018\/06\/football-1406106_960_720-1.jpg\" \/>\n\t\t<meta property=\"og:image:width\" content=\"960\" \/>\n\t\t<meta property=\"og:image:height\" content=\"643\" \/>\n\t\t<meta property=\"article:published_time\" content=\"2021-04-28T10:39:25+00:00\" \/>\n\t\t<meta property=\"article:modified_time\" content=\"2021-04-28T10:39:25+00:00\" \/>\n\t\t<meta property=\"article:publisher\" content=\"https:\/\/www.facebook.com\/Nachofdezber\" \/>\n\t\t<meta property=\"article:author\" content=\"https:\/\/www.facebook.com\/carrenoactualidad\" \/>\n\t\t<meta name=\"twitter:card\" content=\"summary_large_image\" \/>\n\t\t<meta name=\"twitter:site\" content=\"@NabercoDigital\" \/>\n\t\t<meta name=\"twitter:title\" content=\"Neymar sobre Mbappe: Quiero que rompa todos los r\u00e9cords posibles | Cand\u00e1s 365\" \/>\n\t\t<meta name=\"twitter:description\" content=\"El jugador del Par\u00eds Saint-Germain Neymar quiere que Kylian Mbappe &quot;rompa todos los r\u00e9cords posibles&quot;, y elogi\u00f3 a su compa\u00f1ero ..\" \/>\n\t\t<meta name=\"twitter:creator\" content=\"@nbasturias\" \/>\n\t\t<meta name=\"twitter:image\" content=\"https:\/\/candas365.es\/noticias\/wp-content\/uploads\/2018\/06\/football-1406106_960_720-1.jpg\" \/>\n\t\t<meta name=\"twitter:label1\" content=\"Escrito por\" \/>\n\t\t<meta name=\"twitter:data1\" content=\"Cand\u00e1s 365\" \/>\n\t\t<meta name=\"twitter:label2\" content=\"Tiempo de lectura estimado\" \/>\n\t\t<meta name=\"twitter:data2\" content=\"2 minutos\" \/>\n\t\t<script type=\"application\/ld+json\" class=\"aioseo-schema\">\n\t\t\t{\"@context\":\"https:\\\/\\\/schema.org\",\"@graph\":[{\"@type\":\"BreadcrumbList\",\"@id\":\"https:\\\/\\\/candas365.es\\\/noticias\\\/neymar-sobre-mbappe-quiero-que-rompa-todos-los-records-posibles\\\/#breadcrumblist\",\"itemListElement\":[{\"@type\":\"ListItem\",\"@id\":\"https:\\\/\\\/candas365.es\\\/noticias#listItem\",\"position\":1,\"name\":\"Home\",\"item\":\"https:\\\/\\\/candas365.es\\\/noticias\",\"nextItem\":{\"@type\":\"ListItem\",\"@id\":\"https:\\\/\\\/candas365.es\\\/noticias\\\/category\\\/deporte\\\/#listItem\",\"name\":\"Deporte\"}},{\"@type\":\"ListItem\",\"@id\":\"https:\\\/\\\/candas365.es\\\/noticias\\\/category\\\/deporte\\\/#listItem\",\"position\":2,\"name\":\"Deporte\",\"item\":\"https:\\\/\\\/candas365.es\\\/noticias\\\/category\\\/deporte\\\/\",\"nextItem\":{\"@type\":\"ListItem\",\"@id\":\"https:\\\/\\\/candas365.es\\\/noticias\\\/neymar-sobre-mbappe-quiero-que-rompa-todos-los-records-posibles\\\/#listItem\",\"name\":\"Neymar sobre Mbappe: Quiero que rompa todos los r\\u00e9cords posibles\"},\"previousItem\":{\"@type\":\"ListItem\",\"@id\":\"https:\\\/\\\/candas365.es\\\/noticias#listItem\",\"name\":\"Home\"}},{\"@type\":\"ListItem\",\"@id\":\"https:\\\/\\\/candas365.es\\\/noticias\\\/neymar-sobre-mbappe-quiero-que-rompa-todos-los-records-posibles\\\/#listItem\",\"position\":3,\"name\":\"Neymar sobre Mbappe: Quiero que rompa todos los r\\u00e9cords posibles\",\"previousItem\":{\"@type\":\"ListItem\",\"@id\":\"https:\\\/\\\/candas365.es\\\/noticias\\\/category\\\/deporte\\\/#listItem\",\"name\":\"Deporte\"}}]},{\"@type\":\"NewsArticle\",\"@id\":\"https:\\\/\\\/candas365.es\\\/noticias\\\/neymar-sobre-mbappe-quiero-que-rompa-todos-los-records-posibles\\\/#newsarticle\",\"name\":\"Neymar sobre Mbappe: Quiero que rompa todos los r\\u00e9cords posibles | Cand\\u00e1s 365\",\"headline\":\"Neymar sobre Mbappe: Quiero que rompa todos los r\\u00e9cords posibles\",\"author\":{\"@id\":\"https:\\\/\\\/candas365.es\\\/noticias\\\/author\\\/admin\\\/#author\"},\"publisher\":{\"@id\":\"https:\\\/\\\/candas365.es\\\/noticias\\\/#organization\"},\"image\":{\"@type\":\"ImageObject\",\"url\":\"https:\\\/\\\/candas365.es\\\/noticias\\\/wp-content\\\/uploads\\\/2018\\\/06\\\/football-1406106_960_720-1.jpg\",\"width\":960,\"height\":643},\"datePublished\":\"2021-04-28T10:39:25+02:00\",\"dateModified\":\"2021-04-28T10:39:25+02:00\",\"inLanguage\":\"es-ES\",\"mainEntityOfPage\":{\"@id\":\"https:\\\/\\\/candas365.es\\\/noticias\\\/neymar-sobre-mbappe-quiero-que-rompa-todos-los-records-posibles\\\/#webpage\"},\"isPartOf\":{\"@id\":\"https:\\\/\\\/candas365.es\\\/noticias\\\/neymar-sobre-mbappe-quiero-que-rompa-todos-los-records-posibles\\\/#webpage\"},\"articleSection\":\"Deporte\",\"dateline\":\"Publicado el abril 28, 2021.\"},{\"@type\":\"Organization\",\"@id\":\"https:\\\/\\\/candas365.es\\\/noticias\\\/#organization\",\"name\":\"Cand\\u00e1s 365\",\"description\":\"Cand\\u00e1s 365 es un diario digital independiente, fundado en 2012, con base en Asturias. Informamos con rigor sobre actualidad, sociedad, cultura y ocio, con una mirada local y global.\",\"url\":\"https:\\\/\\\/candas365.es\\\/noticias\\\/\",\"email\":\"info@candas365.es\",\"telephone\":\"+34652131393\",\"foundingDate\":\"2012-06-10\",\"logo\":{\"@type\":\"ImageObject\",\"url\":\"https:\\\/\\\/candas365.es\\\/noticias\\\/wp-content\\\/uploads\\\/2024\\\/09\\\/Candas-365-Redes.jpg\",\"@id\":\"https:\\\/\\\/candas365.es\\\/noticias\\\/neymar-sobre-mbappe-quiero-que-rompa-todos-los-records-posibles\\\/#organizationLogo\",\"width\":1152,\"height\":864,\"caption\":\"Cand\\u00e1s 365 Redes\"},\"image\":{\"@id\":\"https:\\\/\\\/candas365.es\\\/noticias\\\/neymar-sobre-mbappe-quiero-que-rompa-todos-los-records-posibles\\\/#organizationLogo\"},\"sameAs\":[\"https:\\\/\\\/www.facebook.com\\\/Nachofdezber\",\"https:\\\/\\\/x.com\\\/NabercoDigital\",\"https:\\\/\\\/www.instagram.com\\\/nachofdezber\\\/\",\"https:\\\/\\\/www.youtube.com\\\/channel\\\/UCZP-2wLEB9Rv6erhFmqVnvg\"],\"address\":{\"@id\":\"https:\\\/\\\/candas365.es\\\/noticias\\\/#postaladdress\",\"@type\":\"PostalAddress\",\"streetAddress\":\"san antonio 4, san antonio 4\",\"postalCode\":\"33430\",\"addressLocality\":\"Cand\\u00e1s\",\"addressRegion\":\"Asturias\",\"addressCountry\":\"ES\"}},{\"@type\":\"Person\",\"@id\":\"https:\\\/\\\/candas365.es\\\/noticias\\\/author\\\/admin\\\/#author\",\"url\":\"https:\\\/\\\/candas365.es\\\/noticias\\\/author\\\/admin\\\/\",\"name\":\"Cand\\u00e1s 365\",\"image\":{\"@type\":\"ImageObject\",\"@id\":\"https:\\\/\\\/candas365.es\\\/noticias\\\/neymar-sobre-mbappe-quiero-que-rompa-todos-los-records-posibles\\\/#authorImage\",\"url\":\"https:\\\/\\\/secure.gravatar.com\\\/avatar\\\/496a8e03d0c493ede1718b7934145dbdf8d89be1036b0eec9544e1094c9de390?s=96&d=mm&r=g\",\"width\":96,\"height\":96,\"caption\":\"Cand\\u00e1s 365\"},\"sameAs\":[\"https:\\\/\\\/www.facebook.com\\\/carrenoactualidad\",\"https:\\\/\\\/twitter.com\\\/nbasturias\",\"https:\\\/\\\/www.instagram.com\\\/nachofdezber\\\/\",\"https:\\\/\\\/www.youtube.com\\\/channel\\\/UCZP-2wLEB9Rv6erhFmqVnvg\"]},{\"@type\":\"WebPage\",\"@id\":\"https:\\\/\\\/candas365.es\\\/noticias\\\/neymar-sobre-mbappe-quiero-que-rompa-todos-los-records-posibles\\\/#webpage\",\"url\":\"https:\\\/\\\/candas365.es\\\/noticias\\\/neymar-sobre-mbappe-quiero-que-rompa-todos-los-records-posibles\\\/\",\"name\":\"Neymar sobre Mbappe: Quiero que rompa todos los r\\u00e9cords posibles | Cand\\u00e1s 365\",\"description\":\"El jugador del Par\\u00eds Saint-Germain Neymar quiere que Kylian Mbappe \\\"rompa todos los r\\u00e9cords posibles\\\", y elogi\\u00f3 a su compa\\u00f1ero ..\",\"inLanguage\":\"es-ES\",\"isPartOf\":{\"@id\":\"https:\\\/\\\/candas365.es\\\/noticias\\\/#website\"},\"breadcrumb\":{\"@id\":\"https:\\\/\\\/candas365.es\\\/noticias\\\/neymar-sobre-mbappe-quiero-que-rompa-todos-los-records-posibles\\\/#breadcrumblist\"},\"author\":{\"@id\":\"https:\\\/\\\/candas365.es\\\/noticias\\\/author\\\/admin\\\/#author\"},\"creator\":{\"@id\":\"https:\\\/\\\/candas365.es\\\/noticias\\\/author\\\/admin\\\/#author\"},\"image\":{\"@type\":\"ImageObject\",\"url\":\"https:\\\/\\\/candas365.es\\\/noticias\\\/wp-content\\\/uploads\\\/2018\\\/06\\\/football-1406106_960_720-1.jpg\",\"@id\":\"https:\\\/\\\/candas365.es\\\/noticias\\\/neymar-sobre-mbappe-quiero-que-rompa-todos-los-records-posibles\\\/#mainImage\",\"width\":960,\"height\":643},\"primaryImageOfPage\":{\"@id\":\"https:\\\/\\\/candas365.es\\\/noticias\\\/neymar-sobre-mbappe-quiero-que-rompa-todos-los-records-posibles\\\/#mainImage\"},\"datePublished\":\"2021-04-28T10:39:25+02:00\",\"dateModified\":\"2021-04-28T10:39:25+02:00\"},{\"@type\":\"WebSite\",\"@id\":\"https:\\\/\\\/candas365.es\\\/noticias\\\/#website\",\"url\":\"https:\\\/\\\/candas365.es\\\/noticias\\\/\",\"name\":\"Cand\\u00e1s 365\",\"alternateName\":\"Cand\\u00e1s 365 Noticias\",\"description\":\"Actualidad desde Carre\\u00f1o para el mundo\",\"inLanguage\":\"es-ES\",\"publisher\":{\"@id\":\"https:\\\/\\\/candas365.es\\\/noticias\\\/#organization\"}}]}\n\t\t<\/script>\n\t\t<!-- All in One SEO Pro -->\r\n\t\t<title>Neymar sobre Mbappe: Quiero que rompa todos los r\u00e9cords posibles | Cand\u00e1s 365<\/title>\n\n","aioseo_head_json":{"title":"Neymar sobre Mbappe: Quiero que rompa todos los r\u00e9cords posibles | Cand\u00e1s 365","description":"El jugador del Par\u00eds Saint-Germain Neymar quiere que Kylian Mbappe \"rompa todos los r\u00e9cords posibles\", y elogi\u00f3 a su compa\u00f1ero ..","canonical_url":"https:\/\/candas365.es\/noticias\/neymar-sobre-mbappe-quiero-que-rompa-todos-los-records-posibles\/","robots":"max-image-preview:large","keywords":"deporte","webmasterTools":{"google-site-verification":"UA-32230408-1","msvalidate.01":"354F3CDFB2DA171B47FBE9ABF1F88D5","miscellaneous":""},"schema":{"@context":"https:\/\/schema.org","@graph":[{"@type":"BreadcrumbList","@id":"https:\/\/candas365.es\/noticias\/neymar-sobre-mbappe-quiero-que-rompa-todos-los-records-posibles\/#breadcrumblist","itemListElement":[{"@type":"ListItem","@id":"https:\/\/candas365.es\/noticias#listItem","position":1,"name":"Home","item":"https:\/\/candas365.es\/noticias","nextItem":{"@type":"ListItem","@id":"https:\/\/candas365.es\/noticias\/category\/deporte\/#listItem","name":"Deporte"}},{"@type":"ListItem","@id":"https:\/\/candas365.es\/noticias\/category\/deporte\/#listItem","position":2,"name":"Deporte","item":"https:\/\/candas365.es\/noticias\/category\/deporte\/","nextItem":{"@type":"ListItem","@id":"https:\/\/candas365.es\/noticias\/neymar-sobre-mbappe-quiero-que-rompa-todos-los-records-posibles\/#listItem","name":"Neymar sobre Mbappe: Quiero que rompa todos los r\u00e9cords posibles"},"previousItem":{"@type":"ListItem","@id":"https:\/\/candas365.es\/noticias#listItem","name":"Home"}},{"@type":"ListItem","@id":"https:\/\/candas365.es\/noticias\/neymar-sobre-mbappe-quiero-que-rompa-todos-los-records-posibles\/#listItem","position":3,"name":"Neymar sobre Mbappe: Quiero que rompa todos los r\u00e9cords posibles","previousItem":{"@type":"ListItem","@id":"https:\/\/candas365.es\/noticias\/category\/deporte\/#listItem","name":"Deporte"}}]},{"@type":"NewsArticle","@id":"https:\/\/candas365.es\/noticias\/neymar-sobre-mbappe-quiero-que-rompa-todos-los-records-posibles\/#newsarticle","name":"Neymar sobre Mbappe: Quiero que rompa todos los r\u00e9cords posibles | Cand\u00e1s 365","headline":"Neymar sobre Mbappe: Quiero que rompa todos los r\u00e9cords posibles","author":{"@id":"https:\/\/candas365.es\/noticias\/author\/admin\/#author"},"publisher":{"@id":"https:\/\/candas365.es\/noticias\/#organization"},"image":{"@type":"ImageObject","url":"https:\/\/candas365.es\/noticias\/wp-content\/uploads\/2018\/06\/football-1406106_960_720-1.jpg","width":960,"height":643},"datePublished":"2021-04-28T10:39:25+02:00","dateModified":"2021-04-28T10:39:25+02:00","inLanguage":"es-ES","mainEntityOfPage":{"@id":"https:\/\/candas365.es\/noticias\/neymar-sobre-mbappe-quiero-que-rompa-todos-los-records-posibles\/#webpage"},"isPartOf":{"@id":"https:\/\/candas365.es\/noticias\/neymar-sobre-mbappe-quiero-que-rompa-todos-los-records-posibles\/#webpage"},"articleSection":"Deporte","dateline":"Publicado el abril 28, 2021."},{"@type":"Organization","@id":"https:\/\/candas365.es\/noticias\/#organization","name":"Cand\u00e1s 365","description":"Cand\u00e1s 365 es un diario digital independiente, fundado en 2012, con base en Asturias. Informamos con rigor sobre actualidad, sociedad, cultura y ocio, con una mirada local y global.","url":"https:\/\/candas365.es\/noticias\/","email":"info@candas365.es","telephone":"+34652131393","foundingDate":"2012-06-10","logo":{"@type":"ImageObject","url":"https:\/\/candas365.es\/noticias\/wp-content\/uploads\/2024\/09\/Candas-365-Redes.jpg","@id":"https:\/\/candas365.es\/noticias\/neymar-sobre-mbappe-quiero-que-rompa-todos-los-records-posibles\/#organizationLogo","width":1152,"height":864,"caption":"Cand\u00e1s 365 Redes"},"image":{"@id":"https:\/\/candas365.es\/noticias\/neymar-sobre-mbappe-quiero-que-rompa-todos-los-records-posibles\/#organizationLogo"},"sameAs":["https:\/\/www.facebook.com\/Nachofdezber","https:\/\/x.com\/NabercoDigital","https:\/\/www.instagram.com\/nachofdezber\/","https:\/\/www.youtube.com\/channel\/UCZP-2wLEB9Rv6erhFmqVnvg"],"address":{"@id":"https:\/\/candas365.es\/noticias\/#postaladdress","@type":"PostalAddress","streetAddress":"san antonio 4, san antonio 4","postalCode":"33430","addressLocality":"Cand\u00e1s","addressRegion":"Asturias","addressCountry":"ES"}},{"@type":"Person","@id":"https:\/\/candas365.es\/noticias\/author\/admin\/#author","url":"https:\/\/candas365.es\/noticias\/author\/admin\/","name":"Cand\u00e1s 365","image":{"@type":"ImageObject","@id":"https:\/\/candas365.es\/noticias\/neymar-sobre-mbappe-quiero-que-rompa-todos-los-records-posibles\/#authorImage","url":"https:\/\/secure.gravatar.com\/avatar\/496a8e03d0c493ede1718b7934145dbdf8d89be1036b0eec9544e1094c9de390?s=96&d=mm&r=g","width":96,"height":96,"caption":"Cand\u00e1s 365"},"sameAs":["https:\/\/www.facebook.com\/carrenoactualidad","https:\/\/twitter.com\/nbasturias","https:\/\/www.instagram.com\/nachofdezber\/","https:\/\/www.youtube.com\/channel\/UCZP-2wLEB9Rv6erhFmqVnvg"]},{"@type":"WebPage","@id":"https:\/\/candas365.es\/noticias\/neymar-sobre-mbappe-quiero-que-rompa-todos-los-records-posibles\/#webpage","url":"https:\/\/candas365.es\/noticias\/neymar-sobre-mbappe-quiero-que-rompa-todos-los-records-posibles\/","name":"Neymar sobre Mbappe: Quiero que rompa todos los r\u00e9cords posibles | Cand\u00e1s 365","description":"El jugador del Par\u00eds Saint-Germain Neymar quiere que Kylian Mbappe \"rompa todos los r\u00e9cords posibles\", y elogi\u00f3 a su compa\u00f1ero ..","inLanguage":"es-ES","isPartOf":{"@id":"https:\/\/candas365.es\/noticias\/#website"},"breadcrumb":{"@id":"https:\/\/candas365.es\/noticias\/neymar-sobre-mbappe-quiero-que-rompa-todos-los-records-posibles\/#breadcrumblist"},"author":{"@id":"https:\/\/candas365.es\/noticias\/author\/admin\/#author"},"creator":{"@id":"https:\/\/candas365.es\/noticias\/author\/admin\/#author"},"image":{"@type":"ImageObject","url":"https:\/\/candas365.es\/noticias\/wp-content\/uploads\/2018\/06\/football-1406106_960_720-1.jpg","@id":"https:\/\/candas365.es\/noticias\/neymar-sobre-mbappe-quiero-que-rompa-todos-los-records-posibles\/#mainImage","width":960,"height":643},"primaryImageOfPage":{"@id":"https:\/\/candas365.es\/noticias\/neymar-sobre-mbappe-quiero-que-rompa-todos-los-records-posibles\/#mainImage"},"datePublished":"2021-04-28T10:39:25+02:00","dateModified":"2021-04-28T10:39:25+02:00"},{"@type":"WebSite","@id":"https:\/\/candas365.es\/noticias\/#website","url":"https:\/\/candas365.es\/noticias\/","name":"Cand\u00e1s 365","alternateName":"Cand\u00e1s 365 Noticias","description":"Actualidad desde Carre\u00f1o para el mundo","inLanguage":"es-ES","publisher":{"@id":"https:\/\/candas365.es\/noticias\/#organization"}}]},"og:locale":"es_ES","og:site_name":"Cand\u00e1s 365","og:type":"article","og:title":"Neymar sobre Mbappe: Quiero que rompa todos los r\u00e9cords posibles | Cand\u00e1s 365","og:description":"El jugador del Par\u00eds Saint-Germain Neymar quiere que Kylian Mbappe &quot;rompa todos los r\u00e9cords posibles&quot;, y elogi\u00f3 a su compa\u00f1ero ..","og:url":"https:\/\/candas365.es\/noticias\/neymar-sobre-mbappe-quiero-que-rompa-todos-los-records-posibles\/","og:image":"https:\/\/candas365.es\/noticias\/wp-content\/uploads\/2018\/06\/football-1406106_960_720-1.jpg","og:image:secure_url":"https:\/\/candas365.es\/noticias\/wp-content\/uploads\/2018\/06\/football-1406106_960_720-1.jpg","og:image:width":960,"og:image:height":643,"article:published_time":"2021-04-28T10:39:25+00:00","article:modified_time":"2021-04-28T10:39:25+00:00","article:publisher":"https:\/\/www.facebook.com\/Nachofdezber","article:author":"https:\/\/www.facebook.com\/carrenoactualidad","twitter:card":"summary_large_image","twitter:site":"@NabercoDigital","twitter:title":"Neymar sobre Mbappe: Quiero que rompa todos los r\u00e9cords posibles | Cand\u00e1s 365","twitter:description":"El jugador del Par\u00eds Saint-Germain Neymar quiere que Kylian Mbappe &quot;rompa todos los r\u00e9cords posibles&quot;, y elogi\u00f3 a su compa\u00f1ero ..","twitter:creator":"@nbasturias","twitter:image":"https:\/\/candas365.es\/noticias\/wp-content\/uploads\/2018\/06\/football-1406106_960_720-1.jpg","twitter:label1":"Escrito por","twitter:data1":"Cand\u00e1s 365","twitter:label2":"Tiempo de lectura estimado","twitter:data2":"2 minutos"},"aioseo_meta_data":{"post_id":"154038","title":null,"description":"El jugador del Par\u00eds Saint-Germain Neymar quiere que Kylian Mbappe \"rompa todos los r\u00e9cords posibles\", y elogi\u00f3 a su compa\u00f1ero ..","keywords":[],"keyphrases":{"focus":[],"additional":[]},"primary_term":null,"canonical_url":null,"og_title":null,"og_description":null,"og_object_type":"default","og_image_type":"default","og_image_url":null,"og_image_width":null,"og_image_height":null,"og_image_custom_url":null,"og_image_custom_fields":null,"og_video":"","og_custom_url":null,"og_article_section":null,"og_article_tags":[],"twitter_use_og":false,"twitter_card":"default","twitter_image_type":"default","twitter_image_url":null,"twitter_image_custom_url":null,"twitter_image_custom_fields":null,"twitter_title":null,"twitter_description":null,"schema":{"blockGraphs":[],"customGraphs":[],"default":{"data":{"Article":[],"Course":[],"Dataset":[],"FAQPage":[],"Movie":[],"Person":[],"Product":[],"ProductReview":[],"Car":[],"Recipe":[],"Service":[],"SoftwareApplication":[],"WebPage":[]},"graphName":"","isEnabled":true},"graphs":[],"defaultGraph":"Article","defaultPostTypeGraph":""},"schema_type":"default","schema_type_options":"{\"article\":{\"articleType\":\"BlogPosting\"},\"course\":{\"name\":\"\",\"description\":\"\",\"provider\":\"\"},\"faq\":{\"pages\":[]},\"product\":{\"reviews\":[]},\"recipe\":{\"ingredients\":[],\"instructions\":[],\"keywords\":[]},\"software\":{\"reviews\":[],\"operatingSystems\":[]},\"webPage\":{\"webPageType\":\"WebPage\"}}","pillar_content":false,"robots_default":true,"robots_noindex":false,"robots_noarchive":false,"robots_nosnippet":false,"robots_nofollow":false,"robots_noimageindex":false,"robots_noodp":false,"robots_notranslate":false,"robots_max_snippet":"-1","robots_max_videopreview":"-1","robots_max_imagepreview":"large","priority":null,"frequency":"default","location":null,"local_seo":{"locations":{"business":{"name":"","businessType":"","image":"","areaServed":"","urls":{"website":"","aboutPage":"","contactPage":""},"address":{"streetLine1":"","streetLine2":"","zipCode":"","city":"","state":"","country":"","addressFormat":"#streetLineOne\n#streetLineTwo\n#city, #state #zipCode"},"contact":{"phone":"","email":"","fax":""},"ids":{"vat":"","tax":"","chamberOfCommerce":""},"payment":{"priceRange":"","currenciesAccepted":"","methods":""}}},"openingHours":{"useDefaults":true,"show":true,"alwaysOpen":false,"use24hFormat":false,"timezone":"","labels":{"closed":"","alwaysOpen":""},"days":{"monday":{"open24h":false,"closed":false,"openTime":"09:00","closeTime":"17:00"},"tuesday":{"open24h":false,"closed":false,"openTime":"09:00","closeTime":"17:00"},"wednesday":{"open24h":false,"closed":false,"openTime":"09:00","closeTime":"17:00"},"thursday":{"open24h":false,"closed":false,"openTime":"09:00","closeTime":"17:00"},"friday":{"open24h":false,"closed":false,"openTime":"09:00","closeTime":"17:00"},"saturday":{"open24h":false,"closed":false,"openTime":"09:00","closeTime":"17:00"},"sunday":{"open24h":false,"closed":false,"openTime":"09:00","closeTime":"17:00"}}}},"seo_analyzer_scan_date":"2025-08-31 20:42:22","breadcrumb_settings":null,"limit_modified_date":false,"reviewed_by":null,"open_ai":null,"ai":null,"created":"2021-04-28 10:32:13","updated":"2025-08-31 20:42:22"},"aioseo_breadcrumb":"<div class=\"aioseo-breadcrumbs\"><span class=\"aioseo-breadcrumb\">\n\t<a href=\"https:\/\/candas365.es\/noticias\" title=\"Home\">Home<\/a>\n<\/span><span class=\"aioseo-breadcrumb-separator\">&ndash;<\/span><span class=\"aioseo-breadcrumb\">\n\t<a href=\"https:\/\/candas365.es\/noticias\/category\/deporte\/\" title=\"Deporte\">Deporte<\/a>\n<\/span><span class=\"aioseo-breadcrumb-separator\">&ndash;<\/span><span class=\"aioseo-breadcrumb\">\n\tNeymar sobre Mbappe: Quiero que rompa todos los r\u00e9cords posibles\n<\/span><\/div>","aioseo_breadcrumb_json":[{"label":"Home","link":"https:\/\/candas365.es\/noticias"},{"label":"Deporte","link":"https:\/\/candas365.es\/noticias\/category\/deporte\/"},{"label":"Neymar sobre Mbappe: Quiero que rompa todos los r\u00e9cords posibles","link":"https:\/\/candas365.es\/noticias\/neymar-sobre-mbappe-quiero-que-rompa-todos-los-records-posibles\/"}],"_links":{"self":[{"href":"https:\/\/candas365.es\/noticias\/wp-json\/wp\/v2\/posts\/154038","targetHints":{"allow":["GET"]}}],"collection":[{"href":"https:\/\/candas365.es\/noticias\/wp-json\/wp\/v2\/posts"}],"about":[{"href":"https:\/\/candas365.es\/noticias\/wp-json\/wp\/v2\/types\/post"}],"author":[{"embeddable":true,"href":"https:\/\/candas365.es\/noticias\/wp-json\/wp\/v2\/users\/1"}],"replies":[{"embeddable":true,"href":"https:\/\/candas365.es\/noticias\/wp-json\/wp\/v2\/comments?post=154038"}],"version-history":[{"count":0,"href":"https:\/\/candas365.es\/noticias\/wp-json\/wp\/v2\/posts\/154038\/revisions"}],"wp:featuredmedia":[{"embeddable":true,"href":"https:\/\/candas365.es\/noticias\/wp-json\/wp\/v2\/media\/98026"}],"wp:attachment":[{"href":"https:\/\/candas365.es\/noticias\/wp-json\/wp\/v2\/media?parent=154038"}],"wp:term":[{"taxonomy":"category","embeddable":true,"href":"https:\/\/candas365.es\/noticias\/wp-json\/wp\/v2\/categories?post=154038"},{"taxonomy":"post_tag","embeddable":true,"href":"https:\/\/candas365.es\/noticias\/wp-json\/wp\/v2\/tags?post=154038"}],"curies":[{"name":"wp","href":"https:\/\/api.w.org\/{rel}","templated":true}]}}