{"id":153945,"date":"2021-04-25T20:42:19","date_gmt":"2021-04-25T20:42:19","guid":{"rendered":"http:\/\/candas365.es\/noticias\/?p=153945"},"modified":"2021-04-25T20:42:19","modified_gmt":"2021-04-25T20:42:19","slug":"las-empresas-de-carreno-podran-optar-a-las-ayudas-miner-y-miniminer","status":"publish","type":"post","link":"https:\/\/candas365.es\/noticias\/las-empresas-de-carreno-podran-optar-a-las-ayudas-miner-y-miniminer\/","title":{"rendered":"Las empresas de Carre\u00f1o podr\u00e1n optar a las ayudas Miner y Miniminer"},"content":{"rendered":"<p><img fetchpriority=\"high\" decoding=\"async\" class=\"alignleft size-medium wp-image-113274\" src=\"https:\/\/candas365.es\/noticias\/wp-content\/uploads\/2019\/01\/startup-593341_960_720-360x240.jpg\" alt=\"\" width=\"360\" height=\"240\" srcset=\"https:\/\/candas365.es\/noticias\/wp-content\/uploads\/2019\/01\/startup-593341_960_720-360x240.jpg 360w, https:\/\/candas365.es\/noticias\/wp-content\/uploads\/2019\/01\/startup-593341_960_720-768x512.jpg 768w, https:\/\/candas365.es\/noticias\/wp-content\/uploads\/2019\/01\/startup-593341_960_720-655x437.jpg 655w, https:\/\/candas365.es\/noticias\/wp-content\/uploads\/2019\/01\/startup-593341_960_720-696x464.jpg 696w, https:\/\/candas365.es\/noticias\/wp-content\/uploads\/2019\/01\/startup-593341_960_720-630x420.jpg 630w, https:\/\/candas365.es\/noticias\/wp-content\/uploads\/2019\/01\/startup-593341_960_720.jpg 960w\" sizes=\"(max-width: 360px) 100vw, 360px\" \/>La Consejer\u00eda de Industria, Empleo y Promoci\u00f3n Econ\u00f3mica anima a las empresas asturianas a presentarse a las nuevas convocatorias de las l\u00edneas de <strong>ayudas Miner y Miniminer<\/strong> para proyectos de inversi\u00f3n generadores de empleo en las comarcas mineras, cuyo plazo de solicitud se inici\u00f3 el viernes, <strong>las empresas de Carre\u00f1o tambi\u00e9n podr\u00e1n optar<\/strong> a ellas seg\u00fan nota de prensa recibida por nuestro diario digital.<\/p>\n<p>El Ministerio para la Transici\u00f3n Ecol\u00f3gica y el Reto Demogr\u00e1fico, a trav\u00e9s del Instituto para la Transici\u00f3n Justa (ITJ), ha lanzado dos convocatorias dotadas con 27 millones para el periodo 2021-2024 con el fin de promover el desarrollo alternativo de municipios mineros. Para este a\u00f1o, el presupuesto asciende a 2,7 millones.<\/p>\n<p>El Instituto de Desarrollo Econ\u00f3mico del Principado (Idepa) es el organismo colaborador con el ITJ para favorecer que los proyectos asturianos puedan beneficiarse de las ayudas. <strong>As\u00ed, las empresas pueden acudir a la sede del organismo en Llanera para asesorarse de forma personalizada sobre las convocatorias y, especialmente, sobre la viabilidad y encaje de los proyectos en las dos l\u00edneas subvenciones<\/strong>.<\/p>\n<p>El objetivo de estas convocatorias es asegurar el desarrollo alternativo sostenible para \u00e1reas geogr\u00e1ficas afectadas por el cierre de las explotaciones mineras, mitigando los efectos desfavorables para el empleo y la actividad econ\u00f3mica, y proporcionando alternativas de futuro.<\/p>\n<p>Tanto las ayudas dirigidas a proyectos de inversi\u00f3n (Miner) como las destinadas a peque\u00f1os proyectos de inversi\u00f3n (Miniminer) son a fondo perdido para la inversi\u00f3n de iniciativas empresariales generadoras de empleo. Pueden beneficiarse personas f\u00edsicas o jur\u00eddicas privadas con personalidad jur\u00eddica, as\u00ed como agrupaciones integradas por ellas, las comunidades de bienes y los trabajadores aut\u00f3nomos con un proyecto de inversi\u00f3n.<\/p>\n<p>Con una dotaci\u00f3n de 20 millones (2 millones en 2021), la l\u00ednea Miner exige una inversi\u00f3n subvencionable m\u00ednima de 100.000 euros y la creaci\u00f3n, al menos, de tres puestos de trabajo. Las Miniminer cuentan con una dotaci\u00f3n de 7 millones (700.000 euros en 2021) en los que se exige una inversi\u00f3n subvencionable de entre 30.000 y 500.000 euros con la creaci\u00f3n de, al menos, un puesto de trabajo.<\/p>\n<p>En cuanto a las acciones subvencionables, ambas convocatorias financiar\u00e1n inversiones destinadas a terrenos y obra civil, bienes de equipo, instalaciones, maquinaria, planificaci\u00f3n, ingenier\u00eda de proyecto, otras inversiones materiales y activos materiales.<\/p>\n<p>En las \u00faltimas convocatorias de ayudas a las comarcas mineras, durante el periodo 2014-2018, se aprobaron 302 proyectos en Asturias que generaron inversiones por valor de 220 millones y la creaci\u00f3n de 806 puestos de trabajo. La subvenci\u00f3n concedida a estos proyectos alcanz\u00f3 los 26,7 millones.<\/p>\n<p>Para que estas iniciativas se puedan beneficiar de las ayudas al desarrollo alternativo de las comarcas mineras asturianas, deben ubicarse en alguno de los siguientes municipios:<\/p>\n<p>Municipios mineros muy afectados por el proceso de cierre de empresas de la miner\u00eda del carb\u00f3n: Aller, Bimenes, Cangas de Narcea, Caso, Dega\u00f1a, Gij\u00f3n &#8211; La Camocha, Ibias, Langreo, Laviana, Lena, Mieres, Morc\u00edn, Oviedo\u2013 Olloniego, Pilo\u00f1a, Quir\u00f3s, Ribera de Arriba, Riosa, San Mart\u00edn del Rey Aurelio, Siero, Sobrescobio, Teverga, Tineo.<\/p>\n<p>Resto de municipios afectados por el proceso de cierre de empresas de la miner\u00eda del carb\u00f3n: Allande, Avil\u00e9s, Belmonte de Miranda, Cabranes, Caravia, <strong>Carre\u00f1o<\/strong>, Castrill\u00f3n, Colunga, Corvera de Asturias, Gij\u00f3n, Goz\u00f3n, Grado, Illas, Llanera, Nava, Nore\u00f1a, Oviedo, Parres, Ponga, Proaza, las Regueras, Salas, Santo Adriano, Sariego, Somiedo, Vald\u00e9s, Villaviciosa, Villay\u00f3n, Yernes y Tameza.<\/p>\n<p>&nbsp;<\/p>\n","protected":false},"excerpt":{"rendered":"<p>La Consejer\u00eda de Industria, Empleo y Promoci\u00f3n Econ\u00f3mica anima a las empresas asturianas a presentarse a las nuevas convocatorias de las l\u00edneas de ayudas Miner y Miniminer para proyectos de inversi\u00f3n generadores de empleo en las comarcas mineras, cuyo plazo de solicitud se inici\u00f3 el viernes, las empresas de Carre\u00f1o tambi\u00e9n podr\u00e1n optar a ellas<\/p>\n","protected":false},"author":1,"featured_media":113274,"comment_status":"closed","ping_status":"closed","sticky":false,"template":"","format":"standard","meta":{"footnotes":""},"categories":[2],"tags":[],"class_list":{"0":"post-153945","1":"post","2":"type-post","3":"status-publish","4":"format-standard","5":"has-post-thumbnail","7":"category-noticias-carreno"},"aioseo_notices":[],"aioseo_head":"\n\t\t<!-- All in One SEO Pro 4.9.6.2 - aioseo.com -->\n\t<meta name=\"description\" content=\"La Consejer\u00eda de Industria, Empleo y Promoci\u00f3n Econ\u00f3mica anima a las empresas asturianas a presentarse a la nueva convocatoria de las l\u00edneas Miner y Miniminer\" \/>\n\t<meta name=\"robots\" content=\"max-image-preview:large\" \/>\n\t<meta name=\"author\" content=\"Cand\u00e1s 365\"\/>\n\t<meta name=\"google-site-verification\" content=\"UA-32230408-1\" \/>\n\t<meta name=\"msvalidate.01\" content=\"354F3CDFB2DA171B47FBE9ABF1F88D5\" \/>\n\t<meta name=\"keywords\" content=\"noticias carre\u00f1o\" \/>\n\t<link rel=\"canonical\" href=\"https:\/\/candas365.es\/noticias\/las-empresas-de-carreno-podran-optar-a-las-ayudas-miner-y-miniminer\/\" \/>\n\t<meta name=\"generator\" content=\"All in One SEO Pro (AIOSEO) 4.9.6.2\" \/>\n\t\t<meta property=\"og:locale\" content=\"es_ES\" \/>\n\t\t<meta property=\"og:site_name\" content=\"Cand\u00e1s 365\" \/>\n\t\t<meta property=\"og:type\" content=\"article\" \/>\n\t\t<meta property=\"og:title\" content=\"Las empresas de Carre\u00f1o podr\u00e1n optar a las ayudas Miner y Miniminer | Cand\u00e1s 365\" \/>\n\t\t<meta property=\"og:description\" content=\"La Consejer\u00eda de Industria, Empleo y Promoci\u00f3n Econ\u00f3mica anima a las empresas asturianas a presentarse a la nueva convocatoria de las l\u00edneas Miner y Miniminer\" \/>\n\t\t<meta property=\"og:url\" content=\"https:\/\/candas365.es\/noticias\/las-empresas-de-carreno-podran-optar-a-las-ayudas-miner-y-miniminer\/\" \/>\n\t\t<meta property=\"og:image\" content=\"https:\/\/candas365.es\/noticias\/wp-content\/uploads\/2019\/01\/startup-593341_960_720.jpg\" \/>\n\t\t<meta property=\"og:image:secure_url\" content=\"https:\/\/candas365.es\/noticias\/wp-content\/uploads\/2019\/01\/startup-593341_960_720.jpg\" \/>\n\t\t<meta property=\"og:image:width\" content=\"960\" \/>\n\t\t<meta property=\"og:image:height\" content=\"640\" \/>\n\t\t<meta property=\"article:published_time\" content=\"2021-04-25T20:42:19+00:00\" \/>\n\t\t<meta property=\"article:modified_time\" content=\"2021-04-25T20:42:19+00:00\" \/>\n\t\t<meta property=\"article:publisher\" content=\"https:\/\/www.facebook.com\/Nachofdezber\" \/>\n\t\t<meta property=\"article:author\" content=\"https:\/\/www.facebook.com\/carrenoactualidad\" \/>\n\t\t<meta name=\"twitter:card\" content=\"summary_large_image\" \/>\n\t\t<meta name=\"twitter:site\" content=\"@NabercoDigital\" \/>\n\t\t<meta name=\"twitter:title\" content=\"Las empresas de Carre\u00f1o podr\u00e1n optar a las ayudas Miner y Miniminer | Cand\u00e1s 365\" \/>\n\t\t<meta name=\"twitter:description\" content=\"La Consejer\u00eda de Industria, Empleo y Promoci\u00f3n Econ\u00f3mica anima a las empresas asturianas a presentarse a la nueva convocatoria de las l\u00edneas Miner y Miniminer\" \/>\n\t\t<meta name=\"twitter:creator\" content=\"@nbasturias\" \/>\n\t\t<meta name=\"twitter:image\" content=\"https:\/\/candas365.es\/noticias\/wp-content\/uploads\/2019\/01\/startup-593341_960_720.jpg\" \/>\n\t\t<meta name=\"twitter:label1\" content=\"Escrito por\" \/>\n\t\t<meta name=\"twitter:data1\" content=\"Cand\u00e1s 365\" \/>\n\t\t<meta name=\"twitter:label2\" content=\"Tiempo de lectura estimado\" \/>\n\t\t<meta name=\"twitter:data2\" content=\"3 minutos\" \/>\n\t\t<script type=\"application\/ld+json\" class=\"aioseo-schema\">\n\t\t\t{\"@context\":\"https:\\\/\\\/schema.org\",\"@graph\":[{\"@type\":\"BreadcrumbList\",\"@id\":\"https:\\\/\\\/candas365.es\\\/noticias\\\/las-empresas-de-carreno-podran-optar-a-las-ayudas-miner-y-miniminer\\\/#breadcrumblist\",\"itemListElement\":[{\"@type\":\"ListItem\",\"@id\":\"https:\\\/\\\/candas365.es\\\/noticias#listItem\",\"position\":1,\"name\":\"Home\",\"item\":\"https:\\\/\\\/candas365.es\\\/noticias\",\"nextItem\":{\"@type\":\"ListItem\",\"@id\":\"https:\\\/\\\/candas365.es\\\/noticias\\\/category\\\/noticias-carreno\\\/#listItem\",\"name\":\"Noticias Carre\\u00f1o\"}},{\"@type\":\"ListItem\",\"@id\":\"https:\\\/\\\/candas365.es\\\/noticias\\\/category\\\/noticias-carreno\\\/#listItem\",\"position\":2,\"name\":\"Noticias Carre\\u00f1o\",\"item\":\"https:\\\/\\\/candas365.es\\\/noticias\\\/category\\\/noticias-carreno\\\/\",\"nextItem\":{\"@type\":\"ListItem\",\"@id\":\"https:\\\/\\\/candas365.es\\\/noticias\\\/las-empresas-de-carreno-podran-optar-a-las-ayudas-miner-y-miniminer\\\/#listItem\",\"name\":\"Las empresas de Carre\\u00f1o podr\\u00e1n optar a las ayudas Miner y Miniminer\"},\"previousItem\":{\"@type\":\"ListItem\",\"@id\":\"https:\\\/\\\/candas365.es\\\/noticias#listItem\",\"name\":\"Home\"}},{\"@type\":\"ListItem\",\"@id\":\"https:\\\/\\\/candas365.es\\\/noticias\\\/las-empresas-de-carreno-podran-optar-a-las-ayudas-miner-y-miniminer\\\/#listItem\",\"position\":3,\"name\":\"Las empresas de Carre\\u00f1o podr\\u00e1n optar a las ayudas Miner y Miniminer\",\"previousItem\":{\"@type\":\"ListItem\",\"@id\":\"https:\\\/\\\/candas365.es\\\/noticias\\\/category\\\/noticias-carreno\\\/#listItem\",\"name\":\"Noticias Carre\\u00f1o\"}}]},{\"@type\":\"NewsArticle\",\"@id\":\"https:\\\/\\\/candas365.es\\\/noticias\\\/las-empresas-de-carreno-podran-optar-a-las-ayudas-miner-y-miniminer\\\/#newsarticle\",\"name\":\"Las empresas de Carre\\u00f1o podr\\u00e1n optar a las ayudas Miner y Miniminer | Cand\\u00e1s 365\",\"headline\":\"Las empresas de Carre\\u00f1o podr\\u00e1n optar a las ayudas Miner y Miniminer\",\"author\":{\"@id\":\"https:\\\/\\\/candas365.es\\\/noticias\\\/author\\\/admin\\\/#author\"},\"publisher\":{\"@id\":\"https:\\\/\\\/candas365.es\\\/noticias\\\/#organization\"},\"image\":{\"@type\":\"ImageObject\",\"url\":\"https:\\\/\\\/candas365.es\\\/noticias\\\/wp-content\\\/uploads\\\/2019\\\/01\\\/startup-593341_960_720.jpg\",\"width\":960,\"height\":640},\"datePublished\":\"2021-04-25T20:42:19+02:00\",\"dateModified\":\"2021-04-25T20:42:19+02:00\",\"inLanguage\":\"es-ES\",\"mainEntityOfPage\":{\"@id\":\"https:\\\/\\\/candas365.es\\\/noticias\\\/las-empresas-de-carreno-podran-optar-a-las-ayudas-miner-y-miniminer\\\/#webpage\"},\"isPartOf\":{\"@id\":\"https:\\\/\\\/candas365.es\\\/noticias\\\/las-empresas-de-carreno-podran-optar-a-las-ayudas-miner-y-miniminer\\\/#webpage\"},\"articleSection\":\"Noticias Carre\\u00f1o\",\"dateline\":\"Publicado el abril 25, 2021.\"},{\"@type\":\"Organization\",\"@id\":\"https:\\\/\\\/candas365.es\\\/noticias\\\/#organization\",\"name\":\"Cand\\u00e1s 365\",\"description\":\"Cand\\u00e1s 365 es un diario digital independiente, fundado en 2012, con base en Asturias. Informamos con rigor sobre actualidad, sociedad, cultura y ocio, con una mirada local y global.\",\"url\":\"https:\\\/\\\/candas365.es\\\/noticias\\\/\",\"email\":\"info@candas365.es\",\"telephone\":\"+34652131393\",\"foundingDate\":\"2012-06-10\",\"logo\":{\"@type\":\"ImageObject\",\"url\":\"https:\\\/\\\/candas365.es\\\/noticias\\\/wp-content\\\/uploads\\\/2024\\\/09\\\/Candas-365-Redes.jpg\",\"@id\":\"https:\\\/\\\/candas365.es\\\/noticias\\\/las-empresas-de-carreno-podran-optar-a-las-ayudas-miner-y-miniminer\\\/#organizationLogo\",\"width\":1152,\"height\":864,\"caption\":\"Cand\\u00e1s 365 Redes\"},\"image\":{\"@id\":\"https:\\\/\\\/candas365.es\\\/noticias\\\/las-empresas-de-carreno-podran-optar-a-las-ayudas-miner-y-miniminer\\\/#organizationLogo\"},\"sameAs\":[\"https:\\\/\\\/www.facebook.com\\\/Nachofdezber\",\"https:\\\/\\\/x.com\\\/NabercoDigital\",\"https:\\\/\\\/www.instagram.com\\\/nachofdezber\\\/\",\"https:\\\/\\\/www.youtube.com\\\/channel\\\/UCZP-2wLEB9Rv6erhFmqVnvg\"],\"address\":{\"@id\":\"https:\\\/\\\/candas365.es\\\/noticias\\\/#postaladdress\",\"@type\":\"PostalAddress\",\"streetAddress\":\"san antonio 4, san antonio 4\",\"postalCode\":\"33430\",\"addressLocality\":\"Cand\\u00e1s\",\"addressRegion\":\"Asturias\",\"addressCountry\":\"ES\"}},{\"@type\":\"Person\",\"@id\":\"https:\\\/\\\/candas365.es\\\/noticias\\\/author\\\/admin\\\/#author\",\"url\":\"https:\\\/\\\/candas365.es\\\/noticias\\\/author\\\/admin\\\/\",\"name\":\"Cand\\u00e1s 365\",\"image\":{\"@type\":\"ImageObject\",\"@id\":\"https:\\\/\\\/candas365.es\\\/noticias\\\/las-empresas-de-carreno-podran-optar-a-las-ayudas-miner-y-miniminer\\\/#authorImage\",\"url\":\"https:\\\/\\\/secure.gravatar.com\\\/avatar\\\/496a8e03d0c493ede1718b7934145dbdf8d89be1036b0eec9544e1094c9de390?s=96&d=mm&r=g\",\"width\":96,\"height\":96,\"caption\":\"Cand\\u00e1s 365\"},\"sameAs\":[\"https:\\\/\\\/www.facebook.com\\\/carrenoactualidad\",\"https:\\\/\\\/twitter.com\\\/nbasturias\",\"https:\\\/\\\/www.instagram.com\\\/nachofdezber\\\/\",\"https:\\\/\\\/www.youtube.com\\\/channel\\\/UCZP-2wLEB9Rv6erhFmqVnvg\"]},{\"@type\":\"WebPage\",\"@id\":\"https:\\\/\\\/candas365.es\\\/noticias\\\/las-empresas-de-carreno-podran-optar-a-las-ayudas-miner-y-miniminer\\\/#webpage\",\"url\":\"https:\\\/\\\/candas365.es\\\/noticias\\\/las-empresas-de-carreno-podran-optar-a-las-ayudas-miner-y-miniminer\\\/\",\"name\":\"Las empresas de Carre\\u00f1o podr\\u00e1n optar a las ayudas Miner y Miniminer | Cand\\u00e1s 365\",\"description\":\"La Consejer\\u00eda de Industria, Empleo y Promoci\\u00f3n Econ\\u00f3mica anima a las empresas asturianas a presentarse a la nueva convocatoria de las l\\u00edneas Miner y Miniminer\",\"inLanguage\":\"es-ES\",\"isPartOf\":{\"@id\":\"https:\\\/\\\/candas365.es\\\/noticias\\\/#website\"},\"breadcrumb\":{\"@id\":\"https:\\\/\\\/candas365.es\\\/noticias\\\/las-empresas-de-carreno-podran-optar-a-las-ayudas-miner-y-miniminer\\\/#breadcrumblist\"},\"author\":{\"@id\":\"https:\\\/\\\/candas365.es\\\/noticias\\\/author\\\/admin\\\/#author\"},\"creator\":{\"@id\":\"https:\\\/\\\/candas365.es\\\/noticias\\\/author\\\/admin\\\/#author\"},\"image\":{\"@type\":\"ImageObject\",\"url\":\"https:\\\/\\\/candas365.es\\\/noticias\\\/wp-content\\\/uploads\\\/2019\\\/01\\\/startup-593341_960_720.jpg\",\"@id\":\"https:\\\/\\\/candas365.es\\\/noticias\\\/las-empresas-de-carreno-podran-optar-a-las-ayudas-miner-y-miniminer\\\/#mainImage\",\"width\":960,\"height\":640},\"primaryImageOfPage\":{\"@id\":\"https:\\\/\\\/candas365.es\\\/noticias\\\/las-empresas-de-carreno-podran-optar-a-las-ayudas-miner-y-miniminer\\\/#mainImage\"},\"datePublished\":\"2021-04-25T20:42:19+02:00\",\"dateModified\":\"2021-04-25T20:42:19+02:00\"},{\"@type\":\"WebSite\",\"@id\":\"https:\\\/\\\/candas365.es\\\/noticias\\\/#website\",\"url\":\"https:\\\/\\\/candas365.es\\\/noticias\\\/\",\"name\":\"Cand\\u00e1s 365\",\"alternateName\":\"Cand\\u00e1s 365 Noticias\",\"description\":\"Actualidad desde Carre\\u00f1o para el mundo\",\"inLanguage\":\"es-ES\",\"publisher\":{\"@id\":\"https:\\\/\\\/candas365.es\\\/noticias\\\/#organization\"}}]}\n\t\t<\/script>\n\t\t<!-- All in One SEO Pro -->\r\n\t\t<title>Las empresas de Carre\u00f1o podr\u00e1n optar a las ayudas Miner y Miniminer | Cand\u00e1s 365<\/title>\n\n","aioseo_head_json":{"title":"Las empresas de Carre\u00f1o podr\u00e1n optar a las ayudas Miner y Miniminer | Cand\u00e1s 365","description":"La Consejer\u00eda de Industria, Empleo y Promoci\u00f3n Econ\u00f3mica anima a las empresas asturianas a presentarse a la nueva convocatoria de las l\u00edneas Miner y Miniminer","canonical_url":"https:\/\/candas365.es\/noticias\/las-empresas-de-carreno-podran-optar-a-las-ayudas-miner-y-miniminer\/","robots":"max-image-preview:large","keywords":"noticias carre\u00f1o","webmasterTools":{"google-site-verification":"UA-32230408-1","msvalidate.01":"354F3CDFB2DA171B47FBE9ABF1F88D5","miscellaneous":""},"schema":{"@context":"https:\/\/schema.org","@graph":[{"@type":"BreadcrumbList","@id":"https:\/\/candas365.es\/noticias\/las-empresas-de-carreno-podran-optar-a-las-ayudas-miner-y-miniminer\/#breadcrumblist","itemListElement":[{"@type":"ListItem","@id":"https:\/\/candas365.es\/noticias#listItem","position":1,"name":"Home","item":"https:\/\/candas365.es\/noticias","nextItem":{"@type":"ListItem","@id":"https:\/\/candas365.es\/noticias\/category\/noticias-carreno\/#listItem","name":"Noticias Carre\u00f1o"}},{"@type":"ListItem","@id":"https:\/\/candas365.es\/noticias\/category\/noticias-carreno\/#listItem","position":2,"name":"Noticias Carre\u00f1o","item":"https:\/\/candas365.es\/noticias\/category\/noticias-carreno\/","nextItem":{"@type":"ListItem","@id":"https:\/\/candas365.es\/noticias\/las-empresas-de-carreno-podran-optar-a-las-ayudas-miner-y-miniminer\/#listItem","name":"Las empresas de Carre\u00f1o podr\u00e1n optar a las ayudas Miner y Miniminer"},"previousItem":{"@type":"ListItem","@id":"https:\/\/candas365.es\/noticias#listItem","name":"Home"}},{"@type":"ListItem","@id":"https:\/\/candas365.es\/noticias\/las-empresas-de-carreno-podran-optar-a-las-ayudas-miner-y-miniminer\/#listItem","position":3,"name":"Las empresas de Carre\u00f1o podr\u00e1n optar a las ayudas Miner y Miniminer","previousItem":{"@type":"ListItem","@id":"https:\/\/candas365.es\/noticias\/category\/noticias-carreno\/#listItem","name":"Noticias Carre\u00f1o"}}]},{"@type":"NewsArticle","@id":"https:\/\/candas365.es\/noticias\/las-empresas-de-carreno-podran-optar-a-las-ayudas-miner-y-miniminer\/#newsarticle","name":"Las empresas de Carre\u00f1o podr\u00e1n optar a las ayudas Miner y Miniminer | Cand\u00e1s 365","headline":"Las empresas de Carre\u00f1o podr\u00e1n optar a las ayudas Miner y Miniminer","author":{"@id":"https:\/\/candas365.es\/noticias\/author\/admin\/#author"},"publisher":{"@id":"https:\/\/candas365.es\/noticias\/#organization"},"image":{"@type":"ImageObject","url":"https:\/\/candas365.es\/noticias\/wp-content\/uploads\/2019\/01\/startup-593341_960_720.jpg","width":960,"height":640},"datePublished":"2021-04-25T20:42:19+02:00","dateModified":"2021-04-25T20:42:19+02:00","inLanguage":"es-ES","mainEntityOfPage":{"@id":"https:\/\/candas365.es\/noticias\/las-empresas-de-carreno-podran-optar-a-las-ayudas-miner-y-miniminer\/#webpage"},"isPartOf":{"@id":"https:\/\/candas365.es\/noticias\/las-empresas-de-carreno-podran-optar-a-las-ayudas-miner-y-miniminer\/#webpage"},"articleSection":"Noticias Carre\u00f1o","dateline":"Publicado el abril 25, 2021."},{"@type":"Organization","@id":"https:\/\/candas365.es\/noticias\/#organization","name":"Cand\u00e1s 365","description":"Cand\u00e1s 365 es un diario digital independiente, fundado en 2012, con base en Asturias. Informamos con rigor sobre actualidad, sociedad, cultura y ocio, con una mirada local y global.","url":"https:\/\/candas365.es\/noticias\/","email":"info@candas365.es","telephone":"+34652131393","foundingDate":"2012-06-10","logo":{"@type":"ImageObject","url":"https:\/\/candas365.es\/noticias\/wp-content\/uploads\/2024\/09\/Candas-365-Redes.jpg","@id":"https:\/\/candas365.es\/noticias\/las-empresas-de-carreno-podran-optar-a-las-ayudas-miner-y-miniminer\/#organizationLogo","width":1152,"height":864,"caption":"Cand\u00e1s 365 Redes"},"image":{"@id":"https:\/\/candas365.es\/noticias\/las-empresas-de-carreno-podran-optar-a-las-ayudas-miner-y-miniminer\/#organizationLogo"},"sameAs":["https:\/\/www.facebook.com\/Nachofdezber","https:\/\/x.com\/NabercoDigital","https:\/\/www.instagram.com\/nachofdezber\/","https:\/\/www.youtube.com\/channel\/UCZP-2wLEB9Rv6erhFmqVnvg"],"address":{"@id":"https:\/\/candas365.es\/noticias\/#postaladdress","@type":"PostalAddress","streetAddress":"san antonio 4, san antonio 4","postalCode":"33430","addressLocality":"Cand\u00e1s","addressRegion":"Asturias","addressCountry":"ES"}},{"@type":"Person","@id":"https:\/\/candas365.es\/noticias\/author\/admin\/#author","url":"https:\/\/candas365.es\/noticias\/author\/admin\/","name":"Cand\u00e1s 365","image":{"@type":"ImageObject","@id":"https:\/\/candas365.es\/noticias\/las-empresas-de-carreno-podran-optar-a-las-ayudas-miner-y-miniminer\/#authorImage","url":"https:\/\/secure.gravatar.com\/avatar\/496a8e03d0c493ede1718b7934145dbdf8d89be1036b0eec9544e1094c9de390?s=96&d=mm&r=g","width":96,"height":96,"caption":"Cand\u00e1s 365"},"sameAs":["https:\/\/www.facebook.com\/carrenoactualidad","https:\/\/twitter.com\/nbasturias","https:\/\/www.instagram.com\/nachofdezber\/","https:\/\/www.youtube.com\/channel\/UCZP-2wLEB9Rv6erhFmqVnvg"]},{"@type":"WebPage","@id":"https:\/\/candas365.es\/noticias\/las-empresas-de-carreno-podran-optar-a-las-ayudas-miner-y-miniminer\/#webpage","url":"https:\/\/candas365.es\/noticias\/las-empresas-de-carreno-podran-optar-a-las-ayudas-miner-y-miniminer\/","name":"Las empresas de Carre\u00f1o podr\u00e1n optar a las ayudas Miner y Miniminer | Cand\u00e1s 365","description":"La Consejer\u00eda de Industria, Empleo y Promoci\u00f3n Econ\u00f3mica anima a las empresas asturianas a presentarse a la nueva convocatoria de las l\u00edneas Miner y Miniminer","inLanguage":"es-ES","isPartOf":{"@id":"https:\/\/candas365.es\/noticias\/#website"},"breadcrumb":{"@id":"https:\/\/candas365.es\/noticias\/las-empresas-de-carreno-podran-optar-a-las-ayudas-miner-y-miniminer\/#breadcrumblist"},"author":{"@id":"https:\/\/candas365.es\/noticias\/author\/admin\/#author"},"creator":{"@id":"https:\/\/candas365.es\/noticias\/author\/admin\/#author"},"image":{"@type":"ImageObject","url":"https:\/\/candas365.es\/noticias\/wp-content\/uploads\/2019\/01\/startup-593341_960_720.jpg","@id":"https:\/\/candas365.es\/noticias\/las-empresas-de-carreno-podran-optar-a-las-ayudas-miner-y-miniminer\/#mainImage","width":960,"height":640},"primaryImageOfPage":{"@id":"https:\/\/candas365.es\/noticias\/las-empresas-de-carreno-podran-optar-a-las-ayudas-miner-y-miniminer\/#mainImage"},"datePublished":"2021-04-25T20:42:19+02:00","dateModified":"2021-04-25T20:42:19+02:00"},{"@type":"WebSite","@id":"https:\/\/candas365.es\/noticias\/#website","url":"https:\/\/candas365.es\/noticias\/","name":"Cand\u00e1s 365","alternateName":"Cand\u00e1s 365 Noticias","description":"Actualidad desde Carre\u00f1o para el mundo","inLanguage":"es-ES","publisher":{"@id":"https:\/\/candas365.es\/noticias\/#organization"}}]},"og:locale":"es_ES","og:site_name":"Cand\u00e1s 365","og:type":"article","og:title":"Las empresas de Carre\u00f1o podr\u00e1n optar a las ayudas Miner y Miniminer | Cand\u00e1s 365","og:description":"La Consejer\u00eda de Industria, Empleo y Promoci\u00f3n Econ\u00f3mica anima a las empresas asturianas a presentarse a la nueva convocatoria de las l\u00edneas Miner y Miniminer","og:url":"https:\/\/candas365.es\/noticias\/las-empresas-de-carreno-podran-optar-a-las-ayudas-miner-y-miniminer\/","og:image":"https:\/\/candas365.es\/noticias\/wp-content\/uploads\/2019\/01\/startup-593341_960_720.jpg","og:image:secure_url":"https:\/\/candas365.es\/noticias\/wp-content\/uploads\/2019\/01\/startup-593341_960_720.jpg","og:image:width":960,"og:image:height":640,"article:published_time":"2021-04-25T20:42:19+00:00","article:modified_time":"2021-04-25T20:42:19+00:00","article:publisher":"https:\/\/www.facebook.com\/Nachofdezber","article:author":"https:\/\/www.facebook.com\/carrenoactualidad","twitter:card":"summary_large_image","twitter:site":"@NabercoDigital","twitter:title":"Las empresas de Carre\u00f1o podr\u00e1n optar a las ayudas Miner y Miniminer | Cand\u00e1s 365","twitter:description":"La Consejer\u00eda de Industria, Empleo y Promoci\u00f3n Econ\u00f3mica anima a las empresas asturianas a presentarse a la nueva convocatoria de las l\u00edneas Miner y Miniminer","twitter:creator":"@nbasturias","twitter:image":"https:\/\/candas365.es\/noticias\/wp-content\/uploads\/2019\/01\/startup-593341_960_720.jpg","twitter:label1":"Escrito por","twitter:data1":"Cand\u00e1s 365","twitter:label2":"Tiempo de lectura estimado","twitter:data2":"3 minutos"},"aioseo_meta_data":{"post_id":"153945","title":null,"description":"La Consejer\u00eda de Industria, Empleo y Promoci\u00f3n Econ\u00f3mica anima a las empresas asturianas a presentarse a la nueva convocatoria de las l\u00edneas Miner y Miniminer","keywords":[],"keyphrases":{"focus":[],"additional":[]},"primary_term":null,"canonical_url":null,"og_title":null,"og_description":null,"og_object_type":"default","og_image_type":"default","og_image_url":null,"og_image_width":null,"og_image_height":null,"og_image_custom_url":null,"og_image_custom_fields":null,"og_video":"","og_custom_url":null,"og_article_section":null,"og_article_tags":[],"twitter_use_og":false,"twitter_card":"default","twitter_image_type":"default","twitter_image_url":null,"twitter_image_custom_url":null,"twitter_image_custom_fields":null,"twitter_title":null,"twitter_description":null,"schema":{"blockGraphs":[],"customGraphs":[],"default":{"data":{"Article":[],"Course":[],"Dataset":[],"FAQPage":[],"Movie":[],"Person":[],"Product":[],"ProductReview":[],"Car":[],"Recipe":[],"Service":[],"SoftwareApplication":[],"WebPage":[]},"graphName":"","isEnabled":true},"graphs":[],"defaultGraph":"Article","defaultPostTypeGraph":""},"schema_type":"default","schema_type_options":"{\"article\":{\"articleType\":\"BlogPosting\"},\"course\":{\"name\":\"\",\"description\":\"\",\"provider\":\"\"},\"faq\":{\"pages\":[]},\"product\":{\"reviews\":[]},\"recipe\":{\"ingredients\":[],\"instructions\":[],\"keywords\":[]},\"software\":{\"reviews\":[],\"operatingSystems\":[]},\"webPage\":{\"webPageType\":\"WebPage\"}}","pillar_content":false,"robots_default":true,"robots_noindex":false,"robots_noarchive":false,"robots_nosnippet":false,"robots_nofollow":false,"robots_noimageindex":false,"robots_noodp":false,"robots_notranslate":false,"robots_max_snippet":"-1","robots_max_videopreview":"-1","robots_max_imagepreview":"large","priority":null,"frequency":"default","location":null,"local_seo":{"locations":{"business":{"name":"","businessType":"","image":"","areaServed":"","urls":{"website":"","aboutPage":"","contactPage":""},"address":{"streetLine1":"","streetLine2":"","zipCode":"","city":"","state":"","country":"","addressFormat":"#streetLineOne\n#streetLineTwo\n#city, #state #zipCode"},"contact":{"phone":"","email":"","fax":""},"ids":{"vat":"","tax":"","chamberOfCommerce":""},"payment":{"priceRange":"","currenciesAccepted":"","methods":""}}},"openingHours":{"useDefaults":true,"show":true,"alwaysOpen":false,"use24hFormat":false,"timezone":"","labels":{"closed":"","alwaysOpen":""},"days":{"monday":{"open24h":false,"closed":false,"openTime":"09:00","closeTime":"17:00"},"tuesday":{"open24h":false,"closed":false,"openTime":"09:00","closeTime":"17:00"},"wednesday":{"open24h":false,"closed":false,"openTime":"09:00","closeTime":"17:00"},"thursday":{"open24h":false,"closed":false,"openTime":"09:00","closeTime":"17:00"},"friday":{"open24h":false,"closed":false,"openTime":"09:00","closeTime":"17:00"},"saturday":{"open24h":false,"closed":false,"openTime":"09:00","closeTime":"17:00"},"sunday":{"open24h":false,"closed":false,"openTime":"09:00","closeTime":"17:00"}}}},"seo_analyzer_scan_date":"2025-08-31 20:34:13","breadcrumb_settings":null,"limit_modified_date":false,"reviewed_by":null,"open_ai":null,"ai":null,"created":"2021-04-25 20:38:35","updated":"2025-08-31 20:34:13"},"aioseo_breadcrumb":"<div class=\"aioseo-breadcrumbs\"><span class=\"aioseo-breadcrumb\">\n\t<a href=\"https:\/\/candas365.es\/noticias\" title=\"Home\">Home<\/a>\n<\/span><span class=\"aioseo-breadcrumb-separator\">&ndash;<\/span><span class=\"aioseo-breadcrumb\">\n\t<a href=\"https:\/\/candas365.es\/noticias\/category\/noticias-carreno\/\" title=\"Noticias Carre\u00f1o\">Noticias Carre\u00f1o<\/a>\n<\/span><span class=\"aioseo-breadcrumb-separator\">&ndash;<\/span><span class=\"aioseo-breadcrumb\">\n\tLas empresas de Carre\u00f1o podr\u00e1n optar a las ayudas Miner y Miniminer\n<\/span><\/div>","aioseo_breadcrumb_json":[{"label":"Home","link":"https:\/\/candas365.es\/noticias"},{"label":"Noticias Carre\u00f1o","link":"https:\/\/candas365.es\/noticias\/category\/noticias-carreno\/"},{"label":"Las empresas de Carre\u00f1o podr\u00e1n optar a las ayudas Miner y Miniminer","link":"https:\/\/candas365.es\/noticias\/las-empresas-de-carreno-podran-optar-a-las-ayudas-miner-y-miniminer\/"}],"_links":{"self":[{"href":"https:\/\/candas365.es\/noticias\/wp-json\/wp\/v2\/posts\/153945","targetHints":{"allow":["GET"]}}],"collection":[{"href":"https:\/\/candas365.es\/noticias\/wp-json\/wp\/v2\/posts"}],"about":[{"href":"https:\/\/candas365.es\/noticias\/wp-json\/wp\/v2\/types\/post"}],"author":[{"embeddable":true,"href":"https:\/\/candas365.es\/noticias\/wp-json\/wp\/v2\/users\/1"}],"replies":[{"embeddable":true,"href":"https:\/\/candas365.es\/noticias\/wp-json\/wp\/v2\/comments?post=153945"}],"version-history":[{"count":0,"href":"https:\/\/candas365.es\/noticias\/wp-json\/wp\/v2\/posts\/153945\/revisions"}],"wp:featuredmedia":[{"embeddable":true,"href":"https:\/\/candas365.es\/noticias\/wp-json\/wp\/v2\/media\/113274"}],"wp:attachment":[{"href":"https:\/\/candas365.es\/noticias\/wp-json\/wp\/v2\/media?parent=153945"}],"wp:term":[{"taxonomy":"category","embeddable":true,"href":"https:\/\/candas365.es\/noticias\/wp-json\/wp\/v2\/categories?post=153945"},{"taxonomy":"post_tag","embeddable":true,"href":"https:\/\/candas365.es\/noticias\/wp-json\/wp\/v2\/tags?post=153945"}],"curies":[{"name":"wp","href":"https:\/\/api.w.org\/{rel}","templated":true}]}}