{"id":153919,"date":"2021-04-20T00:45:47","date_gmt":"2021-04-20T00:45:47","guid":{"rendered":"http:\/\/candas365.es\/noticias\/?p=153919"},"modified":"2021-04-25T00:46:46","modified_gmt":"2021-04-25T00:46:46","slug":"dia-del-libro-2021-en-carreno","status":"publish","type":"post","link":"https:\/\/candas365.es\/noticias\/dia-del-libro-2021-en-carreno\/","title":{"rendered":"D\u00eda del Libro 2021 en Carre\u00f1o"},"content":{"rendered":"<p><img fetchpriority=\"high\" decoding=\"async\" class=\"alignleft size-medium wp-image-146425\" src=\"https:\/\/candas365.es\/noticias\/wp-content\/uploads\/2020\/08\/old-books-436498_640-360x240.jpg\" alt=\"\" width=\"360\" height=\"240\" srcset=\"https:\/\/candas365.es\/noticias\/wp-content\/uploads\/2020\/08\/old-books-436498_640-360x240.jpg 360w, https:\/\/candas365.es\/noticias\/wp-content\/uploads\/2020\/08\/old-books-436498_640-631x420.jpg 631w, https:\/\/candas365.es\/noticias\/wp-content\/uploads\/2020\/08\/old-books-436498_640.jpg 640w\" sizes=\"(max-width: 360px) 100vw, 360px\" \/>Un a\u00f1o m\u00e1s, con motivo del D\u00eda del Libro, queremos poner de una manera muy especial la atenci\u00f3n y nuestros ojos en los libros. Lo hacemos sabiendo que, al cerrar un libro, los ojos del lector y la lectora quedan dentro de \u00e9l; que leer es algo as\u00ed como tener vacaciones en la cabeza. El mundo se nos asoma en la lectura y va llen\u00e1ndonos de lo que muchas veces es invisible: Libros que nunca hemos le\u00eddo o que volvemos a leer.<\/p>\n<p>Libros curiosos, infantiles, delicados. Libros sin prisa, llenos dehistoria y de historias, que siempre, siempre, nos est\u00e1n aguardando. Libros de creaci\u00f3n, lirismo o poes\u00eda cuya misi\u00f3n es hacer pasar ante nosotros las transparencias del mundo, sus dramas, sus anhelos, todo, en fin, ese universo estrellado que en los libros vamos heredando y que despiertan nuestras m\u00e1s profundas emociones. Asturias es tierra numerosa de antiguos y modernos escritores, de poetisas y poetas, de historiadores y fil\u00f3sofos\u2026 En sus libros est\u00e1 el oro de lo viejo y lo nuevo, el silencio hablador donde podemos escuchar el murmullo de la existencia, su dolor, su belleza y su pensamiento. \u00a1Cu\u00e1ntas veces los libros han tirado de nuestra vida ayud\u00e1ndonos a seguir! \u00a1Cu\u00e1ntas veces hemos apoyado nuestro insomnio en un libro de poemas, en una historia de amor, en un relato que nos hizo viajar, m\u00e1s all\u00e1, por tierra, mar y aire!<\/p>\n<p>S\u00ed, abril siempre tiene un d\u00eda para celebrar el libro, nuestros libros. Esos que, tantas a veces, la inquieta marea del vivir ha ido dejado abandonados. Que suenen, pues, m\u00fasicas caudales en las gaitas y tambores celtas de nuestra tierra asturiana, y bailemos con los libros, los buenos libros, con nuestros amados libros de antes y de ahora,sabiendo que siempre nos esperan, para que nunca sintamos la soledad.<\/p>\n<p>La biblioteca candasina y las peque\u00f1as bibliotecas rurales, diseminadas por el concejo, animar\u00e1n a disfrutar de las diferentes actividades programadas:<\/p>\n<p>&#8211; El d\u00eda 20 de Abril la Biblioteca Municipal organiza, en la Casa de Cultura, el desarrollo de una narraci\u00f3n oral por Carlos Alba \u201c Cellero\u201d. La actividad lleva por t\u00edtulo \u201c Cont\u00e1benmelo\u00b4n en casa\u201d. Se adjunta cartel.<\/p>\n<p>&#8211; Recital Po\u00e9tico: \u00abReMar Con Versos\u00bb. Viernes, 30 de Abril a las 19:30 horas en la Plaza de la Baraga\u00f1a. Un recital po\u00e9tico organizado por la Asociaci\u00f3n de Escritores de Asturias. Bajo la coordinaci\u00f3n de M \u00aa Esther Garc\u00eda, Presidenta de la Asociaci\u00f3n entre 10-12 poetas recitar\u00e1n sus textos desde el balc\u00f3n de la antigua Sofeca. siendo el alumnado de la Escuela de M\u00fasica Municipal \u00abMiguel Barrosa\u00bb de Cand\u00e1s los encargados de poner melod\u00eda a esos textos.<\/p>\n<p>&#8211; Acto telem\u00e1tico ( pendiente de ultimar fecha) que impulsa el Centro de Estudios del Alfoz de Gauz\u00f3n (CEAG) a prop\u00f3sito de la celebraci\u00f3n del D\u00eda Mundial de la Poes\u00eda, el CEAG ha editado un CD con varios poemas recitados de Ant\u00f3n de Marirreguera (en concreto el Pleitu ente Uvi\u00e9u y M\u00e9rida y la f\u00e1bula Hero y Lleandro). La edici\u00f3n cuenta, adem\u00e1s, con una fant\u00e1stica ilustraci\u00f3n del artista David P\u00e9rez Busto realizada ex profeso para la edici\u00f3n, y un texto introductorio de la fil\u00f3loga Alba Carballo. Para dar a conocer este trabajo tienen pensado realizar una peque\u00f1a presentaci\u00f3n a trav\u00e9s de Teams.<\/p>\n<p>&nbsp;<\/p>\n","protected":false},"excerpt":{"rendered":"<p>Un a\u00f1o m\u00e1s, con motivo del D\u00eda del Libro, queremos poner de una manera muy especial la atenci\u00f3n y nuestros ojos en los libros. Lo hacemos sabiendo que, al cerrar un libro, los ojos del lector y la lectora quedan dentro de \u00e9l; que leer es algo as\u00ed como tener vacaciones en la cabeza. El<\/p>\n","protected":false},"author":1,"featured_media":146425,"comment_status":"closed","ping_status":"closed","sticky":false,"template":"","format":"standard","meta":{"footnotes":""},"categories":[2],"tags":[],"class_list":{"0":"post-153919","1":"post","2":"type-post","3":"status-publish","4":"format-standard","5":"has-post-thumbnail","7":"category-noticias-carreno"},"aioseo_notices":[],"aioseo_head":"\n\t\t<!-- All in One SEO Pro 4.9.6.2 - aioseo.com -->\n\t<meta name=\"description\" content=\"Un a\u00f1o m\u00e1s, con motivo del D\u00eda del Libro, queremos poner de una manera muy especial la atenci\u00f3n y nuestros ojos en los libros. Lo hacemos sabiendo que, al cerrar un libro, los ojos del lector y la lectora quedan dentro de \u00e9l; que leer es algo as\u00ed como tener vacaciones en la cabeza. El\" \/>\n\t<meta name=\"robots\" content=\"max-image-preview:large\" \/>\n\t<meta name=\"author\" content=\"Cand\u00e1s 365\"\/>\n\t<meta name=\"google-site-verification\" content=\"UA-32230408-1\" \/>\n\t<meta name=\"msvalidate.01\" content=\"354F3CDFB2DA171B47FBE9ABF1F88D5\" \/>\n\t<meta name=\"keywords\" content=\"noticias carre\u00f1o\" \/>\n\t<link rel=\"canonical\" href=\"https:\/\/candas365.es\/noticias\/dia-del-libro-2021-en-carreno\/\" \/>\n\t<meta name=\"generator\" content=\"All in One SEO Pro (AIOSEO) 4.9.6.2\" \/>\n\t\t<meta property=\"og:locale\" content=\"es_ES\" \/>\n\t\t<meta property=\"og:site_name\" content=\"Cand\u00e1s 365\" \/>\n\t\t<meta property=\"og:type\" content=\"article\" \/>\n\t\t<meta property=\"og:title\" content=\"D\u00eda del Libro 2021 en Carre\u00f1o | Cand\u00e1s 365\" \/>\n\t\t<meta property=\"og:description\" content=\"Un a\u00f1o m\u00e1s, con motivo del D\u00eda del Libro, queremos poner de una manera muy especial la atenci\u00f3n y nuestros ojos en los libros. Lo hacemos sabiendo que, al cerrar un libro, los ojos del lector y la lectora quedan dentro de \u00e9l; que leer es algo as\u00ed como tener vacaciones en la cabeza. El\" \/>\n\t\t<meta property=\"og:url\" content=\"https:\/\/candas365.es\/noticias\/dia-del-libro-2021-en-carreno\/\" \/>\n\t\t<meta property=\"og:image\" content=\"https:\/\/candas365.es\/noticias\/wp-content\/uploads\/2020\/08\/old-books-436498_640.jpg\" \/>\n\t\t<meta property=\"og:image:secure_url\" content=\"https:\/\/candas365.es\/noticias\/wp-content\/uploads\/2020\/08\/old-books-436498_640.jpg\" \/>\n\t\t<meta property=\"og:image:width\" content=\"640\" \/>\n\t\t<meta property=\"og:image:height\" content=\"426\" \/>\n\t\t<meta property=\"article:published_time\" content=\"2021-04-20T00:45:47+00:00\" \/>\n\t\t<meta property=\"article:modified_time\" content=\"2021-04-25T00:46:46+00:00\" \/>\n\t\t<meta property=\"article:publisher\" content=\"https:\/\/www.facebook.com\/Nachofdezber\" \/>\n\t\t<meta property=\"article:author\" content=\"https:\/\/www.facebook.com\/carrenoactualidad\" \/>\n\t\t<meta name=\"twitter:card\" content=\"summary_large_image\" \/>\n\t\t<meta name=\"twitter:site\" content=\"@NabercoDigital\" \/>\n\t\t<meta name=\"twitter:title\" content=\"D\u00eda del Libro 2021 en Carre\u00f1o | Cand\u00e1s 365\" \/>\n\t\t<meta name=\"twitter:description\" content=\"Un a\u00f1o m\u00e1s, con motivo del D\u00eda del Libro, queremos poner de una manera muy especial la atenci\u00f3n y nuestros ojos en los libros. Lo hacemos sabiendo que, al cerrar un libro, los ojos del lector y la lectora quedan dentro de \u00e9l; que leer es algo as\u00ed como tener vacaciones en la cabeza. El\" \/>\n\t\t<meta name=\"twitter:creator\" content=\"@nbasturias\" \/>\n\t\t<meta name=\"twitter:image\" content=\"https:\/\/candas365.es\/noticias\/wp-content\/uploads\/2020\/08\/old-books-436498_640.jpg\" \/>\n\t\t<meta name=\"twitter:label1\" content=\"Escrito por\" \/>\n\t\t<meta name=\"twitter:data1\" content=\"Cand\u00e1s 365\" \/>\n\t\t<meta name=\"twitter:label2\" content=\"Tiempo de lectura estimado\" \/>\n\t\t<meta name=\"twitter:data2\" content=\"3 minutos\" \/>\n\t\t<script type=\"application\/ld+json\" class=\"aioseo-schema\">\n\t\t\t{\"@context\":\"https:\\\/\\\/schema.org\",\"@graph\":[{\"@type\":\"BreadcrumbList\",\"@id\":\"https:\\\/\\\/candas365.es\\\/noticias\\\/dia-del-libro-2021-en-carreno\\\/#breadcrumblist\",\"itemListElement\":[{\"@type\":\"ListItem\",\"@id\":\"https:\\\/\\\/candas365.es\\\/noticias#listItem\",\"position\":1,\"name\":\"Home\",\"item\":\"https:\\\/\\\/candas365.es\\\/noticias\",\"nextItem\":{\"@type\":\"ListItem\",\"@id\":\"https:\\\/\\\/candas365.es\\\/noticias\\\/category\\\/noticias-carreno\\\/#listItem\",\"name\":\"Noticias Carre\\u00f1o\"}},{\"@type\":\"ListItem\",\"@id\":\"https:\\\/\\\/candas365.es\\\/noticias\\\/category\\\/noticias-carreno\\\/#listItem\",\"position\":2,\"name\":\"Noticias Carre\\u00f1o\",\"item\":\"https:\\\/\\\/candas365.es\\\/noticias\\\/category\\\/noticias-carreno\\\/\",\"nextItem\":{\"@type\":\"ListItem\",\"@id\":\"https:\\\/\\\/candas365.es\\\/noticias\\\/dia-del-libro-2021-en-carreno\\\/#listItem\",\"name\":\"D\\u00eda del Libro 2021 en Carre\\u00f1o\"},\"previousItem\":{\"@type\":\"ListItem\",\"@id\":\"https:\\\/\\\/candas365.es\\\/noticias#listItem\",\"name\":\"Home\"}},{\"@type\":\"ListItem\",\"@id\":\"https:\\\/\\\/candas365.es\\\/noticias\\\/dia-del-libro-2021-en-carreno\\\/#listItem\",\"position\":3,\"name\":\"D\\u00eda del Libro 2021 en Carre\\u00f1o\",\"previousItem\":{\"@type\":\"ListItem\",\"@id\":\"https:\\\/\\\/candas365.es\\\/noticias\\\/category\\\/noticias-carreno\\\/#listItem\",\"name\":\"Noticias Carre\\u00f1o\"}}]},{\"@type\":\"NewsArticle\",\"@id\":\"https:\\\/\\\/candas365.es\\\/noticias\\\/dia-del-libro-2021-en-carreno\\\/#newsarticle\",\"name\":\"D\\u00eda del Libro 2021 en Carre\\u00f1o | Cand\\u00e1s 365\",\"headline\":\"D\\u00eda del Libro 2021 en Carre\\u00f1o\",\"author\":{\"@id\":\"https:\\\/\\\/candas365.es\\\/noticias\\\/author\\\/admin\\\/#author\"},\"publisher\":{\"@id\":\"https:\\\/\\\/candas365.es\\\/noticias\\\/#organization\"},\"image\":{\"@type\":\"ImageObject\",\"url\":\"https:\\\/\\\/candas365.es\\\/noticias\\\/wp-content\\\/uploads\\\/2020\\\/08\\\/old-books-436498_640.jpg\",\"width\":640,\"height\":426},\"datePublished\":\"2021-04-20T00:45:47+02:00\",\"dateModified\":\"2021-04-25T00:46:46+02:00\",\"inLanguage\":\"es-ES\",\"mainEntityOfPage\":{\"@id\":\"https:\\\/\\\/candas365.es\\\/noticias\\\/dia-del-libro-2021-en-carreno\\\/#webpage\"},\"isPartOf\":{\"@id\":\"https:\\\/\\\/candas365.es\\\/noticias\\\/dia-del-libro-2021-en-carreno\\\/#webpage\"},\"articleSection\":\"Noticias Carre\\u00f1o\",\"dateline\":\"Publicado el abril 20, 2021.\"},{\"@type\":\"Organization\",\"@id\":\"https:\\\/\\\/candas365.es\\\/noticias\\\/#organization\",\"name\":\"Cand\\u00e1s 365\",\"description\":\"Cand\\u00e1s 365 es un diario digital independiente, fundado en 2012, con base en Asturias. Informamos con rigor sobre actualidad, sociedad, cultura y ocio, con una mirada local y global.\",\"url\":\"https:\\\/\\\/candas365.es\\\/noticias\\\/\",\"email\":\"info@candas365.es\",\"telephone\":\"+34652131393\",\"foundingDate\":\"2012-06-10\",\"logo\":{\"@type\":\"ImageObject\",\"url\":\"https:\\\/\\\/candas365.es\\\/noticias\\\/wp-content\\\/uploads\\\/2024\\\/09\\\/Candas-365-Redes.jpg\",\"@id\":\"https:\\\/\\\/candas365.es\\\/noticias\\\/dia-del-libro-2021-en-carreno\\\/#organizationLogo\",\"width\":1152,\"height\":864,\"caption\":\"Cand\\u00e1s 365 Redes\"},\"image\":{\"@id\":\"https:\\\/\\\/candas365.es\\\/noticias\\\/dia-del-libro-2021-en-carreno\\\/#organizationLogo\"},\"sameAs\":[\"https:\\\/\\\/www.facebook.com\\\/Nachofdezber\",\"https:\\\/\\\/x.com\\\/NabercoDigital\",\"https:\\\/\\\/www.instagram.com\\\/nachofdezber\\\/\",\"https:\\\/\\\/www.youtube.com\\\/channel\\\/UCZP-2wLEB9Rv6erhFmqVnvg\"],\"address\":{\"@id\":\"https:\\\/\\\/candas365.es\\\/noticias\\\/#postaladdress\",\"@type\":\"PostalAddress\",\"streetAddress\":\"san antonio 4, san antonio 4\",\"postalCode\":\"33430\",\"addressLocality\":\"Cand\\u00e1s\",\"addressRegion\":\"Asturias\",\"addressCountry\":\"ES\"}},{\"@type\":\"Person\",\"@id\":\"https:\\\/\\\/candas365.es\\\/noticias\\\/author\\\/admin\\\/#author\",\"url\":\"https:\\\/\\\/candas365.es\\\/noticias\\\/author\\\/admin\\\/\",\"name\":\"Cand\\u00e1s 365\",\"image\":{\"@type\":\"ImageObject\",\"@id\":\"https:\\\/\\\/candas365.es\\\/noticias\\\/dia-del-libro-2021-en-carreno\\\/#authorImage\",\"url\":\"https:\\\/\\\/secure.gravatar.com\\\/avatar\\\/496a8e03d0c493ede1718b7934145dbdf8d89be1036b0eec9544e1094c9de390?s=96&d=mm&r=g\",\"width\":96,\"height\":96,\"caption\":\"Cand\\u00e1s 365\"},\"sameAs\":[\"https:\\\/\\\/www.facebook.com\\\/carrenoactualidad\",\"https:\\\/\\\/twitter.com\\\/nbasturias\",\"https:\\\/\\\/www.instagram.com\\\/nachofdezber\\\/\",\"https:\\\/\\\/www.youtube.com\\\/channel\\\/UCZP-2wLEB9Rv6erhFmqVnvg\"]},{\"@type\":\"WebPage\",\"@id\":\"https:\\\/\\\/candas365.es\\\/noticias\\\/dia-del-libro-2021-en-carreno\\\/#webpage\",\"url\":\"https:\\\/\\\/candas365.es\\\/noticias\\\/dia-del-libro-2021-en-carreno\\\/\",\"name\":\"D\\u00eda del Libro 2021 en Carre\\u00f1o | Cand\\u00e1s 365\",\"description\":\"Un a\\u00f1o m\\u00e1s, con motivo del D\\u00eda del Libro, queremos poner de una manera muy especial la atenci\\u00f3n y nuestros ojos en los libros. Lo hacemos sabiendo que, al cerrar un libro, los ojos del lector y la lectora quedan dentro de \\u00e9l; que leer es algo as\\u00ed como tener vacaciones en la cabeza. El\",\"inLanguage\":\"es-ES\",\"isPartOf\":{\"@id\":\"https:\\\/\\\/candas365.es\\\/noticias\\\/#website\"},\"breadcrumb\":{\"@id\":\"https:\\\/\\\/candas365.es\\\/noticias\\\/dia-del-libro-2021-en-carreno\\\/#breadcrumblist\"},\"author\":{\"@id\":\"https:\\\/\\\/candas365.es\\\/noticias\\\/author\\\/admin\\\/#author\"},\"creator\":{\"@id\":\"https:\\\/\\\/candas365.es\\\/noticias\\\/author\\\/admin\\\/#author\"},\"image\":{\"@type\":\"ImageObject\",\"url\":\"https:\\\/\\\/candas365.es\\\/noticias\\\/wp-content\\\/uploads\\\/2020\\\/08\\\/old-books-436498_640.jpg\",\"@id\":\"https:\\\/\\\/candas365.es\\\/noticias\\\/dia-del-libro-2021-en-carreno\\\/#mainImage\",\"width\":640,\"height\":426},\"primaryImageOfPage\":{\"@id\":\"https:\\\/\\\/candas365.es\\\/noticias\\\/dia-del-libro-2021-en-carreno\\\/#mainImage\"},\"datePublished\":\"2021-04-20T00:45:47+02:00\",\"dateModified\":\"2021-04-25T00:46:46+02:00\"},{\"@type\":\"WebSite\",\"@id\":\"https:\\\/\\\/candas365.es\\\/noticias\\\/#website\",\"url\":\"https:\\\/\\\/candas365.es\\\/noticias\\\/\",\"name\":\"Cand\\u00e1s 365\",\"alternateName\":\"Cand\\u00e1s 365 Noticias\",\"description\":\"Actualidad desde Carre\\u00f1o para el mundo\",\"inLanguage\":\"es-ES\",\"publisher\":{\"@id\":\"https:\\\/\\\/candas365.es\\\/noticias\\\/#organization\"}}]}\n\t\t<\/script>\n\t\t<!-- All in One SEO Pro -->\r\n\t\t<title>D\u00eda del Libro 2021 en Carre\u00f1o | Cand\u00e1s 365<\/title>\n\n","aioseo_head_json":{"title":"D\u00eda del Libro 2021 en Carre\u00f1o | Cand\u00e1s 365","description":"Un a\u00f1o m\u00e1s, con motivo del D\u00eda del Libro, queremos poner de una manera muy especial la atenci\u00f3n y nuestros ojos en los libros. Lo hacemos sabiendo que, al cerrar un libro, los ojos del lector y la lectora quedan dentro de \u00e9l; que leer es algo as\u00ed como tener vacaciones en la cabeza. El","canonical_url":"https:\/\/candas365.es\/noticias\/dia-del-libro-2021-en-carreno\/","robots":"max-image-preview:large","keywords":"noticias carre\u00f1o","webmasterTools":{"google-site-verification":"UA-32230408-1","msvalidate.01":"354F3CDFB2DA171B47FBE9ABF1F88D5","miscellaneous":""},"schema":{"@context":"https:\/\/schema.org","@graph":[{"@type":"BreadcrumbList","@id":"https:\/\/candas365.es\/noticias\/dia-del-libro-2021-en-carreno\/#breadcrumblist","itemListElement":[{"@type":"ListItem","@id":"https:\/\/candas365.es\/noticias#listItem","position":1,"name":"Home","item":"https:\/\/candas365.es\/noticias","nextItem":{"@type":"ListItem","@id":"https:\/\/candas365.es\/noticias\/category\/noticias-carreno\/#listItem","name":"Noticias Carre\u00f1o"}},{"@type":"ListItem","@id":"https:\/\/candas365.es\/noticias\/category\/noticias-carreno\/#listItem","position":2,"name":"Noticias Carre\u00f1o","item":"https:\/\/candas365.es\/noticias\/category\/noticias-carreno\/","nextItem":{"@type":"ListItem","@id":"https:\/\/candas365.es\/noticias\/dia-del-libro-2021-en-carreno\/#listItem","name":"D\u00eda del Libro 2021 en Carre\u00f1o"},"previousItem":{"@type":"ListItem","@id":"https:\/\/candas365.es\/noticias#listItem","name":"Home"}},{"@type":"ListItem","@id":"https:\/\/candas365.es\/noticias\/dia-del-libro-2021-en-carreno\/#listItem","position":3,"name":"D\u00eda del Libro 2021 en Carre\u00f1o","previousItem":{"@type":"ListItem","@id":"https:\/\/candas365.es\/noticias\/category\/noticias-carreno\/#listItem","name":"Noticias Carre\u00f1o"}}]},{"@type":"NewsArticle","@id":"https:\/\/candas365.es\/noticias\/dia-del-libro-2021-en-carreno\/#newsarticle","name":"D\u00eda del Libro 2021 en Carre\u00f1o | Cand\u00e1s 365","headline":"D\u00eda del Libro 2021 en Carre\u00f1o","author":{"@id":"https:\/\/candas365.es\/noticias\/author\/admin\/#author"},"publisher":{"@id":"https:\/\/candas365.es\/noticias\/#organization"},"image":{"@type":"ImageObject","url":"https:\/\/candas365.es\/noticias\/wp-content\/uploads\/2020\/08\/old-books-436498_640.jpg","width":640,"height":426},"datePublished":"2021-04-20T00:45:47+02:00","dateModified":"2021-04-25T00:46:46+02:00","inLanguage":"es-ES","mainEntityOfPage":{"@id":"https:\/\/candas365.es\/noticias\/dia-del-libro-2021-en-carreno\/#webpage"},"isPartOf":{"@id":"https:\/\/candas365.es\/noticias\/dia-del-libro-2021-en-carreno\/#webpage"},"articleSection":"Noticias Carre\u00f1o","dateline":"Publicado el abril 20, 2021."},{"@type":"Organization","@id":"https:\/\/candas365.es\/noticias\/#organization","name":"Cand\u00e1s 365","description":"Cand\u00e1s 365 es un diario digital independiente, fundado en 2012, con base en Asturias. Informamos con rigor sobre actualidad, sociedad, cultura y ocio, con una mirada local y global.","url":"https:\/\/candas365.es\/noticias\/","email":"info@candas365.es","telephone":"+34652131393","foundingDate":"2012-06-10","logo":{"@type":"ImageObject","url":"https:\/\/candas365.es\/noticias\/wp-content\/uploads\/2024\/09\/Candas-365-Redes.jpg","@id":"https:\/\/candas365.es\/noticias\/dia-del-libro-2021-en-carreno\/#organizationLogo","width":1152,"height":864,"caption":"Cand\u00e1s 365 Redes"},"image":{"@id":"https:\/\/candas365.es\/noticias\/dia-del-libro-2021-en-carreno\/#organizationLogo"},"sameAs":["https:\/\/www.facebook.com\/Nachofdezber","https:\/\/x.com\/NabercoDigital","https:\/\/www.instagram.com\/nachofdezber\/","https:\/\/www.youtube.com\/channel\/UCZP-2wLEB9Rv6erhFmqVnvg"],"address":{"@id":"https:\/\/candas365.es\/noticias\/#postaladdress","@type":"PostalAddress","streetAddress":"san antonio 4, san antonio 4","postalCode":"33430","addressLocality":"Cand\u00e1s","addressRegion":"Asturias","addressCountry":"ES"}},{"@type":"Person","@id":"https:\/\/candas365.es\/noticias\/author\/admin\/#author","url":"https:\/\/candas365.es\/noticias\/author\/admin\/","name":"Cand\u00e1s 365","image":{"@type":"ImageObject","@id":"https:\/\/candas365.es\/noticias\/dia-del-libro-2021-en-carreno\/#authorImage","url":"https:\/\/secure.gravatar.com\/avatar\/496a8e03d0c493ede1718b7934145dbdf8d89be1036b0eec9544e1094c9de390?s=96&d=mm&r=g","width":96,"height":96,"caption":"Cand\u00e1s 365"},"sameAs":["https:\/\/www.facebook.com\/carrenoactualidad","https:\/\/twitter.com\/nbasturias","https:\/\/www.instagram.com\/nachofdezber\/","https:\/\/www.youtube.com\/channel\/UCZP-2wLEB9Rv6erhFmqVnvg"]},{"@type":"WebPage","@id":"https:\/\/candas365.es\/noticias\/dia-del-libro-2021-en-carreno\/#webpage","url":"https:\/\/candas365.es\/noticias\/dia-del-libro-2021-en-carreno\/","name":"D\u00eda del Libro 2021 en Carre\u00f1o | Cand\u00e1s 365","description":"Un a\u00f1o m\u00e1s, con motivo del D\u00eda del Libro, queremos poner de una manera muy especial la atenci\u00f3n y nuestros ojos en los libros. Lo hacemos sabiendo que, al cerrar un libro, los ojos del lector y la lectora quedan dentro de \u00e9l; que leer es algo as\u00ed como tener vacaciones en la cabeza. El","inLanguage":"es-ES","isPartOf":{"@id":"https:\/\/candas365.es\/noticias\/#website"},"breadcrumb":{"@id":"https:\/\/candas365.es\/noticias\/dia-del-libro-2021-en-carreno\/#breadcrumblist"},"author":{"@id":"https:\/\/candas365.es\/noticias\/author\/admin\/#author"},"creator":{"@id":"https:\/\/candas365.es\/noticias\/author\/admin\/#author"},"image":{"@type":"ImageObject","url":"https:\/\/candas365.es\/noticias\/wp-content\/uploads\/2020\/08\/old-books-436498_640.jpg","@id":"https:\/\/candas365.es\/noticias\/dia-del-libro-2021-en-carreno\/#mainImage","width":640,"height":426},"primaryImageOfPage":{"@id":"https:\/\/candas365.es\/noticias\/dia-del-libro-2021-en-carreno\/#mainImage"},"datePublished":"2021-04-20T00:45:47+02:00","dateModified":"2021-04-25T00:46:46+02:00"},{"@type":"WebSite","@id":"https:\/\/candas365.es\/noticias\/#website","url":"https:\/\/candas365.es\/noticias\/","name":"Cand\u00e1s 365","alternateName":"Cand\u00e1s 365 Noticias","description":"Actualidad desde Carre\u00f1o para el mundo","inLanguage":"es-ES","publisher":{"@id":"https:\/\/candas365.es\/noticias\/#organization"}}]},"og:locale":"es_ES","og:site_name":"Cand\u00e1s 365","og:type":"article","og:title":"D\u00eda del Libro 2021 en Carre\u00f1o | Cand\u00e1s 365","og:description":"Un a\u00f1o m\u00e1s, con motivo del D\u00eda del Libro, queremos poner de una manera muy especial la atenci\u00f3n y nuestros ojos en los libros. Lo hacemos sabiendo que, al cerrar un libro, los ojos del lector y la lectora quedan dentro de \u00e9l; que leer es algo as\u00ed como tener vacaciones en la cabeza. El","og:url":"https:\/\/candas365.es\/noticias\/dia-del-libro-2021-en-carreno\/","og:image":"https:\/\/candas365.es\/noticias\/wp-content\/uploads\/2020\/08\/old-books-436498_640.jpg","og:image:secure_url":"https:\/\/candas365.es\/noticias\/wp-content\/uploads\/2020\/08\/old-books-436498_640.jpg","og:image:width":640,"og:image:height":426,"article:published_time":"2021-04-20T00:45:47+00:00","article:modified_time":"2021-04-25T00:46:46+00:00","article:publisher":"https:\/\/www.facebook.com\/Nachofdezber","article:author":"https:\/\/www.facebook.com\/carrenoactualidad","twitter:card":"summary_large_image","twitter:site":"@NabercoDigital","twitter:title":"D\u00eda del Libro 2021 en Carre\u00f1o | Cand\u00e1s 365","twitter:description":"Un a\u00f1o m\u00e1s, con motivo del D\u00eda del Libro, queremos poner de una manera muy especial la atenci\u00f3n y nuestros ojos en los libros. Lo hacemos sabiendo que, al cerrar un libro, los ojos del lector y la lectora quedan dentro de \u00e9l; que leer es algo as\u00ed como tener vacaciones en la cabeza. El","twitter:creator":"@nbasturias","twitter:image":"https:\/\/candas365.es\/noticias\/wp-content\/uploads\/2020\/08\/old-books-436498_640.jpg","twitter:label1":"Escrito por","twitter:data1":"Cand\u00e1s 365","twitter:label2":"Tiempo de lectura estimado","twitter:data2":"3 minutos"},"aioseo_meta_data":{"post_id":"153919","title":null,"description":null,"keywords":[],"keyphrases":{"focus":[],"additional":[]},"primary_term":null,"canonical_url":null,"og_title":null,"og_description":null,"og_object_type":"default","og_image_type":"default","og_image_url":null,"og_image_width":null,"og_image_height":null,"og_image_custom_url":null,"og_image_custom_fields":null,"og_video":"","og_custom_url":null,"og_article_section":null,"og_article_tags":[],"twitter_use_og":false,"twitter_card":"default","twitter_image_type":"default","twitter_image_url":null,"twitter_image_custom_url":null,"twitter_image_custom_fields":null,"twitter_title":null,"twitter_description":null,"schema":{"blockGraphs":[],"customGraphs":[],"default":{"data":{"Article":[],"Course":[],"Dataset":[],"FAQPage":[],"Movie":[],"Person":[],"Product":[],"ProductReview":[],"Car":[],"Recipe":[],"Service":[],"SoftwareApplication":[],"WebPage":[]},"graphName":"","isEnabled":true},"graphs":[],"defaultGraph":"Article","defaultPostTypeGraph":""},"schema_type":"default","schema_type_options":"{\"article\":{\"articleType\":\"BlogPosting\"},\"course\":{\"name\":\"\",\"description\":\"\",\"provider\":\"\"},\"faq\":{\"pages\":[]},\"product\":{\"reviews\":[]},\"recipe\":{\"ingredients\":[],\"instructions\":[],\"keywords\":[]},\"software\":{\"reviews\":[],\"operatingSystems\":[]},\"webPage\":{\"webPageType\":\"WebPage\"}}","pillar_content":false,"robots_default":true,"robots_noindex":false,"robots_noarchive":false,"robots_nosnippet":false,"robots_nofollow":false,"robots_noimageindex":false,"robots_noodp":false,"robots_notranslate":false,"robots_max_snippet":"-1","robots_max_videopreview":"-1","robots_max_imagepreview":"large","priority":null,"frequency":"default","location":null,"local_seo":{"locations":{"business":{"name":"","businessType":"","image":"","areaServed":"","urls":{"website":"","aboutPage":"","contactPage":""},"address":{"streetLine1":"","streetLine2":"","zipCode":"","city":"","state":"","country":"","addressFormat":"#streetLineOne\n#streetLineTwo\n#city, #state #zipCode"},"contact":{"phone":"","email":"","fax":""},"ids":{"vat":"","tax":"","chamberOfCommerce":""},"payment":{"priceRange":"","currenciesAccepted":"","methods":""}}},"openingHours":{"useDefaults":true,"show":true,"alwaysOpen":false,"use24hFormat":false,"timezone":"","labels":{"closed":"","alwaysOpen":""},"days":{"monday":{"open24h":false,"closed":false,"openTime":"09:00","closeTime":"17:00"},"tuesday":{"open24h":false,"closed":false,"openTime":"09:00","closeTime":"17:00"},"wednesday":{"open24h":false,"closed":false,"openTime":"09:00","closeTime":"17:00"},"thursday":{"open24h":false,"closed":false,"openTime":"09:00","closeTime":"17:00"},"friday":{"open24h":false,"closed":false,"openTime":"09:00","closeTime":"17:00"},"saturday":{"open24h":false,"closed":false,"openTime":"09:00","closeTime":"17:00"},"sunday":{"open24h":false,"closed":false,"openTime":"09:00","closeTime":"17:00"}}}},"seo_analyzer_scan_date":"2025-08-31 20:12:58","breadcrumb_settings":null,"limit_modified_date":false,"reviewed_by":null,"open_ai":null,"ai":null,"created":"2021-04-25 00:45:48","updated":"2025-08-31 20:12:58"},"aioseo_breadcrumb":"<div class=\"aioseo-breadcrumbs\"><span class=\"aioseo-breadcrumb\">\n\t<a href=\"https:\/\/candas365.es\/noticias\" title=\"Home\">Home<\/a>\n<\/span><span class=\"aioseo-breadcrumb-separator\">&ndash;<\/span><span class=\"aioseo-breadcrumb\">\n\t<a href=\"https:\/\/candas365.es\/noticias\/category\/noticias-carreno\/\" title=\"Noticias Carre\u00f1o\">Noticias Carre\u00f1o<\/a>\n<\/span><span class=\"aioseo-breadcrumb-separator\">&ndash;<\/span><span class=\"aioseo-breadcrumb\">\n\tD\u00eda del Libro 2021 en Carre\u00f1o\n<\/span><\/div>","aioseo_breadcrumb_json":[{"label":"Home","link":"https:\/\/candas365.es\/noticias"},{"label":"Noticias Carre\u00f1o","link":"https:\/\/candas365.es\/noticias\/category\/noticias-carreno\/"},{"label":"D\u00eda del Libro 2021 en Carre\u00f1o","link":"https:\/\/candas365.es\/noticias\/dia-del-libro-2021-en-carreno\/"}],"_links":{"self":[{"href":"https:\/\/candas365.es\/noticias\/wp-json\/wp\/v2\/posts\/153919","targetHints":{"allow":["GET"]}}],"collection":[{"href":"https:\/\/candas365.es\/noticias\/wp-json\/wp\/v2\/posts"}],"about":[{"href":"https:\/\/candas365.es\/noticias\/wp-json\/wp\/v2\/types\/post"}],"author":[{"embeddable":true,"href":"https:\/\/candas365.es\/noticias\/wp-json\/wp\/v2\/users\/1"}],"replies":[{"embeddable":true,"href":"https:\/\/candas365.es\/noticias\/wp-json\/wp\/v2\/comments?post=153919"}],"version-history":[{"count":0,"href":"https:\/\/candas365.es\/noticias\/wp-json\/wp\/v2\/posts\/153919\/revisions"}],"wp:featuredmedia":[{"embeddable":true,"href":"https:\/\/candas365.es\/noticias\/wp-json\/wp\/v2\/media\/146425"}],"wp:attachment":[{"href":"https:\/\/candas365.es\/noticias\/wp-json\/wp\/v2\/media?parent=153919"}],"wp:term":[{"taxonomy":"category","embeddable":true,"href":"https:\/\/candas365.es\/noticias\/wp-json\/wp\/v2\/categories?post=153919"},{"taxonomy":"post_tag","embeddable":true,"href":"https:\/\/candas365.es\/noticias\/wp-json\/wp\/v2\/tags?post=153919"}],"curies":[{"name":"wp","href":"https:\/\/api.w.org\/{rel}","templated":true}]}}