{"id":153901,"date":"2021-04-25T00:27:47","date_gmt":"2021-04-25T00:27:47","guid":{"rendered":"http:\/\/candas365.es\/noticias\/?p=153901"},"modified":"2021-04-25T00:27:47","modified_gmt":"2021-04-25T00:27:47","slug":"el-nuevo-proyecto-musical-de-pipo-prendes","status":"publish","type":"post","link":"https:\/\/candas365.es\/noticias\/el-nuevo-proyecto-musical-de-pipo-prendes\/","title":{"rendered":"El nuevo proyecto musical de Pipo Prendes"},"content":{"rendered":"<figure id=\"attachment_153902\" aria-describedby=\"caption-attachment-153902\" style=\"width: 262px\" class=\"wp-caption alignleft\"><img fetchpriority=\"high\" decoding=\"async\" class=\"size-medium wp-image-153902\" src=\"https:\/\/candas365.es\/noticias\/wp-content\/uploads\/2021\/04\/thumbnail_image005-262x300.jpg\" alt=\"\" width=\"262\" height=\"300\" srcset=\"https:\/\/candas365.es\/noticias\/wp-content\/uploads\/2021\/04\/thumbnail_image005-262x300.jpg 262w, https:\/\/candas365.es\/noticias\/wp-content\/uploads\/2021\/04\/thumbnail_image005-419x480.jpg 419w, https:\/\/candas365.es\/noticias\/wp-content\/uploads\/2021\/04\/thumbnail_image005.jpg 758w\" sizes=\"(max-width: 262px) 100vw, 262px\" \/><figcaption id=\"caption-attachment-153902\" class=\"wp-caption-text\">FOTO: AYUNTAMIENTO DE CARRE\u00d1O<\/figcaption><\/figure>\n<p>El Ayuntamiento de Carre\u00f1o ha informado que la Escuela Municipal de M\u00fasica \u201cMiguel Barrosa\u201d ha participado en el nuevo proyecto del m\u00fasico local, el pasado, 12 de Abril, el coro de la Escuela colabor\u00f3 en la grabaci\u00f3n de dos canciones.<\/p>\n<p>En el pr\u00f3ximo trabajo discogr\u00e1fico Pipo Prendes cuenta con m\u00fasicos de la talla de Fernando P\u00e9rez Vega y Jos\u00e9 Luis Iglesias.<\/p>\n<p>Un total de 19 ni\u00f1os y ni\u00f1as, con edades comprendidas entre los 8 y los 12 a\u00f1os, se desplazaron a los estudios de grabaci\u00f3n TUTU en Corvera acompa\u00f1ados de sus dos profesores, Elena Rosso, profesora de piano y directora coral y David Colado, director de la Escuela de M\u00fasica y del coro, \u00e9ste \u00faltimo se\u00f1al\u00f3 \u201cesta grabaci\u00f3n ha sido una gran experiencia, tanto musical como personal, para nuestro alumnado\u201d.<\/p>\n<p>\u201cEsto es as\u00ed porque el registro sonoro se realiz\u00f3 de forma presencial en un estudio profesional de grabaci\u00f3n. La experiencia implic\u00f3 para nuestro alumnado un plus de ilusi\u00f3n y emoci\u00f3n. Fue su primera vez en un estudio de grabaci\u00f3n. Los 19 chicos y chicas que participaron en la grabaci\u00f3n lo hicieron en grupos de 4 personas con una mezcla de nervios, ilusi\u00f3n renovada y una gran profesionalidad para su corta edad\u201d prosigui\u00f3 Colado.<\/p>\n<p>En el estudio el m\u00fasico candas\u00edn &#8211; a la finalizaci\u00f3n de la grabaci\u00f3n- les dedic\u00f3 estas palabras de agradecimiento \u201cQu\u00e9 maravilla, con esta \u201cjuventud\u201d de la Escuela Municipal de M\u00fasica Miguel Barrosa, de Cand\u00e1s, en los Estudios de Grabaci\u00f3n TUTU, en Corvera. Ellos s\u00ed que \u201ccontagian\u201d energ\u00eda y ganas de vivir. Haciendo m\u00fasica, en un proyecto que ver\u00e1 la luz muy pronto. Gracias a los chicos y las chicas, al director de la Escuela, David Colado y al equipo docente. Todo un lujo trabajar con la Escuela Municipal. Muy pronto disfrutaremos de los resultados. \u00a1 Viva la m\u00fasica y la ilusi\u00f3n!. Con las dos construiremos un mundo mejor. \u00a1Claro que s\u00ed!\u201d.<\/p>\n<p>Como primicia, se puede adelantar que, uno de los temas va a gustar mucho al vecindario de Cand\u00e1s pues est\u00e1 inspirado en un lugar muy emblem\u00e1tico de la villa. La sorpresa, el t\u00edtulo de las canciones y el proyecto en el que est\u00e1 trabajando Pipo Prendes en colaboraci\u00f3n con el Coro de la Escuela de M\u00fasica \u201cMiguel Barrosa\u201d se desvelar\u00e1 muy pronto.<\/p>\n<p>&nbsp;<\/p>\n<p>&nbsp;<\/p>\n","protected":false},"excerpt":{"rendered":"<p>El Ayuntamiento de Carre\u00f1o ha informado que la Escuela Municipal de M\u00fasica \u201cMiguel Barrosa\u201d ha participado en el nuevo proyecto del m\u00fasico local, el pasado, 12 de Abril, el coro de la Escuela colabor\u00f3 en la grabaci\u00f3n de dos canciones. En el pr\u00f3ximo trabajo discogr\u00e1fico Pipo Prendes cuenta con m\u00fasicos de la talla de Fernando<\/p>\n","protected":false},"author":1,"featured_media":153902,"comment_status":"closed","ping_status":"closed","sticky":false,"template":"","format":"standard","meta":{"footnotes":""},"categories":[2],"tags":[],"class_list":{"0":"post-153901","1":"post","2":"type-post","3":"status-publish","4":"format-standard","5":"has-post-thumbnail","7":"category-noticias-carreno"},"aioseo_notices":[],"aioseo_head":"\n\t\t<!-- All in One SEO Pro 4.9.6.2 - aioseo.com -->\n\t<meta name=\"description\" content=\"En el pr\u00f3ximo trabajo discogr\u00e1fico Pipo Prendes cuenta con m\u00fasicos de la talla de Fernando P\u00e9rez Vega y Jos\u00e9 Luis Iglesias ..\" \/>\n\t<meta name=\"robots\" content=\"max-image-preview:large\" \/>\n\t<meta name=\"author\" content=\"Cand\u00e1s 365\"\/>\n\t<meta name=\"google-site-verification\" content=\"UA-32230408-1\" \/>\n\t<meta name=\"msvalidate.01\" content=\"354F3CDFB2DA171B47FBE9ABF1F88D5\" \/>\n\t<meta name=\"keywords\" content=\"noticias carre\u00f1o\" \/>\n\t<link rel=\"canonical\" href=\"https:\/\/candas365.es\/noticias\/el-nuevo-proyecto-musical-de-pipo-prendes\/\" \/>\n\t<meta name=\"generator\" content=\"All in One SEO Pro (AIOSEO) 4.9.6.2\" \/>\n\t\t<meta property=\"og:locale\" content=\"es_ES\" \/>\n\t\t<meta property=\"og:site_name\" content=\"Cand\u00e1s 365\" \/>\n\t\t<meta property=\"og:type\" content=\"article\" \/>\n\t\t<meta property=\"og:title\" content=\"El nuevo proyecto musical de Pipo Prendes | Cand\u00e1s 365\" \/>\n\t\t<meta property=\"og:description\" content=\"En el pr\u00f3ximo trabajo discogr\u00e1fico Pipo Prendes cuenta con m\u00fasicos de la talla de Fernando P\u00e9rez Vega y Jos\u00e9 Luis Iglesias ..\" \/>\n\t\t<meta property=\"og:url\" content=\"https:\/\/candas365.es\/noticias\/el-nuevo-proyecto-musical-de-pipo-prendes\/\" \/>\n\t\t<meta property=\"og:image\" content=\"https:\/\/candas365.es\/noticias\/wp-content\/uploads\/2021\/04\/thumbnail_image005.jpg\" \/>\n\t\t<meta property=\"og:image:secure_url\" content=\"https:\/\/candas365.es\/noticias\/wp-content\/uploads\/2021\/04\/thumbnail_image005.jpg\" \/>\n\t\t<meta property=\"og:image:width\" content=\"758\" \/>\n\t\t<meta property=\"og:image:height\" content=\"869\" \/>\n\t\t<meta property=\"article:published_time\" content=\"2021-04-25T00:27:47+00:00\" \/>\n\t\t<meta property=\"article:modified_time\" content=\"2021-04-25T00:27:47+00:00\" \/>\n\t\t<meta property=\"article:publisher\" content=\"https:\/\/www.facebook.com\/Nachofdezber\" \/>\n\t\t<meta property=\"article:author\" content=\"https:\/\/www.facebook.com\/carrenoactualidad\" \/>\n\t\t<meta name=\"twitter:card\" content=\"summary_large_image\" \/>\n\t\t<meta name=\"twitter:site\" content=\"@NabercoDigital\" \/>\n\t\t<meta name=\"twitter:title\" content=\"El nuevo proyecto musical de Pipo Prendes | Cand\u00e1s 365\" \/>\n\t\t<meta name=\"twitter:description\" content=\"En el pr\u00f3ximo trabajo discogr\u00e1fico Pipo Prendes cuenta con m\u00fasicos de la talla de Fernando P\u00e9rez Vega y Jos\u00e9 Luis Iglesias ..\" \/>\n\t\t<meta name=\"twitter:creator\" content=\"@nbasturias\" \/>\n\t\t<meta name=\"twitter:image\" content=\"https:\/\/candas365.es\/noticias\/wp-content\/uploads\/2021\/04\/thumbnail_image005.jpg\" \/>\n\t\t<meta name=\"twitter:label1\" content=\"Escrito por\" \/>\n\t\t<meta name=\"twitter:data1\" content=\"Cand\u00e1s 365\" \/>\n\t\t<meta name=\"twitter:label2\" content=\"Tiempo de lectura estimado\" \/>\n\t\t<meta name=\"twitter:data2\" content=\"2 minutos\" \/>\n\t\t<script type=\"application\/ld+json\" class=\"aioseo-schema\">\n\t\t\t{\"@context\":\"https:\\\/\\\/schema.org\",\"@graph\":[{\"@type\":\"BreadcrumbList\",\"@id\":\"https:\\\/\\\/candas365.es\\\/noticias\\\/el-nuevo-proyecto-musical-de-pipo-prendes\\\/#breadcrumblist\",\"itemListElement\":[{\"@type\":\"ListItem\",\"@id\":\"https:\\\/\\\/candas365.es\\\/noticias#listItem\",\"position\":1,\"name\":\"Home\",\"item\":\"https:\\\/\\\/candas365.es\\\/noticias\",\"nextItem\":{\"@type\":\"ListItem\",\"@id\":\"https:\\\/\\\/candas365.es\\\/noticias\\\/category\\\/noticias-carreno\\\/#listItem\",\"name\":\"Noticias Carre\\u00f1o\"}},{\"@type\":\"ListItem\",\"@id\":\"https:\\\/\\\/candas365.es\\\/noticias\\\/category\\\/noticias-carreno\\\/#listItem\",\"position\":2,\"name\":\"Noticias Carre\\u00f1o\",\"item\":\"https:\\\/\\\/candas365.es\\\/noticias\\\/category\\\/noticias-carreno\\\/\",\"nextItem\":{\"@type\":\"ListItem\",\"@id\":\"https:\\\/\\\/candas365.es\\\/noticias\\\/el-nuevo-proyecto-musical-de-pipo-prendes\\\/#listItem\",\"name\":\"El nuevo proyecto musical de Pipo Prendes\"},\"previousItem\":{\"@type\":\"ListItem\",\"@id\":\"https:\\\/\\\/candas365.es\\\/noticias#listItem\",\"name\":\"Home\"}},{\"@type\":\"ListItem\",\"@id\":\"https:\\\/\\\/candas365.es\\\/noticias\\\/el-nuevo-proyecto-musical-de-pipo-prendes\\\/#listItem\",\"position\":3,\"name\":\"El nuevo proyecto musical de Pipo Prendes\",\"previousItem\":{\"@type\":\"ListItem\",\"@id\":\"https:\\\/\\\/candas365.es\\\/noticias\\\/category\\\/noticias-carreno\\\/#listItem\",\"name\":\"Noticias Carre\\u00f1o\"}}]},{\"@type\":\"NewsArticle\",\"@id\":\"https:\\\/\\\/candas365.es\\\/noticias\\\/el-nuevo-proyecto-musical-de-pipo-prendes\\\/#newsarticle\",\"name\":\"El nuevo proyecto musical de Pipo Prendes | Cand\\u00e1s 365\",\"headline\":\"El nuevo proyecto musical de Pipo Prendes\",\"author\":{\"@id\":\"https:\\\/\\\/candas365.es\\\/noticias\\\/author\\\/admin\\\/#author\"},\"publisher\":{\"@id\":\"https:\\\/\\\/candas365.es\\\/noticias\\\/#organization\"},\"image\":{\"@type\":\"ImageObject\",\"url\":\"https:\\\/\\\/candas365.es\\\/noticias\\\/wp-content\\\/uploads\\\/2021\\\/04\\\/thumbnail_image005.jpg\",\"width\":758,\"height\":869,\"caption\":\"FOTO: AYUNTAMIENTO DE CARRE\\u00d1O\"},\"datePublished\":\"2021-04-25T00:27:47+02:00\",\"dateModified\":\"2021-04-25T00:27:47+02:00\",\"inLanguage\":\"es-ES\",\"mainEntityOfPage\":{\"@id\":\"https:\\\/\\\/candas365.es\\\/noticias\\\/el-nuevo-proyecto-musical-de-pipo-prendes\\\/#webpage\"},\"isPartOf\":{\"@id\":\"https:\\\/\\\/candas365.es\\\/noticias\\\/el-nuevo-proyecto-musical-de-pipo-prendes\\\/#webpage\"},\"articleSection\":\"Noticias Carre\\u00f1o\",\"dateline\":\"Publicado el abril 25, 2021.\"},{\"@type\":\"Organization\",\"@id\":\"https:\\\/\\\/candas365.es\\\/noticias\\\/#organization\",\"name\":\"Cand\\u00e1s 365\",\"description\":\"Cand\\u00e1s 365 es un diario digital independiente, fundado en 2012, con base en Asturias. Informamos con rigor sobre actualidad, sociedad, cultura y ocio, con una mirada local y global.\",\"url\":\"https:\\\/\\\/candas365.es\\\/noticias\\\/\",\"email\":\"info@candas365.es\",\"telephone\":\"+34652131393\",\"foundingDate\":\"2012-06-10\",\"logo\":{\"@type\":\"ImageObject\",\"url\":\"https:\\\/\\\/candas365.es\\\/noticias\\\/wp-content\\\/uploads\\\/2024\\\/09\\\/Candas-365-Redes.jpg\",\"@id\":\"https:\\\/\\\/candas365.es\\\/noticias\\\/el-nuevo-proyecto-musical-de-pipo-prendes\\\/#organizationLogo\",\"width\":1152,\"height\":864,\"caption\":\"Cand\\u00e1s 365 Redes\"},\"image\":{\"@id\":\"https:\\\/\\\/candas365.es\\\/noticias\\\/el-nuevo-proyecto-musical-de-pipo-prendes\\\/#organizationLogo\"},\"sameAs\":[\"https:\\\/\\\/www.facebook.com\\\/Nachofdezber\",\"https:\\\/\\\/x.com\\\/NabercoDigital\",\"https:\\\/\\\/www.instagram.com\\\/nachofdezber\\\/\",\"https:\\\/\\\/www.youtube.com\\\/channel\\\/UCZP-2wLEB9Rv6erhFmqVnvg\"],\"address\":{\"@id\":\"https:\\\/\\\/candas365.es\\\/noticias\\\/#postaladdress\",\"@type\":\"PostalAddress\",\"streetAddress\":\"san antonio 4, san antonio 4\",\"postalCode\":\"33430\",\"addressLocality\":\"Cand\\u00e1s\",\"addressRegion\":\"Asturias\",\"addressCountry\":\"ES\"}},{\"@type\":\"Person\",\"@id\":\"https:\\\/\\\/candas365.es\\\/noticias\\\/author\\\/admin\\\/#author\",\"url\":\"https:\\\/\\\/candas365.es\\\/noticias\\\/author\\\/admin\\\/\",\"name\":\"Cand\\u00e1s 365\",\"image\":{\"@type\":\"ImageObject\",\"@id\":\"https:\\\/\\\/candas365.es\\\/noticias\\\/el-nuevo-proyecto-musical-de-pipo-prendes\\\/#authorImage\",\"url\":\"https:\\\/\\\/secure.gravatar.com\\\/avatar\\\/496a8e03d0c493ede1718b7934145dbdf8d89be1036b0eec9544e1094c9de390?s=96&d=mm&r=g\",\"width\":96,\"height\":96,\"caption\":\"Cand\\u00e1s 365\"},\"sameAs\":[\"https:\\\/\\\/www.facebook.com\\\/carrenoactualidad\",\"https:\\\/\\\/twitter.com\\\/nbasturias\",\"https:\\\/\\\/www.instagram.com\\\/nachofdezber\\\/\",\"https:\\\/\\\/www.youtube.com\\\/channel\\\/UCZP-2wLEB9Rv6erhFmqVnvg\"]},{\"@type\":\"WebPage\",\"@id\":\"https:\\\/\\\/candas365.es\\\/noticias\\\/el-nuevo-proyecto-musical-de-pipo-prendes\\\/#webpage\",\"url\":\"https:\\\/\\\/candas365.es\\\/noticias\\\/el-nuevo-proyecto-musical-de-pipo-prendes\\\/\",\"name\":\"El nuevo proyecto musical de Pipo Prendes | Cand\\u00e1s 365\",\"description\":\"En el pr\\u00f3ximo trabajo discogr\\u00e1fico Pipo Prendes cuenta con m\\u00fasicos de la talla de Fernando P\\u00e9rez Vega y Jos\\u00e9 Luis Iglesias ..\",\"inLanguage\":\"es-ES\",\"isPartOf\":{\"@id\":\"https:\\\/\\\/candas365.es\\\/noticias\\\/#website\"},\"breadcrumb\":{\"@id\":\"https:\\\/\\\/candas365.es\\\/noticias\\\/el-nuevo-proyecto-musical-de-pipo-prendes\\\/#breadcrumblist\"},\"author\":{\"@id\":\"https:\\\/\\\/candas365.es\\\/noticias\\\/author\\\/admin\\\/#author\"},\"creator\":{\"@id\":\"https:\\\/\\\/candas365.es\\\/noticias\\\/author\\\/admin\\\/#author\"},\"image\":{\"@type\":\"ImageObject\",\"url\":\"https:\\\/\\\/candas365.es\\\/noticias\\\/wp-content\\\/uploads\\\/2021\\\/04\\\/thumbnail_image005.jpg\",\"@id\":\"https:\\\/\\\/candas365.es\\\/noticias\\\/el-nuevo-proyecto-musical-de-pipo-prendes\\\/#mainImage\",\"width\":758,\"height\":869,\"caption\":\"FOTO: AYUNTAMIENTO DE CARRE\\u00d1O\"},\"primaryImageOfPage\":{\"@id\":\"https:\\\/\\\/candas365.es\\\/noticias\\\/el-nuevo-proyecto-musical-de-pipo-prendes\\\/#mainImage\"},\"datePublished\":\"2021-04-25T00:27:47+02:00\",\"dateModified\":\"2021-04-25T00:27:47+02:00\"},{\"@type\":\"WebSite\",\"@id\":\"https:\\\/\\\/candas365.es\\\/noticias\\\/#website\",\"url\":\"https:\\\/\\\/candas365.es\\\/noticias\\\/\",\"name\":\"Cand\\u00e1s 365\",\"alternateName\":\"Cand\\u00e1s 365 Noticias\",\"description\":\"Actualidad desde Carre\\u00f1o para el mundo\",\"inLanguage\":\"es-ES\",\"publisher\":{\"@id\":\"https:\\\/\\\/candas365.es\\\/noticias\\\/#organization\"}}]}\n\t\t<\/script>\n\t\t<!-- All in One SEO Pro -->\r\n\t\t<title>El nuevo proyecto musical de Pipo Prendes | Cand\u00e1s 365<\/title>\n\n","aioseo_head_json":{"title":"El nuevo proyecto musical de Pipo Prendes | Cand\u00e1s 365","description":"En el pr\u00f3ximo trabajo discogr\u00e1fico Pipo Prendes cuenta con m\u00fasicos de la talla de Fernando P\u00e9rez Vega y Jos\u00e9 Luis Iglesias ..","canonical_url":"https:\/\/candas365.es\/noticias\/el-nuevo-proyecto-musical-de-pipo-prendes\/","robots":"max-image-preview:large","keywords":"noticias carre\u00f1o","webmasterTools":{"google-site-verification":"UA-32230408-1","msvalidate.01":"354F3CDFB2DA171B47FBE9ABF1F88D5","miscellaneous":""},"schema":{"@context":"https:\/\/schema.org","@graph":[{"@type":"BreadcrumbList","@id":"https:\/\/candas365.es\/noticias\/el-nuevo-proyecto-musical-de-pipo-prendes\/#breadcrumblist","itemListElement":[{"@type":"ListItem","@id":"https:\/\/candas365.es\/noticias#listItem","position":1,"name":"Home","item":"https:\/\/candas365.es\/noticias","nextItem":{"@type":"ListItem","@id":"https:\/\/candas365.es\/noticias\/category\/noticias-carreno\/#listItem","name":"Noticias Carre\u00f1o"}},{"@type":"ListItem","@id":"https:\/\/candas365.es\/noticias\/category\/noticias-carreno\/#listItem","position":2,"name":"Noticias Carre\u00f1o","item":"https:\/\/candas365.es\/noticias\/category\/noticias-carreno\/","nextItem":{"@type":"ListItem","@id":"https:\/\/candas365.es\/noticias\/el-nuevo-proyecto-musical-de-pipo-prendes\/#listItem","name":"El nuevo proyecto musical de Pipo Prendes"},"previousItem":{"@type":"ListItem","@id":"https:\/\/candas365.es\/noticias#listItem","name":"Home"}},{"@type":"ListItem","@id":"https:\/\/candas365.es\/noticias\/el-nuevo-proyecto-musical-de-pipo-prendes\/#listItem","position":3,"name":"El nuevo proyecto musical de Pipo Prendes","previousItem":{"@type":"ListItem","@id":"https:\/\/candas365.es\/noticias\/category\/noticias-carreno\/#listItem","name":"Noticias Carre\u00f1o"}}]},{"@type":"NewsArticle","@id":"https:\/\/candas365.es\/noticias\/el-nuevo-proyecto-musical-de-pipo-prendes\/#newsarticle","name":"El nuevo proyecto musical de Pipo Prendes | Cand\u00e1s 365","headline":"El nuevo proyecto musical de Pipo Prendes","author":{"@id":"https:\/\/candas365.es\/noticias\/author\/admin\/#author"},"publisher":{"@id":"https:\/\/candas365.es\/noticias\/#organization"},"image":{"@type":"ImageObject","url":"https:\/\/candas365.es\/noticias\/wp-content\/uploads\/2021\/04\/thumbnail_image005.jpg","width":758,"height":869,"caption":"FOTO: AYUNTAMIENTO DE CARRE\u00d1O"},"datePublished":"2021-04-25T00:27:47+02:00","dateModified":"2021-04-25T00:27:47+02:00","inLanguage":"es-ES","mainEntityOfPage":{"@id":"https:\/\/candas365.es\/noticias\/el-nuevo-proyecto-musical-de-pipo-prendes\/#webpage"},"isPartOf":{"@id":"https:\/\/candas365.es\/noticias\/el-nuevo-proyecto-musical-de-pipo-prendes\/#webpage"},"articleSection":"Noticias Carre\u00f1o","dateline":"Publicado el abril 25, 2021."},{"@type":"Organization","@id":"https:\/\/candas365.es\/noticias\/#organization","name":"Cand\u00e1s 365","description":"Cand\u00e1s 365 es un diario digital independiente, fundado en 2012, con base en Asturias. Informamos con rigor sobre actualidad, sociedad, cultura y ocio, con una mirada local y global.","url":"https:\/\/candas365.es\/noticias\/","email":"info@candas365.es","telephone":"+34652131393","foundingDate":"2012-06-10","logo":{"@type":"ImageObject","url":"https:\/\/candas365.es\/noticias\/wp-content\/uploads\/2024\/09\/Candas-365-Redes.jpg","@id":"https:\/\/candas365.es\/noticias\/el-nuevo-proyecto-musical-de-pipo-prendes\/#organizationLogo","width":1152,"height":864,"caption":"Cand\u00e1s 365 Redes"},"image":{"@id":"https:\/\/candas365.es\/noticias\/el-nuevo-proyecto-musical-de-pipo-prendes\/#organizationLogo"},"sameAs":["https:\/\/www.facebook.com\/Nachofdezber","https:\/\/x.com\/NabercoDigital","https:\/\/www.instagram.com\/nachofdezber\/","https:\/\/www.youtube.com\/channel\/UCZP-2wLEB9Rv6erhFmqVnvg"],"address":{"@id":"https:\/\/candas365.es\/noticias\/#postaladdress","@type":"PostalAddress","streetAddress":"san antonio 4, san antonio 4","postalCode":"33430","addressLocality":"Cand\u00e1s","addressRegion":"Asturias","addressCountry":"ES"}},{"@type":"Person","@id":"https:\/\/candas365.es\/noticias\/author\/admin\/#author","url":"https:\/\/candas365.es\/noticias\/author\/admin\/","name":"Cand\u00e1s 365","image":{"@type":"ImageObject","@id":"https:\/\/candas365.es\/noticias\/el-nuevo-proyecto-musical-de-pipo-prendes\/#authorImage","url":"https:\/\/secure.gravatar.com\/avatar\/496a8e03d0c493ede1718b7934145dbdf8d89be1036b0eec9544e1094c9de390?s=96&d=mm&r=g","width":96,"height":96,"caption":"Cand\u00e1s 365"},"sameAs":["https:\/\/www.facebook.com\/carrenoactualidad","https:\/\/twitter.com\/nbasturias","https:\/\/www.instagram.com\/nachofdezber\/","https:\/\/www.youtube.com\/channel\/UCZP-2wLEB9Rv6erhFmqVnvg"]},{"@type":"WebPage","@id":"https:\/\/candas365.es\/noticias\/el-nuevo-proyecto-musical-de-pipo-prendes\/#webpage","url":"https:\/\/candas365.es\/noticias\/el-nuevo-proyecto-musical-de-pipo-prendes\/","name":"El nuevo proyecto musical de Pipo Prendes | Cand\u00e1s 365","description":"En el pr\u00f3ximo trabajo discogr\u00e1fico Pipo Prendes cuenta con m\u00fasicos de la talla de Fernando P\u00e9rez Vega y Jos\u00e9 Luis Iglesias ..","inLanguage":"es-ES","isPartOf":{"@id":"https:\/\/candas365.es\/noticias\/#website"},"breadcrumb":{"@id":"https:\/\/candas365.es\/noticias\/el-nuevo-proyecto-musical-de-pipo-prendes\/#breadcrumblist"},"author":{"@id":"https:\/\/candas365.es\/noticias\/author\/admin\/#author"},"creator":{"@id":"https:\/\/candas365.es\/noticias\/author\/admin\/#author"},"image":{"@type":"ImageObject","url":"https:\/\/candas365.es\/noticias\/wp-content\/uploads\/2021\/04\/thumbnail_image005.jpg","@id":"https:\/\/candas365.es\/noticias\/el-nuevo-proyecto-musical-de-pipo-prendes\/#mainImage","width":758,"height":869,"caption":"FOTO: AYUNTAMIENTO DE CARRE\u00d1O"},"primaryImageOfPage":{"@id":"https:\/\/candas365.es\/noticias\/el-nuevo-proyecto-musical-de-pipo-prendes\/#mainImage"},"datePublished":"2021-04-25T00:27:47+02:00","dateModified":"2021-04-25T00:27:47+02:00"},{"@type":"WebSite","@id":"https:\/\/candas365.es\/noticias\/#website","url":"https:\/\/candas365.es\/noticias\/","name":"Cand\u00e1s 365","alternateName":"Cand\u00e1s 365 Noticias","description":"Actualidad desde Carre\u00f1o para el mundo","inLanguage":"es-ES","publisher":{"@id":"https:\/\/candas365.es\/noticias\/#organization"}}]},"og:locale":"es_ES","og:site_name":"Cand\u00e1s 365","og:type":"article","og:title":"El nuevo proyecto musical de Pipo Prendes | Cand\u00e1s 365","og:description":"En el pr\u00f3ximo trabajo discogr\u00e1fico Pipo Prendes cuenta con m\u00fasicos de la talla de Fernando P\u00e9rez Vega y Jos\u00e9 Luis Iglesias ..","og:url":"https:\/\/candas365.es\/noticias\/el-nuevo-proyecto-musical-de-pipo-prendes\/","og:image":"https:\/\/candas365.es\/noticias\/wp-content\/uploads\/2021\/04\/thumbnail_image005.jpg","og:image:secure_url":"https:\/\/candas365.es\/noticias\/wp-content\/uploads\/2021\/04\/thumbnail_image005.jpg","og:image:width":758,"og:image:height":869,"article:published_time":"2021-04-25T00:27:47+00:00","article:modified_time":"2021-04-25T00:27:47+00:00","article:publisher":"https:\/\/www.facebook.com\/Nachofdezber","article:author":"https:\/\/www.facebook.com\/carrenoactualidad","twitter:card":"summary_large_image","twitter:site":"@NabercoDigital","twitter:title":"El nuevo proyecto musical de Pipo Prendes | Cand\u00e1s 365","twitter:description":"En el pr\u00f3ximo trabajo discogr\u00e1fico Pipo Prendes cuenta con m\u00fasicos de la talla de Fernando P\u00e9rez Vega y Jos\u00e9 Luis Iglesias ..","twitter:creator":"@nbasturias","twitter:image":"https:\/\/candas365.es\/noticias\/wp-content\/uploads\/2021\/04\/thumbnail_image005.jpg","twitter:label1":"Escrito por","twitter:data1":"Cand\u00e1s 365","twitter:label2":"Tiempo de lectura estimado","twitter:data2":"2 minutos"},"aioseo_meta_data":{"post_id":"153901","title":null,"description":"En el pr\u00f3ximo trabajo discogr\u00e1fico Pipo Prendes cuenta con m\u00fasicos de la talla de Fernando P\u00e9rez Vega y Jos\u00e9 Luis Iglesias ..","keywords":[],"keyphrases":{"focus":[],"additional":[]},"primary_term":null,"canonical_url":null,"og_title":null,"og_description":null,"og_object_type":"default","og_image_type":"default","og_image_url":null,"og_image_width":null,"og_image_height":null,"og_image_custom_url":null,"og_image_custom_fields":null,"og_video":"","og_custom_url":null,"og_article_section":null,"og_article_tags":[],"twitter_use_og":false,"twitter_card":"default","twitter_image_type":"default","twitter_image_url":null,"twitter_image_custom_url":null,"twitter_image_custom_fields":null,"twitter_title":null,"twitter_description":null,"schema":{"blockGraphs":[],"customGraphs":[],"default":{"data":{"Article":[],"Course":[],"Dataset":[],"FAQPage":[],"Movie":[],"Person":[],"Product":[],"ProductReview":[],"Car":[],"Recipe":[],"Service":[],"SoftwareApplication":[],"WebPage":[]},"graphName":"","isEnabled":true},"graphs":[],"defaultGraph":"Article","defaultPostTypeGraph":""},"schema_type":"default","schema_type_options":"{\"article\":{\"articleType\":\"BlogPosting\"},\"course\":{\"name\":\"\",\"description\":\"\",\"provider\":\"\"},\"faq\":{\"pages\":[]},\"product\":{\"reviews\":[]},\"recipe\":{\"ingredients\":[],\"instructions\":[],\"keywords\":[]},\"software\":{\"reviews\":[],\"operatingSystems\":[]},\"webPage\":{\"webPageType\":\"WebPage\"}}","pillar_content":false,"robots_default":true,"robots_noindex":false,"robots_noarchive":false,"robots_nosnippet":false,"robots_nofollow":false,"robots_noimageindex":false,"robots_noodp":false,"robots_notranslate":false,"robots_max_snippet":"-1","robots_max_videopreview":"-1","robots_max_imagepreview":"large","priority":null,"frequency":"default","location":null,"local_seo":{"locations":{"business":{"name":"","businessType":"","image":"","areaServed":"","urls":{"website":"","aboutPage":"","contactPage":""},"address":{"streetLine1":"","streetLine2":"","zipCode":"","city":"","state":"","country":"","addressFormat":"#streetLineOne\n#streetLineTwo\n#city, #state #zipCode"},"contact":{"phone":"","email":"","fax":""},"ids":{"vat":"","tax":"","chamberOfCommerce":""},"payment":{"priceRange":"","currenciesAccepted":"","methods":""}}},"openingHours":{"useDefaults":true,"show":true,"alwaysOpen":false,"use24hFormat":false,"timezone":"","labels":{"closed":"","alwaysOpen":""},"days":{"monday":{"open24h":false,"closed":false,"openTime":"09:00","closeTime":"17:00"},"tuesday":{"open24h":false,"closed":false,"openTime":"09:00","closeTime":"17:00"},"wednesday":{"open24h":false,"closed":false,"openTime":"09:00","closeTime":"17:00"},"thursday":{"open24h":false,"closed":false,"openTime":"09:00","closeTime":"17:00"},"friday":{"open24h":false,"closed":false,"openTime":"09:00","closeTime":"17:00"},"saturday":{"open24h":false,"closed":false,"openTime":"09:00","closeTime":"17:00"},"sunday":{"open24h":false,"closed":false,"openTime":"09:00","closeTime":"17:00"}}}},"seo_analyzer_scan_date":"2025-08-31 20:30:27","breadcrumb_settings":null,"limit_modified_date":false,"reviewed_by":null,"open_ai":null,"ai":null,"created":"2021-04-25 00:24:39","updated":"2025-08-31 20:30:27"},"aioseo_breadcrumb":"<div class=\"aioseo-breadcrumbs\"><span class=\"aioseo-breadcrumb\">\n\t<a href=\"https:\/\/candas365.es\/noticias\" title=\"Home\">Home<\/a>\n<\/span><span class=\"aioseo-breadcrumb-separator\">&ndash;<\/span><span class=\"aioseo-breadcrumb\">\n\t<a href=\"https:\/\/candas365.es\/noticias\/category\/noticias-carreno\/\" title=\"Noticias Carre\u00f1o\">Noticias Carre\u00f1o<\/a>\n<\/span><span class=\"aioseo-breadcrumb-separator\">&ndash;<\/span><span class=\"aioseo-breadcrumb\">\n\tEl nuevo proyecto musical de Pipo Prendes\n<\/span><\/div>","aioseo_breadcrumb_json":[{"label":"Home","link":"https:\/\/candas365.es\/noticias"},{"label":"Noticias Carre\u00f1o","link":"https:\/\/candas365.es\/noticias\/category\/noticias-carreno\/"},{"label":"El nuevo proyecto musical de Pipo Prendes","link":"https:\/\/candas365.es\/noticias\/el-nuevo-proyecto-musical-de-pipo-prendes\/"}],"_links":{"self":[{"href":"https:\/\/candas365.es\/noticias\/wp-json\/wp\/v2\/posts\/153901","targetHints":{"allow":["GET"]}}],"collection":[{"href":"https:\/\/candas365.es\/noticias\/wp-json\/wp\/v2\/posts"}],"about":[{"href":"https:\/\/candas365.es\/noticias\/wp-json\/wp\/v2\/types\/post"}],"author":[{"embeddable":true,"href":"https:\/\/candas365.es\/noticias\/wp-json\/wp\/v2\/users\/1"}],"replies":[{"embeddable":true,"href":"https:\/\/candas365.es\/noticias\/wp-json\/wp\/v2\/comments?post=153901"}],"version-history":[{"count":0,"href":"https:\/\/candas365.es\/noticias\/wp-json\/wp\/v2\/posts\/153901\/revisions"}],"wp:featuredmedia":[{"embeddable":true,"href":"https:\/\/candas365.es\/noticias\/wp-json\/wp\/v2\/media\/153902"}],"wp:attachment":[{"href":"https:\/\/candas365.es\/noticias\/wp-json\/wp\/v2\/media?parent=153901"}],"wp:term":[{"taxonomy":"category","embeddable":true,"href":"https:\/\/candas365.es\/noticias\/wp-json\/wp\/v2\/categories?post=153901"},{"taxonomy":"post_tag","embeddable":true,"href":"https:\/\/candas365.es\/noticias\/wp-json\/wp\/v2\/tags?post=153901"}],"curies":[{"name":"wp","href":"https:\/\/api.w.org\/{rel}","templated":true}]}}