{"id":153894,"date":"2021-04-16T00:12:43","date_gmt":"2021-04-16T00:12:43","guid":{"rendered":"http:\/\/candas365.es\/noticias\/?p=153894"},"modified":"2021-04-25T00:17:02","modified_gmt":"2021-04-25T00:17:02","slug":"abierto-el-plazo-de-preinscripcion-en-ei-la-marinera-de-candas","status":"publish","type":"post","link":"https:\/\/candas365.es\/noticias\/abierto-el-plazo-de-preinscripcion-en-ei-la-marinera-de-candas\/","title":{"rendered":"Abierto el plazo de preinscripci\u00f3n en EI La Marinera de Cand\u00e1s"},"content":{"rendered":"<p>\u201cSer ni\u00f1o\/a, es vivir entre sue\u00f1os y juegos, sin saber d\u00f3nde terminan unos y comienzan otros\u201d<\/p>\n<p><img fetchpriority=\"high\" decoding=\"async\" class=\"aligncenter wp-image-153895 size-full\" src=\"https:\/\/candas365.es\/noticias\/wp-content\/uploads\/2021\/04\/green-1738220_640.jpg\" alt=\"\" width=\"640\" height=\"425\" srcset=\"https:\/\/candas365.es\/noticias\/wp-content\/uploads\/2021\/04\/green-1738220_640.jpg 640w, https:\/\/candas365.es\/noticias\/wp-content\/uploads\/2021\/04\/green-1738220_640-360x239.jpg 360w\" sizes=\"(max-width: 640px) 100vw, 640px\" \/><\/p>\n<p>Bajo esta premisa el personal docente de la Escuela de Educaci\u00f3n Infantil \u201cLa Marinera\u201d de Cand\u00e1s se plantea al comienzo de cada curso escolar este reto, ense\u00f1ar entre sue\u00f1os y juegos al m\u00e1s de medio centenar de ni\u00f1os y ni\u00f1as que diariamente acuden a las aulas de la citada Escuela. Prop\u00f3sito que, en este curso 2020-2021 tan at\u00edpico, est\u00e1n llevando a buen puerto.<\/p>\n<p>\u201cUn a\u00f1o que, debido a las medidas sanitarias derivadas del Covid-19, no podr\u00e1 celebrarse la jornada de puertas abiertas, previa al per\u00edodo de pre-inscripciones para el nuevo curso, en el que las familias del futuro alumnado conoc\u00edan el centro y ve\u00edan su funcionamiento. En este sentido y para mostrar a la ciudadan\u00eda su quehacer, el equipo docente, como carta de presentaci\u00f3n, ha elaborado una serie de v\u00eddeos en los que dan a conocer las diferentes actividades que realizan. Son im\u00e1genes de lo trabajado por las educadoras en este curso en las instalaciones municipales. A trav\u00e9s de estos v\u00eddeos podr\u00e1n ver in situ el d\u00eda a d\u00eda del alumnado en la escuela. Con un solo objetivo, ver las aulas de \u201cLa Marinera\u201d llenas de ni\u00f1os y ni\u00f1as. Estos v\u00eddeos est\u00e1n disposici\u00f3n de la ciudadan\u00eda a trav\u00e9s de c\u00f3digos QR\u201d se\u00f1al\u00f3 Beatriz Fern\u00e1ndez Antu\u00f1a \u2013 Concejala de Educaci\u00f3n.<\/p>\n<p>Pero hacer realidad este objetivo, ver las aulas de la Escuela Infantil con actividad en Septiembre se abre el proceso de presentaci\u00f3n de solicitudes, el cual dar\u00e1 comienzo el pr\u00f3ximo Lunes, 19 de abril.<\/p>\n<p>Del 19 de Abril al 7 de Mayo, ambos inclusive, padres, madres o tutores legales de los ni\u00f1os y las ni\u00f1as menores de 3 a\u00f1os del concejo, o cuyo nacimiento se prevea en el a\u00f1o en curso, podr\u00e1n formalizar la presentaci\u00f3n de la solicitud de admisi\u00f3n correspondiente en la Escuela de Educaci\u00f3n Infantil \u201cLa Marinera\u201d de Cand\u00e1s.<\/p>\n<p>Las solicitudes, debidamente cumplimentadas y acompa\u00f1adas de la documentaci\u00f3n preceptiva podr\u00e1n presentarse, dentro del plazo establecido:<\/p>\n<p>&#8211; Telem\u00e1ticamente:<\/p>\n<p>\u00b7 Con Certificado Digital a trav\u00e9s de la sede electr\u00f3nica en la p\u00e1gina web del Ayuntamiento <a href=\"https:\/\/sedeelectronica.ayto-carreno.es\/siac\/\" target=\"_blank\" rel=\"nofollow noopener\"><span style=\"color: #ff6600;\"><strong>https:\/\/sedeelectronica.ayto-carreno.es\/siac\/<\/strong><\/span><\/a><\/p>\n<p>\u00b7 Por e-mail a registro@ayto-carreno.es<\/p>\n<p>&#8211; Presencialmente, en el Registro del Ayuntamiento de Carre\u00f1o, c) Santolaya 1- 3, previa petici\u00f3n de cita en el n\u00famero 985 87 02 05. En el horario de lunes a viernes de 9:00 a 14:00 h.<\/p>\n<p>Las solicitudes se encuentran a disposici\u00f3n de la ciudadan\u00eda en la p\u00e1gina web municipal en el siguiente <a href=\"https:\/\/www.ayto-carreno.es\/documents\/232025\/5821697\/Impreso+de+preinscripci%C3%B3n.pdf\/1bde2547-6d85-4733-ad4b-6c1b7283376f\" target=\"_blank\" rel=\"nofollow noopener\"><span style=\"color: #ff6600;\"><strong>enlace<\/strong><\/span><\/a><\/p>\n<p>La Escuela Infantil \u201cLa Marinera\u201d de Cand\u00e1s comenz\u00f3 su funcionamiento en el curso 2004\/2005. Su trabajo responde a un proyecto educativo, esto quiere decir, que no solamente cuidan de las necesidades b\u00e1sicas de los ni\u00f1os y de las ni\u00f1as, sino que educan. Para el curso escolar 2021-2022 las plazas ofertadas seg\u00fan las edades del alumnado ser\u00e1n las siguientes:<\/p>\n<ul>\n<li>Aula ubicada CP San F\u00e9lix (2-3 a\u00f1os) 18 plazas en horario de 9:15 a 13:15 horas.<\/li>\n<li>Aula ubicada CP Poeta Ant\u00f3n (2-3 a\u00f1os) 18 plazas en horario de 9:30 a 13:30 horas.<\/li>\n<\/ul>\n<p>\u00b7 Escuela Infantil 0-3 a\u00f1os:<\/p>\n<ul>\n<li>Aula Bebes (0-1 a\u00f1os) 8 plazas.<\/li>\n<li>Aula (1-2 a\u00f1os) 12 plazas.<\/li>\n<li>Aula (2-3 a\u00f1os) 6 plazas.<\/li>\n<\/ul>\n<p>En el caso de la Aulas ubicadas en la Escuela Infantil de 0-3 a\u00f1os, en la Plaza Gremio de Mareantes, habr\u00e1 dos modalidades de jornada. Media jornada de 9:30 a 13:30 horas con opci\u00f3n a comedor o jornada completa, con un m\u00e1ximo de permanencia en el centro de 8 horas. Aunque tendr\u00e1n preferencia aquellas personas que soliciten la jornada completa.<\/p>\n<p>\u201cPara el nuevo curso escolar 2021-2022 son 62 las plazas que se ofertan. Aunque hay que se\u00f1alar que la incorporaci\u00f3n de los ni\u00f1os y ni\u00f1as a la \u201cEscuela\u201d de 0 a 3 a\u00f1os estar\u00e1 supeditada a la situaci\u00f3n sanitaria en la que nos encontremos en el mes de septiembre, aplic\u00e1ndose las medidas organizativas y de ratio que se dicten al respecto en el protocolo de seguridad de 0 a 3 a\u00f1os por parte de la Consejer\u00eda de Educaci\u00f3n\u201d comento la Edil.<\/p>\n<p>\u201cCada una de las solicitudes presentadas ser\u00e1n baremadas siguiendo tres criterios, situaci\u00f3n laboral de los padres o tutores; ingresos econ\u00f3micos de la unidad familiar; y composici\u00f3n familiar por la persona que ostenta la direcci\u00f3n del centro. La cual una vez haya completado el proceso de admisi\u00f3n informar\u00e1 al Consejo Escolar de la Escuela. Los requisitos necesarios para poder solicitar una plaza en la \u201cLa Marinera\u201d ser\u00e1 residir en el municipio de Carre\u00f1o o que se acredite tener en el municipio su lugar de trabajo habitual. En el caso de que quede alguna plaza vacante, \u00e9stas se ofertar\u00e1n a los municipios vecinos\u201d explic\u00f3 la Concejala.<\/p>\n<p>A partir de la presentaci\u00f3n de las solicitudes de admisi\u00f3n el calendario que los padres y madres del futuro alumnado tendr\u00e1n que tener en cuenta ser\u00e1:<\/p>\n<ul>\n<li>Del 19 de abril al 7 de mayo. Presentaci\u00f3n de solicitudes de admisi\u00f3n.<\/li>\n<li>24 de mayo. Publicaci\u00f3n de la lista provisional de admitidos y admitidas, en el tabl\u00f3n de anuncios tanto del propio Consistorio, p\u00e1gina web, como en la sede de la Escuela \u201cLa Marinera\u201d.<\/li>\n<li>Del 24 al 28 de mayo. Plazo de alegaciones ante la Direcci\u00f3n del centro. Estas se presentar\u00e1n en el registro municipal.<\/li>\n<li>3 de junio. Publicaci\u00f3n de la lista definitiva de admitidos y admitidos, en el tabl\u00f3n de anuncios tanto del propio Consistorio, p\u00e1gina web, como en la sede de la Escuela \u201cLa Marinera\u201d.<\/li>\n<li>Del 3 al 18 de junio. Plazo de formalizaci\u00f3n de la matr\u00edcula en la Escuela de Educaci\u00f3n Infantil \u201cLa Marinera\u201d.<\/li>\n<\/ul>\n<p>&nbsp;<\/p>\n","protected":false},"excerpt":{"rendered":"<p>\u201cSer ni\u00f1o\/a, es vivir entre sue\u00f1os y juegos, sin saber d\u00f3nde terminan unos y comienzan otros\u201d Bajo esta premisa el personal docente de la Escuela de Educaci\u00f3n Infantil \u201cLa Marinera\u201d de Cand\u00e1s se plantea al comienzo de cada curso escolar este reto, ense\u00f1ar entre sue\u00f1os y juegos al m\u00e1s de medio centenar de ni\u00f1os y<\/p>\n","protected":false},"author":1,"featured_media":153895,"comment_status":"closed","ping_status":"closed","sticky":false,"template":"","format":"standard","meta":{"footnotes":""},"categories":[2],"tags":[],"class_list":{"0":"post-153894","1":"post","2":"type-post","3":"status-publish","4":"format-standard","5":"has-post-thumbnail","7":"category-noticias-carreno"},"aioseo_notices":[],"aioseo_head":"\n\t\t<!-- All in One SEO Pro 4.9.6.2 - aioseo.com -->\n\t<meta name=\"description\" content=\"\u201cSer ni\u00f1o\/a, es vivir entre sue\u00f1os y juegos, sin saber d\u00f3nde terminan unos y comienzan otros\u201d Bajo esta premisa el personal docente de la Escuela de Educaci\u00f3n Infantil \u201cLa Marinera\u201d de Cand\u00e1s se plantea al comienzo de cada curso escolar este reto, ense\u00f1ar entre sue\u00f1os y juegos al m\u00e1s de medio centenar de ni\u00f1os y\" \/>\n\t<meta name=\"robots\" content=\"max-image-preview:large\" \/>\n\t<meta name=\"author\" content=\"Cand\u00e1s 365\"\/>\n\t<meta name=\"google-site-verification\" content=\"UA-32230408-1\" \/>\n\t<meta name=\"msvalidate.01\" content=\"354F3CDFB2DA171B47FBE9ABF1F88D5\" \/>\n\t<meta name=\"keywords\" content=\"noticias carre\u00f1o\" \/>\n\t<link rel=\"canonical\" href=\"https:\/\/candas365.es\/noticias\/abierto-el-plazo-de-preinscripcion-en-ei-la-marinera-de-candas\/\" \/>\n\t<meta name=\"generator\" content=\"All in One SEO Pro (AIOSEO) 4.9.6.2\" \/>\n\t\t<meta property=\"og:locale\" content=\"es_ES\" \/>\n\t\t<meta property=\"og:site_name\" content=\"Cand\u00e1s 365\" \/>\n\t\t<meta property=\"og:type\" content=\"article\" \/>\n\t\t<meta property=\"og:title\" content=\"Abierto el plazo de preinscripci\u00f3n en EI La Marinera de Cand\u00e1s | Cand\u00e1s 365\" \/>\n\t\t<meta property=\"og:description\" content=\"\u201cSer ni\u00f1o\/a, es vivir entre sue\u00f1os y juegos, sin saber d\u00f3nde terminan unos y comienzan otros\u201d Bajo esta premisa el personal docente de la Escuela de Educaci\u00f3n Infantil \u201cLa Marinera\u201d de Cand\u00e1s se plantea al comienzo de cada curso escolar este reto, ense\u00f1ar entre sue\u00f1os y juegos al m\u00e1s de medio centenar de ni\u00f1os y\" \/>\n\t\t<meta property=\"og:url\" content=\"https:\/\/candas365.es\/noticias\/abierto-el-plazo-de-preinscripcion-en-ei-la-marinera-de-candas\/\" \/>\n\t\t<meta property=\"og:image\" content=\"https:\/\/candas365.es\/noticias\/wp-content\/uploads\/2021\/04\/green-1738220_640.jpg\" \/>\n\t\t<meta property=\"og:image:secure_url\" content=\"https:\/\/candas365.es\/noticias\/wp-content\/uploads\/2021\/04\/green-1738220_640.jpg\" \/>\n\t\t<meta property=\"og:image:width\" content=\"640\" \/>\n\t\t<meta property=\"og:image:height\" content=\"425\" \/>\n\t\t<meta property=\"article:published_time\" content=\"2021-04-16T00:12:43+00:00\" \/>\n\t\t<meta property=\"article:modified_time\" content=\"2021-04-25T00:17:02+00:00\" \/>\n\t\t<meta property=\"article:publisher\" content=\"https:\/\/www.facebook.com\/Nachofdezber\" \/>\n\t\t<meta property=\"article:author\" content=\"https:\/\/www.facebook.com\/carrenoactualidad\" \/>\n\t\t<meta name=\"twitter:card\" content=\"summary_large_image\" \/>\n\t\t<meta name=\"twitter:site\" content=\"@NabercoDigital\" \/>\n\t\t<meta name=\"twitter:title\" content=\"Abierto el plazo de preinscripci\u00f3n en EI La Marinera de Cand\u00e1s | Cand\u00e1s 365\" \/>\n\t\t<meta name=\"twitter:description\" content=\"\u201cSer ni\u00f1o\/a, es vivir entre sue\u00f1os y juegos, sin saber d\u00f3nde terminan unos y comienzan otros\u201d Bajo esta premisa el personal docente de la Escuela de Educaci\u00f3n Infantil \u201cLa Marinera\u201d de Cand\u00e1s se plantea al comienzo de cada curso escolar este reto, ense\u00f1ar entre sue\u00f1os y juegos al m\u00e1s de medio centenar de ni\u00f1os y\" \/>\n\t\t<meta name=\"twitter:creator\" content=\"@nbasturias\" \/>\n\t\t<meta name=\"twitter:image\" content=\"https:\/\/candas365.es\/noticias\/wp-content\/uploads\/2021\/04\/green-1738220_640.jpg\" \/>\n\t\t<meta name=\"twitter:label1\" content=\"Escrito por\" \/>\n\t\t<meta name=\"twitter:data1\" content=\"Cand\u00e1s 365\" \/>\n\t\t<meta name=\"twitter:label2\" content=\"Tiempo de lectura estimado\" \/>\n\t\t<meta name=\"twitter:data2\" content=\"5 minutos\" \/>\n\t\t<script type=\"application\/ld+json\" class=\"aioseo-schema\">\n\t\t\t{\"@context\":\"https:\\\/\\\/schema.org\",\"@graph\":[{\"@type\":\"BreadcrumbList\",\"@id\":\"https:\\\/\\\/candas365.es\\\/noticias\\\/abierto-el-plazo-de-preinscripcion-en-ei-la-marinera-de-candas\\\/#breadcrumblist\",\"itemListElement\":[{\"@type\":\"ListItem\",\"@id\":\"https:\\\/\\\/candas365.es\\\/noticias#listItem\",\"position\":1,\"name\":\"Home\",\"item\":\"https:\\\/\\\/candas365.es\\\/noticias\",\"nextItem\":{\"@type\":\"ListItem\",\"@id\":\"https:\\\/\\\/candas365.es\\\/noticias\\\/category\\\/noticias-carreno\\\/#listItem\",\"name\":\"Noticias Carre\\u00f1o\"}},{\"@type\":\"ListItem\",\"@id\":\"https:\\\/\\\/candas365.es\\\/noticias\\\/category\\\/noticias-carreno\\\/#listItem\",\"position\":2,\"name\":\"Noticias Carre\\u00f1o\",\"item\":\"https:\\\/\\\/candas365.es\\\/noticias\\\/category\\\/noticias-carreno\\\/\",\"nextItem\":{\"@type\":\"ListItem\",\"@id\":\"https:\\\/\\\/candas365.es\\\/noticias\\\/abierto-el-plazo-de-preinscripcion-en-ei-la-marinera-de-candas\\\/#listItem\",\"name\":\"Abierto el plazo de preinscripci\\u00f3n en EI La Marinera de Cand\\u00e1s\"},\"previousItem\":{\"@type\":\"ListItem\",\"@id\":\"https:\\\/\\\/candas365.es\\\/noticias#listItem\",\"name\":\"Home\"}},{\"@type\":\"ListItem\",\"@id\":\"https:\\\/\\\/candas365.es\\\/noticias\\\/abierto-el-plazo-de-preinscripcion-en-ei-la-marinera-de-candas\\\/#listItem\",\"position\":3,\"name\":\"Abierto el plazo de preinscripci\\u00f3n en EI La Marinera de Cand\\u00e1s\",\"previousItem\":{\"@type\":\"ListItem\",\"@id\":\"https:\\\/\\\/candas365.es\\\/noticias\\\/category\\\/noticias-carreno\\\/#listItem\",\"name\":\"Noticias Carre\\u00f1o\"}}]},{\"@type\":\"NewsArticle\",\"@id\":\"https:\\\/\\\/candas365.es\\\/noticias\\\/abierto-el-plazo-de-preinscripcion-en-ei-la-marinera-de-candas\\\/#newsarticle\",\"name\":\"Abierto el plazo de preinscripci\\u00f3n en EI La Marinera de Cand\\u00e1s | Cand\\u00e1s 365\",\"headline\":\"Abierto el plazo de preinscripci\\u00f3n en EI La Marinera de Cand\\u00e1s\",\"author\":{\"@id\":\"https:\\\/\\\/candas365.es\\\/noticias\\\/author\\\/admin\\\/#author\"},\"publisher\":{\"@id\":\"https:\\\/\\\/candas365.es\\\/noticias\\\/#organization\"},\"image\":{\"@type\":\"ImageObject\",\"url\":\"https:\\\/\\\/candas365.es\\\/noticias\\\/wp-content\\\/uploads\\\/2021\\\/04\\\/green-1738220_640.jpg\",\"width\":640,\"height\":425},\"datePublished\":\"2021-04-16T00:12:43+02:00\",\"dateModified\":\"2021-04-25T00:17:02+02:00\",\"inLanguage\":\"es-ES\",\"mainEntityOfPage\":{\"@id\":\"https:\\\/\\\/candas365.es\\\/noticias\\\/abierto-el-plazo-de-preinscripcion-en-ei-la-marinera-de-candas\\\/#webpage\"},\"isPartOf\":{\"@id\":\"https:\\\/\\\/candas365.es\\\/noticias\\\/abierto-el-plazo-de-preinscripcion-en-ei-la-marinera-de-candas\\\/#webpage\"},\"articleSection\":\"Noticias Carre\\u00f1o\",\"dateline\":\"Publicado el abril 16, 2021.\"},{\"@type\":\"Organization\",\"@id\":\"https:\\\/\\\/candas365.es\\\/noticias\\\/#organization\",\"name\":\"Cand\\u00e1s 365\",\"description\":\"Cand\\u00e1s 365 es un diario digital independiente, fundado en 2012, con base en Asturias. Informamos con rigor sobre actualidad, sociedad, cultura y ocio, con una mirada local y global.\",\"url\":\"https:\\\/\\\/candas365.es\\\/noticias\\\/\",\"email\":\"info@candas365.es\",\"telephone\":\"+34652131393\",\"foundingDate\":\"2012-06-10\",\"logo\":{\"@type\":\"ImageObject\",\"url\":\"https:\\\/\\\/candas365.es\\\/noticias\\\/wp-content\\\/uploads\\\/2024\\\/09\\\/Candas-365-Redes.jpg\",\"@id\":\"https:\\\/\\\/candas365.es\\\/noticias\\\/abierto-el-plazo-de-preinscripcion-en-ei-la-marinera-de-candas\\\/#organizationLogo\",\"width\":1152,\"height\":864,\"caption\":\"Cand\\u00e1s 365 Redes\"},\"image\":{\"@id\":\"https:\\\/\\\/candas365.es\\\/noticias\\\/abierto-el-plazo-de-preinscripcion-en-ei-la-marinera-de-candas\\\/#organizationLogo\"},\"sameAs\":[\"https:\\\/\\\/www.facebook.com\\\/Nachofdezber\",\"https:\\\/\\\/x.com\\\/NabercoDigital\",\"https:\\\/\\\/www.instagram.com\\\/nachofdezber\\\/\",\"https:\\\/\\\/www.youtube.com\\\/channel\\\/UCZP-2wLEB9Rv6erhFmqVnvg\"],\"address\":{\"@id\":\"https:\\\/\\\/candas365.es\\\/noticias\\\/#postaladdress\",\"@type\":\"PostalAddress\",\"streetAddress\":\"san antonio 4, san antonio 4\",\"postalCode\":\"33430\",\"addressLocality\":\"Cand\\u00e1s\",\"addressRegion\":\"Asturias\",\"addressCountry\":\"ES\"}},{\"@type\":\"Person\",\"@id\":\"https:\\\/\\\/candas365.es\\\/noticias\\\/author\\\/admin\\\/#author\",\"url\":\"https:\\\/\\\/candas365.es\\\/noticias\\\/author\\\/admin\\\/\",\"name\":\"Cand\\u00e1s 365\",\"image\":{\"@type\":\"ImageObject\",\"@id\":\"https:\\\/\\\/candas365.es\\\/noticias\\\/abierto-el-plazo-de-preinscripcion-en-ei-la-marinera-de-candas\\\/#authorImage\",\"url\":\"https:\\\/\\\/secure.gravatar.com\\\/avatar\\\/496a8e03d0c493ede1718b7934145dbdf8d89be1036b0eec9544e1094c9de390?s=96&d=mm&r=g\",\"width\":96,\"height\":96,\"caption\":\"Cand\\u00e1s 365\"},\"sameAs\":[\"https:\\\/\\\/www.facebook.com\\\/carrenoactualidad\",\"https:\\\/\\\/twitter.com\\\/nbasturias\",\"https:\\\/\\\/www.instagram.com\\\/nachofdezber\\\/\",\"https:\\\/\\\/www.youtube.com\\\/channel\\\/UCZP-2wLEB9Rv6erhFmqVnvg\"]},{\"@type\":\"WebPage\",\"@id\":\"https:\\\/\\\/candas365.es\\\/noticias\\\/abierto-el-plazo-de-preinscripcion-en-ei-la-marinera-de-candas\\\/#webpage\",\"url\":\"https:\\\/\\\/candas365.es\\\/noticias\\\/abierto-el-plazo-de-preinscripcion-en-ei-la-marinera-de-candas\\\/\",\"name\":\"Abierto el plazo de preinscripci\\u00f3n en EI La Marinera de Cand\\u00e1s | Cand\\u00e1s 365\",\"description\":\"\\u201cSer ni\\u00f1o\\\/a, es vivir entre sue\\u00f1os y juegos, sin saber d\\u00f3nde terminan unos y comienzan otros\\u201d Bajo esta premisa el personal docente de la Escuela de Educaci\\u00f3n Infantil \\u201cLa Marinera\\u201d de Cand\\u00e1s se plantea al comienzo de cada curso escolar este reto, ense\\u00f1ar entre sue\\u00f1os y juegos al m\\u00e1s de medio centenar de ni\\u00f1os y\",\"inLanguage\":\"es-ES\",\"isPartOf\":{\"@id\":\"https:\\\/\\\/candas365.es\\\/noticias\\\/#website\"},\"breadcrumb\":{\"@id\":\"https:\\\/\\\/candas365.es\\\/noticias\\\/abierto-el-plazo-de-preinscripcion-en-ei-la-marinera-de-candas\\\/#breadcrumblist\"},\"author\":{\"@id\":\"https:\\\/\\\/candas365.es\\\/noticias\\\/author\\\/admin\\\/#author\"},\"creator\":{\"@id\":\"https:\\\/\\\/candas365.es\\\/noticias\\\/author\\\/admin\\\/#author\"},\"image\":{\"@type\":\"ImageObject\",\"url\":\"https:\\\/\\\/candas365.es\\\/noticias\\\/wp-content\\\/uploads\\\/2021\\\/04\\\/green-1738220_640.jpg\",\"@id\":\"https:\\\/\\\/candas365.es\\\/noticias\\\/abierto-el-plazo-de-preinscripcion-en-ei-la-marinera-de-candas\\\/#mainImage\",\"width\":640,\"height\":425},\"primaryImageOfPage\":{\"@id\":\"https:\\\/\\\/candas365.es\\\/noticias\\\/abierto-el-plazo-de-preinscripcion-en-ei-la-marinera-de-candas\\\/#mainImage\"},\"datePublished\":\"2021-04-16T00:12:43+02:00\",\"dateModified\":\"2021-04-25T00:17:02+02:00\"},{\"@type\":\"WebSite\",\"@id\":\"https:\\\/\\\/candas365.es\\\/noticias\\\/#website\",\"url\":\"https:\\\/\\\/candas365.es\\\/noticias\\\/\",\"name\":\"Cand\\u00e1s 365\",\"alternateName\":\"Cand\\u00e1s 365 Noticias\",\"description\":\"Actualidad desde Carre\\u00f1o para el mundo\",\"inLanguage\":\"es-ES\",\"publisher\":{\"@id\":\"https:\\\/\\\/candas365.es\\\/noticias\\\/#organization\"}}]}\n\t\t<\/script>\n\t\t<!-- All in One SEO Pro -->\r\n\t\t<title>Abierto el plazo de preinscripci\u00f3n en EI La Marinera de Cand\u00e1s | Cand\u00e1s 365<\/title>\n\n","aioseo_head_json":{"title":"Abierto el plazo de preinscripci\u00f3n en EI La Marinera de Cand\u00e1s | Cand\u00e1s 365","description":"\u201cSer ni\u00f1o\/a, es vivir entre sue\u00f1os y juegos, sin saber d\u00f3nde terminan unos y comienzan otros\u201d Bajo esta premisa el personal docente de la Escuela de Educaci\u00f3n Infantil \u201cLa Marinera\u201d de Cand\u00e1s se plantea al comienzo de cada curso escolar este reto, ense\u00f1ar entre sue\u00f1os y juegos al m\u00e1s de medio centenar de ni\u00f1os y","canonical_url":"https:\/\/candas365.es\/noticias\/abierto-el-plazo-de-preinscripcion-en-ei-la-marinera-de-candas\/","robots":"max-image-preview:large","keywords":"noticias carre\u00f1o","webmasterTools":{"google-site-verification":"UA-32230408-1","msvalidate.01":"354F3CDFB2DA171B47FBE9ABF1F88D5","miscellaneous":""},"schema":{"@context":"https:\/\/schema.org","@graph":[{"@type":"BreadcrumbList","@id":"https:\/\/candas365.es\/noticias\/abierto-el-plazo-de-preinscripcion-en-ei-la-marinera-de-candas\/#breadcrumblist","itemListElement":[{"@type":"ListItem","@id":"https:\/\/candas365.es\/noticias#listItem","position":1,"name":"Home","item":"https:\/\/candas365.es\/noticias","nextItem":{"@type":"ListItem","@id":"https:\/\/candas365.es\/noticias\/category\/noticias-carreno\/#listItem","name":"Noticias Carre\u00f1o"}},{"@type":"ListItem","@id":"https:\/\/candas365.es\/noticias\/category\/noticias-carreno\/#listItem","position":2,"name":"Noticias Carre\u00f1o","item":"https:\/\/candas365.es\/noticias\/category\/noticias-carreno\/","nextItem":{"@type":"ListItem","@id":"https:\/\/candas365.es\/noticias\/abierto-el-plazo-de-preinscripcion-en-ei-la-marinera-de-candas\/#listItem","name":"Abierto el plazo de preinscripci\u00f3n en EI La Marinera de Cand\u00e1s"},"previousItem":{"@type":"ListItem","@id":"https:\/\/candas365.es\/noticias#listItem","name":"Home"}},{"@type":"ListItem","@id":"https:\/\/candas365.es\/noticias\/abierto-el-plazo-de-preinscripcion-en-ei-la-marinera-de-candas\/#listItem","position":3,"name":"Abierto el plazo de preinscripci\u00f3n en EI La Marinera de Cand\u00e1s","previousItem":{"@type":"ListItem","@id":"https:\/\/candas365.es\/noticias\/category\/noticias-carreno\/#listItem","name":"Noticias Carre\u00f1o"}}]},{"@type":"NewsArticle","@id":"https:\/\/candas365.es\/noticias\/abierto-el-plazo-de-preinscripcion-en-ei-la-marinera-de-candas\/#newsarticle","name":"Abierto el plazo de preinscripci\u00f3n en EI La Marinera de Cand\u00e1s | Cand\u00e1s 365","headline":"Abierto el plazo de preinscripci\u00f3n en EI La Marinera de Cand\u00e1s","author":{"@id":"https:\/\/candas365.es\/noticias\/author\/admin\/#author"},"publisher":{"@id":"https:\/\/candas365.es\/noticias\/#organization"},"image":{"@type":"ImageObject","url":"https:\/\/candas365.es\/noticias\/wp-content\/uploads\/2021\/04\/green-1738220_640.jpg","width":640,"height":425},"datePublished":"2021-04-16T00:12:43+02:00","dateModified":"2021-04-25T00:17:02+02:00","inLanguage":"es-ES","mainEntityOfPage":{"@id":"https:\/\/candas365.es\/noticias\/abierto-el-plazo-de-preinscripcion-en-ei-la-marinera-de-candas\/#webpage"},"isPartOf":{"@id":"https:\/\/candas365.es\/noticias\/abierto-el-plazo-de-preinscripcion-en-ei-la-marinera-de-candas\/#webpage"},"articleSection":"Noticias Carre\u00f1o","dateline":"Publicado el abril 16, 2021."},{"@type":"Organization","@id":"https:\/\/candas365.es\/noticias\/#organization","name":"Cand\u00e1s 365","description":"Cand\u00e1s 365 es un diario digital independiente, fundado en 2012, con base en Asturias. Informamos con rigor sobre actualidad, sociedad, cultura y ocio, con una mirada local y global.","url":"https:\/\/candas365.es\/noticias\/","email":"info@candas365.es","telephone":"+34652131393","foundingDate":"2012-06-10","logo":{"@type":"ImageObject","url":"https:\/\/candas365.es\/noticias\/wp-content\/uploads\/2024\/09\/Candas-365-Redes.jpg","@id":"https:\/\/candas365.es\/noticias\/abierto-el-plazo-de-preinscripcion-en-ei-la-marinera-de-candas\/#organizationLogo","width":1152,"height":864,"caption":"Cand\u00e1s 365 Redes"},"image":{"@id":"https:\/\/candas365.es\/noticias\/abierto-el-plazo-de-preinscripcion-en-ei-la-marinera-de-candas\/#organizationLogo"},"sameAs":["https:\/\/www.facebook.com\/Nachofdezber","https:\/\/x.com\/NabercoDigital","https:\/\/www.instagram.com\/nachofdezber\/","https:\/\/www.youtube.com\/channel\/UCZP-2wLEB9Rv6erhFmqVnvg"],"address":{"@id":"https:\/\/candas365.es\/noticias\/#postaladdress","@type":"PostalAddress","streetAddress":"san antonio 4, san antonio 4","postalCode":"33430","addressLocality":"Cand\u00e1s","addressRegion":"Asturias","addressCountry":"ES"}},{"@type":"Person","@id":"https:\/\/candas365.es\/noticias\/author\/admin\/#author","url":"https:\/\/candas365.es\/noticias\/author\/admin\/","name":"Cand\u00e1s 365","image":{"@type":"ImageObject","@id":"https:\/\/candas365.es\/noticias\/abierto-el-plazo-de-preinscripcion-en-ei-la-marinera-de-candas\/#authorImage","url":"https:\/\/secure.gravatar.com\/avatar\/496a8e03d0c493ede1718b7934145dbdf8d89be1036b0eec9544e1094c9de390?s=96&d=mm&r=g","width":96,"height":96,"caption":"Cand\u00e1s 365"},"sameAs":["https:\/\/www.facebook.com\/carrenoactualidad","https:\/\/twitter.com\/nbasturias","https:\/\/www.instagram.com\/nachofdezber\/","https:\/\/www.youtube.com\/channel\/UCZP-2wLEB9Rv6erhFmqVnvg"]},{"@type":"WebPage","@id":"https:\/\/candas365.es\/noticias\/abierto-el-plazo-de-preinscripcion-en-ei-la-marinera-de-candas\/#webpage","url":"https:\/\/candas365.es\/noticias\/abierto-el-plazo-de-preinscripcion-en-ei-la-marinera-de-candas\/","name":"Abierto el plazo de preinscripci\u00f3n en EI La Marinera de Cand\u00e1s | Cand\u00e1s 365","description":"\u201cSer ni\u00f1o\/a, es vivir entre sue\u00f1os y juegos, sin saber d\u00f3nde terminan unos y comienzan otros\u201d Bajo esta premisa el personal docente de la Escuela de Educaci\u00f3n Infantil \u201cLa Marinera\u201d de Cand\u00e1s se plantea al comienzo de cada curso escolar este reto, ense\u00f1ar entre sue\u00f1os y juegos al m\u00e1s de medio centenar de ni\u00f1os y","inLanguage":"es-ES","isPartOf":{"@id":"https:\/\/candas365.es\/noticias\/#website"},"breadcrumb":{"@id":"https:\/\/candas365.es\/noticias\/abierto-el-plazo-de-preinscripcion-en-ei-la-marinera-de-candas\/#breadcrumblist"},"author":{"@id":"https:\/\/candas365.es\/noticias\/author\/admin\/#author"},"creator":{"@id":"https:\/\/candas365.es\/noticias\/author\/admin\/#author"},"image":{"@type":"ImageObject","url":"https:\/\/candas365.es\/noticias\/wp-content\/uploads\/2021\/04\/green-1738220_640.jpg","@id":"https:\/\/candas365.es\/noticias\/abierto-el-plazo-de-preinscripcion-en-ei-la-marinera-de-candas\/#mainImage","width":640,"height":425},"primaryImageOfPage":{"@id":"https:\/\/candas365.es\/noticias\/abierto-el-plazo-de-preinscripcion-en-ei-la-marinera-de-candas\/#mainImage"},"datePublished":"2021-04-16T00:12:43+02:00","dateModified":"2021-04-25T00:17:02+02:00"},{"@type":"WebSite","@id":"https:\/\/candas365.es\/noticias\/#website","url":"https:\/\/candas365.es\/noticias\/","name":"Cand\u00e1s 365","alternateName":"Cand\u00e1s 365 Noticias","description":"Actualidad desde Carre\u00f1o para el mundo","inLanguage":"es-ES","publisher":{"@id":"https:\/\/candas365.es\/noticias\/#organization"}}]},"og:locale":"es_ES","og:site_name":"Cand\u00e1s 365","og:type":"article","og:title":"Abierto el plazo de preinscripci\u00f3n en EI La Marinera de Cand\u00e1s | Cand\u00e1s 365","og:description":"\u201cSer ni\u00f1o\/a, es vivir entre sue\u00f1os y juegos, sin saber d\u00f3nde terminan unos y comienzan otros\u201d Bajo esta premisa el personal docente de la Escuela de Educaci\u00f3n Infantil \u201cLa Marinera\u201d de Cand\u00e1s se plantea al comienzo de cada curso escolar este reto, ense\u00f1ar entre sue\u00f1os y juegos al m\u00e1s de medio centenar de ni\u00f1os y","og:url":"https:\/\/candas365.es\/noticias\/abierto-el-plazo-de-preinscripcion-en-ei-la-marinera-de-candas\/","og:image":"https:\/\/candas365.es\/noticias\/wp-content\/uploads\/2021\/04\/green-1738220_640.jpg","og:image:secure_url":"https:\/\/candas365.es\/noticias\/wp-content\/uploads\/2021\/04\/green-1738220_640.jpg","og:image:width":640,"og:image:height":425,"article:published_time":"2021-04-16T00:12:43+00:00","article:modified_time":"2021-04-25T00:17:02+00:00","article:publisher":"https:\/\/www.facebook.com\/Nachofdezber","article:author":"https:\/\/www.facebook.com\/carrenoactualidad","twitter:card":"summary_large_image","twitter:site":"@NabercoDigital","twitter:title":"Abierto el plazo de preinscripci\u00f3n en EI La Marinera de Cand\u00e1s | Cand\u00e1s 365","twitter:description":"\u201cSer ni\u00f1o\/a, es vivir entre sue\u00f1os y juegos, sin saber d\u00f3nde terminan unos y comienzan otros\u201d Bajo esta premisa el personal docente de la Escuela de Educaci\u00f3n Infantil \u201cLa Marinera\u201d de Cand\u00e1s se plantea al comienzo de cada curso escolar este reto, ense\u00f1ar entre sue\u00f1os y juegos al m\u00e1s de medio centenar de ni\u00f1os y","twitter:creator":"@nbasturias","twitter:image":"https:\/\/candas365.es\/noticias\/wp-content\/uploads\/2021\/04\/green-1738220_640.jpg","twitter:label1":"Escrito por","twitter:data1":"Cand\u00e1s 365","twitter:label2":"Tiempo de lectura estimado","twitter:data2":"5 minutos"},"aioseo_meta_data":{"post_id":"153894","title":null,"description":null,"keywords":[],"keyphrases":{"focus":[],"additional":[]},"primary_term":null,"canonical_url":null,"og_title":null,"og_description":null,"og_object_type":"default","og_image_type":"default","og_image_url":null,"og_image_width":null,"og_image_height":null,"og_image_custom_url":null,"og_image_custom_fields":null,"og_video":"","og_custom_url":null,"og_article_section":null,"og_article_tags":[],"twitter_use_og":false,"twitter_card":"default","twitter_image_type":"default","twitter_image_url":null,"twitter_image_custom_url":null,"twitter_image_custom_fields":null,"twitter_title":null,"twitter_description":null,"schema":{"blockGraphs":[],"customGraphs":[],"default":{"data":{"Article":[],"Course":[],"Dataset":[],"FAQPage":[],"Movie":[],"Person":[],"Product":[],"ProductReview":[],"Car":[],"Recipe":[],"Service":[],"SoftwareApplication":[],"WebPage":[]},"graphName":"","isEnabled":true},"graphs":[],"defaultGraph":"Article","defaultPostTypeGraph":""},"schema_type":"default","schema_type_options":"{\"article\":{\"articleType\":\"BlogPosting\"},\"course\":{\"name\":\"\",\"description\":\"\",\"provider\":\"\"},\"faq\":{\"pages\":[]},\"product\":{\"reviews\":[]},\"recipe\":{\"ingredients\":[],\"instructions\":[],\"keywords\":[]},\"software\":{\"reviews\":[],\"operatingSystems\":[]},\"webPage\":{\"webPageType\":\"WebPage\"}}","pillar_content":false,"robots_default":true,"robots_noindex":false,"robots_noarchive":false,"robots_nosnippet":false,"robots_nofollow":false,"robots_noimageindex":false,"robots_noodp":false,"robots_notranslate":false,"robots_max_snippet":"-1","robots_max_videopreview":"-1","robots_max_imagepreview":"large","priority":null,"frequency":"default","location":null,"local_seo":{"locations":{"business":{"name":"","businessType":"","image":"","areaServed":"","urls":{"website":"","aboutPage":"","contactPage":""},"address":{"streetLine1":"","streetLine2":"","zipCode":"","city":"","state":"","country":"","addressFormat":"#streetLineOne\n#streetLineTwo\n#city, #state #zipCode"},"contact":{"phone":"","email":"","fax":""},"ids":{"vat":"","tax":"","chamberOfCommerce":""},"payment":{"priceRange":"","currenciesAccepted":"","methods":""}}},"openingHours":{"useDefaults":true,"show":true,"alwaysOpen":false,"use24hFormat":false,"timezone":"","labels":{"closed":"","alwaysOpen":""},"days":{"monday":{"open24h":false,"closed":false,"openTime":"09:00","closeTime":"17:00"},"tuesday":{"open24h":false,"closed":false,"openTime":"09:00","closeTime":"17:00"},"wednesday":{"open24h":false,"closed":false,"openTime":"09:00","closeTime":"17:00"},"thursday":{"open24h":false,"closed":false,"openTime":"09:00","closeTime":"17:00"},"friday":{"open24h":false,"closed":false,"openTime":"09:00","closeTime":"17:00"},"saturday":{"open24h":false,"closed":false,"openTime":"09:00","closeTime":"17:00"},"sunday":{"open24h":false,"closed":false,"openTime":"09:00","closeTime":"17:00"}}}},"seo_analyzer_scan_date":"2025-08-31 20:05:26","breadcrumb_settings":null,"limit_modified_date":false,"reviewed_by":null,"open_ai":null,"ai":null,"created":"2021-04-25 00:12:44","updated":"2025-08-31 20:05:26"},"aioseo_breadcrumb":"<div class=\"aioseo-breadcrumbs\"><span class=\"aioseo-breadcrumb\">\n\t<a href=\"https:\/\/candas365.es\/noticias\" title=\"Home\">Home<\/a>\n<\/span><span class=\"aioseo-breadcrumb-separator\">&ndash;<\/span><span class=\"aioseo-breadcrumb\">\n\t<a href=\"https:\/\/candas365.es\/noticias\/category\/noticias-carreno\/\" title=\"Noticias Carre\u00f1o\">Noticias Carre\u00f1o<\/a>\n<\/span><span class=\"aioseo-breadcrumb-separator\">&ndash;<\/span><span class=\"aioseo-breadcrumb\">\n\tAbierto el plazo de preinscripci\u00f3n en EI La Marinera de Cand\u00e1s\n<\/span><\/div>","aioseo_breadcrumb_json":[{"label":"Home","link":"https:\/\/candas365.es\/noticias"},{"label":"Noticias Carre\u00f1o","link":"https:\/\/candas365.es\/noticias\/category\/noticias-carreno\/"},{"label":"Abierto el plazo de preinscripci\u00f3n en EI La Marinera de Cand\u00e1s","link":"https:\/\/candas365.es\/noticias\/abierto-el-plazo-de-preinscripcion-en-ei-la-marinera-de-candas\/"}],"_links":{"self":[{"href":"https:\/\/candas365.es\/noticias\/wp-json\/wp\/v2\/posts\/153894","targetHints":{"allow":["GET"]}}],"collection":[{"href":"https:\/\/candas365.es\/noticias\/wp-json\/wp\/v2\/posts"}],"about":[{"href":"https:\/\/candas365.es\/noticias\/wp-json\/wp\/v2\/types\/post"}],"author":[{"embeddable":true,"href":"https:\/\/candas365.es\/noticias\/wp-json\/wp\/v2\/users\/1"}],"replies":[{"embeddable":true,"href":"https:\/\/candas365.es\/noticias\/wp-json\/wp\/v2\/comments?post=153894"}],"version-history":[{"count":0,"href":"https:\/\/candas365.es\/noticias\/wp-json\/wp\/v2\/posts\/153894\/revisions"}],"wp:featuredmedia":[{"embeddable":true,"href":"https:\/\/candas365.es\/noticias\/wp-json\/wp\/v2\/media\/153895"}],"wp:attachment":[{"href":"https:\/\/candas365.es\/noticias\/wp-json\/wp\/v2\/media?parent=153894"}],"wp:term":[{"taxonomy":"category","embeddable":true,"href":"https:\/\/candas365.es\/noticias\/wp-json\/wp\/v2\/categories?post=153894"},{"taxonomy":"post_tag","embeddable":true,"href":"https:\/\/candas365.es\/noticias\/wp-json\/wp\/v2\/tags?post=153894"}],"curies":[{"name":"wp","href":"https:\/\/api.w.org\/{rel}","templated":true}]}}