{"id":153890,"date":"2021-04-13T00:06:02","date_gmt":"2021-04-13T00:06:02","guid":{"rendered":"http:\/\/candas365.es\/noticias\/?p=153890"},"modified":"2021-04-25T00:07:09","modified_gmt":"2021-04-25T00:07:09","slug":"el-ayuntamiento-de-carreno-organiza-una-sesion-informativa-para-el-vecindario","status":"publish","type":"post","link":"https:\/\/candas365.es\/noticias\/el-ayuntamiento-de-carreno-organiza-una-sesion-informativa-para-el-vecindario\/","title":{"rendered":"El Ayuntamiento de Carre\u00f1o organiza una sesi\u00f3n informativa para el vecindario"},"content":{"rendered":"<p><img fetchpriority=\"high\" decoding=\"async\" class=\"alignleft size-medium wp-image-2364\" src=\"https:\/\/candas365.es\/noticias\/wp-content\/uploads\/2014\/10\/Polivalente-360x270.jpg\" alt=\"\" width=\"360\" height=\"270\" srcset=\"https:\/\/candas365.es\/noticias\/wp-content\/uploads\/2014\/10\/Polivalente-360x270.jpg 360w, https:\/\/candas365.es\/noticias\/wp-content\/uploads\/2014\/10\/Polivalente-640x480.jpg 640w, https:\/\/candas365.es\/noticias\/wp-content\/uploads\/2014\/10\/Polivalente-768x576.jpg 768w, https:\/\/candas365.es\/noticias\/wp-content\/uploads\/2014\/10\/Polivalente-150x113.jpg 150w, https:\/\/candas365.es\/noticias\/wp-content\/uploads\/2014\/10\/Polivalente-450x338.jpg 450w, https:\/\/candas365.es\/noticias\/wp-content\/uploads\/2014\/10\/Polivalente-80x60.jpg 80w, https:\/\/candas365.es\/noticias\/wp-content\/uploads\/2014\/10\/Polivalente-265x198.jpg 265w, https:\/\/candas365.es\/noticias\/wp-content\/uploads\/2014\/10\/Polivalente-696x522.jpg 696w, https:\/\/candas365.es\/noticias\/wp-content\/uploads\/2014\/10\/Polivalente-560x420.jpg 560w, https:\/\/candas365.es\/noticias\/wp-content\/uploads\/2014\/10\/Polivalente-90x67.jpg 90w, https:\/\/candas365.es\/noticias\/wp-content\/uploads\/2014\/10\/Polivalente.jpg 1024w\" sizes=\"(max-width: 360px) 100vw, 360px\" \/>El Ayuntamiento de Carre\u00f1o organiza una sesi\u00f3n informativa para el vecindario sobre la aprobaci\u00f3n provisional del Plan General de Ordenaci\u00f3n Urbana para las unidades de Perlora y Carri\u00f3 que actualmente se encuentran en exposici\u00f3n p\u00fablica.<\/p>\n<p>El PGOU de Carre\u00f1o, se encuentra en vigor para todo el Concejo definitivamente desde el acuerdo de la Cuota del 14 de diciembre del 2011, salvo para estas dos bolsas de suelo situadas en las parroquias de Perlora y Carri\u00f3 que a d\u00eda de hoy siguen rigi\u00e9ndose por las Normas Subsidiaras de 1995.<\/p>\n<p>Desde el pasado 11 de Febrero y hasta el pr\u00f3ximo 10 de Mayo las unidades de actuaci\u00f3n 03-04-05-06-07-08-09 y 10 de Perlora y el N\u00facleo Rural de Otero y los Sistemas Generales de Carri\u00f3 est\u00e1n en exposici\u00f3n p\u00fablica. Con el objetivo de aclarar aquellas dudas que la ciudadan\u00eda de las dos parroquias pueda tener, se impulsa esta jornada informativa.<\/p>\n<p>A t\u00edtulo individual y a los colectivos que as\u00ed lo demandaron la arquitecta de la Oficina de Gesti\u00f3n Urban\u00edstica ha estado recibiendo y atendiendo consultas vecinales, desplaz\u00e1ndose a las antiguas escuelas cuando as\u00ed se lo demandaron.<\/p>\n<p>Desde el inicio de la exposici\u00f3n p\u00fablica y hasta la fecha se han presentado 11 alegaciones. Finalizando el plazo de presentaci\u00f3n de las mismas el Lunes, 10 de Mayo de 2021.<\/p>\n<p>Esta sesi\u00f3n informativa tendr\u00e1 lugar en los salones del Hotel Piedra de Perlora, el pr\u00f3ximo Viernes 23 Abril a las 18:00 horas. Siguiendo las directrices de las autoridades sanitarias, por motivos del Covid-19, el aforo ser\u00e1 limitado y siendo necesaria la inscripci\u00f3n previa. En el caso de que la demanda de inscripciones sea superior al n\u00famero de aforo permitido, se estudiar\u00e1 la posibilidad de realizar una segunda sesi\u00f3n informativa.<\/p>\n<p>&nbsp;<\/p>\n","protected":false},"excerpt":{"rendered":"<p>El Ayuntamiento de Carre\u00f1o organiza una sesi\u00f3n informativa para el vecindario sobre la aprobaci\u00f3n provisional del Plan General de Ordenaci\u00f3n Urbana para las unidades de Perlora y Carri\u00f3 que actualmente se encuentran en exposici\u00f3n p\u00fablica. El PGOU de Carre\u00f1o, se encuentra en vigor para todo el Concejo definitivamente desde el acuerdo de la Cuota del<\/p>\n","protected":false},"author":1,"featured_media":2364,"comment_status":"closed","ping_status":"closed","sticky":false,"template":"","format":"standard","meta":{"footnotes":""},"categories":[2],"tags":[],"class_list":{"0":"post-153890","1":"post","2":"type-post","3":"status-publish","4":"format-standard","5":"has-post-thumbnail","7":"category-noticias-carreno"},"aioseo_notices":[],"aioseo_head":"\n\t\t<!-- All in One SEO Pro 4.9.6.2 - aioseo.com -->\n\t<meta name=\"description\" content=\"El Ayuntamiento de Carre\u00f1o organiza una sesi\u00f3n informativa para el vecindario sobre la aprobaci\u00f3n provisional del Plan General de Ordenaci\u00f3n Urbana para las unidades de Perlora y Carri\u00f3 que actualmente se encuentran en exposici\u00f3n p\u00fablica. El PGOU de Carre\u00f1o, se encuentra en vigor para todo el Concejo definitivamente desde el acuerdo de la Cuota del\" \/>\n\t<meta name=\"robots\" content=\"max-image-preview:large\" \/>\n\t<meta name=\"author\" content=\"Cand\u00e1s 365\"\/>\n\t<meta name=\"google-site-verification\" content=\"UA-32230408-1\" \/>\n\t<meta name=\"msvalidate.01\" content=\"354F3CDFB2DA171B47FBE9ABF1F88D5\" \/>\n\t<meta name=\"keywords\" content=\"noticias carre\u00f1o\" \/>\n\t<link rel=\"canonical\" href=\"https:\/\/candas365.es\/noticias\/el-ayuntamiento-de-carreno-organiza-una-sesion-informativa-para-el-vecindario\/\" \/>\n\t<meta name=\"generator\" content=\"All in One SEO Pro (AIOSEO) 4.9.6.2\" \/>\n\t\t<meta property=\"og:locale\" content=\"es_ES\" \/>\n\t\t<meta property=\"og:site_name\" content=\"Cand\u00e1s 365\" \/>\n\t\t<meta property=\"og:type\" content=\"article\" \/>\n\t\t<meta property=\"og:title\" content=\"El Ayuntamiento de Carre\u00f1o organiza una sesi\u00f3n informativa para el vecindario | Cand\u00e1s 365\" \/>\n\t\t<meta property=\"og:description\" content=\"El Ayuntamiento de Carre\u00f1o organiza una sesi\u00f3n informativa para el vecindario sobre la aprobaci\u00f3n provisional del Plan General de Ordenaci\u00f3n Urbana para las unidades de Perlora y Carri\u00f3 que actualmente se encuentran en exposici\u00f3n p\u00fablica. El PGOU de Carre\u00f1o, se encuentra en vigor para todo el Concejo definitivamente desde el acuerdo de la Cuota del\" \/>\n\t\t<meta property=\"og:url\" content=\"https:\/\/candas365.es\/noticias\/el-ayuntamiento-de-carreno-organiza-una-sesion-informativa-para-el-vecindario\/\" \/>\n\t\t<meta property=\"og:image\" content=\"https:\/\/candas365.es\/noticias\/wp-content\/uploads\/2014\/10\/Polivalente.jpg\" \/>\n\t\t<meta property=\"og:image:secure_url\" content=\"https:\/\/candas365.es\/noticias\/wp-content\/uploads\/2014\/10\/Polivalente.jpg\" \/>\n\t\t<meta property=\"og:image:width\" content=\"1024\" \/>\n\t\t<meta property=\"og:image:height\" content=\"768\" \/>\n\t\t<meta property=\"article:published_time\" content=\"2021-04-13T00:06:02+00:00\" \/>\n\t\t<meta property=\"article:modified_time\" content=\"2021-04-25T00:07:09+00:00\" \/>\n\t\t<meta property=\"article:publisher\" content=\"https:\/\/www.facebook.com\/Nachofdezber\" \/>\n\t\t<meta property=\"article:author\" content=\"https:\/\/www.facebook.com\/carrenoactualidad\" \/>\n\t\t<meta name=\"twitter:card\" content=\"summary_large_image\" \/>\n\t\t<meta name=\"twitter:site\" content=\"@NabercoDigital\" \/>\n\t\t<meta name=\"twitter:title\" content=\"El Ayuntamiento de Carre\u00f1o organiza una sesi\u00f3n informativa para el vecindario | Cand\u00e1s 365\" \/>\n\t\t<meta name=\"twitter:description\" content=\"El Ayuntamiento de Carre\u00f1o organiza una sesi\u00f3n informativa para el vecindario sobre la aprobaci\u00f3n provisional del Plan General de Ordenaci\u00f3n Urbana para las unidades de Perlora y Carri\u00f3 que actualmente se encuentran en exposici\u00f3n p\u00fablica. El PGOU de Carre\u00f1o, se encuentra en vigor para todo el Concejo definitivamente desde el acuerdo de la Cuota del\" \/>\n\t\t<meta name=\"twitter:creator\" content=\"@nbasturias\" \/>\n\t\t<meta name=\"twitter:image\" content=\"https:\/\/candas365.es\/noticias\/wp-content\/uploads\/2014\/10\/Polivalente.jpg\" \/>\n\t\t<meta name=\"twitter:label1\" content=\"Escrito por\" \/>\n\t\t<meta name=\"twitter:data1\" content=\"Cand\u00e1s 365\" \/>\n\t\t<meta name=\"twitter:label2\" content=\"Tiempo de lectura estimado\" \/>\n\t\t<meta name=\"twitter:data2\" content=\"2 minutos\" \/>\n\t\t<script type=\"application\/ld+json\" class=\"aioseo-schema\">\n\t\t\t{\"@context\":\"https:\\\/\\\/schema.org\",\"@graph\":[{\"@type\":\"BreadcrumbList\",\"@id\":\"https:\\\/\\\/candas365.es\\\/noticias\\\/el-ayuntamiento-de-carreno-organiza-una-sesion-informativa-para-el-vecindario\\\/#breadcrumblist\",\"itemListElement\":[{\"@type\":\"ListItem\",\"@id\":\"https:\\\/\\\/candas365.es\\\/noticias#listItem\",\"position\":1,\"name\":\"Home\",\"item\":\"https:\\\/\\\/candas365.es\\\/noticias\",\"nextItem\":{\"@type\":\"ListItem\",\"@id\":\"https:\\\/\\\/candas365.es\\\/noticias\\\/category\\\/noticias-carreno\\\/#listItem\",\"name\":\"Noticias Carre\\u00f1o\"}},{\"@type\":\"ListItem\",\"@id\":\"https:\\\/\\\/candas365.es\\\/noticias\\\/category\\\/noticias-carreno\\\/#listItem\",\"position\":2,\"name\":\"Noticias Carre\\u00f1o\",\"item\":\"https:\\\/\\\/candas365.es\\\/noticias\\\/category\\\/noticias-carreno\\\/\",\"nextItem\":{\"@type\":\"ListItem\",\"@id\":\"https:\\\/\\\/candas365.es\\\/noticias\\\/el-ayuntamiento-de-carreno-organiza-una-sesion-informativa-para-el-vecindario\\\/#listItem\",\"name\":\"El Ayuntamiento de Carre\\u00f1o organiza una sesi\\u00f3n informativa para el vecindario\"},\"previousItem\":{\"@type\":\"ListItem\",\"@id\":\"https:\\\/\\\/candas365.es\\\/noticias#listItem\",\"name\":\"Home\"}},{\"@type\":\"ListItem\",\"@id\":\"https:\\\/\\\/candas365.es\\\/noticias\\\/el-ayuntamiento-de-carreno-organiza-una-sesion-informativa-para-el-vecindario\\\/#listItem\",\"position\":3,\"name\":\"El Ayuntamiento de Carre\\u00f1o organiza una sesi\\u00f3n informativa para el vecindario\",\"previousItem\":{\"@type\":\"ListItem\",\"@id\":\"https:\\\/\\\/candas365.es\\\/noticias\\\/category\\\/noticias-carreno\\\/#listItem\",\"name\":\"Noticias Carre\\u00f1o\"}}]},{\"@type\":\"NewsArticle\",\"@id\":\"https:\\\/\\\/candas365.es\\\/noticias\\\/el-ayuntamiento-de-carreno-organiza-una-sesion-informativa-para-el-vecindario\\\/#newsarticle\",\"name\":\"El Ayuntamiento de Carre\\u00f1o organiza una sesi\\u00f3n informativa para el vecindario | Cand\\u00e1s 365\",\"headline\":\"El Ayuntamiento de Carre\\u00f1o organiza una sesi\\u00f3n informativa para el vecindario\",\"author\":{\"@id\":\"https:\\\/\\\/candas365.es\\\/noticias\\\/author\\\/admin\\\/#author\"},\"publisher\":{\"@id\":\"https:\\\/\\\/candas365.es\\\/noticias\\\/#organization\"},\"image\":{\"@type\":\"ImageObject\",\"url\":\"https:\\\/\\\/candas365.es\\\/noticias\\\/wp-content\\\/uploads\\\/2014\\\/10\\\/Polivalente.jpg\",\"width\":1024,\"height\":768},\"datePublished\":\"2021-04-13T00:06:02+02:00\",\"dateModified\":\"2021-04-25T00:07:09+02:00\",\"inLanguage\":\"es-ES\",\"mainEntityOfPage\":{\"@id\":\"https:\\\/\\\/candas365.es\\\/noticias\\\/el-ayuntamiento-de-carreno-organiza-una-sesion-informativa-para-el-vecindario\\\/#webpage\"},\"isPartOf\":{\"@id\":\"https:\\\/\\\/candas365.es\\\/noticias\\\/el-ayuntamiento-de-carreno-organiza-una-sesion-informativa-para-el-vecindario\\\/#webpage\"},\"articleSection\":\"Noticias Carre\\u00f1o\",\"dateline\":\"Publicado el abril 13, 2021.\"},{\"@type\":\"Organization\",\"@id\":\"https:\\\/\\\/candas365.es\\\/noticias\\\/#organization\",\"name\":\"Cand\\u00e1s 365\",\"description\":\"Cand\\u00e1s 365 es un diario digital independiente, fundado en 2012, con base en Asturias. Informamos con rigor sobre actualidad, sociedad, cultura y ocio, con una mirada local y global.\",\"url\":\"https:\\\/\\\/candas365.es\\\/noticias\\\/\",\"email\":\"info@candas365.es\",\"telephone\":\"+34652131393\",\"foundingDate\":\"2012-06-10\",\"logo\":{\"@type\":\"ImageObject\",\"url\":\"https:\\\/\\\/candas365.es\\\/noticias\\\/wp-content\\\/uploads\\\/2024\\\/09\\\/Candas-365-Redes.jpg\",\"@id\":\"https:\\\/\\\/candas365.es\\\/noticias\\\/el-ayuntamiento-de-carreno-organiza-una-sesion-informativa-para-el-vecindario\\\/#organizationLogo\",\"width\":1152,\"height\":864,\"caption\":\"Cand\\u00e1s 365 Redes\"},\"image\":{\"@id\":\"https:\\\/\\\/candas365.es\\\/noticias\\\/el-ayuntamiento-de-carreno-organiza-una-sesion-informativa-para-el-vecindario\\\/#organizationLogo\"},\"sameAs\":[\"https:\\\/\\\/www.facebook.com\\\/Nachofdezber\",\"https:\\\/\\\/x.com\\\/NabercoDigital\",\"https:\\\/\\\/www.instagram.com\\\/nachofdezber\\\/\",\"https:\\\/\\\/www.youtube.com\\\/channel\\\/UCZP-2wLEB9Rv6erhFmqVnvg\"],\"address\":{\"@id\":\"https:\\\/\\\/candas365.es\\\/noticias\\\/#postaladdress\",\"@type\":\"PostalAddress\",\"streetAddress\":\"san antonio 4, san antonio 4\",\"postalCode\":\"33430\",\"addressLocality\":\"Cand\\u00e1s\",\"addressRegion\":\"Asturias\",\"addressCountry\":\"ES\"}},{\"@type\":\"Person\",\"@id\":\"https:\\\/\\\/candas365.es\\\/noticias\\\/author\\\/admin\\\/#author\",\"url\":\"https:\\\/\\\/candas365.es\\\/noticias\\\/author\\\/admin\\\/\",\"name\":\"Cand\\u00e1s 365\",\"image\":{\"@type\":\"ImageObject\",\"@id\":\"https:\\\/\\\/candas365.es\\\/noticias\\\/el-ayuntamiento-de-carreno-organiza-una-sesion-informativa-para-el-vecindario\\\/#authorImage\",\"url\":\"https:\\\/\\\/secure.gravatar.com\\\/avatar\\\/496a8e03d0c493ede1718b7934145dbdf8d89be1036b0eec9544e1094c9de390?s=96&d=mm&r=g\",\"width\":96,\"height\":96,\"caption\":\"Cand\\u00e1s 365\"},\"sameAs\":[\"https:\\\/\\\/www.facebook.com\\\/carrenoactualidad\",\"https:\\\/\\\/twitter.com\\\/nbasturias\",\"https:\\\/\\\/www.instagram.com\\\/nachofdezber\\\/\",\"https:\\\/\\\/www.youtube.com\\\/channel\\\/UCZP-2wLEB9Rv6erhFmqVnvg\"]},{\"@type\":\"WebPage\",\"@id\":\"https:\\\/\\\/candas365.es\\\/noticias\\\/el-ayuntamiento-de-carreno-organiza-una-sesion-informativa-para-el-vecindario\\\/#webpage\",\"url\":\"https:\\\/\\\/candas365.es\\\/noticias\\\/el-ayuntamiento-de-carreno-organiza-una-sesion-informativa-para-el-vecindario\\\/\",\"name\":\"El Ayuntamiento de Carre\\u00f1o organiza una sesi\\u00f3n informativa para el vecindario | Cand\\u00e1s 365\",\"description\":\"El Ayuntamiento de Carre\\u00f1o organiza una sesi\\u00f3n informativa para el vecindario sobre la aprobaci\\u00f3n provisional del Plan General de Ordenaci\\u00f3n Urbana para las unidades de Perlora y Carri\\u00f3 que actualmente se encuentran en exposici\\u00f3n p\\u00fablica. El PGOU de Carre\\u00f1o, se encuentra en vigor para todo el Concejo definitivamente desde el acuerdo de la Cuota del\",\"inLanguage\":\"es-ES\",\"isPartOf\":{\"@id\":\"https:\\\/\\\/candas365.es\\\/noticias\\\/#website\"},\"breadcrumb\":{\"@id\":\"https:\\\/\\\/candas365.es\\\/noticias\\\/el-ayuntamiento-de-carreno-organiza-una-sesion-informativa-para-el-vecindario\\\/#breadcrumblist\"},\"author\":{\"@id\":\"https:\\\/\\\/candas365.es\\\/noticias\\\/author\\\/admin\\\/#author\"},\"creator\":{\"@id\":\"https:\\\/\\\/candas365.es\\\/noticias\\\/author\\\/admin\\\/#author\"},\"image\":{\"@type\":\"ImageObject\",\"url\":\"https:\\\/\\\/candas365.es\\\/noticias\\\/wp-content\\\/uploads\\\/2014\\\/10\\\/Polivalente.jpg\",\"@id\":\"https:\\\/\\\/candas365.es\\\/noticias\\\/el-ayuntamiento-de-carreno-organiza-una-sesion-informativa-para-el-vecindario\\\/#mainImage\",\"width\":1024,\"height\":768},\"primaryImageOfPage\":{\"@id\":\"https:\\\/\\\/candas365.es\\\/noticias\\\/el-ayuntamiento-de-carreno-organiza-una-sesion-informativa-para-el-vecindario\\\/#mainImage\"},\"datePublished\":\"2021-04-13T00:06:02+02:00\",\"dateModified\":\"2021-04-25T00:07:09+02:00\"},{\"@type\":\"WebSite\",\"@id\":\"https:\\\/\\\/candas365.es\\\/noticias\\\/#website\",\"url\":\"https:\\\/\\\/candas365.es\\\/noticias\\\/\",\"name\":\"Cand\\u00e1s 365\",\"alternateName\":\"Cand\\u00e1s 365 Noticias\",\"description\":\"Actualidad desde Carre\\u00f1o para el mundo\",\"inLanguage\":\"es-ES\",\"publisher\":{\"@id\":\"https:\\\/\\\/candas365.es\\\/noticias\\\/#organization\"}}]}\n\t\t<\/script>\n\t\t<!-- All in One SEO Pro -->\r\n\t\t<title>El Ayuntamiento de Carre\u00f1o organiza una sesi\u00f3n informativa para el vecindario | Cand\u00e1s 365<\/title>\n\n","aioseo_head_json":{"title":"El Ayuntamiento de Carre\u00f1o organiza una sesi\u00f3n informativa para el vecindario | Cand\u00e1s 365","description":"El Ayuntamiento de Carre\u00f1o organiza una sesi\u00f3n informativa para el vecindario sobre la aprobaci\u00f3n provisional del Plan General de Ordenaci\u00f3n Urbana para las unidades de Perlora y Carri\u00f3 que actualmente se encuentran en exposici\u00f3n p\u00fablica. El PGOU de Carre\u00f1o, se encuentra en vigor para todo el Concejo definitivamente desde el acuerdo de la Cuota del","canonical_url":"https:\/\/candas365.es\/noticias\/el-ayuntamiento-de-carreno-organiza-una-sesion-informativa-para-el-vecindario\/","robots":"max-image-preview:large","keywords":"noticias carre\u00f1o","webmasterTools":{"google-site-verification":"UA-32230408-1","msvalidate.01":"354F3CDFB2DA171B47FBE9ABF1F88D5","miscellaneous":""},"schema":{"@context":"https:\/\/schema.org","@graph":[{"@type":"BreadcrumbList","@id":"https:\/\/candas365.es\/noticias\/el-ayuntamiento-de-carreno-organiza-una-sesion-informativa-para-el-vecindario\/#breadcrumblist","itemListElement":[{"@type":"ListItem","@id":"https:\/\/candas365.es\/noticias#listItem","position":1,"name":"Home","item":"https:\/\/candas365.es\/noticias","nextItem":{"@type":"ListItem","@id":"https:\/\/candas365.es\/noticias\/category\/noticias-carreno\/#listItem","name":"Noticias Carre\u00f1o"}},{"@type":"ListItem","@id":"https:\/\/candas365.es\/noticias\/category\/noticias-carreno\/#listItem","position":2,"name":"Noticias Carre\u00f1o","item":"https:\/\/candas365.es\/noticias\/category\/noticias-carreno\/","nextItem":{"@type":"ListItem","@id":"https:\/\/candas365.es\/noticias\/el-ayuntamiento-de-carreno-organiza-una-sesion-informativa-para-el-vecindario\/#listItem","name":"El Ayuntamiento de Carre\u00f1o organiza una sesi\u00f3n informativa para el vecindario"},"previousItem":{"@type":"ListItem","@id":"https:\/\/candas365.es\/noticias#listItem","name":"Home"}},{"@type":"ListItem","@id":"https:\/\/candas365.es\/noticias\/el-ayuntamiento-de-carreno-organiza-una-sesion-informativa-para-el-vecindario\/#listItem","position":3,"name":"El Ayuntamiento de Carre\u00f1o organiza una sesi\u00f3n informativa para el vecindario","previousItem":{"@type":"ListItem","@id":"https:\/\/candas365.es\/noticias\/category\/noticias-carreno\/#listItem","name":"Noticias Carre\u00f1o"}}]},{"@type":"NewsArticle","@id":"https:\/\/candas365.es\/noticias\/el-ayuntamiento-de-carreno-organiza-una-sesion-informativa-para-el-vecindario\/#newsarticle","name":"El Ayuntamiento de Carre\u00f1o organiza una sesi\u00f3n informativa para el vecindario | Cand\u00e1s 365","headline":"El Ayuntamiento de Carre\u00f1o organiza una sesi\u00f3n informativa para el vecindario","author":{"@id":"https:\/\/candas365.es\/noticias\/author\/admin\/#author"},"publisher":{"@id":"https:\/\/candas365.es\/noticias\/#organization"},"image":{"@type":"ImageObject","url":"https:\/\/candas365.es\/noticias\/wp-content\/uploads\/2014\/10\/Polivalente.jpg","width":1024,"height":768},"datePublished":"2021-04-13T00:06:02+02:00","dateModified":"2021-04-25T00:07:09+02:00","inLanguage":"es-ES","mainEntityOfPage":{"@id":"https:\/\/candas365.es\/noticias\/el-ayuntamiento-de-carreno-organiza-una-sesion-informativa-para-el-vecindario\/#webpage"},"isPartOf":{"@id":"https:\/\/candas365.es\/noticias\/el-ayuntamiento-de-carreno-organiza-una-sesion-informativa-para-el-vecindario\/#webpage"},"articleSection":"Noticias Carre\u00f1o","dateline":"Publicado el abril 13, 2021."},{"@type":"Organization","@id":"https:\/\/candas365.es\/noticias\/#organization","name":"Cand\u00e1s 365","description":"Cand\u00e1s 365 es un diario digital independiente, fundado en 2012, con base en Asturias. Informamos con rigor sobre actualidad, sociedad, cultura y ocio, con una mirada local y global.","url":"https:\/\/candas365.es\/noticias\/","email":"info@candas365.es","telephone":"+34652131393","foundingDate":"2012-06-10","logo":{"@type":"ImageObject","url":"https:\/\/candas365.es\/noticias\/wp-content\/uploads\/2024\/09\/Candas-365-Redes.jpg","@id":"https:\/\/candas365.es\/noticias\/el-ayuntamiento-de-carreno-organiza-una-sesion-informativa-para-el-vecindario\/#organizationLogo","width":1152,"height":864,"caption":"Cand\u00e1s 365 Redes"},"image":{"@id":"https:\/\/candas365.es\/noticias\/el-ayuntamiento-de-carreno-organiza-una-sesion-informativa-para-el-vecindario\/#organizationLogo"},"sameAs":["https:\/\/www.facebook.com\/Nachofdezber","https:\/\/x.com\/NabercoDigital","https:\/\/www.instagram.com\/nachofdezber\/","https:\/\/www.youtube.com\/channel\/UCZP-2wLEB9Rv6erhFmqVnvg"],"address":{"@id":"https:\/\/candas365.es\/noticias\/#postaladdress","@type":"PostalAddress","streetAddress":"san antonio 4, san antonio 4","postalCode":"33430","addressLocality":"Cand\u00e1s","addressRegion":"Asturias","addressCountry":"ES"}},{"@type":"Person","@id":"https:\/\/candas365.es\/noticias\/author\/admin\/#author","url":"https:\/\/candas365.es\/noticias\/author\/admin\/","name":"Cand\u00e1s 365","image":{"@type":"ImageObject","@id":"https:\/\/candas365.es\/noticias\/el-ayuntamiento-de-carreno-organiza-una-sesion-informativa-para-el-vecindario\/#authorImage","url":"https:\/\/secure.gravatar.com\/avatar\/496a8e03d0c493ede1718b7934145dbdf8d89be1036b0eec9544e1094c9de390?s=96&d=mm&r=g","width":96,"height":96,"caption":"Cand\u00e1s 365"},"sameAs":["https:\/\/www.facebook.com\/carrenoactualidad","https:\/\/twitter.com\/nbasturias","https:\/\/www.instagram.com\/nachofdezber\/","https:\/\/www.youtube.com\/channel\/UCZP-2wLEB9Rv6erhFmqVnvg"]},{"@type":"WebPage","@id":"https:\/\/candas365.es\/noticias\/el-ayuntamiento-de-carreno-organiza-una-sesion-informativa-para-el-vecindario\/#webpage","url":"https:\/\/candas365.es\/noticias\/el-ayuntamiento-de-carreno-organiza-una-sesion-informativa-para-el-vecindario\/","name":"El Ayuntamiento de Carre\u00f1o organiza una sesi\u00f3n informativa para el vecindario | Cand\u00e1s 365","description":"El Ayuntamiento de Carre\u00f1o organiza una sesi\u00f3n informativa para el vecindario sobre la aprobaci\u00f3n provisional del Plan General de Ordenaci\u00f3n Urbana para las unidades de Perlora y Carri\u00f3 que actualmente se encuentran en exposici\u00f3n p\u00fablica. El PGOU de Carre\u00f1o, se encuentra en vigor para todo el Concejo definitivamente desde el acuerdo de la Cuota del","inLanguage":"es-ES","isPartOf":{"@id":"https:\/\/candas365.es\/noticias\/#website"},"breadcrumb":{"@id":"https:\/\/candas365.es\/noticias\/el-ayuntamiento-de-carreno-organiza-una-sesion-informativa-para-el-vecindario\/#breadcrumblist"},"author":{"@id":"https:\/\/candas365.es\/noticias\/author\/admin\/#author"},"creator":{"@id":"https:\/\/candas365.es\/noticias\/author\/admin\/#author"},"image":{"@type":"ImageObject","url":"https:\/\/candas365.es\/noticias\/wp-content\/uploads\/2014\/10\/Polivalente.jpg","@id":"https:\/\/candas365.es\/noticias\/el-ayuntamiento-de-carreno-organiza-una-sesion-informativa-para-el-vecindario\/#mainImage","width":1024,"height":768},"primaryImageOfPage":{"@id":"https:\/\/candas365.es\/noticias\/el-ayuntamiento-de-carreno-organiza-una-sesion-informativa-para-el-vecindario\/#mainImage"},"datePublished":"2021-04-13T00:06:02+02:00","dateModified":"2021-04-25T00:07:09+02:00"},{"@type":"WebSite","@id":"https:\/\/candas365.es\/noticias\/#website","url":"https:\/\/candas365.es\/noticias\/","name":"Cand\u00e1s 365","alternateName":"Cand\u00e1s 365 Noticias","description":"Actualidad desde Carre\u00f1o para el mundo","inLanguage":"es-ES","publisher":{"@id":"https:\/\/candas365.es\/noticias\/#organization"}}]},"og:locale":"es_ES","og:site_name":"Cand\u00e1s 365","og:type":"article","og:title":"El Ayuntamiento de Carre\u00f1o organiza una sesi\u00f3n informativa para el vecindario | Cand\u00e1s 365","og:description":"El Ayuntamiento de Carre\u00f1o organiza una sesi\u00f3n informativa para el vecindario sobre la aprobaci\u00f3n provisional del Plan General de Ordenaci\u00f3n Urbana para las unidades de Perlora y Carri\u00f3 que actualmente se encuentran en exposici\u00f3n p\u00fablica. El PGOU de Carre\u00f1o, se encuentra en vigor para todo el Concejo definitivamente desde el acuerdo de la Cuota del","og:url":"https:\/\/candas365.es\/noticias\/el-ayuntamiento-de-carreno-organiza-una-sesion-informativa-para-el-vecindario\/","og:image":"https:\/\/candas365.es\/noticias\/wp-content\/uploads\/2014\/10\/Polivalente.jpg","og:image:secure_url":"https:\/\/candas365.es\/noticias\/wp-content\/uploads\/2014\/10\/Polivalente.jpg","og:image:width":1024,"og:image:height":768,"article:published_time":"2021-04-13T00:06:02+00:00","article:modified_time":"2021-04-25T00:07:09+00:00","article:publisher":"https:\/\/www.facebook.com\/Nachofdezber","article:author":"https:\/\/www.facebook.com\/carrenoactualidad","twitter:card":"summary_large_image","twitter:site":"@NabercoDigital","twitter:title":"El Ayuntamiento de Carre\u00f1o organiza una sesi\u00f3n informativa para el vecindario | Cand\u00e1s 365","twitter:description":"El Ayuntamiento de Carre\u00f1o organiza una sesi\u00f3n informativa para el vecindario sobre la aprobaci\u00f3n provisional del Plan General de Ordenaci\u00f3n Urbana para las unidades de Perlora y Carri\u00f3 que actualmente se encuentran en exposici\u00f3n p\u00fablica. El PGOU de Carre\u00f1o, se encuentra en vigor para todo el Concejo definitivamente desde el acuerdo de la Cuota del","twitter:creator":"@nbasturias","twitter:image":"https:\/\/candas365.es\/noticias\/wp-content\/uploads\/2014\/10\/Polivalente.jpg","twitter:label1":"Escrito por","twitter:data1":"Cand\u00e1s 365","twitter:label2":"Tiempo de lectura estimado","twitter:data2":"2 minutos"},"aioseo_meta_data":{"post_id":"153890","title":null,"description":null,"keywords":[],"keyphrases":{"focus":[],"additional":[]},"primary_term":null,"canonical_url":null,"og_title":null,"og_description":null,"og_object_type":"default","og_image_type":"default","og_image_url":null,"og_image_width":null,"og_image_height":null,"og_image_custom_url":null,"og_image_custom_fields":null,"og_video":"","og_custom_url":null,"og_article_section":null,"og_article_tags":[],"twitter_use_og":false,"twitter_card":"default","twitter_image_type":"default","twitter_image_url":null,"twitter_image_custom_url":null,"twitter_image_custom_fields":null,"twitter_title":null,"twitter_description":null,"schema":{"blockGraphs":[],"customGraphs":[],"default":{"data":{"Article":[],"Course":[],"Dataset":[],"FAQPage":[],"Movie":[],"Person":[],"Product":[],"ProductReview":[],"Car":[],"Recipe":[],"Service":[],"SoftwareApplication":[],"WebPage":[]},"graphName":"","isEnabled":true},"graphs":[]},"schema_type":"default","schema_type_options":"{\"article\":{\"articleType\":\"BlogPosting\"},\"course\":{\"name\":\"\",\"description\":\"\",\"provider\":\"\"},\"faq\":{\"pages\":[]},\"product\":{\"reviews\":[]},\"recipe\":{\"ingredients\":[],\"instructions\":[],\"keywords\":[]},\"software\":{\"reviews\":[],\"operatingSystems\":[]},\"webPage\":{\"webPageType\":\"WebPage\"}}","pillar_content":false,"robots_default":true,"robots_noindex":false,"robots_noarchive":false,"robots_nosnippet":false,"robots_nofollow":false,"robots_noimageindex":false,"robots_noodp":false,"robots_notranslate":false,"robots_max_snippet":"-1","robots_max_videopreview":"-1","robots_max_imagepreview":"large","priority":null,"frequency":"default","location":null,"local_seo":{"locations":{"business":{"name":"","businessType":"","image":"","areaServed":"","urls":{"website":"","aboutPage":"","contactPage":""},"address":{"streetLine1":"","streetLine2":"","zipCode":"","city":"","state":"","country":"","addressFormat":"#streetLineOne\n#streetLineTwo\n#city, #state #zipCode"},"contact":{"phone":"","email":"","fax":""},"ids":{"vat":"","tax":"","chamberOfCommerce":""},"payment":{"priceRange":"","currenciesAccepted":"","methods":""}}},"openingHours":{"useDefaults":true,"show":true,"alwaysOpen":false,"use24hFormat":false,"timezone":"","labels":{"closed":"","alwaysOpen":""},"days":{"monday":{"open24h":false,"closed":false,"openTime":"09:00","closeTime":"17:00"},"tuesday":{"open24h":false,"closed":false,"openTime":"09:00","closeTime":"17:00"},"wednesday":{"open24h":false,"closed":false,"openTime":"09:00","closeTime":"17:00"},"thursday":{"open24h":false,"closed":false,"openTime":"09:00","closeTime":"17:00"},"friday":{"open24h":false,"closed":false,"openTime":"09:00","closeTime":"17:00"},"saturday":{"open24h":false,"closed":false,"openTime":"09:00","closeTime":"17:00"},"sunday":{"open24h":false,"closed":false,"openTime":"09:00","closeTime":"17:00"}}}},"seo_analyzer_scan_date":"2025-08-31 19:55:18","breadcrumb_settings":null,"limit_modified_date":false,"reviewed_by":null,"open_ai":null,"ai":null,"created":"2021-04-25 00:06:02","updated":"2025-08-31 19:55:18"},"aioseo_breadcrumb":"<div class=\"aioseo-breadcrumbs\"><span class=\"aioseo-breadcrumb\">\n\t<a href=\"https:\/\/candas365.es\/noticias\" title=\"Home\">Home<\/a>\n<\/span><span class=\"aioseo-breadcrumb-separator\">&ndash;<\/span><span class=\"aioseo-breadcrumb\">\n\t<a href=\"https:\/\/candas365.es\/noticias\/category\/noticias-carreno\/\" title=\"Noticias Carre\u00f1o\">Noticias Carre\u00f1o<\/a>\n<\/span><span class=\"aioseo-breadcrumb-separator\">&ndash;<\/span><span class=\"aioseo-breadcrumb\">\n\tEl Ayuntamiento de Carre\u00f1o organiza una sesi\u00f3n informativa para el vecindario\n<\/span><\/div>","aioseo_breadcrumb_json":[{"label":"Home","link":"https:\/\/candas365.es\/noticias"},{"label":"Noticias Carre\u00f1o","link":"https:\/\/candas365.es\/noticias\/category\/noticias-carreno\/"},{"label":"El Ayuntamiento de Carre\u00f1o organiza una sesi\u00f3n informativa para el vecindario","link":"https:\/\/candas365.es\/noticias\/el-ayuntamiento-de-carreno-organiza-una-sesion-informativa-para-el-vecindario\/"}],"_links":{"self":[{"href":"https:\/\/candas365.es\/noticias\/wp-json\/wp\/v2\/posts\/153890","targetHints":{"allow":["GET"]}}],"collection":[{"href":"https:\/\/candas365.es\/noticias\/wp-json\/wp\/v2\/posts"}],"about":[{"href":"https:\/\/candas365.es\/noticias\/wp-json\/wp\/v2\/types\/post"}],"author":[{"embeddable":true,"href":"https:\/\/candas365.es\/noticias\/wp-json\/wp\/v2\/users\/1"}],"replies":[{"embeddable":true,"href":"https:\/\/candas365.es\/noticias\/wp-json\/wp\/v2\/comments?post=153890"}],"version-history":[{"count":0,"href":"https:\/\/candas365.es\/noticias\/wp-json\/wp\/v2\/posts\/153890\/revisions"}],"wp:featuredmedia":[{"embeddable":true,"href":"https:\/\/candas365.es\/noticias\/wp-json\/wp\/v2\/media\/2364"}],"wp:attachment":[{"href":"https:\/\/candas365.es\/noticias\/wp-json\/wp\/v2\/media?parent=153890"}],"wp:term":[{"taxonomy":"category","embeddable":true,"href":"https:\/\/candas365.es\/noticias\/wp-json\/wp\/v2\/categories?post=153890"},{"taxonomy":"post_tag","embeddable":true,"href":"https:\/\/candas365.es\/noticias\/wp-json\/wp\/v2\/tags?post=153890"}],"curies":[{"name":"wp","href":"https:\/\/api.w.org\/{rel}","templated":true}]}}