{"id":153888,"date":"2021-04-10T00:03:26","date_gmt":"2021-04-10T00:03:26","guid":{"rendered":"http:\/\/candas365.es\/noticias\/?p=153888"},"modified":"2021-04-25T00:04:27","modified_gmt":"2021-04-25T00:04:27","slug":"mejoras-en-la-as-19-gijon-aviles-a-su-paso-por-carreno","status":"publish","type":"post","link":"https:\/\/candas365.es\/noticias\/mejoras-en-la-as-19-gijon-aviles-a-su-paso-por-carreno\/","title":{"rendered":"Mejoras en la AS-19 Gij\u00f3n-Avil\u00e9s a su paso por Carre\u00f1o"},"content":{"rendered":"<p><img fetchpriority=\"high\" decoding=\"async\" class=\"alignleft size-medium wp-image-6453\" src=\"https:\/\/candas365.es\/noticias\/wp-content\/uploads\/2015\/01\/ayuntamiento-360x270.jpg\" alt=\"\" width=\"360\" height=\"270\" srcset=\"https:\/\/candas365.es\/noticias\/wp-content\/uploads\/2015\/01\/ayuntamiento-360x270.jpg 360w, https:\/\/candas365.es\/noticias\/wp-content\/uploads\/2015\/01\/ayuntamiento-640x480.jpg 640w, https:\/\/candas365.es\/noticias\/wp-content\/uploads\/2015\/01\/ayuntamiento-768x576.jpg 768w, https:\/\/candas365.es\/noticias\/wp-content\/uploads\/2015\/01\/ayuntamiento-150x113.jpg 150w, https:\/\/candas365.es\/noticias\/wp-content\/uploads\/2015\/01\/ayuntamiento-450x338.jpg 450w, https:\/\/candas365.es\/noticias\/wp-content\/uploads\/2015\/01\/ayuntamiento-80x60.jpg 80w, https:\/\/candas365.es\/noticias\/wp-content\/uploads\/2015\/01\/ayuntamiento-265x198.jpg 265w, https:\/\/candas365.es\/noticias\/wp-content\/uploads\/2015\/01\/ayuntamiento-696x522.jpg 696w, https:\/\/candas365.es\/noticias\/wp-content\/uploads\/2015\/01\/ayuntamiento-560x420.jpg 560w, https:\/\/candas365.es\/noticias\/wp-content\/uploads\/2015\/01\/ayuntamiento-90x67.jpg 90w, https:\/\/candas365.es\/noticias\/wp-content\/uploads\/2015\/01\/ayuntamiento.jpg 800w\" sizes=\"(max-width: 360px) 100vw, 360px\" \/>La Consejer\u00eda de Medio Rural y Cohesi\u00f3n Territorial acomete las obras de mejoras en los PK 6+350 y Pk 7+00 de la AS-19.<\/p>\n<p>\u201cEn la carretera AS-19, de titularidad auton\u00f3mica, a su paso por la parroquia de Prendes, se localizaban dos hundimientos, en el margen derecho del vial (sentido Avil\u00e9s). Los cuales pod\u00edan acabar provocando problemas de seguridad en la circulaci\u00f3n si segu\u00edan afectando a la plataforma. El primero, en el PK 6+350, se localiza sobre una secci\u00f3n a media ladera. La zona del terrapl\u00e9n ha ido desmoron\u00e1ndose y parte de su material ha ca\u00eddo en la finca inferior. Mientras que el situado en el PK 7+00 se produce en una peque\u00f1a vaguada con abundante arbolado\u201d explic\u00f3 Manuel Noceda \u2013 Concejal de Medio Rural.<\/p>\n<p>Una vez la Consejer\u00eda realiz\u00f3 las pruebas t\u00e9cnicas necesarias al fin de determinar el alcance real de los desperfectos, encarg\u00f3 a la ingenier\u00eda Servicios y Proyectos de Ingenier\u00eda Civil, S.A, perteneciente al Grupo INCA la redacci\u00f3n del proyecto de mejora del vial que regir\u00eda el proceso de licitaci\u00f3n de las mejoras necesarias.<\/p>\n<p>\u201cTras el proceso de licitaci\u00f3n correspondiente, abierto y ordinario, al que concurrieron 11 empresas del sector, las obras de mejora de la AS-19, fueron adjudicadas a Ramadal, S.L. por un importe final de 169.944,50 \u20ac, Iva incluido, al ser la oferta m\u00e1s ventajosa en t\u00e9rminos de calidad-precio\u201d avanz\u00f3 el Concejal.<\/p>\n<p>Los materiales sobre los que asienta la infraestructura auton\u00f3mica determinaron las obras a realizar, calizas, dolom\u00edas y margas de la formaci\u00f3n ra\u00f1eces del dev\u00f3nico inferior en contacto con los dep\u00f3sitos aluviales cuaternarios del cauce del arroyo Reconco. De tal forma que las mejoras programadas consisten en:<\/p>\n<p>\u2022 En el PK 6+350. Se proyect\u00f3 la reparaci\u00f3n de la plataforma mediante la ejecuci\u00f3n de un muro de sostenimiento de escollera apoyado directamente sobre el sustrato rocoso. Con una anchura en cabezade 2,00 m y el cuerpo de la escollera una pendiente de 1H\/5V en el trasd\u00f3s y 1H\/3V en la cara vista (intrad\u00f3s), con una altura m\u00e1xima de 6,0 m sobre la zapata. Retaluzado del perfil del terrapl\u00e9n y la eliminaci\u00f3n de los materiales ca\u00eddos a la finca inferior. La longitud de la actuaci\u00f3n ser\u00e1 de 58,00 m.<\/p>\n<p>\u2022 En el PK 7+00. Al no ser factible la ejecuci\u00f3n directa de un muro de sostenimiento, se plante\u00f3 situarlo sobre una cimentaci\u00f3n profunda mediante la ejecuci\u00f3n de una pantalla de micropilotes colocados al tresbolillo de 145 mm de di\u00e1metro de excavaci\u00f3n y armado mediante perfil met\u00e1lico hueco de 90 mm de di\u00e1metro y 5 mm de espesor. Sobre esta pantalla se ejecutar\u00e1 un muro de hormig\u00f3n armado con dimensiones de 1,5 m de altura y 1,0 m de anchura a modo de zuncho. La longitud de la actuaci\u00f3n ser\u00e1 de 18,00 m.<\/p>\n<p>Una vez finalizadas estas obras se repondr\u00e1 el firme. Y complementando la actuaci\u00f3n con la colocaci\u00f3n de la barrera de seguridad, la se\u00f1alizaci\u00f3n horizontal, as\u00ed como de la l\u00ednea de alumbrado que existe en esta margen de la carretera.<\/p>\n<p>&nbsp;<\/p>\n","protected":false},"excerpt":{"rendered":"<p>La Consejer\u00eda de Medio Rural y Cohesi\u00f3n Territorial acomete las obras de mejoras en los PK 6+350 y Pk 7+00 de la AS-19. \u201cEn la carretera AS-19, de titularidad auton\u00f3mica, a su paso por la parroquia de Prendes, se localizaban dos hundimientos, en el margen derecho del vial (sentido Avil\u00e9s). Los cuales pod\u00edan acabar provocando<\/p>\n","protected":false},"author":1,"featured_media":6453,"comment_status":"closed","ping_status":"closed","sticky":false,"template":"","format":"standard","meta":{"footnotes":""},"categories":[2],"tags":[],"class_list":{"0":"post-153888","1":"post","2":"type-post","3":"status-publish","4":"format-standard","5":"has-post-thumbnail","7":"category-noticias-carreno"},"aioseo_notices":[],"aioseo_head":"\n\t\t<!-- All in One SEO Pro 4.9.6.2 - aioseo.com -->\n\t<meta name=\"description\" content=\"La Consejer\u00eda de Medio Rural y Cohesi\u00f3n Territorial acomete las obras de mejoras en los PK 6+350 y Pk 7+00 de la AS-19. \u201cEn la carretera AS-19, de titularidad auton\u00f3mica, a su paso por la parroquia de Prendes, se localizaban dos hundimientos, en el margen derecho del vial (sentido Avil\u00e9s). Los cuales pod\u00edan acabar provocando\" \/>\n\t<meta name=\"robots\" content=\"max-image-preview:large\" \/>\n\t<meta name=\"author\" content=\"Cand\u00e1s 365\"\/>\n\t<meta name=\"google-site-verification\" content=\"UA-32230408-1\" \/>\n\t<meta name=\"msvalidate.01\" content=\"354F3CDFB2DA171B47FBE9ABF1F88D5\" \/>\n\t<meta name=\"keywords\" content=\"noticias carre\u00f1o\" \/>\n\t<link rel=\"canonical\" href=\"https:\/\/candas365.es\/noticias\/mejoras-en-la-as-19-gijon-aviles-a-su-paso-por-carreno\/\" \/>\n\t<meta name=\"generator\" content=\"All in One SEO Pro (AIOSEO) 4.9.6.2\" \/>\n\t\t<meta property=\"og:locale\" content=\"es_ES\" \/>\n\t\t<meta property=\"og:site_name\" content=\"Cand\u00e1s 365\" \/>\n\t\t<meta property=\"og:type\" content=\"article\" \/>\n\t\t<meta property=\"og:title\" content=\"Mejoras en la AS-19 Gij\u00f3n-Avil\u00e9s a su paso por Carre\u00f1o | Cand\u00e1s 365\" \/>\n\t\t<meta property=\"og:description\" content=\"La Consejer\u00eda de Medio Rural y Cohesi\u00f3n Territorial acomete las obras de mejoras en los PK 6+350 y Pk 7+00 de la AS-19. \u201cEn la carretera AS-19, de titularidad auton\u00f3mica, a su paso por la parroquia de Prendes, se localizaban dos hundimientos, en el margen derecho del vial (sentido Avil\u00e9s). Los cuales pod\u00edan acabar provocando\" \/>\n\t\t<meta property=\"og:url\" content=\"https:\/\/candas365.es\/noticias\/mejoras-en-la-as-19-gijon-aviles-a-su-paso-por-carreno\/\" \/>\n\t\t<meta property=\"og:image\" content=\"https:\/\/candas365.es\/noticias\/wp-content\/uploads\/2015\/01\/ayuntamiento.jpg\" \/>\n\t\t<meta property=\"og:image:secure_url\" content=\"https:\/\/candas365.es\/noticias\/wp-content\/uploads\/2015\/01\/ayuntamiento.jpg\" \/>\n\t\t<meta property=\"og:image:width\" content=\"800\" \/>\n\t\t<meta property=\"og:image:height\" content=\"600\" \/>\n\t\t<meta property=\"article:published_time\" content=\"2021-04-10T00:03:26+00:00\" \/>\n\t\t<meta property=\"article:modified_time\" content=\"2021-04-25T00:04:27+00:00\" \/>\n\t\t<meta property=\"article:publisher\" content=\"https:\/\/www.facebook.com\/Nachofdezber\" \/>\n\t\t<meta property=\"article:author\" content=\"https:\/\/www.facebook.com\/carrenoactualidad\" \/>\n\t\t<meta name=\"twitter:card\" content=\"summary_large_image\" \/>\n\t\t<meta name=\"twitter:site\" content=\"@NabercoDigital\" \/>\n\t\t<meta name=\"twitter:title\" content=\"Mejoras en la AS-19 Gij\u00f3n-Avil\u00e9s a su paso por Carre\u00f1o | Cand\u00e1s 365\" \/>\n\t\t<meta name=\"twitter:description\" content=\"La Consejer\u00eda de Medio Rural y Cohesi\u00f3n Territorial acomete las obras de mejoras en los PK 6+350 y Pk 7+00 de la AS-19. \u201cEn la carretera AS-19, de titularidad auton\u00f3mica, a su paso por la parroquia de Prendes, se localizaban dos hundimientos, en el margen derecho del vial (sentido Avil\u00e9s). Los cuales pod\u00edan acabar provocando\" \/>\n\t\t<meta name=\"twitter:creator\" content=\"@nbasturias\" \/>\n\t\t<meta name=\"twitter:image\" content=\"https:\/\/candas365.es\/noticias\/wp-content\/uploads\/2015\/01\/ayuntamiento.jpg\" \/>\n\t\t<meta name=\"twitter:label1\" content=\"Escrito por\" \/>\n\t\t<meta name=\"twitter:data1\" content=\"Cand\u00e1s 365\" \/>\n\t\t<meta name=\"twitter:label2\" content=\"Tiempo de lectura estimado\" \/>\n\t\t<meta name=\"twitter:data2\" content=\"3 minutos\" \/>\n\t\t<script type=\"application\/ld+json\" class=\"aioseo-schema\">\n\t\t\t{\"@context\":\"https:\\\/\\\/schema.org\",\"@graph\":[{\"@type\":\"BreadcrumbList\",\"@id\":\"https:\\\/\\\/candas365.es\\\/noticias\\\/mejoras-en-la-as-19-gijon-aviles-a-su-paso-por-carreno\\\/#breadcrumblist\",\"itemListElement\":[{\"@type\":\"ListItem\",\"@id\":\"https:\\\/\\\/candas365.es\\\/noticias#listItem\",\"position\":1,\"name\":\"Home\",\"item\":\"https:\\\/\\\/candas365.es\\\/noticias\",\"nextItem\":{\"@type\":\"ListItem\",\"@id\":\"https:\\\/\\\/candas365.es\\\/noticias\\\/category\\\/noticias-carreno\\\/#listItem\",\"name\":\"Noticias Carre\\u00f1o\"}},{\"@type\":\"ListItem\",\"@id\":\"https:\\\/\\\/candas365.es\\\/noticias\\\/category\\\/noticias-carreno\\\/#listItem\",\"position\":2,\"name\":\"Noticias Carre\\u00f1o\",\"item\":\"https:\\\/\\\/candas365.es\\\/noticias\\\/category\\\/noticias-carreno\\\/\",\"nextItem\":{\"@type\":\"ListItem\",\"@id\":\"https:\\\/\\\/candas365.es\\\/noticias\\\/mejoras-en-la-as-19-gijon-aviles-a-su-paso-por-carreno\\\/#listItem\",\"name\":\"Mejoras en la AS-19 Gij\\u00f3n-Avil\\u00e9s a su paso por Carre\\u00f1o\"},\"previousItem\":{\"@type\":\"ListItem\",\"@id\":\"https:\\\/\\\/candas365.es\\\/noticias#listItem\",\"name\":\"Home\"}},{\"@type\":\"ListItem\",\"@id\":\"https:\\\/\\\/candas365.es\\\/noticias\\\/mejoras-en-la-as-19-gijon-aviles-a-su-paso-por-carreno\\\/#listItem\",\"position\":3,\"name\":\"Mejoras en la AS-19 Gij\\u00f3n-Avil\\u00e9s a su paso por Carre\\u00f1o\",\"previousItem\":{\"@type\":\"ListItem\",\"@id\":\"https:\\\/\\\/candas365.es\\\/noticias\\\/category\\\/noticias-carreno\\\/#listItem\",\"name\":\"Noticias Carre\\u00f1o\"}}]},{\"@type\":\"NewsArticle\",\"@id\":\"https:\\\/\\\/candas365.es\\\/noticias\\\/mejoras-en-la-as-19-gijon-aviles-a-su-paso-por-carreno\\\/#newsarticle\",\"name\":\"Mejoras en la AS-19 Gij\\u00f3n-Avil\\u00e9s a su paso por Carre\\u00f1o | Cand\\u00e1s 365\",\"headline\":\"Mejoras en la AS-19 Gij\\u00f3n-Avil\\u00e9s a su paso por Carre\\u00f1o\",\"author\":{\"@id\":\"https:\\\/\\\/candas365.es\\\/noticias\\\/author\\\/admin\\\/#author\"},\"publisher\":{\"@id\":\"https:\\\/\\\/candas365.es\\\/noticias\\\/#organization\"},\"image\":{\"@type\":\"ImageObject\",\"url\":\"https:\\\/\\\/candas365.es\\\/noticias\\\/wp-content\\\/uploads\\\/2015\\\/01\\\/ayuntamiento.jpg\",\"width\":800,\"height\":600,\"caption\":\"Carre\\u00f1o\"},\"datePublished\":\"2021-04-10T00:03:26+02:00\",\"dateModified\":\"2021-04-25T00:04:27+02:00\",\"inLanguage\":\"es-ES\",\"mainEntityOfPage\":{\"@id\":\"https:\\\/\\\/candas365.es\\\/noticias\\\/mejoras-en-la-as-19-gijon-aviles-a-su-paso-por-carreno\\\/#webpage\"},\"isPartOf\":{\"@id\":\"https:\\\/\\\/candas365.es\\\/noticias\\\/mejoras-en-la-as-19-gijon-aviles-a-su-paso-por-carreno\\\/#webpage\"},\"articleSection\":\"Noticias Carre\\u00f1o\",\"dateline\":\"Publicado el abril 10, 2021.\"},{\"@type\":\"Organization\",\"@id\":\"https:\\\/\\\/candas365.es\\\/noticias\\\/#organization\",\"name\":\"Cand\\u00e1s 365\",\"description\":\"Cand\\u00e1s 365 es un diario digital independiente, fundado en 2012, con base en Asturias. Informamos con rigor sobre actualidad, sociedad, cultura y ocio, con una mirada local y global.\",\"url\":\"https:\\\/\\\/candas365.es\\\/noticias\\\/\",\"email\":\"info@candas365.es\",\"telephone\":\"+34652131393\",\"foundingDate\":\"2012-06-10\",\"logo\":{\"@type\":\"ImageObject\",\"url\":\"https:\\\/\\\/candas365.es\\\/noticias\\\/wp-content\\\/uploads\\\/2024\\\/09\\\/Candas-365-Redes.jpg\",\"@id\":\"https:\\\/\\\/candas365.es\\\/noticias\\\/mejoras-en-la-as-19-gijon-aviles-a-su-paso-por-carreno\\\/#organizationLogo\",\"width\":1152,\"height\":864,\"caption\":\"Cand\\u00e1s 365 Redes\"},\"image\":{\"@id\":\"https:\\\/\\\/candas365.es\\\/noticias\\\/mejoras-en-la-as-19-gijon-aviles-a-su-paso-por-carreno\\\/#organizationLogo\"},\"sameAs\":[\"https:\\\/\\\/www.facebook.com\\\/Nachofdezber\",\"https:\\\/\\\/x.com\\\/NabercoDigital\",\"https:\\\/\\\/www.instagram.com\\\/nachofdezber\\\/\",\"https:\\\/\\\/www.youtube.com\\\/channel\\\/UCZP-2wLEB9Rv6erhFmqVnvg\"],\"address\":{\"@id\":\"https:\\\/\\\/candas365.es\\\/noticias\\\/#postaladdress\",\"@type\":\"PostalAddress\",\"streetAddress\":\"san antonio 4, san antonio 4\",\"postalCode\":\"33430\",\"addressLocality\":\"Cand\\u00e1s\",\"addressRegion\":\"Asturias\",\"addressCountry\":\"ES\"}},{\"@type\":\"Person\",\"@id\":\"https:\\\/\\\/candas365.es\\\/noticias\\\/author\\\/admin\\\/#author\",\"url\":\"https:\\\/\\\/candas365.es\\\/noticias\\\/author\\\/admin\\\/\",\"name\":\"Cand\\u00e1s 365\",\"image\":{\"@type\":\"ImageObject\",\"@id\":\"https:\\\/\\\/candas365.es\\\/noticias\\\/mejoras-en-la-as-19-gijon-aviles-a-su-paso-por-carreno\\\/#authorImage\",\"url\":\"https:\\\/\\\/secure.gravatar.com\\\/avatar\\\/496a8e03d0c493ede1718b7934145dbdf8d89be1036b0eec9544e1094c9de390?s=96&d=mm&r=g\",\"width\":96,\"height\":96,\"caption\":\"Cand\\u00e1s 365\"},\"sameAs\":[\"https:\\\/\\\/www.facebook.com\\\/carrenoactualidad\",\"https:\\\/\\\/twitter.com\\\/nbasturias\",\"https:\\\/\\\/www.instagram.com\\\/nachofdezber\\\/\",\"https:\\\/\\\/www.youtube.com\\\/channel\\\/UCZP-2wLEB9Rv6erhFmqVnvg\"]},{\"@type\":\"WebPage\",\"@id\":\"https:\\\/\\\/candas365.es\\\/noticias\\\/mejoras-en-la-as-19-gijon-aviles-a-su-paso-por-carreno\\\/#webpage\",\"url\":\"https:\\\/\\\/candas365.es\\\/noticias\\\/mejoras-en-la-as-19-gijon-aviles-a-su-paso-por-carreno\\\/\",\"name\":\"Mejoras en la AS-19 Gij\\u00f3n-Avil\\u00e9s a su paso por Carre\\u00f1o | Cand\\u00e1s 365\",\"description\":\"La Consejer\\u00eda de Medio Rural y Cohesi\\u00f3n Territorial acomete las obras de mejoras en los PK 6+350 y Pk 7+00 de la AS-19. \\u201cEn la carretera AS-19, de titularidad auton\\u00f3mica, a su paso por la parroquia de Prendes, se localizaban dos hundimientos, en el margen derecho del vial (sentido Avil\\u00e9s). Los cuales pod\\u00edan acabar provocando\",\"inLanguage\":\"es-ES\",\"isPartOf\":{\"@id\":\"https:\\\/\\\/candas365.es\\\/noticias\\\/#website\"},\"breadcrumb\":{\"@id\":\"https:\\\/\\\/candas365.es\\\/noticias\\\/mejoras-en-la-as-19-gijon-aviles-a-su-paso-por-carreno\\\/#breadcrumblist\"},\"author\":{\"@id\":\"https:\\\/\\\/candas365.es\\\/noticias\\\/author\\\/admin\\\/#author\"},\"creator\":{\"@id\":\"https:\\\/\\\/candas365.es\\\/noticias\\\/author\\\/admin\\\/#author\"},\"image\":{\"@type\":\"ImageObject\",\"url\":\"https:\\\/\\\/candas365.es\\\/noticias\\\/wp-content\\\/uploads\\\/2015\\\/01\\\/ayuntamiento.jpg\",\"@id\":\"https:\\\/\\\/candas365.es\\\/noticias\\\/mejoras-en-la-as-19-gijon-aviles-a-su-paso-por-carreno\\\/#mainImage\",\"width\":800,\"height\":600,\"caption\":\"Carre\\u00f1o\"},\"primaryImageOfPage\":{\"@id\":\"https:\\\/\\\/candas365.es\\\/noticias\\\/mejoras-en-la-as-19-gijon-aviles-a-su-paso-por-carreno\\\/#mainImage\"},\"datePublished\":\"2021-04-10T00:03:26+02:00\",\"dateModified\":\"2021-04-25T00:04:27+02:00\"},{\"@type\":\"WebSite\",\"@id\":\"https:\\\/\\\/candas365.es\\\/noticias\\\/#website\",\"url\":\"https:\\\/\\\/candas365.es\\\/noticias\\\/\",\"name\":\"Cand\\u00e1s 365\",\"alternateName\":\"Cand\\u00e1s 365 Noticias\",\"description\":\"Actualidad desde Carre\\u00f1o para el mundo\",\"inLanguage\":\"es-ES\",\"publisher\":{\"@id\":\"https:\\\/\\\/candas365.es\\\/noticias\\\/#organization\"}}]}\n\t\t<\/script>\n\t\t<!-- All in One SEO Pro -->\r\n\t\t<title>Mejoras en la AS-19 Gij\u00f3n-Avil\u00e9s a su paso por Carre\u00f1o | Cand\u00e1s 365<\/title>\n\n","aioseo_head_json":{"title":"Mejoras en la AS-19 Gij\u00f3n-Avil\u00e9s a su paso por Carre\u00f1o | Cand\u00e1s 365","description":"La Consejer\u00eda de Medio Rural y Cohesi\u00f3n Territorial acomete las obras de mejoras en los PK 6+350 y Pk 7+00 de la AS-19. \u201cEn la carretera AS-19, de titularidad auton\u00f3mica, a su paso por la parroquia de Prendes, se localizaban dos hundimientos, en el margen derecho del vial (sentido Avil\u00e9s). Los cuales pod\u00edan acabar provocando","canonical_url":"https:\/\/candas365.es\/noticias\/mejoras-en-la-as-19-gijon-aviles-a-su-paso-por-carreno\/","robots":"max-image-preview:large","keywords":"noticias carre\u00f1o","webmasterTools":{"google-site-verification":"UA-32230408-1","msvalidate.01":"354F3CDFB2DA171B47FBE9ABF1F88D5","miscellaneous":""},"schema":{"@context":"https:\/\/schema.org","@graph":[{"@type":"BreadcrumbList","@id":"https:\/\/candas365.es\/noticias\/mejoras-en-la-as-19-gijon-aviles-a-su-paso-por-carreno\/#breadcrumblist","itemListElement":[{"@type":"ListItem","@id":"https:\/\/candas365.es\/noticias#listItem","position":1,"name":"Home","item":"https:\/\/candas365.es\/noticias","nextItem":{"@type":"ListItem","@id":"https:\/\/candas365.es\/noticias\/category\/noticias-carreno\/#listItem","name":"Noticias Carre\u00f1o"}},{"@type":"ListItem","@id":"https:\/\/candas365.es\/noticias\/category\/noticias-carreno\/#listItem","position":2,"name":"Noticias Carre\u00f1o","item":"https:\/\/candas365.es\/noticias\/category\/noticias-carreno\/","nextItem":{"@type":"ListItem","@id":"https:\/\/candas365.es\/noticias\/mejoras-en-la-as-19-gijon-aviles-a-su-paso-por-carreno\/#listItem","name":"Mejoras en la AS-19 Gij\u00f3n-Avil\u00e9s a su paso por Carre\u00f1o"},"previousItem":{"@type":"ListItem","@id":"https:\/\/candas365.es\/noticias#listItem","name":"Home"}},{"@type":"ListItem","@id":"https:\/\/candas365.es\/noticias\/mejoras-en-la-as-19-gijon-aviles-a-su-paso-por-carreno\/#listItem","position":3,"name":"Mejoras en la AS-19 Gij\u00f3n-Avil\u00e9s a su paso por Carre\u00f1o","previousItem":{"@type":"ListItem","@id":"https:\/\/candas365.es\/noticias\/category\/noticias-carreno\/#listItem","name":"Noticias Carre\u00f1o"}}]},{"@type":"NewsArticle","@id":"https:\/\/candas365.es\/noticias\/mejoras-en-la-as-19-gijon-aviles-a-su-paso-por-carreno\/#newsarticle","name":"Mejoras en la AS-19 Gij\u00f3n-Avil\u00e9s a su paso por Carre\u00f1o | Cand\u00e1s 365","headline":"Mejoras en la AS-19 Gij\u00f3n-Avil\u00e9s a su paso por Carre\u00f1o","author":{"@id":"https:\/\/candas365.es\/noticias\/author\/admin\/#author"},"publisher":{"@id":"https:\/\/candas365.es\/noticias\/#organization"},"image":{"@type":"ImageObject","url":"https:\/\/candas365.es\/noticias\/wp-content\/uploads\/2015\/01\/ayuntamiento.jpg","width":800,"height":600,"caption":"Carre\u00f1o"},"datePublished":"2021-04-10T00:03:26+02:00","dateModified":"2021-04-25T00:04:27+02:00","inLanguage":"es-ES","mainEntityOfPage":{"@id":"https:\/\/candas365.es\/noticias\/mejoras-en-la-as-19-gijon-aviles-a-su-paso-por-carreno\/#webpage"},"isPartOf":{"@id":"https:\/\/candas365.es\/noticias\/mejoras-en-la-as-19-gijon-aviles-a-su-paso-por-carreno\/#webpage"},"articleSection":"Noticias Carre\u00f1o","dateline":"Publicado el abril 10, 2021."},{"@type":"Organization","@id":"https:\/\/candas365.es\/noticias\/#organization","name":"Cand\u00e1s 365","description":"Cand\u00e1s 365 es un diario digital independiente, fundado en 2012, con base en Asturias. Informamos con rigor sobre actualidad, sociedad, cultura y ocio, con una mirada local y global.","url":"https:\/\/candas365.es\/noticias\/","email":"info@candas365.es","telephone":"+34652131393","foundingDate":"2012-06-10","logo":{"@type":"ImageObject","url":"https:\/\/candas365.es\/noticias\/wp-content\/uploads\/2024\/09\/Candas-365-Redes.jpg","@id":"https:\/\/candas365.es\/noticias\/mejoras-en-la-as-19-gijon-aviles-a-su-paso-por-carreno\/#organizationLogo","width":1152,"height":864,"caption":"Cand\u00e1s 365 Redes"},"image":{"@id":"https:\/\/candas365.es\/noticias\/mejoras-en-la-as-19-gijon-aviles-a-su-paso-por-carreno\/#organizationLogo"},"sameAs":["https:\/\/www.facebook.com\/Nachofdezber","https:\/\/x.com\/NabercoDigital","https:\/\/www.instagram.com\/nachofdezber\/","https:\/\/www.youtube.com\/channel\/UCZP-2wLEB9Rv6erhFmqVnvg"],"address":{"@id":"https:\/\/candas365.es\/noticias\/#postaladdress","@type":"PostalAddress","streetAddress":"san antonio 4, san antonio 4","postalCode":"33430","addressLocality":"Cand\u00e1s","addressRegion":"Asturias","addressCountry":"ES"}},{"@type":"Person","@id":"https:\/\/candas365.es\/noticias\/author\/admin\/#author","url":"https:\/\/candas365.es\/noticias\/author\/admin\/","name":"Cand\u00e1s 365","image":{"@type":"ImageObject","@id":"https:\/\/candas365.es\/noticias\/mejoras-en-la-as-19-gijon-aviles-a-su-paso-por-carreno\/#authorImage","url":"https:\/\/secure.gravatar.com\/avatar\/496a8e03d0c493ede1718b7934145dbdf8d89be1036b0eec9544e1094c9de390?s=96&d=mm&r=g","width":96,"height":96,"caption":"Cand\u00e1s 365"},"sameAs":["https:\/\/www.facebook.com\/carrenoactualidad","https:\/\/twitter.com\/nbasturias","https:\/\/www.instagram.com\/nachofdezber\/","https:\/\/www.youtube.com\/channel\/UCZP-2wLEB9Rv6erhFmqVnvg"]},{"@type":"WebPage","@id":"https:\/\/candas365.es\/noticias\/mejoras-en-la-as-19-gijon-aviles-a-su-paso-por-carreno\/#webpage","url":"https:\/\/candas365.es\/noticias\/mejoras-en-la-as-19-gijon-aviles-a-su-paso-por-carreno\/","name":"Mejoras en la AS-19 Gij\u00f3n-Avil\u00e9s a su paso por Carre\u00f1o | Cand\u00e1s 365","description":"La Consejer\u00eda de Medio Rural y Cohesi\u00f3n Territorial acomete las obras de mejoras en los PK 6+350 y Pk 7+00 de la AS-19. \u201cEn la carretera AS-19, de titularidad auton\u00f3mica, a su paso por la parroquia de Prendes, se localizaban dos hundimientos, en el margen derecho del vial (sentido Avil\u00e9s). Los cuales pod\u00edan acabar provocando","inLanguage":"es-ES","isPartOf":{"@id":"https:\/\/candas365.es\/noticias\/#website"},"breadcrumb":{"@id":"https:\/\/candas365.es\/noticias\/mejoras-en-la-as-19-gijon-aviles-a-su-paso-por-carreno\/#breadcrumblist"},"author":{"@id":"https:\/\/candas365.es\/noticias\/author\/admin\/#author"},"creator":{"@id":"https:\/\/candas365.es\/noticias\/author\/admin\/#author"},"image":{"@type":"ImageObject","url":"https:\/\/candas365.es\/noticias\/wp-content\/uploads\/2015\/01\/ayuntamiento.jpg","@id":"https:\/\/candas365.es\/noticias\/mejoras-en-la-as-19-gijon-aviles-a-su-paso-por-carreno\/#mainImage","width":800,"height":600,"caption":"Carre\u00f1o"},"primaryImageOfPage":{"@id":"https:\/\/candas365.es\/noticias\/mejoras-en-la-as-19-gijon-aviles-a-su-paso-por-carreno\/#mainImage"},"datePublished":"2021-04-10T00:03:26+02:00","dateModified":"2021-04-25T00:04:27+02:00"},{"@type":"WebSite","@id":"https:\/\/candas365.es\/noticias\/#website","url":"https:\/\/candas365.es\/noticias\/","name":"Cand\u00e1s 365","alternateName":"Cand\u00e1s 365 Noticias","description":"Actualidad desde Carre\u00f1o para el mundo","inLanguage":"es-ES","publisher":{"@id":"https:\/\/candas365.es\/noticias\/#organization"}}]},"og:locale":"es_ES","og:site_name":"Cand\u00e1s 365","og:type":"article","og:title":"Mejoras en la AS-19 Gij\u00f3n-Avil\u00e9s a su paso por Carre\u00f1o | Cand\u00e1s 365","og:description":"La Consejer\u00eda de Medio Rural y Cohesi\u00f3n Territorial acomete las obras de mejoras en los PK 6+350 y Pk 7+00 de la AS-19. \u201cEn la carretera AS-19, de titularidad auton\u00f3mica, a su paso por la parroquia de Prendes, se localizaban dos hundimientos, en el margen derecho del vial (sentido Avil\u00e9s). Los cuales pod\u00edan acabar provocando","og:url":"https:\/\/candas365.es\/noticias\/mejoras-en-la-as-19-gijon-aviles-a-su-paso-por-carreno\/","og:image":"https:\/\/candas365.es\/noticias\/wp-content\/uploads\/2015\/01\/ayuntamiento.jpg","og:image:secure_url":"https:\/\/candas365.es\/noticias\/wp-content\/uploads\/2015\/01\/ayuntamiento.jpg","og:image:width":800,"og:image:height":600,"article:published_time":"2021-04-10T00:03:26+00:00","article:modified_time":"2021-04-25T00:04:27+00:00","article:publisher":"https:\/\/www.facebook.com\/Nachofdezber","article:author":"https:\/\/www.facebook.com\/carrenoactualidad","twitter:card":"summary_large_image","twitter:site":"@NabercoDigital","twitter:title":"Mejoras en la AS-19 Gij\u00f3n-Avil\u00e9s a su paso por Carre\u00f1o | Cand\u00e1s 365","twitter:description":"La Consejer\u00eda de Medio Rural y Cohesi\u00f3n Territorial acomete las obras de mejoras en los PK 6+350 y Pk 7+00 de la AS-19. \u201cEn la carretera AS-19, de titularidad auton\u00f3mica, a su paso por la parroquia de Prendes, se localizaban dos hundimientos, en el margen derecho del vial (sentido Avil\u00e9s). Los cuales pod\u00edan acabar provocando","twitter:creator":"@nbasturias","twitter:image":"https:\/\/candas365.es\/noticias\/wp-content\/uploads\/2015\/01\/ayuntamiento.jpg","twitter:label1":"Escrito por","twitter:data1":"Cand\u00e1s 365","twitter:label2":"Tiempo de lectura estimado","twitter:data2":"3 minutos"},"aioseo_meta_data":{"post_id":"153888","title":null,"description":null,"keywords":[],"keyphrases":{"focus":[],"additional":[]},"primary_term":null,"canonical_url":null,"og_title":null,"og_description":null,"og_object_type":"default","og_image_type":"default","og_image_url":null,"og_image_width":null,"og_image_height":null,"og_image_custom_url":null,"og_image_custom_fields":null,"og_video":"","og_custom_url":null,"og_article_section":null,"og_article_tags":[],"twitter_use_og":false,"twitter_card":"default","twitter_image_type":"default","twitter_image_url":null,"twitter_image_custom_url":null,"twitter_image_custom_fields":null,"twitter_title":null,"twitter_description":null,"schema":{"blockGraphs":[],"customGraphs":[],"default":{"data":{"Article":[],"Course":[],"Dataset":[],"FAQPage":[],"Movie":[],"Person":[],"Product":[],"ProductReview":[],"Car":[],"Recipe":[],"Service":[],"SoftwareApplication":[],"WebPage":[]},"graphName":"","isEnabled":true},"graphs":[],"defaultGraph":"Article","defaultPostTypeGraph":""},"schema_type":"default","schema_type_options":"{\"article\":{\"articleType\":\"BlogPosting\"},\"course\":{\"name\":\"\",\"description\":\"\",\"provider\":\"\"},\"faq\":{\"pages\":[]},\"product\":{\"reviews\":[]},\"recipe\":{\"ingredients\":[],\"instructions\":[],\"keywords\":[]},\"software\":{\"reviews\":[],\"operatingSystems\":[]},\"webPage\":{\"webPageType\":\"WebPage\"}}","pillar_content":false,"robots_default":true,"robots_noindex":false,"robots_noarchive":false,"robots_nosnippet":false,"robots_nofollow":false,"robots_noimageindex":false,"robots_noodp":false,"robots_notranslate":false,"robots_max_snippet":"-1","robots_max_videopreview":"-1","robots_max_imagepreview":"large","priority":null,"frequency":"default","location":null,"local_seo":{"locations":{"business":{"name":"","businessType":"","image":"","areaServed":"","urls":{"website":"","aboutPage":"","contactPage":""},"address":{"streetLine1":"","streetLine2":"","zipCode":"","city":"","state":"","country":"","addressFormat":"#streetLineOne\n#streetLineTwo\n#city, #state #zipCode"},"contact":{"phone":"","email":"","fax":""},"ids":{"vat":"","tax":"","chamberOfCommerce":""},"payment":{"priceRange":"","currenciesAccepted":"","methods":""}}},"openingHours":{"useDefaults":true,"show":true,"alwaysOpen":false,"use24hFormat":false,"timezone":"","labels":{"closed":"","alwaysOpen":""},"days":{"monday":{"open24h":false,"closed":false,"openTime":"09:00","closeTime":"17:00"},"tuesday":{"open24h":false,"closed":false,"openTime":"09:00","closeTime":"17:00"},"wednesday":{"open24h":false,"closed":false,"openTime":"09:00","closeTime":"17:00"},"thursday":{"open24h":false,"closed":false,"openTime":"09:00","closeTime":"17:00"},"friday":{"open24h":false,"closed":false,"openTime":"09:00","closeTime":"17:00"},"saturday":{"open24h":false,"closed":false,"openTime":"09:00","closeTime":"17:00"},"sunday":{"open24h":false,"closed":false,"openTime":"09:00","closeTime":"17:00"}}}},"seo_analyzer_scan_date":"2025-08-31 19:44:21","breadcrumb_settings":null,"limit_modified_date":false,"reviewed_by":null,"open_ai":null,"ai":null,"created":"2021-04-25 00:03:26","updated":"2025-08-31 19:44:21"},"aioseo_breadcrumb":"<div class=\"aioseo-breadcrumbs\"><span class=\"aioseo-breadcrumb\">\n\t<a href=\"https:\/\/candas365.es\/noticias\" title=\"Home\">Home<\/a>\n<\/span><span class=\"aioseo-breadcrumb-separator\">&ndash;<\/span><span class=\"aioseo-breadcrumb\">\n\t<a href=\"https:\/\/candas365.es\/noticias\/category\/noticias-carreno\/\" title=\"Noticias Carre\u00f1o\">Noticias Carre\u00f1o<\/a>\n<\/span><span class=\"aioseo-breadcrumb-separator\">&ndash;<\/span><span class=\"aioseo-breadcrumb\">\n\tMejoras en la AS-19 Gij\u00f3n-Avil\u00e9s a su paso por Carre\u00f1o\n<\/span><\/div>","aioseo_breadcrumb_json":[{"label":"Home","link":"https:\/\/candas365.es\/noticias"},{"label":"Noticias Carre\u00f1o","link":"https:\/\/candas365.es\/noticias\/category\/noticias-carreno\/"},{"label":"Mejoras en la AS-19 Gij\u00f3n-Avil\u00e9s a su paso por Carre\u00f1o","link":"https:\/\/candas365.es\/noticias\/mejoras-en-la-as-19-gijon-aviles-a-su-paso-por-carreno\/"}],"_links":{"self":[{"href":"https:\/\/candas365.es\/noticias\/wp-json\/wp\/v2\/posts\/153888","targetHints":{"allow":["GET"]}}],"collection":[{"href":"https:\/\/candas365.es\/noticias\/wp-json\/wp\/v2\/posts"}],"about":[{"href":"https:\/\/candas365.es\/noticias\/wp-json\/wp\/v2\/types\/post"}],"author":[{"embeddable":true,"href":"https:\/\/candas365.es\/noticias\/wp-json\/wp\/v2\/users\/1"}],"replies":[{"embeddable":true,"href":"https:\/\/candas365.es\/noticias\/wp-json\/wp\/v2\/comments?post=153888"}],"version-history":[{"count":0,"href":"https:\/\/candas365.es\/noticias\/wp-json\/wp\/v2\/posts\/153888\/revisions"}],"wp:featuredmedia":[{"embeddable":true,"href":"https:\/\/candas365.es\/noticias\/wp-json\/wp\/v2\/media\/6453"}],"wp:attachment":[{"href":"https:\/\/candas365.es\/noticias\/wp-json\/wp\/v2\/media?parent=153888"}],"wp:term":[{"taxonomy":"category","embeddable":true,"href":"https:\/\/candas365.es\/noticias\/wp-json\/wp\/v2\/categories?post=153888"},{"taxonomy":"post_tag","embeddable":true,"href":"https:\/\/candas365.es\/noticias\/wp-json\/wp\/v2\/tags?post=153888"}],"curies":[{"name":"wp","href":"https:\/\/api.w.org\/{rel}","templated":true}]}}