{"id":153881,"date":"2021-04-24T23:49:49","date_gmt":"2021-04-24T23:49:49","guid":{"rendered":"http:\/\/candas365.es\/noticias\/?p=153881"},"modified":"2021-04-24T23:49:49","modified_gmt":"2021-04-24T23:49:49","slug":"eco-transformacion-de-las-zonas-verdes-del-colegio-poeta-anton","status":"publish","type":"post","link":"https:\/\/candas365.es\/noticias\/eco-transformacion-de-las-zonas-verdes-del-colegio-poeta-anton\/","title":{"rendered":"Eco-Transformaci\u00f3n de las Zonas Verdes del Colegio Poeta Ant\u00f3n"},"content":{"rendered":"<p><img fetchpriority=\"high\" decoding=\"async\" class=\"alignleft size-medium wp-image-6453\" src=\"https:\/\/candas365.es\/noticias\/wp-content\/uploads\/2015\/01\/ayuntamiento-360x270.jpg\" alt=\"\" width=\"360\" height=\"270\" srcset=\"https:\/\/candas365.es\/noticias\/wp-content\/uploads\/2015\/01\/ayuntamiento-360x270.jpg 360w, https:\/\/candas365.es\/noticias\/wp-content\/uploads\/2015\/01\/ayuntamiento-640x480.jpg 640w, https:\/\/candas365.es\/noticias\/wp-content\/uploads\/2015\/01\/ayuntamiento-768x576.jpg 768w, https:\/\/candas365.es\/noticias\/wp-content\/uploads\/2015\/01\/ayuntamiento-150x113.jpg 150w, https:\/\/candas365.es\/noticias\/wp-content\/uploads\/2015\/01\/ayuntamiento-450x338.jpg 450w, https:\/\/candas365.es\/noticias\/wp-content\/uploads\/2015\/01\/ayuntamiento-80x60.jpg 80w, https:\/\/candas365.es\/noticias\/wp-content\/uploads\/2015\/01\/ayuntamiento-265x198.jpg 265w, https:\/\/candas365.es\/noticias\/wp-content\/uploads\/2015\/01\/ayuntamiento-696x522.jpg 696w, https:\/\/candas365.es\/noticias\/wp-content\/uploads\/2015\/01\/ayuntamiento-560x420.jpg 560w, https:\/\/candas365.es\/noticias\/wp-content\/uploads\/2015\/01\/ayuntamiento-90x67.jpg 90w, https:\/\/candas365.es\/noticias\/wp-content\/uploads\/2015\/01\/ayuntamiento.jpg 800w\" sizes=\"(max-width: 360px) 100vw, 360px\" \/>Con la vuelta a la actividad docente, tras las vacaciones de Semana Santa, la comunidad educativa del Colegio Poeta Ant\u00f3n, comienza a disfrutar del resultado del programa educativo \u201cEco-Trasformaci\u00f3n de las Zonas Verdes\u201d en el que est\u00e1 incluido la instalaci\u00f3n de tres mesas de exterior.<\/p>\n<p>\u201cLa instalaci\u00f3n de estas mesas es fruto de la colaboraci\u00f3n entre el Ayuntamiento de Carre\u00f1o y el Colegio Poeta Ant\u00f3n. Por un lado, el Servicio Municipal de Obras fue el encargado de su instalaci\u00f3n, mientras que el Colegio se encarg\u00f3 de la adquisici\u00f3n del mobiliario. El cual fue adquirido con fondos procedentes de la Subvenci\u00f3n Municipal para Proyectos Medios Ambientales del a\u00f1o 2020. Recibiendo el Centro la cantidad de 1.975,09 \u20ac para la realizaci\u00f3n de una serie de actividades medio ambientales, entre las que se encuentra este proyecto de Eco-Transformaci\u00f3n del entorno\u201d se\u00f1al\u00f3 \u00c1ngel Ruiz \u2013 Concejal de Medio Ambiente.<\/p>\n<p>\u201cEl respeto por la naturaleza comienza por el descubrimiento de la misma y para ello es necesario, tocar, sentir e intervenir en su desarrollo. Por lo que las acciones sobre el medio ambiente deben estar fomentadas en ese respeto por nuestro entorno m\u00e1s inmediato. La crisis sanitaria actual ha hecho que nos demos cuenta de la importancia de cuidar las zonas verdes, pero no s\u00f3lo para nuestro bienestar sino tambi\u00e9n como un nuevo espacio en el que poder desarrollar actividades que tradicionalmente ven\u00edan realiz\u00e1ndose en el aula\u201d explic\u00f3 Benigno Exp\u00f3sito \u2013 Director del Colegio Poeta Ant\u00f3n.<\/p>\n<p>\u201cPara el desarrollo del programa educativo \u201cEco-Trasformaci\u00f3n de las Zonas Verdes\u201d se cre\u00f3 un grupo de trabajo formado por el profesorado para avanzar en la mejora de las instalaciones exteriores. Dentro de este plan de mejora, una vez se realiz\u00f3 consulta al alumnado para conocer sus inquietudes, el grupo de trabajo incluy\u00f3 la necesidad de crear una zona donde poder sentarse a jugar y a realizar actividades al aire libre. Una mejora que ven\u00eda a completar y complementar a nuestro \u201chuerto escolar\u201d en el que, profesorado y alumnado trabajan codo con codo. Por lo que vimos id\u00f3neo presentar este proyecto a las Subvenciones Medioambientales Municipales e intentar llevarlo a cabo con estos recursos municipales\u201d finaliz\u00f3 Exp\u00f3sito.<\/p>\n<p>&nbsp;<\/p>\n<p>&nbsp;<\/p>\n","protected":false},"excerpt":{"rendered":"<p>Con la vuelta a la actividad docente, tras las vacaciones de Semana Santa, la comunidad educativa del Colegio Poeta Ant\u00f3n, comienza a disfrutar del resultado del programa educativo \u201cEco-Trasformaci\u00f3n de las Zonas Verdes\u201d en el que est\u00e1 incluido la instalaci\u00f3n de tres mesas de exterior. \u201cLa instalaci\u00f3n de estas mesas es fruto de la colaboraci\u00f3n<\/p>\n","protected":false},"author":1,"featured_media":6453,"comment_status":"closed","ping_status":"closed","sticky":false,"template":"","format":"standard","meta":{"footnotes":""},"categories":[2],"tags":[],"class_list":{"0":"post-153881","1":"post","2":"type-post","3":"status-publish","4":"format-standard","5":"has-post-thumbnail","7":"category-noticias-carreno"},"aioseo_notices":[],"aioseo_head":"\n\t\t<!-- All in One SEO Pro 4.9.6.2 - aioseo.com -->\n\t<meta name=\"description\" content=\"Con la vuelta a la actividad docente, tras las vacaciones de Semana Santa, la comunidad educativa del Colegio Poeta Ant\u00f3n, comienza a disfrutar del resultado del programa educativo \u201cEco-Trasformaci\u00f3n de las Zonas Verdes\u201d en el que est\u00e1 incluido la instalaci\u00f3n de tres mesas de exterior. \u201cLa instalaci\u00f3n de estas mesas es fruto de la colaboraci\u00f3n\" \/>\n\t<meta name=\"robots\" content=\"max-image-preview:large\" \/>\n\t<meta name=\"author\" content=\"Cand\u00e1s 365\"\/>\n\t<meta name=\"google-site-verification\" content=\"UA-32230408-1\" \/>\n\t<meta name=\"msvalidate.01\" content=\"354F3CDFB2DA171B47FBE9ABF1F88D5\" \/>\n\t<meta name=\"keywords\" content=\"noticias carre\u00f1o\" \/>\n\t<link rel=\"canonical\" href=\"https:\/\/candas365.es\/noticias\/eco-transformacion-de-las-zonas-verdes-del-colegio-poeta-anton\/\" \/>\n\t<meta name=\"generator\" content=\"All in One SEO Pro (AIOSEO) 4.9.6.2\" \/>\n\t\t<meta property=\"og:locale\" content=\"es_ES\" \/>\n\t\t<meta property=\"og:site_name\" content=\"Cand\u00e1s 365\" \/>\n\t\t<meta property=\"og:type\" content=\"article\" \/>\n\t\t<meta property=\"og:title\" content=\"Eco-Transformaci\u00f3n de las Zonas Verdes del Colegio Poeta Ant\u00f3n | Cand\u00e1s 365\" \/>\n\t\t<meta property=\"og:description\" content=\"Con la vuelta a la actividad docente, tras las vacaciones de Semana Santa, la comunidad educativa del Colegio Poeta Ant\u00f3n, comienza a disfrutar del resultado del programa educativo \u201cEco-Trasformaci\u00f3n de las Zonas Verdes\u201d en el que est\u00e1 incluido la instalaci\u00f3n de tres mesas de exterior. \u201cLa instalaci\u00f3n de estas mesas es fruto de la colaboraci\u00f3n\" \/>\n\t\t<meta property=\"og:url\" content=\"https:\/\/candas365.es\/noticias\/eco-transformacion-de-las-zonas-verdes-del-colegio-poeta-anton\/\" \/>\n\t\t<meta property=\"og:image\" content=\"https:\/\/candas365.es\/noticias\/wp-content\/uploads\/2015\/01\/ayuntamiento.jpg\" \/>\n\t\t<meta property=\"og:image:secure_url\" content=\"https:\/\/candas365.es\/noticias\/wp-content\/uploads\/2015\/01\/ayuntamiento.jpg\" \/>\n\t\t<meta property=\"og:image:width\" content=\"800\" \/>\n\t\t<meta property=\"og:image:height\" content=\"600\" \/>\n\t\t<meta property=\"article:published_time\" content=\"2021-04-24T23:49:49+00:00\" \/>\n\t\t<meta property=\"article:modified_time\" content=\"2021-04-24T23:49:49+00:00\" \/>\n\t\t<meta property=\"article:publisher\" content=\"https:\/\/www.facebook.com\/Nachofdezber\" \/>\n\t\t<meta property=\"article:author\" content=\"https:\/\/www.facebook.com\/carrenoactualidad\" \/>\n\t\t<meta name=\"twitter:card\" content=\"summary_large_image\" \/>\n\t\t<meta name=\"twitter:site\" content=\"@NabercoDigital\" \/>\n\t\t<meta name=\"twitter:title\" content=\"Eco-Transformaci\u00f3n de las Zonas Verdes del Colegio Poeta Ant\u00f3n | Cand\u00e1s 365\" \/>\n\t\t<meta name=\"twitter:description\" content=\"Con la vuelta a la actividad docente, tras las vacaciones de Semana Santa, la comunidad educativa del Colegio Poeta Ant\u00f3n, comienza a disfrutar del resultado del programa educativo \u201cEco-Trasformaci\u00f3n de las Zonas Verdes\u201d en el que est\u00e1 incluido la instalaci\u00f3n de tres mesas de exterior. \u201cLa instalaci\u00f3n de estas mesas es fruto de la colaboraci\u00f3n\" \/>\n\t\t<meta name=\"twitter:creator\" content=\"@nbasturias\" \/>\n\t\t<meta name=\"twitter:image\" content=\"https:\/\/candas365.es\/noticias\/wp-content\/uploads\/2015\/01\/ayuntamiento.jpg\" \/>\n\t\t<meta name=\"twitter:label1\" content=\"Escrito por\" \/>\n\t\t<meta name=\"twitter:data1\" content=\"Cand\u00e1s 365\" \/>\n\t\t<meta name=\"twitter:label2\" content=\"Tiempo de lectura estimado\" \/>\n\t\t<meta name=\"twitter:data2\" content=\"2 minutos\" \/>\n\t\t<script type=\"application\/ld+json\" class=\"aioseo-schema\">\n\t\t\t{\"@context\":\"https:\\\/\\\/schema.org\",\"@graph\":[{\"@type\":\"BreadcrumbList\",\"@id\":\"https:\\\/\\\/candas365.es\\\/noticias\\\/eco-transformacion-de-las-zonas-verdes-del-colegio-poeta-anton\\\/#breadcrumblist\",\"itemListElement\":[{\"@type\":\"ListItem\",\"@id\":\"https:\\\/\\\/candas365.es\\\/noticias#listItem\",\"position\":1,\"name\":\"Home\",\"item\":\"https:\\\/\\\/candas365.es\\\/noticias\",\"nextItem\":{\"@type\":\"ListItem\",\"@id\":\"https:\\\/\\\/candas365.es\\\/noticias\\\/category\\\/noticias-carreno\\\/#listItem\",\"name\":\"Noticias Carre\\u00f1o\"}},{\"@type\":\"ListItem\",\"@id\":\"https:\\\/\\\/candas365.es\\\/noticias\\\/category\\\/noticias-carreno\\\/#listItem\",\"position\":2,\"name\":\"Noticias Carre\\u00f1o\",\"item\":\"https:\\\/\\\/candas365.es\\\/noticias\\\/category\\\/noticias-carreno\\\/\",\"nextItem\":{\"@type\":\"ListItem\",\"@id\":\"https:\\\/\\\/candas365.es\\\/noticias\\\/eco-transformacion-de-las-zonas-verdes-del-colegio-poeta-anton\\\/#listItem\",\"name\":\"Eco-Transformaci\\u00f3n de las Zonas Verdes del Colegio Poeta Ant\\u00f3n\"},\"previousItem\":{\"@type\":\"ListItem\",\"@id\":\"https:\\\/\\\/candas365.es\\\/noticias#listItem\",\"name\":\"Home\"}},{\"@type\":\"ListItem\",\"@id\":\"https:\\\/\\\/candas365.es\\\/noticias\\\/eco-transformacion-de-las-zonas-verdes-del-colegio-poeta-anton\\\/#listItem\",\"position\":3,\"name\":\"Eco-Transformaci\\u00f3n de las Zonas Verdes del Colegio Poeta Ant\\u00f3n\",\"previousItem\":{\"@type\":\"ListItem\",\"@id\":\"https:\\\/\\\/candas365.es\\\/noticias\\\/category\\\/noticias-carreno\\\/#listItem\",\"name\":\"Noticias Carre\\u00f1o\"}}]},{\"@type\":\"NewsArticle\",\"@id\":\"https:\\\/\\\/candas365.es\\\/noticias\\\/eco-transformacion-de-las-zonas-verdes-del-colegio-poeta-anton\\\/#newsarticle\",\"name\":\"Eco-Transformaci\\u00f3n de las Zonas Verdes del Colegio Poeta Ant\\u00f3n | Cand\\u00e1s 365\",\"headline\":\"Eco-Transformaci\\u00f3n de las Zonas Verdes del Colegio Poeta Ant\\u00f3n\",\"author\":{\"@id\":\"https:\\\/\\\/candas365.es\\\/noticias\\\/author\\\/admin\\\/#author\"},\"publisher\":{\"@id\":\"https:\\\/\\\/candas365.es\\\/noticias\\\/#organization\"},\"image\":{\"@type\":\"ImageObject\",\"url\":\"https:\\\/\\\/candas365.es\\\/noticias\\\/wp-content\\\/uploads\\\/2015\\\/01\\\/ayuntamiento.jpg\",\"width\":800,\"height\":600,\"caption\":\"Carre\\u00f1o\"},\"datePublished\":\"2021-04-24T23:49:49+02:00\",\"dateModified\":\"2021-04-24T23:49:49+02:00\",\"inLanguage\":\"es-ES\",\"mainEntityOfPage\":{\"@id\":\"https:\\\/\\\/candas365.es\\\/noticias\\\/eco-transformacion-de-las-zonas-verdes-del-colegio-poeta-anton\\\/#webpage\"},\"isPartOf\":{\"@id\":\"https:\\\/\\\/candas365.es\\\/noticias\\\/eco-transformacion-de-las-zonas-verdes-del-colegio-poeta-anton\\\/#webpage\"},\"articleSection\":\"Noticias Carre\\u00f1o\",\"dateline\":\"Publicado el abril 24, 2021.\"},{\"@type\":\"Organization\",\"@id\":\"https:\\\/\\\/candas365.es\\\/noticias\\\/#organization\",\"name\":\"Cand\\u00e1s 365\",\"description\":\"Cand\\u00e1s 365 es un diario digital independiente, fundado en 2012, con base en Asturias. Informamos con rigor sobre actualidad, sociedad, cultura y ocio, con una mirada local y global.\",\"url\":\"https:\\\/\\\/candas365.es\\\/noticias\\\/\",\"email\":\"info@candas365.es\",\"telephone\":\"+34652131393\",\"foundingDate\":\"2012-06-10\",\"logo\":{\"@type\":\"ImageObject\",\"url\":\"https:\\\/\\\/candas365.es\\\/noticias\\\/wp-content\\\/uploads\\\/2024\\\/09\\\/Candas-365-Redes.jpg\",\"@id\":\"https:\\\/\\\/candas365.es\\\/noticias\\\/eco-transformacion-de-las-zonas-verdes-del-colegio-poeta-anton\\\/#organizationLogo\",\"width\":1152,\"height\":864,\"caption\":\"Cand\\u00e1s 365 Redes\"},\"image\":{\"@id\":\"https:\\\/\\\/candas365.es\\\/noticias\\\/eco-transformacion-de-las-zonas-verdes-del-colegio-poeta-anton\\\/#organizationLogo\"},\"sameAs\":[\"https:\\\/\\\/www.facebook.com\\\/Nachofdezber\",\"https:\\\/\\\/x.com\\\/NabercoDigital\",\"https:\\\/\\\/www.instagram.com\\\/nachofdezber\\\/\",\"https:\\\/\\\/www.youtube.com\\\/channel\\\/UCZP-2wLEB9Rv6erhFmqVnvg\"],\"address\":{\"@id\":\"https:\\\/\\\/candas365.es\\\/noticias\\\/#postaladdress\",\"@type\":\"PostalAddress\",\"streetAddress\":\"san antonio 4, san antonio 4\",\"postalCode\":\"33430\",\"addressLocality\":\"Cand\\u00e1s\",\"addressRegion\":\"Asturias\",\"addressCountry\":\"ES\"}},{\"@type\":\"Person\",\"@id\":\"https:\\\/\\\/candas365.es\\\/noticias\\\/author\\\/admin\\\/#author\",\"url\":\"https:\\\/\\\/candas365.es\\\/noticias\\\/author\\\/admin\\\/\",\"name\":\"Cand\\u00e1s 365\",\"image\":{\"@type\":\"ImageObject\",\"@id\":\"https:\\\/\\\/candas365.es\\\/noticias\\\/eco-transformacion-de-las-zonas-verdes-del-colegio-poeta-anton\\\/#authorImage\",\"url\":\"https:\\\/\\\/secure.gravatar.com\\\/avatar\\\/496a8e03d0c493ede1718b7934145dbdf8d89be1036b0eec9544e1094c9de390?s=96&d=mm&r=g\",\"width\":96,\"height\":96,\"caption\":\"Cand\\u00e1s 365\"},\"sameAs\":[\"https:\\\/\\\/www.facebook.com\\\/carrenoactualidad\",\"https:\\\/\\\/twitter.com\\\/nbasturias\",\"https:\\\/\\\/www.instagram.com\\\/nachofdezber\\\/\",\"https:\\\/\\\/www.youtube.com\\\/channel\\\/UCZP-2wLEB9Rv6erhFmqVnvg\"]},{\"@type\":\"WebPage\",\"@id\":\"https:\\\/\\\/candas365.es\\\/noticias\\\/eco-transformacion-de-las-zonas-verdes-del-colegio-poeta-anton\\\/#webpage\",\"url\":\"https:\\\/\\\/candas365.es\\\/noticias\\\/eco-transformacion-de-las-zonas-verdes-del-colegio-poeta-anton\\\/\",\"name\":\"Eco-Transformaci\\u00f3n de las Zonas Verdes del Colegio Poeta Ant\\u00f3n | Cand\\u00e1s 365\",\"description\":\"Con la vuelta a la actividad docente, tras las vacaciones de Semana Santa, la comunidad educativa del Colegio Poeta Ant\\u00f3n, comienza a disfrutar del resultado del programa educativo \\u201cEco-Trasformaci\\u00f3n de las Zonas Verdes\\u201d en el que est\\u00e1 incluido la instalaci\\u00f3n de tres mesas de exterior. \\u201cLa instalaci\\u00f3n de estas mesas es fruto de la colaboraci\\u00f3n\",\"inLanguage\":\"es-ES\",\"isPartOf\":{\"@id\":\"https:\\\/\\\/candas365.es\\\/noticias\\\/#website\"},\"breadcrumb\":{\"@id\":\"https:\\\/\\\/candas365.es\\\/noticias\\\/eco-transformacion-de-las-zonas-verdes-del-colegio-poeta-anton\\\/#breadcrumblist\"},\"author\":{\"@id\":\"https:\\\/\\\/candas365.es\\\/noticias\\\/author\\\/admin\\\/#author\"},\"creator\":{\"@id\":\"https:\\\/\\\/candas365.es\\\/noticias\\\/author\\\/admin\\\/#author\"},\"image\":{\"@type\":\"ImageObject\",\"url\":\"https:\\\/\\\/candas365.es\\\/noticias\\\/wp-content\\\/uploads\\\/2015\\\/01\\\/ayuntamiento.jpg\",\"@id\":\"https:\\\/\\\/candas365.es\\\/noticias\\\/eco-transformacion-de-las-zonas-verdes-del-colegio-poeta-anton\\\/#mainImage\",\"width\":800,\"height\":600,\"caption\":\"Carre\\u00f1o\"},\"primaryImageOfPage\":{\"@id\":\"https:\\\/\\\/candas365.es\\\/noticias\\\/eco-transformacion-de-las-zonas-verdes-del-colegio-poeta-anton\\\/#mainImage\"},\"datePublished\":\"2021-04-24T23:49:49+02:00\",\"dateModified\":\"2021-04-24T23:49:49+02:00\"},{\"@type\":\"WebSite\",\"@id\":\"https:\\\/\\\/candas365.es\\\/noticias\\\/#website\",\"url\":\"https:\\\/\\\/candas365.es\\\/noticias\\\/\",\"name\":\"Cand\\u00e1s 365\",\"alternateName\":\"Cand\\u00e1s 365 Noticias\",\"description\":\"Actualidad desde Carre\\u00f1o para el mundo\",\"inLanguage\":\"es-ES\",\"publisher\":{\"@id\":\"https:\\\/\\\/candas365.es\\\/noticias\\\/#organization\"}}]}\n\t\t<\/script>\n\t\t<!-- All in One SEO Pro -->\r\n\t\t<title>Eco-Transformaci\u00f3n de las Zonas Verdes del Colegio Poeta Ant\u00f3n | Cand\u00e1s 365<\/title>\n\n","aioseo_head_json":{"title":"Eco-Transformaci\u00f3n de las Zonas Verdes del Colegio Poeta Ant\u00f3n | Cand\u00e1s 365","description":"Con la vuelta a la actividad docente, tras las vacaciones de Semana Santa, la comunidad educativa del Colegio Poeta Ant\u00f3n, comienza a disfrutar del resultado del programa educativo \u201cEco-Trasformaci\u00f3n de las Zonas Verdes\u201d en el que est\u00e1 incluido la instalaci\u00f3n de tres mesas de exterior. \u201cLa instalaci\u00f3n de estas mesas es fruto de la colaboraci\u00f3n","canonical_url":"https:\/\/candas365.es\/noticias\/eco-transformacion-de-las-zonas-verdes-del-colegio-poeta-anton\/","robots":"max-image-preview:large","keywords":"noticias carre\u00f1o","webmasterTools":{"google-site-verification":"UA-32230408-1","msvalidate.01":"354F3CDFB2DA171B47FBE9ABF1F88D5","miscellaneous":""},"schema":{"@context":"https:\/\/schema.org","@graph":[{"@type":"BreadcrumbList","@id":"https:\/\/candas365.es\/noticias\/eco-transformacion-de-las-zonas-verdes-del-colegio-poeta-anton\/#breadcrumblist","itemListElement":[{"@type":"ListItem","@id":"https:\/\/candas365.es\/noticias#listItem","position":1,"name":"Home","item":"https:\/\/candas365.es\/noticias","nextItem":{"@type":"ListItem","@id":"https:\/\/candas365.es\/noticias\/category\/noticias-carreno\/#listItem","name":"Noticias Carre\u00f1o"}},{"@type":"ListItem","@id":"https:\/\/candas365.es\/noticias\/category\/noticias-carreno\/#listItem","position":2,"name":"Noticias Carre\u00f1o","item":"https:\/\/candas365.es\/noticias\/category\/noticias-carreno\/","nextItem":{"@type":"ListItem","@id":"https:\/\/candas365.es\/noticias\/eco-transformacion-de-las-zonas-verdes-del-colegio-poeta-anton\/#listItem","name":"Eco-Transformaci\u00f3n de las Zonas Verdes del Colegio Poeta Ant\u00f3n"},"previousItem":{"@type":"ListItem","@id":"https:\/\/candas365.es\/noticias#listItem","name":"Home"}},{"@type":"ListItem","@id":"https:\/\/candas365.es\/noticias\/eco-transformacion-de-las-zonas-verdes-del-colegio-poeta-anton\/#listItem","position":3,"name":"Eco-Transformaci\u00f3n de las Zonas Verdes del Colegio Poeta Ant\u00f3n","previousItem":{"@type":"ListItem","@id":"https:\/\/candas365.es\/noticias\/category\/noticias-carreno\/#listItem","name":"Noticias Carre\u00f1o"}}]},{"@type":"NewsArticle","@id":"https:\/\/candas365.es\/noticias\/eco-transformacion-de-las-zonas-verdes-del-colegio-poeta-anton\/#newsarticle","name":"Eco-Transformaci\u00f3n de las Zonas Verdes del Colegio Poeta Ant\u00f3n | Cand\u00e1s 365","headline":"Eco-Transformaci\u00f3n de las Zonas Verdes del Colegio Poeta Ant\u00f3n","author":{"@id":"https:\/\/candas365.es\/noticias\/author\/admin\/#author"},"publisher":{"@id":"https:\/\/candas365.es\/noticias\/#organization"},"image":{"@type":"ImageObject","url":"https:\/\/candas365.es\/noticias\/wp-content\/uploads\/2015\/01\/ayuntamiento.jpg","width":800,"height":600,"caption":"Carre\u00f1o"},"datePublished":"2021-04-24T23:49:49+02:00","dateModified":"2021-04-24T23:49:49+02:00","inLanguage":"es-ES","mainEntityOfPage":{"@id":"https:\/\/candas365.es\/noticias\/eco-transformacion-de-las-zonas-verdes-del-colegio-poeta-anton\/#webpage"},"isPartOf":{"@id":"https:\/\/candas365.es\/noticias\/eco-transformacion-de-las-zonas-verdes-del-colegio-poeta-anton\/#webpage"},"articleSection":"Noticias Carre\u00f1o","dateline":"Publicado el abril 24, 2021."},{"@type":"Organization","@id":"https:\/\/candas365.es\/noticias\/#organization","name":"Cand\u00e1s 365","description":"Cand\u00e1s 365 es un diario digital independiente, fundado en 2012, con base en Asturias. Informamos con rigor sobre actualidad, sociedad, cultura y ocio, con una mirada local y global.","url":"https:\/\/candas365.es\/noticias\/","email":"info@candas365.es","telephone":"+34652131393","foundingDate":"2012-06-10","logo":{"@type":"ImageObject","url":"https:\/\/candas365.es\/noticias\/wp-content\/uploads\/2024\/09\/Candas-365-Redes.jpg","@id":"https:\/\/candas365.es\/noticias\/eco-transformacion-de-las-zonas-verdes-del-colegio-poeta-anton\/#organizationLogo","width":1152,"height":864,"caption":"Cand\u00e1s 365 Redes"},"image":{"@id":"https:\/\/candas365.es\/noticias\/eco-transformacion-de-las-zonas-verdes-del-colegio-poeta-anton\/#organizationLogo"},"sameAs":["https:\/\/www.facebook.com\/Nachofdezber","https:\/\/x.com\/NabercoDigital","https:\/\/www.instagram.com\/nachofdezber\/","https:\/\/www.youtube.com\/channel\/UCZP-2wLEB9Rv6erhFmqVnvg"],"address":{"@id":"https:\/\/candas365.es\/noticias\/#postaladdress","@type":"PostalAddress","streetAddress":"san antonio 4, san antonio 4","postalCode":"33430","addressLocality":"Cand\u00e1s","addressRegion":"Asturias","addressCountry":"ES"}},{"@type":"Person","@id":"https:\/\/candas365.es\/noticias\/author\/admin\/#author","url":"https:\/\/candas365.es\/noticias\/author\/admin\/","name":"Cand\u00e1s 365","image":{"@type":"ImageObject","@id":"https:\/\/candas365.es\/noticias\/eco-transformacion-de-las-zonas-verdes-del-colegio-poeta-anton\/#authorImage","url":"https:\/\/secure.gravatar.com\/avatar\/496a8e03d0c493ede1718b7934145dbdf8d89be1036b0eec9544e1094c9de390?s=96&d=mm&r=g","width":96,"height":96,"caption":"Cand\u00e1s 365"},"sameAs":["https:\/\/www.facebook.com\/carrenoactualidad","https:\/\/twitter.com\/nbasturias","https:\/\/www.instagram.com\/nachofdezber\/","https:\/\/www.youtube.com\/channel\/UCZP-2wLEB9Rv6erhFmqVnvg"]},{"@type":"WebPage","@id":"https:\/\/candas365.es\/noticias\/eco-transformacion-de-las-zonas-verdes-del-colegio-poeta-anton\/#webpage","url":"https:\/\/candas365.es\/noticias\/eco-transformacion-de-las-zonas-verdes-del-colegio-poeta-anton\/","name":"Eco-Transformaci\u00f3n de las Zonas Verdes del Colegio Poeta Ant\u00f3n | Cand\u00e1s 365","description":"Con la vuelta a la actividad docente, tras las vacaciones de Semana Santa, la comunidad educativa del Colegio Poeta Ant\u00f3n, comienza a disfrutar del resultado del programa educativo \u201cEco-Trasformaci\u00f3n de las Zonas Verdes\u201d en el que est\u00e1 incluido la instalaci\u00f3n de tres mesas de exterior. \u201cLa instalaci\u00f3n de estas mesas es fruto de la colaboraci\u00f3n","inLanguage":"es-ES","isPartOf":{"@id":"https:\/\/candas365.es\/noticias\/#website"},"breadcrumb":{"@id":"https:\/\/candas365.es\/noticias\/eco-transformacion-de-las-zonas-verdes-del-colegio-poeta-anton\/#breadcrumblist"},"author":{"@id":"https:\/\/candas365.es\/noticias\/author\/admin\/#author"},"creator":{"@id":"https:\/\/candas365.es\/noticias\/author\/admin\/#author"},"image":{"@type":"ImageObject","url":"https:\/\/candas365.es\/noticias\/wp-content\/uploads\/2015\/01\/ayuntamiento.jpg","@id":"https:\/\/candas365.es\/noticias\/eco-transformacion-de-las-zonas-verdes-del-colegio-poeta-anton\/#mainImage","width":800,"height":600,"caption":"Carre\u00f1o"},"primaryImageOfPage":{"@id":"https:\/\/candas365.es\/noticias\/eco-transformacion-de-las-zonas-verdes-del-colegio-poeta-anton\/#mainImage"},"datePublished":"2021-04-24T23:49:49+02:00","dateModified":"2021-04-24T23:49:49+02:00"},{"@type":"WebSite","@id":"https:\/\/candas365.es\/noticias\/#website","url":"https:\/\/candas365.es\/noticias\/","name":"Cand\u00e1s 365","alternateName":"Cand\u00e1s 365 Noticias","description":"Actualidad desde Carre\u00f1o para el mundo","inLanguage":"es-ES","publisher":{"@id":"https:\/\/candas365.es\/noticias\/#organization"}}]},"og:locale":"es_ES","og:site_name":"Cand\u00e1s 365","og:type":"article","og:title":"Eco-Transformaci\u00f3n de las Zonas Verdes del Colegio Poeta Ant\u00f3n | Cand\u00e1s 365","og:description":"Con la vuelta a la actividad docente, tras las vacaciones de Semana Santa, la comunidad educativa del Colegio Poeta Ant\u00f3n, comienza a disfrutar del resultado del programa educativo \u201cEco-Trasformaci\u00f3n de las Zonas Verdes\u201d en el que est\u00e1 incluido la instalaci\u00f3n de tres mesas de exterior. \u201cLa instalaci\u00f3n de estas mesas es fruto de la colaboraci\u00f3n","og:url":"https:\/\/candas365.es\/noticias\/eco-transformacion-de-las-zonas-verdes-del-colegio-poeta-anton\/","og:image":"https:\/\/candas365.es\/noticias\/wp-content\/uploads\/2015\/01\/ayuntamiento.jpg","og:image:secure_url":"https:\/\/candas365.es\/noticias\/wp-content\/uploads\/2015\/01\/ayuntamiento.jpg","og:image:width":800,"og:image:height":600,"article:published_time":"2021-04-24T23:49:49+00:00","article:modified_time":"2021-04-24T23:49:49+00:00","article:publisher":"https:\/\/www.facebook.com\/Nachofdezber","article:author":"https:\/\/www.facebook.com\/carrenoactualidad","twitter:card":"summary_large_image","twitter:site":"@NabercoDigital","twitter:title":"Eco-Transformaci\u00f3n de las Zonas Verdes del Colegio Poeta Ant\u00f3n | Cand\u00e1s 365","twitter:description":"Con la vuelta a la actividad docente, tras las vacaciones de Semana Santa, la comunidad educativa del Colegio Poeta Ant\u00f3n, comienza a disfrutar del resultado del programa educativo \u201cEco-Trasformaci\u00f3n de las Zonas Verdes\u201d en el que est\u00e1 incluido la instalaci\u00f3n de tres mesas de exterior. \u201cLa instalaci\u00f3n de estas mesas es fruto de la colaboraci\u00f3n","twitter:creator":"@nbasturias","twitter:image":"https:\/\/candas365.es\/noticias\/wp-content\/uploads\/2015\/01\/ayuntamiento.jpg","twitter:label1":"Escrito por","twitter:data1":"Cand\u00e1s 365","twitter:label2":"Tiempo de lectura estimado","twitter:data2":"2 minutos"},"aioseo_meta_data":{"post_id":"153881","title":null,"description":null,"keywords":[],"keyphrases":{"focus":[],"additional":[]},"primary_term":null,"canonical_url":null,"og_title":null,"og_description":null,"og_object_type":"default","og_image_type":"default","og_image_url":null,"og_image_width":null,"og_image_height":null,"og_image_custom_url":null,"og_image_custom_fields":null,"og_video":"","og_custom_url":null,"og_article_section":null,"og_article_tags":[],"twitter_use_og":false,"twitter_card":"default","twitter_image_type":"default","twitter_image_url":null,"twitter_image_custom_url":null,"twitter_image_custom_fields":null,"twitter_title":null,"twitter_description":null,"schema":{"blockGraphs":[],"customGraphs":[],"default":{"data":{"Article":[],"Course":[],"Dataset":[],"FAQPage":[],"Movie":[],"Person":[],"Product":[],"ProductReview":[],"Car":[],"Recipe":[],"Service":[],"SoftwareApplication":[],"WebPage":[]},"graphName":"","isEnabled":true},"graphs":[]},"schema_type":"default","schema_type_options":"{\"article\":{\"articleType\":\"BlogPosting\"},\"course\":{\"name\":\"\",\"description\":\"\",\"provider\":\"\"},\"faq\":{\"pages\":[]},\"product\":{\"reviews\":[]},\"recipe\":{\"ingredients\":[],\"instructions\":[],\"keywords\":[]},\"software\":{\"reviews\":[],\"operatingSystems\":[]},\"webPage\":{\"webPageType\":\"WebPage\"}}","pillar_content":false,"robots_default":true,"robots_noindex":false,"robots_noarchive":false,"robots_nosnippet":false,"robots_nofollow":false,"robots_noimageindex":false,"robots_noodp":false,"robots_notranslate":false,"robots_max_snippet":"-1","robots_max_videopreview":"-1","robots_max_imagepreview":"large","priority":null,"frequency":"default","location":null,"local_seo":{"locations":{"business":{"name":"","businessType":"","image":"","areaServed":"","urls":{"website":"","aboutPage":"","contactPage":""},"address":{"streetLine1":"","streetLine2":"","zipCode":"","city":"","state":"","country":"","addressFormat":"#streetLineOne\n#streetLineTwo\n#city, #state #zipCode"},"contact":{"phone":"","email":"","fax":""},"ids":{"vat":"","tax":"","chamberOfCommerce":""},"payment":{"priceRange":"","currenciesAccepted":"","methods":""}}},"openingHours":{"useDefaults":true,"show":true,"alwaysOpen":false,"use24hFormat":false,"timezone":"","labels":{"closed":"","alwaysOpen":""},"days":{"monday":{"open24h":false,"closed":false,"openTime":"09:00","closeTime":"17:00"},"tuesday":{"open24h":false,"closed":false,"openTime":"09:00","closeTime":"17:00"},"wednesday":{"open24h":false,"closed":false,"openTime":"09:00","closeTime":"17:00"},"thursday":{"open24h":false,"closed":false,"openTime":"09:00","closeTime":"17:00"},"friday":{"open24h":false,"closed":false,"openTime":"09:00","closeTime":"17:00"},"saturday":{"open24h":false,"closed":false,"openTime":"09:00","closeTime":"17:00"},"sunday":{"open24h":false,"closed":false,"openTime":"09:00","closeTime":"17:00"}}}},"seo_analyzer_scan_date":"2025-08-31 20:30:16","breadcrumb_settings":null,"limit_modified_date":false,"reviewed_by":null,"open_ai":null,"ai":null,"created":"2021-04-24 23:48:35","updated":"2025-08-31 20:30:16"},"aioseo_breadcrumb":"<div class=\"aioseo-breadcrumbs\"><span class=\"aioseo-breadcrumb\">\n\t<a href=\"https:\/\/candas365.es\/noticias\" title=\"Home\">Home<\/a>\n<\/span><span class=\"aioseo-breadcrumb-separator\">&ndash;<\/span><span class=\"aioseo-breadcrumb\">\n\t<a href=\"https:\/\/candas365.es\/noticias\/category\/noticias-carreno\/\" title=\"Noticias Carre\u00f1o\">Noticias Carre\u00f1o<\/a>\n<\/span><span class=\"aioseo-breadcrumb-separator\">&ndash;<\/span><span class=\"aioseo-breadcrumb\">\n\tEco-Transformaci\u00f3n de las Zonas Verdes del Colegio Poeta Ant\u00f3n\n<\/span><\/div>","aioseo_breadcrumb_json":[{"label":"Home","link":"https:\/\/candas365.es\/noticias"},{"label":"Noticias Carre\u00f1o","link":"https:\/\/candas365.es\/noticias\/category\/noticias-carreno\/"},{"label":"Eco-Transformaci\u00f3n de las Zonas Verdes del Colegio Poeta Ant\u00f3n","link":"https:\/\/candas365.es\/noticias\/eco-transformacion-de-las-zonas-verdes-del-colegio-poeta-anton\/"}],"_links":{"self":[{"href":"https:\/\/candas365.es\/noticias\/wp-json\/wp\/v2\/posts\/153881","targetHints":{"allow":["GET"]}}],"collection":[{"href":"https:\/\/candas365.es\/noticias\/wp-json\/wp\/v2\/posts"}],"about":[{"href":"https:\/\/candas365.es\/noticias\/wp-json\/wp\/v2\/types\/post"}],"author":[{"embeddable":true,"href":"https:\/\/candas365.es\/noticias\/wp-json\/wp\/v2\/users\/1"}],"replies":[{"embeddable":true,"href":"https:\/\/candas365.es\/noticias\/wp-json\/wp\/v2\/comments?post=153881"}],"version-history":[{"count":0,"href":"https:\/\/candas365.es\/noticias\/wp-json\/wp\/v2\/posts\/153881\/revisions"}],"wp:featuredmedia":[{"embeddable":true,"href":"https:\/\/candas365.es\/noticias\/wp-json\/wp\/v2\/media\/6453"}],"wp:attachment":[{"href":"https:\/\/candas365.es\/noticias\/wp-json\/wp\/v2\/media?parent=153881"}],"wp:term":[{"taxonomy":"category","embeddable":true,"href":"https:\/\/candas365.es\/noticias\/wp-json\/wp\/v2\/categories?post=153881"},{"taxonomy":"post_tag","embeddable":true,"href":"https:\/\/candas365.es\/noticias\/wp-json\/wp\/v2\/tags?post=153881"}],"curies":[{"name":"wp","href":"https:\/\/api.w.org\/{rel}","templated":true}]}}