{"id":153755,"date":"2021-04-22T17:30:04","date_gmt":"2021-04-22T17:30:04","guid":{"rendered":"http:\/\/candas365.es\/noticias\/?p=153755"},"modified":"2021-04-22T17:30:04","modified_gmt":"2021-04-22T17:30:04","slug":"buena-jornada-para-betis-y-sevilla","status":"publish","type":"post","link":"https:\/\/candas365.es\/noticias\/buena-jornada-para-betis-y-sevilla\/","title":{"rendered":"Buena jornada para Betis y Sevilla"},"content":{"rendered":"<p><img fetchpriority=\"high\" decoding=\"async\" class=\"alignleft size-medium wp-image-98026\" src=\"https:\/\/candas365.es\/noticias\/wp-content\/uploads\/2018\/06\/football-1406106_960_720-1-360x241.jpg\" alt=\"\" width=\"360\" height=\"241\" srcset=\"https:\/\/candas365.es\/noticias\/wp-content\/uploads\/2018\/06\/football-1406106_960_720-1-360x241.jpg 360w, https:\/\/candas365.es\/noticias\/wp-content\/uploads\/2018\/06\/football-1406106_960_720-1-768x514.jpg 768w, https:\/\/candas365.es\/noticias\/wp-content\/uploads\/2018\/06\/football-1406106_960_720-1-655x439.jpg 655w, https:\/\/candas365.es\/noticias\/wp-content\/uploads\/2018\/06\/football-1406106_960_720-1-696x466.jpg 696w, https:\/\/candas365.es\/noticias\/wp-content\/uploads\/2018\/06\/football-1406106_960_720-1-627x420.jpg 627w, https:\/\/candas365.es\/noticias\/wp-content\/uploads\/2018\/06\/football-1406106_960_720-1.jpg 960w\" sizes=\"(max-width: 360px) 100vw, 360px\" \/>(EP) &#8211; El Sevilla se apunt\u00f3 los tres puntos este mi\u00e9rcoles en su visita al Ciudad de Valencia, gracias al 0-1 que firm\u00f3 En-Nesyri, triunfo que le mantiene en pelea directa por LaLiga Santander, tras una jornada 31 en la que el Real Betis se situ\u00f3 quinto pese a empatar con el Athletic (0-0) tras la derrota del Villarreal ante el Deportivo Alav\u00e9s<\/p>\n<p>Los de Julen Lopetegui se ponen a tres puntos del liderato del Atl\u00e9tico de Madrid, a la espera de que jueguen los rojiblancos este jueves, pero parece no estar dispuesto a dar su brazo a torcer. Tras su eliminaci\u00f3n en Copa y Champions la misma semana, los andaluces compiten al 100% por una Liga abierta.<\/p>\n<p>Ante el Levante no fue f\u00e1cil, herido por el 1-5 ante el Villarreal. De nuevo en su feudo, el cuadro &#8216;granota&#8217; apret\u00f3 arriba al Sevilla y tuvo sensaci\u00f3n de peligro. La ocasi\u00f3n sin embargo fue de Jord\u00e1n al larguero para los visitantes. En la reanudaci\u00f3n, en un saque de banda azulgrana en el minuto 53, el Sevilla golpe\u00f3 con el 0-1 que vali\u00f3 la sexta victoria en siete partidos.<\/p>\n<p>Los de Paco L\u00f3pez sortearon el bal\u00f3n al centro, lo recogi\u00f3 Suso y se lo puso en carrera a En-Nesyri, que hizo su 17\u00ba tanto en Liga con mucha calidad. El partido perdi\u00f3 ritmo, el Sevilla supo jugar con ventaja y sin sufrir, sin llegadas del Levante, se fue a dormir a tres puntos del liderato tras 32 partidos.<\/p>\n<p>Por su parte, el Betis sac\u00f3 un valioso punto frente al Athletic Club (0-0) despu\u00e9s de jugar con uno menos, por expulsi\u00f3n de Nabil Fekir, durante 80 minutos de partido. El equipo de Manuel Pellegrini firm\u00f3 un ejercicio de resistencia y arranc\u00f3 un empate que le vale para auparse a la quinta posici\u00f3n tras el pinchazo del Villarreal.<\/p>\n<p>Los andaluces debatieron el dominio a los vascos salvo en el tramo final del choque, que fue cuando los pupilos de Marcelino Garc\u00eda Toral lograron minimizar a su oponente. Asier Villalibre fue quien m\u00e1s cerca tuvo el gol al estrellar el bal\u00f3n en el larguero, pero finalmente el Betis condur\u00f3 un punto que le lleva de vuelta a Europa.<\/p>\n<p>En Mendizorroza, el Villarreal vio frenado su buen momento tras golear al Levante (1-5) hace apenas tres d\u00edas y cay\u00f3 ante un Alav\u00e9s muy necesitado que se aleja de la zona complicada de la clasificaci\u00f3n. Joselu abri\u00f3 el marcador pasado el cuarto de hora tras aprovechar un rechace de Jota que qued\u00f3 suelto en el coraz\u00f3n del \u00e1rea.<\/p>\n<p>El gol espole\u00f3 al &#8216;submarino amarillo&#8217;, que hab\u00eda arrancado bien el partido con una ocasi\u00f3n de Chukwueze, pero no fue hasta la segunda parte (minuto 50) cuando Paco Alc\u00e1cer logr\u00f3 el empate tras un bal\u00f3n a la espalda de la zaga babazorra filtrado por el internacional Gerard Moreno, uno de los jugadores m\u00e1s en forma de todo el campeonato.<\/p>\n<p>Sin embargo, el equipo de Javi Calleja -que se enfrent\u00f3 a &#8216;su&#8217; Villarreal- encontr\u00f3 el premio del triunfo en el minuto 80 con un tanto de Edgar M\u00e9ndez que fusil\u00f3 a Rulli tras ganar la posici\u00f3n a Mario Gaspar. El gol fue definitivo para un Alav\u00e9s que se coloca decimosexto, mientras que los de Unai Emery bajan a la sexta posici\u00f3n.<\/p>\n<h3>TERCERA VICTORIA SEGUIDA DE OSASUNA<\/h3>\n<p>Adem\u00e1s, Osasuna encaden\u00f3 su tercera victoria seguida y seis jornadas sumando a costa de un Valencia tumbado por malas acciones en defensa. Los rojillos, con 40 puntos, ya pueden celebrar la permanencia y casi lamentar el fin de la temporada. Los de Arrasate mordieron arriba y tuvieron premio con Javi Mart\u00ednez y Calleri, goleadores y asistentes en el descuido &#8216;che&#8217;.<\/p>\n<p>El primero fue en un saque de puerta y el segundo fue Gay\u00e1 quien se complic\u00f3. Entre medias, Gamerio, que tuvo con Guedes esa conexi\u00f3n buena en el Valencia, hab\u00eda hecho el empate. Los de Javi Gracia, que ven\u00edan de demostrar orgullo, encajaron el 3-1 definitivo con dos penaltis en un minuto, por manos muy discutibles. El primero lo par\u00f3 Jaume pero el segundo lo termin\u00f3 haciendo Roberto Torres.<\/p>\n<p>Por \u00faltimo, Elche y Valladolid empataron en el Mart\u00ednez Valero (1-1) en un duelo que salv\u00f3 Lucas Olaza para los pucelanos a cuatro minutos para el final. Los locales se adelantaron con un gol de Fidel Chaves, en el ecuador del primer acto, pero no pudieron matar el choque y acabaron entregando dos puntos a un rival directo por la permanencia.<\/p>\n<p>Los de Sergio Gonz\u00e1lez aumentaron su presi\u00f3n y acabaron logrando el empate cuando todo parec\u00eda perdido. El reparto de puntos deja al Elche en la pen\u00faltima posici\u00f3n y al Valladolid marcando el corte para el descenso. Los blanquivioletas tan solo tienen un punto de renta sobre el Huesca, que juega este jueves contra el Atl\u00e9tico de Madrid.<\/p>\n<p>&nbsp;<\/p>\n","protected":false},"excerpt":{"rendered":"<p>(EP) &#8211; El Sevilla se apunt\u00f3 los tres puntos este mi\u00e9rcoles en su visita al Ciudad de Valencia, gracias al 0-1 que firm\u00f3 En-Nesyri, triunfo que le mantiene en pelea directa por LaLiga Santander, tras una jornada 31 en la que el Real Betis se situ\u00f3 quinto pese a empatar con el Athletic (0-0) tras<\/p>\n","protected":false},"author":1,"featured_media":98026,"comment_status":"closed","ping_status":"closed","sticky":false,"template":"","format":"standard","meta":{"footnotes":""},"categories":[319],"tags":[],"class_list":{"0":"post-153755","1":"post","2":"type-post","3":"status-publish","4":"format-standard","5":"has-post-thumbnail","7":"category-deporte"},"aioseo_notices":[],"aioseo_head":"\n\t\t<!-- All in One SEO Pro 4.9.6.2 - aioseo.com -->\n\t<meta name=\"description\" content=\"Los de Julen Lopetegui se ponen a tres puntos del liderato del Atl\u00e9tico de Madrid, a la espera de que jueguen los rojiblancos ..\" \/>\n\t<meta name=\"robots\" content=\"max-image-preview:large\" \/>\n\t<meta name=\"author\" content=\"Cand\u00e1s 365\"\/>\n\t<meta name=\"google-site-verification\" content=\"UA-32230408-1\" \/>\n\t<meta name=\"msvalidate.01\" content=\"354F3CDFB2DA171B47FBE9ABF1F88D5\" \/>\n\t<meta name=\"keywords\" content=\"deporte\" \/>\n\t<link rel=\"canonical\" href=\"https:\/\/candas365.es\/noticias\/buena-jornada-para-betis-y-sevilla\/\" \/>\n\t<meta name=\"generator\" content=\"All in One SEO Pro (AIOSEO) 4.9.6.2\" \/>\n\t\t<meta property=\"og:locale\" content=\"es_ES\" \/>\n\t\t<meta property=\"og:site_name\" content=\"Cand\u00e1s 365\" \/>\n\t\t<meta property=\"og:type\" content=\"article\" \/>\n\t\t<meta property=\"og:title\" content=\"Buena jornada para Betis y Sevilla | Cand\u00e1s 365\" \/>\n\t\t<meta property=\"og:description\" content=\"Los de Julen Lopetegui se ponen a tres puntos del liderato del Atl\u00e9tico de Madrid, a la espera de que jueguen los rojiblancos ..\" \/>\n\t\t<meta property=\"og:url\" content=\"https:\/\/candas365.es\/noticias\/buena-jornada-para-betis-y-sevilla\/\" \/>\n\t\t<meta property=\"og:image\" content=\"https:\/\/candas365.es\/noticias\/wp-content\/uploads\/2018\/06\/football-1406106_960_720-1.jpg\" \/>\n\t\t<meta property=\"og:image:secure_url\" content=\"https:\/\/candas365.es\/noticias\/wp-content\/uploads\/2018\/06\/football-1406106_960_720-1.jpg\" \/>\n\t\t<meta property=\"og:image:width\" content=\"960\" \/>\n\t\t<meta property=\"og:image:height\" content=\"643\" \/>\n\t\t<meta property=\"article:published_time\" content=\"2021-04-22T17:30:04+00:00\" \/>\n\t\t<meta property=\"article:modified_time\" content=\"2021-04-22T17:30:04+00:00\" \/>\n\t\t<meta property=\"article:publisher\" content=\"https:\/\/www.facebook.com\/Nachofdezber\" \/>\n\t\t<meta property=\"article:author\" content=\"https:\/\/www.facebook.com\/carrenoactualidad\" \/>\n\t\t<meta name=\"twitter:card\" content=\"summary_large_image\" \/>\n\t\t<meta name=\"twitter:site\" content=\"@NabercoDigital\" \/>\n\t\t<meta name=\"twitter:title\" content=\"Buena jornada para Betis y Sevilla | Cand\u00e1s 365\" \/>\n\t\t<meta name=\"twitter:description\" content=\"Los de Julen Lopetegui se ponen a tres puntos del liderato del Atl\u00e9tico de Madrid, a la espera de que jueguen los rojiblancos ..\" \/>\n\t\t<meta name=\"twitter:creator\" content=\"@nbasturias\" \/>\n\t\t<meta name=\"twitter:image\" content=\"https:\/\/candas365.es\/noticias\/wp-content\/uploads\/2018\/06\/football-1406106_960_720-1.jpg\" \/>\n\t\t<meta name=\"twitter:label1\" content=\"Escrito por\" \/>\n\t\t<meta name=\"twitter:data1\" content=\"Cand\u00e1s 365\" \/>\n\t\t<meta name=\"twitter:label2\" content=\"Tiempo de lectura estimado\" \/>\n\t\t<meta name=\"twitter:data2\" content=\"4 minutos\" \/>\n\t\t<script type=\"application\/ld+json\" class=\"aioseo-schema\">\n\t\t\t{\"@context\":\"https:\\\/\\\/schema.org\",\"@graph\":[{\"@type\":\"BreadcrumbList\",\"@id\":\"https:\\\/\\\/candas365.es\\\/noticias\\\/buena-jornada-para-betis-y-sevilla\\\/#breadcrumblist\",\"itemListElement\":[{\"@type\":\"ListItem\",\"@id\":\"https:\\\/\\\/candas365.es\\\/noticias#listItem\",\"position\":1,\"name\":\"Home\",\"item\":\"https:\\\/\\\/candas365.es\\\/noticias\",\"nextItem\":{\"@type\":\"ListItem\",\"@id\":\"https:\\\/\\\/candas365.es\\\/noticias\\\/category\\\/deporte\\\/#listItem\",\"name\":\"Deporte\"}},{\"@type\":\"ListItem\",\"@id\":\"https:\\\/\\\/candas365.es\\\/noticias\\\/category\\\/deporte\\\/#listItem\",\"position\":2,\"name\":\"Deporte\",\"item\":\"https:\\\/\\\/candas365.es\\\/noticias\\\/category\\\/deporte\\\/\",\"nextItem\":{\"@type\":\"ListItem\",\"@id\":\"https:\\\/\\\/candas365.es\\\/noticias\\\/buena-jornada-para-betis-y-sevilla\\\/#listItem\",\"name\":\"Buena jornada para Betis y Sevilla\"},\"previousItem\":{\"@type\":\"ListItem\",\"@id\":\"https:\\\/\\\/candas365.es\\\/noticias#listItem\",\"name\":\"Home\"}},{\"@type\":\"ListItem\",\"@id\":\"https:\\\/\\\/candas365.es\\\/noticias\\\/buena-jornada-para-betis-y-sevilla\\\/#listItem\",\"position\":3,\"name\":\"Buena jornada para Betis y Sevilla\",\"previousItem\":{\"@type\":\"ListItem\",\"@id\":\"https:\\\/\\\/candas365.es\\\/noticias\\\/category\\\/deporte\\\/#listItem\",\"name\":\"Deporte\"}}]},{\"@type\":\"NewsArticle\",\"@id\":\"https:\\\/\\\/candas365.es\\\/noticias\\\/buena-jornada-para-betis-y-sevilla\\\/#newsarticle\",\"name\":\"Buena jornada para Betis y Sevilla | Cand\\u00e1s 365\",\"headline\":\"Buena jornada para Betis y Sevilla\",\"author\":{\"@id\":\"https:\\\/\\\/candas365.es\\\/noticias\\\/author\\\/admin\\\/#author\"},\"publisher\":{\"@id\":\"https:\\\/\\\/candas365.es\\\/noticias\\\/#organization\"},\"image\":{\"@type\":\"ImageObject\",\"url\":\"https:\\\/\\\/candas365.es\\\/noticias\\\/wp-content\\\/uploads\\\/2018\\\/06\\\/football-1406106_960_720-1.jpg\",\"width\":960,\"height\":643},\"datePublished\":\"2021-04-22T17:30:04+02:00\",\"dateModified\":\"2021-04-22T17:30:04+02:00\",\"inLanguage\":\"es-ES\",\"mainEntityOfPage\":{\"@id\":\"https:\\\/\\\/candas365.es\\\/noticias\\\/buena-jornada-para-betis-y-sevilla\\\/#webpage\"},\"isPartOf\":{\"@id\":\"https:\\\/\\\/candas365.es\\\/noticias\\\/buena-jornada-para-betis-y-sevilla\\\/#webpage\"},\"articleSection\":\"Deporte\",\"dateline\":\"Publicado el abril 22, 2021.\"},{\"@type\":\"Organization\",\"@id\":\"https:\\\/\\\/candas365.es\\\/noticias\\\/#organization\",\"name\":\"Cand\\u00e1s 365\",\"description\":\"Cand\\u00e1s 365 es un diario digital independiente, fundado en 2012, con base en Asturias. Informamos con rigor sobre actualidad, sociedad, cultura y ocio, con una mirada local y global.\",\"url\":\"https:\\\/\\\/candas365.es\\\/noticias\\\/\",\"email\":\"info@candas365.es\",\"telephone\":\"+34652131393\",\"foundingDate\":\"2012-06-10\",\"logo\":{\"@type\":\"ImageObject\",\"url\":\"https:\\\/\\\/candas365.es\\\/noticias\\\/wp-content\\\/uploads\\\/2024\\\/09\\\/Candas-365-Redes.jpg\",\"@id\":\"https:\\\/\\\/candas365.es\\\/noticias\\\/buena-jornada-para-betis-y-sevilla\\\/#organizationLogo\",\"width\":1152,\"height\":864,\"caption\":\"Cand\\u00e1s 365 Redes\"},\"image\":{\"@id\":\"https:\\\/\\\/candas365.es\\\/noticias\\\/buena-jornada-para-betis-y-sevilla\\\/#organizationLogo\"},\"sameAs\":[\"https:\\\/\\\/www.facebook.com\\\/Nachofdezber\",\"https:\\\/\\\/x.com\\\/NabercoDigital\",\"https:\\\/\\\/www.instagram.com\\\/nachofdezber\\\/\",\"https:\\\/\\\/www.youtube.com\\\/channel\\\/UCZP-2wLEB9Rv6erhFmqVnvg\"],\"address\":{\"@id\":\"https:\\\/\\\/candas365.es\\\/noticias\\\/#postaladdress\",\"@type\":\"PostalAddress\",\"streetAddress\":\"san antonio 4, san antonio 4\",\"postalCode\":\"33430\",\"addressLocality\":\"Cand\\u00e1s\",\"addressRegion\":\"Asturias\",\"addressCountry\":\"ES\"}},{\"@type\":\"Person\",\"@id\":\"https:\\\/\\\/candas365.es\\\/noticias\\\/author\\\/admin\\\/#author\",\"url\":\"https:\\\/\\\/candas365.es\\\/noticias\\\/author\\\/admin\\\/\",\"name\":\"Cand\\u00e1s 365\",\"image\":{\"@type\":\"ImageObject\",\"@id\":\"https:\\\/\\\/candas365.es\\\/noticias\\\/buena-jornada-para-betis-y-sevilla\\\/#authorImage\",\"url\":\"https:\\\/\\\/secure.gravatar.com\\\/avatar\\\/496a8e03d0c493ede1718b7934145dbdf8d89be1036b0eec9544e1094c9de390?s=96&d=mm&r=g\",\"width\":96,\"height\":96,\"caption\":\"Cand\\u00e1s 365\"},\"sameAs\":[\"https:\\\/\\\/www.facebook.com\\\/carrenoactualidad\",\"https:\\\/\\\/twitter.com\\\/nbasturias\",\"https:\\\/\\\/www.instagram.com\\\/nachofdezber\\\/\",\"https:\\\/\\\/www.youtube.com\\\/channel\\\/UCZP-2wLEB9Rv6erhFmqVnvg\"]},{\"@type\":\"WebPage\",\"@id\":\"https:\\\/\\\/candas365.es\\\/noticias\\\/buena-jornada-para-betis-y-sevilla\\\/#webpage\",\"url\":\"https:\\\/\\\/candas365.es\\\/noticias\\\/buena-jornada-para-betis-y-sevilla\\\/\",\"name\":\"Buena jornada para Betis y Sevilla | Cand\\u00e1s 365\",\"description\":\"Los de Julen Lopetegui se ponen a tres puntos del liderato del Atl\\u00e9tico de Madrid, a la espera de que jueguen los rojiblancos ..\",\"inLanguage\":\"es-ES\",\"isPartOf\":{\"@id\":\"https:\\\/\\\/candas365.es\\\/noticias\\\/#website\"},\"breadcrumb\":{\"@id\":\"https:\\\/\\\/candas365.es\\\/noticias\\\/buena-jornada-para-betis-y-sevilla\\\/#breadcrumblist\"},\"author\":{\"@id\":\"https:\\\/\\\/candas365.es\\\/noticias\\\/author\\\/admin\\\/#author\"},\"creator\":{\"@id\":\"https:\\\/\\\/candas365.es\\\/noticias\\\/author\\\/admin\\\/#author\"},\"image\":{\"@type\":\"ImageObject\",\"url\":\"https:\\\/\\\/candas365.es\\\/noticias\\\/wp-content\\\/uploads\\\/2018\\\/06\\\/football-1406106_960_720-1.jpg\",\"@id\":\"https:\\\/\\\/candas365.es\\\/noticias\\\/buena-jornada-para-betis-y-sevilla\\\/#mainImage\",\"width\":960,\"height\":643},\"primaryImageOfPage\":{\"@id\":\"https:\\\/\\\/candas365.es\\\/noticias\\\/buena-jornada-para-betis-y-sevilla\\\/#mainImage\"},\"datePublished\":\"2021-04-22T17:30:04+02:00\",\"dateModified\":\"2021-04-22T17:30:04+02:00\"},{\"@type\":\"WebSite\",\"@id\":\"https:\\\/\\\/candas365.es\\\/noticias\\\/#website\",\"url\":\"https:\\\/\\\/candas365.es\\\/noticias\\\/\",\"name\":\"Cand\\u00e1s 365\",\"alternateName\":\"Cand\\u00e1s 365 Noticias\",\"description\":\"Actualidad desde Carre\\u00f1o para el mundo\",\"inLanguage\":\"es-ES\",\"publisher\":{\"@id\":\"https:\\\/\\\/candas365.es\\\/noticias\\\/#organization\"}}]}\n\t\t<\/script>\n\t\t<!-- All in One SEO Pro -->\r\n\t\t<title>Buena jornada para Betis y Sevilla | Cand\u00e1s 365<\/title>\n\n","aioseo_head_json":{"title":"Buena jornada para Betis y Sevilla | Cand\u00e1s 365","description":"Los de Julen Lopetegui se ponen a tres puntos del liderato del Atl\u00e9tico de Madrid, a la espera de que jueguen los rojiblancos ..","canonical_url":"https:\/\/candas365.es\/noticias\/buena-jornada-para-betis-y-sevilla\/","robots":"max-image-preview:large","keywords":"deporte","webmasterTools":{"google-site-verification":"UA-32230408-1","msvalidate.01":"354F3CDFB2DA171B47FBE9ABF1F88D5","miscellaneous":""},"schema":{"@context":"https:\/\/schema.org","@graph":[{"@type":"BreadcrumbList","@id":"https:\/\/candas365.es\/noticias\/buena-jornada-para-betis-y-sevilla\/#breadcrumblist","itemListElement":[{"@type":"ListItem","@id":"https:\/\/candas365.es\/noticias#listItem","position":1,"name":"Home","item":"https:\/\/candas365.es\/noticias","nextItem":{"@type":"ListItem","@id":"https:\/\/candas365.es\/noticias\/category\/deporte\/#listItem","name":"Deporte"}},{"@type":"ListItem","@id":"https:\/\/candas365.es\/noticias\/category\/deporte\/#listItem","position":2,"name":"Deporte","item":"https:\/\/candas365.es\/noticias\/category\/deporte\/","nextItem":{"@type":"ListItem","@id":"https:\/\/candas365.es\/noticias\/buena-jornada-para-betis-y-sevilla\/#listItem","name":"Buena jornada para Betis y Sevilla"},"previousItem":{"@type":"ListItem","@id":"https:\/\/candas365.es\/noticias#listItem","name":"Home"}},{"@type":"ListItem","@id":"https:\/\/candas365.es\/noticias\/buena-jornada-para-betis-y-sevilla\/#listItem","position":3,"name":"Buena jornada para Betis y Sevilla","previousItem":{"@type":"ListItem","@id":"https:\/\/candas365.es\/noticias\/category\/deporte\/#listItem","name":"Deporte"}}]},{"@type":"NewsArticle","@id":"https:\/\/candas365.es\/noticias\/buena-jornada-para-betis-y-sevilla\/#newsarticle","name":"Buena jornada para Betis y Sevilla | Cand\u00e1s 365","headline":"Buena jornada para Betis y Sevilla","author":{"@id":"https:\/\/candas365.es\/noticias\/author\/admin\/#author"},"publisher":{"@id":"https:\/\/candas365.es\/noticias\/#organization"},"image":{"@type":"ImageObject","url":"https:\/\/candas365.es\/noticias\/wp-content\/uploads\/2018\/06\/football-1406106_960_720-1.jpg","width":960,"height":643},"datePublished":"2021-04-22T17:30:04+02:00","dateModified":"2021-04-22T17:30:04+02:00","inLanguage":"es-ES","mainEntityOfPage":{"@id":"https:\/\/candas365.es\/noticias\/buena-jornada-para-betis-y-sevilla\/#webpage"},"isPartOf":{"@id":"https:\/\/candas365.es\/noticias\/buena-jornada-para-betis-y-sevilla\/#webpage"},"articleSection":"Deporte","dateline":"Publicado el abril 22, 2021."},{"@type":"Organization","@id":"https:\/\/candas365.es\/noticias\/#organization","name":"Cand\u00e1s 365","description":"Cand\u00e1s 365 es un diario digital independiente, fundado en 2012, con base en Asturias. Informamos con rigor sobre actualidad, sociedad, cultura y ocio, con una mirada local y global.","url":"https:\/\/candas365.es\/noticias\/","email":"info@candas365.es","telephone":"+34652131393","foundingDate":"2012-06-10","logo":{"@type":"ImageObject","url":"https:\/\/candas365.es\/noticias\/wp-content\/uploads\/2024\/09\/Candas-365-Redes.jpg","@id":"https:\/\/candas365.es\/noticias\/buena-jornada-para-betis-y-sevilla\/#organizationLogo","width":1152,"height":864,"caption":"Cand\u00e1s 365 Redes"},"image":{"@id":"https:\/\/candas365.es\/noticias\/buena-jornada-para-betis-y-sevilla\/#organizationLogo"},"sameAs":["https:\/\/www.facebook.com\/Nachofdezber","https:\/\/x.com\/NabercoDigital","https:\/\/www.instagram.com\/nachofdezber\/","https:\/\/www.youtube.com\/channel\/UCZP-2wLEB9Rv6erhFmqVnvg"],"address":{"@id":"https:\/\/candas365.es\/noticias\/#postaladdress","@type":"PostalAddress","streetAddress":"san antonio 4, san antonio 4","postalCode":"33430","addressLocality":"Cand\u00e1s","addressRegion":"Asturias","addressCountry":"ES"}},{"@type":"Person","@id":"https:\/\/candas365.es\/noticias\/author\/admin\/#author","url":"https:\/\/candas365.es\/noticias\/author\/admin\/","name":"Cand\u00e1s 365","image":{"@type":"ImageObject","@id":"https:\/\/candas365.es\/noticias\/buena-jornada-para-betis-y-sevilla\/#authorImage","url":"https:\/\/secure.gravatar.com\/avatar\/496a8e03d0c493ede1718b7934145dbdf8d89be1036b0eec9544e1094c9de390?s=96&d=mm&r=g","width":96,"height":96,"caption":"Cand\u00e1s 365"},"sameAs":["https:\/\/www.facebook.com\/carrenoactualidad","https:\/\/twitter.com\/nbasturias","https:\/\/www.instagram.com\/nachofdezber\/","https:\/\/www.youtube.com\/channel\/UCZP-2wLEB9Rv6erhFmqVnvg"]},{"@type":"WebPage","@id":"https:\/\/candas365.es\/noticias\/buena-jornada-para-betis-y-sevilla\/#webpage","url":"https:\/\/candas365.es\/noticias\/buena-jornada-para-betis-y-sevilla\/","name":"Buena jornada para Betis y Sevilla | Cand\u00e1s 365","description":"Los de Julen Lopetegui se ponen a tres puntos del liderato del Atl\u00e9tico de Madrid, a la espera de que jueguen los rojiblancos ..","inLanguage":"es-ES","isPartOf":{"@id":"https:\/\/candas365.es\/noticias\/#website"},"breadcrumb":{"@id":"https:\/\/candas365.es\/noticias\/buena-jornada-para-betis-y-sevilla\/#breadcrumblist"},"author":{"@id":"https:\/\/candas365.es\/noticias\/author\/admin\/#author"},"creator":{"@id":"https:\/\/candas365.es\/noticias\/author\/admin\/#author"},"image":{"@type":"ImageObject","url":"https:\/\/candas365.es\/noticias\/wp-content\/uploads\/2018\/06\/football-1406106_960_720-1.jpg","@id":"https:\/\/candas365.es\/noticias\/buena-jornada-para-betis-y-sevilla\/#mainImage","width":960,"height":643},"primaryImageOfPage":{"@id":"https:\/\/candas365.es\/noticias\/buena-jornada-para-betis-y-sevilla\/#mainImage"},"datePublished":"2021-04-22T17:30:04+02:00","dateModified":"2021-04-22T17:30:04+02:00"},{"@type":"WebSite","@id":"https:\/\/candas365.es\/noticias\/#website","url":"https:\/\/candas365.es\/noticias\/","name":"Cand\u00e1s 365","alternateName":"Cand\u00e1s 365 Noticias","description":"Actualidad desde Carre\u00f1o para el mundo","inLanguage":"es-ES","publisher":{"@id":"https:\/\/candas365.es\/noticias\/#organization"}}]},"og:locale":"es_ES","og:site_name":"Cand\u00e1s 365","og:type":"article","og:title":"Buena jornada para Betis y Sevilla | Cand\u00e1s 365","og:description":"Los de Julen Lopetegui se ponen a tres puntos del liderato del Atl\u00e9tico de Madrid, a la espera de que jueguen los rojiblancos ..","og:url":"https:\/\/candas365.es\/noticias\/buena-jornada-para-betis-y-sevilla\/","og:image":"https:\/\/candas365.es\/noticias\/wp-content\/uploads\/2018\/06\/football-1406106_960_720-1.jpg","og:image:secure_url":"https:\/\/candas365.es\/noticias\/wp-content\/uploads\/2018\/06\/football-1406106_960_720-1.jpg","og:image:width":960,"og:image:height":643,"article:published_time":"2021-04-22T17:30:04+00:00","article:modified_time":"2021-04-22T17:30:04+00:00","article:publisher":"https:\/\/www.facebook.com\/Nachofdezber","article:author":"https:\/\/www.facebook.com\/carrenoactualidad","twitter:card":"summary_large_image","twitter:site":"@NabercoDigital","twitter:title":"Buena jornada para Betis y Sevilla | Cand\u00e1s 365","twitter:description":"Los de Julen Lopetegui se ponen a tres puntos del liderato del Atl\u00e9tico de Madrid, a la espera de que jueguen los rojiblancos ..","twitter:creator":"@nbasturias","twitter:image":"https:\/\/candas365.es\/noticias\/wp-content\/uploads\/2018\/06\/football-1406106_960_720-1.jpg","twitter:label1":"Escrito por","twitter:data1":"Cand\u00e1s 365","twitter:label2":"Tiempo de lectura estimado","twitter:data2":"4 minutos"},"aioseo_meta_data":{"post_id":"153755","title":null,"description":"Los de Julen Lopetegui se ponen a tres puntos del liderato del Atl\u00e9tico de Madrid, a la espera de que jueguen los rojiblancos ..","keywords":[],"keyphrases":{"focus":[],"additional":[]},"primary_term":null,"canonical_url":null,"og_title":null,"og_description":null,"og_object_type":"default","og_image_type":"default","og_image_url":null,"og_image_width":null,"og_image_height":null,"og_image_custom_url":null,"og_image_custom_fields":null,"og_video":"","og_custom_url":null,"og_article_section":null,"og_article_tags":[],"twitter_use_og":false,"twitter_card":"default","twitter_image_type":"default","twitter_image_url":null,"twitter_image_custom_url":null,"twitter_image_custom_fields":null,"twitter_title":null,"twitter_description":null,"schema":{"blockGraphs":[],"customGraphs":[],"default":{"data":{"Article":[],"Course":[],"Dataset":[],"FAQPage":[],"Movie":[],"Person":[],"Product":[],"ProductReview":[],"Car":[],"Recipe":[],"Service":[],"SoftwareApplication":[],"WebPage":[]},"graphName":"","isEnabled":true},"graphs":[],"defaultGraph":"Article","defaultPostTypeGraph":""},"schema_type":"default","schema_type_options":"{\"article\":{\"articleType\":\"BlogPosting\"},\"course\":{\"name\":\"\",\"description\":\"\",\"provider\":\"\"},\"faq\":{\"pages\":[]},\"product\":{\"reviews\":[]},\"recipe\":{\"ingredients\":[],\"instructions\":[],\"keywords\":[]},\"software\":{\"reviews\":[],\"operatingSystems\":[]},\"webPage\":{\"webPageType\":\"WebPage\"}}","pillar_content":false,"robots_default":true,"robots_noindex":false,"robots_noarchive":false,"robots_nosnippet":false,"robots_nofollow":false,"robots_noimageindex":false,"robots_noodp":false,"robots_notranslate":false,"robots_max_snippet":"-1","robots_max_videopreview":"-1","robots_max_imagepreview":"large","priority":null,"frequency":"default","location":null,"local_seo":{"locations":{"business":{"name":"","businessType":"","image":"","areaServed":"","urls":{"website":"","aboutPage":"","contactPage":""},"address":{"streetLine1":"","streetLine2":"","zipCode":"","city":"","state":"","country":"","addressFormat":"#streetLineOne\n#streetLineTwo\n#city, #state #zipCode"},"contact":{"phone":"","email":"","fax":""},"ids":{"vat":"","tax":"","chamberOfCommerce":""},"payment":{"priceRange":"","currenciesAccepted":"","methods":""}}},"openingHours":{"useDefaults":true,"show":true,"alwaysOpen":false,"use24hFormat":false,"timezone":"","labels":{"closed":"","alwaysOpen":""},"days":{"monday":{"open24h":false,"closed":false,"openTime":"09:00","closeTime":"17:00"},"tuesday":{"open24h":false,"closed":false,"openTime":"09:00","closeTime":"17:00"},"wednesday":{"open24h":false,"closed":false,"openTime":"09:00","closeTime":"17:00"},"thursday":{"open24h":false,"closed":false,"openTime":"09:00","closeTime":"17:00"},"friday":{"open24h":false,"closed":false,"openTime":"09:00","closeTime":"17:00"},"saturday":{"open24h":false,"closed":false,"openTime":"09:00","closeTime":"17:00"},"sunday":{"open24h":false,"closed":false,"openTime":"09:00","closeTime":"17:00"}}}},"seo_analyzer_scan_date":"2025-08-31 20:21:14","breadcrumb_settings":null,"limit_modified_date":false,"reviewed_by":null,"open_ai":null,"ai":null,"created":"2021-04-22 17:28:18","updated":"2025-08-31 20:21:14"},"aioseo_breadcrumb":"<div class=\"aioseo-breadcrumbs\"><span class=\"aioseo-breadcrumb\">\n\t<a href=\"https:\/\/candas365.es\/noticias\" title=\"Home\">Home<\/a>\n<\/span><span class=\"aioseo-breadcrumb-separator\">&ndash;<\/span><span class=\"aioseo-breadcrumb\">\n\t<a href=\"https:\/\/candas365.es\/noticias\/category\/deporte\/\" title=\"Deporte\">Deporte<\/a>\n<\/span><span class=\"aioseo-breadcrumb-separator\">&ndash;<\/span><span class=\"aioseo-breadcrumb\">\n\tBuena jornada para Betis y Sevilla\n<\/span><\/div>","aioseo_breadcrumb_json":[{"label":"Home","link":"https:\/\/candas365.es\/noticias"},{"label":"Deporte","link":"https:\/\/candas365.es\/noticias\/category\/deporte\/"},{"label":"Buena jornada para Betis y Sevilla","link":"https:\/\/candas365.es\/noticias\/buena-jornada-para-betis-y-sevilla\/"}],"_links":{"self":[{"href":"https:\/\/candas365.es\/noticias\/wp-json\/wp\/v2\/posts\/153755","targetHints":{"allow":["GET"]}}],"collection":[{"href":"https:\/\/candas365.es\/noticias\/wp-json\/wp\/v2\/posts"}],"about":[{"href":"https:\/\/candas365.es\/noticias\/wp-json\/wp\/v2\/types\/post"}],"author":[{"embeddable":true,"href":"https:\/\/candas365.es\/noticias\/wp-json\/wp\/v2\/users\/1"}],"replies":[{"embeddable":true,"href":"https:\/\/candas365.es\/noticias\/wp-json\/wp\/v2\/comments?post=153755"}],"version-history":[{"count":0,"href":"https:\/\/candas365.es\/noticias\/wp-json\/wp\/v2\/posts\/153755\/revisions"}],"wp:featuredmedia":[{"embeddable":true,"href":"https:\/\/candas365.es\/noticias\/wp-json\/wp\/v2\/media\/98026"}],"wp:attachment":[{"href":"https:\/\/candas365.es\/noticias\/wp-json\/wp\/v2\/media?parent=153755"}],"wp:term":[{"taxonomy":"category","embeddable":true,"href":"https:\/\/candas365.es\/noticias\/wp-json\/wp\/v2\/categories?post=153755"},{"taxonomy":"post_tag","embeddable":true,"href":"https:\/\/candas365.es\/noticias\/wp-json\/wp\/v2\/tags?post=153755"}],"curies":[{"name":"wp","href":"https:\/\/api.w.org\/{rel}","templated":true}]}}