{"id":153668,"date":"2021-04-20T10:50:47","date_gmt":"2021-04-20T10:50:47","guid":{"rendered":"http:\/\/candas365.es\/noticias\/?p=153668"},"modified":"2021-04-20T10:50:47","modified_gmt":"2021-04-20T10:50:47","slug":"2021-el-muja-se-suma-al-dia-de-la-tierra","status":"publish","type":"post","link":"https:\/\/candas365.es\/noticias\/2021-el-muja-se-suma-al-dia-de-la-tierra\/","title":{"rendered":"2021: El MUJA se suma al D\u00eda de la Tierra"},"content":{"rendered":"<p><img fetchpriority=\"high\" decoding=\"async\" class=\"alignleft size-medium wp-image-38070\" src=\"https:\/\/candas365.es\/noticias\/wp-content\/uploads\/2016\/12\/MUJA-360x164.jpg\" alt=\"\" width=\"360\" height=\"164\" srcset=\"https:\/\/candas365.es\/noticias\/wp-content\/uploads\/2016\/12\/MUJA-360x164.jpg 360w, https:\/\/candas365.es\/noticias\/wp-content\/uploads\/2016\/12\/MUJA-650x297.jpg 650w, https:\/\/candas365.es\/noticias\/wp-content\/uploads\/2016\/12\/MUJA-768x350.jpg 768w, https:\/\/candas365.es\/noticias\/wp-content\/uploads\/2016\/12\/MUJA-150x68.jpg 150w, https:\/\/candas365.es\/noticias\/wp-content\/uploads\/2016\/12\/MUJA-450x205.jpg 450w, https:\/\/candas365.es\/noticias\/wp-content\/uploads\/2016\/12\/MUJA-1200x548.jpg 1200w, https:\/\/candas365.es\/noticias\/wp-content\/uploads\/2016\/12\/MUJA-655x299.jpg 655w, https:\/\/candas365.es\/noticias\/wp-content\/uploads\/2016\/12\/MUJA-696x318.jpg 696w, https:\/\/candas365.es\/noticias\/wp-content\/uploads\/2016\/12\/MUJA-1068x487.jpg 1068w, https:\/\/candas365.es\/noticias\/wp-content\/uploads\/2016\/12\/MUJA-921x420.jpg 921w, https:\/\/candas365.es\/noticias\/wp-content\/uploads\/2016\/12\/MUJA.jpg 1280w\" sizes=\"(max-width: 360px) 100vw, 360px\" \/>El Museo del Jur\u00e1sico de Asturias (MUJA) se suma al D\u00eda Internacional de la Tierra, con actividades este pr\u00f3ximo fin de semana para fomentar el cuidado del planeta y de sus ecosistemas. El MUJA, dependiente de la Consejer\u00eda de Cultura, Pol\u00edtica Lling\u00fc\u00edstica y Turismo, est\u00e1 gestionado por la Sociedad P\u00fablica de Gesti\u00f3n Tur\u00edstica y Cultural del Principado de Asturias.<\/p>\n<p>El equipo cient\u00edfico del MUJA mostrar\u00e1 el s\u00e1bado 24, a las 11:30 horas, las huellas de grandes dinosaurios saur\u00f3podos que se desplazaban sobre una laguna costera y que, por sus dimensiones, se encuentran entre las mayores del mundo en una visita al yacimiento de la playa de La Griega, en Colunga, para la que ya se han completado las plazas.<\/p>\n<p>El p\u00fablico familiar con menores entre 4 y 11 a\u00f1os podr\u00e1 participar en el taller Cuidado, volcanes el s\u00e1bado 24 y domingo 25 de abril, a las 11:30 y 17:00 horas, en una actividad en la que conocer\u00e1n que la Tierra est\u00e1 formada por placas tect\u00f3nicas que se mueven y descubrir\u00e1n, mediante sencillos experimentos cient\u00edficos, las partes de un volc\u00e1n y como \u00e9stos entran en erupci\u00f3n.<\/p>\n<p>El fin de semana tambi\u00e9n se realizan otros dos talleres familiares: Descubriendo La Costa de lo Dinosaurios a las 12:30 horas, una entretenida visita guiada por el Jard\u00edn del Museo; y Jugando con dinosaurios a las 16:30 horas, con juegos tradicionales para aprender qu\u00e9 reptiles terrestres vivieron en la Asturias jur\u00e1sica.<\/p>\n<p>Se recomienda la adquisici\u00f3n de las entradas para visitar el Museo y para participar en las actividades a trav\u00e9s de la web museojurasicoasturias.com.<\/p>\n<p>&nbsp;<\/p>\n<p>&nbsp;<\/p>\n","protected":false},"excerpt":{"rendered":"<p>El Museo del Jur\u00e1sico de Asturias (MUJA) se suma al D\u00eda Internacional de la Tierra, con actividades este pr\u00f3ximo fin de semana para fomentar el cuidado del planeta y de sus ecosistemas. El MUJA, dependiente de la Consejer\u00eda de Cultura, Pol\u00edtica Lling\u00fc\u00edstica y Turismo, est\u00e1 gestionado por la Sociedad P\u00fablica de Gesti\u00f3n Tur\u00edstica y Cultural<\/p>\n","protected":false},"author":1,"featured_media":38070,"comment_status":"closed","ping_status":"closed","sticky":false,"template":"","format":"standard","meta":{"footnotes":""},"categories":[1],"tags":[],"class_list":{"0":"post-153668","1":"post","2":"type-post","3":"status-publish","4":"format-standard","5":"has-post-thumbnail","7":"category-agenda"},"aioseo_notices":[],"aioseo_head":"\n\t\t<!-- All in One SEO Pro 4.9.6.2 - aioseo.com -->\n\t<meta name=\"description\" content=\"El MUJA se suma al D\u00eda Internacional de la Tierra, con actividades este pr\u00f3ximo fin de semana para fomentar el cuidado del planeta y de sus ecosistemas ..\" \/>\n\t<meta name=\"robots\" content=\"max-image-preview:large\" \/>\n\t<meta name=\"author\" content=\"Cand\u00e1s 365\"\/>\n\t<meta name=\"google-site-verification\" content=\"UA-32230408-1\" \/>\n\t<meta name=\"msvalidate.01\" content=\"354F3CDFB2DA171B47FBE9ABF1F88D5\" \/>\n\t<meta name=\"keywords\" content=\"agenda\" \/>\n\t<link rel=\"canonical\" href=\"https:\/\/candas365.es\/noticias\/2021-el-muja-se-suma-al-dia-de-la-tierra\/\" \/>\n\t<meta name=\"generator\" content=\"All in One SEO Pro (AIOSEO) 4.9.6.2\" \/>\n\t\t<meta property=\"og:locale\" content=\"es_ES\" \/>\n\t\t<meta property=\"og:site_name\" content=\"Cand\u00e1s 365\" \/>\n\t\t<meta property=\"og:type\" content=\"article\" \/>\n\t\t<meta property=\"og:title\" content=\"2021: El MUJA se suma al D\u00eda de la Tierra | Cand\u00e1s 365\" \/>\n\t\t<meta property=\"og:description\" content=\"El MUJA se suma al D\u00eda Internacional de la Tierra, con actividades este pr\u00f3ximo fin de semana para fomentar el cuidado del planeta y de sus ecosistemas ..\" \/>\n\t\t<meta property=\"og:url\" content=\"https:\/\/candas365.es\/noticias\/2021-el-muja-se-suma-al-dia-de-la-tierra\/\" \/>\n\t\t<meta property=\"og:image\" content=\"https:\/\/candas365.es\/noticias\/wp-content\/uploads\/2016\/12\/MUJA.jpg\" \/>\n\t\t<meta property=\"og:image:secure_url\" content=\"https:\/\/candas365.es\/noticias\/wp-content\/uploads\/2016\/12\/MUJA.jpg\" \/>\n\t\t<meta property=\"og:image:width\" content=\"1280\" \/>\n\t\t<meta property=\"og:image:height\" content=\"584\" \/>\n\t\t<meta property=\"article:published_time\" content=\"2021-04-20T10:50:47+00:00\" \/>\n\t\t<meta property=\"article:modified_time\" content=\"2021-04-20T10:50:47+00:00\" \/>\n\t\t<meta property=\"article:publisher\" content=\"https:\/\/www.facebook.com\/Nachofdezber\" \/>\n\t\t<meta property=\"article:author\" content=\"https:\/\/www.facebook.com\/carrenoactualidad\" \/>\n\t\t<meta name=\"twitter:card\" content=\"summary_large_image\" \/>\n\t\t<meta name=\"twitter:site\" content=\"@NabercoDigital\" \/>\n\t\t<meta name=\"twitter:title\" content=\"2021: El MUJA se suma al D\u00eda de la Tierra | Cand\u00e1s 365\" \/>\n\t\t<meta name=\"twitter:description\" content=\"El MUJA se suma al D\u00eda Internacional de la Tierra, con actividades este pr\u00f3ximo fin de semana para fomentar el cuidado del planeta y de sus ecosistemas ..\" \/>\n\t\t<meta name=\"twitter:creator\" content=\"@nbasturias\" \/>\n\t\t<meta name=\"twitter:image\" content=\"https:\/\/candas365.es\/noticias\/wp-content\/uploads\/2016\/12\/MUJA.jpg\" \/>\n\t\t<meta name=\"twitter:label1\" content=\"Escrito por\" \/>\n\t\t<meta name=\"twitter:data1\" content=\"Cand\u00e1s 365\" \/>\n\t\t<meta name=\"twitter:label2\" content=\"Tiempo de lectura estimado\" \/>\n\t\t<meta name=\"twitter:data2\" content=\"1 minuto\" \/>\n\t\t<script type=\"application\/ld+json\" class=\"aioseo-schema\">\n\t\t\t{\"@context\":\"https:\\\/\\\/schema.org\",\"@graph\":[{\"@type\":\"BreadcrumbList\",\"@id\":\"https:\\\/\\\/candas365.es\\\/noticias\\\/2021-el-muja-se-suma-al-dia-de-la-tierra\\\/#breadcrumblist\",\"itemListElement\":[{\"@type\":\"ListItem\",\"@id\":\"https:\\\/\\\/candas365.es\\\/noticias#listItem\",\"position\":1,\"name\":\"Home\",\"item\":\"https:\\\/\\\/candas365.es\\\/noticias\",\"nextItem\":{\"@type\":\"ListItem\",\"@id\":\"https:\\\/\\\/candas365.es\\\/noticias\\\/category\\\/agenda\\\/#listItem\",\"name\":\"Agenda\"}},{\"@type\":\"ListItem\",\"@id\":\"https:\\\/\\\/candas365.es\\\/noticias\\\/category\\\/agenda\\\/#listItem\",\"position\":2,\"name\":\"Agenda\",\"item\":\"https:\\\/\\\/candas365.es\\\/noticias\\\/category\\\/agenda\\\/\",\"nextItem\":{\"@type\":\"ListItem\",\"@id\":\"https:\\\/\\\/candas365.es\\\/noticias\\\/2021-el-muja-se-suma-al-dia-de-la-tierra\\\/#listItem\",\"name\":\"2021: El MUJA se suma al D\\u00eda de la Tierra\"},\"previousItem\":{\"@type\":\"ListItem\",\"@id\":\"https:\\\/\\\/candas365.es\\\/noticias#listItem\",\"name\":\"Home\"}},{\"@type\":\"ListItem\",\"@id\":\"https:\\\/\\\/candas365.es\\\/noticias\\\/2021-el-muja-se-suma-al-dia-de-la-tierra\\\/#listItem\",\"position\":3,\"name\":\"2021: El MUJA se suma al D\\u00eda de la Tierra\",\"previousItem\":{\"@type\":\"ListItem\",\"@id\":\"https:\\\/\\\/candas365.es\\\/noticias\\\/category\\\/agenda\\\/#listItem\",\"name\":\"Agenda\"}}]},{\"@type\":\"NewsArticle\",\"@id\":\"https:\\\/\\\/candas365.es\\\/noticias\\\/2021-el-muja-se-suma-al-dia-de-la-tierra\\\/#newsarticle\",\"name\":\"2021: El MUJA se suma al D\\u00eda de la Tierra | Cand\\u00e1s 365\",\"headline\":\"2021: El MUJA se suma al D\\u00eda de la Tierra\",\"author\":{\"@id\":\"https:\\\/\\\/candas365.es\\\/noticias\\\/author\\\/admin\\\/#author\"},\"publisher\":{\"@id\":\"https:\\\/\\\/candas365.es\\\/noticias\\\/#organization\"},\"image\":{\"@type\":\"ImageObject\",\"url\":\"https:\\\/\\\/candas365.es\\\/noticias\\\/wp-content\\\/uploads\\\/2016\\\/12\\\/MUJA.jpg\",\"width\":1280,\"height\":584},\"datePublished\":\"2021-04-20T10:50:47+02:00\",\"dateModified\":\"2021-04-20T10:50:47+02:00\",\"inLanguage\":\"es-ES\",\"mainEntityOfPage\":{\"@id\":\"https:\\\/\\\/candas365.es\\\/noticias\\\/2021-el-muja-se-suma-al-dia-de-la-tierra\\\/#webpage\"},\"isPartOf\":{\"@id\":\"https:\\\/\\\/candas365.es\\\/noticias\\\/2021-el-muja-se-suma-al-dia-de-la-tierra\\\/#webpage\"},\"articleSection\":\"Agenda\",\"dateline\":\"Publicado el abril 20, 2021.\"},{\"@type\":\"Organization\",\"@id\":\"https:\\\/\\\/candas365.es\\\/noticias\\\/#organization\",\"name\":\"Cand\\u00e1s 365\",\"description\":\"Cand\\u00e1s 365 es un diario digital independiente, fundado en 2012, con base en Asturias. Informamos con rigor sobre actualidad, sociedad, cultura y ocio, con una mirada local y global.\",\"url\":\"https:\\\/\\\/candas365.es\\\/noticias\\\/\",\"email\":\"info@candas365.es\",\"telephone\":\"+34652131393\",\"foundingDate\":\"2012-06-10\",\"logo\":{\"@type\":\"ImageObject\",\"url\":\"https:\\\/\\\/candas365.es\\\/noticias\\\/wp-content\\\/uploads\\\/2024\\\/09\\\/Candas-365-Redes.jpg\",\"@id\":\"https:\\\/\\\/candas365.es\\\/noticias\\\/2021-el-muja-se-suma-al-dia-de-la-tierra\\\/#organizationLogo\",\"width\":1152,\"height\":864,\"caption\":\"Cand\\u00e1s 365 Redes\"},\"image\":{\"@id\":\"https:\\\/\\\/candas365.es\\\/noticias\\\/2021-el-muja-se-suma-al-dia-de-la-tierra\\\/#organizationLogo\"},\"sameAs\":[\"https:\\\/\\\/www.facebook.com\\\/Nachofdezber\",\"https:\\\/\\\/x.com\\\/NabercoDigital\",\"https:\\\/\\\/www.instagram.com\\\/nachofdezber\\\/\",\"https:\\\/\\\/www.youtube.com\\\/channel\\\/UCZP-2wLEB9Rv6erhFmqVnvg\"],\"address\":{\"@id\":\"https:\\\/\\\/candas365.es\\\/noticias\\\/#postaladdress\",\"@type\":\"PostalAddress\",\"streetAddress\":\"san antonio 4, san antonio 4\",\"postalCode\":\"33430\",\"addressLocality\":\"Cand\\u00e1s\",\"addressRegion\":\"Asturias\",\"addressCountry\":\"ES\"}},{\"@type\":\"Person\",\"@id\":\"https:\\\/\\\/candas365.es\\\/noticias\\\/author\\\/admin\\\/#author\",\"url\":\"https:\\\/\\\/candas365.es\\\/noticias\\\/author\\\/admin\\\/\",\"name\":\"Cand\\u00e1s 365\",\"image\":{\"@type\":\"ImageObject\",\"@id\":\"https:\\\/\\\/candas365.es\\\/noticias\\\/2021-el-muja-se-suma-al-dia-de-la-tierra\\\/#authorImage\",\"url\":\"https:\\\/\\\/secure.gravatar.com\\\/avatar\\\/496a8e03d0c493ede1718b7934145dbdf8d89be1036b0eec9544e1094c9de390?s=96&d=mm&r=g\",\"width\":96,\"height\":96,\"caption\":\"Cand\\u00e1s 365\"},\"sameAs\":[\"https:\\\/\\\/www.facebook.com\\\/carrenoactualidad\",\"https:\\\/\\\/twitter.com\\\/nbasturias\",\"https:\\\/\\\/www.instagram.com\\\/nachofdezber\\\/\",\"https:\\\/\\\/www.youtube.com\\\/channel\\\/UCZP-2wLEB9Rv6erhFmqVnvg\"]},{\"@type\":\"WebPage\",\"@id\":\"https:\\\/\\\/candas365.es\\\/noticias\\\/2021-el-muja-se-suma-al-dia-de-la-tierra\\\/#webpage\",\"url\":\"https:\\\/\\\/candas365.es\\\/noticias\\\/2021-el-muja-se-suma-al-dia-de-la-tierra\\\/\",\"name\":\"2021: El MUJA se suma al D\\u00eda de la Tierra | Cand\\u00e1s 365\",\"description\":\"El MUJA se suma al D\\u00eda Internacional de la Tierra, con actividades este pr\\u00f3ximo fin de semana para fomentar el cuidado del planeta y de sus ecosistemas ..\",\"inLanguage\":\"es-ES\",\"isPartOf\":{\"@id\":\"https:\\\/\\\/candas365.es\\\/noticias\\\/#website\"},\"breadcrumb\":{\"@id\":\"https:\\\/\\\/candas365.es\\\/noticias\\\/2021-el-muja-se-suma-al-dia-de-la-tierra\\\/#breadcrumblist\"},\"author\":{\"@id\":\"https:\\\/\\\/candas365.es\\\/noticias\\\/author\\\/admin\\\/#author\"},\"creator\":{\"@id\":\"https:\\\/\\\/candas365.es\\\/noticias\\\/author\\\/admin\\\/#author\"},\"image\":{\"@type\":\"ImageObject\",\"url\":\"https:\\\/\\\/candas365.es\\\/noticias\\\/wp-content\\\/uploads\\\/2016\\\/12\\\/MUJA.jpg\",\"@id\":\"https:\\\/\\\/candas365.es\\\/noticias\\\/2021-el-muja-se-suma-al-dia-de-la-tierra\\\/#mainImage\",\"width\":1280,\"height\":584},\"primaryImageOfPage\":{\"@id\":\"https:\\\/\\\/candas365.es\\\/noticias\\\/2021-el-muja-se-suma-al-dia-de-la-tierra\\\/#mainImage\"},\"datePublished\":\"2021-04-20T10:50:47+02:00\",\"dateModified\":\"2021-04-20T10:50:47+02:00\"},{\"@type\":\"WebSite\",\"@id\":\"https:\\\/\\\/candas365.es\\\/noticias\\\/#website\",\"url\":\"https:\\\/\\\/candas365.es\\\/noticias\\\/\",\"name\":\"Cand\\u00e1s 365\",\"alternateName\":\"Cand\\u00e1s 365 Noticias\",\"description\":\"Actualidad desde Carre\\u00f1o para el mundo\",\"inLanguage\":\"es-ES\",\"publisher\":{\"@id\":\"https:\\\/\\\/candas365.es\\\/noticias\\\/#organization\"}}]}\n\t\t<\/script>\n\t\t<!-- All in One SEO Pro -->\r\n\t\t<title>2021: El MUJA se suma al D\u00eda de la Tierra | Cand\u00e1s 365<\/title>\n\n","aioseo_head_json":{"title":"2021: El MUJA se suma al D\u00eda de la Tierra | Cand\u00e1s 365","description":"El MUJA se suma al D\u00eda Internacional de la Tierra, con actividades este pr\u00f3ximo fin de semana para fomentar el cuidado del planeta y de sus ecosistemas ..","canonical_url":"https:\/\/candas365.es\/noticias\/2021-el-muja-se-suma-al-dia-de-la-tierra\/","robots":"max-image-preview:large","keywords":"agenda","webmasterTools":{"google-site-verification":"UA-32230408-1","msvalidate.01":"354F3CDFB2DA171B47FBE9ABF1F88D5","miscellaneous":""},"schema":{"@context":"https:\/\/schema.org","@graph":[{"@type":"BreadcrumbList","@id":"https:\/\/candas365.es\/noticias\/2021-el-muja-se-suma-al-dia-de-la-tierra\/#breadcrumblist","itemListElement":[{"@type":"ListItem","@id":"https:\/\/candas365.es\/noticias#listItem","position":1,"name":"Home","item":"https:\/\/candas365.es\/noticias","nextItem":{"@type":"ListItem","@id":"https:\/\/candas365.es\/noticias\/category\/agenda\/#listItem","name":"Agenda"}},{"@type":"ListItem","@id":"https:\/\/candas365.es\/noticias\/category\/agenda\/#listItem","position":2,"name":"Agenda","item":"https:\/\/candas365.es\/noticias\/category\/agenda\/","nextItem":{"@type":"ListItem","@id":"https:\/\/candas365.es\/noticias\/2021-el-muja-se-suma-al-dia-de-la-tierra\/#listItem","name":"2021: El MUJA se suma al D\u00eda de la Tierra"},"previousItem":{"@type":"ListItem","@id":"https:\/\/candas365.es\/noticias#listItem","name":"Home"}},{"@type":"ListItem","@id":"https:\/\/candas365.es\/noticias\/2021-el-muja-se-suma-al-dia-de-la-tierra\/#listItem","position":3,"name":"2021: El MUJA se suma al D\u00eda de la Tierra","previousItem":{"@type":"ListItem","@id":"https:\/\/candas365.es\/noticias\/category\/agenda\/#listItem","name":"Agenda"}}]},{"@type":"NewsArticle","@id":"https:\/\/candas365.es\/noticias\/2021-el-muja-se-suma-al-dia-de-la-tierra\/#newsarticle","name":"2021: El MUJA se suma al D\u00eda de la Tierra | Cand\u00e1s 365","headline":"2021: El MUJA se suma al D\u00eda de la Tierra","author":{"@id":"https:\/\/candas365.es\/noticias\/author\/admin\/#author"},"publisher":{"@id":"https:\/\/candas365.es\/noticias\/#organization"},"image":{"@type":"ImageObject","url":"https:\/\/candas365.es\/noticias\/wp-content\/uploads\/2016\/12\/MUJA.jpg","width":1280,"height":584},"datePublished":"2021-04-20T10:50:47+02:00","dateModified":"2021-04-20T10:50:47+02:00","inLanguage":"es-ES","mainEntityOfPage":{"@id":"https:\/\/candas365.es\/noticias\/2021-el-muja-se-suma-al-dia-de-la-tierra\/#webpage"},"isPartOf":{"@id":"https:\/\/candas365.es\/noticias\/2021-el-muja-se-suma-al-dia-de-la-tierra\/#webpage"},"articleSection":"Agenda","dateline":"Publicado el abril 20, 2021."},{"@type":"Organization","@id":"https:\/\/candas365.es\/noticias\/#organization","name":"Cand\u00e1s 365","description":"Cand\u00e1s 365 es un diario digital independiente, fundado en 2012, con base en Asturias. Informamos con rigor sobre actualidad, sociedad, cultura y ocio, con una mirada local y global.","url":"https:\/\/candas365.es\/noticias\/","email":"info@candas365.es","telephone":"+34652131393","foundingDate":"2012-06-10","logo":{"@type":"ImageObject","url":"https:\/\/candas365.es\/noticias\/wp-content\/uploads\/2024\/09\/Candas-365-Redes.jpg","@id":"https:\/\/candas365.es\/noticias\/2021-el-muja-se-suma-al-dia-de-la-tierra\/#organizationLogo","width":1152,"height":864,"caption":"Cand\u00e1s 365 Redes"},"image":{"@id":"https:\/\/candas365.es\/noticias\/2021-el-muja-se-suma-al-dia-de-la-tierra\/#organizationLogo"},"sameAs":["https:\/\/www.facebook.com\/Nachofdezber","https:\/\/x.com\/NabercoDigital","https:\/\/www.instagram.com\/nachofdezber\/","https:\/\/www.youtube.com\/channel\/UCZP-2wLEB9Rv6erhFmqVnvg"],"address":{"@id":"https:\/\/candas365.es\/noticias\/#postaladdress","@type":"PostalAddress","streetAddress":"san antonio 4, san antonio 4","postalCode":"33430","addressLocality":"Cand\u00e1s","addressRegion":"Asturias","addressCountry":"ES"}},{"@type":"Person","@id":"https:\/\/candas365.es\/noticias\/author\/admin\/#author","url":"https:\/\/candas365.es\/noticias\/author\/admin\/","name":"Cand\u00e1s 365","image":{"@type":"ImageObject","@id":"https:\/\/candas365.es\/noticias\/2021-el-muja-se-suma-al-dia-de-la-tierra\/#authorImage","url":"https:\/\/secure.gravatar.com\/avatar\/496a8e03d0c493ede1718b7934145dbdf8d89be1036b0eec9544e1094c9de390?s=96&d=mm&r=g","width":96,"height":96,"caption":"Cand\u00e1s 365"},"sameAs":["https:\/\/www.facebook.com\/carrenoactualidad","https:\/\/twitter.com\/nbasturias","https:\/\/www.instagram.com\/nachofdezber\/","https:\/\/www.youtube.com\/channel\/UCZP-2wLEB9Rv6erhFmqVnvg"]},{"@type":"WebPage","@id":"https:\/\/candas365.es\/noticias\/2021-el-muja-se-suma-al-dia-de-la-tierra\/#webpage","url":"https:\/\/candas365.es\/noticias\/2021-el-muja-se-suma-al-dia-de-la-tierra\/","name":"2021: El MUJA se suma al D\u00eda de la Tierra | Cand\u00e1s 365","description":"El MUJA se suma al D\u00eda Internacional de la Tierra, con actividades este pr\u00f3ximo fin de semana para fomentar el cuidado del planeta y de sus ecosistemas ..","inLanguage":"es-ES","isPartOf":{"@id":"https:\/\/candas365.es\/noticias\/#website"},"breadcrumb":{"@id":"https:\/\/candas365.es\/noticias\/2021-el-muja-se-suma-al-dia-de-la-tierra\/#breadcrumblist"},"author":{"@id":"https:\/\/candas365.es\/noticias\/author\/admin\/#author"},"creator":{"@id":"https:\/\/candas365.es\/noticias\/author\/admin\/#author"},"image":{"@type":"ImageObject","url":"https:\/\/candas365.es\/noticias\/wp-content\/uploads\/2016\/12\/MUJA.jpg","@id":"https:\/\/candas365.es\/noticias\/2021-el-muja-se-suma-al-dia-de-la-tierra\/#mainImage","width":1280,"height":584},"primaryImageOfPage":{"@id":"https:\/\/candas365.es\/noticias\/2021-el-muja-se-suma-al-dia-de-la-tierra\/#mainImage"},"datePublished":"2021-04-20T10:50:47+02:00","dateModified":"2021-04-20T10:50:47+02:00"},{"@type":"WebSite","@id":"https:\/\/candas365.es\/noticias\/#website","url":"https:\/\/candas365.es\/noticias\/","name":"Cand\u00e1s 365","alternateName":"Cand\u00e1s 365 Noticias","description":"Actualidad desde Carre\u00f1o para el mundo","inLanguage":"es-ES","publisher":{"@id":"https:\/\/candas365.es\/noticias\/#organization"}}]},"og:locale":"es_ES","og:site_name":"Cand\u00e1s 365","og:type":"article","og:title":"2021: El MUJA se suma al D\u00eda de la Tierra | Cand\u00e1s 365","og:description":"El MUJA se suma al D\u00eda Internacional de la Tierra, con actividades este pr\u00f3ximo fin de semana para fomentar el cuidado del planeta y de sus ecosistemas ..","og:url":"https:\/\/candas365.es\/noticias\/2021-el-muja-se-suma-al-dia-de-la-tierra\/","og:image":"https:\/\/candas365.es\/noticias\/wp-content\/uploads\/2016\/12\/MUJA.jpg","og:image:secure_url":"https:\/\/candas365.es\/noticias\/wp-content\/uploads\/2016\/12\/MUJA.jpg","og:image:width":1280,"og:image:height":584,"article:published_time":"2021-04-20T10:50:47+00:00","article:modified_time":"2021-04-20T10:50:47+00:00","article:publisher":"https:\/\/www.facebook.com\/Nachofdezber","article:author":"https:\/\/www.facebook.com\/carrenoactualidad","twitter:card":"summary_large_image","twitter:site":"@NabercoDigital","twitter:title":"2021: El MUJA se suma al D\u00eda de la Tierra | Cand\u00e1s 365","twitter:description":"El MUJA se suma al D\u00eda Internacional de la Tierra, con actividades este pr\u00f3ximo fin de semana para fomentar el cuidado del planeta y de sus ecosistemas ..","twitter:creator":"@nbasturias","twitter:image":"https:\/\/candas365.es\/noticias\/wp-content\/uploads\/2016\/12\/MUJA.jpg","twitter:label1":"Escrito por","twitter:data1":"Cand\u00e1s 365","twitter:label2":"Tiempo de lectura estimado","twitter:data2":"1 minuto"},"aioseo_meta_data":{"post_id":"153668","title":null,"description":"El MUJA se suma al D\u00eda Internacional de la Tierra, con actividades este pr\u00f3ximo fin de semana para fomentar el cuidado del planeta y de sus ecosistemas ..","keywords":[],"keyphrases":{"focus":[],"additional":[]},"primary_term":null,"canonical_url":null,"og_title":null,"og_description":null,"og_object_type":"default","og_image_type":"default","og_image_url":null,"og_image_width":null,"og_image_height":null,"og_image_custom_url":null,"og_image_custom_fields":null,"og_video":"","og_custom_url":null,"og_article_section":null,"og_article_tags":[],"twitter_use_og":false,"twitter_card":"default","twitter_image_type":"default","twitter_image_url":null,"twitter_image_custom_url":null,"twitter_image_custom_fields":null,"twitter_title":null,"twitter_description":null,"schema":{"blockGraphs":[],"customGraphs":[],"default":{"data":{"Article":[],"Course":[],"Dataset":[],"FAQPage":[],"Movie":[],"Person":[],"Product":[],"ProductReview":[],"Car":[],"Recipe":[],"Service":[],"SoftwareApplication":[],"WebPage":[]},"graphName":"","isEnabled":true},"graphs":[]},"schema_type":"default","schema_type_options":"{\"article\":{\"articleType\":\"BlogPosting\"},\"course\":{\"name\":\"\",\"description\":\"\",\"provider\":\"\"},\"faq\":{\"pages\":[]},\"product\":{\"reviews\":[]},\"recipe\":{\"ingredients\":[],\"instructions\":[],\"keywords\":[]},\"software\":{\"reviews\":[],\"operatingSystems\":[]},\"webPage\":{\"webPageType\":\"WebPage\"}}","pillar_content":false,"robots_default":true,"robots_noindex":false,"robots_noarchive":false,"robots_nosnippet":false,"robots_nofollow":false,"robots_noimageindex":false,"robots_noodp":false,"robots_notranslate":false,"robots_max_snippet":"-1","robots_max_videopreview":"-1","robots_max_imagepreview":"large","priority":null,"frequency":"default","location":null,"local_seo":{"locations":{"business":{"name":"","businessType":"","image":"","areaServed":"","urls":{"website":"","aboutPage":"","contactPage":""},"address":{"streetLine1":"","streetLine2":"","zipCode":"","city":"","state":"","country":"","addressFormat":"#streetLineOne\n#streetLineTwo\n#city, #state #zipCode"},"contact":{"phone":"","email":"","fax":""},"ids":{"vat":"","tax":"","chamberOfCommerce":""},"payment":{"priceRange":"","currenciesAccepted":"","methods":""}}},"openingHours":{"useDefaults":true,"show":true,"alwaysOpen":false,"use24hFormat":false,"timezone":"","labels":{"closed":"","alwaysOpen":""},"days":{"monday":{"open24h":false,"closed":false,"openTime":"09:00","closeTime":"17:00"},"tuesday":{"open24h":false,"closed":false,"openTime":"09:00","closeTime":"17:00"},"wednesday":{"open24h":false,"closed":false,"openTime":"09:00","closeTime":"17:00"},"thursday":{"open24h":false,"closed":false,"openTime":"09:00","closeTime":"17:00"},"friday":{"open24h":false,"closed":false,"openTime":"09:00","closeTime":"17:00"},"saturday":{"open24h":false,"closed":false,"openTime":"09:00","closeTime":"17:00"},"sunday":{"open24h":false,"closed":false,"openTime":"09:00","closeTime":"17:00"}}}},"seo_analyzer_scan_date":"2025-08-31 20:13:00","breadcrumb_settings":null,"limit_modified_date":false,"reviewed_by":null,"open_ai":null,"ai":null,"created":"2021-04-20 10:49:14","updated":"2025-08-31 20:13:00"},"aioseo_breadcrumb":"<div class=\"aioseo-breadcrumbs\"><span class=\"aioseo-breadcrumb\">\n\t<a href=\"https:\/\/candas365.es\/noticias\" title=\"Home\">Home<\/a>\n<\/span><span class=\"aioseo-breadcrumb-separator\">&ndash;<\/span><span class=\"aioseo-breadcrumb\">\n\t<a href=\"https:\/\/candas365.es\/noticias\/category\/agenda\/\" title=\"Agenda\">Agenda<\/a>\n<\/span><span class=\"aioseo-breadcrumb-separator\">&ndash;<\/span><span class=\"aioseo-breadcrumb\">\n\t2021: El MUJA se suma al D\u00eda de la Tierra\n<\/span><\/div>","aioseo_breadcrumb_json":[{"label":"Home","link":"https:\/\/candas365.es\/noticias"},{"label":"Agenda","link":"https:\/\/candas365.es\/noticias\/category\/agenda\/"},{"label":"2021: El MUJA se suma al D\u00eda de la Tierra","link":"https:\/\/candas365.es\/noticias\/2021-el-muja-se-suma-al-dia-de-la-tierra\/"}],"_links":{"self":[{"href":"https:\/\/candas365.es\/noticias\/wp-json\/wp\/v2\/posts\/153668","targetHints":{"allow":["GET"]}}],"collection":[{"href":"https:\/\/candas365.es\/noticias\/wp-json\/wp\/v2\/posts"}],"about":[{"href":"https:\/\/candas365.es\/noticias\/wp-json\/wp\/v2\/types\/post"}],"author":[{"embeddable":true,"href":"https:\/\/candas365.es\/noticias\/wp-json\/wp\/v2\/users\/1"}],"replies":[{"embeddable":true,"href":"https:\/\/candas365.es\/noticias\/wp-json\/wp\/v2\/comments?post=153668"}],"version-history":[{"count":0,"href":"https:\/\/candas365.es\/noticias\/wp-json\/wp\/v2\/posts\/153668\/revisions"}],"wp:featuredmedia":[{"embeddable":true,"href":"https:\/\/candas365.es\/noticias\/wp-json\/wp\/v2\/media\/38070"}],"wp:attachment":[{"href":"https:\/\/candas365.es\/noticias\/wp-json\/wp\/v2\/media?parent=153668"}],"wp:term":[{"taxonomy":"category","embeddable":true,"href":"https:\/\/candas365.es\/noticias\/wp-json\/wp\/v2\/categories?post=153668"},{"taxonomy":"post_tag","embeddable":true,"href":"https:\/\/candas365.es\/noticias\/wp-json\/wp\/v2\/tags?post=153668"}],"curies":[{"name":"wp","href":"https:\/\/api.w.org\/{rel}","templated":true}]}}