{"id":153577,"date":"2021-04-16T15:53:07","date_gmt":"2021-04-16T15:53:07","guid":{"rendered":"http:\/\/candas365.es\/noticias\/?p=153577"},"modified":"2021-04-16T15:53:07","modified_gmt":"2021-04-16T15:53:07","slug":"bundesliga-confusion-sobre-cuarentena-del-hertha-berlin","status":"publish","type":"post","link":"https:\/\/candas365.es\/noticias\/bundesliga-confusion-sobre-cuarentena-del-hertha-berlin\/","title":{"rendered":"Bundesliga: confusi\u00f3n sobre cuarentena del Hertha Berlin"},"content":{"rendered":"<p><img fetchpriority=\"high\" decoding=\"async\" class=\"alignleft size-medium wp-image-98026\" src=\"https:\/\/candas365.es\/noticias\/wp-content\/uploads\/2018\/06\/football-1406106_960_720-1-360x241.jpg\" alt=\"\" width=\"360\" height=\"241\" srcset=\"https:\/\/candas365.es\/noticias\/wp-content\/uploads\/2018\/06\/football-1406106_960_720-1-360x241.jpg 360w, https:\/\/candas365.es\/noticias\/wp-content\/uploads\/2018\/06\/football-1406106_960_720-1-768x514.jpg 768w, https:\/\/candas365.es\/noticias\/wp-content\/uploads\/2018\/06\/football-1406106_960_720-1-655x439.jpg 655w, https:\/\/candas365.es\/noticias\/wp-content\/uploads\/2018\/06\/football-1406106_960_720-1-696x466.jpg 696w, https:\/\/candas365.es\/noticias\/wp-content\/uploads\/2018\/06\/football-1406106_960_720-1-627x420.jpg 627w, https:\/\/candas365.es\/noticias\/wp-content\/uploads\/2018\/06\/football-1406106_960_720-1.jpg 960w\" sizes=\"(max-width: 360px) 100vw, 360px\" \/>Berl\u00edn, 16 abr (dpa) &#8211; El Hertha Berlin asume que tendr\u00e1 que realizar una cuarentena m\u00e1xima de 14 d\u00edas para su plantilla y personal t\u00e9cnico, seg\u00fan dijo hoy el director general del club de la Bundesliga, Carsten Schmidt.<\/p>\n<p>\u00abNos estamos preparando para 14 d\u00edas de cuarentena\u00bb, subray\u00f3 Schmidt, mientras la Liga Alemana de F\u00fatbol (DFL) anunciaba el aplazamiento del partido que el club berlin\u00e9s deb\u00eda jugar el domingo contra el Mainz.<\/p>\n<p>Schmidt rechaz\u00f3 lo que, seg\u00fan las autoridades berlinesas, era una amenaza de prolongar el aislamiento en caso de que se produzcan nuevos positivos por coronavirus dentro del plazo vigente hasta el 29 de abril.<\/p>\n<p>\u00abAcabamos de aclararlo con las autoridades sanitarias\u00bb, manifest\u00f3 Schmidt en una rueda de prensa en l\u00ednea. El directivo a\u00f1adi\u00f3 que si hay nuevos casos en el periodo de cuarentena, solo la persona afectada tendr\u00eda que prolongar su aislamiento y no extenderlo a todo el grupo.<\/p>\n<p>La posibilidad de aplazar los siguientes partidos del Hertha, que deb\u00edan jugarse durante el periodo de cuarentena, contra el Freiburg y el Schalke, no fue considerada en un primer momento, pero posteriormente la DFL anunci\u00f3 que tambi\u00e9n eran pospuestos. \u00abSe espera que las nuevas fechas de los partidos se anuncien en la pr\u00f3xima semana\u00bb, afirm\u00f3 la DFL en su comunicado.<\/p>\n<p>Por lo tanto, el Hertha no jugar\u00e1 ning\u00fan partido este mes. El director deportivo del Hertha, Arne Friedrich, aleg\u00f3 que responder\u00eda a una propuesta de calendario de la DFL con su propio calendario de emergencia para mayo. \u00abNo habr\u00e1 un plan de partidos perfecto. Presentaremos nuestra propia propuesta\u00bb, a\u00f1adi\u00f3 el ex internacional.<\/p>\n<p>\u00abPor supuesto que pensaremos en c\u00f3mo reprogramar estos partidos. Es un reto para el calendario, eso est\u00e1 claro\u00bb, declar\u00f3 el jefe de la DFL, Christian Seifert, al canal \u00abBild live\u00bb. \u00abPero tambi\u00e9n est\u00e1 claro que algo as\u00ed puede ocurrir en estos tiempos. En lo posible, afrontaremos la situaci\u00f3n y pensaremos en c\u00f3mo planificar el calendario\u00bb, agreg\u00f3.<\/p>\n<p>\u00abPara el Hertha, por supuesto, se aplican las mismas normas que para las escuelas y los hospitales\u00bb, dijo hoy a dpa Detlef Wagner, consejero de Asuntos Sociales y Salud del distrito de Charlottenburg-Wilmersdorf de la capital alemana.<\/p>\n<p>Inicialmente, solo el entrenador Pal Dardai, su ayudante Admir Hamzagic y el delantero Dodi Lukebakio, as\u00ed como el entrenador ayudante Andreas Neuendorf, clasificado como contacto de primer grado, fueron puestos en cuarentena el jueves.<\/p>\n<p>Friedrich explic\u00f3 que Dardai ten\u00eda s\u00edntomas de la infecci\u00f3n: \u00abLe duelen las extremidades, pero no tiene fiebre\u00bb. Asimismo, dio cuenta de que Hamzagic ten\u00eda un poco de fiebre, pero no dio detalles sobre el estado de salud de los dem\u00e1s afectados.<\/p>\n<p>El resto de la plantilla tuvo que ir a un hotel para ser aislado. Debido al resultado positivo del defensa Marvin Plattenhardt, que se confirm\u00f3 tras la sesi\u00f3n de entrenamiento conjunta, la cuarentena fue ampliada un d\u00eda y se extendi\u00f3 a toda la plantilla y al personal t\u00e9cnico.<\/p>\n<p>&nbsp;<\/p>\n","protected":false},"excerpt":{"rendered":"<p>Berl\u00edn, 16 abr (dpa) &#8211; El Hertha Berlin asume que tendr\u00e1 que realizar una cuarentena m\u00e1xima de 14 d\u00edas para su plantilla y personal t\u00e9cnico, seg\u00fan dijo hoy el director general del club de la Bundesliga, Carsten Schmidt. \u00abNos estamos preparando para 14 d\u00edas de cuarentena\u00bb, subray\u00f3 Schmidt, mientras la Liga Alemana de F\u00fatbol (DFL)<\/p>\n","protected":false},"author":1,"featured_media":98026,"comment_status":"closed","ping_status":"closed","sticky":false,"template":"","format":"standard","meta":{"footnotes":""},"categories":[319],"tags":[],"class_list":{"0":"post-153577","1":"post","2":"type-post","3":"status-publish","4":"format-standard","5":"has-post-thumbnail","7":"category-deporte"},"aioseo_notices":[],"aioseo_head":"\n\t\t<!-- All in One SEO Pro 4.9.6.2 - aioseo.com -->\n\t<meta name=\"description\" content=\"El Hertha Berlin asume que tendr\u00e1 que realizar una cuarentena m\u00e1xima de 14 d\u00edas para su plantilla y personal t\u00e9cnico ..\" \/>\n\t<meta name=\"robots\" content=\"max-image-preview:large\" \/>\n\t<meta name=\"author\" content=\"Cand\u00e1s 365\"\/>\n\t<meta name=\"google-site-verification\" content=\"UA-32230408-1\" \/>\n\t<meta name=\"msvalidate.01\" content=\"354F3CDFB2DA171B47FBE9ABF1F88D5\" \/>\n\t<meta name=\"keywords\" content=\"deporte\" \/>\n\t<link rel=\"canonical\" href=\"https:\/\/candas365.es\/noticias\/bundesliga-confusion-sobre-cuarentena-del-hertha-berlin\/\" \/>\n\t<meta name=\"generator\" content=\"All in One SEO Pro (AIOSEO) 4.9.6.2\" \/>\n\t\t<meta property=\"og:locale\" content=\"es_ES\" \/>\n\t\t<meta property=\"og:site_name\" content=\"Cand\u00e1s 365\" \/>\n\t\t<meta property=\"og:type\" content=\"article\" \/>\n\t\t<meta property=\"og:title\" content=\"Bundesliga: confusi\u00f3n sobre cuarentena del Hertha Berlin | Cand\u00e1s 365\" \/>\n\t\t<meta property=\"og:description\" content=\"El Hertha Berlin asume que tendr\u00e1 que realizar una cuarentena m\u00e1xima de 14 d\u00edas para su plantilla y personal t\u00e9cnico ..\" \/>\n\t\t<meta property=\"og:url\" content=\"https:\/\/candas365.es\/noticias\/bundesliga-confusion-sobre-cuarentena-del-hertha-berlin\/\" \/>\n\t\t<meta property=\"og:image\" content=\"https:\/\/candas365.es\/noticias\/wp-content\/uploads\/2018\/06\/football-1406106_960_720-1.jpg\" \/>\n\t\t<meta property=\"og:image:secure_url\" content=\"https:\/\/candas365.es\/noticias\/wp-content\/uploads\/2018\/06\/football-1406106_960_720-1.jpg\" \/>\n\t\t<meta property=\"og:image:width\" content=\"960\" \/>\n\t\t<meta property=\"og:image:height\" content=\"643\" \/>\n\t\t<meta property=\"article:published_time\" content=\"2021-04-16T15:53:07+00:00\" \/>\n\t\t<meta property=\"article:modified_time\" content=\"2021-04-16T15:53:07+00:00\" \/>\n\t\t<meta property=\"article:publisher\" content=\"https:\/\/www.facebook.com\/Nachofdezber\" \/>\n\t\t<meta property=\"article:author\" content=\"https:\/\/www.facebook.com\/carrenoactualidad\" \/>\n\t\t<meta name=\"twitter:card\" content=\"summary_large_image\" \/>\n\t\t<meta name=\"twitter:site\" content=\"@NabercoDigital\" \/>\n\t\t<meta name=\"twitter:title\" content=\"Bundesliga: confusi\u00f3n sobre cuarentena del Hertha Berlin | Cand\u00e1s 365\" \/>\n\t\t<meta name=\"twitter:description\" content=\"El Hertha Berlin asume que tendr\u00e1 que realizar una cuarentena m\u00e1xima de 14 d\u00edas para su plantilla y personal t\u00e9cnico ..\" \/>\n\t\t<meta name=\"twitter:creator\" content=\"@nbasturias\" \/>\n\t\t<meta name=\"twitter:image\" content=\"https:\/\/candas365.es\/noticias\/wp-content\/uploads\/2018\/06\/football-1406106_960_720-1.jpg\" \/>\n\t\t<meta name=\"twitter:label1\" content=\"Escrito por\" \/>\n\t\t<meta name=\"twitter:data1\" content=\"Cand\u00e1s 365\" \/>\n\t\t<meta name=\"twitter:label2\" content=\"Tiempo de lectura estimado\" \/>\n\t\t<meta name=\"twitter:data2\" content=\"3 minutos\" \/>\n\t\t<script type=\"application\/ld+json\" class=\"aioseo-schema\">\n\t\t\t{\"@context\":\"https:\\\/\\\/schema.org\",\"@graph\":[{\"@type\":\"BreadcrumbList\",\"@id\":\"https:\\\/\\\/candas365.es\\\/noticias\\\/bundesliga-confusion-sobre-cuarentena-del-hertha-berlin\\\/#breadcrumblist\",\"itemListElement\":[{\"@type\":\"ListItem\",\"@id\":\"https:\\\/\\\/candas365.es\\\/noticias#listItem\",\"position\":1,\"name\":\"Home\",\"item\":\"https:\\\/\\\/candas365.es\\\/noticias\",\"nextItem\":{\"@type\":\"ListItem\",\"@id\":\"https:\\\/\\\/candas365.es\\\/noticias\\\/category\\\/deporte\\\/#listItem\",\"name\":\"Deporte\"}},{\"@type\":\"ListItem\",\"@id\":\"https:\\\/\\\/candas365.es\\\/noticias\\\/category\\\/deporte\\\/#listItem\",\"position\":2,\"name\":\"Deporte\",\"item\":\"https:\\\/\\\/candas365.es\\\/noticias\\\/category\\\/deporte\\\/\",\"nextItem\":{\"@type\":\"ListItem\",\"@id\":\"https:\\\/\\\/candas365.es\\\/noticias\\\/bundesliga-confusion-sobre-cuarentena-del-hertha-berlin\\\/#listItem\",\"name\":\"Bundesliga: confusi\\u00f3n sobre cuarentena del Hertha Berlin\"},\"previousItem\":{\"@type\":\"ListItem\",\"@id\":\"https:\\\/\\\/candas365.es\\\/noticias#listItem\",\"name\":\"Home\"}},{\"@type\":\"ListItem\",\"@id\":\"https:\\\/\\\/candas365.es\\\/noticias\\\/bundesliga-confusion-sobre-cuarentena-del-hertha-berlin\\\/#listItem\",\"position\":3,\"name\":\"Bundesliga: confusi\\u00f3n sobre cuarentena del Hertha Berlin\",\"previousItem\":{\"@type\":\"ListItem\",\"@id\":\"https:\\\/\\\/candas365.es\\\/noticias\\\/category\\\/deporte\\\/#listItem\",\"name\":\"Deporte\"}}]},{\"@type\":\"NewsArticle\",\"@id\":\"https:\\\/\\\/candas365.es\\\/noticias\\\/bundesliga-confusion-sobre-cuarentena-del-hertha-berlin\\\/#newsarticle\",\"name\":\"Bundesliga: confusi\\u00f3n sobre cuarentena del Hertha Berlin | Cand\\u00e1s 365\",\"headline\":\"Bundesliga: confusi\\u00f3n sobre cuarentena del Hertha Berlin\",\"author\":{\"@id\":\"https:\\\/\\\/candas365.es\\\/noticias\\\/author\\\/admin\\\/#author\"},\"publisher\":{\"@id\":\"https:\\\/\\\/candas365.es\\\/noticias\\\/#organization\"},\"image\":{\"@type\":\"ImageObject\",\"url\":\"https:\\\/\\\/candas365.es\\\/noticias\\\/wp-content\\\/uploads\\\/2018\\\/06\\\/football-1406106_960_720-1.jpg\",\"width\":960,\"height\":643},\"datePublished\":\"2021-04-16T15:53:07+02:00\",\"dateModified\":\"2021-04-16T15:53:07+02:00\",\"inLanguage\":\"es-ES\",\"mainEntityOfPage\":{\"@id\":\"https:\\\/\\\/candas365.es\\\/noticias\\\/bundesliga-confusion-sobre-cuarentena-del-hertha-berlin\\\/#webpage\"},\"isPartOf\":{\"@id\":\"https:\\\/\\\/candas365.es\\\/noticias\\\/bundesliga-confusion-sobre-cuarentena-del-hertha-berlin\\\/#webpage\"},\"articleSection\":\"Deporte\",\"dateline\":\"Publicado el abril 16, 2021.\"},{\"@type\":\"Organization\",\"@id\":\"https:\\\/\\\/candas365.es\\\/noticias\\\/#organization\",\"name\":\"Cand\\u00e1s 365\",\"description\":\"Cand\\u00e1s 365 es un diario digital independiente, fundado en 2012, con base en Asturias. Informamos con rigor sobre actualidad, sociedad, cultura y ocio, con una mirada local y global.\",\"url\":\"https:\\\/\\\/candas365.es\\\/noticias\\\/\",\"email\":\"info@candas365.es\",\"telephone\":\"+34652131393\",\"foundingDate\":\"2012-06-10\",\"logo\":{\"@type\":\"ImageObject\",\"url\":\"https:\\\/\\\/candas365.es\\\/noticias\\\/wp-content\\\/uploads\\\/2024\\\/09\\\/Candas-365-Redes.jpg\",\"@id\":\"https:\\\/\\\/candas365.es\\\/noticias\\\/bundesliga-confusion-sobre-cuarentena-del-hertha-berlin\\\/#organizationLogo\",\"width\":1152,\"height\":864,\"caption\":\"Cand\\u00e1s 365 Redes\"},\"image\":{\"@id\":\"https:\\\/\\\/candas365.es\\\/noticias\\\/bundesliga-confusion-sobre-cuarentena-del-hertha-berlin\\\/#organizationLogo\"},\"sameAs\":[\"https:\\\/\\\/www.facebook.com\\\/Nachofdezber\",\"https:\\\/\\\/x.com\\\/NabercoDigital\",\"https:\\\/\\\/www.instagram.com\\\/nachofdezber\\\/\",\"https:\\\/\\\/www.youtube.com\\\/channel\\\/UCZP-2wLEB9Rv6erhFmqVnvg\"],\"address\":{\"@id\":\"https:\\\/\\\/candas365.es\\\/noticias\\\/#postaladdress\",\"@type\":\"PostalAddress\",\"streetAddress\":\"san antonio 4, san antonio 4\",\"postalCode\":\"33430\",\"addressLocality\":\"Cand\\u00e1s\",\"addressRegion\":\"Asturias\",\"addressCountry\":\"ES\"}},{\"@type\":\"Person\",\"@id\":\"https:\\\/\\\/candas365.es\\\/noticias\\\/author\\\/admin\\\/#author\",\"url\":\"https:\\\/\\\/candas365.es\\\/noticias\\\/author\\\/admin\\\/\",\"name\":\"Cand\\u00e1s 365\",\"image\":{\"@type\":\"ImageObject\",\"@id\":\"https:\\\/\\\/candas365.es\\\/noticias\\\/bundesliga-confusion-sobre-cuarentena-del-hertha-berlin\\\/#authorImage\",\"url\":\"https:\\\/\\\/secure.gravatar.com\\\/avatar\\\/496a8e03d0c493ede1718b7934145dbdf8d89be1036b0eec9544e1094c9de390?s=96&d=mm&r=g\",\"width\":96,\"height\":96,\"caption\":\"Cand\\u00e1s 365\"},\"sameAs\":[\"https:\\\/\\\/www.facebook.com\\\/carrenoactualidad\",\"https:\\\/\\\/twitter.com\\\/nbasturias\",\"https:\\\/\\\/www.instagram.com\\\/nachofdezber\\\/\",\"https:\\\/\\\/www.youtube.com\\\/channel\\\/UCZP-2wLEB9Rv6erhFmqVnvg\"]},{\"@type\":\"WebPage\",\"@id\":\"https:\\\/\\\/candas365.es\\\/noticias\\\/bundesliga-confusion-sobre-cuarentena-del-hertha-berlin\\\/#webpage\",\"url\":\"https:\\\/\\\/candas365.es\\\/noticias\\\/bundesliga-confusion-sobre-cuarentena-del-hertha-berlin\\\/\",\"name\":\"Bundesliga: confusi\\u00f3n sobre cuarentena del Hertha Berlin | Cand\\u00e1s 365\",\"description\":\"El Hertha Berlin asume que tendr\\u00e1 que realizar una cuarentena m\\u00e1xima de 14 d\\u00edas para su plantilla y personal t\\u00e9cnico ..\",\"inLanguage\":\"es-ES\",\"isPartOf\":{\"@id\":\"https:\\\/\\\/candas365.es\\\/noticias\\\/#website\"},\"breadcrumb\":{\"@id\":\"https:\\\/\\\/candas365.es\\\/noticias\\\/bundesliga-confusion-sobre-cuarentena-del-hertha-berlin\\\/#breadcrumblist\"},\"author\":{\"@id\":\"https:\\\/\\\/candas365.es\\\/noticias\\\/author\\\/admin\\\/#author\"},\"creator\":{\"@id\":\"https:\\\/\\\/candas365.es\\\/noticias\\\/author\\\/admin\\\/#author\"},\"image\":{\"@type\":\"ImageObject\",\"url\":\"https:\\\/\\\/candas365.es\\\/noticias\\\/wp-content\\\/uploads\\\/2018\\\/06\\\/football-1406106_960_720-1.jpg\",\"@id\":\"https:\\\/\\\/candas365.es\\\/noticias\\\/bundesliga-confusion-sobre-cuarentena-del-hertha-berlin\\\/#mainImage\",\"width\":960,\"height\":643},\"primaryImageOfPage\":{\"@id\":\"https:\\\/\\\/candas365.es\\\/noticias\\\/bundesliga-confusion-sobre-cuarentena-del-hertha-berlin\\\/#mainImage\"},\"datePublished\":\"2021-04-16T15:53:07+02:00\",\"dateModified\":\"2021-04-16T15:53:07+02:00\"},{\"@type\":\"WebSite\",\"@id\":\"https:\\\/\\\/candas365.es\\\/noticias\\\/#website\",\"url\":\"https:\\\/\\\/candas365.es\\\/noticias\\\/\",\"name\":\"Cand\\u00e1s 365\",\"alternateName\":\"Cand\\u00e1s 365 Noticias\",\"description\":\"Actualidad desde Carre\\u00f1o para el mundo\",\"inLanguage\":\"es-ES\",\"publisher\":{\"@id\":\"https:\\\/\\\/candas365.es\\\/noticias\\\/#organization\"}}]}\n\t\t<\/script>\n\t\t<!-- All in One SEO Pro -->\r\n\t\t<title>Bundesliga: confusi\u00f3n sobre cuarentena del Hertha Berlin | Cand\u00e1s 365<\/title>\n\n","aioseo_head_json":{"title":"Bundesliga: confusi\u00f3n sobre cuarentena del Hertha Berlin | Cand\u00e1s 365","description":"El Hertha Berlin asume que tendr\u00e1 que realizar una cuarentena m\u00e1xima de 14 d\u00edas para su plantilla y personal t\u00e9cnico ..","canonical_url":"https:\/\/candas365.es\/noticias\/bundesliga-confusion-sobre-cuarentena-del-hertha-berlin\/","robots":"max-image-preview:large","keywords":"deporte","webmasterTools":{"google-site-verification":"UA-32230408-1","msvalidate.01":"354F3CDFB2DA171B47FBE9ABF1F88D5","miscellaneous":""},"schema":{"@context":"https:\/\/schema.org","@graph":[{"@type":"BreadcrumbList","@id":"https:\/\/candas365.es\/noticias\/bundesliga-confusion-sobre-cuarentena-del-hertha-berlin\/#breadcrumblist","itemListElement":[{"@type":"ListItem","@id":"https:\/\/candas365.es\/noticias#listItem","position":1,"name":"Home","item":"https:\/\/candas365.es\/noticias","nextItem":{"@type":"ListItem","@id":"https:\/\/candas365.es\/noticias\/category\/deporte\/#listItem","name":"Deporte"}},{"@type":"ListItem","@id":"https:\/\/candas365.es\/noticias\/category\/deporte\/#listItem","position":2,"name":"Deporte","item":"https:\/\/candas365.es\/noticias\/category\/deporte\/","nextItem":{"@type":"ListItem","@id":"https:\/\/candas365.es\/noticias\/bundesliga-confusion-sobre-cuarentena-del-hertha-berlin\/#listItem","name":"Bundesliga: confusi\u00f3n sobre cuarentena del Hertha Berlin"},"previousItem":{"@type":"ListItem","@id":"https:\/\/candas365.es\/noticias#listItem","name":"Home"}},{"@type":"ListItem","@id":"https:\/\/candas365.es\/noticias\/bundesliga-confusion-sobre-cuarentena-del-hertha-berlin\/#listItem","position":3,"name":"Bundesliga: confusi\u00f3n sobre cuarentena del Hertha Berlin","previousItem":{"@type":"ListItem","@id":"https:\/\/candas365.es\/noticias\/category\/deporte\/#listItem","name":"Deporte"}}]},{"@type":"NewsArticle","@id":"https:\/\/candas365.es\/noticias\/bundesliga-confusion-sobre-cuarentena-del-hertha-berlin\/#newsarticle","name":"Bundesliga: confusi\u00f3n sobre cuarentena del Hertha Berlin | Cand\u00e1s 365","headline":"Bundesliga: confusi\u00f3n sobre cuarentena del Hertha Berlin","author":{"@id":"https:\/\/candas365.es\/noticias\/author\/admin\/#author"},"publisher":{"@id":"https:\/\/candas365.es\/noticias\/#organization"},"image":{"@type":"ImageObject","url":"https:\/\/candas365.es\/noticias\/wp-content\/uploads\/2018\/06\/football-1406106_960_720-1.jpg","width":960,"height":643},"datePublished":"2021-04-16T15:53:07+02:00","dateModified":"2021-04-16T15:53:07+02:00","inLanguage":"es-ES","mainEntityOfPage":{"@id":"https:\/\/candas365.es\/noticias\/bundesliga-confusion-sobre-cuarentena-del-hertha-berlin\/#webpage"},"isPartOf":{"@id":"https:\/\/candas365.es\/noticias\/bundesliga-confusion-sobre-cuarentena-del-hertha-berlin\/#webpage"},"articleSection":"Deporte","dateline":"Publicado el abril 16, 2021."},{"@type":"Organization","@id":"https:\/\/candas365.es\/noticias\/#organization","name":"Cand\u00e1s 365","description":"Cand\u00e1s 365 es un diario digital independiente, fundado en 2012, con base en Asturias. Informamos con rigor sobre actualidad, sociedad, cultura y ocio, con una mirada local y global.","url":"https:\/\/candas365.es\/noticias\/","email":"info@candas365.es","telephone":"+34652131393","foundingDate":"2012-06-10","logo":{"@type":"ImageObject","url":"https:\/\/candas365.es\/noticias\/wp-content\/uploads\/2024\/09\/Candas-365-Redes.jpg","@id":"https:\/\/candas365.es\/noticias\/bundesliga-confusion-sobre-cuarentena-del-hertha-berlin\/#organizationLogo","width":1152,"height":864,"caption":"Cand\u00e1s 365 Redes"},"image":{"@id":"https:\/\/candas365.es\/noticias\/bundesliga-confusion-sobre-cuarentena-del-hertha-berlin\/#organizationLogo"},"sameAs":["https:\/\/www.facebook.com\/Nachofdezber","https:\/\/x.com\/NabercoDigital","https:\/\/www.instagram.com\/nachofdezber\/","https:\/\/www.youtube.com\/channel\/UCZP-2wLEB9Rv6erhFmqVnvg"],"address":{"@id":"https:\/\/candas365.es\/noticias\/#postaladdress","@type":"PostalAddress","streetAddress":"san antonio 4, san antonio 4","postalCode":"33430","addressLocality":"Cand\u00e1s","addressRegion":"Asturias","addressCountry":"ES"}},{"@type":"Person","@id":"https:\/\/candas365.es\/noticias\/author\/admin\/#author","url":"https:\/\/candas365.es\/noticias\/author\/admin\/","name":"Cand\u00e1s 365","image":{"@type":"ImageObject","@id":"https:\/\/candas365.es\/noticias\/bundesliga-confusion-sobre-cuarentena-del-hertha-berlin\/#authorImage","url":"https:\/\/secure.gravatar.com\/avatar\/496a8e03d0c493ede1718b7934145dbdf8d89be1036b0eec9544e1094c9de390?s=96&d=mm&r=g","width":96,"height":96,"caption":"Cand\u00e1s 365"},"sameAs":["https:\/\/www.facebook.com\/carrenoactualidad","https:\/\/twitter.com\/nbasturias","https:\/\/www.instagram.com\/nachofdezber\/","https:\/\/www.youtube.com\/channel\/UCZP-2wLEB9Rv6erhFmqVnvg"]},{"@type":"WebPage","@id":"https:\/\/candas365.es\/noticias\/bundesliga-confusion-sobre-cuarentena-del-hertha-berlin\/#webpage","url":"https:\/\/candas365.es\/noticias\/bundesliga-confusion-sobre-cuarentena-del-hertha-berlin\/","name":"Bundesliga: confusi\u00f3n sobre cuarentena del Hertha Berlin | Cand\u00e1s 365","description":"El Hertha Berlin asume que tendr\u00e1 que realizar una cuarentena m\u00e1xima de 14 d\u00edas para su plantilla y personal t\u00e9cnico ..","inLanguage":"es-ES","isPartOf":{"@id":"https:\/\/candas365.es\/noticias\/#website"},"breadcrumb":{"@id":"https:\/\/candas365.es\/noticias\/bundesliga-confusion-sobre-cuarentena-del-hertha-berlin\/#breadcrumblist"},"author":{"@id":"https:\/\/candas365.es\/noticias\/author\/admin\/#author"},"creator":{"@id":"https:\/\/candas365.es\/noticias\/author\/admin\/#author"},"image":{"@type":"ImageObject","url":"https:\/\/candas365.es\/noticias\/wp-content\/uploads\/2018\/06\/football-1406106_960_720-1.jpg","@id":"https:\/\/candas365.es\/noticias\/bundesliga-confusion-sobre-cuarentena-del-hertha-berlin\/#mainImage","width":960,"height":643},"primaryImageOfPage":{"@id":"https:\/\/candas365.es\/noticias\/bundesliga-confusion-sobre-cuarentena-del-hertha-berlin\/#mainImage"},"datePublished":"2021-04-16T15:53:07+02:00","dateModified":"2021-04-16T15:53:07+02:00"},{"@type":"WebSite","@id":"https:\/\/candas365.es\/noticias\/#website","url":"https:\/\/candas365.es\/noticias\/","name":"Cand\u00e1s 365","alternateName":"Cand\u00e1s 365 Noticias","description":"Actualidad desde Carre\u00f1o para el mundo","inLanguage":"es-ES","publisher":{"@id":"https:\/\/candas365.es\/noticias\/#organization"}}]},"og:locale":"es_ES","og:site_name":"Cand\u00e1s 365","og:type":"article","og:title":"Bundesliga: confusi\u00f3n sobre cuarentena del Hertha Berlin | Cand\u00e1s 365","og:description":"El Hertha Berlin asume que tendr\u00e1 que realizar una cuarentena m\u00e1xima de 14 d\u00edas para su plantilla y personal t\u00e9cnico ..","og:url":"https:\/\/candas365.es\/noticias\/bundesliga-confusion-sobre-cuarentena-del-hertha-berlin\/","og:image":"https:\/\/candas365.es\/noticias\/wp-content\/uploads\/2018\/06\/football-1406106_960_720-1.jpg","og:image:secure_url":"https:\/\/candas365.es\/noticias\/wp-content\/uploads\/2018\/06\/football-1406106_960_720-1.jpg","og:image:width":960,"og:image:height":643,"article:published_time":"2021-04-16T15:53:07+00:00","article:modified_time":"2021-04-16T15:53:07+00:00","article:publisher":"https:\/\/www.facebook.com\/Nachofdezber","article:author":"https:\/\/www.facebook.com\/carrenoactualidad","twitter:card":"summary_large_image","twitter:site":"@NabercoDigital","twitter:title":"Bundesliga: confusi\u00f3n sobre cuarentena del Hertha Berlin | Cand\u00e1s 365","twitter:description":"El Hertha Berlin asume que tendr\u00e1 que realizar una cuarentena m\u00e1xima de 14 d\u00edas para su plantilla y personal t\u00e9cnico ..","twitter:creator":"@nbasturias","twitter:image":"https:\/\/candas365.es\/noticias\/wp-content\/uploads\/2018\/06\/football-1406106_960_720-1.jpg","twitter:label1":"Escrito por","twitter:data1":"Cand\u00e1s 365","twitter:label2":"Tiempo de lectura estimado","twitter:data2":"3 minutos"},"aioseo_meta_data":{"post_id":"153577","title":null,"description":"El Hertha Berlin asume que tendr\u00e1 que realizar una cuarentena m\u00e1xima de 14 d\u00edas para su plantilla y personal t\u00e9cnico ..","keywords":[],"keyphrases":{"focus":[],"additional":[]},"primary_term":null,"canonical_url":null,"og_title":null,"og_description":null,"og_object_type":"default","og_image_type":"default","og_image_url":null,"og_image_width":null,"og_image_height":null,"og_image_custom_url":null,"og_image_custom_fields":null,"og_video":"","og_custom_url":null,"og_article_section":null,"og_article_tags":[],"twitter_use_og":false,"twitter_card":"default","twitter_image_type":"default","twitter_image_url":null,"twitter_image_custom_url":null,"twitter_image_custom_fields":null,"twitter_title":null,"twitter_description":null,"schema":{"blockGraphs":[],"customGraphs":[],"default":{"data":{"Article":[],"Course":[],"Dataset":[],"FAQPage":[],"Movie":[],"Person":[],"Product":[],"ProductReview":[],"Car":[],"Recipe":[],"Service":[],"SoftwareApplication":[],"WebPage":[]},"graphName":"","isEnabled":true},"graphs":[],"defaultGraph":"Article","defaultPostTypeGraph":""},"schema_type":"default","schema_type_options":"{\"article\":{\"articleType\":\"BlogPosting\"},\"course\":{\"name\":\"\",\"description\":\"\",\"provider\":\"\"},\"faq\":{\"pages\":[]},\"product\":{\"reviews\":[]},\"recipe\":{\"ingredients\":[],\"instructions\":[],\"keywords\":[]},\"software\":{\"reviews\":[],\"operatingSystems\":[]},\"webPage\":{\"webPageType\":\"WebPage\"}}","pillar_content":false,"robots_default":true,"robots_noindex":false,"robots_noarchive":false,"robots_nosnippet":false,"robots_nofollow":false,"robots_noimageindex":false,"robots_noodp":false,"robots_notranslate":false,"robots_max_snippet":"-1","robots_max_videopreview":"-1","robots_max_imagepreview":"large","priority":null,"frequency":"default","location":null,"local_seo":{"locations":{"business":{"name":"","businessType":"","image":"","areaServed":"","urls":{"website":"","aboutPage":"","contactPage":""},"address":{"streetLine1":"","streetLine2":"","zipCode":"","city":"","state":"","country":"","addressFormat":"#streetLineOne\n#streetLineTwo\n#city, #state #zipCode"},"contact":{"phone":"","email":"","fax":""},"ids":{"vat":"","tax":"","chamberOfCommerce":""},"payment":{"priceRange":"","currenciesAccepted":"","methods":""}}},"openingHours":{"useDefaults":true,"show":true,"alwaysOpen":false,"use24hFormat":false,"timezone":"","labels":{"closed":"","alwaysOpen":""},"days":{"monday":{"open24h":false,"closed":false,"openTime":"09:00","closeTime":"17:00"},"tuesday":{"open24h":false,"closed":false,"openTime":"09:00","closeTime":"17:00"},"wednesday":{"open24h":false,"closed":false,"openTime":"09:00","closeTime":"17:00"},"thursday":{"open24h":false,"closed":false,"openTime":"09:00","closeTime":"17:00"},"friday":{"open24h":false,"closed":false,"openTime":"09:00","closeTime":"17:00"},"saturday":{"open24h":false,"closed":false,"openTime":"09:00","closeTime":"17:00"},"sunday":{"open24h":false,"closed":false,"openTime":"09:00","closeTime":"17:00"}}}},"seo_analyzer_scan_date":"2025-08-31 20:05:28","breadcrumb_settings":null,"limit_modified_date":false,"reviewed_by":null,"open_ai":null,"ai":null,"created":"2021-04-16 15:51:56","updated":"2025-08-31 20:05:28"},"aioseo_breadcrumb":"<div class=\"aioseo-breadcrumbs\"><span class=\"aioseo-breadcrumb\">\n\t<a href=\"https:\/\/candas365.es\/noticias\" title=\"Home\">Home<\/a>\n<\/span><span class=\"aioseo-breadcrumb-separator\">&ndash;<\/span><span class=\"aioseo-breadcrumb\">\n\t<a href=\"https:\/\/candas365.es\/noticias\/category\/deporte\/\" title=\"Deporte\">Deporte<\/a>\n<\/span><span class=\"aioseo-breadcrumb-separator\">&ndash;<\/span><span class=\"aioseo-breadcrumb\">\n\tBundesliga: confusi\u00f3n sobre cuarentena del Hertha Berlin\n<\/span><\/div>","aioseo_breadcrumb_json":[{"label":"Home","link":"https:\/\/candas365.es\/noticias"},{"label":"Deporte","link":"https:\/\/candas365.es\/noticias\/category\/deporte\/"},{"label":"Bundesliga: confusi\u00f3n sobre cuarentena del Hertha Berlin","link":"https:\/\/candas365.es\/noticias\/bundesliga-confusion-sobre-cuarentena-del-hertha-berlin\/"}],"_links":{"self":[{"href":"https:\/\/candas365.es\/noticias\/wp-json\/wp\/v2\/posts\/153577","targetHints":{"allow":["GET"]}}],"collection":[{"href":"https:\/\/candas365.es\/noticias\/wp-json\/wp\/v2\/posts"}],"about":[{"href":"https:\/\/candas365.es\/noticias\/wp-json\/wp\/v2\/types\/post"}],"author":[{"embeddable":true,"href":"https:\/\/candas365.es\/noticias\/wp-json\/wp\/v2\/users\/1"}],"replies":[{"embeddable":true,"href":"https:\/\/candas365.es\/noticias\/wp-json\/wp\/v2\/comments?post=153577"}],"version-history":[{"count":0,"href":"https:\/\/candas365.es\/noticias\/wp-json\/wp\/v2\/posts\/153577\/revisions"}],"wp:featuredmedia":[{"embeddable":true,"href":"https:\/\/candas365.es\/noticias\/wp-json\/wp\/v2\/media\/98026"}],"wp:attachment":[{"href":"https:\/\/candas365.es\/noticias\/wp-json\/wp\/v2\/media?parent=153577"}],"wp:term":[{"taxonomy":"category","embeddable":true,"href":"https:\/\/candas365.es\/noticias\/wp-json\/wp\/v2\/categories?post=153577"},{"taxonomy":"post_tag","embeddable":true,"href":"https:\/\/candas365.es\/noticias\/wp-json\/wp\/v2\/tags?post=153577"}],"curies":[{"name":"wp","href":"https:\/\/api.w.org\/{rel}","templated":true}]}}