{"id":153575,"date":"2021-04-16T15:50:59","date_gmt":"2021-04-16T15:50:59","guid":{"rendered":"http:\/\/candas365.es\/noticias\/?p=153575"},"modified":"2021-04-16T15:50:59","modified_gmt":"2021-04-16T15:50:59","slug":"liga-europa-el-villarreal-en-semifinales","status":"publish","type":"post","link":"https:\/\/candas365.es\/noticias\/liga-europa-el-villarreal-en-semifinales\/","title":{"rendered":"Liga Europa: El Villarreal en semifinales"},"content":{"rendered":"<p><img fetchpriority=\"high\" decoding=\"async\" class=\"alignleft size-medium wp-image-98026\" src=\"https:\/\/candas365.es\/noticias\/wp-content\/uploads\/2018\/06\/football-1406106_960_720-1-360x241.jpg\" alt=\"\" width=\"360\" height=\"241\" srcset=\"https:\/\/candas365.es\/noticias\/wp-content\/uploads\/2018\/06\/football-1406106_960_720-1-360x241.jpg 360w, https:\/\/candas365.es\/noticias\/wp-content\/uploads\/2018\/06\/football-1406106_960_720-1-768x514.jpg 768w, https:\/\/candas365.es\/noticias\/wp-content\/uploads\/2018\/06\/football-1406106_960_720-1-655x439.jpg 655w, https:\/\/candas365.es\/noticias\/wp-content\/uploads\/2018\/06\/football-1406106_960_720-1-696x466.jpg 696w, https:\/\/candas365.es\/noticias\/wp-content\/uploads\/2018\/06\/football-1406106_960_720-1-627x420.jpg 627w, https:\/\/candas365.es\/noticias\/wp-content\/uploads\/2018\/06\/football-1406106_960_720-1.jpg 960w\" sizes=\"(max-width: 360px) 100vw, 360px\" \/>(EP) &#8211; <strong>El Villarreal confirm\u00f3 este jueves su clasificaci\u00f3n para las semifinales de la Liga Europa despu\u00e9s de volver a ganar al Dinamo Zagreb<\/strong> (2-1), mientras que el Granada dijo adi\u00f3s a su andadura europea, la primera de su historia, tras caer con honor a manos del Manchester United, el gran favorito para alzarse con el t\u00edtulo.<\/p>\n<p>En el estadio de la Cer\u00e1mica, el equipo de Unai Emery sali\u00f3 muy concentrado para no dar espacio a las dudas tras el 0-1 de la ida. El primero en mandar un aviso fue Samu Chukwueze, que dispar\u00f3 al palo a los 26 minutos. Precisamente fue el nigeriano el asistente del primer gol, a poco para el descanso, en una jugada que necesit\u00f3 del videoarbitraje.<\/p>\n<p>Chukwueze recepcion\u00f3 un pase magn\u00edfico de Gerard Moreno y se la regal\u00f3 a Paco Alc\u00e1cer, que llevaba dos meses sin marcar, y el valenciano s\u00f3lo tuvo que empujarla en la l\u00ednea de gol. En el &#8217;43, el Villarreal at\u00f3 por completo la eliminatoria con un el 2-0 y evit\u00f3 cualquier problema en la segunda mitad pese al tanto de los croatas.<\/p>\n<p>Gerard Moreno se hizo due\u00f1o del cuero en el coraz\u00f3n del \u00e1rea tras una buena jugada de Ra\u00fal Albiol y defini\u00f3 con mucha clase al palo m\u00e1s alejado. El &#8216;submarino amarillo&#8217; fue a m\u00e1s y acab\u00f3 cerrando un billete m\u00e1s que trabajado y m\u00e1s que merecido pese al gol del Dinamo a cuarto de hora para el 90 merced a Mislav Orsic.<\/p>\n<p>No hubo m\u00e1s opciones para el equipo de Zagreb, aunque cont\u00f3 con una falta clar\u00edsima en la frontal del \u00e1rea que desperdici\u00f3 a pocos minutos para el final. El 2-1 no se movi\u00f3 y el Villareal confirm\u00f3 su pase por un global de 3-1. Los castellonenses disputar\u00e1n ante el Arsenal la tercera semifinal de su historia en la Liga Europa tras las de 2015-16 ante el Liverpool y la de 2020-11 ante el Oporto. En ambas cay\u00f3 eliminado.<\/p>\n<h2>EL GRANADA SE QUEDA SIN SUE\u00d1O<\/h2>\n<p>Por su parte, el Granada se despidi\u00f3 de la segunda competici\u00f3n continental tras una nueva derrota ante el Manchester United por id\u00e9ntico resultado y con un mismo gui\u00f3n de partido que en el Nuevo Los C\u00e1rmenes. De igual manera que los nazar\u00edes no merecieron caer en la ida por dicha distancia, tampoco este jueves, donde recibieron un injusto castigo.<\/p>\n<p>Los andaluces no tuvieron miedo al escenario, todo un &#8216;teatro de los sue\u00f1os&#8217; aunque fuese sin p\u00fablico, pero se vieron empeque\u00f1ecidos cuando Edinson Cavani -a los siete minutos- se sac\u00f3 una volea de la chistera para establecer el 1-0 y dejar la eliminatoria sin picante. El Granada necesitaba m\u00e1s que un milagro para poder inquietar a los &#8216;diablos rojos&#8217;.<\/p>\n<p>El partido se desarroll\u00f3 con ocasiones para ambos equipos y los pupilos de Diego Gonz\u00e1lez buscaron el gol de la honra, la opci\u00f3n de no salir con derrota de Old Trafford. Pero no lleg\u00f3 ni tan siquiera en una buena jugada que remat\u00f3 Yangel Herrera y detuvo De Gea casi con el tiempo cumplido.<\/p>\n<p>Fue entonces cuando Vallejo, en propia meta, firm\u00f3 el 2-0 para el United en una acci\u00f3n que llevaba el nombre de Juan Mata. La derrota deja fuera a un Granada que dice adi\u00f3s con un global de 4-0 pero con la cabeza bien alta en su primera experiencia en el &#8216;Viejo Continente&#8217;.<\/p>\n<p>&nbsp;<\/p>\n","protected":false},"excerpt":{"rendered":"<p>(EP) &#8211; El Villarreal confirm\u00f3 este jueves su clasificaci\u00f3n para las semifinales de la Liga Europa despu\u00e9s de volver a ganar al Dinamo Zagreb (2-1), mientras que el Granada dijo adi\u00f3s a su andadura europea, la primera de su historia, tras caer con honor a manos del Manchester United, el gran favorito para alzarse con<\/p>\n","protected":false},"author":1,"featured_media":98026,"comment_status":"closed","ping_status":"closed","sticky":false,"template":"","format":"standard","meta":{"footnotes":""},"categories":[319],"tags":[],"class_list":{"0":"post-153575","1":"post","2":"type-post","3":"status-publish","4":"format-standard","5":"has-post-thumbnail","7":"category-deporte"},"aioseo_notices":[],"aioseo_head":"\n\t\t<!-- All in One SEO Pro 4.9.6.2 - aioseo.com -->\n\t<meta name=\"description\" content=\"El Villarreal confirm\u00f3 este jueves su clasificaci\u00f3n para las semifinales de la Liga Europa despu\u00e9s de volver a ganar al Dinamo Zagreb ..\" \/>\n\t<meta name=\"robots\" content=\"max-image-preview:large\" \/>\n\t<meta name=\"author\" content=\"Cand\u00e1s 365\"\/>\n\t<meta name=\"google-site-verification\" content=\"UA-32230408-1\" \/>\n\t<meta name=\"msvalidate.01\" content=\"354F3CDFB2DA171B47FBE9ABF1F88D5\" \/>\n\t<meta name=\"keywords\" content=\"deporte\" \/>\n\t<link rel=\"canonical\" href=\"https:\/\/candas365.es\/noticias\/liga-europa-el-villarreal-en-semifinales\/\" \/>\n\t<meta name=\"generator\" content=\"All in One SEO Pro (AIOSEO) 4.9.6.2\" \/>\n\t\t<meta property=\"og:locale\" content=\"es_ES\" \/>\n\t\t<meta property=\"og:site_name\" content=\"Cand\u00e1s 365\" \/>\n\t\t<meta property=\"og:type\" content=\"article\" \/>\n\t\t<meta property=\"og:title\" content=\"Liga Europa: El Villarreal en semifinales | Cand\u00e1s 365\" \/>\n\t\t<meta property=\"og:description\" content=\"El Villarreal confirm\u00f3 este jueves su clasificaci\u00f3n para las semifinales de la Liga Europa despu\u00e9s de volver a ganar al Dinamo Zagreb ..\" \/>\n\t\t<meta property=\"og:url\" content=\"https:\/\/candas365.es\/noticias\/liga-europa-el-villarreal-en-semifinales\/\" \/>\n\t\t<meta property=\"og:image\" content=\"https:\/\/candas365.es\/noticias\/wp-content\/uploads\/2018\/06\/football-1406106_960_720-1.jpg\" \/>\n\t\t<meta property=\"og:image:secure_url\" content=\"https:\/\/candas365.es\/noticias\/wp-content\/uploads\/2018\/06\/football-1406106_960_720-1.jpg\" \/>\n\t\t<meta property=\"og:image:width\" content=\"960\" \/>\n\t\t<meta property=\"og:image:height\" content=\"643\" \/>\n\t\t<meta property=\"article:published_time\" content=\"2021-04-16T15:50:59+00:00\" \/>\n\t\t<meta property=\"article:modified_time\" content=\"2021-04-16T15:50:59+00:00\" \/>\n\t\t<meta property=\"article:publisher\" content=\"https:\/\/www.facebook.com\/Nachofdezber\" \/>\n\t\t<meta property=\"article:author\" content=\"https:\/\/www.facebook.com\/carrenoactualidad\" \/>\n\t\t<meta name=\"twitter:card\" content=\"summary_large_image\" \/>\n\t\t<meta name=\"twitter:site\" content=\"@NabercoDigital\" \/>\n\t\t<meta name=\"twitter:title\" content=\"Liga Europa: El Villarreal en semifinales | Cand\u00e1s 365\" \/>\n\t\t<meta name=\"twitter:description\" content=\"El Villarreal confirm\u00f3 este jueves su clasificaci\u00f3n para las semifinales de la Liga Europa despu\u00e9s de volver a ganar al Dinamo Zagreb ..\" \/>\n\t\t<meta name=\"twitter:creator\" content=\"@nbasturias\" \/>\n\t\t<meta name=\"twitter:image\" content=\"https:\/\/candas365.es\/noticias\/wp-content\/uploads\/2018\/06\/football-1406106_960_720-1.jpg\" \/>\n\t\t<meta name=\"twitter:label1\" content=\"Escrito por\" \/>\n\t\t<meta name=\"twitter:data1\" content=\"Cand\u00e1s 365\" \/>\n\t\t<meta name=\"twitter:label2\" content=\"Tiempo de lectura estimado\" \/>\n\t\t<meta name=\"twitter:data2\" content=\"3 minutos\" \/>\n\t\t<script type=\"application\/ld+json\" class=\"aioseo-schema\">\n\t\t\t{\"@context\":\"https:\\\/\\\/schema.org\",\"@graph\":[{\"@type\":\"BreadcrumbList\",\"@id\":\"https:\\\/\\\/candas365.es\\\/noticias\\\/liga-europa-el-villarreal-en-semifinales\\\/#breadcrumblist\",\"itemListElement\":[{\"@type\":\"ListItem\",\"@id\":\"https:\\\/\\\/candas365.es\\\/noticias#listItem\",\"position\":1,\"name\":\"Home\",\"item\":\"https:\\\/\\\/candas365.es\\\/noticias\",\"nextItem\":{\"@type\":\"ListItem\",\"@id\":\"https:\\\/\\\/candas365.es\\\/noticias\\\/category\\\/deporte\\\/#listItem\",\"name\":\"Deporte\"}},{\"@type\":\"ListItem\",\"@id\":\"https:\\\/\\\/candas365.es\\\/noticias\\\/category\\\/deporte\\\/#listItem\",\"position\":2,\"name\":\"Deporte\",\"item\":\"https:\\\/\\\/candas365.es\\\/noticias\\\/category\\\/deporte\\\/\",\"nextItem\":{\"@type\":\"ListItem\",\"@id\":\"https:\\\/\\\/candas365.es\\\/noticias\\\/liga-europa-el-villarreal-en-semifinales\\\/#listItem\",\"name\":\"Liga Europa: El Villarreal en semifinales\"},\"previousItem\":{\"@type\":\"ListItem\",\"@id\":\"https:\\\/\\\/candas365.es\\\/noticias#listItem\",\"name\":\"Home\"}},{\"@type\":\"ListItem\",\"@id\":\"https:\\\/\\\/candas365.es\\\/noticias\\\/liga-europa-el-villarreal-en-semifinales\\\/#listItem\",\"position\":3,\"name\":\"Liga Europa: El Villarreal en semifinales\",\"previousItem\":{\"@type\":\"ListItem\",\"@id\":\"https:\\\/\\\/candas365.es\\\/noticias\\\/category\\\/deporte\\\/#listItem\",\"name\":\"Deporte\"}}]},{\"@type\":\"NewsArticle\",\"@id\":\"https:\\\/\\\/candas365.es\\\/noticias\\\/liga-europa-el-villarreal-en-semifinales\\\/#newsarticle\",\"name\":\"Liga Europa: El Villarreal en semifinales | Cand\\u00e1s 365\",\"headline\":\"Liga Europa: El Villarreal en semifinales\",\"author\":{\"@id\":\"https:\\\/\\\/candas365.es\\\/noticias\\\/author\\\/admin\\\/#author\"},\"publisher\":{\"@id\":\"https:\\\/\\\/candas365.es\\\/noticias\\\/#organization\"},\"image\":{\"@type\":\"ImageObject\",\"url\":\"https:\\\/\\\/candas365.es\\\/noticias\\\/wp-content\\\/uploads\\\/2018\\\/06\\\/football-1406106_960_720-1.jpg\",\"width\":960,\"height\":643},\"datePublished\":\"2021-04-16T15:50:59+02:00\",\"dateModified\":\"2021-04-16T15:50:59+02:00\",\"inLanguage\":\"es-ES\",\"mainEntityOfPage\":{\"@id\":\"https:\\\/\\\/candas365.es\\\/noticias\\\/liga-europa-el-villarreal-en-semifinales\\\/#webpage\"},\"isPartOf\":{\"@id\":\"https:\\\/\\\/candas365.es\\\/noticias\\\/liga-europa-el-villarreal-en-semifinales\\\/#webpage\"},\"articleSection\":\"Deporte\",\"dateline\":\"Publicado el abril 16, 2021.\"},{\"@type\":\"Organization\",\"@id\":\"https:\\\/\\\/candas365.es\\\/noticias\\\/#organization\",\"name\":\"Cand\\u00e1s 365\",\"description\":\"Cand\\u00e1s 365 es un diario digital independiente, fundado en 2012, con base en Asturias. Informamos con rigor sobre actualidad, sociedad, cultura y ocio, con una mirada local y global.\",\"url\":\"https:\\\/\\\/candas365.es\\\/noticias\\\/\",\"email\":\"info@candas365.es\",\"telephone\":\"+34652131393\",\"foundingDate\":\"2012-06-10\",\"logo\":{\"@type\":\"ImageObject\",\"url\":\"https:\\\/\\\/candas365.es\\\/noticias\\\/wp-content\\\/uploads\\\/2024\\\/09\\\/Candas-365-Redes.jpg\",\"@id\":\"https:\\\/\\\/candas365.es\\\/noticias\\\/liga-europa-el-villarreal-en-semifinales\\\/#organizationLogo\",\"width\":1152,\"height\":864,\"caption\":\"Cand\\u00e1s 365 Redes\"},\"image\":{\"@id\":\"https:\\\/\\\/candas365.es\\\/noticias\\\/liga-europa-el-villarreal-en-semifinales\\\/#organizationLogo\"},\"sameAs\":[\"https:\\\/\\\/www.facebook.com\\\/Nachofdezber\",\"https:\\\/\\\/x.com\\\/NabercoDigital\",\"https:\\\/\\\/www.instagram.com\\\/nachofdezber\\\/\",\"https:\\\/\\\/www.youtube.com\\\/channel\\\/UCZP-2wLEB9Rv6erhFmqVnvg\"],\"address\":{\"@id\":\"https:\\\/\\\/candas365.es\\\/noticias\\\/#postaladdress\",\"@type\":\"PostalAddress\",\"streetAddress\":\"san antonio 4, san antonio 4\",\"postalCode\":\"33430\",\"addressLocality\":\"Cand\\u00e1s\",\"addressRegion\":\"Asturias\",\"addressCountry\":\"ES\"}},{\"@type\":\"Person\",\"@id\":\"https:\\\/\\\/candas365.es\\\/noticias\\\/author\\\/admin\\\/#author\",\"url\":\"https:\\\/\\\/candas365.es\\\/noticias\\\/author\\\/admin\\\/\",\"name\":\"Cand\\u00e1s 365\",\"image\":{\"@type\":\"ImageObject\",\"@id\":\"https:\\\/\\\/candas365.es\\\/noticias\\\/liga-europa-el-villarreal-en-semifinales\\\/#authorImage\",\"url\":\"https:\\\/\\\/secure.gravatar.com\\\/avatar\\\/496a8e03d0c493ede1718b7934145dbdf8d89be1036b0eec9544e1094c9de390?s=96&d=mm&r=g\",\"width\":96,\"height\":96,\"caption\":\"Cand\\u00e1s 365\"},\"sameAs\":[\"https:\\\/\\\/www.facebook.com\\\/carrenoactualidad\",\"https:\\\/\\\/twitter.com\\\/nbasturias\",\"https:\\\/\\\/www.instagram.com\\\/nachofdezber\\\/\",\"https:\\\/\\\/www.youtube.com\\\/channel\\\/UCZP-2wLEB9Rv6erhFmqVnvg\"]},{\"@type\":\"WebPage\",\"@id\":\"https:\\\/\\\/candas365.es\\\/noticias\\\/liga-europa-el-villarreal-en-semifinales\\\/#webpage\",\"url\":\"https:\\\/\\\/candas365.es\\\/noticias\\\/liga-europa-el-villarreal-en-semifinales\\\/\",\"name\":\"Liga Europa: El Villarreal en semifinales | Cand\\u00e1s 365\",\"description\":\"El Villarreal confirm\\u00f3 este jueves su clasificaci\\u00f3n para las semifinales de la Liga Europa despu\\u00e9s de volver a ganar al Dinamo Zagreb ..\",\"inLanguage\":\"es-ES\",\"isPartOf\":{\"@id\":\"https:\\\/\\\/candas365.es\\\/noticias\\\/#website\"},\"breadcrumb\":{\"@id\":\"https:\\\/\\\/candas365.es\\\/noticias\\\/liga-europa-el-villarreal-en-semifinales\\\/#breadcrumblist\"},\"author\":{\"@id\":\"https:\\\/\\\/candas365.es\\\/noticias\\\/author\\\/admin\\\/#author\"},\"creator\":{\"@id\":\"https:\\\/\\\/candas365.es\\\/noticias\\\/author\\\/admin\\\/#author\"},\"image\":{\"@type\":\"ImageObject\",\"url\":\"https:\\\/\\\/candas365.es\\\/noticias\\\/wp-content\\\/uploads\\\/2018\\\/06\\\/football-1406106_960_720-1.jpg\",\"@id\":\"https:\\\/\\\/candas365.es\\\/noticias\\\/liga-europa-el-villarreal-en-semifinales\\\/#mainImage\",\"width\":960,\"height\":643},\"primaryImageOfPage\":{\"@id\":\"https:\\\/\\\/candas365.es\\\/noticias\\\/liga-europa-el-villarreal-en-semifinales\\\/#mainImage\"},\"datePublished\":\"2021-04-16T15:50:59+02:00\",\"dateModified\":\"2021-04-16T15:50:59+02:00\"},{\"@type\":\"WebSite\",\"@id\":\"https:\\\/\\\/candas365.es\\\/noticias\\\/#website\",\"url\":\"https:\\\/\\\/candas365.es\\\/noticias\\\/\",\"name\":\"Cand\\u00e1s 365\",\"alternateName\":\"Cand\\u00e1s 365 Noticias\",\"description\":\"Actualidad desde Carre\\u00f1o para el mundo\",\"inLanguage\":\"es-ES\",\"publisher\":{\"@id\":\"https:\\\/\\\/candas365.es\\\/noticias\\\/#organization\"}}]}\n\t\t<\/script>\n\t\t<!-- All in One SEO Pro -->\r\n\t\t<title>Liga Europa: El Villarreal en semifinales | Cand\u00e1s 365<\/title>\n\n","aioseo_head_json":{"title":"Liga Europa: El Villarreal en semifinales | Cand\u00e1s 365","description":"El Villarreal confirm\u00f3 este jueves su clasificaci\u00f3n para las semifinales de la Liga Europa despu\u00e9s de volver a ganar al Dinamo Zagreb ..","canonical_url":"https:\/\/candas365.es\/noticias\/liga-europa-el-villarreal-en-semifinales\/","robots":"max-image-preview:large","keywords":"deporte","webmasterTools":{"google-site-verification":"UA-32230408-1","msvalidate.01":"354F3CDFB2DA171B47FBE9ABF1F88D5","miscellaneous":""},"schema":{"@context":"https:\/\/schema.org","@graph":[{"@type":"BreadcrumbList","@id":"https:\/\/candas365.es\/noticias\/liga-europa-el-villarreal-en-semifinales\/#breadcrumblist","itemListElement":[{"@type":"ListItem","@id":"https:\/\/candas365.es\/noticias#listItem","position":1,"name":"Home","item":"https:\/\/candas365.es\/noticias","nextItem":{"@type":"ListItem","@id":"https:\/\/candas365.es\/noticias\/category\/deporte\/#listItem","name":"Deporte"}},{"@type":"ListItem","@id":"https:\/\/candas365.es\/noticias\/category\/deporte\/#listItem","position":2,"name":"Deporte","item":"https:\/\/candas365.es\/noticias\/category\/deporte\/","nextItem":{"@type":"ListItem","@id":"https:\/\/candas365.es\/noticias\/liga-europa-el-villarreal-en-semifinales\/#listItem","name":"Liga Europa: El Villarreal en semifinales"},"previousItem":{"@type":"ListItem","@id":"https:\/\/candas365.es\/noticias#listItem","name":"Home"}},{"@type":"ListItem","@id":"https:\/\/candas365.es\/noticias\/liga-europa-el-villarreal-en-semifinales\/#listItem","position":3,"name":"Liga Europa: El Villarreal en semifinales","previousItem":{"@type":"ListItem","@id":"https:\/\/candas365.es\/noticias\/category\/deporte\/#listItem","name":"Deporte"}}]},{"@type":"NewsArticle","@id":"https:\/\/candas365.es\/noticias\/liga-europa-el-villarreal-en-semifinales\/#newsarticle","name":"Liga Europa: El Villarreal en semifinales | Cand\u00e1s 365","headline":"Liga Europa: El Villarreal en semifinales","author":{"@id":"https:\/\/candas365.es\/noticias\/author\/admin\/#author"},"publisher":{"@id":"https:\/\/candas365.es\/noticias\/#organization"},"image":{"@type":"ImageObject","url":"https:\/\/candas365.es\/noticias\/wp-content\/uploads\/2018\/06\/football-1406106_960_720-1.jpg","width":960,"height":643},"datePublished":"2021-04-16T15:50:59+02:00","dateModified":"2021-04-16T15:50:59+02:00","inLanguage":"es-ES","mainEntityOfPage":{"@id":"https:\/\/candas365.es\/noticias\/liga-europa-el-villarreal-en-semifinales\/#webpage"},"isPartOf":{"@id":"https:\/\/candas365.es\/noticias\/liga-europa-el-villarreal-en-semifinales\/#webpage"},"articleSection":"Deporte","dateline":"Publicado el abril 16, 2021."},{"@type":"Organization","@id":"https:\/\/candas365.es\/noticias\/#organization","name":"Cand\u00e1s 365","description":"Cand\u00e1s 365 es un diario digital independiente, fundado en 2012, con base en Asturias. Informamos con rigor sobre actualidad, sociedad, cultura y ocio, con una mirada local y global.","url":"https:\/\/candas365.es\/noticias\/","email":"info@candas365.es","telephone":"+34652131393","foundingDate":"2012-06-10","logo":{"@type":"ImageObject","url":"https:\/\/candas365.es\/noticias\/wp-content\/uploads\/2024\/09\/Candas-365-Redes.jpg","@id":"https:\/\/candas365.es\/noticias\/liga-europa-el-villarreal-en-semifinales\/#organizationLogo","width":1152,"height":864,"caption":"Cand\u00e1s 365 Redes"},"image":{"@id":"https:\/\/candas365.es\/noticias\/liga-europa-el-villarreal-en-semifinales\/#organizationLogo"},"sameAs":["https:\/\/www.facebook.com\/Nachofdezber","https:\/\/x.com\/NabercoDigital","https:\/\/www.instagram.com\/nachofdezber\/","https:\/\/www.youtube.com\/channel\/UCZP-2wLEB9Rv6erhFmqVnvg"],"address":{"@id":"https:\/\/candas365.es\/noticias\/#postaladdress","@type":"PostalAddress","streetAddress":"san antonio 4, san antonio 4","postalCode":"33430","addressLocality":"Cand\u00e1s","addressRegion":"Asturias","addressCountry":"ES"}},{"@type":"Person","@id":"https:\/\/candas365.es\/noticias\/author\/admin\/#author","url":"https:\/\/candas365.es\/noticias\/author\/admin\/","name":"Cand\u00e1s 365","image":{"@type":"ImageObject","@id":"https:\/\/candas365.es\/noticias\/liga-europa-el-villarreal-en-semifinales\/#authorImage","url":"https:\/\/secure.gravatar.com\/avatar\/496a8e03d0c493ede1718b7934145dbdf8d89be1036b0eec9544e1094c9de390?s=96&d=mm&r=g","width":96,"height":96,"caption":"Cand\u00e1s 365"},"sameAs":["https:\/\/www.facebook.com\/carrenoactualidad","https:\/\/twitter.com\/nbasturias","https:\/\/www.instagram.com\/nachofdezber\/","https:\/\/www.youtube.com\/channel\/UCZP-2wLEB9Rv6erhFmqVnvg"]},{"@type":"WebPage","@id":"https:\/\/candas365.es\/noticias\/liga-europa-el-villarreal-en-semifinales\/#webpage","url":"https:\/\/candas365.es\/noticias\/liga-europa-el-villarreal-en-semifinales\/","name":"Liga Europa: El Villarreal en semifinales | Cand\u00e1s 365","description":"El Villarreal confirm\u00f3 este jueves su clasificaci\u00f3n para las semifinales de la Liga Europa despu\u00e9s de volver a ganar al Dinamo Zagreb ..","inLanguage":"es-ES","isPartOf":{"@id":"https:\/\/candas365.es\/noticias\/#website"},"breadcrumb":{"@id":"https:\/\/candas365.es\/noticias\/liga-europa-el-villarreal-en-semifinales\/#breadcrumblist"},"author":{"@id":"https:\/\/candas365.es\/noticias\/author\/admin\/#author"},"creator":{"@id":"https:\/\/candas365.es\/noticias\/author\/admin\/#author"},"image":{"@type":"ImageObject","url":"https:\/\/candas365.es\/noticias\/wp-content\/uploads\/2018\/06\/football-1406106_960_720-1.jpg","@id":"https:\/\/candas365.es\/noticias\/liga-europa-el-villarreal-en-semifinales\/#mainImage","width":960,"height":643},"primaryImageOfPage":{"@id":"https:\/\/candas365.es\/noticias\/liga-europa-el-villarreal-en-semifinales\/#mainImage"},"datePublished":"2021-04-16T15:50:59+02:00","dateModified":"2021-04-16T15:50:59+02:00"},{"@type":"WebSite","@id":"https:\/\/candas365.es\/noticias\/#website","url":"https:\/\/candas365.es\/noticias\/","name":"Cand\u00e1s 365","alternateName":"Cand\u00e1s 365 Noticias","description":"Actualidad desde Carre\u00f1o para el mundo","inLanguage":"es-ES","publisher":{"@id":"https:\/\/candas365.es\/noticias\/#organization"}}]},"og:locale":"es_ES","og:site_name":"Cand\u00e1s 365","og:type":"article","og:title":"Liga Europa: El Villarreal en semifinales | Cand\u00e1s 365","og:description":"El Villarreal confirm\u00f3 este jueves su clasificaci\u00f3n para las semifinales de la Liga Europa despu\u00e9s de volver a ganar al Dinamo Zagreb ..","og:url":"https:\/\/candas365.es\/noticias\/liga-europa-el-villarreal-en-semifinales\/","og:image":"https:\/\/candas365.es\/noticias\/wp-content\/uploads\/2018\/06\/football-1406106_960_720-1.jpg","og:image:secure_url":"https:\/\/candas365.es\/noticias\/wp-content\/uploads\/2018\/06\/football-1406106_960_720-1.jpg","og:image:width":960,"og:image:height":643,"article:published_time":"2021-04-16T15:50:59+00:00","article:modified_time":"2021-04-16T15:50:59+00:00","article:publisher":"https:\/\/www.facebook.com\/Nachofdezber","article:author":"https:\/\/www.facebook.com\/carrenoactualidad","twitter:card":"summary_large_image","twitter:site":"@NabercoDigital","twitter:title":"Liga Europa: El Villarreal en semifinales | Cand\u00e1s 365","twitter:description":"El Villarreal confirm\u00f3 este jueves su clasificaci\u00f3n para las semifinales de la Liga Europa despu\u00e9s de volver a ganar al Dinamo Zagreb ..","twitter:creator":"@nbasturias","twitter:image":"https:\/\/candas365.es\/noticias\/wp-content\/uploads\/2018\/06\/football-1406106_960_720-1.jpg","twitter:label1":"Escrito por","twitter:data1":"Cand\u00e1s 365","twitter:label2":"Tiempo de lectura estimado","twitter:data2":"3 minutos"},"aioseo_meta_data":{"post_id":"153575","title":null,"description":"El Villarreal confirm\u00f3 este jueves su clasificaci\u00f3n para las semifinales de la Liga Europa despu\u00e9s de volver a ganar al Dinamo Zagreb ..","keywords":[],"keyphrases":{"focus":[],"additional":[]},"primary_term":null,"canonical_url":null,"og_title":null,"og_description":null,"og_object_type":"default","og_image_type":"default","og_image_url":null,"og_image_width":null,"og_image_height":null,"og_image_custom_url":null,"og_image_custom_fields":null,"og_video":"","og_custom_url":null,"og_article_section":null,"og_article_tags":[],"twitter_use_og":false,"twitter_card":"default","twitter_image_type":"default","twitter_image_url":null,"twitter_image_custom_url":null,"twitter_image_custom_fields":null,"twitter_title":null,"twitter_description":null,"schema":{"blockGraphs":[],"customGraphs":[],"default":{"data":{"Article":[],"Course":[],"Dataset":[],"FAQPage":[],"Movie":[],"Person":[],"Product":[],"ProductReview":[],"Car":[],"Recipe":[],"Service":[],"SoftwareApplication":[],"WebPage":[]},"graphName":"","isEnabled":true},"graphs":[]},"schema_type":"default","schema_type_options":"{\"article\":{\"articleType\":\"BlogPosting\"},\"course\":{\"name\":\"\",\"description\":\"\",\"provider\":\"\"},\"faq\":{\"pages\":[]},\"product\":{\"reviews\":[]},\"recipe\":{\"ingredients\":[],\"instructions\":[],\"keywords\":[]},\"software\":{\"reviews\":[],\"operatingSystems\":[]},\"webPage\":{\"webPageType\":\"WebPage\"}}","pillar_content":false,"robots_default":true,"robots_noindex":false,"robots_noarchive":false,"robots_nosnippet":false,"robots_nofollow":false,"robots_noimageindex":false,"robots_noodp":false,"robots_notranslate":false,"robots_max_snippet":"-1","robots_max_videopreview":"-1","robots_max_imagepreview":"large","priority":null,"frequency":"default","location":null,"local_seo":{"locations":{"business":{"name":"","businessType":"","image":"","areaServed":"","urls":{"website":"","aboutPage":"","contactPage":""},"address":{"streetLine1":"","streetLine2":"","zipCode":"","city":"","state":"","country":"","addressFormat":"#streetLineOne\n#streetLineTwo\n#city, #state #zipCode"},"contact":{"phone":"","email":"","fax":""},"ids":{"vat":"","tax":"","chamberOfCommerce":""},"payment":{"priceRange":"","currenciesAccepted":"","methods":""}}},"openingHours":{"useDefaults":true,"show":true,"alwaysOpen":false,"use24hFormat":false,"timezone":"","labels":{"closed":"","alwaysOpen":""},"days":{"monday":{"open24h":false,"closed":false,"openTime":"09:00","closeTime":"17:00"},"tuesday":{"open24h":false,"closed":false,"openTime":"09:00","closeTime":"17:00"},"wednesday":{"open24h":false,"closed":false,"openTime":"09:00","closeTime":"17:00"},"thursday":{"open24h":false,"closed":false,"openTime":"09:00","closeTime":"17:00"},"friday":{"open24h":false,"closed":false,"openTime":"09:00","closeTime":"17:00"},"saturday":{"open24h":false,"closed":false,"openTime":"09:00","closeTime":"17:00"},"sunday":{"open24h":false,"closed":false,"openTime":"09:00","closeTime":"17:00"}}}},"seo_analyzer_scan_date":"2025-08-31 20:05:27","breadcrumb_settings":null,"limit_modified_date":false,"reviewed_by":null,"open_ai":null,"ai":null,"created":"2021-04-16 15:47:20","updated":"2025-08-31 20:05:27"},"aioseo_breadcrumb":"<div class=\"aioseo-breadcrumbs\"><span class=\"aioseo-breadcrumb\">\n\t<a href=\"https:\/\/candas365.es\/noticias\" title=\"Home\">Home<\/a>\n<\/span><span class=\"aioseo-breadcrumb-separator\">&ndash;<\/span><span class=\"aioseo-breadcrumb\">\n\t<a href=\"https:\/\/candas365.es\/noticias\/category\/deporte\/\" title=\"Deporte\">Deporte<\/a>\n<\/span><span class=\"aioseo-breadcrumb-separator\">&ndash;<\/span><span class=\"aioseo-breadcrumb\">\n\tLiga Europa: El Villarreal en semifinales\n<\/span><\/div>","aioseo_breadcrumb_json":[{"label":"Home","link":"https:\/\/candas365.es\/noticias"},{"label":"Deporte","link":"https:\/\/candas365.es\/noticias\/category\/deporte\/"},{"label":"Liga Europa: El Villarreal en semifinales","link":"https:\/\/candas365.es\/noticias\/liga-europa-el-villarreal-en-semifinales\/"}],"_links":{"self":[{"href":"https:\/\/candas365.es\/noticias\/wp-json\/wp\/v2\/posts\/153575","targetHints":{"allow":["GET"]}}],"collection":[{"href":"https:\/\/candas365.es\/noticias\/wp-json\/wp\/v2\/posts"}],"about":[{"href":"https:\/\/candas365.es\/noticias\/wp-json\/wp\/v2\/types\/post"}],"author":[{"embeddable":true,"href":"https:\/\/candas365.es\/noticias\/wp-json\/wp\/v2\/users\/1"}],"replies":[{"embeddable":true,"href":"https:\/\/candas365.es\/noticias\/wp-json\/wp\/v2\/comments?post=153575"}],"version-history":[{"count":0,"href":"https:\/\/candas365.es\/noticias\/wp-json\/wp\/v2\/posts\/153575\/revisions"}],"wp:featuredmedia":[{"embeddable":true,"href":"https:\/\/candas365.es\/noticias\/wp-json\/wp\/v2\/media\/98026"}],"wp:attachment":[{"href":"https:\/\/candas365.es\/noticias\/wp-json\/wp\/v2\/media?parent=153575"}],"wp:term":[{"taxonomy":"category","embeddable":true,"href":"https:\/\/candas365.es\/noticias\/wp-json\/wp\/v2\/categories?post=153575"},{"taxonomy":"post_tag","embeddable":true,"href":"https:\/\/candas365.es\/noticias\/wp-json\/wp\/v2\/tags?post=153575"}],"curies":[{"name":"wp","href":"https:\/\/api.w.org\/{rel}","templated":true}]}}