{"id":153287,"date":"2021-04-09T15:52:09","date_gmt":"2021-04-09T15:52:09","guid":{"rendered":"http:\/\/candas365.es\/noticias\/?p=153287"},"modified":"2021-04-09T15:52:09","modified_gmt":"2021-04-09T15:52:09","slug":"zidane-ojala-no-sea-el-ultimo-clasico-de-ramos-y-messi","status":"publish","type":"post","link":"https:\/\/candas365.es\/noticias\/zidane-ojala-no-sea-el-ultimo-clasico-de-ramos-y-messi\/","title":{"rendered":"Zidane: \u00abOjal\u00e1 no sea el \u00faltimo Cl\u00e1sico de Ramos y Messi\u00bb"},"content":{"rendered":"<p><img fetchpriority=\"high\" decoding=\"async\" class=\"alignleft size-medium wp-image-94788\" src=\"https:\/\/candas365.es\/noticias\/wp-content\/uploads\/2018\/04\/stadium-1813343_960_720-360x239.jpg\" alt=\"\" width=\"360\" height=\"239\" srcset=\"https:\/\/candas365.es\/noticias\/wp-content\/uploads\/2018\/04\/stadium-1813343_960_720-360x239.jpg 360w, https:\/\/candas365.es\/noticias\/wp-content\/uploads\/2018\/04\/stadium-1813343_960_720-768x510.jpg 768w, https:\/\/candas365.es\/noticias\/wp-content\/uploads\/2018\/04\/stadium-1813343_960_720-655x435.jpg 655w, https:\/\/candas365.es\/noticias\/wp-content\/uploads\/2018\/04\/stadium-1813343_960_720-696x463.jpg 696w, https:\/\/candas365.es\/noticias\/wp-content\/uploads\/2018\/04\/stadium-1813343_960_720-632x420.jpg 632w, https:\/\/candas365.es\/noticias\/wp-content\/uploads\/2018\/04\/stadium-1813343_960_720.jpg 960w\" sizes=\"(max-width: 360px) 100vw, 360px\" \/>(EP) &#8211; El entrenador del Real Madrid, Zin\u00e9dine Zidane, ha deseado que el capit\u00e1n Sergio Ramos \u00abse quede\u00bb en el equipo y que el de octubre no haya sido su \u00faltimo Cl\u00e1sico, como tambi\u00e9n espera que el de este s\u00e1bado no sea el \u00faltimo para Leo Messi, del que espera que se quede \u00aben el Barcelona\u00bb por el \u00abbien\u00bb de LaLiga Santander, adem\u00e1s de aventurar que vivir\u00e1n un duelo \u00abde exigencia m\u00e1xima\u00bb y que, \u00abpase lo que pase\u00bb, la competici\u00f3n seguir\u00e1 abierta.<\/p>\n<p>\u00abOjal\u00e1 que no (haya sido el \u00faltimo Cl\u00e1sico de Ramos). No va a jugar ma\u00f1ana, es una pena. Esperemos que se quede aqu\u00ed\u00bb, declar\u00f3 sobre el camero, lesionado, en rueda de prensa, en la que manifest\u00f3 que \u00abtampoco\u00bb quiere que el argentino Leo Messi se vaya del conjunto azulgrana. \u00abTampoco. Que se quede en el Barcelona. Est\u00e1 bien ah\u00ed. Est\u00e1 bien para la liga espa\u00f1ola\u00bb, se\u00f1al\u00f3.<\/p>\n<p>Adem\u00e1s, rest\u00f3 importancia al hecho de que el delantero cul\u00e9 no haya marcado en los \u00faltimos Cl\u00e1sicos. \u00abSabemos el jugador que es Lionel Messi. Puede estar sin marcar goles y seguimos sabiendo el jugador que es. Es un Madrid-Barcelona. Son todos muy buenos. Vamos a intentar contrarrestar sus fuerzas y hacer un buen partido con el bal\u00f3n\u00bb, apunt\u00f3.<\/p>\n<p>Sobre el duelo de este s\u00e1bado, el preparador blanco asegur\u00f3 que lo han preparado \u00abde la misma manera que el otro d\u00eda\u00bb. \u00abVamos a tener un partido complicado, con una exigencia m\u00e1xima, pero estamos preparados. Hemos tenido d\u00edas de recuperaci\u00f3n\u00bb, dijo. \u00abMa\u00f1ana son tres puntos, igual que ante el Eibar y el C\u00e1diz. La repercusi\u00f3n no es la misma, pero son tres puntos\u00bb, continu\u00f3.<\/p>\n<p>En este sentido, explic\u00f3 que est\u00e1n \u00abjugando muy bien, con resultados positivos\u00bb, y que han mejorado \u00abmucho en defensa\u00bb. \u00abTrabajamos cada d\u00eda, queremos seguir con lo que estamos haciendo. Falta mucho, pero estamos en un momento bueno y hay que seguir, pensando que hay mucho en juego y falta mucho. Estamos vivos en las dos competiciones\u00bb, analiz\u00f3.<\/p>\n<p><strong>Por todo ello, considera que \u00abpase lo que pase\u00bb en el partido, LaLiga seguir\u00e1 abierta<\/strong>. \u00abEl Atl\u00e9tico tienen ventaja, va primero. LaLiga pase lo que pase, la vamos a tener que jugar todos. Como es una liga muy competitiva, muy buena, todos los equipos pueden ganar. Hasta el final no lo vamos a saber. Quedan muchos puntos\u00bb, expuso. \u00abLa consecuencia la veremos al final del partido. Somos positivos y queremos hacer un gran partido de f\u00fatbol\u00bb, advirti\u00f3.<\/p>\n<h2>\u00abHAY MUCHO RUIDO CON VIN\u00cdCIUS\u00bb<\/h2>\n<p>En otro orden de cosas, el t\u00e9cnico madridista explic\u00f3 que el belga Eden Hazard est\u00e1 \u00abmejor\u00bb y que su vuelta \u00abdepende \u00fanicamente de la sensaci\u00f3n del jugador\u00bb, antes de hablar del estado de forma del brasile\u00f1o Vin\u00edcius, autor de un doblete ante el Liverpool. <strong>\u00abEs muy joven y hay que dejarle tranquilo. \u00c9l est\u00e1 tranquilo y me alegro, porque hay mucho ruido. Tiene que seguir con lo que est\u00e1 haciendo\u00bb<\/strong>, subray\u00f3.<\/p>\n<p>Tambi\u00e9n habl\u00f3 de Militao, \u00abque est\u00e1 aprendiendo mucho\u00bb y mejorando \u00abcada d\u00eda\u00bb y que es \u00abun jugador de presente y de futuro\u00bb, y alab\u00f3 a Marco Asensio. \u00abSabemos la calidad que tiene Marco y sabemos que a veces lo importante para los jugadores que ofensivos es marcar goles. La larga lesi\u00f3n que ha tenido est\u00e1 olvidada. Cuando mete gol le da m\u00e1s confianza\u00bb, indic\u00f3.<\/p>\n<p>\u00abSabemos que hemos tenido muchas complicaciones este a\u00f1o con los lesionados y no nos gusta. Es una plantilla muy larga, todos est\u00e1n comprometidos. Lo m\u00e1s importante es que nuestro equipo compite en cada partido y lo vamos a hacer siempre as\u00ed\u00bb, prosigui\u00f3.<\/p>\n<p>Por \u00faltimo, Zidane rechaz\u00f3 hablar de un posible ficha del franc\u00e9s Kylian Mbapp\u00e9 por el Real Madrid. \u00abNos conocemos muy bien. No es mi jugador y no puedo hablar de nada. Kylian es un gran jugador y lo que quiera hacer en el futuro, ya lo veremos\u00bb, finaliz\u00f3.<\/p>\n","protected":false},"excerpt":{"rendered":"<p>Zidane rechaz\u00f3 hablar de un posible ficha de Kylian Mbapp\u00e9<\/p>\n","protected":false},"author":1,"featured_media":94788,"comment_status":"closed","ping_status":"closed","sticky":false,"template":"","format":"standard","meta":{"footnotes":""},"categories":[319],"tags":[],"class_list":{"0":"post-153287","1":"post","2":"type-post","3":"status-publish","4":"format-standard","5":"has-post-thumbnail","7":"category-deporte"},"aioseo_notices":[],"aioseo_head":"\n\t\t<!-- All in One SEO Pro 4.9.6.2 - aioseo.com -->\n\t<meta name=\"description\" content=\"El entrenador del Real Madrid, Zin\u00e9dine Zidane, ha deseado que el capit\u00e1n Sergio Ramos se quede en el equipo y que el de octubre no haya sido su \u00faltimo Cl\u00e1sico\" \/>\n\t<meta name=\"robots\" content=\"max-image-preview:large\" \/>\n\t<meta name=\"author\" content=\"Cand\u00e1s 365\"\/>\n\t<meta name=\"google-site-verification\" content=\"UA-32230408-1\" \/>\n\t<meta name=\"msvalidate.01\" content=\"354F3CDFB2DA171B47FBE9ABF1F88D5\" \/>\n\t<meta name=\"keywords\" content=\"deporte\" \/>\n\t<link rel=\"canonical\" href=\"https:\/\/candas365.es\/noticias\/zidane-ojala-no-sea-el-ultimo-clasico-de-ramos-y-messi\/\" \/>\n\t<meta name=\"generator\" content=\"All in One SEO Pro (AIOSEO) 4.9.6.2\" \/>\n\t\t<meta property=\"og:locale\" content=\"es_ES\" \/>\n\t\t<meta property=\"og:site_name\" content=\"Cand\u00e1s 365\" \/>\n\t\t<meta property=\"og:type\" content=\"article\" \/>\n\t\t<meta property=\"og:title\" content=\"Zidane: \u00abOjal\u00e1 no sea el \u00faltimo Cl\u00e1sico de Ramos y Messi\u00bb | Cand\u00e1s 365\" \/>\n\t\t<meta property=\"og:description\" content=\"El entrenador del Real Madrid, Zin\u00e9dine Zidane, ha deseado que el capit\u00e1n Sergio Ramos se quede en el equipo y que el de octubre no haya sido su \u00faltimo Cl\u00e1sico\" \/>\n\t\t<meta property=\"og:url\" content=\"https:\/\/candas365.es\/noticias\/zidane-ojala-no-sea-el-ultimo-clasico-de-ramos-y-messi\/\" \/>\n\t\t<meta property=\"og:image\" content=\"https:\/\/candas365.es\/noticias\/wp-content\/uploads\/2018\/04\/stadium-1813343_960_720.jpg\" \/>\n\t\t<meta property=\"og:image:secure_url\" content=\"https:\/\/candas365.es\/noticias\/wp-content\/uploads\/2018\/04\/stadium-1813343_960_720.jpg\" \/>\n\t\t<meta property=\"og:image:width\" content=\"960\" \/>\n\t\t<meta property=\"og:image:height\" content=\"638\" \/>\n\t\t<meta property=\"article:published_time\" content=\"2021-04-09T15:52:09+00:00\" \/>\n\t\t<meta property=\"article:modified_time\" content=\"2021-04-09T15:52:09+00:00\" \/>\n\t\t<meta property=\"article:publisher\" content=\"https:\/\/www.facebook.com\/Nachofdezber\" \/>\n\t\t<meta property=\"article:author\" content=\"https:\/\/www.facebook.com\/carrenoactualidad\" \/>\n\t\t<meta name=\"twitter:card\" content=\"summary_large_image\" \/>\n\t\t<meta name=\"twitter:site\" content=\"@NabercoDigital\" \/>\n\t\t<meta name=\"twitter:title\" content=\"Zidane: \u00abOjal\u00e1 no sea el \u00faltimo Cl\u00e1sico de Ramos y Messi\u00bb | Cand\u00e1s 365\" \/>\n\t\t<meta name=\"twitter:description\" content=\"El entrenador del Real Madrid, Zin\u00e9dine Zidane, ha deseado que el capit\u00e1n Sergio Ramos se quede en el equipo y que el de octubre no haya sido su \u00faltimo Cl\u00e1sico\" \/>\n\t\t<meta name=\"twitter:creator\" content=\"@nbasturias\" \/>\n\t\t<meta name=\"twitter:image\" content=\"https:\/\/candas365.es\/noticias\/wp-content\/uploads\/2018\/04\/stadium-1813343_960_720.jpg\" \/>\n\t\t<meta name=\"twitter:label1\" content=\"Escrito por\" \/>\n\t\t<meta name=\"twitter:data1\" content=\"Cand\u00e1s 365\" \/>\n\t\t<meta name=\"twitter:label2\" content=\"Tiempo de lectura estimado\" \/>\n\t\t<meta name=\"twitter:data2\" content=\"3 minutos\" \/>\n\t\t<script type=\"application\/ld+json\" class=\"aioseo-schema\">\n\t\t\t{\"@context\":\"https:\\\/\\\/schema.org\",\"@graph\":[{\"@type\":\"BreadcrumbList\",\"@id\":\"https:\\\/\\\/candas365.es\\\/noticias\\\/zidane-ojala-no-sea-el-ultimo-clasico-de-ramos-y-messi\\\/#breadcrumblist\",\"itemListElement\":[{\"@type\":\"ListItem\",\"@id\":\"https:\\\/\\\/candas365.es\\\/noticias#listItem\",\"position\":1,\"name\":\"Home\",\"item\":\"https:\\\/\\\/candas365.es\\\/noticias\",\"nextItem\":{\"@type\":\"ListItem\",\"@id\":\"https:\\\/\\\/candas365.es\\\/noticias\\\/category\\\/deporte\\\/#listItem\",\"name\":\"Deporte\"}},{\"@type\":\"ListItem\",\"@id\":\"https:\\\/\\\/candas365.es\\\/noticias\\\/category\\\/deporte\\\/#listItem\",\"position\":2,\"name\":\"Deporte\",\"item\":\"https:\\\/\\\/candas365.es\\\/noticias\\\/category\\\/deporte\\\/\",\"nextItem\":{\"@type\":\"ListItem\",\"@id\":\"https:\\\/\\\/candas365.es\\\/noticias\\\/zidane-ojala-no-sea-el-ultimo-clasico-de-ramos-y-messi\\\/#listItem\",\"name\":\"Zidane: \\u00abOjal\\u00e1 no sea el \\u00faltimo Cl\\u00e1sico de Ramos y Messi\\u00bb\"},\"previousItem\":{\"@type\":\"ListItem\",\"@id\":\"https:\\\/\\\/candas365.es\\\/noticias#listItem\",\"name\":\"Home\"}},{\"@type\":\"ListItem\",\"@id\":\"https:\\\/\\\/candas365.es\\\/noticias\\\/zidane-ojala-no-sea-el-ultimo-clasico-de-ramos-y-messi\\\/#listItem\",\"position\":3,\"name\":\"Zidane: \\u00abOjal\\u00e1 no sea el \\u00faltimo Cl\\u00e1sico de Ramos y Messi\\u00bb\",\"previousItem\":{\"@type\":\"ListItem\",\"@id\":\"https:\\\/\\\/candas365.es\\\/noticias\\\/category\\\/deporte\\\/#listItem\",\"name\":\"Deporte\"}}]},{\"@type\":\"NewsArticle\",\"@id\":\"https:\\\/\\\/candas365.es\\\/noticias\\\/zidane-ojala-no-sea-el-ultimo-clasico-de-ramos-y-messi\\\/#newsarticle\",\"name\":\"Zidane: \\u00abOjal\\u00e1 no sea el \\u00faltimo Cl\\u00e1sico de Ramos y Messi\\u00bb | Cand\\u00e1s 365\",\"headline\":\"Zidane: \\u00abOjal\\u00e1 no sea el \\u00faltimo Cl\\u00e1sico de Ramos y Messi\\u00bb\",\"author\":{\"@id\":\"https:\\\/\\\/candas365.es\\\/noticias\\\/author\\\/admin\\\/#author\"},\"publisher\":{\"@id\":\"https:\\\/\\\/candas365.es\\\/noticias\\\/#organization\"},\"image\":{\"@type\":\"ImageObject\",\"url\":\"https:\\\/\\\/candas365.es\\\/noticias\\\/wp-content\\\/uploads\\\/2018\\\/04\\\/stadium-1813343_960_720.jpg\",\"width\":960,\"height\":638},\"datePublished\":\"2021-04-09T15:52:09+02:00\",\"dateModified\":\"2021-04-09T15:52:09+02:00\",\"inLanguage\":\"es-ES\",\"mainEntityOfPage\":{\"@id\":\"https:\\\/\\\/candas365.es\\\/noticias\\\/zidane-ojala-no-sea-el-ultimo-clasico-de-ramos-y-messi\\\/#webpage\"},\"isPartOf\":{\"@id\":\"https:\\\/\\\/candas365.es\\\/noticias\\\/zidane-ojala-no-sea-el-ultimo-clasico-de-ramos-y-messi\\\/#webpage\"},\"articleSection\":\"Deporte\",\"dateline\":\"Publicado el abril 9, 2021.\"},{\"@type\":\"Organization\",\"@id\":\"https:\\\/\\\/candas365.es\\\/noticias\\\/#organization\",\"name\":\"Cand\\u00e1s 365\",\"description\":\"Cand\\u00e1s 365 es un diario digital independiente, fundado en 2012, con base en Asturias. Informamos con rigor sobre actualidad, sociedad, cultura y ocio, con una mirada local y global.\",\"url\":\"https:\\\/\\\/candas365.es\\\/noticias\\\/\",\"email\":\"info@candas365.es\",\"telephone\":\"+34652131393\",\"foundingDate\":\"2012-06-10\",\"logo\":{\"@type\":\"ImageObject\",\"url\":\"https:\\\/\\\/candas365.es\\\/noticias\\\/wp-content\\\/uploads\\\/2024\\\/09\\\/Candas-365-Redes.jpg\",\"@id\":\"https:\\\/\\\/candas365.es\\\/noticias\\\/zidane-ojala-no-sea-el-ultimo-clasico-de-ramos-y-messi\\\/#organizationLogo\",\"width\":1152,\"height\":864,\"caption\":\"Cand\\u00e1s 365 Redes\"},\"image\":{\"@id\":\"https:\\\/\\\/candas365.es\\\/noticias\\\/zidane-ojala-no-sea-el-ultimo-clasico-de-ramos-y-messi\\\/#organizationLogo\"},\"sameAs\":[\"https:\\\/\\\/www.facebook.com\\\/Nachofdezber\",\"https:\\\/\\\/x.com\\\/NabercoDigital\",\"https:\\\/\\\/www.instagram.com\\\/nachofdezber\\\/\",\"https:\\\/\\\/www.youtube.com\\\/channel\\\/UCZP-2wLEB9Rv6erhFmqVnvg\"],\"address\":{\"@id\":\"https:\\\/\\\/candas365.es\\\/noticias\\\/#postaladdress\",\"@type\":\"PostalAddress\",\"streetAddress\":\"san antonio 4, san antonio 4\",\"postalCode\":\"33430\",\"addressLocality\":\"Cand\\u00e1s\",\"addressRegion\":\"Asturias\",\"addressCountry\":\"ES\"}},{\"@type\":\"Person\",\"@id\":\"https:\\\/\\\/candas365.es\\\/noticias\\\/author\\\/admin\\\/#author\",\"url\":\"https:\\\/\\\/candas365.es\\\/noticias\\\/author\\\/admin\\\/\",\"name\":\"Cand\\u00e1s 365\",\"image\":{\"@type\":\"ImageObject\",\"@id\":\"https:\\\/\\\/candas365.es\\\/noticias\\\/zidane-ojala-no-sea-el-ultimo-clasico-de-ramos-y-messi\\\/#authorImage\",\"url\":\"https:\\\/\\\/secure.gravatar.com\\\/avatar\\\/496a8e03d0c493ede1718b7934145dbdf8d89be1036b0eec9544e1094c9de390?s=96&d=mm&r=g\",\"width\":96,\"height\":96,\"caption\":\"Cand\\u00e1s 365\"},\"sameAs\":[\"https:\\\/\\\/www.facebook.com\\\/carrenoactualidad\",\"https:\\\/\\\/twitter.com\\\/nbasturias\",\"https:\\\/\\\/www.instagram.com\\\/nachofdezber\\\/\",\"https:\\\/\\\/www.youtube.com\\\/channel\\\/UCZP-2wLEB9Rv6erhFmqVnvg\"]},{\"@type\":\"WebPage\",\"@id\":\"https:\\\/\\\/candas365.es\\\/noticias\\\/zidane-ojala-no-sea-el-ultimo-clasico-de-ramos-y-messi\\\/#webpage\",\"url\":\"https:\\\/\\\/candas365.es\\\/noticias\\\/zidane-ojala-no-sea-el-ultimo-clasico-de-ramos-y-messi\\\/\",\"name\":\"Zidane: \\u00abOjal\\u00e1 no sea el \\u00faltimo Cl\\u00e1sico de Ramos y Messi\\u00bb | Cand\\u00e1s 365\",\"description\":\"El entrenador del Real Madrid, Zin\\u00e9dine Zidane, ha deseado que el capit\\u00e1n Sergio Ramos se quede en el equipo y que el de octubre no haya sido su \\u00faltimo Cl\\u00e1sico\",\"inLanguage\":\"es-ES\",\"isPartOf\":{\"@id\":\"https:\\\/\\\/candas365.es\\\/noticias\\\/#website\"},\"breadcrumb\":{\"@id\":\"https:\\\/\\\/candas365.es\\\/noticias\\\/zidane-ojala-no-sea-el-ultimo-clasico-de-ramos-y-messi\\\/#breadcrumblist\"},\"author\":{\"@id\":\"https:\\\/\\\/candas365.es\\\/noticias\\\/author\\\/admin\\\/#author\"},\"creator\":{\"@id\":\"https:\\\/\\\/candas365.es\\\/noticias\\\/author\\\/admin\\\/#author\"},\"image\":{\"@type\":\"ImageObject\",\"url\":\"https:\\\/\\\/candas365.es\\\/noticias\\\/wp-content\\\/uploads\\\/2018\\\/04\\\/stadium-1813343_960_720.jpg\",\"@id\":\"https:\\\/\\\/candas365.es\\\/noticias\\\/zidane-ojala-no-sea-el-ultimo-clasico-de-ramos-y-messi\\\/#mainImage\",\"width\":960,\"height\":638},\"primaryImageOfPage\":{\"@id\":\"https:\\\/\\\/candas365.es\\\/noticias\\\/zidane-ojala-no-sea-el-ultimo-clasico-de-ramos-y-messi\\\/#mainImage\"},\"datePublished\":\"2021-04-09T15:52:09+02:00\",\"dateModified\":\"2021-04-09T15:52:09+02:00\"},{\"@type\":\"WebSite\",\"@id\":\"https:\\\/\\\/candas365.es\\\/noticias\\\/#website\",\"url\":\"https:\\\/\\\/candas365.es\\\/noticias\\\/\",\"name\":\"Cand\\u00e1s 365\",\"alternateName\":\"Cand\\u00e1s 365 Noticias\",\"description\":\"Actualidad desde Carre\\u00f1o para el mundo\",\"inLanguage\":\"es-ES\",\"publisher\":{\"@id\":\"https:\\\/\\\/candas365.es\\\/noticias\\\/#organization\"}}]}\n\t\t<\/script>\n\t\t<!-- All in One SEO Pro -->\r\n\t\t<title>Zidane: \u00abOjal\u00e1 no sea el \u00faltimo Cl\u00e1sico de Ramos y Messi\u00bb | Cand\u00e1s 365<\/title>\n\n","aioseo_head_json":{"title":"Zidane: \u00abOjal\u00e1 no sea el \u00faltimo Cl\u00e1sico de Ramos y Messi\u00bb | Cand\u00e1s 365","description":"El entrenador del Real Madrid, Zin\u00e9dine Zidane, ha deseado que el capit\u00e1n Sergio Ramos se quede en el equipo y que el de octubre no haya sido su \u00faltimo Cl\u00e1sico","canonical_url":"https:\/\/candas365.es\/noticias\/zidane-ojala-no-sea-el-ultimo-clasico-de-ramos-y-messi\/","robots":"max-image-preview:large","keywords":"deporte","webmasterTools":{"google-site-verification":"UA-32230408-1","msvalidate.01":"354F3CDFB2DA171B47FBE9ABF1F88D5","miscellaneous":""},"schema":{"@context":"https:\/\/schema.org","@graph":[{"@type":"BreadcrumbList","@id":"https:\/\/candas365.es\/noticias\/zidane-ojala-no-sea-el-ultimo-clasico-de-ramos-y-messi\/#breadcrumblist","itemListElement":[{"@type":"ListItem","@id":"https:\/\/candas365.es\/noticias#listItem","position":1,"name":"Home","item":"https:\/\/candas365.es\/noticias","nextItem":{"@type":"ListItem","@id":"https:\/\/candas365.es\/noticias\/category\/deporte\/#listItem","name":"Deporte"}},{"@type":"ListItem","@id":"https:\/\/candas365.es\/noticias\/category\/deporte\/#listItem","position":2,"name":"Deporte","item":"https:\/\/candas365.es\/noticias\/category\/deporte\/","nextItem":{"@type":"ListItem","@id":"https:\/\/candas365.es\/noticias\/zidane-ojala-no-sea-el-ultimo-clasico-de-ramos-y-messi\/#listItem","name":"Zidane: \u00abOjal\u00e1 no sea el \u00faltimo Cl\u00e1sico de Ramos y Messi\u00bb"},"previousItem":{"@type":"ListItem","@id":"https:\/\/candas365.es\/noticias#listItem","name":"Home"}},{"@type":"ListItem","@id":"https:\/\/candas365.es\/noticias\/zidane-ojala-no-sea-el-ultimo-clasico-de-ramos-y-messi\/#listItem","position":3,"name":"Zidane: \u00abOjal\u00e1 no sea el \u00faltimo Cl\u00e1sico de Ramos y Messi\u00bb","previousItem":{"@type":"ListItem","@id":"https:\/\/candas365.es\/noticias\/category\/deporte\/#listItem","name":"Deporte"}}]},{"@type":"NewsArticle","@id":"https:\/\/candas365.es\/noticias\/zidane-ojala-no-sea-el-ultimo-clasico-de-ramos-y-messi\/#newsarticle","name":"Zidane: \u00abOjal\u00e1 no sea el \u00faltimo Cl\u00e1sico de Ramos y Messi\u00bb | Cand\u00e1s 365","headline":"Zidane: \u00abOjal\u00e1 no sea el \u00faltimo Cl\u00e1sico de Ramos y Messi\u00bb","author":{"@id":"https:\/\/candas365.es\/noticias\/author\/admin\/#author"},"publisher":{"@id":"https:\/\/candas365.es\/noticias\/#organization"},"image":{"@type":"ImageObject","url":"https:\/\/candas365.es\/noticias\/wp-content\/uploads\/2018\/04\/stadium-1813343_960_720.jpg","width":960,"height":638},"datePublished":"2021-04-09T15:52:09+02:00","dateModified":"2021-04-09T15:52:09+02:00","inLanguage":"es-ES","mainEntityOfPage":{"@id":"https:\/\/candas365.es\/noticias\/zidane-ojala-no-sea-el-ultimo-clasico-de-ramos-y-messi\/#webpage"},"isPartOf":{"@id":"https:\/\/candas365.es\/noticias\/zidane-ojala-no-sea-el-ultimo-clasico-de-ramos-y-messi\/#webpage"},"articleSection":"Deporte","dateline":"Publicado el abril 9, 2021."},{"@type":"Organization","@id":"https:\/\/candas365.es\/noticias\/#organization","name":"Cand\u00e1s 365","description":"Cand\u00e1s 365 es un diario digital independiente, fundado en 2012, con base en Asturias. Informamos con rigor sobre actualidad, sociedad, cultura y ocio, con una mirada local y global.","url":"https:\/\/candas365.es\/noticias\/","email":"info@candas365.es","telephone":"+34652131393","foundingDate":"2012-06-10","logo":{"@type":"ImageObject","url":"https:\/\/candas365.es\/noticias\/wp-content\/uploads\/2024\/09\/Candas-365-Redes.jpg","@id":"https:\/\/candas365.es\/noticias\/zidane-ojala-no-sea-el-ultimo-clasico-de-ramos-y-messi\/#organizationLogo","width":1152,"height":864,"caption":"Cand\u00e1s 365 Redes"},"image":{"@id":"https:\/\/candas365.es\/noticias\/zidane-ojala-no-sea-el-ultimo-clasico-de-ramos-y-messi\/#organizationLogo"},"sameAs":["https:\/\/www.facebook.com\/Nachofdezber","https:\/\/x.com\/NabercoDigital","https:\/\/www.instagram.com\/nachofdezber\/","https:\/\/www.youtube.com\/channel\/UCZP-2wLEB9Rv6erhFmqVnvg"],"address":{"@id":"https:\/\/candas365.es\/noticias\/#postaladdress","@type":"PostalAddress","streetAddress":"san antonio 4, san antonio 4","postalCode":"33430","addressLocality":"Cand\u00e1s","addressRegion":"Asturias","addressCountry":"ES"}},{"@type":"Person","@id":"https:\/\/candas365.es\/noticias\/author\/admin\/#author","url":"https:\/\/candas365.es\/noticias\/author\/admin\/","name":"Cand\u00e1s 365","image":{"@type":"ImageObject","@id":"https:\/\/candas365.es\/noticias\/zidane-ojala-no-sea-el-ultimo-clasico-de-ramos-y-messi\/#authorImage","url":"https:\/\/secure.gravatar.com\/avatar\/496a8e03d0c493ede1718b7934145dbdf8d89be1036b0eec9544e1094c9de390?s=96&d=mm&r=g","width":96,"height":96,"caption":"Cand\u00e1s 365"},"sameAs":["https:\/\/www.facebook.com\/carrenoactualidad","https:\/\/twitter.com\/nbasturias","https:\/\/www.instagram.com\/nachofdezber\/","https:\/\/www.youtube.com\/channel\/UCZP-2wLEB9Rv6erhFmqVnvg"]},{"@type":"WebPage","@id":"https:\/\/candas365.es\/noticias\/zidane-ojala-no-sea-el-ultimo-clasico-de-ramos-y-messi\/#webpage","url":"https:\/\/candas365.es\/noticias\/zidane-ojala-no-sea-el-ultimo-clasico-de-ramos-y-messi\/","name":"Zidane: \u00abOjal\u00e1 no sea el \u00faltimo Cl\u00e1sico de Ramos y Messi\u00bb | Cand\u00e1s 365","description":"El entrenador del Real Madrid, Zin\u00e9dine Zidane, ha deseado que el capit\u00e1n Sergio Ramos se quede en el equipo y que el de octubre no haya sido su \u00faltimo Cl\u00e1sico","inLanguage":"es-ES","isPartOf":{"@id":"https:\/\/candas365.es\/noticias\/#website"},"breadcrumb":{"@id":"https:\/\/candas365.es\/noticias\/zidane-ojala-no-sea-el-ultimo-clasico-de-ramos-y-messi\/#breadcrumblist"},"author":{"@id":"https:\/\/candas365.es\/noticias\/author\/admin\/#author"},"creator":{"@id":"https:\/\/candas365.es\/noticias\/author\/admin\/#author"},"image":{"@type":"ImageObject","url":"https:\/\/candas365.es\/noticias\/wp-content\/uploads\/2018\/04\/stadium-1813343_960_720.jpg","@id":"https:\/\/candas365.es\/noticias\/zidane-ojala-no-sea-el-ultimo-clasico-de-ramos-y-messi\/#mainImage","width":960,"height":638},"primaryImageOfPage":{"@id":"https:\/\/candas365.es\/noticias\/zidane-ojala-no-sea-el-ultimo-clasico-de-ramos-y-messi\/#mainImage"},"datePublished":"2021-04-09T15:52:09+02:00","dateModified":"2021-04-09T15:52:09+02:00"},{"@type":"WebSite","@id":"https:\/\/candas365.es\/noticias\/#website","url":"https:\/\/candas365.es\/noticias\/","name":"Cand\u00e1s 365","alternateName":"Cand\u00e1s 365 Noticias","description":"Actualidad desde Carre\u00f1o para el mundo","inLanguage":"es-ES","publisher":{"@id":"https:\/\/candas365.es\/noticias\/#organization"}}]},"og:locale":"es_ES","og:site_name":"Cand\u00e1s 365","og:type":"article","og:title":"Zidane: \u00abOjal\u00e1 no sea el \u00faltimo Cl\u00e1sico de Ramos y Messi\u00bb | Cand\u00e1s 365","og:description":"El entrenador del Real Madrid, Zin\u00e9dine Zidane, ha deseado que el capit\u00e1n Sergio Ramos se quede en el equipo y que el de octubre no haya sido su \u00faltimo Cl\u00e1sico","og:url":"https:\/\/candas365.es\/noticias\/zidane-ojala-no-sea-el-ultimo-clasico-de-ramos-y-messi\/","og:image":"https:\/\/candas365.es\/noticias\/wp-content\/uploads\/2018\/04\/stadium-1813343_960_720.jpg","og:image:secure_url":"https:\/\/candas365.es\/noticias\/wp-content\/uploads\/2018\/04\/stadium-1813343_960_720.jpg","og:image:width":960,"og:image:height":638,"article:published_time":"2021-04-09T15:52:09+00:00","article:modified_time":"2021-04-09T15:52:09+00:00","article:publisher":"https:\/\/www.facebook.com\/Nachofdezber","article:author":"https:\/\/www.facebook.com\/carrenoactualidad","twitter:card":"summary_large_image","twitter:site":"@NabercoDigital","twitter:title":"Zidane: \u00abOjal\u00e1 no sea el \u00faltimo Cl\u00e1sico de Ramos y Messi\u00bb | Cand\u00e1s 365","twitter:description":"El entrenador del Real Madrid, Zin\u00e9dine Zidane, ha deseado que el capit\u00e1n Sergio Ramos se quede en el equipo y que el de octubre no haya sido su \u00faltimo Cl\u00e1sico","twitter:creator":"@nbasturias","twitter:image":"https:\/\/candas365.es\/noticias\/wp-content\/uploads\/2018\/04\/stadium-1813343_960_720.jpg","twitter:label1":"Escrito por","twitter:data1":"Cand\u00e1s 365","twitter:label2":"Tiempo de lectura estimado","twitter:data2":"3 minutos"},"aioseo_meta_data":{"post_id":"153287","title":null,"description":"El entrenador del Real Madrid, Zin\u00e9dine Zidane, ha deseado que el capit\u00e1n Sergio Ramos se quede en el equipo y que el de octubre no haya sido su \u00faltimo Cl\u00e1sico","keywords":[],"keyphrases":{"focus":[],"additional":[]},"primary_term":null,"canonical_url":null,"og_title":null,"og_description":null,"og_object_type":"default","og_image_type":"default","og_image_url":null,"og_image_width":null,"og_image_height":null,"og_image_custom_url":null,"og_image_custom_fields":null,"og_video":"","og_custom_url":null,"og_article_section":null,"og_article_tags":[],"twitter_use_og":false,"twitter_card":"default","twitter_image_type":"default","twitter_image_url":null,"twitter_image_custom_url":null,"twitter_image_custom_fields":null,"twitter_title":null,"twitter_description":null,"schema":{"blockGraphs":[],"customGraphs":[],"default":{"data":{"Article":[],"Course":[],"Dataset":[],"FAQPage":[],"Movie":[],"Person":[],"Product":[],"ProductReview":[],"Car":[],"Recipe":[],"Service":[],"SoftwareApplication":[],"WebPage":[]},"graphName":"","isEnabled":true},"graphs":[],"defaultGraph":"Article","defaultPostTypeGraph":""},"schema_type":"default","schema_type_options":"{\"article\":{\"articleType\":\"BlogPosting\"},\"course\":{\"name\":\"\",\"description\":\"\",\"provider\":\"\"},\"faq\":{\"pages\":[]},\"product\":{\"reviews\":[]},\"recipe\":{\"ingredients\":[],\"instructions\":[],\"keywords\":[]},\"software\":{\"reviews\":[],\"operatingSystems\":[]},\"webPage\":{\"webPageType\":\"WebPage\"}}","pillar_content":false,"robots_default":true,"robots_noindex":false,"robots_noarchive":false,"robots_nosnippet":false,"robots_nofollow":false,"robots_noimageindex":false,"robots_noodp":false,"robots_notranslate":false,"robots_max_snippet":"-1","robots_max_videopreview":"-1","robots_max_imagepreview":"large","priority":null,"frequency":"default","location":null,"local_seo":{"businessInfo":{"name":"","urls":{"website":"","aboutPage":"","contactPage":""},"address":{"line1":"","line2":"","zip":"","city":"","state":"","country":""},"contact":{"email":"","phone":"","fax":""},"ids":{"vatID":"","taxID":"","chamberID":""},"payment":{"priceIndication":"","currenciesAccepted":"","methodsAccepted":""},"areaServed":""},"openingHours":{"show":false,"closedLabel":"","open24h":false,"open24hLabel":"","open247":false,"use24hFormat":false,"twoSets":false,"timezone":"","hours":[]}},"seo_analyzer_scan_date":"2025-08-31 19:42:18","breadcrumb_settings":null,"limit_modified_date":false,"reviewed_by":null,"open_ai":null,"ai":null,"created":"2021-04-09 15:49:08","updated":"2025-08-31 19:42:18"},"aioseo_breadcrumb":"<div class=\"aioseo-breadcrumbs\"><span class=\"aioseo-breadcrumb\">\n\t<a href=\"https:\/\/candas365.es\/noticias\" title=\"Home\">Home<\/a>\n<\/span><span class=\"aioseo-breadcrumb-separator\">&ndash;<\/span><span class=\"aioseo-breadcrumb\">\n\t<a href=\"https:\/\/candas365.es\/noticias\/category\/deporte\/\" title=\"Deporte\">Deporte<\/a>\n<\/span><span class=\"aioseo-breadcrumb-separator\">&ndash;<\/span><span class=\"aioseo-breadcrumb\">\n\tZidane: \u00abOjal\u00e1 no sea el \u00faltimo Cl\u00e1sico de Ramos y Messi\u00bb\n<\/span><\/div>","aioseo_breadcrumb_json":[{"label":"Home","link":"https:\/\/candas365.es\/noticias"},{"label":"Deporte","link":"https:\/\/candas365.es\/noticias\/category\/deporte\/"},{"label":"Zidane: \u00abOjal\u00e1 no sea el \u00faltimo Cl\u00e1sico de Ramos y Messi\u00bb","link":"https:\/\/candas365.es\/noticias\/zidane-ojala-no-sea-el-ultimo-clasico-de-ramos-y-messi\/"}],"_links":{"self":[{"href":"https:\/\/candas365.es\/noticias\/wp-json\/wp\/v2\/posts\/153287","targetHints":{"allow":["GET"]}}],"collection":[{"href":"https:\/\/candas365.es\/noticias\/wp-json\/wp\/v2\/posts"}],"about":[{"href":"https:\/\/candas365.es\/noticias\/wp-json\/wp\/v2\/types\/post"}],"author":[{"embeddable":true,"href":"https:\/\/candas365.es\/noticias\/wp-json\/wp\/v2\/users\/1"}],"replies":[{"embeddable":true,"href":"https:\/\/candas365.es\/noticias\/wp-json\/wp\/v2\/comments?post=153287"}],"version-history":[{"count":0,"href":"https:\/\/candas365.es\/noticias\/wp-json\/wp\/v2\/posts\/153287\/revisions"}],"wp:featuredmedia":[{"embeddable":true,"href":"https:\/\/candas365.es\/noticias\/wp-json\/wp\/v2\/media\/94788"}],"wp:attachment":[{"href":"https:\/\/candas365.es\/noticias\/wp-json\/wp\/v2\/media?parent=153287"}],"wp:term":[{"taxonomy":"category","embeddable":true,"href":"https:\/\/candas365.es\/noticias\/wp-json\/wp\/v2\/categories?post=153287"},{"taxonomy":"post_tag","embeddable":true,"href":"https:\/\/candas365.es\/noticias\/wp-json\/wp\/v2\/tags?post=153287"}],"curies":[{"name":"wp","href":"https:\/\/api.w.org\/{rel}","templated":true}]}}