{"id":153285,"date":"2021-04-09T15:35:46","date_gmt":"2021-04-09T15:35:46","guid":{"rendered":"http:\/\/candas365.es\/noticias\/?p=153285"},"modified":"2021-04-09T15:35:46","modified_gmt":"2021-04-09T15:35:46","slug":"madrid-vs-barca-mucho-mas-que-un-clasico","status":"publish","type":"post","link":"https:\/\/candas365.es\/noticias\/madrid-vs-barca-mucho-mas-que-un-clasico\/","title":{"rendered":"Madrid vs Bar\u00e7a: Mucho m\u00e1s que un Cl\u00e1sico"},"content":{"rendered":"<p><img fetchpriority=\"high\" decoding=\"async\" class=\"alignleft size-medium wp-image-98026\" src=\"https:\/\/candas365.es\/noticias\/wp-content\/uploads\/2018\/06\/football-1406106_960_720-1-360x241.jpg\" alt=\"\" width=\"360\" height=\"241\" srcset=\"https:\/\/candas365.es\/noticias\/wp-content\/uploads\/2018\/06\/football-1406106_960_720-1-360x241.jpg 360w, https:\/\/candas365.es\/noticias\/wp-content\/uploads\/2018\/06\/football-1406106_960_720-1-768x514.jpg 768w, https:\/\/candas365.es\/noticias\/wp-content\/uploads\/2018\/06\/football-1406106_960_720-1-655x439.jpg 655w, https:\/\/candas365.es\/noticias\/wp-content\/uploads\/2018\/06\/football-1406106_960_720-1-696x466.jpg 696w, https:\/\/candas365.es\/noticias\/wp-content\/uploads\/2018\/06\/football-1406106_960_720-1-627x420.jpg 627w, https:\/\/candas365.es\/noticias\/wp-content\/uploads\/2018\/06\/football-1406106_960_720-1.jpg 960w\" sizes=\"(max-width: 360px) 100vw, 360px\" \/>(EP) &#8211; El Real Madrid y el FC Barcelona volver\u00e1n a vivir este s\u00e1bado en el Estadio Alfredo Di St\u00e9fano (21.00 horas) un <a href=\"https:\/\/www.eldigitaldeasturias.com\/noticias\/el-clasico-madrid-vs-barca\/\" target=\"_blank\" rel=\"noopener\"><span style=\"color: #ff6600;\"><strong>Cl\u00e1sico de gran importancia<\/strong><\/span><\/a> para el devenir de LaLiga Santander 2020-2021, donde ambos se juegan la posibilidad de acabar la jornada l\u00edderes y al que llegan en un gran estado de forma.<\/p>\n<p>El baj\u00f3n que est\u00e1 sufriendo el Atl\u00e9tico de Madrid ha terminado por apretar la carrera por el t\u00edtulo y tanto blaugranas como madridistas ya han dado casi &#8216;caza&#8217; a los de Diego Pablo Simeone, que ya tienen a dos y tres puntos, respectivamente. El que gane dormir\u00e1 con la sonrisa de ser l\u00edder provisional a la espera de lo que suceda en el Benito Villamar\u00edn 24 horas despu\u00e9s, y aunque la derrota no terminar\u00e1 de descarta a ninguno, s\u00ed ser\u00e1 un golpe a su moral.<\/p>\n<p>Las expectativas puestas sobre este Cl\u00e1sico son muchas, adem\u00e1s de por lo que hay en juego, por el nivel que est\u00e1n ofreciendo los de Zin\u00e9dine Zidane y los de Ronald Koeman. El conjunto catal\u00e1n ya lo lleva demostrando desde hace bastante tiempo, lo que le ha permitido recortar una gran diferencia de puntos, sobre todo por su tremenda fiabilidad a domicilio, mientras que el actual campe\u00f3n parece que, por fin y tras altibajos, ha alcanzado uno \u00f3ptimo para el tramo decisivo de la campa\u00f1a donde tambi\u00e9n se juega sus opciones en la Liga de Campeones.<\/p>\n<p>El Real Madrid llega muy animado tras su buen partido y victoria (3-1) el martes ante el Liverpool para acercarse a unas semifinales continentales que debe certificar el pr\u00f3ximo mi\u00e9rcoles en Anfield. Esta cita es clave, pero no parece que vaya a afectar en la configuraci\u00f3n del once que ponga en liza Zidane, sabedor de que este tipo de partidos, y m\u00e1s con LaLiga Santander en juego, no dejan espacio para dar m\u00e1s descansos que los obligatoriamente necesarios.<\/p>\n<p>El actual campe\u00f3n ya golpe\u00f3 a su rival en el Camp Nou en la primera vuelta (1-3), pero entonces los blaugranas no estaban an\u00edmica, deportiva e institucionalmente como en la actualidad. El futuro de Leo Messi y la inestabilidad en las altas esferas parecen haber quedado aparcadas y el trabajo de Koeman ha cuajado en un equipo que ya depende de s\u00ed mismo para ganar el t\u00edtulo liguero, que podr\u00eda unir a una Copa del Rey por la que pelear\u00e1 la semana que viene.<\/p>\n<p>Sin embargo, Zidane parece tener tomada algo la medida a este partido, que solo ha perdido en dos ocasiones como entrenador madridista, ambas en el Santiago Bernab\u00e9u (2-3 en la 2016-2017 y 0-4 en la 2017-2018) y en su primera etapa. En la segunda, los tres que ha disputado, un empate y dos triunfos, y s\u00f3lo un gol encajado, el que le anot\u00f3 en la primera vuelta Ansu Fati, una de las notables ausencias del choque junto a Sergio Ramos, Dani Carvajal, Raphael Varane y Philippe Coutinho.<\/p>\n<p>La m\u00e1s destacada es quiz\u00e1 la del capit\u00e1n madridista, cuyo futuro en el club est\u00e1 en el aire y que podr\u00eda jugar su \u00faltimo Cl\u00e1sico, algo que tambi\u00e9n le podr\u00eda suceder a un Leo Messi que espera acabar con la sequ\u00eda goleadora en estos encuentros que arrastra desde 2018, precisamente el d\u00eda que alcanzar\u00e1 al de Camas en el r\u00e9cord de Cl\u00e1sicos disputados, un total de 45 para ambos.<\/p>\n<p>Su otro r\u00e9cord en este tipo de partidos, el de 26 goles marcados, se fren\u00f3 el 6 de mayo de 2018, fecha desde la cual no ha vuelto a ver puerta ante el 13 veces campe\u00f3n de Europa, que ha logrado neutralizarle en los \u00faltimos seis partidos, tambi\u00e9n en su otro aspecto favorito como es el de pasador. El &#8217;10&#8217; liderar\u00e1 la ofensiva cul\u00e9 junto a Demb\u00e9l\u00e9 y Griezmann, un tr\u00edo que medir\u00e1 fuerzas con el local, encabezado por Benzema y con Asensio y Vinicius en gran momento, aunque el balear o el brasile\u00f1o podr\u00edan descansar y dejar sitio a Rodrygo o Valverde.<\/p>\n<p>Pero donde podr\u00eda estar la clave del choque ser\u00eda en el centro del campo. El tr\u00edo Casemiro-Kroos-Modric sigue demostrando ser uno de los mejores del mundo y tratar\u00e1 de dominar y superar a otro de mucho nivel como el que forman Busquets, Pedri y De Jong, aunque est\u00e1 por ver donde jugar\u00e1 el neerland\u00e9s, situado ahora como l\u00edbero en el 3-4-3 con el que Koeman sac\u00f3 el mejor partido a sus piezas. La novedad podr\u00eda ser Piqu\u00e9, recuperado de sus \u00faltimas molestias en la rodilla y cuya personalidad y experiencia en estos partidos puede ser de ayuda.<\/p>\n<p>FICHA T\u00c9CNICA.<\/p>\n<p>POSIBLES ALINEACIONES.<\/p>\n<p>REAL MADRID: Courtois; Lucas V\u00e1zquez, Militao, Nacho, Mendy; Modric, Casemiro, Kroos; Asensio, Benzema y Vinicius.<\/p>\n<p>FC BARCELONA: Ter Stegen; Piqu\u00e9, De Jong, Lenglet; Dest, Busquets, Pedri, Jordi Alba; Demb\u00e9l\u00e9, Messi y Griezmann.<\/p>\n<p>\u00c1RBITRO: Gil Manzano (C.Extreme\u00f1o).<\/p>\n<p>ESTADIO: Alfredo Di St\u00e9fano.<\/p>\n<p>HORA: 21.00\/Movistar LaLiga.<\/p>\n<p>&nbsp;<\/p>\n","protected":false},"excerpt":{"rendered":"<p>(EP) &#8211; El Real Madrid y el FC Barcelona volver\u00e1n a vivir este s\u00e1bado en el Estadio Alfredo Di St\u00e9fano (21.00 horas) un Cl\u00e1sico de gran importancia para el devenir de LaLiga Santander 2020-2021, donde ambos se juegan la posibilidad de acabar la jornada l\u00edderes y al que llegan en un gran estado de forma.<\/p>\n","protected":false},"author":1,"featured_media":98026,"comment_status":"closed","ping_status":"closed","sticky":false,"template":"","format":"standard","meta":{"footnotes":""},"categories":[319],"tags":[],"class_list":{"0":"post-153285","1":"post","2":"type-post","3":"status-publish","4":"format-standard","5":"has-post-thumbnail","7":"category-deporte"},"aioseo_notices":[],"aioseo_head":"\n\t\t<!-- All in One SEO Pro 4.9.6.2 - aioseo.com -->\n\t<meta name=\"description\" content=\"El baj\u00f3n que est\u00e1 sufriendo el Atl\u00e9tico de Madrid ha terminado por apretar la carrera por el t\u00edtulo y tanto blaugranas como madridistas ..\" \/>\n\t<meta name=\"robots\" content=\"max-image-preview:large\" \/>\n\t<meta name=\"author\" content=\"Cand\u00e1s 365\"\/>\n\t<meta name=\"google-site-verification\" content=\"UA-32230408-1\" \/>\n\t<meta name=\"msvalidate.01\" content=\"354F3CDFB2DA171B47FBE9ABF1F88D5\" \/>\n\t<meta name=\"keywords\" content=\"deporte\" \/>\n\t<link rel=\"canonical\" href=\"https:\/\/candas365.es\/noticias\/madrid-vs-barca-mucho-mas-que-un-clasico\/\" \/>\n\t<meta name=\"generator\" content=\"All in One SEO Pro (AIOSEO) 4.9.6.2\" \/>\n\t\t<meta property=\"og:locale\" content=\"es_ES\" \/>\n\t\t<meta property=\"og:site_name\" content=\"Cand\u00e1s 365\" \/>\n\t\t<meta property=\"og:type\" content=\"article\" \/>\n\t\t<meta property=\"og:title\" content=\"Madrid vs Bar\u00e7a: Mucho m\u00e1s que un Cl\u00e1sico | Cand\u00e1s 365\" \/>\n\t\t<meta property=\"og:description\" content=\"El baj\u00f3n que est\u00e1 sufriendo el Atl\u00e9tico de Madrid ha terminado por apretar la carrera por el t\u00edtulo y tanto blaugranas como madridistas ..\" \/>\n\t\t<meta property=\"og:url\" content=\"https:\/\/candas365.es\/noticias\/madrid-vs-barca-mucho-mas-que-un-clasico\/\" \/>\n\t\t<meta property=\"og:image\" content=\"https:\/\/candas365.es\/noticias\/wp-content\/uploads\/2018\/06\/football-1406106_960_720-1.jpg\" \/>\n\t\t<meta property=\"og:image:secure_url\" content=\"https:\/\/candas365.es\/noticias\/wp-content\/uploads\/2018\/06\/football-1406106_960_720-1.jpg\" \/>\n\t\t<meta property=\"og:image:width\" content=\"960\" \/>\n\t\t<meta property=\"og:image:height\" content=\"643\" \/>\n\t\t<meta property=\"article:published_time\" content=\"2021-04-09T15:35:46+00:00\" \/>\n\t\t<meta property=\"article:modified_time\" content=\"2021-04-09T15:35:46+00:00\" \/>\n\t\t<meta property=\"article:publisher\" content=\"https:\/\/www.facebook.com\/Nachofdezber\" \/>\n\t\t<meta property=\"article:author\" content=\"https:\/\/www.facebook.com\/carrenoactualidad\" \/>\n\t\t<meta name=\"twitter:card\" content=\"summary_large_image\" \/>\n\t\t<meta name=\"twitter:site\" content=\"@NabercoDigital\" \/>\n\t\t<meta name=\"twitter:title\" content=\"Madrid vs Bar\u00e7a: Mucho m\u00e1s que un Cl\u00e1sico | Cand\u00e1s 365\" \/>\n\t\t<meta name=\"twitter:description\" content=\"El baj\u00f3n que est\u00e1 sufriendo el Atl\u00e9tico de Madrid ha terminado por apretar la carrera por el t\u00edtulo y tanto blaugranas como madridistas ..\" \/>\n\t\t<meta name=\"twitter:creator\" content=\"@nbasturias\" \/>\n\t\t<meta name=\"twitter:image\" content=\"https:\/\/candas365.es\/noticias\/wp-content\/uploads\/2018\/06\/football-1406106_960_720-1.jpg\" \/>\n\t\t<meta name=\"twitter:label1\" content=\"Escrito por\" \/>\n\t\t<meta name=\"twitter:data1\" content=\"Cand\u00e1s 365\" \/>\n\t\t<meta name=\"twitter:label2\" content=\"Tiempo de lectura estimado\" \/>\n\t\t<meta name=\"twitter:data2\" content=\"4 minutos\" \/>\n\t\t<script type=\"application\/ld+json\" class=\"aioseo-schema\">\n\t\t\t{\"@context\":\"https:\\\/\\\/schema.org\",\"@graph\":[{\"@type\":\"BreadcrumbList\",\"@id\":\"https:\\\/\\\/candas365.es\\\/noticias\\\/madrid-vs-barca-mucho-mas-que-un-clasico\\\/#breadcrumblist\",\"itemListElement\":[{\"@type\":\"ListItem\",\"@id\":\"https:\\\/\\\/candas365.es\\\/noticias#listItem\",\"position\":1,\"name\":\"Home\",\"item\":\"https:\\\/\\\/candas365.es\\\/noticias\",\"nextItem\":{\"@type\":\"ListItem\",\"@id\":\"https:\\\/\\\/candas365.es\\\/noticias\\\/category\\\/deporte\\\/#listItem\",\"name\":\"Deporte\"}},{\"@type\":\"ListItem\",\"@id\":\"https:\\\/\\\/candas365.es\\\/noticias\\\/category\\\/deporte\\\/#listItem\",\"position\":2,\"name\":\"Deporte\",\"item\":\"https:\\\/\\\/candas365.es\\\/noticias\\\/category\\\/deporte\\\/\",\"nextItem\":{\"@type\":\"ListItem\",\"@id\":\"https:\\\/\\\/candas365.es\\\/noticias\\\/madrid-vs-barca-mucho-mas-que-un-clasico\\\/#listItem\",\"name\":\"Madrid vs Bar\\u00e7a: Mucho m\\u00e1s que un Cl\\u00e1sico\"},\"previousItem\":{\"@type\":\"ListItem\",\"@id\":\"https:\\\/\\\/candas365.es\\\/noticias#listItem\",\"name\":\"Home\"}},{\"@type\":\"ListItem\",\"@id\":\"https:\\\/\\\/candas365.es\\\/noticias\\\/madrid-vs-barca-mucho-mas-que-un-clasico\\\/#listItem\",\"position\":3,\"name\":\"Madrid vs Bar\\u00e7a: Mucho m\\u00e1s que un Cl\\u00e1sico\",\"previousItem\":{\"@type\":\"ListItem\",\"@id\":\"https:\\\/\\\/candas365.es\\\/noticias\\\/category\\\/deporte\\\/#listItem\",\"name\":\"Deporte\"}}]},{\"@type\":\"NewsArticle\",\"@id\":\"https:\\\/\\\/candas365.es\\\/noticias\\\/madrid-vs-barca-mucho-mas-que-un-clasico\\\/#newsarticle\",\"name\":\"Madrid vs Bar\\u00e7a: Mucho m\\u00e1s que un Cl\\u00e1sico | Cand\\u00e1s 365\",\"headline\":\"Madrid vs Bar\\u00e7a: Mucho m\\u00e1s que un Cl\\u00e1sico\",\"author\":{\"@id\":\"https:\\\/\\\/candas365.es\\\/noticias\\\/author\\\/admin\\\/#author\"},\"publisher\":{\"@id\":\"https:\\\/\\\/candas365.es\\\/noticias\\\/#organization\"},\"image\":{\"@type\":\"ImageObject\",\"url\":\"https:\\\/\\\/candas365.es\\\/noticias\\\/wp-content\\\/uploads\\\/2018\\\/06\\\/football-1406106_960_720-1.jpg\",\"width\":960,\"height\":643},\"datePublished\":\"2021-04-09T15:35:46+02:00\",\"dateModified\":\"2021-04-09T15:35:46+02:00\",\"inLanguage\":\"es-ES\",\"mainEntityOfPage\":{\"@id\":\"https:\\\/\\\/candas365.es\\\/noticias\\\/madrid-vs-barca-mucho-mas-que-un-clasico\\\/#webpage\"},\"isPartOf\":{\"@id\":\"https:\\\/\\\/candas365.es\\\/noticias\\\/madrid-vs-barca-mucho-mas-que-un-clasico\\\/#webpage\"},\"articleSection\":\"Deporte\",\"dateline\":\"Publicado el abril 9, 2021.\"},{\"@type\":\"Organization\",\"@id\":\"https:\\\/\\\/candas365.es\\\/noticias\\\/#organization\",\"name\":\"Cand\\u00e1s 365\",\"description\":\"Cand\\u00e1s 365 es un diario digital independiente, fundado en 2012, con base en Asturias. Informamos con rigor sobre actualidad, sociedad, cultura y ocio, con una mirada local y global.\",\"url\":\"https:\\\/\\\/candas365.es\\\/noticias\\\/\",\"email\":\"info@candas365.es\",\"telephone\":\"+34652131393\",\"foundingDate\":\"2012-06-10\",\"logo\":{\"@type\":\"ImageObject\",\"url\":\"https:\\\/\\\/candas365.es\\\/noticias\\\/wp-content\\\/uploads\\\/2024\\\/09\\\/Candas-365-Redes.jpg\",\"@id\":\"https:\\\/\\\/candas365.es\\\/noticias\\\/madrid-vs-barca-mucho-mas-que-un-clasico\\\/#organizationLogo\",\"width\":1152,\"height\":864,\"caption\":\"Cand\\u00e1s 365 Redes\"},\"image\":{\"@id\":\"https:\\\/\\\/candas365.es\\\/noticias\\\/madrid-vs-barca-mucho-mas-que-un-clasico\\\/#organizationLogo\"},\"sameAs\":[\"https:\\\/\\\/www.facebook.com\\\/Nachofdezber\",\"https:\\\/\\\/x.com\\\/NabercoDigital\",\"https:\\\/\\\/www.instagram.com\\\/nachofdezber\\\/\",\"https:\\\/\\\/www.youtube.com\\\/channel\\\/UCZP-2wLEB9Rv6erhFmqVnvg\"],\"address\":{\"@id\":\"https:\\\/\\\/candas365.es\\\/noticias\\\/#postaladdress\",\"@type\":\"PostalAddress\",\"streetAddress\":\"san antonio 4, san antonio 4\",\"postalCode\":\"33430\",\"addressLocality\":\"Cand\\u00e1s\",\"addressRegion\":\"Asturias\",\"addressCountry\":\"ES\"}},{\"@type\":\"Person\",\"@id\":\"https:\\\/\\\/candas365.es\\\/noticias\\\/author\\\/admin\\\/#author\",\"url\":\"https:\\\/\\\/candas365.es\\\/noticias\\\/author\\\/admin\\\/\",\"name\":\"Cand\\u00e1s 365\",\"image\":{\"@type\":\"ImageObject\",\"@id\":\"https:\\\/\\\/candas365.es\\\/noticias\\\/madrid-vs-barca-mucho-mas-que-un-clasico\\\/#authorImage\",\"url\":\"https:\\\/\\\/secure.gravatar.com\\\/avatar\\\/496a8e03d0c493ede1718b7934145dbdf8d89be1036b0eec9544e1094c9de390?s=96&d=mm&r=g\",\"width\":96,\"height\":96,\"caption\":\"Cand\\u00e1s 365\"},\"sameAs\":[\"https:\\\/\\\/www.facebook.com\\\/carrenoactualidad\",\"https:\\\/\\\/twitter.com\\\/nbasturias\",\"https:\\\/\\\/www.instagram.com\\\/nachofdezber\\\/\",\"https:\\\/\\\/www.youtube.com\\\/channel\\\/UCZP-2wLEB9Rv6erhFmqVnvg\"]},{\"@type\":\"WebPage\",\"@id\":\"https:\\\/\\\/candas365.es\\\/noticias\\\/madrid-vs-barca-mucho-mas-que-un-clasico\\\/#webpage\",\"url\":\"https:\\\/\\\/candas365.es\\\/noticias\\\/madrid-vs-barca-mucho-mas-que-un-clasico\\\/\",\"name\":\"Madrid vs Bar\\u00e7a: Mucho m\\u00e1s que un Cl\\u00e1sico | Cand\\u00e1s 365\",\"description\":\"El baj\\u00f3n que est\\u00e1 sufriendo el Atl\\u00e9tico de Madrid ha terminado por apretar la carrera por el t\\u00edtulo y tanto blaugranas como madridistas ..\",\"inLanguage\":\"es-ES\",\"isPartOf\":{\"@id\":\"https:\\\/\\\/candas365.es\\\/noticias\\\/#website\"},\"breadcrumb\":{\"@id\":\"https:\\\/\\\/candas365.es\\\/noticias\\\/madrid-vs-barca-mucho-mas-que-un-clasico\\\/#breadcrumblist\"},\"author\":{\"@id\":\"https:\\\/\\\/candas365.es\\\/noticias\\\/author\\\/admin\\\/#author\"},\"creator\":{\"@id\":\"https:\\\/\\\/candas365.es\\\/noticias\\\/author\\\/admin\\\/#author\"},\"image\":{\"@type\":\"ImageObject\",\"url\":\"https:\\\/\\\/candas365.es\\\/noticias\\\/wp-content\\\/uploads\\\/2018\\\/06\\\/football-1406106_960_720-1.jpg\",\"@id\":\"https:\\\/\\\/candas365.es\\\/noticias\\\/madrid-vs-barca-mucho-mas-que-un-clasico\\\/#mainImage\",\"width\":960,\"height\":643},\"primaryImageOfPage\":{\"@id\":\"https:\\\/\\\/candas365.es\\\/noticias\\\/madrid-vs-barca-mucho-mas-que-un-clasico\\\/#mainImage\"},\"datePublished\":\"2021-04-09T15:35:46+02:00\",\"dateModified\":\"2021-04-09T15:35:46+02:00\"},{\"@type\":\"WebSite\",\"@id\":\"https:\\\/\\\/candas365.es\\\/noticias\\\/#website\",\"url\":\"https:\\\/\\\/candas365.es\\\/noticias\\\/\",\"name\":\"Cand\\u00e1s 365\",\"alternateName\":\"Cand\\u00e1s 365 Noticias\",\"description\":\"Actualidad desde Carre\\u00f1o para el mundo\",\"inLanguage\":\"es-ES\",\"publisher\":{\"@id\":\"https:\\\/\\\/candas365.es\\\/noticias\\\/#organization\"}}]}\n\t\t<\/script>\n\t\t<!-- All in One SEO Pro -->\r\n\t\t<title>Madrid vs Bar\u00e7a: Mucho m\u00e1s que un Cl\u00e1sico | Cand\u00e1s 365<\/title>\n\n","aioseo_head_json":{"title":"Madrid vs Bar\u00e7a: Mucho m\u00e1s que un Cl\u00e1sico | Cand\u00e1s 365","description":"El baj\u00f3n que est\u00e1 sufriendo el Atl\u00e9tico de Madrid ha terminado por apretar la carrera por el t\u00edtulo y tanto blaugranas como madridistas ..","canonical_url":"https:\/\/candas365.es\/noticias\/madrid-vs-barca-mucho-mas-que-un-clasico\/","robots":"max-image-preview:large","keywords":"deporte","webmasterTools":{"google-site-verification":"UA-32230408-1","msvalidate.01":"354F3CDFB2DA171B47FBE9ABF1F88D5","miscellaneous":""},"schema":{"@context":"https:\/\/schema.org","@graph":[{"@type":"BreadcrumbList","@id":"https:\/\/candas365.es\/noticias\/madrid-vs-barca-mucho-mas-que-un-clasico\/#breadcrumblist","itemListElement":[{"@type":"ListItem","@id":"https:\/\/candas365.es\/noticias#listItem","position":1,"name":"Home","item":"https:\/\/candas365.es\/noticias","nextItem":{"@type":"ListItem","@id":"https:\/\/candas365.es\/noticias\/category\/deporte\/#listItem","name":"Deporte"}},{"@type":"ListItem","@id":"https:\/\/candas365.es\/noticias\/category\/deporte\/#listItem","position":2,"name":"Deporte","item":"https:\/\/candas365.es\/noticias\/category\/deporte\/","nextItem":{"@type":"ListItem","@id":"https:\/\/candas365.es\/noticias\/madrid-vs-barca-mucho-mas-que-un-clasico\/#listItem","name":"Madrid vs Bar\u00e7a: Mucho m\u00e1s que un Cl\u00e1sico"},"previousItem":{"@type":"ListItem","@id":"https:\/\/candas365.es\/noticias#listItem","name":"Home"}},{"@type":"ListItem","@id":"https:\/\/candas365.es\/noticias\/madrid-vs-barca-mucho-mas-que-un-clasico\/#listItem","position":3,"name":"Madrid vs Bar\u00e7a: Mucho m\u00e1s que un Cl\u00e1sico","previousItem":{"@type":"ListItem","@id":"https:\/\/candas365.es\/noticias\/category\/deporte\/#listItem","name":"Deporte"}}]},{"@type":"NewsArticle","@id":"https:\/\/candas365.es\/noticias\/madrid-vs-barca-mucho-mas-que-un-clasico\/#newsarticle","name":"Madrid vs Bar\u00e7a: Mucho m\u00e1s que un Cl\u00e1sico | Cand\u00e1s 365","headline":"Madrid vs Bar\u00e7a: Mucho m\u00e1s que un Cl\u00e1sico","author":{"@id":"https:\/\/candas365.es\/noticias\/author\/admin\/#author"},"publisher":{"@id":"https:\/\/candas365.es\/noticias\/#organization"},"image":{"@type":"ImageObject","url":"https:\/\/candas365.es\/noticias\/wp-content\/uploads\/2018\/06\/football-1406106_960_720-1.jpg","width":960,"height":643},"datePublished":"2021-04-09T15:35:46+02:00","dateModified":"2021-04-09T15:35:46+02:00","inLanguage":"es-ES","mainEntityOfPage":{"@id":"https:\/\/candas365.es\/noticias\/madrid-vs-barca-mucho-mas-que-un-clasico\/#webpage"},"isPartOf":{"@id":"https:\/\/candas365.es\/noticias\/madrid-vs-barca-mucho-mas-que-un-clasico\/#webpage"},"articleSection":"Deporte","dateline":"Publicado el abril 9, 2021."},{"@type":"Organization","@id":"https:\/\/candas365.es\/noticias\/#organization","name":"Cand\u00e1s 365","description":"Cand\u00e1s 365 es un diario digital independiente, fundado en 2012, con base en Asturias. Informamos con rigor sobre actualidad, sociedad, cultura y ocio, con una mirada local y global.","url":"https:\/\/candas365.es\/noticias\/","email":"info@candas365.es","telephone":"+34652131393","foundingDate":"2012-06-10","logo":{"@type":"ImageObject","url":"https:\/\/candas365.es\/noticias\/wp-content\/uploads\/2024\/09\/Candas-365-Redes.jpg","@id":"https:\/\/candas365.es\/noticias\/madrid-vs-barca-mucho-mas-que-un-clasico\/#organizationLogo","width":1152,"height":864,"caption":"Cand\u00e1s 365 Redes"},"image":{"@id":"https:\/\/candas365.es\/noticias\/madrid-vs-barca-mucho-mas-que-un-clasico\/#organizationLogo"},"sameAs":["https:\/\/www.facebook.com\/Nachofdezber","https:\/\/x.com\/NabercoDigital","https:\/\/www.instagram.com\/nachofdezber\/","https:\/\/www.youtube.com\/channel\/UCZP-2wLEB9Rv6erhFmqVnvg"],"address":{"@id":"https:\/\/candas365.es\/noticias\/#postaladdress","@type":"PostalAddress","streetAddress":"san antonio 4, san antonio 4","postalCode":"33430","addressLocality":"Cand\u00e1s","addressRegion":"Asturias","addressCountry":"ES"}},{"@type":"Person","@id":"https:\/\/candas365.es\/noticias\/author\/admin\/#author","url":"https:\/\/candas365.es\/noticias\/author\/admin\/","name":"Cand\u00e1s 365","image":{"@type":"ImageObject","@id":"https:\/\/candas365.es\/noticias\/madrid-vs-barca-mucho-mas-que-un-clasico\/#authorImage","url":"https:\/\/secure.gravatar.com\/avatar\/496a8e03d0c493ede1718b7934145dbdf8d89be1036b0eec9544e1094c9de390?s=96&d=mm&r=g","width":96,"height":96,"caption":"Cand\u00e1s 365"},"sameAs":["https:\/\/www.facebook.com\/carrenoactualidad","https:\/\/twitter.com\/nbasturias","https:\/\/www.instagram.com\/nachofdezber\/","https:\/\/www.youtube.com\/channel\/UCZP-2wLEB9Rv6erhFmqVnvg"]},{"@type":"WebPage","@id":"https:\/\/candas365.es\/noticias\/madrid-vs-barca-mucho-mas-que-un-clasico\/#webpage","url":"https:\/\/candas365.es\/noticias\/madrid-vs-barca-mucho-mas-que-un-clasico\/","name":"Madrid vs Bar\u00e7a: Mucho m\u00e1s que un Cl\u00e1sico | Cand\u00e1s 365","description":"El baj\u00f3n que est\u00e1 sufriendo el Atl\u00e9tico de Madrid ha terminado por apretar la carrera por el t\u00edtulo y tanto blaugranas como madridistas ..","inLanguage":"es-ES","isPartOf":{"@id":"https:\/\/candas365.es\/noticias\/#website"},"breadcrumb":{"@id":"https:\/\/candas365.es\/noticias\/madrid-vs-barca-mucho-mas-que-un-clasico\/#breadcrumblist"},"author":{"@id":"https:\/\/candas365.es\/noticias\/author\/admin\/#author"},"creator":{"@id":"https:\/\/candas365.es\/noticias\/author\/admin\/#author"},"image":{"@type":"ImageObject","url":"https:\/\/candas365.es\/noticias\/wp-content\/uploads\/2018\/06\/football-1406106_960_720-1.jpg","@id":"https:\/\/candas365.es\/noticias\/madrid-vs-barca-mucho-mas-que-un-clasico\/#mainImage","width":960,"height":643},"primaryImageOfPage":{"@id":"https:\/\/candas365.es\/noticias\/madrid-vs-barca-mucho-mas-que-un-clasico\/#mainImage"},"datePublished":"2021-04-09T15:35:46+02:00","dateModified":"2021-04-09T15:35:46+02:00"},{"@type":"WebSite","@id":"https:\/\/candas365.es\/noticias\/#website","url":"https:\/\/candas365.es\/noticias\/","name":"Cand\u00e1s 365","alternateName":"Cand\u00e1s 365 Noticias","description":"Actualidad desde Carre\u00f1o para el mundo","inLanguage":"es-ES","publisher":{"@id":"https:\/\/candas365.es\/noticias\/#organization"}}]},"og:locale":"es_ES","og:site_name":"Cand\u00e1s 365","og:type":"article","og:title":"Madrid vs Bar\u00e7a: Mucho m\u00e1s que un Cl\u00e1sico | Cand\u00e1s 365","og:description":"El baj\u00f3n que est\u00e1 sufriendo el Atl\u00e9tico de Madrid ha terminado por apretar la carrera por el t\u00edtulo y tanto blaugranas como madridistas ..","og:url":"https:\/\/candas365.es\/noticias\/madrid-vs-barca-mucho-mas-que-un-clasico\/","og:image":"https:\/\/candas365.es\/noticias\/wp-content\/uploads\/2018\/06\/football-1406106_960_720-1.jpg","og:image:secure_url":"https:\/\/candas365.es\/noticias\/wp-content\/uploads\/2018\/06\/football-1406106_960_720-1.jpg","og:image:width":960,"og:image:height":643,"article:published_time":"2021-04-09T15:35:46+00:00","article:modified_time":"2021-04-09T15:35:46+00:00","article:publisher":"https:\/\/www.facebook.com\/Nachofdezber","article:author":"https:\/\/www.facebook.com\/carrenoactualidad","twitter:card":"summary_large_image","twitter:site":"@NabercoDigital","twitter:title":"Madrid vs Bar\u00e7a: Mucho m\u00e1s que un Cl\u00e1sico | Cand\u00e1s 365","twitter:description":"El baj\u00f3n que est\u00e1 sufriendo el Atl\u00e9tico de Madrid ha terminado por apretar la carrera por el t\u00edtulo y tanto blaugranas como madridistas ..","twitter:creator":"@nbasturias","twitter:image":"https:\/\/candas365.es\/noticias\/wp-content\/uploads\/2018\/06\/football-1406106_960_720-1.jpg","twitter:label1":"Escrito por","twitter:data1":"Cand\u00e1s 365","twitter:label2":"Tiempo de lectura estimado","twitter:data2":"4 minutos"},"aioseo_meta_data":{"post_id":"153285","title":null,"description":"El baj\u00f3n que est\u00e1 sufriendo el Atl\u00e9tico de Madrid ha terminado por apretar la carrera por el t\u00edtulo y tanto blaugranas como madridistas ..","keywords":[],"keyphrases":{"focus":[],"additional":[]},"primary_term":null,"canonical_url":null,"og_title":null,"og_description":null,"og_object_type":"default","og_image_type":"default","og_image_url":null,"og_image_width":null,"og_image_height":null,"og_image_custom_url":null,"og_image_custom_fields":null,"og_video":"","og_custom_url":null,"og_article_section":null,"og_article_tags":[],"twitter_use_og":false,"twitter_card":"default","twitter_image_type":"default","twitter_image_url":null,"twitter_image_custom_url":null,"twitter_image_custom_fields":null,"twitter_title":null,"twitter_description":null,"schema":{"blockGraphs":[],"customGraphs":[],"default":{"data":{"Article":[],"Course":[],"Dataset":[],"FAQPage":[],"Movie":[],"Person":[],"Product":[],"ProductReview":[],"Car":[],"Recipe":[],"Service":[],"SoftwareApplication":[],"WebPage":[]},"graphName":"","isEnabled":true},"graphs":[]},"schema_type":"default","schema_type_options":"{\"article\":{\"articleType\":\"BlogPosting\"},\"course\":{\"name\":\"\",\"description\":\"\",\"provider\":\"\"},\"faq\":{\"pages\":[]},\"product\":{\"reviews\":[]},\"recipe\":{\"ingredients\":[],\"instructions\":[],\"keywords\":[]},\"software\":{\"reviews\":[],\"operatingSystems\":[]},\"webPage\":{\"webPageType\":\"WebPage\"}}","pillar_content":false,"robots_default":true,"robots_noindex":false,"robots_noarchive":false,"robots_nosnippet":false,"robots_nofollow":false,"robots_noimageindex":false,"robots_noodp":false,"robots_notranslate":false,"robots_max_snippet":"-1","robots_max_videopreview":"-1","robots_max_imagepreview":"large","priority":null,"frequency":"default","location":null,"local_seo":{"businessInfo":{"name":"","urls":{"website":"","aboutPage":"","contactPage":""},"address":{"line1":"","line2":"","zip":"","city":"","state":"","country":""},"contact":{"email":"","phone":"","fax":""},"ids":{"vatID":"","taxID":"","chamberID":""},"payment":{"priceIndication":"","currenciesAccepted":"","methodsAccepted":""},"areaServed":""},"openingHours":{"show":false,"closedLabel":"","open24h":false,"open24hLabel":"","open247":false,"use24hFormat":false,"twoSets":false,"timezone":"","hours":[]}},"seo_analyzer_scan_date":"2025-08-31 19:42:17","breadcrumb_settings":null,"limit_modified_date":false,"reviewed_by":null,"open_ai":null,"ai":null,"created":"2021-04-09 15:32:32","updated":"2025-08-31 19:42:17"},"aioseo_breadcrumb":"<div class=\"aioseo-breadcrumbs\"><span class=\"aioseo-breadcrumb\">\n\t<a href=\"https:\/\/candas365.es\/noticias\" title=\"Home\">Home<\/a>\n<\/span><span class=\"aioseo-breadcrumb-separator\">&ndash;<\/span><span class=\"aioseo-breadcrumb\">\n\t<a href=\"https:\/\/candas365.es\/noticias\/category\/deporte\/\" title=\"Deporte\">Deporte<\/a>\n<\/span><span class=\"aioseo-breadcrumb-separator\">&ndash;<\/span><span class=\"aioseo-breadcrumb\">\n\tMadrid vs Bar\u00e7a: Mucho m\u00e1s que un Cl\u00e1sico\n<\/span><\/div>","aioseo_breadcrumb_json":[{"label":"Home","link":"https:\/\/candas365.es\/noticias"},{"label":"Deporte","link":"https:\/\/candas365.es\/noticias\/category\/deporte\/"},{"label":"Madrid vs Bar\u00e7a: Mucho m\u00e1s que un Cl\u00e1sico","link":"https:\/\/candas365.es\/noticias\/madrid-vs-barca-mucho-mas-que-un-clasico\/"}],"_links":{"self":[{"href":"https:\/\/candas365.es\/noticias\/wp-json\/wp\/v2\/posts\/153285","targetHints":{"allow":["GET"]}}],"collection":[{"href":"https:\/\/candas365.es\/noticias\/wp-json\/wp\/v2\/posts"}],"about":[{"href":"https:\/\/candas365.es\/noticias\/wp-json\/wp\/v2\/types\/post"}],"author":[{"embeddable":true,"href":"https:\/\/candas365.es\/noticias\/wp-json\/wp\/v2\/users\/1"}],"replies":[{"embeddable":true,"href":"https:\/\/candas365.es\/noticias\/wp-json\/wp\/v2\/comments?post=153285"}],"version-history":[{"count":0,"href":"https:\/\/candas365.es\/noticias\/wp-json\/wp\/v2\/posts\/153285\/revisions"}],"wp:featuredmedia":[{"embeddable":true,"href":"https:\/\/candas365.es\/noticias\/wp-json\/wp\/v2\/media\/98026"}],"wp:attachment":[{"href":"https:\/\/candas365.es\/noticias\/wp-json\/wp\/v2\/media?parent=153285"}],"wp:term":[{"taxonomy":"category","embeddable":true,"href":"https:\/\/candas365.es\/noticias\/wp-json\/wp\/v2\/categories?post=153285"},{"taxonomy":"post_tag","embeddable":true,"href":"https:\/\/candas365.es\/noticias\/wp-json\/wp\/v2\/tags?post=153285"}],"curies":[{"name":"wp","href":"https:\/\/api.w.org\/{rel}","templated":true}]}}