{"id":153179,"date":"2021-04-06T23:36:59","date_gmt":"2021-04-06T23:36:59","guid":{"rendered":"http:\/\/candas365.es\/noticias\/?p=153179"},"modified":"2021-04-06T23:36:59","modified_gmt":"2021-04-06T23:36:59","slug":"la-genuina-admiracion-de-bielsa-por-guardiola","status":"publish","type":"post","link":"https:\/\/candas365.es\/noticias\/la-genuina-admiracion-de-bielsa-por-guardiola\/","title":{"rendered":"La \u00abgenuina admiraci\u00f3n\u00bb de Bielsa por Guardiola"},"content":{"rendered":"<p><img fetchpriority=\"high\" decoding=\"async\" class=\"alignleft size-medium wp-image-98026\" src=\"https:\/\/candas365.es\/noticias\/wp-content\/uploads\/2018\/06\/football-1406106_960_720-1-360x241.jpg\" alt=\"\" width=\"360\" height=\"241\" srcset=\"https:\/\/candas365.es\/noticias\/wp-content\/uploads\/2018\/06\/football-1406106_960_720-1-360x241.jpg 360w, https:\/\/candas365.es\/noticias\/wp-content\/uploads\/2018\/06\/football-1406106_960_720-1-768x514.jpg 768w, https:\/\/candas365.es\/noticias\/wp-content\/uploads\/2018\/06\/football-1406106_960_720-1-655x439.jpg 655w, https:\/\/candas365.es\/noticias\/wp-content\/uploads\/2018\/06\/football-1406106_960_720-1-696x466.jpg 696w, https:\/\/candas365.es\/noticias\/wp-content\/uploads\/2018\/06\/football-1406106_960_720-1-627x420.jpg 627w, https:\/\/candas365.es\/noticias\/wp-content\/uploads\/2018\/06\/football-1406106_960_720-1.jpg 960w\" sizes=\"(max-width: 360px) 100vw, 360px\" \/>(EP) &#8211; El entrenador del Leeds United, Marcelo Bielsa, <strong>reconoce una vez m\u00e1s tener una \u00abgenuina admiraci\u00f3n\u00bb por Pep Guardiola, \u00abun hombre m\u00e1gico\u00bb en el mundo del f\u00fatbol,<\/strong> mientras que cree que \u00abel mayor elogio\u00bb para un t\u00e9cnico por parte de un jugador es que este \u00abvalore su sinceridad\u00bb.<\/p>\n<p>\u00abInterpretar las decisiones novedosas que \u00e9l incorpora a un juego ya es una forma de enamorarse del f\u00fatbol, es un hombre m\u00e1gico, lo que \u00e9l sabe hacer a m\u00ed me cuesta enormemente intentarlo y ya me di por vencido pero tengo una genuina admiraci\u00f3n por lo que hace\u00bb, expresa Bielsa durante su entrevista en &#8216;Fever Pitch&#8217;, el magazine sobre f\u00fatbol ingl\u00e9s que emite &#8216;DAZN&#8217;, donde muestra su devoci\u00f3n por un City \u00abindescifrable\u00bb.<\/p>\n<p>Por otro lado, <strong>el &#8216;Loco&#8217; considera que para \u00e9l \u00abel elogio m\u00e1ximo es haber obtenido, a trav\u00e9s de un grupo de jugadores, acercar el juego que consigue a lo que el f\u00fatbol, como deporte, puede generar<\/strong>\u00ab. \u00abTodos los deportes tienen una potencialidad de belleza que es muy dif\u00edcil de conseguir y es mucho m\u00e1s dif\u00edcil de conseguir en una proporci\u00f3n alta\u00bb, advierte.<\/p>\n<p>En este sentido, a la hora de pensar \u00aben grandes entrenadores\u00bb que han sabido llevar a cabo esto, se refiere a su compatriota C\u00e9sar Luis Menotti, \u00abque hizo algunos equipos donde el f\u00fatbol en sus posibilidades de belleza, \u00e9l las consegu\u00eda en un porcentaje muy alto a trav\u00e9s de un grupo de jugadores\u00bb.<\/p>\n<p>El argentino tambi\u00e9n reconoce que le incomoda el ser se\u00f1alado \u00abcomo referencia\u00bb y asegura que \u00ablo que los jugadores, en general, valoran mucho y agradecen es que el entrenador no les mienta\u00bb y que la mayor dificultad de un t\u00e9cnico es la de \u00abadministrar a la vez intereses de un colectivo conformado por individualidades que necesitan coincidir en objetivos comunes, pero donde hay veces que los objetivos de uno perjudican a los de otro\u00bb. \u00abEl mayor elogio es que el jugador valore la sinceridad del entrenador porque lo reconoce cre\u00edble y le otorga esa condici\u00f3n\u00bb, a\u00f1ade.<\/p>\n<p><strong>Bielsa cree que el entrenador se enfrenta \u00aba dos grandes escenarios\u00bb, el que ata\u00f1e a los medios de comunicaci\u00f3n y lo que dicen, que no ve \u00abrelevante\u00bb<\/strong>, y el que representa el aficionado, que \u00abes tristeza o alegr\u00eda\u00bb. \u00abEse es el peso m\u00e1s dif\u00edcil que carga un entrenador, eso es lo que nadie tiene demasiado presente y cuando termina el partido y te vas a tu casa y perdiste, tienes la tristeza de mucha gente a tu cargo\u00bb, admite.<\/p>\n<p>&nbsp;<\/p>\n","protected":false},"excerpt":{"rendered":"<p>(EP) &#8211; El entrenador del Leeds United, Marcelo Bielsa, reconoce una vez m\u00e1s tener una \u00abgenuina admiraci\u00f3n\u00bb por Pep Guardiola, \u00abun hombre m\u00e1gico\u00bb en el mundo del f\u00fatbol, mientras que cree que \u00abel mayor elogio\u00bb para un t\u00e9cnico por parte de un jugador es que este \u00abvalore su sinceridad\u00bb. \u00abInterpretar las decisiones novedosas que \u00e9l<\/p>\n","protected":false},"author":1,"featured_media":98026,"comment_status":"closed","ping_status":"closed","sticky":false,"template":"","format":"standard","meta":{"footnotes":""},"categories":[319],"tags":[],"class_list":{"0":"post-153179","1":"post","2":"type-post","3":"status-publish","4":"format-standard","5":"has-post-thumbnail","7":"category-deporte"},"aioseo_notices":[],"aioseo_head":"\n\t\t<!-- All in One SEO Pro 4.9.6.2 - aioseo.com -->\n\t<meta name=\"description\" content=\"Marcelo Bielsa reconoce una vez m\u00e1s tener una &quot;genuina admiraci\u00f3n&quot; por Pep Guardiola, &quot;un hombre m\u00e1gico&quot; en el mundo del f\u00fatbol, ..\" \/>\n\t<meta name=\"robots\" content=\"max-image-preview:large\" \/>\n\t<meta name=\"author\" content=\"Cand\u00e1s 365\"\/>\n\t<meta name=\"google-site-verification\" content=\"UA-32230408-1\" \/>\n\t<meta name=\"msvalidate.01\" content=\"354F3CDFB2DA171B47FBE9ABF1F88D5\" \/>\n\t<meta name=\"keywords\" content=\"deporte\" \/>\n\t<link rel=\"canonical\" href=\"https:\/\/candas365.es\/noticias\/la-genuina-admiracion-de-bielsa-por-guardiola\/\" \/>\n\t<meta name=\"generator\" content=\"All in One SEO Pro (AIOSEO) 4.9.6.2\" \/>\n\t\t<meta property=\"og:locale\" content=\"es_ES\" \/>\n\t\t<meta property=\"og:site_name\" content=\"Cand\u00e1s 365\" \/>\n\t\t<meta property=\"og:type\" content=\"article\" \/>\n\t\t<meta property=\"og:title\" content=\"La \u00abgenuina admiraci\u00f3n\u00bb de Bielsa por Guardiola | Cand\u00e1s 365\" \/>\n\t\t<meta property=\"og:description\" content=\"Marcelo Bielsa reconoce una vez m\u00e1s tener una &quot;genuina admiraci\u00f3n&quot; por Pep Guardiola, &quot;un hombre m\u00e1gico&quot; en el mundo del f\u00fatbol, ..\" \/>\n\t\t<meta property=\"og:url\" content=\"https:\/\/candas365.es\/noticias\/la-genuina-admiracion-de-bielsa-por-guardiola\/\" \/>\n\t\t<meta property=\"og:image\" content=\"https:\/\/candas365.es\/noticias\/wp-content\/uploads\/2018\/06\/football-1406106_960_720-1.jpg\" \/>\n\t\t<meta property=\"og:image:secure_url\" content=\"https:\/\/candas365.es\/noticias\/wp-content\/uploads\/2018\/06\/football-1406106_960_720-1.jpg\" \/>\n\t\t<meta property=\"og:image:width\" content=\"960\" \/>\n\t\t<meta property=\"og:image:height\" content=\"643\" \/>\n\t\t<meta property=\"article:published_time\" content=\"2021-04-06T23:36:59+00:00\" \/>\n\t\t<meta property=\"article:modified_time\" content=\"2021-04-06T23:36:59+00:00\" \/>\n\t\t<meta property=\"article:publisher\" content=\"https:\/\/www.facebook.com\/Nachofdezber\" \/>\n\t\t<meta property=\"article:author\" content=\"https:\/\/www.facebook.com\/carrenoactualidad\" \/>\n\t\t<meta name=\"twitter:card\" content=\"summary_large_image\" \/>\n\t\t<meta name=\"twitter:site\" content=\"@NabercoDigital\" \/>\n\t\t<meta name=\"twitter:title\" content=\"La \u00abgenuina admiraci\u00f3n\u00bb de Bielsa por Guardiola | Cand\u00e1s 365\" \/>\n\t\t<meta name=\"twitter:description\" content=\"Marcelo Bielsa reconoce una vez m\u00e1s tener una &quot;genuina admiraci\u00f3n&quot; por Pep Guardiola, &quot;un hombre m\u00e1gico&quot; en el mundo del f\u00fatbol, ..\" \/>\n\t\t<meta name=\"twitter:creator\" content=\"@nbasturias\" \/>\n\t\t<meta name=\"twitter:image\" content=\"https:\/\/candas365.es\/noticias\/wp-content\/uploads\/2018\/06\/football-1406106_960_720-1.jpg\" \/>\n\t\t<meta name=\"twitter:label1\" content=\"Escrito por\" \/>\n\t\t<meta name=\"twitter:data1\" content=\"Cand\u00e1s 365\" \/>\n\t\t<meta name=\"twitter:label2\" content=\"Tiempo de lectura estimado\" \/>\n\t\t<meta name=\"twitter:data2\" content=\"2 minutos\" \/>\n\t\t<script type=\"application\/ld+json\" class=\"aioseo-schema\">\n\t\t\t{\"@context\":\"https:\\\/\\\/schema.org\",\"@graph\":[{\"@type\":\"BreadcrumbList\",\"@id\":\"https:\\\/\\\/candas365.es\\\/noticias\\\/la-genuina-admiracion-de-bielsa-por-guardiola\\\/#breadcrumblist\",\"itemListElement\":[{\"@type\":\"ListItem\",\"@id\":\"https:\\\/\\\/candas365.es\\\/noticias#listItem\",\"position\":1,\"name\":\"Home\",\"item\":\"https:\\\/\\\/candas365.es\\\/noticias\",\"nextItem\":{\"@type\":\"ListItem\",\"@id\":\"https:\\\/\\\/candas365.es\\\/noticias\\\/category\\\/deporte\\\/#listItem\",\"name\":\"Deporte\"}},{\"@type\":\"ListItem\",\"@id\":\"https:\\\/\\\/candas365.es\\\/noticias\\\/category\\\/deporte\\\/#listItem\",\"position\":2,\"name\":\"Deporte\",\"item\":\"https:\\\/\\\/candas365.es\\\/noticias\\\/category\\\/deporte\\\/\",\"nextItem\":{\"@type\":\"ListItem\",\"@id\":\"https:\\\/\\\/candas365.es\\\/noticias\\\/la-genuina-admiracion-de-bielsa-por-guardiola\\\/#listItem\",\"name\":\"La \\u00abgenuina admiraci\\u00f3n\\u00bb de Bielsa por Guardiola\"},\"previousItem\":{\"@type\":\"ListItem\",\"@id\":\"https:\\\/\\\/candas365.es\\\/noticias#listItem\",\"name\":\"Home\"}},{\"@type\":\"ListItem\",\"@id\":\"https:\\\/\\\/candas365.es\\\/noticias\\\/la-genuina-admiracion-de-bielsa-por-guardiola\\\/#listItem\",\"position\":3,\"name\":\"La \\u00abgenuina admiraci\\u00f3n\\u00bb de Bielsa por Guardiola\",\"previousItem\":{\"@type\":\"ListItem\",\"@id\":\"https:\\\/\\\/candas365.es\\\/noticias\\\/category\\\/deporte\\\/#listItem\",\"name\":\"Deporte\"}}]},{\"@type\":\"NewsArticle\",\"@id\":\"https:\\\/\\\/candas365.es\\\/noticias\\\/la-genuina-admiracion-de-bielsa-por-guardiola\\\/#newsarticle\",\"name\":\"La \\u00abgenuina admiraci\\u00f3n\\u00bb de Bielsa por Guardiola | Cand\\u00e1s 365\",\"headline\":\"La \\u00abgenuina admiraci\\u00f3n\\u00bb de Bielsa por Guardiola\",\"author\":{\"@id\":\"https:\\\/\\\/candas365.es\\\/noticias\\\/author\\\/admin\\\/#author\"},\"publisher\":{\"@id\":\"https:\\\/\\\/candas365.es\\\/noticias\\\/#organization\"},\"image\":{\"@type\":\"ImageObject\",\"url\":\"https:\\\/\\\/candas365.es\\\/noticias\\\/wp-content\\\/uploads\\\/2018\\\/06\\\/football-1406106_960_720-1.jpg\",\"width\":960,\"height\":643},\"datePublished\":\"2021-04-06T23:36:59+02:00\",\"dateModified\":\"2021-04-06T23:36:59+02:00\",\"inLanguage\":\"es-ES\",\"mainEntityOfPage\":{\"@id\":\"https:\\\/\\\/candas365.es\\\/noticias\\\/la-genuina-admiracion-de-bielsa-por-guardiola\\\/#webpage\"},\"isPartOf\":{\"@id\":\"https:\\\/\\\/candas365.es\\\/noticias\\\/la-genuina-admiracion-de-bielsa-por-guardiola\\\/#webpage\"},\"articleSection\":\"Deporte\",\"dateline\":\"Publicado el abril 6, 2021.\"},{\"@type\":\"Organization\",\"@id\":\"https:\\\/\\\/candas365.es\\\/noticias\\\/#organization\",\"name\":\"Cand\\u00e1s 365\",\"description\":\"Cand\\u00e1s 365 es un diario digital independiente, fundado en 2012, con base en Asturias. Informamos con rigor sobre actualidad, sociedad, cultura y ocio, con una mirada local y global.\",\"url\":\"https:\\\/\\\/candas365.es\\\/noticias\\\/\",\"email\":\"info@candas365.es\",\"telephone\":\"+34652131393\",\"foundingDate\":\"2012-06-10\",\"logo\":{\"@type\":\"ImageObject\",\"url\":\"https:\\\/\\\/candas365.es\\\/noticias\\\/wp-content\\\/uploads\\\/2024\\\/09\\\/Candas-365-Redes.jpg\",\"@id\":\"https:\\\/\\\/candas365.es\\\/noticias\\\/la-genuina-admiracion-de-bielsa-por-guardiola\\\/#organizationLogo\",\"width\":1152,\"height\":864,\"caption\":\"Cand\\u00e1s 365 Redes\"},\"image\":{\"@id\":\"https:\\\/\\\/candas365.es\\\/noticias\\\/la-genuina-admiracion-de-bielsa-por-guardiola\\\/#organizationLogo\"},\"sameAs\":[\"https:\\\/\\\/www.facebook.com\\\/Nachofdezber\",\"https:\\\/\\\/x.com\\\/NabercoDigital\",\"https:\\\/\\\/www.instagram.com\\\/nachofdezber\\\/\",\"https:\\\/\\\/www.youtube.com\\\/channel\\\/UCZP-2wLEB9Rv6erhFmqVnvg\"],\"address\":{\"@id\":\"https:\\\/\\\/candas365.es\\\/noticias\\\/#postaladdress\",\"@type\":\"PostalAddress\",\"streetAddress\":\"san antonio 4, san antonio 4\",\"postalCode\":\"33430\",\"addressLocality\":\"Cand\\u00e1s\",\"addressRegion\":\"Asturias\",\"addressCountry\":\"ES\"}},{\"@type\":\"Person\",\"@id\":\"https:\\\/\\\/candas365.es\\\/noticias\\\/author\\\/admin\\\/#author\",\"url\":\"https:\\\/\\\/candas365.es\\\/noticias\\\/author\\\/admin\\\/\",\"name\":\"Cand\\u00e1s 365\",\"image\":{\"@type\":\"ImageObject\",\"@id\":\"https:\\\/\\\/candas365.es\\\/noticias\\\/la-genuina-admiracion-de-bielsa-por-guardiola\\\/#authorImage\",\"url\":\"https:\\\/\\\/secure.gravatar.com\\\/avatar\\\/496a8e03d0c493ede1718b7934145dbdf8d89be1036b0eec9544e1094c9de390?s=96&d=mm&r=g\",\"width\":96,\"height\":96,\"caption\":\"Cand\\u00e1s 365\"},\"sameAs\":[\"https:\\\/\\\/www.facebook.com\\\/carrenoactualidad\",\"https:\\\/\\\/twitter.com\\\/nbasturias\",\"https:\\\/\\\/www.instagram.com\\\/nachofdezber\\\/\",\"https:\\\/\\\/www.youtube.com\\\/channel\\\/UCZP-2wLEB9Rv6erhFmqVnvg\"]},{\"@type\":\"WebPage\",\"@id\":\"https:\\\/\\\/candas365.es\\\/noticias\\\/la-genuina-admiracion-de-bielsa-por-guardiola\\\/#webpage\",\"url\":\"https:\\\/\\\/candas365.es\\\/noticias\\\/la-genuina-admiracion-de-bielsa-por-guardiola\\\/\",\"name\":\"La \\u00abgenuina admiraci\\u00f3n\\u00bb de Bielsa por Guardiola | Cand\\u00e1s 365\",\"description\":\"Marcelo Bielsa reconoce una vez m\\u00e1s tener una \\\"genuina admiraci\\u00f3n\\\" por Pep Guardiola, \\\"un hombre m\\u00e1gico\\\" en el mundo del f\\u00fatbol, ..\",\"inLanguage\":\"es-ES\",\"isPartOf\":{\"@id\":\"https:\\\/\\\/candas365.es\\\/noticias\\\/#website\"},\"breadcrumb\":{\"@id\":\"https:\\\/\\\/candas365.es\\\/noticias\\\/la-genuina-admiracion-de-bielsa-por-guardiola\\\/#breadcrumblist\"},\"author\":{\"@id\":\"https:\\\/\\\/candas365.es\\\/noticias\\\/author\\\/admin\\\/#author\"},\"creator\":{\"@id\":\"https:\\\/\\\/candas365.es\\\/noticias\\\/author\\\/admin\\\/#author\"},\"image\":{\"@type\":\"ImageObject\",\"url\":\"https:\\\/\\\/candas365.es\\\/noticias\\\/wp-content\\\/uploads\\\/2018\\\/06\\\/football-1406106_960_720-1.jpg\",\"@id\":\"https:\\\/\\\/candas365.es\\\/noticias\\\/la-genuina-admiracion-de-bielsa-por-guardiola\\\/#mainImage\",\"width\":960,\"height\":643},\"primaryImageOfPage\":{\"@id\":\"https:\\\/\\\/candas365.es\\\/noticias\\\/la-genuina-admiracion-de-bielsa-por-guardiola\\\/#mainImage\"},\"datePublished\":\"2021-04-06T23:36:59+02:00\",\"dateModified\":\"2021-04-06T23:36:59+02:00\"},{\"@type\":\"WebSite\",\"@id\":\"https:\\\/\\\/candas365.es\\\/noticias\\\/#website\",\"url\":\"https:\\\/\\\/candas365.es\\\/noticias\\\/\",\"name\":\"Cand\\u00e1s 365\",\"alternateName\":\"Cand\\u00e1s 365 Noticias\",\"description\":\"Actualidad desde Carre\\u00f1o para el mundo\",\"inLanguage\":\"es-ES\",\"publisher\":{\"@id\":\"https:\\\/\\\/candas365.es\\\/noticias\\\/#organization\"}}]}\n\t\t<\/script>\n\t\t<!-- All in One SEO Pro -->\r\n\t\t<title>La \u00abgenuina admiraci\u00f3n\u00bb de Bielsa por Guardiola | Cand\u00e1s 365<\/title>\n\n","aioseo_head_json":{"title":"La \u00abgenuina admiraci\u00f3n\u00bb de Bielsa por Guardiola | Cand\u00e1s 365","description":"Marcelo Bielsa reconoce una vez m\u00e1s tener una \"genuina admiraci\u00f3n\" por Pep Guardiola, \"un hombre m\u00e1gico\" en el mundo del f\u00fatbol, ..","canonical_url":"https:\/\/candas365.es\/noticias\/la-genuina-admiracion-de-bielsa-por-guardiola\/","robots":"max-image-preview:large","keywords":"deporte","webmasterTools":{"google-site-verification":"UA-32230408-1","msvalidate.01":"354F3CDFB2DA171B47FBE9ABF1F88D5","miscellaneous":""},"schema":{"@context":"https:\/\/schema.org","@graph":[{"@type":"BreadcrumbList","@id":"https:\/\/candas365.es\/noticias\/la-genuina-admiracion-de-bielsa-por-guardiola\/#breadcrumblist","itemListElement":[{"@type":"ListItem","@id":"https:\/\/candas365.es\/noticias#listItem","position":1,"name":"Home","item":"https:\/\/candas365.es\/noticias","nextItem":{"@type":"ListItem","@id":"https:\/\/candas365.es\/noticias\/category\/deporte\/#listItem","name":"Deporte"}},{"@type":"ListItem","@id":"https:\/\/candas365.es\/noticias\/category\/deporte\/#listItem","position":2,"name":"Deporte","item":"https:\/\/candas365.es\/noticias\/category\/deporte\/","nextItem":{"@type":"ListItem","@id":"https:\/\/candas365.es\/noticias\/la-genuina-admiracion-de-bielsa-por-guardiola\/#listItem","name":"La \u00abgenuina admiraci\u00f3n\u00bb de Bielsa por Guardiola"},"previousItem":{"@type":"ListItem","@id":"https:\/\/candas365.es\/noticias#listItem","name":"Home"}},{"@type":"ListItem","@id":"https:\/\/candas365.es\/noticias\/la-genuina-admiracion-de-bielsa-por-guardiola\/#listItem","position":3,"name":"La \u00abgenuina admiraci\u00f3n\u00bb de Bielsa por Guardiola","previousItem":{"@type":"ListItem","@id":"https:\/\/candas365.es\/noticias\/category\/deporte\/#listItem","name":"Deporte"}}]},{"@type":"NewsArticle","@id":"https:\/\/candas365.es\/noticias\/la-genuina-admiracion-de-bielsa-por-guardiola\/#newsarticle","name":"La \u00abgenuina admiraci\u00f3n\u00bb de Bielsa por Guardiola | Cand\u00e1s 365","headline":"La \u00abgenuina admiraci\u00f3n\u00bb de Bielsa por Guardiola","author":{"@id":"https:\/\/candas365.es\/noticias\/author\/admin\/#author"},"publisher":{"@id":"https:\/\/candas365.es\/noticias\/#organization"},"image":{"@type":"ImageObject","url":"https:\/\/candas365.es\/noticias\/wp-content\/uploads\/2018\/06\/football-1406106_960_720-1.jpg","width":960,"height":643},"datePublished":"2021-04-06T23:36:59+02:00","dateModified":"2021-04-06T23:36:59+02:00","inLanguage":"es-ES","mainEntityOfPage":{"@id":"https:\/\/candas365.es\/noticias\/la-genuina-admiracion-de-bielsa-por-guardiola\/#webpage"},"isPartOf":{"@id":"https:\/\/candas365.es\/noticias\/la-genuina-admiracion-de-bielsa-por-guardiola\/#webpage"},"articleSection":"Deporte","dateline":"Publicado el abril 6, 2021."},{"@type":"Organization","@id":"https:\/\/candas365.es\/noticias\/#organization","name":"Cand\u00e1s 365","description":"Cand\u00e1s 365 es un diario digital independiente, fundado en 2012, con base en Asturias. Informamos con rigor sobre actualidad, sociedad, cultura y ocio, con una mirada local y global.","url":"https:\/\/candas365.es\/noticias\/","email":"info@candas365.es","telephone":"+34652131393","foundingDate":"2012-06-10","logo":{"@type":"ImageObject","url":"https:\/\/candas365.es\/noticias\/wp-content\/uploads\/2024\/09\/Candas-365-Redes.jpg","@id":"https:\/\/candas365.es\/noticias\/la-genuina-admiracion-de-bielsa-por-guardiola\/#organizationLogo","width":1152,"height":864,"caption":"Cand\u00e1s 365 Redes"},"image":{"@id":"https:\/\/candas365.es\/noticias\/la-genuina-admiracion-de-bielsa-por-guardiola\/#organizationLogo"},"sameAs":["https:\/\/www.facebook.com\/Nachofdezber","https:\/\/x.com\/NabercoDigital","https:\/\/www.instagram.com\/nachofdezber\/","https:\/\/www.youtube.com\/channel\/UCZP-2wLEB9Rv6erhFmqVnvg"],"address":{"@id":"https:\/\/candas365.es\/noticias\/#postaladdress","@type":"PostalAddress","streetAddress":"san antonio 4, san antonio 4","postalCode":"33430","addressLocality":"Cand\u00e1s","addressRegion":"Asturias","addressCountry":"ES"}},{"@type":"Person","@id":"https:\/\/candas365.es\/noticias\/author\/admin\/#author","url":"https:\/\/candas365.es\/noticias\/author\/admin\/","name":"Cand\u00e1s 365","image":{"@type":"ImageObject","@id":"https:\/\/candas365.es\/noticias\/la-genuina-admiracion-de-bielsa-por-guardiola\/#authorImage","url":"https:\/\/secure.gravatar.com\/avatar\/496a8e03d0c493ede1718b7934145dbdf8d89be1036b0eec9544e1094c9de390?s=96&d=mm&r=g","width":96,"height":96,"caption":"Cand\u00e1s 365"},"sameAs":["https:\/\/www.facebook.com\/carrenoactualidad","https:\/\/twitter.com\/nbasturias","https:\/\/www.instagram.com\/nachofdezber\/","https:\/\/www.youtube.com\/channel\/UCZP-2wLEB9Rv6erhFmqVnvg"]},{"@type":"WebPage","@id":"https:\/\/candas365.es\/noticias\/la-genuina-admiracion-de-bielsa-por-guardiola\/#webpage","url":"https:\/\/candas365.es\/noticias\/la-genuina-admiracion-de-bielsa-por-guardiola\/","name":"La \u00abgenuina admiraci\u00f3n\u00bb de Bielsa por Guardiola | Cand\u00e1s 365","description":"Marcelo Bielsa reconoce una vez m\u00e1s tener una \"genuina admiraci\u00f3n\" por Pep Guardiola, \"un hombre m\u00e1gico\" en el mundo del f\u00fatbol, ..","inLanguage":"es-ES","isPartOf":{"@id":"https:\/\/candas365.es\/noticias\/#website"},"breadcrumb":{"@id":"https:\/\/candas365.es\/noticias\/la-genuina-admiracion-de-bielsa-por-guardiola\/#breadcrumblist"},"author":{"@id":"https:\/\/candas365.es\/noticias\/author\/admin\/#author"},"creator":{"@id":"https:\/\/candas365.es\/noticias\/author\/admin\/#author"},"image":{"@type":"ImageObject","url":"https:\/\/candas365.es\/noticias\/wp-content\/uploads\/2018\/06\/football-1406106_960_720-1.jpg","@id":"https:\/\/candas365.es\/noticias\/la-genuina-admiracion-de-bielsa-por-guardiola\/#mainImage","width":960,"height":643},"primaryImageOfPage":{"@id":"https:\/\/candas365.es\/noticias\/la-genuina-admiracion-de-bielsa-por-guardiola\/#mainImage"},"datePublished":"2021-04-06T23:36:59+02:00","dateModified":"2021-04-06T23:36:59+02:00"},{"@type":"WebSite","@id":"https:\/\/candas365.es\/noticias\/#website","url":"https:\/\/candas365.es\/noticias\/","name":"Cand\u00e1s 365","alternateName":"Cand\u00e1s 365 Noticias","description":"Actualidad desde Carre\u00f1o para el mundo","inLanguage":"es-ES","publisher":{"@id":"https:\/\/candas365.es\/noticias\/#organization"}}]},"og:locale":"es_ES","og:site_name":"Cand\u00e1s 365","og:type":"article","og:title":"La \u00abgenuina admiraci\u00f3n\u00bb de Bielsa por Guardiola | Cand\u00e1s 365","og:description":"Marcelo Bielsa reconoce una vez m\u00e1s tener una &quot;genuina admiraci\u00f3n&quot; por Pep Guardiola, &quot;un hombre m\u00e1gico&quot; en el mundo del f\u00fatbol, ..","og:url":"https:\/\/candas365.es\/noticias\/la-genuina-admiracion-de-bielsa-por-guardiola\/","og:image":"https:\/\/candas365.es\/noticias\/wp-content\/uploads\/2018\/06\/football-1406106_960_720-1.jpg","og:image:secure_url":"https:\/\/candas365.es\/noticias\/wp-content\/uploads\/2018\/06\/football-1406106_960_720-1.jpg","og:image:width":960,"og:image:height":643,"article:published_time":"2021-04-06T23:36:59+00:00","article:modified_time":"2021-04-06T23:36:59+00:00","article:publisher":"https:\/\/www.facebook.com\/Nachofdezber","article:author":"https:\/\/www.facebook.com\/carrenoactualidad","twitter:card":"summary_large_image","twitter:site":"@NabercoDigital","twitter:title":"La \u00abgenuina admiraci\u00f3n\u00bb de Bielsa por Guardiola | Cand\u00e1s 365","twitter:description":"Marcelo Bielsa reconoce una vez m\u00e1s tener una &quot;genuina admiraci\u00f3n&quot; por Pep Guardiola, &quot;un hombre m\u00e1gico&quot; en el mundo del f\u00fatbol, ..","twitter:creator":"@nbasturias","twitter:image":"https:\/\/candas365.es\/noticias\/wp-content\/uploads\/2018\/06\/football-1406106_960_720-1.jpg","twitter:label1":"Escrito por","twitter:data1":"Cand\u00e1s 365","twitter:label2":"Tiempo de lectura estimado","twitter:data2":"2 minutos"},"aioseo_meta_data":{"post_id":"153179","title":null,"description":"Marcelo Bielsa reconoce una vez m\u00e1s tener una \"genuina admiraci\u00f3n\" por Pep Guardiola, \"un hombre m\u00e1gico\" en el mundo del f\u00fatbol, ..","keywords":[],"keyphrases":{"focus":[],"additional":[]},"primary_term":null,"canonical_url":null,"og_title":null,"og_description":null,"og_object_type":"default","og_image_type":"default","og_image_url":null,"og_image_width":null,"og_image_height":null,"og_image_custom_url":null,"og_image_custom_fields":null,"og_video":"","og_custom_url":null,"og_article_section":null,"og_article_tags":[],"twitter_use_og":false,"twitter_card":"default","twitter_image_type":"default","twitter_image_url":null,"twitter_image_custom_url":null,"twitter_image_custom_fields":null,"twitter_title":null,"twitter_description":null,"schema":{"blockGraphs":[],"customGraphs":[],"default":{"data":{"Article":[],"Course":[],"Dataset":[],"FAQPage":[],"Movie":[],"Person":[],"Product":[],"ProductReview":[],"Car":[],"Recipe":[],"Service":[],"SoftwareApplication":[],"WebPage":[]},"graphName":"","isEnabled":true},"graphs":[],"defaultGraph":"Article","defaultPostTypeGraph":""},"schema_type":"default","schema_type_options":"{\"article\":{\"articleType\":\"BlogPosting\"},\"course\":{\"name\":\"\",\"description\":\"\",\"provider\":\"\"},\"faq\":{\"pages\":[]},\"product\":{\"reviews\":[]},\"recipe\":{\"ingredients\":[],\"instructions\":[],\"keywords\":[]},\"software\":{\"reviews\":[],\"operatingSystems\":[]},\"webPage\":{\"webPageType\":\"WebPage\"}}","pillar_content":false,"robots_default":true,"robots_noindex":false,"robots_noarchive":false,"robots_nosnippet":false,"robots_nofollow":false,"robots_noimageindex":false,"robots_noodp":false,"robots_notranslate":false,"robots_max_snippet":"-1","robots_max_videopreview":"-1","robots_max_imagepreview":"large","priority":null,"frequency":"default","location":null,"local_seo":{"businessInfo":{"name":"","urls":{"website":"","aboutPage":"","contactPage":""},"address":{"line1":"","line2":"","zip":"","city":"","state":"","country":""},"contact":{"email":"","phone":"","fax":""},"ids":{"vatID":"","taxID":"","chamberID":""},"payment":{"priceIndication":"","currenciesAccepted":"","methodsAccepted":""},"areaServed":""},"openingHours":{"show":false,"closedLabel":"","open24h":false,"open24hLabel":"","open247":false,"use24hFormat":false,"twoSets":false,"timezone":"","hours":[]}},"seo_analyzer_scan_date":"2025-08-31 19:33:12","breadcrumb_settings":null,"limit_modified_date":false,"reviewed_by":null,"open_ai":null,"ai":null,"created":"2021-04-06 23:34:57","updated":"2025-08-31 19:33:12"},"aioseo_breadcrumb":"<div class=\"aioseo-breadcrumbs\"><span class=\"aioseo-breadcrumb\">\n\t<a href=\"https:\/\/candas365.es\/noticias\" title=\"Home\">Home<\/a>\n<\/span><span class=\"aioseo-breadcrumb-separator\">&ndash;<\/span><span class=\"aioseo-breadcrumb\">\n\t<a href=\"https:\/\/candas365.es\/noticias\/category\/deporte\/\" title=\"Deporte\">Deporte<\/a>\n<\/span><span class=\"aioseo-breadcrumb-separator\">&ndash;<\/span><span class=\"aioseo-breadcrumb\">\n\tLa \u00abgenuina admiraci\u00f3n\u00bb de Bielsa por Guardiola\n<\/span><\/div>","aioseo_breadcrumb_json":[{"label":"Home","link":"https:\/\/candas365.es\/noticias"},{"label":"Deporte","link":"https:\/\/candas365.es\/noticias\/category\/deporte\/"},{"label":"La \u00abgenuina admiraci\u00f3n\u00bb de Bielsa por Guardiola","link":"https:\/\/candas365.es\/noticias\/la-genuina-admiracion-de-bielsa-por-guardiola\/"}],"_links":{"self":[{"href":"https:\/\/candas365.es\/noticias\/wp-json\/wp\/v2\/posts\/153179","targetHints":{"allow":["GET"]}}],"collection":[{"href":"https:\/\/candas365.es\/noticias\/wp-json\/wp\/v2\/posts"}],"about":[{"href":"https:\/\/candas365.es\/noticias\/wp-json\/wp\/v2\/types\/post"}],"author":[{"embeddable":true,"href":"https:\/\/candas365.es\/noticias\/wp-json\/wp\/v2\/users\/1"}],"replies":[{"embeddable":true,"href":"https:\/\/candas365.es\/noticias\/wp-json\/wp\/v2\/comments?post=153179"}],"version-history":[{"count":0,"href":"https:\/\/candas365.es\/noticias\/wp-json\/wp\/v2\/posts\/153179\/revisions"}],"wp:featuredmedia":[{"embeddable":true,"href":"https:\/\/candas365.es\/noticias\/wp-json\/wp\/v2\/media\/98026"}],"wp:attachment":[{"href":"https:\/\/candas365.es\/noticias\/wp-json\/wp\/v2\/media?parent=153179"}],"wp:term":[{"taxonomy":"category","embeddable":true,"href":"https:\/\/candas365.es\/noticias\/wp-json\/wp\/v2\/categories?post=153179"},{"taxonomy":"post_tag","embeddable":true,"href":"https:\/\/candas365.es\/noticias\/wp-json\/wp\/v2\/tags?post=153179"}],"curies":[{"name":"wp","href":"https:\/\/api.w.org\/{rel}","templated":true}]}}