{"id":153029,"date":"2021-04-02T16:24:12","date_gmt":"2021-04-02T16:24:12","guid":{"rendered":"http:\/\/candas365.es\/noticias\/?p=153029"},"modified":"2021-04-02T16:24:12","modified_gmt":"2021-04-02T16:24:12","slug":"bundesliga-bayern-munich-vs-leipzig","status":"publish","type":"post","link":"https:\/\/candas365.es\/noticias\/bundesliga-bayern-munich-vs-leipzig\/","title":{"rendered":"Bundesliga: Bayern M\u00fanich vs Leipzig"},"content":{"rendered":"<figure id=\"attachment_153030\" aria-describedby=\"caption-attachment-153030\" style=\"width: 360px\" class=\"wp-caption alignleft\"><img fetchpriority=\"high\" decoding=\"async\" class=\"size-medium wp-image-153030\" src=\"https:\/\/candas365.es\/noticias\/wp-content\/uploads\/2021\/04\/Bayern-Munich-360x234.jpg\" alt=\"Bayern M\u00fanich\" width=\"360\" height=\"234\" srcset=\"https:\/\/candas365.es\/noticias\/wp-content\/uploads\/2021\/04\/Bayern-Munich-360x234.jpg 360w, https:\/\/candas365.es\/noticias\/wp-content\/uploads\/2021\/04\/Bayern-Munich-650x422.jpg 650w, https:\/\/candas365.es\/noticias\/wp-content\/uploads\/2021\/04\/Bayern-Munich-768x499.jpg 768w, https:\/\/candas365.es\/noticias\/wp-content\/uploads\/2021\/04\/Bayern-Munich-1024x665.jpg 1024w, https:\/\/candas365.es\/noticias\/wp-content\/uploads\/2021\/04\/Bayern-Munich.jpg 1029w\" sizes=\"(max-width: 360px) 100vw, 360px\" \/><figcaption id=\"caption-attachment-153030\" class=\"wp-caption-text\">Foto: Sven Hoppe\/dpa<\/figcaption><\/figure>\n<p>M\u00fanich, 2 abr (dpa) &#8211; El t\u00e9cnico del Bayern M\u00fanich, Hansi Flick, no se adelant\u00f3 a mencionar un posible sustituto del lesionado Robert Lewandowski antes del gran duelo contra el Leipzig este s\u00e1bado por la vigesimos\u00e9ptima jornada de la Bundesliga.<\/p>\n<p>\u00abMe dejo abierta la posibilidad de actuar\u00bb, dijo el entrenador, que en cambio revel\u00f3 que Niklas S\u00fcle podr\u00e1 ser titular de visita en Leipzig tras sus problemas musculares con la selecci\u00f3n. \u00abPodr\u00e1 jugar\u00bb, destac\u00f3 el t\u00e9cnico del l\u00edder de la Bundesliga.<\/p>\n<p><strong>Lewandowski<\/strong>, m\u00e1ximo goleador de la Bundesliga con 35 goles y a solo cinco del r\u00e9cord hist\u00f3rico del \u00abBombardero\u00bb Gerd M\u00fcller, estar\u00e1 <strong>cuatro semanas de baja<\/strong> por una lesi\u00f3n de ligamentos en la rodilla que sufri\u00f3 mientras jugaba con la selecci\u00f3n de Polonia.<\/p>\n<p>Adem\u00e1s del partido ante el escolta Leipzig, el polaco se perder\u00e1 tambi\u00e9n la eliminatoria de cuartos de final de la Liga de Campeones contra el Paris Saint-Germain.<\/p>\n<p>\u00abTenemos que ver c\u00f3mo lo solucionamos y tenemos jugadores que pueden jugar en esa posici\u00f3n. Es un reto que todos debemos asumir\u00bb, coment\u00f3 Flick.<\/p>\n<p><strong>Eric Maxim Choupo-Moting, fichado como refuerzo, podr\u00eda ser una opci\u00f3n y el subcapit\u00e1n Thomas M\u00fcller otra<\/strong>. Es muy posible que Flick conf\u00ede en su tr\u00edo de extremos formado por <strong>Serge Gnabry, Leroy San\u00e9 y Kingsley Coman<\/strong>.<\/p>\n<p>\u00abSon situaciones que uno tiene como entrenador. Lo siento por el jugador, me gustar\u00eda tener a todos los jugadores. Est\u00e1 claro que Robert (Lewandowski) es un jugador importante\u00bb, agreg\u00f3 Flick, quien tampoco contar\u00e1 con los sancionados Jerome Boateng y Alphonso Davies y los lesionados Douglas Costa y Corentin Tolisso.<\/p>\n<p>Por su parte, <strong>M\u00fcller enfatiz\u00f3 que incluso sin Lewandoswski el equipo b\u00e1varo est\u00e1 excelentemente equipado para el partido ante el Leipzig<\/strong>.<\/p>\n<p>\u00abCuando falta nuestro m\u00e1ximo goleador con su fuerte personalidad, no es f\u00e1cil. Pero es el reto del f\u00fatbol profesional y no es nada nuevo\u00bb, destac\u00f3 M\u00fcller en el portal del club muniqu\u00e9s.<\/p>\n<p>\u00abTenemos que resolverlo conjuntamente. Todav\u00eda tenemos muy buenas opciones en la ofensiva y diferentes variaciones para la alineaci\u00f3n\u00bb, detall\u00f3. Agreg\u00f3 que el Bayern \u00abno solo tiene un jugador con cualidades superiores, sino muchos, much\u00edsimos. Por eso, como equipo, tendremos que marcar tantos goles como &#8216;Lewy'\u00bb.<\/p>\n<p>El Bayern lidera la tabla de clasificaci\u00f3n con 61 puntos, cuatro por encima del Leipzig.<\/p>\n<p>\u00abSi ganamos, ser\u00e1 para nosotros una se\u00f1al clara de que nos dirigimos hacia el t\u00edtulo de campe\u00f3n. Es una ventaja que la presi\u00f3n recaiga sobre el Leipzig. Ser\u00e1 un partido muy caliente\u00bb, resalt\u00f3 el ex internacional alem\u00e1n.<\/p>\n<p>&nbsp;<\/p>\n","protected":false},"excerpt":{"rendered":"<p>M\u00fanich, 2 abr (dpa) &#8211; El t\u00e9cnico del Bayern M\u00fanich, Hansi Flick, no se adelant\u00f3 a mencionar un posible sustituto del lesionado Robert Lewandowski antes del gran duelo contra el Leipzig este s\u00e1bado por la vigesimos\u00e9ptima jornada de la Bundesliga. \u00abMe dejo abierta la posibilidad de actuar\u00bb, dijo el entrenador, que en cambio revel\u00f3 que<\/p>\n","protected":false},"author":1,"featured_media":153030,"comment_status":"closed","ping_status":"closed","sticky":false,"template":"","format":"standard","meta":{"footnotes":""},"categories":[319],"tags":[],"class_list":{"0":"post-153029","1":"post","2":"type-post","3":"status-publish","4":"format-standard","5":"has-post-thumbnail","7":"category-deporte"},"aioseo_notices":[],"aioseo_head":"\n\t\t<!-- All in One SEO Pro 4.9.6.2 - aioseo.com -->\n\t<meta name=\"description\" content=\"Lewandowski, m\u00e1ximo goleador de la Bundesliga con 35 goles y a solo cinco del r\u00e9cord hist\u00f3rico del &quot;Bombardero&quot; Gerd M\u00fcller, estar\u00e1 cuatro semanas de bajaM\u00fanich, 2 abr (dpa) - El t\u00e9cnico del Bayern M\u00fanich, Hansi Flick, no se adelant\u00f3 a mencionar un posible sustituto del lesionado Robert Lewandowski antes del gran duelo contra el Leipzig este s\u00e1bado por la vigesimos\u00e9ptima jornada de la Bundesliga. &quot;Me dejo abierta la posibilidad de actuar&quot;, dijo el entrenador, que en cambio revel\u00f3 que\" \/>\n\t<meta name=\"robots\" content=\"max-image-preview:large\" \/>\n\t<meta name=\"author\" content=\"Cand\u00e1s 365\"\/>\n\t<meta name=\"google-site-verification\" content=\"UA-32230408-1\" \/>\n\t<meta name=\"msvalidate.01\" content=\"354F3CDFB2DA171B47FBE9ABF1F88D5\" \/>\n\t<meta name=\"keywords\" content=\"deporte\" \/>\n\t<link rel=\"canonical\" href=\"https:\/\/candas365.es\/noticias\/bundesliga-bayern-munich-vs-leipzig\/\" \/>\n\t<meta name=\"generator\" content=\"All in One SEO Pro (AIOSEO) 4.9.6.2\" \/>\n\t\t<meta property=\"og:locale\" content=\"es_ES\" \/>\n\t\t<meta property=\"og:site_name\" content=\"Cand\u00e1s 365\" \/>\n\t\t<meta property=\"og:type\" content=\"article\" \/>\n\t\t<meta property=\"og:title\" content=\"Bundesliga: Bayern M\u00fanich vs Leipzig | Cand\u00e1s 365\" \/>\n\t\t<meta property=\"og:description\" content=\"Lewandowski, m\u00e1ximo goleador de la Bundesliga con 35 goles y a solo cinco del r\u00e9cord hist\u00f3rico del &quot;Bombardero&quot; Gerd M\u00fcller, estar\u00e1 cuatro semanas de bajaM\u00fanich, 2 abr (dpa) - El t\u00e9cnico del Bayern M\u00fanich, Hansi Flick, no se adelant\u00f3 a mencionar un posible sustituto del lesionado Robert Lewandowski antes del gran duelo contra el Leipzig este s\u00e1bado por la vigesimos\u00e9ptima jornada de la Bundesliga. &quot;Me dejo abierta la posibilidad de actuar&quot;, dijo el entrenador, que en cambio revel\u00f3 que\" \/>\n\t\t<meta property=\"og:url\" content=\"https:\/\/candas365.es\/noticias\/bundesliga-bayern-munich-vs-leipzig\/\" \/>\n\t\t<meta property=\"og:image\" content=\"https:\/\/candas365.es\/noticias\/wp-content\/uploads\/2021\/04\/Bayern-Munich.jpg\" \/>\n\t\t<meta property=\"og:image:secure_url\" content=\"https:\/\/candas365.es\/noticias\/wp-content\/uploads\/2021\/04\/Bayern-Munich.jpg\" \/>\n\t\t<meta property=\"og:image:width\" content=\"1029\" \/>\n\t\t<meta property=\"og:image:height\" content=\"668\" \/>\n\t\t<meta property=\"article:published_time\" content=\"2021-04-02T16:24:12+00:00\" \/>\n\t\t<meta property=\"article:modified_time\" content=\"2021-04-02T16:24:12+00:00\" \/>\n\t\t<meta property=\"article:publisher\" content=\"https:\/\/www.facebook.com\/Nachofdezber\" \/>\n\t\t<meta property=\"article:author\" content=\"https:\/\/www.facebook.com\/carrenoactualidad\" \/>\n\t\t<meta name=\"twitter:card\" content=\"summary_large_image\" \/>\n\t\t<meta name=\"twitter:site\" content=\"@NabercoDigital\" \/>\n\t\t<meta name=\"twitter:title\" content=\"Bundesliga: Bayern M\u00fanich vs Leipzig | Cand\u00e1s 365\" \/>\n\t\t<meta name=\"twitter:description\" content=\"Lewandowski, m\u00e1ximo goleador de la Bundesliga con 35 goles y a solo cinco del r\u00e9cord hist\u00f3rico del &quot;Bombardero&quot; Gerd M\u00fcller, estar\u00e1 cuatro semanas de bajaM\u00fanich, 2 abr (dpa) - El t\u00e9cnico del Bayern M\u00fanich, Hansi Flick, no se adelant\u00f3 a mencionar un posible sustituto del lesionado Robert Lewandowski antes del gran duelo contra el Leipzig este s\u00e1bado por la vigesimos\u00e9ptima jornada de la Bundesliga. &quot;Me dejo abierta la posibilidad de actuar&quot;, dijo el entrenador, que en cambio revel\u00f3 que\" \/>\n\t\t<meta name=\"twitter:creator\" content=\"@nbasturias\" \/>\n\t\t<meta name=\"twitter:image\" content=\"https:\/\/candas365.es\/noticias\/wp-content\/uploads\/2021\/04\/Bayern-Munich.jpg\" \/>\n\t\t<meta name=\"twitter:label1\" content=\"Escrito por\" \/>\n\t\t<meta name=\"twitter:data1\" content=\"Cand\u00e1s 365\" \/>\n\t\t<meta name=\"twitter:label2\" content=\"Tiempo de lectura estimado\" \/>\n\t\t<meta name=\"twitter:data2\" content=\"2 minutos\" \/>\n\t\t<script type=\"application\/ld+json\" class=\"aioseo-schema\">\n\t\t\t{\"@context\":\"https:\\\/\\\/schema.org\",\"@graph\":[{\"@type\":\"BreadcrumbList\",\"@id\":\"https:\\\/\\\/candas365.es\\\/noticias\\\/bundesliga-bayern-munich-vs-leipzig\\\/#breadcrumblist\",\"itemListElement\":[{\"@type\":\"ListItem\",\"@id\":\"https:\\\/\\\/candas365.es\\\/noticias#listItem\",\"position\":1,\"name\":\"Home\",\"item\":\"https:\\\/\\\/candas365.es\\\/noticias\",\"nextItem\":{\"@type\":\"ListItem\",\"@id\":\"https:\\\/\\\/candas365.es\\\/noticias\\\/category\\\/deporte\\\/#listItem\",\"name\":\"Deporte\"}},{\"@type\":\"ListItem\",\"@id\":\"https:\\\/\\\/candas365.es\\\/noticias\\\/category\\\/deporte\\\/#listItem\",\"position\":2,\"name\":\"Deporte\",\"item\":\"https:\\\/\\\/candas365.es\\\/noticias\\\/category\\\/deporte\\\/\",\"nextItem\":{\"@type\":\"ListItem\",\"@id\":\"https:\\\/\\\/candas365.es\\\/noticias\\\/bundesliga-bayern-munich-vs-leipzig\\\/#listItem\",\"name\":\"Bundesliga: Bayern M\\u00fanich vs Leipzig\"},\"previousItem\":{\"@type\":\"ListItem\",\"@id\":\"https:\\\/\\\/candas365.es\\\/noticias#listItem\",\"name\":\"Home\"}},{\"@type\":\"ListItem\",\"@id\":\"https:\\\/\\\/candas365.es\\\/noticias\\\/bundesliga-bayern-munich-vs-leipzig\\\/#listItem\",\"position\":3,\"name\":\"Bundesliga: Bayern M\\u00fanich vs Leipzig\",\"previousItem\":{\"@type\":\"ListItem\",\"@id\":\"https:\\\/\\\/candas365.es\\\/noticias\\\/category\\\/deporte\\\/#listItem\",\"name\":\"Deporte\"}}]},{\"@type\":\"NewsArticle\",\"@id\":\"https:\\\/\\\/candas365.es\\\/noticias\\\/bundesliga-bayern-munich-vs-leipzig\\\/#newsarticle\",\"name\":\"Bundesliga: Bayern M\\u00fanich vs Leipzig | Cand\\u00e1s 365\",\"headline\":\"Bundesliga: Bayern M\\u00fanich vs Leipzig\",\"author\":{\"@id\":\"https:\\\/\\\/candas365.es\\\/noticias\\\/author\\\/admin\\\/#author\"},\"publisher\":{\"@id\":\"https:\\\/\\\/candas365.es\\\/noticias\\\/#organization\"},\"image\":{\"@type\":\"ImageObject\",\"url\":\"https:\\\/\\\/candas365.es\\\/noticias\\\/wp-content\\\/uploads\\\/2021\\\/04\\\/Bayern-Munich.jpg\",\"width\":1029,\"height\":668,\"caption\":\"Foto: Sven Hoppe\\\/dpa\"},\"datePublished\":\"2021-04-02T16:24:12+02:00\",\"dateModified\":\"2021-04-02T16:24:12+02:00\",\"inLanguage\":\"es-ES\",\"mainEntityOfPage\":{\"@id\":\"https:\\\/\\\/candas365.es\\\/noticias\\\/bundesliga-bayern-munich-vs-leipzig\\\/#webpage\"},\"isPartOf\":{\"@id\":\"https:\\\/\\\/candas365.es\\\/noticias\\\/bundesliga-bayern-munich-vs-leipzig\\\/#webpage\"},\"articleSection\":\"Deporte\",\"dateline\":\"Publicado el abril 2, 2021.\"},{\"@type\":\"Organization\",\"@id\":\"https:\\\/\\\/candas365.es\\\/noticias\\\/#organization\",\"name\":\"Cand\\u00e1s 365\",\"description\":\"Cand\\u00e1s 365 es un diario digital independiente, fundado en 2012, con base en Asturias. Informamos con rigor sobre actualidad, sociedad, cultura y ocio, con una mirada local y global.\",\"url\":\"https:\\\/\\\/candas365.es\\\/noticias\\\/\",\"email\":\"info@candas365.es\",\"telephone\":\"+34652131393\",\"foundingDate\":\"2012-06-10\",\"logo\":{\"@type\":\"ImageObject\",\"url\":\"https:\\\/\\\/candas365.es\\\/noticias\\\/wp-content\\\/uploads\\\/2024\\\/09\\\/Candas-365-Redes.jpg\",\"@id\":\"https:\\\/\\\/candas365.es\\\/noticias\\\/bundesliga-bayern-munich-vs-leipzig\\\/#organizationLogo\",\"width\":1152,\"height\":864,\"caption\":\"Cand\\u00e1s 365 Redes\"},\"image\":{\"@id\":\"https:\\\/\\\/candas365.es\\\/noticias\\\/bundesliga-bayern-munich-vs-leipzig\\\/#organizationLogo\"},\"sameAs\":[\"https:\\\/\\\/www.facebook.com\\\/Nachofdezber\",\"https:\\\/\\\/x.com\\\/NabercoDigital\",\"https:\\\/\\\/www.instagram.com\\\/nachofdezber\\\/\",\"https:\\\/\\\/www.youtube.com\\\/channel\\\/UCZP-2wLEB9Rv6erhFmqVnvg\"],\"address\":{\"@id\":\"https:\\\/\\\/candas365.es\\\/noticias\\\/#postaladdress\",\"@type\":\"PostalAddress\",\"streetAddress\":\"san antonio 4, san antonio 4\",\"postalCode\":\"33430\",\"addressLocality\":\"Cand\\u00e1s\",\"addressRegion\":\"Asturias\",\"addressCountry\":\"ES\"}},{\"@type\":\"Person\",\"@id\":\"https:\\\/\\\/candas365.es\\\/noticias\\\/author\\\/admin\\\/#author\",\"url\":\"https:\\\/\\\/candas365.es\\\/noticias\\\/author\\\/admin\\\/\",\"name\":\"Cand\\u00e1s 365\",\"image\":{\"@type\":\"ImageObject\",\"@id\":\"https:\\\/\\\/candas365.es\\\/noticias\\\/bundesliga-bayern-munich-vs-leipzig\\\/#authorImage\",\"url\":\"https:\\\/\\\/secure.gravatar.com\\\/avatar\\\/496a8e03d0c493ede1718b7934145dbdf8d89be1036b0eec9544e1094c9de390?s=96&d=mm&r=g\",\"width\":96,\"height\":96,\"caption\":\"Cand\\u00e1s 365\"},\"sameAs\":[\"https:\\\/\\\/www.facebook.com\\\/carrenoactualidad\",\"https:\\\/\\\/twitter.com\\\/nbasturias\",\"https:\\\/\\\/www.instagram.com\\\/nachofdezber\\\/\",\"https:\\\/\\\/www.youtube.com\\\/channel\\\/UCZP-2wLEB9Rv6erhFmqVnvg\"]},{\"@type\":\"WebPage\",\"@id\":\"https:\\\/\\\/candas365.es\\\/noticias\\\/bundesliga-bayern-munich-vs-leipzig\\\/#webpage\",\"url\":\"https:\\\/\\\/candas365.es\\\/noticias\\\/bundesliga-bayern-munich-vs-leipzig\\\/\",\"name\":\"Bundesliga: Bayern M\\u00fanich vs Leipzig | Cand\\u00e1s 365\",\"description\":\"Lewandowski, m\\u00e1ximo goleador de la Bundesliga con 35 goles y a solo cinco del r\\u00e9cord hist\\u00f3rico del \\\"Bombardero\\\" Gerd M\\u00fcller, estar\\u00e1 cuatro semanas de bajaM\\u00fanich, 2 abr (dpa) - El t\\u00e9cnico del Bayern M\\u00fanich, Hansi Flick, no se adelant\\u00f3 a mencionar un posible sustituto del lesionado Robert Lewandowski antes del gran duelo contra el Leipzig este s\\u00e1bado por la vigesimos\\u00e9ptima jornada de la Bundesliga. \\\"Me dejo abierta la posibilidad de actuar\\\", dijo el entrenador, que en cambio revel\\u00f3 que\",\"inLanguage\":\"es-ES\",\"isPartOf\":{\"@id\":\"https:\\\/\\\/candas365.es\\\/noticias\\\/#website\"},\"breadcrumb\":{\"@id\":\"https:\\\/\\\/candas365.es\\\/noticias\\\/bundesliga-bayern-munich-vs-leipzig\\\/#breadcrumblist\"},\"author\":{\"@id\":\"https:\\\/\\\/candas365.es\\\/noticias\\\/author\\\/admin\\\/#author\"},\"creator\":{\"@id\":\"https:\\\/\\\/candas365.es\\\/noticias\\\/author\\\/admin\\\/#author\"},\"image\":{\"@type\":\"ImageObject\",\"url\":\"https:\\\/\\\/candas365.es\\\/noticias\\\/wp-content\\\/uploads\\\/2021\\\/04\\\/Bayern-Munich.jpg\",\"@id\":\"https:\\\/\\\/candas365.es\\\/noticias\\\/bundesliga-bayern-munich-vs-leipzig\\\/#mainImage\",\"width\":1029,\"height\":668,\"caption\":\"Foto: Sven Hoppe\\\/dpa\"},\"primaryImageOfPage\":{\"@id\":\"https:\\\/\\\/candas365.es\\\/noticias\\\/bundesliga-bayern-munich-vs-leipzig\\\/#mainImage\"},\"datePublished\":\"2021-04-02T16:24:12+02:00\",\"dateModified\":\"2021-04-02T16:24:12+02:00\"},{\"@type\":\"WebSite\",\"@id\":\"https:\\\/\\\/candas365.es\\\/noticias\\\/#website\",\"url\":\"https:\\\/\\\/candas365.es\\\/noticias\\\/\",\"name\":\"Cand\\u00e1s 365\",\"alternateName\":\"Cand\\u00e1s 365 Noticias\",\"description\":\"Actualidad desde Carre\\u00f1o para el mundo\",\"inLanguage\":\"es-ES\",\"publisher\":{\"@id\":\"https:\\\/\\\/candas365.es\\\/noticias\\\/#organization\"}}]}\n\t\t<\/script>\n\t\t<!-- All in One SEO Pro -->\r\n\t\t<title>Bundesliga: Bayern M\u00fanich vs Leipzig | Cand\u00e1s 365<\/title>\n\n","aioseo_head_json":{"title":"Bundesliga: Bayern M\u00fanich vs Leipzig | Cand\u00e1s 365","description":"Lewandowski, m\u00e1ximo goleador de la Bundesliga con 35 goles y a solo cinco del r\u00e9cord hist\u00f3rico del \"Bombardero\" Gerd M\u00fcller, estar\u00e1 cuatro semanas de bajaM\u00fanich, 2 abr (dpa) - El t\u00e9cnico del Bayern M\u00fanich, Hansi Flick, no se adelant\u00f3 a mencionar un posible sustituto del lesionado Robert Lewandowski antes del gran duelo contra el Leipzig este s\u00e1bado por la vigesimos\u00e9ptima jornada de la Bundesliga. \"Me dejo abierta la posibilidad de actuar\", dijo el entrenador, que en cambio revel\u00f3 que","canonical_url":"https:\/\/candas365.es\/noticias\/bundesliga-bayern-munich-vs-leipzig\/","robots":"max-image-preview:large","keywords":"deporte","webmasterTools":{"google-site-verification":"UA-32230408-1","msvalidate.01":"354F3CDFB2DA171B47FBE9ABF1F88D5","miscellaneous":""},"schema":{"@context":"https:\/\/schema.org","@graph":[{"@type":"BreadcrumbList","@id":"https:\/\/candas365.es\/noticias\/bundesliga-bayern-munich-vs-leipzig\/#breadcrumblist","itemListElement":[{"@type":"ListItem","@id":"https:\/\/candas365.es\/noticias#listItem","position":1,"name":"Home","item":"https:\/\/candas365.es\/noticias","nextItem":{"@type":"ListItem","@id":"https:\/\/candas365.es\/noticias\/category\/deporte\/#listItem","name":"Deporte"}},{"@type":"ListItem","@id":"https:\/\/candas365.es\/noticias\/category\/deporte\/#listItem","position":2,"name":"Deporte","item":"https:\/\/candas365.es\/noticias\/category\/deporte\/","nextItem":{"@type":"ListItem","@id":"https:\/\/candas365.es\/noticias\/bundesliga-bayern-munich-vs-leipzig\/#listItem","name":"Bundesliga: Bayern M\u00fanich vs Leipzig"},"previousItem":{"@type":"ListItem","@id":"https:\/\/candas365.es\/noticias#listItem","name":"Home"}},{"@type":"ListItem","@id":"https:\/\/candas365.es\/noticias\/bundesliga-bayern-munich-vs-leipzig\/#listItem","position":3,"name":"Bundesliga: Bayern M\u00fanich vs Leipzig","previousItem":{"@type":"ListItem","@id":"https:\/\/candas365.es\/noticias\/category\/deporte\/#listItem","name":"Deporte"}}]},{"@type":"NewsArticle","@id":"https:\/\/candas365.es\/noticias\/bundesliga-bayern-munich-vs-leipzig\/#newsarticle","name":"Bundesliga: Bayern M\u00fanich vs Leipzig | Cand\u00e1s 365","headline":"Bundesliga: Bayern M\u00fanich vs Leipzig","author":{"@id":"https:\/\/candas365.es\/noticias\/author\/admin\/#author"},"publisher":{"@id":"https:\/\/candas365.es\/noticias\/#organization"},"image":{"@type":"ImageObject","url":"https:\/\/candas365.es\/noticias\/wp-content\/uploads\/2021\/04\/Bayern-Munich.jpg","width":1029,"height":668,"caption":"Foto: Sven Hoppe\/dpa"},"datePublished":"2021-04-02T16:24:12+02:00","dateModified":"2021-04-02T16:24:12+02:00","inLanguage":"es-ES","mainEntityOfPage":{"@id":"https:\/\/candas365.es\/noticias\/bundesliga-bayern-munich-vs-leipzig\/#webpage"},"isPartOf":{"@id":"https:\/\/candas365.es\/noticias\/bundesliga-bayern-munich-vs-leipzig\/#webpage"},"articleSection":"Deporte","dateline":"Publicado el abril 2, 2021."},{"@type":"Organization","@id":"https:\/\/candas365.es\/noticias\/#organization","name":"Cand\u00e1s 365","description":"Cand\u00e1s 365 es un diario digital independiente, fundado en 2012, con base en Asturias. Informamos con rigor sobre actualidad, sociedad, cultura y ocio, con una mirada local y global.","url":"https:\/\/candas365.es\/noticias\/","email":"info@candas365.es","telephone":"+34652131393","foundingDate":"2012-06-10","logo":{"@type":"ImageObject","url":"https:\/\/candas365.es\/noticias\/wp-content\/uploads\/2024\/09\/Candas-365-Redes.jpg","@id":"https:\/\/candas365.es\/noticias\/bundesliga-bayern-munich-vs-leipzig\/#organizationLogo","width":1152,"height":864,"caption":"Cand\u00e1s 365 Redes"},"image":{"@id":"https:\/\/candas365.es\/noticias\/bundesliga-bayern-munich-vs-leipzig\/#organizationLogo"},"sameAs":["https:\/\/www.facebook.com\/Nachofdezber","https:\/\/x.com\/NabercoDigital","https:\/\/www.instagram.com\/nachofdezber\/","https:\/\/www.youtube.com\/channel\/UCZP-2wLEB9Rv6erhFmqVnvg"],"address":{"@id":"https:\/\/candas365.es\/noticias\/#postaladdress","@type":"PostalAddress","streetAddress":"san antonio 4, san antonio 4","postalCode":"33430","addressLocality":"Cand\u00e1s","addressRegion":"Asturias","addressCountry":"ES"}},{"@type":"Person","@id":"https:\/\/candas365.es\/noticias\/author\/admin\/#author","url":"https:\/\/candas365.es\/noticias\/author\/admin\/","name":"Cand\u00e1s 365","image":{"@type":"ImageObject","@id":"https:\/\/candas365.es\/noticias\/bundesliga-bayern-munich-vs-leipzig\/#authorImage","url":"https:\/\/secure.gravatar.com\/avatar\/496a8e03d0c493ede1718b7934145dbdf8d89be1036b0eec9544e1094c9de390?s=96&d=mm&r=g","width":96,"height":96,"caption":"Cand\u00e1s 365"},"sameAs":["https:\/\/www.facebook.com\/carrenoactualidad","https:\/\/twitter.com\/nbasturias","https:\/\/www.instagram.com\/nachofdezber\/","https:\/\/www.youtube.com\/channel\/UCZP-2wLEB9Rv6erhFmqVnvg"]},{"@type":"WebPage","@id":"https:\/\/candas365.es\/noticias\/bundesliga-bayern-munich-vs-leipzig\/#webpage","url":"https:\/\/candas365.es\/noticias\/bundesliga-bayern-munich-vs-leipzig\/","name":"Bundesliga: Bayern M\u00fanich vs Leipzig | Cand\u00e1s 365","description":"Lewandowski, m\u00e1ximo goleador de la Bundesliga con 35 goles y a solo cinco del r\u00e9cord hist\u00f3rico del \"Bombardero\" Gerd M\u00fcller, estar\u00e1 cuatro semanas de bajaM\u00fanich, 2 abr (dpa) - El t\u00e9cnico del Bayern M\u00fanich, Hansi Flick, no se adelant\u00f3 a mencionar un posible sustituto del lesionado Robert Lewandowski antes del gran duelo contra el Leipzig este s\u00e1bado por la vigesimos\u00e9ptima jornada de la Bundesliga. \"Me dejo abierta la posibilidad de actuar\", dijo el entrenador, que en cambio revel\u00f3 que","inLanguage":"es-ES","isPartOf":{"@id":"https:\/\/candas365.es\/noticias\/#website"},"breadcrumb":{"@id":"https:\/\/candas365.es\/noticias\/bundesliga-bayern-munich-vs-leipzig\/#breadcrumblist"},"author":{"@id":"https:\/\/candas365.es\/noticias\/author\/admin\/#author"},"creator":{"@id":"https:\/\/candas365.es\/noticias\/author\/admin\/#author"},"image":{"@type":"ImageObject","url":"https:\/\/candas365.es\/noticias\/wp-content\/uploads\/2021\/04\/Bayern-Munich.jpg","@id":"https:\/\/candas365.es\/noticias\/bundesliga-bayern-munich-vs-leipzig\/#mainImage","width":1029,"height":668,"caption":"Foto: Sven Hoppe\/dpa"},"primaryImageOfPage":{"@id":"https:\/\/candas365.es\/noticias\/bundesliga-bayern-munich-vs-leipzig\/#mainImage"},"datePublished":"2021-04-02T16:24:12+02:00","dateModified":"2021-04-02T16:24:12+02:00"},{"@type":"WebSite","@id":"https:\/\/candas365.es\/noticias\/#website","url":"https:\/\/candas365.es\/noticias\/","name":"Cand\u00e1s 365","alternateName":"Cand\u00e1s 365 Noticias","description":"Actualidad desde Carre\u00f1o para el mundo","inLanguage":"es-ES","publisher":{"@id":"https:\/\/candas365.es\/noticias\/#organization"}}]},"og:locale":"es_ES","og:site_name":"Cand\u00e1s 365","og:type":"article","og:title":"Bundesliga: Bayern M\u00fanich vs Leipzig | Cand\u00e1s 365","og:description":"Lewandowski, m\u00e1ximo goleador de la Bundesliga con 35 goles y a solo cinco del r\u00e9cord hist\u00f3rico del &quot;Bombardero&quot; Gerd M\u00fcller, estar\u00e1 cuatro semanas de bajaM\u00fanich, 2 abr (dpa) - El t\u00e9cnico del Bayern M\u00fanich, Hansi Flick, no se adelant\u00f3 a mencionar un posible sustituto del lesionado Robert Lewandowski antes del gran duelo contra el Leipzig este s\u00e1bado por la vigesimos\u00e9ptima jornada de la Bundesliga. &quot;Me dejo abierta la posibilidad de actuar&quot;, dijo el entrenador, que en cambio revel\u00f3 que","og:url":"https:\/\/candas365.es\/noticias\/bundesliga-bayern-munich-vs-leipzig\/","og:image":"https:\/\/candas365.es\/noticias\/wp-content\/uploads\/2021\/04\/Bayern-Munich.jpg","og:image:secure_url":"https:\/\/candas365.es\/noticias\/wp-content\/uploads\/2021\/04\/Bayern-Munich.jpg","og:image:width":1029,"og:image:height":668,"article:published_time":"2021-04-02T16:24:12+00:00","article:modified_time":"2021-04-02T16:24:12+00:00","article:publisher":"https:\/\/www.facebook.com\/Nachofdezber","article:author":"https:\/\/www.facebook.com\/carrenoactualidad","twitter:card":"summary_large_image","twitter:site":"@NabercoDigital","twitter:title":"Bundesliga: Bayern M\u00fanich vs Leipzig | Cand\u00e1s 365","twitter:description":"Lewandowski, m\u00e1ximo goleador de la Bundesliga con 35 goles y a solo cinco del r\u00e9cord hist\u00f3rico del &quot;Bombardero&quot; Gerd M\u00fcller, estar\u00e1 cuatro semanas de bajaM\u00fanich, 2 abr (dpa) - El t\u00e9cnico del Bayern M\u00fanich, Hansi Flick, no se adelant\u00f3 a mencionar un posible sustituto del lesionado Robert Lewandowski antes del gran duelo contra el Leipzig este s\u00e1bado por la vigesimos\u00e9ptima jornada de la Bundesliga. &quot;Me dejo abierta la posibilidad de actuar&quot;, dijo el entrenador, que en cambio revel\u00f3 que","twitter:creator":"@nbasturias","twitter:image":"https:\/\/candas365.es\/noticias\/wp-content\/uploads\/2021\/04\/Bayern-Munich.jpg","twitter:label1":"Escrito por","twitter:data1":"Cand\u00e1s 365","twitter:label2":"Tiempo de lectura estimado","twitter:data2":"2 minutos"},"aioseo_meta_data":{"post_id":"153029","title":null,"description":"Lewandowski, m\u00e1ximo goleador de la Bundesliga con 35 goles y a solo cinco del r\u00e9cord hist\u00f3rico del \"Bombardero\" Gerd M\u00fcller, estar\u00e1 cuatro semanas de baja#post_excerpt","keywords":[],"keyphrases":{"focus":[],"additional":[]},"primary_term":null,"canonical_url":null,"og_title":null,"og_description":null,"og_object_type":"default","og_image_type":"default","og_image_url":null,"og_image_width":null,"og_image_height":null,"og_image_custom_url":null,"og_image_custom_fields":null,"og_video":"","og_custom_url":null,"og_article_section":null,"og_article_tags":[],"twitter_use_og":false,"twitter_card":"default","twitter_image_type":"default","twitter_image_url":null,"twitter_image_custom_url":null,"twitter_image_custom_fields":null,"twitter_title":null,"twitter_description":null,"schema":{"blockGraphs":[],"customGraphs":[],"default":{"data":{"Article":[],"Course":[],"Dataset":[],"FAQPage":[],"Movie":[],"Person":[],"Product":[],"ProductReview":[],"Car":[],"Recipe":[],"Service":[],"SoftwareApplication":[],"WebPage":[]},"graphName":"","isEnabled":true},"graphs":[],"defaultGraph":"Article","defaultPostTypeGraph":""},"schema_type":"default","schema_type_options":"{\"article\":{\"articleType\":\"BlogPosting\"},\"course\":{\"name\":\"\",\"description\":\"\",\"provider\":\"\"},\"faq\":{\"pages\":[]},\"product\":{\"reviews\":[]},\"recipe\":{\"ingredients\":[],\"instructions\":[],\"keywords\":[]},\"software\":{\"reviews\":[],\"operatingSystems\":[]},\"webPage\":{\"webPageType\":\"WebPage\"}}","pillar_content":false,"robots_default":true,"robots_noindex":false,"robots_noarchive":false,"robots_nosnippet":false,"robots_nofollow":false,"robots_noimageindex":false,"robots_noodp":false,"robots_notranslate":false,"robots_max_snippet":"-1","robots_max_videopreview":"-1","robots_max_imagepreview":"large","priority":null,"frequency":"default","location":null,"local_seo":{"businessInfo":{"name":"","urls":{"website":"","aboutPage":"","contactPage":""},"address":{"line1":"","line2":"","zip":"","city":"","state":"","country":""},"contact":{"email":"","phone":"","fax":""},"ids":{"vatID":"","taxID":"","chamberID":""},"payment":{"priceIndication":"","currenciesAccepted":"","methodsAccepted":""},"areaServed":""},"openingHours":{"show":false,"closedLabel":"","open24h":false,"open24hLabel":"","open247":false,"use24hFormat":false,"twoSets":false,"timezone":"","hours":[]}},"seo_analyzer_scan_date":"2025-08-31 19:20:01","breadcrumb_settings":null,"limit_modified_date":false,"reviewed_by":null,"open_ai":null,"ai":null,"created":"2021-04-02 16:20:28","updated":"2025-08-31 19:20:01"},"aioseo_breadcrumb":"<div class=\"aioseo-breadcrumbs\"><span class=\"aioseo-breadcrumb\">\n\t<a href=\"https:\/\/candas365.es\/noticias\" title=\"Home\">Home<\/a>\n<\/span><span class=\"aioseo-breadcrumb-separator\">&ndash;<\/span><span class=\"aioseo-breadcrumb\">\n\t<a href=\"https:\/\/candas365.es\/noticias\/category\/deporte\/\" title=\"Deporte\">Deporte<\/a>\n<\/span><span class=\"aioseo-breadcrumb-separator\">&ndash;<\/span><span class=\"aioseo-breadcrumb\">\n\tBundesliga: Bayern M\u00fanich vs Leipzig\n<\/span><\/div>","aioseo_breadcrumb_json":[{"label":"Home","link":"https:\/\/candas365.es\/noticias"},{"label":"Deporte","link":"https:\/\/candas365.es\/noticias\/category\/deporte\/"},{"label":"Bundesliga: Bayern M\u00fanich vs Leipzig","link":"https:\/\/candas365.es\/noticias\/bundesliga-bayern-munich-vs-leipzig\/"}],"_links":{"self":[{"href":"https:\/\/candas365.es\/noticias\/wp-json\/wp\/v2\/posts\/153029","targetHints":{"allow":["GET"]}}],"collection":[{"href":"https:\/\/candas365.es\/noticias\/wp-json\/wp\/v2\/posts"}],"about":[{"href":"https:\/\/candas365.es\/noticias\/wp-json\/wp\/v2\/types\/post"}],"author":[{"embeddable":true,"href":"https:\/\/candas365.es\/noticias\/wp-json\/wp\/v2\/users\/1"}],"replies":[{"embeddable":true,"href":"https:\/\/candas365.es\/noticias\/wp-json\/wp\/v2\/comments?post=153029"}],"version-history":[{"count":0,"href":"https:\/\/candas365.es\/noticias\/wp-json\/wp\/v2\/posts\/153029\/revisions"}],"wp:featuredmedia":[{"embeddable":true,"href":"https:\/\/candas365.es\/noticias\/wp-json\/wp\/v2\/media\/153030"}],"wp:attachment":[{"href":"https:\/\/candas365.es\/noticias\/wp-json\/wp\/v2\/media?parent=153029"}],"wp:term":[{"taxonomy":"category","embeddable":true,"href":"https:\/\/candas365.es\/noticias\/wp-json\/wp\/v2\/categories?post=153029"},{"taxonomy":"post_tag","embeddable":true,"href":"https:\/\/candas365.es\/noticias\/wp-json\/wp\/v2\/tags?post=153029"}],"curies":[{"name":"wp","href":"https:\/\/api.w.org\/{rel}","templated":true}]}}