{"id":152907,"date":"2021-03-30T14:51:50","date_gmt":"2021-03-30T14:51:50","guid":{"rendered":"http:\/\/candas365.es\/noticias\/?p=152907"},"modified":"2021-03-30T14:51:50","modified_gmt":"2021-03-30T14:51:50","slug":"tomas-elias-gonzalez-benitez-covid-19-y-futbol-en-america-latina-renace-la-liga-femenina","status":"publish","type":"post","link":"https:\/\/candas365.es\/noticias\/tomas-elias-gonzalez-benitez-covid-19-y-futbol-en-america-latina-renace-la-liga-femenina\/","title":{"rendered":"Tom\u00e1s El\u00edas Gonz\u00e1lez Ben\u00edtez: COVID-19 y f\u00fatbol, en Am\u00e9rica Latina renace la liga femenina"},"content":{"rendered":"<p><b>VENEZUELA <\/b><span style=\"font-weight: 400;\">&#8211; Los <\/span><b>efectos <\/b><span style=\"font-weight: 400;\">del<\/span><b> COVID-19<\/b><span style=\"font-weight: 400;\"> \u00a0fueron a\u00fan m\u00e1s claros, cuando nos dimos cuenta de su alcance global. De hecho, la pandemia ha provocado trastornos econ\u00f3micos y sociales a escala mundial. Los efectos negativos de la crisis se han manifestado en todos los \u00e1mbitos. El sector del <\/span><b>f\u00fatbol profesional<\/b><span style=\"font-weight: 400;\">, con una p\u00e9rdida de <\/span><b>11 mil millones <\/b><span style=\"font-weight: 400;\">de d\u00f3lares, no fue una excepci\u00f3n.<\/span><\/p>\n<p><img fetchpriority=\"high\" decoding=\"async\" class=\"aligncenter wp-image-152908 size-large\" src=\"https:\/\/candas365.es\/noticias\/wp-content\/uploads\/2021\/03\/Futbol-y-Covid-650x435.jpg\" alt=\"\" width=\"640\" height=\"428\" srcset=\"https:\/\/candas365.es\/noticias\/wp-content\/uploads\/2021\/03\/Futbol-y-Covid-650x435.jpg 650w, https:\/\/candas365.es\/noticias\/wp-content\/uploads\/2021\/03\/Futbol-y-Covid-360x241.jpg 360w, https:\/\/candas365.es\/noticias\/wp-content\/uploads\/2021\/03\/Futbol-y-Covid.jpg 692w\" sizes=\"(max-width: 640px) 100vw, 640px\" \/><\/p>\n<h2><b>La situaci\u00f3n en Europa<\/b><\/h2>\n<p><span style=\"font-weight: 400;\">El informe redactado por el periodista deportivo <\/span><span style=\"color: #ff6600;\"><strong><a style=\"color: #ff6600;\" href=\"https:\/\/tomaseliasgonzalezbenitezvenezuela.com\/bio\/\" target=\"_blank\" rel=\"nofollow noopener\">Tom\u00e1s El\u00edas Gonz\u00e1lez Ben\u00edtez<\/a><\/strong><\/span><span style=\"font-weight: 400;\"> analiz\u00f3 la situaci\u00f3n de <\/span><b>32 equipos europeos<\/b><span style=\"font-weight: 400;\">, centr\u00e1ndose en los campeones nacionales en la temporada 2019\/2020 de las 6 grandes ligas europeas: <\/span><b>Juventus <\/b><span style=\"font-weight: 400;\">(Italia),<\/span><b> Paris Saint-Germain<\/b><span style=\"font-weight: 400;\"> (Fran\u00e7a), <\/span><b>Porto <\/b><span style=\"font-weight: 400;\">(Portugal), <\/span><b>Bayern M\u00fcnchen<\/b><span style=\"font-weight: 400;\"> (Alemania), <\/span><b>Liverpool <\/b><span style=\"font-weight: 400;\">(Inglaterra) y <\/span><b>Real Madrid<\/b><span style=\"font-weight: 400;\"> (Espa\u00f1a). A continuaci\u00f3n, algunos de los datos m\u00e1s significativos: el art\u00edculo completo al sitio de Tom\u00e1s El\u00edas Gonz\u00e1lez Ben\u00edtez.<\/span><\/p>\n<p><span style=\"font-weight: 400;\">A diferencia del a\u00f1o anterior, cuando todos los equipos reportaron un <\/span><b>beneficio <\/b><span style=\"font-weight: 400;\">positivo a excepci\u00f3n de la Juventus, este a\u00f1o las cifras fueron diferentes:<\/span><\/p>\n<ul>\n<li style=\"font-weight: 400;\" aria-level=\"1\"><span style=\"font-weight: 400;\">El<\/span><b> FC Bayern M\u00fcnchen<\/b><span style=\"font-weight: 400;\"> y el <\/span><b>Real Madrid CF<\/b><span style=\"font-weight: 400;\"> son los \u00fanicos equipos que registran ganancias modestas, <\/span><b>5,9 millones<\/b><span style=\"font-weight: 400;\"> y <\/span><b>0,3 millones<\/b><span style=\"font-weight: 400;\"> respectivamente;<\/span><\/li>\n<li style=\"font-weight: 400;\" aria-level=\"1\"><span style=\"font-weight: 400;\">La mayor p\u00e9rdida la registr\u00f3 el <\/span><b>PSG<\/b><span style=\"font-weight: 400;\">, <\/span><b>-125,8 millones<\/b><span style=\"font-weight: 400;\">, debido a la interrupci\u00f3n del campeonato franc\u00e9s (el \u00fanico que fue interrumpido y no aplazado).<\/span><\/li>\n<\/ul>\n<p><span style=\"font-weight: 400;\">Los <\/span><b>ingresos de televisi\u00f3n<\/b><span style=\"font-weight: 400;\"> tambi\u00e9n disminuyeron para todos, registrando una reducci\u00f3n de 937 millones de euros (<\/span><b>-23%<\/b><span style=\"font-weight: 400;\">). Sin embargo, esta cifra tambi\u00e9n est\u00e1 relacionada con los resultados obtenidos en la UEFA Champions League:<\/span><\/p>\n<ul>\n<li style=\"font-weight: 400;\" aria-level=\"1\"><span style=\"font-weight: 400;\">Los finalistas <\/span><b>Bayern M\u00fcnchen<\/b><span style=\"font-weight: 400;\"> y <\/span><b>Par\u00eds Saint-Germain<\/b><span style=\"font-weight: 400;\"> vieron solo una <\/span><b>disminuci\u00f3n del 4%<\/b><span style=\"font-weight: 400;\"> en los ingresos por televisi\u00f3n;<\/span><\/li>\n<li style=\"font-weight: 400;\" aria-level=\"1\"><b>Real Madrid CF<\/b><span style=\"font-weight: 400;\">, <\/span><b>FC Juventus<\/b><span style=\"font-weight: 400;\"> y <\/span><b>Liverpool FC<\/b><span style=\"font-weight: 400;\">, todos eliminados en octavos de final, cayeron un <\/span><b>12%<\/b><span style=\"font-weight: 400;\">,<\/span><b> 19% <\/b><span style=\"font-weight: 400;\">y <\/span><b>22%<\/b><span style=\"font-weight: 400;\"> respectivamente;<\/span><\/li>\n<li style=\"font-weight: 400;\" aria-level=\"1\"><span style=\"font-weight: 400;\">La ca\u00edda del <\/span><b>63%<\/b><span style=\"font-weight: 400;\"> registrada por el <\/span><b>FC Porto <\/b><span style=\"font-weight: 400;\">se debe, sin embargo, a la eliminaci\u00f3n anticipada de la competici\u00f3n.<\/span><\/li>\n<\/ul>\n<p><span style=\"font-weight: 400;\">La <\/span><b>publicidad <\/b><span style=\"font-weight: 400;\">se ha convertido en el flujo de ingresos que ha asegurado los <\/span><b>mayores ingresos<\/b><span style=\"font-weight: 400;\"> en cinco de los seis clubes encuestados, mientras que las cifras de ingresos obtenidas de las<\/span><b> actividades comerciales<\/b><span style=\"font-weight: 400;\"> son m\u00e1s variadas:<\/span><\/p>\n<ul>\n<li style=\"font-weight: 400;\" aria-level=\"1\"><b>Liverpool FC<\/b><span style=\"font-weight: 400;\">, <\/span><b>FC Bayern M\u00fcnchen<\/b><span style=\"font-weight: 400;\"> y <\/span><b>Real Madrid CF<\/b><span style=\"font-weight: 400;\"> han incrementado sus ingresos en un <\/span><b>14%<\/b><span style=\"font-weight: 400;\">, <\/span><b>4% <\/b><span style=\"font-weight: 400;\">y <\/span><b>2%<\/b><span style=\"font-weight: 400;\"> respectivamente;<\/span><\/li>\n<li style=\"font-weight: 400;\" aria-level=\"1\"><span style=\"font-weight: 400;\">La <\/span><b>Juventus FC<\/b><span style=\"font-weight: 400;\"> se mantuvo estable;<\/span><\/li>\n<li style=\"font-weight: 400;\" aria-level=\"1\"><b>FC Porto<\/b><span style=\"font-weight: 400;\"> y <\/span><b>PSG <\/b><span style=\"font-weight: 400;\">registraron una <\/span><b>ca\u00edda del 18%<\/b><span style=\"font-weight: 400;\">.<\/span><\/li>\n<\/ul>\n<p><span style=\"font-weight: 400;\">Con muchos partidos cancelados y estadios vac\u00edos, los<\/span><b> ingresos del d\u00eda <\/b><span style=\"font-weight: 400;\">cayeron dr\u00e1sticamente, un <\/span><b>-17% <\/b><span style=\"font-weight: 400;\">(257 millones de euros):<\/span><\/p>\n<ul>\n<li style=\"font-weight: 400;\" aria-level=\"1\"><span style=\"font-weight: 400;\">El <\/span><b>Real Madrid <\/b><span style=\"font-weight: 400;\">es el que m\u00e1s pierde en t\u00e9rminos absolutos, <\/span><b>-34,9 millones<\/b><span style=\"font-weight: 400;\"> de euros, un 22% menos en t\u00e9rminos anuales;<\/span><\/li>\n<li style=\"font-weight: 400;\" aria-level=\"1\"><span style=\"font-weight: 400;\">Mientras que el descenso de 4,2 millones de euros del <\/span><b>Porto <\/b><span style=\"font-weight: 400;\">represent\u00f3 la mayor ca\u00edda porcentual anual (<\/span><b>-34%<\/b><span style=\"font-weight: 400;\">).<\/span><\/li>\n<\/ul>\n<p><span style=\"font-weight: 400;\">Aunque varios clubes han podido reducir los salarios de los jugadores, no todos han podido reducir los <\/span><b>costos operativos<\/b><span style=\"font-weight: 400;\">.<\/span><\/p>\n<ul>\n<li style=\"font-weight: 400;\" aria-level=\"1\"><b>FC Bayern M\u00fcnchen<\/b><span style=\"font-weight: 400;\"> y <\/span><b>Juventus FC<\/b><span style=\"font-weight: 400;\"> lograron reducir los costos de personal (en un <\/span><b>6% <\/b><span style=\"font-weight: 400;\">y <\/span><b>13%<\/b><span style=\"font-weight: 400;\"> respectivamente) al reducir el salario del personal de juego;<\/span><\/li>\n<li style=\"font-weight: 400;\" aria-level=\"1\"><span style=\"font-weight: 400;\">Por el contrario, los gastos de personal del <\/span><b>Real Madrid CF aumentaron un 4%<\/b><span style=\"font-weight: 400;\">, a pesar de que los jugadores redujeron temporalmente sus salarios en un 10%;<\/span><\/li>\n<li style=\"font-weight: 400;\" aria-level=\"1\"><span style=\"font-weight: 400;\">El <\/span><b>PSG <\/b><span style=\"font-weight: 400;\">registr\u00f3 un aumento (<\/span><b>+10%<\/b><span style=\"font-weight: 400;\">) en los costos de personal.<\/span><\/li>\n<\/ul>\n<p><span style=\"font-weight: 400;\">El \u00faltimo dato interesante se refiere al <\/span><b>valor del mercado de los jugadores<\/b><span style=\"font-weight: 400;\">:<\/span><\/p>\n<ul>\n<li style=\"font-weight: 400;\" aria-level=\"1\"><span style=\"font-weight: 400;\">Entre febrero de 2020 y enero de 2021, este <\/span><b>cay\u00f3 un 9,6% <\/b><span style=\"font-weight: 400;\">para los 500 jugadores m\u00e1s valiosos;<\/span><\/li>\n<li style=\"font-weight: 400;\" aria-level=\"1\"><span style=\"font-weight: 400;\">Durante el mercado de verano, las <\/span><b>transacciones disminuyeron un 43%<\/b><span style=\"font-weight: 400;\"> en comparaci\u00f3n con 2019 en las 5 principales ligas europeas (3.300 millones de euros contra 5.8 en 2019);<\/span><\/li>\n<li style=\"font-weight: 400;\" aria-level=\"1\"><span style=\"font-weight: 400;\">El porcentaje de <\/span><b>jugadores transferidos de forma gratuita<\/b><span style=\"font-weight: 400;\"> aument\u00f3 del 26,2% al <\/span><b>32,3%<\/b><span style=\"font-weight: 400;\">.<\/span><\/li>\n<\/ul>\n<h2><b>Hacia la resoluci\u00f3n del problema<\/b><\/h2>\n<p><span style=\"font-weight: 400;\">Como ya hemos visto, los gobiernos de todo el mundo han respondido a la pandemia de diferentes maneras y a diferentes ritmos. M\u00e1s de <\/span><b>150 asociaciones de f\u00fatbol <\/b><span style=\"font-weight: 400;\">ya han solicitado el fondo de ayuda de emergencia de <\/span><b>1.500 millones de d\u00f3lares <\/b><span style=\"font-weight: 400;\">establecido por la <\/span><b>FIFA<\/b><span style=\"font-weight: 400;\">. Por lo tanto, como declar\u00f3 <\/span><b>Olli Rehn<\/b><span style=\"font-weight: 400;\">, presidente del comit\u00e9 directivo del coronavirus de la FIFA, este fondo de ayuda Covid-19, no est\u00e1 sujeto a l\u00edmites de tiempo y afecta a todas las confederaciones. De hecho, mientras que Europa ha sido la m\u00e1s afectada en t\u00e9rminos de costes absolutos, las asociaciones no europeas son las que m\u00e1s han sufrido, debido a la reducci\u00f3n de medios.<\/span><\/p>\n<p><span style=\"font-weight: 400;\">A continuaci\u00f3n, se muestran algunos <\/span><b>ejemplos <\/b><span style=\"font-weight: 400;\">de c\u00f3mo ya se ha utilizado el fondo:<\/span><\/p>\n<ul>\n<li style=\"font-weight: 400;\" aria-level=\"1\"><span style=\"font-weight: 400;\">En <\/span><b>Tailandia<\/b><span style=\"font-weight: 400;\">, sirvi\u00f3 para reiniciar el campeonato nacional con la compra de pruebas para el coronavirus y la expansi\u00f3n de la tecnolog\u00eda VAR;<\/span><\/li>\n<li style=\"font-weight: 400;\" aria-level=\"1\"><b>M\u00e9xico <\/b><span style=\"font-weight: 400;\">us\u00f3 todos los <\/span><b>1.5 millones<\/b><span style=\"font-weight: 400;\"> de d\u00f3lares para la <\/span><b>liga nacional femenina<\/b><span style=\"font-weight: 400;\">;<\/span><\/li>\n<li style=\"font-weight: 400;\" aria-level=\"1\"><span style=\"font-weight: 400;\">En <\/span><b>Brasil<\/b><span style=\"font-weight: 400;\">, los fondos se est\u00e1n utilizando para avanzar en las <\/span><b>pruebas <\/b><span style=\"font-weight: 400;\">en la competencia <\/span><b>femenina<\/b><span style=\"font-weight: 400;\">;<\/span><\/li>\n<li style=\"font-weight: 400;\" aria-level=\"1\"><span style=\"font-weight: 400;\">En <\/span><b>Uruguay<\/b><span style=\"font-weight: 400;\">, gracias a este fondo, la federaci\u00f3n pudo <\/span><b>recuperar al personal<\/b><span style=\"font-weight: 400;\"> que hab\u00eda sido obligado a ser despedido.<\/span><\/li>\n<\/ul>\n<h2><b>Conclusi\u00f3n<\/b><\/h2>\n<p><span style=\"font-weight: 400;\">Si bien las temporadas anteriores hab\u00edan mostrado un crecimiento constante para la mayor\u00eda de los mejores equipos de la liga, la temporada 2019-2020 marc\u00f3 un notable descenso. De hecho, la <\/span><b>pandemia <\/b><span style=\"font-weight: 400;\">ha mostrado las <\/span><b>debilidades <\/b><span style=\"font-weight: 400;\">de un sistema ampliamente criticado. Una crisis casi siempre ofrece la oportunidad de resaltar las principales deficiencias del modelo de negocio y tambi\u00e9n de orientar la innovaci\u00f3n y la evoluci\u00f3n. Todo lo que queda es ver c\u00f3mo reaccionar\u00e1 la<\/span><b> industria del f\u00fatbol<\/b><span style=\"font-weight: 400;\"> ante tal crisis.<\/span><\/p>\n<p><span style=\"font-weight: 400;\">Soy Tomas Elias Gonzalez Benitez, un periodista apasionado por los deportes y sobre todo por el f\u00fatbol mundial. Desde Venezuela, con m\u00e1s de 20 a\u00f1os de experiencia en el mundo de los negocios deportivos y creador de \u201cMarketing Sport\u201d, el blog deportivo m\u00e1s le\u00eddo en 2020 y el primer ejemplo del compromiso editorial de un peri\u00f3dico venezolano en el mercado de informaci\u00f3n period\u00edstica aplicado a la econom\u00eda deportiva. Realizando mi misi\u00f3n de informar a miles de personas de todo el mundo y compartiendo el amor por el deporte. Mi principal objetivo es impulsar a los j\u00f3venes a desarrollar el inter\u00e9s por los deportes, tanto para practicarlos como para estudiarlos con fines period\u00edsticos.<\/span><\/p>\n<p>&nbsp;<\/p>\n","protected":false},"excerpt":{"rendered":"<p>Un an\u00e1lisis de las consecuencias que ha producido la pandemia en el sector deportivo m\u00e1s importante del mundo<\/p>\n","protected":false},"author":1,"featured_media":152908,"comment_status":"closed","ping_status":"closed","sticky":false,"template":"","format":"standard","meta":{"footnotes":""},"categories":[319],"tags":[],"class_list":{"0":"post-152907","1":"post","2":"type-post","3":"status-publish","4":"format-standard","5":"has-post-thumbnail","7":"category-deporte"},"aioseo_notices":[],"aioseo_head":"\n\t\t<!-- All in One SEO Pro 4.9.6.2 - aioseo.com -->\n\t<meta name=\"description\" content=\"El informe redactado por el periodista deportivo Tom\u00e1s El\u00edas Gonz\u00e1lez Ben\u00edtez analiz\u00f3 la situaci\u00f3n de 32 equipos europeos\" \/>\n\t<meta name=\"robots\" content=\"max-image-preview:large\" \/>\n\t<meta name=\"author\" content=\"Cand\u00e1s 365\"\/>\n\t<meta name=\"google-site-verification\" content=\"UA-32230408-1\" \/>\n\t<meta name=\"msvalidate.01\" content=\"354F3CDFB2DA171B47FBE9ABF1F88D5\" \/>\n\t<meta name=\"keywords\" content=\"deporte\" \/>\n\t<link rel=\"canonical\" href=\"https:\/\/candas365.es\/noticias\/tomas-elias-gonzalez-benitez-covid-19-y-futbol-en-america-latina-renace-la-liga-femenina\/\" \/>\n\t<meta name=\"generator\" content=\"All in One SEO Pro (AIOSEO) 4.9.6.2\" \/>\n\t\t<meta property=\"og:locale\" content=\"es_ES\" \/>\n\t\t<meta property=\"og:site_name\" content=\"Cand\u00e1s 365\" \/>\n\t\t<meta property=\"og:type\" content=\"article\" \/>\n\t\t<meta property=\"og:title\" content=\"Tom\u00e1s El\u00edas Gonz\u00e1lez Ben\u00edtez: COVID-19 y f\u00fatbol, en Am\u00e9rica Latina renace la liga femenina | Cand\u00e1s 365\" \/>\n\t\t<meta property=\"og:description\" content=\"El informe redactado por el periodista deportivo Tom\u00e1s El\u00edas Gonz\u00e1lez Ben\u00edtez analiz\u00f3 la situaci\u00f3n de 32 equipos europeos\" \/>\n\t\t<meta property=\"og:url\" content=\"https:\/\/candas365.es\/noticias\/tomas-elias-gonzalez-benitez-covid-19-y-futbol-en-america-latina-renace-la-liga-femenina\/\" \/>\n\t\t<meta property=\"og:image\" content=\"https:\/\/candas365.es\/noticias\/wp-content\/uploads\/2021\/03\/Futbol-y-Covid.jpg\" \/>\n\t\t<meta property=\"og:image:secure_url\" content=\"https:\/\/candas365.es\/noticias\/wp-content\/uploads\/2021\/03\/Futbol-y-Covid.jpg\" \/>\n\t\t<meta property=\"og:image:width\" content=\"692\" \/>\n\t\t<meta property=\"og:image:height\" content=\"463\" \/>\n\t\t<meta property=\"article:published_time\" content=\"2021-03-30T14:51:50+00:00\" \/>\n\t\t<meta property=\"article:modified_time\" content=\"2021-03-30T14:51:50+00:00\" \/>\n\t\t<meta property=\"article:publisher\" content=\"https:\/\/www.facebook.com\/Nachofdezber\" \/>\n\t\t<meta property=\"article:author\" content=\"https:\/\/www.facebook.com\/carrenoactualidad\" \/>\n\t\t<meta name=\"twitter:card\" content=\"summary_large_image\" \/>\n\t\t<meta name=\"twitter:site\" content=\"@NabercoDigital\" \/>\n\t\t<meta name=\"twitter:title\" content=\"Tom\u00e1s El\u00edas Gonz\u00e1lez Ben\u00edtez: COVID-19 y f\u00fatbol, en Am\u00e9rica Latina renace la liga femenina | Cand\u00e1s 365\" \/>\n\t\t<meta name=\"twitter:description\" content=\"El informe redactado por el periodista deportivo Tom\u00e1s El\u00edas Gonz\u00e1lez Ben\u00edtez analiz\u00f3 la situaci\u00f3n de 32 equipos europeos\" \/>\n\t\t<meta name=\"twitter:creator\" content=\"@nbasturias\" \/>\n\t\t<meta name=\"twitter:image\" content=\"https:\/\/candas365.es\/noticias\/wp-content\/uploads\/2021\/03\/Futbol-y-Covid.jpg\" \/>\n\t\t<meta name=\"twitter:label1\" content=\"Escrito por\" \/>\n\t\t<meta name=\"twitter:data1\" content=\"Cand\u00e1s 365\" \/>\n\t\t<meta name=\"twitter:label2\" content=\"Tiempo de lectura estimado\" \/>\n\t\t<meta name=\"twitter:data2\" content=\"5 minutos\" \/>\n\t\t<script type=\"application\/ld+json\" class=\"aioseo-schema\">\n\t\t\t{\"@context\":\"https:\\\/\\\/schema.org\",\"@graph\":[{\"@type\":\"BreadcrumbList\",\"@id\":\"https:\\\/\\\/candas365.es\\\/noticias\\\/tomas-elias-gonzalez-benitez-covid-19-y-futbol-en-america-latina-renace-la-liga-femenina\\\/#breadcrumblist\",\"itemListElement\":[{\"@type\":\"ListItem\",\"@id\":\"https:\\\/\\\/candas365.es\\\/noticias#listItem\",\"position\":1,\"name\":\"Home\",\"item\":\"https:\\\/\\\/candas365.es\\\/noticias\",\"nextItem\":{\"@type\":\"ListItem\",\"@id\":\"https:\\\/\\\/candas365.es\\\/noticias\\\/category\\\/deporte\\\/#listItem\",\"name\":\"Deporte\"}},{\"@type\":\"ListItem\",\"@id\":\"https:\\\/\\\/candas365.es\\\/noticias\\\/category\\\/deporte\\\/#listItem\",\"position\":2,\"name\":\"Deporte\",\"item\":\"https:\\\/\\\/candas365.es\\\/noticias\\\/category\\\/deporte\\\/\",\"nextItem\":{\"@type\":\"ListItem\",\"@id\":\"https:\\\/\\\/candas365.es\\\/noticias\\\/tomas-elias-gonzalez-benitez-covid-19-y-futbol-en-america-latina-renace-la-liga-femenina\\\/#listItem\",\"name\":\"Tom\\u00e1s El\\u00edas Gonz\\u00e1lez Ben\\u00edtez: COVID-19 y f\\u00fatbol, en Am\\u00e9rica Latina renace la liga femenina\"},\"previousItem\":{\"@type\":\"ListItem\",\"@id\":\"https:\\\/\\\/candas365.es\\\/noticias#listItem\",\"name\":\"Home\"}},{\"@type\":\"ListItem\",\"@id\":\"https:\\\/\\\/candas365.es\\\/noticias\\\/tomas-elias-gonzalez-benitez-covid-19-y-futbol-en-america-latina-renace-la-liga-femenina\\\/#listItem\",\"position\":3,\"name\":\"Tom\\u00e1s El\\u00edas Gonz\\u00e1lez Ben\\u00edtez: COVID-19 y f\\u00fatbol, en Am\\u00e9rica Latina renace la liga femenina\",\"previousItem\":{\"@type\":\"ListItem\",\"@id\":\"https:\\\/\\\/candas365.es\\\/noticias\\\/category\\\/deporte\\\/#listItem\",\"name\":\"Deporte\"}}]},{\"@type\":\"NewsArticle\",\"@id\":\"https:\\\/\\\/candas365.es\\\/noticias\\\/tomas-elias-gonzalez-benitez-covid-19-y-futbol-en-america-latina-renace-la-liga-femenina\\\/#newsarticle\",\"name\":\"Tom\\u00e1s El\\u00edas Gonz\\u00e1lez Ben\\u00edtez: COVID-19 y f\\u00fatbol, en Am\\u00e9rica Latina renace la liga femenina | Cand\\u00e1s 365\",\"headline\":\"Tom\\u00e1s El\\u00edas Gonz\\u00e1lez Ben\\u00edtez: COVID-19 y f\\u00fatbol, en Am\\u00e9rica Latina renace la liga femenina\",\"author\":{\"@id\":\"https:\\\/\\\/candas365.es\\\/noticias\\\/author\\\/admin\\\/#author\"},\"publisher\":{\"@id\":\"https:\\\/\\\/candas365.es\\\/noticias\\\/#organization\"},\"image\":{\"@type\":\"ImageObject\",\"url\":\"https:\\\/\\\/candas365.es\\\/noticias\\\/wp-content\\\/uploads\\\/2021\\\/03\\\/Futbol-y-Covid.jpg\",\"width\":692,\"height\":463},\"datePublished\":\"2021-03-30T14:51:50+02:00\",\"dateModified\":\"2021-03-30T14:51:50+02:00\",\"inLanguage\":\"es-ES\",\"mainEntityOfPage\":{\"@id\":\"https:\\\/\\\/candas365.es\\\/noticias\\\/tomas-elias-gonzalez-benitez-covid-19-y-futbol-en-america-latina-renace-la-liga-femenina\\\/#webpage\"},\"isPartOf\":{\"@id\":\"https:\\\/\\\/candas365.es\\\/noticias\\\/tomas-elias-gonzalez-benitez-covid-19-y-futbol-en-america-latina-renace-la-liga-femenina\\\/#webpage\"},\"articleSection\":\"Deporte\",\"dateline\":\"Publicado el marzo 30, 2021.\"},{\"@type\":\"Organization\",\"@id\":\"https:\\\/\\\/candas365.es\\\/noticias\\\/#organization\",\"name\":\"Cand\\u00e1s 365\",\"description\":\"Cand\\u00e1s 365 es un diario digital independiente, fundado en 2012, con base en Asturias. Informamos con rigor sobre actualidad, sociedad, cultura y ocio, con una mirada local y global.\",\"url\":\"https:\\\/\\\/candas365.es\\\/noticias\\\/\",\"email\":\"info@candas365.es\",\"telephone\":\"+34652131393\",\"foundingDate\":\"2012-06-10\",\"logo\":{\"@type\":\"ImageObject\",\"url\":\"https:\\\/\\\/candas365.es\\\/noticias\\\/wp-content\\\/uploads\\\/2024\\\/09\\\/Candas-365-Redes.jpg\",\"@id\":\"https:\\\/\\\/candas365.es\\\/noticias\\\/tomas-elias-gonzalez-benitez-covid-19-y-futbol-en-america-latina-renace-la-liga-femenina\\\/#organizationLogo\",\"width\":1152,\"height\":864,\"caption\":\"Cand\\u00e1s 365 Redes\"},\"image\":{\"@id\":\"https:\\\/\\\/candas365.es\\\/noticias\\\/tomas-elias-gonzalez-benitez-covid-19-y-futbol-en-america-latina-renace-la-liga-femenina\\\/#organizationLogo\"},\"sameAs\":[\"https:\\\/\\\/www.facebook.com\\\/Nachofdezber\",\"https:\\\/\\\/x.com\\\/NabercoDigital\",\"https:\\\/\\\/www.instagram.com\\\/nachofdezber\\\/\",\"https:\\\/\\\/www.youtube.com\\\/channel\\\/UCZP-2wLEB9Rv6erhFmqVnvg\"],\"address\":{\"@id\":\"https:\\\/\\\/candas365.es\\\/noticias\\\/#postaladdress\",\"@type\":\"PostalAddress\",\"streetAddress\":\"san antonio 4, san antonio 4\",\"postalCode\":\"33430\",\"addressLocality\":\"Cand\\u00e1s\",\"addressRegion\":\"Asturias\",\"addressCountry\":\"ES\"}},{\"@type\":\"Person\",\"@id\":\"https:\\\/\\\/candas365.es\\\/noticias\\\/author\\\/admin\\\/#author\",\"url\":\"https:\\\/\\\/candas365.es\\\/noticias\\\/author\\\/admin\\\/\",\"name\":\"Cand\\u00e1s 365\",\"image\":{\"@type\":\"ImageObject\",\"@id\":\"https:\\\/\\\/candas365.es\\\/noticias\\\/tomas-elias-gonzalez-benitez-covid-19-y-futbol-en-america-latina-renace-la-liga-femenina\\\/#authorImage\",\"url\":\"https:\\\/\\\/secure.gravatar.com\\\/avatar\\\/496a8e03d0c493ede1718b7934145dbdf8d89be1036b0eec9544e1094c9de390?s=96&d=mm&r=g\",\"width\":96,\"height\":96,\"caption\":\"Cand\\u00e1s 365\"},\"sameAs\":[\"https:\\\/\\\/www.facebook.com\\\/carrenoactualidad\",\"https:\\\/\\\/twitter.com\\\/nbasturias\",\"https:\\\/\\\/www.instagram.com\\\/nachofdezber\\\/\",\"https:\\\/\\\/www.youtube.com\\\/channel\\\/UCZP-2wLEB9Rv6erhFmqVnvg\"]},{\"@type\":\"WebPage\",\"@id\":\"https:\\\/\\\/candas365.es\\\/noticias\\\/tomas-elias-gonzalez-benitez-covid-19-y-futbol-en-america-latina-renace-la-liga-femenina\\\/#webpage\",\"url\":\"https:\\\/\\\/candas365.es\\\/noticias\\\/tomas-elias-gonzalez-benitez-covid-19-y-futbol-en-america-latina-renace-la-liga-femenina\\\/\",\"name\":\"Tom\\u00e1s El\\u00edas Gonz\\u00e1lez Ben\\u00edtez: COVID-19 y f\\u00fatbol, en Am\\u00e9rica Latina renace la liga femenina | Cand\\u00e1s 365\",\"description\":\"El informe redactado por el periodista deportivo Tom\\u00e1s El\\u00edas Gonz\\u00e1lez Ben\\u00edtez analiz\\u00f3 la situaci\\u00f3n de 32 equipos europeos\",\"inLanguage\":\"es-ES\",\"isPartOf\":{\"@id\":\"https:\\\/\\\/candas365.es\\\/noticias\\\/#website\"},\"breadcrumb\":{\"@id\":\"https:\\\/\\\/candas365.es\\\/noticias\\\/tomas-elias-gonzalez-benitez-covid-19-y-futbol-en-america-latina-renace-la-liga-femenina\\\/#breadcrumblist\"},\"author\":{\"@id\":\"https:\\\/\\\/candas365.es\\\/noticias\\\/author\\\/admin\\\/#author\"},\"creator\":{\"@id\":\"https:\\\/\\\/candas365.es\\\/noticias\\\/author\\\/admin\\\/#author\"},\"image\":{\"@type\":\"ImageObject\",\"url\":\"https:\\\/\\\/candas365.es\\\/noticias\\\/wp-content\\\/uploads\\\/2021\\\/03\\\/Futbol-y-Covid.jpg\",\"@id\":\"https:\\\/\\\/candas365.es\\\/noticias\\\/tomas-elias-gonzalez-benitez-covid-19-y-futbol-en-america-latina-renace-la-liga-femenina\\\/#mainImage\",\"width\":692,\"height\":463},\"primaryImageOfPage\":{\"@id\":\"https:\\\/\\\/candas365.es\\\/noticias\\\/tomas-elias-gonzalez-benitez-covid-19-y-futbol-en-america-latina-renace-la-liga-femenina\\\/#mainImage\"},\"datePublished\":\"2021-03-30T14:51:50+02:00\",\"dateModified\":\"2021-03-30T14:51:50+02:00\"},{\"@type\":\"WebSite\",\"@id\":\"https:\\\/\\\/candas365.es\\\/noticias\\\/#website\",\"url\":\"https:\\\/\\\/candas365.es\\\/noticias\\\/\",\"name\":\"Cand\\u00e1s 365\",\"alternateName\":\"Cand\\u00e1s 365 Noticias\",\"description\":\"Actualidad desde Carre\\u00f1o para el mundo\",\"inLanguage\":\"es-ES\",\"publisher\":{\"@id\":\"https:\\\/\\\/candas365.es\\\/noticias\\\/#organization\"}}]}\n\t\t<\/script>\n\t\t<!-- All in One SEO Pro -->\r\n\t\t<title>Tom\u00e1s El\u00edas Gonz\u00e1lez Ben\u00edtez: COVID-19 y f\u00fatbol, en Am\u00e9rica Latina renace la liga femenina | Cand\u00e1s 365<\/title>\n\n","aioseo_head_json":{"title":"Tom\u00e1s El\u00edas Gonz\u00e1lez Ben\u00edtez: COVID-19 y f\u00fatbol, en Am\u00e9rica Latina renace la liga femenina | Cand\u00e1s 365","description":"El informe redactado por el periodista deportivo Tom\u00e1s El\u00edas Gonz\u00e1lez Ben\u00edtez analiz\u00f3 la situaci\u00f3n de 32 equipos europeos","canonical_url":"https:\/\/candas365.es\/noticias\/tomas-elias-gonzalez-benitez-covid-19-y-futbol-en-america-latina-renace-la-liga-femenina\/","robots":"max-image-preview:large","keywords":"deporte","webmasterTools":{"google-site-verification":"UA-32230408-1","msvalidate.01":"354F3CDFB2DA171B47FBE9ABF1F88D5","miscellaneous":""},"schema":{"@context":"https:\/\/schema.org","@graph":[{"@type":"BreadcrumbList","@id":"https:\/\/candas365.es\/noticias\/tomas-elias-gonzalez-benitez-covid-19-y-futbol-en-america-latina-renace-la-liga-femenina\/#breadcrumblist","itemListElement":[{"@type":"ListItem","@id":"https:\/\/candas365.es\/noticias#listItem","position":1,"name":"Home","item":"https:\/\/candas365.es\/noticias","nextItem":{"@type":"ListItem","@id":"https:\/\/candas365.es\/noticias\/category\/deporte\/#listItem","name":"Deporte"}},{"@type":"ListItem","@id":"https:\/\/candas365.es\/noticias\/category\/deporte\/#listItem","position":2,"name":"Deporte","item":"https:\/\/candas365.es\/noticias\/category\/deporte\/","nextItem":{"@type":"ListItem","@id":"https:\/\/candas365.es\/noticias\/tomas-elias-gonzalez-benitez-covid-19-y-futbol-en-america-latina-renace-la-liga-femenina\/#listItem","name":"Tom\u00e1s El\u00edas Gonz\u00e1lez Ben\u00edtez: COVID-19 y f\u00fatbol, en Am\u00e9rica Latina renace la liga femenina"},"previousItem":{"@type":"ListItem","@id":"https:\/\/candas365.es\/noticias#listItem","name":"Home"}},{"@type":"ListItem","@id":"https:\/\/candas365.es\/noticias\/tomas-elias-gonzalez-benitez-covid-19-y-futbol-en-america-latina-renace-la-liga-femenina\/#listItem","position":3,"name":"Tom\u00e1s El\u00edas Gonz\u00e1lez Ben\u00edtez: COVID-19 y f\u00fatbol, en Am\u00e9rica Latina renace la liga femenina","previousItem":{"@type":"ListItem","@id":"https:\/\/candas365.es\/noticias\/category\/deporte\/#listItem","name":"Deporte"}}]},{"@type":"NewsArticle","@id":"https:\/\/candas365.es\/noticias\/tomas-elias-gonzalez-benitez-covid-19-y-futbol-en-america-latina-renace-la-liga-femenina\/#newsarticle","name":"Tom\u00e1s El\u00edas Gonz\u00e1lez Ben\u00edtez: COVID-19 y f\u00fatbol, en Am\u00e9rica Latina renace la liga femenina | Cand\u00e1s 365","headline":"Tom\u00e1s El\u00edas Gonz\u00e1lez Ben\u00edtez: COVID-19 y f\u00fatbol, en Am\u00e9rica Latina renace la liga femenina","author":{"@id":"https:\/\/candas365.es\/noticias\/author\/admin\/#author"},"publisher":{"@id":"https:\/\/candas365.es\/noticias\/#organization"},"image":{"@type":"ImageObject","url":"https:\/\/candas365.es\/noticias\/wp-content\/uploads\/2021\/03\/Futbol-y-Covid.jpg","width":692,"height":463},"datePublished":"2021-03-30T14:51:50+02:00","dateModified":"2021-03-30T14:51:50+02:00","inLanguage":"es-ES","mainEntityOfPage":{"@id":"https:\/\/candas365.es\/noticias\/tomas-elias-gonzalez-benitez-covid-19-y-futbol-en-america-latina-renace-la-liga-femenina\/#webpage"},"isPartOf":{"@id":"https:\/\/candas365.es\/noticias\/tomas-elias-gonzalez-benitez-covid-19-y-futbol-en-america-latina-renace-la-liga-femenina\/#webpage"},"articleSection":"Deporte","dateline":"Publicado el marzo 30, 2021."},{"@type":"Organization","@id":"https:\/\/candas365.es\/noticias\/#organization","name":"Cand\u00e1s 365","description":"Cand\u00e1s 365 es un diario digital independiente, fundado en 2012, con base en Asturias. Informamos con rigor sobre actualidad, sociedad, cultura y ocio, con una mirada local y global.","url":"https:\/\/candas365.es\/noticias\/","email":"info@candas365.es","telephone":"+34652131393","foundingDate":"2012-06-10","logo":{"@type":"ImageObject","url":"https:\/\/candas365.es\/noticias\/wp-content\/uploads\/2024\/09\/Candas-365-Redes.jpg","@id":"https:\/\/candas365.es\/noticias\/tomas-elias-gonzalez-benitez-covid-19-y-futbol-en-america-latina-renace-la-liga-femenina\/#organizationLogo","width":1152,"height":864,"caption":"Cand\u00e1s 365 Redes"},"image":{"@id":"https:\/\/candas365.es\/noticias\/tomas-elias-gonzalez-benitez-covid-19-y-futbol-en-america-latina-renace-la-liga-femenina\/#organizationLogo"},"sameAs":["https:\/\/www.facebook.com\/Nachofdezber","https:\/\/x.com\/NabercoDigital","https:\/\/www.instagram.com\/nachofdezber\/","https:\/\/www.youtube.com\/channel\/UCZP-2wLEB9Rv6erhFmqVnvg"],"address":{"@id":"https:\/\/candas365.es\/noticias\/#postaladdress","@type":"PostalAddress","streetAddress":"san antonio 4, san antonio 4","postalCode":"33430","addressLocality":"Cand\u00e1s","addressRegion":"Asturias","addressCountry":"ES"}},{"@type":"Person","@id":"https:\/\/candas365.es\/noticias\/author\/admin\/#author","url":"https:\/\/candas365.es\/noticias\/author\/admin\/","name":"Cand\u00e1s 365","image":{"@type":"ImageObject","@id":"https:\/\/candas365.es\/noticias\/tomas-elias-gonzalez-benitez-covid-19-y-futbol-en-america-latina-renace-la-liga-femenina\/#authorImage","url":"https:\/\/secure.gravatar.com\/avatar\/496a8e03d0c493ede1718b7934145dbdf8d89be1036b0eec9544e1094c9de390?s=96&d=mm&r=g","width":96,"height":96,"caption":"Cand\u00e1s 365"},"sameAs":["https:\/\/www.facebook.com\/carrenoactualidad","https:\/\/twitter.com\/nbasturias","https:\/\/www.instagram.com\/nachofdezber\/","https:\/\/www.youtube.com\/channel\/UCZP-2wLEB9Rv6erhFmqVnvg"]},{"@type":"WebPage","@id":"https:\/\/candas365.es\/noticias\/tomas-elias-gonzalez-benitez-covid-19-y-futbol-en-america-latina-renace-la-liga-femenina\/#webpage","url":"https:\/\/candas365.es\/noticias\/tomas-elias-gonzalez-benitez-covid-19-y-futbol-en-america-latina-renace-la-liga-femenina\/","name":"Tom\u00e1s El\u00edas Gonz\u00e1lez Ben\u00edtez: COVID-19 y f\u00fatbol, en Am\u00e9rica Latina renace la liga femenina | Cand\u00e1s 365","description":"El informe redactado por el periodista deportivo Tom\u00e1s El\u00edas Gonz\u00e1lez Ben\u00edtez analiz\u00f3 la situaci\u00f3n de 32 equipos europeos","inLanguage":"es-ES","isPartOf":{"@id":"https:\/\/candas365.es\/noticias\/#website"},"breadcrumb":{"@id":"https:\/\/candas365.es\/noticias\/tomas-elias-gonzalez-benitez-covid-19-y-futbol-en-america-latina-renace-la-liga-femenina\/#breadcrumblist"},"author":{"@id":"https:\/\/candas365.es\/noticias\/author\/admin\/#author"},"creator":{"@id":"https:\/\/candas365.es\/noticias\/author\/admin\/#author"},"image":{"@type":"ImageObject","url":"https:\/\/candas365.es\/noticias\/wp-content\/uploads\/2021\/03\/Futbol-y-Covid.jpg","@id":"https:\/\/candas365.es\/noticias\/tomas-elias-gonzalez-benitez-covid-19-y-futbol-en-america-latina-renace-la-liga-femenina\/#mainImage","width":692,"height":463},"primaryImageOfPage":{"@id":"https:\/\/candas365.es\/noticias\/tomas-elias-gonzalez-benitez-covid-19-y-futbol-en-america-latina-renace-la-liga-femenina\/#mainImage"},"datePublished":"2021-03-30T14:51:50+02:00","dateModified":"2021-03-30T14:51:50+02:00"},{"@type":"WebSite","@id":"https:\/\/candas365.es\/noticias\/#website","url":"https:\/\/candas365.es\/noticias\/","name":"Cand\u00e1s 365","alternateName":"Cand\u00e1s 365 Noticias","description":"Actualidad desde Carre\u00f1o para el mundo","inLanguage":"es-ES","publisher":{"@id":"https:\/\/candas365.es\/noticias\/#organization"}}]},"og:locale":"es_ES","og:site_name":"Cand\u00e1s 365","og:type":"article","og:title":"Tom\u00e1s El\u00edas Gonz\u00e1lez Ben\u00edtez: COVID-19 y f\u00fatbol, en Am\u00e9rica Latina renace la liga femenina | Cand\u00e1s 365","og:description":"El informe redactado por el periodista deportivo Tom\u00e1s El\u00edas Gonz\u00e1lez Ben\u00edtez analiz\u00f3 la situaci\u00f3n de 32 equipos europeos","og:url":"https:\/\/candas365.es\/noticias\/tomas-elias-gonzalez-benitez-covid-19-y-futbol-en-america-latina-renace-la-liga-femenina\/","og:image":"https:\/\/candas365.es\/noticias\/wp-content\/uploads\/2021\/03\/Futbol-y-Covid.jpg","og:image:secure_url":"https:\/\/candas365.es\/noticias\/wp-content\/uploads\/2021\/03\/Futbol-y-Covid.jpg","og:image:width":692,"og:image:height":463,"article:published_time":"2021-03-30T14:51:50+00:00","article:modified_time":"2021-03-30T14:51:50+00:00","article:publisher":"https:\/\/www.facebook.com\/Nachofdezber","article:author":"https:\/\/www.facebook.com\/carrenoactualidad","twitter:card":"summary_large_image","twitter:site":"@NabercoDigital","twitter:title":"Tom\u00e1s El\u00edas Gonz\u00e1lez Ben\u00edtez: COVID-19 y f\u00fatbol, en Am\u00e9rica Latina renace la liga femenina | Cand\u00e1s 365","twitter:description":"El informe redactado por el periodista deportivo Tom\u00e1s El\u00edas Gonz\u00e1lez Ben\u00edtez analiz\u00f3 la situaci\u00f3n de 32 equipos europeos","twitter:creator":"@nbasturias","twitter:image":"https:\/\/candas365.es\/noticias\/wp-content\/uploads\/2021\/03\/Futbol-y-Covid.jpg","twitter:label1":"Escrito por","twitter:data1":"Cand\u00e1s 365","twitter:label2":"Tiempo de lectura estimado","twitter:data2":"5 minutos"},"aioseo_meta_data":{"post_id":"152907","title":null,"description":"El informe redactado por el periodista deportivo Tom\u00e1s El\u00edas Gonz\u00e1lez Ben\u00edtez analiz\u00f3 la situaci\u00f3n de 32 equipos europeos","keywords":[],"keyphrases":{"focus":[],"additional":[]},"primary_term":null,"canonical_url":null,"og_title":null,"og_description":null,"og_object_type":"default","og_image_type":"default","og_image_url":null,"og_image_width":null,"og_image_height":null,"og_image_custom_url":null,"og_image_custom_fields":null,"og_video":"","og_custom_url":null,"og_article_section":null,"og_article_tags":[],"twitter_use_og":false,"twitter_card":"default","twitter_image_type":"default","twitter_image_url":null,"twitter_image_custom_url":null,"twitter_image_custom_fields":null,"twitter_title":null,"twitter_description":null,"schema":{"blockGraphs":[],"customGraphs":[],"default":{"data":{"Article":[],"Course":[],"Dataset":[],"FAQPage":[],"Movie":[],"Person":[],"Product":[],"ProductReview":[],"Car":[],"Recipe":[],"Service":[],"SoftwareApplication":[],"WebPage":[]},"graphName":"","isEnabled":true},"graphs":[]},"schema_type":"default","schema_type_options":"{\"article\":{\"articleType\":\"BlogPosting\"},\"course\":{\"name\":\"\",\"description\":\"\",\"provider\":\"\"},\"faq\":{\"pages\":[]},\"product\":{\"reviews\":[]},\"recipe\":{\"ingredients\":[],\"instructions\":[],\"keywords\":[]},\"software\":{\"reviews\":[],\"operatingSystems\":[]},\"webPage\":{\"webPageType\":\"WebPage\"}}","pillar_content":false,"robots_default":true,"robots_noindex":false,"robots_noarchive":false,"robots_nosnippet":false,"robots_nofollow":false,"robots_noimageindex":false,"robots_noodp":false,"robots_notranslate":false,"robots_max_snippet":"-1","robots_max_videopreview":"-1","robots_max_imagepreview":"large","priority":null,"frequency":"default","location":null,"local_seo":{"businessInfo":{"name":"","urls":{"website":"","aboutPage":"","contactPage":""},"address":{"line1":"","line2":"","zip":"","city":"","state":"","country":""},"contact":{"email":"","phone":"","fax":""},"ids":{"vatID":"","taxID":"","chamberID":""},"payment":{"priceIndication":"","currenciesAccepted":"","methodsAccepted":""},"areaServed":""},"openingHours":{"show":false,"closedLabel":"","open24h":false,"open24hLabel":"","open247":false,"use24hFormat":false,"twoSets":false,"timezone":"","hours":[]}},"seo_analyzer_scan_date":"2025-08-31 19:11:12","breadcrumb_settings":null,"limit_modified_date":false,"reviewed_by":null,"open_ai":null,"ai":null,"created":"2021-03-30 14:45:17","updated":"2025-08-31 19:11:12"},"aioseo_breadcrumb":"<div class=\"aioseo-breadcrumbs\"><span class=\"aioseo-breadcrumb\">\n\t<a href=\"https:\/\/candas365.es\/noticias\" title=\"Home\">Home<\/a>\n<\/span><span class=\"aioseo-breadcrumb-separator\">&ndash;<\/span><span class=\"aioseo-breadcrumb\">\n\t<a href=\"https:\/\/candas365.es\/noticias\/category\/deporte\/\" title=\"Deporte\">Deporte<\/a>\n<\/span><span class=\"aioseo-breadcrumb-separator\">&ndash;<\/span><span class=\"aioseo-breadcrumb\">\n\tTom\u00e1s El\u00edas Gonz\u00e1lez Ben\u00edtez: COVID-19 y f\u00fatbol, en Am\u00e9rica Latina renace la liga femenina\n<\/span><\/div>","aioseo_breadcrumb_json":[{"label":"Home","link":"https:\/\/candas365.es\/noticias"},{"label":"Deporte","link":"https:\/\/candas365.es\/noticias\/category\/deporte\/"},{"label":"Tom\u00e1s El\u00edas Gonz\u00e1lez Ben\u00edtez: COVID-19 y f\u00fatbol, en Am\u00e9rica Latina renace la liga femenina","link":"https:\/\/candas365.es\/noticias\/tomas-elias-gonzalez-benitez-covid-19-y-futbol-en-america-latina-renace-la-liga-femenina\/"}],"_links":{"self":[{"href":"https:\/\/candas365.es\/noticias\/wp-json\/wp\/v2\/posts\/152907","targetHints":{"allow":["GET"]}}],"collection":[{"href":"https:\/\/candas365.es\/noticias\/wp-json\/wp\/v2\/posts"}],"about":[{"href":"https:\/\/candas365.es\/noticias\/wp-json\/wp\/v2\/types\/post"}],"author":[{"embeddable":true,"href":"https:\/\/candas365.es\/noticias\/wp-json\/wp\/v2\/users\/1"}],"replies":[{"embeddable":true,"href":"https:\/\/candas365.es\/noticias\/wp-json\/wp\/v2\/comments?post=152907"}],"version-history":[{"count":0,"href":"https:\/\/candas365.es\/noticias\/wp-json\/wp\/v2\/posts\/152907\/revisions"}],"wp:featuredmedia":[{"embeddable":true,"href":"https:\/\/candas365.es\/noticias\/wp-json\/wp\/v2\/media\/152908"}],"wp:attachment":[{"href":"https:\/\/candas365.es\/noticias\/wp-json\/wp\/v2\/media?parent=152907"}],"wp:term":[{"taxonomy":"category","embeddable":true,"href":"https:\/\/candas365.es\/noticias\/wp-json\/wp\/v2\/categories?post=152907"},{"taxonomy":"post_tag","embeddable":true,"href":"https:\/\/candas365.es\/noticias\/wp-json\/wp\/v2\/tags?post=152907"}],"curies":[{"name":"wp","href":"https:\/\/api.w.org\/{rel}","templated":true}]}}