{"id":152894,"date":"2021-03-30T09:57:44","date_gmt":"2021-03-30T09:57:44","guid":{"rendered":"http:\/\/candas365.es\/noticias\/?p=152894"},"modified":"2021-03-30T09:57:44","modified_gmt":"2021-03-30T09:57:44","slug":"los-caminos-del-flamenco-en-la-2","status":"publish","type":"post","link":"https:\/\/candas365.es\/noticias\/los-caminos-del-flamenco-en-la-2\/","title":{"rendered":"Los \u00abCaminos del Flamenco\u00bb en La 2"},"content":{"rendered":"<p><img fetchpriority=\"high\" decoding=\"async\" class=\"alignleft size-medium wp-image-152895\" src=\"https:\/\/candas365.es\/noticias\/wp-content\/uploads\/2021\/03\/tele-30032101-360x180.jpg\" alt=\"\" width=\"360\" height=\"180\" srcset=\"https:\/\/candas365.es\/noticias\/wp-content\/uploads\/2021\/03\/tele-30032101-360x180.jpg 360w, https:\/\/candas365.es\/noticias\/wp-content\/uploads\/2021\/03\/tele-30032101-650x325.jpg 650w, https:\/\/candas365.es\/noticias\/wp-content\/uploads\/2021\/03\/tele-30032101-768x384.jpg 768w, https:\/\/candas365.es\/noticias\/wp-content\/uploads\/2021\/03\/tele-30032101-1536x768.jpg 1536w, https:\/\/candas365.es\/noticias\/wp-content\/uploads\/2021\/03\/tele-30032101-1024x512.jpg 1024w, https:\/\/candas365.es\/noticias\/wp-content\/uploads\/2021\/03\/tele-30032101.jpg 1600w\" sizes=\"(max-width: 360px) 100vw, 360px\" \/>\u00abCaminos del Flamenco\u00bb es un recorrido geogr\u00e1fico y musical que mostrar\u00e1 al espectador el flamenco de hoy. Los artistas Miguel Poveda y Sole\u00e1 Morente ser\u00e1n los maestros de ceremonias de este nuevo espacio dirigido no s\u00f3lo a los aficionados al g\u00e9nero, sino tambi\u00e9n al espectador no iniciado y curioso. Se trata de un viaje, por distintas rutas del pa\u00eds, para dar a conocer el arte, el baile y el toque actuales, y donde conoceremos a los artistas en su h\u00e1bitat natural.<\/p>\n<p>Miguel Poveda y Sole\u00e1 Morente mostrar\u00e1n las figuras m\u00e1s representativas del panorama flamenco actual, as\u00ed como otros artistas que se acercan a este arte desde otros estilos musicales, sin reservas y con curiosidad hacia este g\u00e9nero musical.<\/p>\n<p>Miguel Poveda, cantaor de altura y referencia inequ\u00edvoca del flamenco actual, es un artista que ha bebido de la ra\u00edz y crecido en la diversidad musical, siempre en busca de la libertad creativa. Su trayectoria ha sido imparable desde que, en 1993, ganara la L\u00e1mpara Minera del Festival Nacional del Cante de Las Minas de La Uni\u00f3n, el primero de los muchos premios que atesora en su carrera, como el Premio Nacional de M\u00fasica de Espa\u00f1a. Poveda se define como flamenco, pero tambi\u00e9n como coplero y amante de la m\u00fasica latina.<\/p>\n<p>Sole\u00e1 Morente es uno de los rostros imprescindibles del flamenco actual. Heredera de un apellido que no deja lugar a dudas, no se declara cantaora, pero s\u00ed flamenca y rockera. Combina su herencia familiar con una ecl\u00e9ctica apuesta musical, sin miedo a cualquier mezcla posible de estilos. Entre los reconocimientos que ha recibido destacan el Premio Artes y Letras Fundaci\u00f3n Princesa de Girona y el Premio El Ojo Cr\u00edtico de RNE de M\u00fasica Moderna.<\/p>\n<p>\u2018Caminos del Flamenco\u2019 es una producci\u00f3n de RTVE en colaboraci\u00f3n con Producciones Cibeles.<\/p>\n<p>&nbsp;<\/p>\n","protected":false},"excerpt":{"rendered":"<p>\u00abCaminos del Flamenco\u00bb es un recorrido geogr\u00e1fico y musical que mostrar\u00e1 al espectador el flamenco de hoy. Los artistas Miguel Poveda y Sole\u00e1 Morente ser\u00e1n los maestros de ceremonias de este nuevo espacio dirigido no s\u00f3lo a los aficionados al g\u00e9nero, sino tambi\u00e9n al espectador no iniciado y curioso. Se trata de un viaje, por<\/p>\n","protected":false},"author":1,"featured_media":152895,"comment_status":"closed","ping_status":"closed","sticky":false,"template":"","format":"standard","meta":{"footnotes":""},"categories":[1],"tags":[],"class_list":{"0":"post-152894","1":"post","2":"type-post","3":"status-publish","4":"format-standard","5":"has-post-thumbnail","7":"category-agenda"},"aioseo_notices":[],"aioseo_head":"\n\t\t<!-- All in One SEO Pro 4.9.6.2 - aioseo.com -->\n\t<meta name=\"description\" content=\"Miguel Poveda y Sole\u00e1 Morente ser\u00e1n los maestros de ceremonias de este nuevo espacio dirigido no s\u00f3lo a los aficionados al g\u00e9nero, sino tambi\u00e9n ..\" \/>\n\t<meta name=\"robots\" content=\"max-image-preview:large\" \/>\n\t<meta name=\"author\" content=\"Cand\u00e1s 365\"\/>\n\t<meta name=\"google-site-verification\" content=\"UA-32230408-1\" \/>\n\t<meta name=\"msvalidate.01\" content=\"354F3CDFB2DA171B47FBE9ABF1F88D5\" \/>\n\t<meta name=\"keywords\" content=\"agenda\" \/>\n\t<link rel=\"canonical\" href=\"https:\/\/candas365.es\/noticias\/los-caminos-del-flamenco-en-la-2\/\" \/>\n\t<meta name=\"generator\" content=\"All in One SEO Pro (AIOSEO) 4.9.6.2\" \/>\n\t\t<meta property=\"og:locale\" content=\"es_ES\" \/>\n\t\t<meta property=\"og:site_name\" content=\"Cand\u00e1s 365\" \/>\n\t\t<meta property=\"og:type\" content=\"article\" \/>\n\t\t<meta property=\"og:title\" content=\"Los \u00abCaminos del Flamenco\u00bb en La 2 | Cand\u00e1s 365\" \/>\n\t\t<meta property=\"og:description\" content=\"Miguel Poveda y Sole\u00e1 Morente ser\u00e1n los maestros de ceremonias de este nuevo espacio dirigido no s\u00f3lo a los aficionados al g\u00e9nero, sino tambi\u00e9n ..\" \/>\n\t\t<meta property=\"og:url\" content=\"https:\/\/candas365.es\/noticias\/los-caminos-del-flamenco-en-la-2\/\" \/>\n\t\t<meta property=\"og:image\" content=\"https:\/\/candas365.es\/noticias\/wp-content\/uploads\/2021\/03\/tele-30032101.jpg\" \/>\n\t\t<meta property=\"og:image:secure_url\" content=\"https:\/\/candas365.es\/noticias\/wp-content\/uploads\/2021\/03\/tele-30032101.jpg\" \/>\n\t\t<meta property=\"og:image:width\" content=\"1600\" \/>\n\t\t<meta property=\"og:image:height\" content=\"800\" \/>\n\t\t<meta property=\"article:published_time\" content=\"2021-03-30T09:57:44+00:00\" \/>\n\t\t<meta property=\"article:modified_time\" content=\"2021-03-30T09:57:44+00:00\" \/>\n\t\t<meta property=\"article:publisher\" content=\"https:\/\/www.facebook.com\/Nachofdezber\" \/>\n\t\t<meta property=\"article:author\" content=\"https:\/\/www.facebook.com\/carrenoactualidad\" \/>\n\t\t<meta name=\"twitter:card\" content=\"summary_large_image\" \/>\n\t\t<meta name=\"twitter:site\" content=\"@NabercoDigital\" \/>\n\t\t<meta name=\"twitter:title\" content=\"Los \u00abCaminos del Flamenco\u00bb en La 2 | Cand\u00e1s 365\" \/>\n\t\t<meta name=\"twitter:description\" content=\"Miguel Poveda y Sole\u00e1 Morente ser\u00e1n los maestros de ceremonias de este nuevo espacio dirigido no s\u00f3lo a los aficionados al g\u00e9nero, sino tambi\u00e9n ..\" \/>\n\t\t<meta name=\"twitter:creator\" content=\"@nbasturias\" \/>\n\t\t<meta name=\"twitter:image\" content=\"https:\/\/candas365.es\/noticias\/wp-content\/uploads\/2021\/03\/tele-30032101.jpg\" \/>\n\t\t<meta name=\"twitter:label1\" content=\"Escrito por\" \/>\n\t\t<meta name=\"twitter:data1\" content=\"Cand\u00e1s 365\" \/>\n\t\t<meta name=\"twitter:label2\" content=\"Tiempo de lectura estimado\" \/>\n\t\t<meta name=\"twitter:data2\" content=\"2 minutos\" \/>\n\t\t<script type=\"application\/ld+json\" class=\"aioseo-schema\">\n\t\t\t{\"@context\":\"https:\\\/\\\/schema.org\",\"@graph\":[{\"@type\":\"BreadcrumbList\",\"@id\":\"https:\\\/\\\/candas365.es\\\/noticias\\\/los-caminos-del-flamenco-en-la-2\\\/#breadcrumblist\",\"itemListElement\":[{\"@type\":\"ListItem\",\"@id\":\"https:\\\/\\\/candas365.es\\\/noticias#listItem\",\"position\":1,\"name\":\"Home\",\"item\":\"https:\\\/\\\/candas365.es\\\/noticias\",\"nextItem\":{\"@type\":\"ListItem\",\"@id\":\"https:\\\/\\\/candas365.es\\\/noticias\\\/category\\\/agenda\\\/#listItem\",\"name\":\"Agenda\"}},{\"@type\":\"ListItem\",\"@id\":\"https:\\\/\\\/candas365.es\\\/noticias\\\/category\\\/agenda\\\/#listItem\",\"position\":2,\"name\":\"Agenda\",\"item\":\"https:\\\/\\\/candas365.es\\\/noticias\\\/category\\\/agenda\\\/\",\"nextItem\":{\"@type\":\"ListItem\",\"@id\":\"https:\\\/\\\/candas365.es\\\/noticias\\\/los-caminos-del-flamenco-en-la-2\\\/#listItem\",\"name\":\"Los \\u00abCaminos del Flamenco\\u00bb en La 2\"},\"previousItem\":{\"@type\":\"ListItem\",\"@id\":\"https:\\\/\\\/candas365.es\\\/noticias#listItem\",\"name\":\"Home\"}},{\"@type\":\"ListItem\",\"@id\":\"https:\\\/\\\/candas365.es\\\/noticias\\\/los-caminos-del-flamenco-en-la-2\\\/#listItem\",\"position\":3,\"name\":\"Los \\u00abCaminos del Flamenco\\u00bb en La 2\",\"previousItem\":{\"@type\":\"ListItem\",\"@id\":\"https:\\\/\\\/candas365.es\\\/noticias\\\/category\\\/agenda\\\/#listItem\",\"name\":\"Agenda\"}}]},{\"@type\":\"NewsArticle\",\"@id\":\"https:\\\/\\\/candas365.es\\\/noticias\\\/los-caminos-del-flamenco-en-la-2\\\/#newsarticle\",\"name\":\"Los \\u00abCaminos del Flamenco\\u00bb en La 2 | Cand\\u00e1s 365\",\"headline\":\"Los \\u00abCaminos del Flamenco\\u00bb en La 2\",\"author\":{\"@id\":\"https:\\\/\\\/candas365.es\\\/noticias\\\/author\\\/admin\\\/#author\"},\"publisher\":{\"@id\":\"https:\\\/\\\/candas365.es\\\/noticias\\\/#organization\"},\"image\":{\"@type\":\"ImageObject\",\"url\":\"https:\\\/\\\/candas365.es\\\/noticias\\\/wp-content\\\/uploads\\\/2021\\\/03\\\/tele-30032101.jpg\",\"width\":1600,\"height\":800},\"datePublished\":\"2021-03-30T09:57:44+02:00\",\"dateModified\":\"2021-03-30T09:57:44+02:00\",\"inLanguage\":\"es-ES\",\"mainEntityOfPage\":{\"@id\":\"https:\\\/\\\/candas365.es\\\/noticias\\\/los-caminos-del-flamenco-en-la-2\\\/#webpage\"},\"isPartOf\":{\"@id\":\"https:\\\/\\\/candas365.es\\\/noticias\\\/los-caminos-del-flamenco-en-la-2\\\/#webpage\"},\"articleSection\":\"Agenda\",\"dateline\":\"Publicado el marzo 30, 2021.\"},{\"@type\":\"Organization\",\"@id\":\"https:\\\/\\\/candas365.es\\\/noticias\\\/#organization\",\"name\":\"Cand\\u00e1s 365\",\"description\":\"Cand\\u00e1s 365 es un diario digital independiente, fundado en 2012, con base en Asturias. Informamos con rigor sobre actualidad, sociedad, cultura y ocio, con una mirada local y global.\",\"url\":\"https:\\\/\\\/candas365.es\\\/noticias\\\/\",\"email\":\"info@candas365.es\",\"telephone\":\"+34652131393\",\"foundingDate\":\"2012-06-10\",\"logo\":{\"@type\":\"ImageObject\",\"url\":\"https:\\\/\\\/candas365.es\\\/noticias\\\/wp-content\\\/uploads\\\/2024\\\/09\\\/Candas-365-Redes.jpg\",\"@id\":\"https:\\\/\\\/candas365.es\\\/noticias\\\/los-caminos-del-flamenco-en-la-2\\\/#organizationLogo\",\"width\":1152,\"height\":864,\"caption\":\"Cand\\u00e1s 365 Redes\"},\"image\":{\"@id\":\"https:\\\/\\\/candas365.es\\\/noticias\\\/los-caminos-del-flamenco-en-la-2\\\/#organizationLogo\"},\"sameAs\":[\"https:\\\/\\\/www.facebook.com\\\/Nachofdezber\",\"https:\\\/\\\/x.com\\\/NabercoDigital\",\"https:\\\/\\\/www.instagram.com\\\/nachofdezber\\\/\",\"https:\\\/\\\/www.youtube.com\\\/channel\\\/UCZP-2wLEB9Rv6erhFmqVnvg\"],\"address\":{\"@id\":\"https:\\\/\\\/candas365.es\\\/noticias\\\/#postaladdress\",\"@type\":\"PostalAddress\",\"streetAddress\":\"san antonio 4, san antonio 4\",\"postalCode\":\"33430\",\"addressLocality\":\"Cand\\u00e1s\",\"addressRegion\":\"Asturias\",\"addressCountry\":\"ES\"}},{\"@type\":\"Person\",\"@id\":\"https:\\\/\\\/candas365.es\\\/noticias\\\/author\\\/admin\\\/#author\",\"url\":\"https:\\\/\\\/candas365.es\\\/noticias\\\/author\\\/admin\\\/\",\"name\":\"Cand\\u00e1s 365\",\"image\":{\"@type\":\"ImageObject\",\"@id\":\"https:\\\/\\\/candas365.es\\\/noticias\\\/los-caminos-del-flamenco-en-la-2\\\/#authorImage\",\"url\":\"https:\\\/\\\/secure.gravatar.com\\\/avatar\\\/496a8e03d0c493ede1718b7934145dbdf8d89be1036b0eec9544e1094c9de390?s=96&d=mm&r=g\",\"width\":96,\"height\":96,\"caption\":\"Cand\\u00e1s 365\"},\"sameAs\":[\"https:\\\/\\\/www.facebook.com\\\/carrenoactualidad\",\"https:\\\/\\\/twitter.com\\\/nbasturias\",\"https:\\\/\\\/www.instagram.com\\\/nachofdezber\\\/\",\"https:\\\/\\\/www.youtube.com\\\/channel\\\/UCZP-2wLEB9Rv6erhFmqVnvg\"]},{\"@type\":\"WebPage\",\"@id\":\"https:\\\/\\\/candas365.es\\\/noticias\\\/los-caminos-del-flamenco-en-la-2\\\/#webpage\",\"url\":\"https:\\\/\\\/candas365.es\\\/noticias\\\/los-caminos-del-flamenco-en-la-2\\\/\",\"name\":\"Los \\u00abCaminos del Flamenco\\u00bb en La 2 | Cand\\u00e1s 365\",\"description\":\"Miguel Poveda y Sole\\u00e1 Morente ser\\u00e1n los maestros de ceremonias de este nuevo espacio dirigido no s\\u00f3lo a los aficionados al g\\u00e9nero, sino tambi\\u00e9n ..\",\"inLanguage\":\"es-ES\",\"isPartOf\":{\"@id\":\"https:\\\/\\\/candas365.es\\\/noticias\\\/#website\"},\"breadcrumb\":{\"@id\":\"https:\\\/\\\/candas365.es\\\/noticias\\\/los-caminos-del-flamenco-en-la-2\\\/#breadcrumblist\"},\"author\":{\"@id\":\"https:\\\/\\\/candas365.es\\\/noticias\\\/author\\\/admin\\\/#author\"},\"creator\":{\"@id\":\"https:\\\/\\\/candas365.es\\\/noticias\\\/author\\\/admin\\\/#author\"},\"image\":{\"@type\":\"ImageObject\",\"url\":\"https:\\\/\\\/candas365.es\\\/noticias\\\/wp-content\\\/uploads\\\/2021\\\/03\\\/tele-30032101.jpg\",\"@id\":\"https:\\\/\\\/candas365.es\\\/noticias\\\/los-caminos-del-flamenco-en-la-2\\\/#mainImage\",\"width\":1600,\"height\":800},\"primaryImageOfPage\":{\"@id\":\"https:\\\/\\\/candas365.es\\\/noticias\\\/los-caminos-del-flamenco-en-la-2\\\/#mainImage\"},\"datePublished\":\"2021-03-30T09:57:44+02:00\",\"dateModified\":\"2021-03-30T09:57:44+02:00\"},{\"@type\":\"WebSite\",\"@id\":\"https:\\\/\\\/candas365.es\\\/noticias\\\/#website\",\"url\":\"https:\\\/\\\/candas365.es\\\/noticias\\\/\",\"name\":\"Cand\\u00e1s 365\",\"alternateName\":\"Cand\\u00e1s 365 Noticias\",\"description\":\"Actualidad desde Carre\\u00f1o para el mundo\",\"inLanguage\":\"es-ES\",\"publisher\":{\"@id\":\"https:\\\/\\\/candas365.es\\\/noticias\\\/#organization\"}}]}\n\t\t<\/script>\n\t\t<!-- All in One SEO Pro -->\r\n\t\t<title>Los \u00abCaminos del Flamenco\u00bb en La 2 | Cand\u00e1s 365<\/title>\n\n","aioseo_head_json":{"title":"Los \u00abCaminos del Flamenco\u00bb en La 2 | Cand\u00e1s 365","description":"Miguel Poveda y Sole\u00e1 Morente ser\u00e1n los maestros de ceremonias de este nuevo espacio dirigido no s\u00f3lo a los aficionados al g\u00e9nero, sino tambi\u00e9n ..","canonical_url":"https:\/\/candas365.es\/noticias\/los-caminos-del-flamenco-en-la-2\/","robots":"max-image-preview:large","keywords":"agenda","webmasterTools":{"google-site-verification":"UA-32230408-1","msvalidate.01":"354F3CDFB2DA171B47FBE9ABF1F88D5","miscellaneous":""},"schema":{"@context":"https:\/\/schema.org","@graph":[{"@type":"BreadcrumbList","@id":"https:\/\/candas365.es\/noticias\/los-caminos-del-flamenco-en-la-2\/#breadcrumblist","itemListElement":[{"@type":"ListItem","@id":"https:\/\/candas365.es\/noticias#listItem","position":1,"name":"Home","item":"https:\/\/candas365.es\/noticias","nextItem":{"@type":"ListItem","@id":"https:\/\/candas365.es\/noticias\/category\/agenda\/#listItem","name":"Agenda"}},{"@type":"ListItem","@id":"https:\/\/candas365.es\/noticias\/category\/agenda\/#listItem","position":2,"name":"Agenda","item":"https:\/\/candas365.es\/noticias\/category\/agenda\/","nextItem":{"@type":"ListItem","@id":"https:\/\/candas365.es\/noticias\/los-caminos-del-flamenco-en-la-2\/#listItem","name":"Los \u00abCaminos del Flamenco\u00bb en La 2"},"previousItem":{"@type":"ListItem","@id":"https:\/\/candas365.es\/noticias#listItem","name":"Home"}},{"@type":"ListItem","@id":"https:\/\/candas365.es\/noticias\/los-caminos-del-flamenco-en-la-2\/#listItem","position":3,"name":"Los \u00abCaminos del Flamenco\u00bb en La 2","previousItem":{"@type":"ListItem","@id":"https:\/\/candas365.es\/noticias\/category\/agenda\/#listItem","name":"Agenda"}}]},{"@type":"NewsArticle","@id":"https:\/\/candas365.es\/noticias\/los-caminos-del-flamenco-en-la-2\/#newsarticle","name":"Los \u00abCaminos del Flamenco\u00bb en La 2 | Cand\u00e1s 365","headline":"Los \u00abCaminos del Flamenco\u00bb en La 2","author":{"@id":"https:\/\/candas365.es\/noticias\/author\/admin\/#author"},"publisher":{"@id":"https:\/\/candas365.es\/noticias\/#organization"},"image":{"@type":"ImageObject","url":"https:\/\/candas365.es\/noticias\/wp-content\/uploads\/2021\/03\/tele-30032101.jpg","width":1600,"height":800},"datePublished":"2021-03-30T09:57:44+02:00","dateModified":"2021-03-30T09:57:44+02:00","inLanguage":"es-ES","mainEntityOfPage":{"@id":"https:\/\/candas365.es\/noticias\/los-caminos-del-flamenco-en-la-2\/#webpage"},"isPartOf":{"@id":"https:\/\/candas365.es\/noticias\/los-caminos-del-flamenco-en-la-2\/#webpage"},"articleSection":"Agenda","dateline":"Publicado el marzo 30, 2021."},{"@type":"Organization","@id":"https:\/\/candas365.es\/noticias\/#organization","name":"Cand\u00e1s 365","description":"Cand\u00e1s 365 es un diario digital independiente, fundado en 2012, con base en Asturias. Informamos con rigor sobre actualidad, sociedad, cultura y ocio, con una mirada local y global.","url":"https:\/\/candas365.es\/noticias\/","email":"info@candas365.es","telephone":"+34652131393","foundingDate":"2012-06-10","logo":{"@type":"ImageObject","url":"https:\/\/candas365.es\/noticias\/wp-content\/uploads\/2024\/09\/Candas-365-Redes.jpg","@id":"https:\/\/candas365.es\/noticias\/los-caminos-del-flamenco-en-la-2\/#organizationLogo","width":1152,"height":864,"caption":"Cand\u00e1s 365 Redes"},"image":{"@id":"https:\/\/candas365.es\/noticias\/los-caminos-del-flamenco-en-la-2\/#organizationLogo"},"sameAs":["https:\/\/www.facebook.com\/Nachofdezber","https:\/\/x.com\/NabercoDigital","https:\/\/www.instagram.com\/nachofdezber\/","https:\/\/www.youtube.com\/channel\/UCZP-2wLEB9Rv6erhFmqVnvg"],"address":{"@id":"https:\/\/candas365.es\/noticias\/#postaladdress","@type":"PostalAddress","streetAddress":"san antonio 4, san antonio 4","postalCode":"33430","addressLocality":"Cand\u00e1s","addressRegion":"Asturias","addressCountry":"ES"}},{"@type":"Person","@id":"https:\/\/candas365.es\/noticias\/author\/admin\/#author","url":"https:\/\/candas365.es\/noticias\/author\/admin\/","name":"Cand\u00e1s 365","image":{"@type":"ImageObject","@id":"https:\/\/candas365.es\/noticias\/los-caminos-del-flamenco-en-la-2\/#authorImage","url":"https:\/\/secure.gravatar.com\/avatar\/496a8e03d0c493ede1718b7934145dbdf8d89be1036b0eec9544e1094c9de390?s=96&d=mm&r=g","width":96,"height":96,"caption":"Cand\u00e1s 365"},"sameAs":["https:\/\/www.facebook.com\/carrenoactualidad","https:\/\/twitter.com\/nbasturias","https:\/\/www.instagram.com\/nachofdezber\/","https:\/\/www.youtube.com\/channel\/UCZP-2wLEB9Rv6erhFmqVnvg"]},{"@type":"WebPage","@id":"https:\/\/candas365.es\/noticias\/los-caminos-del-flamenco-en-la-2\/#webpage","url":"https:\/\/candas365.es\/noticias\/los-caminos-del-flamenco-en-la-2\/","name":"Los \u00abCaminos del Flamenco\u00bb en La 2 | Cand\u00e1s 365","description":"Miguel Poveda y Sole\u00e1 Morente ser\u00e1n los maestros de ceremonias de este nuevo espacio dirigido no s\u00f3lo a los aficionados al g\u00e9nero, sino tambi\u00e9n ..","inLanguage":"es-ES","isPartOf":{"@id":"https:\/\/candas365.es\/noticias\/#website"},"breadcrumb":{"@id":"https:\/\/candas365.es\/noticias\/los-caminos-del-flamenco-en-la-2\/#breadcrumblist"},"author":{"@id":"https:\/\/candas365.es\/noticias\/author\/admin\/#author"},"creator":{"@id":"https:\/\/candas365.es\/noticias\/author\/admin\/#author"},"image":{"@type":"ImageObject","url":"https:\/\/candas365.es\/noticias\/wp-content\/uploads\/2021\/03\/tele-30032101.jpg","@id":"https:\/\/candas365.es\/noticias\/los-caminos-del-flamenco-en-la-2\/#mainImage","width":1600,"height":800},"primaryImageOfPage":{"@id":"https:\/\/candas365.es\/noticias\/los-caminos-del-flamenco-en-la-2\/#mainImage"},"datePublished":"2021-03-30T09:57:44+02:00","dateModified":"2021-03-30T09:57:44+02:00"},{"@type":"WebSite","@id":"https:\/\/candas365.es\/noticias\/#website","url":"https:\/\/candas365.es\/noticias\/","name":"Cand\u00e1s 365","alternateName":"Cand\u00e1s 365 Noticias","description":"Actualidad desde Carre\u00f1o para el mundo","inLanguage":"es-ES","publisher":{"@id":"https:\/\/candas365.es\/noticias\/#organization"}}]},"og:locale":"es_ES","og:site_name":"Cand\u00e1s 365","og:type":"article","og:title":"Los \u00abCaminos del Flamenco\u00bb en La 2 | Cand\u00e1s 365","og:description":"Miguel Poveda y Sole\u00e1 Morente ser\u00e1n los maestros de ceremonias de este nuevo espacio dirigido no s\u00f3lo a los aficionados al g\u00e9nero, sino tambi\u00e9n ..","og:url":"https:\/\/candas365.es\/noticias\/los-caminos-del-flamenco-en-la-2\/","og:image":"https:\/\/candas365.es\/noticias\/wp-content\/uploads\/2021\/03\/tele-30032101.jpg","og:image:secure_url":"https:\/\/candas365.es\/noticias\/wp-content\/uploads\/2021\/03\/tele-30032101.jpg","og:image:width":1600,"og:image:height":800,"article:published_time":"2021-03-30T09:57:44+00:00","article:modified_time":"2021-03-30T09:57:44+00:00","article:publisher":"https:\/\/www.facebook.com\/Nachofdezber","article:author":"https:\/\/www.facebook.com\/carrenoactualidad","twitter:card":"summary_large_image","twitter:site":"@NabercoDigital","twitter:title":"Los \u00abCaminos del Flamenco\u00bb en La 2 | Cand\u00e1s 365","twitter:description":"Miguel Poveda y Sole\u00e1 Morente ser\u00e1n los maestros de ceremonias de este nuevo espacio dirigido no s\u00f3lo a los aficionados al g\u00e9nero, sino tambi\u00e9n ..","twitter:creator":"@nbasturias","twitter:image":"https:\/\/candas365.es\/noticias\/wp-content\/uploads\/2021\/03\/tele-30032101.jpg","twitter:label1":"Escrito por","twitter:data1":"Cand\u00e1s 365","twitter:label2":"Tiempo de lectura estimado","twitter:data2":"2 minutos"},"aioseo_meta_data":{"post_id":"152894","title":null,"description":"Miguel Poveda y Sole\u00e1 Morente ser\u00e1n los maestros de ceremonias de este nuevo espacio dirigido no s\u00f3lo a los aficionados al g\u00e9nero, sino tambi\u00e9n ..","keywords":[],"keyphrases":{"focus":[],"additional":[]},"primary_term":null,"canonical_url":null,"og_title":null,"og_description":null,"og_object_type":"default","og_image_type":"default","og_image_url":null,"og_image_width":null,"og_image_height":null,"og_image_custom_url":null,"og_image_custom_fields":null,"og_video":"","og_custom_url":null,"og_article_section":null,"og_article_tags":[],"twitter_use_og":false,"twitter_card":"default","twitter_image_type":"default","twitter_image_url":null,"twitter_image_custom_url":null,"twitter_image_custom_fields":null,"twitter_title":null,"twitter_description":null,"schema":{"blockGraphs":[],"customGraphs":[],"default":{"data":{"Article":[],"Course":[],"Dataset":[],"FAQPage":[],"Movie":[],"Person":[],"Product":[],"ProductReview":[],"Car":[],"Recipe":[],"Service":[],"SoftwareApplication":[],"WebPage":[]},"graphName":"","isEnabled":true},"graphs":[],"defaultGraph":"Article","defaultPostTypeGraph":""},"schema_type":"default","schema_type_options":"{\"article\":{\"articleType\":\"BlogPosting\"},\"course\":{\"name\":\"\",\"description\":\"\",\"provider\":\"\"},\"faq\":{\"pages\":[]},\"product\":{\"reviews\":[]},\"recipe\":{\"ingredients\":[],\"instructions\":[],\"keywords\":[]},\"software\":{\"reviews\":[],\"operatingSystems\":[]},\"webPage\":{\"webPageType\":\"WebPage\"}}","pillar_content":false,"robots_default":true,"robots_noindex":false,"robots_noarchive":false,"robots_nosnippet":false,"robots_nofollow":false,"robots_noimageindex":false,"robots_noodp":false,"robots_notranslate":false,"robots_max_snippet":"-1","robots_max_videopreview":"-1","robots_max_imagepreview":"large","priority":null,"frequency":"default","location":null,"local_seo":{"businessInfo":{"name":"","urls":{"website":"","aboutPage":"","contactPage":""},"address":{"line1":"","line2":"","zip":"","city":"","state":"","country":""},"contact":{"email":"","phone":"","fax":""},"ids":{"vatID":"","taxID":"","chamberID":""},"payment":{"priceIndication":"","currenciesAccepted":"","methodsAccepted":""},"areaServed":""},"openingHours":{"show":false,"closedLabel":"","open24h":false,"open24hLabel":"","open247":false,"use24hFormat":false,"twoSets":false,"timezone":"","hours":[]}},"seo_analyzer_scan_date":"2025-08-31 19:09:24","breadcrumb_settings":null,"limit_modified_date":false,"reviewed_by":null,"open_ai":null,"ai":null,"created":"2021-03-30 09:55:09","updated":"2025-08-31 19:09:24"},"aioseo_breadcrumb":"<div class=\"aioseo-breadcrumbs\"><span class=\"aioseo-breadcrumb\">\n\t<a href=\"https:\/\/candas365.es\/noticias\" title=\"Home\">Home<\/a>\n<\/span><span class=\"aioseo-breadcrumb-separator\">&ndash;<\/span><span class=\"aioseo-breadcrumb\">\n\t<a href=\"https:\/\/candas365.es\/noticias\/category\/agenda\/\" title=\"Agenda\">Agenda<\/a>\n<\/span><span class=\"aioseo-breadcrumb-separator\">&ndash;<\/span><span class=\"aioseo-breadcrumb\">\n\tLos \u00abCaminos del Flamenco\u00bb en La 2\n<\/span><\/div>","aioseo_breadcrumb_json":[{"label":"Home","link":"https:\/\/candas365.es\/noticias"},{"label":"Agenda","link":"https:\/\/candas365.es\/noticias\/category\/agenda\/"},{"label":"Los \u00abCaminos del Flamenco\u00bb en La 2","link":"https:\/\/candas365.es\/noticias\/los-caminos-del-flamenco-en-la-2\/"}],"_links":{"self":[{"href":"https:\/\/candas365.es\/noticias\/wp-json\/wp\/v2\/posts\/152894","targetHints":{"allow":["GET"]}}],"collection":[{"href":"https:\/\/candas365.es\/noticias\/wp-json\/wp\/v2\/posts"}],"about":[{"href":"https:\/\/candas365.es\/noticias\/wp-json\/wp\/v2\/types\/post"}],"author":[{"embeddable":true,"href":"https:\/\/candas365.es\/noticias\/wp-json\/wp\/v2\/users\/1"}],"replies":[{"embeddable":true,"href":"https:\/\/candas365.es\/noticias\/wp-json\/wp\/v2\/comments?post=152894"}],"version-history":[{"count":0,"href":"https:\/\/candas365.es\/noticias\/wp-json\/wp\/v2\/posts\/152894\/revisions"}],"wp:featuredmedia":[{"embeddable":true,"href":"https:\/\/candas365.es\/noticias\/wp-json\/wp\/v2\/media\/152895"}],"wp:attachment":[{"href":"https:\/\/candas365.es\/noticias\/wp-json\/wp\/v2\/media?parent=152894"}],"wp:term":[{"taxonomy":"category","embeddable":true,"href":"https:\/\/candas365.es\/noticias\/wp-json\/wp\/v2\/categories?post=152894"},{"taxonomy":"post_tag","embeddable":true,"href":"https:\/\/candas365.es\/noticias\/wp-json\/wp\/v2\/tags?post=152894"}],"curies":[{"name":"wp","href":"https:\/\/api.w.org\/{rel}","templated":true}]}}