{"id":152890,"date":"2021-03-30T09:46:29","date_gmt":"2021-03-30T09:46:29","guid":{"rendered":"http:\/\/candas365.es\/noticias\/?p=152890"},"modified":"2021-03-30T09:46:29","modified_gmt":"2021-03-30T09:46:29","slug":"abril-literario-con-asturies-cultura-en-rede","status":"publish","type":"post","link":"https:\/\/candas365.es\/noticias\/abril-literario-con-asturies-cultura-en-rede\/","title":{"rendered":"Abril literario con Asturies, Cultura en Rede"},"content":{"rendered":"<p><strong><img fetchpriority=\"high\" decoding=\"async\" class=\"alignleft size-medium wp-image-146425\" src=\"https:\/\/candas365.es\/noticias\/wp-content\/uploads\/2020\/08\/old-books-436498_640-360x240.jpg\" alt=\"\" width=\"360\" height=\"240\" srcset=\"https:\/\/candas365.es\/noticias\/wp-content\/uploads\/2020\/08\/old-books-436498_640-360x240.jpg 360w, https:\/\/candas365.es\/noticias\/wp-content\/uploads\/2020\/08\/old-books-436498_640-631x420.jpg 631w, https:\/\/candas365.es\/noticias\/wp-content\/uploads\/2020\/08\/old-books-436498_640.jpg 640w\" sizes=\"(max-width: 360px) 100vw, 360px\" \/>Abril ser\u00e1 un mes literario con las diferentes propuestas de Asturias<\/strong>, Cultura en Rede, el proyecto de la Consejer\u00eda de Cultura, Pol\u00edtica Lling\u00fc\u00edstica y Turismo, realizado en colaboraci\u00f3n con los ayuntamientos asturianos y gestionado por la Sociedad P\u00fablica de Gesti\u00f3n Tur\u00edstica y Cultural del Principado de Asturias, que tambi\u00e9n incluye circuitos tem\u00e1ticos de artes pl\u00e1sticas y visuales, cultura tradicional, m\u00fasica y artes esc\u00e9nicas por distintos concejos del Principado.<\/p>\n<p>El circuito de literatura cuenta con una amplia programaci\u00f3n este mes en el que se celebra el D\u00eda del Libro. <strong>El Arca de Mozart llevar\u00e1 \u00bfA qu\u00e9 suenan los libros? a Llanera, Lena, Nava, Cangas de On\u00eds, Nore\u00f1a y Colunga<\/strong>; Carlos Alba estar\u00e1 con el cuentacuentos Lo que me cont\u00f3 la T\u00eda Carola en El Franco, Grado y Tineo y con Narrativa corta del Siglo XX espa\u00f1ol, en Vald\u00e9s; las hermanas Sil y Gema Fern\u00e1ndez con Animal\u00edas e Incertidumbre en Oviedo; Musa Cafe\u00edna, con Tierra Fada en Llanera y con Soy palabra, soy una canci\u00f3n, en Villaviciosa; y Puppys, en Corvera de Asturias, Ribadesella, Muros de Nal\u00f3n y Oviedo. Habr\u00e1 adem\u00e1s un taller de iniciaci\u00f3n a la creaci\u00f3n de una novela en Las Regueras, de narraci\u00f3n y escritura creativa en Navia y sobre c\u00f3mo hacer un libro infantil en Gij\u00f3n, a lo que se suma un proyecto de dinamizaci\u00f3n lectora y creaci\u00f3n literaria, Ellas viajan de Vialibri, a partir del 19 de abril en Laviana.<\/p>\n<p>De la mano del circuito de artes pl\u00e1sticas y visuales se podr\u00e1n visitar en abril tres muestras en los concejos de Oviedo, Navia y Avil\u00e9s. Desde el 6 de abril se puede ver Ecos de Ram\u00f3n Isidoro y A Bulto Cultura en Navia, en la que se recrea el desaf\u00edo de estar en el paisaje y estar en la pintura; y desde el 7 de abril en Oviedo, FugArte, un proyecto art\u00edstico multidisciplinar de la Asociaci\u00f3n de Artistas Independientes Los Purificados. El 13 de abril se inaugura en Avil\u00e9s la Trilog\u00eda po\u00e9tica ilustrada Al horru de Ediciones Pata Negra, integrada por 60 poetas y otros tantos artistas pl\u00e1sticos en la que se homenajea este elemento mueble tan representativo de Asturias.<\/p>\n<p>La cultura tradicional estar\u00e1 presente con la conferencia teatralizada Los reyes asturianos de Laura Iglesia en Navia, ahondando en la mitolog\u00eda asturiana o en la vestimenta tradicional con Aladanza, educaci\u00f3n y tradici\u00f3n en Llanes, Grado y Castrill\u00f3n y en los instrumentos con Ente las cuerdes de Rub\u00e9n Bada en Soto del Barco. <strong>Tambi\u00e9n se podr\u00e1 disfrutar de cuentos basados en la tradici\u00f3n oral asturiana con Carlos Alba en Gij\u00f3n, Navia y Carre\u00f1o<\/strong>; de Cuentos, conseyes y marionetes de Elisabet Mart\u00edn Teatro en Villaviciosa, Lena y Nava; y de una Ruta primitiva por Asturias en Llanes y Navia, que re\u00fane parte del vestuario creado por Maite Cap\u00edn para la pel\u00edcula El Crucigrama de Jacob de Ana L. Mart\u00edn.<\/p>\n<p>Habr\u00e1 m\u00fasica con la Orquesta C\u00e9ltica Asturiana en Ribadesella y Lena; con Dixebra en Grado; con Anabel Santiago en Llanes, San Mart\u00edn del Rey Aurelio y Salas; con Rafa Lorenzo en Colunga; y con Jorge Cambareli Cuartet en Vald\u00e9s.<\/p>\n<p>En el marco del circuito de artes esc\u00e9nicas se podr\u00e1 ver en abril espect\u00e1culos de teatro, danza o magia en m\u00e1s de una veintena de concejos: Libertad, libertad, libertad de Producciones Nun Tris y Black Friday de Piquero Producciones en Mieres; El Gran Braulio de Adri\u00e1n Conde en Tineo; Cuidado con las palabras de Guayomin\u00ed Producciones en Pravia; Cuentos por la igualdad de Elisabet Mart\u00edn Teatro en Laviana; Shoal de Dana Raz Dance Projects y Abre el ojo de A66 Producciones en Oviedo; Si pudiera&#8230; de Con Alevos\u00eda Teatro en Ribadesella; Museum: la historia del arte para ni\u00f1os y ni\u00f1as de Espect\u00e1culos Arlequina y La L\u00edquida Teatro en Lena; La historia de la peque\u00f1a rape abisal de Producciones Viesqueswood en Muros de Nal\u00f3n; \u00a1Ay Carmela! de Carmela en Gij\u00f3n, Lena y Carre\u00f1o; Azul y la revoluci\u00f3n de los colores de Mar Rojo Teatro en Tapia; Cor\u00edn Tellado, el espect\u00e1culo de El Jaleo Producciones en Cangas del Narcea y El Franco; La gran sultana de Econom\u00eda por Ondas en Pilo\u00f1a; Marce y Dioni de El Desv\u00e1n de los Deseos en Nava; Cuentos del atardecer de Tragaluz T\u00edteres en Ribadedeva; En un lugar de la niebla de Ververemos en Cangas de On\u00eds; Pan de Teatro Plus en Villaviciosa y Gij\u00f3n; Danza para ni\u00f1os kinkis de Proyecto Piloto en Salas; Bojiganga de Teatro del Cuervo en Llanera; y Disculpe Caballero de ZigZag Danza en Colunga.<\/p>\n<p>La programaci\u00f3n de Asturies, Cultura en Rede puede sufrir modificaciones en funci\u00f3n de la evoluci\u00f3n de la pandemia por Covid-19. Se puede consultar las fechas, horarios y la informaci\u00f3n actualizada en www.asturiesculturaenrede.es.<\/p>\n<p>&nbsp;<\/p>\n","protected":false},"excerpt":{"rendered":"<p>Abril ser\u00e1 un mes literario con las diferentes propuestas de Asturias, Cultura en Rede, el proyecto de la Consejer\u00eda de Cultura, Pol\u00edtica Lling\u00fc\u00edstica y Turismo, realizado en colaboraci\u00f3n con los ayuntamientos asturianos y gestionado por la Sociedad P\u00fablica de Gesti\u00f3n Tur\u00edstica y Cultural del Principado de Asturias, que tambi\u00e9n incluye circuitos tem\u00e1ticos de artes pl\u00e1sticas<\/p>\n","protected":false},"author":1,"featured_media":146425,"comment_status":"closed","ping_status":"closed","sticky":false,"template":"","format":"standard","meta":{"footnotes":""},"categories":[1],"tags":[],"class_list":{"0":"post-152890","1":"post","2":"type-post","3":"status-publish","4":"format-standard","5":"has-post-thumbnail","7":"category-agenda"},"aioseo_notices":[],"aioseo_head":"\n\t\t<!-- All in One SEO Pro 4.9.6.2 - aioseo.com -->\n\t<meta name=\"description\" content=\"Abril ser\u00e1 un mes literario con las diferentes propuestas de Asturias, Cultura en Rede, el proyecto de la Consejer\u00eda de Cultura, Pol\u00edtica Lling\u00fc\u00edstica y TurismoAbril ser\u00e1 un mes literario con las diferentes propuestas de Asturias, Cultura en Rede, el proyecto de la Consejer\u00eda de Cultura, Pol\u00edtica Lling\u00fc\u00edstica y Turismo, realizado en colaboraci\u00f3n con los ayuntamientos asturianos y gestionado por la Sociedad P\u00fablica de Gesti\u00f3n Tur\u00edstica y Cultural del Principado de Asturias, que tambi\u00e9n incluye circuitos tem\u00e1ticos de artes pl\u00e1sticas\" \/>\n\t<meta name=\"robots\" content=\"max-image-preview:large\" \/>\n\t<meta name=\"author\" content=\"Cand\u00e1s 365\"\/>\n\t<meta name=\"google-site-verification\" content=\"UA-32230408-1\" \/>\n\t<meta name=\"msvalidate.01\" content=\"354F3CDFB2DA171B47FBE9ABF1F88D5\" \/>\n\t<meta name=\"keywords\" content=\"agenda,asturias,carre\u00f1o\" \/>\n\t<link rel=\"canonical\" href=\"https:\/\/candas365.es\/noticias\/abril-literario-con-asturies-cultura-en-rede\/\" \/>\n\t<meta name=\"generator\" content=\"All in One SEO Pro (AIOSEO) 4.9.6.2\" \/>\n\t\t<meta property=\"og:locale\" content=\"es_ES\" \/>\n\t\t<meta property=\"og:site_name\" content=\"Cand\u00e1s 365\" \/>\n\t\t<meta property=\"og:type\" content=\"article\" \/>\n\t\t<meta property=\"og:title\" content=\"Abril literario con Asturies, Cultura en Rede | Cand\u00e1s 365\" \/>\n\t\t<meta property=\"og:description\" content=\"Abril ser\u00e1 un mes literario con las diferentes propuestas de Asturias, Cultura en Rede, el proyecto de la Consejer\u00eda de Cultura, Pol\u00edtica Lling\u00fc\u00edstica y TurismoAbril ser\u00e1 un mes literario con las diferentes propuestas de Asturias, Cultura en Rede, el proyecto de la Consejer\u00eda de Cultura, Pol\u00edtica Lling\u00fc\u00edstica y Turismo, realizado en colaboraci\u00f3n con los ayuntamientos asturianos y gestionado por la Sociedad P\u00fablica de Gesti\u00f3n Tur\u00edstica y Cultural del Principado de Asturias, que tambi\u00e9n incluye circuitos tem\u00e1ticos de artes pl\u00e1sticas\" \/>\n\t\t<meta property=\"og:url\" content=\"https:\/\/candas365.es\/noticias\/abril-literario-con-asturies-cultura-en-rede\/\" \/>\n\t\t<meta property=\"og:image\" content=\"https:\/\/candas365.es\/noticias\/wp-content\/uploads\/2020\/08\/old-books-436498_640.jpg\" \/>\n\t\t<meta property=\"og:image:secure_url\" content=\"https:\/\/candas365.es\/noticias\/wp-content\/uploads\/2020\/08\/old-books-436498_640.jpg\" \/>\n\t\t<meta property=\"og:image:width\" content=\"640\" \/>\n\t\t<meta property=\"og:image:height\" content=\"426\" \/>\n\t\t<meta property=\"article:published_time\" content=\"2021-03-30T09:46:29+00:00\" \/>\n\t\t<meta property=\"article:modified_time\" content=\"2021-03-30T09:46:29+00:00\" \/>\n\t\t<meta property=\"article:publisher\" content=\"https:\/\/www.facebook.com\/Nachofdezber\" \/>\n\t\t<meta property=\"article:author\" content=\"https:\/\/www.facebook.com\/carrenoactualidad\" \/>\n\t\t<meta name=\"twitter:card\" content=\"summary_large_image\" \/>\n\t\t<meta name=\"twitter:site\" content=\"@NabercoDigital\" \/>\n\t\t<meta name=\"twitter:title\" content=\"Abril literario con Asturies, Cultura en Rede | Cand\u00e1s 365\" \/>\n\t\t<meta name=\"twitter:description\" content=\"Abril ser\u00e1 un mes literario con las diferentes propuestas de Asturias, Cultura en Rede, el proyecto de la Consejer\u00eda de Cultura, Pol\u00edtica Lling\u00fc\u00edstica y TurismoAbril ser\u00e1 un mes literario con las diferentes propuestas de Asturias, Cultura en Rede, el proyecto de la Consejer\u00eda de Cultura, Pol\u00edtica Lling\u00fc\u00edstica y Turismo, realizado en colaboraci\u00f3n con los ayuntamientos asturianos y gestionado por la Sociedad P\u00fablica de Gesti\u00f3n Tur\u00edstica y Cultural del Principado de Asturias, que tambi\u00e9n incluye circuitos tem\u00e1ticos de artes pl\u00e1sticas\" \/>\n\t\t<meta name=\"twitter:creator\" content=\"@nbasturias\" \/>\n\t\t<meta name=\"twitter:image\" content=\"https:\/\/candas365.es\/noticias\/wp-content\/uploads\/2020\/08\/old-books-436498_640.jpg\" \/>\n\t\t<meta name=\"twitter:label1\" content=\"Escrito por\" \/>\n\t\t<meta name=\"twitter:data1\" content=\"Cand\u00e1s 365\" \/>\n\t\t<meta name=\"twitter:label2\" content=\"Tiempo de lectura estimado\" \/>\n\t\t<meta name=\"twitter:data2\" content=\"4 minutos\" \/>\n\t\t<script type=\"application\/ld+json\" class=\"aioseo-schema\">\n\t\t\t{\"@context\":\"https:\\\/\\\/schema.org\",\"@graph\":[{\"@type\":\"BreadcrumbList\",\"@id\":\"https:\\\/\\\/candas365.es\\\/noticias\\\/abril-literario-con-asturies-cultura-en-rede\\\/#breadcrumblist\",\"itemListElement\":[{\"@type\":\"ListItem\",\"@id\":\"https:\\\/\\\/candas365.es\\\/noticias#listItem\",\"position\":1,\"name\":\"Home\",\"item\":\"https:\\\/\\\/candas365.es\\\/noticias\",\"nextItem\":{\"@type\":\"ListItem\",\"@id\":\"https:\\\/\\\/candas365.es\\\/noticias\\\/category\\\/agenda\\\/#listItem\",\"name\":\"Agenda\"}},{\"@type\":\"ListItem\",\"@id\":\"https:\\\/\\\/candas365.es\\\/noticias\\\/category\\\/agenda\\\/#listItem\",\"position\":2,\"name\":\"Agenda\",\"item\":\"https:\\\/\\\/candas365.es\\\/noticias\\\/category\\\/agenda\\\/\",\"nextItem\":{\"@type\":\"ListItem\",\"@id\":\"https:\\\/\\\/candas365.es\\\/noticias\\\/abril-literario-con-asturies-cultura-en-rede\\\/#listItem\",\"name\":\"Abril literario con Asturies, Cultura en Rede\"},\"previousItem\":{\"@type\":\"ListItem\",\"@id\":\"https:\\\/\\\/candas365.es\\\/noticias#listItem\",\"name\":\"Home\"}},{\"@type\":\"ListItem\",\"@id\":\"https:\\\/\\\/candas365.es\\\/noticias\\\/abril-literario-con-asturies-cultura-en-rede\\\/#listItem\",\"position\":3,\"name\":\"Abril literario con Asturies, Cultura en Rede\",\"previousItem\":{\"@type\":\"ListItem\",\"@id\":\"https:\\\/\\\/candas365.es\\\/noticias\\\/category\\\/agenda\\\/#listItem\",\"name\":\"Agenda\"}}]},{\"@type\":\"NewsArticle\",\"@id\":\"https:\\\/\\\/candas365.es\\\/noticias\\\/abril-literario-con-asturies-cultura-en-rede\\\/#newsarticle\",\"name\":\"Abril literario con Asturies, Cultura en Rede | Cand\\u00e1s 365\",\"headline\":\"Abril literario con Asturies, Cultura en Rede\",\"author\":{\"@id\":\"https:\\\/\\\/candas365.es\\\/noticias\\\/author\\\/admin\\\/#author\"},\"publisher\":{\"@id\":\"https:\\\/\\\/candas365.es\\\/noticias\\\/#organization\"},\"image\":{\"@type\":\"ImageObject\",\"url\":\"https:\\\/\\\/candas365.es\\\/noticias\\\/wp-content\\\/uploads\\\/2020\\\/08\\\/old-books-436498_640.jpg\",\"width\":640,\"height\":426},\"datePublished\":\"2021-03-30T09:46:29+02:00\",\"dateModified\":\"2021-03-30T09:46:29+02:00\",\"inLanguage\":\"es-ES\",\"mainEntityOfPage\":{\"@id\":\"https:\\\/\\\/candas365.es\\\/noticias\\\/abril-literario-con-asturies-cultura-en-rede\\\/#webpage\"},\"isPartOf\":{\"@id\":\"https:\\\/\\\/candas365.es\\\/noticias\\\/abril-literario-con-asturies-cultura-en-rede\\\/#webpage\"},\"articleSection\":\"Agenda\",\"dateline\":\"Publicado el marzo 30, 2021.\"},{\"@type\":\"Organization\",\"@id\":\"https:\\\/\\\/candas365.es\\\/noticias\\\/#organization\",\"name\":\"Cand\\u00e1s 365\",\"description\":\"Cand\\u00e1s 365 es un diario digital independiente, fundado en 2012, con base en Asturias. Informamos con rigor sobre actualidad, sociedad, cultura y ocio, con una mirada local y global.\",\"url\":\"https:\\\/\\\/candas365.es\\\/noticias\\\/\",\"email\":\"info@candas365.es\",\"telephone\":\"+34652131393\",\"foundingDate\":\"2012-06-10\",\"logo\":{\"@type\":\"ImageObject\",\"url\":\"https:\\\/\\\/candas365.es\\\/noticias\\\/wp-content\\\/uploads\\\/2024\\\/09\\\/Candas-365-Redes.jpg\",\"@id\":\"https:\\\/\\\/candas365.es\\\/noticias\\\/abril-literario-con-asturies-cultura-en-rede\\\/#organizationLogo\",\"width\":1152,\"height\":864,\"caption\":\"Cand\\u00e1s 365 Redes\"},\"image\":{\"@id\":\"https:\\\/\\\/candas365.es\\\/noticias\\\/abril-literario-con-asturies-cultura-en-rede\\\/#organizationLogo\"},\"sameAs\":[\"https:\\\/\\\/www.facebook.com\\\/Nachofdezber\",\"https:\\\/\\\/x.com\\\/NabercoDigital\",\"https:\\\/\\\/www.instagram.com\\\/nachofdezber\\\/\",\"https:\\\/\\\/www.youtube.com\\\/channel\\\/UCZP-2wLEB9Rv6erhFmqVnvg\"],\"address\":{\"@id\":\"https:\\\/\\\/candas365.es\\\/noticias\\\/#postaladdress\",\"@type\":\"PostalAddress\",\"streetAddress\":\"san antonio 4, san antonio 4\",\"postalCode\":\"33430\",\"addressLocality\":\"Cand\\u00e1s\",\"addressRegion\":\"Asturias\",\"addressCountry\":\"ES\"}},{\"@type\":\"Person\",\"@id\":\"https:\\\/\\\/candas365.es\\\/noticias\\\/author\\\/admin\\\/#author\",\"url\":\"https:\\\/\\\/candas365.es\\\/noticias\\\/author\\\/admin\\\/\",\"name\":\"Cand\\u00e1s 365\",\"image\":{\"@type\":\"ImageObject\",\"@id\":\"https:\\\/\\\/candas365.es\\\/noticias\\\/abril-literario-con-asturies-cultura-en-rede\\\/#authorImage\",\"url\":\"https:\\\/\\\/secure.gravatar.com\\\/avatar\\\/496a8e03d0c493ede1718b7934145dbdf8d89be1036b0eec9544e1094c9de390?s=96&d=mm&r=g\",\"width\":96,\"height\":96,\"caption\":\"Cand\\u00e1s 365\"},\"sameAs\":[\"https:\\\/\\\/www.facebook.com\\\/carrenoactualidad\",\"https:\\\/\\\/twitter.com\\\/nbasturias\",\"https:\\\/\\\/www.instagram.com\\\/nachofdezber\\\/\",\"https:\\\/\\\/www.youtube.com\\\/channel\\\/UCZP-2wLEB9Rv6erhFmqVnvg\"]},{\"@type\":\"WebPage\",\"@id\":\"https:\\\/\\\/candas365.es\\\/noticias\\\/abril-literario-con-asturies-cultura-en-rede\\\/#webpage\",\"url\":\"https:\\\/\\\/candas365.es\\\/noticias\\\/abril-literario-con-asturies-cultura-en-rede\\\/\",\"name\":\"Abril literario con Asturies, Cultura en Rede | Cand\\u00e1s 365\",\"description\":\"Abril ser\\u00e1 un mes literario con las diferentes propuestas de Asturias, Cultura en Rede, el proyecto de la Consejer\\u00eda de Cultura, Pol\\u00edtica Lling\\u00fc\\u00edstica y TurismoAbril ser\\u00e1 un mes literario con las diferentes propuestas de Asturias, Cultura en Rede, el proyecto de la Consejer\\u00eda de Cultura, Pol\\u00edtica Lling\\u00fc\\u00edstica y Turismo, realizado en colaboraci\\u00f3n con los ayuntamientos asturianos y gestionado por la Sociedad P\\u00fablica de Gesti\\u00f3n Tur\\u00edstica y Cultural del Principado de Asturias, que tambi\\u00e9n incluye circuitos tem\\u00e1ticos de artes pl\\u00e1sticas\",\"inLanguage\":\"es-ES\",\"isPartOf\":{\"@id\":\"https:\\\/\\\/candas365.es\\\/noticias\\\/#website\"},\"breadcrumb\":{\"@id\":\"https:\\\/\\\/candas365.es\\\/noticias\\\/abril-literario-con-asturies-cultura-en-rede\\\/#breadcrumblist\"},\"author\":{\"@id\":\"https:\\\/\\\/candas365.es\\\/noticias\\\/author\\\/admin\\\/#author\"},\"creator\":{\"@id\":\"https:\\\/\\\/candas365.es\\\/noticias\\\/author\\\/admin\\\/#author\"},\"image\":{\"@type\":\"ImageObject\",\"url\":\"https:\\\/\\\/candas365.es\\\/noticias\\\/wp-content\\\/uploads\\\/2020\\\/08\\\/old-books-436498_640.jpg\",\"@id\":\"https:\\\/\\\/candas365.es\\\/noticias\\\/abril-literario-con-asturies-cultura-en-rede\\\/#mainImage\",\"width\":640,\"height\":426},\"primaryImageOfPage\":{\"@id\":\"https:\\\/\\\/candas365.es\\\/noticias\\\/abril-literario-con-asturies-cultura-en-rede\\\/#mainImage\"},\"datePublished\":\"2021-03-30T09:46:29+02:00\",\"dateModified\":\"2021-03-30T09:46:29+02:00\"},{\"@type\":\"WebSite\",\"@id\":\"https:\\\/\\\/candas365.es\\\/noticias\\\/#website\",\"url\":\"https:\\\/\\\/candas365.es\\\/noticias\\\/\",\"name\":\"Cand\\u00e1s 365\",\"alternateName\":\"Cand\\u00e1s 365 Noticias\",\"description\":\"Actualidad desde Carre\\u00f1o para el mundo\",\"inLanguage\":\"es-ES\",\"publisher\":{\"@id\":\"https:\\\/\\\/candas365.es\\\/noticias\\\/#organization\"}}]}\n\t\t<\/script>\n\t\t<!-- All in One SEO Pro -->\r\n\t\t<title>Abril literario con Asturies, Cultura en Rede | Cand\u00e1s 365<\/title>\n\n","aioseo_head_json":{"title":"Abril literario con Asturies, Cultura en Rede | Cand\u00e1s 365","description":"Abril ser\u00e1 un mes literario con las diferentes propuestas de Asturias, Cultura en Rede, el proyecto de la Consejer\u00eda de Cultura, Pol\u00edtica Lling\u00fc\u00edstica y TurismoAbril ser\u00e1 un mes literario con las diferentes propuestas de Asturias, Cultura en Rede, el proyecto de la Consejer\u00eda de Cultura, Pol\u00edtica Lling\u00fc\u00edstica y Turismo, realizado en colaboraci\u00f3n con los ayuntamientos asturianos y gestionado por la Sociedad P\u00fablica de Gesti\u00f3n Tur\u00edstica y Cultural del Principado de Asturias, que tambi\u00e9n incluye circuitos tem\u00e1ticos de artes pl\u00e1sticas","canonical_url":"https:\/\/candas365.es\/noticias\/abril-literario-con-asturies-cultura-en-rede\/","robots":"max-image-preview:large","keywords":"agenda,asturias,carre\u00f1o","webmasterTools":{"google-site-verification":"UA-32230408-1","msvalidate.01":"354F3CDFB2DA171B47FBE9ABF1F88D5","miscellaneous":""},"schema":{"@context":"https:\/\/schema.org","@graph":[{"@type":"BreadcrumbList","@id":"https:\/\/candas365.es\/noticias\/abril-literario-con-asturies-cultura-en-rede\/#breadcrumblist","itemListElement":[{"@type":"ListItem","@id":"https:\/\/candas365.es\/noticias#listItem","position":1,"name":"Home","item":"https:\/\/candas365.es\/noticias","nextItem":{"@type":"ListItem","@id":"https:\/\/candas365.es\/noticias\/category\/agenda\/#listItem","name":"Agenda"}},{"@type":"ListItem","@id":"https:\/\/candas365.es\/noticias\/category\/agenda\/#listItem","position":2,"name":"Agenda","item":"https:\/\/candas365.es\/noticias\/category\/agenda\/","nextItem":{"@type":"ListItem","@id":"https:\/\/candas365.es\/noticias\/abril-literario-con-asturies-cultura-en-rede\/#listItem","name":"Abril literario con Asturies, Cultura en Rede"},"previousItem":{"@type":"ListItem","@id":"https:\/\/candas365.es\/noticias#listItem","name":"Home"}},{"@type":"ListItem","@id":"https:\/\/candas365.es\/noticias\/abril-literario-con-asturies-cultura-en-rede\/#listItem","position":3,"name":"Abril literario con Asturies, Cultura en Rede","previousItem":{"@type":"ListItem","@id":"https:\/\/candas365.es\/noticias\/category\/agenda\/#listItem","name":"Agenda"}}]},{"@type":"NewsArticle","@id":"https:\/\/candas365.es\/noticias\/abril-literario-con-asturies-cultura-en-rede\/#newsarticle","name":"Abril literario con Asturies, Cultura en Rede | Cand\u00e1s 365","headline":"Abril literario con Asturies, Cultura en Rede","author":{"@id":"https:\/\/candas365.es\/noticias\/author\/admin\/#author"},"publisher":{"@id":"https:\/\/candas365.es\/noticias\/#organization"},"image":{"@type":"ImageObject","url":"https:\/\/candas365.es\/noticias\/wp-content\/uploads\/2020\/08\/old-books-436498_640.jpg","width":640,"height":426},"datePublished":"2021-03-30T09:46:29+02:00","dateModified":"2021-03-30T09:46:29+02:00","inLanguage":"es-ES","mainEntityOfPage":{"@id":"https:\/\/candas365.es\/noticias\/abril-literario-con-asturies-cultura-en-rede\/#webpage"},"isPartOf":{"@id":"https:\/\/candas365.es\/noticias\/abril-literario-con-asturies-cultura-en-rede\/#webpage"},"articleSection":"Agenda","dateline":"Publicado el marzo 30, 2021."},{"@type":"Organization","@id":"https:\/\/candas365.es\/noticias\/#organization","name":"Cand\u00e1s 365","description":"Cand\u00e1s 365 es un diario digital independiente, fundado en 2012, con base en Asturias. Informamos con rigor sobre actualidad, sociedad, cultura y ocio, con una mirada local y global.","url":"https:\/\/candas365.es\/noticias\/","email":"info@candas365.es","telephone":"+34652131393","foundingDate":"2012-06-10","logo":{"@type":"ImageObject","url":"https:\/\/candas365.es\/noticias\/wp-content\/uploads\/2024\/09\/Candas-365-Redes.jpg","@id":"https:\/\/candas365.es\/noticias\/abril-literario-con-asturies-cultura-en-rede\/#organizationLogo","width":1152,"height":864,"caption":"Cand\u00e1s 365 Redes"},"image":{"@id":"https:\/\/candas365.es\/noticias\/abril-literario-con-asturies-cultura-en-rede\/#organizationLogo"},"sameAs":["https:\/\/www.facebook.com\/Nachofdezber","https:\/\/x.com\/NabercoDigital","https:\/\/www.instagram.com\/nachofdezber\/","https:\/\/www.youtube.com\/channel\/UCZP-2wLEB9Rv6erhFmqVnvg"],"address":{"@id":"https:\/\/candas365.es\/noticias\/#postaladdress","@type":"PostalAddress","streetAddress":"san antonio 4, san antonio 4","postalCode":"33430","addressLocality":"Cand\u00e1s","addressRegion":"Asturias","addressCountry":"ES"}},{"@type":"Person","@id":"https:\/\/candas365.es\/noticias\/author\/admin\/#author","url":"https:\/\/candas365.es\/noticias\/author\/admin\/","name":"Cand\u00e1s 365","image":{"@type":"ImageObject","@id":"https:\/\/candas365.es\/noticias\/abril-literario-con-asturies-cultura-en-rede\/#authorImage","url":"https:\/\/secure.gravatar.com\/avatar\/496a8e03d0c493ede1718b7934145dbdf8d89be1036b0eec9544e1094c9de390?s=96&d=mm&r=g","width":96,"height":96,"caption":"Cand\u00e1s 365"},"sameAs":["https:\/\/www.facebook.com\/carrenoactualidad","https:\/\/twitter.com\/nbasturias","https:\/\/www.instagram.com\/nachofdezber\/","https:\/\/www.youtube.com\/channel\/UCZP-2wLEB9Rv6erhFmqVnvg"]},{"@type":"WebPage","@id":"https:\/\/candas365.es\/noticias\/abril-literario-con-asturies-cultura-en-rede\/#webpage","url":"https:\/\/candas365.es\/noticias\/abril-literario-con-asturies-cultura-en-rede\/","name":"Abril literario con Asturies, Cultura en Rede | Cand\u00e1s 365","description":"Abril ser\u00e1 un mes literario con las diferentes propuestas de Asturias, Cultura en Rede, el proyecto de la Consejer\u00eda de Cultura, Pol\u00edtica Lling\u00fc\u00edstica y TurismoAbril ser\u00e1 un mes literario con las diferentes propuestas de Asturias, Cultura en Rede, el proyecto de la Consejer\u00eda de Cultura, Pol\u00edtica Lling\u00fc\u00edstica y Turismo, realizado en colaboraci\u00f3n con los ayuntamientos asturianos y gestionado por la Sociedad P\u00fablica de Gesti\u00f3n Tur\u00edstica y Cultural del Principado de Asturias, que tambi\u00e9n incluye circuitos tem\u00e1ticos de artes pl\u00e1sticas","inLanguage":"es-ES","isPartOf":{"@id":"https:\/\/candas365.es\/noticias\/#website"},"breadcrumb":{"@id":"https:\/\/candas365.es\/noticias\/abril-literario-con-asturies-cultura-en-rede\/#breadcrumblist"},"author":{"@id":"https:\/\/candas365.es\/noticias\/author\/admin\/#author"},"creator":{"@id":"https:\/\/candas365.es\/noticias\/author\/admin\/#author"},"image":{"@type":"ImageObject","url":"https:\/\/candas365.es\/noticias\/wp-content\/uploads\/2020\/08\/old-books-436498_640.jpg","@id":"https:\/\/candas365.es\/noticias\/abril-literario-con-asturies-cultura-en-rede\/#mainImage","width":640,"height":426},"primaryImageOfPage":{"@id":"https:\/\/candas365.es\/noticias\/abril-literario-con-asturies-cultura-en-rede\/#mainImage"},"datePublished":"2021-03-30T09:46:29+02:00","dateModified":"2021-03-30T09:46:29+02:00"},{"@type":"WebSite","@id":"https:\/\/candas365.es\/noticias\/#website","url":"https:\/\/candas365.es\/noticias\/","name":"Cand\u00e1s 365","alternateName":"Cand\u00e1s 365 Noticias","description":"Actualidad desde Carre\u00f1o para el mundo","inLanguage":"es-ES","publisher":{"@id":"https:\/\/candas365.es\/noticias\/#organization"}}]},"og:locale":"es_ES","og:site_name":"Cand\u00e1s 365","og:type":"article","og:title":"Abril literario con Asturies, Cultura en Rede | Cand\u00e1s 365","og:description":"Abril ser\u00e1 un mes literario con las diferentes propuestas de Asturias, Cultura en Rede, el proyecto de la Consejer\u00eda de Cultura, Pol\u00edtica Lling\u00fc\u00edstica y TurismoAbril ser\u00e1 un mes literario con las diferentes propuestas de Asturias, Cultura en Rede, el proyecto de la Consejer\u00eda de Cultura, Pol\u00edtica Lling\u00fc\u00edstica y Turismo, realizado en colaboraci\u00f3n con los ayuntamientos asturianos y gestionado por la Sociedad P\u00fablica de Gesti\u00f3n Tur\u00edstica y Cultural del Principado de Asturias, que tambi\u00e9n incluye circuitos tem\u00e1ticos de artes pl\u00e1sticas","og:url":"https:\/\/candas365.es\/noticias\/abril-literario-con-asturies-cultura-en-rede\/","og:image":"https:\/\/candas365.es\/noticias\/wp-content\/uploads\/2020\/08\/old-books-436498_640.jpg","og:image:secure_url":"https:\/\/candas365.es\/noticias\/wp-content\/uploads\/2020\/08\/old-books-436498_640.jpg","og:image:width":640,"og:image:height":426,"article:published_time":"2021-03-30T09:46:29+00:00","article:modified_time":"2021-03-30T09:46:29+00:00","article:publisher":"https:\/\/www.facebook.com\/Nachofdezber","article:author":"https:\/\/www.facebook.com\/carrenoactualidad","twitter:card":"summary_large_image","twitter:site":"@NabercoDigital","twitter:title":"Abril literario con Asturies, Cultura en Rede | Cand\u00e1s 365","twitter:description":"Abril ser\u00e1 un mes literario con las diferentes propuestas de Asturias, Cultura en Rede, el proyecto de la Consejer\u00eda de Cultura, Pol\u00edtica Lling\u00fc\u00edstica y TurismoAbril ser\u00e1 un mes literario con las diferentes propuestas de Asturias, Cultura en Rede, el proyecto de la Consejer\u00eda de Cultura, Pol\u00edtica Lling\u00fc\u00edstica y Turismo, realizado en colaboraci\u00f3n con los ayuntamientos asturianos y gestionado por la Sociedad P\u00fablica de Gesti\u00f3n Tur\u00edstica y Cultural del Principado de Asturias, que tambi\u00e9n incluye circuitos tem\u00e1ticos de artes pl\u00e1sticas","twitter:creator":"@nbasturias","twitter:image":"https:\/\/candas365.es\/noticias\/wp-content\/uploads\/2020\/08\/old-books-436498_640.jpg","twitter:label1":"Escrito por","twitter:data1":"Cand\u00e1s 365","twitter:label2":"Tiempo de lectura estimado","twitter:data2":"4 minutos"},"aioseo_meta_data":{"post_id":"152890","title":null,"description":"Abril ser\u00e1 un mes literario con las diferentes propuestas de Asturias, Cultura en Rede, el proyecto de la Consejer\u00eda de Cultura, Pol\u00edtica Lling\u00fc\u00edstica y Turismo#post_excerpt","keywords":[{"label":"Agenda","value":"Agenda"},{"label":" Asturias","value":" Asturias"},{"label":" Carre\u00f1o","value":" Carre\u00f1o"}],"keyphrases":{"focus":[],"additional":[]},"primary_term":null,"canonical_url":null,"og_title":null,"og_description":null,"og_object_type":"default","og_image_type":"default","og_image_url":null,"og_image_width":null,"og_image_height":null,"og_image_custom_url":null,"og_image_custom_fields":null,"og_video":"","og_custom_url":null,"og_article_section":null,"og_article_tags":[],"twitter_use_og":false,"twitter_card":"default","twitter_image_type":"default","twitter_image_url":null,"twitter_image_custom_url":null,"twitter_image_custom_fields":null,"twitter_title":null,"twitter_description":null,"schema":{"blockGraphs":[],"customGraphs":[],"default":{"data":{"Article":[],"Course":[],"Dataset":[],"FAQPage":[],"Movie":[],"Person":[],"Product":[],"ProductReview":[],"Car":[],"Recipe":[],"Service":[],"SoftwareApplication":[],"WebPage":[]},"graphName":"","isEnabled":true},"graphs":[]},"schema_type":"default","schema_type_options":"{\"article\":{\"articleType\":\"BlogPosting\"},\"course\":{\"name\":\"\",\"description\":\"\",\"provider\":\"\"},\"faq\":{\"pages\":[]},\"product\":{\"reviews\":[]},\"recipe\":{\"ingredients\":[],\"instructions\":[],\"keywords\":[]},\"software\":{\"reviews\":[],\"operatingSystems\":[]},\"webPage\":{\"webPageType\":\"WebPage\"}}","pillar_content":false,"robots_default":true,"robots_noindex":false,"robots_noarchive":false,"robots_nosnippet":false,"robots_nofollow":false,"robots_noimageindex":false,"robots_noodp":false,"robots_notranslate":false,"robots_max_snippet":"-1","robots_max_videopreview":"-1","robots_max_imagepreview":"large","priority":null,"frequency":"default","location":null,"local_seo":{"businessInfo":{"name":"","urls":{"website":"","aboutPage":"","contactPage":""},"address":{"line1":"","line2":"","zip":"","city":"","state":"","country":""},"contact":{"email":"","phone":"","fax":""},"ids":{"vatID":"","taxID":"","chamberID":""},"payment":{"priceIndication":"","currenciesAccepted":"","methodsAccepted":""},"areaServed":""},"openingHours":{"show":false,"closedLabel":"","open24h":false,"open24hLabel":"","open247":false,"use24hFormat":false,"twoSets":false,"timezone":"","hours":[]}},"seo_analyzer_scan_date":"2025-08-31 19:09:22","breadcrumb_settings":null,"limit_modified_date":false,"reviewed_by":null,"open_ai":null,"ai":null,"created":"2021-03-30 09:43:14","updated":"2025-08-31 19:09:22"},"aioseo_breadcrumb":"<div class=\"aioseo-breadcrumbs\"><span class=\"aioseo-breadcrumb\">\n\t<a href=\"https:\/\/candas365.es\/noticias\" title=\"Home\">Home<\/a>\n<\/span><span class=\"aioseo-breadcrumb-separator\">&ndash;<\/span><span class=\"aioseo-breadcrumb\">\n\t<a href=\"https:\/\/candas365.es\/noticias\/category\/agenda\/\" title=\"Agenda\">Agenda<\/a>\n<\/span><span class=\"aioseo-breadcrumb-separator\">&ndash;<\/span><span class=\"aioseo-breadcrumb\">\n\tAbril literario con Asturies, Cultura en Rede\n<\/span><\/div>","aioseo_breadcrumb_json":[{"label":"Home","link":"https:\/\/candas365.es\/noticias"},{"label":"Agenda","link":"https:\/\/candas365.es\/noticias\/category\/agenda\/"},{"label":"Abril literario con Asturies, Cultura en Rede","link":"https:\/\/candas365.es\/noticias\/abril-literario-con-asturies-cultura-en-rede\/"}],"_links":{"self":[{"href":"https:\/\/candas365.es\/noticias\/wp-json\/wp\/v2\/posts\/152890","targetHints":{"allow":["GET"]}}],"collection":[{"href":"https:\/\/candas365.es\/noticias\/wp-json\/wp\/v2\/posts"}],"about":[{"href":"https:\/\/candas365.es\/noticias\/wp-json\/wp\/v2\/types\/post"}],"author":[{"embeddable":true,"href":"https:\/\/candas365.es\/noticias\/wp-json\/wp\/v2\/users\/1"}],"replies":[{"embeddable":true,"href":"https:\/\/candas365.es\/noticias\/wp-json\/wp\/v2\/comments?post=152890"}],"version-history":[{"count":0,"href":"https:\/\/candas365.es\/noticias\/wp-json\/wp\/v2\/posts\/152890\/revisions"}],"wp:featuredmedia":[{"embeddable":true,"href":"https:\/\/candas365.es\/noticias\/wp-json\/wp\/v2\/media\/146425"}],"wp:attachment":[{"href":"https:\/\/candas365.es\/noticias\/wp-json\/wp\/v2\/media?parent=152890"}],"wp:term":[{"taxonomy":"category","embeddable":true,"href":"https:\/\/candas365.es\/noticias\/wp-json\/wp\/v2\/categories?post=152890"},{"taxonomy":"post_tag","embeddable":true,"href":"https:\/\/candas365.es\/noticias\/wp-json\/wp\/v2\/tags?post=152890"}],"curies":[{"name":"wp","href":"https:\/\/api.w.org\/{rel}","templated":true}]}}