{"id":152884,"date":"2021-03-30T00:39:01","date_gmt":"2021-03-30T00:39:01","guid":{"rendered":"http:\/\/candas365.es\/noticias\/?p=152884"},"modified":"2021-03-30T00:39:01","modified_gmt":"2021-03-30T00:39:01","slug":"espana-vs-republica-checa-la-sub-21-en-juego","status":"publish","type":"post","link":"https:\/\/candas365.es\/noticias\/espana-vs-republica-checa-la-sub-21-en-juego\/","title":{"rendered":"Espa\u00f1a vs Rep\u00fablica Checa: La Sub-21 en juego"},"content":{"rendered":"<p><img fetchpriority=\"high\" decoding=\"async\" class=\"alignleft size-medium wp-image-98026\" src=\"https:\/\/candas365.es\/noticias\/wp-content\/uploads\/2018\/06\/football-1406106_960_720-1-360x241.jpg\" alt=\"\" width=\"360\" height=\"241\" srcset=\"https:\/\/candas365.es\/noticias\/wp-content\/uploads\/2018\/06\/football-1406106_960_720-1-360x241.jpg 360w, https:\/\/candas365.es\/noticias\/wp-content\/uploads\/2018\/06\/football-1406106_960_720-1-768x514.jpg 768w, https:\/\/candas365.es\/noticias\/wp-content\/uploads\/2018\/06\/football-1406106_960_720-1-655x439.jpg 655w, https:\/\/candas365.es\/noticias\/wp-content\/uploads\/2018\/06\/football-1406106_960_720-1-696x466.jpg 696w, https:\/\/candas365.es\/noticias\/wp-content\/uploads\/2018\/06\/football-1406106_960_720-1-627x420.jpg 627w, https:\/\/candas365.es\/noticias\/wp-content\/uploads\/2018\/06\/football-1406106_960_720-1.jpg 960w\" sizes=\"(max-width: 360px) 100vw, 360px\" \/>(EP) &#8211; La selecci\u00f3n espa\u00f1ola Sub-21 intentar\u00e1 certificar sin apuros este martes (21.00 horas\/Cuatro) su billete para los cuartos de final del Europeo de la categor\u00eda que se est\u00e1 disputando en Eslovenia y Hungr\u00eda, un objetivo que pasa principalmente por no perder ante la Rep\u00fablica Checa.<\/p>\n<p>El equipo de Luis de la Fuente necesita un punto para estar en los cruces del 31 de mayo y espera no fallar ante un combinado checo al que s\u00f3lo le vale la victoria para aspirar a clasificarse entre los dos primeros del Grupo B.<\/p>\n<p>Tras ganar c\u00f3modamente a Eslovenia, Espa\u00f1a no pudo pasar del empate sin goles ante Italia por lo que no pudo sellar su clasificaci\u00f3n, aunque todav\u00eda mantiene el derecho de depender de s\u00ed misma en una jornada final unificada donde todo lo que sea que los italianos no ganen a Eslovenia ser\u00eda de &#8216;ayuda&#8217; por si se acaba la racha de invicto.<\/p>\n<p>La &#8216;Rojita&#8217; quiere hacer valer su favoritismo y no esperar &#8216;favores&#8217; del otro partido ante una Rep\u00fablica Checa que ya cre\u00f3 problemas a la otra favorita del grupo, frente a la que ara\u00f1\u00f3 un empate (1-1), pero que tendr\u00e1 que tomar m\u00e1s riesgos en busca de esos tres puntos que le garanticen pasar como primera.<\/p>\n<p>En este sentido, la Sub-21 espa\u00f1ola sabe que tendr\u00e1 que llevar seguramente el peso del partido y ser la que m\u00e1s exponga pese a ser la que &#8216;menos&#8217; se juegue en un duelo donde la gesti\u00f3n de la presi\u00f3n y el controlar los nervios ser\u00e1n factores vitales.<\/p>\n<p>Lo positivo es que la actual campeona est\u00e1 mostr\u00e1ndose muy s\u00f3lida en el aspecto defensivo y que ante Italia alarg\u00f3 a siete sus partidos sin encajar un gol, otro factor que se presenta importante en un choque ante un rival que apelar\u00e1 a su f\u00edsico para intentar desactivar el f\u00fatbol m\u00e1s t\u00e9cnico de los de Luis de la Fuente, que probablemente vuelva a meter cambios en su once.<\/p>\n<p>En este sentido, el seleccionador est\u00e1 a la espera de saber si fructifica el recurso por la expulsi\u00f3n de \u00d3scar Mingueza ante Italia y el jugador del FC Barcelona puede ser de la partida, mientras que tambi\u00e9n podr\u00eda tener listo a Brahim D\u00edaz, que no jug\u00f3 finalmente ante el combinado italiano por el golpe sufrido en el estreno ante Eslovenia.<\/p>\n<p>Por su parte, la Rep\u00fablica Checa llega m\u00e1s acuciada a este duelo final despu\u00e9s de ver como Eslovenia le arrebataba dos puntos con un gol en los compases finales de su partido del pasado s\u00e1bado. Los checos llegaron a esta fase final tras superar en su grupo a Croacia por un punto y demostrando mucha fortaleza defensiva tambi\u00e9n, con tan s\u00f3lo cuatro goles encajados.<\/p>\n<p>\u00abQuer\u00eda cuatro puntos despu\u00e9s de los dos primeros partidos, no lo logramos, pero todav\u00eda tenemos la oportunidad de avanzar en el \u00faltimo partido, aunque jugamos contra el gran favorito y el partido no ser\u00e1 f\u00e1cil. No solo se tratar\u00e1 de defender, sino que tambi\u00e9n debemos atacar y tratar de marcar un gol. Debemos ser valientes\u00bb, advirti\u00f3 el seleccionador checo Karel Krejci.<\/p>\n<p>FICHA T\u00c9CNICA.<\/p>\n<p>POSIBLES ALINEACIONES.<\/p>\n<p>ESPA\u00d1A: \u00c1lvaro Fern\u00e1ndez; Pipa, Guillam\u00f3n, Cuenca, Miranda; Fran Beltr\u00e1n, Moncayola, Villar; Brahim, Abel Ruiz y Cucurella.<\/p>\n<p>REP\u00daBLICA CHECA: Jedlicka; Vitik, Chalus, Krejci; Holik, Bucha, Sadilek, Karabec, Sulc; Lingr y Sasinka.<\/p>\n<p>\u00c1RBITRO: Giorgi Kruashvili (GEO).<\/p>\n<p>ESTADIO: Arena Petrol.<\/p>\n<p>HORA: 21.00\/Cuatro.<\/p>\n<p>&nbsp;<\/p>\n","protected":false},"excerpt":{"rendered":"<p>(EP) &#8211; La selecci\u00f3n espa\u00f1ola Sub-21 intentar\u00e1 certificar sin apuros este martes (21.00 horas\/Cuatro) su billete para los cuartos de final del Europeo de la categor\u00eda que se est\u00e1 disputando en Eslovenia y Hungr\u00eda, un objetivo que pasa principalmente por no perder ante la Rep\u00fablica Checa. El equipo de Luis de la Fuente necesita un<\/p>\n","protected":false},"author":1,"featured_media":98026,"comment_status":"closed","ping_status":"closed","sticky":false,"template":"","format":"standard","meta":{"footnotes":""},"categories":[319],"tags":[],"class_list":{"0":"post-152884","1":"post","2":"type-post","3":"status-publish","4":"format-standard","5":"has-post-thumbnail","7":"category-deporte"},"aioseo_notices":[],"aioseo_head":"\n\t\t<!-- All in One SEO Pro 4.9.6.2 - aioseo.com -->\n\t<meta name=\"description\" content=\"La selecci\u00f3n espa\u00f1ola Sub-21 intentar\u00e1 certificar sin apuros este martes (21.00 horas\/Cuatro) su billete para los cuartos de final del Europeo(EP) - La selecci\u00f3n espa\u00f1ola Sub-21 intentar\u00e1 certificar sin apuros este martes (21.00 horas\/Cuatro) su billete para los cuartos de final del Europeo de la categor\u00eda que se est\u00e1 disputando en Eslovenia y Hungr\u00eda, un objetivo que pasa principalmente por no perder ante la Rep\u00fablica Checa. El equipo de Luis de la Fuente necesita un\" \/>\n\t<meta name=\"robots\" content=\"max-image-preview:large\" \/>\n\t<meta name=\"author\" content=\"Cand\u00e1s 365\"\/>\n\t<meta name=\"google-site-verification\" content=\"UA-32230408-1\" \/>\n\t<meta name=\"msvalidate.01\" content=\"354F3CDFB2DA171B47FBE9ABF1F88D5\" \/>\n\t<meta name=\"keywords\" content=\"deporte\" \/>\n\t<link rel=\"canonical\" href=\"https:\/\/candas365.es\/noticias\/espana-vs-republica-checa-la-sub-21-en-juego\/\" \/>\n\t<meta name=\"generator\" content=\"All in One SEO Pro (AIOSEO) 4.9.6.2\" \/>\n\t\t<meta property=\"og:locale\" content=\"es_ES\" \/>\n\t\t<meta property=\"og:site_name\" content=\"Cand\u00e1s 365\" \/>\n\t\t<meta property=\"og:type\" content=\"article\" \/>\n\t\t<meta property=\"og:title\" content=\"Espa\u00f1a vs Rep\u00fablica Checa: La Sub-21 en juego | Cand\u00e1s 365\" \/>\n\t\t<meta property=\"og:description\" content=\"La selecci\u00f3n espa\u00f1ola Sub-21 intentar\u00e1 certificar sin apuros este martes (21.00 horas\/Cuatro) su billete para los cuartos de final del Europeo(EP) - La selecci\u00f3n espa\u00f1ola Sub-21 intentar\u00e1 certificar sin apuros este martes (21.00 horas\/Cuatro) su billete para los cuartos de final del Europeo de la categor\u00eda que se est\u00e1 disputando en Eslovenia y Hungr\u00eda, un objetivo que pasa principalmente por no perder ante la Rep\u00fablica Checa. El equipo de Luis de la Fuente necesita un\" \/>\n\t\t<meta property=\"og:url\" content=\"https:\/\/candas365.es\/noticias\/espana-vs-republica-checa-la-sub-21-en-juego\/\" \/>\n\t\t<meta property=\"og:image\" content=\"https:\/\/candas365.es\/noticias\/wp-content\/uploads\/2018\/06\/football-1406106_960_720-1.jpg\" \/>\n\t\t<meta property=\"og:image:secure_url\" content=\"https:\/\/candas365.es\/noticias\/wp-content\/uploads\/2018\/06\/football-1406106_960_720-1.jpg\" \/>\n\t\t<meta property=\"og:image:width\" content=\"960\" \/>\n\t\t<meta property=\"og:image:height\" content=\"643\" \/>\n\t\t<meta property=\"article:published_time\" content=\"2021-03-30T00:39:01+00:00\" \/>\n\t\t<meta property=\"article:modified_time\" content=\"2021-03-30T00:39:01+00:00\" \/>\n\t\t<meta property=\"article:publisher\" content=\"https:\/\/www.facebook.com\/Nachofdezber\" \/>\n\t\t<meta property=\"article:author\" content=\"https:\/\/www.facebook.com\/carrenoactualidad\" \/>\n\t\t<meta name=\"twitter:card\" content=\"summary_large_image\" \/>\n\t\t<meta name=\"twitter:site\" content=\"@NabercoDigital\" \/>\n\t\t<meta name=\"twitter:title\" content=\"Espa\u00f1a vs Rep\u00fablica Checa: La Sub-21 en juego | Cand\u00e1s 365\" \/>\n\t\t<meta name=\"twitter:description\" content=\"La selecci\u00f3n espa\u00f1ola Sub-21 intentar\u00e1 certificar sin apuros este martes (21.00 horas\/Cuatro) su billete para los cuartos de final del Europeo(EP) - La selecci\u00f3n espa\u00f1ola Sub-21 intentar\u00e1 certificar sin apuros este martes (21.00 horas\/Cuatro) su billete para los cuartos de final del Europeo de la categor\u00eda que se est\u00e1 disputando en Eslovenia y Hungr\u00eda, un objetivo que pasa principalmente por no perder ante la Rep\u00fablica Checa. El equipo de Luis de la Fuente necesita un\" \/>\n\t\t<meta name=\"twitter:creator\" content=\"@nbasturias\" \/>\n\t\t<meta name=\"twitter:image\" content=\"https:\/\/candas365.es\/noticias\/wp-content\/uploads\/2018\/06\/football-1406106_960_720-1.jpg\" \/>\n\t\t<meta name=\"twitter:label1\" content=\"Escrito por\" \/>\n\t\t<meta name=\"twitter:data1\" content=\"Cand\u00e1s 365\" \/>\n\t\t<meta name=\"twitter:label2\" content=\"Tiempo de lectura estimado\" \/>\n\t\t<meta name=\"twitter:data2\" content=\"3 minutos\" \/>\n\t\t<script type=\"application\/ld+json\" class=\"aioseo-schema\">\n\t\t\t{\"@context\":\"https:\\\/\\\/schema.org\",\"@graph\":[{\"@type\":\"BreadcrumbList\",\"@id\":\"https:\\\/\\\/candas365.es\\\/noticias\\\/espana-vs-republica-checa-la-sub-21-en-juego\\\/#breadcrumblist\",\"itemListElement\":[{\"@type\":\"ListItem\",\"@id\":\"https:\\\/\\\/candas365.es\\\/noticias#listItem\",\"position\":1,\"name\":\"Home\",\"item\":\"https:\\\/\\\/candas365.es\\\/noticias\",\"nextItem\":{\"@type\":\"ListItem\",\"@id\":\"https:\\\/\\\/candas365.es\\\/noticias\\\/category\\\/deporte\\\/#listItem\",\"name\":\"Deporte\"}},{\"@type\":\"ListItem\",\"@id\":\"https:\\\/\\\/candas365.es\\\/noticias\\\/category\\\/deporte\\\/#listItem\",\"position\":2,\"name\":\"Deporte\",\"item\":\"https:\\\/\\\/candas365.es\\\/noticias\\\/category\\\/deporte\\\/\",\"nextItem\":{\"@type\":\"ListItem\",\"@id\":\"https:\\\/\\\/candas365.es\\\/noticias\\\/espana-vs-republica-checa-la-sub-21-en-juego\\\/#listItem\",\"name\":\"Espa\\u00f1a vs Rep\\u00fablica Checa: La Sub-21 en juego\"},\"previousItem\":{\"@type\":\"ListItem\",\"@id\":\"https:\\\/\\\/candas365.es\\\/noticias#listItem\",\"name\":\"Home\"}},{\"@type\":\"ListItem\",\"@id\":\"https:\\\/\\\/candas365.es\\\/noticias\\\/espana-vs-republica-checa-la-sub-21-en-juego\\\/#listItem\",\"position\":3,\"name\":\"Espa\\u00f1a vs Rep\\u00fablica Checa: La Sub-21 en juego\",\"previousItem\":{\"@type\":\"ListItem\",\"@id\":\"https:\\\/\\\/candas365.es\\\/noticias\\\/category\\\/deporte\\\/#listItem\",\"name\":\"Deporte\"}}]},{\"@type\":\"NewsArticle\",\"@id\":\"https:\\\/\\\/candas365.es\\\/noticias\\\/espana-vs-republica-checa-la-sub-21-en-juego\\\/#newsarticle\",\"name\":\"Espa\\u00f1a vs Rep\\u00fablica Checa: La Sub-21 en juego | Cand\\u00e1s 365\",\"headline\":\"Espa\\u00f1a vs Rep\\u00fablica Checa: La Sub-21 en juego\",\"author\":{\"@id\":\"https:\\\/\\\/candas365.es\\\/noticias\\\/author\\\/admin\\\/#author\"},\"publisher\":{\"@id\":\"https:\\\/\\\/candas365.es\\\/noticias\\\/#organization\"},\"image\":{\"@type\":\"ImageObject\",\"url\":\"https:\\\/\\\/candas365.es\\\/noticias\\\/wp-content\\\/uploads\\\/2018\\\/06\\\/football-1406106_960_720-1.jpg\",\"width\":960,\"height\":643},\"datePublished\":\"2021-03-30T00:39:01+02:00\",\"dateModified\":\"2021-03-30T00:39:01+02:00\",\"inLanguage\":\"es-ES\",\"mainEntityOfPage\":{\"@id\":\"https:\\\/\\\/candas365.es\\\/noticias\\\/espana-vs-republica-checa-la-sub-21-en-juego\\\/#webpage\"},\"isPartOf\":{\"@id\":\"https:\\\/\\\/candas365.es\\\/noticias\\\/espana-vs-republica-checa-la-sub-21-en-juego\\\/#webpage\"},\"articleSection\":\"Deporte\",\"dateline\":\"Publicado el marzo 30, 2021.\"},{\"@type\":\"Organization\",\"@id\":\"https:\\\/\\\/candas365.es\\\/noticias\\\/#organization\",\"name\":\"Cand\\u00e1s 365\",\"description\":\"Cand\\u00e1s 365 es un diario digital independiente, fundado en 2012, con base en Asturias. Informamos con rigor sobre actualidad, sociedad, cultura y ocio, con una mirada local y global.\",\"url\":\"https:\\\/\\\/candas365.es\\\/noticias\\\/\",\"email\":\"info@candas365.es\",\"telephone\":\"+34652131393\",\"foundingDate\":\"2012-06-10\",\"logo\":{\"@type\":\"ImageObject\",\"url\":\"https:\\\/\\\/candas365.es\\\/noticias\\\/wp-content\\\/uploads\\\/2024\\\/09\\\/Candas-365-Redes.jpg\",\"@id\":\"https:\\\/\\\/candas365.es\\\/noticias\\\/espana-vs-republica-checa-la-sub-21-en-juego\\\/#organizationLogo\",\"width\":1152,\"height\":864,\"caption\":\"Cand\\u00e1s 365 Redes\"},\"image\":{\"@id\":\"https:\\\/\\\/candas365.es\\\/noticias\\\/espana-vs-republica-checa-la-sub-21-en-juego\\\/#organizationLogo\"},\"sameAs\":[\"https:\\\/\\\/www.facebook.com\\\/Nachofdezber\",\"https:\\\/\\\/x.com\\\/NabercoDigital\",\"https:\\\/\\\/www.instagram.com\\\/nachofdezber\\\/\",\"https:\\\/\\\/www.youtube.com\\\/channel\\\/UCZP-2wLEB9Rv6erhFmqVnvg\"],\"address\":{\"@id\":\"https:\\\/\\\/candas365.es\\\/noticias\\\/#postaladdress\",\"@type\":\"PostalAddress\",\"streetAddress\":\"san antonio 4, san antonio 4\",\"postalCode\":\"33430\",\"addressLocality\":\"Cand\\u00e1s\",\"addressRegion\":\"Asturias\",\"addressCountry\":\"ES\"}},{\"@type\":\"Person\",\"@id\":\"https:\\\/\\\/candas365.es\\\/noticias\\\/author\\\/admin\\\/#author\",\"url\":\"https:\\\/\\\/candas365.es\\\/noticias\\\/author\\\/admin\\\/\",\"name\":\"Cand\\u00e1s 365\",\"image\":{\"@type\":\"ImageObject\",\"@id\":\"https:\\\/\\\/candas365.es\\\/noticias\\\/espana-vs-republica-checa-la-sub-21-en-juego\\\/#authorImage\",\"url\":\"https:\\\/\\\/secure.gravatar.com\\\/avatar\\\/496a8e03d0c493ede1718b7934145dbdf8d89be1036b0eec9544e1094c9de390?s=96&d=mm&r=g\",\"width\":96,\"height\":96,\"caption\":\"Cand\\u00e1s 365\"},\"sameAs\":[\"https:\\\/\\\/www.facebook.com\\\/carrenoactualidad\",\"https:\\\/\\\/twitter.com\\\/nbasturias\",\"https:\\\/\\\/www.instagram.com\\\/nachofdezber\\\/\",\"https:\\\/\\\/www.youtube.com\\\/channel\\\/UCZP-2wLEB9Rv6erhFmqVnvg\"]},{\"@type\":\"WebPage\",\"@id\":\"https:\\\/\\\/candas365.es\\\/noticias\\\/espana-vs-republica-checa-la-sub-21-en-juego\\\/#webpage\",\"url\":\"https:\\\/\\\/candas365.es\\\/noticias\\\/espana-vs-republica-checa-la-sub-21-en-juego\\\/\",\"name\":\"Espa\\u00f1a vs Rep\\u00fablica Checa: La Sub-21 en juego | Cand\\u00e1s 365\",\"description\":\"La selecci\\u00f3n espa\\u00f1ola Sub-21 intentar\\u00e1 certificar sin apuros este martes (21.00 horas\\\/Cuatro) su billete para los cuartos de final del Europeo(EP) - La selecci\\u00f3n espa\\u00f1ola Sub-21 intentar\\u00e1 certificar sin apuros este martes (21.00 horas\\\/Cuatro) su billete para los cuartos de final del Europeo de la categor\\u00eda que se est\\u00e1 disputando en Eslovenia y Hungr\\u00eda, un objetivo que pasa principalmente por no perder ante la Rep\\u00fablica Checa. El equipo de Luis de la Fuente necesita un\",\"inLanguage\":\"es-ES\",\"isPartOf\":{\"@id\":\"https:\\\/\\\/candas365.es\\\/noticias\\\/#website\"},\"breadcrumb\":{\"@id\":\"https:\\\/\\\/candas365.es\\\/noticias\\\/espana-vs-republica-checa-la-sub-21-en-juego\\\/#breadcrumblist\"},\"author\":{\"@id\":\"https:\\\/\\\/candas365.es\\\/noticias\\\/author\\\/admin\\\/#author\"},\"creator\":{\"@id\":\"https:\\\/\\\/candas365.es\\\/noticias\\\/author\\\/admin\\\/#author\"},\"image\":{\"@type\":\"ImageObject\",\"url\":\"https:\\\/\\\/candas365.es\\\/noticias\\\/wp-content\\\/uploads\\\/2018\\\/06\\\/football-1406106_960_720-1.jpg\",\"@id\":\"https:\\\/\\\/candas365.es\\\/noticias\\\/espana-vs-republica-checa-la-sub-21-en-juego\\\/#mainImage\",\"width\":960,\"height\":643},\"primaryImageOfPage\":{\"@id\":\"https:\\\/\\\/candas365.es\\\/noticias\\\/espana-vs-republica-checa-la-sub-21-en-juego\\\/#mainImage\"},\"datePublished\":\"2021-03-30T00:39:01+02:00\",\"dateModified\":\"2021-03-30T00:39:01+02:00\"},{\"@type\":\"WebSite\",\"@id\":\"https:\\\/\\\/candas365.es\\\/noticias\\\/#website\",\"url\":\"https:\\\/\\\/candas365.es\\\/noticias\\\/\",\"name\":\"Cand\\u00e1s 365\",\"alternateName\":\"Cand\\u00e1s 365 Noticias\",\"description\":\"Actualidad desde Carre\\u00f1o para el mundo\",\"inLanguage\":\"es-ES\",\"publisher\":{\"@id\":\"https:\\\/\\\/candas365.es\\\/noticias\\\/#organization\"}}]}\n\t\t<\/script>\n\t\t<!-- All in One SEO Pro -->\r\n\t\t<title>Espa\u00f1a vs Rep\u00fablica Checa: La Sub-21 en juego | Cand\u00e1s 365<\/title>\n\n","aioseo_head_json":{"title":"Espa\u00f1a vs Rep\u00fablica Checa: La Sub-21 en juego | Cand\u00e1s 365","description":"La selecci\u00f3n espa\u00f1ola Sub-21 intentar\u00e1 certificar sin apuros este martes (21.00 horas\/Cuatro) su billete para los cuartos de final del Europeo(EP) - La selecci\u00f3n espa\u00f1ola Sub-21 intentar\u00e1 certificar sin apuros este martes (21.00 horas\/Cuatro) su billete para los cuartos de final del Europeo de la categor\u00eda que se est\u00e1 disputando en Eslovenia y Hungr\u00eda, un objetivo que pasa principalmente por no perder ante la Rep\u00fablica Checa. El equipo de Luis de la Fuente necesita un","canonical_url":"https:\/\/candas365.es\/noticias\/espana-vs-republica-checa-la-sub-21-en-juego\/","robots":"max-image-preview:large","keywords":"deporte","webmasterTools":{"google-site-verification":"UA-32230408-1","msvalidate.01":"354F3CDFB2DA171B47FBE9ABF1F88D5","miscellaneous":""},"schema":{"@context":"https:\/\/schema.org","@graph":[{"@type":"BreadcrumbList","@id":"https:\/\/candas365.es\/noticias\/espana-vs-republica-checa-la-sub-21-en-juego\/#breadcrumblist","itemListElement":[{"@type":"ListItem","@id":"https:\/\/candas365.es\/noticias#listItem","position":1,"name":"Home","item":"https:\/\/candas365.es\/noticias","nextItem":{"@type":"ListItem","@id":"https:\/\/candas365.es\/noticias\/category\/deporte\/#listItem","name":"Deporte"}},{"@type":"ListItem","@id":"https:\/\/candas365.es\/noticias\/category\/deporte\/#listItem","position":2,"name":"Deporte","item":"https:\/\/candas365.es\/noticias\/category\/deporte\/","nextItem":{"@type":"ListItem","@id":"https:\/\/candas365.es\/noticias\/espana-vs-republica-checa-la-sub-21-en-juego\/#listItem","name":"Espa\u00f1a vs Rep\u00fablica Checa: La Sub-21 en juego"},"previousItem":{"@type":"ListItem","@id":"https:\/\/candas365.es\/noticias#listItem","name":"Home"}},{"@type":"ListItem","@id":"https:\/\/candas365.es\/noticias\/espana-vs-republica-checa-la-sub-21-en-juego\/#listItem","position":3,"name":"Espa\u00f1a vs Rep\u00fablica Checa: La Sub-21 en juego","previousItem":{"@type":"ListItem","@id":"https:\/\/candas365.es\/noticias\/category\/deporte\/#listItem","name":"Deporte"}}]},{"@type":"NewsArticle","@id":"https:\/\/candas365.es\/noticias\/espana-vs-republica-checa-la-sub-21-en-juego\/#newsarticle","name":"Espa\u00f1a vs Rep\u00fablica Checa: La Sub-21 en juego | Cand\u00e1s 365","headline":"Espa\u00f1a vs Rep\u00fablica Checa: La Sub-21 en juego","author":{"@id":"https:\/\/candas365.es\/noticias\/author\/admin\/#author"},"publisher":{"@id":"https:\/\/candas365.es\/noticias\/#organization"},"image":{"@type":"ImageObject","url":"https:\/\/candas365.es\/noticias\/wp-content\/uploads\/2018\/06\/football-1406106_960_720-1.jpg","width":960,"height":643},"datePublished":"2021-03-30T00:39:01+02:00","dateModified":"2021-03-30T00:39:01+02:00","inLanguage":"es-ES","mainEntityOfPage":{"@id":"https:\/\/candas365.es\/noticias\/espana-vs-republica-checa-la-sub-21-en-juego\/#webpage"},"isPartOf":{"@id":"https:\/\/candas365.es\/noticias\/espana-vs-republica-checa-la-sub-21-en-juego\/#webpage"},"articleSection":"Deporte","dateline":"Publicado el marzo 30, 2021."},{"@type":"Organization","@id":"https:\/\/candas365.es\/noticias\/#organization","name":"Cand\u00e1s 365","description":"Cand\u00e1s 365 es un diario digital independiente, fundado en 2012, con base en Asturias. Informamos con rigor sobre actualidad, sociedad, cultura y ocio, con una mirada local y global.","url":"https:\/\/candas365.es\/noticias\/","email":"info@candas365.es","telephone":"+34652131393","foundingDate":"2012-06-10","logo":{"@type":"ImageObject","url":"https:\/\/candas365.es\/noticias\/wp-content\/uploads\/2024\/09\/Candas-365-Redes.jpg","@id":"https:\/\/candas365.es\/noticias\/espana-vs-republica-checa-la-sub-21-en-juego\/#organizationLogo","width":1152,"height":864,"caption":"Cand\u00e1s 365 Redes"},"image":{"@id":"https:\/\/candas365.es\/noticias\/espana-vs-republica-checa-la-sub-21-en-juego\/#organizationLogo"},"sameAs":["https:\/\/www.facebook.com\/Nachofdezber","https:\/\/x.com\/NabercoDigital","https:\/\/www.instagram.com\/nachofdezber\/","https:\/\/www.youtube.com\/channel\/UCZP-2wLEB9Rv6erhFmqVnvg"],"address":{"@id":"https:\/\/candas365.es\/noticias\/#postaladdress","@type":"PostalAddress","streetAddress":"san antonio 4, san antonio 4","postalCode":"33430","addressLocality":"Cand\u00e1s","addressRegion":"Asturias","addressCountry":"ES"}},{"@type":"Person","@id":"https:\/\/candas365.es\/noticias\/author\/admin\/#author","url":"https:\/\/candas365.es\/noticias\/author\/admin\/","name":"Cand\u00e1s 365","image":{"@type":"ImageObject","@id":"https:\/\/candas365.es\/noticias\/espana-vs-republica-checa-la-sub-21-en-juego\/#authorImage","url":"https:\/\/secure.gravatar.com\/avatar\/496a8e03d0c493ede1718b7934145dbdf8d89be1036b0eec9544e1094c9de390?s=96&d=mm&r=g","width":96,"height":96,"caption":"Cand\u00e1s 365"},"sameAs":["https:\/\/www.facebook.com\/carrenoactualidad","https:\/\/twitter.com\/nbasturias","https:\/\/www.instagram.com\/nachofdezber\/","https:\/\/www.youtube.com\/channel\/UCZP-2wLEB9Rv6erhFmqVnvg"]},{"@type":"WebPage","@id":"https:\/\/candas365.es\/noticias\/espana-vs-republica-checa-la-sub-21-en-juego\/#webpage","url":"https:\/\/candas365.es\/noticias\/espana-vs-republica-checa-la-sub-21-en-juego\/","name":"Espa\u00f1a vs Rep\u00fablica Checa: La Sub-21 en juego | Cand\u00e1s 365","description":"La selecci\u00f3n espa\u00f1ola Sub-21 intentar\u00e1 certificar sin apuros este martes (21.00 horas\/Cuatro) su billete para los cuartos de final del Europeo(EP) - La selecci\u00f3n espa\u00f1ola Sub-21 intentar\u00e1 certificar sin apuros este martes (21.00 horas\/Cuatro) su billete para los cuartos de final del Europeo de la categor\u00eda que se est\u00e1 disputando en Eslovenia y Hungr\u00eda, un objetivo que pasa principalmente por no perder ante la Rep\u00fablica Checa. El equipo de Luis de la Fuente necesita un","inLanguage":"es-ES","isPartOf":{"@id":"https:\/\/candas365.es\/noticias\/#website"},"breadcrumb":{"@id":"https:\/\/candas365.es\/noticias\/espana-vs-republica-checa-la-sub-21-en-juego\/#breadcrumblist"},"author":{"@id":"https:\/\/candas365.es\/noticias\/author\/admin\/#author"},"creator":{"@id":"https:\/\/candas365.es\/noticias\/author\/admin\/#author"},"image":{"@type":"ImageObject","url":"https:\/\/candas365.es\/noticias\/wp-content\/uploads\/2018\/06\/football-1406106_960_720-1.jpg","@id":"https:\/\/candas365.es\/noticias\/espana-vs-republica-checa-la-sub-21-en-juego\/#mainImage","width":960,"height":643},"primaryImageOfPage":{"@id":"https:\/\/candas365.es\/noticias\/espana-vs-republica-checa-la-sub-21-en-juego\/#mainImage"},"datePublished":"2021-03-30T00:39:01+02:00","dateModified":"2021-03-30T00:39:01+02:00"},{"@type":"WebSite","@id":"https:\/\/candas365.es\/noticias\/#website","url":"https:\/\/candas365.es\/noticias\/","name":"Cand\u00e1s 365","alternateName":"Cand\u00e1s 365 Noticias","description":"Actualidad desde Carre\u00f1o para el mundo","inLanguage":"es-ES","publisher":{"@id":"https:\/\/candas365.es\/noticias\/#organization"}}]},"og:locale":"es_ES","og:site_name":"Cand\u00e1s 365","og:type":"article","og:title":"Espa\u00f1a vs Rep\u00fablica Checa: La Sub-21 en juego | Cand\u00e1s 365","og:description":"La selecci\u00f3n espa\u00f1ola Sub-21 intentar\u00e1 certificar sin apuros este martes (21.00 horas\/Cuatro) su billete para los cuartos de final del Europeo(EP) - La selecci\u00f3n espa\u00f1ola Sub-21 intentar\u00e1 certificar sin apuros este martes (21.00 horas\/Cuatro) su billete para los cuartos de final del Europeo de la categor\u00eda que se est\u00e1 disputando en Eslovenia y Hungr\u00eda, un objetivo que pasa principalmente por no perder ante la Rep\u00fablica Checa. El equipo de Luis de la Fuente necesita un","og:url":"https:\/\/candas365.es\/noticias\/espana-vs-republica-checa-la-sub-21-en-juego\/","og:image":"https:\/\/candas365.es\/noticias\/wp-content\/uploads\/2018\/06\/football-1406106_960_720-1.jpg","og:image:secure_url":"https:\/\/candas365.es\/noticias\/wp-content\/uploads\/2018\/06\/football-1406106_960_720-1.jpg","og:image:width":960,"og:image:height":643,"article:published_time":"2021-03-30T00:39:01+00:00","article:modified_time":"2021-03-30T00:39:01+00:00","article:publisher":"https:\/\/www.facebook.com\/Nachofdezber","article:author":"https:\/\/www.facebook.com\/carrenoactualidad","twitter:card":"summary_large_image","twitter:site":"@NabercoDigital","twitter:title":"Espa\u00f1a vs Rep\u00fablica Checa: La Sub-21 en juego | Cand\u00e1s 365","twitter:description":"La selecci\u00f3n espa\u00f1ola Sub-21 intentar\u00e1 certificar sin apuros este martes (21.00 horas\/Cuatro) su billete para los cuartos de final del Europeo(EP) - La selecci\u00f3n espa\u00f1ola Sub-21 intentar\u00e1 certificar sin apuros este martes (21.00 horas\/Cuatro) su billete para los cuartos de final del Europeo de la categor\u00eda que se est\u00e1 disputando en Eslovenia y Hungr\u00eda, un objetivo que pasa principalmente por no perder ante la Rep\u00fablica Checa. El equipo de Luis de la Fuente necesita un","twitter:creator":"@nbasturias","twitter:image":"https:\/\/candas365.es\/noticias\/wp-content\/uploads\/2018\/06\/football-1406106_960_720-1.jpg","twitter:label1":"Escrito por","twitter:data1":"Cand\u00e1s 365","twitter:label2":"Tiempo de lectura estimado","twitter:data2":"3 minutos"},"aioseo_meta_data":{"post_id":"152884","title":null,"description":"La selecci\u00f3n espa\u00f1ola Sub-21 intentar\u00e1 certificar sin apuros este martes (21.00 horas\/Cuatro) su billete para los cuartos de final del Europeo#post_excerpt","keywords":[],"keyphrases":{"focus":[],"additional":[]},"primary_term":null,"canonical_url":null,"og_title":null,"og_description":null,"og_object_type":"default","og_image_type":"default","og_image_url":null,"og_image_width":null,"og_image_height":null,"og_image_custom_url":null,"og_image_custom_fields":null,"og_video":"","og_custom_url":null,"og_article_section":null,"og_article_tags":[],"twitter_use_og":false,"twitter_card":"default","twitter_image_type":"default","twitter_image_url":null,"twitter_image_custom_url":null,"twitter_image_custom_fields":null,"twitter_title":null,"twitter_description":null,"schema":{"blockGraphs":[],"customGraphs":[],"default":{"data":{"Article":[],"Course":[],"Dataset":[],"FAQPage":[],"Movie":[],"Person":[],"Product":[],"ProductReview":[],"Car":[],"Recipe":[],"Service":[],"SoftwareApplication":[],"WebPage":[]},"graphName":"","isEnabled":true},"graphs":[]},"schema_type":"default","schema_type_options":"{\"article\":{\"articleType\":\"BlogPosting\"},\"course\":{\"name\":\"\",\"description\":\"\",\"provider\":\"\"},\"faq\":{\"pages\":[]},\"product\":{\"reviews\":[]},\"recipe\":{\"ingredients\":[],\"instructions\":[],\"keywords\":[]},\"software\":{\"reviews\":[],\"operatingSystems\":[]},\"webPage\":{\"webPageType\":\"WebPage\"}}","pillar_content":false,"robots_default":true,"robots_noindex":false,"robots_noarchive":false,"robots_nosnippet":false,"robots_nofollow":false,"robots_noimageindex":false,"robots_noodp":false,"robots_notranslate":false,"robots_max_snippet":"-1","robots_max_videopreview":"-1","robots_max_imagepreview":"large","priority":null,"frequency":"default","location":null,"local_seo":{"businessInfo":{"name":"","urls":{"website":"","aboutPage":"","contactPage":""},"address":{"line1":"","line2":"","zip":"","city":"","state":"","country":""},"contact":{"email":"","phone":"","fax":""},"ids":{"vatID":"","taxID":"","chamberID":""},"payment":{"priceIndication":"","currenciesAccepted":"","methodsAccepted":""},"areaServed":""},"openingHours":{"show":false,"closedLabel":"","open24h":false,"open24hLabel":"","open247":false,"use24hFormat":false,"twoSets":false,"timezone":"","hours":[]}},"seo_analyzer_scan_date":"2025-08-31 19:09:15","breadcrumb_settings":null,"limit_modified_date":false,"reviewed_by":null,"open_ai":null,"ai":null,"created":"2021-03-30 00:37:19","updated":"2025-08-31 19:09:15"},"aioseo_breadcrumb":"<div class=\"aioseo-breadcrumbs\"><span class=\"aioseo-breadcrumb\">\n\t<a href=\"https:\/\/candas365.es\/noticias\" title=\"Home\">Home<\/a>\n<\/span><span class=\"aioseo-breadcrumb-separator\">&ndash;<\/span><span class=\"aioseo-breadcrumb\">\n\t<a href=\"https:\/\/candas365.es\/noticias\/category\/deporte\/\" title=\"Deporte\">Deporte<\/a>\n<\/span><span class=\"aioseo-breadcrumb-separator\">&ndash;<\/span><span class=\"aioseo-breadcrumb\">\n\tEspa\u00f1a vs Rep\u00fablica Checa: La Sub-21 en juego\n<\/span><\/div>","aioseo_breadcrumb_json":[{"label":"Home","link":"https:\/\/candas365.es\/noticias"},{"label":"Deporte","link":"https:\/\/candas365.es\/noticias\/category\/deporte\/"},{"label":"Espa\u00f1a vs Rep\u00fablica Checa: La Sub-21 en juego","link":"https:\/\/candas365.es\/noticias\/espana-vs-republica-checa-la-sub-21-en-juego\/"}],"_links":{"self":[{"href":"https:\/\/candas365.es\/noticias\/wp-json\/wp\/v2\/posts\/152884","targetHints":{"allow":["GET"]}}],"collection":[{"href":"https:\/\/candas365.es\/noticias\/wp-json\/wp\/v2\/posts"}],"about":[{"href":"https:\/\/candas365.es\/noticias\/wp-json\/wp\/v2\/types\/post"}],"author":[{"embeddable":true,"href":"https:\/\/candas365.es\/noticias\/wp-json\/wp\/v2\/users\/1"}],"replies":[{"embeddable":true,"href":"https:\/\/candas365.es\/noticias\/wp-json\/wp\/v2\/comments?post=152884"}],"version-history":[{"count":0,"href":"https:\/\/candas365.es\/noticias\/wp-json\/wp\/v2\/posts\/152884\/revisions"}],"wp:featuredmedia":[{"embeddable":true,"href":"https:\/\/candas365.es\/noticias\/wp-json\/wp\/v2\/media\/98026"}],"wp:attachment":[{"href":"https:\/\/candas365.es\/noticias\/wp-json\/wp\/v2\/media?parent=152884"}],"wp:term":[{"taxonomy":"category","embeddable":true,"href":"https:\/\/candas365.es\/noticias\/wp-json\/wp\/v2\/categories?post=152884"},{"taxonomy":"post_tag","embeddable":true,"href":"https:\/\/candas365.es\/noticias\/wp-json\/wp\/v2\/tags?post=152884"}],"curies":[{"name":"wp","href":"https:\/\/api.w.org\/{rel}","templated":true}]}}