{"id":152878,"date":"2021-03-30T00:32:38","date_gmt":"2021-03-30T00:32:38","guid":{"rendered":"http:\/\/candas365.es\/noticias\/?p=152878"},"modified":"2021-03-30T00:32:38","modified_gmt":"2021-03-30T00:32:38","slug":"federer-es-nombrado-embajador-de-turismo-de-suiza","status":"publish","type":"post","link":"https:\/\/candas365.es\/noticias\/federer-es-nombrado-embajador-de-turismo-de-suiza\/","title":{"rendered":"Federer es nombrado embajador de turismo de Suiza"},"content":{"rendered":"<p><img fetchpriority=\"high\" decoding=\"async\" class=\"alignleft size-medium wp-image-144500\" src=\"https:\/\/candas365.es\/noticias\/wp-content\/uploads\/2020\/07\/tennis-923659_640-360x270.jpg\" alt=\"\" width=\"360\" height=\"270\" srcset=\"https:\/\/candas365.es\/noticias\/wp-content\/uploads\/2020\/07\/tennis-923659_640-360x270.jpg 360w, https:\/\/candas365.es\/noticias\/wp-content\/uploads\/2020\/07\/tennis-923659_640-560x420.jpg 560w, https:\/\/candas365.es\/noticias\/wp-content\/uploads\/2020\/07\/tennis-923659_640-80x60.jpg 80w, https:\/\/candas365.es\/noticias\/wp-content\/uploads\/2020\/07\/tennis-923659_640-265x198.jpg 265w, https:\/\/candas365.es\/noticias\/wp-content\/uploads\/2020\/07\/tennis-923659_640.jpg 640w\" sizes=\"(max-width: 360px) 100vw, 360px\" \/>(dpa\/EP) &#8211;\u00a0El tenista suizo Roger Federer ha sido nombrado embajador de la Oficina de Turismo de Suiza para atraer a los visitantes al pa\u00eds despu\u00e9s de una ca\u00edda masiva de viajeros debido a la crisis del coronavirus.<\/p>\n<p>El ganador de 20 t\u00edtulo de &#8216;Grand Slam&#8217; muestra sus lugares favoritos del pa\u00eds en la p\u00e1gina web myswitzerland.com, con m\u00e1s actividades de marketing que comenzar\u00e1n en abril en ciudades europeas, seguidas de Estados Unidos y la regi\u00f3n de Asia-Pac\u00edfico.<\/p>\n<p>\u00abSwiss Tourism y Roger Federer comparten innumerables valores. Construir esta asociaci\u00f3n es una oportunidad \u00fanica y muy importante para nosotros\u00bb, dijo el director de turismo suizo, Martin Nydegger, en un comunicado.<\/p>\n<p>Por su parte, Federer se mostr\u00f3 emocionado con el acuerdo. \u00abHe estado en todo el mundo. Suiza siempre ha sido mi lugar favorito. Es el pa\u00eds que m\u00e1s extra\u00f1o cuando viajo\u00bb, indic\u00f3. \u00abSiempre hay una bandera suiza cuando se menciona mi nombre. Siempre estuve muy orgulloso de eso en mis primeros 22 a\u00f1os en el circuito, y siempre ser\u00e1 as\u00ed\u00bb, prosigui\u00f3.<\/p>\n<p>Las ganancias de Federer en esta campa\u00f1a se destinar\u00e1n a su Fundaci\u00f3n, que apoya proyectos educativos en \u00c1frica y Suiza.<\/p>\n<p>&nbsp;<\/p>\n","protected":false},"excerpt":{"rendered":"<p>(dpa\/EP) &#8211;\u00a0El tenista suizo Roger Federer ha sido nombrado embajador de la Oficina de Turismo de Suiza para atraer a los visitantes al pa\u00eds despu\u00e9s de una ca\u00edda masiva de viajeros debido a la crisis del coronavirus. El ganador de 20 t\u00edtulo de &#8216;Grand Slam&#8217; muestra sus lugares favoritos del pa\u00eds en la p\u00e1gina web<\/p>\n","protected":false},"author":1,"featured_media":144500,"comment_status":"closed","ping_status":"closed","sticky":false,"template":"","format":"standard","meta":{"footnotes":""},"categories":[319],"tags":[],"class_list":{"0":"post-152878","1":"post","2":"type-post","3":"status-publish","4":"format-standard","5":"has-post-thumbnail","7":"category-deporte"},"aioseo_notices":[],"aioseo_head":"\n\t\t<!-- All in One SEO Pro 4.9.6.2 - aioseo.com -->\n\t<meta name=\"description\" content=\"El tenista suizo Roger Federer ha sido nombrado embajador de la Oficina de Turismo de Suiza para atraer a los visitantes al pa\u00eds(dpa\/EP) - El tenista suizo Roger Federer ha sido nombrado embajador de la Oficina de Turismo de Suiza para atraer a los visitantes al pa\u00eds despu\u00e9s de una ca\u00edda masiva de viajeros debido a la crisis del coronavirus. El ganador de 20 t\u00edtulo de &#039;Grand Slam&#039; muestra sus lugares favoritos del pa\u00eds en la p\u00e1gina web\" \/>\n\t<meta name=\"robots\" content=\"max-image-preview:large\" \/>\n\t<meta name=\"author\" content=\"Cand\u00e1s 365\"\/>\n\t<meta name=\"google-site-verification\" content=\"UA-32230408-1\" \/>\n\t<meta name=\"msvalidate.01\" content=\"354F3CDFB2DA171B47FBE9ABF1F88D5\" \/>\n\t<meta name=\"keywords\" content=\"deporte\" \/>\n\t<link rel=\"canonical\" href=\"https:\/\/candas365.es\/noticias\/federer-es-nombrado-embajador-de-turismo-de-suiza\/\" \/>\n\t<meta name=\"generator\" content=\"All in One SEO Pro (AIOSEO) 4.9.6.2\" \/>\n\t\t<meta property=\"og:locale\" content=\"es_ES\" \/>\n\t\t<meta property=\"og:site_name\" content=\"Cand\u00e1s 365\" \/>\n\t\t<meta property=\"og:type\" content=\"article\" \/>\n\t\t<meta property=\"og:title\" content=\"Federer es nombrado embajador de turismo de Suiza | Cand\u00e1s 365\" \/>\n\t\t<meta property=\"og:description\" content=\"El tenista suizo Roger Federer ha sido nombrado embajador de la Oficina de Turismo de Suiza para atraer a los visitantes al pa\u00eds(dpa\/EP) - El tenista suizo Roger Federer ha sido nombrado embajador de la Oficina de Turismo de Suiza para atraer a los visitantes al pa\u00eds despu\u00e9s de una ca\u00edda masiva de viajeros debido a la crisis del coronavirus. El ganador de 20 t\u00edtulo de &#039;Grand Slam&#039; muestra sus lugares favoritos del pa\u00eds en la p\u00e1gina web\" \/>\n\t\t<meta property=\"og:url\" content=\"https:\/\/candas365.es\/noticias\/federer-es-nombrado-embajador-de-turismo-de-suiza\/\" \/>\n\t\t<meta property=\"og:image\" content=\"https:\/\/candas365.es\/noticias\/wp-content\/uploads\/2020\/07\/tennis-923659_640.jpg\" \/>\n\t\t<meta property=\"og:image:secure_url\" content=\"https:\/\/candas365.es\/noticias\/wp-content\/uploads\/2020\/07\/tennis-923659_640.jpg\" \/>\n\t\t<meta property=\"og:image:width\" content=\"640\" \/>\n\t\t<meta property=\"og:image:height\" content=\"480\" \/>\n\t\t<meta property=\"article:published_time\" content=\"2021-03-30T00:32:38+00:00\" \/>\n\t\t<meta property=\"article:modified_time\" content=\"2021-03-30T00:32:38+00:00\" \/>\n\t\t<meta property=\"article:publisher\" content=\"https:\/\/www.facebook.com\/Nachofdezber\" \/>\n\t\t<meta property=\"article:author\" content=\"https:\/\/www.facebook.com\/carrenoactualidad\" \/>\n\t\t<meta name=\"twitter:card\" content=\"summary_large_image\" \/>\n\t\t<meta name=\"twitter:site\" content=\"@NabercoDigital\" \/>\n\t\t<meta name=\"twitter:title\" content=\"Federer es nombrado embajador de turismo de Suiza | Cand\u00e1s 365\" \/>\n\t\t<meta name=\"twitter:description\" content=\"El tenista suizo Roger Federer ha sido nombrado embajador de la Oficina de Turismo de Suiza para atraer a los visitantes al pa\u00eds(dpa\/EP) - El tenista suizo Roger Federer ha sido nombrado embajador de la Oficina de Turismo de Suiza para atraer a los visitantes al pa\u00eds despu\u00e9s de una ca\u00edda masiva de viajeros debido a la crisis del coronavirus. El ganador de 20 t\u00edtulo de &#039;Grand Slam&#039; muestra sus lugares favoritos del pa\u00eds en la p\u00e1gina web\" \/>\n\t\t<meta name=\"twitter:creator\" content=\"@nbasturias\" \/>\n\t\t<meta name=\"twitter:image\" content=\"https:\/\/candas365.es\/noticias\/wp-content\/uploads\/2020\/07\/tennis-923659_640.jpg\" \/>\n\t\t<meta name=\"twitter:label1\" content=\"Escrito por\" \/>\n\t\t<meta name=\"twitter:data1\" content=\"Cand\u00e1s 365\" \/>\n\t\t<meta name=\"twitter:label2\" content=\"Tiempo de lectura estimado\" \/>\n\t\t<meta name=\"twitter:data2\" content=\"1 minuto\" \/>\n\t\t<script type=\"application\/ld+json\" class=\"aioseo-schema\">\n\t\t\t{\"@context\":\"https:\\\/\\\/schema.org\",\"@graph\":[{\"@type\":\"BreadcrumbList\",\"@id\":\"https:\\\/\\\/candas365.es\\\/noticias\\\/federer-es-nombrado-embajador-de-turismo-de-suiza\\\/#breadcrumblist\",\"itemListElement\":[{\"@type\":\"ListItem\",\"@id\":\"https:\\\/\\\/candas365.es\\\/noticias#listItem\",\"position\":1,\"name\":\"Home\",\"item\":\"https:\\\/\\\/candas365.es\\\/noticias\",\"nextItem\":{\"@type\":\"ListItem\",\"@id\":\"https:\\\/\\\/candas365.es\\\/noticias\\\/category\\\/deporte\\\/#listItem\",\"name\":\"Deporte\"}},{\"@type\":\"ListItem\",\"@id\":\"https:\\\/\\\/candas365.es\\\/noticias\\\/category\\\/deporte\\\/#listItem\",\"position\":2,\"name\":\"Deporte\",\"item\":\"https:\\\/\\\/candas365.es\\\/noticias\\\/category\\\/deporte\\\/\",\"nextItem\":{\"@type\":\"ListItem\",\"@id\":\"https:\\\/\\\/candas365.es\\\/noticias\\\/federer-es-nombrado-embajador-de-turismo-de-suiza\\\/#listItem\",\"name\":\"Federer es nombrado embajador de turismo de Suiza\"},\"previousItem\":{\"@type\":\"ListItem\",\"@id\":\"https:\\\/\\\/candas365.es\\\/noticias#listItem\",\"name\":\"Home\"}},{\"@type\":\"ListItem\",\"@id\":\"https:\\\/\\\/candas365.es\\\/noticias\\\/federer-es-nombrado-embajador-de-turismo-de-suiza\\\/#listItem\",\"position\":3,\"name\":\"Federer es nombrado embajador de turismo de Suiza\",\"previousItem\":{\"@type\":\"ListItem\",\"@id\":\"https:\\\/\\\/candas365.es\\\/noticias\\\/category\\\/deporte\\\/#listItem\",\"name\":\"Deporte\"}}]},{\"@type\":\"NewsArticle\",\"@id\":\"https:\\\/\\\/candas365.es\\\/noticias\\\/federer-es-nombrado-embajador-de-turismo-de-suiza\\\/#newsarticle\",\"name\":\"Federer es nombrado embajador de turismo de Suiza | Cand\\u00e1s 365\",\"headline\":\"Federer es nombrado embajador de turismo de Suiza\",\"author\":{\"@id\":\"https:\\\/\\\/candas365.es\\\/noticias\\\/author\\\/admin\\\/#author\"},\"publisher\":{\"@id\":\"https:\\\/\\\/candas365.es\\\/noticias\\\/#organization\"},\"image\":{\"@type\":\"ImageObject\",\"url\":\"https:\\\/\\\/candas365.es\\\/noticias\\\/wp-content\\\/uploads\\\/2020\\\/07\\\/tennis-923659_640.jpg\",\"width\":640,\"height\":480,\"caption\":\"tennis\"},\"datePublished\":\"2021-03-30T00:32:38+02:00\",\"dateModified\":\"2021-03-30T00:32:38+02:00\",\"inLanguage\":\"es-ES\",\"mainEntityOfPage\":{\"@id\":\"https:\\\/\\\/candas365.es\\\/noticias\\\/federer-es-nombrado-embajador-de-turismo-de-suiza\\\/#webpage\"},\"isPartOf\":{\"@id\":\"https:\\\/\\\/candas365.es\\\/noticias\\\/federer-es-nombrado-embajador-de-turismo-de-suiza\\\/#webpage\"},\"articleSection\":\"Deporte\",\"dateline\":\"Publicado el marzo 30, 2021.\"},{\"@type\":\"Organization\",\"@id\":\"https:\\\/\\\/candas365.es\\\/noticias\\\/#organization\",\"name\":\"Cand\\u00e1s 365\",\"description\":\"Cand\\u00e1s 365 es un diario digital independiente, fundado en 2012, con base en Asturias. Informamos con rigor sobre actualidad, sociedad, cultura y ocio, con una mirada local y global.\",\"url\":\"https:\\\/\\\/candas365.es\\\/noticias\\\/\",\"email\":\"info@candas365.es\",\"telephone\":\"+34652131393\",\"foundingDate\":\"2012-06-10\",\"logo\":{\"@type\":\"ImageObject\",\"url\":\"https:\\\/\\\/candas365.es\\\/noticias\\\/wp-content\\\/uploads\\\/2024\\\/09\\\/Candas-365-Redes.jpg\",\"@id\":\"https:\\\/\\\/candas365.es\\\/noticias\\\/federer-es-nombrado-embajador-de-turismo-de-suiza\\\/#organizationLogo\",\"width\":1152,\"height\":864,\"caption\":\"Cand\\u00e1s 365 Redes\"},\"image\":{\"@id\":\"https:\\\/\\\/candas365.es\\\/noticias\\\/federer-es-nombrado-embajador-de-turismo-de-suiza\\\/#organizationLogo\"},\"sameAs\":[\"https:\\\/\\\/www.facebook.com\\\/Nachofdezber\",\"https:\\\/\\\/x.com\\\/NabercoDigital\",\"https:\\\/\\\/www.instagram.com\\\/nachofdezber\\\/\",\"https:\\\/\\\/www.youtube.com\\\/channel\\\/UCZP-2wLEB9Rv6erhFmqVnvg\"],\"address\":{\"@id\":\"https:\\\/\\\/candas365.es\\\/noticias\\\/#postaladdress\",\"@type\":\"PostalAddress\",\"streetAddress\":\"san antonio 4, san antonio 4\",\"postalCode\":\"33430\",\"addressLocality\":\"Cand\\u00e1s\",\"addressRegion\":\"Asturias\",\"addressCountry\":\"ES\"}},{\"@type\":\"Person\",\"@id\":\"https:\\\/\\\/candas365.es\\\/noticias\\\/author\\\/admin\\\/#author\",\"url\":\"https:\\\/\\\/candas365.es\\\/noticias\\\/author\\\/admin\\\/\",\"name\":\"Cand\\u00e1s 365\",\"image\":{\"@type\":\"ImageObject\",\"@id\":\"https:\\\/\\\/candas365.es\\\/noticias\\\/federer-es-nombrado-embajador-de-turismo-de-suiza\\\/#authorImage\",\"url\":\"https:\\\/\\\/secure.gravatar.com\\\/avatar\\\/496a8e03d0c493ede1718b7934145dbdf8d89be1036b0eec9544e1094c9de390?s=96&d=mm&r=g\",\"width\":96,\"height\":96,\"caption\":\"Cand\\u00e1s 365\"},\"sameAs\":[\"https:\\\/\\\/www.facebook.com\\\/carrenoactualidad\",\"https:\\\/\\\/twitter.com\\\/nbasturias\",\"https:\\\/\\\/www.instagram.com\\\/nachofdezber\\\/\",\"https:\\\/\\\/www.youtube.com\\\/channel\\\/UCZP-2wLEB9Rv6erhFmqVnvg\"]},{\"@type\":\"WebPage\",\"@id\":\"https:\\\/\\\/candas365.es\\\/noticias\\\/federer-es-nombrado-embajador-de-turismo-de-suiza\\\/#webpage\",\"url\":\"https:\\\/\\\/candas365.es\\\/noticias\\\/federer-es-nombrado-embajador-de-turismo-de-suiza\\\/\",\"name\":\"Federer es nombrado embajador de turismo de Suiza | Cand\\u00e1s 365\",\"description\":\"El tenista suizo Roger Federer ha sido nombrado embajador de la Oficina de Turismo de Suiza para atraer a los visitantes al pa\\u00eds(dpa\\\/EP) - El tenista suizo Roger Federer ha sido nombrado embajador de la Oficina de Turismo de Suiza para atraer a los visitantes al pa\\u00eds despu\\u00e9s de una ca\\u00edda masiva de viajeros debido a la crisis del coronavirus. El ganador de 20 t\\u00edtulo de 'Grand Slam' muestra sus lugares favoritos del pa\\u00eds en la p\\u00e1gina web\",\"inLanguage\":\"es-ES\",\"isPartOf\":{\"@id\":\"https:\\\/\\\/candas365.es\\\/noticias\\\/#website\"},\"breadcrumb\":{\"@id\":\"https:\\\/\\\/candas365.es\\\/noticias\\\/federer-es-nombrado-embajador-de-turismo-de-suiza\\\/#breadcrumblist\"},\"author\":{\"@id\":\"https:\\\/\\\/candas365.es\\\/noticias\\\/author\\\/admin\\\/#author\"},\"creator\":{\"@id\":\"https:\\\/\\\/candas365.es\\\/noticias\\\/author\\\/admin\\\/#author\"},\"image\":{\"@type\":\"ImageObject\",\"url\":\"https:\\\/\\\/candas365.es\\\/noticias\\\/wp-content\\\/uploads\\\/2020\\\/07\\\/tennis-923659_640.jpg\",\"@id\":\"https:\\\/\\\/candas365.es\\\/noticias\\\/federer-es-nombrado-embajador-de-turismo-de-suiza\\\/#mainImage\",\"width\":640,\"height\":480,\"caption\":\"tennis\"},\"primaryImageOfPage\":{\"@id\":\"https:\\\/\\\/candas365.es\\\/noticias\\\/federer-es-nombrado-embajador-de-turismo-de-suiza\\\/#mainImage\"},\"datePublished\":\"2021-03-30T00:32:38+02:00\",\"dateModified\":\"2021-03-30T00:32:38+02:00\"},{\"@type\":\"WebSite\",\"@id\":\"https:\\\/\\\/candas365.es\\\/noticias\\\/#website\",\"url\":\"https:\\\/\\\/candas365.es\\\/noticias\\\/\",\"name\":\"Cand\\u00e1s 365\",\"alternateName\":\"Cand\\u00e1s 365 Noticias\",\"description\":\"Actualidad desde Carre\\u00f1o para el mundo\",\"inLanguage\":\"es-ES\",\"publisher\":{\"@id\":\"https:\\\/\\\/candas365.es\\\/noticias\\\/#organization\"}}]}\n\t\t<\/script>\n\t\t<!-- All in One SEO Pro -->\r\n\t\t<title>Federer es nombrado embajador de turismo de Suiza | Cand\u00e1s 365<\/title>\n\n","aioseo_head_json":{"title":"Federer es nombrado embajador de turismo de Suiza | Cand\u00e1s 365","description":"El tenista suizo Roger Federer ha sido nombrado embajador de la Oficina de Turismo de Suiza para atraer a los visitantes al pa\u00eds(dpa\/EP) - El tenista suizo Roger Federer ha sido nombrado embajador de la Oficina de Turismo de Suiza para atraer a los visitantes al pa\u00eds despu\u00e9s de una ca\u00edda masiva de viajeros debido a la crisis del coronavirus. El ganador de 20 t\u00edtulo de 'Grand Slam' muestra sus lugares favoritos del pa\u00eds en la p\u00e1gina web","canonical_url":"https:\/\/candas365.es\/noticias\/federer-es-nombrado-embajador-de-turismo-de-suiza\/","robots":"max-image-preview:large","keywords":"deporte","webmasterTools":{"google-site-verification":"UA-32230408-1","msvalidate.01":"354F3CDFB2DA171B47FBE9ABF1F88D5","miscellaneous":""},"schema":{"@context":"https:\/\/schema.org","@graph":[{"@type":"BreadcrumbList","@id":"https:\/\/candas365.es\/noticias\/federer-es-nombrado-embajador-de-turismo-de-suiza\/#breadcrumblist","itemListElement":[{"@type":"ListItem","@id":"https:\/\/candas365.es\/noticias#listItem","position":1,"name":"Home","item":"https:\/\/candas365.es\/noticias","nextItem":{"@type":"ListItem","@id":"https:\/\/candas365.es\/noticias\/category\/deporte\/#listItem","name":"Deporte"}},{"@type":"ListItem","@id":"https:\/\/candas365.es\/noticias\/category\/deporte\/#listItem","position":2,"name":"Deporte","item":"https:\/\/candas365.es\/noticias\/category\/deporte\/","nextItem":{"@type":"ListItem","@id":"https:\/\/candas365.es\/noticias\/federer-es-nombrado-embajador-de-turismo-de-suiza\/#listItem","name":"Federer es nombrado embajador de turismo de Suiza"},"previousItem":{"@type":"ListItem","@id":"https:\/\/candas365.es\/noticias#listItem","name":"Home"}},{"@type":"ListItem","@id":"https:\/\/candas365.es\/noticias\/federer-es-nombrado-embajador-de-turismo-de-suiza\/#listItem","position":3,"name":"Federer es nombrado embajador de turismo de Suiza","previousItem":{"@type":"ListItem","@id":"https:\/\/candas365.es\/noticias\/category\/deporte\/#listItem","name":"Deporte"}}]},{"@type":"NewsArticle","@id":"https:\/\/candas365.es\/noticias\/federer-es-nombrado-embajador-de-turismo-de-suiza\/#newsarticle","name":"Federer es nombrado embajador de turismo de Suiza | Cand\u00e1s 365","headline":"Federer es nombrado embajador de turismo de Suiza","author":{"@id":"https:\/\/candas365.es\/noticias\/author\/admin\/#author"},"publisher":{"@id":"https:\/\/candas365.es\/noticias\/#organization"},"image":{"@type":"ImageObject","url":"https:\/\/candas365.es\/noticias\/wp-content\/uploads\/2020\/07\/tennis-923659_640.jpg","width":640,"height":480,"caption":"tennis"},"datePublished":"2021-03-30T00:32:38+02:00","dateModified":"2021-03-30T00:32:38+02:00","inLanguage":"es-ES","mainEntityOfPage":{"@id":"https:\/\/candas365.es\/noticias\/federer-es-nombrado-embajador-de-turismo-de-suiza\/#webpage"},"isPartOf":{"@id":"https:\/\/candas365.es\/noticias\/federer-es-nombrado-embajador-de-turismo-de-suiza\/#webpage"},"articleSection":"Deporte","dateline":"Publicado el marzo 30, 2021."},{"@type":"Organization","@id":"https:\/\/candas365.es\/noticias\/#organization","name":"Cand\u00e1s 365","description":"Cand\u00e1s 365 es un diario digital independiente, fundado en 2012, con base en Asturias. Informamos con rigor sobre actualidad, sociedad, cultura y ocio, con una mirada local y global.","url":"https:\/\/candas365.es\/noticias\/","email":"info@candas365.es","telephone":"+34652131393","foundingDate":"2012-06-10","logo":{"@type":"ImageObject","url":"https:\/\/candas365.es\/noticias\/wp-content\/uploads\/2024\/09\/Candas-365-Redes.jpg","@id":"https:\/\/candas365.es\/noticias\/federer-es-nombrado-embajador-de-turismo-de-suiza\/#organizationLogo","width":1152,"height":864,"caption":"Cand\u00e1s 365 Redes"},"image":{"@id":"https:\/\/candas365.es\/noticias\/federer-es-nombrado-embajador-de-turismo-de-suiza\/#organizationLogo"},"sameAs":["https:\/\/www.facebook.com\/Nachofdezber","https:\/\/x.com\/NabercoDigital","https:\/\/www.instagram.com\/nachofdezber\/","https:\/\/www.youtube.com\/channel\/UCZP-2wLEB9Rv6erhFmqVnvg"],"address":{"@id":"https:\/\/candas365.es\/noticias\/#postaladdress","@type":"PostalAddress","streetAddress":"san antonio 4, san antonio 4","postalCode":"33430","addressLocality":"Cand\u00e1s","addressRegion":"Asturias","addressCountry":"ES"}},{"@type":"Person","@id":"https:\/\/candas365.es\/noticias\/author\/admin\/#author","url":"https:\/\/candas365.es\/noticias\/author\/admin\/","name":"Cand\u00e1s 365","image":{"@type":"ImageObject","@id":"https:\/\/candas365.es\/noticias\/federer-es-nombrado-embajador-de-turismo-de-suiza\/#authorImage","url":"https:\/\/secure.gravatar.com\/avatar\/496a8e03d0c493ede1718b7934145dbdf8d89be1036b0eec9544e1094c9de390?s=96&d=mm&r=g","width":96,"height":96,"caption":"Cand\u00e1s 365"},"sameAs":["https:\/\/www.facebook.com\/carrenoactualidad","https:\/\/twitter.com\/nbasturias","https:\/\/www.instagram.com\/nachofdezber\/","https:\/\/www.youtube.com\/channel\/UCZP-2wLEB9Rv6erhFmqVnvg"]},{"@type":"WebPage","@id":"https:\/\/candas365.es\/noticias\/federer-es-nombrado-embajador-de-turismo-de-suiza\/#webpage","url":"https:\/\/candas365.es\/noticias\/federer-es-nombrado-embajador-de-turismo-de-suiza\/","name":"Federer es nombrado embajador de turismo de Suiza | Cand\u00e1s 365","description":"El tenista suizo Roger Federer ha sido nombrado embajador de la Oficina de Turismo de Suiza para atraer a los visitantes al pa\u00eds(dpa\/EP) - El tenista suizo Roger Federer ha sido nombrado embajador de la Oficina de Turismo de Suiza para atraer a los visitantes al pa\u00eds despu\u00e9s de una ca\u00edda masiva de viajeros debido a la crisis del coronavirus. El ganador de 20 t\u00edtulo de 'Grand Slam' muestra sus lugares favoritos del pa\u00eds en la p\u00e1gina web","inLanguage":"es-ES","isPartOf":{"@id":"https:\/\/candas365.es\/noticias\/#website"},"breadcrumb":{"@id":"https:\/\/candas365.es\/noticias\/federer-es-nombrado-embajador-de-turismo-de-suiza\/#breadcrumblist"},"author":{"@id":"https:\/\/candas365.es\/noticias\/author\/admin\/#author"},"creator":{"@id":"https:\/\/candas365.es\/noticias\/author\/admin\/#author"},"image":{"@type":"ImageObject","url":"https:\/\/candas365.es\/noticias\/wp-content\/uploads\/2020\/07\/tennis-923659_640.jpg","@id":"https:\/\/candas365.es\/noticias\/federer-es-nombrado-embajador-de-turismo-de-suiza\/#mainImage","width":640,"height":480,"caption":"tennis"},"primaryImageOfPage":{"@id":"https:\/\/candas365.es\/noticias\/federer-es-nombrado-embajador-de-turismo-de-suiza\/#mainImage"},"datePublished":"2021-03-30T00:32:38+02:00","dateModified":"2021-03-30T00:32:38+02:00"},{"@type":"WebSite","@id":"https:\/\/candas365.es\/noticias\/#website","url":"https:\/\/candas365.es\/noticias\/","name":"Cand\u00e1s 365","alternateName":"Cand\u00e1s 365 Noticias","description":"Actualidad desde Carre\u00f1o para el mundo","inLanguage":"es-ES","publisher":{"@id":"https:\/\/candas365.es\/noticias\/#organization"}}]},"og:locale":"es_ES","og:site_name":"Cand\u00e1s 365","og:type":"article","og:title":"Federer es nombrado embajador de turismo de Suiza | Cand\u00e1s 365","og:description":"El tenista suizo Roger Federer ha sido nombrado embajador de la Oficina de Turismo de Suiza para atraer a los visitantes al pa\u00eds(dpa\/EP) - El tenista suizo Roger Federer ha sido nombrado embajador de la Oficina de Turismo de Suiza para atraer a los visitantes al pa\u00eds despu\u00e9s de una ca\u00edda masiva de viajeros debido a la crisis del coronavirus. El ganador de 20 t\u00edtulo de 'Grand Slam' muestra sus lugares favoritos del pa\u00eds en la p\u00e1gina web","og:url":"https:\/\/candas365.es\/noticias\/federer-es-nombrado-embajador-de-turismo-de-suiza\/","og:image":"https:\/\/candas365.es\/noticias\/wp-content\/uploads\/2020\/07\/tennis-923659_640.jpg","og:image:secure_url":"https:\/\/candas365.es\/noticias\/wp-content\/uploads\/2020\/07\/tennis-923659_640.jpg","og:image:width":640,"og:image:height":480,"article:published_time":"2021-03-30T00:32:38+00:00","article:modified_time":"2021-03-30T00:32:38+00:00","article:publisher":"https:\/\/www.facebook.com\/Nachofdezber","article:author":"https:\/\/www.facebook.com\/carrenoactualidad","twitter:card":"summary_large_image","twitter:site":"@NabercoDigital","twitter:title":"Federer es nombrado embajador de turismo de Suiza | Cand\u00e1s 365","twitter:description":"El tenista suizo Roger Federer ha sido nombrado embajador de la Oficina de Turismo de Suiza para atraer a los visitantes al pa\u00eds(dpa\/EP) - El tenista suizo Roger Federer ha sido nombrado embajador de la Oficina de Turismo de Suiza para atraer a los visitantes al pa\u00eds despu\u00e9s de una ca\u00edda masiva de viajeros debido a la crisis del coronavirus. El ganador de 20 t\u00edtulo de 'Grand Slam' muestra sus lugares favoritos del pa\u00eds en la p\u00e1gina web","twitter:creator":"@nbasturias","twitter:image":"https:\/\/candas365.es\/noticias\/wp-content\/uploads\/2020\/07\/tennis-923659_640.jpg","twitter:label1":"Escrito por","twitter:data1":"Cand\u00e1s 365","twitter:label2":"Tiempo de lectura estimado","twitter:data2":"1 minuto"},"aioseo_meta_data":{"post_id":"152878","title":null,"description":"El tenista suizo Roger Federer ha sido nombrado embajador de la Oficina de Turismo de Suiza para atraer a los visitantes al pa\u00eds#post_excerpt","keywords":[],"keyphrases":{"focus":[],"additional":[]},"primary_term":null,"canonical_url":null,"og_title":null,"og_description":null,"og_object_type":"default","og_image_type":"default","og_image_url":null,"og_image_width":null,"og_image_height":null,"og_image_custom_url":null,"og_image_custom_fields":null,"og_video":"","og_custom_url":null,"og_article_section":null,"og_article_tags":[],"twitter_use_og":false,"twitter_card":"default","twitter_image_type":"default","twitter_image_url":null,"twitter_image_custom_url":null,"twitter_image_custom_fields":null,"twitter_title":null,"twitter_description":null,"schema":{"blockGraphs":[],"customGraphs":[],"default":{"data":{"Article":[],"Course":[],"Dataset":[],"FAQPage":[],"Movie":[],"Person":[],"Product":[],"ProductReview":[],"Car":[],"Recipe":[],"Service":[],"SoftwareApplication":[],"WebPage":[]},"graphName":"","isEnabled":true},"graphs":[],"defaultGraph":"Article","defaultPostTypeGraph":""},"schema_type":"default","schema_type_options":"{\"article\":{\"articleType\":\"BlogPosting\"},\"course\":{\"name\":\"\",\"description\":\"\",\"provider\":\"\"},\"faq\":{\"pages\":[]},\"product\":{\"reviews\":[]},\"recipe\":{\"ingredients\":[],\"instructions\":[],\"keywords\":[]},\"software\":{\"reviews\":[],\"operatingSystems\":[]},\"webPage\":{\"webPageType\":\"WebPage\"}}","pillar_content":false,"robots_default":true,"robots_noindex":false,"robots_noarchive":false,"robots_nosnippet":false,"robots_nofollow":false,"robots_noimageindex":false,"robots_noodp":false,"robots_notranslate":false,"robots_max_snippet":"-1","robots_max_videopreview":"-1","robots_max_imagepreview":"large","priority":null,"frequency":"default","location":null,"local_seo":{"businessInfo":{"name":"","urls":{"website":"","aboutPage":"","contactPage":""},"address":{"line1":"","line2":"","zip":"","city":"","state":"","country":""},"contact":{"email":"","phone":"","fax":""},"ids":{"vatID":"","taxID":"","chamberID":""},"payment":{"priceIndication":"","currenciesAccepted":"","methodsAccepted":""},"areaServed":""},"openingHours":{"show":false,"closedLabel":"","open24h":false,"open24hLabel":"","open247":false,"use24hFormat":false,"twoSets":false,"timezone":"","hours":[]}},"seo_analyzer_scan_date":"2025-08-31 19:09:12","breadcrumb_settings":null,"limit_modified_date":false,"reviewed_by":null,"open_ai":null,"ai":null,"created":"2021-03-30 00:31:25","updated":"2025-08-31 19:09:12"},"aioseo_breadcrumb":"<div class=\"aioseo-breadcrumbs\"><span class=\"aioseo-breadcrumb\">\n\t<a href=\"https:\/\/candas365.es\/noticias\" title=\"Home\">Home<\/a>\n<\/span><span class=\"aioseo-breadcrumb-separator\">&ndash;<\/span><span class=\"aioseo-breadcrumb\">\n\t<a href=\"https:\/\/candas365.es\/noticias\/category\/deporte\/\" title=\"Deporte\">Deporte<\/a>\n<\/span><span class=\"aioseo-breadcrumb-separator\">&ndash;<\/span><span class=\"aioseo-breadcrumb\">\n\tFederer es nombrado embajador de turismo de Suiza\n<\/span><\/div>","aioseo_breadcrumb_json":[{"label":"Home","link":"https:\/\/candas365.es\/noticias"},{"label":"Deporte","link":"https:\/\/candas365.es\/noticias\/category\/deporte\/"},{"label":"Federer es nombrado embajador de turismo de Suiza","link":"https:\/\/candas365.es\/noticias\/federer-es-nombrado-embajador-de-turismo-de-suiza\/"}],"_links":{"self":[{"href":"https:\/\/candas365.es\/noticias\/wp-json\/wp\/v2\/posts\/152878","targetHints":{"allow":["GET"]}}],"collection":[{"href":"https:\/\/candas365.es\/noticias\/wp-json\/wp\/v2\/posts"}],"about":[{"href":"https:\/\/candas365.es\/noticias\/wp-json\/wp\/v2\/types\/post"}],"author":[{"embeddable":true,"href":"https:\/\/candas365.es\/noticias\/wp-json\/wp\/v2\/users\/1"}],"replies":[{"embeddable":true,"href":"https:\/\/candas365.es\/noticias\/wp-json\/wp\/v2\/comments?post=152878"}],"version-history":[{"count":0,"href":"https:\/\/candas365.es\/noticias\/wp-json\/wp\/v2\/posts\/152878\/revisions"}],"wp:featuredmedia":[{"embeddable":true,"href":"https:\/\/candas365.es\/noticias\/wp-json\/wp\/v2\/media\/144500"}],"wp:attachment":[{"href":"https:\/\/candas365.es\/noticias\/wp-json\/wp\/v2\/media?parent=152878"}],"wp:term":[{"taxonomy":"category","embeddable":true,"href":"https:\/\/candas365.es\/noticias\/wp-json\/wp\/v2\/categories?post=152878"},{"taxonomy":"post_tag","embeddable":true,"href":"https:\/\/candas365.es\/noticias\/wp-json\/wp\/v2\/tags?post=152878"}],"curies":[{"name":"wp","href":"https:\/\/api.w.org\/{rel}","templated":true}]}}