{"id":152873,"date":"2021-03-30T00:26:23","date_gmt":"2021-03-30T00:26:23","guid":{"rendered":"http:\/\/candas365.es\/noticias\/?p=152873"},"modified":"2021-03-30T00:26:23","modified_gmt":"2021-03-30T00:26:23","slug":"vicepresidenta-del-futbol-aleman-falta-representacion-femenina","status":"publish","type":"post","link":"https:\/\/candas365.es\/noticias\/vicepresidenta-del-futbol-aleman-falta-representacion-femenina\/","title":{"rendered":"Vicepresidenta del f\u00fatbol alem\u00e1n: falta representaci\u00f3n femenina"},"content":{"rendered":"<p><img fetchpriority=\"high\" decoding=\"async\" class=\"alignleft size-medium wp-image-98026\" src=\"https:\/\/candas365.es\/noticias\/wp-content\/uploads\/2018\/06\/football-1406106_960_720-1-360x241.jpg\" alt=\"\" width=\"360\" height=\"241\" srcset=\"https:\/\/candas365.es\/noticias\/wp-content\/uploads\/2018\/06\/football-1406106_960_720-1-360x241.jpg 360w, https:\/\/candas365.es\/noticias\/wp-content\/uploads\/2018\/06\/football-1406106_960_720-1-768x514.jpg 768w, https:\/\/candas365.es\/noticias\/wp-content\/uploads\/2018\/06\/football-1406106_960_720-1-655x439.jpg 655w, https:\/\/candas365.es\/noticias\/wp-content\/uploads\/2018\/06\/football-1406106_960_720-1-696x466.jpg 696w, https:\/\/candas365.es\/noticias\/wp-content\/uploads\/2018\/06\/football-1406106_960_720-1-627x420.jpg 627w, https:\/\/candas365.es\/noticias\/wp-content\/uploads\/2018\/06\/football-1406106_960_720-1.jpg 960w\" sizes=\"(max-width: 360px) 100vw, 360px\" \/>Fr\u00e1ncfort, 29 mar (dpa) &#8211; La vicepresidenta de la Federaci\u00f3n Alemana de F\u00fatbol (DFB), Hannelore Ratzeburg, considera que las mujeres siguen estado muy poco representadas en el f\u00fatbol, seg\u00fan declar\u00f3 a la radio Deutschlandfunk.<\/p>\n<p>\u00abLa DFB tiene un problema para cubrir puestos con mujeres. Necesitamos modelos a seguir, tambi\u00e9n en el \u00e1mbito directivo\u00bb, declar\u00f3 la directiva de 69 a\u00f1os.<\/p>\n<p>Sin embargo, Ratzeburg a\u00f1adi\u00f3 que las mujeres tambi\u00e9n tienen, en la DFB, muy pocas posibilidades de llegar a los puestos de presidencia como ella. Actualmente, aclar\u00f3, solo unos pocos puestos pueden ser ocupados por mujeres.<\/p>\n<p>La directiva defendi\u00f3 la necesidad de llevar a cabo reformas estructurales con tal de lograr un cambio sostenible. \u00abY ese es un trabajo muy, muy arduo\u00bb, sostuvo Ratzeburg.<\/p>\n<p>\u00abEntonces tendr\u00edamos que hacer cambios en los estatutos porque tambi\u00e9n tendr\u00edamos que cambiar las estructuras de las asociaciones regionales y estatales. Y no creo que viva para verlo\u00bb, opin\u00f3.<\/p>\n<p>Ratzburg reclam\u00f3: \u00abYa no deber\u00edamos distinguir entre f\u00fatbol masculino y femenino. Nuestro deporte se llama f\u00fatbol\u00bb.<\/p>\n<p>Asimismo, la vicepresidenta mostr\u00f3 su preocupaci\u00f3n por el desarrollo de las categor\u00edas juveniles, donde la participaci\u00f3n de las ni\u00f1as ha disminuido en 30.000 afiliadas en los \u00faltimos diez a\u00f1os.<\/p>\n<p>\u00abLos grandes clubes que tienen varios equipos femeninos no tienen este problema. No tenemos estas disminuciones en las \u00e1reas metropolitanas, pero s\u00ed en las zonas menos pobladas\u00bb, explic\u00f3.<\/p>\n","protected":false},"excerpt":{"rendered":"<p>Fr\u00e1ncfort, 29 mar (dpa) &#8211; La vicepresidenta de la Federaci\u00f3n Alemana de F\u00fatbol (DFB), Hannelore Ratzeburg, considera que las mujeres siguen estado muy poco representadas en el f\u00fatbol, seg\u00fan declar\u00f3 a la radio Deutschlandfunk. \u00abLa DFB tiene un problema para cubrir puestos con mujeres. Necesitamos modelos a seguir, tambi\u00e9n en el \u00e1mbito directivo\u00bb, declar\u00f3 la<\/p>\n","protected":false},"author":1,"featured_media":98026,"comment_status":"closed","ping_status":"closed","sticky":false,"template":"","format":"standard","meta":{"footnotes":""},"categories":[319],"tags":[],"class_list":{"0":"post-152873","1":"post","2":"type-post","3":"status-publish","4":"format-standard","5":"has-post-thumbnail","7":"category-deporte"},"aioseo_notices":[],"aioseo_head":"\n\t\t<!-- All in One SEO Pro 4.9.6.2 - aioseo.com -->\n\t<meta name=\"description\" content=\"La directiva defendi\u00f3 la necesidad de llevar a cabo reformas estructurales con tal de lograr un cambio sostenible\" \/>\n\t<meta name=\"robots\" content=\"max-image-preview:large\" \/>\n\t<meta name=\"author\" content=\"Cand\u00e1s 365\"\/>\n\t<meta name=\"google-site-verification\" content=\"UA-32230408-1\" \/>\n\t<meta name=\"msvalidate.01\" content=\"354F3CDFB2DA171B47FBE9ABF1F88D5\" \/>\n\t<meta name=\"keywords\" content=\"deporte\" \/>\n\t<link rel=\"canonical\" href=\"https:\/\/candas365.es\/noticias\/vicepresidenta-del-futbol-aleman-falta-representacion-femenina\/\" \/>\n\t<meta name=\"generator\" content=\"All in One SEO Pro (AIOSEO) 4.9.6.2\" \/>\n\t\t<meta property=\"og:locale\" content=\"es_ES\" \/>\n\t\t<meta property=\"og:site_name\" content=\"Cand\u00e1s 365\" \/>\n\t\t<meta property=\"og:type\" content=\"article\" \/>\n\t\t<meta property=\"og:title\" content=\"Vicepresidenta del f\u00fatbol alem\u00e1n: falta representaci\u00f3n femenina | Cand\u00e1s 365\" \/>\n\t\t<meta property=\"og:description\" content=\"La directiva defendi\u00f3 la necesidad de llevar a cabo reformas estructurales con tal de lograr un cambio sostenible\" \/>\n\t\t<meta property=\"og:url\" content=\"https:\/\/candas365.es\/noticias\/vicepresidenta-del-futbol-aleman-falta-representacion-femenina\/\" \/>\n\t\t<meta property=\"og:image\" content=\"https:\/\/candas365.es\/noticias\/wp-content\/uploads\/2018\/06\/football-1406106_960_720-1.jpg\" \/>\n\t\t<meta property=\"og:image:secure_url\" content=\"https:\/\/candas365.es\/noticias\/wp-content\/uploads\/2018\/06\/football-1406106_960_720-1.jpg\" \/>\n\t\t<meta property=\"og:image:width\" content=\"960\" \/>\n\t\t<meta property=\"og:image:height\" content=\"643\" \/>\n\t\t<meta property=\"article:published_time\" content=\"2021-03-30T00:26:23+00:00\" \/>\n\t\t<meta property=\"article:modified_time\" content=\"2021-03-30T00:26:23+00:00\" \/>\n\t\t<meta property=\"article:publisher\" content=\"https:\/\/www.facebook.com\/Nachofdezber\" \/>\n\t\t<meta property=\"article:author\" content=\"https:\/\/www.facebook.com\/carrenoactualidad\" \/>\n\t\t<meta name=\"twitter:card\" content=\"summary_large_image\" \/>\n\t\t<meta name=\"twitter:site\" content=\"@NabercoDigital\" \/>\n\t\t<meta name=\"twitter:title\" content=\"Vicepresidenta del f\u00fatbol alem\u00e1n: falta representaci\u00f3n femenina | Cand\u00e1s 365\" \/>\n\t\t<meta name=\"twitter:description\" content=\"La directiva defendi\u00f3 la necesidad de llevar a cabo reformas estructurales con tal de lograr un cambio sostenible\" \/>\n\t\t<meta name=\"twitter:creator\" content=\"@nbasturias\" \/>\n\t\t<meta name=\"twitter:image\" content=\"https:\/\/candas365.es\/noticias\/wp-content\/uploads\/2018\/06\/football-1406106_960_720-1.jpg\" \/>\n\t\t<meta name=\"twitter:label1\" content=\"Escrito por\" \/>\n\t\t<meta name=\"twitter:data1\" content=\"Cand\u00e1s 365\" \/>\n\t\t<meta name=\"twitter:label2\" content=\"Tiempo de lectura estimado\" \/>\n\t\t<meta name=\"twitter:data2\" content=\"1 minuto\" \/>\n\t\t<script type=\"application\/ld+json\" class=\"aioseo-schema\">\n\t\t\t{\"@context\":\"https:\\\/\\\/schema.org\",\"@graph\":[{\"@type\":\"BreadcrumbList\",\"@id\":\"https:\\\/\\\/candas365.es\\\/noticias\\\/vicepresidenta-del-futbol-aleman-falta-representacion-femenina\\\/#breadcrumblist\",\"itemListElement\":[{\"@type\":\"ListItem\",\"@id\":\"https:\\\/\\\/candas365.es\\\/noticias#listItem\",\"position\":1,\"name\":\"Home\",\"item\":\"https:\\\/\\\/candas365.es\\\/noticias\",\"nextItem\":{\"@type\":\"ListItem\",\"@id\":\"https:\\\/\\\/candas365.es\\\/noticias\\\/category\\\/deporte\\\/#listItem\",\"name\":\"Deporte\"}},{\"@type\":\"ListItem\",\"@id\":\"https:\\\/\\\/candas365.es\\\/noticias\\\/category\\\/deporte\\\/#listItem\",\"position\":2,\"name\":\"Deporte\",\"item\":\"https:\\\/\\\/candas365.es\\\/noticias\\\/category\\\/deporte\\\/\",\"nextItem\":{\"@type\":\"ListItem\",\"@id\":\"https:\\\/\\\/candas365.es\\\/noticias\\\/vicepresidenta-del-futbol-aleman-falta-representacion-femenina\\\/#listItem\",\"name\":\"Vicepresidenta del f\\u00fatbol alem\\u00e1n: falta representaci\\u00f3n femenina\"},\"previousItem\":{\"@type\":\"ListItem\",\"@id\":\"https:\\\/\\\/candas365.es\\\/noticias#listItem\",\"name\":\"Home\"}},{\"@type\":\"ListItem\",\"@id\":\"https:\\\/\\\/candas365.es\\\/noticias\\\/vicepresidenta-del-futbol-aleman-falta-representacion-femenina\\\/#listItem\",\"position\":3,\"name\":\"Vicepresidenta del f\\u00fatbol alem\\u00e1n: falta representaci\\u00f3n femenina\",\"previousItem\":{\"@type\":\"ListItem\",\"@id\":\"https:\\\/\\\/candas365.es\\\/noticias\\\/category\\\/deporte\\\/#listItem\",\"name\":\"Deporte\"}}]},{\"@type\":\"NewsArticle\",\"@id\":\"https:\\\/\\\/candas365.es\\\/noticias\\\/vicepresidenta-del-futbol-aleman-falta-representacion-femenina\\\/#newsarticle\",\"name\":\"Vicepresidenta del f\\u00fatbol alem\\u00e1n: falta representaci\\u00f3n femenina | Cand\\u00e1s 365\",\"headline\":\"Vicepresidenta del f\\u00fatbol alem\\u00e1n: falta representaci\\u00f3n femenina\",\"author\":{\"@id\":\"https:\\\/\\\/candas365.es\\\/noticias\\\/author\\\/admin\\\/#author\"},\"publisher\":{\"@id\":\"https:\\\/\\\/candas365.es\\\/noticias\\\/#organization\"},\"image\":{\"@type\":\"ImageObject\",\"url\":\"https:\\\/\\\/candas365.es\\\/noticias\\\/wp-content\\\/uploads\\\/2018\\\/06\\\/football-1406106_960_720-1.jpg\",\"width\":960,\"height\":643},\"datePublished\":\"2021-03-30T00:26:23+02:00\",\"dateModified\":\"2021-03-30T00:26:23+02:00\",\"inLanguage\":\"es-ES\",\"mainEntityOfPage\":{\"@id\":\"https:\\\/\\\/candas365.es\\\/noticias\\\/vicepresidenta-del-futbol-aleman-falta-representacion-femenina\\\/#webpage\"},\"isPartOf\":{\"@id\":\"https:\\\/\\\/candas365.es\\\/noticias\\\/vicepresidenta-del-futbol-aleman-falta-representacion-femenina\\\/#webpage\"},\"articleSection\":\"Deporte\",\"dateline\":\"Publicado el marzo 30, 2021.\"},{\"@type\":\"Organization\",\"@id\":\"https:\\\/\\\/candas365.es\\\/noticias\\\/#organization\",\"name\":\"Cand\\u00e1s 365\",\"description\":\"Cand\\u00e1s 365 es un diario digital independiente, fundado en 2012, con base en Asturias. Informamos con rigor sobre actualidad, sociedad, cultura y ocio, con una mirada local y global.\",\"url\":\"https:\\\/\\\/candas365.es\\\/noticias\\\/\",\"email\":\"info@candas365.es\",\"telephone\":\"+34652131393\",\"foundingDate\":\"2012-06-10\",\"logo\":{\"@type\":\"ImageObject\",\"url\":\"https:\\\/\\\/candas365.es\\\/noticias\\\/wp-content\\\/uploads\\\/2024\\\/09\\\/Candas-365-Redes.jpg\",\"@id\":\"https:\\\/\\\/candas365.es\\\/noticias\\\/vicepresidenta-del-futbol-aleman-falta-representacion-femenina\\\/#organizationLogo\",\"width\":1152,\"height\":864,\"caption\":\"Cand\\u00e1s 365 Redes\"},\"image\":{\"@id\":\"https:\\\/\\\/candas365.es\\\/noticias\\\/vicepresidenta-del-futbol-aleman-falta-representacion-femenina\\\/#organizationLogo\"},\"sameAs\":[\"https:\\\/\\\/www.facebook.com\\\/Nachofdezber\",\"https:\\\/\\\/x.com\\\/NabercoDigital\",\"https:\\\/\\\/www.instagram.com\\\/nachofdezber\\\/\",\"https:\\\/\\\/www.youtube.com\\\/channel\\\/UCZP-2wLEB9Rv6erhFmqVnvg\"],\"address\":{\"@id\":\"https:\\\/\\\/candas365.es\\\/noticias\\\/#postaladdress\",\"@type\":\"PostalAddress\",\"streetAddress\":\"san antonio 4, san antonio 4\",\"postalCode\":\"33430\",\"addressLocality\":\"Cand\\u00e1s\",\"addressRegion\":\"Asturias\",\"addressCountry\":\"ES\"}},{\"@type\":\"Person\",\"@id\":\"https:\\\/\\\/candas365.es\\\/noticias\\\/author\\\/admin\\\/#author\",\"url\":\"https:\\\/\\\/candas365.es\\\/noticias\\\/author\\\/admin\\\/\",\"name\":\"Cand\\u00e1s 365\",\"image\":{\"@type\":\"ImageObject\",\"@id\":\"https:\\\/\\\/candas365.es\\\/noticias\\\/vicepresidenta-del-futbol-aleman-falta-representacion-femenina\\\/#authorImage\",\"url\":\"https:\\\/\\\/secure.gravatar.com\\\/avatar\\\/496a8e03d0c493ede1718b7934145dbdf8d89be1036b0eec9544e1094c9de390?s=96&d=mm&r=g\",\"width\":96,\"height\":96,\"caption\":\"Cand\\u00e1s 365\"},\"sameAs\":[\"https:\\\/\\\/www.facebook.com\\\/carrenoactualidad\",\"https:\\\/\\\/twitter.com\\\/nbasturias\",\"https:\\\/\\\/www.instagram.com\\\/nachofdezber\\\/\",\"https:\\\/\\\/www.youtube.com\\\/channel\\\/UCZP-2wLEB9Rv6erhFmqVnvg\"]},{\"@type\":\"WebPage\",\"@id\":\"https:\\\/\\\/candas365.es\\\/noticias\\\/vicepresidenta-del-futbol-aleman-falta-representacion-femenina\\\/#webpage\",\"url\":\"https:\\\/\\\/candas365.es\\\/noticias\\\/vicepresidenta-del-futbol-aleman-falta-representacion-femenina\\\/\",\"name\":\"Vicepresidenta del f\\u00fatbol alem\\u00e1n: falta representaci\\u00f3n femenina | Cand\\u00e1s 365\",\"description\":\"La directiva defendi\\u00f3 la necesidad de llevar a cabo reformas estructurales con tal de lograr un cambio sostenible\",\"inLanguage\":\"es-ES\",\"isPartOf\":{\"@id\":\"https:\\\/\\\/candas365.es\\\/noticias\\\/#website\"},\"breadcrumb\":{\"@id\":\"https:\\\/\\\/candas365.es\\\/noticias\\\/vicepresidenta-del-futbol-aleman-falta-representacion-femenina\\\/#breadcrumblist\"},\"author\":{\"@id\":\"https:\\\/\\\/candas365.es\\\/noticias\\\/author\\\/admin\\\/#author\"},\"creator\":{\"@id\":\"https:\\\/\\\/candas365.es\\\/noticias\\\/author\\\/admin\\\/#author\"},\"image\":{\"@type\":\"ImageObject\",\"url\":\"https:\\\/\\\/candas365.es\\\/noticias\\\/wp-content\\\/uploads\\\/2018\\\/06\\\/football-1406106_960_720-1.jpg\",\"@id\":\"https:\\\/\\\/candas365.es\\\/noticias\\\/vicepresidenta-del-futbol-aleman-falta-representacion-femenina\\\/#mainImage\",\"width\":960,\"height\":643},\"primaryImageOfPage\":{\"@id\":\"https:\\\/\\\/candas365.es\\\/noticias\\\/vicepresidenta-del-futbol-aleman-falta-representacion-femenina\\\/#mainImage\"},\"datePublished\":\"2021-03-30T00:26:23+02:00\",\"dateModified\":\"2021-03-30T00:26:23+02:00\"},{\"@type\":\"WebSite\",\"@id\":\"https:\\\/\\\/candas365.es\\\/noticias\\\/#website\",\"url\":\"https:\\\/\\\/candas365.es\\\/noticias\\\/\",\"name\":\"Cand\\u00e1s 365\",\"alternateName\":\"Cand\\u00e1s 365 Noticias\",\"description\":\"Actualidad desde Carre\\u00f1o para el mundo\",\"inLanguage\":\"es-ES\",\"publisher\":{\"@id\":\"https:\\\/\\\/candas365.es\\\/noticias\\\/#organization\"}}]}\n\t\t<\/script>\n\t\t<!-- All in One SEO Pro -->\r\n\t\t<title>Vicepresidenta del f\u00fatbol alem\u00e1n: falta representaci\u00f3n femenina | Cand\u00e1s 365<\/title>\n\n","aioseo_head_json":{"title":"Vicepresidenta del f\u00fatbol alem\u00e1n: falta representaci\u00f3n femenina | Cand\u00e1s 365","description":"La directiva defendi\u00f3 la necesidad de llevar a cabo reformas estructurales con tal de lograr un cambio sostenible","canonical_url":"https:\/\/candas365.es\/noticias\/vicepresidenta-del-futbol-aleman-falta-representacion-femenina\/","robots":"max-image-preview:large","keywords":"deporte","webmasterTools":{"google-site-verification":"UA-32230408-1","msvalidate.01":"354F3CDFB2DA171B47FBE9ABF1F88D5","miscellaneous":""},"schema":{"@context":"https:\/\/schema.org","@graph":[{"@type":"BreadcrumbList","@id":"https:\/\/candas365.es\/noticias\/vicepresidenta-del-futbol-aleman-falta-representacion-femenina\/#breadcrumblist","itemListElement":[{"@type":"ListItem","@id":"https:\/\/candas365.es\/noticias#listItem","position":1,"name":"Home","item":"https:\/\/candas365.es\/noticias","nextItem":{"@type":"ListItem","@id":"https:\/\/candas365.es\/noticias\/category\/deporte\/#listItem","name":"Deporte"}},{"@type":"ListItem","@id":"https:\/\/candas365.es\/noticias\/category\/deporte\/#listItem","position":2,"name":"Deporte","item":"https:\/\/candas365.es\/noticias\/category\/deporte\/","nextItem":{"@type":"ListItem","@id":"https:\/\/candas365.es\/noticias\/vicepresidenta-del-futbol-aleman-falta-representacion-femenina\/#listItem","name":"Vicepresidenta del f\u00fatbol alem\u00e1n: falta representaci\u00f3n femenina"},"previousItem":{"@type":"ListItem","@id":"https:\/\/candas365.es\/noticias#listItem","name":"Home"}},{"@type":"ListItem","@id":"https:\/\/candas365.es\/noticias\/vicepresidenta-del-futbol-aleman-falta-representacion-femenina\/#listItem","position":3,"name":"Vicepresidenta del f\u00fatbol alem\u00e1n: falta representaci\u00f3n femenina","previousItem":{"@type":"ListItem","@id":"https:\/\/candas365.es\/noticias\/category\/deporte\/#listItem","name":"Deporte"}}]},{"@type":"NewsArticle","@id":"https:\/\/candas365.es\/noticias\/vicepresidenta-del-futbol-aleman-falta-representacion-femenina\/#newsarticle","name":"Vicepresidenta del f\u00fatbol alem\u00e1n: falta representaci\u00f3n femenina | Cand\u00e1s 365","headline":"Vicepresidenta del f\u00fatbol alem\u00e1n: falta representaci\u00f3n femenina","author":{"@id":"https:\/\/candas365.es\/noticias\/author\/admin\/#author"},"publisher":{"@id":"https:\/\/candas365.es\/noticias\/#organization"},"image":{"@type":"ImageObject","url":"https:\/\/candas365.es\/noticias\/wp-content\/uploads\/2018\/06\/football-1406106_960_720-1.jpg","width":960,"height":643},"datePublished":"2021-03-30T00:26:23+02:00","dateModified":"2021-03-30T00:26:23+02:00","inLanguage":"es-ES","mainEntityOfPage":{"@id":"https:\/\/candas365.es\/noticias\/vicepresidenta-del-futbol-aleman-falta-representacion-femenina\/#webpage"},"isPartOf":{"@id":"https:\/\/candas365.es\/noticias\/vicepresidenta-del-futbol-aleman-falta-representacion-femenina\/#webpage"},"articleSection":"Deporte","dateline":"Publicado el marzo 30, 2021."},{"@type":"Organization","@id":"https:\/\/candas365.es\/noticias\/#organization","name":"Cand\u00e1s 365","description":"Cand\u00e1s 365 es un diario digital independiente, fundado en 2012, con base en Asturias. Informamos con rigor sobre actualidad, sociedad, cultura y ocio, con una mirada local y global.","url":"https:\/\/candas365.es\/noticias\/","email":"info@candas365.es","telephone":"+34652131393","foundingDate":"2012-06-10","logo":{"@type":"ImageObject","url":"https:\/\/candas365.es\/noticias\/wp-content\/uploads\/2024\/09\/Candas-365-Redes.jpg","@id":"https:\/\/candas365.es\/noticias\/vicepresidenta-del-futbol-aleman-falta-representacion-femenina\/#organizationLogo","width":1152,"height":864,"caption":"Cand\u00e1s 365 Redes"},"image":{"@id":"https:\/\/candas365.es\/noticias\/vicepresidenta-del-futbol-aleman-falta-representacion-femenina\/#organizationLogo"},"sameAs":["https:\/\/www.facebook.com\/Nachofdezber","https:\/\/x.com\/NabercoDigital","https:\/\/www.instagram.com\/nachofdezber\/","https:\/\/www.youtube.com\/channel\/UCZP-2wLEB9Rv6erhFmqVnvg"],"address":{"@id":"https:\/\/candas365.es\/noticias\/#postaladdress","@type":"PostalAddress","streetAddress":"san antonio 4, san antonio 4","postalCode":"33430","addressLocality":"Cand\u00e1s","addressRegion":"Asturias","addressCountry":"ES"}},{"@type":"Person","@id":"https:\/\/candas365.es\/noticias\/author\/admin\/#author","url":"https:\/\/candas365.es\/noticias\/author\/admin\/","name":"Cand\u00e1s 365","image":{"@type":"ImageObject","@id":"https:\/\/candas365.es\/noticias\/vicepresidenta-del-futbol-aleman-falta-representacion-femenina\/#authorImage","url":"https:\/\/secure.gravatar.com\/avatar\/496a8e03d0c493ede1718b7934145dbdf8d89be1036b0eec9544e1094c9de390?s=96&d=mm&r=g","width":96,"height":96,"caption":"Cand\u00e1s 365"},"sameAs":["https:\/\/www.facebook.com\/carrenoactualidad","https:\/\/twitter.com\/nbasturias","https:\/\/www.instagram.com\/nachofdezber\/","https:\/\/www.youtube.com\/channel\/UCZP-2wLEB9Rv6erhFmqVnvg"]},{"@type":"WebPage","@id":"https:\/\/candas365.es\/noticias\/vicepresidenta-del-futbol-aleman-falta-representacion-femenina\/#webpage","url":"https:\/\/candas365.es\/noticias\/vicepresidenta-del-futbol-aleman-falta-representacion-femenina\/","name":"Vicepresidenta del f\u00fatbol alem\u00e1n: falta representaci\u00f3n femenina | Cand\u00e1s 365","description":"La directiva defendi\u00f3 la necesidad de llevar a cabo reformas estructurales con tal de lograr un cambio sostenible","inLanguage":"es-ES","isPartOf":{"@id":"https:\/\/candas365.es\/noticias\/#website"},"breadcrumb":{"@id":"https:\/\/candas365.es\/noticias\/vicepresidenta-del-futbol-aleman-falta-representacion-femenina\/#breadcrumblist"},"author":{"@id":"https:\/\/candas365.es\/noticias\/author\/admin\/#author"},"creator":{"@id":"https:\/\/candas365.es\/noticias\/author\/admin\/#author"},"image":{"@type":"ImageObject","url":"https:\/\/candas365.es\/noticias\/wp-content\/uploads\/2018\/06\/football-1406106_960_720-1.jpg","@id":"https:\/\/candas365.es\/noticias\/vicepresidenta-del-futbol-aleman-falta-representacion-femenina\/#mainImage","width":960,"height":643},"primaryImageOfPage":{"@id":"https:\/\/candas365.es\/noticias\/vicepresidenta-del-futbol-aleman-falta-representacion-femenina\/#mainImage"},"datePublished":"2021-03-30T00:26:23+02:00","dateModified":"2021-03-30T00:26:23+02:00"},{"@type":"WebSite","@id":"https:\/\/candas365.es\/noticias\/#website","url":"https:\/\/candas365.es\/noticias\/","name":"Cand\u00e1s 365","alternateName":"Cand\u00e1s 365 Noticias","description":"Actualidad desde Carre\u00f1o para el mundo","inLanguage":"es-ES","publisher":{"@id":"https:\/\/candas365.es\/noticias\/#organization"}}]},"og:locale":"es_ES","og:site_name":"Cand\u00e1s 365","og:type":"article","og:title":"Vicepresidenta del f\u00fatbol alem\u00e1n: falta representaci\u00f3n femenina | Cand\u00e1s 365","og:description":"La directiva defendi\u00f3 la necesidad de llevar a cabo reformas estructurales con tal de lograr un cambio sostenible","og:url":"https:\/\/candas365.es\/noticias\/vicepresidenta-del-futbol-aleman-falta-representacion-femenina\/","og:image":"https:\/\/candas365.es\/noticias\/wp-content\/uploads\/2018\/06\/football-1406106_960_720-1.jpg","og:image:secure_url":"https:\/\/candas365.es\/noticias\/wp-content\/uploads\/2018\/06\/football-1406106_960_720-1.jpg","og:image:width":960,"og:image:height":643,"article:published_time":"2021-03-30T00:26:23+00:00","article:modified_time":"2021-03-30T00:26:23+00:00","article:publisher":"https:\/\/www.facebook.com\/Nachofdezber","article:author":"https:\/\/www.facebook.com\/carrenoactualidad","twitter:card":"summary_large_image","twitter:site":"@NabercoDigital","twitter:title":"Vicepresidenta del f\u00fatbol alem\u00e1n: falta representaci\u00f3n femenina | Cand\u00e1s 365","twitter:description":"La directiva defendi\u00f3 la necesidad de llevar a cabo reformas estructurales con tal de lograr un cambio sostenible","twitter:creator":"@nbasturias","twitter:image":"https:\/\/candas365.es\/noticias\/wp-content\/uploads\/2018\/06\/football-1406106_960_720-1.jpg","twitter:label1":"Escrito por","twitter:data1":"Cand\u00e1s 365","twitter:label2":"Tiempo de lectura estimado","twitter:data2":"1 minuto"},"aioseo_meta_data":{"post_id":"152873","title":null,"description":"La directiva defendi\u00f3 la necesidad de llevar a cabo reformas estructurales con tal de lograr un cambio sostenible","keywords":[],"keyphrases":{"focus":[],"additional":[]},"primary_term":null,"canonical_url":null,"og_title":null,"og_description":null,"og_object_type":"default","og_image_type":"default","og_image_url":null,"og_image_width":null,"og_image_height":null,"og_image_custom_url":null,"og_image_custom_fields":null,"og_video":"","og_custom_url":null,"og_article_section":null,"og_article_tags":[],"twitter_use_og":false,"twitter_card":"default","twitter_image_type":"default","twitter_image_url":null,"twitter_image_custom_url":null,"twitter_image_custom_fields":null,"twitter_title":null,"twitter_description":null,"schema":{"blockGraphs":[],"customGraphs":[],"default":{"data":{"Article":[],"Course":[],"Dataset":[],"FAQPage":[],"Movie":[],"Person":[],"Product":[],"ProductReview":[],"Car":[],"Recipe":[],"Service":[],"SoftwareApplication":[],"WebPage":[]},"graphName":"","isEnabled":true},"graphs":[],"defaultGraph":"Article","defaultPostTypeGraph":""},"schema_type":"default","schema_type_options":"{\"article\":{\"articleType\":\"BlogPosting\"},\"course\":{\"name\":\"\",\"description\":\"\",\"provider\":\"\"},\"faq\":{\"pages\":[]},\"product\":{\"reviews\":[]},\"recipe\":{\"ingredients\":[],\"instructions\":[],\"keywords\":[]},\"software\":{\"reviews\":[],\"operatingSystems\":[]},\"webPage\":{\"webPageType\":\"WebPage\"}}","pillar_content":false,"robots_default":true,"robots_noindex":false,"robots_noarchive":false,"robots_nosnippet":false,"robots_nofollow":false,"robots_noimageindex":false,"robots_noodp":false,"robots_notranslate":false,"robots_max_snippet":"-1","robots_max_videopreview":"-1","robots_max_imagepreview":"large","priority":null,"frequency":"default","location":null,"local_seo":{"businessInfo":{"name":"","urls":{"website":"","aboutPage":"","contactPage":""},"address":{"line1":"","line2":"","zip":"","city":"","state":"","country":""},"contact":{"email":"","phone":"","fax":""},"ids":{"vatID":"","taxID":"","chamberID":""},"payment":{"priceIndication":"","currenciesAccepted":"","methodsAccepted":""},"areaServed":""},"openingHours":{"show":false,"closedLabel":"","open24h":false,"open24hLabel":"","open247":false,"use24hFormat":false,"twoSets":false,"timezone":"","hours":[]}},"seo_analyzer_scan_date":"2025-08-31 19:06:28","breadcrumb_settings":null,"limit_modified_date":false,"reviewed_by":null,"open_ai":null,"ai":null,"created":"2021-03-30 00:25:12","updated":"2025-08-31 19:06:28"},"aioseo_breadcrumb":"<div class=\"aioseo-breadcrumbs\"><span class=\"aioseo-breadcrumb\">\n\t<a href=\"https:\/\/candas365.es\/noticias\" title=\"Home\">Home<\/a>\n<\/span><span class=\"aioseo-breadcrumb-separator\">&ndash;<\/span><span class=\"aioseo-breadcrumb\">\n\t<a href=\"https:\/\/candas365.es\/noticias\/category\/deporte\/\" title=\"Deporte\">Deporte<\/a>\n<\/span><span class=\"aioseo-breadcrumb-separator\">&ndash;<\/span><span class=\"aioseo-breadcrumb\">\n\tVicepresidenta del f\u00fatbol alem\u00e1n: falta representaci\u00f3n femenina\n<\/span><\/div>","aioseo_breadcrumb_json":[{"label":"Home","link":"https:\/\/candas365.es\/noticias"},{"label":"Deporte","link":"https:\/\/candas365.es\/noticias\/category\/deporte\/"},{"label":"Vicepresidenta del f\u00fatbol alem\u00e1n: falta representaci\u00f3n femenina","link":"https:\/\/candas365.es\/noticias\/vicepresidenta-del-futbol-aleman-falta-representacion-femenina\/"}],"_links":{"self":[{"href":"https:\/\/candas365.es\/noticias\/wp-json\/wp\/v2\/posts\/152873","targetHints":{"allow":["GET"]}}],"collection":[{"href":"https:\/\/candas365.es\/noticias\/wp-json\/wp\/v2\/posts"}],"about":[{"href":"https:\/\/candas365.es\/noticias\/wp-json\/wp\/v2\/types\/post"}],"author":[{"embeddable":true,"href":"https:\/\/candas365.es\/noticias\/wp-json\/wp\/v2\/users\/1"}],"replies":[{"embeddable":true,"href":"https:\/\/candas365.es\/noticias\/wp-json\/wp\/v2\/comments?post=152873"}],"version-history":[{"count":0,"href":"https:\/\/candas365.es\/noticias\/wp-json\/wp\/v2\/posts\/152873\/revisions"}],"wp:featuredmedia":[{"embeddable":true,"href":"https:\/\/candas365.es\/noticias\/wp-json\/wp\/v2\/media\/98026"}],"wp:attachment":[{"href":"https:\/\/candas365.es\/noticias\/wp-json\/wp\/v2\/media?parent=152873"}],"wp:term":[{"taxonomy":"category","embeddable":true,"href":"https:\/\/candas365.es\/noticias\/wp-json\/wp\/v2\/categories?post=152873"},{"taxonomy":"post_tag","embeddable":true,"href":"https:\/\/candas365.es\/noticias\/wp-json\/wp\/v2\/tags?post=152873"}],"curies":[{"name":"wp","href":"https:\/\/api.w.org\/{rel}","templated":true}]}}