{"id":152870,"date":"2021-03-30T00:24:18","date_gmt":"2021-03-30T00:24:18","guid":{"rendered":"http:\/\/candas365.es\/noticias\/?p=152870"},"modified":"2021-03-30T00:24:18","modified_gmt":"2021-03-30T00:24:18","slug":"formula-1-frustracion-para-vettel-aprendizaje-para-schumacher","status":"publish","type":"post","link":"https:\/\/candas365.es\/noticias\/formula-1-frustracion-para-vettel-aprendizaje-para-schumacher\/","title":{"rendered":"F\u00f3rmula 1: frustraci\u00f3n para Vettel, aprendizaje para Schumacher"},"content":{"rendered":"<figure id=\"attachment_152871\" aria-describedby=\"caption-attachment-152871\" style=\"width: 360px\" class=\"wp-caption alignleft\"><img fetchpriority=\"high\" decoding=\"async\" class=\"size-medium wp-image-152871\" src=\"https:\/\/candas365.es\/noticias\/wp-content\/uploads\/2021\/03\/Mick-Schumacher-360x256.jpg\" alt=\" Mick Schumacher\" width=\"360\" height=\"256\" srcset=\"https:\/\/candas365.es\/noticias\/wp-content\/uploads\/2021\/03\/Mick-Schumacher-360x256.jpg 360w, https:\/\/candas365.es\/noticias\/wp-content\/uploads\/2021\/03\/Mick-Schumacher-650x463.jpg 650w, https:\/\/candas365.es\/noticias\/wp-content\/uploads\/2021\/03\/Mick-Schumacher-768x547.jpg 768w, https:\/\/candas365.es\/noticias\/wp-content\/uploads\/2021\/03\/Mick-Schumacher.jpg 902w\" sizes=\"(max-width: 360px) 100vw, 360px\" \/><figcaption id=\"caption-attachment-152871\" class=\"wp-caption-text\">Foto: Hasan Bratic\/dpa<\/figcaption><\/figure>\n<p>Sakhir (Bar\u00e9in), 29 mar (dpa) \u2013 Los pilotos alemanes de F\u00f3rmula 1 Sebastian Vettel y Mick Schumacher cruzaron los \u00faltimos la meta del Circuito Internacional de Bar\u00e9in en la primera prueba de la temporada, lo que supuso algo de frustraci\u00f3n para el ex campe\u00f3n del mundo y lo esperado para el debutante.<\/p>\n<p>\u00abTodav\u00eda no me siento c\u00f3modo en el coche. Hay muchas cosas que juegan en mi contra y no puedo concentrarme en la conducci\u00f3n\u00bb, dijo Vettel.<\/p>\n<p>\u00abMi trabajo es conducir el coche y hacer una buena carrera, cosa que no he hecho hoy\u00bb, a\u00f1adi\u00f3 el cuatro veces campe\u00f3n del mundo.<\/p>\n<p>\u00abNo ha sido el fin de semana que quer\u00edamos tener\u00bb, admiti\u00f3, mientras que el peri\u00f3dico italiano \u00abLa Gazzeta dello Sport\u00bb calificaba como \u00abun comienzo de pesadilla\u00bb el inicio de temporada de Vettel.<\/p>\n<p>El pr\u00f3ximo Gran Premio, el de Emilia Romagna en Imola, es el \u00fanico programado en abril, cosa que da tiempo a Vettel y a Aston Martin para mejorar el coche para afrontar una temporada con 23 carreras.<\/p>\n<p>Por su parte, su compatriota Mick Schumacher era y es consciente de que en su a\u00f1o de debut en la F\u00f3rmula 1 solo podr\u00e1 aprender. \u00abEl hijo del siete veces campe\u00f3n del mundo Michael Schumacher no lo tuvo f\u00e1cil con el m\u00e1s bien flojo Haas\u00bb, juzg\u00f3 el peri\u00f3dico brit\u00e1nico \u00abThe Sun\u00bb.<\/p>\n<p>\u00abHa aprendido mucho\u00bb, dijo el jefe del equipo Haas, G\u00fcnther Steiner, lleno de elogios para el joven de 22 a\u00f1os, que fue uno de los m\u00e1s solicitados para ser entrevistado en la parrilla.<\/p>\n<p>Tras un trompo al principio, Schumacher consigui\u00f3 acabar la carrera. Su padre Michael, en su debut hace 30 a\u00f1os, solo consigui\u00f3 recorrer unos cientos de metros debido a una aver\u00eda en el embrague.<\/p>\n<p>Qued\u00f3 claro que este a\u00f1o Mick Schumacher seguramente solo ver\u00e1 la parte trasera de los b\u00f3lidos rivales. No hay ning\u00fan equipo m\u00e1s flojo que Haas, y su compa\u00f1ero Nikita Masepin fue el primero en abandonar.<\/p>\n<p>El campe\u00f3n de F\u00f3rmula 2 de 2020 tiene claro que tendr\u00e1 que aceptar ser doblado una carrera tras otra: \u00abSab\u00edamos desde el principio que ser\u00eda as\u00ed y que tendr\u00eda que aceptarlo y aprender. No puedo entrar directamente entre los cinco primeros, aunque me gustar\u00eda\u00bb.<\/p>\n<p>Y en la cabeza de carrera, por el momento, los dominadores parece que en 2021 ser\u00e1n el brit\u00e1nico Lewis Hamilton, con Mercedes, y el holand\u00e9s Max Verstappen, con Red Bull. Su duelo proporcion\u00f3 \u00abnn comienzo \u00e9pico\u00bb, seg\u00fan la propia F\u00f3rmula 1.<\/p>\n<p>La escuder\u00eda con la que Vettel consigui\u00f3 sus cuatro t\u00edtulos, de 2010 a 2013, parece dispuesta este a\u00f1o a poner fin a la era de Mercedes y el siete veces campe\u00f3n del mundo Hamilton.<\/p>\n<p>&nbsp;<\/p>\n","protected":false},"excerpt":{"rendered":"<p>Sakhir (Bar\u00e9in), 29 mar (dpa) \u2013 Los pilotos alemanes de F\u00f3rmula 1 Sebastian Vettel y Mick Schumacher cruzaron los \u00faltimos la meta del Circuito Internacional de Bar\u00e9in en la primera prueba de la temporada, lo que supuso algo de frustraci\u00f3n para el ex campe\u00f3n del mundo y lo esperado para el debutante. \u00abTodav\u00eda no me<\/p>\n","protected":false},"author":1,"featured_media":152871,"comment_status":"closed","ping_status":"closed","sticky":false,"template":"","format":"standard","meta":{"footnotes":""},"categories":[319],"tags":[],"class_list":{"0":"post-152870","1":"post","2":"type-post","3":"status-publish","4":"format-standard","5":"has-post-thumbnail","7":"category-deporte"},"aioseo_notices":[],"aioseo_head":"\n\t\t<!-- All in One SEO Pro 4.9.6.2 - aioseo.com -->\n\t<meta name=\"description\" content=\"Los pilotos alemanes de F\u00f3rmula 1 Sebastian Vettel y Mick Schumacher cruzaron los \u00faltimos la meta del Circuito Internacional de Bar\u00e9in en la primera prueba\" \/>\n\t<meta name=\"robots\" content=\"max-image-preview:large\" \/>\n\t<meta name=\"author\" content=\"Cand\u00e1s 365\"\/>\n\t<meta name=\"google-site-verification\" content=\"UA-32230408-1\" \/>\n\t<meta name=\"msvalidate.01\" content=\"354F3CDFB2DA171B47FBE9ABF1F88D5\" \/>\n\t<meta name=\"keywords\" content=\"deporte\" \/>\n\t<link rel=\"canonical\" href=\"https:\/\/candas365.es\/noticias\/formula-1-frustracion-para-vettel-aprendizaje-para-schumacher\/\" \/>\n\t<meta name=\"generator\" content=\"All in One SEO Pro (AIOSEO) 4.9.6.2\" \/>\n\t\t<meta property=\"og:locale\" content=\"es_ES\" \/>\n\t\t<meta property=\"og:site_name\" content=\"Cand\u00e1s 365\" \/>\n\t\t<meta property=\"og:type\" content=\"article\" \/>\n\t\t<meta property=\"og:title\" content=\"F\u00f3rmula 1: frustraci\u00f3n para Vettel, aprendizaje para Schumacher | Cand\u00e1s 365\" \/>\n\t\t<meta property=\"og:description\" content=\"Los pilotos alemanes de F\u00f3rmula 1 Sebastian Vettel y Mick Schumacher cruzaron los \u00faltimos la meta del Circuito Internacional de Bar\u00e9in en la primera prueba\" \/>\n\t\t<meta property=\"og:url\" content=\"https:\/\/candas365.es\/noticias\/formula-1-frustracion-para-vettel-aprendizaje-para-schumacher\/\" \/>\n\t\t<meta property=\"og:image\" content=\"https:\/\/candas365.es\/noticias\/wp-content\/uploads\/2021\/03\/Mick-Schumacher.jpg\" \/>\n\t\t<meta property=\"og:image:secure_url\" content=\"https:\/\/candas365.es\/noticias\/wp-content\/uploads\/2021\/03\/Mick-Schumacher.jpg\" \/>\n\t\t<meta property=\"og:image:width\" content=\"902\" \/>\n\t\t<meta property=\"og:image:height\" content=\"642\" \/>\n\t\t<meta property=\"article:published_time\" content=\"2021-03-30T00:24:18+00:00\" \/>\n\t\t<meta property=\"article:modified_time\" content=\"2021-03-30T00:24:18+00:00\" \/>\n\t\t<meta property=\"article:publisher\" content=\"https:\/\/www.facebook.com\/Nachofdezber\" \/>\n\t\t<meta property=\"article:author\" content=\"https:\/\/www.facebook.com\/carrenoactualidad\" \/>\n\t\t<meta name=\"twitter:card\" content=\"summary_large_image\" \/>\n\t\t<meta name=\"twitter:site\" content=\"@NabercoDigital\" \/>\n\t\t<meta name=\"twitter:title\" content=\"F\u00f3rmula 1: frustraci\u00f3n para Vettel, aprendizaje para Schumacher | Cand\u00e1s 365\" \/>\n\t\t<meta name=\"twitter:description\" content=\"Los pilotos alemanes de F\u00f3rmula 1 Sebastian Vettel y Mick Schumacher cruzaron los \u00faltimos la meta del Circuito Internacional de Bar\u00e9in en la primera prueba\" \/>\n\t\t<meta name=\"twitter:creator\" content=\"@nbasturias\" \/>\n\t\t<meta name=\"twitter:image\" content=\"https:\/\/candas365.es\/noticias\/wp-content\/uploads\/2021\/03\/Mick-Schumacher.jpg\" \/>\n\t\t<meta name=\"twitter:label1\" content=\"Escrito por\" \/>\n\t\t<meta name=\"twitter:data1\" content=\"Cand\u00e1s 365\" \/>\n\t\t<meta name=\"twitter:label2\" content=\"Tiempo de lectura estimado\" \/>\n\t\t<meta name=\"twitter:data2\" content=\"2 minutos\" \/>\n\t\t<script type=\"application\/ld+json\" class=\"aioseo-schema\">\n\t\t\t{\"@context\":\"https:\\\/\\\/schema.org\",\"@graph\":[{\"@type\":\"BreadcrumbList\",\"@id\":\"https:\\\/\\\/candas365.es\\\/noticias\\\/formula-1-frustracion-para-vettel-aprendizaje-para-schumacher\\\/#breadcrumblist\",\"itemListElement\":[{\"@type\":\"ListItem\",\"@id\":\"https:\\\/\\\/candas365.es\\\/noticias#listItem\",\"position\":1,\"name\":\"Home\",\"item\":\"https:\\\/\\\/candas365.es\\\/noticias\",\"nextItem\":{\"@type\":\"ListItem\",\"@id\":\"https:\\\/\\\/candas365.es\\\/noticias\\\/category\\\/deporte\\\/#listItem\",\"name\":\"Deporte\"}},{\"@type\":\"ListItem\",\"@id\":\"https:\\\/\\\/candas365.es\\\/noticias\\\/category\\\/deporte\\\/#listItem\",\"position\":2,\"name\":\"Deporte\",\"item\":\"https:\\\/\\\/candas365.es\\\/noticias\\\/category\\\/deporte\\\/\",\"nextItem\":{\"@type\":\"ListItem\",\"@id\":\"https:\\\/\\\/candas365.es\\\/noticias\\\/formula-1-frustracion-para-vettel-aprendizaje-para-schumacher\\\/#listItem\",\"name\":\"F\\u00f3rmula 1: frustraci\\u00f3n para Vettel, aprendizaje para Schumacher\"},\"previousItem\":{\"@type\":\"ListItem\",\"@id\":\"https:\\\/\\\/candas365.es\\\/noticias#listItem\",\"name\":\"Home\"}},{\"@type\":\"ListItem\",\"@id\":\"https:\\\/\\\/candas365.es\\\/noticias\\\/formula-1-frustracion-para-vettel-aprendizaje-para-schumacher\\\/#listItem\",\"position\":3,\"name\":\"F\\u00f3rmula 1: frustraci\\u00f3n para Vettel, aprendizaje para Schumacher\",\"previousItem\":{\"@type\":\"ListItem\",\"@id\":\"https:\\\/\\\/candas365.es\\\/noticias\\\/category\\\/deporte\\\/#listItem\",\"name\":\"Deporte\"}}]},{\"@type\":\"NewsArticle\",\"@id\":\"https:\\\/\\\/candas365.es\\\/noticias\\\/formula-1-frustracion-para-vettel-aprendizaje-para-schumacher\\\/#newsarticle\",\"name\":\"F\\u00f3rmula 1: frustraci\\u00f3n para Vettel, aprendizaje para Schumacher | Cand\\u00e1s 365\",\"headline\":\"F\\u00f3rmula 1: frustraci\\u00f3n para Vettel, aprendizaje para Schumacher\",\"author\":{\"@id\":\"https:\\\/\\\/candas365.es\\\/noticias\\\/author\\\/admin\\\/#author\"},\"publisher\":{\"@id\":\"https:\\\/\\\/candas365.es\\\/noticias\\\/#organization\"},\"image\":{\"@type\":\"ImageObject\",\"url\":\"https:\\\/\\\/candas365.es\\\/noticias\\\/wp-content\\\/uploads\\\/2021\\\/03\\\/Mick-Schumacher.jpg\",\"width\":902,\"height\":642,\"caption\":\"Foto: Hasan Bratic\\\/dpa\"},\"datePublished\":\"2021-03-30T00:24:18+02:00\",\"dateModified\":\"2021-03-30T00:24:18+02:00\",\"inLanguage\":\"es-ES\",\"mainEntityOfPage\":{\"@id\":\"https:\\\/\\\/candas365.es\\\/noticias\\\/formula-1-frustracion-para-vettel-aprendizaje-para-schumacher\\\/#webpage\"},\"isPartOf\":{\"@id\":\"https:\\\/\\\/candas365.es\\\/noticias\\\/formula-1-frustracion-para-vettel-aprendizaje-para-schumacher\\\/#webpage\"},\"articleSection\":\"Deporte\",\"dateline\":\"Publicado el marzo 30, 2021.\"},{\"@type\":\"Organization\",\"@id\":\"https:\\\/\\\/candas365.es\\\/noticias\\\/#organization\",\"name\":\"Cand\\u00e1s 365\",\"description\":\"Cand\\u00e1s 365 es un diario digital independiente, fundado en 2012, con base en Asturias. Informamos con rigor sobre actualidad, sociedad, cultura y ocio, con una mirada local y global.\",\"url\":\"https:\\\/\\\/candas365.es\\\/noticias\\\/\",\"email\":\"info@candas365.es\",\"telephone\":\"+34652131393\",\"foundingDate\":\"2012-06-10\",\"logo\":{\"@type\":\"ImageObject\",\"url\":\"https:\\\/\\\/candas365.es\\\/noticias\\\/wp-content\\\/uploads\\\/2024\\\/09\\\/Candas-365-Redes.jpg\",\"@id\":\"https:\\\/\\\/candas365.es\\\/noticias\\\/formula-1-frustracion-para-vettel-aprendizaje-para-schumacher\\\/#organizationLogo\",\"width\":1152,\"height\":864,\"caption\":\"Cand\\u00e1s 365 Redes\"},\"image\":{\"@id\":\"https:\\\/\\\/candas365.es\\\/noticias\\\/formula-1-frustracion-para-vettel-aprendizaje-para-schumacher\\\/#organizationLogo\"},\"sameAs\":[\"https:\\\/\\\/www.facebook.com\\\/Nachofdezber\",\"https:\\\/\\\/x.com\\\/NabercoDigital\",\"https:\\\/\\\/www.instagram.com\\\/nachofdezber\\\/\",\"https:\\\/\\\/www.youtube.com\\\/channel\\\/UCZP-2wLEB9Rv6erhFmqVnvg\"],\"address\":{\"@id\":\"https:\\\/\\\/candas365.es\\\/noticias\\\/#postaladdress\",\"@type\":\"PostalAddress\",\"streetAddress\":\"san antonio 4, san antonio 4\",\"postalCode\":\"33430\",\"addressLocality\":\"Cand\\u00e1s\",\"addressRegion\":\"Asturias\",\"addressCountry\":\"ES\"}},{\"@type\":\"Person\",\"@id\":\"https:\\\/\\\/candas365.es\\\/noticias\\\/author\\\/admin\\\/#author\",\"url\":\"https:\\\/\\\/candas365.es\\\/noticias\\\/author\\\/admin\\\/\",\"name\":\"Cand\\u00e1s 365\",\"image\":{\"@type\":\"ImageObject\",\"@id\":\"https:\\\/\\\/candas365.es\\\/noticias\\\/formula-1-frustracion-para-vettel-aprendizaje-para-schumacher\\\/#authorImage\",\"url\":\"https:\\\/\\\/secure.gravatar.com\\\/avatar\\\/496a8e03d0c493ede1718b7934145dbdf8d89be1036b0eec9544e1094c9de390?s=96&d=mm&r=g\",\"width\":96,\"height\":96,\"caption\":\"Cand\\u00e1s 365\"},\"sameAs\":[\"https:\\\/\\\/www.facebook.com\\\/carrenoactualidad\",\"https:\\\/\\\/twitter.com\\\/nbasturias\",\"https:\\\/\\\/www.instagram.com\\\/nachofdezber\\\/\",\"https:\\\/\\\/www.youtube.com\\\/channel\\\/UCZP-2wLEB9Rv6erhFmqVnvg\"]},{\"@type\":\"WebPage\",\"@id\":\"https:\\\/\\\/candas365.es\\\/noticias\\\/formula-1-frustracion-para-vettel-aprendizaje-para-schumacher\\\/#webpage\",\"url\":\"https:\\\/\\\/candas365.es\\\/noticias\\\/formula-1-frustracion-para-vettel-aprendizaje-para-schumacher\\\/\",\"name\":\"F\\u00f3rmula 1: frustraci\\u00f3n para Vettel, aprendizaje para Schumacher | Cand\\u00e1s 365\",\"description\":\"Los pilotos alemanes de F\\u00f3rmula 1 Sebastian Vettel y Mick Schumacher cruzaron los \\u00faltimos la meta del Circuito Internacional de Bar\\u00e9in en la primera prueba\",\"inLanguage\":\"es-ES\",\"isPartOf\":{\"@id\":\"https:\\\/\\\/candas365.es\\\/noticias\\\/#website\"},\"breadcrumb\":{\"@id\":\"https:\\\/\\\/candas365.es\\\/noticias\\\/formula-1-frustracion-para-vettel-aprendizaje-para-schumacher\\\/#breadcrumblist\"},\"author\":{\"@id\":\"https:\\\/\\\/candas365.es\\\/noticias\\\/author\\\/admin\\\/#author\"},\"creator\":{\"@id\":\"https:\\\/\\\/candas365.es\\\/noticias\\\/author\\\/admin\\\/#author\"},\"image\":{\"@type\":\"ImageObject\",\"url\":\"https:\\\/\\\/candas365.es\\\/noticias\\\/wp-content\\\/uploads\\\/2021\\\/03\\\/Mick-Schumacher.jpg\",\"@id\":\"https:\\\/\\\/candas365.es\\\/noticias\\\/formula-1-frustracion-para-vettel-aprendizaje-para-schumacher\\\/#mainImage\",\"width\":902,\"height\":642,\"caption\":\"Foto: Hasan Bratic\\\/dpa\"},\"primaryImageOfPage\":{\"@id\":\"https:\\\/\\\/candas365.es\\\/noticias\\\/formula-1-frustracion-para-vettel-aprendizaje-para-schumacher\\\/#mainImage\"},\"datePublished\":\"2021-03-30T00:24:18+02:00\",\"dateModified\":\"2021-03-30T00:24:18+02:00\"},{\"@type\":\"WebSite\",\"@id\":\"https:\\\/\\\/candas365.es\\\/noticias\\\/#website\",\"url\":\"https:\\\/\\\/candas365.es\\\/noticias\\\/\",\"name\":\"Cand\\u00e1s 365\",\"alternateName\":\"Cand\\u00e1s 365 Noticias\",\"description\":\"Actualidad desde Carre\\u00f1o para el mundo\",\"inLanguage\":\"es-ES\",\"publisher\":{\"@id\":\"https:\\\/\\\/candas365.es\\\/noticias\\\/#organization\"}}]}\n\t\t<\/script>\n\t\t<!-- All in One SEO Pro -->\r\n\t\t<title>F\u00f3rmula 1: frustraci\u00f3n para Vettel, aprendizaje para Schumacher | Cand\u00e1s 365<\/title>\n\n","aioseo_head_json":{"title":"F\u00f3rmula 1: frustraci\u00f3n para Vettel, aprendizaje para Schumacher | Cand\u00e1s 365","description":"Los pilotos alemanes de F\u00f3rmula 1 Sebastian Vettel y Mick Schumacher cruzaron los \u00faltimos la meta del Circuito Internacional de Bar\u00e9in en la primera prueba","canonical_url":"https:\/\/candas365.es\/noticias\/formula-1-frustracion-para-vettel-aprendizaje-para-schumacher\/","robots":"max-image-preview:large","keywords":"deporte","webmasterTools":{"google-site-verification":"UA-32230408-1","msvalidate.01":"354F3CDFB2DA171B47FBE9ABF1F88D5","miscellaneous":""},"schema":{"@context":"https:\/\/schema.org","@graph":[{"@type":"BreadcrumbList","@id":"https:\/\/candas365.es\/noticias\/formula-1-frustracion-para-vettel-aprendizaje-para-schumacher\/#breadcrumblist","itemListElement":[{"@type":"ListItem","@id":"https:\/\/candas365.es\/noticias#listItem","position":1,"name":"Home","item":"https:\/\/candas365.es\/noticias","nextItem":{"@type":"ListItem","@id":"https:\/\/candas365.es\/noticias\/category\/deporte\/#listItem","name":"Deporte"}},{"@type":"ListItem","@id":"https:\/\/candas365.es\/noticias\/category\/deporte\/#listItem","position":2,"name":"Deporte","item":"https:\/\/candas365.es\/noticias\/category\/deporte\/","nextItem":{"@type":"ListItem","@id":"https:\/\/candas365.es\/noticias\/formula-1-frustracion-para-vettel-aprendizaje-para-schumacher\/#listItem","name":"F\u00f3rmula 1: frustraci\u00f3n para Vettel, aprendizaje para Schumacher"},"previousItem":{"@type":"ListItem","@id":"https:\/\/candas365.es\/noticias#listItem","name":"Home"}},{"@type":"ListItem","@id":"https:\/\/candas365.es\/noticias\/formula-1-frustracion-para-vettel-aprendizaje-para-schumacher\/#listItem","position":3,"name":"F\u00f3rmula 1: frustraci\u00f3n para Vettel, aprendizaje para Schumacher","previousItem":{"@type":"ListItem","@id":"https:\/\/candas365.es\/noticias\/category\/deporte\/#listItem","name":"Deporte"}}]},{"@type":"NewsArticle","@id":"https:\/\/candas365.es\/noticias\/formula-1-frustracion-para-vettel-aprendizaje-para-schumacher\/#newsarticle","name":"F\u00f3rmula 1: frustraci\u00f3n para Vettel, aprendizaje para Schumacher | Cand\u00e1s 365","headline":"F\u00f3rmula 1: frustraci\u00f3n para Vettel, aprendizaje para Schumacher","author":{"@id":"https:\/\/candas365.es\/noticias\/author\/admin\/#author"},"publisher":{"@id":"https:\/\/candas365.es\/noticias\/#organization"},"image":{"@type":"ImageObject","url":"https:\/\/candas365.es\/noticias\/wp-content\/uploads\/2021\/03\/Mick-Schumacher.jpg","width":902,"height":642,"caption":"Foto: Hasan Bratic\/dpa"},"datePublished":"2021-03-30T00:24:18+02:00","dateModified":"2021-03-30T00:24:18+02:00","inLanguage":"es-ES","mainEntityOfPage":{"@id":"https:\/\/candas365.es\/noticias\/formula-1-frustracion-para-vettel-aprendizaje-para-schumacher\/#webpage"},"isPartOf":{"@id":"https:\/\/candas365.es\/noticias\/formula-1-frustracion-para-vettel-aprendizaje-para-schumacher\/#webpage"},"articleSection":"Deporte","dateline":"Publicado el marzo 30, 2021."},{"@type":"Organization","@id":"https:\/\/candas365.es\/noticias\/#organization","name":"Cand\u00e1s 365","description":"Cand\u00e1s 365 es un diario digital independiente, fundado en 2012, con base en Asturias. Informamos con rigor sobre actualidad, sociedad, cultura y ocio, con una mirada local y global.","url":"https:\/\/candas365.es\/noticias\/","email":"info@candas365.es","telephone":"+34652131393","foundingDate":"2012-06-10","logo":{"@type":"ImageObject","url":"https:\/\/candas365.es\/noticias\/wp-content\/uploads\/2024\/09\/Candas-365-Redes.jpg","@id":"https:\/\/candas365.es\/noticias\/formula-1-frustracion-para-vettel-aprendizaje-para-schumacher\/#organizationLogo","width":1152,"height":864,"caption":"Cand\u00e1s 365 Redes"},"image":{"@id":"https:\/\/candas365.es\/noticias\/formula-1-frustracion-para-vettel-aprendizaje-para-schumacher\/#organizationLogo"},"sameAs":["https:\/\/www.facebook.com\/Nachofdezber","https:\/\/x.com\/NabercoDigital","https:\/\/www.instagram.com\/nachofdezber\/","https:\/\/www.youtube.com\/channel\/UCZP-2wLEB9Rv6erhFmqVnvg"],"address":{"@id":"https:\/\/candas365.es\/noticias\/#postaladdress","@type":"PostalAddress","streetAddress":"san antonio 4, san antonio 4","postalCode":"33430","addressLocality":"Cand\u00e1s","addressRegion":"Asturias","addressCountry":"ES"}},{"@type":"Person","@id":"https:\/\/candas365.es\/noticias\/author\/admin\/#author","url":"https:\/\/candas365.es\/noticias\/author\/admin\/","name":"Cand\u00e1s 365","image":{"@type":"ImageObject","@id":"https:\/\/candas365.es\/noticias\/formula-1-frustracion-para-vettel-aprendizaje-para-schumacher\/#authorImage","url":"https:\/\/secure.gravatar.com\/avatar\/496a8e03d0c493ede1718b7934145dbdf8d89be1036b0eec9544e1094c9de390?s=96&d=mm&r=g","width":96,"height":96,"caption":"Cand\u00e1s 365"},"sameAs":["https:\/\/www.facebook.com\/carrenoactualidad","https:\/\/twitter.com\/nbasturias","https:\/\/www.instagram.com\/nachofdezber\/","https:\/\/www.youtube.com\/channel\/UCZP-2wLEB9Rv6erhFmqVnvg"]},{"@type":"WebPage","@id":"https:\/\/candas365.es\/noticias\/formula-1-frustracion-para-vettel-aprendizaje-para-schumacher\/#webpage","url":"https:\/\/candas365.es\/noticias\/formula-1-frustracion-para-vettel-aprendizaje-para-schumacher\/","name":"F\u00f3rmula 1: frustraci\u00f3n para Vettel, aprendizaje para Schumacher | Cand\u00e1s 365","description":"Los pilotos alemanes de F\u00f3rmula 1 Sebastian Vettel y Mick Schumacher cruzaron los \u00faltimos la meta del Circuito Internacional de Bar\u00e9in en la primera prueba","inLanguage":"es-ES","isPartOf":{"@id":"https:\/\/candas365.es\/noticias\/#website"},"breadcrumb":{"@id":"https:\/\/candas365.es\/noticias\/formula-1-frustracion-para-vettel-aprendizaje-para-schumacher\/#breadcrumblist"},"author":{"@id":"https:\/\/candas365.es\/noticias\/author\/admin\/#author"},"creator":{"@id":"https:\/\/candas365.es\/noticias\/author\/admin\/#author"},"image":{"@type":"ImageObject","url":"https:\/\/candas365.es\/noticias\/wp-content\/uploads\/2021\/03\/Mick-Schumacher.jpg","@id":"https:\/\/candas365.es\/noticias\/formula-1-frustracion-para-vettel-aprendizaje-para-schumacher\/#mainImage","width":902,"height":642,"caption":"Foto: Hasan Bratic\/dpa"},"primaryImageOfPage":{"@id":"https:\/\/candas365.es\/noticias\/formula-1-frustracion-para-vettel-aprendizaje-para-schumacher\/#mainImage"},"datePublished":"2021-03-30T00:24:18+02:00","dateModified":"2021-03-30T00:24:18+02:00"},{"@type":"WebSite","@id":"https:\/\/candas365.es\/noticias\/#website","url":"https:\/\/candas365.es\/noticias\/","name":"Cand\u00e1s 365","alternateName":"Cand\u00e1s 365 Noticias","description":"Actualidad desde Carre\u00f1o para el mundo","inLanguage":"es-ES","publisher":{"@id":"https:\/\/candas365.es\/noticias\/#organization"}}]},"og:locale":"es_ES","og:site_name":"Cand\u00e1s 365","og:type":"article","og:title":"F\u00f3rmula 1: frustraci\u00f3n para Vettel, aprendizaje para Schumacher | Cand\u00e1s 365","og:description":"Los pilotos alemanes de F\u00f3rmula 1 Sebastian Vettel y Mick Schumacher cruzaron los \u00faltimos la meta del Circuito Internacional de Bar\u00e9in en la primera prueba","og:url":"https:\/\/candas365.es\/noticias\/formula-1-frustracion-para-vettel-aprendizaje-para-schumacher\/","og:image":"https:\/\/candas365.es\/noticias\/wp-content\/uploads\/2021\/03\/Mick-Schumacher.jpg","og:image:secure_url":"https:\/\/candas365.es\/noticias\/wp-content\/uploads\/2021\/03\/Mick-Schumacher.jpg","og:image:width":902,"og:image:height":642,"article:published_time":"2021-03-30T00:24:18+00:00","article:modified_time":"2021-03-30T00:24:18+00:00","article:publisher":"https:\/\/www.facebook.com\/Nachofdezber","article:author":"https:\/\/www.facebook.com\/carrenoactualidad","twitter:card":"summary_large_image","twitter:site":"@NabercoDigital","twitter:title":"F\u00f3rmula 1: frustraci\u00f3n para Vettel, aprendizaje para Schumacher | Cand\u00e1s 365","twitter:description":"Los pilotos alemanes de F\u00f3rmula 1 Sebastian Vettel y Mick Schumacher cruzaron los \u00faltimos la meta del Circuito Internacional de Bar\u00e9in en la primera prueba","twitter:creator":"@nbasturias","twitter:image":"https:\/\/candas365.es\/noticias\/wp-content\/uploads\/2021\/03\/Mick-Schumacher.jpg","twitter:label1":"Escrito por","twitter:data1":"Cand\u00e1s 365","twitter:label2":"Tiempo de lectura estimado","twitter:data2":"2 minutos"},"aioseo_meta_data":{"post_id":"152870","title":null,"description":"Los pilotos alemanes de F\u00f3rmula 1 Sebastian Vettel y Mick Schumacher cruzaron los \u00faltimos la meta del Circuito Internacional de Bar\u00e9in en la primera prueba","keywords":[],"keyphrases":{"focus":[],"additional":[]},"primary_term":null,"canonical_url":null,"og_title":null,"og_description":null,"og_object_type":"default","og_image_type":"default","og_image_url":null,"og_image_width":null,"og_image_height":null,"og_image_custom_url":null,"og_image_custom_fields":null,"og_video":"","og_custom_url":null,"og_article_section":null,"og_article_tags":[],"twitter_use_og":false,"twitter_card":"default","twitter_image_type":"default","twitter_image_url":null,"twitter_image_custom_url":null,"twitter_image_custom_fields":null,"twitter_title":null,"twitter_description":null,"schema":{"blockGraphs":[],"customGraphs":[],"default":{"data":{"Article":[],"Course":[],"Dataset":[],"FAQPage":[],"Movie":[],"Person":[],"Product":[],"ProductReview":[],"Car":[],"Recipe":[],"Service":[],"SoftwareApplication":[],"WebPage":[]},"graphName":"","isEnabled":true},"graphs":[],"defaultGraph":"Article","defaultPostTypeGraph":""},"schema_type":"default","schema_type_options":"{\"article\":{\"articleType\":\"BlogPosting\"},\"course\":{\"name\":\"\",\"description\":\"\",\"provider\":\"\"},\"faq\":{\"pages\":[]},\"product\":{\"reviews\":[]},\"recipe\":{\"ingredients\":[],\"instructions\":[],\"keywords\":[]},\"software\":{\"reviews\":[],\"operatingSystems\":[]},\"webPage\":{\"webPageType\":\"WebPage\"}}","pillar_content":false,"robots_default":true,"robots_noindex":false,"robots_noarchive":false,"robots_nosnippet":false,"robots_nofollow":false,"robots_noimageindex":false,"robots_noodp":false,"robots_notranslate":false,"robots_max_snippet":"-1","robots_max_videopreview":"-1","robots_max_imagepreview":"large","priority":null,"frequency":"default","location":null,"local_seo":{"businessInfo":{"name":"","urls":{"website":"","aboutPage":"","contactPage":""},"address":{"line1":"","line2":"","zip":"","city":"","state":"","country":""},"contact":{"email":"","phone":"","fax":""},"ids":{"vatID":"","taxID":"","chamberID":""},"payment":{"priceIndication":"","currenciesAccepted":"","methodsAccepted":""},"areaServed":""},"openingHours":{"show":false,"closedLabel":"","open24h":false,"open24hLabel":"","open247":false,"use24hFormat":false,"twoSets":false,"timezone":"","hours":[]}},"seo_analyzer_scan_date":"2025-08-31 19:06:27","breadcrumb_settings":null,"limit_modified_date":false,"reviewed_by":null,"open_ai":null,"ai":null,"created":"2021-03-30 00:21:28","updated":"2025-08-31 19:06:27"},"aioseo_breadcrumb":"<div class=\"aioseo-breadcrumbs\"><span class=\"aioseo-breadcrumb\">\n\t<a href=\"https:\/\/candas365.es\/noticias\" title=\"Home\">Home<\/a>\n<\/span><span class=\"aioseo-breadcrumb-separator\">&ndash;<\/span><span class=\"aioseo-breadcrumb\">\n\t<a href=\"https:\/\/candas365.es\/noticias\/category\/deporte\/\" title=\"Deporte\">Deporte<\/a>\n<\/span><span class=\"aioseo-breadcrumb-separator\">&ndash;<\/span><span class=\"aioseo-breadcrumb\">\n\tF\u00f3rmula 1: frustraci\u00f3n para Vettel, aprendizaje para Schumacher\n<\/span><\/div>","aioseo_breadcrumb_json":[{"label":"Home","link":"https:\/\/candas365.es\/noticias"},{"label":"Deporte","link":"https:\/\/candas365.es\/noticias\/category\/deporte\/"},{"label":"F\u00f3rmula 1: frustraci\u00f3n para Vettel, aprendizaje para Schumacher","link":"https:\/\/candas365.es\/noticias\/formula-1-frustracion-para-vettel-aprendizaje-para-schumacher\/"}],"_links":{"self":[{"href":"https:\/\/candas365.es\/noticias\/wp-json\/wp\/v2\/posts\/152870","targetHints":{"allow":["GET"]}}],"collection":[{"href":"https:\/\/candas365.es\/noticias\/wp-json\/wp\/v2\/posts"}],"about":[{"href":"https:\/\/candas365.es\/noticias\/wp-json\/wp\/v2\/types\/post"}],"author":[{"embeddable":true,"href":"https:\/\/candas365.es\/noticias\/wp-json\/wp\/v2\/users\/1"}],"replies":[{"embeddable":true,"href":"https:\/\/candas365.es\/noticias\/wp-json\/wp\/v2\/comments?post=152870"}],"version-history":[{"count":0,"href":"https:\/\/candas365.es\/noticias\/wp-json\/wp\/v2\/posts\/152870\/revisions"}],"wp:featuredmedia":[{"embeddable":true,"href":"https:\/\/candas365.es\/noticias\/wp-json\/wp\/v2\/media\/152871"}],"wp:attachment":[{"href":"https:\/\/candas365.es\/noticias\/wp-json\/wp\/v2\/media?parent=152870"}],"wp:term":[{"taxonomy":"category","embeddable":true,"href":"https:\/\/candas365.es\/noticias\/wp-json\/wp\/v2\/categories?post=152870"},{"taxonomy":"post_tag","embeddable":true,"href":"https:\/\/candas365.es\/noticias\/wp-json\/wp\/v2\/tags?post=152870"}],"curies":[{"name":"wp","href":"https:\/\/api.w.org\/{rel}","templated":true}]}}