{"id":152721,"date":"2021-03-27T16:25:11","date_gmt":"2021-03-27T16:25:11","guid":{"rendered":"http:\/\/candas365.es\/noticias\/?p=152721"},"modified":"2021-03-27T16:25:11","modified_gmt":"2021-03-27T16:25:11","slug":"la-fifa-no-sancionara-a-alemania","status":"publish","type":"post","link":"https:\/\/candas365.es\/noticias\/la-fifa-no-sancionara-a-alemania\/","title":{"rendered":"La FIFA no sancionar\u00e1 a Alemania"},"content":{"rendered":"<p><img fetchpriority=\"high\" decoding=\"async\" class=\"alignleft size-medium wp-image-98026\" src=\"https:\/\/candas365.es\/noticias\/wp-content\/uploads\/2018\/06\/football-1406106_960_720-1-360x241.jpg\" alt=\"\" width=\"360\" height=\"241\" srcset=\"https:\/\/candas365.es\/noticias\/wp-content\/uploads\/2018\/06\/football-1406106_960_720-1-360x241.jpg 360w, https:\/\/candas365.es\/noticias\/wp-content\/uploads\/2018\/06\/football-1406106_960_720-1-768x514.jpg 768w, https:\/\/candas365.es\/noticias\/wp-content\/uploads\/2018\/06\/football-1406106_960_720-1-655x439.jpg 655w, https:\/\/candas365.es\/noticias\/wp-content\/uploads\/2018\/06\/football-1406106_960_720-1-696x466.jpg 696w, https:\/\/candas365.es\/noticias\/wp-content\/uploads\/2018\/06\/football-1406106_960_720-1-627x420.jpg 627w, https:\/\/candas365.es\/noticias\/wp-content\/uploads\/2018\/06\/football-1406106_960_720-1.jpg 960w\" sizes=\"(max-width: 360px) 100vw, 360px\" \/>(dpa\/EP) &#8211;\u00a0La selecci\u00f3n de f\u00fatbol de Alemania no se enfrentar\u00e1 a sanciones por la declaraci\u00f3n pol\u00edtica de los jugadores antes de su partido de clasificaci\u00f3n para Mundial de Catar 2022 contra Islandia, explic\u00f3 este viernes la FIFA.<\/p>\n<p>Los 11 jugadores titulares alemanes vistieron camisetas con letras<strong> formando las palabras &#8216;Derechos humanos&#8217; este jueves<\/strong>, dirigido a los anfitriones del Mundial 2022, Catar, que han sido criticados por el trato a los trabajadores migrantes en el pa\u00eds.<\/p>\n<p>\u00abLa FIFA cree en la libertad de expresi\u00f3n y en el poder del f\u00fatbol como fuerza para el bien. La FIFA no abrir\u00e1 ning\u00fan procedimiento disciplinario en relaci\u00f3n con este asunto\u00bb, anunci\u00f3 la FIFA a dpa.<\/p>\n<p>La FIFA hab\u00eda actuado de la misma manera despu\u00e9s de que la selecci\u00f3n de Noruega vistiera camisetas que dec\u00edan &#8216;Derechos Humanos dentro y fuera de la cancha&#8217; el d\u00eda anterior antes de su partido contra Gibraltar.<\/p>\n<p>En el pasado, la FIFA no toleraba las expresiones pol\u00edticas en los partidos, pero \u00faltimamente se ha vuelto m\u00e1s indulgente, lo que tambi\u00e9n permite a los jugadores arrodillarse para protestar contra la discriminaci\u00f3n racial y la injusticia.<\/p>\n<p>\u00abHablamos de eso en el equipo. Tenemos el Mundial por delante y hay mucha discusi\u00f3n al respecto. Queremos mostrarle a la sociedad que no lo estamos ignorando. Que dejamos claro qu\u00e9 condiciones deber\u00edan estar ah\u00ed\u00bb, reconoci\u00f3 el centrocampista alem\u00e1n Leon Goretzka a RTL TV.<\/p>\n<p><strong>El seleccionador de Alemania, Joachim L\u00f6w, habl\u00f3 de \u00abuna muy buena e importante muestra\u00bb y a\u00f1adi\u00f3 que conoc\u00eda el plan<\/strong>, pero que no lo sugiri\u00f3 \u00e9l mismo. \u00abFue simplemente una primera muestra del equipo de que defendemos los derechos humanos, sin importar en qu\u00e9 lugar del mundo. Estos son nuestros valores\u00bb, manifest\u00f3.<\/p>\n<p>&nbsp;<\/p>\n","protected":false},"excerpt":{"rendered":"<p>(dpa\/EP) &#8211;\u00a0La selecci\u00f3n de f\u00fatbol de Alemania no se enfrentar\u00e1 a sanciones por la declaraci\u00f3n pol\u00edtica de los jugadores antes de su partido de clasificaci\u00f3n para Mundial de Catar 2022 contra Islandia, explic\u00f3 este viernes la FIFA. Los 11 jugadores titulares alemanes vistieron camisetas con letras formando las palabras &#8216;Derechos humanos&#8217; este jueves, dirigido a<\/p>\n","protected":false},"author":1,"featured_media":98026,"comment_status":"closed","ping_status":"closed","sticky":false,"template":"","format":"standard","meta":{"footnotes":""},"categories":[319],"tags":[],"class_list":{"0":"post-152721","1":"post","2":"type-post","3":"status-publish","4":"format-standard","5":"has-post-thumbnail","7":"category-deporte"},"aioseo_notices":[],"aioseo_head":"\n\t\t<!-- All in One SEO Pro 4.9.6.2 - aioseo.com -->\n\t<meta name=\"description\" content=\"Los 11 jugadores titulares alemanes vistieron camisetas con letras formando las palabras &#039;Derechos humanos&#039; este jueves(dpa\/EP) - La selecci\u00f3n de f\u00fatbol de Alemania no se enfrentar\u00e1 a sanciones por la declaraci\u00f3n pol\u00edtica de los jugadores antes de su partido de clasificaci\u00f3n para Mundial de Catar 2022 contra Islandia, explic\u00f3 este viernes la FIFA. Los 11 jugadores titulares alemanes vistieron camisetas con letras formando las palabras &#039;Derechos humanos&#039; este jueves, dirigido a\" \/>\n\t<meta name=\"robots\" content=\"max-image-preview:large\" \/>\n\t<meta name=\"author\" content=\"Cand\u00e1s 365\"\/>\n\t<meta name=\"google-site-verification\" content=\"UA-32230408-1\" \/>\n\t<meta name=\"msvalidate.01\" content=\"354F3CDFB2DA171B47FBE9ABF1F88D5\" \/>\n\t<meta name=\"keywords\" content=\"deportes,f\u00fatbol,deporte\" \/>\n\t<link rel=\"canonical\" href=\"https:\/\/candas365.es\/noticias\/la-fifa-no-sancionara-a-alemania\/\" \/>\n\t<meta name=\"generator\" content=\"All in One SEO Pro (AIOSEO) 4.9.6.2\" \/>\n\t\t<meta property=\"og:locale\" content=\"es_ES\" \/>\n\t\t<meta property=\"og:site_name\" content=\"Cand\u00e1s 365\" \/>\n\t\t<meta property=\"og:type\" content=\"article\" \/>\n\t\t<meta property=\"og:title\" content=\"La FIFA no sancionar\u00e1 a Alemania | Cand\u00e1s 365\" \/>\n\t\t<meta property=\"og:description\" content=\"Los 11 jugadores titulares alemanes vistieron camisetas con letras formando las palabras &#039;Derechos humanos&#039; este jueves(dpa\/EP) - La selecci\u00f3n de f\u00fatbol de Alemania no se enfrentar\u00e1 a sanciones por la declaraci\u00f3n pol\u00edtica de los jugadores antes de su partido de clasificaci\u00f3n para Mundial de Catar 2022 contra Islandia, explic\u00f3 este viernes la FIFA. Los 11 jugadores titulares alemanes vistieron camisetas con letras formando las palabras &#039;Derechos humanos&#039; este jueves, dirigido a\" \/>\n\t\t<meta property=\"og:url\" content=\"https:\/\/candas365.es\/noticias\/la-fifa-no-sancionara-a-alemania\/\" \/>\n\t\t<meta property=\"og:image\" content=\"https:\/\/candas365.es\/noticias\/wp-content\/uploads\/2018\/06\/football-1406106_960_720-1.jpg\" \/>\n\t\t<meta property=\"og:image:secure_url\" content=\"https:\/\/candas365.es\/noticias\/wp-content\/uploads\/2018\/06\/football-1406106_960_720-1.jpg\" \/>\n\t\t<meta property=\"og:image:width\" content=\"960\" \/>\n\t\t<meta property=\"og:image:height\" content=\"643\" \/>\n\t\t<meta property=\"article:published_time\" content=\"2021-03-27T16:25:11+00:00\" \/>\n\t\t<meta property=\"article:modified_time\" content=\"2021-03-27T16:25:11+00:00\" \/>\n\t\t<meta property=\"article:publisher\" content=\"https:\/\/www.facebook.com\/Nachofdezber\" \/>\n\t\t<meta property=\"article:author\" content=\"https:\/\/www.facebook.com\/carrenoactualidad\" \/>\n\t\t<meta name=\"twitter:card\" content=\"summary_large_image\" \/>\n\t\t<meta name=\"twitter:site\" content=\"@NabercoDigital\" \/>\n\t\t<meta name=\"twitter:title\" content=\"La FIFA no sancionar\u00e1 a Alemania | Cand\u00e1s 365\" \/>\n\t\t<meta name=\"twitter:description\" content=\"Los 11 jugadores titulares alemanes vistieron camisetas con letras formando las palabras &#039;Derechos humanos&#039; este jueves(dpa\/EP) - La selecci\u00f3n de f\u00fatbol de Alemania no se enfrentar\u00e1 a sanciones por la declaraci\u00f3n pol\u00edtica de los jugadores antes de su partido de clasificaci\u00f3n para Mundial de Catar 2022 contra Islandia, explic\u00f3 este viernes la FIFA. Los 11 jugadores titulares alemanes vistieron camisetas con letras formando las palabras &#039;Derechos humanos&#039; este jueves, dirigido a\" \/>\n\t\t<meta name=\"twitter:creator\" content=\"@nbasturias\" \/>\n\t\t<meta name=\"twitter:image\" content=\"https:\/\/candas365.es\/noticias\/wp-content\/uploads\/2018\/06\/football-1406106_960_720-1.jpg\" \/>\n\t\t<meta name=\"twitter:label1\" content=\"Escrito por\" \/>\n\t\t<meta name=\"twitter:data1\" content=\"Cand\u00e1s 365\" \/>\n\t\t<meta name=\"twitter:label2\" content=\"Tiempo de lectura estimado\" \/>\n\t\t<meta name=\"twitter:data2\" content=\"2 minutos\" \/>\n\t\t<script type=\"application\/ld+json\" class=\"aioseo-schema\">\n\t\t\t{\"@context\":\"https:\\\/\\\/schema.org\",\"@graph\":[{\"@type\":\"BreadcrumbList\",\"@id\":\"https:\\\/\\\/candas365.es\\\/noticias\\\/la-fifa-no-sancionara-a-alemania\\\/#breadcrumblist\",\"itemListElement\":[{\"@type\":\"ListItem\",\"@id\":\"https:\\\/\\\/candas365.es\\\/noticias#listItem\",\"position\":1,\"name\":\"Home\",\"item\":\"https:\\\/\\\/candas365.es\\\/noticias\",\"nextItem\":{\"@type\":\"ListItem\",\"@id\":\"https:\\\/\\\/candas365.es\\\/noticias\\\/category\\\/deporte\\\/#listItem\",\"name\":\"Deporte\"}},{\"@type\":\"ListItem\",\"@id\":\"https:\\\/\\\/candas365.es\\\/noticias\\\/category\\\/deporte\\\/#listItem\",\"position\":2,\"name\":\"Deporte\",\"item\":\"https:\\\/\\\/candas365.es\\\/noticias\\\/category\\\/deporte\\\/\",\"nextItem\":{\"@type\":\"ListItem\",\"@id\":\"https:\\\/\\\/candas365.es\\\/noticias\\\/la-fifa-no-sancionara-a-alemania\\\/#listItem\",\"name\":\"La FIFA no sancionar\\u00e1 a Alemania\"},\"previousItem\":{\"@type\":\"ListItem\",\"@id\":\"https:\\\/\\\/candas365.es\\\/noticias#listItem\",\"name\":\"Home\"}},{\"@type\":\"ListItem\",\"@id\":\"https:\\\/\\\/candas365.es\\\/noticias\\\/la-fifa-no-sancionara-a-alemania\\\/#listItem\",\"position\":3,\"name\":\"La FIFA no sancionar\\u00e1 a Alemania\",\"previousItem\":{\"@type\":\"ListItem\",\"@id\":\"https:\\\/\\\/candas365.es\\\/noticias\\\/category\\\/deporte\\\/#listItem\",\"name\":\"Deporte\"}}]},{\"@type\":\"NewsArticle\",\"@id\":\"https:\\\/\\\/candas365.es\\\/noticias\\\/la-fifa-no-sancionara-a-alemania\\\/#newsarticle\",\"name\":\"La FIFA no sancionar\\u00e1 a Alemania | Cand\\u00e1s 365\",\"headline\":\"La FIFA no sancionar\\u00e1 a Alemania\",\"author\":{\"@id\":\"https:\\\/\\\/candas365.es\\\/noticias\\\/author\\\/admin\\\/#author\"},\"publisher\":{\"@id\":\"https:\\\/\\\/candas365.es\\\/noticias\\\/#organization\"},\"image\":{\"@type\":\"ImageObject\",\"url\":\"https:\\\/\\\/candas365.es\\\/noticias\\\/wp-content\\\/uploads\\\/2018\\\/06\\\/football-1406106_960_720-1.jpg\",\"width\":960,\"height\":643},\"datePublished\":\"2021-03-27T16:25:11+01:00\",\"dateModified\":\"2021-03-27T16:25:11+01:00\",\"inLanguage\":\"es-ES\",\"mainEntityOfPage\":{\"@id\":\"https:\\\/\\\/candas365.es\\\/noticias\\\/la-fifa-no-sancionara-a-alemania\\\/#webpage\"},\"isPartOf\":{\"@id\":\"https:\\\/\\\/candas365.es\\\/noticias\\\/la-fifa-no-sancionara-a-alemania\\\/#webpage\"},\"articleSection\":\"Deporte\",\"dateline\":\"Publicado el marzo 27, 2021.\"},{\"@type\":\"Organization\",\"@id\":\"https:\\\/\\\/candas365.es\\\/noticias\\\/#organization\",\"name\":\"Cand\\u00e1s 365\",\"description\":\"Cand\\u00e1s 365 es un diario digital independiente, fundado en 2012, con base en Asturias. Informamos con rigor sobre actualidad, sociedad, cultura y ocio, con una mirada local y global.\",\"url\":\"https:\\\/\\\/candas365.es\\\/noticias\\\/\",\"email\":\"info@candas365.es\",\"telephone\":\"+34652131393\",\"foundingDate\":\"2012-06-10\",\"logo\":{\"@type\":\"ImageObject\",\"url\":\"https:\\\/\\\/candas365.es\\\/noticias\\\/wp-content\\\/uploads\\\/2024\\\/09\\\/Candas-365-Redes.jpg\",\"@id\":\"https:\\\/\\\/candas365.es\\\/noticias\\\/la-fifa-no-sancionara-a-alemania\\\/#organizationLogo\",\"width\":1152,\"height\":864,\"caption\":\"Cand\\u00e1s 365 Redes\"},\"image\":{\"@id\":\"https:\\\/\\\/candas365.es\\\/noticias\\\/la-fifa-no-sancionara-a-alemania\\\/#organizationLogo\"},\"sameAs\":[\"https:\\\/\\\/www.facebook.com\\\/Nachofdezber\",\"https:\\\/\\\/x.com\\\/NabercoDigital\",\"https:\\\/\\\/www.instagram.com\\\/nachofdezber\\\/\",\"https:\\\/\\\/www.youtube.com\\\/channel\\\/UCZP-2wLEB9Rv6erhFmqVnvg\"],\"address\":{\"@id\":\"https:\\\/\\\/candas365.es\\\/noticias\\\/#postaladdress\",\"@type\":\"PostalAddress\",\"streetAddress\":\"san antonio 4, san antonio 4\",\"postalCode\":\"33430\",\"addressLocality\":\"Cand\\u00e1s\",\"addressRegion\":\"Asturias\",\"addressCountry\":\"ES\"}},{\"@type\":\"Person\",\"@id\":\"https:\\\/\\\/candas365.es\\\/noticias\\\/author\\\/admin\\\/#author\",\"url\":\"https:\\\/\\\/candas365.es\\\/noticias\\\/author\\\/admin\\\/\",\"name\":\"Cand\\u00e1s 365\",\"image\":{\"@type\":\"ImageObject\",\"@id\":\"https:\\\/\\\/candas365.es\\\/noticias\\\/la-fifa-no-sancionara-a-alemania\\\/#authorImage\",\"url\":\"https:\\\/\\\/secure.gravatar.com\\\/avatar\\\/496a8e03d0c493ede1718b7934145dbdf8d89be1036b0eec9544e1094c9de390?s=96&d=mm&r=g\",\"width\":96,\"height\":96,\"caption\":\"Cand\\u00e1s 365\"},\"sameAs\":[\"https:\\\/\\\/www.facebook.com\\\/carrenoactualidad\",\"https:\\\/\\\/twitter.com\\\/nbasturias\",\"https:\\\/\\\/www.instagram.com\\\/nachofdezber\\\/\",\"https:\\\/\\\/www.youtube.com\\\/channel\\\/UCZP-2wLEB9Rv6erhFmqVnvg\"]},{\"@type\":\"WebPage\",\"@id\":\"https:\\\/\\\/candas365.es\\\/noticias\\\/la-fifa-no-sancionara-a-alemania\\\/#webpage\",\"url\":\"https:\\\/\\\/candas365.es\\\/noticias\\\/la-fifa-no-sancionara-a-alemania\\\/\",\"name\":\"La FIFA no sancionar\\u00e1 a Alemania | Cand\\u00e1s 365\",\"description\":\"Los 11 jugadores titulares alemanes vistieron camisetas con letras formando las palabras 'Derechos humanos' este jueves(dpa\\\/EP) - La selecci\\u00f3n de f\\u00fatbol de Alemania no se enfrentar\\u00e1 a sanciones por la declaraci\\u00f3n pol\\u00edtica de los jugadores antes de su partido de clasificaci\\u00f3n para Mundial de Catar 2022 contra Islandia, explic\\u00f3 este viernes la FIFA. Los 11 jugadores titulares alemanes vistieron camisetas con letras formando las palabras 'Derechos humanos' este jueves, dirigido a\",\"inLanguage\":\"es-ES\",\"isPartOf\":{\"@id\":\"https:\\\/\\\/candas365.es\\\/noticias\\\/#website\"},\"breadcrumb\":{\"@id\":\"https:\\\/\\\/candas365.es\\\/noticias\\\/la-fifa-no-sancionara-a-alemania\\\/#breadcrumblist\"},\"author\":{\"@id\":\"https:\\\/\\\/candas365.es\\\/noticias\\\/author\\\/admin\\\/#author\"},\"creator\":{\"@id\":\"https:\\\/\\\/candas365.es\\\/noticias\\\/author\\\/admin\\\/#author\"},\"image\":{\"@type\":\"ImageObject\",\"url\":\"https:\\\/\\\/candas365.es\\\/noticias\\\/wp-content\\\/uploads\\\/2018\\\/06\\\/football-1406106_960_720-1.jpg\",\"@id\":\"https:\\\/\\\/candas365.es\\\/noticias\\\/la-fifa-no-sancionara-a-alemania\\\/#mainImage\",\"width\":960,\"height\":643},\"primaryImageOfPage\":{\"@id\":\"https:\\\/\\\/candas365.es\\\/noticias\\\/la-fifa-no-sancionara-a-alemania\\\/#mainImage\"},\"datePublished\":\"2021-03-27T16:25:11+01:00\",\"dateModified\":\"2021-03-27T16:25:11+01:00\"},{\"@type\":\"WebSite\",\"@id\":\"https:\\\/\\\/candas365.es\\\/noticias\\\/#website\",\"url\":\"https:\\\/\\\/candas365.es\\\/noticias\\\/\",\"name\":\"Cand\\u00e1s 365\",\"alternateName\":\"Cand\\u00e1s 365 Noticias\",\"description\":\"Actualidad desde Carre\\u00f1o para el mundo\",\"inLanguage\":\"es-ES\",\"publisher\":{\"@id\":\"https:\\\/\\\/candas365.es\\\/noticias\\\/#organization\"}}]}\n\t\t<\/script>\n\t\t<!-- All in One SEO Pro -->\r\n\t\t<title>La FIFA no sancionar\u00e1 a Alemania | Cand\u00e1s 365<\/title>\n\n","aioseo_head_json":{"title":"La FIFA no sancionar\u00e1 a Alemania | Cand\u00e1s 365","description":"Los 11 jugadores titulares alemanes vistieron camisetas con letras formando las palabras 'Derechos humanos' este jueves(dpa\/EP) - La selecci\u00f3n de f\u00fatbol de Alemania no se enfrentar\u00e1 a sanciones por la declaraci\u00f3n pol\u00edtica de los jugadores antes de su partido de clasificaci\u00f3n para Mundial de Catar 2022 contra Islandia, explic\u00f3 este viernes la FIFA. Los 11 jugadores titulares alemanes vistieron camisetas con letras formando las palabras 'Derechos humanos' este jueves, dirigido a","canonical_url":"https:\/\/candas365.es\/noticias\/la-fifa-no-sancionara-a-alemania\/","robots":"max-image-preview:large","keywords":"deportes,f\u00fatbol,deporte","webmasterTools":{"google-site-verification":"UA-32230408-1","msvalidate.01":"354F3CDFB2DA171B47FBE9ABF1F88D5","miscellaneous":""},"schema":{"@context":"https:\/\/schema.org","@graph":[{"@type":"BreadcrumbList","@id":"https:\/\/candas365.es\/noticias\/la-fifa-no-sancionara-a-alemania\/#breadcrumblist","itemListElement":[{"@type":"ListItem","@id":"https:\/\/candas365.es\/noticias#listItem","position":1,"name":"Home","item":"https:\/\/candas365.es\/noticias","nextItem":{"@type":"ListItem","@id":"https:\/\/candas365.es\/noticias\/category\/deporte\/#listItem","name":"Deporte"}},{"@type":"ListItem","@id":"https:\/\/candas365.es\/noticias\/category\/deporte\/#listItem","position":2,"name":"Deporte","item":"https:\/\/candas365.es\/noticias\/category\/deporte\/","nextItem":{"@type":"ListItem","@id":"https:\/\/candas365.es\/noticias\/la-fifa-no-sancionara-a-alemania\/#listItem","name":"La FIFA no sancionar\u00e1 a Alemania"},"previousItem":{"@type":"ListItem","@id":"https:\/\/candas365.es\/noticias#listItem","name":"Home"}},{"@type":"ListItem","@id":"https:\/\/candas365.es\/noticias\/la-fifa-no-sancionara-a-alemania\/#listItem","position":3,"name":"La FIFA no sancionar\u00e1 a Alemania","previousItem":{"@type":"ListItem","@id":"https:\/\/candas365.es\/noticias\/category\/deporte\/#listItem","name":"Deporte"}}]},{"@type":"NewsArticle","@id":"https:\/\/candas365.es\/noticias\/la-fifa-no-sancionara-a-alemania\/#newsarticle","name":"La FIFA no sancionar\u00e1 a Alemania | Cand\u00e1s 365","headline":"La FIFA no sancionar\u00e1 a Alemania","author":{"@id":"https:\/\/candas365.es\/noticias\/author\/admin\/#author"},"publisher":{"@id":"https:\/\/candas365.es\/noticias\/#organization"},"image":{"@type":"ImageObject","url":"https:\/\/candas365.es\/noticias\/wp-content\/uploads\/2018\/06\/football-1406106_960_720-1.jpg","width":960,"height":643},"datePublished":"2021-03-27T16:25:11+01:00","dateModified":"2021-03-27T16:25:11+01:00","inLanguage":"es-ES","mainEntityOfPage":{"@id":"https:\/\/candas365.es\/noticias\/la-fifa-no-sancionara-a-alemania\/#webpage"},"isPartOf":{"@id":"https:\/\/candas365.es\/noticias\/la-fifa-no-sancionara-a-alemania\/#webpage"},"articleSection":"Deporte","dateline":"Publicado el marzo 27, 2021."},{"@type":"Organization","@id":"https:\/\/candas365.es\/noticias\/#organization","name":"Cand\u00e1s 365","description":"Cand\u00e1s 365 es un diario digital independiente, fundado en 2012, con base en Asturias. Informamos con rigor sobre actualidad, sociedad, cultura y ocio, con una mirada local y global.","url":"https:\/\/candas365.es\/noticias\/","email":"info@candas365.es","telephone":"+34652131393","foundingDate":"2012-06-10","logo":{"@type":"ImageObject","url":"https:\/\/candas365.es\/noticias\/wp-content\/uploads\/2024\/09\/Candas-365-Redes.jpg","@id":"https:\/\/candas365.es\/noticias\/la-fifa-no-sancionara-a-alemania\/#organizationLogo","width":1152,"height":864,"caption":"Cand\u00e1s 365 Redes"},"image":{"@id":"https:\/\/candas365.es\/noticias\/la-fifa-no-sancionara-a-alemania\/#organizationLogo"},"sameAs":["https:\/\/www.facebook.com\/Nachofdezber","https:\/\/x.com\/NabercoDigital","https:\/\/www.instagram.com\/nachofdezber\/","https:\/\/www.youtube.com\/channel\/UCZP-2wLEB9Rv6erhFmqVnvg"],"address":{"@id":"https:\/\/candas365.es\/noticias\/#postaladdress","@type":"PostalAddress","streetAddress":"san antonio 4, san antonio 4","postalCode":"33430","addressLocality":"Cand\u00e1s","addressRegion":"Asturias","addressCountry":"ES"}},{"@type":"Person","@id":"https:\/\/candas365.es\/noticias\/author\/admin\/#author","url":"https:\/\/candas365.es\/noticias\/author\/admin\/","name":"Cand\u00e1s 365","image":{"@type":"ImageObject","@id":"https:\/\/candas365.es\/noticias\/la-fifa-no-sancionara-a-alemania\/#authorImage","url":"https:\/\/secure.gravatar.com\/avatar\/496a8e03d0c493ede1718b7934145dbdf8d89be1036b0eec9544e1094c9de390?s=96&d=mm&r=g","width":96,"height":96,"caption":"Cand\u00e1s 365"},"sameAs":["https:\/\/www.facebook.com\/carrenoactualidad","https:\/\/twitter.com\/nbasturias","https:\/\/www.instagram.com\/nachofdezber\/","https:\/\/www.youtube.com\/channel\/UCZP-2wLEB9Rv6erhFmqVnvg"]},{"@type":"WebPage","@id":"https:\/\/candas365.es\/noticias\/la-fifa-no-sancionara-a-alemania\/#webpage","url":"https:\/\/candas365.es\/noticias\/la-fifa-no-sancionara-a-alemania\/","name":"La FIFA no sancionar\u00e1 a Alemania | Cand\u00e1s 365","description":"Los 11 jugadores titulares alemanes vistieron camisetas con letras formando las palabras 'Derechos humanos' este jueves(dpa\/EP) - La selecci\u00f3n de f\u00fatbol de Alemania no se enfrentar\u00e1 a sanciones por la declaraci\u00f3n pol\u00edtica de los jugadores antes de su partido de clasificaci\u00f3n para Mundial de Catar 2022 contra Islandia, explic\u00f3 este viernes la FIFA. Los 11 jugadores titulares alemanes vistieron camisetas con letras formando las palabras 'Derechos humanos' este jueves, dirigido a","inLanguage":"es-ES","isPartOf":{"@id":"https:\/\/candas365.es\/noticias\/#website"},"breadcrumb":{"@id":"https:\/\/candas365.es\/noticias\/la-fifa-no-sancionara-a-alemania\/#breadcrumblist"},"author":{"@id":"https:\/\/candas365.es\/noticias\/author\/admin\/#author"},"creator":{"@id":"https:\/\/candas365.es\/noticias\/author\/admin\/#author"},"image":{"@type":"ImageObject","url":"https:\/\/candas365.es\/noticias\/wp-content\/uploads\/2018\/06\/football-1406106_960_720-1.jpg","@id":"https:\/\/candas365.es\/noticias\/la-fifa-no-sancionara-a-alemania\/#mainImage","width":960,"height":643},"primaryImageOfPage":{"@id":"https:\/\/candas365.es\/noticias\/la-fifa-no-sancionara-a-alemania\/#mainImage"},"datePublished":"2021-03-27T16:25:11+01:00","dateModified":"2021-03-27T16:25:11+01:00"},{"@type":"WebSite","@id":"https:\/\/candas365.es\/noticias\/#website","url":"https:\/\/candas365.es\/noticias\/","name":"Cand\u00e1s 365","alternateName":"Cand\u00e1s 365 Noticias","description":"Actualidad desde Carre\u00f1o para el mundo","inLanguage":"es-ES","publisher":{"@id":"https:\/\/candas365.es\/noticias\/#organization"}}]},"og:locale":"es_ES","og:site_name":"Cand\u00e1s 365","og:type":"article","og:title":"La FIFA no sancionar\u00e1 a Alemania | Cand\u00e1s 365","og:description":"Los 11 jugadores titulares alemanes vistieron camisetas con letras formando las palabras 'Derechos humanos' este jueves(dpa\/EP) - La selecci\u00f3n de f\u00fatbol de Alemania no se enfrentar\u00e1 a sanciones por la declaraci\u00f3n pol\u00edtica de los jugadores antes de su partido de clasificaci\u00f3n para Mundial de Catar 2022 contra Islandia, explic\u00f3 este viernes la FIFA. Los 11 jugadores titulares alemanes vistieron camisetas con letras formando las palabras 'Derechos humanos' este jueves, dirigido a","og:url":"https:\/\/candas365.es\/noticias\/la-fifa-no-sancionara-a-alemania\/","og:image":"https:\/\/candas365.es\/noticias\/wp-content\/uploads\/2018\/06\/football-1406106_960_720-1.jpg","og:image:secure_url":"https:\/\/candas365.es\/noticias\/wp-content\/uploads\/2018\/06\/football-1406106_960_720-1.jpg","og:image:width":960,"og:image:height":643,"article:published_time":"2021-03-27T16:25:11+00:00","article:modified_time":"2021-03-27T16:25:11+00:00","article:publisher":"https:\/\/www.facebook.com\/Nachofdezber","article:author":"https:\/\/www.facebook.com\/carrenoactualidad","twitter:card":"summary_large_image","twitter:site":"@NabercoDigital","twitter:title":"La FIFA no sancionar\u00e1 a Alemania | Cand\u00e1s 365","twitter:description":"Los 11 jugadores titulares alemanes vistieron camisetas con letras formando las palabras 'Derechos humanos' este jueves(dpa\/EP) - La selecci\u00f3n de f\u00fatbol de Alemania no se enfrentar\u00e1 a sanciones por la declaraci\u00f3n pol\u00edtica de los jugadores antes de su partido de clasificaci\u00f3n para Mundial de Catar 2022 contra Islandia, explic\u00f3 este viernes la FIFA. Los 11 jugadores titulares alemanes vistieron camisetas con letras formando las palabras 'Derechos humanos' este jueves, dirigido a","twitter:creator":"@nbasturias","twitter:image":"https:\/\/candas365.es\/noticias\/wp-content\/uploads\/2018\/06\/football-1406106_960_720-1.jpg","twitter:label1":"Escrito por","twitter:data1":"Cand\u00e1s 365","twitter:label2":"Tiempo de lectura estimado","twitter:data2":"2 minutos"},"aioseo_meta_data":{"post_id":"152721","title":null,"description":"Los 11 jugadores titulares alemanes vistieron camisetas con letras formando las palabras 'Derechos humanos' este jueves#post_excerpt","keywords":[{"label":"Deportes","value":"Deportes"},{"label":" F\u00fatbol","value":" F\u00fatbol"}],"keyphrases":{"focus":[],"additional":[]},"primary_term":null,"canonical_url":null,"og_title":null,"og_description":null,"og_object_type":"default","og_image_type":"default","og_image_url":null,"og_image_width":null,"og_image_height":null,"og_image_custom_url":null,"og_image_custom_fields":null,"og_video":"","og_custom_url":null,"og_article_section":null,"og_article_tags":[],"twitter_use_og":false,"twitter_card":"default","twitter_image_type":"default","twitter_image_url":null,"twitter_image_custom_url":null,"twitter_image_custom_fields":null,"twitter_title":null,"twitter_description":null,"schema":{"blockGraphs":[],"customGraphs":[],"default":{"data":{"Article":[],"Course":[],"Dataset":[],"FAQPage":[],"Movie":[],"Person":[],"Product":[],"ProductReview":[],"Car":[],"Recipe":[],"Service":[],"SoftwareApplication":[],"WebPage":[]},"graphName":"","isEnabled":true},"graphs":[],"defaultGraph":"Article","defaultPostTypeGraph":""},"schema_type":"default","schema_type_options":"{\"article\":{\"articleType\":\"BlogPosting\"},\"course\":{\"name\":\"\",\"description\":\"\",\"provider\":\"\"},\"faq\":{\"pages\":[]},\"product\":{\"reviews\":[]},\"recipe\":{\"ingredients\":[],\"instructions\":[],\"keywords\":[]},\"software\":{\"reviews\":[],\"operatingSystems\":[]},\"webPage\":{\"webPageType\":\"WebPage\"}}","pillar_content":false,"robots_default":true,"robots_noindex":false,"robots_noarchive":false,"robots_nosnippet":false,"robots_nofollow":false,"robots_noimageindex":false,"robots_noodp":false,"robots_notranslate":false,"robots_max_snippet":"-1","robots_max_videopreview":"-1","robots_max_imagepreview":"large","priority":null,"frequency":"default","location":null,"local_seo":{"businessInfo":{"name":"","urls":{"website":"","aboutPage":"","contactPage":""},"address":{"line1":"","line2":"","zip":"","city":"","state":"","country":""},"contact":{"email":"","phone":"","fax":""},"ids":{"vatID":"","taxID":"","chamberID":""},"payment":{"priceIndication":"","currenciesAccepted":"","methodsAccepted":""},"areaServed":""},"openingHours":{"show":false,"closedLabel":"","open24h":false,"open24hLabel":"","open247":false,"use24hFormat":false,"twoSets":false,"timezone":"","hours":[]}},"seo_analyzer_scan_date":"2025-08-31 18:53:24","breadcrumb_settings":null,"limit_modified_date":false,"reviewed_by":null,"open_ai":null,"ai":null,"created":"2021-03-27 16:21:48","updated":"2025-08-31 18:53:24"},"aioseo_breadcrumb":"<div class=\"aioseo-breadcrumbs\"><span class=\"aioseo-breadcrumb\">\n\t<a href=\"https:\/\/candas365.es\/noticias\" title=\"Home\">Home<\/a>\n<\/span><span class=\"aioseo-breadcrumb-separator\">&ndash;<\/span><span class=\"aioseo-breadcrumb\">\n\t<a href=\"https:\/\/candas365.es\/noticias\/category\/deporte\/\" title=\"Deporte\">Deporte<\/a>\n<\/span><span class=\"aioseo-breadcrumb-separator\">&ndash;<\/span><span class=\"aioseo-breadcrumb\">\n\tLa FIFA no sancionar\u00e1 a Alemania\n<\/span><\/div>","aioseo_breadcrumb_json":[{"label":"Home","link":"https:\/\/candas365.es\/noticias"},{"label":"Deporte","link":"https:\/\/candas365.es\/noticias\/category\/deporte\/"},{"label":"La FIFA no sancionar\u00e1 a Alemania","link":"https:\/\/candas365.es\/noticias\/la-fifa-no-sancionara-a-alemania\/"}],"_links":{"self":[{"href":"https:\/\/candas365.es\/noticias\/wp-json\/wp\/v2\/posts\/152721","targetHints":{"allow":["GET"]}}],"collection":[{"href":"https:\/\/candas365.es\/noticias\/wp-json\/wp\/v2\/posts"}],"about":[{"href":"https:\/\/candas365.es\/noticias\/wp-json\/wp\/v2\/types\/post"}],"author":[{"embeddable":true,"href":"https:\/\/candas365.es\/noticias\/wp-json\/wp\/v2\/users\/1"}],"replies":[{"embeddable":true,"href":"https:\/\/candas365.es\/noticias\/wp-json\/wp\/v2\/comments?post=152721"}],"version-history":[{"count":0,"href":"https:\/\/candas365.es\/noticias\/wp-json\/wp\/v2\/posts\/152721\/revisions"}],"wp:featuredmedia":[{"embeddable":true,"href":"https:\/\/candas365.es\/noticias\/wp-json\/wp\/v2\/media\/98026"}],"wp:attachment":[{"href":"https:\/\/candas365.es\/noticias\/wp-json\/wp\/v2\/media?parent=152721"}],"wp:term":[{"taxonomy":"category","embeddable":true,"href":"https:\/\/candas365.es\/noticias\/wp-json\/wp\/v2\/categories?post=152721"},{"taxonomy":"post_tag","embeddable":true,"href":"https:\/\/candas365.es\/noticias\/wp-json\/wp\/v2\/tags?post=152721"}],"curies":[{"name":"wp","href":"https:\/\/api.w.org\/{rel}","templated":true}]}}