{"id":152293,"date":"2021-03-17T18:54:15","date_gmt":"2021-03-17T18:54:15","guid":{"rendered":"http:\/\/candas365.es\/noticias\/?p=152293"},"modified":"2021-03-17T18:54:15","modified_gmt":"2021-03-17T18:54:15","slug":"munich-quiere-seguir-siendo-sede-de-la-eurocopa","status":"publish","type":"post","link":"https:\/\/candas365.es\/noticias\/munich-quiere-seguir-siendo-sede-de-la-eurocopa\/","title":{"rendered":"M\u00fanich quiere seguir siendo sede de la Eurocopa"},"content":{"rendered":"<p><img fetchpriority=\"high\" decoding=\"async\" class=\"alignleft size-medium wp-image-98026\" src=\"https:\/\/candas365.es\/noticias\/wp-content\/uploads\/2018\/06\/football-1406106_960_720-1-360x241.jpg\" alt=\"\" width=\"360\" height=\"241\" srcset=\"https:\/\/candas365.es\/noticias\/wp-content\/uploads\/2018\/06\/football-1406106_960_720-1-360x241.jpg 360w, https:\/\/candas365.es\/noticias\/wp-content\/uploads\/2018\/06\/football-1406106_960_720-1-768x514.jpg 768w, https:\/\/candas365.es\/noticias\/wp-content\/uploads\/2018\/06\/football-1406106_960_720-1-655x439.jpg 655w, https:\/\/candas365.es\/noticias\/wp-content\/uploads\/2018\/06\/football-1406106_960_720-1-696x466.jpg 696w, https:\/\/candas365.es\/noticias\/wp-content\/uploads\/2018\/06\/football-1406106_960_720-1-627x420.jpg 627w, https:\/\/candas365.es\/noticias\/wp-content\/uploads\/2018\/06\/football-1406106_960_720-1.jpg 960w\" sizes=\"(max-width: 360px) 100vw, 360px\" \/>M\u00fanich, 17 mar (dpa) &#8211; La ciudad de M\u00fanich quiere seguir siendo sede de la Eurocopa 2020 de este verano, a tenor de las declaraciones del alcalde Dieter Reiter que reproduce hoy \u00abbild.de\u00bb, en respuesta a los planes de la UEFA de obligar a las sedes del torneo a admitir espectadores en los estadios.<\/p>\n<p>Recientemente el presidente de la UEFA, Aleksander Ceferin, sugiri\u00f3 que las sedes tendr\u00edan que garantizar la asistencia de aficionados a pesar de la pandemia de coronavirus.<\/p>\n<p>Reiter reaccion\u00f3 con asombro a los comentarios de Ceferin: \u00abDefinitivamente, en este momento no es posible garantizar si la situaci\u00f3n de la infecci\u00f3n en junio permitir\u00e1 a los aficionados asistir o no\u00bb.<\/p>\n<p>Por su parte, la UEFA matiz\u00f3 hoy parcialmente las declaraciones de su presidente, Aleksander Ceferin, sobre la admisi\u00f3n de espectadores en la Eurocopa. Fuentes del \u00f3rgano rector del f\u00fatbol europeo confirmaron a dpa que ninguna de las doce sedes ser\u00e1 cancelada \u00abautom\u00e1ticamente\u00bb si solo se pueden disputar en ellas partidos a puerta cerrada.<\/p>\n<p>Sin embargo, a\u00f1adieron que habr\u00eda que sopesar entonces si no ser\u00eda m\u00e1s sensato trasladar los partidos a otra sede. El primer plazo para tomar una decisi\u00f3n al respecto es el 7 de abril.<\/p>\n<p>La UEFA emiti\u00f3 un comunicado hoy en el que advierte que \u00absiguen planificando con diferentes escenarios la posibilidad de que haya aficionados en los estadios\u00bb.<\/p>\n<p>\u00abUna retirada de M\u00fanich no ha sido ni es un tema\u00bb a considerar, se asegur\u00f3 sobre la capital b\u00e1vara, que debe acoger los tres partidos de la fase de grupos de Alemania en el torneo, y un choque de las fases eliminatorias de la competici\u00f3n.<\/p>\n<p>En medio de la pandemia, y de los laboriosos esfuerzos de Alemania por llevar a cabo un programa de vacunaci\u00f3n contra la pandemia de coronavirus, garantizar la asistencia de los aficionados parece problem\u00e1tico, a pesar de los deseos de la UEFA.<\/p>\n<p>\u00abEl escenario que finalmente pueda llevarse a cabo depende de la situaci\u00f3n actual de la pandemia en junio y julio\u00bb, dijeron desde la UEFA.<\/p>\n<p>Ceferin hab\u00eda declarado a medios de comunicaci\u00f3n croatas el fin de semana que las sedes deb\u00edan garantizar la entrada de aficionados a los estadios durante el torneo, que se celebrar\u00e1 del 11 de junio al 11 de julio. La UEFA confirm\u00f3 las declaraciones.<\/p>\n<p>Entre las 12 ciudades que acoger\u00e1n la Eurocopa, Londres albergar\u00e1 las semifinales y la final, y M\u00fanich los tres partidos de la fase de grupos de la selecci\u00f3n alemana y uno de cuartos de final.<\/p>\n<p>&nbsp;<\/p>\n","protected":false},"excerpt":{"rendered":"<p>M\u00fanich, 17 mar (dpa) &#8211; La ciudad de M\u00fanich quiere seguir siendo sede de la Eurocopa 2020 de este verano, a tenor de las declaraciones del alcalde Dieter Reiter que reproduce hoy \u00abbild.de\u00bb, en respuesta a los planes de la UEFA de obligar a las sedes del torneo a admitir espectadores en los estadios. Recientemente<\/p>\n","protected":false},"author":1,"featured_media":98026,"comment_status":"closed","ping_status":"closed","sticky":false,"template":"","format":"standard","meta":{"footnotes":""},"categories":[319],"tags":[],"class_list":{"0":"post-152293","1":"post","2":"type-post","3":"status-publish","4":"format-standard","5":"has-post-thumbnail","7":"category-deporte"},"aioseo_notices":[],"aioseo_head":"\n\t\t<!-- All in One SEO Pro 4.9.6.2 - aioseo.com -->\n\t<meta name=\"description\" content=\"La ciudad de M\u00fanich quiere seguir siendo sede de la Eurocopa 2020 de este verano, a tenor de las declaraciones del alcalde Dieter Reiter ..\" \/>\n\t<meta name=\"robots\" content=\"max-image-preview:large\" \/>\n\t<meta name=\"author\" content=\"Cand\u00e1s 365\"\/>\n\t<meta name=\"google-site-verification\" content=\"UA-32230408-1\" \/>\n\t<meta name=\"msvalidate.01\" content=\"354F3CDFB2DA171B47FBE9ABF1F88D5\" \/>\n\t<meta name=\"keywords\" content=\"deportes,f\u00fatbol,eurocopa,m\u00fanich,deporte\" \/>\n\t<link rel=\"canonical\" href=\"https:\/\/candas365.es\/noticias\/munich-quiere-seguir-siendo-sede-de-la-eurocopa\/\" \/>\n\t<meta name=\"generator\" content=\"All in One SEO Pro (AIOSEO) 4.9.6.2\" \/>\n\t\t<meta property=\"og:locale\" content=\"es_ES\" \/>\n\t\t<meta property=\"og:site_name\" content=\"Cand\u00e1s 365\" \/>\n\t\t<meta property=\"og:type\" content=\"article\" \/>\n\t\t<meta property=\"og:title\" content=\"M\u00fanich quiere seguir siendo sede de la Eurocopa | Cand\u00e1s 365\" \/>\n\t\t<meta property=\"og:description\" content=\"La ciudad de M\u00fanich quiere seguir siendo sede de la Eurocopa 2020 de este verano, a tenor de las declaraciones del alcalde Dieter Reiter ..\" \/>\n\t\t<meta property=\"og:url\" content=\"https:\/\/candas365.es\/noticias\/munich-quiere-seguir-siendo-sede-de-la-eurocopa\/\" \/>\n\t\t<meta property=\"og:image\" content=\"https:\/\/candas365.es\/noticias\/wp-content\/uploads\/2018\/06\/football-1406106_960_720-1.jpg\" \/>\n\t\t<meta property=\"og:image:secure_url\" content=\"https:\/\/candas365.es\/noticias\/wp-content\/uploads\/2018\/06\/football-1406106_960_720-1.jpg\" \/>\n\t\t<meta property=\"og:image:width\" content=\"960\" \/>\n\t\t<meta property=\"og:image:height\" content=\"643\" \/>\n\t\t<meta property=\"article:published_time\" content=\"2021-03-17T18:54:15+00:00\" \/>\n\t\t<meta property=\"article:modified_time\" content=\"2021-03-17T18:54:15+00:00\" \/>\n\t\t<meta property=\"article:publisher\" content=\"https:\/\/www.facebook.com\/Nachofdezber\" \/>\n\t\t<meta property=\"article:author\" content=\"https:\/\/www.facebook.com\/carrenoactualidad\" \/>\n\t\t<meta name=\"twitter:card\" content=\"summary_large_image\" \/>\n\t\t<meta name=\"twitter:site\" content=\"@NabercoDigital\" \/>\n\t\t<meta name=\"twitter:title\" content=\"M\u00fanich quiere seguir siendo sede de la Eurocopa | Cand\u00e1s 365\" \/>\n\t\t<meta name=\"twitter:description\" content=\"La ciudad de M\u00fanich quiere seguir siendo sede de la Eurocopa 2020 de este verano, a tenor de las declaraciones del alcalde Dieter Reiter ..\" \/>\n\t\t<meta name=\"twitter:creator\" content=\"@nbasturias\" \/>\n\t\t<meta name=\"twitter:image\" content=\"https:\/\/candas365.es\/noticias\/wp-content\/uploads\/2018\/06\/football-1406106_960_720-1.jpg\" \/>\n\t\t<meta name=\"twitter:label1\" content=\"Escrito por\" \/>\n\t\t<meta name=\"twitter:data1\" content=\"Cand\u00e1s 365\" \/>\n\t\t<meta name=\"twitter:label2\" content=\"Tiempo de lectura estimado\" \/>\n\t\t<meta name=\"twitter:data2\" content=\"2 minutos\" \/>\n\t\t<script type=\"application\/ld+json\" class=\"aioseo-schema\">\n\t\t\t{\"@context\":\"https:\\\/\\\/schema.org\",\"@graph\":[{\"@type\":\"BreadcrumbList\",\"@id\":\"https:\\\/\\\/candas365.es\\\/noticias\\\/munich-quiere-seguir-siendo-sede-de-la-eurocopa\\\/#breadcrumblist\",\"itemListElement\":[{\"@type\":\"ListItem\",\"@id\":\"https:\\\/\\\/candas365.es\\\/noticias#listItem\",\"position\":1,\"name\":\"Home\",\"item\":\"https:\\\/\\\/candas365.es\\\/noticias\",\"nextItem\":{\"@type\":\"ListItem\",\"@id\":\"https:\\\/\\\/candas365.es\\\/noticias\\\/category\\\/deporte\\\/#listItem\",\"name\":\"Deporte\"}},{\"@type\":\"ListItem\",\"@id\":\"https:\\\/\\\/candas365.es\\\/noticias\\\/category\\\/deporte\\\/#listItem\",\"position\":2,\"name\":\"Deporte\",\"item\":\"https:\\\/\\\/candas365.es\\\/noticias\\\/category\\\/deporte\\\/\",\"nextItem\":{\"@type\":\"ListItem\",\"@id\":\"https:\\\/\\\/candas365.es\\\/noticias\\\/munich-quiere-seguir-siendo-sede-de-la-eurocopa\\\/#listItem\",\"name\":\"M\\u00fanich quiere seguir siendo sede de la Eurocopa\"},\"previousItem\":{\"@type\":\"ListItem\",\"@id\":\"https:\\\/\\\/candas365.es\\\/noticias#listItem\",\"name\":\"Home\"}},{\"@type\":\"ListItem\",\"@id\":\"https:\\\/\\\/candas365.es\\\/noticias\\\/munich-quiere-seguir-siendo-sede-de-la-eurocopa\\\/#listItem\",\"position\":3,\"name\":\"M\\u00fanich quiere seguir siendo sede de la Eurocopa\",\"previousItem\":{\"@type\":\"ListItem\",\"@id\":\"https:\\\/\\\/candas365.es\\\/noticias\\\/category\\\/deporte\\\/#listItem\",\"name\":\"Deporte\"}}]},{\"@type\":\"NewsArticle\",\"@id\":\"https:\\\/\\\/candas365.es\\\/noticias\\\/munich-quiere-seguir-siendo-sede-de-la-eurocopa\\\/#newsarticle\",\"name\":\"M\\u00fanich quiere seguir siendo sede de la Eurocopa | Cand\\u00e1s 365\",\"headline\":\"M\\u00fanich quiere seguir siendo sede de la Eurocopa\",\"author\":{\"@id\":\"https:\\\/\\\/candas365.es\\\/noticias\\\/author\\\/admin\\\/#author\"},\"publisher\":{\"@id\":\"https:\\\/\\\/candas365.es\\\/noticias\\\/#organization\"},\"image\":{\"@type\":\"ImageObject\",\"url\":\"https:\\\/\\\/candas365.es\\\/noticias\\\/wp-content\\\/uploads\\\/2018\\\/06\\\/football-1406106_960_720-1.jpg\",\"width\":960,\"height\":643},\"datePublished\":\"2021-03-17T18:54:15+01:00\",\"dateModified\":\"2021-03-17T18:54:15+01:00\",\"inLanguage\":\"es-ES\",\"mainEntityOfPage\":{\"@id\":\"https:\\\/\\\/candas365.es\\\/noticias\\\/munich-quiere-seguir-siendo-sede-de-la-eurocopa\\\/#webpage\"},\"isPartOf\":{\"@id\":\"https:\\\/\\\/candas365.es\\\/noticias\\\/munich-quiere-seguir-siendo-sede-de-la-eurocopa\\\/#webpage\"},\"articleSection\":\"Deporte\",\"dateline\":\"Publicado el marzo 17, 2021.\"},{\"@type\":\"Organization\",\"@id\":\"https:\\\/\\\/candas365.es\\\/noticias\\\/#organization\",\"name\":\"Cand\\u00e1s 365\",\"description\":\"Cand\\u00e1s 365 es un diario digital independiente, fundado en 2012, con base en Asturias. Informamos con rigor sobre actualidad, sociedad, cultura y ocio, con una mirada local y global.\",\"url\":\"https:\\\/\\\/candas365.es\\\/noticias\\\/\",\"email\":\"info@candas365.es\",\"telephone\":\"+34652131393\",\"foundingDate\":\"2012-06-10\",\"logo\":{\"@type\":\"ImageObject\",\"url\":\"https:\\\/\\\/candas365.es\\\/noticias\\\/wp-content\\\/uploads\\\/2024\\\/09\\\/Candas-365-Redes.jpg\",\"@id\":\"https:\\\/\\\/candas365.es\\\/noticias\\\/munich-quiere-seguir-siendo-sede-de-la-eurocopa\\\/#organizationLogo\",\"width\":1152,\"height\":864,\"caption\":\"Cand\\u00e1s 365 Redes\"},\"image\":{\"@id\":\"https:\\\/\\\/candas365.es\\\/noticias\\\/munich-quiere-seguir-siendo-sede-de-la-eurocopa\\\/#organizationLogo\"},\"sameAs\":[\"https:\\\/\\\/www.facebook.com\\\/Nachofdezber\",\"https:\\\/\\\/x.com\\\/NabercoDigital\",\"https:\\\/\\\/www.instagram.com\\\/nachofdezber\\\/\",\"https:\\\/\\\/www.youtube.com\\\/channel\\\/UCZP-2wLEB9Rv6erhFmqVnvg\"],\"address\":{\"@id\":\"https:\\\/\\\/candas365.es\\\/noticias\\\/#postaladdress\",\"@type\":\"PostalAddress\",\"streetAddress\":\"san antonio 4, san antonio 4\",\"postalCode\":\"33430\",\"addressLocality\":\"Cand\\u00e1s\",\"addressRegion\":\"Asturias\",\"addressCountry\":\"ES\"}},{\"@type\":\"Person\",\"@id\":\"https:\\\/\\\/candas365.es\\\/noticias\\\/author\\\/admin\\\/#author\",\"url\":\"https:\\\/\\\/candas365.es\\\/noticias\\\/author\\\/admin\\\/\",\"name\":\"Cand\\u00e1s 365\",\"image\":{\"@type\":\"ImageObject\",\"@id\":\"https:\\\/\\\/candas365.es\\\/noticias\\\/munich-quiere-seguir-siendo-sede-de-la-eurocopa\\\/#authorImage\",\"url\":\"https:\\\/\\\/secure.gravatar.com\\\/avatar\\\/496a8e03d0c493ede1718b7934145dbdf8d89be1036b0eec9544e1094c9de390?s=96&d=mm&r=g\",\"width\":96,\"height\":96,\"caption\":\"Cand\\u00e1s 365\"},\"sameAs\":[\"https:\\\/\\\/www.facebook.com\\\/carrenoactualidad\",\"https:\\\/\\\/twitter.com\\\/nbasturias\",\"https:\\\/\\\/www.instagram.com\\\/nachofdezber\\\/\",\"https:\\\/\\\/www.youtube.com\\\/channel\\\/UCZP-2wLEB9Rv6erhFmqVnvg\"]},{\"@type\":\"WebPage\",\"@id\":\"https:\\\/\\\/candas365.es\\\/noticias\\\/munich-quiere-seguir-siendo-sede-de-la-eurocopa\\\/#webpage\",\"url\":\"https:\\\/\\\/candas365.es\\\/noticias\\\/munich-quiere-seguir-siendo-sede-de-la-eurocopa\\\/\",\"name\":\"M\\u00fanich quiere seguir siendo sede de la Eurocopa | Cand\\u00e1s 365\",\"description\":\"La ciudad de M\\u00fanich quiere seguir siendo sede de la Eurocopa 2020 de este verano, a tenor de las declaraciones del alcalde Dieter Reiter ..\",\"inLanguage\":\"es-ES\",\"isPartOf\":{\"@id\":\"https:\\\/\\\/candas365.es\\\/noticias\\\/#website\"},\"breadcrumb\":{\"@id\":\"https:\\\/\\\/candas365.es\\\/noticias\\\/munich-quiere-seguir-siendo-sede-de-la-eurocopa\\\/#breadcrumblist\"},\"author\":{\"@id\":\"https:\\\/\\\/candas365.es\\\/noticias\\\/author\\\/admin\\\/#author\"},\"creator\":{\"@id\":\"https:\\\/\\\/candas365.es\\\/noticias\\\/author\\\/admin\\\/#author\"},\"image\":{\"@type\":\"ImageObject\",\"url\":\"https:\\\/\\\/candas365.es\\\/noticias\\\/wp-content\\\/uploads\\\/2018\\\/06\\\/football-1406106_960_720-1.jpg\",\"@id\":\"https:\\\/\\\/candas365.es\\\/noticias\\\/munich-quiere-seguir-siendo-sede-de-la-eurocopa\\\/#mainImage\",\"width\":960,\"height\":643},\"primaryImageOfPage\":{\"@id\":\"https:\\\/\\\/candas365.es\\\/noticias\\\/munich-quiere-seguir-siendo-sede-de-la-eurocopa\\\/#mainImage\"},\"datePublished\":\"2021-03-17T18:54:15+01:00\",\"dateModified\":\"2021-03-17T18:54:15+01:00\"},{\"@type\":\"WebSite\",\"@id\":\"https:\\\/\\\/candas365.es\\\/noticias\\\/#website\",\"url\":\"https:\\\/\\\/candas365.es\\\/noticias\\\/\",\"name\":\"Cand\\u00e1s 365\",\"alternateName\":\"Cand\\u00e1s 365 Noticias\",\"description\":\"Actualidad desde Carre\\u00f1o para el mundo\",\"inLanguage\":\"es-ES\",\"publisher\":{\"@id\":\"https:\\\/\\\/candas365.es\\\/noticias\\\/#organization\"}}]}\n\t\t<\/script>\n\t\t<!-- All in One SEO Pro -->\r\n\t\t<title>M\u00fanich quiere seguir siendo sede de la Eurocopa | Cand\u00e1s 365<\/title>\n\n","aioseo_head_json":{"title":"M\u00fanich quiere seguir siendo sede de la Eurocopa | Cand\u00e1s 365","description":"La ciudad de M\u00fanich quiere seguir siendo sede de la Eurocopa 2020 de este verano, a tenor de las declaraciones del alcalde Dieter Reiter ..","canonical_url":"https:\/\/candas365.es\/noticias\/munich-quiere-seguir-siendo-sede-de-la-eurocopa\/","robots":"max-image-preview:large","keywords":"deportes,f\u00fatbol,eurocopa,m\u00fanich,deporte","webmasterTools":{"google-site-verification":"UA-32230408-1","msvalidate.01":"354F3CDFB2DA171B47FBE9ABF1F88D5","miscellaneous":""},"schema":{"@context":"https:\/\/schema.org","@graph":[{"@type":"BreadcrumbList","@id":"https:\/\/candas365.es\/noticias\/munich-quiere-seguir-siendo-sede-de-la-eurocopa\/#breadcrumblist","itemListElement":[{"@type":"ListItem","@id":"https:\/\/candas365.es\/noticias#listItem","position":1,"name":"Home","item":"https:\/\/candas365.es\/noticias","nextItem":{"@type":"ListItem","@id":"https:\/\/candas365.es\/noticias\/category\/deporte\/#listItem","name":"Deporte"}},{"@type":"ListItem","@id":"https:\/\/candas365.es\/noticias\/category\/deporte\/#listItem","position":2,"name":"Deporte","item":"https:\/\/candas365.es\/noticias\/category\/deporte\/","nextItem":{"@type":"ListItem","@id":"https:\/\/candas365.es\/noticias\/munich-quiere-seguir-siendo-sede-de-la-eurocopa\/#listItem","name":"M\u00fanich quiere seguir siendo sede de la Eurocopa"},"previousItem":{"@type":"ListItem","@id":"https:\/\/candas365.es\/noticias#listItem","name":"Home"}},{"@type":"ListItem","@id":"https:\/\/candas365.es\/noticias\/munich-quiere-seguir-siendo-sede-de-la-eurocopa\/#listItem","position":3,"name":"M\u00fanich quiere seguir siendo sede de la Eurocopa","previousItem":{"@type":"ListItem","@id":"https:\/\/candas365.es\/noticias\/category\/deporte\/#listItem","name":"Deporte"}}]},{"@type":"NewsArticle","@id":"https:\/\/candas365.es\/noticias\/munich-quiere-seguir-siendo-sede-de-la-eurocopa\/#newsarticle","name":"M\u00fanich quiere seguir siendo sede de la Eurocopa | Cand\u00e1s 365","headline":"M\u00fanich quiere seguir siendo sede de la Eurocopa","author":{"@id":"https:\/\/candas365.es\/noticias\/author\/admin\/#author"},"publisher":{"@id":"https:\/\/candas365.es\/noticias\/#organization"},"image":{"@type":"ImageObject","url":"https:\/\/candas365.es\/noticias\/wp-content\/uploads\/2018\/06\/football-1406106_960_720-1.jpg","width":960,"height":643},"datePublished":"2021-03-17T18:54:15+01:00","dateModified":"2021-03-17T18:54:15+01:00","inLanguage":"es-ES","mainEntityOfPage":{"@id":"https:\/\/candas365.es\/noticias\/munich-quiere-seguir-siendo-sede-de-la-eurocopa\/#webpage"},"isPartOf":{"@id":"https:\/\/candas365.es\/noticias\/munich-quiere-seguir-siendo-sede-de-la-eurocopa\/#webpage"},"articleSection":"Deporte","dateline":"Publicado el marzo 17, 2021."},{"@type":"Organization","@id":"https:\/\/candas365.es\/noticias\/#organization","name":"Cand\u00e1s 365","description":"Cand\u00e1s 365 es un diario digital independiente, fundado en 2012, con base en Asturias. Informamos con rigor sobre actualidad, sociedad, cultura y ocio, con una mirada local y global.","url":"https:\/\/candas365.es\/noticias\/","email":"info@candas365.es","telephone":"+34652131393","foundingDate":"2012-06-10","logo":{"@type":"ImageObject","url":"https:\/\/candas365.es\/noticias\/wp-content\/uploads\/2024\/09\/Candas-365-Redes.jpg","@id":"https:\/\/candas365.es\/noticias\/munich-quiere-seguir-siendo-sede-de-la-eurocopa\/#organizationLogo","width":1152,"height":864,"caption":"Cand\u00e1s 365 Redes"},"image":{"@id":"https:\/\/candas365.es\/noticias\/munich-quiere-seguir-siendo-sede-de-la-eurocopa\/#organizationLogo"},"sameAs":["https:\/\/www.facebook.com\/Nachofdezber","https:\/\/x.com\/NabercoDigital","https:\/\/www.instagram.com\/nachofdezber\/","https:\/\/www.youtube.com\/channel\/UCZP-2wLEB9Rv6erhFmqVnvg"],"address":{"@id":"https:\/\/candas365.es\/noticias\/#postaladdress","@type":"PostalAddress","streetAddress":"san antonio 4, san antonio 4","postalCode":"33430","addressLocality":"Cand\u00e1s","addressRegion":"Asturias","addressCountry":"ES"}},{"@type":"Person","@id":"https:\/\/candas365.es\/noticias\/author\/admin\/#author","url":"https:\/\/candas365.es\/noticias\/author\/admin\/","name":"Cand\u00e1s 365","image":{"@type":"ImageObject","@id":"https:\/\/candas365.es\/noticias\/munich-quiere-seguir-siendo-sede-de-la-eurocopa\/#authorImage","url":"https:\/\/secure.gravatar.com\/avatar\/496a8e03d0c493ede1718b7934145dbdf8d89be1036b0eec9544e1094c9de390?s=96&d=mm&r=g","width":96,"height":96,"caption":"Cand\u00e1s 365"},"sameAs":["https:\/\/www.facebook.com\/carrenoactualidad","https:\/\/twitter.com\/nbasturias","https:\/\/www.instagram.com\/nachofdezber\/","https:\/\/www.youtube.com\/channel\/UCZP-2wLEB9Rv6erhFmqVnvg"]},{"@type":"WebPage","@id":"https:\/\/candas365.es\/noticias\/munich-quiere-seguir-siendo-sede-de-la-eurocopa\/#webpage","url":"https:\/\/candas365.es\/noticias\/munich-quiere-seguir-siendo-sede-de-la-eurocopa\/","name":"M\u00fanich quiere seguir siendo sede de la Eurocopa | Cand\u00e1s 365","description":"La ciudad de M\u00fanich quiere seguir siendo sede de la Eurocopa 2020 de este verano, a tenor de las declaraciones del alcalde Dieter Reiter ..","inLanguage":"es-ES","isPartOf":{"@id":"https:\/\/candas365.es\/noticias\/#website"},"breadcrumb":{"@id":"https:\/\/candas365.es\/noticias\/munich-quiere-seguir-siendo-sede-de-la-eurocopa\/#breadcrumblist"},"author":{"@id":"https:\/\/candas365.es\/noticias\/author\/admin\/#author"},"creator":{"@id":"https:\/\/candas365.es\/noticias\/author\/admin\/#author"},"image":{"@type":"ImageObject","url":"https:\/\/candas365.es\/noticias\/wp-content\/uploads\/2018\/06\/football-1406106_960_720-1.jpg","@id":"https:\/\/candas365.es\/noticias\/munich-quiere-seguir-siendo-sede-de-la-eurocopa\/#mainImage","width":960,"height":643},"primaryImageOfPage":{"@id":"https:\/\/candas365.es\/noticias\/munich-quiere-seguir-siendo-sede-de-la-eurocopa\/#mainImage"},"datePublished":"2021-03-17T18:54:15+01:00","dateModified":"2021-03-17T18:54:15+01:00"},{"@type":"WebSite","@id":"https:\/\/candas365.es\/noticias\/#website","url":"https:\/\/candas365.es\/noticias\/","name":"Cand\u00e1s 365","alternateName":"Cand\u00e1s 365 Noticias","description":"Actualidad desde Carre\u00f1o para el mundo","inLanguage":"es-ES","publisher":{"@id":"https:\/\/candas365.es\/noticias\/#organization"}}]},"og:locale":"es_ES","og:site_name":"Cand\u00e1s 365","og:type":"article","og:title":"M\u00fanich quiere seguir siendo sede de la Eurocopa | Cand\u00e1s 365","og:description":"La ciudad de M\u00fanich quiere seguir siendo sede de la Eurocopa 2020 de este verano, a tenor de las declaraciones del alcalde Dieter Reiter ..","og:url":"https:\/\/candas365.es\/noticias\/munich-quiere-seguir-siendo-sede-de-la-eurocopa\/","og:image":"https:\/\/candas365.es\/noticias\/wp-content\/uploads\/2018\/06\/football-1406106_960_720-1.jpg","og:image:secure_url":"https:\/\/candas365.es\/noticias\/wp-content\/uploads\/2018\/06\/football-1406106_960_720-1.jpg","og:image:width":960,"og:image:height":643,"article:published_time":"2021-03-17T18:54:15+00:00","article:modified_time":"2021-03-17T18:54:15+00:00","article:publisher":"https:\/\/www.facebook.com\/Nachofdezber","article:author":"https:\/\/www.facebook.com\/carrenoactualidad","twitter:card":"summary_large_image","twitter:site":"@NabercoDigital","twitter:title":"M\u00fanich quiere seguir siendo sede de la Eurocopa | Cand\u00e1s 365","twitter:description":"La ciudad de M\u00fanich quiere seguir siendo sede de la Eurocopa 2020 de este verano, a tenor de las declaraciones del alcalde Dieter Reiter ..","twitter:creator":"@nbasturias","twitter:image":"https:\/\/candas365.es\/noticias\/wp-content\/uploads\/2018\/06\/football-1406106_960_720-1.jpg","twitter:label1":"Escrito por","twitter:data1":"Cand\u00e1s 365","twitter:label2":"Tiempo de lectura estimado","twitter:data2":"2 minutos"},"aioseo_meta_data":{"post_id":"152293","title":null,"description":"La ciudad de M\u00fanich quiere seguir siendo sede de la Eurocopa 2020 de este verano, a tenor de las declaraciones del alcalde Dieter Reiter ..","keywords":[{"label":"Deportes","value":"Deportes"},{"label":" F\u00fatbol","value":" F\u00fatbol"},{"label":" Eurocopa","value":" Eurocopa"},{"label":" M\u00fanich","value":" M\u00fanich"}],"keyphrases":{"focus":[],"additional":[]},"primary_term":null,"canonical_url":null,"og_title":null,"og_description":null,"og_object_type":"default","og_image_type":"default","og_image_url":null,"og_image_width":null,"og_image_height":null,"og_image_custom_url":null,"og_image_custom_fields":null,"og_video":"","og_custom_url":null,"og_article_section":null,"og_article_tags":[],"twitter_use_og":false,"twitter_card":"default","twitter_image_type":"default","twitter_image_url":null,"twitter_image_custom_url":null,"twitter_image_custom_fields":null,"twitter_title":null,"twitter_description":null,"schema":{"blockGraphs":[],"customGraphs":[],"default":{"data":{"Article":[],"Course":[],"Dataset":[],"FAQPage":[],"Movie":[],"Person":[],"Product":[],"ProductReview":[],"Car":[],"Recipe":[],"Service":[],"SoftwareApplication":[],"WebPage":[]},"graphName":"","isEnabled":true},"graphs":[],"defaultGraph":"Article","defaultPostTypeGraph":""},"schema_type":"default","schema_type_options":"{\"article\":{\"articleType\":\"BlogPosting\"},\"course\":{\"name\":\"\",\"description\":\"\",\"provider\":\"\"},\"faq\":{\"pages\":[]},\"product\":{\"reviews\":[]},\"recipe\":{\"ingredients\":[],\"instructions\":[],\"keywords\":[]},\"software\":{\"reviews\":[],\"operatingSystems\":[]},\"webPage\":{\"webPageType\":\"WebPage\"}}","pillar_content":false,"robots_default":true,"robots_noindex":false,"robots_noarchive":false,"robots_nosnippet":false,"robots_nofollow":false,"robots_noimageindex":false,"robots_noodp":false,"robots_notranslate":false,"robots_max_snippet":"-1","robots_max_videopreview":"-1","robots_max_imagepreview":"large","priority":null,"frequency":"default","location":null,"local_seo":{"businessInfo":{"name":"","urls":{"website":"","aboutPage":"","contactPage":""},"address":{"line1":"","line2":"","zip":"","city":"","state":"","country":""},"contact":{"email":"","phone":"","fax":""},"ids":{"vatID":"","taxID":"","chamberID":""},"payment":{"priceIndication":"","currenciesAccepted":"","methodsAccepted":""},"areaServed":""},"openingHours":{"show":false,"closedLabel":"","open24h":false,"open24hLabel":"","open247":false,"use24hFormat":false,"twoSets":false,"timezone":"","hours":[]}},"seo_analyzer_scan_date":"2025-08-31 18:21:26","breadcrumb_settings":null,"limit_modified_date":false,"reviewed_by":null,"open_ai":null,"ai":null,"created":"2021-03-17 18:52:18","updated":"2025-08-31 18:21:26"},"aioseo_breadcrumb":"<div class=\"aioseo-breadcrumbs\"><span class=\"aioseo-breadcrumb\">\n\t<a href=\"https:\/\/candas365.es\/noticias\" title=\"Home\">Home<\/a>\n<\/span><span class=\"aioseo-breadcrumb-separator\">&ndash;<\/span><span class=\"aioseo-breadcrumb\">\n\t<a href=\"https:\/\/candas365.es\/noticias\/category\/deporte\/\" title=\"Deporte\">Deporte<\/a>\n<\/span><span class=\"aioseo-breadcrumb-separator\">&ndash;<\/span><span class=\"aioseo-breadcrumb\">\n\tM\u00fanich quiere seguir siendo sede de la Eurocopa\n<\/span><\/div>","aioseo_breadcrumb_json":[{"label":"Home","link":"https:\/\/candas365.es\/noticias"},{"label":"Deporte","link":"https:\/\/candas365.es\/noticias\/category\/deporte\/"},{"label":"M\u00fanich quiere seguir siendo sede de la Eurocopa","link":"https:\/\/candas365.es\/noticias\/munich-quiere-seguir-siendo-sede-de-la-eurocopa\/"}],"_links":{"self":[{"href":"https:\/\/candas365.es\/noticias\/wp-json\/wp\/v2\/posts\/152293","targetHints":{"allow":["GET"]}}],"collection":[{"href":"https:\/\/candas365.es\/noticias\/wp-json\/wp\/v2\/posts"}],"about":[{"href":"https:\/\/candas365.es\/noticias\/wp-json\/wp\/v2\/types\/post"}],"author":[{"embeddable":true,"href":"https:\/\/candas365.es\/noticias\/wp-json\/wp\/v2\/users\/1"}],"replies":[{"embeddable":true,"href":"https:\/\/candas365.es\/noticias\/wp-json\/wp\/v2\/comments?post=152293"}],"version-history":[{"count":0,"href":"https:\/\/candas365.es\/noticias\/wp-json\/wp\/v2\/posts\/152293\/revisions"}],"wp:featuredmedia":[{"embeddable":true,"href":"https:\/\/candas365.es\/noticias\/wp-json\/wp\/v2\/media\/98026"}],"wp:attachment":[{"href":"https:\/\/candas365.es\/noticias\/wp-json\/wp\/v2\/media?parent=152293"}],"wp:term":[{"taxonomy":"category","embeddable":true,"href":"https:\/\/candas365.es\/noticias\/wp-json\/wp\/v2\/categories?post=152293"},{"taxonomy":"post_tag","embeddable":true,"href":"https:\/\/candas365.es\/noticias\/wp-json\/wp\/v2\/tags?post=152293"}],"curies":[{"name":"wp","href":"https:\/\/api.w.org\/{rel}","templated":true}]}}