{"id":152066,"date":"2021-03-11T17:53:53","date_gmt":"2021-03-11T17:53:53","guid":{"rendered":"http:\/\/candas365.es\/noticias\/?p=152066"},"modified":"2021-03-11T17:53:53","modified_gmt":"2021-03-11T17:53:53","slug":"el-oriente-de-rembrandt-en-potsdam","status":"publish","type":"post","link":"https:\/\/candas365.es\/noticias\/el-oriente-de-rembrandt-en-potsdam\/","title":{"rendered":"\u00abEl Oriente de Rembrandt\u00bb en Potsdam"},"content":{"rendered":"<p>Potsdam (Alemania) 11 mar (dpa) &#8211; Bajo el t\u00edtulo \u00abEl Oriente de Rembrandt\u00bb se exhibir\u00e1n desde este s\u00e1bado 13 de marzo unas 110 obras del maestro Rembrandt von Rijn (1606-1669) y de otros artistas de la edad de oro neerlandesa en el Museo Barberini de la ciudad alemana de Potsdam tras el largo cierre por la pandemia, indic\u00f3 hoy la entidad.<\/p>\n<figure id=\"attachment_152067\" aria-describedby=\"caption-attachment-152067\" style=\"width: 640px\" class=\"wp-caption aligncenter\"><img fetchpriority=\"high\" decoding=\"async\" class=\"wp-image-152067 size-large\" src=\"https:\/\/candas365.es\/noticias\/wp-content\/uploads\/2021\/03\/El-Oriente-de-Rembrandt-650x438.jpg\" alt=\"El Oriente de Rembrandt\" width=\"640\" height=\"431\" srcset=\"https:\/\/candas365.es\/noticias\/wp-content\/uploads\/2021\/03\/El-Oriente-de-Rembrandt-650x438.jpg 650w, https:\/\/candas365.es\/noticias\/wp-content\/uploads\/2021\/03\/El-Oriente-de-Rembrandt-360x242.jpg 360w, https:\/\/candas365.es\/noticias\/wp-content\/uploads\/2021\/03\/El-Oriente-de-Rembrandt-768x517.jpg 768w, https:\/\/candas365.es\/noticias\/wp-content\/uploads\/2021\/03\/El-Oriente-de-Rembrandt.jpg 986w\" sizes=\"(max-width: 640px) 100vw, 640px\" \/><figcaption id=\"caption-attachment-152067\" class=\"wp-caption-text\">La muestra \u00abEl Oriente de Rembrandt\u00bb abrir\u00e1 sus puertas al p\u00fablico el 13 de marzo en el Museo Barberini, en la ciudad alemana de Potsdam. Foto: Soeren Stache\/dpa-Zentralbild\/dpa<\/figcaption><\/figure>\n<p>\u00abEl siglo XVII marc\u00f3 el inicio de la primera globalizaci\u00f3n\u00bb, dijo la directora del museo, Ortrud Westheider, en la presentaci\u00f3n de la exposici\u00f3n. \u00abTambi\u00e9n en el arte se pudo percibir que Europa era solo una de las muchas regiones en el mundo\u00bb.<\/p>\n<p>Barberini abrir\u00e1 con un estricto protocolo de higiene tras el cierre de sus puertas en noviembre a causa de la pandemia de coronavirus.<\/p>\n<p>Para acceder al museo debe reservarse una fecha y un horario por Internet. La muestra estar\u00e1 abierta hasta el 27 de junio y podr\u00e1 ser visitada diariamente por 660 personas.<\/p>\n<p>De Rembrandt se ver\u00e1n en el Museo Barberini diez pinturas, cuatro dibujos y 19 grabados en cobre. Entre ellos, hay escenas b\u00edblicas como la pintura \u00abDavid con la cabeza de Goliat delante de Sa\u00fal\u00bb y \u00abBusto de un hombre con turbante\u00bb.<\/p>\n<p>Dado que la mayor\u00eda de los artistas sobre los que versa la exposici\u00f3n no viajaron personalmente a Oriente, las obras muestran \u00abuna combinaci\u00f3n de clich\u00e9s y estereotipos sin pretensi\u00f3n de autenticidad\u00bb, explic\u00f3 el curador Michael Philipp.<\/p>\n<p>La exposici\u00f3n tematiza tambi\u00e9n el comercio global, que trajo objetos ex\u00f3ticos como porcelana y conchas de nautilus a Holanda.<\/p>\n<p>Philipp dijo que el siglo XVII no fue solo una era de florecimiento del comercio con pa\u00edses lejanos, sino tambi\u00e9n un siglo de guerra y violencia. De eso da fe la pintura \u00abBatalla naval entre cristianos y turcos\u00bb de Johannes Lingelbach del a\u00f1o 1673, que buscaba ilustrar la batalla del siglo XVI.<\/p>\n<p>La muestra iba a verse originalmente el pasado verano europeo en el Barberini, pero fue pospuesta hasta esta primavera a causa de la pandemia. Entre fines de octubre y mediados de febrero se pudo ver en Basilea.<\/p>\n<p>Entre los m\u00e1s de 50 prestadores internacionales figuran el Rijksmuseum de Amsterdam, la Galer\u00eda de Pinturas de los Maestros Antiguos de Dresde, la National Gallery of Art de Washington, la National Gallery de Londres y el Museo de Historia del Arte de Viena.<\/p>\n<p>&nbsp;<\/p>\n","protected":false},"excerpt":{"rendered":"<p>Potsdam (Alemania) 11 mar (dpa) &#8211; Bajo el t\u00edtulo \u00abEl Oriente de Rembrandt\u00bb se exhibir\u00e1n desde este s\u00e1bado 13 de marzo unas 110 obras del maestro Rembrandt von Rijn (1606-1669) y de otros artistas de la edad de oro neerlandesa en el Museo Barberini de la ciudad alemana de Potsdam tras el largo cierre por<\/p>\n","protected":false},"author":1,"featured_media":152067,"comment_status":"closed","ping_status":"closed","sticky":false,"template":"","format":"standard","meta":{"footnotes":""},"categories":[142],"tags":[],"class_list":{"0":"post-152066","1":"post","2":"type-post","3":"status-publish","4":"format-standard","5":"has-post-thumbnail","7":"category-revista"},"aioseo_notices":[],"aioseo_head":"\n\t\t<!-- All in One SEO Pro 4.9.6.2 - aioseo.com -->\n\t<meta name=\"description\" content=\"Bajo el t\u00edtulo &quot;El Oriente de Rembrandt&quot; se exhibir\u00e1n desde este s\u00e1bado 13 de marzo unas 110 obras del maestro Rembrandt von Rijn ...\" \/>\n\t<meta name=\"robots\" content=\"max-image-preview:large\" \/>\n\t<meta name=\"author\" content=\"Cand\u00e1s 365\"\/>\n\t<meta name=\"google-site-verification\" content=\"UA-32230408-1\" \/>\n\t<meta name=\"msvalidate.01\" content=\"354F3CDFB2DA171B47FBE9ABF1F88D5\" \/>\n\t<meta name=\"keywords\" content=\"revista,cultura,muestras\" \/>\n\t<link rel=\"canonical\" href=\"https:\/\/candas365.es\/noticias\/el-oriente-de-rembrandt-en-potsdam\/\" \/>\n\t<meta name=\"generator\" content=\"All in One SEO Pro (AIOSEO) 4.9.6.2\" \/>\n\t\t<meta property=\"og:locale\" content=\"es_ES\" \/>\n\t\t<meta property=\"og:site_name\" content=\"Cand\u00e1s 365\" \/>\n\t\t<meta property=\"og:type\" content=\"article\" \/>\n\t\t<meta property=\"og:title\" content=\"\u00abEl Oriente de Rembrandt\u00bb en Potsdam | Cand\u00e1s 365\" \/>\n\t\t<meta property=\"og:description\" content=\"Bajo el t\u00edtulo &quot;El Oriente de Rembrandt&quot; se exhibir\u00e1n desde este s\u00e1bado 13 de marzo unas 110 obras del maestro Rembrandt von Rijn ...\" \/>\n\t\t<meta property=\"og:url\" content=\"https:\/\/candas365.es\/noticias\/el-oriente-de-rembrandt-en-potsdam\/\" \/>\n\t\t<meta property=\"og:image\" content=\"https:\/\/candas365.es\/noticias\/wp-content\/uploads\/2021\/03\/El-Oriente-de-Rembrandt.jpg\" \/>\n\t\t<meta property=\"og:image:secure_url\" content=\"https:\/\/candas365.es\/noticias\/wp-content\/uploads\/2021\/03\/El-Oriente-de-Rembrandt.jpg\" \/>\n\t\t<meta property=\"og:image:width\" content=\"986\" \/>\n\t\t<meta property=\"og:image:height\" content=\"664\" \/>\n\t\t<meta property=\"article:published_time\" content=\"2021-03-11T17:53:53+00:00\" \/>\n\t\t<meta property=\"article:modified_time\" content=\"2021-03-11T17:53:53+00:00\" \/>\n\t\t<meta property=\"article:publisher\" content=\"https:\/\/www.facebook.com\/Nachofdezber\" \/>\n\t\t<meta property=\"article:author\" content=\"https:\/\/www.facebook.com\/carrenoactualidad\" \/>\n\t\t<meta name=\"twitter:card\" content=\"summary_large_image\" \/>\n\t\t<meta name=\"twitter:site\" content=\"@NabercoDigital\" \/>\n\t\t<meta name=\"twitter:title\" content=\"\u00abEl Oriente de Rembrandt\u00bb en Potsdam | Cand\u00e1s 365\" \/>\n\t\t<meta name=\"twitter:description\" content=\"Bajo el t\u00edtulo &quot;El Oriente de Rembrandt&quot; se exhibir\u00e1n desde este s\u00e1bado 13 de marzo unas 110 obras del maestro Rembrandt von Rijn ...\" \/>\n\t\t<meta name=\"twitter:creator\" content=\"@nbasturias\" \/>\n\t\t<meta name=\"twitter:image\" content=\"https:\/\/candas365.es\/noticias\/wp-content\/uploads\/2021\/03\/El-Oriente-de-Rembrandt.jpg\" \/>\n\t\t<meta name=\"twitter:label1\" content=\"Escrito por\" \/>\n\t\t<meta name=\"twitter:data1\" content=\"Cand\u00e1s 365\" \/>\n\t\t<meta name=\"twitter:label2\" content=\"Tiempo de lectura estimado\" \/>\n\t\t<meta name=\"twitter:data2\" content=\"2 minutos\" \/>\n\t\t<script type=\"application\/ld+json\" class=\"aioseo-schema\">\n\t\t\t{\"@context\":\"https:\\\/\\\/schema.org\",\"@graph\":[{\"@type\":\"BreadcrumbList\",\"@id\":\"https:\\\/\\\/candas365.es\\\/noticias\\\/el-oriente-de-rembrandt-en-potsdam\\\/#breadcrumblist\",\"itemListElement\":[{\"@type\":\"ListItem\",\"@id\":\"https:\\\/\\\/candas365.es\\\/noticias#listItem\",\"position\":1,\"name\":\"Home\",\"item\":\"https:\\\/\\\/candas365.es\\\/noticias\",\"nextItem\":{\"@type\":\"ListItem\",\"@id\":\"https:\\\/\\\/candas365.es\\\/noticias\\\/category\\\/revista\\\/#listItem\",\"name\":\"Revista\"}},{\"@type\":\"ListItem\",\"@id\":\"https:\\\/\\\/candas365.es\\\/noticias\\\/category\\\/revista\\\/#listItem\",\"position\":2,\"name\":\"Revista\",\"item\":\"https:\\\/\\\/candas365.es\\\/noticias\\\/category\\\/revista\\\/\",\"nextItem\":{\"@type\":\"ListItem\",\"@id\":\"https:\\\/\\\/candas365.es\\\/noticias\\\/el-oriente-de-rembrandt-en-potsdam\\\/#listItem\",\"name\":\"\\u00abEl Oriente de Rembrandt\\u00bb en Potsdam\"},\"previousItem\":{\"@type\":\"ListItem\",\"@id\":\"https:\\\/\\\/candas365.es\\\/noticias#listItem\",\"name\":\"Home\"}},{\"@type\":\"ListItem\",\"@id\":\"https:\\\/\\\/candas365.es\\\/noticias\\\/el-oriente-de-rembrandt-en-potsdam\\\/#listItem\",\"position\":3,\"name\":\"\\u00abEl Oriente de Rembrandt\\u00bb en Potsdam\",\"previousItem\":{\"@type\":\"ListItem\",\"@id\":\"https:\\\/\\\/candas365.es\\\/noticias\\\/category\\\/revista\\\/#listItem\",\"name\":\"Revista\"}}]},{\"@type\":\"NewsArticle\",\"@id\":\"https:\\\/\\\/candas365.es\\\/noticias\\\/el-oriente-de-rembrandt-en-potsdam\\\/#newsarticle\",\"name\":\"\\u00abEl Oriente de Rembrandt\\u00bb en Potsdam | Cand\\u00e1s 365\",\"headline\":\"\\u00abEl Oriente de Rembrandt\\u00bb en Potsdam\",\"author\":{\"@id\":\"https:\\\/\\\/candas365.es\\\/noticias\\\/author\\\/admin\\\/#author\"},\"publisher\":{\"@id\":\"https:\\\/\\\/candas365.es\\\/noticias\\\/#organization\"},\"image\":{\"@type\":\"ImageObject\",\"url\":\"https:\\\/\\\/candas365.es\\\/noticias\\\/wp-content\\\/uploads\\\/2021\\\/03\\\/El-Oriente-de-Rembrandt.jpg\",\"width\":986,\"height\":664,\"caption\":\"La muestra \\\"El Oriente de Rembrandt\\\" abrir\\u00e1 sus puertas al p\\u00fablico el 13 de marzo en el Museo Barberini, en la ciudad alemana de Potsdam. Foto: Soeren Stache\\\/dpa-Zentralbild\\\/dpa\"},\"datePublished\":\"2021-03-11T17:53:53+01:00\",\"dateModified\":\"2021-03-11T17:53:53+01:00\",\"inLanguage\":\"es-ES\",\"mainEntityOfPage\":{\"@id\":\"https:\\\/\\\/candas365.es\\\/noticias\\\/el-oriente-de-rembrandt-en-potsdam\\\/#webpage\"},\"isPartOf\":{\"@id\":\"https:\\\/\\\/candas365.es\\\/noticias\\\/el-oriente-de-rembrandt-en-potsdam\\\/#webpage\"},\"articleSection\":\"Revista\",\"dateline\":\"Publicado el marzo 11, 2021.\"},{\"@type\":\"Organization\",\"@id\":\"https:\\\/\\\/candas365.es\\\/noticias\\\/#organization\",\"name\":\"Cand\\u00e1s 365\",\"description\":\"Cand\\u00e1s 365 es un diario digital independiente, fundado en 2012, con base en Asturias. Informamos con rigor sobre actualidad, sociedad, cultura y ocio, con una mirada local y global.\",\"url\":\"https:\\\/\\\/candas365.es\\\/noticias\\\/\",\"email\":\"info@candas365.es\",\"telephone\":\"+34652131393\",\"foundingDate\":\"2012-06-10\",\"logo\":{\"@type\":\"ImageObject\",\"url\":\"https:\\\/\\\/candas365.es\\\/noticias\\\/wp-content\\\/uploads\\\/2024\\\/09\\\/Candas-365-Redes.jpg\",\"@id\":\"https:\\\/\\\/candas365.es\\\/noticias\\\/el-oriente-de-rembrandt-en-potsdam\\\/#organizationLogo\",\"width\":1152,\"height\":864,\"caption\":\"Cand\\u00e1s 365 Redes\"},\"image\":{\"@id\":\"https:\\\/\\\/candas365.es\\\/noticias\\\/el-oriente-de-rembrandt-en-potsdam\\\/#organizationLogo\"},\"sameAs\":[\"https:\\\/\\\/www.facebook.com\\\/Nachofdezber\",\"https:\\\/\\\/x.com\\\/NabercoDigital\",\"https:\\\/\\\/www.instagram.com\\\/nachofdezber\\\/\",\"https:\\\/\\\/www.youtube.com\\\/channel\\\/UCZP-2wLEB9Rv6erhFmqVnvg\"],\"address\":{\"@id\":\"https:\\\/\\\/candas365.es\\\/noticias\\\/#postaladdress\",\"@type\":\"PostalAddress\",\"streetAddress\":\"san antonio 4, san antonio 4\",\"postalCode\":\"33430\",\"addressLocality\":\"Cand\\u00e1s\",\"addressRegion\":\"Asturias\",\"addressCountry\":\"ES\"}},{\"@type\":\"Person\",\"@id\":\"https:\\\/\\\/candas365.es\\\/noticias\\\/author\\\/admin\\\/#author\",\"url\":\"https:\\\/\\\/candas365.es\\\/noticias\\\/author\\\/admin\\\/\",\"name\":\"Cand\\u00e1s 365\",\"image\":{\"@type\":\"ImageObject\",\"@id\":\"https:\\\/\\\/candas365.es\\\/noticias\\\/el-oriente-de-rembrandt-en-potsdam\\\/#authorImage\",\"url\":\"https:\\\/\\\/secure.gravatar.com\\\/avatar\\\/496a8e03d0c493ede1718b7934145dbdf8d89be1036b0eec9544e1094c9de390?s=96&d=mm&r=g\",\"width\":96,\"height\":96,\"caption\":\"Cand\\u00e1s 365\"},\"sameAs\":[\"https:\\\/\\\/www.facebook.com\\\/carrenoactualidad\",\"https:\\\/\\\/twitter.com\\\/nbasturias\",\"https:\\\/\\\/www.instagram.com\\\/nachofdezber\\\/\",\"https:\\\/\\\/www.youtube.com\\\/channel\\\/UCZP-2wLEB9Rv6erhFmqVnvg\"]},{\"@type\":\"WebPage\",\"@id\":\"https:\\\/\\\/candas365.es\\\/noticias\\\/el-oriente-de-rembrandt-en-potsdam\\\/#webpage\",\"url\":\"https:\\\/\\\/candas365.es\\\/noticias\\\/el-oriente-de-rembrandt-en-potsdam\\\/\",\"name\":\"\\u00abEl Oriente de Rembrandt\\u00bb en Potsdam | Cand\\u00e1s 365\",\"description\":\"Bajo el t\\u00edtulo \\\"El Oriente de Rembrandt\\\" se exhibir\\u00e1n desde este s\\u00e1bado 13 de marzo unas 110 obras del maestro Rembrandt von Rijn ...\",\"inLanguage\":\"es-ES\",\"isPartOf\":{\"@id\":\"https:\\\/\\\/candas365.es\\\/noticias\\\/#website\"},\"breadcrumb\":{\"@id\":\"https:\\\/\\\/candas365.es\\\/noticias\\\/el-oriente-de-rembrandt-en-potsdam\\\/#breadcrumblist\"},\"author\":{\"@id\":\"https:\\\/\\\/candas365.es\\\/noticias\\\/author\\\/admin\\\/#author\"},\"creator\":{\"@id\":\"https:\\\/\\\/candas365.es\\\/noticias\\\/author\\\/admin\\\/#author\"},\"image\":{\"@type\":\"ImageObject\",\"url\":\"https:\\\/\\\/candas365.es\\\/noticias\\\/wp-content\\\/uploads\\\/2021\\\/03\\\/El-Oriente-de-Rembrandt.jpg\",\"@id\":\"https:\\\/\\\/candas365.es\\\/noticias\\\/el-oriente-de-rembrandt-en-potsdam\\\/#mainImage\",\"width\":986,\"height\":664,\"caption\":\"La muestra \\\"El Oriente de Rembrandt\\\" abrir\\u00e1 sus puertas al p\\u00fablico el 13 de marzo en el Museo Barberini, en la ciudad alemana de Potsdam. Foto: Soeren Stache\\\/dpa-Zentralbild\\\/dpa\"},\"primaryImageOfPage\":{\"@id\":\"https:\\\/\\\/candas365.es\\\/noticias\\\/el-oriente-de-rembrandt-en-potsdam\\\/#mainImage\"},\"datePublished\":\"2021-03-11T17:53:53+01:00\",\"dateModified\":\"2021-03-11T17:53:53+01:00\"},{\"@type\":\"WebSite\",\"@id\":\"https:\\\/\\\/candas365.es\\\/noticias\\\/#website\",\"url\":\"https:\\\/\\\/candas365.es\\\/noticias\\\/\",\"name\":\"Cand\\u00e1s 365\",\"alternateName\":\"Cand\\u00e1s 365 Noticias\",\"description\":\"Actualidad desde Carre\\u00f1o para el mundo\",\"inLanguage\":\"es-ES\",\"publisher\":{\"@id\":\"https:\\\/\\\/candas365.es\\\/noticias\\\/#organization\"}}]}\n\t\t<\/script>\n\t\t<!-- All in One SEO Pro -->\r\n\t\t<title>\u00abEl Oriente de Rembrandt\u00bb en Potsdam | Cand\u00e1s 365<\/title>\n\n","aioseo_head_json":{"title":"\u00abEl Oriente de Rembrandt\u00bb en Potsdam | Cand\u00e1s 365","description":"Bajo el t\u00edtulo \"El Oriente de Rembrandt\" se exhibir\u00e1n desde este s\u00e1bado 13 de marzo unas 110 obras del maestro Rembrandt von Rijn ...","canonical_url":"https:\/\/candas365.es\/noticias\/el-oriente-de-rembrandt-en-potsdam\/","robots":"max-image-preview:large","keywords":"revista,cultura,muestras","webmasterTools":{"google-site-verification":"UA-32230408-1","msvalidate.01":"354F3CDFB2DA171B47FBE9ABF1F88D5","miscellaneous":""},"schema":{"@context":"https:\/\/schema.org","@graph":[{"@type":"BreadcrumbList","@id":"https:\/\/candas365.es\/noticias\/el-oriente-de-rembrandt-en-potsdam\/#breadcrumblist","itemListElement":[{"@type":"ListItem","@id":"https:\/\/candas365.es\/noticias#listItem","position":1,"name":"Home","item":"https:\/\/candas365.es\/noticias","nextItem":{"@type":"ListItem","@id":"https:\/\/candas365.es\/noticias\/category\/revista\/#listItem","name":"Revista"}},{"@type":"ListItem","@id":"https:\/\/candas365.es\/noticias\/category\/revista\/#listItem","position":2,"name":"Revista","item":"https:\/\/candas365.es\/noticias\/category\/revista\/","nextItem":{"@type":"ListItem","@id":"https:\/\/candas365.es\/noticias\/el-oriente-de-rembrandt-en-potsdam\/#listItem","name":"\u00abEl Oriente de Rembrandt\u00bb en Potsdam"},"previousItem":{"@type":"ListItem","@id":"https:\/\/candas365.es\/noticias#listItem","name":"Home"}},{"@type":"ListItem","@id":"https:\/\/candas365.es\/noticias\/el-oriente-de-rembrandt-en-potsdam\/#listItem","position":3,"name":"\u00abEl Oriente de Rembrandt\u00bb en Potsdam","previousItem":{"@type":"ListItem","@id":"https:\/\/candas365.es\/noticias\/category\/revista\/#listItem","name":"Revista"}}]},{"@type":"NewsArticle","@id":"https:\/\/candas365.es\/noticias\/el-oriente-de-rembrandt-en-potsdam\/#newsarticle","name":"\u00abEl Oriente de Rembrandt\u00bb en Potsdam | Cand\u00e1s 365","headline":"\u00abEl Oriente de Rembrandt\u00bb en Potsdam","author":{"@id":"https:\/\/candas365.es\/noticias\/author\/admin\/#author"},"publisher":{"@id":"https:\/\/candas365.es\/noticias\/#organization"},"image":{"@type":"ImageObject","url":"https:\/\/candas365.es\/noticias\/wp-content\/uploads\/2021\/03\/El-Oriente-de-Rembrandt.jpg","width":986,"height":664,"caption":"La muestra \"El Oriente de Rembrandt\" abrir\u00e1 sus puertas al p\u00fablico el 13 de marzo en el Museo Barberini, en la ciudad alemana de Potsdam. Foto: Soeren Stache\/dpa-Zentralbild\/dpa"},"datePublished":"2021-03-11T17:53:53+01:00","dateModified":"2021-03-11T17:53:53+01:00","inLanguage":"es-ES","mainEntityOfPage":{"@id":"https:\/\/candas365.es\/noticias\/el-oriente-de-rembrandt-en-potsdam\/#webpage"},"isPartOf":{"@id":"https:\/\/candas365.es\/noticias\/el-oriente-de-rembrandt-en-potsdam\/#webpage"},"articleSection":"Revista","dateline":"Publicado el marzo 11, 2021."},{"@type":"Organization","@id":"https:\/\/candas365.es\/noticias\/#organization","name":"Cand\u00e1s 365","description":"Cand\u00e1s 365 es un diario digital independiente, fundado en 2012, con base en Asturias. Informamos con rigor sobre actualidad, sociedad, cultura y ocio, con una mirada local y global.","url":"https:\/\/candas365.es\/noticias\/","email":"info@candas365.es","telephone":"+34652131393","foundingDate":"2012-06-10","logo":{"@type":"ImageObject","url":"https:\/\/candas365.es\/noticias\/wp-content\/uploads\/2024\/09\/Candas-365-Redes.jpg","@id":"https:\/\/candas365.es\/noticias\/el-oriente-de-rembrandt-en-potsdam\/#organizationLogo","width":1152,"height":864,"caption":"Cand\u00e1s 365 Redes"},"image":{"@id":"https:\/\/candas365.es\/noticias\/el-oriente-de-rembrandt-en-potsdam\/#organizationLogo"},"sameAs":["https:\/\/www.facebook.com\/Nachofdezber","https:\/\/x.com\/NabercoDigital","https:\/\/www.instagram.com\/nachofdezber\/","https:\/\/www.youtube.com\/channel\/UCZP-2wLEB9Rv6erhFmqVnvg"],"address":{"@id":"https:\/\/candas365.es\/noticias\/#postaladdress","@type":"PostalAddress","streetAddress":"san antonio 4, san antonio 4","postalCode":"33430","addressLocality":"Cand\u00e1s","addressRegion":"Asturias","addressCountry":"ES"}},{"@type":"Person","@id":"https:\/\/candas365.es\/noticias\/author\/admin\/#author","url":"https:\/\/candas365.es\/noticias\/author\/admin\/","name":"Cand\u00e1s 365","image":{"@type":"ImageObject","@id":"https:\/\/candas365.es\/noticias\/el-oriente-de-rembrandt-en-potsdam\/#authorImage","url":"https:\/\/secure.gravatar.com\/avatar\/496a8e03d0c493ede1718b7934145dbdf8d89be1036b0eec9544e1094c9de390?s=96&d=mm&r=g","width":96,"height":96,"caption":"Cand\u00e1s 365"},"sameAs":["https:\/\/www.facebook.com\/carrenoactualidad","https:\/\/twitter.com\/nbasturias","https:\/\/www.instagram.com\/nachofdezber\/","https:\/\/www.youtube.com\/channel\/UCZP-2wLEB9Rv6erhFmqVnvg"]},{"@type":"WebPage","@id":"https:\/\/candas365.es\/noticias\/el-oriente-de-rembrandt-en-potsdam\/#webpage","url":"https:\/\/candas365.es\/noticias\/el-oriente-de-rembrandt-en-potsdam\/","name":"\u00abEl Oriente de Rembrandt\u00bb en Potsdam | Cand\u00e1s 365","description":"Bajo el t\u00edtulo \"El Oriente de Rembrandt\" se exhibir\u00e1n desde este s\u00e1bado 13 de marzo unas 110 obras del maestro Rembrandt von Rijn ...","inLanguage":"es-ES","isPartOf":{"@id":"https:\/\/candas365.es\/noticias\/#website"},"breadcrumb":{"@id":"https:\/\/candas365.es\/noticias\/el-oriente-de-rembrandt-en-potsdam\/#breadcrumblist"},"author":{"@id":"https:\/\/candas365.es\/noticias\/author\/admin\/#author"},"creator":{"@id":"https:\/\/candas365.es\/noticias\/author\/admin\/#author"},"image":{"@type":"ImageObject","url":"https:\/\/candas365.es\/noticias\/wp-content\/uploads\/2021\/03\/El-Oriente-de-Rembrandt.jpg","@id":"https:\/\/candas365.es\/noticias\/el-oriente-de-rembrandt-en-potsdam\/#mainImage","width":986,"height":664,"caption":"La muestra \"El Oriente de Rembrandt\" abrir\u00e1 sus puertas al p\u00fablico el 13 de marzo en el Museo Barberini, en la ciudad alemana de Potsdam. Foto: Soeren Stache\/dpa-Zentralbild\/dpa"},"primaryImageOfPage":{"@id":"https:\/\/candas365.es\/noticias\/el-oriente-de-rembrandt-en-potsdam\/#mainImage"},"datePublished":"2021-03-11T17:53:53+01:00","dateModified":"2021-03-11T17:53:53+01:00"},{"@type":"WebSite","@id":"https:\/\/candas365.es\/noticias\/#website","url":"https:\/\/candas365.es\/noticias\/","name":"Cand\u00e1s 365","alternateName":"Cand\u00e1s 365 Noticias","description":"Actualidad desde Carre\u00f1o para el mundo","inLanguage":"es-ES","publisher":{"@id":"https:\/\/candas365.es\/noticias\/#organization"}}]},"og:locale":"es_ES","og:site_name":"Cand\u00e1s 365","og:type":"article","og:title":"\u00abEl Oriente de Rembrandt\u00bb en Potsdam | Cand\u00e1s 365","og:description":"Bajo el t\u00edtulo &quot;El Oriente de Rembrandt&quot; se exhibir\u00e1n desde este s\u00e1bado 13 de marzo unas 110 obras del maestro Rembrandt von Rijn ...","og:url":"https:\/\/candas365.es\/noticias\/el-oriente-de-rembrandt-en-potsdam\/","og:image":"https:\/\/candas365.es\/noticias\/wp-content\/uploads\/2021\/03\/El-Oriente-de-Rembrandt.jpg","og:image:secure_url":"https:\/\/candas365.es\/noticias\/wp-content\/uploads\/2021\/03\/El-Oriente-de-Rembrandt.jpg","og:image:width":986,"og:image:height":664,"article:published_time":"2021-03-11T17:53:53+00:00","article:modified_time":"2021-03-11T17:53:53+00:00","article:publisher":"https:\/\/www.facebook.com\/Nachofdezber","article:author":"https:\/\/www.facebook.com\/carrenoactualidad","twitter:card":"summary_large_image","twitter:site":"@NabercoDigital","twitter:title":"\u00abEl Oriente de Rembrandt\u00bb en Potsdam | Cand\u00e1s 365","twitter:description":"Bajo el t\u00edtulo &quot;El Oriente de Rembrandt&quot; se exhibir\u00e1n desde este s\u00e1bado 13 de marzo unas 110 obras del maestro Rembrandt von Rijn ...","twitter:creator":"@nbasturias","twitter:image":"https:\/\/candas365.es\/noticias\/wp-content\/uploads\/2021\/03\/El-Oriente-de-Rembrandt.jpg","twitter:label1":"Escrito por","twitter:data1":"Cand\u00e1s 365","twitter:label2":"Tiempo de lectura estimado","twitter:data2":"2 minutos"},"aioseo_meta_data":{"post_id":"152066","title":null,"description":"Bajo el t\u00edtulo \"El Oriente de Rembrandt\" se exhibir\u00e1n desde este s\u00e1bado 13 de marzo unas 110 obras del maestro Rembrandt von Rijn ...","keywords":[{"label":"Revista","value":"Revista"},{"label":" Cultura","value":" Cultura"},{"label":" muestras","value":" muestras"}],"keyphrases":{"focus":[],"additional":[]},"primary_term":null,"canonical_url":null,"og_title":null,"og_description":null,"og_object_type":"default","og_image_type":"default","og_image_url":null,"og_image_width":null,"og_image_height":null,"og_image_custom_url":null,"og_image_custom_fields":null,"og_video":"","og_custom_url":null,"og_article_section":null,"og_article_tags":[],"twitter_use_og":false,"twitter_card":"default","twitter_image_type":"default","twitter_image_url":null,"twitter_image_custom_url":null,"twitter_image_custom_fields":null,"twitter_title":null,"twitter_description":null,"schema":{"blockGraphs":[],"customGraphs":[],"default":{"data":{"Article":[],"Course":[],"Dataset":[],"FAQPage":[],"Movie":[],"Person":[],"Product":[],"ProductReview":[],"Car":[],"Recipe":[],"Service":[],"SoftwareApplication":[],"WebPage":[]},"graphName":"","isEnabled":true},"graphs":[],"defaultGraph":"Article","defaultPostTypeGraph":""},"schema_type":"default","schema_type_options":"{\"article\":{\"articleType\":\"BlogPosting\"},\"course\":{\"name\":\"\",\"description\":\"\",\"provider\":\"\"},\"faq\":{\"pages\":[]},\"product\":{\"reviews\":[]},\"recipe\":{\"ingredients\":[],\"instructions\":[],\"keywords\":[]},\"software\":{\"reviews\":[],\"operatingSystems\":[]},\"webPage\":{\"webPageType\":\"WebPage\"}}","pillar_content":false,"robots_default":true,"robots_noindex":false,"robots_noarchive":false,"robots_nosnippet":false,"robots_nofollow":false,"robots_noimageindex":false,"robots_noodp":false,"robots_notranslate":false,"robots_max_snippet":"-1","robots_max_videopreview":"-1","robots_max_imagepreview":"large","priority":null,"frequency":"default","location":null,"local_seo":{"businessInfo":{"name":"","urls":{"website":"","aboutPage":"","contactPage":""},"address":{"line1":"","line2":"","zip":"","city":"","state":"","country":""},"contact":{"email":"","phone":"","fax":""},"ids":{"vatID":"","taxID":"","chamberID":""},"payment":{"priceIndication":"","currenciesAccepted":"","methodsAccepted":""},"areaServed":""},"openingHours":{"show":false,"closedLabel":"","open24h":false,"open24hLabel":"","open247":false,"use24hFormat":false,"twoSets":false,"timezone":"","hours":[]}},"seo_analyzer_scan_date":"2025-08-31 18:02:10","breadcrumb_settings":null,"limit_modified_date":false,"reviewed_by":null,"open_ai":null,"ai":null,"created":"2021-03-11 17:33:04","updated":"2025-08-31 18:02:10"},"aioseo_breadcrumb":"<div class=\"aioseo-breadcrumbs\"><span class=\"aioseo-breadcrumb\">\n\t<a href=\"https:\/\/candas365.es\/noticias\" title=\"Home\">Home<\/a>\n<\/span><span class=\"aioseo-breadcrumb-separator\">&ndash;<\/span><span class=\"aioseo-breadcrumb\">\n\t<a href=\"https:\/\/candas365.es\/noticias\/category\/revista\/\" title=\"Revista\">Revista<\/a>\n<\/span><span class=\"aioseo-breadcrumb-separator\">&ndash;<\/span><span class=\"aioseo-breadcrumb\">\n\t\u00abEl Oriente de Rembrandt\u00bb en Potsdam\n<\/span><\/div>","aioseo_breadcrumb_json":[{"label":"Home","link":"https:\/\/candas365.es\/noticias"},{"label":"Revista","link":"https:\/\/candas365.es\/noticias\/category\/revista\/"},{"label":"\u00abEl Oriente de Rembrandt\u00bb en Potsdam","link":"https:\/\/candas365.es\/noticias\/el-oriente-de-rembrandt-en-potsdam\/"}],"_links":{"self":[{"href":"https:\/\/candas365.es\/noticias\/wp-json\/wp\/v2\/posts\/152066","targetHints":{"allow":["GET"]}}],"collection":[{"href":"https:\/\/candas365.es\/noticias\/wp-json\/wp\/v2\/posts"}],"about":[{"href":"https:\/\/candas365.es\/noticias\/wp-json\/wp\/v2\/types\/post"}],"author":[{"embeddable":true,"href":"https:\/\/candas365.es\/noticias\/wp-json\/wp\/v2\/users\/1"}],"replies":[{"embeddable":true,"href":"https:\/\/candas365.es\/noticias\/wp-json\/wp\/v2\/comments?post=152066"}],"version-history":[{"count":0,"href":"https:\/\/candas365.es\/noticias\/wp-json\/wp\/v2\/posts\/152066\/revisions"}],"wp:featuredmedia":[{"embeddable":true,"href":"https:\/\/candas365.es\/noticias\/wp-json\/wp\/v2\/media\/152067"}],"wp:attachment":[{"href":"https:\/\/candas365.es\/noticias\/wp-json\/wp\/v2\/media?parent=152066"}],"wp:term":[{"taxonomy":"category","embeddable":true,"href":"https:\/\/candas365.es\/noticias\/wp-json\/wp\/v2\/categories?post=152066"},{"taxonomy":"post_tag","embeddable":true,"href":"https:\/\/candas365.es\/noticias\/wp-json\/wp\/v2\/tags?post=152066"}],"curies":[{"name":"wp","href":"https:\/\/api.w.org\/{rel}","templated":true}]}}