{"id":152049,"date":"2021-03-11T11:15:35","date_gmt":"2021-03-11T11:15:35","guid":{"rendered":"http:\/\/candas365.es\/noticias\/?p=152049"},"modified":"2021-03-11T11:15:35","modified_gmt":"2021-03-11T11:15:35","slug":"bonificaciones-en-carreno-para-hacer-frente-a-los-efectos-de-la-crisis","status":"publish","type":"post","link":"https:\/\/candas365.es\/noticias\/bonificaciones-en-carreno-para-hacer-frente-a-los-efectos-de-la-crisis\/","title":{"rendered":"Bonificaciones en Carre\u00f1o para hacer frente a los efectos de la crisis"},"content":{"rendered":"<p><img fetchpriority=\"high\" decoding=\"async\" class=\"alignleft size-medium wp-image-6453\" src=\"https:\/\/candas365.es\/noticias\/wp-content\/uploads\/2015\/01\/ayuntamiento-360x270.jpg\" alt=\"\" width=\"360\" height=\"270\" srcset=\"https:\/\/candas365.es\/noticias\/wp-content\/uploads\/2015\/01\/ayuntamiento-360x270.jpg 360w, https:\/\/candas365.es\/noticias\/wp-content\/uploads\/2015\/01\/ayuntamiento-640x480.jpg 640w, https:\/\/candas365.es\/noticias\/wp-content\/uploads\/2015\/01\/ayuntamiento-768x576.jpg 768w, https:\/\/candas365.es\/noticias\/wp-content\/uploads\/2015\/01\/ayuntamiento-150x113.jpg 150w, https:\/\/candas365.es\/noticias\/wp-content\/uploads\/2015\/01\/ayuntamiento-450x338.jpg 450w, https:\/\/candas365.es\/noticias\/wp-content\/uploads\/2015\/01\/ayuntamiento-80x60.jpg 80w, https:\/\/candas365.es\/noticias\/wp-content\/uploads\/2015\/01\/ayuntamiento-265x198.jpg 265w, https:\/\/candas365.es\/noticias\/wp-content\/uploads\/2015\/01\/ayuntamiento-696x522.jpg 696w, https:\/\/candas365.es\/noticias\/wp-content\/uploads\/2015\/01\/ayuntamiento-560x420.jpg 560w, https:\/\/candas365.es\/noticias\/wp-content\/uploads\/2015\/01\/ayuntamiento-90x67.jpg 90w, https:\/\/candas365.es\/noticias\/wp-content\/uploads\/2015\/01\/ayuntamiento.jpg 800w\" sizes=\"(max-width: 360px) 100vw, 360px\" \/>El pleno municipal del Ayuntamiento de Carre\u00f1o, ha aprobado, en su sesi\u00f3n del 25 de febrero, <strong>la modificaci\u00f3n de las tasas de agua, basura, alcantarillado e instalaci\u00f3n de terrazas en la v\u00eda p\u00fablica para el ejercicio 2021<\/strong>.<\/p>\n<p>\u201cEs un esfuerzo fiscal importante y excepcional para el a\u00f1o 2021, marcado por la crisis del covid19, que no pondr\u00e1 en peligro los servicios municipales\u201d \u2013 comenta Paula Cuervo, Concejala de Hacienda del Ayuntamiento de Carre\u00f1o.<\/p>\n<p>Las terrazas de los locales de hosteler\u00eda ver\u00e1n bonificada su tarifa en un 50% entre el 1 de enero y el 31 de mayo del a\u00f1o en curso y en un 95% desde el 1 de junio hasta el 31 de diciembre de este mismo a\u00f1o.<\/p>\n<p>\u201cLa propuesta fue tratada en Comisi\u00f3n Informativa de Hacienda, y debido a la imposibilidad de establecer una tasa 0 para la instalaci\u00f3n de terrazas, se aprob\u00f3 por unanimidad de todos los grupos establecer las m\u00e1ximas bonificaciones posibles para el ejercicio 2021 entendiendo la situaci\u00f3n excepcional que la hosteler\u00eda del concejo est\u00e1 sufriendo debido al covid19\u201d \u2013 explica Paula Cuervo.<\/p>\n<p><strong>El Ayuntamiento de Carre\u00f1o ha dejado de ingresar un total de 19.000 euros en el \u00faltimo a\u00f1o por la tasa por ocupaci\u00f3n de la v\u00eda p\u00fablica con mesas y sillas<\/strong>, ya que en el a\u00f1o 2020 la tasa ya fue bonificada en un 50%. Este a\u00f1o la previsi\u00f3n es que esos ingresos bajen 10.000\u20ac m\u00e1s.<\/p>\n<p>La segunda rebaja fiscal aprobada por el pleno municipal para tratar de impulsar la actividad econ\u00f3mica sin que se resienta la capacidad redistributiva del Ayuntamiento corresponde a las tasas de agua, basura y alcantarillado. Estas tasas, tambi\u00e9n recibir\u00e1n un recorte importante, bonificando el 50% de la tarifa para el tercer y cuarto trimestre del a\u00f1o 2021.<\/p>\n<p>Para acceder a la bonificaci\u00f3n, los\/as interesados\/as no deber\u00e1n tener deudas en los servicios objeto de esta bonificaci\u00f3n y deber\u00e1n presentar una declaraci\u00f3n responsable, cuyo modelo estar\u00e1 disponible en la p\u00e1gina web del Ayuntamiento de Carre\u00f1o. <strong>El plazo para presentar la declaraci\u00f3n ser\u00e1 de dos meses: del 1 de junio al 31 de julio de 2021<\/strong>.<\/p>\n<p>\u201cLa bonificaci\u00f3n aprobada para el servicio de agua, basura y alcantarillado est\u00e1 destinada al comercio, hosteler\u00eda y hoteler\u00eda del concejo. Tres de los sectores que m\u00e1s est\u00e1n sufriendo la crisis ocasionada por el covid19, con cierres de negocios en muchos casos. Esta propuesta cuenta con el apoyo de todas las fuerzas pol\u00edticas del consistorio\u201d \u2013 coment\u00f3 la edil.<\/p>\n<p>&nbsp;<\/p>\n","protected":false},"excerpt":{"rendered":"<p>El pleno municipal del Ayuntamiento de Carre\u00f1o, ha aprobado, en su sesi\u00f3n del 25 de febrero, la modificaci\u00f3n de las tasas de agua, basura, alcantarillado e instalaci\u00f3n de terrazas en la v\u00eda p\u00fablica para el ejercicio 2021. \u201cEs un esfuerzo fiscal importante y excepcional para el a\u00f1o 2021, marcado por la crisis del covid19, que<\/p>\n","protected":false},"author":1,"featured_media":6453,"comment_status":"closed","ping_status":"closed","sticky":false,"template":"","format":"standard","meta":{"footnotes":""},"categories":[2],"tags":[],"class_list":{"0":"post-152049","1":"post","2":"type-post","3":"status-publish","4":"format-standard","5":"has-post-thumbnail","7":"category-noticias-carreno"},"aioseo_notices":[],"aioseo_head":"\n\t\t<!-- All in One SEO Pro 4.9.6.2 - aioseo.com -->\n\t<meta name=\"description\" content=\"Las terrazas de los locales de hosteler\u00eda de Carre\u00f1o ver\u00e1n bonificada su tarifa en un 50% entre el 1 de enero y el 31 de mayo del a\u00f1o en curso\" \/>\n\t<meta name=\"robots\" content=\"max-image-preview:large\" \/>\n\t<meta name=\"author\" content=\"Cand\u00e1s 365\"\/>\n\t<meta name=\"google-site-verification\" content=\"UA-32230408-1\" \/>\n\t<meta name=\"msvalidate.01\" content=\"354F3CDFB2DA171B47FBE9ABF1F88D5\" \/>\n\t<meta name=\"keywords\" content=\"noticias carre\u00f1o,carre\u00f1o,cand\u00e1s\" \/>\n\t<link rel=\"canonical\" href=\"https:\/\/candas365.es\/noticias\/bonificaciones-en-carreno-para-hacer-frente-a-los-efectos-de-la-crisis\/\" \/>\n\t<meta name=\"generator\" content=\"All in One SEO Pro (AIOSEO) 4.9.6.2\" \/>\n\t\t<meta property=\"og:locale\" content=\"es_ES\" \/>\n\t\t<meta property=\"og:site_name\" content=\"Cand\u00e1s 365\" \/>\n\t\t<meta property=\"og:type\" content=\"article\" \/>\n\t\t<meta property=\"og:title\" content=\"Bonificaciones en Carre\u00f1o para hacer frente a los efectos de la crisis | Cand\u00e1s 365\" \/>\n\t\t<meta property=\"og:description\" content=\"Las terrazas de los locales de hosteler\u00eda de Carre\u00f1o ver\u00e1n bonificada su tarifa en un 50% entre el 1 de enero y el 31 de mayo del a\u00f1o en curso\" \/>\n\t\t<meta property=\"og:url\" content=\"https:\/\/candas365.es\/noticias\/bonificaciones-en-carreno-para-hacer-frente-a-los-efectos-de-la-crisis\/\" \/>\n\t\t<meta property=\"og:image\" content=\"https:\/\/candas365.es\/noticias\/wp-content\/uploads\/2015\/01\/ayuntamiento.jpg\" \/>\n\t\t<meta property=\"og:image:secure_url\" content=\"https:\/\/candas365.es\/noticias\/wp-content\/uploads\/2015\/01\/ayuntamiento.jpg\" \/>\n\t\t<meta property=\"og:image:width\" content=\"800\" \/>\n\t\t<meta property=\"og:image:height\" content=\"600\" \/>\n\t\t<meta property=\"article:published_time\" content=\"2021-03-11T11:15:35+00:00\" \/>\n\t\t<meta property=\"article:modified_time\" content=\"2021-03-11T11:15:35+00:00\" \/>\n\t\t<meta property=\"article:publisher\" content=\"https:\/\/www.facebook.com\/Nachofdezber\" \/>\n\t\t<meta property=\"article:author\" content=\"https:\/\/www.facebook.com\/carrenoactualidad\" \/>\n\t\t<meta name=\"twitter:card\" content=\"summary_large_image\" \/>\n\t\t<meta name=\"twitter:site\" content=\"@NabercoDigital\" \/>\n\t\t<meta name=\"twitter:title\" content=\"Bonificaciones en Carre\u00f1o para hacer frente a los efectos de la crisis | Cand\u00e1s 365\" \/>\n\t\t<meta name=\"twitter:description\" content=\"Las terrazas de los locales de hosteler\u00eda de Carre\u00f1o ver\u00e1n bonificada su tarifa en un 50% entre el 1 de enero y el 31 de mayo del a\u00f1o en curso\" \/>\n\t\t<meta name=\"twitter:creator\" content=\"@nbasturias\" \/>\n\t\t<meta name=\"twitter:image\" content=\"https:\/\/candas365.es\/noticias\/wp-content\/uploads\/2015\/01\/ayuntamiento.jpg\" \/>\n\t\t<meta name=\"twitter:label1\" content=\"Escrito por\" \/>\n\t\t<meta name=\"twitter:data1\" content=\"Cand\u00e1s 365\" \/>\n\t\t<meta name=\"twitter:label2\" content=\"Tiempo de lectura estimado\" \/>\n\t\t<meta name=\"twitter:data2\" content=\"2 minutos\" \/>\n\t\t<script type=\"application\/ld+json\" class=\"aioseo-schema\">\n\t\t\t{\"@context\":\"https:\\\/\\\/schema.org\",\"@graph\":[{\"@type\":\"BreadcrumbList\",\"@id\":\"https:\\\/\\\/candas365.es\\\/noticias\\\/bonificaciones-en-carreno-para-hacer-frente-a-los-efectos-de-la-crisis\\\/#breadcrumblist\",\"itemListElement\":[{\"@type\":\"ListItem\",\"@id\":\"https:\\\/\\\/candas365.es\\\/noticias#listItem\",\"position\":1,\"name\":\"Home\",\"item\":\"https:\\\/\\\/candas365.es\\\/noticias\",\"nextItem\":{\"@type\":\"ListItem\",\"@id\":\"https:\\\/\\\/candas365.es\\\/noticias\\\/category\\\/noticias-carreno\\\/#listItem\",\"name\":\"Noticias Carre\\u00f1o\"}},{\"@type\":\"ListItem\",\"@id\":\"https:\\\/\\\/candas365.es\\\/noticias\\\/category\\\/noticias-carreno\\\/#listItem\",\"position\":2,\"name\":\"Noticias Carre\\u00f1o\",\"item\":\"https:\\\/\\\/candas365.es\\\/noticias\\\/category\\\/noticias-carreno\\\/\",\"nextItem\":{\"@type\":\"ListItem\",\"@id\":\"https:\\\/\\\/candas365.es\\\/noticias\\\/bonificaciones-en-carreno-para-hacer-frente-a-los-efectos-de-la-crisis\\\/#listItem\",\"name\":\"Bonificaciones en Carre\\u00f1o para hacer frente a los efectos de la crisis\"},\"previousItem\":{\"@type\":\"ListItem\",\"@id\":\"https:\\\/\\\/candas365.es\\\/noticias#listItem\",\"name\":\"Home\"}},{\"@type\":\"ListItem\",\"@id\":\"https:\\\/\\\/candas365.es\\\/noticias\\\/bonificaciones-en-carreno-para-hacer-frente-a-los-efectos-de-la-crisis\\\/#listItem\",\"position\":3,\"name\":\"Bonificaciones en Carre\\u00f1o para hacer frente a los efectos de la crisis\",\"previousItem\":{\"@type\":\"ListItem\",\"@id\":\"https:\\\/\\\/candas365.es\\\/noticias\\\/category\\\/noticias-carreno\\\/#listItem\",\"name\":\"Noticias Carre\\u00f1o\"}}]},{\"@type\":\"NewsArticle\",\"@id\":\"https:\\\/\\\/candas365.es\\\/noticias\\\/bonificaciones-en-carreno-para-hacer-frente-a-los-efectos-de-la-crisis\\\/#newsarticle\",\"name\":\"Bonificaciones en Carre\\u00f1o para hacer frente a los efectos de la crisis | Cand\\u00e1s 365\",\"headline\":\"Bonificaciones en Carre\\u00f1o para hacer frente a los efectos de la crisis\",\"author\":{\"@id\":\"https:\\\/\\\/candas365.es\\\/noticias\\\/author\\\/admin\\\/#author\"},\"publisher\":{\"@id\":\"https:\\\/\\\/candas365.es\\\/noticias\\\/#organization\"},\"image\":{\"@type\":\"ImageObject\",\"url\":\"https:\\\/\\\/candas365.es\\\/noticias\\\/wp-content\\\/uploads\\\/2015\\\/01\\\/ayuntamiento.jpg\",\"width\":800,\"height\":600,\"caption\":\"Carre\\u00f1o\"},\"datePublished\":\"2021-03-11T11:15:35+01:00\",\"dateModified\":\"2021-03-11T11:15:35+01:00\",\"inLanguage\":\"es-ES\",\"mainEntityOfPage\":{\"@id\":\"https:\\\/\\\/candas365.es\\\/noticias\\\/bonificaciones-en-carreno-para-hacer-frente-a-los-efectos-de-la-crisis\\\/#webpage\"},\"isPartOf\":{\"@id\":\"https:\\\/\\\/candas365.es\\\/noticias\\\/bonificaciones-en-carreno-para-hacer-frente-a-los-efectos-de-la-crisis\\\/#webpage\"},\"articleSection\":\"Noticias Carre\\u00f1o\",\"dateline\":\"Publicado el marzo 11, 2021.\"},{\"@type\":\"Organization\",\"@id\":\"https:\\\/\\\/candas365.es\\\/noticias\\\/#organization\",\"name\":\"Cand\\u00e1s 365\",\"description\":\"Cand\\u00e1s 365 es un diario digital independiente, fundado en 2012, con base en Asturias. Informamos con rigor sobre actualidad, sociedad, cultura y ocio, con una mirada local y global.\",\"url\":\"https:\\\/\\\/candas365.es\\\/noticias\\\/\",\"email\":\"info@candas365.es\",\"telephone\":\"+34652131393\",\"foundingDate\":\"2012-06-10\",\"logo\":{\"@type\":\"ImageObject\",\"url\":\"https:\\\/\\\/candas365.es\\\/noticias\\\/wp-content\\\/uploads\\\/2024\\\/09\\\/Candas-365-Redes.jpg\",\"@id\":\"https:\\\/\\\/candas365.es\\\/noticias\\\/bonificaciones-en-carreno-para-hacer-frente-a-los-efectos-de-la-crisis\\\/#organizationLogo\",\"width\":1152,\"height\":864,\"caption\":\"Cand\\u00e1s 365 Redes\"},\"image\":{\"@id\":\"https:\\\/\\\/candas365.es\\\/noticias\\\/bonificaciones-en-carreno-para-hacer-frente-a-los-efectos-de-la-crisis\\\/#organizationLogo\"},\"sameAs\":[\"https:\\\/\\\/www.facebook.com\\\/Nachofdezber\",\"https:\\\/\\\/x.com\\\/NabercoDigital\",\"https:\\\/\\\/www.instagram.com\\\/nachofdezber\\\/\",\"https:\\\/\\\/www.youtube.com\\\/channel\\\/UCZP-2wLEB9Rv6erhFmqVnvg\"],\"address\":{\"@id\":\"https:\\\/\\\/candas365.es\\\/noticias\\\/#postaladdress\",\"@type\":\"PostalAddress\",\"streetAddress\":\"san antonio 4, san antonio 4\",\"postalCode\":\"33430\",\"addressLocality\":\"Cand\\u00e1s\",\"addressRegion\":\"Asturias\",\"addressCountry\":\"ES\"}},{\"@type\":\"Person\",\"@id\":\"https:\\\/\\\/candas365.es\\\/noticias\\\/author\\\/admin\\\/#author\",\"url\":\"https:\\\/\\\/candas365.es\\\/noticias\\\/author\\\/admin\\\/\",\"name\":\"Cand\\u00e1s 365\",\"image\":{\"@type\":\"ImageObject\",\"@id\":\"https:\\\/\\\/candas365.es\\\/noticias\\\/bonificaciones-en-carreno-para-hacer-frente-a-los-efectos-de-la-crisis\\\/#authorImage\",\"url\":\"https:\\\/\\\/secure.gravatar.com\\\/avatar\\\/496a8e03d0c493ede1718b7934145dbdf8d89be1036b0eec9544e1094c9de390?s=96&d=mm&r=g\",\"width\":96,\"height\":96,\"caption\":\"Cand\\u00e1s 365\"},\"sameAs\":[\"https:\\\/\\\/www.facebook.com\\\/carrenoactualidad\",\"https:\\\/\\\/twitter.com\\\/nbasturias\",\"https:\\\/\\\/www.instagram.com\\\/nachofdezber\\\/\",\"https:\\\/\\\/www.youtube.com\\\/channel\\\/UCZP-2wLEB9Rv6erhFmqVnvg\"]},{\"@type\":\"WebPage\",\"@id\":\"https:\\\/\\\/candas365.es\\\/noticias\\\/bonificaciones-en-carreno-para-hacer-frente-a-los-efectos-de-la-crisis\\\/#webpage\",\"url\":\"https:\\\/\\\/candas365.es\\\/noticias\\\/bonificaciones-en-carreno-para-hacer-frente-a-los-efectos-de-la-crisis\\\/\",\"name\":\"Bonificaciones en Carre\\u00f1o para hacer frente a los efectos de la crisis | Cand\\u00e1s 365\",\"description\":\"Las terrazas de los locales de hosteler\\u00eda de Carre\\u00f1o ver\\u00e1n bonificada su tarifa en un 50% entre el 1 de enero y el 31 de mayo del a\\u00f1o en curso\",\"inLanguage\":\"es-ES\",\"isPartOf\":{\"@id\":\"https:\\\/\\\/candas365.es\\\/noticias\\\/#website\"},\"breadcrumb\":{\"@id\":\"https:\\\/\\\/candas365.es\\\/noticias\\\/bonificaciones-en-carreno-para-hacer-frente-a-los-efectos-de-la-crisis\\\/#breadcrumblist\"},\"author\":{\"@id\":\"https:\\\/\\\/candas365.es\\\/noticias\\\/author\\\/admin\\\/#author\"},\"creator\":{\"@id\":\"https:\\\/\\\/candas365.es\\\/noticias\\\/author\\\/admin\\\/#author\"},\"image\":{\"@type\":\"ImageObject\",\"url\":\"https:\\\/\\\/candas365.es\\\/noticias\\\/wp-content\\\/uploads\\\/2015\\\/01\\\/ayuntamiento.jpg\",\"@id\":\"https:\\\/\\\/candas365.es\\\/noticias\\\/bonificaciones-en-carreno-para-hacer-frente-a-los-efectos-de-la-crisis\\\/#mainImage\",\"width\":800,\"height\":600,\"caption\":\"Carre\\u00f1o\"},\"primaryImageOfPage\":{\"@id\":\"https:\\\/\\\/candas365.es\\\/noticias\\\/bonificaciones-en-carreno-para-hacer-frente-a-los-efectos-de-la-crisis\\\/#mainImage\"},\"datePublished\":\"2021-03-11T11:15:35+01:00\",\"dateModified\":\"2021-03-11T11:15:35+01:00\"},{\"@type\":\"WebSite\",\"@id\":\"https:\\\/\\\/candas365.es\\\/noticias\\\/#website\",\"url\":\"https:\\\/\\\/candas365.es\\\/noticias\\\/\",\"name\":\"Cand\\u00e1s 365\",\"alternateName\":\"Cand\\u00e1s 365 Noticias\",\"description\":\"Actualidad desde Carre\\u00f1o para el mundo\",\"inLanguage\":\"es-ES\",\"publisher\":{\"@id\":\"https:\\\/\\\/candas365.es\\\/noticias\\\/#organization\"}}]}\n\t\t<\/script>\n\t\t<!-- All in One SEO Pro -->\r\n\t\t<title>Bonificaciones en Carre\u00f1o para hacer frente a los efectos de la crisis | Cand\u00e1s 365<\/title>\n\n","aioseo_head_json":{"title":"Bonificaciones en Carre\u00f1o para hacer frente a los efectos de la crisis | Cand\u00e1s 365","description":"Las terrazas de los locales de hosteler\u00eda de Carre\u00f1o ver\u00e1n bonificada su tarifa en un 50% entre el 1 de enero y el 31 de mayo del a\u00f1o en curso","canonical_url":"https:\/\/candas365.es\/noticias\/bonificaciones-en-carreno-para-hacer-frente-a-los-efectos-de-la-crisis\/","robots":"max-image-preview:large","keywords":"noticias carre\u00f1o,carre\u00f1o,cand\u00e1s","webmasterTools":{"google-site-verification":"UA-32230408-1","msvalidate.01":"354F3CDFB2DA171B47FBE9ABF1F88D5","miscellaneous":""},"schema":{"@context":"https:\/\/schema.org","@graph":[{"@type":"BreadcrumbList","@id":"https:\/\/candas365.es\/noticias\/bonificaciones-en-carreno-para-hacer-frente-a-los-efectos-de-la-crisis\/#breadcrumblist","itemListElement":[{"@type":"ListItem","@id":"https:\/\/candas365.es\/noticias#listItem","position":1,"name":"Home","item":"https:\/\/candas365.es\/noticias","nextItem":{"@type":"ListItem","@id":"https:\/\/candas365.es\/noticias\/category\/noticias-carreno\/#listItem","name":"Noticias Carre\u00f1o"}},{"@type":"ListItem","@id":"https:\/\/candas365.es\/noticias\/category\/noticias-carreno\/#listItem","position":2,"name":"Noticias Carre\u00f1o","item":"https:\/\/candas365.es\/noticias\/category\/noticias-carreno\/","nextItem":{"@type":"ListItem","@id":"https:\/\/candas365.es\/noticias\/bonificaciones-en-carreno-para-hacer-frente-a-los-efectos-de-la-crisis\/#listItem","name":"Bonificaciones en Carre\u00f1o para hacer frente a los efectos de la crisis"},"previousItem":{"@type":"ListItem","@id":"https:\/\/candas365.es\/noticias#listItem","name":"Home"}},{"@type":"ListItem","@id":"https:\/\/candas365.es\/noticias\/bonificaciones-en-carreno-para-hacer-frente-a-los-efectos-de-la-crisis\/#listItem","position":3,"name":"Bonificaciones en Carre\u00f1o para hacer frente a los efectos de la crisis","previousItem":{"@type":"ListItem","@id":"https:\/\/candas365.es\/noticias\/category\/noticias-carreno\/#listItem","name":"Noticias Carre\u00f1o"}}]},{"@type":"NewsArticle","@id":"https:\/\/candas365.es\/noticias\/bonificaciones-en-carreno-para-hacer-frente-a-los-efectos-de-la-crisis\/#newsarticle","name":"Bonificaciones en Carre\u00f1o para hacer frente a los efectos de la crisis | Cand\u00e1s 365","headline":"Bonificaciones en Carre\u00f1o para hacer frente a los efectos de la crisis","author":{"@id":"https:\/\/candas365.es\/noticias\/author\/admin\/#author"},"publisher":{"@id":"https:\/\/candas365.es\/noticias\/#organization"},"image":{"@type":"ImageObject","url":"https:\/\/candas365.es\/noticias\/wp-content\/uploads\/2015\/01\/ayuntamiento.jpg","width":800,"height":600,"caption":"Carre\u00f1o"},"datePublished":"2021-03-11T11:15:35+01:00","dateModified":"2021-03-11T11:15:35+01:00","inLanguage":"es-ES","mainEntityOfPage":{"@id":"https:\/\/candas365.es\/noticias\/bonificaciones-en-carreno-para-hacer-frente-a-los-efectos-de-la-crisis\/#webpage"},"isPartOf":{"@id":"https:\/\/candas365.es\/noticias\/bonificaciones-en-carreno-para-hacer-frente-a-los-efectos-de-la-crisis\/#webpage"},"articleSection":"Noticias Carre\u00f1o","dateline":"Publicado el marzo 11, 2021."},{"@type":"Organization","@id":"https:\/\/candas365.es\/noticias\/#organization","name":"Cand\u00e1s 365","description":"Cand\u00e1s 365 es un diario digital independiente, fundado en 2012, con base en Asturias. Informamos con rigor sobre actualidad, sociedad, cultura y ocio, con una mirada local y global.","url":"https:\/\/candas365.es\/noticias\/","email":"info@candas365.es","telephone":"+34652131393","foundingDate":"2012-06-10","logo":{"@type":"ImageObject","url":"https:\/\/candas365.es\/noticias\/wp-content\/uploads\/2024\/09\/Candas-365-Redes.jpg","@id":"https:\/\/candas365.es\/noticias\/bonificaciones-en-carreno-para-hacer-frente-a-los-efectos-de-la-crisis\/#organizationLogo","width":1152,"height":864,"caption":"Cand\u00e1s 365 Redes"},"image":{"@id":"https:\/\/candas365.es\/noticias\/bonificaciones-en-carreno-para-hacer-frente-a-los-efectos-de-la-crisis\/#organizationLogo"},"sameAs":["https:\/\/www.facebook.com\/Nachofdezber","https:\/\/x.com\/NabercoDigital","https:\/\/www.instagram.com\/nachofdezber\/","https:\/\/www.youtube.com\/channel\/UCZP-2wLEB9Rv6erhFmqVnvg"],"address":{"@id":"https:\/\/candas365.es\/noticias\/#postaladdress","@type":"PostalAddress","streetAddress":"san antonio 4, san antonio 4","postalCode":"33430","addressLocality":"Cand\u00e1s","addressRegion":"Asturias","addressCountry":"ES"}},{"@type":"Person","@id":"https:\/\/candas365.es\/noticias\/author\/admin\/#author","url":"https:\/\/candas365.es\/noticias\/author\/admin\/","name":"Cand\u00e1s 365","image":{"@type":"ImageObject","@id":"https:\/\/candas365.es\/noticias\/bonificaciones-en-carreno-para-hacer-frente-a-los-efectos-de-la-crisis\/#authorImage","url":"https:\/\/secure.gravatar.com\/avatar\/496a8e03d0c493ede1718b7934145dbdf8d89be1036b0eec9544e1094c9de390?s=96&d=mm&r=g","width":96,"height":96,"caption":"Cand\u00e1s 365"},"sameAs":["https:\/\/www.facebook.com\/carrenoactualidad","https:\/\/twitter.com\/nbasturias","https:\/\/www.instagram.com\/nachofdezber\/","https:\/\/www.youtube.com\/channel\/UCZP-2wLEB9Rv6erhFmqVnvg"]},{"@type":"WebPage","@id":"https:\/\/candas365.es\/noticias\/bonificaciones-en-carreno-para-hacer-frente-a-los-efectos-de-la-crisis\/#webpage","url":"https:\/\/candas365.es\/noticias\/bonificaciones-en-carreno-para-hacer-frente-a-los-efectos-de-la-crisis\/","name":"Bonificaciones en Carre\u00f1o para hacer frente a los efectos de la crisis | Cand\u00e1s 365","description":"Las terrazas de los locales de hosteler\u00eda de Carre\u00f1o ver\u00e1n bonificada su tarifa en un 50% entre el 1 de enero y el 31 de mayo del a\u00f1o en curso","inLanguage":"es-ES","isPartOf":{"@id":"https:\/\/candas365.es\/noticias\/#website"},"breadcrumb":{"@id":"https:\/\/candas365.es\/noticias\/bonificaciones-en-carreno-para-hacer-frente-a-los-efectos-de-la-crisis\/#breadcrumblist"},"author":{"@id":"https:\/\/candas365.es\/noticias\/author\/admin\/#author"},"creator":{"@id":"https:\/\/candas365.es\/noticias\/author\/admin\/#author"},"image":{"@type":"ImageObject","url":"https:\/\/candas365.es\/noticias\/wp-content\/uploads\/2015\/01\/ayuntamiento.jpg","@id":"https:\/\/candas365.es\/noticias\/bonificaciones-en-carreno-para-hacer-frente-a-los-efectos-de-la-crisis\/#mainImage","width":800,"height":600,"caption":"Carre\u00f1o"},"primaryImageOfPage":{"@id":"https:\/\/candas365.es\/noticias\/bonificaciones-en-carreno-para-hacer-frente-a-los-efectos-de-la-crisis\/#mainImage"},"datePublished":"2021-03-11T11:15:35+01:00","dateModified":"2021-03-11T11:15:35+01:00"},{"@type":"WebSite","@id":"https:\/\/candas365.es\/noticias\/#website","url":"https:\/\/candas365.es\/noticias\/","name":"Cand\u00e1s 365","alternateName":"Cand\u00e1s 365 Noticias","description":"Actualidad desde Carre\u00f1o para el mundo","inLanguage":"es-ES","publisher":{"@id":"https:\/\/candas365.es\/noticias\/#organization"}}]},"og:locale":"es_ES","og:site_name":"Cand\u00e1s 365","og:type":"article","og:title":"Bonificaciones en Carre\u00f1o para hacer frente a los efectos de la crisis | Cand\u00e1s 365","og:description":"Las terrazas de los locales de hosteler\u00eda de Carre\u00f1o ver\u00e1n bonificada su tarifa en un 50% entre el 1 de enero y el 31 de mayo del a\u00f1o en curso","og:url":"https:\/\/candas365.es\/noticias\/bonificaciones-en-carreno-para-hacer-frente-a-los-efectos-de-la-crisis\/","og:image":"https:\/\/candas365.es\/noticias\/wp-content\/uploads\/2015\/01\/ayuntamiento.jpg","og:image:secure_url":"https:\/\/candas365.es\/noticias\/wp-content\/uploads\/2015\/01\/ayuntamiento.jpg","og:image:width":800,"og:image:height":600,"article:published_time":"2021-03-11T11:15:35+00:00","article:modified_time":"2021-03-11T11:15:35+00:00","article:publisher":"https:\/\/www.facebook.com\/Nachofdezber","article:author":"https:\/\/www.facebook.com\/carrenoactualidad","twitter:card":"summary_large_image","twitter:site":"@NabercoDigital","twitter:title":"Bonificaciones en Carre\u00f1o para hacer frente a los efectos de la crisis | Cand\u00e1s 365","twitter:description":"Las terrazas de los locales de hosteler\u00eda de Carre\u00f1o ver\u00e1n bonificada su tarifa en un 50% entre el 1 de enero y el 31 de mayo del a\u00f1o en curso","twitter:creator":"@nbasturias","twitter:image":"https:\/\/candas365.es\/noticias\/wp-content\/uploads\/2015\/01\/ayuntamiento.jpg","twitter:label1":"Escrito por","twitter:data1":"Cand\u00e1s 365","twitter:label2":"Tiempo de lectura estimado","twitter:data2":"2 minutos"},"aioseo_meta_data":{"post_id":"152049","title":null,"description":"Las terrazas de los locales de hosteler\u00eda de Carre\u00f1o ver\u00e1n bonificada su tarifa en un 50% entre el 1 de enero y el 31 de mayo del a\u00f1o en curso","keywords":[{"label":"Noticias Carre\u00f1o","value":"Noticias Carre\u00f1o"},{"label":" Carre\u00f1o","value":" Carre\u00f1o"},{"label":" Cand\u00e1s","value":" Cand\u00e1s"}],"keyphrases":{"focus":[],"additional":[]},"primary_term":null,"canonical_url":null,"og_title":null,"og_description":null,"og_object_type":"default","og_image_type":"default","og_image_url":null,"og_image_width":null,"og_image_height":null,"og_image_custom_url":null,"og_image_custom_fields":null,"og_video":"","og_custom_url":null,"og_article_section":null,"og_article_tags":[],"twitter_use_og":false,"twitter_card":"default","twitter_image_type":"default","twitter_image_url":null,"twitter_image_custom_url":null,"twitter_image_custom_fields":null,"twitter_title":null,"twitter_description":null,"schema":{"blockGraphs":[],"customGraphs":[],"default":{"data":{"Article":[],"Course":[],"Dataset":[],"FAQPage":[],"Movie":[],"Person":[],"Product":[],"ProductReview":[],"Car":[],"Recipe":[],"Service":[],"SoftwareApplication":[],"WebPage":[]},"graphName":"","isEnabled":true},"graphs":[]},"schema_type":"default","schema_type_options":"{\"article\":{\"articleType\":\"BlogPosting\"},\"course\":{\"name\":\"\",\"description\":\"\",\"provider\":\"\"},\"faq\":{\"pages\":[]},\"product\":{\"reviews\":[]},\"recipe\":{\"ingredients\":[],\"instructions\":[],\"keywords\":[]},\"software\":{\"reviews\":[],\"operatingSystems\":[]},\"webPage\":{\"webPageType\":\"WebPage\"}}","pillar_content":false,"robots_default":true,"robots_noindex":false,"robots_noarchive":false,"robots_nosnippet":false,"robots_nofollow":false,"robots_noimageindex":false,"robots_noodp":false,"robots_notranslate":false,"robots_max_snippet":"-1","robots_max_videopreview":"-1","robots_max_imagepreview":"large","priority":null,"frequency":"default","location":null,"local_seo":{"businessInfo":{"name":"","urls":{"website":"","aboutPage":"","contactPage":""},"address":{"line1":"","line2":"","zip":"","city":"","state":"","country":""},"contact":{"email":"","phone":"","fax":""},"ids":{"vatID":"","taxID":"","chamberID":""},"payment":{"priceIndication":"","currenciesAccepted":"","methodsAccepted":""},"areaServed":""},"openingHours":{"show":false,"closedLabel":"","open24h":false,"open24hLabel":"","open247":false,"use24hFormat":false,"twoSets":false,"timezone":"","hours":[]}},"seo_analyzer_scan_date":"2025-08-31 18:01:10","breadcrumb_settings":null,"limit_modified_date":false,"reviewed_by":null,"open_ai":null,"ai":null,"created":"2021-03-11 11:12:58","updated":"2025-08-31 18:01:10"},"aioseo_breadcrumb":"<div class=\"aioseo-breadcrumbs\"><span class=\"aioseo-breadcrumb\">\n\t<a href=\"https:\/\/candas365.es\/noticias\" title=\"Home\">Home<\/a>\n<\/span><span class=\"aioseo-breadcrumb-separator\">&ndash;<\/span><span class=\"aioseo-breadcrumb\">\n\t<a href=\"https:\/\/candas365.es\/noticias\/category\/noticias-carreno\/\" title=\"Noticias Carre\u00f1o\">Noticias Carre\u00f1o<\/a>\n<\/span><span class=\"aioseo-breadcrumb-separator\">&ndash;<\/span><span class=\"aioseo-breadcrumb\">\n\tBonificaciones en Carre\u00f1o para hacer frente a los efectos de la crisis\n<\/span><\/div>","aioseo_breadcrumb_json":[{"label":"Home","link":"https:\/\/candas365.es\/noticias"},{"label":"Noticias Carre\u00f1o","link":"https:\/\/candas365.es\/noticias\/category\/noticias-carreno\/"},{"label":"Bonificaciones en Carre\u00f1o para hacer frente a los efectos de la crisis","link":"https:\/\/candas365.es\/noticias\/bonificaciones-en-carreno-para-hacer-frente-a-los-efectos-de-la-crisis\/"}],"_links":{"self":[{"href":"https:\/\/candas365.es\/noticias\/wp-json\/wp\/v2\/posts\/152049","targetHints":{"allow":["GET"]}}],"collection":[{"href":"https:\/\/candas365.es\/noticias\/wp-json\/wp\/v2\/posts"}],"about":[{"href":"https:\/\/candas365.es\/noticias\/wp-json\/wp\/v2\/types\/post"}],"author":[{"embeddable":true,"href":"https:\/\/candas365.es\/noticias\/wp-json\/wp\/v2\/users\/1"}],"replies":[{"embeddable":true,"href":"https:\/\/candas365.es\/noticias\/wp-json\/wp\/v2\/comments?post=152049"}],"version-history":[{"count":0,"href":"https:\/\/candas365.es\/noticias\/wp-json\/wp\/v2\/posts\/152049\/revisions"}],"wp:featuredmedia":[{"embeddable":true,"href":"https:\/\/candas365.es\/noticias\/wp-json\/wp\/v2\/media\/6453"}],"wp:attachment":[{"href":"https:\/\/candas365.es\/noticias\/wp-json\/wp\/v2\/media?parent=152049"}],"wp:term":[{"taxonomy":"category","embeddable":true,"href":"https:\/\/candas365.es\/noticias\/wp-json\/wp\/v2\/categories?post=152049"},{"taxonomy":"post_tag","embeddable":true,"href":"https:\/\/candas365.es\/noticias\/wp-json\/wp\/v2\/tags?post=152049"}],"curies":[{"name":"wp","href":"https:\/\/api.w.org\/{rel}","templated":true}]}}