{"id":152046,"date":"2021-03-11T11:11:03","date_gmt":"2021-03-11T11:11:03","guid":{"rendered":"http:\/\/candas365.es\/noticias\/?p=152046"},"modified":"2021-03-11T11:11:03","modified_gmt":"2021-03-11T11:11:03","slug":"rocodromo-infantil-en-el-colegio-san-felix-de-candas","status":"publish","type":"post","link":"https:\/\/candas365.es\/noticias\/rocodromo-infantil-en-el-colegio-san-felix-de-candas\/","title":{"rendered":"Roc\u00f3dromo infantil en el Colegio San F\u00e9lix de Cand\u00e1s"},"content":{"rendered":"<figure id=\"attachment_152047\" aria-describedby=\"caption-attachment-152047\" style=\"width: 360px\" class=\"wp-caption alignleft\"><img fetchpriority=\"high\" decoding=\"async\" class=\"size-medium wp-image-152047\" src=\"https:\/\/candas365.es\/noticias\/wp-content\/uploads\/2021\/03\/Rocodromo-360x273.jpg\" alt=\"\" width=\"360\" height=\"273\" srcset=\"https:\/\/candas365.es\/noticias\/wp-content\/uploads\/2021\/03\/Rocodromo-360x273.jpg 360w, https:\/\/candas365.es\/noticias\/wp-content\/uploads\/2021\/03\/Rocodromo-633x480.jpg 633w, https:\/\/candas365.es\/noticias\/wp-content\/uploads\/2021\/03\/Rocodromo.jpg 650w\" sizes=\"(max-width: 360px) 100vw, 360px\" \/><figcaption id=\"caption-attachment-152047\" class=\"wp-caption-text\">Foto: Ayuntamiento de Carre\u00f1o<\/figcaption><\/figure>\n<p>El Colegio San F\u00e9lix de Cand\u00e1s dispone del <strong>primer roc\u00f3dromo infantil del concejo y un aparca bicicletas<\/strong>.<\/p>\n<p>La instalaci\u00f3n de este roc\u00f3dromo es fruto de la colaboraci\u00f3n entre el <a href=\"https:\/\/www.ayto-carreno.es\/\" target=\"_blank\" rel=\"noopener\"><strong><span style=\"color: #ff6600;\">Ayuntamiento de Carre\u00f1o<\/span><\/strong><\/a> y el Colegio San F\u00e9lix. Se trata de una obra en el que cada una de las entidades ha puesto su granito de arena. Mientras el alumnado del centro fue el encargado de acondicionar las paredes del gimnasio, pintando, en la gama de color de los grises, un mural con el que recrear el espacio natural de las monta\u00f1as.<\/p>\n<p>En ese espacio, m\u00e1s tarde el Servicio de Obras Municipal coloc\u00f3 las presas que simulan los agarres que se pueden encontrar en una pared de monta\u00f1a. Estas presas, homologadas, fueron adquiridas por la Direcci\u00f3n del Centro a trav\u00e9s del Contrato-Programa para Centros Promotores de la Equidad\u201d y se situaron a poca altura para evitar ca\u00eddas, siendo el recorrido un desplazamiento horizontal a poca distancia del suelo.<\/p>\n<p>Desde hace varios cursos escolares el Colegio San F\u00e9lix de Cand\u00e1s es uno de los centros escolares que participan en el programa <strong>\u201cContrato-Programa para Centros Promotores de la Equidad\u201d<\/strong> de la Consejer\u00eda de Educaci\u00f3n del Principado de Asturias y co-financiado por el Ministerio de Educaci\u00f3n y Formaci\u00f3n Profesional y por el Fondo Social Europeo, en el marco del Programa Operativo de Empleo, Formaci\u00f3n y Educaci\u00f3n 2014-2020.<\/p>\n<p>Este \u201cContrato-Programa\u201d tiene como finalidad procurar la reducci\u00f3n y prevenci\u00f3n del fracaso escolar y del abandono escolar temprano. Con el objetivo primordial de que todo el alumnado concluya su proceso formativo con \u00e9xito, no s\u00f3lo acad\u00e9mico, sino tambi\u00e9n personal. De manera que desarrolle sus capacidades potenciales y se encuentre con la suficiente preparaci\u00f3n para abordar estudios posteriores. Todo ello en un marco que permite, a los centros, asumir progresivamente y, de forma responsable, su autonom\u00eda pedag\u00f3gica para avanzar hacia un sistema educativo que se ajuste a las necesidades y caracter\u00edsticas de la sociedad actual, incidiendo en la promoci\u00f3n de la igualdad, la inclusi\u00f3n, la equidad, y la calidad educativa para todo el alumnado.<\/p>\n<p>Para ello el centro educativo se compromete a abordar un proceso de autodiagn\u00f3stico de la situaci\u00f3n real y, en base a este a la elaboraci\u00f3n y puesta en marcha de un plan de mejora e innovaci\u00f3n para el centro. Mientras que el compromiso de la Consejer\u00eda se suscribe por un lado a proporcionar asesoramiento y formaci\u00f3n y, por otro, a dotar a los centros de los recursos econ\u00f3micos necesarios<\/p>\n<p>Dentro de este plan de mejora, en la consulta que el centro realiz\u00f3, en el presente curso escolar, al alumnado para conocer sus inquietudes, este propuso, en primer lugar, la creaci\u00f3n de un roc\u00f3dromo en el gimnasio del centro educativo.<\/p>\n<p>Adem\u00e1s, como complemento al roc\u00f3dromo y con la idea de promover h\u00e1bitos saludables, reducir el problema de accesos en horas punta y facilitar los desplazamientos en bicicleta por parte de familia y alumnado, el centro adquiri\u00f3 un soporte para bicicletas. Este soporte, en d\u00edas pasados, fue instalado por el Servicio de Obras Municipal en la zona de soportal de la puerta principal.<\/p>\n<p>&nbsp;<\/p>\n","protected":false},"excerpt":{"rendered":"<p>El Colegio San F\u00e9lix de Cand\u00e1s dispone del primer roc\u00f3dromo infantil del concejo y un aparca bicicletas. La instalaci\u00f3n de este roc\u00f3dromo es fruto de la colaboraci\u00f3n entre el Ayuntamiento de Carre\u00f1o y el Colegio San F\u00e9lix. Se trata de una obra en el que cada una de las entidades ha puesto su granito de<\/p>\n","protected":false},"author":1,"featured_media":152047,"comment_status":"closed","ping_status":"closed","sticky":false,"template":"","format":"standard","meta":{"footnotes":""},"categories":[2],"tags":[],"class_list":{"0":"post-152046","1":"post","2":"type-post","3":"status-publish","4":"format-standard","5":"has-post-thumbnail","7":"category-noticias-carreno"},"aioseo_notices":[],"aioseo_head":"\n\t\t<!-- All in One SEO Pro 4.9.6.2 - aioseo.com -->\n\t<meta name=\"description\" content=\"El Colegio San F\u00e9lix de Cand\u00e1s dispone del primer roc\u00f3dromo infantil del concejo y un aparca bicicletas\" \/>\n\t<meta name=\"robots\" content=\"max-image-preview:large\" \/>\n\t<meta name=\"author\" content=\"Cand\u00e1s 365\"\/>\n\t<meta name=\"google-site-verification\" content=\"UA-32230408-1\" \/>\n\t<meta name=\"msvalidate.01\" content=\"354F3CDFB2DA171B47FBE9ABF1F88D5\" \/>\n\t<meta name=\"keywords\" content=\"noticias carre\u00f1o,noticias cand\u00e1s,obras\" \/>\n\t<link rel=\"canonical\" href=\"https:\/\/candas365.es\/noticias\/rocodromo-infantil-en-el-colegio-san-felix-de-candas\/\" \/>\n\t<meta name=\"generator\" content=\"All in One SEO Pro (AIOSEO) 4.9.6.2\" \/>\n\t\t<meta property=\"og:locale\" content=\"es_ES\" \/>\n\t\t<meta property=\"og:site_name\" content=\"Cand\u00e1s 365\" \/>\n\t\t<meta property=\"og:type\" content=\"article\" \/>\n\t\t<meta property=\"og:title\" content=\"Roc\u00f3dromo infantil en el Colegio San F\u00e9lix de Cand\u00e1s | Cand\u00e1s 365\" \/>\n\t\t<meta property=\"og:description\" content=\"El Colegio San F\u00e9lix de Cand\u00e1s dispone del primer roc\u00f3dromo infantil del concejo y un aparca bicicletas\" \/>\n\t\t<meta property=\"og:url\" content=\"https:\/\/candas365.es\/noticias\/rocodromo-infantil-en-el-colegio-san-felix-de-candas\/\" \/>\n\t\t<meta property=\"og:image\" content=\"https:\/\/candas365.es\/noticias\/wp-content\/uploads\/2021\/03\/Rocodromo.jpg\" \/>\n\t\t<meta property=\"og:image:secure_url\" content=\"https:\/\/candas365.es\/noticias\/wp-content\/uploads\/2021\/03\/Rocodromo.jpg\" \/>\n\t\t<meta property=\"og:image:width\" content=\"650\" \/>\n\t\t<meta property=\"og:image:height\" content=\"493\" \/>\n\t\t<meta property=\"article:published_time\" content=\"2021-03-11T11:11:03+00:00\" \/>\n\t\t<meta property=\"article:modified_time\" content=\"2021-03-11T11:11:03+00:00\" \/>\n\t\t<meta property=\"article:publisher\" content=\"https:\/\/www.facebook.com\/Nachofdezber\" \/>\n\t\t<meta property=\"article:author\" content=\"https:\/\/www.facebook.com\/carrenoactualidad\" \/>\n\t\t<meta name=\"twitter:card\" content=\"summary_large_image\" \/>\n\t\t<meta name=\"twitter:site\" content=\"@NabercoDigital\" \/>\n\t\t<meta name=\"twitter:title\" content=\"Roc\u00f3dromo infantil en el Colegio San F\u00e9lix de Cand\u00e1s | Cand\u00e1s 365\" \/>\n\t\t<meta name=\"twitter:description\" content=\"El Colegio San F\u00e9lix de Cand\u00e1s dispone del primer roc\u00f3dromo infantil del concejo y un aparca bicicletas\" \/>\n\t\t<meta name=\"twitter:creator\" content=\"@nbasturias\" \/>\n\t\t<meta name=\"twitter:image\" content=\"https:\/\/candas365.es\/noticias\/wp-content\/uploads\/2021\/03\/Rocodromo.jpg\" \/>\n\t\t<meta name=\"twitter:label1\" content=\"Escrito por\" \/>\n\t\t<meta name=\"twitter:data1\" content=\"Cand\u00e1s 365\" \/>\n\t\t<meta name=\"twitter:label2\" content=\"Tiempo de lectura estimado\" \/>\n\t\t<meta name=\"twitter:data2\" content=\"3 minutos\" \/>\n\t\t<script type=\"application\/ld+json\" class=\"aioseo-schema\">\n\t\t\t{\"@context\":\"https:\\\/\\\/schema.org\",\"@graph\":[{\"@type\":\"BreadcrumbList\",\"@id\":\"https:\\\/\\\/candas365.es\\\/noticias\\\/rocodromo-infantil-en-el-colegio-san-felix-de-candas\\\/#breadcrumblist\",\"itemListElement\":[{\"@type\":\"ListItem\",\"@id\":\"https:\\\/\\\/candas365.es\\\/noticias#listItem\",\"position\":1,\"name\":\"Home\",\"item\":\"https:\\\/\\\/candas365.es\\\/noticias\",\"nextItem\":{\"@type\":\"ListItem\",\"@id\":\"https:\\\/\\\/candas365.es\\\/noticias\\\/category\\\/noticias-carreno\\\/#listItem\",\"name\":\"Noticias Carre\\u00f1o\"}},{\"@type\":\"ListItem\",\"@id\":\"https:\\\/\\\/candas365.es\\\/noticias\\\/category\\\/noticias-carreno\\\/#listItem\",\"position\":2,\"name\":\"Noticias Carre\\u00f1o\",\"item\":\"https:\\\/\\\/candas365.es\\\/noticias\\\/category\\\/noticias-carreno\\\/\",\"nextItem\":{\"@type\":\"ListItem\",\"@id\":\"https:\\\/\\\/candas365.es\\\/noticias\\\/rocodromo-infantil-en-el-colegio-san-felix-de-candas\\\/#listItem\",\"name\":\"Roc\\u00f3dromo infantil en el Colegio San F\\u00e9lix de Cand\\u00e1s\"},\"previousItem\":{\"@type\":\"ListItem\",\"@id\":\"https:\\\/\\\/candas365.es\\\/noticias#listItem\",\"name\":\"Home\"}},{\"@type\":\"ListItem\",\"@id\":\"https:\\\/\\\/candas365.es\\\/noticias\\\/rocodromo-infantil-en-el-colegio-san-felix-de-candas\\\/#listItem\",\"position\":3,\"name\":\"Roc\\u00f3dromo infantil en el Colegio San F\\u00e9lix de Cand\\u00e1s\",\"previousItem\":{\"@type\":\"ListItem\",\"@id\":\"https:\\\/\\\/candas365.es\\\/noticias\\\/category\\\/noticias-carreno\\\/#listItem\",\"name\":\"Noticias Carre\\u00f1o\"}}]},{\"@type\":\"NewsArticle\",\"@id\":\"https:\\\/\\\/candas365.es\\\/noticias\\\/rocodromo-infantil-en-el-colegio-san-felix-de-candas\\\/#newsarticle\",\"name\":\"Roc\\u00f3dromo infantil en el Colegio San F\\u00e9lix de Cand\\u00e1s | Cand\\u00e1s 365\",\"headline\":\"Roc\\u00f3dromo infantil en el Colegio San F\\u00e9lix de Cand\\u00e1s\",\"author\":{\"@id\":\"https:\\\/\\\/candas365.es\\\/noticias\\\/author\\\/admin\\\/#author\"},\"publisher\":{\"@id\":\"https:\\\/\\\/candas365.es\\\/noticias\\\/#organization\"},\"image\":{\"@type\":\"ImageObject\",\"url\":\"https:\\\/\\\/candas365.es\\\/noticias\\\/wp-content\\\/uploads\\\/2021\\\/03\\\/Rocodromo.jpg\",\"width\":650,\"height\":493,\"caption\":\"Foto: Ayuntamiento de Carre\\u00f1o\"},\"datePublished\":\"2021-03-11T11:11:03+01:00\",\"dateModified\":\"2021-03-11T11:11:03+01:00\",\"inLanguage\":\"es-ES\",\"mainEntityOfPage\":{\"@id\":\"https:\\\/\\\/candas365.es\\\/noticias\\\/rocodromo-infantil-en-el-colegio-san-felix-de-candas\\\/#webpage\"},\"isPartOf\":{\"@id\":\"https:\\\/\\\/candas365.es\\\/noticias\\\/rocodromo-infantil-en-el-colegio-san-felix-de-candas\\\/#webpage\"},\"articleSection\":\"Noticias Carre\\u00f1o\",\"dateline\":\"Publicado el marzo 11, 2021.\"},{\"@type\":\"Organization\",\"@id\":\"https:\\\/\\\/candas365.es\\\/noticias\\\/#organization\",\"name\":\"Cand\\u00e1s 365\",\"description\":\"Cand\\u00e1s 365 es un diario digital independiente, fundado en 2012, con base en Asturias. Informamos con rigor sobre actualidad, sociedad, cultura y ocio, con una mirada local y global.\",\"url\":\"https:\\\/\\\/candas365.es\\\/noticias\\\/\",\"email\":\"info@candas365.es\",\"telephone\":\"+34652131393\",\"foundingDate\":\"2012-06-10\",\"logo\":{\"@type\":\"ImageObject\",\"url\":\"https:\\\/\\\/candas365.es\\\/noticias\\\/wp-content\\\/uploads\\\/2024\\\/09\\\/Candas-365-Redes.jpg\",\"@id\":\"https:\\\/\\\/candas365.es\\\/noticias\\\/rocodromo-infantil-en-el-colegio-san-felix-de-candas\\\/#organizationLogo\",\"width\":1152,\"height\":864,\"caption\":\"Cand\\u00e1s 365 Redes\"},\"image\":{\"@id\":\"https:\\\/\\\/candas365.es\\\/noticias\\\/rocodromo-infantil-en-el-colegio-san-felix-de-candas\\\/#organizationLogo\"},\"sameAs\":[\"https:\\\/\\\/www.facebook.com\\\/Nachofdezber\",\"https:\\\/\\\/x.com\\\/NabercoDigital\",\"https:\\\/\\\/www.instagram.com\\\/nachofdezber\\\/\",\"https:\\\/\\\/www.youtube.com\\\/channel\\\/UCZP-2wLEB9Rv6erhFmqVnvg\"],\"address\":{\"@id\":\"https:\\\/\\\/candas365.es\\\/noticias\\\/#postaladdress\",\"@type\":\"PostalAddress\",\"streetAddress\":\"san antonio 4, san antonio 4\",\"postalCode\":\"33430\",\"addressLocality\":\"Cand\\u00e1s\",\"addressRegion\":\"Asturias\",\"addressCountry\":\"ES\"}},{\"@type\":\"Person\",\"@id\":\"https:\\\/\\\/candas365.es\\\/noticias\\\/author\\\/admin\\\/#author\",\"url\":\"https:\\\/\\\/candas365.es\\\/noticias\\\/author\\\/admin\\\/\",\"name\":\"Cand\\u00e1s 365\",\"image\":{\"@type\":\"ImageObject\",\"@id\":\"https:\\\/\\\/candas365.es\\\/noticias\\\/rocodromo-infantil-en-el-colegio-san-felix-de-candas\\\/#authorImage\",\"url\":\"https:\\\/\\\/secure.gravatar.com\\\/avatar\\\/496a8e03d0c493ede1718b7934145dbdf8d89be1036b0eec9544e1094c9de390?s=96&d=mm&r=g\",\"width\":96,\"height\":96,\"caption\":\"Cand\\u00e1s 365\"},\"sameAs\":[\"https:\\\/\\\/www.facebook.com\\\/carrenoactualidad\",\"https:\\\/\\\/twitter.com\\\/nbasturias\",\"https:\\\/\\\/www.instagram.com\\\/nachofdezber\\\/\",\"https:\\\/\\\/www.youtube.com\\\/channel\\\/UCZP-2wLEB9Rv6erhFmqVnvg\"]},{\"@type\":\"WebPage\",\"@id\":\"https:\\\/\\\/candas365.es\\\/noticias\\\/rocodromo-infantil-en-el-colegio-san-felix-de-candas\\\/#webpage\",\"url\":\"https:\\\/\\\/candas365.es\\\/noticias\\\/rocodromo-infantil-en-el-colegio-san-felix-de-candas\\\/\",\"name\":\"Roc\\u00f3dromo infantil en el Colegio San F\\u00e9lix de Cand\\u00e1s | Cand\\u00e1s 365\",\"description\":\"El Colegio San F\\u00e9lix de Cand\\u00e1s dispone del primer roc\\u00f3dromo infantil del concejo y un aparca bicicletas\",\"inLanguage\":\"es-ES\",\"isPartOf\":{\"@id\":\"https:\\\/\\\/candas365.es\\\/noticias\\\/#website\"},\"breadcrumb\":{\"@id\":\"https:\\\/\\\/candas365.es\\\/noticias\\\/rocodromo-infantil-en-el-colegio-san-felix-de-candas\\\/#breadcrumblist\"},\"author\":{\"@id\":\"https:\\\/\\\/candas365.es\\\/noticias\\\/author\\\/admin\\\/#author\"},\"creator\":{\"@id\":\"https:\\\/\\\/candas365.es\\\/noticias\\\/author\\\/admin\\\/#author\"},\"image\":{\"@type\":\"ImageObject\",\"url\":\"https:\\\/\\\/candas365.es\\\/noticias\\\/wp-content\\\/uploads\\\/2021\\\/03\\\/Rocodromo.jpg\",\"@id\":\"https:\\\/\\\/candas365.es\\\/noticias\\\/rocodromo-infantil-en-el-colegio-san-felix-de-candas\\\/#mainImage\",\"width\":650,\"height\":493,\"caption\":\"Foto: Ayuntamiento de Carre\\u00f1o\"},\"primaryImageOfPage\":{\"@id\":\"https:\\\/\\\/candas365.es\\\/noticias\\\/rocodromo-infantil-en-el-colegio-san-felix-de-candas\\\/#mainImage\"},\"datePublished\":\"2021-03-11T11:11:03+01:00\",\"dateModified\":\"2021-03-11T11:11:03+01:00\"},{\"@type\":\"WebSite\",\"@id\":\"https:\\\/\\\/candas365.es\\\/noticias\\\/#website\",\"url\":\"https:\\\/\\\/candas365.es\\\/noticias\\\/\",\"name\":\"Cand\\u00e1s 365\",\"alternateName\":\"Cand\\u00e1s 365 Noticias\",\"description\":\"Actualidad desde Carre\\u00f1o para el mundo\",\"inLanguage\":\"es-ES\",\"publisher\":{\"@id\":\"https:\\\/\\\/candas365.es\\\/noticias\\\/#organization\"}}]}\n\t\t<\/script>\n\t\t<!-- All in One SEO Pro -->\r\n\t\t<title>Roc\u00f3dromo infantil en el Colegio San F\u00e9lix de Cand\u00e1s | Cand\u00e1s 365<\/title>\n\n","aioseo_head_json":{"title":"Roc\u00f3dromo infantil en el Colegio San F\u00e9lix de Cand\u00e1s | Cand\u00e1s 365","description":"El Colegio San F\u00e9lix de Cand\u00e1s dispone del primer roc\u00f3dromo infantil del concejo y un aparca bicicletas","canonical_url":"https:\/\/candas365.es\/noticias\/rocodromo-infantil-en-el-colegio-san-felix-de-candas\/","robots":"max-image-preview:large","keywords":"noticias carre\u00f1o,noticias cand\u00e1s,obras","webmasterTools":{"google-site-verification":"UA-32230408-1","msvalidate.01":"354F3CDFB2DA171B47FBE9ABF1F88D5","miscellaneous":""},"schema":{"@context":"https:\/\/schema.org","@graph":[{"@type":"BreadcrumbList","@id":"https:\/\/candas365.es\/noticias\/rocodromo-infantil-en-el-colegio-san-felix-de-candas\/#breadcrumblist","itemListElement":[{"@type":"ListItem","@id":"https:\/\/candas365.es\/noticias#listItem","position":1,"name":"Home","item":"https:\/\/candas365.es\/noticias","nextItem":{"@type":"ListItem","@id":"https:\/\/candas365.es\/noticias\/category\/noticias-carreno\/#listItem","name":"Noticias Carre\u00f1o"}},{"@type":"ListItem","@id":"https:\/\/candas365.es\/noticias\/category\/noticias-carreno\/#listItem","position":2,"name":"Noticias Carre\u00f1o","item":"https:\/\/candas365.es\/noticias\/category\/noticias-carreno\/","nextItem":{"@type":"ListItem","@id":"https:\/\/candas365.es\/noticias\/rocodromo-infantil-en-el-colegio-san-felix-de-candas\/#listItem","name":"Roc\u00f3dromo infantil en el Colegio San F\u00e9lix de Cand\u00e1s"},"previousItem":{"@type":"ListItem","@id":"https:\/\/candas365.es\/noticias#listItem","name":"Home"}},{"@type":"ListItem","@id":"https:\/\/candas365.es\/noticias\/rocodromo-infantil-en-el-colegio-san-felix-de-candas\/#listItem","position":3,"name":"Roc\u00f3dromo infantil en el Colegio San F\u00e9lix de Cand\u00e1s","previousItem":{"@type":"ListItem","@id":"https:\/\/candas365.es\/noticias\/category\/noticias-carreno\/#listItem","name":"Noticias Carre\u00f1o"}}]},{"@type":"NewsArticle","@id":"https:\/\/candas365.es\/noticias\/rocodromo-infantil-en-el-colegio-san-felix-de-candas\/#newsarticle","name":"Roc\u00f3dromo infantil en el Colegio San F\u00e9lix de Cand\u00e1s | Cand\u00e1s 365","headline":"Roc\u00f3dromo infantil en el Colegio San F\u00e9lix de Cand\u00e1s","author":{"@id":"https:\/\/candas365.es\/noticias\/author\/admin\/#author"},"publisher":{"@id":"https:\/\/candas365.es\/noticias\/#organization"},"image":{"@type":"ImageObject","url":"https:\/\/candas365.es\/noticias\/wp-content\/uploads\/2021\/03\/Rocodromo.jpg","width":650,"height":493,"caption":"Foto: Ayuntamiento de Carre\u00f1o"},"datePublished":"2021-03-11T11:11:03+01:00","dateModified":"2021-03-11T11:11:03+01:00","inLanguage":"es-ES","mainEntityOfPage":{"@id":"https:\/\/candas365.es\/noticias\/rocodromo-infantil-en-el-colegio-san-felix-de-candas\/#webpage"},"isPartOf":{"@id":"https:\/\/candas365.es\/noticias\/rocodromo-infantil-en-el-colegio-san-felix-de-candas\/#webpage"},"articleSection":"Noticias Carre\u00f1o","dateline":"Publicado el marzo 11, 2021."},{"@type":"Organization","@id":"https:\/\/candas365.es\/noticias\/#organization","name":"Cand\u00e1s 365","description":"Cand\u00e1s 365 es un diario digital independiente, fundado en 2012, con base en Asturias. Informamos con rigor sobre actualidad, sociedad, cultura y ocio, con una mirada local y global.","url":"https:\/\/candas365.es\/noticias\/","email":"info@candas365.es","telephone":"+34652131393","foundingDate":"2012-06-10","logo":{"@type":"ImageObject","url":"https:\/\/candas365.es\/noticias\/wp-content\/uploads\/2024\/09\/Candas-365-Redes.jpg","@id":"https:\/\/candas365.es\/noticias\/rocodromo-infantil-en-el-colegio-san-felix-de-candas\/#organizationLogo","width":1152,"height":864,"caption":"Cand\u00e1s 365 Redes"},"image":{"@id":"https:\/\/candas365.es\/noticias\/rocodromo-infantil-en-el-colegio-san-felix-de-candas\/#organizationLogo"},"sameAs":["https:\/\/www.facebook.com\/Nachofdezber","https:\/\/x.com\/NabercoDigital","https:\/\/www.instagram.com\/nachofdezber\/","https:\/\/www.youtube.com\/channel\/UCZP-2wLEB9Rv6erhFmqVnvg"],"address":{"@id":"https:\/\/candas365.es\/noticias\/#postaladdress","@type":"PostalAddress","streetAddress":"san antonio 4, san antonio 4","postalCode":"33430","addressLocality":"Cand\u00e1s","addressRegion":"Asturias","addressCountry":"ES"}},{"@type":"Person","@id":"https:\/\/candas365.es\/noticias\/author\/admin\/#author","url":"https:\/\/candas365.es\/noticias\/author\/admin\/","name":"Cand\u00e1s 365","image":{"@type":"ImageObject","@id":"https:\/\/candas365.es\/noticias\/rocodromo-infantil-en-el-colegio-san-felix-de-candas\/#authorImage","url":"https:\/\/secure.gravatar.com\/avatar\/496a8e03d0c493ede1718b7934145dbdf8d89be1036b0eec9544e1094c9de390?s=96&d=mm&r=g","width":96,"height":96,"caption":"Cand\u00e1s 365"},"sameAs":["https:\/\/www.facebook.com\/carrenoactualidad","https:\/\/twitter.com\/nbasturias","https:\/\/www.instagram.com\/nachofdezber\/","https:\/\/www.youtube.com\/channel\/UCZP-2wLEB9Rv6erhFmqVnvg"]},{"@type":"WebPage","@id":"https:\/\/candas365.es\/noticias\/rocodromo-infantil-en-el-colegio-san-felix-de-candas\/#webpage","url":"https:\/\/candas365.es\/noticias\/rocodromo-infantil-en-el-colegio-san-felix-de-candas\/","name":"Roc\u00f3dromo infantil en el Colegio San F\u00e9lix de Cand\u00e1s | Cand\u00e1s 365","description":"El Colegio San F\u00e9lix de Cand\u00e1s dispone del primer roc\u00f3dromo infantil del concejo y un aparca bicicletas","inLanguage":"es-ES","isPartOf":{"@id":"https:\/\/candas365.es\/noticias\/#website"},"breadcrumb":{"@id":"https:\/\/candas365.es\/noticias\/rocodromo-infantil-en-el-colegio-san-felix-de-candas\/#breadcrumblist"},"author":{"@id":"https:\/\/candas365.es\/noticias\/author\/admin\/#author"},"creator":{"@id":"https:\/\/candas365.es\/noticias\/author\/admin\/#author"},"image":{"@type":"ImageObject","url":"https:\/\/candas365.es\/noticias\/wp-content\/uploads\/2021\/03\/Rocodromo.jpg","@id":"https:\/\/candas365.es\/noticias\/rocodromo-infantil-en-el-colegio-san-felix-de-candas\/#mainImage","width":650,"height":493,"caption":"Foto: Ayuntamiento de Carre\u00f1o"},"primaryImageOfPage":{"@id":"https:\/\/candas365.es\/noticias\/rocodromo-infantil-en-el-colegio-san-felix-de-candas\/#mainImage"},"datePublished":"2021-03-11T11:11:03+01:00","dateModified":"2021-03-11T11:11:03+01:00"},{"@type":"WebSite","@id":"https:\/\/candas365.es\/noticias\/#website","url":"https:\/\/candas365.es\/noticias\/","name":"Cand\u00e1s 365","alternateName":"Cand\u00e1s 365 Noticias","description":"Actualidad desde Carre\u00f1o para el mundo","inLanguage":"es-ES","publisher":{"@id":"https:\/\/candas365.es\/noticias\/#organization"}}]},"og:locale":"es_ES","og:site_name":"Cand\u00e1s 365","og:type":"article","og:title":"Roc\u00f3dromo infantil en el Colegio San F\u00e9lix de Cand\u00e1s | Cand\u00e1s 365","og:description":"El Colegio San F\u00e9lix de Cand\u00e1s dispone del primer roc\u00f3dromo infantil del concejo y un aparca bicicletas","og:url":"https:\/\/candas365.es\/noticias\/rocodromo-infantil-en-el-colegio-san-felix-de-candas\/","og:image":"https:\/\/candas365.es\/noticias\/wp-content\/uploads\/2021\/03\/Rocodromo.jpg","og:image:secure_url":"https:\/\/candas365.es\/noticias\/wp-content\/uploads\/2021\/03\/Rocodromo.jpg","og:image:width":650,"og:image:height":493,"article:published_time":"2021-03-11T11:11:03+00:00","article:modified_time":"2021-03-11T11:11:03+00:00","article:publisher":"https:\/\/www.facebook.com\/Nachofdezber","article:author":"https:\/\/www.facebook.com\/carrenoactualidad","twitter:card":"summary_large_image","twitter:site":"@NabercoDigital","twitter:title":"Roc\u00f3dromo infantil en el Colegio San F\u00e9lix de Cand\u00e1s | Cand\u00e1s 365","twitter:description":"El Colegio San F\u00e9lix de Cand\u00e1s dispone del primer roc\u00f3dromo infantil del concejo y un aparca bicicletas","twitter:creator":"@nbasturias","twitter:image":"https:\/\/candas365.es\/noticias\/wp-content\/uploads\/2021\/03\/Rocodromo.jpg","twitter:label1":"Escrito por","twitter:data1":"Cand\u00e1s 365","twitter:label2":"Tiempo de lectura estimado","twitter:data2":"3 minutos"},"aioseo_meta_data":{"post_id":"152046","title":null,"description":"El Colegio San F\u00e9lix de Cand\u00e1s dispone del primer roc\u00f3dromo infantil del concejo y un aparca bicicletas","keywords":[{"label":"Noticias Carre\u00f1o","value":"Noticias Carre\u00f1o"},{"label":" Noticias Cand\u00e1s","value":" Noticias Cand\u00e1s"},{"label":" obras","value":" obras"}],"keyphrases":{"focus":[],"additional":[]},"primary_term":null,"canonical_url":null,"og_title":null,"og_description":null,"og_object_type":"default","og_image_type":"default","og_image_url":null,"og_image_width":null,"og_image_height":null,"og_image_custom_url":null,"og_image_custom_fields":null,"og_video":"","og_custom_url":null,"og_article_section":null,"og_article_tags":[],"twitter_use_og":false,"twitter_card":"default","twitter_image_type":"default","twitter_image_url":null,"twitter_image_custom_url":null,"twitter_image_custom_fields":null,"twitter_title":null,"twitter_description":null,"schema":{"blockGraphs":[],"customGraphs":[],"default":{"data":{"Article":[],"Course":[],"Dataset":[],"FAQPage":[],"Movie":[],"Person":[],"Product":[],"ProductReview":[],"Car":[],"Recipe":[],"Service":[],"SoftwareApplication":[],"WebPage":[]},"graphName":"","isEnabled":true},"graphs":[],"defaultGraph":"Article","defaultPostTypeGraph":""},"schema_type":"default","schema_type_options":"{\"article\":{\"articleType\":\"BlogPosting\"},\"course\":{\"name\":\"\",\"description\":\"\",\"provider\":\"\"},\"faq\":{\"pages\":[]},\"product\":{\"reviews\":[]},\"recipe\":{\"ingredients\":[],\"instructions\":[],\"keywords\":[]},\"software\":{\"reviews\":[],\"operatingSystems\":[]},\"webPage\":{\"webPageType\":\"WebPage\"}}","pillar_content":false,"robots_default":true,"robots_noindex":false,"robots_noarchive":false,"robots_nosnippet":false,"robots_nofollow":false,"robots_noimageindex":false,"robots_noodp":false,"robots_notranslate":false,"robots_max_snippet":"-1","robots_max_videopreview":"-1","robots_max_imagepreview":"large","priority":null,"frequency":"default","location":null,"local_seo":{"businessInfo":{"name":"","urls":{"website":"","aboutPage":"","contactPage":""},"address":{"line1":"","line2":"","zip":"","city":"","state":"","country":""},"contact":{"email":"","phone":"","fax":""},"ids":{"vatID":"","taxID":"","chamberID":""},"payment":{"priceIndication":"","currenciesAccepted":"","methodsAccepted":""},"areaServed":""},"openingHours":{"show":false,"closedLabel":"","open24h":false,"open24hLabel":"","open247":false,"use24hFormat":false,"twoSets":false,"timezone":"","hours":[]}},"seo_analyzer_scan_date":"2025-08-31 18:00:27","breadcrumb_settings":null,"limit_modified_date":false,"reviewed_by":null,"open_ai":null,"ai":null,"created":"2021-03-11 10:59:53","updated":"2025-08-31 18:00:27"},"aioseo_breadcrumb":"<div class=\"aioseo-breadcrumbs\"><span class=\"aioseo-breadcrumb\">\n\t<a href=\"https:\/\/candas365.es\/noticias\" title=\"Home\">Home<\/a>\n<\/span><span class=\"aioseo-breadcrumb-separator\">&ndash;<\/span><span class=\"aioseo-breadcrumb\">\n\t<a href=\"https:\/\/candas365.es\/noticias\/category\/noticias-carreno\/\" title=\"Noticias Carre\u00f1o\">Noticias Carre\u00f1o<\/a>\n<\/span><span class=\"aioseo-breadcrumb-separator\">&ndash;<\/span><span class=\"aioseo-breadcrumb\">\n\tRoc\u00f3dromo infantil en el Colegio San F\u00e9lix de Cand\u00e1s\n<\/span><\/div>","aioseo_breadcrumb_json":[{"label":"Home","link":"https:\/\/candas365.es\/noticias"},{"label":"Noticias Carre\u00f1o","link":"https:\/\/candas365.es\/noticias\/category\/noticias-carreno\/"},{"label":"Roc\u00f3dromo infantil en el Colegio San F\u00e9lix de Cand\u00e1s","link":"https:\/\/candas365.es\/noticias\/rocodromo-infantil-en-el-colegio-san-felix-de-candas\/"}],"_links":{"self":[{"href":"https:\/\/candas365.es\/noticias\/wp-json\/wp\/v2\/posts\/152046","targetHints":{"allow":["GET"]}}],"collection":[{"href":"https:\/\/candas365.es\/noticias\/wp-json\/wp\/v2\/posts"}],"about":[{"href":"https:\/\/candas365.es\/noticias\/wp-json\/wp\/v2\/types\/post"}],"author":[{"embeddable":true,"href":"https:\/\/candas365.es\/noticias\/wp-json\/wp\/v2\/users\/1"}],"replies":[{"embeddable":true,"href":"https:\/\/candas365.es\/noticias\/wp-json\/wp\/v2\/comments?post=152046"}],"version-history":[{"count":0,"href":"https:\/\/candas365.es\/noticias\/wp-json\/wp\/v2\/posts\/152046\/revisions"}],"wp:featuredmedia":[{"embeddable":true,"href":"https:\/\/candas365.es\/noticias\/wp-json\/wp\/v2\/media\/152047"}],"wp:attachment":[{"href":"https:\/\/candas365.es\/noticias\/wp-json\/wp\/v2\/media?parent=152046"}],"wp:term":[{"taxonomy":"category","embeddable":true,"href":"https:\/\/candas365.es\/noticias\/wp-json\/wp\/v2\/categories?post=152046"},{"taxonomy":"post_tag","embeddable":true,"href":"https:\/\/candas365.es\/noticias\/wp-json\/wp\/v2\/tags?post=152046"}],"curies":[{"name":"wp","href":"https:\/\/api.w.org\/{rel}","templated":true}]}}