{"id":151614,"date":"2021-02-19T06:43:23","date_gmt":"2021-02-19T06:43:23","guid":{"rendered":"http:\/\/candas365.es\/noticias\/?p=151614"},"modified":"2021-02-19T06:43:23","modified_gmt":"2021-02-19T06:43:23","slug":"nueva-campana-en-los-comercios-de-proximidad-de-carreno","status":"publish","type":"post","link":"https:\/\/candas365.es\/noticias\/nueva-campana-en-los-comercios-de-proximidad-de-carreno\/","title":{"rendered":"Nueva campa\u00f1a en los comercios de proximidad de Carre\u00f1o"},"content":{"rendered":"<p><img fetchpriority=\"high\" decoding=\"async\" class=\"alignleft size-medium wp-image-11785\" src=\"https:\/\/candas365.es\/noticias\/wp-content\/uploads\/2015\/06\/comercio-360x198.jpg\" alt=\"\" width=\"360\" height=\"198\" srcset=\"https:\/\/candas365.es\/noticias\/wp-content\/uploads\/2015\/06\/comercio-360x198.jpg 360w, https:\/\/candas365.es\/noticias\/wp-content\/uploads\/2015\/06\/comercio-650x357.jpg 650w, https:\/\/candas365.es\/noticias\/wp-content\/uploads\/2015\/06\/comercio-150x82.jpg 150w, https:\/\/candas365.es\/noticias\/wp-content\/uploads\/2015\/06\/comercio-450x247.jpg 450w, https:\/\/candas365.es\/noticias\/wp-content\/uploads\/2015\/06\/comercio.jpg 655w\" sizes=\"(max-width: 360px) 100vw, 360px\" \/>El Ayuntamiento de Carre\u00f1o y la Uni\u00f3n de Comerciantes de Asturias han puesto en marcha una nueva iniciativa comercial para fomentar el consumo en los comercios de proximidad de Carre\u00f1o, en este caso la propuesta est\u00e1 dirigida a las personas mayores del concejo en colaboraci\u00f3n con la Asociaci\u00f3n de Jubilados y Pensionistas El Pase\u00edn<\/p>\n<p>La ventaja que tienen estos bonos de bienestar es que su precio est\u00e1 bonificado. Al comprarlos, los usuarios y las usuarias deber\u00e1n pagar 20 euros, pero a la hora de canjearlos por productos, el valor de los mismos sube 10 euros, es decir podr\u00e1n pagar con ellos hasta 30 euros en los comercios y hosteler\u00eda de la zona. Este 30 por ciento del valor a\u00f1adido ser\u00e1 aportado en conjunto por la Uni\u00f3n de Comerciantes y el Consistorio carre\u00f1ense.<\/p>\n","protected":false},"excerpt":{"rendered":"<p>El Ayuntamiento de Carre\u00f1o y la Uni\u00f3n de Comerciantes de Asturias han puesto en marcha una nueva iniciativa comercial para fomentar el consumo en los comercios de proximidad de Carre\u00f1o, en este caso la propuesta est\u00e1 dirigida a las personas mayores del concejo en colaboraci\u00f3n con la Asociaci\u00f3n de Jubilados y Pensionistas El Pase\u00edn La<\/p>\n","protected":false},"author":1,"featured_media":11785,"comment_status":"closed","ping_status":"closed","sticky":false,"template":"","format":"standard","meta":{"footnotes":""},"categories":[2],"tags":[],"class_list":{"0":"post-151614","1":"post","2":"type-post","3":"status-publish","4":"format-standard","5":"has-post-thumbnail","7":"category-noticias-carreno"},"aioseo_notices":[],"aioseo_head":"\n\t\t<!-- All in One SEO Pro 4.9.6.2 - aioseo.com -->\n\t<meta name=\"description\" content=\"El Ayuntamiento de Carre\u00f1o y la Uni\u00f3n de Comerciantes de Asturias han puesto en marcha una nueva iniciativa comercial para fomentar el consumo en los comerciosEl Ayuntamiento de Carre\u00f1o y la Uni\u00f3n de Comerciantes de Asturias han puesto en marcha una nueva iniciativa comercial para fomentar el consumo en los comercios de proximidad de Carre\u00f1o, en este caso la propuesta est\u00e1 dirigida a las personas mayores del concejo en colaboraci\u00f3n con la Asociaci\u00f3n de Jubilados y Pensionistas El Pase\u00edn La\" \/>\n\t<meta name=\"robots\" content=\"max-image-preview:large\" \/>\n\t<meta name=\"author\" content=\"Cand\u00e1s 365\"\/>\n\t<meta name=\"google-site-verification\" content=\"UA-32230408-1\" \/>\n\t<meta name=\"msvalidate.01\" content=\"354F3CDFB2DA171B47FBE9ABF1F88D5\" \/>\n\t<meta name=\"keywords\" content=\"noticias carre\u00f1o\" \/>\n\t<link rel=\"canonical\" href=\"https:\/\/candas365.es\/noticias\/nueva-campana-en-los-comercios-de-proximidad-de-carreno\/\" \/>\n\t<meta name=\"generator\" content=\"All in One SEO Pro (AIOSEO) 4.9.6.2\" \/>\n\t\t<meta property=\"og:locale\" content=\"es_ES\" \/>\n\t\t<meta property=\"og:site_name\" content=\"Cand\u00e1s 365\" \/>\n\t\t<meta property=\"og:type\" content=\"article\" \/>\n\t\t<meta property=\"og:title\" content=\"Nueva campa\u00f1a en los comercios de proximidad de Carre\u00f1o | Cand\u00e1s 365\" \/>\n\t\t<meta property=\"og:description\" content=\"El Ayuntamiento de Carre\u00f1o y la Uni\u00f3n de Comerciantes de Asturias han puesto en marcha una nueva iniciativa comercial para fomentar el consumo en los comerciosEl Ayuntamiento de Carre\u00f1o y la Uni\u00f3n de Comerciantes de Asturias han puesto en marcha una nueva iniciativa comercial para fomentar el consumo en los comercios de proximidad de Carre\u00f1o, en este caso la propuesta est\u00e1 dirigida a las personas mayores del concejo en colaboraci\u00f3n con la Asociaci\u00f3n de Jubilados y Pensionistas El Pase\u00edn La\" \/>\n\t\t<meta property=\"og:url\" content=\"https:\/\/candas365.es\/noticias\/nueva-campana-en-los-comercios-de-proximidad-de-carreno\/\" \/>\n\t\t<meta property=\"og:image\" content=\"https:\/\/candas365.es\/noticias\/wp-content\/uploads\/2015\/06\/comercio.jpg\" \/>\n\t\t<meta property=\"og:image:secure_url\" content=\"https:\/\/candas365.es\/noticias\/wp-content\/uploads\/2015\/06\/comercio.jpg\" \/>\n\t\t<meta property=\"og:image:width\" content=\"655\" \/>\n\t\t<meta property=\"og:image:height\" content=\"360\" \/>\n\t\t<meta property=\"article:published_time\" content=\"2021-02-19T06:43:23+00:00\" \/>\n\t\t<meta property=\"article:modified_time\" content=\"2021-02-19T06:43:23+00:00\" \/>\n\t\t<meta property=\"article:publisher\" content=\"https:\/\/www.facebook.com\/Nachofdezber\" \/>\n\t\t<meta property=\"article:author\" content=\"https:\/\/www.facebook.com\/carrenoactualidad\" \/>\n\t\t<meta name=\"twitter:card\" content=\"summary_large_image\" \/>\n\t\t<meta name=\"twitter:site\" content=\"@NabercoDigital\" \/>\n\t\t<meta name=\"twitter:title\" content=\"Nueva campa\u00f1a en los comercios de proximidad de Carre\u00f1o | Cand\u00e1s 365\" \/>\n\t\t<meta name=\"twitter:description\" content=\"El Ayuntamiento de Carre\u00f1o y la Uni\u00f3n de Comerciantes de Asturias han puesto en marcha una nueva iniciativa comercial para fomentar el consumo en los comerciosEl Ayuntamiento de Carre\u00f1o y la Uni\u00f3n de Comerciantes de Asturias han puesto en marcha una nueva iniciativa comercial para fomentar el consumo en los comercios de proximidad de Carre\u00f1o, en este caso la propuesta est\u00e1 dirigida a las personas mayores del concejo en colaboraci\u00f3n con la Asociaci\u00f3n de Jubilados y Pensionistas El Pase\u00edn La\" \/>\n\t\t<meta name=\"twitter:creator\" content=\"@nbasturias\" \/>\n\t\t<meta name=\"twitter:image\" content=\"https:\/\/candas365.es\/noticias\/wp-content\/uploads\/2015\/06\/comercio.jpg\" \/>\n\t\t<meta name=\"twitter:label1\" content=\"Escrito por\" \/>\n\t\t<meta name=\"twitter:data1\" content=\"Cand\u00e1s 365\" \/>\n\t\t<meta name=\"twitter:label2\" content=\"Tiempo de lectura estimado\" \/>\n\t\t<meta name=\"twitter:data2\" content=\"1 minuto\" \/>\n\t\t<script type=\"application\/ld+json\" class=\"aioseo-schema\">\n\t\t\t{\"@context\":\"https:\\\/\\\/schema.org\",\"@graph\":[{\"@type\":\"BreadcrumbList\",\"@id\":\"https:\\\/\\\/candas365.es\\\/noticias\\\/nueva-campana-en-los-comercios-de-proximidad-de-carreno\\\/#breadcrumblist\",\"itemListElement\":[{\"@type\":\"ListItem\",\"@id\":\"https:\\\/\\\/candas365.es\\\/noticias#listItem\",\"position\":1,\"name\":\"Home\",\"item\":\"https:\\\/\\\/candas365.es\\\/noticias\",\"nextItem\":{\"@type\":\"ListItem\",\"@id\":\"https:\\\/\\\/candas365.es\\\/noticias\\\/category\\\/noticias-carreno\\\/#listItem\",\"name\":\"Noticias Carre\\u00f1o\"}},{\"@type\":\"ListItem\",\"@id\":\"https:\\\/\\\/candas365.es\\\/noticias\\\/category\\\/noticias-carreno\\\/#listItem\",\"position\":2,\"name\":\"Noticias Carre\\u00f1o\",\"item\":\"https:\\\/\\\/candas365.es\\\/noticias\\\/category\\\/noticias-carreno\\\/\",\"nextItem\":{\"@type\":\"ListItem\",\"@id\":\"https:\\\/\\\/candas365.es\\\/noticias\\\/nueva-campana-en-los-comercios-de-proximidad-de-carreno\\\/#listItem\",\"name\":\"Nueva campa\\u00f1a en los comercios de proximidad de Carre\\u00f1o\"},\"previousItem\":{\"@type\":\"ListItem\",\"@id\":\"https:\\\/\\\/candas365.es\\\/noticias#listItem\",\"name\":\"Home\"}},{\"@type\":\"ListItem\",\"@id\":\"https:\\\/\\\/candas365.es\\\/noticias\\\/nueva-campana-en-los-comercios-de-proximidad-de-carreno\\\/#listItem\",\"position\":3,\"name\":\"Nueva campa\\u00f1a en los comercios de proximidad de Carre\\u00f1o\",\"previousItem\":{\"@type\":\"ListItem\",\"@id\":\"https:\\\/\\\/candas365.es\\\/noticias\\\/category\\\/noticias-carreno\\\/#listItem\",\"name\":\"Noticias Carre\\u00f1o\"}}]},{\"@type\":\"NewsArticle\",\"@id\":\"https:\\\/\\\/candas365.es\\\/noticias\\\/nueva-campana-en-los-comercios-de-proximidad-de-carreno\\\/#newsarticle\",\"name\":\"Nueva campa\\u00f1a en los comercios de proximidad de Carre\\u00f1o | Cand\\u00e1s 365\",\"headline\":\"Nueva campa\\u00f1a en los comercios de proximidad de Carre\\u00f1o\",\"author\":{\"@id\":\"https:\\\/\\\/candas365.es\\\/noticias\\\/author\\\/admin\\\/#author\"},\"publisher\":{\"@id\":\"https:\\\/\\\/candas365.es\\\/noticias\\\/#organization\"},\"image\":{\"@type\":\"ImageObject\",\"url\":\"https:\\\/\\\/candas365.es\\\/noticias\\\/wp-content\\\/uploads\\\/2015\\\/06\\\/comercio.jpg\",\"width\":655,\"height\":360},\"datePublished\":\"2021-02-19T06:43:23+01:00\",\"dateModified\":\"2021-02-19T06:43:23+01:00\",\"inLanguage\":\"es-ES\",\"mainEntityOfPage\":{\"@id\":\"https:\\\/\\\/candas365.es\\\/noticias\\\/nueva-campana-en-los-comercios-de-proximidad-de-carreno\\\/#webpage\"},\"isPartOf\":{\"@id\":\"https:\\\/\\\/candas365.es\\\/noticias\\\/nueva-campana-en-los-comercios-de-proximidad-de-carreno\\\/#webpage\"},\"articleSection\":\"Noticias Carre\\u00f1o\",\"dateline\":\"Publicado el febrero 19, 2021.\"},{\"@type\":\"Organization\",\"@id\":\"https:\\\/\\\/candas365.es\\\/noticias\\\/#organization\",\"name\":\"Cand\\u00e1s 365\",\"description\":\"Cand\\u00e1s 365 es un diario digital independiente, fundado en 2012, con base en Asturias. Informamos con rigor sobre actualidad, sociedad, cultura y ocio, con una mirada local y global.\",\"url\":\"https:\\\/\\\/candas365.es\\\/noticias\\\/\",\"email\":\"info@candas365.es\",\"telephone\":\"+34652131393\",\"foundingDate\":\"2012-06-10\",\"logo\":{\"@type\":\"ImageObject\",\"url\":\"https:\\\/\\\/candas365.es\\\/noticias\\\/wp-content\\\/uploads\\\/2024\\\/09\\\/Candas-365-Redes.jpg\",\"@id\":\"https:\\\/\\\/candas365.es\\\/noticias\\\/nueva-campana-en-los-comercios-de-proximidad-de-carreno\\\/#organizationLogo\",\"width\":1152,\"height\":864,\"caption\":\"Cand\\u00e1s 365 Redes\"},\"image\":{\"@id\":\"https:\\\/\\\/candas365.es\\\/noticias\\\/nueva-campana-en-los-comercios-de-proximidad-de-carreno\\\/#organizationLogo\"},\"sameAs\":[\"https:\\\/\\\/www.facebook.com\\\/Nachofdezber\",\"https:\\\/\\\/x.com\\\/NabercoDigital\",\"https:\\\/\\\/www.instagram.com\\\/nachofdezber\\\/\",\"https:\\\/\\\/www.youtube.com\\\/channel\\\/UCZP-2wLEB9Rv6erhFmqVnvg\"],\"address\":{\"@id\":\"https:\\\/\\\/candas365.es\\\/noticias\\\/#postaladdress\",\"@type\":\"PostalAddress\",\"streetAddress\":\"san antonio 4, san antonio 4\",\"postalCode\":\"33430\",\"addressLocality\":\"Cand\\u00e1s\",\"addressRegion\":\"Asturias\",\"addressCountry\":\"ES\"}},{\"@type\":\"Person\",\"@id\":\"https:\\\/\\\/candas365.es\\\/noticias\\\/author\\\/admin\\\/#author\",\"url\":\"https:\\\/\\\/candas365.es\\\/noticias\\\/author\\\/admin\\\/\",\"name\":\"Cand\\u00e1s 365\",\"image\":{\"@type\":\"ImageObject\",\"@id\":\"https:\\\/\\\/candas365.es\\\/noticias\\\/nueva-campana-en-los-comercios-de-proximidad-de-carreno\\\/#authorImage\",\"url\":\"https:\\\/\\\/secure.gravatar.com\\\/avatar\\\/496a8e03d0c493ede1718b7934145dbdf8d89be1036b0eec9544e1094c9de390?s=96&d=mm&r=g\",\"width\":96,\"height\":96,\"caption\":\"Cand\\u00e1s 365\"},\"sameAs\":[\"https:\\\/\\\/www.facebook.com\\\/carrenoactualidad\",\"https:\\\/\\\/twitter.com\\\/nbasturias\",\"https:\\\/\\\/www.instagram.com\\\/nachofdezber\\\/\",\"https:\\\/\\\/www.youtube.com\\\/channel\\\/UCZP-2wLEB9Rv6erhFmqVnvg\"]},{\"@type\":\"WebPage\",\"@id\":\"https:\\\/\\\/candas365.es\\\/noticias\\\/nueva-campana-en-los-comercios-de-proximidad-de-carreno\\\/#webpage\",\"url\":\"https:\\\/\\\/candas365.es\\\/noticias\\\/nueva-campana-en-los-comercios-de-proximidad-de-carreno\\\/\",\"name\":\"Nueva campa\\u00f1a en los comercios de proximidad de Carre\\u00f1o | Cand\\u00e1s 365\",\"description\":\"El Ayuntamiento de Carre\\u00f1o y la Uni\\u00f3n de Comerciantes de Asturias han puesto en marcha una nueva iniciativa comercial para fomentar el consumo en los comerciosEl Ayuntamiento de Carre\\u00f1o y la Uni\\u00f3n de Comerciantes de Asturias han puesto en marcha una nueva iniciativa comercial para fomentar el consumo en los comercios de proximidad de Carre\\u00f1o, en este caso la propuesta est\\u00e1 dirigida a las personas mayores del concejo en colaboraci\\u00f3n con la Asociaci\\u00f3n de Jubilados y Pensionistas El Pase\\u00edn La\",\"inLanguage\":\"es-ES\",\"isPartOf\":{\"@id\":\"https:\\\/\\\/candas365.es\\\/noticias\\\/#website\"},\"breadcrumb\":{\"@id\":\"https:\\\/\\\/candas365.es\\\/noticias\\\/nueva-campana-en-los-comercios-de-proximidad-de-carreno\\\/#breadcrumblist\"},\"author\":{\"@id\":\"https:\\\/\\\/candas365.es\\\/noticias\\\/author\\\/admin\\\/#author\"},\"creator\":{\"@id\":\"https:\\\/\\\/candas365.es\\\/noticias\\\/author\\\/admin\\\/#author\"},\"image\":{\"@type\":\"ImageObject\",\"url\":\"https:\\\/\\\/candas365.es\\\/noticias\\\/wp-content\\\/uploads\\\/2015\\\/06\\\/comercio.jpg\",\"@id\":\"https:\\\/\\\/candas365.es\\\/noticias\\\/nueva-campana-en-los-comercios-de-proximidad-de-carreno\\\/#mainImage\",\"width\":655,\"height\":360},\"primaryImageOfPage\":{\"@id\":\"https:\\\/\\\/candas365.es\\\/noticias\\\/nueva-campana-en-los-comercios-de-proximidad-de-carreno\\\/#mainImage\"},\"datePublished\":\"2021-02-19T06:43:23+01:00\",\"dateModified\":\"2021-02-19T06:43:23+01:00\"},{\"@type\":\"WebSite\",\"@id\":\"https:\\\/\\\/candas365.es\\\/noticias\\\/#website\",\"url\":\"https:\\\/\\\/candas365.es\\\/noticias\\\/\",\"name\":\"Cand\\u00e1s 365\",\"alternateName\":\"Cand\\u00e1s 365 Noticias\",\"description\":\"Actualidad desde Carre\\u00f1o para el mundo\",\"inLanguage\":\"es-ES\",\"publisher\":{\"@id\":\"https:\\\/\\\/candas365.es\\\/noticias\\\/#organization\"}}]}\n\t\t<\/script>\n\t\t<!-- All in One SEO Pro -->\r\n\t\t<title>Nueva campa\u00f1a en los comercios de proximidad de Carre\u00f1o | Cand\u00e1s 365<\/title>\n\n","aioseo_head_json":{"title":"Nueva campa\u00f1a en los comercios de proximidad de Carre\u00f1o | Cand\u00e1s 365","description":"El Ayuntamiento de Carre\u00f1o y la Uni\u00f3n de Comerciantes de Asturias han puesto en marcha una nueva iniciativa comercial para fomentar el consumo en los comerciosEl Ayuntamiento de Carre\u00f1o y la Uni\u00f3n de Comerciantes de Asturias han puesto en marcha una nueva iniciativa comercial para fomentar el consumo en los comercios de proximidad de Carre\u00f1o, en este caso la propuesta est\u00e1 dirigida a las personas mayores del concejo en colaboraci\u00f3n con la Asociaci\u00f3n de Jubilados y Pensionistas El Pase\u00edn La","canonical_url":"https:\/\/candas365.es\/noticias\/nueva-campana-en-los-comercios-de-proximidad-de-carreno\/","robots":"max-image-preview:large","keywords":"noticias carre\u00f1o","webmasterTools":{"google-site-verification":"UA-32230408-1","msvalidate.01":"354F3CDFB2DA171B47FBE9ABF1F88D5","miscellaneous":""},"schema":{"@context":"https:\/\/schema.org","@graph":[{"@type":"BreadcrumbList","@id":"https:\/\/candas365.es\/noticias\/nueva-campana-en-los-comercios-de-proximidad-de-carreno\/#breadcrumblist","itemListElement":[{"@type":"ListItem","@id":"https:\/\/candas365.es\/noticias#listItem","position":1,"name":"Home","item":"https:\/\/candas365.es\/noticias","nextItem":{"@type":"ListItem","@id":"https:\/\/candas365.es\/noticias\/category\/noticias-carreno\/#listItem","name":"Noticias Carre\u00f1o"}},{"@type":"ListItem","@id":"https:\/\/candas365.es\/noticias\/category\/noticias-carreno\/#listItem","position":2,"name":"Noticias Carre\u00f1o","item":"https:\/\/candas365.es\/noticias\/category\/noticias-carreno\/","nextItem":{"@type":"ListItem","@id":"https:\/\/candas365.es\/noticias\/nueva-campana-en-los-comercios-de-proximidad-de-carreno\/#listItem","name":"Nueva campa\u00f1a en los comercios de proximidad de Carre\u00f1o"},"previousItem":{"@type":"ListItem","@id":"https:\/\/candas365.es\/noticias#listItem","name":"Home"}},{"@type":"ListItem","@id":"https:\/\/candas365.es\/noticias\/nueva-campana-en-los-comercios-de-proximidad-de-carreno\/#listItem","position":3,"name":"Nueva campa\u00f1a en los comercios de proximidad de Carre\u00f1o","previousItem":{"@type":"ListItem","@id":"https:\/\/candas365.es\/noticias\/category\/noticias-carreno\/#listItem","name":"Noticias Carre\u00f1o"}}]},{"@type":"NewsArticle","@id":"https:\/\/candas365.es\/noticias\/nueva-campana-en-los-comercios-de-proximidad-de-carreno\/#newsarticle","name":"Nueva campa\u00f1a en los comercios de proximidad de Carre\u00f1o | Cand\u00e1s 365","headline":"Nueva campa\u00f1a en los comercios de proximidad de Carre\u00f1o","author":{"@id":"https:\/\/candas365.es\/noticias\/author\/admin\/#author"},"publisher":{"@id":"https:\/\/candas365.es\/noticias\/#organization"},"image":{"@type":"ImageObject","url":"https:\/\/candas365.es\/noticias\/wp-content\/uploads\/2015\/06\/comercio.jpg","width":655,"height":360},"datePublished":"2021-02-19T06:43:23+01:00","dateModified":"2021-02-19T06:43:23+01:00","inLanguage":"es-ES","mainEntityOfPage":{"@id":"https:\/\/candas365.es\/noticias\/nueva-campana-en-los-comercios-de-proximidad-de-carreno\/#webpage"},"isPartOf":{"@id":"https:\/\/candas365.es\/noticias\/nueva-campana-en-los-comercios-de-proximidad-de-carreno\/#webpage"},"articleSection":"Noticias Carre\u00f1o","dateline":"Publicado el febrero 19, 2021."},{"@type":"Organization","@id":"https:\/\/candas365.es\/noticias\/#organization","name":"Cand\u00e1s 365","description":"Cand\u00e1s 365 es un diario digital independiente, fundado en 2012, con base en Asturias. Informamos con rigor sobre actualidad, sociedad, cultura y ocio, con una mirada local y global.","url":"https:\/\/candas365.es\/noticias\/","email":"info@candas365.es","telephone":"+34652131393","foundingDate":"2012-06-10","logo":{"@type":"ImageObject","url":"https:\/\/candas365.es\/noticias\/wp-content\/uploads\/2024\/09\/Candas-365-Redes.jpg","@id":"https:\/\/candas365.es\/noticias\/nueva-campana-en-los-comercios-de-proximidad-de-carreno\/#organizationLogo","width":1152,"height":864,"caption":"Cand\u00e1s 365 Redes"},"image":{"@id":"https:\/\/candas365.es\/noticias\/nueva-campana-en-los-comercios-de-proximidad-de-carreno\/#organizationLogo"},"sameAs":["https:\/\/www.facebook.com\/Nachofdezber","https:\/\/x.com\/NabercoDigital","https:\/\/www.instagram.com\/nachofdezber\/","https:\/\/www.youtube.com\/channel\/UCZP-2wLEB9Rv6erhFmqVnvg"],"address":{"@id":"https:\/\/candas365.es\/noticias\/#postaladdress","@type":"PostalAddress","streetAddress":"san antonio 4, san antonio 4","postalCode":"33430","addressLocality":"Cand\u00e1s","addressRegion":"Asturias","addressCountry":"ES"}},{"@type":"Person","@id":"https:\/\/candas365.es\/noticias\/author\/admin\/#author","url":"https:\/\/candas365.es\/noticias\/author\/admin\/","name":"Cand\u00e1s 365","image":{"@type":"ImageObject","@id":"https:\/\/candas365.es\/noticias\/nueva-campana-en-los-comercios-de-proximidad-de-carreno\/#authorImage","url":"https:\/\/secure.gravatar.com\/avatar\/496a8e03d0c493ede1718b7934145dbdf8d89be1036b0eec9544e1094c9de390?s=96&d=mm&r=g","width":96,"height":96,"caption":"Cand\u00e1s 365"},"sameAs":["https:\/\/www.facebook.com\/carrenoactualidad","https:\/\/twitter.com\/nbasturias","https:\/\/www.instagram.com\/nachofdezber\/","https:\/\/www.youtube.com\/channel\/UCZP-2wLEB9Rv6erhFmqVnvg"]},{"@type":"WebPage","@id":"https:\/\/candas365.es\/noticias\/nueva-campana-en-los-comercios-de-proximidad-de-carreno\/#webpage","url":"https:\/\/candas365.es\/noticias\/nueva-campana-en-los-comercios-de-proximidad-de-carreno\/","name":"Nueva campa\u00f1a en los comercios de proximidad de Carre\u00f1o | Cand\u00e1s 365","description":"El Ayuntamiento de Carre\u00f1o y la Uni\u00f3n de Comerciantes de Asturias han puesto en marcha una nueva iniciativa comercial para fomentar el consumo en los comerciosEl Ayuntamiento de Carre\u00f1o y la Uni\u00f3n de Comerciantes de Asturias han puesto en marcha una nueva iniciativa comercial para fomentar el consumo en los comercios de proximidad de Carre\u00f1o, en este caso la propuesta est\u00e1 dirigida a las personas mayores del concejo en colaboraci\u00f3n con la Asociaci\u00f3n de Jubilados y Pensionistas El Pase\u00edn La","inLanguage":"es-ES","isPartOf":{"@id":"https:\/\/candas365.es\/noticias\/#website"},"breadcrumb":{"@id":"https:\/\/candas365.es\/noticias\/nueva-campana-en-los-comercios-de-proximidad-de-carreno\/#breadcrumblist"},"author":{"@id":"https:\/\/candas365.es\/noticias\/author\/admin\/#author"},"creator":{"@id":"https:\/\/candas365.es\/noticias\/author\/admin\/#author"},"image":{"@type":"ImageObject","url":"https:\/\/candas365.es\/noticias\/wp-content\/uploads\/2015\/06\/comercio.jpg","@id":"https:\/\/candas365.es\/noticias\/nueva-campana-en-los-comercios-de-proximidad-de-carreno\/#mainImage","width":655,"height":360},"primaryImageOfPage":{"@id":"https:\/\/candas365.es\/noticias\/nueva-campana-en-los-comercios-de-proximidad-de-carreno\/#mainImage"},"datePublished":"2021-02-19T06:43:23+01:00","dateModified":"2021-02-19T06:43:23+01:00"},{"@type":"WebSite","@id":"https:\/\/candas365.es\/noticias\/#website","url":"https:\/\/candas365.es\/noticias\/","name":"Cand\u00e1s 365","alternateName":"Cand\u00e1s 365 Noticias","description":"Actualidad desde Carre\u00f1o para el mundo","inLanguage":"es-ES","publisher":{"@id":"https:\/\/candas365.es\/noticias\/#organization"}}]},"og:locale":"es_ES","og:site_name":"Cand\u00e1s 365","og:type":"article","og:title":"Nueva campa\u00f1a en los comercios de proximidad de Carre\u00f1o | Cand\u00e1s 365","og:description":"El Ayuntamiento de Carre\u00f1o y la Uni\u00f3n de Comerciantes de Asturias han puesto en marcha una nueva iniciativa comercial para fomentar el consumo en los comerciosEl Ayuntamiento de Carre\u00f1o y la Uni\u00f3n de Comerciantes de Asturias han puesto en marcha una nueva iniciativa comercial para fomentar el consumo en los comercios de proximidad de Carre\u00f1o, en este caso la propuesta est\u00e1 dirigida a las personas mayores del concejo en colaboraci\u00f3n con la Asociaci\u00f3n de Jubilados y Pensionistas El Pase\u00edn La","og:url":"https:\/\/candas365.es\/noticias\/nueva-campana-en-los-comercios-de-proximidad-de-carreno\/","og:image":"https:\/\/candas365.es\/noticias\/wp-content\/uploads\/2015\/06\/comercio.jpg","og:image:secure_url":"https:\/\/candas365.es\/noticias\/wp-content\/uploads\/2015\/06\/comercio.jpg","og:image:width":655,"og:image:height":360,"article:published_time":"2021-02-19T06:43:23+00:00","article:modified_time":"2021-02-19T06:43:23+00:00","article:publisher":"https:\/\/www.facebook.com\/Nachofdezber","article:author":"https:\/\/www.facebook.com\/carrenoactualidad","twitter:card":"summary_large_image","twitter:site":"@NabercoDigital","twitter:title":"Nueva campa\u00f1a en los comercios de proximidad de Carre\u00f1o | Cand\u00e1s 365","twitter:description":"El Ayuntamiento de Carre\u00f1o y la Uni\u00f3n de Comerciantes de Asturias han puesto en marcha una nueva iniciativa comercial para fomentar el consumo en los comerciosEl Ayuntamiento de Carre\u00f1o y la Uni\u00f3n de Comerciantes de Asturias han puesto en marcha una nueva iniciativa comercial para fomentar el consumo en los comercios de proximidad de Carre\u00f1o, en este caso la propuesta est\u00e1 dirigida a las personas mayores del concejo en colaboraci\u00f3n con la Asociaci\u00f3n de Jubilados y Pensionistas El Pase\u00edn La","twitter:creator":"@nbasturias","twitter:image":"https:\/\/candas365.es\/noticias\/wp-content\/uploads\/2015\/06\/comercio.jpg","twitter:label1":"Escrito por","twitter:data1":"Cand\u00e1s 365","twitter:label2":"Tiempo de lectura estimado","twitter:data2":"1 minuto"},"aioseo_meta_data":{"post_id":"151614","title":null,"description":"El Ayuntamiento de Carre\u00f1o y la Uni\u00f3n de Comerciantes de Asturias han puesto en marcha una nueva iniciativa comercial para fomentar el consumo en los comercios#post_excerpt","keywords":[{"label":"Noticias Carre\u00f1o","value":"Noticias Carre\u00f1o"}],"keyphrases":{"focus":[],"additional":[]},"primary_term":null,"canonical_url":null,"og_title":null,"og_description":null,"og_object_type":"default","og_image_type":"default","og_image_url":null,"og_image_width":null,"og_image_height":null,"og_image_custom_url":null,"og_image_custom_fields":null,"og_video":"","og_custom_url":null,"og_article_section":null,"og_article_tags":[],"twitter_use_og":false,"twitter_card":"default","twitter_image_type":"default","twitter_image_url":null,"twitter_image_custom_url":null,"twitter_image_custom_fields":null,"twitter_title":null,"twitter_description":null,"schema":{"blockGraphs":[],"customGraphs":[],"default":{"data":{"Article":[],"Course":[],"Dataset":[],"FAQPage":[],"Movie":[],"Person":[],"Product":[],"ProductReview":[],"Car":[],"Recipe":[],"Service":[],"SoftwareApplication":[],"WebPage":[]},"graphName":"","isEnabled":true},"graphs":[],"defaultGraph":"Article","defaultPostTypeGraph":""},"schema_type":"default","schema_type_options":"{\"article\":{\"articleType\":\"BlogPosting\"},\"course\":{\"name\":\"\",\"description\":\"\",\"provider\":\"\"},\"faq\":{\"pages\":[]},\"product\":{\"reviews\":[]},\"recipe\":{\"ingredients\":[],\"instructions\":[],\"keywords\":[]},\"software\":{\"reviews\":[],\"operatingSystems\":[]},\"webPage\":{\"webPageType\":\"WebPage\"}}","pillar_content":false,"robots_default":true,"robots_noindex":false,"robots_noarchive":false,"robots_nosnippet":false,"robots_nofollow":false,"robots_noimageindex":false,"robots_noodp":false,"robots_notranslate":false,"robots_max_snippet":"-1","robots_max_videopreview":"-1","robots_max_imagepreview":"large","priority":null,"frequency":"default","location":null,"local_seo":{"businessInfo":{"name":"","urls":{"website":"","aboutPage":"","contactPage":""},"address":{"line1":"","line2":"","zip":"","city":"","state":"","country":""},"contact":{"email":"","phone":"","fax":""},"ids":{"vatID":"","taxID":"","chamberID":""},"payment":{"priceIndication":"","currenciesAccepted":"","methodsAccepted":""},"areaServed":""},"openingHours":{"show":false,"closedLabel":"","open24h":false,"open24hLabel":"","open247":false,"use24hFormat":false,"twoSets":false,"timezone":"","hours":[]}},"seo_analyzer_scan_date":"2025-08-31 17:26:29","breadcrumb_settings":null,"limit_modified_date":false,"reviewed_by":null,"open_ai":null,"ai":null,"created":"2021-02-19 06:41:17","updated":"2025-08-31 17:26:29"},"aioseo_breadcrumb":"<div class=\"aioseo-breadcrumbs\"><span class=\"aioseo-breadcrumb\">\n\t<a href=\"https:\/\/candas365.es\/noticias\" title=\"Home\">Home<\/a>\n<\/span><span class=\"aioseo-breadcrumb-separator\">&ndash;<\/span><span class=\"aioseo-breadcrumb\">\n\t<a href=\"https:\/\/candas365.es\/noticias\/category\/noticias-carreno\/\" title=\"Noticias Carre\u00f1o\">Noticias Carre\u00f1o<\/a>\n<\/span><span class=\"aioseo-breadcrumb-separator\">&ndash;<\/span><span class=\"aioseo-breadcrumb\">\n\tNueva campa\u00f1a en los comercios de proximidad de Carre\u00f1o\n<\/span><\/div>","aioseo_breadcrumb_json":[{"label":"Home","link":"https:\/\/candas365.es\/noticias"},{"label":"Noticias Carre\u00f1o","link":"https:\/\/candas365.es\/noticias\/category\/noticias-carreno\/"},{"label":"Nueva campa\u00f1a en los comercios de proximidad de Carre\u00f1o","link":"https:\/\/candas365.es\/noticias\/nueva-campana-en-los-comercios-de-proximidad-de-carreno\/"}],"_links":{"self":[{"href":"https:\/\/candas365.es\/noticias\/wp-json\/wp\/v2\/posts\/151614","targetHints":{"allow":["GET"]}}],"collection":[{"href":"https:\/\/candas365.es\/noticias\/wp-json\/wp\/v2\/posts"}],"about":[{"href":"https:\/\/candas365.es\/noticias\/wp-json\/wp\/v2\/types\/post"}],"author":[{"embeddable":true,"href":"https:\/\/candas365.es\/noticias\/wp-json\/wp\/v2\/users\/1"}],"replies":[{"embeddable":true,"href":"https:\/\/candas365.es\/noticias\/wp-json\/wp\/v2\/comments?post=151614"}],"version-history":[{"count":0,"href":"https:\/\/candas365.es\/noticias\/wp-json\/wp\/v2\/posts\/151614\/revisions"}],"wp:featuredmedia":[{"embeddable":true,"href":"https:\/\/candas365.es\/noticias\/wp-json\/wp\/v2\/media\/11785"}],"wp:attachment":[{"href":"https:\/\/candas365.es\/noticias\/wp-json\/wp\/v2\/media?parent=151614"}],"wp:term":[{"taxonomy":"category","embeddable":true,"href":"https:\/\/candas365.es\/noticias\/wp-json\/wp\/v2\/categories?post=151614"},{"taxonomy":"post_tag","embeddable":true,"href":"https:\/\/candas365.es\/noticias\/wp-json\/wp\/v2\/tags?post=151614"}],"curies":[{"name":"wp","href":"https:\/\/api.w.org\/{rel}","templated":true}]}}