{"id":151611,"date":"2021-02-19T06:40:20","date_gmt":"2021-02-19T06:40:20","guid":{"rendered":"http:\/\/candas365.es\/noticias\/?p=151611"},"modified":"2021-02-19T06:40:20","modified_gmt":"2021-02-19T06:40:20","slug":"nuevo-punto-de-reciclaje-de-aceite-domestico-en-carreno","status":"publish","type":"post","link":"https:\/\/candas365.es\/noticias\/nuevo-punto-de-reciclaje-de-aceite-domestico-en-carreno\/","title":{"rendered":"Nuevo punto de reciclaje de aceite dom\u00e9stico en Carre\u00f1o"},"content":{"rendered":"<p><img fetchpriority=\"high\" decoding=\"async\" class=\"alignleft size-medium wp-image-151612\" src=\"https:\/\/candas365.es\/noticias\/wp-content\/uploads\/2021\/02\/reciclaje-360x258.jpg\" alt=\"\" width=\"360\" height=\"258\" srcset=\"https:\/\/candas365.es\/noticias\/wp-content\/uploads\/2021\/02\/reciclaje-360x258.jpg 360w, https:\/\/candas365.es\/noticias\/wp-content\/uploads\/2021\/02\/reciclaje-650x465.jpg 650w, https:\/\/candas365.es\/noticias\/wp-content\/uploads\/2021\/02\/reciclaje.jpg 710w\" sizes=\"(max-width: 360px) 100vw, 360px\" \/>El Ayuntamiento de Carre\u00f1o en colaboraci\u00f3n con el gestor autorizado para la gesti\u00f3n de los residuos, Pumariega Gesti\u00f3n, S.L., instal\u00f3 en las inmediaciones del Centro de Iniciativa Rural de Prevera, junto a los contenedores de recogida selectiva, un <strong>nuevo contenedor de reciclaje para el dep\u00f3sito de aceite usado dom\u00e9stico<\/strong>.<\/p>\n<p>La colocaci\u00f3n de este nuevo dep\u00f3sito en el Barrio del Xelaz, para la recogida de aceite dom\u00e9stico, se suma al colocado a finales de diciembre del 2020, a petici\u00f3n de la Asociaci\u00f3n Vecinal de Perlora, en el Barrio Espasa, aumentando de esta forma el n\u00famero de puntos de recogida de este tipo de residuos instalados en el Concejo, ubic\u00e1ndose estos actualmente en:<\/p>\n<ul>\n<li>En el entronque de la calle Carlos Albo con la calle Barceloneta en Cand\u00e1s.<\/li>\n<li>En el interior del Supermercado Alimerka en la Avda Reina Mar\u00eda Cristina en Cand\u00e1s.<\/li>\n<li>En el Barrio Espasa, junto a la estaci\u00f3n de Bombeo de la EMA, en Perlora.<\/li>\n<li>Punto Limpio de Cand\u00e1s.<\/li>\n<li>En el Barrio Xelaz, en las inmediaciones del CIR en Prevera.<\/li>\n<\/ul>\n<p>\u201cAntes de la instalaci\u00f3n de este nuevo dep\u00f3sito fue necesario previamente acondicionar la zona, para ello el servicio de alba\u00f1iler\u00eda municipal realiz\u00f3 una base de hormig\u00f3n con objeto de que sirviese como soporte. Este contenedor destinado a la recogida selectiva de aceite dom\u00e9stico usado, qued\u00f3 instalado y colocado nuestra intenci\u00f3n es si hay demanda e inter\u00e9s en m\u00e1s zonas ampliar la red de puntos de recogida\u201d se\u00f1al\u00f3 \u00c1ngel Ruiz \u2013 Concejal de Medio Ambiente.<\/p>\n<p>\u201cEn el a\u00f1o 2020, en este tipo de contenedores instalados en Carre\u00f1o, se recogieron 3.395 litros de aceite dom\u00e9stico usado. Compar\u00e1ndolo con los datos de recogida en el a\u00f1o 2019, supuso un aumento de un 15,87%. Por lo que las expectativas para este a\u00f1o 2021, y visto la tendencia de los a\u00f1os anteriores, en las que hay un aumento progresivo de la cantidad de litros de aceite recogidos para reciclar nos hace pensar que nos encontraremos cerca de la recogida de 4.000 litros de aceite usado dom\u00e9stico para reciclar\u201d avanz\u00f3 el Edil.<\/p>\n<p>\u201cEl aceite dom\u00e9stico usado puede causar importantes da\u00f1os en el medioambiente. Este material no s\u00f3lo es una de las causas del atascamiento de tuber\u00edas y alcantarillados, sino que al acabar en r\u00edos y oc\u00e9anos y, ser altamente contaminante, dificulta el intercambio de ox\u00edgeno da\u00f1ando los ecosistemas. Lo que le convierte en uno de los grandes contaminantes de los mares. Se estima que un litro de aceite puede llegar a contaminar 1.000 litros de agua. Por lo que reciclar el aceite usado es una forma de ayudar a conservar el medio ambiente\u201d finaliz\u00f3 Ruiz.<\/p>\n<p>El aceite de cocina una vez es recogido pasa por un proceso de reciclaje para su posterior uso. Estos usos son muy diversos, normalmente su utiliza para hacer biocombustible para motores di\u00e9sel. Pero tambi\u00e9n tiene otras muchas salidas como abonos, ceras, barnices, cremas, detergentes, lociones, jabones, pinturas, lubricantes o velas.<\/p>\n<p>&nbsp;<\/p>\n","protected":false},"excerpt":{"rendered":"<p>El Ayuntamiento de Carre\u00f1o en colaboraci\u00f3n con el gestor autorizado para la gesti\u00f3n de los residuos, Pumariega Gesti\u00f3n, S.L., instal\u00f3 en las inmediaciones del Centro de Iniciativa Rural de Prevera, junto a los contenedores de recogida selectiva, un nuevo contenedor de reciclaje para el dep\u00f3sito de aceite usado dom\u00e9stico. La colocaci\u00f3n de este nuevo dep\u00f3sito<\/p>\n","protected":false},"author":1,"featured_media":151612,"comment_status":"closed","ping_status":"closed","sticky":false,"template":"","format":"standard","meta":{"footnotes":""},"categories":[2],"tags":[],"class_list":{"0":"post-151611","1":"post","2":"type-post","3":"status-publish","4":"format-standard","5":"has-post-thumbnail","7":"category-noticias-carreno"},"aioseo_notices":[],"aioseo_head":"\n\t\t<!-- All in One SEO Pro 4.9.6.2 - aioseo.com -->\n\t<meta name=\"description\" content=\"La colocaci\u00f3n de este nuevo dep\u00f3sito en el Barrio del Xelaz, para la recogida de aceite dom\u00e9stico, se suma al colocado a finales de diciembre del 2020\" \/>\n\t<meta name=\"robots\" content=\"max-image-preview:large\" \/>\n\t<meta name=\"author\" content=\"Cand\u00e1s 365\"\/>\n\t<meta name=\"google-site-verification\" content=\"UA-32230408-1\" \/>\n\t<meta name=\"msvalidate.01\" content=\"354F3CDFB2DA171B47FBE9ABF1F88D5\" \/>\n\t<meta name=\"keywords\" content=\"noticias carre\u00f1o\" \/>\n\t<link rel=\"canonical\" href=\"https:\/\/candas365.es\/noticias\/nuevo-punto-de-reciclaje-de-aceite-domestico-en-carreno\/\" \/>\n\t<meta name=\"generator\" content=\"All in One SEO Pro (AIOSEO) 4.9.6.2\" \/>\n\t\t<meta property=\"og:locale\" content=\"es_ES\" \/>\n\t\t<meta property=\"og:site_name\" content=\"Cand\u00e1s 365\" \/>\n\t\t<meta property=\"og:type\" content=\"article\" \/>\n\t\t<meta property=\"og:title\" content=\"Nuevo punto de reciclaje de aceite dom\u00e9stico en Carre\u00f1o | Cand\u00e1s 365\" \/>\n\t\t<meta property=\"og:description\" content=\"La colocaci\u00f3n de este nuevo dep\u00f3sito en el Barrio del Xelaz, para la recogida de aceite dom\u00e9stico, se suma al colocado a finales de diciembre del 2020\" \/>\n\t\t<meta property=\"og:url\" content=\"https:\/\/candas365.es\/noticias\/nuevo-punto-de-reciclaje-de-aceite-domestico-en-carreno\/\" \/>\n\t\t<meta property=\"og:image\" content=\"https:\/\/candas365.es\/noticias\/wp-content\/uploads\/2021\/02\/reciclaje.jpg\" \/>\n\t\t<meta property=\"og:image:secure_url\" content=\"https:\/\/candas365.es\/noticias\/wp-content\/uploads\/2021\/02\/reciclaje.jpg\" \/>\n\t\t<meta property=\"og:image:width\" content=\"710\" \/>\n\t\t<meta property=\"og:image:height\" content=\"508\" \/>\n\t\t<meta property=\"article:published_time\" content=\"2021-02-19T06:40:20+00:00\" \/>\n\t\t<meta property=\"article:modified_time\" content=\"2021-02-19T06:40:20+00:00\" \/>\n\t\t<meta property=\"article:publisher\" content=\"https:\/\/www.facebook.com\/Nachofdezber\" \/>\n\t\t<meta property=\"article:author\" content=\"https:\/\/www.facebook.com\/carrenoactualidad\" \/>\n\t\t<meta name=\"twitter:card\" content=\"summary_large_image\" \/>\n\t\t<meta name=\"twitter:site\" content=\"@NabercoDigital\" \/>\n\t\t<meta name=\"twitter:title\" content=\"Nuevo punto de reciclaje de aceite dom\u00e9stico en Carre\u00f1o | Cand\u00e1s 365\" \/>\n\t\t<meta name=\"twitter:description\" content=\"La colocaci\u00f3n de este nuevo dep\u00f3sito en el Barrio del Xelaz, para la recogida de aceite dom\u00e9stico, se suma al colocado a finales de diciembre del 2020\" \/>\n\t\t<meta name=\"twitter:creator\" content=\"@nbasturias\" \/>\n\t\t<meta name=\"twitter:image\" content=\"https:\/\/candas365.es\/noticias\/wp-content\/uploads\/2021\/02\/reciclaje.jpg\" \/>\n\t\t<meta name=\"twitter:label1\" content=\"Escrito por\" \/>\n\t\t<meta name=\"twitter:data1\" content=\"Cand\u00e1s 365\" \/>\n\t\t<meta name=\"twitter:label2\" content=\"Tiempo de lectura estimado\" \/>\n\t\t<meta name=\"twitter:data2\" content=\"3 minutos\" \/>\n\t\t<script type=\"application\/ld+json\" class=\"aioseo-schema\">\n\t\t\t{\"@context\":\"https:\\\/\\\/schema.org\",\"@graph\":[{\"@type\":\"BreadcrumbList\",\"@id\":\"https:\\\/\\\/candas365.es\\\/noticias\\\/nuevo-punto-de-reciclaje-de-aceite-domestico-en-carreno\\\/#breadcrumblist\",\"itemListElement\":[{\"@type\":\"ListItem\",\"@id\":\"https:\\\/\\\/candas365.es\\\/noticias#listItem\",\"position\":1,\"name\":\"Home\",\"item\":\"https:\\\/\\\/candas365.es\\\/noticias\",\"nextItem\":{\"@type\":\"ListItem\",\"@id\":\"https:\\\/\\\/candas365.es\\\/noticias\\\/category\\\/noticias-carreno\\\/#listItem\",\"name\":\"Noticias Carre\\u00f1o\"}},{\"@type\":\"ListItem\",\"@id\":\"https:\\\/\\\/candas365.es\\\/noticias\\\/category\\\/noticias-carreno\\\/#listItem\",\"position\":2,\"name\":\"Noticias Carre\\u00f1o\",\"item\":\"https:\\\/\\\/candas365.es\\\/noticias\\\/category\\\/noticias-carreno\\\/\",\"nextItem\":{\"@type\":\"ListItem\",\"@id\":\"https:\\\/\\\/candas365.es\\\/noticias\\\/nuevo-punto-de-reciclaje-de-aceite-domestico-en-carreno\\\/#listItem\",\"name\":\"Nuevo punto de reciclaje de aceite dom\\u00e9stico en Carre\\u00f1o\"},\"previousItem\":{\"@type\":\"ListItem\",\"@id\":\"https:\\\/\\\/candas365.es\\\/noticias#listItem\",\"name\":\"Home\"}},{\"@type\":\"ListItem\",\"@id\":\"https:\\\/\\\/candas365.es\\\/noticias\\\/nuevo-punto-de-reciclaje-de-aceite-domestico-en-carreno\\\/#listItem\",\"position\":3,\"name\":\"Nuevo punto de reciclaje de aceite dom\\u00e9stico en Carre\\u00f1o\",\"previousItem\":{\"@type\":\"ListItem\",\"@id\":\"https:\\\/\\\/candas365.es\\\/noticias\\\/category\\\/noticias-carreno\\\/#listItem\",\"name\":\"Noticias Carre\\u00f1o\"}}]},{\"@type\":\"NewsArticle\",\"@id\":\"https:\\\/\\\/candas365.es\\\/noticias\\\/nuevo-punto-de-reciclaje-de-aceite-domestico-en-carreno\\\/#newsarticle\",\"name\":\"Nuevo punto de reciclaje de aceite dom\\u00e9stico en Carre\\u00f1o | Cand\\u00e1s 365\",\"headline\":\"Nuevo punto de reciclaje de aceite dom\\u00e9stico en Carre\\u00f1o\",\"author\":{\"@id\":\"https:\\\/\\\/candas365.es\\\/noticias\\\/author\\\/admin\\\/#author\"},\"publisher\":{\"@id\":\"https:\\\/\\\/candas365.es\\\/noticias\\\/#organization\"},\"image\":{\"@type\":\"ImageObject\",\"url\":\"https:\\\/\\\/candas365.es\\\/noticias\\\/wp-content\\\/uploads\\\/2021\\\/02\\\/reciclaje.jpg\",\"width\":710,\"height\":508},\"datePublished\":\"2021-02-19T06:40:20+01:00\",\"dateModified\":\"2021-02-19T06:40:20+01:00\",\"inLanguage\":\"es-ES\",\"mainEntityOfPage\":{\"@id\":\"https:\\\/\\\/candas365.es\\\/noticias\\\/nuevo-punto-de-reciclaje-de-aceite-domestico-en-carreno\\\/#webpage\"},\"isPartOf\":{\"@id\":\"https:\\\/\\\/candas365.es\\\/noticias\\\/nuevo-punto-de-reciclaje-de-aceite-domestico-en-carreno\\\/#webpage\"},\"articleSection\":\"Noticias Carre\\u00f1o\",\"dateline\":\"Publicado el febrero 19, 2021.\"},{\"@type\":\"Organization\",\"@id\":\"https:\\\/\\\/candas365.es\\\/noticias\\\/#organization\",\"name\":\"Cand\\u00e1s 365\",\"description\":\"Cand\\u00e1s 365 es un diario digital independiente, fundado en 2012, con base en Asturias. Informamos con rigor sobre actualidad, sociedad, cultura y ocio, con una mirada local y global.\",\"url\":\"https:\\\/\\\/candas365.es\\\/noticias\\\/\",\"email\":\"info@candas365.es\",\"telephone\":\"+34652131393\",\"foundingDate\":\"2012-06-10\",\"logo\":{\"@type\":\"ImageObject\",\"url\":\"https:\\\/\\\/candas365.es\\\/noticias\\\/wp-content\\\/uploads\\\/2024\\\/09\\\/Candas-365-Redes.jpg\",\"@id\":\"https:\\\/\\\/candas365.es\\\/noticias\\\/nuevo-punto-de-reciclaje-de-aceite-domestico-en-carreno\\\/#organizationLogo\",\"width\":1152,\"height\":864,\"caption\":\"Cand\\u00e1s 365 Redes\"},\"image\":{\"@id\":\"https:\\\/\\\/candas365.es\\\/noticias\\\/nuevo-punto-de-reciclaje-de-aceite-domestico-en-carreno\\\/#organizationLogo\"},\"sameAs\":[\"https:\\\/\\\/www.facebook.com\\\/Nachofdezber\",\"https:\\\/\\\/x.com\\\/NabercoDigital\",\"https:\\\/\\\/www.instagram.com\\\/nachofdezber\\\/\",\"https:\\\/\\\/www.youtube.com\\\/channel\\\/UCZP-2wLEB9Rv6erhFmqVnvg\"],\"address\":{\"@id\":\"https:\\\/\\\/candas365.es\\\/noticias\\\/#postaladdress\",\"@type\":\"PostalAddress\",\"streetAddress\":\"san antonio 4, san antonio 4\",\"postalCode\":\"33430\",\"addressLocality\":\"Cand\\u00e1s\",\"addressRegion\":\"Asturias\",\"addressCountry\":\"ES\"}},{\"@type\":\"Person\",\"@id\":\"https:\\\/\\\/candas365.es\\\/noticias\\\/author\\\/admin\\\/#author\",\"url\":\"https:\\\/\\\/candas365.es\\\/noticias\\\/author\\\/admin\\\/\",\"name\":\"Cand\\u00e1s 365\",\"image\":{\"@type\":\"ImageObject\",\"@id\":\"https:\\\/\\\/candas365.es\\\/noticias\\\/nuevo-punto-de-reciclaje-de-aceite-domestico-en-carreno\\\/#authorImage\",\"url\":\"https:\\\/\\\/secure.gravatar.com\\\/avatar\\\/496a8e03d0c493ede1718b7934145dbdf8d89be1036b0eec9544e1094c9de390?s=96&d=mm&r=g\",\"width\":96,\"height\":96,\"caption\":\"Cand\\u00e1s 365\"},\"sameAs\":[\"https:\\\/\\\/www.facebook.com\\\/carrenoactualidad\",\"https:\\\/\\\/twitter.com\\\/nbasturias\",\"https:\\\/\\\/www.instagram.com\\\/nachofdezber\\\/\",\"https:\\\/\\\/www.youtube.com\\\/channel\\\/UCZP-2wLEB9Rv6erhFmqVnvg\"]},{\"@type\":\"WebPage\",\"@id\":\"https:\\\/\\\/candas365.es\\\/noticias\\\/nuevo-punto-de-reciclaje-de-aceite-domestico-en-carreno\\\/#webpage\",\"url\":\"https:\\\/\\\/candas365.es\\\/noticias\\\/nuevo-punto-de-reciclaje-de-aceite-domestico-en-carreno\\\/\",\"name\":\"Nuevo punto de reciclaje de aceite dom\\u00e9stico en Carre\\u00f1o | Cand\\u00e1s 365\",\"description\":\"La colocaci\\u00f3n de este nuevo dep\\u00f3sito en el Barrio del Xelaz, para la recogida de aceite dom\\u00e9stico, se suma al colocado a finales de diciembre del 2020\",\"inLanguage\":\"es-ES\",\"isPartOf\":{\"@id\":\"https:\\\/\\\/candas365.es\\\/noticias\\\/#website\"},\"breadcrumb\":{\"@id\":\"https:\\\/\\\/candas365.es\\\/noticias\\\/nuevo-punto-de-reciclaje-de-aceite-domestico-en-carreno\\\/#breadcrumblist\"},\"author\":{\"@id\":\"https:\\\/\\\/candas365.es\\\/noticias\\\/author\\\/admin\\\/#author\"},\"creator\":{\"@id\":\"https:\\\/\\\/candas365.es\\\/noticias\\\/author\\\/admin\\\/#author\"},\"image\":{\"@type\":\"ImageObject\",\"url\":\"https:\\\/\\\/candas365.es\\\/noticias\\\/wp-content\\\/uploads\\\/2021\\\/02\\\/reciclaje.jpg\",\"@id\":\"https:\\\/\\\/candas365.es\\\/noticias\\\/nuevo-punto-de-reciclaje-de-aceite-domestico-en-carreno\\\/#mainImage\",\"width\":710,\"height\":508},\"primaryImageOfPage\":{\"@id\":\"https:\\\/\\\/candas365.es\\\/noticias\\\/nuevo-punto-de-reciclaje-de-aceite-domestico-en-carreno\\\/#mainImage\"},\"datePublished\":\"2021-02-19T06:40:20+01:00\",\"dateModified\":\"2021-02-19T06:40:20+01:00\"},{\"@type\":\"WebSite\",\"@id\":\"https:\\\/\\\/candas365.es\\\/noticias\\\/#website\",\"url\":\"https:\\\/\\\/candas365.es\\\/noticias\\\/\",\"name\":\"Cand\\u00e1s 365\",\"alternateName\":\"Cand\\u00e1s 365 Noticias\",\"description\":\"Actualidad desde Carre\\u00f1o para el mundo\",\"inLanguage\":\"es-ES\",\"publisher\":{\"@id\":\"https:\\\/\\\/candas365.es\\\/noticias\\\/#organization\"}}]}\n\t\t<\/script>\n\t\t<!-- All in One SEO Pro -->\r\n\t\t<title>Nuevo punto de reciclaje de aceite dom\u00e9stico en Carre\u00f1o | Cand\u00e1s 365<\/title>\n\n","aioseo_head_json":{"title":"Nuevo punto de reciclaje de aceite dom\u00e9stico en Carre\u00f1o | Cand\u00e1s 365","description":"La colocaci\u00f3n de este nuevo dep\u00f3sito en el Barrio del Xelaz, para la recogida de aceite dom\u00e9stico, se suma al colocado a finales de diciembre del 2020","canonical_url":"https:\/\/candas365.es\/noticias\/nuevo-punto-de-reciclaje-de-aceite-domestico-en-carreno\/","robots":"max-image-preview:large","keywords":"noticias carre\u00f1o","webmasterTools":{"google-site-verification":"UA-32230408-1","msvalidate.01":"354F3CDFB2DA171B47FBE9ABF1F88D5","miscellaneous":""},"schema":{"@context":"https:\/\/schema.org","@graph":[{"@type":"BreadcrumbList","@id":"https:\/\/candas365.es\/noticias\/nuevo-punto-de-reciclaje-de-aceite-domestico-en-carreno\/#breadcrumblist","itemListElement":[{"@type":"ListItem","@id":"https:\/\/candas365.es\/noticias#listItem","position":1,"name":"Home","item":"https:\/\/candas365.es\/noticias","nextItem":{"@type":"ListItem","@id":"https:\/\/candas365.es\/noticias\/category\/noticias-carreno\/#listItem","name":"Noticias Carre\u00f1o"}},{"@type":"ListItem","@id":"https:\/\/candas365.es\/noticias\/category\/noticias-carreno\/#listItem","position":2,"name":"Noticias Carre\u00f1o","item":"https:\/\/candas365.es\/noticias\/category\/noticias-carreno\/","nextItem":{"@type":"ListItem","@id":"https:\/\/candas365.es\/noticias\/nuevo-punto-de-reciclaje-de-aceite-domestico-en-carreno\/#listItem","name":"Nuevo punto de reciclaje de aceite dom\u00e9stico en Carre\u00f1o"},"previousItem":{"@type":"ListItem","@id":"https:\/\/candas365.es\/noticias#listItem","name":"Home"}},{"@type":"ListItem","@id":"https:\/\/candas365.es\/noticias\/nuevo-punto-de-reciclaje-de-aceite-domestico-en-carreno\/#listItem","position":3,"name":"Nuevo punto de reciclaje de aceite dom\u00e9stico en Carre\u00f1o","previousItem":{"@type":"ListItem","@id":"https:\/\/candas365.es\/noticias\/category\/noticias-carreno\/#listItem","name":"Noticias Carre\u00f1o"}}]},{"@type":"NewsArticle","@id":"https:\/\/candas365.es\/noticias\/nuevo-punto-de-reciclaje-de-aceite-domestico-en-carreno\/#newsarticle","name":"Nuevo punto de reciclaje de aceite dom\u00e9stico en Carre\u00f1o | Cand\u00e1s 365","headline":"Nuevo punto de reciclaje de aceite dom\u00e9stico en Carre\u00f1o","author":{"@id":"https:\/\/candas365.es\/noticias\/author\/admin\/#author"},"publisher":{"@id":"https:\/\/candas365.es\/noticias\/#organization"},"image":{"@type":"ImageObject","url":"https:\/\/candas365.es\/noticias\/wp-content\/uploads\/2021\/02\/reciclaje.jpg","width":710,"height":508},"datePublished":"2021-02-19T06:40:20+01:00","dateModified":"2021-02-19T06:40:20+01:00","inLanguage":"es-ES","mainEntityOfPage":{"@id":"https:\/\/candas365.es\/noticias\/nuevo-punto-de-reciclaje-de-aceite-domestico-en-carreno\/#webpage"},"isPartOf":{"@id":"https:\/\/candas365.es\/noticias\/nuevo-punto-de-reciclaje-de-aceite-domestico-en-carreno\/#webpage"},"articleSection":"Noticias Carre\u00f1o","dateline":"Publicado el febrero 19, 2021."},{"@type":"Organization","@id":"https:\/\/candas365.es\/noticias\/#organization","name":"Cand\u00e1s 365","description":"Cand\u00e1s 365 es un diario digital independiente, fundado en 2012, con base en Asturias. Informamos con rigor sobre actualidad, sociedad, cultura y ocio, con una mirada local y global.","url":"https:\/\/candas365.es\/noticias\/","email":"info@candas365.es","telephone":"+34652131393","foundingDate":"2012-06-10","logo":{"@type":"ImageObject","url":"https:\/\/candas365.es\/noticias\/wp-content\/uploads\/2024\/09\/Candas-365-Redes.jpg","@id":"https:\/\/candas365.es\/noticias\/nuevo-punto-de-reciclaje-de-aceite-domestico-en-carreno\/#organizationLogo","width":1152,"height":864,"caption":"Cand\u00e1s 365 Redes"},"image":{"@id":"https:\/\/candas365.es\/noticias\/nuevo-punto-de-reciclaje-de-aceite-domestico-en-carreno\/#organizationLogo"},"sameAs":["https:\/\/www.facebook.com\/Nachofdezber","https:\/\/x.com\/NabercoDigital","https:\/\/www.instagram.com\/nachofdezber\/","https:\/\/www.youtube.com\/channel\/UCZP-2wLEB9Rv6erhFmqVnvg"],"address":{"@id":"https:\/\/candas365.es\/noticias\/#postaladdress","@type":"PostalAddress","streetAddress":"san antonio 4, san antonio 4","postalCode":"33430","addressLocality":"Cand\u00e1s","addressRegion":"Asturias","addressCountry":"ES"}},{"@type":"Person","@id":"https:\/\/candas365.es\/noticias\/author\/admin\/#author","url":"https:\/\/candas365.es\/noticias\/author\/admin\/","name":"Cand\u00e1s 365","image":{"@type":"ImageObject","@id":"https:\/\/candas365.es\/noticias\/nuevo-punto-de-reciclaje-de-aceite-domestico-en-carreno\/#authorImage","url":"https:\/\/secure.gravatar.com\/avatar\/496a8e03d0c493ede1718b7934145dbdf8d89be1036b0eec9544e1094c9de390?s=96&d=mm&r=g","width":96,"height":96,"caption":"Cand\u00e1s 365"},"sameAs":["https:\/\/www.facebook.com\/carrenoactualidad","https:\/\/twitter.com\/nbasturias","https:\/\/www.instagram.com\/nachofdezber\/","https:\/\/www.youtube.com\/channel\/UCZP-2wLEB9Rv6erhFmqVnvg"]},{"@type":"WebPage","@id":"https:\/\/candas365.es\/noticias\/nuevo-punto-de-reciclaje-de-aceite-domestico-en-carreno\/#webpage","url":"https:\/\/candas365.es\/noticias\/nuevo-punto-de-reciclaje-de-aceite-domestico-en-carreno\/","name":"Nuevo punto de reciclaje de aceite dom\u00e9stico en Carre\u00f1o | Cand\u00e1s 365","description":"La colocaci\u00f3n de este nuevo dep\u00f3sito en el Barrio del Xelaz, para la recogida de aceite dom\u00e9stico, se suma al colocado a finales de diciembre del 2020","inLanguage":"es-ES","isPartOf":{"@id":"https:\/\/candas365.es\/noticias\/#website"},"breadcrumb":{"@id":"https:\/\/candas365.es\/noticias\/nuevo-punto-de-reciclaje-de-aceite-domestico-en-carreno\/#breadcrumblist"},"author":{"@id":"https:\/\/candas365.es\/noticias\/author\/admin\/#author"},"creator":{"@id":"https:\/\/candas365.es\/noticias\/author\/admin\/#author"},"image":{"@type":"ImageObject","url":"https:\/\/candas365.es\/noticias\/wp-content\/uploads\/2021\/02\/reciclaje.jpg","@id":"https:\/\/candas365.es\/noticias\/nuevo-punto-de-reciclaje-de-aceite-domestico-en-carreno\/#mainImage","width":710,"height":508},"primaryImageOfPage":{"@id":"https:\/\/candas365.es\/noticias\/nuevo-punto-de-reciclaje-de-aceite-domestico-en-carreno\/#mainImage"},"datePublished":"2021-02-19T06:40:20+01:00","dateModified":"2021-02-19T06:40:20+01:00"},{"@type":"WebSite","@id":"https:\/\/candas365.es\/noticias\/#website","url":"https:\/\/candas365.es\/noticias\/","name":"Cand\u00e1s 365","alternateName":"Cand\u00e1s 365 Noticias","description":"Actualidad desde Carre\u00f1o para el mundo","inLanguage":"es-ES","publisher":{"@id":"https:\/\/candas365.es\/noticias\/#organization"}}]},"og:locale":"es_ES","og:site_name":"Cand\u00e1s 365","og:type":"article","og:title":"Nuevo punto de reciclaje de aceite dom\u00e9stico en Carre\u00f1o | Cand\u00e1s 365","og:description":"La colocaci\u00f3n de este nuevo dep\u00f3sito en el Barrio del Xelaz, para la recogida de aceite dom\u00e9stico, se suma al colocado a finales de diciembre del 2020","og:url":"https:\/\/candas365.es\/noticias\/nuevo-punto-de-reciclaje-de-aceite-domestico-en-carreno\/","og:image":"https:\/\/candas365.es\/noticias\/wp-content\/uploads\/2021\/02\/reciclaje.jpg","og:image:secure_url":"https:\/\/candas365.es\/noticias\/wp-content\/uploads\/2021\/02\/reciclaje.jpg","og:image:width":710,"og:image:height":508,"article:published_time":"2021-02-19T06:40:20+00:00","article:modified_time":"2021-02-19T06:40:20+00:00","article:publisher":"https:\/\/www.facebook.com\/Nachofdezber","article:author":"https:\/\/www.facebook.com\/carrenoactualidad","twitter:card":"summary_large_image","twitter:site":"@NabercoDigital","twitter:title":"Nuevo punto de reciclaje de aceite dom\u00e9stico en Carre\u00f1o | Cand\u00e1s 365","twitter:description":"La colocaci\u00f3n de este nuevo dep\u00f3sito en el Barrio del Xelaz, para la recogida de aceite dom\u00e9stico, se suma al colocado a finales de diciembre del 2020","twitter:creator":"@nbasturias","twitter:image":"https:\/\/candas365.es\/noticias\/wp-content\/uploads\/2021\/02\/reciclaje.jpg","twitter:label1":"Escrito por","twitter:data1":"Cand\u00e1s 365","twitter:label2":"Tiempo de lectura estimado","twitter:data2":"3 minutos"},"aioseo_meta_data":{"post_id":"151611","title":null,"description":"La colocaci\u00f3n de este nuevo dep\u00f3sito en el Barrio del Xelaz, para la recogida de aceite dom\u00e9stico, se suma al colocado a finales de diciembre del 2020","keywords":[{"label":"Noticias Carre\u00f1o","value":"Noticias Carre\u00f1o"}],"keyphrases":{"focus":[],"additional":[]},"primary_term":null,"canonical_url":null,"og_title":null,"og_description":null,"og_object_type":"default","og_image_type":"default","og_image_url":null,"og_image_width":null,"og_image_height":null,"og_image_custom_url":null,"og_image_custom_fields":null,"og_video":"","og_custom_url":null,"og_article_section":null,"og_article_tags":[],"twitter_use_og":false,"twitter_card":"default","twitter_image_type":"default","twitter_image_url":null,"twitter_image_custom_url":null,"twitter_image_custom_fields":null,"twitter_title":null,"twitter_description":null,"schema":{"blockGraphs":[],"customGraphs":[],"default":{"data":{"Article":[],"Course":[],"Dataset":[],"FAQPage":[],"Movie":[],"Person":[],"Product":[],"ProductReview":[],"Car":[],"Recipe":[],"Service":[],"SoftwareApplication":[],"WebPage":[]},"graphName":"","isEnabled":true},"graphs":[],"defaultGraph":"Article","defaultPostTypeGraph":""},"schema_type":"default","schema_type_options":"{\"article\":{\"articleType\":\"BlogPosting\"},\"course\":{\"name\":\"\",\"description\":\"\",\"provider\":\"\"},\"faq\":{\"pages\":[]},\"product\":{\"reviews\":[]},\"recipe\":{\"ingredients\":[],\"instructions\":[],\"keywords\":[]},\"software\":{\"reviews\":[],\"operatingSystems\":[]},\"webPage\":{\"webPageType\":\"WebPage\"}}","pillar_content":false,"robots_default":true,"robots_noindex":false,"robots_noarchive":false,"robots_nosnippet":false,"robots_nofollow":false,"robots_noimageindex":false,"robots_noodp":false,"robots_notranslate":false,"robots_max_snippet":"-1","robots_max_videopreview":"-1","robots_max_imagepreview":"large","priority":null,"frequency":"default","location":null,"local_seo":{"businessInfo":{"name":"","urls":{"website":"","aboutPage":"","contactPage":""},"address":{"line1":"","line2":"","zip":"","city":"","state":"","country":""},"contact":{"email":"","phone":"","fax":""},"ids":{"vatID":"","taxID":"","chamberID":""},"payment":{"priceIndication":"","currenciesAccepted":"","methodsAccepted":""},"areaServed":""},"openingHours":{"show":false,"closedLabel":"","open24h":false,"open24hLabel":"","open247":false,"use24hFormat":false,"twoSets":false,"timezone":"","hours":[]}},"seo_analyzer_scan_date":"2025-08-31 17:26:28","breadcrumb_settings":null,"limit_modified_date":false,"reviewed_by":null,"open_ai":null,"ai":null,"created":"2021-02-19 06:36:14","updated":"2025-08-31 17:26:28"},"aioseo_breadcrumb":"<div class=\"aioseo-breadcrumbs\"><span class=\"aioseo-breadcrumb\">\n\t<a href=\"https:\/\/candas365.es\/noticias\" title=\"Home\">Home<\/a>\n<\/span><span class=\"aioseo-breadcrumb-separator\">&ndash;<\/span><span class=\"aioseo-breadcrumb\">\n\t<a href=\"https:\/\/candas365.es\/noticias\/category\/noticias-carreno\/\" title=\"Noticias Carre\u00f1o\">Noticias Carre\u00f1o<\/a>\n<\/span><span class=\"aioseo-breadcrumb-separator\">&ndash;<\/span><span class=\"aioseo-breadcrumb\">\n\tNuevo punto de reciclaje de aceite dom\u00e9stico en Carre\u00f1o\n<\/span><\/div>","aioseo_breadcrumb_json":[{"label":"Home","link":"https:\/\/candas365.es\/noticias"},{"label":"Noticias Carre\u00f1o","link":"https:\/\/candas365.es\/noticias\/category\/noticias-carreno\/"},{"label":"Nuevo punto de reciclaje de aceite dom\u00e9stico en Carre\u00f1o","link":"https:\/\/candas365.es\/noticias\/nuevo-punto-de-reciclaje-de-aceite-domestico-en-carreno\/"}],"_links":{"self":[{"href":"https:\/\/candas365.es\/noticias\/wp-json\/wp\/v2\/posts\/151611","targetHints":{"allow":["GET"]}}],"collection":[{"href":"https:\/\/candas365.es\/noticias\/wp-json\/wp\/v2\/posts"}],"about":[{"href":"https:\/\/candas365.es\/noticias\/wp-json\/wp\/v2\/types\/post"}],"author":[{"embeddable":true,"href":"https:\/\/candas365.es\/noticias\/wp-json\/wp\/v2\/users\/1"}],"replies":[{"embeddable":true,"href":"https:\/\/candas365.es\/noticias\/wp-json\/wp\/v2\/comments?post=151611"}],"version-history":[{"count":0,"href":"https:\/\/candas365.es\/noticias\/wp-json\/wp\/v2\/posts\/151611\/revisions"}],"wp:featuredmedia":[{"embeddable":true,"href":"https:\/\/candas365.es\/noticias\/wp-json\/wp\/v2\/media\/151612"}],"wp:attachment":[{"href":"https:\/\/candas365.es\/noticias\/wp-json\/wp\/v2\/media?parent=151611"}],"wp:term":[{"taxonomy":"category","embeddable":true,"href":"https:\/\/candas365.es\/noticias\/wp-json\/wp\/v2\/categories?post=151611"},{"taxonomy":"post_tag","embeddable":true,"href":"https:\/\/candas365.es\/noticias\/wp-json\/wp\/v2\/tags?post=151611"}],"curies":[{"name":"wp","href":"https:\/\/api.w.org\/{rel}","templated":true}]}}