{"id":151609,"date":"2021-02-19T06:33:36","date_gmt":"2021-02-19T06:33:36","guid":{"rendered":"http:\/\/candas365.es\/noticias\/?p=151609"},"modified":"2021-02-19T06:33:36","modified_gmt":"2021-02-19T06:33:36","slug":"nuevo-presupuesto-para-el-patronato-cultural-teatro-prendes","status":"publish","type":"post","link":"https:\/\/candas365.es\/noticias\/nuevo-presupuesto-para-el-patronato-cultural-teatro-prendes\/","title":{"rendered":"Nuevo presupuesto para el Patronato Cultural Teatro Prendes"},"content":{"rendered":"<p><img fetchpriority=\"high\" decoding=\"async\" class=\"alignleft size-medium wp-image-937\" src=\"https:\/\/candas365.es\/noticias\/wp-content\/uploads\/2014\/09\/cinecandas-360x240.jpg\" alt=\"\" width=\"360\" height=\"240\" srcset=\"https:\/\/candas365.es\/noticias\/wp-content\/uploads\/2014\/09\/cinecandas-360x240.jpg 360w, https:\/\/candas365.es\/noticias\/wp-content\/uploads\/2014\/09\/cinecandas-650x433.jpg 650w, https:\/\/candas365.es\/noticias\/wp-content\/uploads\/2014\/09\/cinecandas-768x512.jpg 768w, https:\/\/candas365.es\/noticias\/wp-content\/uploads\/2014\/09\/cinecandas-150x100.jpg 150w, https:\/\/candas365.es\/noticias\/wp-content\/uploads\/2014\/09\/cinecandas-450x300.jpg 450w, https:\/\/candas365.es\/noticias\/wp-content\/uploads\/2014\/09\/cinecandas-655x436.jpg 655w, https:\/\/candas365.es\/noticias\/wp-content\/uploads\/2014\/09\/cinecandas-696x464.jpg 696w, https:\/\/candas365.es\/noticias\/wp-content\/uploads\/2014\/09\/cinecandas-630x420.jpg 630w, https:\/\/candas365.es\/noticias\/wp-content\/uploads\/2014\/09\/cinecandas-84x55.jpg 84w, https:\/\/candas365.es\/noticias\/wp-content\/uploads\/2014\/09\/cinecandas.jpg 980w\" sizes=\"(max-width: 360px) 100vw, 360px\" \/>Dos son los \u00f3rganos de gobierno del Patronato del Teatro Prendes. El Consejo de Gerencia, del que forman parte los grupos pol\u00edticos PSOE, IU y PP. Las personas representantes de las formaciones, que telem\u00e1ticamente, asistieron al Concejo de Gerencia, PSOE y PP dieron previamente su conformidad a estos prepuestos, mientras que IU opt\u00f3 por la abstenci\u00f3n. Por lo que por mayor\u00eda se propuso para su aprobaci\u00f3n al otro \u00f3rgano, la Junta Rectora, la cual es la que tiene la potestad para aprobar el presupuesto.<\/p>\n<p>La Junta del Patronato Prendes la forman las personas designadas por los grupos pol\u00edticos con representaci\u00f3n en el Consistorio, representantes de los Centros Educativos del Concejo y de las Asociaciones de padres\/madres de los centros escolares, y est\u00e1 presidida por el Concejal de Cultura y Presidente del Patronato Jos\u00e9 Jes\u00fas Varela. En la sesi\u00f3n celebrada telem\u00e1ticamente el proyecto de presupuesto fue aprobado con el voto favorable de la representaci\u00f3n del PSOE, PP, Somos-Podemos Carre\u00f1o, de los Centros Educativos y de las Asociaciones de padres\/madres de estos centros e IU mantuvo la abstenci\u00f3n.<\/p>\n<p>\u201cEn un a\u00f1o dif\u00edcil para todos los sectores econ\u00f3micos y en especial para la cultura, el proyecto de presupuesto confirma el compromiso de la Corporaci\u00f3n con la promoci\u00f3n de la cultura y la apuesta por una oferta p\u00fablica de calidad y accesible para todos y todas al no reducir la aportaci\u00f3n que hace el Ayuntamiento al Patronato para su mantenimiento. La aportaci\u00f3n del Consistorio ser\u00e1 la misma que la del a\u00f1o 2020, 159.320 \u20ac\u201d se\u00f1al\u00f3 Jos\u00e9 Jes\u00fas Varela \u2013 Presidente del Patronato Centro Cultural Teatro Prendes.<\/p>\n<p>\u201cEs un proyecto de presupuesto que tiene en cuenta en su desarrollo tanto program\u00e1tico, como econ\u00f3mico, la actual situaci\u00f3n de crisis sanitaria que nos ha afectado como al resto del sector cultural. En este sentido en el a\u00f1o 2020, el cierre de nuestras instalaciones durante 4 meses, la limitaci\u00f3n obligada de aforo, pasando de 520 a 262 butacas, as\u00ed como los cierres perimetrales y el toque de queda han tenido como consecuencia una notable disminuci\u00f3n de p\u00fablico, y por tanto de los ingresos. En el a\u00f1o 2019, el mejor a\u00f1o de la historia del Teatro Prendes, los diferentes espect\u00e1culos congregaron a 31.291 personas. Esta cifra el a\u00f1o pasado se vio reducida en un 60%, asistiendo al Prendes 9.996 personas\u201d prosigui\u00f3 el Presidente.<\/p>\n<p>Fundamentalmente tres son las actividades culturales que se desarrollan el Teatro Prendes:<\/p>\n<p>&#8211; Cine: La programaci\u00f3n cinematogr\u00e1fica seguir\u00e1 enfocada a las pel\u00edculas de actualidad, sin olvidar el cine infantil o el cl\u00e1sico. Adem\u00e1s de mantener una de las actividades que m\u00e1s \u00e9xito tiene en verano, el ciclo al Aire Libre. Este a\u00f1o se postula como un a\u00f1o de grandes estrenos cinematogr\u00e1ficos al estar pendientes varios de ellos<\/p>\n<p>&#8211; Teatro: Consolidar la actual oferta Teatral y de Danza con las Campa\u00f1as el \u201cMen\u00fa del Verano\u201d o el ciclo durante oto\u00f1o, invierno y primavera \u201cMen\u00fas a Escena\u201d, en colaboraci\u00f3n con la hosteler\u00eda local, el \u00faltimo viernes de cada mes, si la situaci\u00f3n sanitaria lo permite. Por lo que se seguir\u00e1 formando parte del Circuito Asturiano de Artes Esc\u00e9nicas Profesionales y del nuevo Circuito de Cultural Tradicional promovidos por la Consejer\u00eda de Cultura, Pol\u00edtica Lling\u00fc\u00edstica y Turismo del Principado de Asturias. Como complemento a esta consolidaci\u00f3n se mantendr\u00e1 la Muestra anual de Feteas, el Festival de T\u00edteres y se potenciar\u00e1 el Sal\u00f3n de Teatro Costumbrista Asturiano de Cand\u00e1s entre otras actividades.<\/p>\n<p>&#8211; M\u00fasica: Apoyo a todas las actividades que vienen organizando las Entidades Culturales Musicales de Carre\u00f1o, as\u00ed como los grupos de rock, folk, pop,\u2026en este sentido el Centro se ha adherido al nuevo Circuito de M\u00fasica promovido por la administraci\u00f3n regional.<\/p>\n<p>\u201cCabe destacar en el \u00e1mbito laboral, que a lo largo de este a\u00f1o 2021 tres personas pertenecientes a la plantilla del Patronato cesar\u00e1n en su relaci\u00f3n laboral con la Entidad al llegar a la edad necesaria para su jubilaci\u00f3n. La Gerencia ya est\u00e1 trabajando en definir los perfiles de las personas a sustituir con el objetivo de cubrir las vacantes de la manera m\u00e1s eficiente y eficaz. Todo ello en aras de consolidar un empleo p\u00fablico de calidad, mejorar la calidad de vida del personal y la mejora de los servicios que el Ayuntamiento pone a disposici\u00f3n de la ciudadan\u00eda\u201d finaliz\u00f3 Varela.<\/p>\n<p>&nbsp;<\/p>\n","protected":false},"excerpt":{"rendered":"<p>Dos son los \u00f3rganos de gobierno del Patronato del Teatro Prendes. El Consejo de Gerencia, del que forman parte los grupos pol\u00edticos PSOE, IU y PP. Las personas representantes de las formaciones, que telem\u00e1ticamente, asistieron al Concejo de Gerencia, PSOE y PP dieron previamente su conformidad a estos prepuestos, mientras que IU opt\u00f3 por la<\/p>\n","protected":false},"author":1,"featured_media":16323,"comment_status":"closed","ping_status":"closed","sticky":false,"template":"","format":"standard","meta":{"footnotes":""},"categories":[2],"tags":[],"class_list":{"0":"post-151609","1":"post","2":"type-post","3":"status-publish","4":"format-standard","5":"has-post-thumbnail","7":"category-noticias-carreno"},"aioseo_notices":[],"aioseo_head":"\n\t\t<!-- All in One SEO Pro 4.9.6.2 - aioseo.com -->\n\t<meta name=\"description\" content=\"En la sesi\u00f3n celebrada telem\u00e1ticamente el proyecto de presupuesto fue aprobado con el voto favorable de la representaci\u00f3n del PSOE, PP, Somos-Podemos Carre\u00f1oDos son los \u00f3rganos de gobierno del Patronato del Teatro Prendes. El Consejo de Gerencia, del que forman parte los grupos pol\u00edticos PSOE, IU y PP. Las personas representantes de las formaciones, que telem\u00e1ticamente, asistieron al Concejo de Gerencia, PSOE y PP dieron previamente su conformidad a estos prepuestos, mientras que IU opt\u00f3 por la\" \/>\n\t<meta name=\"robots\" content=\"max-image-preview:large\" \/>\n\t<meta name=\"author\" content=\"Cand\u00e1s 365\"\/>\n\t<meta name=\"google-site-verification\" content=\"UA-32230408-1\" \/>\n\t<meta name=\"msvalidate.01\" content=\"354F3CDFB2DA171B47FBE9ABF1F88D5\" \/>\n\t<meta name=\"keywords\" content=\"noticias carre\u00f1o\" \/>\n\t<link rel=\"canonical\" href=\"https:\/\/candas365.es\/noticias\/nuevo-presupuesto-para-el-patronato-cultural-teatro-prendes\/\" \/>\n\t<meta name=\"generator\" content=\"All in One SEO Pro (AIOSEO) 4.9.6.2\" \/>\n\t\t<meta property=\"og:locale\" content=\"es_ES\" \/>\n\t\t<meta property=\"og:site_name\" content=\"Cand\u00e1s 365\" \/>\n\t\t<meta property=\"og:type\" content=\"article\" \/>\n\t\t<meta property=\"og:title\" content=\"Nuevo presupuesto para el Patronato Cultural Teatro Prendes | Cand\u00e1s 365\" \/>\n\t\t<meta property=\"og:description\" content=\"En la sesi\u00f3n celebrada telem\u00e1ticamente el proyecto de presupuesto fue aprobado con el voto favorable de la representaci\u00f3n del PSOE, PP, Somos-Podemos Carre\u00f1oDos son los \u00f3rganos de gobierno del Patronato del Teatro Prendes. El Consejo de Gerencia, del que forman parte los grupos pol\u00edticos PSOE, IU y PP. Las personas representantes de las formaciones, que telem\u00e1ticamente, asistieron al Concejo de Gerencia, PSOE y PP dieron previamente su conformidad a estos prepuestos, mientras que IU opt\u00f3 por la\" \/>\n\t\t<meta property=\"og:url\" content=\"https:\/\/candas365.es\/noticias\/nuevo-presupuesto-para-el-patronato-cultural-teatro-prendes\/\" \/>\n\t\t<meta property=\"og:image\" content=\"https:\/\/candas365.es\/noticias\/wp-content\/uploads\/2015\/09\/cine-candas.jpg\" \/>\n\t\t<meta property=\"og:image:secure_url\" content=\"https:\/\/candas365.es\/noticias\/wp-content\/uploads\/2015\/09\/cine-candas.jpg\" \/>\n\t\t<meta property=\"og:image:width\" content=\"655\" \/>\n\t\t<meta property=\"og:image:height\" content=\"360\" \/>\n\t\t<meta property=\"article:published_time\" content=\"2021-02-19T06:33:36+00:00\" \/>\n\t\t<meta property=\"article:modified_time\" content=\"2021-02-19T06:33:36+00:00\" \/>\n\t\t<meta property=\"article:publisher\" content=\"https:\/\/www.facebook.com\/Nachofdezber\" \/>\n\t\t<meta property=\"article:author\" content=\"https:\/\/www.facebook.com\/carrenoactualidad\" \/>\n\t\t<meta name=\"twitter:card\" content=\"summary_large_image\" \/>\n\t\t<meta name=\"twitter:site\" content=\"@NabercoDigital\" \/>\n\t\t<meta name=\"twitter:title\" content=\"Nuevo presupuesto para el Patronato Cultural Teatro Prendes | Cand\u00e1s 365\" \/>\n\t\t<meta name=\"twitter:description\" content=\"En la sesi\u00f3n celebrada telem\u00e1ticamente el proyecto de presupuesto fue aprobado con el voto favorable de la representaci\u00f3n del PSOE, PP, Somos-Podemos Carre\u00f1oDos son los \u00f3rganos de gobierno del Patronato del Teatro Prendes. El Consejo de Gerencia, del que forman parte los grupos pol\u00edticos PSOE, IU y PP. Las personas representantes de las formaciones, que telem\u00e1ticamente, asistieron al Concejo de Gerencia, PSOE y PP dieron previamente su conformidad a estos prepuestos, mientras que IU opt\u00f3 por la\" \/>\n\t\t<meta name=\"twitter:creator\" content=\"@nbasturias\" \/>\n\t\t<meta name=\"twitter:image\" content=\"https:\/\/candas365.es\/noticias\/wp-content\/uploads\/2015\/09\/cine-candas.jpg\" \/>\n\t\t<meta name=\"twitter:label1\" content=\"Escrito por\" \/>\n\t\t<meta name=\"twitter:data1\" content=\"Cand\u00e1s 365\" \/>\n\t\t<meta name=\"twitter:label2\" content=\"Tiempo de lectura estimado\" \/>\n\t\t<meta name=\"twitter:data2\" content=\"4 minutos\" \/>\n\t\t<script type=\"application\/ld+json\" class=\"aioseo-schema\">\n\t\t\t{\"@context\":\"https:\\\/\\\/schema.org\",\"@graph\":[{\"@type\":\"BreadcrumbList\",\"@id\":\"https:\\\/\\\/candas365.es\\\/noticias\\\/nuevo-presupuesto-para-el-patronato-cultural-teatro-prendes\\\/#breadcrumblist\",\"itemListElement\":[{\"@type\":\"ListItem\",\"@id\":\"https:\\\/\\\/candas365.es\\\/noticias#listItem\",\"position\":1,\"name\":\"Home\",\"item\":\"https:\\\/\\\/candas365.es\\\/noticias\",\"nextItem\":{\"@type\":\"ListItem\",\"@id\":\"https:\\\/\\\/candas365.es\\\/noticias\\\/category\\\/noticias-carreno\\\/#listItem\",\"name\":\"Noticias Carre\\u00f1o\"}},{\"@type\":\"ListItem\",\"@id\":\"https:\\\/\\\/candas365.es\\\/noticias\\\/category\\\/noticias-carreno\\\/#listItem\",\"position\":2,\"name\":\"Noticias Carre\\u00f1o\",\"item\":\"https:\\\/\\\/candas365.es\\\/noticias\\\/category\\\/noticias-carreno\\\/\",\"nextItem\":{\"@type\":\"ListItem\",\"@id\":\"https:\\\/\\\/candas365.es\\\/noticias\\\/nuevo-presupuesto-para-el-patronato-cultural-teatro-prendes\\\/#listItem\",\"name\":\"Nuevo presupuesto para el Patronato Cultural Teatro Prendes\"},\"previousItem\":{\"@type\":\"ListItem\",\"@id\":\"https:\\\/\\\/candas365.es\\\/noticias#listItem\",\"name\":\"Home\"}},{\"@type\":\"ListItem\",\"@id\":\"https:\\\/\\\/candas365.es\\\/noticias\\\/nuevo-presupuesto-para-el-patronato-cultural-teatro-prendes\\\/#listItem\",\"position\":3,\"name\":\"Nuevo presupuesto para el Patronato Cultural Teatro Prendes\",\"previousItem\":{\"@type\":\"ListItem\",\"@id\":\"https:\\\/\\\/candas365.es\\\/noticias\\\/category\\\/noticias-carreno\\\/#listItem\",\"name\":\"Noticias Carre\\u00f1o\"}}]},{\"@type\":\"NewsArticle\",\"@id\":\"https:\\\/\\\/candas365.es\\\/noticias\\\/nuevo-presupuesto-para-el-patronato-cultural-teatro-prendes\\\/#newsarticle\",\"name\":\"Nuevo presupuesto para el Patronato Cultural Teatro Prendes | Cand\\u00e1s 365\",\"headline\":\"Nuevo presupuesto para el Patronato Cultural Teatro Prendes\",\"author\":{\"@id\":\"https:\\\/\\\/candas365.es\\\/noticias\\\/author\\\/admin\\\/#author\"},\"publisher\":{\"@id\":\"https:\\\/\\\/candas365.es\\\/noticias\\\/#organization\"},\"image\":{\"@type\":\"ImageObject\",\"url\":\"https:\\\/\\\/candas365.es\\\/noticias\\\/wp-content\\\/uploads\\\/2015\\\/09\\\/cine-candas.jpg\",\"width\":655,\"height\":360},\"datePublished\":\"2021-02-19T06:33:36+01:00\",\"dateModified\":\"2021-02-19T06:33:36+01:00\",\"inLanguage\":\"es-ES\",\"mainEntityOfPage\":{\"@id\":\"https:\\\/\\\/candas365.es\\\/noticias\\\/nuevo-presupuesto-para-el-patronato-cultural-teatro-prendes\\\/#webpage\"},\"isPartOf\":{\"@id\":\"https:\\\/\\\/candas365.es\\\/noticias\\\/nuevo-presupuesto-para-el-patronato-cultural-teatro-prendes\\\/#webpage\"},\"articleSection\":\"Noticias Carre\\u00f1o\",\"dateline\":\"Publicado el febrero 19, 2021.\"},{\"@type\":\"Organization\",\"@id\":\"https:\\\/\\\/candas365.es\\\/noticias\\\/#organization\",\"name\":\"Cand\\u00e1s 365\",\"description\":\"Cand\\u00e1s 365 es un diario digital independiente, fundado en 2012, con base en Asturias. Informamos con rigor sobre actualidad, sociedad, cultura y ocio, con una mirada local y global.\",\"url\":\"https:\\\/\\\/candas365.es\\\/noticias\\\/\",\"email\":\"info@candas365.es\",\"telephone\":\"+34652131393\",\"foundingDate\":\"2012-06-10\",\"logo\":{\"@type\":\"ImageObject\",\"url\":\"https:\\\/\\\/candas365.es\\\/noticias\\\/wp-content\\\/uploads\\\/2024\\\/09\\\/Candas-365-Redes.jpg\",\"@id\":\"https:\\\/\\\/candas365.es\\\/noticias\\\/nuevo-presupuesto-para-el-patronato-cultural-teatro-prendes\\\/#organizationLogo\",\"width\":1152,\"height\":864,\"caption\":\"Cand\\u00e1s 365 Redes\"},\"image\":{\"@id\":\"https:\\\/\\\/candas365.es\\\/noticias\\\/nuevo-presupuesto-para-el-patronato-cultural-teatro-prendes\\\/#organizationLogo\"},\"sameAs\":[\"https:\\\/\\\/www.facebook.com\\\/Nachofdezber\",\"https:\\\/\\\/x.com\\\/NabercoDigital\",\"https:\\\/\\\/www.instagram.com\\\/nachofdezber\\\/\",\"https:\\\/\\\/www.youtube.com\\\/channel\\\/UCZP-2wLEB9Rv6erhFmqVnvg\"],\"address\":{\"@id\":\"https:\\\/\\\/candas365.es\\\/noticias\\\/#postaladdress\",\"@type\":\"PostalAddress\",\"streetAddress\":\"san antonio 4, san antonio 4\",\"postalCode\":\"33430\",\"addressLocality\":\"Cand\\u00e1s\",\"addressRegion\":\"Asturias\",\"addressCountry\":\"ES\"}},{\"@type\":\"Person\",\"@id\":\"https:\\\/\\\/candas365.es\\\/noticias\\\/author\\\/admin\\\/#author\",\"url\":\"https:\\\/\\\/candas365.es\\\/noticias\\\/author\\\/admin\\\/\",\"name\":\"Cand\\u00e1s 365\",\"image\":{\"@type\":\"ImageObject\",\"@id\":\"https:\\\/\\\/candas365.es\\\/noticias\\\/nuevo-presupuesto-para-el-patronato-cultural-teatro-prendes\\\/#authorImage\",\"url\":\"https:\\\/\\\/secure.gravatar.com\\\/avatar\\\/496a8e03d0c493ede1718b7934145dbdf8d89be1036b0eec9544e1094c9de390?s=96&d=mm&r=g\",\"width\":96,\"height\":96,\"caption\":\"Cand\\u00e1s 365\"},\"sameAs\":[\"https:\\\/\\\/www.facebook.com\\\/carrenoactualidad\",\"https:\\\/\\\/twitter.com\\\/nbasturias\",\"https:\\\/\\\/www.instagram.com\\\/nachofdezber\\\/\",\"https:\\\/\\\/www.youtube.com\\\/channel\\\/UCZP-2wLEB9Rv6erhFmqVnvg\"]},{\"@type\":\"WebPage\",\"@id\":\"https:\\\/\\\/candas365.es\\\/noticias\\\/nuevo-presupuesto-para-el-patronato-cultural-teatro-prendes\\\/#webpage\",\"url\":\"https:\\\/\\\/candas365.es\\\/noticias\\\/nuevo-presupuesto-para-el-patronato-cultural-teatro-prendes\\\/\",\"name\":\"Nuevo presupuesto para el Patronato Cultural Teatro Prendes | Cand\\u00e1s 365\",\"description\":\"En la sesi\\u00f3n celebrada telem\\u00e1ticamente el proyecto de presupuesto fue aprobado con el voto favorable de la representaci\\u00f3n del PSOE, PP, Somos-Podemos Carre\\u00f1oDos son los \\u00f3rganos de gobierno del Patronato del Teatro Prendes. El Consejo de Gerencia, del que forman parte los grupos pol\\u00edticos PSOE, IU y PP. Las personas representantes de las formaciones, que telem\\u00e1ticamente, asistieron al Concejo de Gerencia, PSOE y PP dieron previamente su conformidad a estos prepuestos, mientras que IU opt\\u00f3 por la\",\"inLanguage\":\"es-ES\",\"isPartOf\":{\"@id\":\"https:\\\/\\\/candas365.es\\\/noticias\\\/#website\"},\"breadcrumb\":{\"@id\":\"https:\\\/\\\/candas365.es\\\/noticias\\\/nuevo-presupuesto-para-el-patronato-cultural-teatro-prendes\\\/#breadcrumblist\"},\"author\":{\"@id\":\"https:\\\/\\\/candas365.es\\\/noticias\\\/author\\\/admin\\\/#author\"},\"creator\":{\"@id\":\"https:\\\/\\\/candas365.es\\\/noticias\\\/author\\\/admin\\\/#author\"},\"image\":{\"@type\":\"ImageObject\",\"url\":\"https:\\\/\\\/candas365.es\\\/noticias\\\/wp-content\\\/uploads\\\/2015\\\/09\\\/cine-candas.jpg\",\"@id\":\"https:\\\/\\\/candas365.es\\\/noticias\\\/nuevo-presupuesto-para-el-patronato-cultural-teatro-prendes\\\/#mainImage\",\"width\":655,\"height\":360},\"primaryImageOfPage\":{\"@id\":\"https:\\\/\\\/candas365.es\\\/noticias\\\/nuevo-presupuesto-para-el-patronato-cultural-teatro-prendes\\\/#mainImage\"},\"datePublished\":\"2021-02-19T06:33:36+01:00\",\"dateModified\":\"2021-02-19T06:33:36+01:00\"},{\"@type\":\"WebSite\",\"@id\":\"https:\\\/\\\/candas365.es\\\/noticias\\\/#website\",\"url\":\"https:\\\/\\\/candas365.es\\\/noticias\\\/\",\"name\":\"Cand\\u00e1s 365\",\"alternateName\":\"Cand\\u00e1s 365 Noticias\",\"description\":\"Actualidad desde Carre\\u00f1o para el mundo\",\"inLanguage\":\"es-ES\",\"publisher\":{\"@id\":\"https:\\\/\\\/candas365.es\\\/noticias\\\/#organization\"}}]}\n\t\t<\/script>\n\t\t<!-- All in One SEO Pro -->\r\n\t\t<title>Nuevo presupuesto para el Patronato Cultural Teatro Prendes | Cand\u00e1s 365<\/title>\n\n","aioseo_head_json":{"title":"Nuevo presupuesto para el Patronato Cultural Teatro Prendes | Cand\u00e1s 365","description":"En la sesi\u00f3n celebrada telem\u00e1ticamente el proyecto de presupuesto fue aprobado con el voto favorable de la representaci\u00f3n del PSOE, PP, Somos-Podemos Carre\u00f1oDos son los \u00f3rganos de gobierno del Patronato del Teatro Prendes. El Consejo de Gerencia, del que forman parte los grupos pol\u00edticos PSOE, IU y PP. Las personas representantes de las formaciones, que telem\u00e1ticamente, asistieron al Concejo de Gerencia, PSOE y PP dieron previamente su conformidad a estos prepuestos, mientras que IU opt\u00f3 por la","canonical_url":"https:\/\/candas365.es\/noticias\/nuevo-presupuesto-para-el-patronato-cultural-teatro-prendes\/","robots":"max-image-preview:large","keywords":"noticias carre\u00f1o","webmasterTools":{"google-site-verification":"UA-32230408-1","msvalidate.01":"354F3CDFB2DA171B47FBE9ABF1F88D5","miscellaneous":""},"schema":{"@context":"https:\/\/schema.org","@graph":[{"@type":"BreadcrumbList","@id":"https:\/\/candas365.es\/noticias\/nuevo-presupuesto-para-el-patronato-cultural-teatro-prendes\/#breadcrumblist","itemListElement":[{"@type":"ListItem","@id":"https:\/\/candas365.es\/noticias#listItem","position":1,"name":"Home","item":"https:\/\/candas365.es\/noticias","nextItem":{"@type":"ListItem","@id":"https:\/\/candas365.es\/noticias\/category\/noticias-carreno\/#listItem","name":"Noticias Carre\u00f1o"}},{"@type":"ListItem","@id":"https:\/\/candas365.es\/noticias\/category\/noticias-carreno\/#listItem","position":2,"name":"Noticias Carre\u00f1o","item":"https:\/\/candas365.es\/noticias\/category\/noticias-carreno\/","nextItem":{"@type":"ListItem","@id":"https:\/\/candas365.es\/noticias\/nuevo-presupuesto-para-el-patronato-cultural-teatro-prendes\/#listItem","name":"Nuevo presupuesto para el Patronato Cultural Teatro Prendes"},"previousItem":{"@type":"ListItem","@id":"https:\/\/candas365.es\/noticias#listItem","name":"Home"}},{"@type":"ListItem","@id":"https:\/\/candas365.es\/noticias\/nuevo-presupuesto-para-el-patronato-cultural-teatro-prendes\/#listItem","position":3,"name":"Nuevo presupuesto para el Patronato Cultural Teatro Prendes","previousItem":{"@type":"ListItem","@id":"https:\/\/candas365.es\/noticias\/category\/noticias-carreno\/#listItem","name":"Noticias Carre\u00f1o"}}]},{"@type":"NewsArticle","@id":"https:\/\/candas365.es\/noticias\/nuevo-presupuesto-para-el-patronato-cultural-teatro-prendes\/#newsarticle","name":"Nuevo presupuesto para el Patronato Cultural Teatro Prendes | Cand\u00e1s 365","headline":"Nuevo presupuesto para el Patronato Cultural Teatro Prendes","author":{"@id":"https:\/\/candas365.es\/noticias\/author\/admin\/#author"},"publisher":{"@id":"https:\/\/candas365.es\/noticias\/#organization"},"image":{"@type":"ImageObject","url":"https:\/\/candas365.es\/noticias\/wp-content\/uploads\/2015\/09\/cine-candas.jpg","width":655,"height":360},"datePublished":"2021-02-19T06:33:36+01:00","dateModified":"2021-02-19T06:33:36+01:00","inLanguage":"es-ES","mainEntityOfPage":{"@id":"https:\/\/candas365.es\/noticias\/nuevo-presupuesto-para-el-patronato-cultural-teatro-prendes\/#webpage"},"isPartOf":{"@id":"https:\/\/candas365.es\/noticias\/nuevo-presupuesto-para-el-patronato-cultural-teatro-prendes\/#webpage"},"articleSection":"Noticias Carre\u00f1o","dateline":"Publicado el febrero 19, 2021."},{"@type":"Organization","@id":"https:\/\/candas365.es\/noticias\/#organization","name":"Cand\u00e1s 365","description":"Cand\u00e1s 365 es un diario digital independiente, fundado en 2012, con base en Asturias. Informamos con rigor sobre actualidad, sociedad, cultura y ocio, con una mirada local y global.","url":"https:\/\/candas365.es\/noticias\/","email":"info@candas365.es","telephone":"+34652131393","foundingDate":"2012-06-10","logo":{"@type":"ImageObject","url":"https:\/\/candas365.es\/noticias\/wp-content\/uploads\/2024\/09\/Candas-365-Redes.jpg","@id":"https:\/\/candas365.es\/noticias\/nuevo-presupuesto-para-el-patronato-cultural-teatro-prendes\/#organizationLogo","width":1152,"height":864,"caption":"Cand\u00e1s 365 Redes"},"image":{"@id":"https:\/\/candas365.es\/noticias\/nuevo-presupuesto-para-el-patronato-cultural-teatro-prendes\/#organizationLogo"},"sameAs":["https:\/\/www.facebook.com\/Nachofdezber","https:\/\/x.com\/NabercoDigital","https:\/\/www.instagram.com\/nachofdezber\/","https:\/\/www.youtube.com\/channel\/UCZP-2wLEB9Rv6erhFmqVnvg"],"address":{"@id":"https:\/\/candas365.es\/noticias\/#postaladdress","@type":"PostalAddress","streetAddress":"san antonio 4, san antonio 4","postalCode":"33430","addressLocality":"Cand\u00e1s","addressRegion":"Asturias","addressCountry":"ES"}},{"@type":"Person","@id":"https:\/\/candas365.es\/noticias\/author\/admin\/#author","url":"https:\/\/candas365.es\/noticias\/author\/admin\/","name":"Cand\u00e1s 365","image":{"@type":"ImageObject","@id":"https:\/\/candas365.es\/noticias\/nuevo-presupuesto-para-el-patronato-cultural-teatro-prendes\/#authorImage","url":"https:\/\/secure.gravatar.com\/avatar\/496a8e03d0c493ede1718b7934145dbdf8d89be1036b0eec9544e1094c9de390?s=96&d=mm&r=g","width":96,"height":96,"caption":"Cand\u00e1s 365"},"sameAs":["https:\/\/www.facebook.com\/carrenoactualidad","https:\/\/twitter.com\/nbasturias","https:\/\/www.instagram.com\/nachofdezber\/","https:\/\/www.youtube.com\/channel\/UCZP-2wLEB9Rv6erhFmqVnvg"]},{"@type":"WebPage","@id":"https:\/\/candas365.es\/noticias\/nuevo-presupuesto-para-el-patronato-cultural-teatro-prendes\/#webpage","url":"https:\/\/candas365.es\/noticias\/nuevo-presupuesto-para-el-patronato-cultural-teatro-prendes\/","name":"Nuevo presupuesto para el Patronato Cultural Teatro Prendes | Cand\u00e1s 365","description":"En la sesi\u00f3n celebrada telem\u00e1ticamente el proyecto de presupuesto fue aprobado con el voto favorable de la representaci\u00f3n del PSOE, PP, Somos-Podemos Carre\u00f1oDos son los \u00f3rganos de gobierno del Patronato del Teatro Prendes. El Consejo de Gerencia, del que forman parte los grupos pol\u00edticos PSOE, IU y PP. Las personas representantes de las formaciones, que telem\u00e1ticamente, asistieron al Concejo de Gerencia, PSOE y PP dieron previamente su conformidad a estos prepuestos, mientras que IU opt\u00f3 por la","inLanguage":"es-ES","isPartOf":{"@id":"https:\/\/candas365.es\/noticias\/#website"},"breadcrumb":{"@id":"https:\/\/candas365.es\/noticias\/nuevo-presupuesto-para-el-patronato-cultural-teatro-prendes\/#breadcrumblist"},"author":{"@id":"https:\/\/candas365.es\/noticias\/author\/admin\/#author"},"creator":{"@id":"https:\/\/candas365.es\/noticias\/author\/admin\/#author"},"image":{"@type":"ImageObject","url":"https:\/\/candas365.es\/noticias\/wp-content\/uploads\/2015\/09\/cine-candas.jpg","@id":"https:\/\/candas365.es\/noticias\/nuevo-presupuesto-para-el-patronato-cultural-teatro-prendes\/#mainImage","width":655,"height":360},"primaryImageOfPage":{"@id":"https:\/\/candas365.es\/noticias\/nuevo-presupuesto-para-el-patronato-cultural-teatro-prendes\/#mainImage"},"datePublished":"2021-02-19T06:33:36+01:00","dateModified":"2021-02-19T06:33:36+01:00"},{"@type":"WebSite","@id":"https:\/\/candas365.es\/noticias\/#website","url":"https:\/\/candas365.es\/noticias\/","name":"Cand\u00e1s 365","alternateName":"Cand\u00e1s 365 Noticias","description":"Actualidad desde Carre\u00f1o para el mundo","inLanguage":"es-ES","publisher":{"@id":"https:\/\/candas365.es\/noticias\/#organization"}}]},"og:locale":"es_ES","og:site_name":"Cand\u00e1s 365","og:type":"article","og:title":"Nuevo presupuesto para el Patronato Cultural Teatro Prendes | Cand\u00e1s 365","og:description":"En la sesi\u00f3n celebrada telem\u00e1ticamente el proyecto de presupuesto fue aprobado con el voto favorable de la representaci\u00f3n del PSOE, PP, Somos-Podemos Carre\u00f1oDos son los \u00f3rganos de gobierno del Patronato del Teatro Prendes. El Consejo de Gerencia, del que forman parte los grupos pol\u00edticos PSOE, IU y PP. Las personas representantes de las formaciones, que telem\u00e1ticamente, asistieron al Concejo de Gerencia, PSOE y PP dieron previamente su conformidad a estos prepuestos, mientras que IU opt\u00f3 por la","og:url":"https:\/\/candas365.es\/noticias\/nuevo-presupuesto-para-el-patronato-cultural-teatro-prendes\/","og:image":"https:\/\/candas365.es\/noticias\/wp-content\/uploads\/2015\/09\/cine-candas.jpg","og:image:secure_url":"https:\/\/candas365.es\/noticias\/wp-content\/uploads\/2015\/09\/cine-candas.jpg","og:image:width":655,"og:image:height":360,"article:published_time":"2021-02-19T06:33:36+00:00","article:modified_time":"2021-02-19T06:33:36+00:00","article:publisher":"https:\/\/www.facebook.com\/Nachofdezber","article:author":"https:\/\/www.facebook.com\/carrenoactualidad","twitter:card":"summary_large_image","twitter:site":"@NabercoDigital","twitter:title":"Nuevo presupuesto para el Patronato Cultural Teatro Prendes | Cand\u00e1s 365","twitter:description":"En la sesi\u00f3n celebrada telem\u00e1ticamente el proyecto de presupuesto fue aprobado con el voto favorable de la representaci\u00f3n del PSOE, PP, Somos-Podemos Carre\u00f1oDos son los \u00f3rganos de gobierno del Patronato del Teatro Prendes. El Consejo de Gerencia, del que forman parte los grupos pol\u00edticos PSOE, IU y PP. Las personas representantes de las formaciones, que telem\u00e1ticamente, asistieron al Concejo de Gerencia, PSOE y PP dieron previamente su conformidad a estos prepuestos, mientras que IU opt\u00f3 por la","twitter:creator":"@nbasturias","twitter:image":"https:\/\/candas365.es\/noticias\/wp-content\/uploads\/2015\/09\/cine-candas.jpg","twitter:label1":"Escrito por","twitter:data1":"Cand\u00e1s 365","twitter:label2":"Tiempo de lectura estimado","twitter:data2":"4 minutos"},"aioseo_meta_data":{"post_id":"151609","title":null,"description":"En la sesi\u00f3n celebrada telem\u00e1ticamente el proyecto de presupuesto fue aprobado con el voto favorable de la representaci\u00f3n del PSOE, PP, Somos-Podemos Carre\u00f1o#post_excerpt","keywords":[{"label":"Noticias Carre\u00f1o","value":"Noticias Carre\u00f1o"}],"keyphrases":{"focus":[],"additional":[]},"primary_term":null,"canonical_url":null,"og_title":null,"og_description":null,"og_object_type":"default","og_image_type":"default","og_image_url":null,"og_image_width":null,"og_image_height":null,"og_image_custom_url":null,"og_image_custom_fields":null,"og_video":"","og_custom_url":null,"og_article_section":null,"og_article_tags":[],"twitter_use_og":false,"twitter_card":"default","twitter_image_type":"default","twitter_image_url":null,"twitter_image_custom_url":null,"twitter_image_custom_fields":null,"twitter_title":null,"twitter_description":null,"schema":{"blockGraphs":[],"customGraphs":[],"default":{"data":{"Article":[],"Course":[],"Dataset":[],"FAQPage":[],"Movie":[],"Person":[],"Product":[],"ProductReview":[],"Car":[],"Recipe":[],"Service":[],"SoftwareApplication":[],"WebPage":[]},"graphName":"","isEnabled":true},"graphs":[],"defaultGraph":"Article","defaultPostTypeGraph":""},"schema_type":"default","schema_type_options":"{\"article\":{\"articleType\":\"BlogPosting\"},\"course\":{\"name\":\"\",\"description\":\"\",\"provider\":\"\"},\"faq\":{\"pages\":[]},\"product\":{\"reviews\":[]},\"recipe\":{\"ingredients\":[],\"instructions\":[],\"keywords\":[]},\"software\":{\"reviews\":[],\"operatingSystems\":[]},\"webPage\":{\"webPageType\":\"WebPage\"}}","pillar_content":false,"robots_default":true,"robots_noindex":false,"robots_noarchive":false,"robots_nosnippet":false,"robots_nofollow":false,"robots_noimageindex":false,"robots_noodp":false,"robots_notranslate":false,"robots_max_snippet":"-1","robots_max_videopreview":"-1","robots_max_imagepreview":"large","priority":null,"frequency":"default","location":null,"local_seo":{"businessInfo":{"name":"","urls":{"website":"","aboutPage":"","contactPage":""},"address":{"line1":"","line2":"","zip":"","city":"","state":"","country":""},"contact":{"email":"","phone":"","fax":""},"ids":{"vatID":"","taxID":"","chamberID":""},"payment":{"priceIndication":"","currenciesAccepted":"","methodsAccepted":""},"areaServed":""},"openingHours":{"show":false,"closedLabel":"","open24h":false,"open24hLabel":"","open247":false,"use24hFormat":false,"twoSets":false,"timezone":"","hours":[]}},"seo_analyzer_scan_date":"2025-08-31 17:26:27","breadcrumb_settings":null,"limit_modified_date":false,"reviewed_by":null,"open_ai":null,"ai":null,"created":"2021-02-19 06:31:47","updated":"2025-08-31 17:26:27"},"aioseo_breadcrumb":"<div class=\"aioseo-breadcrumbs\"><span class=\"aioseo-breadcrumb\">\n\t<a href=\"https:\/\/candas365.es\/noticias\" title=\"Home\">Home<\/a>\n<\/span><span class=\"aioseo-breadcrumb-separator\">&ndash;<\/span><span class=\"aioseo-breadcrumb\">\n\t<a href=\"https:\/\/candas365.es\/noticias\/category\/noticias-carreno\/\" title=\"Noticias Carre\u00f1o\">Noticias Carre\u00f1o<\/a>\n<\/span><span class=\"aioseo-breadcrumb-separator\">&ndash;<\/span><span class=\"aioseo-breadcrumb\">\n\tNuevo presupuesto para el Patronato Cultural Teatro Prendes\n<\/span><\/div>","aioseo_breadcrumb_json":[{"label":"Home","link":"https:\/\/candas365.es\/noticias"},{"label":"Noticias Carre\u00f1o","link":"https:\/\/candas365.es\/noticias\/category\/noticias-carreno\/"},{"label":"Nuevo presupuesto para el Patronato Cultural Teatro Prendes","link":"https:\/\/candas365.es\/noticias\/nuevo-presupuesto-para-el-patronato-cultural-teatro-prendes\/"}],"_links":{"self":[{"href":"https:\/\/candas365.es\/noticias\/wp-json\/wp\/v2\/posts\/151609","targetHints":{"allow":["GET"]}}],"collection":[{"href":"https:\/\/candas365.es\/noticias\/wp-json\/wp\/v2\/posts"}],"about":[{"href":"https:\/\/candas365.es\/noticias\/wp-json\/wp\/v2\/types\/post"}],"author":[{"embeddable":true,"href":"https:\/\/candas365.es\/noticias\/wp-json\/wp\/v2\/users\/1"}],"replies":[{"embeddable":true,"href":"https:\/\/candas365.es\/noticias\/wp-json\/wp\/v2\/comments?post=151609"}],"version-history":[{"count":0,"href":"https:\/\/candas365.es\/noticias\/wp-json\/wp\/v2\/posts\/151609\/revisions"}],"wp:featuredmedia":[{"embeddable":true,"href":"https:\/\/candas365.es\/noticias\/wp-json\/wp\/v2\/media\/16323"}],"wp:attachment":[{"href":"https:\/\/candas365.es\/noticias\/wp-json\/wp\/v2\/media?parent=151609"}],"wp:term":[{"taxonomy":"category","embeddable":true,"href":"https:\/\/candas365.es\/noticias\/wp-json\/wp\/v2\/categories?post=151609"},{"taxonomy":"post_tag","embeddable":true,"href":"https:\/\/candas365.es\/noticias\/wp-json\/wp\/v2\/tags?post=151609"}],"curies":[{"name":"wp","href":"https:\/\/api.w.org\/{rel}","templated":true}]}}