{"id":151607,"date":"2021-02-19T06:30:13","date_gmt":"2021-02-19T06:30:13","guid":{"rendered":"http:\/\/candas365.es\/noticias\/?p=151607"},"modified":"2021-02-19T06:30:13","modified_gmt":"2021-02-19T06:30:13","slug":"carreno-mejorara-la-red-municipal-de-abastecimiento-de-agua","status":"publish","type":"post","link":"https:\/\/candas365.es\/noticias\/carreno-mejorara-la-red-municipal-de-abastecimiento-de-agua\/","title":{"rendered":"Carre\u00f1o mejorar\u00e1 la red municipal de abastecimiento de agua"},"content":{"rendered":"<p><img fetchpriority=\"high\" decoding=\"async\" class=\"alignleft size-medium wp-image-6453\" src=\"https:\/\/candas365.es\/noticias\/wp-content\/uploads\/2015\/01\/ayuntamiento-360x270.jpg\" alt=\"\" width=\"360\" height=\"270\" srcset=\"https:\/\/candas365.es\/noticias\/wp-content\/uploads\/2015\/01\/ayuntamiento-360x270.jpg 360w, https:\/\/candas365.es\/noticias\/wp-content\/uploads\/2015\/01\/ayuntamiento-640x480.jpg 640w, https:\/\/candas365.es\/noticias\/wp-content\/uploads\/2015\/01\/ayuntamiento-768x576.jpg 768w, https:\/\/candas365.es\/noticias\/wp-content\/uploads\/2015\/01\/ayuntamiento-150x113.jpg 150w, https:\/\/candas365.es\/noticias\/wp-content\/uploads\/2015\/01\/ayuntamiento-450x338.jpg 450w, https:\/\/candas365.es\/noticias\/wp-content\/uploads\/2015\/01\/ayuntamiento-80x60.jpg 80w, https:\/\/candas365.es\/noticias\/wp-content\/uploads\/2015\/01\/ayuntamiento-265x198.jpg 265w, https:\/\/candas365.es\/noticias\/wp-content\/uploads\/2015\/01\/ayuntamiento-696x522.jpg 696w, https:\/\/candas365.es\/noticias\/wp-content\/uploads\/2015\/01\/ayuntamiento-560x420.jpg 560w, https:\/\/candas365.es\/noticias\/wp-content\/uploads\/2015\/01\/ayuntamiento-90x67.jpg 90w, https:\/\/candas365.es\/noticias\/wp-content\/uploads\/2015\/01\/ayuntamiento.jpg 800w\" sizes=\"(max-width: 360px) 100vw, 360px\" \/>Con el objetivo de la realizaci\u00f3n de mejoras en la Red Municipal de Abastecimiento se licit\u00f3 la elaboraci\u00f3n y redacci\u00f3n de dos proyectos t\u00e9cnicos para sendas intervenciones en la red que abastece y da servicio a la villa de Cand\u00e1s.<\/p>\n<p>\u201cEn el caso de la mejora de la l\u00ednea de abastecimiento desde el enlace de la arqueta del agua que proviene de CADASA hasta el dep\u00f3sito de La Parada, nos encontramos con una l\u00ednea de cierta edad, qu\u00e9 debido a eso, a su edad, y al terreno por el que discurre, un monte de eucaliptos, ocasiona aver\u00edas dif\u00edciles de resolver. Por lo que es necesario la renovaci\u00f3n \u00edntegra de ese tramo de la l\u00ednea y un nuevo trazado de la misma, llev\u00e1ndola a discurrir por un camino p\u00fablico que permita la soluci\u00f3n de las incidencias de la forma m\u00e1s r\u00e1pida posible\u201d explic\u00f3 Jos\u00e9 Jes\u00fas Varela, Concejal de Obras.<\/p>\n<p>\u201cMientras que, la necesidad de construcci\u00f3n de un nuevo dep\u00f3sito de 1.000 metros c\u00fabicos en Cand\u00e1s se sustenta en que, actualmente, s\u00f3lo se dispone de un dep\u00f3sito con un vaso. Lo id\u00f3neo ser\u00eda disponer de otro dep\u00f3sito con otro vaso que permitiese tener otro dep\u00f3sito m\u00e1s como de reserva. Al contar con dos podr\u00edamos tambi\u00e9n acometer con m\u00e1s comodidad el mantenimiento y reparaci\u00f3n del actual adem\u00e1s de asegurar un mejor servicio. Al tener s\u00f3lo un dep\u00f3sito, en el caso de sufrir un percance importante no podr\u00edamos seguir dando el servicio de agua a Cand\u00e1s y hay que prevenir que esto ocurra\u201d prosigui\u00f3 Varela.<\/p>\n<p>\u201cProcedimos a la licitaci\u00f3n de una asistencia t\u00e9cnica externa, una Ingenier\u00eda, para la elaboraci\u00f3n de estos dos proyectos de Mejora de la Red Municipal de Abastecimiento de Agua. Durante el proceso de licitaci\u00f3n correspondiente, al que concurrieron 3 empresas del sector, se adjudic\u00f3 la asistencia t\u00e9cnica para la realizaci\u00f3n y redacci\u00f3n de los dos proyectos a Viavetus Ingenieros, S.L. por un importe final de 13.189,00 \u20ac, al ser la oferta m\u00e1s ventajosa en t\u00e9rminos de calidad-precio\u201d avanz\u00f3 el Concejal.<\/p>\n<p>\u201cLos dos proyectos que actualmente se encuentran en la fase de redacci\u00f3n y elaboraci\u00f3n, siendo la fecha tope para su entrega por parte de la empresa adjudicataria a finales de este mes de Febrero. Una vez estos proyectos sean entregados y se conozca la valoraci\u00f3n econ\u00f3mica para su ejecuci\u00f3n estudiaremos el incluir estas actuaciones en el remanente municipal\u201d finaliz\u00f3 el Responsable del \u00c1rea.<\/p>\n","protected":false},"excerpt":{"rendered":"<p>Con el objetivo de la realizaci\u00f3n de mejoras en la Red Municipal de Abastecimiento se licit\u00f3 la elaboraci\u00f3n y redacci\u00f3n de dos proyectos t\u00e9cnicos para sendas intervenciones en la red que abastece y da servicio a la villa de Cand\u00e1s. \u201cEn el caso de la mejora de la l\u00ednea de abastecimiento desde el enlace de<\/p>\n","protected":false},"author":1,"featured_media":6453,"comment_status":"closed","ping_status":"closed","sticky":false,"template":"","format":"standard","meta":{"footnotes":""},"categories":[2],"tags":[],"class_list":{"0":"post-151607","1":"post","2":"type-post","3":"status-publish","4":"format-standard","5":"has-post-thumbnail","7":"category-noticias-carreno"},"aioseo_notices":[],"aioseo_head":"\n\t\t<!-- All in One SEO Pro 4.9.6.2 - aioseo.com -->\n\t<meta name=\"description\" content=\"Elaboraci\u00f3n y redacci\u00f3n de dos proyectos t\u00e9cnicos para sendas intervenciones en la red que abastece y da servicio a la villa de Cand\u00e1sCon el objetivo de la realizaci\u00f3n de mejoras en la Red Municipal de Abastecimiento se licit\u00f3 la elaboraci\u00f3n y redacci\u00f3n de dos proyectos t\u00e9cnicos para sendas intervenciones en la red que abastece y da servicio a la villa de Cand\u00e1s. \u201cEn el caso de la mejora de la l\u00ednea de abastecimiento desde el enlace de\" \/>\n\t<meta name=\"robots\" content=\"max-image-preview:large\" \/>\n\t<meta name=\"author\" content=\"Cand\u00e1s 365\"\/>\n\t<meta name=\"google-site-verification\" content=\"UA-32230408-1\" \/>\n\t<meta name=\"msvalidate.01\" content=\"354F3CDFB2DA171B47FBE9ABF1F88D5\" \/>\n\t<meta name=\"keywords\" content=\"noticias carre\u00f1o,cand\u00e1s\" \/>\n\t<link rel=\"canonical\" href=\"https:\/\/candas365.es\/noticias\/carreno-mejorara-la-red-municipal-de-abastecimiento-de-agua\/\" \/>\n\t<meta name=\"generator\" content=\"All in One SEO Pro (AIOSEO) 4.9.6.2\" \/>\n\t\t<meta property=\"og:locale\" content=\"es_ES\" \/>\n\t\t<meta property=\"og:site_name\" content=\"Cand\u00e1s 365\" \/>\n\t\t<meta property=\"og:type\" content=\"article\" \/>\n\t\t<meta property=\"og:title\" content=\"Carre\u00f1o mejorar\u00e1 la red municipal de abastecimiento de agua | Cand\u00e1s 365\" \/>\n\t\t<meta property=\"og:description\" content=\"Elaboraci\u00f3n y redacci\u00f3n de dos proyectos t\u00e9cnicos para sendas intervenciones en la red que abastece y da servicio a la villa de Cand\u00e1sCon el objetivo de la realizaci\u00f3n de mejoras en la Red Municipal de Abastecimiento se licit\u00f3 la elaboraci\u00f3n y redacci\u00f3n de dos proyectos t\u00e9cnicos para sendas intervenciones en la red que abastece y da servicio a la villa de Cand\u00e1s. \u201cEn el caso de la mejora de la l\u00ednea de abastecimiento desde el enlace de\" \/>\n\t\t<meta property=\"og:url\" content=\"https:\/\/candas365.es\/noticias\/carreno-mejorara-la-red-municipal-de-abastecimiento-de-agua\/\" \/>\n\t\t<meta property=\"og:image\" content=\"https:\/\/candas365.es\/noticias\/wp-content\/uploads\/2015\/01\/ayuntamiento.jpg\" \/>\n\t\t<meta property=\"og:image:secure_url\" content=\"https:\/\/candas365.es\/noticias\/wp-content\/uploads\/2015\/01\/ayuntamiento.jpg\" \/>\n\t\t<meta property=\"og:image:width\" content=\"800\" \/>\n\t\t<meta property=\"og:image:height\" content=\"600\" \/>\n\t\t<meta property=\"article:published_time\" content=\"2021-02-19T06:30:13+00:00\" \/>\n\t\t<meta property=\"article:modified_time\" content=\"2021-02-19T06:30:13+00:00\" \/>\n\t\t<meta property=\"article:publisher\" content=\"https:\/\/www.facebook.com\/Nachofdezber\" \/>\n\t\t<meta property=\"article:author\" content=\"https:\/\/www.facebook.com\/carrenoactualidad\" \/>\n\t\t<meta name=\"twitter:card\" content=\"summary_large_image\" \/>\n\t\t<meta name=\"twitter:site\" content=\"@NabercoDigital\" \/>\n\t\t<meta name=\"twitter:title\" content=\"Carre\u00f1o mejorar\u00e1 la red municipal de abastecimiento de agua | Cand\u00e1s 365\" \/>\n\t\t<meta name=\"twitter:description\" content=\"Elaboraci\u00f3n y redacci\u00f3n de dos proyectos t\u00e9cnicos para sendas intervenciones en la red que abastece y da servicio a la villa de Cand\u00e1sCon el objetivo de la realizaci\u00f3n de mejoras en la Red Municipal de Abastecimiento se licit\u00f3 la elaboraci\u00f3n y redacci\u00f3n de dos proyectos t\u00e9cnicos para sendas intervenciones en la red que abastece y da servicio a la villa de Cand\u00e1s. \u201cEn el caso de la mejora de la l\u00ednea de abastecimiento desde el enlace de\" \/>\n\t\t<meta name=\"twitter:creator\" content=\"@nbasturias\" \/>\n\t\t<meta name=\"twitter:image\" content=\"https:\/\/candas365.es\/noticias\/wp-content\/uploads\/2015\/01\/ayuntamiento.jpg\" \/>\n\t\t<meta name=\"twitter:label1\" content=\"Escrito por\" \/>\n\t\t<meta name=\"twitter:data1\" content=\"Cand\u00e1s 365\" \/>\n\t\t<meta name=\"twitter:label2\" content=\"Tiempo de lectura estimado\" \/>\n\t\t<meta name=\"twitter:data2\" content=\"2 minutos\" \/>\n\t\t<script type=\"application\/ld+json\" class=\"aioseo-schema\">\n\t\t\t{\"@context\":\"https:\\\/\\\/schema.org\",\"@graph\":[{\"@type\":\"BreadcrumbList\",\"@id\":\"https:\\\/\\\/candas365.es\\\/noticias\\\/carreno-mejorara-la-red-municipal-de-abastecimiento-de-agua\\\/#breadcrumblist\",\"itemListElement\":[{\"@type\":\"ListItem\",\"@id\":\"https:\\\/\\\/candas365.es\\\/noticias#listItem\",\"position\":1,\"name\":\"Home\",\"item\":\"https:\\\/\\\/candas365.es\\\/noticias\",\"nextItem\":{\"@type\":\"ListItem\",\"@id\":\"https:\\\/\\\/candas365.es\\\/noticias\\\/category\\\/noticias-carreno\\\/#listItem\",\"name\":\"Noticias Carre\\u00f1o\"}},{\"@type\":\"ListItem\",\"@id\":\"https:\\\/\\\/candas365.es\\\/noticias\\\/category\\\/noticias-carreno\\\/#listItem\",\"position\":2,\"name\":\"Noticias Carre\\u00f1o\",\"item\":\"https:\\\/\\\/candas365.es\\\/noticias\\\/category\\\/noticias-carreno\\\/\",\"nextItem\":{\"@type\":\"ListItem\",\"@id\":\"https:\\\/\\\/candas365.es\\\/noticias\\\/carreno-mejorara-la-red-municipal-de-abastecimiento-de-agua\\\/#listItem\",\"name\":\"Carre\\u00f1o mejorar\\u00e1 la red municipal de abastecimiento de agua\"},\"previousItem\":{\"@type\":\"ListItem\",\"@id\":\"https:\\\/\\\/candas365.es\\\/noticias#listItem\",\"name\":\"Home\"}},{\"@type\":\"ListItem\",\"@id\":\"https:\\\/\\\/candas365.es\\\/noticias\\\/carreno-mejorara-la-red-municipal-de-abastecimiento-de-agua\\\/#listItem\",\"position\":3,\"name\":\"Carre\\u00f1o mejorar\\u00e1 la red municipal de abastecimiento de agua\",\"previousItem\":{\"@type\":\"ListItem\",\"@id\":\"https:\\\/\\\/candas365.es\\\/noticias\\\/category\\\/noticias-carreno\\\/#listItem\",\"name\":\"Noticias Carre\\u00f1o\"}}]},{\"@type\":\"NewsArticle\",\"@id\":\"https:\\\/\\\/candas365.es\\\/noticias\\\/carreno-mejorara-la-red-municipal-de-abastecimiento-de-agua\\\/#newsarticle\",\"name\":\"Carre\\u00f1o mejorar\\u00e1 la red municipal de abastecimiento de agua | Cand\\u00e1s 365\",\"headline\":\"Carre\\u00f1o mejorar\\u00e1 la red municipal de abastecimiento de agua\",\"author\":{\"@id\":\"https:\\\/\\\/candas365.es\\\/noticias\\\/author\\\/admin\\\/#author\"},\"publisher\":{\"@id\":\"https:\\\/\\\/candas365.es\\\/noticias\\\/#organization\"},\"image\":{\"@type\":\"ImageObject\",\"url\":\"https:\\\/\\\/candas365.es\\\/noticias\\\/wp-content\\\/uploads\\\/2015\\\/01\\\/ayuntamiento.jpg\",\"width\":800,\"height\":600,\"caption\":\"Carre\\u00f1o\"},\"datePublished\":\"2021-02-19T06:30:13+01:00\",\"dateModified\":\"2021-02-19T06:30:13+01:00\",\"inLanguage\":\"es-ES\",\"mainEntityOfPage\":{\"@id\":\"https:\\\/\\\/candas365.es\\\/noticias\\\/carreno-mejorara-la-red-municipal-de-abastecimiento-de-agua\\\/#webpage\"},\"isPartOf\":{\"@id\":\"https:\\\/\\\/candas365.es\\\/noticias\\\/carreno-mejorara-la-red-municipal-de-abastecimiento-de-agua\\\/#webpage\"},\"articleSection\":\"Noticias Carre\\u00f1o\",\"dateline\":\"Publicado el febrero 19, 2021.\"},{\"@type\":\"Organization\",\"@id\":\"https:\\\/\\\/candas365.es\\\/noticias\\\/#organization\",\"name\":\"Cand\\u00e1s 365\",\"description\":\"Cand\\u00e1s 365 es un diario digital independiente, fundado en 2012, con base en Asturias. Informamos con rigor sobre actualidad, sociedad, cultura y ocio, con una mirada local y global.\",\"url\":\"https:\\\/\\\/candas365.es\\\/noticias\\\/\",\"email\":\"info@candas365.es\",\"telephone\":\"+34652131393\",\"foundingDate\":\"2012-06-10\",\"logo\":{\"@type\":\"ImageObject\",\"url\":\"https:\\\/\\\/candas365.es\\\/noticias\\\/wp-content\\\/uploads\\\/2024\\\/09\\\/Candas-365-Redes.jpg\",\"@id\":\"https:\\\/\\\/candas365.es\\\/noticias\\\/carreno-mejorara-la-red-municipal-de-abastecimiento-de-agua\\\/#organizationLogo\",\"width\":1152,\"height\":864,\"caption\":\"Cand\\u00e1s 365 Redes\"},\"image\":{\"@id\":\"https:\\\/\\\/candas365.es\\\/noticias\\\/carreno-mejorara-la-red-municipal-de-abastecimiento-de-agua\\\/#organizationLogo\"},\"sameAs\":[\"https:\\\/\\\/www.facebook.com\\\/Nachofdezber\",\"https:\\\/\\\/x.com\\\/NabercoDigital\",\"https:\\\/\\\/www.instagram.com\\\/nachofdezber\\\/\",\"https:\\\/\\\/www.youtube.com\\\/channel\\\/UCZP-2wLEB9Rv6erhFmqVnvg\"],\"address\":{\"@id\":\"https:\\\/\\\/candas365.es\\\/noticias\\\/#postaladdress\",\"@type\":\"PostalAddress\",\"streetAddress\":\"san antonio 4, san antonio 4\",\"postalCode\":\"33430\",\"addressLocality\":\"Cand\\u00e1s\",\"addressRegion\":\"Asturias\",\"addressCountry\":\"ES\"}},{\"@type\":\"Person\",\"@id\":\"https:\\\/\\\/candas365.es\\\/noticias\\\/author\\\/admin\\\/#author\",\"url\":\"https:\\\/\\\/candas365.es\\\/noticias\\\/author\\\/admin\\\/\",\"name\":\"Cand\\u00e1s 365\",\"image\":{\"@type\":\"ImageObject\",\"@id\":\"https:\\\/\\\/candas365.es\\\/noticias\\\/carreno-mejorara-la-red-municipal-de-abastecimiento-de-agua\\\/#authorImage\",\"url\":\"https:\\\/\\\/secure.gravatar.com\\\/avatar\\\/496a8e03d0c493ede1718b7934145dbdf8d89be1036b0eec9544e1094c9de390?s=96&d=mm&r=g\",\"width\":96,\"height\":96,\"caption\":\"Cand\\u00e1s 365\"},\"sameAs\":[\"https:\\\/\\\/www.facebook.com\\\/carrenoactualidad\",\"https:\\\/\\\/twitter.com\\\/nbasturias\",\"https:\\\/\\\/www.instagram.com\\\/nachofdezber\\\/\",\"https:\\\/\\\/www.youtube.com\\\/channel\\\/UCZP-2wLEB9Rv6erhFmqVnvg\"]},{\"@type\":\"WebPage\",\"@id\":\"https:\\\/\\\/candas365.es\\\/noticias\\\/carreno-mejorara-la-red-municipal-de-abastecimiento-de-agua\\\/#webpage\",\"url\":\"https:\\\/\\\/candas365.es\\\/noticias\\\/carreno-mejorara-la-red-municipal-de-abastecimiento-de-agua\\\/\",\"name\":\"Carre\\u00f1o mejorar\\u00e1 la red municipal de abastecimiento de agua | Cand\\u00e1s 365\",\"description\":\"Elaboraci\\u00f3n y redacci\\u00f3n de dos proyectos t\\u00e9cnicos para sendas intervenciones en la red que abastece y da servicio a la villa de Cand\\u00e1sCon el objetivo de la realizaci\\u00f3n de mejoras en la Red Municipal de Abastecimiento se licit\\u00f3 la elaboraci\\u00f3n y redacci\\u00f3n de dos proyectos t\\u00e9cnicos para sendas intervenciones en la red que abastece y da servicio a la villa de Cand\\u00e1s. \\u201cEn el caso de la mejora de la l\\u00ednea de abastecimiento desde el enlace de\",\"inLanguage\":\"es-ES\",\"isPartOf\":{\"@id\":\"https:\\\/\\\/candas365.es\\\/noticias\\\/#website\"},\"breadcrumb\":{\"@id\":\"https:\\\/\\\/candas365.es\\\/noticias\\\/carreno-mejorara-la-red-municipal-de-abastecimiento-de-agua\\\/#breadcrumblist\"},\"author\":{\"@id\":\"https:\\\/\\\/candas365.es\\\/noticias\\\/author\\\/admin\\\/#author\"},\"creator\":{\"@id\":\"https:\\\/\\\/candas365.es\\\/noticias\\\/author\\\/admin\\\/#author\"},\"image\":{\"@type\":\"ImageObject\",\"url\":\"https:\\\/\\\/candas365.es\\\/noticias\\\/wp-content\\\/uploads\\\/2015\\\/01\\\/ayuntamiento.jpg\",\"@id\":\"https:\\\/\\\/candas365.es\\\/noticias\\\/carreno-mejorara-la-red-municipal-de-abastecimiento-de-agua\\\/#mainImage\",\"width\":800,\"height\":600,\"caption\":\"Carre\\u00f1o\"},\"primaryImageOfPage\":{\"@id\":\"https:\\\/\\\/candas365.es\\\/noticias\\\/carreno-mejorara-la-red-municipal-de-abastecimiento-de-agua\\\/#mainImage\"},\"datePublished\":\"2021-02-19T06:30:13+01:00\",\"dateModified\":\"2021-02-19T06:30:13+01:00\"},{\"@type\":\"WebSite\",\"@id\":\"https:\\\/\\\/candas365.es\\\/noticias\\\/#website\",\"url\":\"https:\\\/\\\/candas365.es\\\/noticias\\\/\",\"name\":\"Cand\\u00e1s 365\",\"alternateName\":\"Cand\\u00e1s 365 Noticias\",\"description\":\"Actualidad desde Carre\\u00f1o para el mundo\",\"inLanguage\":\"es-ES\",\"publisher\":{\"@id\":\"https:\\\/\\\/candas365.es\\\/noticias\\\/#organization\"}}]}\n\t\t<\/script>\n\t\t<!-- All in One SEO Pro -->\r\n\t\t<title>Carre\u00f1o mejorar\u00e1 la red municipal de abastecimiento de agua | Cand\u00e1s 365<\/title>\n\n","aioseo_head_json":{"title":"Carre\u00f1o mejorar\u00e1 la red municipal de abastecimiento de agua | Cand\u00e1s 365","description":"Elaboraci\u00f3n y redacci\u00f3n de dos proyectos t\u00e9cnicos para sendas intervenciones en la red que abastece y da servicio a la villa de Cand\u00e1sCon el objetivo de la realizaci\u00f3n de mejoras en la Red Municipal de Abastecimiento se licit\u00f3 la elaboraci\u00f3n y redacci\u00f3n de dos proyectos t\u00e9cnicos para sendas intervenciones en la red que abastece y da servicio a la villa de Cand\u00e1s. \u201cEn el caso de la mejora de la l\u00ednea de abastecimiento desde el enlace de","canonical_url":"https:\/\/candas365.es\/noticias\/carreno-mejorara-la-red-municipal-de-abastecimiento-de-agua\/","robots":"max-image-preview:large","keywords":"noticias carre\u00f1o,cand\u00e1s","webmasterTools":{"google-site-verification":"UA-32230408-1","msvalidate.01":"354F3CDFB2DA171B47FBE9ABF1F88D5","miscellaneous":""},"schema":{"@context":"https:\/\/schema.org","@graph":[{"@type":"BreadcrumbList","@id":"https:\/\/candas365.es\/noticias\/carreno-mejorara-la-red-municipal-de-abastecimiento-de-agua\/#breadcrumblist","itemListElement":[{"@type":"ListItem","@id":"https:\/\/candas365.es\/noticias#listItem","position":1,"name":"Home","item":"https:\/\/candas365.es\/noticias","nextItem":{"@type":"ListItem","@id":"https:\/\/candas365.es\/noticias\/category\/noticias-carreno\/#listItem","name":"Noticias Carre\u00f1o"}},{"@type":"ListItem","@id":"https:\/\/candas365.es\/noticias\/category\/noticias-carreno\/#listItem","position":2,"name":"Noticias Carre\u00f1o","item":"https:\/\/candas365.es\/noticias\/category\/noticias-carreno\/","nextItem":{"@type":"ListItem","@id":"https:\/\/candas365.es\/noticias\/carreno-mejorara-la-red-municipal-de-abastecimiento-de-agua\/#listItem","name":"Carre\u00f1o mejorar\u00e1 la red municipal de abastecimiento de agua"},"previousItem":{"@type":"ListItem","@id":"https:\/\/candas365.es\/noticias#listItem","name":"Home"}},{"@type":"ListItem","@id":"https:\/\/candas365.es\/noticias\/carreno-mejorara-la-red-municipal-de-abastecimiento-de-agua\/#listItem","position":3,"name":"Carre\u00f1o mejorar\u00e1 la red municipal de abastecimiento de agua","previousItem":{"@type":"ListItem","@id":"https:\/\/candas365.es\/noticias\/category\/noticias-carreno\/#listItem","name":"Noticias Carre\u00f1o"}}]},{"@type":"NewsArticle","@id":"https:\/\/candas365.es\/noticias\/carreno-mejorara-la-red-municipal-de-abastecimiento-de-agua\/#newsarticle","name":"Carre\u00f1o mejorar\u00e1 la red municipal de abastecimiento de agua | Cand\u00e1s 365","headline":"Carre\u00f1o mejorar\u00e1 la red municipal de abastecimiento de agua","author":{"@id":"https:\/\/candas365.es\/noticias\/author\/admin\/#author"},"publisher":{"@id":"https:\/\/candas365.es\/noticias\/#organization"},"image":{"@type":"ImageObject","url":"https:\/\/candas365.es\/noticias\/wp-content\/uploads\/2015\/01\/ayuntamiento.jpg","width":800,"height":600,"caption":"Carre\u00f1o"},"datePublished":"2021-02-19T06:30:13+01:00","dateModified":"2021-02-19T06:30:13+01:00","inLanguage":"es-ES","mainEntityOfPage":{"@id":"https:\/\/candas365.es\/noticias\/carreno-mejorara-la-red-municipal-de-abastecimiento-de-agua\/#webpage"},"isPartOf":{"@id":"https:\/\/candas365.es\/noticias\/carreno-mejorara-la-red-municipal-de-abastecimiento-de-agua\/#webpage"},"articleSection":"Noticias Carre\u00f1o","dateline":"Publicado el febrero 19, 2021."},{"@type":"Organization","@id":"https:\/\/candas365.es\/noticias\/#organization","name":"Cand\u00e1s 365","description":"Cand\u00e1s 365 es un diario digital independiente, fundado en 2012, con base en Asturias. Informamos con rigor sobre actualidad, sociedad, cultura y ocio, con una mirada local y global.","url":"https:\/\/candas365.es\/noticias\/","email":"info@candas365.es","telephone":"+34652131393","foundingDate":"2012-06-10","logo":{"@type":"ImageObject","url":"https:\/\/candas365.es\/noticias\/wp-content\/uploads\/2024\/09\/Candas-365-Redes.jpg","@id":"https:\/\/candas365.es\/noticias\/carreno-mejorara-la-red-municipal-de-abastecimiento-de-agua\/#organizationLogo","width":1152,"height":864,"caption":"Cand\u00e1s 365 Redes"},"image":{"@id":"https:\/\/candas365.es\/noticias\/carreno-mejorara-la-red-municipal-de-abastecimiento-de-agua\/#organizationLogo"},"sameAs":["https:\/\/www.facebook.com\/Nachofdezber","https:\/\/x.com\/NabercoDigital","https:\/\/www.instagram.com\/nachofdezber\/","https:\/\/www.youtube.com\/channel\/UCZP-2wLEB9Rv6erhFmqVnvg"],"address":{"@id":"https:\/\/candas365.es\/noticias\/#postaladdress","@type":"PostalAddress","streetAddress":"san antonio 4, san antonio 4","postalCode":"33430","addressLocality":"Cand\u00e1s","addressRegion":"Asturias","addressCountry":"ES"}},{"@type":"Person","@id":"https:\/\/candas365.es\/noticias\/author\/admin\/#author","url":"https:\/\/candas365.es\/noticias\/author\/admin\/","name":"Cand\u00e1s 365","image":{"@type":"ImageObject","@id":"https:\/\/candas365.es\/noticias\/carreno-mejorara-la-red-municipal-de-abastecimiento-de-agua\/#authorImage","url":"https:\/\/secure.gravatar.com\/avatar\/496a8e03d0c493ede1718b7934145dbdf8d89be1036b0eec9544e1094c9de390?s=96&d=mm&r=g","width":96,"height":96,"caption":"Cand\u00e1s 365"},"sameAs":["https:\/\/www.facebook.com\/carrenoactualidad","https:\/\/twitter.com\/nbasturias","https:\/\/www.instagram.com\/nachofdezber\/","https:\/\/www.youtube.com\/channel\/UCZP-2wLEB9Rv6erhFmqVnvg"]},{"@type":"WebPage","@id":"https:\/\/candas365.es\/noticias\/carreno-mejorara-la-red-municipal-de-abastecimiento-de-agua\/#webpage","url":"https:\/\/candas365.es\/noticias\/carreno-mejorara-la-red-municipal-de-abastecimiento-de-agua\/","name":"Carre\u00f1o mejorar\u00e1 la red municipal de abastecimiento de agua | Cand\u00e1s 365","description":"Elaboraci\u00f3n y redacci\u00f3n de dos proyectos t\u00e9cnicos para sendas intervenciones en la red que abastece y da servicio a la villa de Cand\u00e1sCon el objetivo de la realizaci\u00f3n de mejoras en la Red Municipal de Abastecimiento se licit\u00f3 la elaboraci\u00f3n y redacci\u00f3n de dos proyectos t\u00e9cnicos para sendas intervenciones en la red que abastece y da servicio a la villa de Cand\u00e1s. \u201cEn el caso de la mejora de la l\u00ednea de abastecimiento desde el enlace de","inLanguage":"es-ES","isPartOf":{"@id":"https:\/\/candas365.es\/noticias\/#website"},"breadcrumb":{"@id":"https:\/\/candas365.es\/noticias\/carreno-mejorara-la-red-municipal-de-abastecimiento-de-agua\/#breadcrumblist"},"author":{"@id":"https:\/\/candas365.es\/noticias\/author\/admin\/#author"},"creator":{"@id":"https:\/\/candas365.es\/noticias\/author\/admin\/#author"},"image":{"@type":"ImageObject","url":"https:\/\/candas365.es\/noticias\/wp-content\/uploads\/2015\/01\/ayuntamiento.jpg","@id":"https:\/\/candas365.es\/noticias\/carreno-mejorara-la-red-municipal-de-abastecimiento-de-agua\/#mainImage","width":800,"height":600,"caption":"Carre\u00f1o"},"primaryImageOfPage":{"@id":"https:\/\/candas365.es\/noticias\/carreno-mejorara-la-red-municipal-de-abastecimiento-de-agua\/#mainImage"},"datePublished":"2021-02-19T06:30:13+01:00","dateModified":"2021-02-19T06:30:13+01:00"},{"@type":"WebSite","@id":"https:\/\/candas365.es\/noticias\/#website","url":"https:\/\/candas365.es\/noticias\/","name":"Cand\u00e1s 365","alternateName":"Cand\u00e1s 365 Noticias","description":"Actualidad desde Carre\u00f1o para el mundo","inLanguage":"es-ES","publisher":{"@id":"https:\/\/candas365.es\/noticias\/#organization"}}]},"og:locale":"es_ES","og:site_name":"Cand\u00e1s 365","og:type":"article","og:title":"Carre\u00f1o mejorar\u00e1 la red municipal de abastecimiento de agua | Cand\u00e1s 365","og:description":"Elaboraci\u00f3n y redacci\u00f3n de dos proyectos t\u00e9cnicos para sendas intervenciones en la red que abastece y da servicio a la villa de Cand\u00e1sCon el objetivo de la realizaci\u00f3n de mejoras en la Red Municipal de Abastecimiento se licit\u00f3 la elaboraci\u00f3n y redacci\u00f3n de dos proyectos t\u00e9cnicos para sendas intervenciones en la red que abastece y da servicio a la villa de Cand\u00e1s. \u201cEn el caso de la mejora de la l\u00ednea de abastecimiento desde el enlace de","og:url":"https:\/\/candas365.es\/noticias\/carreno-mejorara-la-red-municipal-de-abastecimiento-de-agua\/","og:image":"https:\/\/candas365.es\/noticias\/wp-content\/uploads\/2015\/01\/ayuntamiento.jpg","og:image:secure_url":"https:\/\/candas365.es\/noticias\/wp-content\/uploads\/2015\/01\/ayuntamiento.jpg","og:image:width":800,"og:image:height":600,"article:published_time":"2021-02-19T06:30:13+00:00","article:modified_time":"2021-02-19T06:30:13+00:00","article:publisher":"https:\/\/www.facebook.com\/Nachofdezber","article:author":"https:\/\/www.facebook.com\/carrenoactualidad","twitter:card":"summary_large_image","twitter:site":"@NabercoDigital","twitter:title":"Carre\u00f1o mejorar\u00e1 la red municipal de abastecimiento de agua | Cand\u00e1s 365","twitter:description":"Elaboraci\u00f3n y redacci\u00f3n de dos proyectos t\u00e9cnicos para sendas intervenciones en la red que abastece y da servicio a la villa de Cand\u00e1sCon el objetivo de la realizaci\u00f3n de mejoras en la Red Municipal de Abastecimiento se licit\u00f3 la elaboraci\u00f3n y redacci\u00f3n de dos proyectos t\u00e9cnicos para sendas intervenciones en la red que abastece y da servicio a la villa de Cand\u00e1s. \u201cEn el caso de la mejora de la l\u00ednea de abastecimiento desde el enlace de","twitter:creator":"@nbasturias","twitter:image":"https:\/\/candas365.es\/noticias\/wp-content\/uploads\/2015\/01\/ayuntamiento.jpg","twitter:label1":"Escrito por","twitter:data1":"Cand\u00e1s 365","twitter:label2":"Tiempo de lectura estimado","twitter:data2":"2 minutos"},"aioseo_meta_data":{"post_id":"151607","title":null,"description":"Elaboraci\u00f3n y redacci\u00f3n de dos proyectos t\u00e9cnicos para sendas intervenciones en la red que abastece y da servicio a la villa de Cand\u00e1s#post_excerpt","keywords":[{"label":"Noticias Carre\u00f1o","value":"Noticias Carre\u00f1o"},{"label":" Cand\u00e1s","value":" Cand\u00e1s"}],"keyphrases":{"focus":[],"additional":[]},"primary_term":null,"canonical_url":null,"og_title":null,"og_description":null,"og_object_type":"default","og_image_type":"default","og_image_url":null,"og_image_width":null,"og_image_height":null,"og_image_custom_url":null,"og_image_custom_fields":null,"og_video":"","og_custom_url":null,"og_article_section":null,"og_article_tags":[],"twitter_use_og":false,"twitter_card":"default","twitter_image_type":"default","twitter_image_url":null,"twitter_image_custom_url":null,"twitter_image_custom_fields":null,"twitter_title":null,"twitter_description":null,"schema":{"blockGraphs":[],"customGraphs":[],"default":{"data":{"Article":[],"Course":[],"Dataset":[],"FAQPage":[],"Movie":[],"Person":[],"Product":[],"ProductReview":[],"Car":[],"Recipe":[],"Service":[],"SoftwareApplication":[],"WebPage":[]},"graphName":"","isEnabled":true},"graphs":[],"defaultGraph":"Article","defaultPostTypeGraph":""},"schema_type":"default","schema_type_options":"{\"article\":{\"articleType\":\"BlogPosting\"},\"course\":{\"name\":\"\",\"description\":\"\",\"provider\":\"\"},\"faq\":{\"pages\":[]},\"product\":{\"reviews\":[]},\"recipe\":{\"ingredients\":[],\"instructions\":[],\"keywords\":[]},\"software\":{\"reviews\":[],\"operatingSystems\":[]},\"webPage\":{\"webPageType\":\"WebPage\"}}","pillar_content":false,"robots_default":true,"robots_noindex":false,"robots_noarchive":false,"robots_nosnippet":false,"robots_nofollow":false,"robots_noimageindex":false,"robots_noodp":false,"robots_notranslate":false,"robots_max_snippet":"-1","robots_max_videopreview":"-1","robots_max_imagepreview":"large","priority":null,"frequency":"default","location":null,"local_seo":{"businessInfo":{"name":"","urls":{"website":"","aboutPage":"","contactPage":""},"address":{"line1":"","line2":"","zip":"","city":"","state":"","country":""},"contact":{"email":"","phone":"","fax":""},"ids":{"vatID":"","taxID":"","chamberID":""},"payment":{"priceIndication":"","currenciesAccepted":"","methodsAccepted":""},"areaServed":""},"openingHours":{"show":false,"closedLabel":"","open24h":false,"open24hLabel":"","open247":false,"use24hFormat":false,"twoSets":false,"timezone":"","hours":[]}},"seo_analyzer_scan_date":"2025-08-31 17:26:21","breadcrumb_settings":null,"limit_modified_date":false,"reviewed_by":null,"open_ai":null,"ai":null,"created":"2021-02-19 06:28:54","updated":"2025-08-31 17:26:21"},"aioseo_breadcrumb":"<div class=\"aioseo-breadcrumbs\"><span class=\"aioseo-breadcrumb\">\n\t<a href=\"https:\/\/candas365.es\/noticias\" title=\"Home\">Home<\/a>\n<\/span><span class=\"aioseo-breadcrumb-separator\">&ndash;<\/span><span class=\"aioseo-breadcrumb\">\n\t<a href=\"https:\/\/candas365.es\/noticias\/category\/noticias-carreno\/\" title=\"Noticias Carre\u00f1o\">Noticias Carre\u00f1o<\/a>\n<\/span><span class=\"aioseo-breadcrumb-separator\">&ndash;<\/span><span class=\"aioseo-breadcrumb\">\n\tCarre\u00f1o mejorar\u00e1 la red municipal de abastecimiento de agua\n<\/span><\/div>","aioseo_breadcrumb_json":[{"label":"Home","link":"https:\/\/candas365.es\/noticias"},{"label":"Noticias Carre\u00f1o","link":"https:\/\/candas365.es\/noticias\/category\/noticias-carreno\/"},{"label":"Carre\u00f1o mejorar\u00e1 la red municipal de abastecimiento de agua","link":"https:\/\/candas365.es\/noticias\/carreno-mejorara-la-red-municipal-de-abastecimiento-de-agua\/"}],"_links":{"self":[{"href":"https:\/\/candas365.es\/noticias\/wp-json\/wp\/v2\/posts\/151607","targetHints":{"allow":["GET"]}}],"collection":[{"href":"https:\/\/candas365.es\/noticias\/wp-json\/wp\/v2\/posts"}],"about":[{"href":"https:\/\/candas365.es\/noticias\/wp-json\/wp\/v2\/types\/post"}],"author":[{"embeddable":true,"href":"https:\/\/candas365.es\/noticias\/wp-json\/wp\/v2\/users\/1"}],"replies":[{"embeddable":true,"href":"https:\/\/candas365.es\/noticias\/wp-json\/wp\/v2\/comments?post=151607"}],"version-history":[{"count":0,"href":"https:\/\/candas365.es\/noticias\/wp-json\/wp\/v2\/posts\/151607\/revisions"}],"wp:featuredmedia":[{"embeddable":true,"href":"https:\/\/candas365.es\/noticias\/wp-json\/wp\/v2\/media\/6453"}],"wp:attachment":[{"href":"https:\/\/candas365.es\/noticias\/wp-json\/wp\/v2\/media?parent=151607"}],"wp:term":[{"taxonomy":"category","embeddable":true,"href":"https:\/\/candas365.es\/noticias\/wp-json\/wp\/v2\/categories?post=151607"},{"taxonomy":"post_tag","embeddable":true,"href":"https:\/\/candas365.es\/noticias\/wp-json\/wp\/v2\/tags?post=151607"}],"curies":[{"name":"wp","href":"https:\/\/api.w.org\/{rel}","templated":true}]}}