{"id":151551,"date":"2021-02-16T14:42:52","date_gmt":"2021-02-16T14:42:52","guid":{"rendered":"http:\/\/candas365.es\/noticias\/?p=151551"},"modified":"2021-02-16T14:42:52","modified_gmt":"2021-02-16T14:42:52","slug":"covid-19-carreno-seguira-en-nivel-4","status":"publish","type":"post","link":"https:\/\/candas365.es\/noticias\/covid-19-carreno-seguira-en-nivel-4\/","title":{"rendered":"Covid-19: Carre\u00f1o seguir\u00e1 en nivel 4+"},"content":{"rendered":"<p><img fetchpriority=\"high\" decoding=\"async\" class=\"alignleft size-medium wp-image-148199\" src=\"https:\/\/candas365.es\/noticias\/wp-content\/uploads\/2020\/11\/covid-19-4982910_640-360x240.jpg\" alt=\"Covid-19\" width=\"360\" height=\"240\" srcset=\"https:\/\/candas365.es\/noticias\/wp-content\/uploads\/2020\/11\/covid-19-4982910_640-360x240.jpg 360w, https:\/\/candas365.es\/noticias\/wp-content\/uploads\/2020\/11\/covid-19-4982910_640.jpg 640w\" sizes=\"(max-width: 360px) 100vw, 360px\" \/>La Consejer\u00eda de Salud ha constatado la mejor\u00eda de la situaci\u00f3n epidemiol\u00f3gica de <a title=\"Cangas del Narcea\" href=\"https:\/\/www.eldigitaldeasturias.com\/noticias\/cangas-del-narcea-saldra-el-jueves-del-nivel-de-alerta-4\/\" target=\"_blank\" rel=\"noopener\"><strong><span style=\"color: #ff6600;\">Cangas del Narcea<\/span><\/strong><\/a>, que saldr\u00e1 a las 00:00 horas del jueves, 18 de febrero, de la situaci\u00f3n de m\u00e1ximo riesgo (4+) por coronavirus tras 26 d\u00edas con medidas restrictivas.<\/p>\n<p>En Cangas del Narcea no se han registrado casos en los \u00faltimos cuatro d\u00edas, y por quinta jornada consecutiva la incidencia acumulada est\u00e1 por debajo de 325 contagios por 100.000 habitantes, mientras que la incidencia en personas mayores se ha situado en nivel 3.<\/p>\n<p>Los concejos de <strong>Oviedo y Carre\u00f1o prosiguen con las limitaciones que se implantaron el 21 de enero y el 4 de febrero, respectivamente<\/strong>. Los t\u00e9cnicos de Salud P\u00fablica ya han comunicado la decisi\u00f3n a los responsables municipales. En el caso de Oviedo se ha valorado que las incidencias acumuladas global y de mayores permanecen por encima de 325 y 195 casos por 100.000 habitantes, respectivamente.<\/p>\n<p>En cuanto al <span style=\"color: #ff6600;\"><a style=\"color: #ff6600;\" title=\"Concejo de Carre\u00f1o\" href=\"https:\/\/candas365.es\/noticias\/category\/noticias-carreno\/\"><strong>Concejo de Carre\u00f1o<\/strong><\/a><\/span>, las incidencias a 14 d\u00edas contin\u00faan en valores elevados, por encima de 600 casos por 100.000 habitantes en la tasa global, y superan los 500 en las personas mayores.<\/p>\n<p>&nbsp;<\/p>\n<p>&nbsp;<\/p>\n","protected":false},"excerpt":{"rendered":"<p>La Consejer\u00eda de Salud ha constatado la mejor\u00eda de la situaci\u00f3n epidemiol\u00f3gica de Cangas del Narcea, que saldr\u00e1 a las 00:00 horas del jueves, 18 de febrero, de la situaci\u00f3n de m\u00e1ximo riesgo (4+) por coronavirus tras 26 d\u00edas con medidas restrictivas. En Cangas del Narcea no se han registrado casos en los \u00faltimos cuatro<\/p>\n","protected":false},"author":1,"featured_media":143623,"comment_status":"closed","ping_status":"closed","sticky":false,"template":"","format":"standard","meta":{"footnotes":""},"categories":[316,2],"tags":[],"class_list":{"0":"post-151551","1":"post","2":"type-post","3":"status-publish","4":"format-standard","5":"has-post-thumbnail","7":"category-destacadas","8":"category-noticias-carreno"},"aioseo_notices":[],"aioseo_head":"\n\t\t<!-- All in One SEO Pro 4.9.6.2 - aioseo.com -->\n\t<meta name=\"description\" content=\"En cuanto al Concejo de Carre\u00f1o, las incidencias a 14 d\u00edas contin\u00faan en valores elevados, por encima de 600 casos por 100.000 habitantes en la tasa globalLa Consejer\u00eda de Salud ha constatado la mejor\u00eda de la situaci\u00f3n epidemiol\u00f3gica de Cangas del Narcea, que saldr\u00e1 a las 00:00 horas del jueves, 18 de febrero, de la situaci\u00f3n de m\u00e1ximo riesgo (4+) por coronavirus tras 26 d\u00edas con medidas restrictivas. En Cangas del Narcea no se han registrado casos en los \u00faltimos cuatro\" \/>\n\t<meta name=\"robots\" content=\"max-image-preview:large\" \/>\n\t<meta name=\"author\" content=\"Cand\u00e1s 365\"\/>\n\t<meta name=\"google-site-verification\" content=\"UA-32230408-1\" \/>\n\t<meta name=\"msvalidate.01\" content=\"354F3CDFB2DA171B47FBE9ABF1F88D5\" \/>\n\t<meta name=\"keywords\" content=\"covid-19,carre\u00f1o,destacadas,noticias carre\u00f1o\" \/>\n\t<link rel=\"canonical\" href=\"https:\/\/candas365.es\/noticias\/covid-19-carreno-seguira-en-nivel-4\/\" \/>\n\t<meta name=\"generator\" content=\"All in One SEO Pro (AIOSEO) 4.9.6.2\" \/>\n\t\t<meta property=\"og:locale\" content=\"es_ES\" \/>\n\t\t<meta property=\"og:site_name\" content=\"Cand\u00e1s 365\" \/>\n\t\t<meta property=\"og:type\" content=\"article\" \/>\n\t\t<meta property=\"og:title\" content=\"Covid-19: Carre\u00f1o seguir\u00e1 en nivel 4+ | Cand\u00e1s 365\" \/>\n\t\t<meta property=\"og:description\" content=\"En cuanto al Concejo de Carre\u00f1o, las incidencias a 14 d\u00edas contin\u00faan en valores elevados, por encima de 600 casos por 100.000 habitantes en la tasa globalLa Consejer\u00eda de Salud ha constatado la mejor\u00eda de la situaci\u00f3n epidemiol\u00f3gica de Cangas del Narcea, que saldr\u00e1 a las 00:00 horas del jueves, 18 de febrero, de la situaci\u00f3n de m\u00e1ximo riesgo (4+) por coronavirus tras 26 d\u00edas con medidas restrictivas. En Cangas del Narcea no se han registrado casos en los \u00faltimos cuatro\" \/>\n\t\t<meta property=\"og:url\" content=\"https:\/\/candas365.es\/noticias\/covid-19-carreno-seguira-en-nivel-4\/\" \/>\n\t\t<meta property=\"og:image\" content=\"https:\/\/candas365.es\/noticias\/wp-content\/uploads\/2020\/06\/connection-4884862_640.jpg\" \/>\n\t\t<meta property=\"og:image:secure_url\" content=\"https:\/\/candas365.es\/noticias\/wp-content\/uploads\/2020\/06\/connection-4884862_640.jpg\" \/>\n\t\t<meta property=\"og:image:width\" content=\"640\" \/>\n\t\t<meta property=\"og:image:height\" content=\"436\" \/>\n\t\t<meta property=\"article:published_time\" content=\"2021-02-16T14:42:52+00:00\" \/>\n\t\t<meta property=\"article:modified_time\" content=\"2021-02-16T14:42:52+00:00\" \/>\n\t\t<meta property=\"article:publisher\" content=\"https:\/\/www.facebook.com\/Nachofdezber\" \/>\n\t\t<meta property=\"article:author\" content=\"https:\/\/www.facebook.com\/carrenoactualidad\" \/>\n\t\t<meta name=\"twitter:card\" content=\"summary_large_image\" \/>\n\t\t<meta name=\"twitter:site\" content=\"@NabercoDigital\" \/>\n\t\t<meta name=\"twitter:title\" content=\"Covid-19: Carre\u00f1o seguir\u00e1 en nivel 4+ | Cand\u00e1s 365\" \/>\n\t\t<meta name=\"twitter:description\" content=\"En cuanto al Concejo de Carre\u00f1o, las incidencias a 14 d\u00edas contin\u00faan en valores elevados, por encima de 600 casos por 100.000 habitantes en la tasa globalLa Consejer\u00eda de Salud ha constatado la mejor\u00eda de la situaci\u00f3n epidemiol\u00f3gica de Cangas del Narcea, que saldr\u00e1 a las 00:00 horas del jueves, 18 de febrero, de la situaci\u00f3n de m\u00e1ximo riesgo (4+) por coronavirus tras 26 d\u00edas con medidas restrictivas. En Cangas del Narcea no se han registrado casos en los \u00faltimos cuatro\" \/>\n\t\t<meta name=\"twitter:creator\" content=\"@nbasturias\" \/>\n\t\t<meta name=\"twitter:image\" content=\"https:\/\/candas365.es\/noticias\/wp-content\/uploads\/2020\/06\/connection-4884862_640.jpg\" \/>\n\t\t<meta name=\"twitter:label1\" content=\"Escrito por\" \/>\n\t\t<meta name=\"twitter:data1\" content=\"Cand\u00e1s 365\" \/>\n\t\t<meta name=\"twitter:label2\" content=\"Tiempo de lectura estimado\" \/>\n\t\t<meta name=\"twitter:data2\" content=\"1 minuto\" \/>\n\t\t<script type=\"application\/ld+json\" class=\"aioseo-schema\">\n\t\t\t{\"@context\":\"https:\\\/\\\/schema.org\",\"@graph\":[{\"@type\":\"BreadcrumbList\",\"@id\":\"https:\\\/\\\/candas365.es\\\/noticias\\\/covid-19-carreno-seguira-en-nivel-4\\\/#breadcrumblist\",\"itemListElement\":[{\"@type\":\"ListItem\",\"@id\":\"https:\\\/\\\/candas365.es\\\/noticias#listItem\",\"position\":1,\"name\":\"Home\",\"item\":\"https:\\\/\\\/candas365.es\\\/noticias\",\"nextItem\":{\"@type\":\"ListItem\",\"@id\":\"https:\\\/\\\/candas365.es\\\/noticias\\\/category\\\/noticias-carreno\\\/#listItem\",\"name\":\"Noticias Carre\\u00f1o\"}},{\"@type\":\"ListItem\",\"@id\":\"https:\\\/\\\/candas365.es\\\/noticias\\\/category\\\/noticias-carreno\\\/#listItem\",\"position\":2,\"name\":\"Noticias Carre\\u00f1o\",\"item\":\"https:\\\/\\\/candas365.es\\\/noticias\\\/category\\\/noticias-carreno\\\/\",\"nextItem\":{\"@type\":\"ListItem\",\"@id\":\"https:\\\/\\\/candas365.es\\\/noticias\\\/covid-19-carreno-seguira-en-nivel-4\\\/#listItem\",\"name\":\"Covid-19: Carre\\u00f1o seguir\\u00e1 en nivel 4+\"},\"previousItem\":{\"@type\":\"ListItem\",\"@id\":\"https:\\\/\\\/candas365.es\\\/noticias#listItem\",\"name\":\"Home\"}},{\"@type\":\"ListItem\",\"@id\":\"https:\\\/\\\/candas365.es\\\/noticias\\\/covid-19-carreno-seguira-en-nivel-4\\\/#listItem\",\"position\":3,\"name\":\"Covid-19: Carre\\u00f1o seguir\\u00e1 en nivel 4+\",\"previousItem\":{\"@type\":\"ListItem\",\"@id\":\"https:\\\/\\\/candas365.es\\\/noticias\\\/category\\\/noticias-carreno\\\/#listItem\",\"name\":\"Noticias Carre\\u00f1o\"}}]},{\"@type\":\"NewsArticle\",\"@id\":\"https:\\\/\\\/candas365.es\\\/noticias\\\/covid-19-carreno-seguira-en-nivel-4\\\/#newsarticle\",\"name\":\"Covid-19: Carre\\u00f1o seguir\\u00e1 en nivel 4+ | Cand\\u00e1s 365\",\"headline\":\"Covid-19: Carre\\u00f1o seguir\\u00e1 en nivel 4+\",\"author\":{\"@id\":\"https:\\\/\\\/candas365.es\\\/noticias\\\/author\\\/admin\\\/#author\"},\"publisher\":{\"@id\":\"https:\\\/\\\/candas365.es\\\/noticias\\\/#organization\"},\"image\":{\"@type\":\"ImageObject\",\"url\":\"https:\\\/\\\/candas365.es\\\/noticias\\\/wp-content\\\/uploads\\\/2020\\\/06\\\/connection-4884862_640.jpg\",\"width\":640,\"height\":436,\"caption\":\"covid-19\"},\"datePublished\":\"2021-02-16T14:42:52+01:00\",\"dateModified\":\"2021-02-16T14:42:52+01:00\",\"inLanguage\":\"es-ES\",\"mainEntityOfPage\":{\"@id\":\"https:\\\/\\\/candas365.es\\\/noticias\\\/covid-19-carreno-seguira-en-nivel-4\\\/#webpage\"},\"isPartOf\":{\"@id\":\"https:\\\/\\\/candas365.es\\\/noticias\\\/covid-19-carreno-seguira-en-nivel-4\\\/#webpage\"},\"articleSection\":\"Destacadas, Noticias Carre\\u00f1o\",\"dateline\":\"Publicado el febrero 16, 2021.\"},{\"@type\":\"Organization\",\"@id\":\"https:\\\/\\\/candas365.es\\\/noticias\\\/#organization\",\"name\":\"Cand\\u00e1s 365\",\"description\":\"Cand\\u00e1s 365 es un diario digital independiente, fundado en 2012, con base en Asturias. Informamos con rigor sobre actualidad, sociedad, cultura y ocio, con una mirada local y global.\",\"url\":\"https:\\\/\\\/candas365.es\\\/noticias\\\/\",\"email\":\"info@candas365.es\",\"telephone\":\"+34652131393\",\"foundingDate\":\"2012-06-10\",\"logo\":{\"@type\":\"ImageObject\",\"url\":\"https:\\\/\\\/candas365.es\\\/noticias\\\/wp-content\\\/uploads\\\/2024\\\/09\\\/Candas-365-Redes.jpg\",\"@id\":\"https:\\\/\\\/candas365.es\\\/noticias\\\/covid-19-carreno-seguira-en-nivel-4\\\/#organizationLogo\",\"width\":1152,\"height\":864,\"caption\":\"Cand\\u00e1s 365 Redes\"},\"image\":{\"@id\":\"https:\\\/\\\/candas365.es\\\/noticias\\\/covid-19-carreno-seguira-en-nivel-4\\\/#organizationLogo\"},\"sameAs\":[\"https:\\\/\\\/www.facebook.com\\\/Nachofdezber\",\"https:\\\/\\\/x.com\\\/NabercoDigital\",\"https:\\\/\\\/www.instagram.com\\\/nachofdezber\\\/\",\"https:\\\/\\\/www.youtube.com\\\/channel\\\/UCZP-2wLEB9Rv6erhFmqVnvg\"],\"address\":{\"@id\":\"https:\\\/\\\/candas365.es\\\/noticias\\\/#postaladdress\",\"@type\":\"PostalAddress\",\"streetAddress\":\"san antonio 4, san antonio 4\",\"postalCode\":\"33430\",\"addressLocality\":\"Cand\\u00e1s\",\"addressRegion\":\"Asturias\",\"addressCountry\":\"ES\"}},{\"@type\":\"Person\",\"@id\":\"https:\\\/\\\/candas365.es\\\/noticias\\\/author\\\/admin\\\/#author\",\"url\":\"https:\\\/\\\/candas365.es\\\/noticias\\\/author\\\/admin\\\/\",\"name\":\"Cand\\u00e1s 365\",\"image\":{\"@type\":\"ImageObject\",\"@id\":\"https:\\\/\\\/candas365.es\\\/noticias\\\/covid-19-carreno-seguira-en-nivel-4\\\/#authorImage\",\"url\":\"https:\\\/\\\/secure.gravatar.com\\\/avatar\\\/496a8e03d0c493ede1718b7934145dbdf8d89be1036b0eec9544e1094c9de390?s=96&d=mm&r=g\",\"width\":96,\"height\":96,\"caption\":\"Cand\\u00e1s 365\"},\"sameAs\":[\"https:\\\/\\\/www.facebook.com\\\/carrenoactualidad\",\"https:\\\/\\\/twitter.com\\\/nbasturias\",\"https:\\\/\\\/www.instagram.com\\\/nachofdezber\\\/\",\"https:\\\/\\\/www.youtube.com\\\/channel\\\/UCZP-2wLEB9Rv6erhFmqVnvg\"]},{\"@type\":\"WebPage\",\"@id\":\"https:\\\/\\\/candas365.es\\\/noticias\\\/covid-19-carreno-seguira-en-nivel-4\\\/#webpage\",\"url\":\"https:\\\/\\\/candas365.es\\\/noticias\\\/covid-19-carreno-seguira-en-nivel-4\\\/\",\"name\":\"Covid-19: Carre\\u00f1o seguir\\u00e1 en nivel 4+ | Cand\\u00e1s 365\",\"description\":\"En cuanto al Concejo de Carre\\u00f1o, las incidencias a 14 d\\u00edas contin\\u00faan en valores elevados, por encima de 600 casos por 100.000 habitantes en la tasa globalLa Consejer\\u00eda de Salud ha constatado la mejor\\u00eda de la situaci\\u00f3n epidemiol\\u00f3gica de Cangas del Narcea, que saldr\\u00e1 a las 00:00 horas del jueves, 18 de febrero, de la situaci\\u00f3n de m\\u00e1ximo riesgo (4+) por coronavirus tras 26 d\\u00edas con medidas restrictivas. En Cangas del Narcea no se han registrado casos en los \\u00faltimos cuatro\",\"inLanguage\":\"es-ES\",\"isPartOf\":{\"@id\":\"https:\\\/\\\/candas365.es\\\/noticias\\\/#website\"},\"breadcrumb\":{\"@id\":\"https:\\\/\\\/candas365.es\\\/noticias\\\/covid-19-carreno-seguira-en-nivel-4\\\/#breadcrumblist\"},\"author\":{\"@id\":\"https:\\\/\\\/candas365.es\\\/noticias\\\/author\\\/admin\\\/#author\"},\"creator\":{\"@id\":\"https:\\\/\\\/candas365.es\\\/noticias\\\/author\\\/admin\\\/#author\"},\"image\":{\"@type\":\"ImageObject\",\"url\":\"https:\\\/\\\/candas365.es\\\/noticias\\\/wp-content\\\/uploads\\\/2020\\\/06\\\/connection-4884862_640.jpg\",\"@id\":\"https:\\\/\\\/candas365.es\\\/noticias\\\/covid-19-carreno-seguira-en-nivel-4\\\/#mainImage\",\"width\":640,\"height\":436,\"caption\":\"covid-19\"},\"primaryImageOfPage\":{\"@id\":\"https:\\\/\\\/candas365.es\\\/noticias\\\/covid-19-carreno-seguira-en-nivel-4\\\/#mainImage\"},\"datePublished\":\"2021-02-16T14:42:52+01:00\",\"dateModified\":\"2021-02-16T14:42:52+01:00\"},{\"@type\":\"WebSite\",\"@id\":\"https:\\\/\\\/candas365.es\\\/noticias\\\/#website\",\"url\":\"https:\\\/\\\/candas365.es\\\/noticias\\\/\",\"name\":\"Cand\\u00e1s 365\",\"alternateName\":\"Cand\\u00e1s 365 Noticias\",\"description\":\"Actualidad desde Carre\\u00f1o para el mundo\",\"inLanguage\":\"es-ES\",\"publisher\":{\"@id\":\"https:\\\/\\\/candas365.es\\\/noticias\\\/#organization\"}}]}\n\t\t<\/script>\n\t\t<!-- All in One SEO Pro -->\r\n\t\t<title>Covid-19: Carre\u00f1o seguir\u00e1 en nivel 4+ | Cand\u00e1s 365<\/title>\n\n","aioseo_head_json":{"title":"Covid-19: Carre\u00f1o seguir\u00e1 en nivel 4+ | Cand\u00e1s 365","description":"En cuanto al Concejo de Carre\u00f1o, las incidencias a 14 d\u00edas contin\u00faan en valores elevados, por encima de 600 casos por 100.000 habitantes en la tasa globalLa Consejer\u00eda de Salud ha constatado la mejor\u00eda de la situaci\u00f3n epidemiol\u00f3gica de Cangas del Narcea, que saldr\u00e1 a las 00:00 horas del jueves, 18 de febrero, de la situaci\u00f3n de m\u00e1ximo riesgo (4+) por coronavirus tras 26 d\u00edas con medidas restrictivas. En Cangas del Narcea no se han registrado casos en los \u00faltimos cuatro","canonical_url":"https:\/\/candas365.es\/noticias\/covid-19-carreno-seguira-en-nivel-4\/","robots":"max-image-preview:large","keywords":"covid-19,carre\u00f1o,destacadas,noticias carre\u00f1o","webmasterTools":{"google-site-verification":"UA-32230408-1","msvalidate.01":"354F3CDFB2DA171B47FBE9ABF1F88D5","miscellaneous":""},"schema":{"@context":"https:\/\/schema.org","@graph":[{"@type":"BreadcrumbList","@id":"https:\/\/candas365.es\/noticias\/covid-19-carreno-seguira-en-nivel-4\/#breadcrumblist","itemListElement":[{"@type":"ListItem","@id":"https:\/\/candas365.es\/noticias#listItem","position":1,"name":"Home","item":"https:\/\/candas365.es\/noticias","nextItem":{"@type":"ListItem","@id":"https:\/\/candas365.es\/noticias\/category\/noticias-carreno\/#listItem","name":"Noticias Carre\u00f1o"}},{"@type":"ListItem","@id":"https:\/\/candas365.es\/noticias\/category\/noticias-carreno\/#listItem","position":2,"name":"Noticias Carre\u00f1o","item":"https:\/\/candas365.es\/noticias\/category\/noticias-carreno\/","nextItem":{"@type":"ListItem","@id":"https:\/\/candas365.es\/noticias\/covid-19-carreno-seguira-en-nivel-4\/#listItem","name":"Covid-19: Carre\u00f1o seguir\u00e1 en nivel 4+"},"previousItem":{"@type":"ListItem","@id":"https:\/\/candas365.es\/noticias#listItem","name":"Home"}},{"@type":"ListItem","@id":"https:\/\/candas365.es\/noticias\/covid-19-carreno-seguira-en-nivel-4\/#listItem","position":3,"name":"Covid-19: Carre\u00f1o seguir\u00e1 en nivel 4+","previousItem":{"@type":"ListItem","@id":"https:\/\/candas365.es\/noticias\/category\/noticias-carreno\/#listItem","name":"Noticias Carre\u00f1o"}}]},{"@type":"NewsArticle","@id":"https:\/\/candas365.es\/noticias\/covid-19-carreno-seguira-en-nivel-4\/#newsarticle","name":"Covid-19: Carre\u00f1o seguir\u00e1 en nivel 4+ | Cand\u00e1s 365","headline":"Covid-19: Carre\u00f1o seguir\u00e1 en nivel 4+","author":{"@id":"https:\/\/candas365.es\/noticias\/author\/admin\/#author"},"publisher":{"@id":"https:\/\/candas365.es\/noticias\/#organization"},"image":{"@type":"ImageObject","url":"https:\/\/candas365.es\/noticias\/wp-content\/uploads\/2020\/06\/connection-4884862_640.jpg","width":640,"height":436,"caption":"covid-19"},"datePublished":"2021-02-16T14:42:52+01:00","dateModified":"2021-02-16T14:42:52+01:00","inLanguage":"es-ES","mainEntityOfPage":{"@id":"https:\/\/candas365.es\/noticias\/covid-19-carreno-seguira-en-nivel-4\/#webpage"},"isPartOf":{"@id":"https:\/\/candas365.es\/noticias\/covid-19-carreno-seguira-en-nivel-4\/#webpage"},"articleSection":"Destacadas, Noticias Carre\u00f1o","dateline":"Publicado el febrero 16, 2021."},{"@type":"Organization","@id":"https:\/\/candas365.es\/noticias\/#organization","name":"Cand\u00e1s 365","description":"Cand\u00e1s 365 es un diario digital independiente, fundado en 2012, con base en Asturias. Informamos con rigor sobre actualidad, sociedad, cultura y ocio, con una mirada local y global.","url":"https:\/\/candas365.es\/noticias\/","email":"info@candas365.es","telephone":"+34652131393","foundingDate":"2012-06-10","logo":{"@type":"ImageObject","url":"https:\/\/candas365.es\/noticias\/wp-content\/uploads\/2024\/09\/Candas-365-Redes.jpg","@id":"https:\/\/candas365.es\/noticias\/covid-19-carreno-seguira-en-nivel-4\/#organizationLogo","width":1152,"height":864,"caption":"Cand\u00e1s 365 Redes"},"image":{"@id":"https:\/\/candas365.es\/noticias\/covid-19-carreno-seguira-en-nivel-4\/#organizationLogo"},"sameAs":["https:\/\/www.facebook.com\/Nachofdezber","https:\/\/x.com\/NabercoDigital","https:\/\/www.instagram.com\/nachofdezber\/","https:\/\/www.youtube.com\/channel\/UCZP-2wLEB9Rv6erhFmqVnvg"],"address":{"@id":"https:\/\/candas365.es\/noticias\/#postaladdress","@type":"PostalAddress","streetAddress":"san antonio 4, san antonio 4","postalCode":"33430","addressLocality":"Cand\u00e1s","addressRegion":"Asturias","addressCountry":"ES"}},{"@type":"Person","@id":"https:\/\/candas365.es\/noticias\/author\/admin\/#author","url":"https:\/\/candas365.es\/noticias\/author\/admin\/","name":"Cand\u00e1s 365","image":{"@type":"ImageObject","@id":"https:\/\/candas365.es\/noticias\/covid-19-carreno-seguira-en-nivel-4\/#authorImage","url":"https:\/\/secure.gravatar.com\/avatar\/496a8e03d0c493ede1718b7934145dbdf8d89be1036b0eec9544e1094c9de390?s=96&d=mm&r=g","width":96,"height":96,"caption":"Cand\u00e1s 365"},"sameAs":["https:\/\/www.facebook.com\/carrenoactualidad","https:\/\/twitter.com\/nbasturias","https:\/\/www.instagram.com\/nachofdezber\/","https:\/\/www.youtube.com\/channel\/UCZP-2wLEB9Rv6erhFmqVnvg"]},{"@type":"WebPage","@id":"https:\/\/candas365.es\/noticias\/covid-19-carreno-seguira-en-nivel-4\/#webpage","url":"https:\/\/candas365.es\/noticias\/covid-19-carreno-seguira-en-nivel-4\/","name":"Covid-19: Carre\u00f1o seguir\u00e1 en nivel 4+ | Cand\u00e1s 365","description":"En cuanto al Concejo de Carre\u00f1o, las incidencias a 14 d\u00edas contin\u00faan en valores elevados, por encima de 600 casos por 100.000 habitantes en la tasa globalLa Consejer\u00eda de Salud ha constatado la mejor\u00eda de la situaci\u00f3n epidemiol\u00f3gica de Cangas del Narcea, que saldr\u00e1 a las 00:00 horas del jueves, 18 de febrero, de la situaci\u00f3n de m\u00e1ximo riesgo (4+) por coronavirus tras 26 d\u00edas con medidas restrictivas. En Cangas del Narcea no se han registrado casos en los \u00faltimos cuatro","inLanguage":"es-ES","isPartOf":{"@id":"https:\/\/candas365.es\/noticias\/#website"},"breadcrumb":{"@id":"https:\/\/candas365.es\/noticias\/covid-19-carreno-seguira-en-nivel-4\/#breadcrumblist"},"author":{"@id":"https:\/\/candas365.es\/noticias\/author\/admin\/#author"},"creator":{"@id":"https:\/\/candas365.es\/noticias\/author\/admin\/#author"},"image":{"@type":"ImageObject","url":"https:\/\/candas365.es\/noticias\/wp-content\/uploads\/2020\/06\/connection-4884862_640.jpg","@id":"https:\/\/candas365.es\/noticias\/covid-19-carreno-seguira-en-nivel-4\/#mainImage","width":640,"height":436,"caption":"covid-19"},"primaryImageOfPage":{"@id":"https:\/\/candas365.es\/noticias\/covid-19-carreno-seguira-en-nivel-4\/#mainImage"},"datePublished":"2021-02-16T14:42:52+01:00","dateModified":"2021-02-16T14:42:52+01:00"},{"@type":"WebSite","@id":"https:\/\/candas365.es\/noticias\/#website","url":"https:\/\/candas365.es\/noticias\/","name":"Cand\u00e1s 365","alternateName":"Cand\u00e1s 365 Noticias","description":"Actualidad desde Carre\u00f1o para el mundo","inLanguage":"es-ES","publisher":{"@id":"https:\/\/candas365.es\/noticias\/#organization"}}]},"og:locale":"es_ES","og:site_name":"Cand\u00e1s 365","og:type":"article","og:title":"Covid-19: Carre\u00f1o seguir\u00e1 en nivel 4+ | Cand\u00e1s 365","og:description":"En cuanto al Concejo de Carre\u00f1o, las incidencias a 14 d\u00edas contin\u00faan en valores elevados, por encima de 600 casos por 100.000 habitantes en la tasa globalLa Consejer\u00eda de Salud ha constatado la mejor\u00eda de la situaci\u00f3n epidemiol\u00f3gica de Cangas del Narcea, que saldr\u00e1 a las 00:00 horas del jueves, 18 de febrero, de la situaci\u00f3n de m\u00e1ximo riesgo (4+) por coronavirus tras 26 d\u00edas con medidas restrictivas. En Cangas del Narcea no se han registrado casos en los \u00faltimos cuatro","og:url":"https:\/\/candas365.es\/noticias\/covid-19-carreno-seguira-en-nivel-4\/","og:image":"https:\/\/candas365.es\/noticias\/wp-content\/uploads\/2020\/06\/connection-4884862_640.jpg","og:image:secure_url":"https:\/\/candas365.es\/noticias\/wp-content\/uploads\/2020\/06\/connection-4884862_640.jpg","og:image:width":640,"og:image:height":436,"article:published_time":"2021-02-16T14:42:52+00:00","article:modified_time":"2021-02-16T14:42:52+00:00","article:publisher":"https:\/\/www.facebook.com\/Nachofdezber","article:author":"https:\/\/www.facebook.com\/carrenoactualidad","twitter:card":"summary_large_image","twitter:site":"@NabercoDigital","twitter:title":"Covid-19: Carre\u00f1o seguir\u00e1 en nivel 4+ | Cand\u00e1s 365","twitter:description":"En cuanto al Concejo de Carre\u00f1o, las incidencias a 14 d\u00edas contin\u00faan en valores elevados, por encima de 600 casos por 100.000 habitantes en la tasa globalLa Consejer\u00eda de Salud ha constatado la mejor\u00eda de la situaci\u00f3n epidemiol\u00f3gica de Cangas del Narcea, que saldr\u00e1 a las 00:00 horas del jueves, 18 de febrero, de la situaci\u00f3n de m\u00e1ximo riesgo (4+) por coronavirus tras 26 d\u00edas con medidas restrictivas. En Cangas del Narcea no se han registrado casos en los \u00faltimos cuatro","twitter:creator":"@nbasturias","twitter:image":"https:\/\/candas365.es\/noticias\/wp-content\/uploads\/2020\/06\/connection-4884862_640.jpg","twitter:label1":"Escrito por","twitter:data1":"Cand\u00e1s 365","twitter:label2":"Tiempo de lectura estimado","twitter:data2":"1 minuto"},"aioseo_meta_data":{"post_id":"151551","title":null,"description":"En cuanto al Concejo de Carre\u00f1o, las incidencias a 14 d\u00edas contin\u00faan en valores elevados, por encima de 600 casos por 100.000 habitantes en la tasa global#post_excerpt","keywords":[{"label":"Covid-19","value":"Covid-19"},{"label":" Carre\u00f1o","value":" Carre\u00f1o"}],"keyphrases":{"focus":[],"additional":[]},"primary_term":null,"canonical_url":null,"og_title":null,"og_description":null,"og_object_type":"default","og_image_type":"default","og_image_url":null,"og_image_width":null,"og_image_height":null,"og_image_custom_url":null,"og_image_custom_fields":null,"og_video":"","og_custom_url":null,"og_article_section":null,"og_article_tags":[],"twitter_use_og":false,"twitter_card":"default","twitter_image_type":"default","twitter_image_url":null,"twitter_image_custom_url":null,"twitter_image_custom_fields":null,"twitter_title":null,"twitter_description":null,"schema":{"blockGraphs":[],"customGraphs":[],"default":{"data":{"Article":[],"Course":[],"Dataset":[],"FAQPage":[],"Movie":[],"Person":[],"Product":[],"ProductReview":[],"Car":[],"Recipe":[],"Service":[],"SoftwareApplication":[],"WebPage":[]},"graphName":"","isEnabled":true},"graphs":[],"defaultGraph":"Article","defaultPostTypeGraph":""},"schema_type":"default","schema_type_options":"{\"article\":{\"articleType\":\"BlogPosting\"},\"course\":{\"name\":\"\",\"description\":\"\",\"provider\":\"\"},\"faq\":{\"pages\":[]},\"product\":{\"reviews\":[]},\"recipe\":{\"ingredients\":[],\"instructions\":[],\"keywords\":[]},\"software\":{\"reviews\":[],\"operatingSystems\":[]},\"webPage\":{\"webPageType\":\"WebPage\"}}","pillar_content":false,"robots_default":true,"robots_noindex":false,"robots_noarchive":false,"robots_nosnippet":false,"robots_nofollow":false,"robots_noimageindex":false,"robots_noodp":false,"robots_notranslate":false,"robots_max_snippet":"-1","robots_max_videopreview":"-1","robots_max_imagepreview":"large","priority":null,"frequency":"default","location":null,"local_seo":{"businessInfo":{"name":"","urls":{"website":"","aboutPage":"","contactPage":""},"address":{"line1":"","line2":"","zip":"","city":"","state":"","country":""},"contact":{"email":"","phone":"","fax":""},"ids":{"vatID":"","taxID":"","chamberID":""},"payment":{"priceIndication":"","currenciesAccepted":"","methodsAccepted":""},"areaServed":""},"openingHours":{"show":false,"closedLabel":"","open24h":false,"open24hLabel":"","open247":false,"use24hFormat":false,"twoSets":false,"timezone":"","hours":[]}},"seo_analyzer_scan_date":"2025-08-31 17:23:08","breadcrumb_settings":null,"limit_modified_date":false,"reviewed_by":null,"open_ai":null,"ai":null,"created":"2021-02-16 14:38:52","updated":"2025-08-31 17:23:08"},"aioseo_breadcrumb":"<div class=\"aioseo-breadcrumbs\"><span class=\"aioseo-breadcrumb\">\n\t<a href=\"https:\/\/candas365.es\/noticias\" title=\"Home\">Home<\/a>\n<\/span><span class=\"aioseo-breadcrumb-separator\">&ndash;<\/span><span class=\"aioseo-breadcrumb\">\n\t<a href=\"https:\/\/candas365.es\/noticias\/category\/noticias-carreno\/\" title=\"Noticias Carre\u00f1o\">Noticias Carre\u00f1o<\/a>\n<\/span><span class=\"aioseo-breadcrumb-separator\">&ndash;<\/span><span class=\"aioseo-breadcrumb\">\n\tCovid-19: Carre\u00f1o seguir\u00e1 en nivel 4+\n<\/span><\/div>","aioseo_breadcrumb_json":[{"label":"Home","link":"https:\/\/candas365.es\/noticias"},{"label":"Noticias Carre\u00f1o","link":"https:\/\/candas365.es\/noticias\/category\/noticias-carreno\/"},{"label":"Covid-19: Carre\u00f1o seguir\u00e1 en nivel 4+","link":"https:\/\/candas365.es\/noticias\/covid-19-carreno-seguira-en-nivel-4\/"}],"_links":{"self":[{"href":"https:\/\/candas365.es\/noticias\/wp-json\/wp\/v2\/posts\/151551","targetHints":{"allow":["GET"]}}],"collection":[{"href":"https:\/\/candas365.es\/noticias\/wp-json\/wp\/v2\/posts"}],"about":[{"href":"https:\/\/candas365.es\/noticias\/wp-json\/wp\/v2\/types\/post"}],"author":[{"embeddable":true,"href":"https:\/\/candas365.es\/noticias\/wp-json\/wp\/v2\/users\/1"}],"replies":[{"embeddable":true,"href":"https:\/\/candas365.es\/noticias\/wp-json\/wp\/v2\/comments?post=151551"}],"version-history":[{"count":0,"href":"https:\/\/candas365.es\/noticias\/wp-json\/wp\/v2\/posts\/151551\/revisions"}],"wp:featuredmedia":[{"embeddable":true,"href":"https:\/\/candas365.es\/noticias\/wp-json\/wp\/v2\/media\/143623"}],"wp:attachment":[{"href":"https:\/\/candas365.es\/noticias\/wp-json\/wp\/v2\/media?parent=151551"}],"wp:term":[{"taxonomy":"category","embeddable":true,"href":"https:\/\/candas365.es\/noticias\/wp-json\/wp\/v2\/categories?post=151551"},{"taxonomy":"post_tag","embeddable":true,"href":"https:\/\/candas365.es\/noticias\/wp-json\/wp\/v2\/tags?post=151551"}],"curies":[{"name":"wp","href":"https:\/\/api.w.org\/{rel}","templated":true}]}}